{"id":47058,"date":"2026-04-23T17:41:27","date_gmt":"2026-04-23T15:41:27","guid":{"rendered":"https:\/\/gardeon.pl\/blog\/garaz-dwustanowiskowy-58-x-52-m\/"},"modified":"2026-04-23T17:41:27","modified_gmt":"2026-04-23T15:41:27","slug":"garaz-dwustanowiskowy-58-x-52-m","status":"publish","type":"post","link":"https:\/\/gardeon.pl\/pl\/blog\/garaz-dwustanowiskowy-58-x-52-m\/","title":{"rendered":"Gara\u017c dwustanowiskowy 5,8 x 5,2 m"},"content":{"rendered":"<h2><b>Jak to si\u0119 wszystko zacz\u0119\u0142o?<\/b><\/h2>\n<p><span style=\"font-weight: 400;\">Pan \u00c1d\u00e1m skontaktowa\u0142 si\u0119 z nami w kwietniu, m\u00f3wi\u0105c, \u017ce chcia\u0142by <\/span><a href=\"https:\/\/gardeon.pl\/garaze\/\"><span style=\"font-weight: 400;\">gara\u017c<\/span><\/a><span style=\"font-weight: 400;\">.<\/span><\/p>\n<p><!--more--><\/p>\n<p><span style=\"font-weight: 400;\">Pan \u00c1d\u00e1m znalaz\u0142 nas w internecie, wcze\u015bniej nigdy nie widzia\u0142 naszych konstrukcji na \u017cywo. Przygotowali\u015bmy dla niego r\u00f3wnie\u017c <\/span><a href=\"https:\/\/gardeon.pl\/garaze\/sluzby\/stavebni-povoleni\/\"><span style=\"font-weight: 400;\">dokumentacj\u0119 projektow\u0105<\/span><\/a><span style=\"font-weight: 400;\">.<\/span><\/p>\n<h3><b>Opinia \u015bwie\u017co po monta\u017cu<\/b><\/h3>\n<p><i><span style=\"font-weight: 400;\">\u201eKomunikacja by\u0142a na bardzo dobrym poziomie. Szybka i jasna. Pracownicy, mimo niesprzyjaj\u0105cej pogody (temperatura poni\u017cej zera, a nast\u0119pnie b\u0142oto wok\u00f3\u0142 budowy), pracowali jak pszcz\u00f3\u0142ki. Wykonali \u015bwietn\u0105 i, ku mojemu zaskoczeniu, szybk\u0105 prac\u0119. Mam dw\u00f3ch nowych s\u0105siad\u00f3w, kt\u00f3rzy byli zdziwieni, jak szybko gara\u017c zosta\u0142 postawiony. Jeden z nich powiedzia\u0142 mi dos\u0142ownie, \u017ce on budowa\u0142 gara\u017c dwa lata, a ja mia\u0142em go gotowego w \u201e10 minut\u201d.\u201d     <\/span><\/i><\/p>\n<h2><b>A jakie s\u0105 jego wra\u017cenia z perspektywy czasu?<\/b><\/h2>\n<p><i><span style=\"font-weight: 400;\">\u201eOtoczenie gara\u017cu nie jest jeszcze uko\u0144czone. Korona troch\u0119 nas spowolni\u0142a :-). Je\u015bli chodzi o sam gara\u017c, jeste\u015bmy z niego zadowoleni. Pytali o niego ju\u017c nawet zupe\u0142nie obcy ludzie, wi\u0119c podoba si\u0119 tak\u017ce przechodniom.\u201d   <\/span><\/i><\/p>\n<h3><b>Zdj\u0119cia cz\u0119\u015bci zewn\u0119trznej<\/b><\/h3>\n<h4><b>Przed<\/b><\/h4>\n<p><a href=\"http:\/\/gardeon.pl\/wp-content\/uploads\/2021\/01\/GARDEON-foto-od-zakaznikov-173.jpg\"><img loading=\"lazy\" decoding=\"async\" class=\"aligncenter wp-image-29914\" src=\"http:\/\/gardeon.pl\/wp-content\/uploads\/2021\/01\/GARDEON-foto-od-zakaznikov-173.jpg\" alt=\"Pies i kot na przygotowanym pod\u0142o\u017cu pod budow\u0119 gara\u017cu\" width=\"800\" height=\"600\" srcset=\"https:\/\/gardeon.pl\/wp-content\/uploads\/2021\/01\/GARDEON-foto-od-zakaznikov-173.jpg 1500w, https:\/\/gardeon.pl\/wp-content\/uploads\/2021\/01\/GARDEON-foto-od-zakaznikov-173-300x225.jpg 300w, https:\/\/gardeon.pl\/wp-content\/uploads\/2021\/01\/GARDEON-foto-od-zakaznikov-173-1024x768.jpg 1024w, https:\/\/gardeon.pl\/wp-content\/uploads\/2021\/01\/GARDEON-foto-od-zakaznikov-173-768x576.jpg 768w\" sizes=\"auto, (max-width: 800px) 100vw, 800px\" \/><\/a><\/p>\n<h4>Po<\/h4>\n<p><a href=\"http:\/\/gardeon.pl\/wp-content\/uploads\/2021\/01\/GARDEON-foto-od-zakaznikov-174.jpg\"><img loading=\"lazy\" decoding=\"async\" class=\"aligncenter wp-image-29918\" src=\"http:\/\/gardeon.pl\/wp-content\/uploads\/2021\/01\/GARDEON-foto-od-zakaznikov-174.jpg\" alt=\"Samoch\u00f3d przed gara\u017cem\" width=\"800\" height=\"600\" srcset=\"https:\/\/gardeon.pl\/wp-content\/uploads\/2021\/01\/GARDEON-foto-od-zakaznikov-174.jpg 1500w, https:\/\/gardeon.pl\/wp-content\/uploads\/2021\/01\/GARDEON-foto-od-zakaznikov-174-300x225.jpg 300w, https:\/\/gardeon.pl\/wp-content\/uploads\/2021\/01\/GARDEON-foto-od-zakaznikov-174-1024x768.jpg 1024w, https:\/\/gardeon.pl\/wp-content\/uploads\/2021\/01\/GARDEON-foto-od-zakaznikov-174-768x576.jpg 768w\" sizes=\"auto, (max-width: 800px) 100vw, 800px\" \/><\/a><\/p>\n<h3><b>Zdj\u0119cia wn\u0119trza<\/b><\/h3>\n<p><a href=\"http:\/\/gardeon.pl\/wp-content\/uploads\/2021\/01\/GARDEON-foto-od-zakaznikov-175.jpg\"><img loading=\"lazy\" decoding=\"async\" class=\"aligncenter wp-image-29916\" src=\"http:\/\/gardeon.pl\/wp-content\/uploads\/2021\/01\/GARDEON-foto-od-zakaznikov-175.jpg\" alt=\"Samoch\u00f3d przed otwartym gara\u017cem z autem i rowerami\" width=\"800\" height=\"600\" srcset=\"https:\/\/gardeon.pl\/wp-content\/uploads\/2021\/01\/GARDEON-foto-od-zakaznikov-175.jpg 1500w, https:\/\/gardeon.pl\/wp-content\/uploads\/2021\/01\/GARDEON-foto-od-zakaznikov-175-300x225.jpg 300w, https:\/\/gardeon.pl\/wp-content\/uploads\/2021\/01\/GARDEON-foto-od-zakaznikov-175-1024x768.jpg 1024w, https:\/\/gardeon.pl\/wp-content\/uploads\/2021\/01\/GARDEON-foto-od-zakaznikov-175-768x576.jpg 768w\" sizes=\"auto, (max-width: 800px) 100vw, 800px\" \/><\/a><\/p>\n<p><a href=\"http:\/\/gardeon.pl\/wp-content\/uploads\/2021\/01\/GARDEON-foto-od-zakaznikov-176.jpg\"><img loading=\"lazy\" decoding=\"async\" class=\"aligncenter wp-image-29920\" src=\"http:\/\/gardeon.pl\/wp-content\/uploads\/2021\/01\/GARDEON-foto-od-zakaznikov-176.jpg\" alt=\"Samoch\u00f3d przed otwartym gara\u017cem z autem\" width=\"800\" height=\"600\" srcset=\"https:\/\/gardeon.pl\/wp-content\/uploads\/2021\/01\/GARDEON-foto-od-zakaznikov-176.jpg 1500w, https:\/\/gardeon.pl\/wp-content\/uploads\/2021\/01\/GARDEON-foto-od-zakaznikov-176-300x225.jpg 300w, https:\/\/gardeon.pl\/wp-content\/uploads\/2021\/01\/GARDEON-foto-od-zakaznikov-176-1024x768.jpg 1024w, https:\/\/gardeon.pl\/wp-content\/uploads\/2021\/01\/GARDEON-foto-od-zakaznikov-176-768x576.jpg 768w\" sizes=\"auto, (max-width: 800px) 100vw, 800px\" \/><\/a><\/p>\n<h2><b>Podsumowanie<\/b><\/h2>\n<ul>\n<li style=\"font-weight: 400;\" aria-level=\"1\"><span style=\"font-weight: 400;\">czas budowy \u2013 5,5 godziny<\/span><\/li>\n<li style=\"font-weight: 400;\" aria-level=\"1\"><span style=\"font-weight: 400;\">wymiary gara\u017cu \u2013 5 800 x 5 200 mm<\/span><\/li>\n<li style=\"font-weight: 400;\" aria-level=\"1\"><span style=\"font-weight: 400;\">wyposa\u017cenie ekskluzywne \u2013 <\/span><a href=\"https:\/\/gardeon.pl\/garaze\/prislusenstvi\/strecha\/\"><span style=\"font-weight: 400;\">ATK dripstop<\/span><\/a><\/li>\n<li style=\"font-weight: 400;\" aria-level=\"1\"><span style=\"font-weight: 400;\">cena gara\u017cu w momencie zam\u00f3wienia \u2013 ok. 200 000 CZK z VAT<\/span><\/li>\n<\/ul>\n<p><span style=\"font-weight: 400;\"> <\/span><\/p>\n<h3 style=\"text-align: center;\"><b>Dzi\u0119kujemy panu \u00c1d\u00e1mowi za opini\u0119 i zdj\u0119cia :)<\/b><\/h3>\n","protected":false},"excerpt":{"rendered":"<p>Jak to si\u0119 wszystko zacz\u0119\u0142o? Pan \u00c1d\u00e1m skontaktowa\u0142 si\u0119 z nami w kwietniu, m\u00f3wi\u0105c, \u017ce chcia\u0142by gara\u017c.<\/p>\n","protected":false},"author":2,"featured_media":47061,"comment_status":"open","ping_status":"open","sticky":false,"template":"","format":"standard","meta":{"_acf_changed":false,"inline_featured_image":false,"footnotes":""},"categories":[770,716],"tags":[776,587,581,650,579,777,802],"class_list":["post-47058","post","type-post","status-publish","format-standard","has-post-thumbnail","hentry","category-garaze","category-jak-sie-zyje-z-gardeon","tag-aszsg","tag-brama-garazowa","tag-garaz","tag-garaz-gardeon-2","tag-gardeon","tag-jak-sie-zyje-z-gardeonem","tag-rozniawa"],"acf":[],"yoast_head":"<!-- This site is optimized with the Yoast SEO plugin v27.4 - https:\/\/yoast.com\/product\/yoast-seo-wordpress\/ -->\n<title>Gara\u017c dwustanowiskowy 5,8 x 5,2 m | GARDEON<\/title>\n<meta name=\"robots\" content=\"index, follow, max-snippet:-1, max-image-preview:large, max-video-preview:-1\" \/>\n<link rel=\"canonical\" href=\"https:\/\/gardeon.pl\/pl\/blog\/garaz-dwustanowiskowy-58-x-52-m\/\" \/>\n<meta property=\"og:locale\" content=\"pl_PL\" \/>\n<meta property=\"og:type\" content=\"article\" \/>\n<meta property=\"og:title\" content=\"Gara\u017c dwustanowiskowy 5,8 x 5,2 m | GARDEON\" \/>\n<meta property=\"og:description\" content=\"Jak to si\u0119 wszystko zacz\u0119\u0142o? Pan \u00c1d\u00e1m skontaktowa\u0142 si\u0119 z nami w kwietniu, m\u00f3wi\u0105c, \u017ce chcia\u0142by gara\u017c.\" \/>\n<meta property=\"og:url\" content=\"https:\/\/gardeon.pl\/pl\/blog\/garaz-dwustanowiskowy-58-x-52-m\/\" \/>\n<meta property=\"og:site_name\" content=\"GARDEON\" \/>\n<meta property=\"article:published_time\" content=\"2026-04-23T15:41:27+00:00\" \/>\n<meta property=\"og:image\" content=\"https:\/\/gardeon.pl\/wp-content\/uploads\/2021\/01\/GARDEON-foto-od-zakaznikov-175.jpg\" \/>\n\t<meta property=\"og:image:width\" content=\"1500\" \/>\n\t<meta property=\"og:image:height\" content=\"1125\" \/>\n\t<meta property=\"og:image:type\" content=\"image\/jpeg\" \/>\n<meta name=\"author\" content=\"editor\" \/>\n<meta name=\"twitter:card\" content=\"summary_large_image\" \/>\n<meta name=\"twitter:label1\" content=\"Napisane przez\" \/>\n\t<meta name=\"twitter:data1\" content=\"editor\" \/>\n\t<meta name=\"twitter:label2\" content=\"Szacowany czas czytania\" \/>\n\t<meta name=\"twitter:data2\" content=\"1 minuta\" \/>\n<script type=\"application\/ld+json\" class=\"yoast-schema-graph\">{\"@context\":\"https:\\\/\\\/schema.org\",\"@graph\":[{\"@type\":\"Article\",\"@id\":\"https:\\\/\\\/gardeon.pl\\\/pl\\\/blog\\\/garaz-dwustanowiskowy-58-x-52-m\\\/#article\",\"isPartOf\":{\"@id\":\"https:\\\/\\\/gardeon.pl\\\/pl\\\/blog\\\/garaz-dwustanowiskowy-58-x-52-m\\\/\"},\"author\":{\"name\":\"editor\",\"@id\":\"https:\\\/\\\/gardeon.pl\\\/#\\\/schema\\\/person\\\/a5762ca5f0790bf92774af0899379463\"},\"headline\":\"Gara\u017c dwustanowiskowy 5,8 x 5,2 m\",\"datePublished\":\"2026-04-23T15:41:27+00:00\",\"mainEntityOfPage\":{\"@id\":\"https:\\\/\\\/gardeon.pl\\\/pl\\\/blog\\\/garaz-dwustanowiskowy-58-x-52-m\\\/\"},\"wordCount\":228,\"commentCount\":0,\"image\":{\"@id\":\"https:\\\/\\\/gardeon.pl\\\/pl\\\/blog\\\/garaz-dwustanowiskowy-58-x-52-m\\\/#primaryimage\"},\"thumbnailUrl\":\"https:\\\/\\\/gardeon.pl\\\/wp-content\\\/uploads\\\/2021\\\/01\\\/GARDEON-foto-od-zakaznikov-175.jpg\",\"keywords\":[\"aszsg\",\"brama gara\u017cowa\",\"gara\u017c\",\"gara\u017c gardeon\",\"GARDEON\",\"jak si\u0119 \u017cyje z gardeonem\",\"Ro\u017cniawa\"],\"articleSection\":[\"Gara\u017ce\",\"Jak si\u0119 \u017cyje z GARDEON\"],\"inLanguage\":\"pl-PL\",\"potentialAction\":[{\"@type\":\"CommentAction\",\"name\":\"Comment\",\"target\":[\"https:\\\/\\\/gardeon.pl\\\/pl\\\/blog\\\/garaz-dwustanowiskowy-58-x-52-m\\\/#respond\"]}]},{\"@type\":\"WebPage\",\"@id\":\"https:\\\/\\\/gardeon.pl\\\/pl\\\/blog\\\/garaz-dwustanowiskowy-58-x-52-m\\\/\",\"url\":\"https:\\\/\\\/gardeon.pl\\\/pl\\\/blog\\\/garaz-dwustanowiskowy-58-x-52-m\\\/\",\"name\":\"Gara\u017c dwustanowiskowy 5,8 x 5,2 m | GARDEON\",\"isPartOf\":{\"@id\":\"https:\\\/\\\/gardeon.pl\\\/#website\"},\"primaryImageOfPage\":{\"@id\":\"https:\\\/\\\/gardeon.pl\\\/pl\\\/blog\\\/garaz-dwustanowiskowy-58-x-52-m\\\/#primaryimage\"},\"image\":{\"@id\":\"https:\\\/\\\/gardeon.pl\\\/pl\\\/blog\\\/garaz-dwustanowiskowy-58-x-52-m\\\/#primaryimage\"},\"thumbnailUrl\":\"https:\\\/\\\/gardeon.pl\\\/wp-content\\\/uploads\\\/2021\\\/01\\\/GARDEON-foto-od-zakaznikov-175.jpg\",\"datePublished\":\"2026-04-23T15:41:27+00:00\",\"author\":{\"@id\":\"https:\\\/\\\/gardeon.pl\\\/#\\\/schema\\\/person\\\/a5762ca5f0790bf92774af0899379463\"},\"breadcrumb\":{\"@id\":\"https:\\\/\\\/gardeon.pl\\\/pl\\\/blog\\\/garaz-dwustanowiskowy-58-x-52-m\\\/#breadcrumb\"},\"inLanguage\":\"pl-PL\",\"potentialAction\":[{\"@type\":\"ReadAction\",\"target\":[\"https:\\\/\\\/gardeon.pl\\\/pl\\\/blog\\\/garaz-dwustanowiskowy-58-x-52-m\\\/\"]}]},{\"@type\":\"ImageObject\",\"inLanguage\":\"pl-PL\",\"@id\":\"https:\\\/\\\/gardeon.pl\\\/pl\\\/blog\\\/garaz-dwustanowiskowy-58-x-52-m\\\/#primaryimage\",\"url\":\"https:\\\/\\\/gardeon.pl\\\/wp-content\\\/uploads\\\/2021\\\/01\\\/GARDEON-foto-od-zakaznikov-175.jpg\",\"contentUrl\":\"https:\\\/\\\/gardeon.pl\\\/wp-content\\\/uploads\\\/2021\\\/01\\\/GARDEON-foto-od-zakaznikov-175.jpg\",\"width\":1500,\"height\":1125,\"caption\":\"Samoch\u00f3d przed otwartym gara\u017cem z autem i rowerami\"},{\"@type\":\"BreadcrumbList\",\"@id\":\"https:\\\/\\\/gardeon.pl\\\/pl\\\/blog\\\/garaz-dwustanowiskowy-58-x-52-m\\\/#breadcrumb\",\"itemListElement\":[{\"@type\":\"ListItem\",\"position\":1,\"name\":\"Domov\",\"item\":\"https:\\\/\\\/gardeon.pl\\\/pl\\\/\"},{\"@type\":\"ListItem\",\"position\":2,\"name\":\"Gara\u017c dwustanowiskowy 5,8 x 5,2 m\"}]},{\"@type\":\"WebSite\",\"@id\":\"https:\\\/\\\/gardeon.pl\\\/#website\",\"url\":\"https:\\\/\\\/gardeon.pl\\\/\",\"name\":\"GARDEON\",\"description\":\"\",\"potentialAction\":[{\"@type\":\"SearchAction\",\"target\":{\"@type\":\"EntryPoint\",\"urlTemplate\":\"https:\\\/\\\/gardeon.pl\\\/?s={search_term_string}\"},\"query-input\":{\"@type\":\"PropertyValueSpecification\",\"valueRequired\":true,\"valueName\":\"search_term_string\"}}],\"inLanguage\":\"pl-PL\"},{\"@type\":\"Person\",\"@id\":\"https:\\\/\\\/gardeon.pl\\\/#\\\/schema\\\/person\\\/a5762ca5f0790bf92774af0899379463\",\"name\":\"editor\",\"image\":{\"@type\":\"ImageObject\",\"inLanguage\":\"pl-PL\",\"@id\":\"https:\\\/\\\/secure.gravatar.com\\\/avatar\\\/2b748151c2c748327307fd289a91b3bdafdd9e64e2d000e65e53d6dcf11c5830?s=96&d=mm&r=g\",\"url\":\"https:\\\/\\\/secure.gravatar.com\\\/avatar\\\/2b748151c2c748327307fd289a91b3bdafdd9e64e2d000e65e53d6dcf11c5830?s=96&d=mm&r=g\",\"contentUrl\":\"https:\\\/\\\/secure.gravatar.com\\\/avatar\\\/2b748151c2c748327307fd289a91b3bdafdd9e64e2d000e65e53d6dcf11c5830?s=96&d=mm&r=g\",\"caption\":\"editor\"}}]}<\/script>\n<!-- \/ Yoast SEO plugin. -->","yoast_head_json":{"title":"Gara\u017c dwustanowiskowy 5,8 x 5,2 m | GARDEON","robots":{"index":"index","follow":"follow","max-snippet":"max-snippet:-1","max-image-preview":"max-image-preview:large","max-video-preview":"max-video-preview:-1"},"canonical":"https:\/\/gardeon.pl\/pl\/blog\/garaz-dwustanowiskowy-58-x-52-m\/","og_locale":"pl_PL","og_type":"article","og_title":"Gara\u017c dwustanowiskowy 5,8 x 5,2 m | GARDEON","og_description":"Jak to si\u0119 wszystko zacz\u0119\u0142o? Pan \u00c1d\u00e1m skontaktowa\u0142 si\u0119 z nami w kwietniu, m\u00f3wi\u0105c, \u017ce chcia\u0142by gara\u017c.","og_url":"https:\/\/gardeon.pl\/pl\/blog\/garaz-dwustanowiskowy-58-x-52-m\/","og_site_name":"GARDEON","article_published_time":"2026-04-23T15:41:27+00:00","og_image":[{"width":1500,"height":1125,"url":"https:\/\/gardeon.pl\/wp-content\/uploads\/2021\/01\/GARDEON-foto-od-zakaznikov-175.jpg","type":"image\/jpeg"}],"author":"editor","twitter_card":"summary_large_image","twitter_misc":{"Napisane przez":"editor","Szacowany czas czytania":"1 minuta"},"schema":{"@context":"https:\/\/schema.org","@graph":[{"@type":"Article","@id":"https:\/\/gardeon.pl\/pl\/blog\/garaz-dwustanowiskowy-58-x-52-m\/#article","isPartOf":{"@id":"https:\/\/gardeon.pl\/pl\/blog\/garaz-dwustanowiskowy-58-x-52-m\/"},"author":{"name":"editor","@id":"https:\/\/gardeon.pl\/#\/schema\/person\/a5762ca5f0790bf92774af0899379463"},"headline":"Gara\u017c dwustanowiskowy 5,8 x 5,2 m","datePublished":"2026-04-23T15:41:27+00:00","mainEntityOfPage":{"@id":"https:\/\/gardeon.pl\/pl\/blog\/garaz-dwustanowiskowy-58-x-52-m\/"},"wordCount":228,"commentCount":0,"image":{"@id":"https:\/\/gardeon.pl\/pl\/blog\/garaz-dwustanowiskowy-58-x-52-m\/#primaryimage"},"thumbnailUrl":"https:\/\/gardeon.pl\/wp-content\/uploads\/2021\/01\/GARDEON-foto-od-zakaznikov-175.jpg","keywords":["aszsg","brama gara\u017cowa","gara\u017c","gara\u017c gardeon","GARDEON","jak si\u0119 \u017cyje z gardeonem","Ro\u017cniawa"],"articleSection":["Gara\u017ce","Jak si\u0119 \u017cyje z GARDEON"],"inLanguage":"pl-PL","potentialAction":[{"@type":"CommentAction","name":"Comment","target":["https:\/\/gardeon.pl\/pl\/blog\/garaz-dwustanowiskowy-58-x-52-m\/#respond"]}]},{"@type":"WebPage","@id":"https:\/\/gardeon.pl\/pl\/blog\/garaz-dwustanowiskowy-58-x-52-m\/","url":"https:\/\/gardeon.pl\/pl\/blog\/garaz-dwustanowiskowy-58-x-52-m\/","name":"Gara\u017c dwustanowiskowy 5,8 x 5,2 m | GARDEON","isPartOf":{"@id":"https:\/\/gardeon.pl\/#website"},"primaryImageOfPage":{"@id":"https:\/\/gardeon.pl\/pl\/blog\/garaz-dwustanowiskowy-58-x-52-m\/#primaryimage"},"image":{"@id":"https:\/\/gardeon.pl\/pl\/blog\/garaz-dwustanowiskowy-58-x-52-m\/#primaryimage"},"thumbnailUrl":"https:\/\/gardeon.pl\/wp-content\/uploads\/2021\/01\/GARDEON-foto-od-zakaznikov-175.jpg","datePublished":"2026-04-23T15:41:27+00:00","author":{"@id":"https:\/\/gardeon.pl\/#\/schema\/person\/a5762ca5f0790bf92774af0899379463"},"breadcrumb":{"@id":"https:\/\/gardeon.pl\/pl\/blog\/garaz-dwustanowiskowy-58-x-52-m\/#breadcrumb"},"inLanguage":"pl-PL","potentialAction":[{"@type":"ReadAction","target":["https:\/\/gardeon.pl\/pl\/blog\/garaz-dwustanowiskowy-58-x-52-m\/"]}]},{"@type":"ImageObject","inLanguage":"pl-PL","@id":"https:\/\/gardeon.pl\/pl\/blog\/garaz-dwustanowiskowy-58-x-52-m\/#primaryimage","url":"https:\/\/gardeon.pl\/wp-content\/uploads\/2021\/01\/GARDEON-foto-od-zakaznikov-175.jpg","contentUrl":"https:\/\/gardeon.pl\/wp-content\/uploads\/2021\/01\/GARDEON-foto-od-zakaznikov-175.jpg","width":1500,"height":1125,"caption":"Samoch\u00f3d przed otwartym gara\u017cem z autem i rowerami"},{"@type":"BreadcrumbList","@id":"https:\/\/gardeon.pl\/pl\/blog\/garaz-dwustanowiskowy-58-x-52-m\/#breadcrumb","itemListElement":[{"@type":"ListItem","position":1,"name":"Domov","item":"https:\/\/gardeon.pl\/pl\/"},{"@type":"ListItem","position":2,"name":"Gara\u017c dwustanowiskowy 5,8 x 5,2 m"}]},{"@type":"WebSite","@id":"https:\/\/gardeon.pl\/#website","url":"https:\/\/gardeon.pl\/","name":"GARDEON","description":"","potentialAction":[{"@type":"SearchAction","target":{"@type":"EntryPoint","urlTemplate":"https:\/\/gardeon.pl\/?s={search_term_string}"},"query-input":{"@type":"PropertyValueSpecification","valueRequired":true,"valueName":"search_term_string"}}],"inLanguage":"pl-PL"},{"@type":"Person","@id":"https:\/\/gardeon.pl\/#\/schema\/person\/a5762ca5f0790bf92774af0899379463","name":"editor","image":{"@type":"ImageObject","inLanguage":"pl-PL","@id":"https:\/\/secure.gravatar.com\/avatar\/2b748151c2c748327307fd289a91b3bdafdd9e64e2d000e65e53d6dcf11c5830?s=96&d=mm&r=g","url":"https:\/\/secure.gravatar.com\/avatar\/2b748151c2c748327307fd289a91b3bdafdd9e64e2d000e65e53d6dcf11c5830?s=96&d=mm&r=g","contentUrl":"https:\/\/secure.gravatar.com\/avatar\/2b748151c2c748327307fd289a91b3bdafdd9e64e2d000e65e53d6dcf11c5830?s=96&d=mm&r=g","caption":"editor"}}]}},"_links":{"self":[{"href":"https:\/\/gardeon.pl\/pl\/wp-json\/wp\/v2\/posts\/47058","targetHints":{"allow":["GET"]}}],"collection":[{"href":"https:\/\/gardeon.pl\/pl\/wp-json\/wp\/v2\/posts"}],"about":[{"href":"https:\/\/gardeon.pl\/pl\/wp-json\/wp\/v2\/types\/post"}],"author":[{"embeddable":true,"href":"https:\/\/gardeon.pl\/pl\/wp-json\/wp\/v2\/users\/2"}],"replies":[{"embeddable":true,"href":"https:\/\/gardeon.pl\/pl\/wp-json\/wp\/v2\/comments?post=47058"}],"version-history":[{"count":0,"href":"https:\/\/gardeon.pl\/pl\/wp-json\/wp\/v2\/posts\/47058\/revisions"}],"wp:featuredmedia":[{"embeddable":true,"href":"https:\/\/gardeon.pl\/pl\/wp-json\/wp\/v2\/media\/47061"}],"wp:attachment":[{"href":"https:\/\/gardeon.pl\/pl\/wp-json\/wp\/v2\/media?parent=47058"}],"wp:term":[{"taxonomy":"category","embeddable":true,"href":"https:\/\/gardeon.pl\/pl\/wp-json\/wp\/v2\/categories?post=47058"},{"taxonomy":"post_tag","embeddable":true,"href":"https:\/\/gardeon.pl\/pl\/wp-json\/wp\/v2\/tags?post=47058"}],"curies":[{"name":"wp","href":"https:\/\/api.w.org\/{rel}","templated":true}]}}