{"id":47059,"date":"2026-04-23T17:41:27","date_gmt":"2026-04-23T15:41:27","guid":{"rendered":"https:\/\/gardeon.pl\/blog\/domek-ogrodowy-35-x-21-m-z-wiata\/"},"modified":"2026-04-23T17:41:27","modified_gmt":"2026-04-23T15:41:27","slug":"domek-ogrodowy-35-x-21-m-z-wiata","status":"publish","type":"post","link":"https:\/\/gardeon.pl\/pl\/blog\/domek-ogrodowy-35-x-21-m-z-wiata\/","title":{"rendered":"Domek ogrodowy 3,5 x 2,1 m z wiat\u0105"},"content":{"rendered":"<h2><b>Jak to si\u0119 wszystko zacz\u0119\u0142o?<\/b><\/h2>\n<p><span style=\"font-weight: 400;\">Pani Pajchortov\u00e1 skontaktowa\u0142a si\u0119 z nami w lutym, m\u00f3wi\u0105c, \u017ce chcia\u0142aby <\/span><a href=\"https:\/\/gardeon.pl\/zahradni-domky\/\"><span style=\"font-weight: 400;\">domek ogrodowy<\/span><\/a><span style=\"font-weight: 400;\">.<\/span><\/p>\n<p><!--more--><\/p>\n<p><span style=\"font-weight: 400;\">Mieszka w nowym budynku na osiedlu, gdzie postawili\u015bmy ju\u017c kilka domk\u00f3w ogrodowych. Uzgodnili\u015bmy, \u017ce je\u015bli domek j\u0105 zainteresowa\u0142, nie ma problemu, aby posz\u0142a go obejrze\u0107 na \u017cywo. Chcia\u0142a zrealizowa\u0107 budow\u0119 domku ogrodowego ju\u017c w maju tego samego roku. Wyzna\u0142a nam, \u017ce szuka\u0142a ju\u017c naprawd\u0119 wielu domk\u00f3w ogrodowych, ale wszystkie wygl\u0105daj\u0105 staro \u2013 jak chatki, a to jej si\u0119 nie podoba. Doszli\u015bmy do porozumienia i zamontowali\u015bmy domek ju\u017c w czerwcu tego samego roku.    <\/span><\/p>\n<h3><b>Opinia \u015bwie\u017co po monta\u017cu<\/b><\/h3>\n<h3><img loading=\"lazy\" decoding=\"async\" class=\"aligncenter wp-image-30765\" src=\"http:\/\/gardeon.pl\/wp-content\/uploads\/2021\/02\/recenzia-gardeon-11.png\" alt=\"Opinia od zadowolonej klientki\" width=\"800\" height=\"248\" srcset=\"https:\/\/gardeon.pl\/wp-content\/uploads\/2021\/02\/recenzia-gardeon-11.png 963w, https:\/\/gardeon.pl\/wp-content\/uploads\/2021\/02\/recenzia-gardeon-11-300x93.png 300w, https:\/\/gardeon.pl\/wp-content\/uploads\/2021\/02\/recenzia-gardeon-11-768x238.png 768w\" sizes=\"auto, (max-width: 800px) 100vw, 800px\" \/><\/h3>\n<h2><b>A jakie s\u0105 jej wra\u017cenia z perspektywy czasu?<\/b><\/h2>\n<p><i><span style=\"font-weight: 400;\">\u201eJe\u015bli chodzi o zadowolenie z domku, jeste\u015bmy niezmiernie usatysfakcjonowani :) Ch\u0119tnie polecam Pa\u0144stwa znajomym, kt\u00f3rzy szukaj\u0105 czego\u015b podobnego \u2013 czy to domku, czy gara\u017cu\u201d.<\/span><\/i><\/p>\n<h3><b>Zdj\u0119cia cz\u0119\u015bci zewn\u0119trznej<\/b><\/h3>\n<h4><b>Przed<\/b><\/h4>\n<h4><img loading=\"lazy\" decoding=\"async\" class=\"aligncenter wp-image-30767\" src=\"http:\/\/gardeon.pl\/wp-content\/uploads\/2021\/02\/GARDEON-foto-od-zakaznikov-186.jpg\" alt=\"Pod\u0142o\u017ce pod domek ogrodowy\" width=\"800\" height=\"600\" srcset=\"https:\/\/gardeon.pl\/wp-content\/uploads\/2021\/02\/GARDEON-foto-od-zakaznikov-186.jpg 640w, https:\/\/gardeon.pl\/wp-content\/uploads\/2021\/02\/GARDEON-foto-od-zakaznikov-186-300x225.jpg 300w\" sizes=\"auto, (max-width: 800px) 100vw, 800px\" \/><\/h4>\n<h4>Po<\/h4>\n<h4><a href=\"http:\/\/gardeon.pl\/wp-content\/uploads\/2021\/02\/GARDEON-foto-od-zakaznikov-187.jpeg\"><img loading=\"lazy\" decoding=\"async\" class=\"aligncenter wp-image-30769\" src=\"http:\/\/gardeon.pl\/wp-content\/uploads\/2021\/02\/GARDEON-foto-od-zakaznikov-187.jpeg\" alt=\"Domek ogrodowy z wiat\u0105 i miejscem do siedzenia\" width=\"800\" height=\"600\" srcset=\"https:\/\/gardeon.pl\/wp-content\/uploads\/2021\/02\/GARDEON-foto-od-zakaznikov-187.jpeg 640w, https:\/\/gardeon.pl\/wp-content\/uploads\/2021\/02\/GARDEON-foto-od-zakaznikov-187-300x225.jpeg 300w\" sizes=\"auto, (max-width: 800px) 100vw, 800px\" \/><\/a><\/h4>\n<p><img loading=\"lazy\" decoding=\"async\" class=\"aligncenter wp-image-30771\" src=\"http:\/\/gardeon.pl\/wp-content\/uploads\/2021\/02\/GARDEON-foto-od-zakaznikov-188.jpeg\" alt=\"Domek ogrodowy z lampionami\" width=\"800\" height=\"600\" srcset=\"https:\/\/gardeon.pl\/wp-content\/uploads\/2021\/02\/GARDEON-foto-od-zakaznikov-188.jpeg 640w, https:\/\/gardeon.pl\/wp-content\/uploads\/2021\/02\/GARDEON-foto-od-zakaznikov-188-300x225.jpeg 300w\" sizes=\"auto, (max-width: 800px) 100vw, 800px\" \/><\/p>\n<p><img loading=\"lazy\" decoding=\"async\" class=\"aligncenter wp-image-30773\" src=\"http:\/\/gardeon.pl\/wp-content\/uploads\/2021\/02\/GARDEON-foto-od-zakaznikov-189.jpeg\" alt=\"Domek ogrodowy z wiat\u0105\" width=\"800\" height=\"600\" srcset=\"https:\/\/gardeon.pl\/wp-content\/uploads\/2021\/02\/GARDEON-foto-od-zakaznikov-189.jpeg 640w, https:\/\/gardeon.pl\/wp-content\/uploads\/2021\/02\/GARDEON-foto-od-zakaznikov-189-300x225.jpeg 300w\" sizes=\"auto, (max-width: 800px) 100vw, 800px\" \/><\/p>\n<p><img loading=\"lazy\" decoding=\"async\" class=\"aligncenter wp-image-30775\" src=\"http:\/\/gardeon.pl\/wp-content\/uploads\/2021\/02\/GARDEON-foto-od-zakaznikov-190.jpeg\" alt=\"Domek ogrodowy z wiat\u0105 z prawej strony\" width=\"800\" height=\"600\" srcset=\"https:\/\/gardeon.pl\/wp-content\/uploads\/2021\/02\/GARDEON-foto-od-zakaznikov-190.jpeg 640w, https:\/\/gardeon.pl\/wp-content\/uploads\/2021\/02\/GARDEON-foto-od-zakaznikov-190-300x225.jpeg 300w\" sizes=\"auto, (max-width: 800px) 100vw, 800px\" \/><\/p>\n<h2><b>Podsumowanie<\/b><\/h2>\n<ul>\n<li style=\"font-weight: 400;\" aria-level=\"1\"><span style=\"font-weight: 400;\">czas budowy \u2013 3 godziny<\/span><\/li>\n<li style=\"font-weight: 400;\" aria-level=\"1\"><span style=\"font-weight: 400;\">wymiary domku ogrodowego \u2013 3 500 x 2 100 mm + 2 000 x 2 100 mm<\/span><\/li>\n<li style=\"font-weight: 400;\" aria-level=\"1\"><span style=\"font-weight: 400;\">cena domku ogrodowego w momencie zam\u00f3wienia \u2013 ok. 90 000 CZK z VAT <\/span><\/li>\n<\/ul>\n<p><span style=\"font-weight: 400;\"> <\/span><\/p>\n<h3 style=\"text-align: center;\">Dzi\u0119kujemy pani Pajchortovej za opini\u0119 i zdj\u0119cia :)<\/h3>\n","protected":false},"excerpt":{"rendered":"<p>Jak to si\u0119 wszystko zacz\u0119\u0142o? Pani Pajchortov\u00e1 skontaktowa\u0142a si\u0119 z nami w lutym, m\u00f3wi\u0105c, \u017ce chcia\u0142aby domek ogrodowy.<\/p>\n","protected":false},"author":2,"featured_media":47064,"comment_status":"open","ping_status":"open","sticky":false,"template":"","format":"standard","meta":{"_acf_changed":false,"inline_featured_image":false,"footnotes":""},"categories":[717,716],"tags":[595,674,675,579,803,775,799,635],"class_list":["post-47059","post","type-post","status-publish","format-standard","has-post-thumbnail","hentry","category-domki-ogrodowe-2","category-jak-sie-zyje-z-gardeon","tag-domek-ogrodowy","tag-domek-ogrodowy-gardeon","tag-domek-ogrodowy-z-wiata","tag-gardeon","tag-maly-raj","tag-martin","tag-turczanski-dur","tag-zadaszenie"],"acf":[],"yoast_head":"<!-- This site is optimized with the Yoast SEO plugin v27.4 - https:\/\/yoast.com\/product\/yoast-seo-wordpress\/ -->\n<title>Domek ogrodowy 3,5 x 2,1 m z wiat\u0105 | GARDEON<\/title>\n<meta name=\"description\" content=\"W Malom Raji mamy ju\u017c kilka domk\u00f3w, wi\u0119c dali\u015bmy jej zna\u0107, \u017ce je\u015bli domek j\u0105 zainteresowa\u0142, to nie ma problemu, aby posz\u0142a go obejrze\u0107.\" \/>\n<meta name=\"robots\" content=\"index, follow, max-snippet:-1, max-image-preview:large, max-video-preview:-1\" \/>\n<link rel=\"canonical\" href=\"https:\/\/gardeon.pl\/pl\/blog\/domek-ogrodowy-35-x-21-m-z-wiata\/\" \/>\n<meta property=\"og:locale\" content=\"pl_PL\" \/>\n<meta property=\"og:type\" content=\"article\" \/>\n<meta property=\"og:title\" content=\"Domek ogrodowy 3,5 x 2,1 m z wiat\u0105 | GARDEON\" \/>\n<meta property=\"og:description\" content=\"W Malom Raji mamy ju\u017c kilka domk\u00f3w, wi\u0119c dali\u015bmy jej zna\u0107, \u017ce je\u015bli domek j\u0105 zainteresowa\u0142, to nie ma problemu, aby posz\u0142a go obejrze\u0107.\" \/>\n<meta property=\"og:url\" content=\"https:\/\/gardeon.pl\/pl\/blog\/domek-ogrodowy-35-x-21-m-z-wiata\/\" \/>\n<meta property=\"og:site_name\" content=\"GARDEON\" \/>\n<meta property=\"article:published_time\" content=\"2026-04-23T15:41:27+00:00\" \/>\n<meta property=\"og:image\" content=\"https:\/\/gardeon.pl\/wp-content\/uploads\/2021\/02\/GARDEON-foto-od-zakaznikov-189.jpeg\" \/>\n\t<meta property=\"og:image:width\" content=\"640\" \/>\n\t<meta property=\"og:image:height\" content=\"480\" \/>\n\t<meta property=\"og:image:type\" content=\"image\/jpeg\" \/>\n<meta name=\"author\" content=\"editor\" \/>\n<meta name=\"twitter:card\" content=\"summary_large_image\" \/>\n<meta name=\"twitter:label1\" content=\"Napisane przez\" \/>\n\t<meta name=\"twitter:data1\" content=\"editor\" \/>\n\t<meta name=\"twitter:label2\" content=\"Szacowany czas czytania\" \/>\n\t<meta name=\"twitter:data2\" content=\"1 minuta\" \/>\n<script type=\"application\/ld+json\" class=\"yoast-schema-graph\">{\"@context\":\"https:\\\/\\\/schema.org\",\"@graph\":[{\"@type\":\"Article\",\"@id\":\"https:\\\/\\\/gardeon.pl\\\/pl\\\/blog\\\/domek-ogrodowy-35-x-21-m-z-wiata\\\/#article\",\"isPartOf\":{\"@id\":\"https:\\\/\\\/gardeon.pl\\\/pl\\\/blog\\\/domek-ogrodowy-35-x-21-m-z-wiata\\\/\"},\"author\":{\"name\":\"editor\",\"@id\":\"https:\\\/\\\/gardeon.pl\\\/#\\\/schema\\\/person\\\/a5762ca5f0790bf92774af0899379463\"},\"headline\":\"Domek ogrodowy 3,5 x 2,1 m z wiat\u0105\",\"datePublished\":\"2026-04-23T15:41:27+00:00\",\"mainEntityOfPage\":{\"@id\":\"https:\\\/\\\/gardeon.pl\\\/pl\\\/blog\\\/domek-ogrodowy-35-x-21-m-z-wiata\\\/\"},\"wordCount\":194,\"commentCount\":0,\"image\":{\"@id\":\"https:\\\/\\\/gardeon.pl\\\/pl\\\/blog\\\/domek-ogrodowy-35-x-21-m-z-wiata\\\/#primaryimage\"},\"thumbnailUrl\":\"https:\\\/\\\/gardeon.pl\\\/wp-content\\\/uploads\\\/2021\\\/02\\\/GARDEON-foto-od-zakaznikov-189.jpeg\",\"keywords\":[\"domek ogrodowy\",\"domek ogrodowy GARDEON\",\"domek ogrodowy z wiat\u0105\",\"GARDEON\",\"Mal\u00fd Raj\",\"martin\",\"turcza\u0144ski \u010fur\",\"zadaszenie\"],\"articleSection\":[\"Domki ogrodowe\",\"Jak si\u0119 \u017cyje z GARDEON\"],\"inLanguage\":\"pl-PL\",\"potentialAction\":[{\"@type\":\"CommentAction\",\"name\":\"Comment\",\"target\":[\"https:\\\/\\\/gardeon.pl\\\/pl\\\/blog\\\/domek-ogrodowy-35-x-21-m-z-wiata\\\/#respond\"]}]},{\"@type\":\"WebPage\",\"@id\":\"https:\\\/\\\/gardeon.pl\\\/pl\\\/blog\\\/domek-ogrodowy-35-x-21-m-z-wiata\\\/\",\"url\":\"https:\\\/\\\/gardeon.pl\\\/pl\\\/blog\\\/domek-ogrodowy-35-x-21-m-z-wiata\\\/\",\"name\":\"Domek ogrodowy 3,5 x 2,1 m z wiat\u0105 | GARDEON\",\"isPartOf\":{\"@id\":\"https:\\\/\\\/gardeon.pl\\\/#website\"},\"primaryImageOfPage\":{\"@id\":\"https:\\\/\\\/gardeon.pl\\\/pl\\\/blog\\\/domek-ogrodowy-35-x-21-m-z-wiata\\\/#primaryimage\"},\"image\":{\"@id\":\"https:\\\/\\\/gardeon.pl\\\/pl\\\/blog\\\/domek-ogrodowy-35-x-21-m-z-wiata\\\/#primaryimage\"},\"thumbnailUrl\":\"https:\\\/\\\/gardeon.pl\\\/wp-content\\\/uploads\\\/2021\\\/02\\\/GARDEON-foto-od-zakaznikov-189.jpeg\",\"datePublished\":\"2026-04-23T15:41:27+00:00\",\"author\":{\"@id\":\"https:\\\/\\\/gardeon.pl\\\/#\\\/schema\\\/person\\\/a5762ca5f0790bf92774af0899379463\"},\"description\":\"W Malom Raji mamy ju\u017c kilka domk\u00f3w, wi\u0119c dali\u015bmy jej zna\u0107, \u017ce je\u015bli domek j\u0105 zainteresowa\u0142, to nie ma problemu, aby posz\u0142a go obejrze\u0107.\",\"breadcrumb\":{\"@id\":\"https:\\\/\\\/gardeon.pl\\\/pl\\\/blog\\\/domek-ogrodowy-35-x-21-m-z-wiata\\\/#breadcrumb\"},\"inLanguage\":\"pl-PL\",\"potentialAction\":[{\"@type\":\"ReadAction\",\"target\":[\"https:\\\/\\\/gardeon.pl\\\/pl\\\/blog\\\/domek-ogrodowy-35-x-21-m-z-wiata\\\/\"]}]},{\"@type\":\"ImageObject\",\"inLanguage\":\"pl-PL\",\"@id\":\"https:\\\/\\\/gardeon.pl\\\/pl\\\/blog\\\/domek-ogrodowy-35-x-21-m-z-wiata\\\/#primaryimage\",\"url\":\"https:\\\/\\\/gardeon.pl\\\/wp-content\\\/uploads\\\/2021\\\/02\\\/GARDEON-foto-od-zakaznikov-189.jpeg\",\"contentUrl\":\"https:\\\/\\\/gardeon.pl\\\/wp-content\\\/uploads\\\/2021\\\/02\\\/GARDEON-foto-od-zakaznikov-189.jpeg\",\"width\":640,\"height\":480,\"caption\":\"Domek ogrodowy z wiat\u0105\"},{\"@type\":\"BreadcrumbList\",\"@id\":\"https:\\\/\\\/gardeon.pl\\\/pl\\\/blog\\\/domek-ogrodowy-35-x-21-m-z-wiata\\\/#breadcrumb\",\"itemListElement\":[{\"@type\":\"ListItem\",\"position\":1,\"name\":\"Domov\",\"item\":\"https:\\\/\\\/gardeon.pl\\\/pl\\\/\"},{\"@type\":\"ListItem\",\"position\":2,\"name\":\"Domek ogrodowy 3,5 x 2,1 m z wiat\u0105\"}]},{\"@type\":\"WebSite\",\"@id\":\"https:\\\/\\\/gardeon.pl\\\/#website\",\"url\":\"https:\\\/\\\/gardeon.pl\\\/\",\"name\":\"GARDEON\",\"description\":\"\",\"potentialAction\":[{\"@type\":\"SearchAction\",\"target\":{\"@type\":\"EntryPoint\",\"urlTemplate\":\"https:\\\/\\\/gardeon.pl\\\/?s={search_term_string}\"},\"query-input\":{\"@type\":\"PropertyValueSpecification\",\"valueRequired\":true,\"valueName\":\"search_term_string\"}}],\"inLanguage\":\"pl-PL\"},{\"@type\":\"Person\",\"@id\":\"https:\\\/\\\/gardeon.pl\\\/#\\\/schema\\\/person\\\/a5762ca5f0790bf92774af0899379463\",\"name\":\"editor\",\"image\":{\"@type\":\"ImageObject\",\"inLanguage\":\"pl-PL\",\"@id\":\"https:\\\/\\\/secure.gravatar.com\\\/avatar\\\/2b748151c2c748327307fd289a91b3bdafdd9e64e2d000e65e53d6dcf11c5830?s=96&d=mm&r=g\",\"url\":\"https:\\\/\\\/secure.gravatar.com\\\/avatar\\\/2b748151c2c748327307fd289a91b3bdafdd9e64e2d000e65e53d6dcf11c5830?s=96&d=mm&r=g\",\"contentUrl\":\"https:\\\/\\\/secure.gravatar.com\\\/avatar\\\/2b748151c2c748327307fd289a91b3bdafdd9e64e2d000e65e53d6dcf11c5830?s=96&d=mm&r=g\",\"caption\":\"editor\"}}]}<\/script>\n<!-- \/ Yoast SEO plugin. -->","yoast_head_json":{"title":"Domek ogrodowy 3,5 x 2,1 m z wiat\u0105 | GARDEON","description":"W Malom Raji mamy ju\u017c kilka domk\u00f3w, wi\u0119c dali\u015bmy jej zna\u0107, \u017ce je\u015bli domek j\u0105 zainteresowa\u0142, to nie ma problemu, aby posz\u0142a go obejrze\u0107.","robots":{"index":"index","follow":"follow","max-snippet":"max-snippet:-1","max-image-preview":"max-image-preview:large","max-video-preview":"max-video-preview:-1"},"canonical":"https:\/\/gardeon.pl\/pl\/blog\/domek-ogrodowy-35-x-21-m-z-wiata\/","og_locale":"pl_PL","og_type":"article","og_title":"Domek ogrodowy 3,5 x 2,1 m z wiat\u0105 | GARDEON","og_description":"W Malom Raji mamy ju\u017c kilka domk\u00f3w, wi\u0119c dali\u015bmy jej zna\u0107, \u017ce je\u015bli domek j\u0105 zainteresowa\u0142, to nie ma problemu, aby posz\u0142a go obejrze\u0107.","og_url":"https:\/\/gardeon.pl\/pl\/blog\/domek-ogrodowy-35-x-21-m-z-wiata\/","og_site_name":"GARDEON","article_published_time":"2026-04-23T15:41:27+00:00","og_image":[{"width":640,"height":480,"url":"https:\/\/gardeon.pl\/wp-content\/uploads\/2021\/02\/GARDEON-foto-od-zakaznikov-189.jpeg","type":"image\/jpeg"}],"author":"editor","twitter_card":"summary_large_image","twitter_misc":{"Napisane przez":"editor","Szacowany czas czytania":"1 minuta"},"schema":{"@context":"https:\/\/schema.org","@graph":[{"@type":"Article","@id":"https:\/\/gardeon.pl\/pl\/blog\/domek-ogrodowy-35-x-21-m-z-wiata\/#article","isPartOf":{"@id":"https:\/\/gardeon.pl\/pl\/blog\/domek-ogrodowy-35-x-21-m-z-wiata\/"},"author":{"name":"editor","@id":"https:\/\/gardeon.pl\/#\/schema\/person\/a5762ca5f0790bf92774af0899379463"},"headline":"Domek ogrodowy 3,5 x 2,1 m z wiat\u0105","datePublished":"2026-04-23T15:41:27+00:00","mainEntityOfPage":{"@id":"https:\/\/gardeon.pl\/pl\/blog\/domek-ogrodowy-35-x-21-m-z-wiata\/"},"wordCount":194,"commentCount":0,"image":{"@id":"https:\/\/gardeon.pl\/pl\/blog\/domek-ogrodowy-35-x-21-m-z-wiata\/#primaryimage"},"thumbnailUrl":"https:\/\/gardeon.pl\/wp-content\/uploads\/2021\/02\/GARDEON-foto-od-zakaznikov-189.jpeg","keywords":["domek ogrodowy","domek ogrodowy GARDEON","domek ogrodowy z wiat\u0105","GARDEON","Mal\u00fd Raj","martin","turcza\u0144ski \u010fur","zadaszenie"],"articleSection":["Domki ogrodowe","Jak si\u0119 \u017cyje z GARDEON"],"inLanguage":"pl-PL","potentialAction":[{"@type":"CommentAction","name":"Comment","target":["https:\/\/gardeon.pl\/pl\/blog\/domek-ogrodowy-35-x-21-m-z-wiata\/#respond"]}]},{"@type":"WebPage","@id":"https:\/\/gardeon.pl\/pl\/blog\/domek-ogrodowy-35-x-21-m-z-wiata\/","url":"https:\/\/gardeon.pl\/pl\/blog\/domek-ogrodowy-35-x-21-m-z-wiata\/","name":"Domek ogrodowy 3,5 x 2,1 m z wiat\u0105 | GARDEON","isPartOf":{"@id":"https:\/\/gardeon.pl\/#website"},"primaryImageOfPage":{"@id":"https:\/\/gardeon.pl\/pl\/blog\/domek-ogrodowy-35-x-21-m-z-wiata\/#primaryimage"},"image":{"@id":"https:\/\/gardeon.pl\/pl\/blog\/domek-ogrodowy-35-x-21-m-z-wiata\/#primaryimage"},"thumbnailUrl":"https:\/\/gardeon.pl\/wp-content\/uploads\/2021\/02\/GARDEON-foto-od-zakaznikov-189.jpeg","datePublished":"2026-04-23T15:41:27+00:00","author":{"@id":"https:\/\/gardeon.pl\/#\/schema\/person\/a5762ca5f0790bf92774af0899379463"},"description":"W Malom Raji mamy ju\u017c kilka domk\u00f3w, wi\u0119c dali\u015bmy jej zna\u0107, \u017ce je\u015bli domek j\u0105 zainteresowa\u0142, to nie ma problemu, aby posz\u0142a go obejrze\u0107.","breadcrumb":{"@id":"https:\/\/gardeon.pl\/pl\/blog\/domek-ogrodowy-35-x-21-m-z-wiata\/#breadcrumb"},"inLanguage":"pl-PL","potentialAction":[{"@type":"ReadAction","target":["https:\/\/gardeon.pl\/pl\/blog\/domek-ogrodowy-35-x-21-m-z-wiata\/"]}]},{"@type":"ImageObject","inLanguage":"pl-PL","@id":"https:\/\/gardeon.pl\/pl\/blog\/domek-ogrodowy-35-x-21-m-z-wiata\/#primaryimage","url":"https:\/\/gardeon.pl\/wp-content\/uploads\/2021\/02\/GARDEON-foto-od-zakaznikov-189.jpeg","contentUrl":"https:\/\/gardeon.pl\/wp-content\/uploads\/2021\/02\/GARDEON-foto-od-zakaznikov-189.jpeg","width":640,"height":480,"caption":"Domek ogrodowy z wiat\u0105"},{"@type":"BreadcrumbList","@id":"https:\/\/gardeon.pl\/pl\/blog\/domek-ogrodowy-35-x-21-m-z-wiata\/#breadcrumb","itemListElement":[{"@type":"ListItem","position":1,"name":"Domov","item":"https:\/\/gardeon.pl\/pl\/"},{"@type":"ListItem","position":2,"name":"Domek ogrodowy 3,5 x 2,1 m z wiat\u0105"}]},{"@type":"WebSite","@id":"https:\/\/gardeon.pl\/#website","url":"https:\/\/gardeon.pl\/","name":"GARDEON","description":"","potentialAction":[{"@type":"SearchAction","target":{"@type":"EntryPoint","urlTemplate":"https:\/\/gardeon.pl\/?s={search_term_string}"},"query-input":{"@type":"PropertyValueSpecification","valueRequired":true,"valueName":"search_term_string"}}],"inLanguage":"pl-PL"},{"@type":"Person","@id":"https:\/\/gardeon.pl\/#\/schema\/person\/a5762ca5f0790bf92774af0899379463","name":"editor","image":{"@type":"ImageObject","inLanguage":"pl-PL","@id":"https:\/\/secure.gravatar.com\/avatar\/2b748151c2c748327307fd289a91b3bdafdd9e64e2d000e65e53d6dcf11c5830?s=96&d=mm&r=g","url":"https:\/\/secure.gravatar.com\/avatar\/2b748151c2c748327307fd289a91b3bdafdd9e64e2d000e65e53d6dcf11c5830?s=96&d=mm&r=g","contentUrl":"https:\/\/secure.gravatar.com\/avatar\/2b748151c2c748327307fd289a91b3bdafdd9e64e2d000e65e53d6dcf11c5830?s=96&d=mm&r=g","caption":"editor"}}]}},"_links":{"self":[{"href":"https:\/\/gardeon.pl\/pl\/wp-json\/wp\/v2\/posts\/47059","targetHints":{"allow":["GET"]}}],"collection":[{"href":"https:\/\/gardeon.pl\/pl\/wp-json\/wp\/v2\/posts"}],"about":[{"href":"https:\/\/gardeon.pl\/pl\/wp-json\/wp\/v2\/types\/post"}],"author":[{"embeddable":true,"href":"https:\/\/gardeon.pl\/pl\/wp-json\/wp\/v2\/users\/2"}],"replies":[{"embeddable":true,"href":"https:\/\/gardeon.pl\/pl\/wp-json\/wp\/v2\/comments?post=47059"}],"version-history":[{"count":0,"href":"https:\/\/gardeon.pl\/pl\/wp-json\/wp\/v2\/posts\/47059\/revisions"}],"wp:featuredmedia":[{"embeddable":true,"href":"https:\/\/gardeon.pl\/pl\/wp-json\/wp\/v2\/media\/47064"}],"wp:attachment":[{"href":"https:\/\/gardeon.pl\/pl\/wp-json\/wp\/v2\/media?parent=47059"}],"wp:term":[{"taxonomy":"category","embeddable":true,"href":"https:\/\/gardeon.pl\/pl\/wp-json\/wp\/v2\/categories?post=47059"},{"taxonomy":"post_tag","embeddable":true,"href":"https:\/\/gardeon.pl\/pl\/wp-json\/wp\/v2\/tags?post=47059"}],"curies":[{"name":"wp","href":"https:\/\/api.w.org\/{rel}","templated":true}]}}