{"id":47065,"date":"2026-04-23T17:41:28","date_gmt":"2026-04-23T15:41:28","guid":{"rendered":"https:\/\/gardeon.pl\/blog\/inspirujace-ogrody-naszych-klientow-czesc-3-modulowe-wiaty-nie-tylko-dla-samochodu\/"},"modified":"2026-04-23T17:41:28","modified_gmt":"2026-04-23T15:41:28","slug":"inspirujace-ogrody-naszych-klientow-czesc-3-modulowe-wiaty-nie-tylko-dla-samochodu","status":"publish","type":"post","link":"https:\/\/gardeon.pl\/pl\/blog\/inspirujace-ogrody-naszych-klientow-czesc-3-modulowe-wiaty-nie-tylko-dla-samochodu\/","title":{"rendered":"Inspiruj\u0105ce ogrody naszych klient\u00f3w (cz\u0119\u015b\u0107 3.) \u2013 modu\u0142owe wiaty nie tylko dla samochodu"},"content":{"rendered":"<p><i><span style=\"font-weight: 400;\">W ostatniej cz\u0119\u015bci serii zaczerpniemy inspiracj\u0119 z ogrod\u00f3w, kt\u00f3re \u201ekryj\u0105\u201d altan\u0119 ogrodow\u0105 lub wiat\u0119 samochodow\u0105. Mo\u017ce ona w pewnym stopniu zast\u0105pi\u0107 zar\u00f3wno gara\u017c, jak i domek ogrodowy. Zim\u0105 s\u0142u\u017cy jako schowek, gdy chc\u0105 Pa\u0144stwo ochroni\u0107 swoje rzeczy z ogrodu przed \u015bniegiem i deszczem. Latem zapewni przyjemny cie\u0144, gdzie mo\u017cna schowa\u0107 si\u0119 przed s\u0142o\u0144cem, wypi\u0107 porann\u0105 kaw\u0119, zje\u015b\u0107 rodzinny obiad lub wieczorem posiedzie\u0107 z przyjaci\u00f3\u0142mi przy winie czy piwie. Jak nasi klienci dostosowali wiaty samochodowe do swoich potrzeb? Zobaczcie.     <\/span><\/i><\/p>\n<p><!--more--><\/p>\n<p><span style=\"font-weight: 400;\">Modna kamienna pod\u0142oga potrafi o\u017cywi\u0107 ka\u017cd\u0105 <\/span><a href=\"https:\/\/gardeon.pl\/pristresky\/\"><span style=\"font-weight: 400;\">wiat\u0119<\/span><\/a><span style=\"font-weight: 400;\">. Designerski pas z bia\u0142ych kamieni i \u015bciana z drewnianym wype\u0142nieniem optycznie oddzielaj\u0105 przestrze\u0144.<\/span><\/p>\n<p><img loading=\"lazy\" decoding=\"async\" class=\"aligncenter wp-image-19387\" src=\"http:\/\/gardeon.pl\/wp-content\/uploads\/2019\/04\/IMG_1195-copy-1024x683.jpg\" alt=\"Wiata GARDEON\" width=\"800\" height=\"533\"><\/p>\n<p><img loading=\"lazy\" decoding=\"async\" class=\"aligncenter wp-image-19390\" src=\"http:\/\/gardeon.pl\/wp-content\/uploads\/2019\/04\/IMG_1197-copy-1024x683.jpg\" alt=\"Modu\u0142owa wiata GARDEON\" width=\"800\" height=\"533\" srcset=\"https:\/\/gardeon.pl\/wp-content\/uploads\/2019\/04\/IMG_1197-copy-1024x683.jpg 1024w, https:\/\/gardeon.pl\/wp-content\/uploads\/2019\/04\/IMG_1197-copy-300x200.jpg 300w, https:\/\/gardeon.pl\/wp-content\/uploads\/2019\/04\/IMG_1197-copy-768x512.jpg 768w\" sizes=\"auto, (max-width: 800px) 100vw, 800px\" \/><\/p>\n<p><span style=\"font-weight: 400;\">Je\u015bli zdecyduj\u0105 si\u0119 Pa\u0144stwo stworzy\u0107 w wiacie przestrze\u0144 do siedzenia w ogrodzie, wykorzystajcie \u015bcian\u0119, aby uzyska\u0107 os\u0142on\u0119 przed wiatrem. Otoczenie o\u017cywi skalniak, kt\u00f3ry pi\u0119knie po\u0142\u0105czy konstrukcj\u0119 z trawnikiem. A co jeszcze znajduje si\u0119 w ogrodzie jak z marze\u0144? Oczywi\u015bcie basen.    :)<\/span><\/p>\n<p><img loading=\"lazy\" decoding=\"async\" class=\"aligncenter wp-image-19391\" src=\"http:\/\/gardeon.pl\/wp-content\/uploads\/2019\/04\/Jaroslav-Puk2-1-1024x768.jpg\" alt=\"Wiata nad tarasem z miejscem do siedzenia\" width=\"800\" height=\"600\" srcset=\"https:\/\/gardeon.pl\/wp-content\/uploads\/2019\/04\/Jaroslav-Puk2-1-1024x768.jpg 1024w, https:\/\/gardeon.pl\/wp-content\/uploads\/2019\/04\/Jaroslav-Puk2-1-300x225.jpg 300w, https:\/\/gardeon.pl\/wp-content\/uploads\/2019\/04\/Jaroslav-Puk2-1-768x576.jpg 768w, https:\/\/gardeon.pl\/wp-content\/uploads\/2019\/04\/Jaroslav-Puk2-1.jpg 1248w\" sizes=\"auto, (max-width: 800px) 100vw, 800px\" \/><\/p>\n<p><img loading=\"lazy\" decoding=\"async\" class=\"aligncenter wp-image-19393\" src=\"http:\/\/gardeon.pl\/wp-content\/uploads\/2019\/04\/Jaroslav-Puk2-2-1024x768.jpg\" alt=\"Miejsce do siedzenia pod wiat\u0105\" width=\"800\" height=\"600\" srcset=\"https:\/\/gardeon.pl\/wp-content\/uploads\/2019\/04\/Jaroslav-Puk2-2-1024x768.jpg 1024w, https:\/\/gardeon.pl\/wp-content\/uploads\/2019\/04\/Jaroslav-Puk2-2-300x225.jpg 300w, https:\/\/gardeon.pl\/wp-content\/uploads\/2019\/04\/Jaroslav-Puk2-2-768x576.jpg 768w, https:\/\/gardeon.pl\/wp-content\/uploads\/2019\/04\/Jaroslav-Puk2-2.jpg 1248w\" sizes=\"auto, (max-width: 800px) 100vw, 800px\" \/><\/p>\n<p><img loading=\"lazy\" decoding=\"async\" class=\"aligncenter wp-image-19395\" src=\"http:\/\/gardeon.pl\/wp-content\/uploads\/2019\/04\/Jaroslav-Puk3-1024x768.jpg\" alt=\"Miejsce do siedzenia pod wiat\u0105 przy ogrodzie\" width=\"800\" height=\"600\" srcset=\"https:\/\/gardeon.pl\/wp-content\/uploads\/2019\/04\/Jaroslav-Puk3-1024x768.jpg 1024w, https:\/\/gardeon.pl\/wp-content\/uploads\/2019\/04\/Jaroslav-Puk3-300x225.jpg 300w, https:\/\/gardeon.pl\/wp-content\/uploads\/2019\/04\/Jaroslav-Puk3-768x576.jpg 768w, https:\/\/gardeon.pl\/wp-content\/uploads\/2019\/04\/Jaroslav-Puk3.jpg 1248w\" sizes=\"auto, (max-width: 800px) 100vw, 800px\" \/><\/p>\n<p><span style=\"font-weight: 400;\">Je\u015bli zdecydowali si\u0119 Pa\u0144stwo postawi\u0107 wiat\u0119 w \u015brodku ogrodu, zdecydowanie zalecamy wype\u0142nienie przynajmniej jednej \u015bciany. Takie designerskie drewniane wype\u0142nienia s\u0142u\u017c\u0105 opr\u00f3cz os\u0142ony przed wiatrem r\u00f3wnie\u017c jako os\u0142ona np. od strony zachodniej, gdy wieczorem s\u0142o\u0144ce \u015bwieci prosto w oczy. Krzewy i ro\u015bliny pn\u0105ce dope\u0142ni\u0105 uroku altany.   <\/span><\/p>\n<p><img loading=\"lazy\" decoding=\"async\" class=\"aligncenter wp-image-19397\" src=\"http:\/\/gardeon.pl\/wp-content\/uploads\/2019\/04\/IMG_1785-copy-1024x683.jpg\" alt=\"Miejsce do siedzenia w ogrodzie pod wiat\u0105\" width=\"800\" height=\"533\"><\/p>\n<p><img loading=\"lazy\" decoding=\"async\" class=\"aligncenter wp-image-19399\" src=\"http:\/\/gardeon.pl\/wp-content\/uploads\/2019\/04\/IMG_1789-copy-1024x683.jpg\" alt=\"Fotel bujany z miejscem do siedzenia pod wiat\u0105\" width=\"800\" height=\"533\"><\/p>\n<p><span style=\"font-weight: 400;\">Wiata z dwiema \u015bcianami stworzy w ogrodzie wi\u0119cej prywatno\u015bci do siedzenia z rodzin\u0105 i przyjaci\u00f3\u0142mi. Kwiaty nie musz\u0105 by\u0107 wysadzone w ogrodzie, konstrukcj\u0119 mog\u0105 ozdobi\u0107 designerskie donice i ozdoby \u015bcienne. <\/span><\/p>\n<p><img loading=\"lazy\" decoding=\"async\" class=\"aligncenter wp-image-19401\" src=\"http:\/\/gardeon.pl\/wp-content\/uploads\/2019\/04\/Hut%C5%88anov%C3%A1-1-1024x768.jpg\" alt=\"Ciemny fotel pod ciemn\u0105 wiat\u0105\" width=\"800\" height=\"600\"><\/p>\n<p><img loading=\"lazy\" decoding=\"async\" class=\"aligncenter wp-image-19403\" src=\"http:\/\/gardeon.pl\/wp-content\/uploads\/2019\/04\/Hut%C5%88anov%C3%A1-4-768x1024.jpg\" alt=\"S\u0142omiane serce zawieszone na \u015bcianach wiaty\" width=\"800\" height=\"1067\"><\/p>\n<p><span style=\"font-weight: 400;\">Tak, do\u015b\u0107 ju\u017c altan. Wiata dla samochodu zosta\u0142a w pierwszej kolejno\u015bci stworzona \u2013 dla samochodu. Ale to nie znaczy, \u017ce powinna sta\u0107 samotna i smutna w \u015brodku ogrodu. Kwiaty, krzewy czy skalniak mo\u017cna wysadzi\u0107 wok\u00f3\u0142 i od razu nabierze innego charakteru.   <\/span><\/p>\n<p><img loading=\"lazy\" decoding=\"async\" class=\"aligncenter wp-image-19405\" src=\"http:\/\/gardeon.pl\/wp-content\/uploads\/2019\/04\/Jozef-mikolaj9-1024x576.jpg\" alt=\"Ciemny samoch\u00f3d pod wiat\u0105\" width=\"800\" height=\"450\"><\/p>\n<p><span style=\"font-weight: 400;\">Gara\u017c z wiat\u0105 ochroni wi\u0119cej ni\u017c tylko samochody w \u015brodku. Pa\u0144stwa go\u015bcie nie musz\u0105 si\u0119 obawia\u0107, \u017ce b\u0119d\u0105 parkowa\u0107 na ulicy, niezale\u017cnie od tego, jak drogiego maj\u0105 pojazdu. Przydaje si\u0119 r\u00f3wnie\u017c dla rodzic\u00f3w z doros\u0142ymi dzie\u0107mi, kt\u00f3re przyje\u017cd\u017caj\u0105 samochodem na weekend do rodzinnego domu.  <\/span><\/p>\n<p><img loading=\"lazy\" decoding=\"async\" class=\"aligncenter wp-image-19407\" src=\"http:\/\/gardeon.pl\/wp-content\/uploads\/2019\/04\/Scandi-igor-cibula1-1-1024x512.jpg\" alt=\"Niebieski samoch\u00f3d pod wiat\u0105\" width=\"800\" height=\"400\"> <img loading=\"lazy\" decoding=\"async\" class=\"aligncenter wp-image-19409\" src=\"http:\/\/gardeon.pl\/wp-content\/uploads\/2019\/04\/Scandi-igor-cibula1-2-1024x512.jpg\" alt=\"Niebieski i czarny samoch\u00f3d pod wiat\u0105\" width=\"800\" height=\"400\"><\/p>\n<p><img loading=\"lazy\" decoding=\"async\" class=\"aligncenter wp-image-19411\" src=\"http:\/\/gardeon.pl\/wp-content\/uploads\/2019\/04\/Scandi-igor-cibula2-1024x512.jpg\" alt=\"Niebieski i czarny samoch\u00f3d pod wiat\u0105 dla dw\u00f3ch samochod\u00f3w\" width=\"800\" height=\"400\"><\/p>\n<p><span style=\"font-weight: 400;\">Cieszymy si\u0119, \u017ce uda\u0142o nam si\u0119 spe\u0142ni\u0107 \u017cyczenia naszych klient\u00f3w. Maj\u0105 Pa\u0144stwo r\u00f3wnie\u017c \u017cyczenia? <\/span><a href=\"http:\/\/gardeon.pl\/konfigurator\/pristresek\/\"><span style=\"font-weight: 400;\">Wybierz swoj\u0105 modu\u0142ow\u0105 wiat\u0119<\/span><\/a><span style=\"font-weight: 400;\">.<\/span><\/p>\n<p>&nbsp;<\/p>\n<h5>\u0179r\u00f3d\u0142o:<\/h5>\n<h5>Fotobank GARDEON<\/h5>\n<h5>Za udost\u0119pnione zdj\u0119cia dzi\u0119kujemy naszym klientom. :)<\/h5>\n","protected":false},"excerpt":{"rendered":"<p>W ostatniej cz\u0119\u015bci serii zaczerpniemy inspiracj\u0119 z ogrod\u00f3w, kt\u00f3re \u201ekryj\u0105\u201d altan\u0119 ogrodow\u0105 lub wiat\u0119 samochodow\u0105. Mo\u017ce ona w pewnym stopniu zast\u0105pi\u0107 zar\u00f3wno gara\u017c, jak i domek ogrodowy. Zim\u0105 s\u0142u\u017cy jako schowek, gdy chc\u0105 Pa\u0144stwo ochroni\u0107 swoje rzeczy z ogrodu przed \u015bniegiem i deszczem. Latem zapewni przyjemny cie\u0144, gdzie mo\u017cna schowa\u0107 si\u0119 przed s\u0142o\u0144cem, wypi\u0107 porann\u0105 [&hellip;]<\/p>\n","protected":false},"author":2,"featured_media":44426,"comment_status":"open","ping_status":"open","sticky":false,"template":"","format":"standard","meta":{"_acf_changed":false,"inline_featured_image":false,"footnotes":""},"categories":[607,622],"tags":[579,635,638],"class_list":["post-47065","post","type-post","status-publish","format-standard","has-post-thumbnail","hentry","category-inspiracje","category-wiaty-i-altany","tag-gardeon","tag-zadaszenie","tag-zadaszenie-gardeon"],"acf":[],"yoast_head":"<!-- This site is optimized with the Yoast SEO plugin v27.4 - https:\/\/yoast.com\/product\/yoast-seo-wordpress\/ -->\n<title>Inspiruj\u0105ce ogrody klient\u00f3w (cz\u0119\u015b\u0107 3.) \u2013 wiaty | GARDEON<\/title>\n<meta name=\"robots\" content=\"index, follow, max-snippet:-1, max-image-preview:large, max-video-preview:-1\" \/>\n<link rel=\"canonical\" href=\"https:\/\/gardeon.pl\/pl\/blog\/inspirujace-ogrody-naszych-klientow-czesc-3-modulowe-wiaty-nie-tylko-dla-samochodu\/\" \/>\n<meta property=\"og:locale\" content=\"pl_PL\" \/>\n<meta property=\"og:type\" content=\"article\" \/>\n<meta property=\"og:title\" content=\"Inspiruj\u0105ce ogrody klient\u00f3w (cz\u0119\u015b\u0107 3.) \u2013 wiaty | GARDEON\" \/>\n<meta property=\"og:description\" content=\"W ostatniej cz\u0119\u015bci serii zaczerpniemy inspiracj\u0119 z ogrod\u00f3w, kt\u00f3re \u201ekryj\u0105\u201d altan\u0119 ogrodow\u0105 lub wiat\u0119 samochodow\u0105. Mo\u017ce ona w pewnym stopniu zast\u0105pi\u0107 zar\u00f3wno gara\u017c, jak i domek ogrodowy. Zim\u0105 s\u0142u\u017cy jako schowek, gdy chc\u0105 Pa\u0144stwo ochroni\u0107 swoje rzeczy z ogrodu przed \u015bniegiem i deszczem. Latem zapewni przyjemny cie\u0144, gdzie mo\u017cna schowa\u0107 si\u0119 przed s\u0142o\u0144cem, wypi\u0107 porann\u0105 [&hellip;]\" \/>\n<meta property=\"og:url\" content=\"https:\/\/gardeon.pl\/pl\/blog\/inspirujace-ogrody-naszych-klientow-czesc-3-modulowe-wiaty-nie-tylko-dla-samochodu\/\" \/>\n<meta property=\"og:site_name\" content=\"GARDEON\" \/>\n<meta property=\"article:published_time\" content=\"2026-04-23T15:41:28+00:00\" \/>\n<meta property=\"og:image\" content=\"https:\/\/gardeon.pl\/wp-content\/uploads\/2021\/02\/gardeon-pristresok-pre-dve-auta-38.jpg\" \/>\n\t<meta property=\"og:image:width\" content=\"2000\" \/>\n\t<meta property=\"og:image:height\" content=\"1333\" \/>\n\t<meta property=\"og:image:type\" content=\"image\/jpeg\" \/>\n<meta name=\"author\" content=\"editor\" \/>\n<meta name=\"twitter:card\" content=\"summary_large_image\" \/>\n<meta name=\"twitter:label1\" content=\"Napisane przez\" \/>\n\t<meta name=\"twitter:data1\" content=\"editor\" \/>\n\t<meta name=\"twitter:label2\" content=\"Szacowany czas czytania\" \/>\n\t<meta name=\"twitter:data2\" content=\"2 minuty\" \/>\n<script type=\"application\/ld+json\" class=\"yoast-schema-graph\">{\"@context\":\"https:\\\/\\\/schema.org\",\"@graph\":[{\"@type\":\"Article\",\"@id\":\"https:\\\/\\\/gardeon.pl\\\/pl\\\/blog\\\/inspirujace-ogrody-naszych-klientow-czesc-3-modulowe-wiaty-nie-tylko-dla-samochodu\\\/#article\",\"isPartOf\":{\"@id\":\"https:\\\/\\\/gardeon.pl\\\/pl\\\/blog\\\/inspirujace-ogrody-naszych-klientow-czesc-3-modulowe-wiaty-nie-tylko-dla-samochodu\\\/\"},\"author\":{\"name\":\"editor\",\"@id\":\"https:\\\/\\\/gardeon.pl\\\/#\\\/schema\\\/person\\\/a5762ca5f0790bf92774af0899379463\"},\"headline\":\"Inspiruj\u0105ce ogrody naszych klient\u00f3w (cz\u0119\u015b\u0107 3.) \u2013 modu\u0142owe wiaty nie tylko dla samochodu\",\"datePublished\":\"2026-04-23T15:41:28+00:00\",\"mainEntityOfPage\":{\"@id\":\"https:\\\/\\\/gardeon.pl\\\/pl\\\/blog\\\/inspirujace-ogrody-naszych-klientow-czesc-3-modulowe-wiaty-nie-tylko-dla-samochodu\\\/\"},\"wordCount\":408,\"commentCount\":0,\"image\":{\"@id\":\"https:\\\/\\\/gardeon.pl\\\/pl\\\/blog\\\/inspirujace-ogrody-naszych-klientow-czesc-3-modulowe-wiaty-nie-tylko-dla-samochodu\\\/#primaryimage\"},\"thumbnailUrl\":\"https:\\\/\\\/gardeon.pl\\\/wp-content\\\/uploads\\\/2021\\\/02\\\/gardeon-pristresok-pre-dve-auta-38.jpg\",\"keywords\":[\"GARDEON\",\"zadaszenie\",\"zadaszenie GARDEON\"],\"articleSection\":[\"Inspiracje\",\"Wiaty i altany\"],\"inLanguage\":\"pl-PL\",\"potentialAction\":[{\"@type\":\"CommentAction\",\"name\":\"Comment\",\"target\":[\"https:\\\/\\\/gardeon.pl\\\/pl\\\/blog\\\/inspirujace-ogrody-naszych-klientow-czesc-3-modulowe-wiaty-nie-tylko-dla-samochodu\\\/#respond\"]}]},{\"@type\":\"WebPage\",\"@id\":\"https:\\\/\\\/gardeon.pl\\\/pl\\\/blog\\\/inspirujace-ogrody-naszych-klientow-czesc-3-modulowe-wiaty-nie-tylko-dla-samochodu\\\/\",\"url\":\"https:\\\/\\\/gardeon.pl\\\/pl\\\/blog\\\/inspirujace-ogrody-naszych-klientow-czesc-3-modulowe-wiaty-nie-tylko-dla-samochodu\\\/\",\"name\":\"Inspiruj\u0105ce ogrody klient\u00f3w (cz\u0119\u015b\u0107 3.) \u2013 wiaty | GARDEON\",\"isPartOf\":{\"@id\":\"https:\\\/\\\/gardeon.pl\\\/#website\"},\"primaryImageOfPage\":{\"@id\":\"https:\\\/\\\/gardeon.pl\\\/pl\\\/blog\\\/inspirujace-ogrody-naszych-klientow-czesc-3-modulowe-wiaty-nie-tylko-dla-samochodu\\\/#primaryimage\"},\"image\":{\"@id\":\"https:\\\/\\\/gardeon.pl\\\/pl\\\/blog\\\/inspirujace-ogrody-naszych-klientow-czesc-3-modulowe-wiaty-nie-tylko-dla-samochodu\\\/#primaryimage\"},\"thumbnailUrl\":\"https:\\\/\\\/gardeon.pl\\\/wp-content\\\/uploads\\\/2021\\\/02\\\/gardeon-pristresok-pre-dve-auta-38.jpg\",\"datePublished\":\"2026-04-23T15:41:28+00:00\",\"author\":{\"@id\":\"https:\\\/\\\/gardeon.pl\\\/#\\\/schema\\\/person\\\/a5762ca5f0790bf92774af0899379463\"},\"breadcrumb\":{\"@id\":\"https:\\\/\\\/gardeon.pl\\\/pl\\\/blog\\\/inspirujace-ogrody-naszych-klientow-czesc-3-modulowe-wiaty-nie-tylko-dla-samochodu\\\/#breadcrumb\"},\"inLanguage\":\"pl-PL\",\"potentialAction\":[{\"@type\":\"ReadAction\",\"target\":[\"https:\\\/\\\/gardeon.pl\\\/pl\\\/blog\\\/inspirujace-ogrody-naszych-klientow-czesc-3-modulowe-wiaty-nie-tylko-dla-samochodu\\\/\"]}]},{\"@type\":\"ImageObject\",\"inLanguage\":\"pl-PL\",\"@id\":\"https:\\\/\\\/gardeon.pl\\\/pl\\\/blog\\\/inspirujace-ogrody-naszych-klientow-czesc-3-modulowe-wiaty-nie-tylko-dla-samochodu\\\/#primaryimage\",\"url\":\"https:\\\/\\\/gardeon.pl\\\/wp-content\\\/uploads\\\/2021\\\/02\\\/gardeon-pristresok-pre-dve-auta-38.jpg\",\"contentUrl\":\"https:\\\/\\\/gardeon.pl\\\/wp-content\\\/uploads\\\/2021\\\/02\\\/gardeon-pristresok-pre-dve-auta-38.jpg\",\"width\":2000,\"height\":1333,\"caption\":\"Samochody zaparkowane pod wiat\u0105\"},{\"@type\":\"BreadcrumbList\",\"@id\":\"https:\\\/\\\/gardeon.pl\\\/pl\\\/blog\\\/inspirujace-ogrody-naszych-klientow-czesc-3-modulowe-wiaty-nie-tylko-dla-samochodu\\\/#breadcrumb\",\"itemListElement\":[{\"@type\":\"ListItem\",\"position\":1,\"name\":\"Domov\",\"item\":\"https:\\\/\\\/gardeon.pl\\\/pl\\\/\"},{\"@type\":\"ListItem\",\"position\":2,\"name\":\"Inspiruj\u0105ce ogrody naszych klient\u00f3w (cz\u0119\u015b\u0107 3.) \u2013 modu\u0142owe wiaty nie tylko dla samochodu\"}]},{\"@type\":\"WebSite\",\"@id\":\"https:\\\/\\\/gardeon.pl\\\/#website\",\"url\":\"https:\\\/\\\/gardeon.pl\\\/\",\"name\":\"GARDEON\",\"description\":\"\",\"potentialAction\":[{\"@type\":\"SearchAction\",\"target\":{\"@type\":\"EntryPoint\",\"urlTemplate\":\"https:\\\/\\\/gardeon.pl\\\/?s={search_term_string}\"},\"query-input\":{\"@type\":\"PropertyValueSpecification\",\"valueRequired\":true,\"valueName\":\"search_term_string\"}}],\"inLanguage\":\"pl-PL\"},{\"@type\":\"Person\",\"@id\":\"https:\\\/\\\/gardeon.pl\\\/#\\\/schema\\\/person\\\/a5762ca5f0790bf92774af0899379463\",\"name\":\"editor\",\"image\":{\"@type\":\"ImageObject\",\"inLanguage\":\"pl-PL\",\"@id\":\"https:\\\/\\\/secure.gravatar.com\\\/avatar\\\/2b748151c2c748327307fd289a91b3bdafdd9e64e2d000e65e53d6dcf11c5830?s=96&d=mm&r=g\",\"url\":\"https:\\\/\\\/secure.gravatar.com\\\/avatar\\\/2b748151c2c748327307fd289a91b3bdafdd9e64e2d000e65e53d6dcf11c5830?s=96&d=mm&r=g\",\"contentUrl\":\"https:\\\/\\\/secure.gravatar.com\\\/avatar\\\/2b748151c2c748327307fd289a91b3bdafdd9e64e2d000e65e53d6dcf11c5830?s=96&d=mm&r=g\",\"caption\":\"editor\"}}]}<\/script>\n<!-- \/ Yoast SEO plugin. -->","yoast_head_json":{"title":"Inspiruj\u0105ce ogrody klient\u00f3w (cz\u0119\u015b\u0107 3.) \u2013 wiaty | GARDEON","robots":{"index":"index","follow":"follow","max-snippet":"max-snippet:-1","max-image-preview":"max-image-preview:large","max-video-preview":"max-video-preview:-1"},"canonical":"https:\/\/gardeon.pl\/pl\/blog\/inspirujace-ogrody-naszych-klientow-czesc-3-modulowe-wiaty-nie-tylko-dla-samochodu\/","og_locale":"pl_PL","og_type":"article","og_title":"Inspiruj\u0105ce ogrody klient\u00f3w (cz\u0119\u015b\u0107 3.) \u2013 wiaty | GARDEON","og_description":"W ostatniej cz\u0119\u015bci serii zaczerpniemy inspiracj\u0119 z ogrod\u00f3w, kt\u00f3re \u201ekryj\u0105\u201d altan\u0119 ogrodow\u0105 lub wiat\u0119 samochodow\u0105. Mo\u017ce ona w pewnym stopniu zast\u0105pi\u0107 zar\u00f3wno gara\u017c, jak i domek ogrodowy. Zim\u0105 s\u0142u\u017cy jako schowek, gdy chc\u0105 Pa\u0144stwo ochroni\u0107 swoje rzeczy z ogrodu przed \u015bniegiem i deszczem. Latem zapewni przyjemny cie\u0144, gdzie mo\u017cna schowa\u0107 si\u0119 przed s\u0142o\u0144cem, wypi\u0107 porann\u0105 [&hellip;]","og_url":"https:\/\/gardeon.pl\/pl\/blog\/inspirujace-ogrody-naszych-klientow-czesc-3-modulowe-wiaty-nie-tylko-dla-samochodu\/","og_site_name":"GARDEON","article_published_time":"2026-04-23T15:41:28+00:00","og_image":[{"width":2000,"height":1333,"url":"https:\/\/gardeon.pl\/wp-content\/uploads\/2021\/02\/gardeon-pristresok-pre-dve-auta-38.jpg","type":"image\/jpeg"}],"author":"editor","twitter_card":"summary_large_image","twitter_misc":{"Napisane przez":"editor","Szacowany czas czytania":"2 minuty"},"schema":{"@context":"https:\/\/schema.org","@graph":[{"@type":"Article","@id":"https:\/\/gardeon.pl\/pl\/blog\/inspirujace-ogrody-naszych-klientow-czesc-3-modulowe-wiaty-nie-tylko-dla-samochodu\/#article","isPartOf":{"@id":"https:\/\/gardeon.pl\/pl\/blog\/inspirujace-ogrody-naszych-klientow-czesc-3-modulowe-wiaty-nie-tylko-dla-samochodu\/"},"author":{"name":"editor","@id":"https:\/\/gardeon.pl\/#\/schema\/person\/a5762ca5f0790bf92774af0899379463"},"headline":"Inspiruj\u0105ce ogrody naszych klient\u00f3w (cz\u0119\u015b\u0107 3.) \u2013 modu\u0142owe wiaty nie tylko dla samochodu","datePublished":"2026-04-23T15:41:28+00:00","mainEntityOfPage":{"@id":"https:\/\/gardeon.pl\/pl\/blog\/inspirujace-ogrody-naszych-klientow-czesc-3-modulowe-wiaty-nie-tylko-dla-samochodu\/"},"wordCount":408,"commentCount":0,"image":{"@id":"https:\/\/gardeon.pl\/pl\/blog\/inspirujace-ogrody-naszych-klientow-czesc-3-modulowe-wiaty-nie-tylko-dla-samochodu\/#primaryimage"},"thumbnailUrl":"https:\/\/gardeon.pl\/wp-content\/uploads\/2021\/02\/gardeon-pristresok-pre-dve-auta-38.jpg","keywords":["GARDEON","zadaszenie","zadaszenie GARDEON"],"articleSection":["Inspiracje","Wiaty i altany"],"inLanguage":"pl-PL","potentialAction":[{"@type":"CommentAction","name":"Comment","target":["https:\/\/gardeon.pl\/pl\/blog\/inspirujace-ogrody-naszych-klientow-czesc-3-modulowe-wiaty-nie-tylko-dla-samochodu\/#respond"]}]},{"@type":"WebPage","@id":"https:\/\/gardeon.pl\/pl\/blog\/inspirujace-ogrody-naszych-klientow-czesc-3-modulowe-wiaty-nie-tylko-dla-samochodu\/","url":"https:\/\/gardeon.pl\/pl\/blog\/inspirujace-ogrody-naszych-klientow-czesc-3-modulowe-wiaty-nie-tylko-dla-samochodu\/","name":"Inspiruj\u0105ce ogrody klient\u00f3w (cz\u0119\u015b\u0107 3.) \u2013 wiaty | GARDEON","isPartOf":{"@id":"https:\/\/gardeon.pl\/#website"},"primaryImageOfPage":{"@id":"https:\/\/gardeon.pl\/pl\/blog\/inspirujace-ogrody-naszych-klientow-czesc-3-modulowe-wiaty-nie-tylko-dla-samochodu\/#primaryimage"},"image":{"@id":"https:\/\/gardeon.pl\/pl\/blog\/inspirujace-ogrody-naszych-klientow-czesc-3-modulowe-wiaty-nie-tylko-dla-samochodu\/#primaryimage"},"thumbnailUrl":"https:\/\/gardeon.pl\/wp-content\/uploads\/2021\/02\/gardeon-pristresok-pre-dve-auta-38.jpg","datePublished":"2026-04-23T15:41:28+00:00","author":{"@id":"https:\/\/gardeon.pl\/#\/schema\/person\/a5762ca5f0790bf92774af0899379463"},"breadcrumb":{"@id":"https:\/\/gardeon.pl\/pl\/blog\/inspirujace-ogrody-naszych-klientow-czesc-3-modulowe-wiaty-nie-tylko-dla-samochodu\/#breadcrumb"},"inLanguage":"pl-PL","potentialAction":[{"@type":"ReadAction","target":["https:\/\/gardeon.pl\/pl\/blog\/inspirujace-ogrody-naszych-klientow-czesc-3-modulowe-wiaty-nie-tylko-dla-samochodu\/"]}]},{"@type":"ImageObject","inLanguage":"pl-PL","@id":"https:\/\/gardeon.pl\/pl\/blog\/inspirujace-ogrody-naszych-klientow-czesc-3-modulowe-wiaty-nie-tylko-dla-samochodu\/#primaryimage","url":"https:\/\/gardeon.pl\/wp-content\/uploads\/2021\/02\/gardeon-pristresok-pre-dve-auta-38.jpg","contentUrl":"https:\/\/gardeon.pl\/wp-content\/uploads\/2021\/02\/gardeon-pristresok-pre-dve-auta-38.jpg","width":2000,"height":1333,"caption":"Samochody zaparkowane pod wiat\u0105"},{"@type":"BreadcrumbList","@id":"https:\/\/gardeon.pl\/pl\/blog\/inspirujace-ogrody-naszych-klientow-czesc-3-modulowe-wiaty-nie-tylko-dla-samochodu\/#breadcrumb","itemListElement":[{"@type":"ListItem","position":1,"name":"Domov","item":"https:\/\/gardeon.pl\/pl\/"},{"@type":"ListItem","position":2,"name":"Inspiruj\u0105ce ogrody naszych klient\u00f3w (cz\u0119\u015b\u0107 3.) \u2013 modu\u0142owe wiaty nie tylko dla samochodu"}]},{"@type":"WebSite","@id":"https:\/\/gardeon.pl\/#website","url":"https:\/\/gardeon.pl\/","name":"GARDEON","description":"","potentialAction":[{"@type":"SearchAction","target":{"@type":"EntryPoint","urlTemplate":"https:\/\/gardeon.pl\/?s={search_term_string}"},"query-input":{"@type":"PropertyValueSpecification","valueRequired":true,"valueName":"search_term_string"}}],"inLanguage":"pl-PL"},{"@type":"Person","@id":"https:\/\/gardeon.pl\/#\/schema\/person\/a5762ca5f0790bf92774af0899379463","name":"editor","image":{"@type":"ImageObject","inLanguage":"pl-PL","@id":"https:\/\/secure.gravatar.com\/avatar\/2b748151c2c748327307fd289a91b3bdafdd9e64e2d000e65e53d6dcf11c5830?s=96&d=mm&r=g","url":"https:\/\/secure.gravatar.com\/avatar\/2b748151c2c748327307fd289a91b3bdafdd9e64e2d000e65e53d6dcf11c5830?s=96&d=mm&r=g","contentUrl":"https:\/\/secure.gravatar.com\/avatar\/2b748151c2c748327307fd289a91b3bdafdd9e64e2d000e65e53d6dcf11c5830?s=96&d=mm&r=g","caption":"editor"}}]}},"_links":{"self":[{"href":"https:\/\/gardeon.pl\/pl\/wp-json\/wp\/v2\/posts\/47065","targetHints":{"allow":["GET"]}}],"collection":[{"href":"https:\/\/gardeon.pl\/pl\/wp-json\/wp\/v2\/posts"}],"about":[{"href":"https:\/\/gardeon.pl\/pl\/wp-json\/wp\/v2\/types\/post"}],"author":[{"embeddable":true,"href":"https:\/\/gardeon.pl\/pl\/wp-json\/wp\/v2\/users\/2"}],"replies":[{"embeddable":true,"href":"https:\/\/gardeon.pl\/pl\/wp-json\/wp\/v2\/comments?post=47065"}],"version-history":[{"count":0,"href":"https:\/\/gardeon.pl\/pl\/wp-json\/wp\/v2\/posts\/47065\/revisions"}],"wp:featuredmedia":[{"embeddable":true,"href":"https:\/\/gardeon.pl\/pl\/wp-json\/wp\/v2\/media\/44426"}],"wp:attachment":[{"href":"https:\/\/gardeon.pl\/pl\/wp-json\/wp\/v2\/media?parent=47065"}],"wp:term":[{"taxonomy":"category","embeddable":true,"href":"https:\/\/gardeon.pl\/pl\/wp-json\/wp\/v2\/categories?post=47065"},{"taxonomy":"post_tag","embeddable":true,"href":"https:\/\/gardeon.pl\/pl\/wp-json\/wp\/v2\/tags?post=47065"}],"curies":[{"name":"wp","href":"https:\/\/api.w.org\/{rel}","templated":true}]}}