{"id":47081,"date":"2026-04-23T17:41:28","date_gmt":"2026-04-23T15:41:28","guid":{"rendered":"https:\/\/gardeon.pl\/blog\/projekt-budowy-garazu\/"},"modified":"2026-04-23T17:41:28","modified_gmt":"2026-04-23T15:41:28","slug":"projekt-budowy-garazu","status":"publish","type":"post","link":"https:\/\/gardeon.pl\/pl\/blog\/projekt-budowy-garazu\/","title":{"rendered":"Projekt budowy gara\u017cu"},"content":{"rendered":"<p><i><span style=\"font-weight: 400;\">Rozwa\u017caj\u0105 Pa\u0144stwo budow\u0119 gara\u017cu na w\u0142asnej dzia\u0142ce? Mo\u017ce si\u0119 to nie wydawa\u0107 oczywiste, ale gara\u017c \u2013 podobnie jak dom \u2013 jest obiektem budowlanym, do kt\u00f3rego potrzebne b\u0119dzie pozwolenie na budow\u0119. Jak za\u0142atwi\u0107 to szybko i bez stresu? Co dok\u0142adnie trzeba spe\u0142ni\u0107 i zrobi\u0107? Prosz\u0119 przeczyta\u0107 w dzisiejszym wpisie na naszym blogu.    <\/span><\/i><\/p>\n<p><!--more--><\/p>\n<h2 style=\"text-align: center;\">Do 25 m2<\/h2>\n<p><span style=\"font-weight: 400;\">Zgodnie z przepisami <\/span><a href=\"https:\/\/gardeon.pl\/garaze\/\"><span style=\"font-weight: 400;\">gara\u017c<\/span><\/a><span style=\"font-weight: 400;\"> jest obiektem, do kt\u00f3rego potrzebne s\u0105 odpowiednie dokumenty. Przed realizacj\u0105 inwestycji nale\u017cy w urz\u0119dzie budowlanym z\u0142o\u017cy\u0107 dokumentacj\u0119 projektow\u0105 wraz ze zg\u0142oszeniem budowy obiektu ma\u0142ej architektury. Takich dokument\u00f3w urz\u0105d b\u0119dzie wymaga\u0142 przy budowie o powierzchni zabudowy mniejszej ni\u017c 25 m2.<\/span><\/p>\n<p><a href=\"http:\/\/gardeon.pl\/wp-content\/uploads\/2020\/10\/gardeon-garaz-pre-jedno-auto-139.jpg\"><img loading=\"lazy\" decoding=\"async\" class=\"aligncenter wp-image-28957\" src=\"http:\/\/gardeon.pl\/wp-content\/uploads\/2020\/10\/gardeon-garaz-pre-jedno-auto-139.jpg\" alt=\"Dok\u0142adne wej\u015bcie do gara\u017cu na jedno auto\" width=\"800\" height=\"533\" srcset=\"https:\/\/gardeon.pl\/wp-content\/uploads\/2020\/10\/gardeon-garaz-pre-jedno-auto-139.jpg 2000w, https:\/\/gardeon.pl\/wp-content\/uploads\/2020\/10\/gardeon-garaz-pre-jedno-auto-139-300x200.jpg 300w, https:\/\/gardeon.pl\/wp-content\/uploads\/2020\/10\/gardeon-garaz-pre-jedno-auto-139-1024x682.jpg 1024w, https:\/\/gardeon.pl\/wp-content\/uploads\/2020\/10\/gardeon-garaz-pre-jedno-auto-139-768x512.jpg 768w, https:\/\/gardeon.pl\/wp-content\/uploads\/2020\/10\/gardeon-garaz-pre-jedno-auto-139-1536x1024.jpg 1536w\" sizes=\"auto, (max-width: 800px) 100vw, 800px\" \/><\/a><\/p>\n<p><span style=\"font-weight: 400;\">Zg\u0142oszenie budowy obiektu ma\u0142ej architektury zawiera dane inwestora i obiektu, a do zg\u0142oszenia nale\u017cy do\u0142\u0105czy\u0107 m.in. dokument potwierdzaj\u0105cy w\u0142asno\u015b\u0107 lub inne prawo do dzia\u0142ki, na kt\u00f3rej chc\u0105 Pa\u0144stwo budowa\u0107. Je\u015bli ju\u017c teraz kr\u0119ci si\u0119 Pa\u0144stwu w g\u0142owie od formalno\u015bci, mamy dla Pa\u0144stwa wskaz\u00f3wk\u0119. Nasza <\/span><a href=\"https:\/\/gardeon.pl\/kontakt\/o-nas\/\"><span style=\"font-weight: 400;\">firma<\/span><\/a><span style=\"font-weight: 400;\"> przygotuje dla Pa\u0144stwa dokumentacj\u0119 projektow\u0105 do gara\u017cu modu\u0142owego ca\u0142kowicie bezp\u0142atnie.<\/span><\/p>\n<h2 style=\"text-align: center;\">Powy\u017cej 25 m2<\/h2>\n<p><span style=\"font-weight: 400;\">A co, je\u015bli Pa\u0144stwa obiekt jest wi\u0119kszy ni\u017c 25 m2? W takim przypadku dokumentacj\u0119 projektow\u0105 zast\u0119puje projekt budowlany do <\/span><a href=\"https:\/\/gardeon.pl\/garaze\/sluzby\/stavebni-povoleni\/\"><span style=\"font-weight: 400;\">pozwolenia na budow\u0119<\/span><\/a><span style=\"font-weight: 400;\">. Przepisy stanowi\u0105, \u017ce musi on zosta\u0107 opracowany przez profesjonalnego architekta. Zapewnia to og\u00f3lne bezpiecze\u0144stwo obiektu. Projekt budowlany musi bowiem zawiera\u0107 informacje o przysz\u0142ej eksploatacji oraz wp\u0142ywie na \u015brodowisko i zdrowie ludzi. Gdzie znale\u017a\u0107 takiego architekta?<\/span><\/p>\n<p><a href=\"http:\/\/gardeon.pl\/wp-content\/uploads\/2020\/10\/gardeon-garaz-pre-dve-auta-113.jpg\"><img loading=\"lazy\" decoding=\"async\" class=\"aligncenter wp-image-28933\" src=\"http:\/\/gardeon.pl\/wp-content\/uploads\/2020\/10\/gardeon-garaz-pre-dve-auta-113.jpg\" alt=\"Gara\u017c na dwa auta \u2013 widok z przodu\" width=\"800\" height=\"533\" srcset=\"https:\/\/gardeon.pl\/wp-content\/uploads\/2020\/10\/gardeon-garaz-pre-dve-auta-113.jpg 2000w, https:\/\/gardeon.pl\/wp-content\/uploads\/2020\/10\/gardeon-garaz-pre-dve-auta-113-300x200.jpg 300w, https:\/\/gardeon.pl\/wp-content\/uploads\/2020\/10\/gardeon-garaz-pre-dve-auta-113-1024x682.jpg 1024w, https:\/\/gardeon.pl\/wp-content\/uploads\/2020\/10\/gardeon-garaz-pre-dve-auta-113-768x512.jpg 768w, https:\/\/gardeon.pl\/wp-content\/uploads\/2020\/10\/gardeon-garaz-pre-dve-auta-113-1536x1024.jpg 1536w\" sizes=\"auto, (max-width: 800px) 100vw, 800px\" \/><\/a><\/p>\n<p><span style=\"font-weight: 400;\">Musi mie\u0107 czas, a je\u015bli ju\u017c go ma, jego stawki wynosz\u0105 zwykle kilkaset euro. Dobr\u0105 wiadomo\u015bci\u0105 jest to, \u017ce w tym przypadku r\u00f3wnie\u017c mo\u017cemy pom\u00f3c. <\/span><\/p>\n<p><span style=\"font-weight: 400;\">Na podstawie uzgodnionego rzutu gara\u017cu udost\u0119pnimy Pa\u0144stwu naszego architekta firmowego, kt\u00f3ry przygotuje <\/span><a href=\"https:\/\/gardeon.sk\/garaze\/sluzby\/stavebne-povolenie\/\"><span style=\"font-weight: 400;\">kompletny projekt budowlany gara\u017cu modu\u0142owego<\/span><\/a><span style=\"font-weight: 400;\">. Cena wynosi 200 euro, a projekt otrzymaj\u0105 Pa\u0144stwo ju\u017c w ci\u0105gu 7\u201310 dni roboczych.<\/span><\/p>\n<p><strong><a href=\"http:\/\/gardeon.pl\/wp-content\/uploads\/2020\/10\/gardeon-atypicka-garaz-35.jpg\"><img loading=\"lazy\" decoding=\"async\" class=\"aligncenter wp-image-28454\" src=\"http:\/\/gardeon.pl\/wp-content\/uploads\/2020\/10\/gardeon-atypicka-garaz-35.jpg\" alt=\"Monterzy przed nietypowym gara\u017cem w kolorze bia\u0142ym\" width=\"800\" height=\"533\" srcset=\"https:\/\/gardeon.pl\/wp-content\/uploads\/2020\/10\/gardeon-atypicka-garaz-35.jpg 2000w, https:\/\/gardeon.pl\/wp-content\/uploads\/2020\/10\/gardeon-atypicka-garaz-35-300x200.jpg 300w, https:\/\/gardeon.pl\/wp-content\/uploads\/2020\/10\/gardeon-atypicka-garaz-35-1024x682.jpg 1024w, https:\/\/gardeon.pl\/wp-content\/uploads\/2020\/10\/gardeon-atypicka-garaz-35-768x512.jpg 768w, https:\/\/gardeon.pl\/wp-content\/uploads\/2020\/10\/gardeon-atypicka-garaz-35-1536x1024.jpg 1536w\" sizes=\"auto, (max-width: 800px) 100vw, 800px\" \/><\/a><\/strong><\/p>\n<p><span style=\"font-weight: 400;\">Dokumenty dotycz\u0105ce budowy s\u0105 wa\u017cne i nie nale\u017cy zaniedbywa\u0107 ich przygotowania. Dlatego zalecamy wsp\u00f3\u0142prac\u0119 ze specjalistami, kt\u00f3rzy pomog\u0105 Pa\u0144stwu przygotowa\u0107 wszystko, co potrzebne. <\/span><\/p>\n<p><span style=\"font-weight: 400;\">Wybrali Pa\u0144stwo idealny gara\u017c, ale nie wiedz\u0105, gdzie umie\u015bci\u0107 go na dzia\u0142ce lub czy zmie\u015bci si\u0119 w wybranej przestrzeni? Dzi\u0119ki temu <\/span><a href=\"https:\/\/gardeon.pl\/blog\/jak-vybrat-vhodne-misto-na-garaz-a-jak-ho-vymerit\/\"><span style=\"font-weight: 400;\">praktycznemu poradnikowi<\/span><\/a><span style=\"font-weight: 400;\"> na pewno wszystko Pa\u0144stwo rozwi\u0105\u017c\u0105.<\/span><\/p>\n<p>&nbsp;<\/p>\n<h5>\u0179r\u00f3d\u0142o (Source):<\/h5>\n<h5>Fotobank GARDEON<\/h5>\n","protected":false},"excerpt":{"rendered":"<p>Rozwa\u017caj\u0105 Pa\u0144stwo budow\u0119 gara\u017cu na w\u0142asnej dzia\u0142ce? Mo\u017ce si\u0119 to nie wydawa\u0107 oczywiste, ale gara\u017c \u2013 podobnie jak dom \u2013 jest obiektem budowlanym, do kt\u00f3rego potrzebne b\u0119dzie pozwolenie na budow\u0119. Jak za\u0142atwi\u0107 to szybko i bez stresu? Co dok\u0142adnie trzeba spe\u0142ni\u0107 i zrobi\u0107? Prosz\u0119 przeczyta\u0107 w dzisiejszym wpisie na naszym blogu.<\/p>\n","protected":false},"author":2,"featured_media":47082,"comment_status":"open","ping_status":"open","sticky":false,"template":"","format":"standard","meta":{"_acf_changed":false,"inline_featured_image":false,"footnotes":""},"categories":[578,580],"tags":[581,650,804,588,579],"class_list":["post-47081","post","type-post","status-publish","format-standard","has-post-thumbnail","hentry","category-garaze-blaszane","category-jak-to-zrobic-garaze-diy","tag-garaz","tag-garaz-gardeon-2","tag-garaz-modulowy-gardeon","tag-garaz-montowany","tag-gardeon"],"acf":[],"yoast_head":"<!-- This site is optimized with the Yoast SEO plugin v27.4 - https:\/\/yoast.com\/product\/yoast-seo-wordpress\/ -->\n<title>Projekt budowy gara\u017cu | GARDEON<\/title>\n<meta name=\"robots\" content=\"index, follow, max-snippet:-1, max-image-preview:large, max-video-preview:-1\" \/>\n<link rel=\"canonical\" href=\"https:\/\/gardeon.pl\/pl\/blog\/projekt-budowy-garazu\/\" \/>\n<meta property=\"og:locale\" content=\"pl_PL\" \/>\n<meta property=\"og:type\" content=\"article\" \/>\n<meta property=\"og:title\" content=\"Projekt budowy gara\u017cu | GARDEON\" \/>\n<meta property=\"og:description\" content=\"Rozwa\u017caj\u0105 Pa\u0144stwo budow\u0119 gara\u017cu na w\u0142asnej dzia\u0142ce? Mo\u017ce si\u0119 to nie wydawa\u0107 oczywiste, ale gara\u017c \u2013 podobnie jak dom \u2013 jest obiektem budowlanym, do kt\u00f3rego potrzebne b\u0119dzie pozwolenie na budow\u0119. Jak za\u0142atwi\u0107 to szybko i bez stresu? Co dok\u0142adnie trzeba spe\u0142ni\u0107 i zrobi\u0107? Prosz\u0119 przeczyta\u0107 w dzisiejszym wpisie na naszym blogu.\" \/>\n<meta property=\"og:url\" content=\"https:\/\/gardeon.pl\/pl\/blog\/projekt-budowy-garazu\/\" \/>\n<meta property=\"og:site_name\" content=\"GARDEON\" \/>\n<meta property=\"article:published_time\" content=\"2026-04-23T15:41:28+00:00\" \/>\n<meta property=\"og:image\" content=\"https:\/\/gardeon.pl\/wp-content\/uploads\/2020\/07\/Pl\u00e1novanie-projektu-2.png\" \/>\n\t<meta property=\"og:image:width\" content=\"2000\" \/>\n\t<meta property=\"og:image:height\" content=\"1125\" \/>\n\t<meta property=\"og:image:type\" content=\"image\/png\" \/>\n<meta name=\"author\" content=\"editor\" \/>\n<meta name=\"twitter:card\" content=\"summary_large_image\" \/>\n<meta name=\"twitter:label1\" content=\"Napisane przez\" \/>\n\t<meta name=\"twitter:data1\" content=\"editor\" \/>\n\t<meta name=\"twitter:label2\" content=\"Szacowany czas czytania\" \/>\n\t<meta name=\"twitter:data2\" content=\"2 minuty\" \/>\n<script type=\"application\/ld+json\" class=\"yoast-schema-graph\">{\"@context\":\"https:\\\/\\\/schema.org\",\"@graph\":[{\"@type\":\"Article\",\"@id\":\"https:\\\/\\\/gardeon.pl\\\/pl\\\/blog\\\/projekt-budowy-garazu\\\/#article\",\"isPartOf\":{\"@id\":\"https:\\\/\\\/gardeon.pl\\\/pl\\\/blog\\\/projekt-budowy-garazu\\\/\"},\"author\":{\"name\":\"editor\",\"@id\":\"https:\\\/\\\/gardeon.pl\\\/#\\\/schema\\\/person\\\/a5762ca5f0790bf92774af0899379463\"},\"headline\":\"Projekt budowy gara\u017cu\",\"datePublished\":\"2026-04-23T15:41:28+00:00\",\"mainEntityOfPage\":{\"@id\":\"https:\\\/\\\/gardeon.pl\\\/pl\\\/blog\\\/projekt-budowy-garazu\\\/\"},\"wordCount\":400,\"commentCount\":0,\"image\":{\"@id\":\"https:\\\/\\\/gardeon.pl\\\/pl\\\/blog\\\/projekt-budowy-garazu\\\/#primaryimage\"},\"thumbnailUrl\":\"https:\\\/\\\/gardeon.pl\\\/wp-content\\\/uploads\\\/2020\\\/07\\\/Pl\u00e1novanie-projektu-2.png\",\"keywords\":[\"gara\u017c\",\"gara\u017c gardeon\",\"gara\u017c modu\u0142owy gardeon\",\"gara\u017c montowany\",\"GARDEON\"],\"articleSection\":[\"Gara\u017ce blaszane\",\"Jak to zrobi\u0107 \u2013 gara\u017ce | DIY\"],\"inLanguage\":\"pl-PL\",\"potentialAction\":[{\"@type\":\"CommentAction\",\"name\":\"Comment\",\"target\":[\"https:\\\/\\\/gardeon.pl\\\/pl\\\/blog\\\/projekt-budowy-garazu\\\/#respond\"]}]},{\"@type\":\"WebPage\",\"@id\":\"https:\\\/\\\/gardeon.pl\\\/pl\\\/blog\\\/projekt-budowy-garazu\\\/\",\"url\":\"https:\\\/\\\/gardeon.pl\\\/pl\\\/blog\\\/projekt-budowy-garazu\\\/\",\"name\":\"Projekt budowy gara\u017cu | GARDEON\",\"isPartOf\":{\"@id\":\"https:\\\/\\\/gardeon.pl\\\/#website\"},\"primaryImageOfPage\":{\"@id\":\"https:\\\/\\\/gardeon.pl\\\/pl\\\/blog\\\/projekt-budowy-garazu\\\/#primaryimage\"},\"image\":{\"@id\":\"https:\\\/\\\/gardeon.pl\\\/pl\\\/blog\\\/projekt-budowy-garazu\\\/#primaryimage\"},\"thumbnailUrl\":\"https:\\\/\\\/gardeon.pl\\\/wp-content\\\/uploads\\\/2020\\\/07\\\/Pl\u00e1novanie-projektu-2.png\",\"datePublished\":\"2026-04-23T15:41:28+00:00\",\"author\":{\"@id\":\"https:\\\/\\\/gardeon.pl\\\/#\\\/schema\\\/person\\\/a5762ca5f0790bf92774af0899379463\"},\"breadcrumb\":{\"@id\":\"https:\\\/\\\/gardeon.pl\\\/pl\\\/blog\\\/projekt-budowy-garazu\\\/#breadcrumb\"},\"inLanguage\":\"pl-PL\",\"potentialAction\":[{\"@type\":\"ReadAction\",\"target\":[\"https:\\\/\\\/gardeon.pl\\\/pl\\\/blog\\\/projekt-budowy-garazu\\\/\"]}]},{\"@type\":\"ImageObject\",\"inLanguage\":\"pl-PL\",\"@id\":\"https:\\\/\\\/gardeon.pl\\\/pl\\\/blog\\\/projekt-budowy-garazu\\\/#primaryimage\",\"url\":\"https:\\\/\\\/gardeon.pl\\\/wp-content\\\/uploads\\\/2020\\\/07\\\/Pl\u00e1novanie-projektu-2.png\",\"contentUrl\":\"https:\\\/\\\/gardeon.pl\\\/wp-content\\\/uploads\\\/2020\\\/07\\\/Pl\u00e1novanie-projektu-2.png\",\"width\":2000,\"height\":1125,\"caption\":\"Planowanie projektu\"},{\"@type\":\"BreadcrumbList\",\"@id\":\"https:\\\/\\\/gardeon.pl\\\/pl\\\/blog\\\/projekt-budowy-garazu\\\/#breadcrumb\",\"itemListElement\":[{\"@type\":\"ListItem\",\"position\":1,\"name\":\"Domov\",\"item\":\"https:\\\/\\\/gardeon.pl\\\/pl\\\/\"},{\"@type\":\"ListItem\",\"position\":2,\"name\":\"Projekt budowy gara\u017cu\"}]},{\"@type\":\"WebSite\",\"@id\":\"https:\\\/\\\/gardeon.pl\\\/#website\",\"url\":\"https:\\\/\\\/gardeon.pl\\\/\",\"name\":\"GARDEON\",\"description\":\"\",\"potentialAction\":[{\"@type\":\"SearchAction\",\"target\":{\"@type\":\"EntryPoint\",\"urlTemplate\":\"https:\\\/\\\/gardeon.pl\\\/?s={search_term_string}\"},\"query-input\":{\"@type\":\"PropertyValueSpecification\",\"valueRequired\":true,\"valueName\":\"search_term_string\"}}],\"inLanguage\":\"pl-PL\"},{\"@type\":\"Person\",\"@id\":\"https:\\\/\\\/gardeon.pl\\\/#\\\/schema\\\/person\\\/a5762ca5f0790bf92774af0899379463\",\"name\":\"editor\",\"image\":{\"@type\":\"ImageObject\",\"inLanguage\":\"pl-PL\",\"@id\":\"https:\\\/\\\/secure.gravatar.com\\\/avatar\\\/2b748151c2c748327307fd289a91b3bdafdd9e64e2d000e65e53d6dcf11c5830?s=96&d=mm&r=g\",\"url\":\"https:\\\/\\\/secure.gravatar.com\\\/avatar\\\/2b748151c2c748327307fd289a91b3bdafdd9e64e2d000e65e53d6dcf11c5830?s=96&d=mm&r=g\",\"contentUrl\":\"https:\\\/\\\/secure.gravatar.com\\\/avatar\\\/2b748151c2c748327307fd289a91b3bdafdd9e64e2d000e65e53d6dcf11c5830?s=96&d=mm&r=g\",\"caption\":\"editor\"}}]}<\/script>\n<!-- \/ Yoast SEO plugin. -->","yoast_head_json":{"title":"Projekt budowy gara\u017cu | GARDEON","robots":{"index":"index","follow":"follow","max-snippet":"max-snippet:-1","max-image-preview":"max-image-preview:large","max-video-preview":"max-video-preview:-1"},"canonical":"https:\/\/gardeon.pl\/pl\/blog\/projekt-budowy-garazu\/","og_locale":"pl_PL","og_type":"article","og_title":"Projekt budowy gara\u017cu | GARDEON","og_description":"Rozwa\u017caj\u0105 Pa\u0144stwo budow\u0119 gara\u017cu na w\u0142asnej dzia\u0142ce? Mo\u017ce si\u0119 to nie wydawa\u0107 oczywiste, ale gara\u017c \u2013 podobnie jak dom \u2013 jest obiektem budowlanym, do kt\u00f3rego potrzebne b\u0119dzie pozwolenie na budow\u0119. Jak za\u0142atwi\u0107 to szybko i bez stresu? Co dok\u0142adnie trzeba spe\u0142ni\u0107 i zrobi\u0107? Prosz\u0119 przeczyta\u0107 w dzisiejszym wpisie na naszym blogu.","og_url":"https:\/\/gardeon.pl\/pl\/blog\/projekt-budowy-garazu\/","og_site_name":"GARDEON","article_published_time":"2026-04-23T15:41:28+00:00","og_image":[{"width":2000,"height":1125,"url":"https:\/\/gardeon.pl\/wp-content\/uploads\/2020\/07\/Pl\u00e1novanie-projektu-2.png","type":"image\/png"}],"author":"editor","twitter_card":"summary_large_image","twitter_misc":{"Napisane przez":"editor","Szacowany czas czytania":"2 minuty"},"schema":{"@context":"https:\/\/schema.org","@graph":[{"@type":"Article","@id":"https:\/\/gardeon.pl\/pl\/blog\/projekt-budowy-garazu\/#article","isPartOf":{"@id":"https:\/\/gardeon.pl\/pl\/blog\/projekt-budowy-garazu\/"},"author":{"name":"editor","@id":"https:\/\/gardeon.pl\/#\/schema\/person\/a5762ca5f0790bf92774af0899379463"},"headline":"Projekt budowy gara\u017cu","datePublished":"2026-04-23T15:41:28+00:00","mainEntityOfPage":{"@id":"https:\/\/gardeon.pl\/pl\/blog\/projekt-budowy-garazu\/"},"wordCount":400,"commentCount":0,"image":{"@id":"https:\/\/gardeon.pl\/pl\/blog\/projekt-budowy-garazu\/#primaryimage"},"thumbnailUrl":"https:\/\/gardeon.pl\/wp-content\/uploads\/2020\/07\/Pl\u00e1novanie-projektu-2.png","keywords":["gara\u017c","gara\u017c gardeon","gara\u017c modu\u0142owy gardeon","gara\u017c montowany","GARDEON"],"articleSection":["Gara\u017ce blaszane","Jak to zrobi\u0107 \u2013 gara\u017ce | DIY"],"inLanguage":"pl-PL","potentialAction":[{"@type":"CommentAction","name":"Comment","target":["https:\/\/gardeon.pl\/pl\/blog\/projekt-budowy-garazu\/#respond"]}]},{"@type":"WebPage","@id":"https:\/\/gardeon.pl\/pl\/blog\/projekt-budowy-garazu\/","url":"https:\/\/gardeon.pl\/pl\/blog\/projekt-budowy-garazu\/","name":"Projekt budowy gara\u017cu | GARDEON","isPartOf":{"@id":"https:\/\/gardeon.pl\/#website"},"primaryImageOfPage":{"@id":"https:\/\/gardeon.pl\/pl\/blog\/projekt-budowy-garazu\/#primaryimage"},"image":{"@id":"https:\/\/gardeon.pl\/pl\/blog\/projekt-budowy-garazu\/#primaryimage"},"thumbnailUrl":"https:\/\/gardeon.pl\/wp-content\/uploads\/2020\/07\/Pl\u00e1novanie-projektu-2.png","datePublished":"2026-04-23T15:41:28+00:00","author":{"@id":"https:\/\/gardeon.pl\/#\/schema\/person\/a5762ca5f0790bf92774af0899379463"},"breadcrumb":{"@id":"https:\/\/gardeon.pl\/pl\/blog\/projekt-budowy-garazu\/#breadcrumb"},"inLanguage":"pl-PL","potentialAction":[{"@type":"ReadAction","target":["https:\/\/gardeon.pl\/pl\/blog\/projekt-budowy-garazu\/"]}]},{"@type":"ImageObject","inLanguage":"pl-PL","@id":"https:\/\/gardeon.pl\/pl\/blog\/projekt-budowy-garazu\/#primaryimage","url":"https:\/\/gardeon.pl\/wp-content\/uploads\/2020\/07\/Pl\u00e1novanie-projektu-2.png","contentUrl":"https:\/\/gardeon.pl\/wp-content\/uploads\/2020\/07\/Pl\u00e1novanie-projektu-2.png","width":2000,"height":1125,"caption":"Planowanie projektu"},{"@type":"BreadcrumbList","@id":"https:\/\/gardeon.pl\/pl\/blog\/projekt-budowy-garazu\/#breadcrumb","itemListElement":[{"@type":"ListItem","position":1,"name":"Domov","item":"https:\/\/gardeon.pl\/pl\/"},{"@type":"ListItem","position":2,"name":"Projekt budowy gara\u017cu"}]},{"@type":"WebSite","@id":"https:\/\/gardeon.pl\/#website","url":"https:\/\/gardeon.pl\/","name":"GARDEON","description":"","potentialAction":[{"@type":"SearchAction","target":{"@type":"EntryPoint","urlTemplate":"https:\/\/gardeon.pl\/?s={search_term_string}"},"query-input":{"@type":"PropertyValueSpecification","valueRequired":true,"valueName":"search_term_string"}}],"inLanguage":"pl-PL"},{"@type":"Person","@id":"https:\/\/gardeon.pl\/#\/schema\/person\/a5762ca5f0790bf92774af0899379463","name":"editor","image":{"@type":"ImageObject","inLanguage":"pl-PL","@id":"https:\/\/secure.gravatar.com\/avatar\/2b748151c2c748327307fd289a91b3bdafdd9e64e2d000e65e53d6dcf11c5830?s=96&d=mm&r=g","url":"https:\/\/secure.gravatar.com\/avatar\/2b748151c2c748327307fd289a91b3bdafdd9e64e2d000e65e53d6dcf11c5830?s=96&d=mm&r=g","contentUrl":"https:\/\/secure.gravatar.com\/avatar\/2b748151c2c748327307fd289a91b3bdafdd9e64e2d000e65e53d6dcf11c5830?s=96&d=mm&r=g","caption":"editor"}}]}},"_links":{"self":[{"href":"https:\/\/gardeon.pl\/pl\/wp-json\/wp\/v2\/posts\/47081","targetHints":{"allow":["GET"]}}],"collection":[{"href":"https:\/\/gardeon.pl\/pl\/wp-json\/wp\/v2\/posts"}],"about":[{"href":"https:\/\/gardeon.pl\/pl\/wp-json\/wp\/v2\/types\/post"}],"author":[{"embeddable":true,"href":"https:\/\/gardeon.pl\/pl\/wp-json\/wp\/v2\/users\/2"}],"replies":[{"embeddable":true,"href":"https:\/\/gardeon.pl\/pl\/wp-json\/wp\/v2\/comments?post=47081"}],"version-history":[{"count":0,"href":"https:\/\/gardeon.pl\/pl\/wp-json\/wp\/v2\/posts\/47081\/revisions"}],"wp:featuredmedia":[{"embeddable":true,"href":"https:\/\/gardeon.pl\/pl\/wp-json\/wp\/v2\/media\/47082"}],"wp:attachment":[{"href":"https:\/\/gardeon.pl\/pl\/wp-json\/wp\/v2\/media?parent=47081"}],"wp:term":[{"taxonomy":"category","embeddable":true,"href":"https:\/\/gardeon.pl\/pl\/wp-json\/wp\/v2\/categories?post=47081"},{"taxonomy":"post_tag","embeddable":true,"href":"https:\/\/gardeon.pl\/pl\/wp-json\/wp\/v2\/tags?post=47081"}],"curies":[{"name":"wp","href":"https:\/\/api.w.org\/{rel}","templated":true}]}}