{"id":47083,"date":"2026-04-23T17:41:28","date_gmt":"2026-04-23T15:41:28","guid":{"rendered":"https:\/\/gardeon.pl\/blog\/6-wskazowek-jak-urzadzic-garaz-dla-mezczyzny\/"},"modified":"2026-04-23T17:41:28","modified_gmt":"2026-04-23T15:41:28","slug":"6-wskazowek-jak-urzadzic-garaz-dla-mezczyzny","status":"publish","type":"post","link":"https:\/\/gardeon.pl\/pl\/blog\/6-wskazowek-jak-urzadzic-garaz-dla-mezczyzny\/","title":{"rendered":"6 wskaz\u00f3wek, jak urz\u0105dzi\u0107 gara\u017c dla m\u0119\u017cczyzny"},"content":{"rendered":"<p><em>Ka\u017cdy m\u0119\u017cczyzna czasem potrzebuje chwili dla siebie. Kilku godzin, podczas kt\u00f3rych mo\u017ce po\u015bwi\u0119ci\u0107 si\u0119 swoim m\u0119skim pasjom, czasu sp\u0119dzonego z przyjaci\u00f3\u0142mi. Chwili, w kt\u00f3rej si\u0119 czym\u015b zajmie, \u201eprzewietrzy g\u0142ow\u0119\u201d i nabierze nowych si\u0142, aby potem m\u00f3c z pe\u0142nym zaanga\u017cowaniem zabra\u0107 si\u0119 za codzienne obowi\u0105zki. Wa\u017cny jest nie tylko czas, ale tak\u017ce miejsce. Idealnym miejscem, w kt\u00f3rym mo\u017cna stworzy\u0107 odpowiedni m\u0119ski pok\u00f3j do relaksu, jest gara\u017c.    <\/em><\/p>\n<p><!--more--><\/p>\n","protected":false},"excerpt":{"rendered":"<p>Ka\u017cdy m\u0119\u017cczyzna czasem potrzebuje chwili dla siebie. Kilku godzin, podczas kt\u00f3rych mo\u017ce po\u015bwi\u0119ci\u0107 si\u0119 swoim m\u0119skim pasjom, czasu sp\u0119dzonego z przyjaci\u00f3\u0142mi. Chwili, w kt\u00f3rej si\u0119 czym\u015b zajmie, \u201eprzewietrzy g\u0142ow\u0119\u201d i nabierze nowych si\u0142, aby potem m\u00f3c z pe\u0142nym zaanga\u017cowaniem zabra\u0107 si\u0119 za codzienne obowi\u0105zki. Wa\u017cny jest nie tylko czas, ale tak\u017ce miejsce. Idealnym miejscem, w [&hellip;]<\/p>\n","protected":false},"author":2,"featured_media":44840,"comment_status":"open","ping_status":"open","sticky":false,"template":"","format":"standard","meta":{"_acf_changed":false,"inline_featured_image":false,"footnotes":""},"categories":[770,607,594],"tags":[590,650,588,579],"class_list":["post-47083","post","type-post","status-publish","format-standard","has-post-thumbnail","hentry","category-garaze","category-inspiracje","category-ogrod","tag-garaz-betonowy","tag-garaz-gardeon-2","tag-garaz-montowany","tag-gardeon"],"acf":[],"yoast_head":"<!-- This site is optimized with the Yoast SEO plugin v27.4 - https:\/\/yoast.com\/product\/yoast-seo-wordpress\/ -->\n<title>6 wskaz\u00f3wek, jak urz\u0105dzi\u0107 gara\u017c dla m\u0119\u017cczyzny - GARDEON<\/title>\n<meta name=\"robots\" content=\"index, follow, max-snippet:-1, max-image-preview:large, max-video-preview:-1\" \/>\n<link rel=\"canonical\" href=\"https:\/\/gardeon.pl\/pl\/blog\/6-wskazowek-jak-urzadzic-garaz-dla-mezczyzny\/\" \/>\n<meta property=\"og:locale\" content=\"pl_PL\" \/>\n<meta property=\"og:type\" content=\"article\" \/>\n<meta property=\"og:title\" content=\"6 wskaz\u00f3wek, jak urz\u0105dzi\u0107 gara\u017c dla m\u0119\u017cczyzny - GARDEON\" \/>\n<meta property=\"og:description\" content=\"Ka\u017cdy m\u0119\u017cczyzna czasem potrzebuje chwili dla siebie. Kilku godzin, podczas kt\u00f3rych mo\u017ce po\u015bwi\u0119ci\u0107 si\u0119 swoim m\u0119skim pasjom, czasu sp\u0119dzonego z przyjaci\u00f3\u0142mi. Chwili, w kt\u00f3rej si\u0119 czym\u015b zajmie, \u201eprzewietrzy g\u0142ow\u0119\u201d i nabierze nowych si\u0142, aby potem m\u00f3c z pe\u0142nym zaanga\u017cowaniem zabra\u0107 si\u0119 za codzienne obowi\u0105zki. Wa\u017cny jest nie tylko czas, ale tak\u017ce miejsce. Idealnym miejscem, w [&hellip;]\" \/>\n<meta property=\"og:url\" content=\"https:\/\/gardeon.pl\/pl\/blog\/6-wskazowek-jak-urzadzic-garaz-dla-mezczyzny\/\" \/>\n<meta property=\"og:site_name\" content=\"GARDEON\" \/>\n<meta property=\"article:published_time\" content=\"2026-04-23T15:41:28+00:00\" \/>\n<meta property=\"og:image\" content=\"https:\/\/gardeon.pl\/wp-content\/uploads\/2022\/10\/gardeon-garaz-pre-dve-auta-pultova-strecha-645-2020-AT-9-1.webp\" \/>\n\t<meta property=\"og:image:width\" content=\"2000\" \/>\n\t<meta property=\"og:image:height\" content=\"1333\" \/>\n\t<meta property=\"og:image:type\" content=\"image\/webp\" \/>\n<meta name=\"author\" content=\"editor\" \/>\n<meta name=\"twitter:card\" content=\"summary_large_image\" \/>\n<meta name=\"twitter:label1\" content=\"Napisane przez\" \/>\n\t<meta name=\"twitter:data1\" content=\"editor\" \/>\n<script type=\"application\/ld+json\" class=\"yoast-schema-graph\">{\"@context\":\"https:\\\/\\\/schema.org\",\"@graph\":[{\"@type\":\"Article\",\"@id\":\"https:\\\/\\\/gardeon.pl\\\/pl\\\/blog\\\/6-wskazowek-jak-urzadzic-garaz-dla-mezczyzny\\\/#article\",\"isPartOf\":{\"@id\":\"https:\\\/\\\/gardeon.pl\\\/pl\\\/blog\\\/6-wskazowek-jak-urzadzic-garaz-dla-mezczyzny\\\/\"},\"author\":{\"name\":\"editor\",\"@id\":\"https:\\\/\\\/gardeon.pl\\\/#\\\/schema\\\/person\\\/a5762ca5f0790bf92774af0899379463\"},\"headline\":\"6 wskaz\u00f3wek, jak urz\u0105dzi\u0107 gara\u017c dla m\u0119\u017cczyzny\",\"datePublished\":\"2026-04-23T15:41:28+00:00\",\"mainEntityOfPage\":{\"@id\":\"https:\\\/\\\/gardeon.pl\\\/pl\\\/blog\\\/6-wskazowek-jak-urzadzic-garaz-dla-mezczyzny\\\/\"},\"wordCount\":95,\"commentCount\":0,\"image\":{\"@id\":\"https:\\\/\\\/gardeon.pl\\\/pl\\\/blog\\\/6-wskazowek-jak-urzadzic-garaz-dla-mezczyzny\\\/#primaryimage\"},\"thumbnailUrl\":\"https:\\\/\\\/gardeon.pl\\\/wp-content\\\/uploads\\\/2022\\\/10\\\/gardeon-garaz-pre-dve-auta-pultova-strecha-645-2020-AT-9-1.webp\",\"keywords\":[\"gara\u017c betonowy\",\"gara\u017c gardeon\",\"gara\u017c montowany\",\"GARDEON\"],\"articleSection\":[\"Gara\u017ce\",\"Inspiracje\",\"Ogr\u00f3d\"],\"inLanguage\":\"pl-PL\",\"potentialAction\":[{\"@type\":\"CommentAction\",\"name\":\"Comment\",\"target\":[\"https:\\\/\\\/gardeon.pl\\\/pl\\\/blog\\\/6-wskazowek-jak-urzadzic-garaz-dla-mezczyzny\\\/#respond\"]}]},{\"@type\":\"WebPage\",\"@id\":\"https:\\\/\\\/gardeon.pl\\\/pl\\\/blog\\\/6-wskazowek-jak-urzadzic-garaz-dla-mezczyzny\\\/\",\"url\":\"https:\\\/\\\/gardeon.pl\\\/pl\\\/blog\\\/6-wskazowek-jak-urzadzic-garaz-dla-mezczyzny\\\/\",\"name\":\"6 wskaz\u00f3wek, jak urz\u0105dzi\u0107 gara\u017c dla m\u0119\u017cczyzny - GARDEON\",\"isPartOf\":{\"@id\":\"https:\\\/\\\/gardeon.pl\\\/#website\"},\"primaryImageOfPage\":{\"@id\":\"https:\\\/\\\/gardeon.pl\\\/pl\\\/blog\\\/6-wskazowek-jak-urzadzic-garaz-dla-mezczyzny\\\/#primaryimage\"},\"image\":{\"@id\":\"https:\\\/\\\/gardeon.pl\\\/pl\\\/blog\\\/6-wskazowek-jak-urzadzic-garaz-dla-mezczyzny\\\/#primaryimage\"},\"thumbnailUrl\":\"https:\\\/\\\/gardeon.pl\\\/wp-content\\\/uploads\\\/2022\\\/10\\\/gardeon-garaz-pre-dve-auta-pultova-strecha-645-2020-AT-9-1.webp\",\"datePublished\":\"2026-04-23T15:41:28+00:00\",\"author\":{\"@id\":\"https:\\\/\\\/gardeon.pl\\\/#\\\/schema\\\/person\\\/a5762ca5f0790bf92774af0899379463\"},\"breadcrumb\":{\"@id\":\"https:\\\/\\\/gardeon.pl\\\/pl\\\/blog\\\/6-wskazowek-jak-urzadzic-garaz-dla-mezczyzny\\\/#breadcrumb\"},\"inLanguage\":\"pl-PL\",\"potentialAction\":[{\"@type\":\"ReadAction\",\"target\":[\"https:\\\/\\\/gardeon.pl\\\/pl\\\/blog\\\/6-wskazowek-jak-urzadzic-garaz-dla-mezczyzny\\\/\"]}]},{\"@type\":\"ImageObject\",\"inLanguage\":\"pl-PL\",\"@id\":\"https:\\\/\\\/gardeon.pl\\\/pl\\\/blog\\\/6-wskazowek-jak-urzadzic-garaz-dla-mezczyzny\\\/#primaryimage\",\"url\":\"https:\\\/\\\/gardeon.pl\\\/wp-content\\\/uploads\\\/2022\\\/10\\\/gardeon-garaz-pre-dve-auta-pultova-strecha-645-2020-AT-9-1.webp\",\"contentUrl\":\"https:\\\/\\\/gardeon.pl\\\/wp-content\\\/uploads\\\/2022\\\/10\\\/gardeon-garaz-pre-dve-auta-pultova-strecha-645-2020-AT-9-1.webp\",\"width\":2000,\"height\":1333,\"caption\":\"Wn\u0119trze gara\u017cu \u2013 przestrzenie do przechowywania\"},{\"@type\":\"BreadcrumbList\",\"@id\":\"https:\\\/\\\/gardeon.pl\\\/pl\\\/blog\\\/6-wskazowek-jak-urzadzic-garaz-dla-mezczyzny\\\/#breadcrumb\",\"itemListElement\":[{\"@type\":\"ListItem\",\"position\":1,\"name\":\"Domov\",\"item\":\"https:\\\/\\\/gardeon.pl\\\/pl\\\/\"},{\"@type\":\"ListItem\",\"position\":2,\"name\":\"6 wskaz\u00f3wek, jak urz\u0105dzi\u0107 gara\u017c dla m\u0119\u017cczyzny\"}]},{\"@type\":\"WebSite\",\"@id\":\"https:\\\/\\\/gardeon.pl\\\/#website\",\"url\":\"https:\\\/\\\/gardeon.pl\\\/\",\"name\":\"GARDEON\",\"description\":\"\",\"potentialAction\":[{\"@type\":\"SearchAction\",\"target\":{\"@type\":\"EntryPoint\",\"urlTemplate\":\"https:\\\/\\\/gardeon.pl\\\/?s={search_term_string}\"},\"query-input\":{\"@type\":\"PropertyValueSpecification\",\"valueRequired\":true,\"valueName\":\"search_term_string\"}}],\"inLanguage\":\"pl-PL\"},{\"@type\":\"Person\",\"@id\":\"https:\\\/\\\/gardeon.pl\\\/#\\\/schema\\\/person\\\/a5762ca5f0790bf92774af0899379463\",\"name\":\"editor\",\"image\":{\"@type\":\"ImageObject\",\"inLanguage\":\"pl-PL\",\"@id\":\"https:\\\/\\\/secure.gravatar.com\\\/avatar\\\/2b748151c2c748327307fd289a91b3bdafdd9e64e2d000e65e53d6dcf11c5830?s=96&d=mm&r=g\",\"url\":\"https:\\\/\\\/secure.gravatar.com\\\/avatar\\\/2b748151c2c748327307fd289a91b3bdafdd9e64e2d000e65e53d6dcf11c5830?s=96&d=mm&r=g\",\"contentUrl\":\"https:\\\/\\\/secure.gravatar.com\\\/avatar\\\/2b748151c2c748327307fd289a91b3bdafdd9e64e2d000e65e53d6dcf11c5830?s=96&d=mm&r=g\",\"caption\":\"editor\"}}]}<\/script>\n<!-- \/ Yoast SEO plugin. -->","yoast_head_json":{"title":"6 wskaz\u00f3wek, jak urz\u0105dzi\u0107 gara\u017c dla m\u0119\u017cczyzny - GARDEON","robots":{"index":"index","follow":"follow","max-snippet":"max-snippet:-1","max-image-preview":"max-image-preview:large","max-video-preview":"max-video-preview:-1"},"canonical":"https:\/\/gardeon.pl\/pl\/blog\/6-wskazowek-jak-urzadzic-garaz-dla-mezczyzny\/","og_locale":"pl_PL","og_type":"article","og_title":"6 wskaz\u00f3wek, jak urz\u0105dzi\u0107 gara\u017c dla m\u0119\u017cczyzny - GARDEON","og_description":"Ka\u017cdy m\u0119\u017cczyzna czasem potrzebuje chwili dla siebie. Kilku godzin, podczas kt\u00f3rych mo\u017ce po\u015bwi\u0119ci\u0107 si\u0119 swoim m\u0119skim pasjom, czasu sp\u0119dzonego z przyjaci\u00f3\u0142mi. Chwili, w kt\u00f3rej si\u0119 czym\u015b zajmie, \u201eprzewietrzy g\u0142ow\u0119\u201d i nabierze nowych si\u0142, aby potem m\u00f3c z pe\u0142nym zaanga\u017cowaniem zabra\u0107 si\u0119 za codzienne obowi\u0105zki. Wa\u017cny jest nie tylko czas, ale tak\u017ce miejsce. Idealnym miejscem, w [&hellip;]","og_url":"https:\/\/gardeon.pl\/pl\/blog\/6-wskazowek-jak-urzadzic-garaz-dla-mezczyzny\/","og_site_name":"GARDEON","article_published_time":"2026-04-23T15:41:28+00:00","og_image":[{"width":2000,"height":1333,"url":"https:\/\/gardeon.pl\/wp-content\/uploads\/2022\/10\/gardeon-garaz-pre-dve-auta-pultova-strecha-645-2020-AT-9-1.webp","type":"image\/webp"}],"author":"editor","twitter_card":"summary_large_image","twitter_misc":{"Napisane przez":"editor"},"schema":{"@context":"https:\/\/schema.org","@graph":[{"@type":"Article","@id":"https:\/\/gardeon.pl\/pl\/blog\/6-wskazowek-jak-urzadzic-garaz-dla-mezczyzny\/#article","isPartOf":{"@id":"https:\/\/gardeon.pl\/pl\/blog\/6-wskazowek-jak-urzadzic-garaz-dla-mezczyzny\/"},"author":{"name":"editor","@id":"https:\/\/gardeon.pl\/#\/schema\/person\/a5762ca5f0790bf92774af0899379463"},"headline":"6 wskaz\u00f3wek, jak urz\u0105dzi\u0107 gara\u017c dla m\u0119\u017cczyzny","datePublished":"2026-04-23T15:41:28+00:00","mainEntityOfPage":{"@id":"https:\/\/gardeon.pl\/pl\/blog\/6-wskazowek-jak-urzadzic-garaz-dla-mezczyzny\/"},"wordCount":95,"commentCount":0,"image":{"@id":"https:\/\/gardeon.pl\/pl\/blog\/6-wskazowek-jak-urzadzic-garaz-dla-mezczyzny\/#primaryimage"},"thumbnailUrl":"https:\/\/gardeon.pl\/wp-content\/uploads\/2022\/10\/gardeon-garaz-pre-dve-auta-pultova-strecha-645-2020-AT-9-1.webp","keywords":["gara\u017c betonowy","gara\u017c gardeon","gara\u017c montowany","GARDEON"],"articleSection":["Gara\u017ce","Inspiracje","Ogr\u00f3d"],"inLanguage":"pl-PL","potentialAction":[{"@type":"CommentAction","name":"Comment","target":["https:\/\/gardeon.pl\/pl\/blog\/6-wskazowek-jak-urzadzic-garaz-dla-mezczyzny\/#respond"]}]},{"@type":"WebPage","@id":"https:\/\/gardeon.pl\/pl\/blog\/6-wskazowek-jak-urzadzic-garaz-dla-mezczyzny\/","url":"https:\/\/gardeon.pl\/pl\/blog\/6-wskazowek-jak-urzadzic-garaz-dla-mezczyzny\/","name":"6 wskaz\u00f3wek, jak urz\u0105dzi\u0107 gara\u017c dla m\u0119\u017cczyzny - GARDEON","isPartOf":{"@id":"https:\/\/gardeon.pl\/#website"},"primaryImageOfPage":{"@id":"https:\/\/gardeon.pl\/pl\/blog\/6-wskazowek-jak-urzadzic-garaz-dla-mezczyzny\/#primaryimage"},"image":{"@id":"https:\/\/gardeon.pl\/pl\/blog\/6-wskazowek-jak-urzadzic-garaz-dla-mezczyzny\/#primaryimage"},"thumbnailUrl":"https:\/\/gardeon.pl\/wp-content\/uploads\/2022\/10\/gardeon-garaz-pre-dve-auta-pultova-strecha-645-2020-AT-9-1.webp","datePublished":"2026-04-23T15:41:28+00:00","author":{"@id":"https:\/\/gardeon.pl\/#\/schema\/person\/a5762ca5f0790bf92774af0899379463"},"breadcrumb":{"@id":"https:\/\/gardeon.pl\/pl\/blog\/6-wskazowek-jak-urzadzic-garaz-dla-mezczyzny\/#breadcrumb"},"inLanguage":"pl-PL","potentialAction":[{"@type":"ReadAction","target":["https:\/\/gardeon.pl\/pl\/blog\/6-wskazowek-jak-urzadzic-garaz-dla-mezczyzny\/"]}]},{"@type":"ImageObject","inLanguage":"pl-PL","@id":"https:\/\/gardeon.pl\/pl\/blog\/6-wskazowek-jak-urzadzic-garaz-dla-mezczyzny\/#primaryimage","url":"https:\/\/gardeon.pl\/wp-content\/uploads\/2022\/10\/gardeon-garaz-pre-dve-auta-pultova-strecha-645-2020-AT-9-1.webp","contentUrl":"https:\/\/gardeon.pl\/wp-content\/uploads\/2022\/10\/gardeon-garaz-pre-dve-auta-pultova-strecha-645-2020-AT-9-1.webp","width":2000,"height":1333,"caption":"Wn\u0119trze gara\u017cu \u2013 przestrzenie do przechowywania"},{"@type":"BreadcrumbList","@id":"https:\/\/gardeon.pl\/pl\/blog\/6-wskazowek-jak-urzadzic-garaz-dla-mezczyzny\/#breadcrumb","itemListElement":[{"@type":"ListItem","position":1,"name":"Domov","item":"https:\/\/gardeon.pl\/pl\/"},{"@type":"ListItem","position":2,"name":"6 wskaz\u00f3wek, jak urz\u0105dzi\u0107 gara\u017c dla m\u0119\u017cczyzny"}]},{"@type":"WebSite","@id":"https:\/\/gardeon.pl\/#website","url":"https:\/\/gardeon.pl\/","name":"GARDEON","description":"","potentialAction":[{"@type":"SearchAction","target":{"@type":"EntryPoint","urlTemplate":"https:\/\/gardeon.pl\/?s={search_term_string}"},"query-input":{"@type":"PropertyValueSpecification","valueRequired":true,"valueName":"search_term_string"}}],"inLanguage":"pl-PL"},{"@type":"Person","@id":"https:\/\/gardeon.pl\/#\/schema\/person\/a5762ca5f0790bf92774af0899379463","name":"editor","image":{"@type":"ImageObject","inLanguage":"pl-PL","@id":"https:\/\/secure.gravatar.com\/avatar\/2b748151c2c748327307fd289a91b3bdafdd9e64e2d000e65e53d6dcf11c5830?s=96&d=mm&r=g","url":"https:\/\/secure.gravatar.com\/avatar\/2b748151c2c748327307fd289a91b3bdafdd9e64e2d000e65e53d6dcf11c5830?s=96&d=mm&r=g","contentUrl":"https:\/\/secure.gravatar.com\/avatar\/2b748151c2c748327307fd289a91b3bdafdd9e64e2d000e65e53d6dcf11c5830?s=96&d=mm&r=g","caption":"editor"}}]}},"_links":{"self":[{"href":"https:\/\/gardeon.pl\/pl\/wp-json\/wp\/v2\/posts\/47083","targetHints":{"allow":["GET"]}}],"collection":[{"href":"https:\/\/gardeon.pl\/pl\/wp-json\/wp\/v2\/posts"}],"about":[{"href":"https:\/\/gardeon.pl\/pl\/wp-json\/wp\/v2\/types\/post"}],"author":[{"embeddable":true,"href":"https:\/\/gardeon.pl\/pl\/wp-json\/wp\/v2\/users\/2"}],"replies":[{"embeddable":true,"href":"https:\/\/gardeon.pl\/pl\/wp-json\/wp\/v2\/comments?post=47083"}],"version-history":[{"count":0,"href":"https:\/\/gardeon.pl\/pl\/wp-json\/wp\/v2\/posts\/47083\/revisions"}],"wp:featuredmedia":[{"embeddable":true,"href":"https:\/\/gardeon.pl\/pl\/wp-json\/wp\/v2\/media\/44840"}],"wp:attachment":[{"href":"https:\/\/gardeon.pl\/pl\/wp-json\/wp\/v2\/media?parent=47083"}],"wp:term":[{"taxonomy":"category","embeddable":true,"href":"https:\/\/gardeon.pl\/pl\/wp-json\/wp\/v2\/categories?post=47083"},{"taxonomy":"post_tag","embeddable":true,"href":"https:\/\/gardeon.pl\/pl\/wp-json\/wp\/v2\/tags?post=47083"}],"curies":[{"name":"wp","href":"https:\/\/api.w.org\/{rel}","templated":true}]}}