{"id":47086,"date":"2026-04-23T17:41:30","date_gmt":"2026-04-23T15:41:30","guid":{"rendered":"https:\/\/gardeon.pl\/blog\/domek-ogrodowy-29-x-21-m-z-wiata-na-samochod\/"},"modified":"2026-04-23T17:41:30","modified_gmt":"2026-04-23T15:41:30","slug":"domek-ogrodowy-29-x-21-m-z-wiata-na-samochod","status":"publish","type":"post","link":"https:\/\/gardeon.pl\/pl\/blog\/domek-ogrodowy-29-x-21-m-z-wiata-na-samochod\/","title":{"rendered":"Domek ogrodowy 2,9 x 2,1 m z wiat\u0105 na samoch\u00f3d"},"content":{"rendered":"<h2><b>Jak to wszystko si\u0119 zacz\u0119\u0142o?<\/b><\/h2>\n<p><span style=\"font-weight: 400;\">Pani Pecn\u00edkov\u00e1 skontaktowa\u0142a si\u0119 z nami w lutym, informuj\u0105c, \u017ce chcia\u0142aby <\/span><a href=\"https:\/\/gardeon.pl\/garaze\/\"><span style=\"font-weight: 400;\">gara\u017c<\/span><\/a><span style=\"font-weight: 400;\">, ale ostatecznie zam\u00f3wi\u0142a domek ogrodowy z wiat\u0105 na samoch\u00f3d.<\/span><\/p>\n<p><!--more--><\/p>\n<p><span style=\"font-weight: 400;\">Uzgodnili\u015bmy r\u00f3wnie\u017c wykonanie pomiar\u00f3w bezpo\u015brednio na dzia\u0142ce u pani Pecn\u00edkovej. Zaproponowali\u015bmy umiejscowienie drzwi i na\u015bwietla w <\/span><a href=\"https:\/\/gardeon.pl\/zahradni-domky\/\"><span style=\"font-weight: 400;\">domku ogrodowym<\/span><\/a><span style=\"font-weight: 400;\">, dodali\u015bmy jedno okno. Domek zamontowali\u015bmy w kwietniu tego samego roku. W kolejnym roku dom\u00f3wi\u0142a jeszcze dodatkow\u0105 <\/span><a href=\"https:\/\/gardeon.pl\/pristresky\/\"><span style=\"font-weight: 400;\">wiat\u0119.<\/span><\/a><\/p>\n<h3><b>Opinia tu\u017c po monta\u017cu<\/b><\/h3>\n<p><i><span style=\"font-weight: 400;\">\u201eJestem bardzo zadowolona. Monterzy byli bardzo pomocni, wszystko w porz\u0105dku. Ca\u0142a wsp\u00f3\u0142praca i efekt ko\u0144cowy \u2013 super. Na pewno polec\u0119 Pa\u0144stwa swoim znajomym.\u201d   <\/span><\/i><\/p>\n<h2><b>A jakie s\u0105 jej wra\u017cenia po pewnym czasie?<\/b><\/h2>\n<p><i><span style=\"font-weight: 400;\">\u201eJestem maksymalnie zadowolona, raczej \u017ca\u0142uj\u0119, \u017ce nie zdecydowa\u0142am si\u0119 na troch\u0119 wi\u0119kszy. Doprowadzi\u0142am pr\u0105d, wi\u0119c domek jest troch\u0119 wi\u0119kszy. Teraz \u015bwietnie, \u017ce izoluj\u0105 Pa\u0144stwo dach, ale i tak jest w porz\u0105dku. Wiata jest ju\u017c ocieplona i wida\u0107 r\u00f3\u017cnic\u0119, ale jestem zadowolona.\u201d   <\/span><\/i><\/p>\n<h3><b>Zdj\u0119cia cz\u0119\u015bci zewn\u0119trznej<\/b><\/h3>\n<h4><b>Przed<\/b><\/h4>\n<p><a href=\"http:\/\/gardeon.pl\/wp-content\/uploads\/2021\/02\/GARDEON-foto-od-zakaznikov-191-scaled.jpg\"><img loading=\"lazy\" decoding=\"async\" class=\"aligncenter wp-image-30792\" src=\"http:\/\/gardeon.pl\/wp-content\/uploads\/2021\/02\/GARDEON-foto-od-zakaznikov-191-scaled.jpg\" alt=\"pod\u0142o\u017ce pod domek ogrodowy\" width=\"800\" height=\"1067\" srcset=\"https:\/\/gardeon.pl\/wp-content\/uploads\/2021\/02\/GARDEON-foto-od-zakaznikov-191-scaled.jpg 1920w, https:\/\/gardeon.pl\/wp-content\/uploads\/2021\/02\/GARDEON-foto-od-zakaznikov-191-225x300.jpg 225w, https:\/\/gardeon.pl\/wp-content\/uploads\/2021\/02\/GARDEON-foto-od-zakaznikov-191-768x1024.jpg 768w, https:\/\/gardeon.pl\/wp-content\/uploads\/2021\/02\/GARDEON-foto-od-zakaznikov-191-1152x1536.jpg 1152w, https:\/\/gardeon.pl\/wp-content\/uploads\/2021\/02\/GARDEON-foto-od-zakaznikov-191-1536x2048.jpg 1536w\" sizes=\"auto, (max-width: 800px) 100vw, 800px\" \/><\/a><\/p>\n<p><a href=\"http:\/\/gardeon.pl\/wp-content\/uploads\/2021\/02\/GARDEON-foto-od-zakaznikov-192-scaled.jpg\"><img loading=\"lazy\" decoding=\"async\" class=\"aligncenter wp-image-30794\" src=\"http:\/\/gardeon.pl\/wp-content\/uploads\/2021\/02\/GARDEON-foto-od-zakaznikov-192-scaled.jpg\" alt=\"Domek ogrodowy z wiat\u0105 i motocyklem\" width=\"800\" height=\"1067\" srcset=\"https:\/\/gardeon.pl\/wp-content\/uploads\/2021\/02\/GARDEON-foto-od-zakaznikov-192-scaled.jpg 1920w, https:\/\/gardeon.pl\/wp-content\/uploads\/2021\/02\/GARDEON-foto-od-zakaznikov-192-225x300.jpg 225w, https:\/\/gardeon.pl\/wp-content\/uploads\/2021\/02\/GARDEON-foto-od-zakaznikov-192-768x1024.jpg 768w, https:\/\/gardeon.pl\/wp-content\/uploads\/2021\/02\/GARDEON-foto-od-zakaznikov-192-1152x1536.jpg 1152w, https:\/\/gardeon.pl\/wp-content\/uploads\/2021\/02\/GARDEON-foto-od-zakaznikov-192-1536x2048.jpg 1536w\" sizes=\"auto, (max-width: 800px) 100vw, 800px\" \/><\/a><\/p>\n<h4>Po<\/h4>\n<p><a href=\"http:\/\/gardeon.pl\/wp-content\/uploads\/2021\/02\/GARDEON-foto-od-zakaznikov-193.jpg\"><img loading=\"lazy\" decoding=\"async\" class=\"aligncenter wp-image-30796\" src=\"http:\/\/gardeon.pl\/wp-content\/uploads\/2021\/02\/GARDEON-foto-od-zakaznikov-193.jpg\" alt=\"Domek ogrodowy z wiat\u0105 na samoch\u00f3d\" width=\"800\" height=\"1646\" srcset=\"https:\/\/gardeon.pl\/wp-content\/uploads\/2021\/02\/GARDEON-foto-od-zakaznikov-193.jpg 980w, https:\/\/gardeon.pl\/wp-content\/uploads\/2021\/02\/GARDEON-foto-od-zakaznikov-193-146x300.jpg 146w, https:\/\/gardeon.pl\/wp-content\/uploads\/2021\/02\/GARDEON-foto-od-zakaznikov-193-498x1024.jpg 498w, https:\/\/gardeon.pl\/wp-content\/uploads\/2021\/02\/GARDEON-foto-od-zakaznikov-193-768x1580.jpg 768w, https:\/\/gardeon.pl\/wp-content\/uploads\/2021\/02\/GARDEON-foto-od-zakaznikov-193-747x1536.jpg 747w\" sizes=\"auto, (max-width: 800px) 100vw, 800px\" \/><\/a><\/p>\n<p><a href=\"http:\/\/gardeon.pl\/wp-content\/uploads\/2021\/02\/GARDEON-foto-od-zakaznikov-194.jpg\"><img loading=\"lazy\" decoding=\"async\" class=\"aligncenter wp-image-30798\" src=\"http:\/\/gardeon.pl\/wp-content\/uploads\/2021\/02\/GARDEON-foto-od-zakaznikov-194.jpg\" alt=\"Domek ogrodowy z wiat\u0105 na samoch\u00f3d oraz mniejsz\u0105 wiat\u0105\" width=\"800\" height=\"1646\" srcset=\"https:\/\/gardeon.pl\/wp-content\/uploads\/2021\/02\/GARDEON-foto-od-zakaznikov-194.jpg 980w, https:\/\/gardeon.pl\/wp-content\/uploads\/2021\/02\/GARDEON-foto-od-zakaznikov-194-146x300.jpg 146w, https:\/\/gardeon.pl\/wp-content\/uploads\/2021\/02\/GARDEON-foto-od-zakaznikov-194-498x1024.jpg 498w, https:\/\/gardeon.pl\/wp-content\/uploads\/2021\/02\/GARDEON-foto-od-zakaznikov-194-768x1580.jpg 768w, https:\/\/gardeon.pl\/wp-content\/uploads\/2021\/02\/GARDEON-foto-od-zakaznikov-194-747x1536.jpg 747w\" sizes=\"auto, (max-width: 800px) 100vw, 800px\" \/><\/a><\/p>\n<p><a href=\"http:\/\/gardeon.pl\/wp-content\/uploads\/2021\/02\/GARDEON-foto-od-zakaznikov-195.jpg\"><img loading=\"lazy\" decoding=\"async\" class=\"aligncenter wp-image-30800\" src=\"http:\/\/gardeon.pl\/wp-content\/uploads\/2021\/02\/GARDEON-foto-od-zakaznikov-195.jpg\" alt=\"Domek ogrodowy z dwiema wiatami\" width=\"800\" height=\"389\" srcset=\"https:\/\/gardeon.pl\/wp-content\/uploads\/2021\/02\/GARDEON-foto-od-zakaznikov-195.jpg 2016w, https:\/\/gardeon.pl\/wp-content\/uploads\/2021\/02\/GARDEON-foto-od-zakaznikov-195-300x146.jpg 300w, https:\/\/gardeon.pl\/wp-content\/uploads\/2021\/02\/GARDEON-foto-od-zakaznikov-195-1024x498.jpg 1024w, https:\/\/gardeon.pl\/wp-content\/uploads\/2021\/02\/GARDEON-foto-od-zakaznikov-195-768x373.jpg 768w, https:\/\/gardeon.pl\/wp-content\/uploads\/2021\/02\/GARDEON-foto-od-zakaznikov-195-1536x747.jpg 1536w\" sizes=\"auto, (max-width: 800px) 100vw, 800px\" \/><\/a><\/p>\n<h2>Podsumowanie<\/h2>\n<ul>\n<li style=\"font-weight: 400;\" aria-level=\"1\"><span style=\"font-weight: 400;\">czas budowy \u2013 3,5 godziny<\/span><\/li>\n<li style=\"font-weight: 400;\" aria-level=\"1\"><span style=\"font-weight: 400;\">wymiary domku ogrodowego \u2013 2 900 x 2 100 mm + 2 900 x 4 100 mm<\/span><\/li>\n<li style=\"font-weight: 400;\" aria-level=\"1\"><span style=\"font-weight: 400;\">cena domku ogrodowego w momencie zam\u00f3wienia \u2013 ok. 126 000 K\u010d z VAT<\/span><\/li>\n<\/ul>\n<p><span style=\"font-weight: 400;\"> <\/span><\/p>\n<h3 style=\"text-align: center;\">Dzi\u0119kujemy pani Pecn\u00edkovej za opini\u0119 i zdj\u0119cia :)<\/h3>\n","protected":false},"excerpt":{"rendered":"<p>Jak to wszystko si\u0119 zacz\u0119\u0142o? Pani Pecn\u00edkov\u00e1 skontaktowa\u0142a si\u0119 z nami w lutym, informuj\u0105c, \u017ce chcia\u0142aby gara\u017c, ale ostatecznie zam\u00f3wi\u0142a domek ogrodowy z wiat\u0105 na samoch\u00f3d.<\/p>\n","protected":false},"author":2,"featured_media":47107,"comment_status":"open","ping_status":"open","sticky":false,"template":"","format":"standard","meta":{"_acf_changed":false,"inline_featured_image":false,"footnotes":""},"categories":[717,716],"tags":[595,674,809,579,775,808,799,635],"class_list":["post-47086","post","type-post","status-publish","format-standard","has-post-thumbnail","hentry","category-domki-ogrodowe-2","category-jak-sie-zyje-z-gardeon","tag-domek-ogrodowy","tag-domek-ogrodowy-gardeon","tag-domek-ogrodowy-z-wiata-2","tag-gardeon","tag-martin","tag-miloslavov","tag-turczanski-dur","tag-zadaszenie"],"acf":[],"yoast_head":"<!-- This site is optimized with the Yoast SEO plugin v27.4 - https:\/\/yoast.com\/product\/yoast-seo-wordpress\/ -->\n<title>Domek ogrodowy 2,9 x 2,1 m z wiat\u0105 na samoch\u00f3d | GARDEON<\/title>\n<meta name=\"description\" content=\"Pani Pecn\u00edkov\u00e1 pocz\u0105tkowo chcia\u0142a rozwi\u0105za\u0107 kwesti\u0119 gara\u017cu, ale nie da\u0142o si\u0119 tego zrealizowa\u0107, poniewa\u017c panowa\u0142oby tam ciemno; ostatecznie uzgodnili\u015bmy domek ogrodowy.\" \/>\n<meta name=\"robots\" content=\"index, follow, max-snippet:-1, max-image-preview:large, max-video-preview:-1\" \/>\n<link rel=\"canonical\" href=\"https:\/\/gardeon.pl\/pl\/blog\/domek-ogrodowy-29-x-21-m-z-wiata-na-samochod\/\" \/>\n<meta property=\"og:locale\" content=\"pl_PL\" \/>\n<meta property=\"og:type\" content=\"article\" \/>\n<meta property=\"og:title\" content=\"Domek ogrodowy 2,9 x 2,1 m z wiat\u0105 na samoch\u00f3d | GARDEON\" \/>\n<meta property=\"og:description\" content=\"Pani Pecn\u00edkov\u00e1 pocz\u0105tkowo chcia\u0142a rozwi\u0105za\u0107 kwesti\u0119 gara\u017cu, ale nie da\u0142o si\u0119 tego zrealizowa\u0107, poniewa\u017c panowa\u0142oby tam ciemno; ostatecznie uzgodnili\u015bmy domek ogrodowy.\" \/>\n<meta property=\"og:url\" content=\"https:\/\/gardeon.pl\/pl\/blog\/domek-ogrodowy-29-x-21-m-z-wiata-na-samochod\/\" \/>\n<meta property=\"og:site_name\" content=\"GARDEON\" \/>\n<meta property=\"article:published_time\" content=\"2026-04-23T15:41:30+00:00\" \/>\n<meta property=\"og:image\" content=\"https:\/\/gardeon.pl\/wp-content\/uploads\/2021\/02\/GARDEON-foto-od-zakaznikov-195.jpg\" \/>\n\t<meta property=\"og:image:width\" content=\"2016\" \/>\n\t<meta property=\"og:image:height\" content=\"980\" \/>\n\t<meta property=\"og:image:type\" content=\"image\/jpeg\" \/>\n<meta name=\"author\" content=\"editor\" \/>\n<meta name=\"twitter:card\" content=\"summary_large_image\" \/>\n<meta name=\"twitter:label1\" content=\"Napisane przez\" \/>\n\t<meta name=\"twitter:data1\" content=\"editor\" \/>\n\t<meta name=\"twitter:label2\" content=\"Szacowany czas czytania\" \/>\n\t<meta name=\"twitter:data2\" content=\"1 minuta\" \/>\n<script type=\"application\/ld+json\" class=\"yoast-schema-graph\">{\"@context\":\"https:\\\/\\\/schema.org\",\"@graph\":[{\"@type\":\"Article\",\"@id\":\"https:\\\/\\\/gardeon.pl\\\/pl\\\/blog\\\/domek-ogrodowy-29-x-21-m-z-wiata-na-samochod\\\/#article\",\"isPartOf\":{\"@id\":\"https:\\\/\\\/gardeon.pl\\\/pl\\\/blog\\\/domek-ogrodowy-29-x-21-m-z-wiata-na-samochod\\\/\"},\"author\":{\"name\":\"editor\",\"@id\":\"https:\\\/\\\/gardeon.pl\\\/#\\\/schema\\\/person\\\/a5762ca5f0790bf92774af0899379463\"},\"headline\":\"Domek ogrodowy 2,9 x 2,1 m z wiat\u0105 na samoch\u00f3d\",\"datePublished\":\"2026-04-23T15:41:30+00:00\",\"mainEntityOfPage\":{\"@id\":\"https:\\\/\\\/gardeon.pl\\\/pl\\\/blog\\\/domek-ogrodowy-29-x-21-m-z-wiata-na-samochod\\\/\"},\"wordCount\":222,\"commentCount\":0,\"image\":{\"@id\":\"https:\\\/\\\/gardeon.pl\\\/pl\\\/blog\\\/domek-ogrodowy-29-x-21-m-z-wiata-na-samochod\\\/#primaryimage\"},\"thumbnailUrl\":\"https:\\\/\\\/gardeon.pl\\\/wp-content\\\/uploads\\\/2021\\\/02\\\/GARDEON-foto-od-zakaznikov-195.jpg\",\"keywords\":[\"domek ogrodowy\",\"domek ogrodowy GARDEON\",\"domek ogrodowy z wiat\u0105\",\"GARDEON\",\"martin\",\"miloslavov\",\"turcza\u0144ski \u010fur\",\"zadaszenie\"],\"articleSection\":[\"Domki ogrodowe\",\"Jak si\u0119 \u017cyje z GARDEON\"],\"inLanguage\":\"pl-PL\",\"potentialAction\":[{\"@type\":\"CommentAction\",\"name\":\"Comment\",\"target\":[\"https:\\\/\\\/gardeon.pl\\\/pl\\\/blog\\\/domek-ogrodowy-29-x-21-m-z-wiata-na-samochod\\\/#respond\"]}]},{\"@type\":\"WebPage\",\"@id\":\"https:\\\/\\\/gardeon.pl\\\/pl\\\/blog\\\/domek-ogrodowy-29-x-21-m-z-wiata-na-samochod\\\/\",\"url\":\"https:\\\/\\\/gardeon.pl\\\/pl\\\/blog\\\/domek-ogrodowy-29-x-21-m-z-wiata-na-samochod\\\/\",\"name\":\"Domek ogrodowy 2,9 x 2,1 m z wiat\u0105 na samoch\u00f3d | GARDEON\",\"isPartOf\":{\"@id\":\"https:\\\/\\\/gardeon.pl\\\/#website\"},\"primaryImageOfPage\":{\"@id\":\"https:\\\/\\\/gardeon.pl\\\/pl\\\/blog\\\/domek-ogrodowy-29-x-21-m-z-wiata-na-samochod\\\/#primaryimage\"},\"image\":{\"@id\":\"https:\\\/\\\/gardeon.pl\\\/pl\\\/blog\\\/domek-ogrodowy-29-x-21-m-z-wiata-na-samochod\\\/#primaryimage\"},\"thumbnailUrl\":\"https:\\\/\\\/gardeon.pl\\\/wp-content\\\/uploads\\\/2021\\\/02\\\/GARDEON-foto-od-zakaznikov-195.jpg\",\"datePublished\":\"2026-04-23T15:41:30+00:00\",\"author\":{\"@id\":\"https:\\\/\\\/gardeon.pl\\\/#\\\/schema\\\/person\\\/a5762ca5f0790bf92774af0899379463\"},\"description\":\"Pani Pecn\u00edkov\u00e1 pocz\u0105tkowo chcia\u0142a rozwi\u0105za\u0107 kwesti\u0119 gara\u017cu, ale nie da\u0142o si\u0119 tego zrealizowa\u0107, poniewa\u017c panowa\u0142oby tam ciemno; ostatecznie uzgodnili\u015bmy domek ogrodowy.\",\"breadcrumb\":{\"@id\":\"https:\\\/\\\/gardeon.pl\\\/pl\\\/blog\\\/domek-ogrodowy-29-x-21-m-z-wiata-na-samochod\\\/#breadcrumb\"},\"inLanguage\":\"pl-PL\",\"potentialAction\":[{\"@type\":\"ReadAction\",\"target\":[\"https:\\\/\\\/gardeon.pl\\\/pl\\\/blog\\\/domek-ogrodowy-29-x-21-m-z-wiata-na-samochod\\\/\"]}]},{\"@type\":\"ImageObject\",\"inLanguage\":\"pl-PL\",\"@id\":\"https:\\\/\\\/gardeon.pl\\\/pl\\\/blog\\\/domek-ogrodowy-29-x-21-m-z-wiata-na-samochod\\\/#primaryimage\",\"url\":\"https:\\\/\\\/gardeon.pl\\\/wp-content\\\/uploads\\\/2021\\\/02\\\/GARDEON-foto-od-zakaznikov-195.jpg\",\"contentUrl\":\"https:\\\/\\\/gardeon.pl\\\/wp-content\\\/uploads\\\/2021\\\/02\\\/GARDEON-foto-od-zakaznikov-195.jpg\",\"width\":2016,\"height\":980,\"caption\":\"Domek ogrodowy z dwiema wiatami\"},{\"@type\":\"BreadcrumbList\",\"@id\":\"https:\\\/\\\/gardeon.pl\\\/pl\\\/blog\\\/domek-ogrodowy-29-x-21-m-z-wiata-na-samochod\\\/#breadcrumb\",\"itemListElement\":[{\"@type\":\"ListItem\",\"position\":1,\"name\":\"Domov\",\"item\":\"https:\\\/\\\/gardeon.pl\\\/pl\\\/\"},{\"@type\":\"ListItem\",\"position\":2,\"name\":\"Domek ogrodowy 2,9 x 2,1 m z wiat\u0105 na samoch\u00f3d\"}]},{\"@type\":\"WebSite\",\"@id\":\"https:\\\/\\\/gardeon.pl\\\/#website\",\"url\":\"https:\\\/\\\/gardeon.pl\\\/\",\"name\":\"GARDEON\",\"description\":\"\",\"potentialAction\":[{\"@type\":\"SearchAction\",\"target\":{\"@type\":\"EntryPoint\",\"urlTemplate\":\"https:\\\/\\\/gardeon.pl\\\/?s={search_term_string}\"},\"query-input\":{\"@type\":\"PropertyValueSpecification\",\"valueRequired\":true,\"valueName\":\"search_term_string\"}}],\"inLanguage\":\"pl-PL\"},{\"@type\":\"Person\",\"@id\":\"https:\\\/\\\/gardeon.pl\\\/#\\\/schema\\\/person\\\/a5762ca5f0790bf92774af0899379463\",\"name\":\"editor\",\"image\":{\"@type\":\"ImageObject\",\"inLanguage\":\"pl-PL\",\"@id\":\"https:\\\/\\\/secure.gravatar.com\\\/avatar\\\/2b748151c2c748327307fd289a91b3bdafdd9e64e2d000e65e53d6dcf11c5830?s=96&d=mm&r=g\",\"url\":\"https:\\\/\\\/secure.gravatar.com\\\/avatar\\\/2b748151c2c748327307fd289a91b3bdafdd9e64e2d000e65e53d6dcf11c5830?s=96&d=mm&r=g\",\"contentUrl\":\"https:\\\/\\\/secure.gravatar.com\\\/avatar\\\/2b748151c2c748327307fd289a91b3bdafdd9e64e2d000e65e53d6dcf11c5830?s=96&d=mm&r=g\",\"caption\":\"editor\"}}]}<\/script>\n<!-- \/ Yoast SEO plugin. -->","yoast_head_json":{"title":"Domek ogrodowy 2,9 x 2,1 m z wiat\u0105 na samoch\u00f3d | GARDEON","description":"Pani Pecn\u00edkov\u00e1 pocz\u0105tkowo chcia\u0142a rozwi\u0105za\u0107 kwesti\u0119 gara\u017cu, ale nie da\u0142o si\u0119 tego zrealizowa\u0107, poniewa\u017c panowa\u0142oby tam ciemno; ostatecznie uzgodnili\u015bmy domek ogrodowy.","robots":{"index":"index","follow":"follow","max-snippet":"max-snippet:-1","max-image-preview":"max-image-preview:large","max-video-preview":"max-video-preview:-1"},"canonical":"https:\/\/gardeon.pl\/pl\/blog\/domek-ogrodowy-29-x-21-m-z-wiata-na-samochod\/","og_locale":"pl_PL","og_type":"article","og_title":"Domek ogrodowy 2,9 x 2,1 m z wiat\u0105 na samoch\u00f3d | GARDEON","og_description":"Pani Pecn\u00edkov\u00e1 pocz\u0105tkowo chcia\u0142a rozwi\u0105za\u0107 kwesti\u0119 gara\u017cu, ale nie da\u0142o si\u0119 tego zrealizowa\u0107, poniewa\u017c panowa\u0142oby tam ciemno; ostatecznie uzgodnili\u015bmy domek ogrodowy.","og_url":"https:\/\/gardeon.pl\/pl\/blog\/domek-ogrodowy-29-x-21-m-z-wiata-na-samochod\/","og_site_name":"GARDEON","article_published_time":"2026-04-23T15:41:30+00:00","og_image":[{"width":2016,"height":980,"url":"https:\/\/gardeon.pl\/wp-content\/uploads\/2021\/02\/GARDEON-foto-od-zakaznikov-195.jpg","type":"image\/jpeg"}],"author":"editor","twitter_card":"summary_large_image","twitter_misc":{"Napisane przez":"editor","Szacowany czas czytania":"1 minuta"},"schema":{"@context":"https:\/\/schema.org","@graph":[{"@type":"Article","@id":"https:\/\/gardeon.pl\/pl\/blog\/domek-ogrodowy-29-x-21-m-z-wiata-na-samochod\/#article","isPartOf":{"@id":"https:\/\/gardeon.pl\/pl\/blog\/domek-ogrodowy-29-x-21-m-z-wiata-na-samochod\/"},"author":{"name":"editor","@id":"https:\/\/gardeon.pl\/#\/schema\/person\/a5762ca5f0790bf92774af0899379463"},"headline":"Domek ogrodowy 2,9 x 2,1 m z wiat\u0105 na samoch\u00f3d","datePublished":"2026-04-23T15:41:30+00:00","mainEntityOfPage":{"@id":"https:\/\/gardeon.pl\/pl\/blog\/domek-ogrodowy-29-x-21-m-z-wiata-na-samochod\/"},"wordCount":222,"commentCount":0,"image":{"@id":"https:\/\/gardeon.pl\/pl\/blog\/domek-ogrodowy-29-x-21-m-z-wiata-na-samochod\/#primaryimage"},"thumbnailUrl":"https:\/\/gardeon.pl\/wp-content\/uploads\/2021\/02\/GARDEON-foto-od-zakaznikov-195.jpg","keywords":["domek ogrodowy","domek ogrodowy GARDEON","domek ogrodowy z wiat\u0105","GARDEON","martin","miloslavov","turcza\u0144ski \u010fur","zadaszenie"],"articleSection":["Domki ogrodowe","Jak si\u0119 \u017cyje z GARDEON"],"inLanguage":"pl-PL","potentialAction":[{"@type":"CommentAction","name":"Comment","target":["https:\/\/gardeon.pl\/pl\/blog\/domek-ogrodowy-29-x-21-m-z-wiata-na-samochod\/#respond"]}]},{"@type":"WebPage","@id":"https:\/\/gardeon.pl\/pl\/blog\/domek-ogrodowy-29-x-21-m-z-wiata-na-samochod\/","url":"https:\/\/gardeon.pl\/pl\/blog\/domek-ogrodowy-29-x-21-m-z-wiata-na-samochod\/","name":"Domek ogrodowy 2,9 x 2,1 m z wiat\u0105 na samoch\u00f3d | GARDEON","isPartOf":{"@id":"https:\/\/gardeon.pl\/#website"},"primaryImageOfPage":{"@id":"https:\/\/gardeon.pl\/pl\/blog\/domek-ogrodowy-29-x-21-m-z-wiata-na-samochod\/#primaryimage"},"image":{"@id":"https:\/\/gardeon.pl\/pl\/blog\/domek-ogrodowy-29-x-21-m-z-wiata-na-samochod\/#primaryimage"},"thumbnailUrl":"https:\/\/gardeon.pl\/wp-content\/uploads\/2021\/02\/GARDEON-foto-od-zakaznikov-195.jpg","datePublished":"2026-04-23T15:41:30+00:00","author":{"@id":"https:\/\/gardeon.pl\/#\/schema\/person\/a5762ca5f0790bf92774af0899379463"},"description":"Pani Pecn\u00edkov\u00e1 pocz\u0105tkowo chcia\u0142a rozwi\u0105za\u0107 kwesti\u0119 gara\u017cu, ale nie da\u0142o si\u0119 tego zrealizowa\u0107, poniewa\u017c panowa\u0142oby tam ciemno; ostatecznie uzgodnili\u015bmy domek ogrodowy.","breadcrumb":{"@id":"https:\/\/gardeon.pl\/pl\/blog\/domek-ogrodowy-29-x-21-m-z-wiata-na-samochod\/#breadcrumb"},"inLanguage":"pl-PL","potentialAction":[{"@type":"ReadAction","target":["https:\/\/gardeon.pl\/pl\/blog\/domek-ogrodowy-29-x-21-m-z-wiata-na-samochod\/"]}]},{"@type":"ImageObject","inLanguage":"pl-PL","@id":"https:\/\/gardeon.pl\/pl\/blog\/domek-ogrodowy-29-x-21-m-z-wiata-na-samochod\/#primaryimage","url":"https:\/\/gardeon.pl\/wp-content\/uploads\/2021\/02\/GARDEON-foto-od-zakaznikov-195.jpg","contentUrl":"https:\/\/gardeon.pl\/wp-content\/uploads\/2021\/02\/GARDEON-foto-od-zakaznikov-195.jpg","width":2016,"height":980,"caption":"Domek ogrodowy z dwiema wiatami"},{"@type":"BreadcrumbList","@id":"https:\/\/gardeon.pl\/pl\/blog\/domek-ogrodowy-29-x-21-m-z-wiata-na-samochod\/#breadcrumb","itemListElement":[{"@type":"ListItem","position":1,"name":"Domov","item":"https:\/\/gardeon.pl\/pl\/"},{"@type":"ListItem","position":2,"name":"Domek ogrodowy 2,9 x 2,1 m z wiat\u0105 na samoch\u00f3d"}]},{"@type":"WebSite","@id":"https:\/\/gardeon.pl\/#website","url":"https:\/\/gardeon.pl\/","name":"GARDEON","description":"","potentialAction":[{"@type":"SearchAction","target":{"@type":"EntryPoint","urlTemplate":"https:\/\/gardeon.pl\/?s={search_term_string}"},"query-input":{"@type":"PropertyValueSpecification","valueRequired":true,"valueName":"search_term_string"}}],"inLanguage":"pl-PL"},{"@type":"Person","@id":"https:\/\/gardeon.pl\/#\/schema\/person\/a5762ca5f0790bf92774af0899379463","name":"editor","image":{"@type":"ImageObject","inLanguage":"pl-PL","@id":"https:\/\/secure.gravatar.com\/avatar\/2b748151c2c748327307fd289a91b3bdafdd9e64e2d000e65e53d6dcf11c5830?s=96&d=mm&r=g","url":"https:\/\/secure.gravatar.com\/avatar\/2b748151c2c748327307fd289a91b3bdafdd9e64e2d000e65e53d6dcf11c5830?s=96&d=mm&r=g","contentUrl":"https:\/\/secure.gravatar.com\/avatar\/2b748151c2c748327307fd289a91b3bdafdd9e64e2d000e65e53d6dcf11c5830?s=96&d=mm&r=g","caption":"editor"}}]}},"_links":{"self":[{"href":"https:\/\/gardeon.pl\/pl\/wp-json\/wp\/v2\/posts\/47086","targetHints":{"allow":["GET"]}}],"collection":[{"href":"https:\/\/gardeon.pl\/pl\/wp-json\/wp\/v2\/posts"}],"about":[{"href":"https:\/\/gardeon.pl\/pl\/wp-json\/wp\/v2\/types\/post"}],"author":[{"embeddable":true,"href":"https:\/\/gardeon.pl\/pl\/wp-json\/wp\/v2\/users\/2"}],"replies":[{"embeddable":true,"href":"https:\/\/gardeon.pl\/pl\/wp-json\/wp\/v2\/comments?post=47086"}],"version-history":[{"count":0,"href":"https:\/\/gardeon.pl\/pl\/wp-json\/wp\/v2\/posts\/47086\/revisions"}],"wp:featuredmedia":[{"embeddable":true,"href":"https:\/\/gardeon.pl\/pl\/wp-json\/wp\/v2\/media\/47107"}],"wp:attachment":[{"href":"https:\/\/gardeon.pl\/pl\/wp-json\/wp\/v2\/media?parent=47086"}],"wp:term":[{"taxonomy":"category","embeddable":true,"href":"https:\/\/gardeon.pl\/pl\/wp-json\/wp\/v2\/categories?post=47086"},{"taxonomy":"post_tag","embeddable":true,"href":"https:\/\/gardeon.pl\/pl\/wp-json\/wp\/v2\/tags?post=47086"}],"curies":[{"name":"wp","href":"https:\/\/api.w.org\/{rel}","templated":true}]}}