{"id":47169,"date":"2026-04-23T17:41:32","date_gmt":"2026-04-23T15:41:32","guid":{"rendered":"https:\/\/gardeon.pl\/blog\/jak-stworzyc-domowe-biuro-home-office-w-ogrodzie\/"},"modified":"2026-04-23T17:41:32","modified_gmt":"2026-04-23T15:41:32","slug":"jak-stworzyc-domowe-biuro-home-office-w-ogrodzie","status":"publish","type":"post","link":"https:\/\/gardeon.pl\/pl\/blog\/jak-stworzyc-domowe-biuro-home-office-w-ogrodzie\/","title":{"rendered":"Jak stworzy\u0107 domowe biuro (home office) w ogrodzie?"},"content":{"rendered":"<p><i><span style=\"font-weight: 400;\">Pami\u0119taj\u0105 Pa\u0144stwo, jak w dzieci\u0144stwie z upodobaniem mieszkali Pa\u0144stwo w domkach na drzewie albo w bunkrze z mebli? Wszyscy w tych ma\u0142ych kryj\u00f3wkach mieli\u015bmy przywilej w\u0142asnej przestrzeni \u2014 miejsca, gdzie \u201eknu\u0142o si\u0119 intrygi\u201d i powstawa\u0142y plany przyg\u00f3d. Czy przyj\u0119liby Pa\u0144stwo takie terytorium tak\u017ce teraz, gdy s\u0105 Pa\u0144stwo doro\u015bli? Nic straconego.   <\/span><\/i><\/p>\n<p><!--more--><\/p>\n<p><i><span style=\"font-weight: 400;\">Coraz wi\u0119cej os\u00f3b szuka spokojnego miejsca do tworzenia lub pracy. Okazuje si\u0119, \u017ce nie tylko pracownicy bran\u017c kreatywnych wol\u0105 prac\u0119 z domu od przestrzeni typu open space. Spok\u00f3j, cisza i w\u0142asne, inspiruj\u0105ce otoczenie to silne atuty w osi\u0105ganiu udanych rezultat\u00f3w. Mamy dla Pa\u0144stwa wskaz\u00f3wk\u0119, jak wynie\u015b\u0107 prac\u0119 z domu na wy\u017cszy poziom.   <\/span><\/i><\/p>\n<h2>Kiedy\u015b bawili si\u0119 Pa\u0144stwo w domku, dzi\u015b mog\u0105 Pa\u0144stwo w nim tworzy\u0107.<\/h2>\n<h3>I wci\u0105\u017c si\u0119 bawi\u0107.<\/h3>\n<p style=\"text-align: left;\"><span style=\"font-weight: 400;\">Z <\/span><a href=\"https:\/\/gardeon.pl\/zahradni-domky\/\"><span style=\"font-weight: 400;\">domku ogrodowego<\/span><\/a><span style=\"font-weight: 400;\"> z \u0142atwo\u015bci\u0105 stworz\u0105 Pa\u0144stwo miejsce zgodne z w\u0142asnymi wyobra\u017ceniami. Dzi\u0119ki temu, \u017ce jest to obiekt modu\u0142owy, mog\u0105 Pa\u0144stwo dopasowa\u0107 domek do swoich potrzeb ju\u017c od samego pocz\u0105tku. Zawsze marzyli Pa\u0144stwo o du\u017cym oknie na ogr\u00f3d? Pragn\u0105 Pa\u0144stwo nowoczesnego, minimalistycznego biura? To zale\u017cy wy\u0142\u0105cznie od Pa\u0144stwa i Pa\u0144stwa wyobra\u017ani.<\/span><\/p>\n<p><img loading=\"lazy\" decoding=\"async\" class=\"wp-image-29778 aligncenter\" src=\"http:\/\/gardeon.pl\/wp-content\/uploads\/2020\/12\/GARDEON-foto-od-zakaznikov-143.jpg\" alt=\"Piesek przy domku ogrodowym\" width=\"800\" height=\"600\" srcset=\"https:\/\/gardeon.pl\/wp-content\/uploads\/2020\/12\/GARDEON-foto-od-zakaznikov-143.jpg 1500w, https:\/\/gardeon.pl\/wp-content\/uploads\/2020\/12\/GARDEON-foto-od-zakaznikov-143-300x225.jpg 300w, https:\/\/gardeon.pl\/wp-content\/uploads\/2020\/12\/GARDEON-foto-od-zakaznikov-143-1024x768.jpg 1024w, https:\/\/gardeon.pl\/wp-content\/uploads\/2020\/12\/GARDEON-foto-od-zakaznikov-143-768x576.jpg 768w\" sizes=\"auto, (max-width: 800px) 100vw, 800px\" \/><\/p>\n<p><span style=\"font-weight: 400;\">Stanowisko pracy umieszczone w ogrodzie oferuje zupe\u0142nie nowe mo\u017cliwo\u015bci. Nie musz\u0105 Pa\u0144stwo tylko siedzie\u0107 na krze\u015ble przy biurku. A gdyby tak przy domku lub bezpo\u015brednio w nim umie\u015bci\u0107 <\/span><span style=\"font-weight: 400;\">wisz\u0105cy fotel<\/span><span style=\"font-weight: 400;\">? S\u0105 one obecnie bardzo popularne i stworzone do pracy w komfortowym otoczeniu. Prosz\u0119 przypomnie\u0107 sobie, o jakich \u201ewynalazkach\u201d marzyli Pa\u0144stwo jako dzieci, i zrealizowa\u0107 je. Udowodniono, \u017ce pomys\u0142owe miejsce pracy rozwija kreatywno\u015b\u0107 i sprzyja powstawaniu nowych idei.<\/span><\/p>\n<p><img loading=\"lazy\" decoding=\"async\" class=\"wp-image-29517 aligncenter\" src=\"http:\/\/gardeon.pl\/wp-content\/uploads\/2020\/11\/gardeon-foto-od-zakaznikov-122.jpg\" alt=\"Przytulnie urz\u0105dzone otoczenie ogr\u00f3dka przy domku ogrodowym z drewnem\" width=\"800\" height=\"1067\" srcset=\"https:\/\/gardeon.pl\/wp-content\/uploads\/2020\/11\/gardeon-foto-od-zakaznikov-122.jpg 1536w, https:\/\/gardeon.pl\/wp-content\/uploads\/2020\/11\/gardeon-foto-od-zakaznikov-122-225x300.jpg 225w, https:\/\/gardeon.pl\/wp-content\/uploads\/2020\/11\/gardeon-foto-od-zakaznikov-122-768x1024.jpg 768w, https:\/\/gardeon.pl\/wp-content\/uploads\/2020\/11\/gardeon-foto-od-zakaznikov-122-1152x1536.jpg 1152w\" sizes=\"auto, (max-width: 800px) 100vw, 800px\" \/><\/p>\n<p><span style=\"font-weight: 400;\">Wycofanemu z u\u017cytku meblowi i starym rzeczom mog\u0105 Pa\u0144stwo tchn\u0105\u0107 now\u0105 dusz\u0119 i nada\u0107 im now\u0105 funkcj\u0119.<\/span><\/p>\n<p><span style=\"font-weight: 400;\">Prosz\u0119 zainspirowa\u0107 si\u0119 na przyk\u0142ad znanymi pisarzami i artystami, kt\u00f3rych najlepsze dzie\u0142a powstawa\u0142y w\u0142a\u015bnie w <\/span><a href=\"http:\/\/gardeon.pl\/konfigurator\/zahradni-domky\/\"><span style=\"font-weight: 400;\">domkach ogrodowych<\/span><\/a><span style=\"font-weight: 400;\"> przekszta\u0142conych w ich w\u0142asny, ma\u0142y, oryginalny \u015bwiat. Po przyk\u0142ady nie musz\u0105 Pa\u0144stwo jednak si\u0119ga\u0107 daleko w histori\u0119.<\/span><\/p>\n<p><span style=\"font-weight: 400;\">Ju\u017c w samej Wielkiej Brytanii w\u0142asne domki ogrodowe posiada i wykorzystuje do pracy nawet dwie trzecie mieszka\u0144c\u00f3w. Domek lub dzia\u0142ka odpowiednia do jego postawienia jest nawet wa\u017cnym atutem przy zakupie dzia\u0142ki. <\/span><\/p>\n<h3><b>Raj dla freelancer\u00f3w<\/b><\/h3>\n<p><span style=\"font-weight: 400;\">Liczba freelancer\u00f3w w bran\u017cach kreatywnych i IT wci\u0105\u017c ro\u015bnie. Podczas gdy pracownicy znajduj\u0105 pocieszenie przynajmniej w <\/span><span style=\"font-weight: 400;\">home office<\/span><span style=\"font-weight: 400;\">, osoby pracuj\u0105ce na w\u0142asny rachunek pr\u00f3buj\u0105 uciec nawet od tego. Pracuj\u0105c w miejscu, w kt\u00f3rym dodatkowo sp\u0119dzaj\u0105 Pa\u0144stwo wi\u0119kszo\u015b\u0107 dnia, \u0142atwo o frustracj\u0119, a czynsze za coworking czy za prywatne biurko w takim biurze nie zawsze nale\u017c\u0105 do najni\u017cszych. W\u0142asne miejsce pracy w domku ogrodowym jest wi\u0119c by\u0107 mo\u017ce marzeniem ka\u017cdej osoby bez sta\u0142ego stanowiska pracy.<\/span><\/p>\n<p><img loading=\"lazy\" decoding=\"async\" class=\"wp-image-29741 aligncenter\" src=\"http:\/\/gardeon.pl\/wp-content\/uploads\/2020\/12\/GARDEON-foto-od-zakaznikov-127.jpg\" alt=\"Przytulna przestrze\u0144 z szafk\u0105 na ubrania i wysokim \u0142\u00f3\u017ckiem\" width=\"800\" height=\"1067\" srcset=\"https:\/\/gardeon.pl\/wp-content\/uploads\/2020\/12\/GARDEON-foto-od-zakaznikov-127.jpg 1500w, https:\/\/gardeon.pl\/wp-content\/uploads\/2020\/12\/GARDEON-foto-od-zakaznikov-127-225x300.jpg 225w, https:\/\/gardeon.pl\/wp-content\/uploads\/2020\/12\/GARDEON-foto-od-zakaznikov-127-768x1024.jpg 768w, https:\/\/gardeon.pl\/wp-content\/uploads\/2020\/12\/GARDEON-foto-od-zakaznikov-127-1152x1536.jpg 1152w\" sizes=\"auto, (max-width: 800px) 100vw, 800px\" \/><\/p>\n<p><span style=\"font-weight: 400;\">Prosz\u0119 to sobie wyobrazi\u0107. Tylko Pa\u0144stwa przestrze\u0144, w kt\u00f3rej nikt Pa\u0144stwu nie przeszkadza, gdzie mog\u0105 si\u0119 Pa\u0144stwo zamkn\u0105\u0107 i gdzie nawet ewentualnego tw\u00f3rczego ba\u0142aganu nikt Pa\u0144stwu nie skrytykuje. <\/span><\/p>\n<p><span style=\"font-weight: 400;\">Urz\u0105dzanie domku i jego utrzymanie to tak\u017ce \u015bwietna aktywno\u015b\u0107 fizyczna. A ta jest cz\u0119sto poszukiwana przez osoby pracuj\u0105ce wy\u0142\u0105cznie umys\u0142owo jako forma mentalnego oczyszczenia. A w domku bezpo\u015brednio w ogrodzie b\u0119d\u0105 mieli Pa\u0144stwo takich okazji wi\u0119cej ni\u017c do\u015b\u0107. Hurra \u2014 czas zbiera\u0107 owoce (r\u00f3wnie\u017c) swojej pracy!   <\/span><\/p>\n<h5>\u0179r\u00f3d\u0142o (Source):<\/h5>\n<h5>Fotobank GARDEON<\/h5>\n","protected":false},"excerpt":{"rendered":"<p>Pami\u0119taj\u0105 Pa\u0144stwo, jak w dzieci\u0144stwie z upodobaniem mieszkali Pa\u0144stwo w domkach na drzewie albo w bunkrze z mebli? Wszyscy w tych ma\u0142ych kryj\u00f3wkach mieli\u015bmy przywilej w\u0142asnej przestrzeni \u2014 miejsca, gdzie \u201eknu\u0142o si\u0119 intrygi\u201d i powstawa\u0142y plany przyg\u00f3d. Czy przyj\u0119liby Pa\u0144stwo takie terytorium tak\u017ce teraz, gdy s\u0105 Pa\u0144stwo doro\u015bli? Nic straconego.<\/p>\n","protected":false},"author":2,"featured_media":46633,"comment_status":"open","ping_status":"open","sticky":false,"template":"","format":"standard","meta":{"_acf_changed":false,"inline_featured_image":false,"footnotes":""},"categories":[632,607],"tags":[805,595,674,579,810,619],"class_list":["post-47169","post","type-post","status-publish","format-standard","has-post-thumbnail","hentry","category-domki-ogrodowe","category-inspiracje","tag-biuro-domowe","tag-domek-ogrodowy","tag-domek-ogrodowy-gardeon","tag-gardeon","tag-home-office-ogrod","tag-ogrod"],"acf":[],"yoast_head":"<!-- This site is optimized with the Yoast SEO plugin v27.4 - https:\/\/yoast.com\/product\/yoast-seo-wordpress\/ -->\n<title>Jak stworzy\u0107 domowe biuro (home office) w ogrodzie? | GARDEON<\/title>\n<meta name=\"robots\" content=\"index, follow, max-snippet:-1, max-image-preview:large, max-video-preview:-1\" \/>\n<link rel=\"canonical\" href=\"https:\/\/gardeon.pl\/pl\/blog\/jak-stworzyc-domowe-biuro-home-office-w-ogrodzie\/\" \/>\n<meta property=\"og:locale\" content=\"pl_PL\" \/>\n<meta property=\"og:type\" content=\"article\" \/>\n<meta property=\"og:title\" content=\"Jak stworzy\u0107 domowe biuro (home office) w ogrodzie? | GARDEON\" \/>\n<meta property=\"og:description\" content=\"Pami\u0119taj\u0105 Pa\u0144stwo, jak w dzieci\u0144stwie z upodobaniem mieszkali Pa\u0144stwo w domkach na drzewie albo w bunkrze z mebli? Wszyscy w tych ma\u0142ych kryj\u00f3wkach mieli\u015bmy przywilej w\u0142asnej przestrzeni \u2014 miejsca, gdzie \u201eknu\u0142o si\u0119 intrygi\u201d i powstawa\u0142y plany przyg\u00f3d. Czy przyj\u0119liby Pa\u0144stwo takie terytorium tak\u017ce teraz, gdy s\u0105 Pa\u0144stwo doro\u015bli? Nic straconego.\" \/>\n<meta property=\"og:url\" content=\"https:\/\/gardeon.pl\/pl\/blog\/jak-stworzyc-domowe-biuro-home-office-w-ogrodzie\/\" \/>\n<meta property=\"og:site_name\" content=\"GARDEON\" \/>\n<meta property=\"article:published_time\" content=\"2026-04-23T15:41:32+00:00\" \/>\n<meta property=\"og:image\" content=\"https:\/\/gardeon.pl\/wp-content\/uploads\/2020\/10\/GARDEON-foto-od-zakaznikov-51-scaled.jpg\" \/>\n\t<meta property=\"og:image:width\" content=\"2560\" \/>\n\t<meta property=\"og:image:height\" content=\"1440\" \/>\n\t<meta property=\"og:image:type\" content=\"image\/jpeg\" \/>\n<meta name=\"author\" content=\"editor\" \/>\n<meta name=\"twitter:card\" content=\"summary_large_image\" \/>\n<meta name=\"twitter:label1\" content=\"Napisane przez\" \/>\n\t<meta name=\"twitter:data1\" content=\"editor\" \/>\n\t<meta name=\"twitter:label2\" content=\"Szacowany czas czytania\" \/>\n\t<meta name=\"twitter:data2\" content=\"3 minuty\" \/>\n<script type=\"application\/ld+json\" class=\"yoast-schema-graph\">{\"@context\":\"https:\\\/\\\/schema.org\",\"@graph\":[{\"@type\":\"Article\",\"@id\":\"https:\\\/\\\/gardeon.pl\\\/pl\\\/blog\\\/jak-stworzyc-domowe-biuro-home-office-w-ogrodzie\\\/#article\",\"isPartOf\":{\"@id\":\"https:\\\/\\\/gardeon.pl\\\/pl\\\/blog\\\/jak-stworzyc-domowe-biuro-home-office-w-ogrodzie\\\/\"},\"author\":{\"name\":\"editor\",\"@id\":\"https:\\\/\\\/gardeon.pl\\\/#\\\/schema\\\/person\\\/a5762ca5f0790bf92774af0899379463\"},\"headline\":\"Jak stworzy\u0107 domowe biuro (home office) w ogrodzie?\",\"datePublished\":\"2026-04-23T15:41:32+00:00\",\"mainEntityOfPage\":{\"@id\":\"https:\\\/\\\/gardeon.pl\\\/pl\\\/blog\\\/jak-stworzyc-domowe-biuro-home-office-w-ogrodzie\\\/\"},\"wordCount\":592,\"commentCount\":0,\"image\":{\"@id\":\"https:\\\/\\\/gardeon.pl\\\/pl\\\/blog\\\/jak-stworzyc-domowe-biuro-home-office-w-ogrodzie\\\/#primaryimage\"},\"thumbnailUrl\":\"https:\\\/\\\/gardeon.pl\\\/wp-content\\\/uploads\\\/2020\\\/10\\\/GARDEON-foto-od-zakaznikov-51-scaled.jpg\",\"keywords\":[\"biuro domowe\",\"domek ogrodowy\",\"domek ogrodowy GARDEON\",\"GARDEON\",\"home office ogr\u00f3d\",\"ogr\u00f3d\"],\"articleSection\":[\"Domki ogrodowe\",\"Inspiracje\"],\"inLanguage\":\"pl-PL\",\"potentialAction\":[{\"@type\":\"CommentAction\",\"name\":\"Comment\",\"target\":[\"https:\\\/\\\/gardeon.pl\\\/pl\\\/blog\\\/jak-stworzyc-domowe-biuro-home-office-w-ogrodzie\\\/#respond\"]}]},{\"@type\":\"WebPage\",\"@id\":\"https:\\\/\\\/gardeon.pl\\\/pl\\\/blog\\\/jak-stworzyc-domowe-biuro-home-office-w-ogrodzie\\\/\",\"url\":\"https:\\\/\\\/gardeon.pl\\\/pl\\\/blog\\\/jak-stworzyc-domowe-biuro-home-office-w-ogrodzie\\\/\",\"name\":\"Jak stworzy\u0107 domowe biuro (home office) w ogrodzie? | GARDEON\",\"isPartOf\":{\"@id\":\"https:\\\/\\\/gardeon.pl\\\/#website\"},\"primaryImageOfPage\":{\"@id\":\"https:\\\/\\\/gardeon.pl\\\/pl\\\/blog\\\/jak-stworzyc-domowe-biuro-home-office-w-ogrodzie\\\/#primaryimage\"},\"image\":{\"@id\":\"https:\\\/\\\/gardeon.pl\\\/pl\\\/blog\\\/jak-stworzyc-domowe-biuro-home-office-w-ogrodzie\\\/#primaryimage\"},\"thumbnailUrl\":\"https:\\\/\\\/gardeon.pl\\\/wp-content\\\/uploads\\\/2020\\\/10\\\/GARDEON-foto-od-zakaznikov-51-scaled.jpg\",\"datePublished\":\"2026-04-23T15:41:32+00:00\",\"author\":{\"@id\":\"https:\\\/\\\/gardeon.pl\\\/#\\\/schema\\\/person\\\/a5762ca5f0790bf92774af0899379463\"},\"breadcrumb\":{\"@id\":\"https:\\\/\\\/gardeon.pl\\\/pl\\\/blog\\\/jak-stworzyc-domowe-biuro-home-office-w-ogrodzie\\\/#breadcrumb\"},\"inLanguage\":\"pl-PL\",\"potentialAction\":[{\"@type\":\"ReadAction\",\"target\":[\"https:\\\/\\\/gardeon.pl\\\/pl\\\/blog\\\/jak-stworzyc-domowe-biuro-home-office-w-ogrodzie\\\/\"]}]},{\"@type\":\"ImageObject\",\"inLanguage\":\"pl-PL\",\"@id\":\"https:\\\/\\\/gardeon.pl\\\/pl\\\/blog\\\/jak-stworzyc-domowe-biuro-home-office-w-ogrodzie\\\/#primaryimage\",\"url\":\"https:\\\/\\\/gardeon.pl\\\/wp-content\\\/uploads\\\/2020\\\/10\\\/GARDEON-foto-od-zakaznikov-51-scaled.jpg\",\"contentUrl\":\"https:\\\/\\\/gardeon.pl\\\/wp-content\\\/uploads\\\/2020\\\/10\\\/GARDEON-foto-od-zakaznikov-51-scaled.jpg\",\"width\":2560,\"height\":1440,\"caption\":\"Miejsce do siedzenia pod zadaszeniem domku ogrodowego\"},{\"@type\":\"BreadcrumbList\",\"@id\":\"https:\\\/\\\/gardeon.pl\\\/pl\\\/blog\\\/jak-stworzyc-domowe-biuro-home-office-w-ogrodzie\\\/#breadcrumb\",\"itemListElement\":[{\"@type\":\"ListItem\",\"position\":1,\"name\":\"Domov\",\"item\":\"https:\\\/\\\/gardeon.pl\\\/pl\\\/\"},{\"@type\":\"ListItem\",\"position\":2,\"name\":\"Jak stworzy\u0107 domowe biuro (home office) w ogrodzie?\"}]},{\"@type\":\"WebSite\",\"@id\":\"https:\\\/\\\/gardeon.pl\\\/#website\",\"url\":\"https:\\\/\\\/gardeon.pl\\\/\",\"name\":\"GARDEON\",\"description\":\"\",\"potentialAction\":[{\"@type\":\"SearchAction\",\"target\":{\"@type\":\"EntryPoint\",\"urlTemplate\":\"https:\\\/\\\/gardeon.pl\\\/?s={search_term_string}\"},\"query-input\":{\"@type\":\"PropertyValueSpecification\",\"valueRequired\":true,\"valueName\":\"search_term_string\"}}],\"inLanguage\":\"pl-PL\"},{\"@type\":\"Person\",\"@id\":\"https:\\\/\\\/gardeon.pl\\\/#\\\/schema\\\/person\\\/a5762ca5f0790bf92774af0899379463\",\"name\":\"editor\",\"image\":{\"@type\":\"ImageObject\",\"inLanguage\":\"pl-PL\",\"@id\":\"https:\\\/\\\/secure.gravatar.com\\\/avatar\\\/2b748151c2c748327307fd289a91b3bdafdd9e64e2d000e65e53d6dcf11c5830?s=96&d=mm&r=g\",\"url\":\"https:\\\/\\\/secure.gravatar.com\\\/avatar\\\/2b748151c2c748327307fd289a91b3bdafdd9e64e2d000e65e53d6dcf11c5830?s=96&d=mm&r=g\",\"contentUrl\":\"https:\\\/\\\/secure.gravatar.com\\\/avatar\\\/2b748151c2c748327307fd289a91b3bdafdd9e64e2d000e65e53d6dcf11c5830?s=96&d=mm&r=g\",\"caption\":\"editor\"}}]}<\/script>\n<!-- \/ Yoast SEO plugin. -->","yoast_head_json":{"title":"Jak stworzy\u0107 domowe biuro (home office) w ogrodzie? | GARDEON","robots":{"index":"index","follow":"follow","max-snippet":"max-snippet:-1","max-image-preview":"max-image-preview:large","max-video-preview":"max-video-preview:-1"},"canonical":"https:\/\/gardeon.pl\/pl\/blog\/jak-stworzyc-domowe-biuro-home-office-w-ogrodzie\/","og_locale":"pl_PL","og_type":"article","og_title":"Jak stworzy\u0107 domowe biuro (home office) w ogrodzie? | GARDEON","og_description":"Pami\u0119taj\u0105 Pa\u0144stwo, jak w dzieci\u0144stwie z upodobaniem mieszkali Pa\u0144stwo w domkach na drzewie albo w bunkrze z mebli? Wszyscy w tych ma\u0142ych kryj\u00f3wkach mieli\u015bmy przywilej w\u0142asnej przestrzeni \u2014 miejsca, gdzie \u201eknu\u0142o si\u0119 intrygi\u201d i powstawa\u0142y plany przyg\u00f3d. Czy przyj\u0119liby Pa\u0144stwo takie terytorium tak\u017ce teraz, gdy s\u0105 Pa\u0144stwo doro\u015bli? Nic straconego.","og_url":"https:\/\/gardeon.pl\/pl\/blog\/jak-stworzyc-domowe-biuro-home-office-w-ogrodzie\/","og_site_name":"GARDEON","article_published_time":"2026-04-23T15:41:32+00:00","og_image":[{"width":2560,"height":1440,"url":"https:\/\/gardeon.pl\/wp-content\/uploads\/2020\/10\/GARDEON-foto-od-zakaznikov-51-scaled.jpg","type":"image\/jpeg"}],"author":"editor","twitter_card":"summary_large_image","twitter_misc":{"Napisane przez":"editor","Szacowany czas czytania":"3 minuty"},"schema":{"@context":"https:\/\/schema.org","@graph":[{"@type":"Article","@id":"https:\/\/gardeon.pl\/pl\/blog\/jak-stworzyc-domowe-biuro-home-office-w-ogrodzie\/#article","isPartOf":{"@id":"https:\/\/gardeon.pl\/pl\/blog\/jak-stworzyc-domowe-biuro-home-office-w-ogrodzie\/"},"author":{"name":"editor","@id":"https:\/\/gardeon.pl\/#\/schema\/person\/a5762ca5f0790bf92774af0899379463"},"headline":"Jak stworzy\u0107 domowe biuro (home office) w ogrodzie?","datePublished":"2026-04-23T15:41:32+00:00","mainEntityOfPage":{"@id":"https:\/\/gardeon.pl\/pl\/blog\/jak-stworzyc-domowe-biuro-home-office-w-ogrodzie\/"},"wordCount":592,"commentCount":0,"image":{"@id":"https:\/\/gardeon.pl\/pl\/blog\/jak-stworzyc-domowe-biuro-home-office-w-ogrodzie\/#primaryimage"},"thumbnailUrl":"https:\/\/gardeon.pl\/wp-content\/uploads\/2020\/10\/GARDEON-foto-od-zakaznikov-51-scaled.jpg","keywords":["biuro domowe","domek ogrodowy","domek ogrodowy GARDEON","GARDEON","home office ogr\u00f3d","ogr\u00f3d"],"articleSection":["Domki ogrodowe","Inspiracje"],"inLanguage":"pl-PL","potentialAction":[{"@type":"CommentAction","name":"Comment","target":["https:\/\/gardeon.pl\/pl\/blog\/jak-stworzyc-domowe-biuro-home-office-w-ogrodzie\/#respond"]}]},{"@type":"WebPage","@id":"https:\/\/gardeon.pl\/pl\/blog\/jak-stworzyc-domowe-biuro-home-office-w-ogrodzie\/","url":"https:\/\/gardeon.pl\/pl\/blog\/jak-stworzyc-domowe-biuro-home-office-w-ogrodzie\/","name":"Jak stworzy\u0107 domowe biuro (home office) w ogrodzie? | GARDEON","isPartOf":{"@id":"https:\/\/gardeon.pl\/#website"},"primaryImageOfPage":{"@id":"https:\/\/gardeon.pl\/pl\/blog\/jak-stworzyc-domowe-biuro-home-office-w-ogrodzie\/#primaryimage"},"image":{"@id":"https:\/\/gardeon.pl\/pl\/blog\/jak-stworzyc-domowe-biuro-home-office-w-ogrodzie\/#primaryimage"},"thumbnailUrl":"https:\/\/gardeon.pl\/wp-content\/uploads\/2020\/10\/GARDEON-foto-od-zakaznikov-51-scaled.jpg","datePublished":"2026-04-23T15:41:32+00:00","author":{"@id":"https:\/\/gardeon.pl\/#\/schema\/person\/a5762ca5f0790bf92774af0899379463"},"breadcrumb":{"@id":"https:\/\/gardeon.pl\/pl\/blog\/jak-stworzyc-domowe-biuro-home-office-w-ogrodzie\/#breadcrumb"},"inLanguage":"pl-PL","potentialAction":[{"@type":"ReadAction","target":["https:\/\/gardeon.pl\/pl\/blog\/jak-stworzyc-domowe-biuro-home-office-w-ogrodzie\/"]}]},{"@type":"ImageObject","inLanguage":"pl-PL","@id":"https:\/\/gardeon.pl\/pl\/blog\/jak-stworzyc-domowe-biuro-home-office-w-ogrodzie\/#primaryimage","url":"https:\/\/gardeon.pl\/wp-content\/uploads\/2020\/10\/GARDEON-foto-od-zakaznikov-51-scaled.jpg","contentUrl":"https:\/\/gardeon.pl\/wp-content\/uploads\/2020\/10\/GARDEON-foto-od-zakaznikov-51-scaled.jpg","width":2560,"height":1440,"caption":"Miejsce do siedzenia pod zadaszeniem domku ogrodowego"},{"@type":"BreadcrumbList","@id":"https:\/\/gardeon.pl\/pl\/blog\/jak-stworzyc-domowe-biuro-home-office-w-ogrodzie\/#breadcrumb","itemListElement":[{"@type":"ListItem","position":1,"name":"Domov","item":"https:\/\/gardeon.pl\/pl\/"},{"@type":"ListItem","position":2,"name":"Jak stworzy\u0107 domowe biuro (home office) w ogrodzie?"}]},{"@type":"WebSite","@id":"https:\/\/gardeon.pl\/#website","url":"https:\/\/gardeon.pl\/","name":"GARDEON","description":"","potentialAction":[{"@type":"SearchAction","target":{"@type":"EntryPoint","urlTemplate":"https:\/\/gardeon.pl\/?s={search_term_string}"},"query-input":{"@type":"PropertyValueSpecification","valueRequired":true,"valueName":"search_term_string"}}],"inLanguage":"pl-PL"},{"@type":"Person","@id":"https:\/\/gardeon.pl\/#\/schema\/person\/a5762ca5f0790bf92774af0899379463","name":"editor","image":{"@type":"ImageObject","inLanguage":"pl-PL","@id":"https:\/\/secure.gravatar.com\/avatar\/2b748151c2c748327307fd289a91b3bdafdd9e64e2d000e65e53d6dcf11c5830?s=96&d=mm&r=g","url":"https:\/\/secure.gravatar.com\/avatar\/2b748151c2c748327307fd289a91b3bdafdd9e64e2d000e65e53d6dcf11c5830?s=96&d=mm&r=g","contentUrl":"https:\/\/secure.gravatar.com\/avatar\/2b748151c2c748327307fd289a91b3bdafdd9e64e2d000e65e53d6dcf11c5830?s=96&d=mm&r=g","caption":"editor"}}]}},"_links":{"self":[{"href":"https:\/\/gardeon.pl\/pl\/wp-json\/wp\/v2\/posts\/47169","targetHints":{"allow":["GET"]}}],"collection":[{"href":"https:\/\/gardeon.pl\/pl\/wp-json\/wp\/v2\/posts"}],"about":[{"href":"https:\/\/gardeon.pl\/pl\/wp-json\/wp\/v2\/types\/post"}],"author":[{"embeddable":true,"href":"https:\/\/gardeon.pl\/pl\/wp-json\/wp\/v2\/users\/2"}],"replies":[{"embeddable":true,"href":"https:\/\/gardeon.pl\/pl\/wp-json\/wp\/v2\/comments?post=47169"}],"version-history":[{"count":0,"href":"https:\/\/gardeon.pl\/pl\/wp-json\/wp\/v2\/posts\/47169\/revisions"}],"wp:featuredmedia":[{"embeddable":true,"href":"https:\/\/gardeon.pl\/pl\/wp-json\/wp\/v2\/media\/46633"}],"wp:attachment":[{"href":"https:\/\/gardeon.pl\/pl\/wp-json\/wp\/v2\/media?parent=47169"}],"wp:term":[{"taxonomy":"category","embeddable":true,"href":"https:\/\/gardeon.pl\/pl\/wp-json\/wp\/v2\/categories?post=47169"},{"taxonomy":"post_tag","embeddable":true,"href":"https:\/\/gardeon.pl\/pl\/wp-json\/wp\/v2\/tags?post=47169"}],"curies":[{"name":"wp","href":"https:\/\/api.w.org\/{rel}","templated":true}]}}