{"id":47194,"date":"2026-04-23T17:41:33","date_gmt":"2026-04-23T15:41:33","guid":{"rendered":"https:\/\/gardeon.pl\/blog\/domek-ogrodowy-4-x-298-m-z-zadaszeniem-do-wypoczynku-na-swiezym-powietrzu\/"},"modified":"2026-04-23T17:41:33","modified_gmt":"2026-04-23T15:41:33","slug":"domek-ogrodowy-4-x-298-m-z-zadaszeniem-do-wypoczynku-na-swiezym-powietrzu","status":"publish","type":"post","link":"https:\/\/gardeon.pl\/pl\/blog\/domek-ogrodowy-4-x-298-m-z-zadaszeniem-do-wypoczynku-na-swiezym-powietrzu\/","title":{"rendered":"Domek ogrodowy 4 x 2,98 m z zadaszeniem do wypoczynku na \u015bwie\u017cym powietrzu"},"content":{"rendered":"<p><i><span style=\"font-weight: 400;\">Ka\u017cdy z nas chyba to zna. Za du\u017co rzeczy, a w domu nie ma ju\u017c miejsca do przechowywania. Idealnym rozwi\u0105zaniem do przechowywania jest <\/span><\/i><a href=\"https:\/\/gardeon.pl\/zahradni-domky\/\"><i><span style=\"font-weight: 400;\">domek ogrodowy<\/span><\/i><\/a><i><span style=\"font-weight: 400;\">, w kt\u00f3rym zmie\u015bci si\u0119 mn\u00f3stwo rzeczy. Mo\u017cna w nim zamontowa\u0107 tak\u017ce r\u00f3\u017cne systemy wieszak\u00f3w, rega\u0142y i p\u00f3\u0142ki, aby przechowywa\u0107 wszystko w przejrzysty spos\u00f3b. A wie Pan\/Pani, jak jeszcze mo\u017cna ulepszy\u0107 taki domek? Zadaszeniem do wypoczynku, gdzie mo\u017cna sp\u0119dza\u0107 mi\u0142e chwile z rodzin\u0105 i przyjaci\u00f3\u0142mi.<\/span><\/i><!--more--><\/p>\n","protected":false},"excerpt":{"rendered":"<p>Ka\u017cdy z nas chyba to zna. Za du\u017co rzeczy, a w domu nie ma ju\u017c miejsca do przechowywania. Idealnym rozwi\u0105zaniem do przechowywania jest domek ogrodowy, w kt\u00f3rym zmie\u015bci si\u0119 mn\u00f3stwo rzeczy. Mo\u017cna w nim zamontowa\u0107 tak\u017ce r\u00f3\u017cne systemy wieszak\u00f3w, rega\u0142y i p\u00f3\u0142ki, aby przechowywa\u0107 wszystko w przejrzysty spos\u00f3b. A wie Pan\/Pani, jak jeszcze mo\u017cna ulepszy\u0107 [&hellip;]<\/p>\n","protected":false},"author":2,"featured_media":47198,"comment_status":"open","ping_status":"open","sticky":false,"template":"","format":"standard","meta":{"_acf_changed":false,"inline_featured_image":false,"footnotes":""},"categories":[717,716],"tags":[626,579,777],"class_list":["post-47194","post","type-post","status-publish","format-standard","has-post-thumbnail","hentry","category-domki-ogrodowe-2","category-jak-sie-zyje-z-gardeon","tag-domek-ogrodowy-2","tag-gardeon","tag-jak-sie-zyje-z-gardeonem"],"acf":[],"yoast_head":"<!-- This site is optimized with the Yoast SEO plugin v27.4 - https:\/\/yoast.com\/product\/yoast-seo-wordpress\/ -->\n<title>Domek ogrodowy 4 x 2,98 m z zadaszeniem do wypoczynku na \u015bwie\u017cym powietrzu | GARDEON<\/title>\n<meta name=\"robots\" content=\"index, follow, max-snippet:-1, max-image-preview:large, max-video-preview:-1\" \/>\n<link rel=\"canonical\" href=\"https:\/\/gardeon.pl\/pl\/blog\/domek-ogrodowy-4-x-298-m-z-zadaszeniem-do-wypoczynku-na-swiezym-powietrzu\/\" \/>\n<meta property=\"og:locale\" content=\"pl_PL\" \/>\n<meta property=\"og:type\" content=\"article\" \/>\n<meta property=\"og:title\" content=\"Domek ogrodowy 4 x 2,98 m z zadaszeniem do wypoczynku na \u015bwie\u017cym powietrzu | GARDEON\" \/>\n<meta property=\"og:description\" content=\"Ka\u017cdy z nas chyba to zna. Za du\u017co rzeczy, a w domu nie ma ju\u017c miejsca do przechowywania. Idealnym rozwi\u0105zaniem do przechowywania jest domek ogrodowy, w kt\u00f3rym zmie\u015bci si\u0119 mn\u00f3stwo rzeczy. Mo\u017cna w nim zamontowa\u0107 tak\u017ce r\u00f3\u017cne systemy wieszak\u00f3w, rega\u0142y i p\u00f3\u0142ki, aby przechowywa\u0107 wszystko w przejrzysty spos\u00f3b. A wie Pan\/Pani, jak jeszcze mo\u017cna ulepszy\u0107 [&hellip;]\" \/>\n<meta property=\"og:url\" content=\"https:\/\/gardeon.pl\/pl\/blog\/domek-ogrodowy-4-x-298-m-z-zadaszeniem-do-wypoczynku-na-swiezym-powietrzu\/\" \/>\n<meta property=\"og:site_name\" content=\"GARDEON\" \/>\n<meta property=\"article:published_time\" content=\"2026-04-23T15:41:33+00:00\" \/>\n<meta property=\"og:image\" content=\"https:\/\/gardeon.pl\/wp-content\/uploads\/2022\/01\/GARDEON-foto-od-zakaznikov-205.webp\" \/>\n\t<meta property=\"og:image:width\" content=\"1000\" \/>\n\t<meta property=\"og:image:height\" content=\"750\" \/>\n\t<meta property=\"og:image:type\" content=\"image\/webp\" \/>\n<meta name=\"author\" content=\"editor\" \/>\n<meta name=\"twitter:card\" content=\"summary_large_image\" \/>\n<meta name=\"twitter:label1\" content=\"Napisane przez\" \/>\n\t<meta name=\"twitter:data1\" content=\"editor\" \/>\n<script type=\"application\/ld+json\" class=\"yoast-schema-graph\">{\"@context\":\"https:\\\/\\\/schema.org\",\"@graph\":[{\"@type\":\"Article\",\"@id\":\"https:\\\/\\\/gardeon.pl\\\/pl\\\/blog\\\/domek-ogrodowy-4-x-298-m-z-zadaszeniem-do-wypoczynku-na-swiezym-powietrzu\\\/#article\",\"isPartOf\":{\"@id\":\"https:\\\/\\\/gardeon.pl\\\/pl\\\/blog\\\/domek-ogrodowy-4-x-298-m-z-zadaszeniem-do-wypoczynku-na-swiezym-powietrzu\\\/\"},\"author\":{\"name\":\"editor\",\"@id\":\"https:\\\/\\\/gardeon.pl\\\/#\\\/schema\\\/person\\\/a5762ca5f0790bf92774af0899379463\"},\"headline\":\"Domek ogrodowy 4 x 2,98 m z zadaszeniem do wypoczynku na \u015bwie\u017cym powietrzu\",\"datePublished\":\"2026-04-23T15:41:33+00:00\",\"mainEntityOfPage\":{\"@id\":\"https:\\\/\\\/gardeon.pl\\\/pl\\\/blog\\\/domek-ogrodowy-4-x-298-m-z-zadaszeniem-do-wypoczynku-na-swiezym-powietrzu\\\/\"},\"wordCount\":100,\"commentCount\":0,\"image\":{\"@id\":\"https:\\\/\\\/gardeon.pl\\\/pl\\\/blog\\\/domek-ogrodowy-4-x-298-m-z-zadaszeniem-do-wypoczynku-na-swiezym-powietrzu\\\/#primaryimage\"},\"thumbnailUrl\":\"https:\\\/\\\/gardeon.pl\\\/wp-content\\\/uploads\\\/2022\\\/01\\\/GARDEON-foto-od-zakaznikov-205.webp\",\"keywords\":[\"domek ogrodowy\",\"GARDEON\",\"jak si\u0119 \u017cyje z gardeonem\"],\"articleSection\":[\"Domki ogrodowe\",\"Jak si\u0119 \u017cyje z GARDEON\"],\"inLanguage\":\"pl-PL\",\"potentialAction\":[{\"@type\":\"CommentAction\",\"name\":\"Comment\",\"target\":[\"https:\\\/\\\/gardeon.pl\\\/pl\\\/blog\\\/domek-ogrodowy-4-x-298-m-z-zadaszeniem-do-wypoczynku-na-swiezym-powietrzu\\\/#respond\"]}]},{\"@type\":\"WebPage\",\"@id\":\"https:\\\/\\\/gardeon.pl\\\/pl\\\/blog\\\/domek-ogrodowy-4-x-298-m-z-zadaszeniem-do-wypoczynku-na-swiezym-powietrzu\\\/\",\"url\":\"https:\\\/\\\/gardeon.pl\\\/pl\\\/blog\\\/domek-ogrodowy-4-x-298-m-z-zadaszeniem-do-wypoczynku-na-swiezym-powietrzu\\\/\",\"name\":\"Domek ogrodowy 4 x 2,98 m z zadaszeniem do wypoczynku na \u015bwie\u017cym powietrzu | GARDEON\",\"isPartOf\":{\"@id\":\"https:\\\/\\\/gardeon.pl\\\/#website\"},\"primaryImageOfPage\":{\"@id\":\"https:\\\/\\\/gardeon.pl\\\/pl\\\/blog\\\/domek-ogrodowy-4-x-298-m-z-zadaszeniem-do-wypoczynku-na-swiezym-powietrzu\\\/#primaryimage\"},\"image\":{\"@id\":\"https:\\\/\\\/gardeon.pl\\\/pl\\\/blog\\\/domek-ogrodowy-4-x-298-m-z-zadaszeniem-do-wypoczynku-na-swiezym-powietrzu\\\/#primaryimage\"},\"thumbnailUrl\":\"https:\\\/\\\/gardeon.pl\\\/wp-content\\\/uploads\\\/2022\\\/01\\\/GARDEON-foto-od-zakaznikov-205.webp\",\"datePublished\":\"2026-04-23T15:41:33+00:00\",\"author\":{\"@id\":\"https:\\\/\\\/gardeon.pl\\\/#\\\/schema\\\/person\\\/a5762ca5f0790bf92774af0899379463\"},\"breadcrumb\":{\"@id\":\"https:\\\/\\\/gardeon.pl\\\/pl\\\/blog\\\/domek-ogrodowy-4-x-298-m-z-zadaszeniem-do-wypoczynku-na-swiezym-powietrzu\\\/#breadcrumb\"},\"inLanguage\":\"pl-PL\",\"potentialAction\":[{\"@type\":\"ReadAction\",\"target\":[\"https:\\\/\\\/gardeon.pl\\\/pl\\\/blog\\\/domek-ogrodowy-4-x-298-m-z-zadaszeniem-do-wypoczynku-na-swiezym-powietrzu\\\/\"]}]},{\"@type\":\"ImageObject\",\"inLanguage\":\"pl-PL\",\"@id\":\"https:\\\/\\\/gardeon.pl\\\/pl\\\/blog\\\/domek-ogrodowy-4-x-298-m-z-zadaszeniem-do-wypoczynku-na-swiezym-powietrzu\\\/#primaryimage\",\"url\":\"https:\\\/\\\/gardeon.pl\\\/wp-content\\\/uploads\\\/2022\\\/01\\\/GARDEON-foto-od-zakaznikov-205.webp\",\"contentUrl\":\"https:\\\/\\\/gardeon.pl\\\/wp-content\\\/uploads\\\/2022\\\/01\\\/GARDEON-foto-od-zakaznikov-205.webp\",\"width\":1000,\"height\":750,\"caption\":\"Domek ogrodowy z miejscem do wypoczynku\"},{\"@type\":\"BreadcrumbList\",\"@id\":\"https:\\\/\\\/gardeon.pl\\\/pl\\\/blog\\\/domek-ogrodowy-4-x-298-m-z-zadaszeniem-do-wypoczynku-na-swiezym-powietrzu\\\/#breadcrumb\",\"itemListElement\":[{\"@type\":\"ListItem\",\"position\":1,\"name\":\"Domov\",\"item\":\"https:\\\/\\\/gardeon.pl\\\/pl\\\/\"},{\"@type\":\"ListItem\",\"position\":2,\"name\":\"Domek ogrodowy 4 x 2,98 m z zadaszeniem do wypoczynku na \u015bwie\u017cym powietrzu\"}]},{\"@type\":\"WebSite\",\"@id\":\"https:\\\/\\\/gardeon.pl\\\/#website\",\"url\":\"https:\\\/\\\/gardeon.pl\\\/\",\"name\":\"GARDEON\",\"description\":\"\",\"potentialAction\":[{\"@type\":\"SearchAction\",\"target\":{\"@type\":\"EntryPoint\",\"urlTemplate\":\"https:\\\/\\\/gardeon.pl\\\/?s={search_term_string}\"},\"query-input\":{\"@type\":\"PropertyValueSpecification\",\"valueRequired\":true,\"valueName\":\"search_term_string\"}}],\"inLanguage\":\"pl-PL\"},{\"@type\":\"Person\",\"@id\":\"https:\\\/\\\/gardeon.pl\\\/#\\\/schema\\\/person\\\/a5762ca5f0790bf92774af0899379463\",\"name\":\"editor\",\"image\":{\"@type\":\"ImageObject\",\"inLanguage\":\"pl-PL\",\"@id\":\"https:\\\/\\\/secure.gravatar.com\\\/avatar\\\/2b748151c2c748327307fd289a91b3bdafdd9e64e2d000e65e53d6dcf11c5830?s=96&d=mm&r=g\",\"url\":\"https:\\\/\\\/secure.gravatar.com\\\/avatar\\\/2b748151c2c748327307fd289a91b3bdafdd9e64e2d000e65e53d6dcf11c5830?s=96&d=mm&r=g\",\"contentUrl\":\"https:\\\/\\\/secure.gravatar.com\\\/avatar\\\/2b748151c2c748327307fd289a91b3bdafdd9e64e2d000e65e53d6dcf11c5830?s=96&d=mm&r=g\",\"caption\":\"editor\"}}]}<\/script>\n<!-- \/ Yoast SEO plugin. -->","yoast_head_json":{"title":"Domek ogrodowy 4 x 2,98 m z zadaszeniem do wypoczynku na \u015bwie\u017cym powietrzu | GARDEON","robots":{"index":"index","follow":"follow","max-snippet":"max-snippet:-1","max-image-preview":"max-image-preview:large","max-video-preview":"max-video-preview:-1"},"canonical":"https:\/\/gardeon.pl\/pl\/blog\/domek-ogrodowy-4-x-298-m-z-zadaszeniem-do-wypoczynku-na-swiezym-powietrzu\/","og_locale":"pl_PL","og_type":"article","og_title":"Domek ogrodowy 4 x 2,98 m z zadaszeniem do wypoczynku na \u015bwie\u017cym powietrzu | GARDEON","og_description":"Ka\u017cdy z nas chyba to zna. Za du\u017co rzeczy, a w domu nie ma ju\u017c miejsca do przechowywania. Idealnym rozwi\u0105zaniem do przechowywania jest domek ogrodowy, w kt\u00f3rym zmie\u015bci si\u0119 mn\u00f3stwo rzeczy. Mo\u017cna w nim zamontowa\u0107 tak\u017ce r\u00f3\u017cne systemy wieszak\u00f3w, rega\u0142y i p\u00f3\u0142ki, aby przechowywa\u0107 wszystko w przejrzysty spos\u00f3b. A wie Pan\/Pani, jak jeszcze mo\u017cna ulepszy\u0107 [&hellip;]","og_url":"https:\/\/gardeon.pl\/pl\/blog\/domek-ogrodowy-4-x-298-m-z-zadaszeniem-do-wypoczynku-na-swiezym-powietrzu\/","og_site_name":"GARDEON","article_published_time":"2026-04-23T15:41:33+00:00","og_image":[{"width":1000,"height":750,"url":"https:\/\/gardeon.pl\/wp-content\/uploads\/2022\/01\/GARDEON-foto-od-zakaznikov-205.webp","type":"image\/webp"}],"author":"editor","twitter_card":"summary_large_image","twitter_misc":{"Napisane przez":"editor"},"schema":{"@context":"https:\/\/schema.org","@graph":[{"@type":"Article","@id":"https:\/\/gardeon.pl\/pl\/blog\/domek-ogrodowy-4-x-298-m-z-zadaszeniem-do-wypoczynku-na-swiezym-powietrzu\/#article","isPartOf":{"@id":"https:\/\/gardeon.pl\/pl\/blog\/domek-ogrodowy-4-x-298-m-z-zadaszeniem-do-wypoczynku-na-swiezym-powietrzu\/"},"author":{"name":"editor","@id":"https:\/\/gardeon.pl\/#\/schema\/person\/a5762ca5f0790bf92774af0899379463"},"headline":"Domek ogrodowy 4 x 2,98 m z zadaszeniem do wypoczynku na \u015bwie\u017cym powietrzu","datePublished":"2026-04-23T15:41:33+00:00","mainEntityOfPage":{"@id":"https:\/\/gardeon.pl\/pl\/blog\/domek-ogrodowy-4-x-298-m-z-zadaszeniem-do-wypoczynku-na-swiezym-powietrzu\/"},"wordCount":100,"commentCount":0,"image":{"@id":"https:\/\/gardeon.pl\/pl\/blog\/domek-ogrodowy-4-x-298-m-z-zadaszeniem-do-wypoczynku-na-swiezym-powietrzu\/#primaryimage"},"thumbnailUrl":"https:\/\/gardeon.pl\/wp-content\/uploads\/2022\/01\/GARDEON-foto-od-zakaznikov-205.webp","keywords":["domek ogrodowy","GARDEON","jak si\u0119 \u017cyje z gardeonem"],"articleSection":["Domki ogrodowe","Jak si\u0119 \u017cyje z GARDEON"],"inLanguage":"pl-PL","potentialAction":[{"@type":"CommentAction","name":"Comment","target":["https:\/\/gardeon.pl\/pl\/blog\/domek-ogrodowy-4-x-298-m-z-zadaszeniem-do-wypoczynku-na-swiezym-powietrzu\/#respond"]}]},{"@type":"WebPage","@id":"https:\/\/gardeon.pl\/pl\/blog\/domek-ogrodowy-4-x-298-m-z-zadaszeniem-do-wypoczynku-na-swiezym-powietrzu\/","url":"https:\/\/gardeon.pl\/pl\/blog\/domek-ogrodowy-4-x-298-m-z-zadaszeniem-do-wypoczynku-na-swiezym-powietrzu\/","name":"Domek ogrodowy 4 x 2,98 m z zadaszeniem do wypoczynku na \u015bwie\u017cym powietrzu | GARDEON","isPartOf":{"@id":"https:\/\/gardeon.pl\/#website"},"primaryImageOfPage":{"@id":"https:\/\/gardeon.pl\/pl\/blog\/domek-ogrodowy-4-x-298-m-z-zadaszeniem-do-wypoczynku-na-swiezym-powietrzu\/#primaryimage"},"image":{"@id":"https:\/\/gardeon.pl\/pl\/blog\/domek-ogrodowy-4-x-298-m-z-zadaszeniem-do-wypoczynku-na-swiezym-powietrzu\/#primaryimage"},"thumbnailUrl":"https:\/\/gardeon.pl\/wp-content\/uploads\/2022\/01\/GARDEON-foto-od-zakaznikov-205.webp","datePublished":"2026-04-23T15:41:33+00:00","author":{"@id":"https:\/\/gardeon.pl\/#\/schema\/person\/a5762ca5f0790bf92774af0899379463"},"breadcrumb":{"@id":"https:\/\/gardeon.pl\/pl\/blog\/domek-ogrodowy-4-x-298-m-z-zadaszeniem-do-wypoczynku-na-swiezym-powietrzu\/#breadcrumb"},"inLanguage":"pl-PL","potentialAction":[{"@type":"ReadAction","target":["https:\/\/gardeon.pl\/pl\/blog\/domek-ogrodowy-4-x-298-m-z-zadaszeniem-do-wypoczynku-na-swiezym-powietrzu\/"]}]},{"@type":"ImageObject","inLanguage":"pl-PL","@id":"https:\/\/gardeon.pl\/pl\/blog\/domek-ogrodowy-4-x-298-m-z-zadaszeniem-do-wypoczynku-na-swiezym-powietrzu\/#primaryimage","url":"https:\/\/gardeon.pl\/wp-content\/uploads\/2022\/01\/GARDEON-foto-od-zakaznikov-205.webp","contentUrl":"https:\/\/gardeon.pl\/wp-content\/uploads\/2022\/01\/GARDEON-foto-od-zakaznikov-205.webp","width":1000,"height":750,"caption":"Domek ogrodowy z miejscem do wypoczynku"},{"@type":"BreadcrumbList","@id":"https:\/\/gardeon.pl\/pl\/blog\/domek-ogrodowy-4-x-298-m-z-zadaszeniem-do-wypoczynku-na-swiezym-powietrzu\/#breadcrumb","itemListElement":[{"@type":"ListItem","position":1,"name":"Domov","item":"https:\/\/gardeon.pl\/pl\/"},{"@type":"ListItem","position":2,"name":"Domek ogrodowy 4 x 2,98 m z zadaszeniem do wypoczynku na \u015bwie\u017cym powietrzu"}]},{"@type":"WebSite","@id":"https:\/\/gardeon.pl\/#website","url":"https:\/\/gardeon.pl\/","name":"GARDEON","description":"","potentialAction":[{"@type":"SearchAction","target":{"@type":"EntryPoint","urlTemplate":"https:\/\/gardeon.pl\/?s={search_term_string}"},"query-input":{"@type":"PropertyValueSpecification","valueRequired":true,"valueName":"search_term_string"}}],"inLanguage":"pl-PL"},{"@type":"Person","@id":"https:\/\/gardeon.pl\/#\/schema\/person\/a5762ca5f0790bf92774af0899379463","name":"editor","image":{"@type":"ImageObject","inLanguage":"pl-PL","@id":"https:\/\/secure.gravatar.com\/avatar\/2b748151c2c748327307fd289a91b3bdafdd9e64e2d000e65e53d6dcf11c5830?s=96&d=mm&r=g","url":"https:\/\/secure.gravatar.com\/avatar\/2b748151c2c748327307fd289a91b3bdafdd9e64e2d000e65e53d6dcf11c5830?s=96&d=mm&r=g","contentUrl":"https:\/\/secure.gravatar.com\/avatar\/2b748151c2c748327307fd289a91b3bdafdd9e64e2d000e65e53d6dcf11c5830?s=96&d=mm&r=g","caption":"editor"}}]}},"_links":{"self":[{"href":"https:\/\/gardeon.pl\/pl\/wp-json\/wp\/v2\/posts\/47194","targetHints":{"allow":["GET"]}}],"collection":[{"href":"https:\/\/gardeon.pl\/pl\/wp-json\/wp\/v2\/posts"}],"about":[{"href":"https:\/\/gardeon.pl\/pl\/wp-json\/wp\/v2\/types\/post"}],"author":[{"embeddable":true,"href":"https:\/\/gardeon.pl\/pl\/wp-json\/wp\/v2\/users\/2"}],"replies":[{"embeddable":true,"href":"https:\/\/gardeon.pl\/pl\/wp-json\/wp\/v2\/comments?post=47194"}],"version-history":[{"count":0,"href":"https:\/\/gardeon.pl\/pl\/wp-json\/wp\/v2\/posts\/47194\/revisions"}],"wp:featuredmedia":[{"embeddable":true,"href":"https:\/\/gardeon.pl\/pl\/wp-json\/wp\/v2\/media\/47198"}],"wp:attachment":[{"href":"https:\/\/gardeon.pl\/pl\/wp-json\/wp\/v2\/media?parent=47194"}],"wp:term":[{"taxonomy":"category","embeddable":true,"href":"https:\/\/gardeon.pl\/pl\/wp-json\/wp\/v2\/categories?post=47194"},{"taxonomy":"post_tag","embeddable":true,"href":"https:\/\/gardeon.pl\/pl\/wp-json\/wp\/v2\/tags?post=47194"}],"curies":[{"name":"wp","href":"https:\/\/api.w.org\/{rel}","templated":true}]}}