{"id":47234,"date":"2026-04-23T17:41:36","date_gmt":"2026-04-23T15:41:36","guid":{"rendered":"https:\/\/gardeon.pl\/blog\/na-wiodacych-targach-budowlanych-bylismy-jedyna-firma-ze-slowacji\/"},"modified":"2026-04-23T17:41:36","modified_gmt":"2026-04-23T15:41:36","slug":"na-wiodacych-targach-budowlanych-bylismy-jedyna-firma-ze-slowacji","status":"publish","type":"post","link":"https:\/\/gardeon.pl\/pl\/blog\/na-wiodacych-targach-budowlanych-bylismy-jedyna-firma-ze-slowacji\/","title":{"rendered":"Na wiod\u0105cych targach budowlanych byli\u015bmy jedyn\u0105 firm\u0105 ze S\u0142owacji"},"content":{"rendered":"<p><em><span class=\"s2\">Najwi\u0119ksze targi budowlane i architektoniczne, kt\u00f3re w tym roku ponownie odby\u0142y si\u0119 w Monachium, reprezentuj\u0105 <strong>wed\u0142ug bawarskiego ministra gospodarki Huberta <\/strong><\/span><strong><span class=\"s2\">Aiwangera<\/span><\/strong><span class=\"s2\"> post\u0119p i innowacje, wzrost oraz konkurencyjno\u015b\u0107, wyznaczaj\u0105c kierunek przysz\u0142o\u015bci budownictwa i urbanistyki. <\/span><span class=\"s2\">S\u0142owackich firm budowlanych zabrak\u0142o na tegorocznym Bau Monachium<\/span><span class=\"s2\">. My z <\/span><span class=\"s2\">GARDEON<\/span><span class=\"s2\"> byli\u015bmy tutaj jedyn\u0105 wystawiaj\u0105c\u0105 si\u0119 firm\u0105 ze S\u0142owacji.<\/span><\/em><\/p>\n<p><!--more--><\/p>\n","protected":false},"excerpt":{"rendered":"<p>Najwi\u0119ksze targi budowlane i architektoniczne, kt\u00f3re w tym roku ponownie odby\u0142y si\u0119 w Monachium, reprezentuj\u0105 wed\u0142ug bawarskiego ministra gospodarki Huberta Aiwangera post\u0119p i innowacje, wzrost oraz konkurencyjno\u015b\u0107, wyznaczaj\u0105c kierunek przysz\u0142o\u015bci budownictwa i urbanistyki. S\u0142owackich firm budowlanych zabrak\u0142o na tegorocznym Bau Monachium. My z GARDEON byli\u015bmy tutaj jedyn\u0105 wystawiaj\u0105c\u0105 si\u0119 firm\u0105 ze S\u0142owacji.<\/p>\n","protected":false},"author":2,"featured_media":47255,"comment_status":"open","ping_status":"open","sticky":false,"template":"","format":"standard","meta":{"_acf_changed":false,"inline_featured_image":false,"footnotes":""},"categories":[593],"tags":[815,816],"class_list":["post-47234","post","type-post","status-publish","format-standard","has-post-thumbnail","hentry","category-aktualnosci","tag-bau","tag-monachium"],"acf":[],"yoast_head":"<!-- This site is optimized with the Yoast SEO plugin v27.4 - https:\/\/yoast.com\/product\/yoast-seo-wordpress\/ -->\n<title>Na wiod\u0105cych targach byli\u015bmy jedyn\u0105 firm\u0105 ze S\u0142owacji | GARDEON<\/title>\n<meta name=\"robots\" content=\"index, follow, max-snippet:-1, max-image-preview:large, max-video-preview:-1\" \/>\n<link rel=\"canonical\" href=\"https:\/\/gardeon.pl\/pl\/blog\/na-wiodacych-targach-budowlanych-bylismy-jedyna-firma-ze-slowacji\/\" \/>\n<meta property=\"og:locale\" content=\"pl_PL\" \/>\n<meta property=\"og:type\" content=\"article\" \/>\n<meta property=\"og:title\" content=\"Na wiod\u0105cych targach byli\u015bmy jedyn\u0105 firm\u0105 ze S\u0142owacji | GARDEON\" \/>\n<meta property=\"og:description\" content=\"Najwi\u0119ksze targi budowlane i architektoniczne, kt\u00f3re w tym roku ponownie odby\u0142y si\u0119 w Monachium, reprezentuj\u0105 wed\u0142ug bawarskiego ministra gospodarki Huberta Aiwangera post\u0119p i innowacje, wzrost oraz konkurencyjno\u015b\u0107, wyznaczaj\u0105c kierunek przysz\u0142o\u015bci budownictwa i urbanistyki. S\u0142owackich firm budowlanych zabrak\u0142o na tegorocznym Bau Monachium. My z GARDEON byli\u015bmy tutaj jedyn\u0105 wystawiaj\u0105c\u0105 si\u0119 firm\u0105 ze S\u0142owacji.\" \/>\n<meta property=\"og:url\" content=\"https:\/\/gardeon.pl\/pl\/blog\/na-wiodacych-targach-budowlanych-bylismy-jedyna-firma-ze-slowacji\/\" \/>\n<meta property=\"og:site_name\" content=\"GARDEON\" \/>\n<meta property=\"article:published_time\" content=\"2026-04-23T15:41:36+00:00\" \/>\n<meta property=\"og:image\" content=\"https:\/\/gardeon.pl\/wp-content\/uploads\/2023\/05\/gardeon-bau-messe-munich-19-2-scaled.webp\" \/>\n\t<meta property=\"og:image:width\" content=\"2560\" \/>\n\t<meta property=\"og:image:height\" content=\"1439\" \/>\n\t<meta property=\"og:image:type\" content=\"image\/webp\" \/>\n<meta name=\"author\" content=\"editor\" \/>\n<meta name=\"twitter:card\" content=\"summary_large_image\" \/>\n<meta name=\"twitter:label1\" content=\"Napisane przez\" \/>\n\t<meta name=\"twitter:data1\" content=\"editor\" \/>\n<script type=\"application\/ld+json\" class=\"yoast-schema-graph\">{\"@context\":\"https:\\\/\\\/schema.org\",\"@graph\":[{\"@type\":\"Article\",\"@id\":\"https:\\\/\\\/gardeon.pl\\\/pl\\\/blog\\\/na-wiodacych-targach-budowlanych-bylismy-jedyna-firma-ze-slowacji\\\/#article\",\"isPartOf\":{\"@id\":\"https:\\\/\\\/gardeon.pl\\\/pl\\\/blog\\\/na-wiodacych-targach-budowlanych-bylismy-jedyna-firma-ze-slowacji\\\/\"},\"author\":{\"name\":\"editor\",\"@id\":\"https:\\\/\\\/gardeon.pl\\\/#\\\/schema\\\/person\\\/a5762ca5f0790bf92774af0899379463\"},\"headline\":\"Na wiod\u0105cych targach budowlanych byli\u015bmy jedyn\u0105 firm\u0105 ze S\u0142owacji\",\"datePublished\":\"2026-04-23T15:41:36+00:00\",\"mainEntityOfPage\":{\"@id\":\"https:\\\/\\\/gardeon.pl\\\/pl\\\/blog\\\/na-wiodacych-targach-budowlanych-bylismy-jedyna-firma-ze-slowacji\\\/\"},\"wordCount\":77,\"commentCount\":0,\"image\":{\"@id\":\"https:\\\/\\\/gardeon.pl\\\/pl\\\/blog\\\/na-wiodacych-targach-budowlanych-bylismy-jedyna-firma-ze-slowacji\\\/#primaryimage\"},\"thumbnailUrl\":\"https:\\\/\\\/gardeon.pl\\\/wp-content\\\/uploads\\\/2023\\\/05\\\/gardeon-bau-messe-munich-19-2-scaled.webp\",\"keywords\":[\"BAU\",\"Monachium\"],\"articleSection\":[\"Aktualno\u015bci\"],\"inLanguage\":\"pl-PL\",\"potentialAction\":[{\"@type\":\"CommentAction\",\"name\":\"Comment\",\"target\":[\"https:\\\/\\\/gardeon.pl\\\/pl\\\/blog\\\/na-wiodacych-targach-budowlanych-bylismy-jedyna-firma-ze-slowacji\\\/#respond\"]}]},{\"@type\":\"WebPage\",\"@id\":\"https:\\\/\\\/gardeon.pl\\\/pl\\\/blog\\\/na-wiodacych-targach-budowlanych-bylismy-jedyna-firma-ze-slowacji\\\/\",\"url\":\"https:\\\/\\\/gardeon.pl\\\/pl\\\/blog\\\/na-wiodacych-targach-budowlanych-bylismy-jedyna-firma-ze-slowacji\\\/\",\"name\":\"Na wiod\u0105cych targach byli\u015bmy jedyn\u0105 firm\u0105 ze S\u0142owacji | GARDEON\",\"isPartOf\":{\"@id\":\"https:\\\/\\\/gardeon.pl\\\/#website\"},\"primaryImageOfPage\":{\"@id\":\"https:\\\/\\\/gardeon.pl\\\/pl\\\/blog\\\/na-wiodacych-targach-budowlanych-bylismy-jedyna-firma-ze-slowacji\\\/#primaryimage\"},\"image\":{\"@id\":\"https:\\\/\\\/gardeon.pl\\\/pl\\\/blog\\\/na-wiodacych-targach-budowlanych-bylismy-jedyna-firma-ze-slowacji\\\/#primaryimage\"},\"thumbnailUrl\":\"https:\\\/\\\/gardeon.pl\\\/wp-content\\\/uploads\\\/2023\\\/05\\\/gardeon-bau-messe-munich-19-2-scaled.webp\",\"datePublished\":\"2026-04-23T15:41:36+00:00\",\"author\":{\"@id\":\"https:\\\/\\\/gardeon.pl\\\/#\\\/schema\\\/person\\\/a5762ca5f0790bf92774af0899379463\"},\"breadcrumb\":{\"@id\":\"https:\\\/\\\/gardeon.pl\\\/pl\\\/blog\\\/na-wiodacych-targach-budowlanych-bylismy-jedyna-firma-ze-slowacji\\\/#breadcrumb\"},\"inLanguage\":\"pl-PL\",\"potentialAction\":[{\"@type\":\"ReadAction\",\"target\":[\"https:\\\/\\\/gardeon.pl\\\/pl\\\/blog\\\/na-wiodacych-targach-budowlanych-bylismy-jedyna-firma-ze-slowacji\\\/\"]}]},{\"@type\":\"ImageObject\",\"inLanguage\":\"pl-PL\",\"@id\":\"https:\\\/\\\/gardeon.pl\\\/pl\\\/blog\\\/na-wiodacych-targach-budowlanych-bylismy-jedyna-firma-ze-slowacji\\\/#primaryimage\",\"url\":\"https:\\\/\\\/gardeon.pl\\\/wp-content\\\/uploads\\\/2023\\\/05\\\/gardeon-bau-messe-munich-19-2-scaled.webp\",\"contentUrl\":\"https:\\\/\\\/gardeon.pl\\\/wp-content\\\/uploads\\\/2023\\\/05\\\/gardeon-bau-messe-munich-19-2-scaled.webp\",\"width\":2560,\"height\":1439,\"caption\":\"Ruch na targach BAU\"},{\"@type\":\"BreadcrumbList\",\"@id\":\"https:\\\/\\\/gardeon.pl\\\/pl\\\/blog\\\/na-wiodacych-targach-budowlanych-bylismy-jedyna-firma-ze-slowacji\\\/#breadcrumb\",\"itemListElement\":[{\"@type\":\"ListItem\",\"position\":1,\"name\":\"Domov\",\"item\":\"https:\\\/\\\/gardeon.pl\\\/pl\\\/\"},{\"@type\":\"ListItem\",\"position\":2,\"name\":\"Na wiod\u0105cych targach budowlanych byli\u015bmy jedyn\u0105 firm\u0105 ze S\u0142owacji\"}]},{\"@type\":\"WebSite\",\"@id\":\"https:\\\/\\\/gardeon.pl\\\/#website\",\"url\":\"https:\\\/\\\/gardeon.pl\\\/\",\"name\":\"GARDEON\",\"description\":\"\",\"potentialAction\":[{\"@type\":\"SearchAction\",\"target\":{\"@type\":\"EntryPoint\",\"urlTemplate\":\"https:\\\/\\\/gardeon.pl\\\/?s={search_term_string}\"},\"query-input\":{\"@type\":\"PropertyValueSpecification\",\"valueRequired\":true,\"valueName\":\"search_term_string\"}}],\"inLanguage\":\"pl-PL\"},{\"@type\":\"Person\",\"@id\":\"https:\\\/\\\/gardeon.pl\\\/#\\\/schema\\\/person\\\/a5762ca5f0790bf92774af0899379463\",\"name\":\"editor\",\"image\":{\"@type\":\"ImageObject\",\"inLanguage\":\"pl-PL\",\"@id\":\"https:\\\/\\\/secure.gravatar.com\\\/avatar\\\/2b748151c2c748327307fd289a91b3bdafdd9e64e2d000e65e53d6dcf11c5830?s=96&d=mm&r=g\",\"url\":\"https:\\\/\\\/secure.gravatar.com\\\/avatar\\\/2b748151c2c748327307fd289a91b3bdafdd9e64e2d000e65e53d6dcf11c5830?s=96&d=mm&r=g\",\"contentUrl\":\"https:\\\/\\\/secure.gravatar.com\\\/avatar\\\/2b748151c2c748327307fd289a91b3bdafdd9e64e2d000e65e53d6dcf11c5830?s=96&d=mm&r=g\",\"caption\":\"editor\"}}]}<\/script>\n<!-- \/ Yoast SEO plugin. -->","yoast_head_json":{"title":"Na wiod\u0105cych targach byli\u015bmy jedyn\u0105 firm\u0105 ze S\u0142owacji | GARDEON","robots":{"index":"index","follow":"follow","max-snippet":"max-snippet:-1","max-image-preview":"max-image-preview:large","max-video-preview":"max-video-preview:-1"},"canonical":"https:\/\/gardeon.pl\/pl\/blog\/na-wiodacych-targach-budowlanych-bylismy-jedyna-firma-ze-slowacji\/","og_locale":"pl_PL","og_type":"article","og_title":"Na wiod\u0105cych targach byli\u015bmy jedyn\u0105 firm\u0105 ze S\u0142owacji | GARDEON","og_description":"Najwi\u0119ksze targi budowlane i architektoniczne, kt\u00f3re w tym roku ponownie odby\u0142y si\u0119 w Monachium, reprezentuj\u0105 wed\u0142ug bawarskiego ministra gospodarki Huberta Aiwangera post\u0119p i innowacje, wzrost oraz konkurencyjno\u015b\u0107, wyznaczaj\u0105c kierunek przysz\u0142o\u015bci budownictwa i urbanistyki. S\u0142owackich firm budowlanych zabrak\u0142o na tegorocznym Bau Monachium. My z GARDEON byli\u015bmy tutaj jedyn\u0105 wystawiaj\u0105c\u0105 si\u0119 firm\u0105 ze S\u0142owacji.","og_url":"https:\/\/gardeon.pl\/pl\/blog\/na-wiodacych-targach-budowlanych-bylismy-jedyna-firma-ze-slowacji\/","og_site_name":"GARDEON","article_published_time":"2026-04-23T15:41:36+00:00","og_image":[{"width":2560,"height":1439,"url":"https:\/\/gardeon.pl\/wp-content\/uploads\/2023\/05\/gardeon-bau-messe-munich-19-2-scaled.webp","type":"image\/webp"}],"author":"editor","twitter_card":"summary_large_image","twitter_misc":{"Napisane przez":"editor"},"schema":{"@context":"https:\/\/schema.org","@graph":[{"@type":"Article","@id":"https:\/\/gardeon.pl\/pl\/blog\/na-wiodacych-targach-budowlanych-bylismy-jedyna-firma-ze-slowacji\/#article","isPartOf":{"@id":"https:\/\/gardeon.pl\/pl\/blog\/na-wiodacych-targach-budowlanych-bylismy-jedyna-firma-ze-slowacji\/"},"author":{"name":"editor","@id":"https:\/\/gardeon.pl\/#\/schema\/person\/a5762ca5f0790bf92774af0899379463"},"headline":"Na wiod\u0105cych targach budowlanych byli\u015bmy jedyn\u0105 firm\u0105 ze S\u0142owacji","datePublished":"2026-04-23T15:41:36+00:00","mainEntityOfPage":{"@id":"https:\/\/gardeon.pl\/pl\/blog\/na-wiodacych-targach-budowlanych-bylismy-jedyna-firma-ze-slowacji\/"},"wordCount":77,"commentCount":0,"image":{"@id":"https:\/\/gardeon.pl\/pl\/blog\/na-wiodacych-targach-budowlanych-bylismy-jedyna-firma-ze-slowacji\/#primaryimage"},"thumbnailUrl":"https:\/\/gardeon.pl\/wp-content\/uploads\/2023\/05\/gardeon-bau-messe-munich-19-2-scaled.webp","keywords":["BAU","Monachium"],"articleSection":["Aktualno\u015bci"],"inLanguage":"pl-PL","potentialAction":[{"@type":"CommentAction","name":"Comment","target":["https:\/\/gardeon.pl\/pl\/blog\/na-wiodacych-targach-budowlanych-bylismy-jedyna-firma-ze-slowacji\/#respond"]}]},{"@type":"WebPage","@id":"https:\/\/gardeon.pl\/pl\/blog\/na-wiodacych-targach-budowlanych-bylismy-jedyna-firma-ze-slowacji\/","url":"https:\/\/gardeon.pl\/pl\/blog\/na-wiodacych-targach-budowlanych-bylismy-jedyna-firma-ze-slowacji\/","name":"Na wiod\u0105cych targach byli\u015bmy jedyn\u0105 firm\u0105 ze S\u0142owacji | GARDEON","isPartOf":{"@id":"https:\/\/gardeon.pl\/#website"},"primaryImageOfPage":{"@id":"https:\/\/gardeon.pl\/pl\/blog\/na-wiodacych-targach-budowlanych-bylismy-jedyna-firma-ze-slowacji\/#primaryimage"},"image":{"@id":"https:\/\/gardeon.pl\/pl\/blog\/na-wiodacych-targach-budowlanych-bylismy-jedyna-firma-ze-slowacji\/#primaryimage"},"thumbnailUrl":"https:\/\/gardeon.pl\/wp-content\/uploads\/2023\/05\/gardeon-bau-messe-munich-19-2-scaled.webp","datePublished":"2026-04-23T15:41:36+00:00","author":{"@id":"https:\/\/gardeon.pl\/#\/schema\/person\/a5762ca5f0790bf92774af0899379463"},"breadcrumb":{"@id":"https:\/\/gardeon.pl\/pl\/blog\/na-wiodacych-targach-budowlanych-bylismy-jedyna-firma-ze-slowacji\/#breadcrumb"},"inLanguage":"pl-PL","potentialAction":[{"@type":"ReadAction","target":["https:\/\/gardeon.pl\/pl\/blog\/na-wiodacych-targach-budowlanych-bylismy-jedyna-firma-ze-slowacji\/"]}]},{"@type":"ImageObject","inLanguage":"pl-PL","@id":"https:\/\/gardeon.pl\/pl\/blog\/na-wiodacych-targach-budowlanych-bylismy-jedyna-firma-ze-slowacji\/#primaryimage","url":"https:\/\/gardeon.pl\/wp-content\/uploads\/2023\/05\/gardeon-bau-messe-munich-19-2-scaled.webp","contentUrl":"https:\/\/gardeon.pl\/wp-content\/uploads\/2023\/05\/gardeon-bau-messe-munich-19-2-scaled.webp","width":2560,"height":1439,"caption":"Ruch na targach BAU"},{"@type":"BreadcrumbList","@id":"https:\/\/gardeon.pl\/pl\/blog\/na-wiodacych-targach-budowlanych-bylismy-jedyna-firma-ze-slowacji\/#breadcrumb","itemListElement":[{"@type":"ListItem","position":1,"name":"Domov","item":"https:\/\/gardeon.pl\/pl\/"},{"@type":"ListItem","position":2,"name":"Na wiod\u0105cych targach budowlanych byli\u015bmy jedyn\u0105 firm\u0105 ze S\u0142owacji"}]},{"@type":"WebSite","@id":"https:\/\/gardeon.pl\/#website","url":"https:\/\/gardeon.pl\/","name":"GARDEON","description":"","potentialAction":[{"@type":"SearchAction","target":{"@type":"EntryPoint","urlTemplate":"https:\/\/gardeon.pl\/?s={search_term_string}"},"query-input":{"@type":"PropertyValueSpecification","valueRequired":true,"valueName":"search_term_string"}}],"inLanguage":"pl-PL"},{"@type":"Person","@id":"https:\/\/gardeon.pl\/#\/schema\/person\/a5762ca5f0790bf92774af0899379463","name":"editor","image":{"@type":"ImageObject","inLanguage":"pl-PL","@id":"https:\/\/secure.gravatar.com\/avatar\/2b748151c2c748327307fd289a91b3bdafdd9e64e2d000e65e53d6dcf11c5830?s=96&d=mm&r=g","url":"https:\/\/secure.gravatar.com\/avatar\/2b748151c2c748327307fd289a91b3bdafdd9e64e2d000e65e53d6dcf11c5830?s=96&d=mm&r=g","contentUrl":"https:\/\/secure.gravatar.com\/avatar\/2b748151c2c748327307fd289a91b3bdafdd9e64e2d000e65e53d6dcf11c5830?s=96&d=mm&r=g","caption":"editor"}}]}},"_links":{"self":[{"href":"https:\/\/gardeon.pl\/pl\/wp-json\/wp\/v2\/posts\/47234","targetHints":{"allow":["GET"]}}],"collection":[{"href":"https:\/\/gardeon.pl\/pl\/wp-json\/wp\/v2\/posts"}],"about":[{"href":"https:\/\/gardeon.pl\/pl\/wp-json\/wp\/v2\/types\/post"}],"author":[{"embeddable":true,"href":"https:\/\/gardeon.pl\/pl\/wp-json\/wp\/v2\/users\/2"}],"replies":[{"embeddable":true,"href":"https:\/\/gardeon.pl\/pl\/wp-json\/wp\/v2\/comments?post=47234"}],"version-history":[{"count":0,"href":"https:\/\/gardeon.pl\/pl\/wp-json\/wp\/v2\/posts\/47234\/revisions"}],"wp:featuredmedia":[{"embeddable":true,"href":"https:\/\/gardeon.pl\/pl\/wp-json\/wp\/v2\/media\/47255"}],"wp:attachment":[{"href":"https:\/\/gardeon.pl\/pl\/wp-json\/wp\/v2\/media?parent=47234"}],"wp:term":[{"taxonomy":"category","embeddable":true,"href":"https:\/\/gardeon.pl\/pl\/wp-json\/wp\/v2\/categories?post=47234"},{"taxonomy":"post_tag","embeddable":true,"href":"https:\/\/gardeon.pl\/pl\/wp-json\/wp\/v2\/tags?post=47234"}],"curies":[{"name":"wp","href":"https:\/\/api.w.org\/{rel}","templated":true}]}}