{"id":47269,"date":"2026-04-23T17:41:38","date_gmt":"2026-04-23T15:41:38","guid":{"rendered":"https:\/\/gardeon.pl\/blog\/z-magazynu-do-magazynu\/"},"modified":"2026-04-23T17:41:38","modified_gmt":"2026-04-23T15:41:38","slug":"z-magazynu-do-magazynu","status":"publish","type":"post","link":"https:\/\/gardeon.pl\/pl\/blog\/z-magazynu-do-magazynu\/","title":{"rendered":"Z magazynu do magazynu"},"content":{"rendered":"<p class=\"p1\"><em>Posiadaj\u0105 Pa\u0144stwo du\u017cy magazyn z materia\u0142ami o r\u00f3\u017cnej warto\u015bci i przyda\u0142aby si\u0119 Pa\u0144stwu bezpieczna, zamykana przestrze\u0144 na dro\u017csze lub wa\u017cne komponenty? A mo\u017ce potrzebuj\u0105 Pa\u0144stwo podzieli\u0107 magazyn wed\u0142ug innego klucza? Rozwi\u0105zanie \u201emagazynu w magazynie\u201d mo\u017ce by\u0107 praktyczne w wielu przypadkach.  <\/em><\/p>\n<p><!--more--><\/p>\n","protected":false},"excerpt":{"rendered":"<p>Posiadaj\u0105 Pa\u0144stwo du\u017cy magazyn z materia\u0142ami o r\u00f3\u017cnej warto\u015bci i przyda\u0142aby si\u0119 Pa\u0144stwu bezpieczna, zamykana przestrze\u0144 na dro\u017csze lub wa\u017cne komponenty? A mo\u017ce potrzebuj\u0105 Pa\u0144stwo podzieli\u0107 magazyn wed\u0142ug innego klucza? Rozwi\u0105zanie \u201emagazynu w magazynie\u201d mo\u017ce by\u0107 praktyczne w wielu przypadkach.<\/p>\n","protected":false},"author":2,"featured_media":47270,"comment_status":"open","ping_status":"open","sticky":false,"template":"","format":"standard","meta":{"_acf_changed":false,"inline_featured_image":false,"footnotes":""},"categories":[578,631,657],"tags":[581,579,823],"class_list":["post-47269","post","type-post","status-publish","format-standard","has-post-thumbnail","hentry","category-garaze-blaszane","category-inne","category-zabezpieczenie","tag-garaz","tag-gardeon","tag-magazyn-2"],"acf":[],"yoast_head":"<!-- This site is optimized with the Yoast SEO plugin v27.4 - https:\/\/yoast.com\/product\/yoast-seo-wordpress\/ -->\n<title>Z magazynu do magazynu - GARDEON<\/title>\n<meta name=\"robots\" content=\"index, follow, max-snippet:-1, max-image-preview:large, max-video-preview:-1\" \/>\n<link rel=\"canonical\" href=\"https:\/\/gardeon.pl\/pl\/blog\/z-magazynu-do-magazynu\/\" \/>\n<meta property=\"og:locale\" content=\"pl_PL\" \/>\n<meta property=\"og:type\" content=\"article\" \/>\n<meta property=\"og:title\" content=\"Z magazynu do magazynu - GARDEON\" \/>\n<meta property=\"og:description\" content=\"Posiadaj\u0105 Pa\u0144stwo du\u017cy magazyn z materia\u0142ami o r\u00f3\u017cnej warto\u015bci i przyda\u0142aby si\u0119 Pa\u0144stwu bezpieczna, zamykana przestrze\u0144 na dro\u017csze lub wa\u017cne komponenty? A mo\u017ce potrzebuj\u0105 Pa\u0144stwo podzieli\u0107 magazyn wed\u0142ug innego klucza? Rozwi\u0105zanie \u201emagazynu w magazynie\u201d mo\u017ce by\u0107 praktyczne w wielu przypadkach.\" \/>\n<meta property=\"og:url\" content=\"https:\/\/gardeon.pl\/pl\/blog\/z-magazynu-do-magazynu\/\" \/>\n<meta property=\"og:site_name\" content=\"GARDEON\" \/>\n<meta property=\"article:published_time\" content=\"2026-04-23T15:41:38+00:00\" \/>\n<meta property=\"og:image\" content=\"https:\/\/gardeon.pl\/wp-content\/uploads\/2024\/03\/gardeon-garaz-v-sklade-5492-1.webp\" \/>\n\t<meta property=\"og:image:width\" content=\"2000\" \/>\n\t<meta property=\"og:image:height\" content=\"1333\" \/>\n\t<meta property=\"og:image:type\" content=\"image\/webp\" \/>\n<meta name=\"author\" content=\"editor\" \/>\n<meta name=\"twitter:card\" content=\"summary_large_image\" \/>\n<meta name=\"twitter:label1\" content=\"Napisane przez\" \/>\n\t<meta name=\"twitter:data1\" content=\"editor\" \/>\n<script type=\"application\/ld+json\" class=\"yoast-schema-graph\">{\"@context\":\"https:\\\/\\\/schema.org\",\"@graph\":[{\"@type\":\"Article\",\"@id\":\"https:\\\/\\\/gardeon.pl\\\/pl\\\/blog\\\/z-magazynu-do-magazynu\\\/#article\",\"isPartOf\":{\"@id\":\"https:\\\/\\\/gardeon.pl\\\/pl\\\/blog\\\/z-magazynu-do-magazynu\\\/\"},\"author\":{\"name\":\"editor\",\"@id\":\"https:\\\/\\\/gardeon.pl\\\/#\\\/schema\\\/person\\\/a5762ca5f0790bf92774af0899379463\"},\"headline\":\"Z magazynu do magazynu\",\"datePublished\":\"2026-04-23T15:41:38+00:00\",\"mainEntityOfPage\":{\"@id\":\"https:\\\/\\\/gardeon.pl\\\/pl\\\/blog\\\/z-magazynu-do-magazynu\\\/\"},\"wordCount\":58,\"commentCount\":0,\"image\":{\"@id\":\"https:\\\/\\\/gardeon.pl\\\/pl\\\/blog\\\/z-magazynu-do-magazynu\\\/#primaryimage\"},\"thumbnailUrl\":\"https:\\\/\\\/gardeon.pl\\\/wp-content\\\/uploads\\\/2024\\\/03\\\/gardeon-garaz-v-sklade-5492-1.webp\",\"keywords\":[\"gara\u017c\",\"GARDEON\",\"magazyn\"],\"articleSection\":[\"Gara\u017ce blaszane\",\"Inne\",\"Zabezpieczenie\"],\"inLanguage\":\"pl-PL\",\"potentialAction\":[{\"@type\":\"CommentAction\",\"name\":\"Comment\",\"target\":[\"https:\\\/\\\/gardeon.pl\\\/pl\\\/blog\\\/z-magazynu-do-magazynu\\\/#respond\"]}]},{\"@type\":\"WebPage\",\"@id\":\"https:\\\/\\\/gardeon.pl\\\/pl\\\/blog\\\/z-magazynu-do-magazynu\\\/\",\"url\":\"https:\\\/\\\/gardeon.pl\\\/pl\\\/blog\\\/z-magazynu-do-magazynu\\\/\",\"name\":\"Z magazynu do magazynu - GARDEON\",\"isPartOf\":{\"@id\":\"https:\\\/\\\/gardeon.pl\\\/#website\"},\"primaryImageOfPage\":{\"@id\":\"https:\\\/\\\/gardeon.pl\\\/pl\\\/blog\\\/z-magazynu-do-magazynu\\\/#primaryimage\"},\"image\":{\"@id\":\"https:\\\/\\\/gardeon.pl\\\/pl\\\/blog\\\/z-magazynu-do-magazynu\\\/#primaryimage\"},\"thumbnailUrl\":\"https:\\\/\\\/gardeon.pl\\\/wp-content\\\/uploads\\\/2024\\\/03\\\/gardeon-garaz-v-sklade-5492-1.webp\",\"datePublished\":\"2026-04-23T15:41:38+00:00\",\"author\":{\"@id\":\"https:\\\/\\\/gardeon.pl\\\/#\\\/schema\\\/person\\\/a5762ca5f0790bf92774af0899379463\"},\"breadcrumb\":{\"@id\":\"https:\\\/\\\/gardeon.pl\\\/pl\\\/blog\\\/z-magazynu-do-magazynu\\\/#breadcrumb\"},\"inLanguage\":\"pl-PL\",\"potentialAction\":[{\"@type\":\"ReadAction\",\"target\":[\"https:\\\/\\\/gardeon.pl\\\/pl\\\/blog\\\/z-magazynu-do-magazynu\\\/\"]}]},{\"@type\":\"ImageObject\",\"inLanguage\":\"pl-PL\",\"@id\":\"https:\\\/\\\/gardeon.pl\\\/pl\\\/blog\\\/z-magazynu-do-magazynu\\\/#primaryimage\",\"url\":\"https:\\\/\\\/gardeon.pl\\\/wp-content\\\/uploads\\\/2024\\\/03\\\/gardeon-garaz-v-sklade-5492-1.webp\",\"contentUrl\":\"https:\\\/\\\/gardeon.pl\\\/wp-content\\\/uploads\\\/2024\\\/03\\\/gardeon-garaz-v-sklade-5492-1.webp\",\"width\":2000,\"height\":1333,\"caption\":\"Magazyn w magazynie GARDEON - Plze\u0148sk\u00fd Prazdroj\"},{\"@type\":\"BreadcrumbList\",\"@id\":\"https:\\\/\\\/gardeon.pl\\\/pl\\\/blog\\\/z-magazynu-do-magazynu\\\/#breadcrumb\",\"itemListElement\":[{\"@type\":\"ListItem\",\"position\":1,\"name\":\"Domov\",\"item\":\"https:\\\/\\\/gardeon.pl\\\/pl\\\/\"},{\"@type\":\"ListItem\",\"position\":2,\"name\":\"Z magazynu do magazynu\"}]},{\"@type\":\"WebSite\",\"@id\":\"https:\\\/\\\/gardeon.pl\\\/#website\",\"url\":\"https:\\\/\\\/gardeon.pl\\\/\",\"name\":\"GARDEON\",\"description\":\"\",\"potentialAction\":[{\"@type\":\"SearchAction\",\"target\":{\"@type\":\"EntryPoint\",\"urlTemplate\":\"https:\\\/\\\/gardeon.pl\\\/?s={search_term_string}\"},\"query-input\":{\"@type\":\"PropertyValueSpecification\",\"valueRequired\":true,\"valueName\":\"search_term_string\"}}],\"inLanguage\":\"pl-PL\"},{\"@type\":\"Person\",\"@id\":\"https:\\\/\\\/gardeon.pl\\\/#\\\/schema\\\/person\\\/a5762ca5f0790bf92774af0899379463\",\"name\":\"editor\",\"image\":{\"@type\":\"ImageObject\",\"inLanguage\":\"pl-PL\",\"@id\":\"https:\\\/\\\/secure.gravatar.com\\\/avatar\\\/2b748151c2c748327307fd289a91b3bdafdd9e64e2d000e65e53d6dcf11c5830?s=96&d=mm&r=g\",\"url\":\"https:\\\/\\\/secure.gravatar.com\\\/avatar\\\/2b748151c2c748327307fd289a91b3bdafdd9e64e2d000e65e53d6dcf11c5830?s=96&d=mm&r=g\",\"contentUrl\":\"https:\\\/\\\/secure.gravatar.com\\\/avatar\\\/2b748151c2c748327307fd289a91b3bdafdd9e64e2d000e65e53d6dcf11c5830?s=96&d=mm&r=g\",\"caption\":\"editor\"}}]}<\/script>\n<!-- \/ Yoast SEO plugin. -->","yoast_head_json":{"title":"Z magazynu do magazynu - GARDEON","robots":{"index":"index","follow":"follow","max-snippet":"max-snippet:-1","max-image-preview":"max-image-preview:large","max-video-preview":"max-video-preview:-1"},"canonical":"https:\/\/gardeon.pl\/pl\/blog\/z-magazynu-do-magazynu\/","og_locale":"pl_PL","og_type":"article","og_title":"Z magazynu do magazynu - GARDEON","og_description":"Posiadaj\u0105 Pa\u0144stwo du\u017cy magazyn z materia\u0142ami o r\u00f3\u017cnej warto\u015bci i przyda\u0142aby si\u0119 Pa\u0144stwu bezpieczna, zamykana przestrze\u0144 na dro\u017csze lub wa\u017cne komponenty? A mo\u017ce potrzebuj\u0105 Pa\u0144stwo podzieli\u0107 magazyn wed\u0142ug innego klucza? Rozwi\u0105zanie \u201emagazynu w magazynie\u201d mo\u017ce by\u0107 praktyczne w wielu przypadkach.","og_url":"https:\/\/gardeon.pl\/pl\/blog\/z-magazynu-do-magazynu\/","og_site_name":"GARDEON","article_published_time":"2026-04-23T15:41:38+00:00","og_image":[{"width":2000,"height":1333,"url":"https:\/\/gardeon.pl\/wp-content\/uploads\/2024\/03\/gardeon-garaz-v-sklade-5492-1.webp","type":"image\/webp"}],"author":"editor","twitter_card":"summary_large_image","twitter_misc":{"Napisane przez":"editor"},"schema":{"@context":"https:\/\/schema.org","@graph":[{"@type":"Article","@id":"https:\/\/gardeon.pl\/pl\/blog\/z-magazynu-do-magazynu\/#article","isPartOf":{"@id":"https:\/\/gardeon.pl\/pl\/blog\/z-magazynu-do-magazynu\/"},"author":{"name":"editor","@id":"https:\/\/gardeon.pl\/#\/schema\/person\/a5762ca5f0790bf92774af0899379463"},"headline":"Z magazynu do magazynu","datePublished":"2026-04-23T15:41:38+00:00","mainEntityOfPage":{"@id":"https:\/\/gardeon.pl\/pl\/blog\/z-magazynu-do-magazynu\/"},"wordCount":58,"commentCount":0,"image":{"@id":"https:\/\/gardeon.pl\/pl\/blog\/z-magazynu-do-magazynu\/#primaryimage"},"thumbnailUrl":"https:\/\/gardeon.pl\/wp-content\/uploads\/2024\/03\/gardeon-garaz-v-sklade-5492-1.webp","keywords":["gara\u017c","GARDEON","magazyn"],"articleSection":["Gara\u017ce blaszane","Inne","Zabezpieczenie"],"inLanguage":"pl-PL","potentialAction":[{"@type":"CommentAction","name":"Comment","target":["https:\/\/gardeon.pl\/pl\/blog\/z-magazynu-do-magazynu\/#respond"]}]},{"@type":"WebPage","@id":"https:\/\/gardeon.pl\/pl\/blog\/z-magazynu-do-magazynu\/","url":"https:\/\/gardeon.pl\/pl\/blog\/z-magazynu-do-magazynu\/","name":"Z magazynu do magazynu - GARDEON","isPartOf":{"@id":"https:\/\/gardeon.pl\/#website"},"primaryImageOfPage":{"@id":"https:\/\/gardeon.pl\/pl\/blog\/z-magazynu-do-magazynu\/#primaryimage"},"image":{"@id":"https:\/\/gardeon.pl\/pl\/blog\/z-magazynu-do-magazynu\/#primaryimage"},"thumbnailUrl":"https:\/\/gardeon.pl\/wp-content\/uploads\/2024\/03\/gardeon-garaz-v-sklade-5492-1.webp","datePublished":"2026-04-23T15:41:38+00:00","author":{"@id":"https:\/\/gardeon.pl\/#\/schema\/person\/a5762ca5f0790bf92774af0899379463"},"breadcrumb":{"@id":"https:\/\/gardeon.pl\/pl\/blog\/z-magazynu-do-magazynu\/#breadcrumb"},"inLanguage":"pl-PL","potentialAction":[{"@type":"ReadAction","target":["https:\/\/gardeon.pl\/pl\/blog\/z-magazynu-do-magazynu\/"]}]},{"@type":"ImageObject","inLanguage":"pl-PL","@id":"https:\/\/gardeon.pl\/pl\/blog\/z-magazynu-do-magazynu\/#primaryimage","url":"https:\/\/gardeon.pl\/wp-content\/uploads\/2024\/03\/gardeon-garaz-v-sklade-5492-1.webp","contentUrl":"https:\/\/gardeon.pl\/wp-content\/uploads\/2024\/03\/gardeon-garaz-v-sklade-5492-1.webp","width":2000,"height":1333,"caption":"Magazyn w magazynie GARDEON - Plze\u0148sk\u00fd Prazdroj"},{"@type":"BreadcrumbList","@id":"https:\/\/gardeon.pl\/pl\/blog\/z-magazynu-do-magazynu\/#breadcrumb","itemListElement":[{"@type":"ListItem","position":1,"name":"Domov","item":"https:\/\/gardeon.pl\/pl\/"},{"@type":"ListItem","position":2,"name":"Z magazynu do magazynu"}]},{"@type":"WebSite","@id":"https:\/\/gardeon.pl\/#website","url":"https:\/\/gardeon.pl\/","name":"GARDEON","description":"","potentialAction":[{"@type":"SearchAction","target":{"@type":"EntryPoint","urlTemplate":"https:\/\/gardeon.pl\/?s={search_term_string}"},"query-input":{"@type":"PropertyValueSpecification","valueRequired":true,"valueName":"search_term_string"}}],"inLanguage":"pl-PL"},{"@type":"Person","@id":"https:\/\/gardeon.pl\/#\/schema\/person\/a5762ca5f0790bf92774af0899379463","name":"editor","image":{"@type":"ImageObject","inLanguage":"pl-PL","@id":"https:\/\/secure.gravatar.com\/avatar\/2b748151c2c748327307fd289a91b3bdafdd9e64e2d000e65e53d6dcf11c5830?s=96&d=mm&r=g","url":"https:\/\/secure.gravatar.com\/avatar\/2b748151c2c748327307fd289a91b3bdafdd9e64e2d000e65e53d6dcf11c5830?s=96&d=mm&r=g","contentUrl":"https:\/\/secure.gravatar.com\/avatar\/2b748151c2c748327307fd289a91b3bdafdd9e64e2d000e65e53d6dcf11c5830?s=96&d=mm&r=g","caption":"editor"}}]}},"_links":{"self":[{"href":"https:\/\/gardeon.pl\/pl\/wp-json\/wp\/v2\/posts\/47269","targetHints":{"allow":["GET"]}}],"collection":[{"href":"https:\/\/gardeon.pl\/pl\/wp-json\/wp\/v2\/posts"}],"about":[{"href":"https:\/\/gardeon.pl\/pl\/wp-json\/wp\/v2\/types\/post"}],"author":[{"embeddable":true,"href":"https:\/\/gardeon.pl\/pl\/wp-json\/wp\/v2\/users\/2"}],"replies":[{"embeddable":true,"href":"https:\/\/gardeon.pl\/pl\/wp-json\/wp\/v2\/comments?post=47269"}],"version-history":[{"count":0,"href":"https:\/\/gardeon.pl\/pl\/wp-json\/wp\/v2\/posts\/47269\/revisions"}],"wp:featuredmedia":[{"embeddable":true,"href":"https:\/\/gardeon.pl\/pl\/wp-json\/wp\/v2\/media\/47270"}],"wp:attachment":[{"href":"https:\/\/gardeon.pl\/pl\/wp-json\/wp\/v2\/media?parent=47269"}],"wp:term":[{"taxonomy":"category","embeddable":true,"href":"https:\/\/gardeon.pl\/pl\/wp-json\/wp\/v2\/categories?post=47269"},{"taxonomy":"post_tag","embeddable":true,"href":"https:\/\/gardeon.pl\/pl\/wp-json\/wp\/v2\/tags?post=47269"}],"curies":[{"name":"wp","href":"https:\/\/api.w.org\/{rel}","templated":true}]}}