{"id":47274,"date":"2026-04-23T17:41:40","date_gmt":"2026-04-23T15:41:40","guid":{"rendered":"https:\/\/gardeon.pl\/blog\/garaz-na-dwa-samochody-58-x-574-m\/"},"modified":"2026-04-23T17:41:40","modified_gmt":"2026-04-23T15:41:40","slug":"garaz-na-dwa-samochody-58-x-574-m","status":"publish","type":"post","link":"https:\/\/gardeon.pl\/pl\/blog\/garaz-na-dwa-samochody-58-x-574-m\/","title":{"rendered":"Gara\u017c na dwa samochody 5,8 x 5,74 m"},"content":{"rendered":"<p><i><span style=\"font-weight: 400;\">Czy masz w domu ba\u0142agan, mn\u00f3stwo rzeczy, kt\u00f3rych nie masz ju\u017c gdzie pomie\u015bci\u0107, albo samoch\u00f3d, kt\u00f3rego nie masz gdzie zaparkowa\u0107? Nie musisz si\u0119 martwi\u0107, <\/span><\/i><a href=\"https:\/\/gardeon.pl\/garaze\/\"><i><span style=\"font-weight: 400;\">gara\u017c<\/span><\/i><\/a><i><span style=\"font-weight: 400;\"> mo\u017ce by\u0107 dla Ciebie idealnym rozwi\u0105zaniem. Dzi\u0119ki komfortowym wymiarom do gara\u017cu zmie\u015bcisz nie tylko samoch\u00f3d. Mo\u017cesz w nim stworzy\u0107 k\u0105cik majsterkowicza lub ma\u0142y magazyn do przechowywania rzeczy.<\/span><\/i><!--more--><\/p>\n","protected":false},"excerpt":{"rendered":"<p>Czy masz w domu ba\u0142agan, mn\u00f3stwo rzeczy, kt\u00f3rych nie masz ju\u017c gdzie pomie\u015bci\u0107, albo samoch\u00f3d, kt\u00f3rego nie masz gdzie zaparkowa\u0107? Nie musisz si\u0119 martwi\u0107, gara\u017c mo\u017ce by\u0107 dla Ciebie idealnym rozwi\u0105zaniem. Dzi\u0119ki komfortowym wymiarom do gara\u017cu zmie\u015bcisz nie tylko samoch\u00f3d. Mo\u017cesz w nim stworzy\u0107 k\u0105cik majsterkowicza lub ma\u0142y magazyn do przechowywania rzeczy.<\/p>\n","protected":false},"author":2,"featured_media":47279,"comment_status":"open","ping_status":"open","sticky":false,"template":"","format":"standard","meta":{"_acf_changed":false,"inline_featured_image":false,"footnotes":""},"categories":[770,716],"tags":[581,588,579],"class_list":["post-47274","post","type-post","status-publish","format-standard","has-post-thumbnail","hentry","category-garaze","category-jak-sie-zyje-z-gardeon","tag-garaz","tag-garaz-montowany","tag-gardeon"],"acf":[],"yoast_head":"<!-- This site is optimized with the Yoast SEO plugin v27.4 - https:\/\/yoast.com\/product\/yoast-seo-wordpress\/ -->\n<title>Gara\u017c na dwa samochody 5,8 x 5,74 m | GARDEON<\/title>\n<meta name=\"robots\" content=\"index, follow, max-snippet:-1, max-image-preview:large, max-video-preview:-1\" \/>\n<link rel=\"canonical\" href=\"https:\/\/gardeon.pl\/pl\/blog\/garaz-na-dwa-samochody-58-x-574-m\/\" \/>\n<meta property=\"og:locale\" content=\"pl_PL\" \/>\n<meta property=\"og:type\" content=\"article\" \/>\n<meta property=\"og:title\" content=\"Gara\u017c na dwa samochody 5,8 x 5,74 m | GARDEON\" \/>\n<meta property=\"og:description\" content=\"Czy masz w domu ba\u0142agan, mn\u00f3stwo rzeczy, kt\u00f3rych nie masz ju\u017c gdzie pomie\u015bci\u0107, albo samoch\u00f3d, kt\u00f3rego nie masz gdzie zaparkowa\u0107? Nie musisz si\u0119 martwi\u0107, gara\u017c mo\u017ce by\u0107 dla Ciebie idealnym rozwi\u0105zaniem. Dzi\u0119ki komfortowym wymiarom do gara\u017cu zmie\u015bcisz nie tylko samoch\u00f3d. Mo\u017cesz w nim stworzy\u0107 k\u0105cik majsterkowicza lub ma\u0142y magazyn do przechowywania rzeczy.\" \/>\n<meta property=\"og:url\" content=\"https:\/\/gardeon.pl\/pl\/blog\/garaz-na-dwa-samochody-58-x-574-m\/\" \/>\n<meta property=\"og:site_name\" content=\"GARDEON\" \/>\n<meta property=\"article:published_time\" content=\"2026-04-23T15:41:40+00:00\" \/>\n<meta property=\"og:image\" content=\"https:\/\/gardeon.pl\/wp-content\/uploads\/2022\/03\/GARDEON-foto-od-zakaznikov-224-1.webp\" \/>\n\t<meta property=\"og:image:width\" content=\"1000\" \/>\n\t<meta property=\"og:image:height\" content=\"461\" \/>\n\t<meta property=\"og:image:type\" content=\"image\/webp\" \/>\n<meta name=\"author\" content=\"editor\" \/>\n<meta name=\"twitter:card\" content=\"summary_large_image\" \/>\n<meta name=\"twitter:label1\" content=\"Napisane przez\" \/>\n\t<meta name=\"twitter:data1\" content=\"editor\" \/>\n<script type=\"application\/ld+json\" class=\"yoast-schema-graph\">{\"@context\":\"https:\\\/\\\/schema.org\",\"@graph\":[{\"@type\":\"Article\",\"@id\":\"https:\\\/\\\/gardeon.pl\\\/pl\\\/blog\\\/garaz-na-dwa-samochody-58-x-574-m\\\/#article\",\"isPartOf\":{\"@id\":\"https:\\\/\\\/gardeon.pl\\\/pl\\\/blog\\\/garaz-na-dwa-samochody-58-x-574-m\\\/\"},\"author\":{\"name\":\"editor\",\"@id\":\"https:\\\/\\\/gardeon.pl\\\/#\\\/schema\\\/person\\\/a5762ca5f0790bf92774af0899379463\"},\"headline\":\"Gara\u017c na dwa samochody 5,8 x 5,74 m\",\"datePublished\":\"2026-04-23T15:41:40+00:00\",\"mainEntityOfPage\":{\"@id\":\"https:\\\/\\\/gardeon.pl\\\/pl\\\/blog\\\/garaz-na-dwa-samochody-58-x-574-m\\\/\"},\"wordCount\":73,\"commentCount\":0,\"image\":{\"@id\":\"https:\\\/\\\/gardeon.pl\\\/pl\\\/blog\\\/garaz-na-dwa-samochody-58-x-574-m\\\/#primaryimage\"},\"thumbnailUrl\":\"https:\\\/\\\/gardeon.pl\\\/wp-content\\\/uploads\\\/2022\\\/03\\\/GARDEON-foto-od-zakaznikov-224-1.webp\",\"keywords\":[\"gara\u017c\",\"gara\u017c montowany\",\"GARDEON\"],\"articleSection\":[\"Gara\u017ce\",\"Jak si\u0119 \u017cyje z GARDEON\"],\"inLanguage\":\"pl-PL\",\"potentialAction\":[{\"@type\":\"CommentAction\",\"name\":\"Comment\",\"target\":[\"https:\\\/\\\/gardeon.pl\\\/pl\\\/blog\\\/garaz-na-dwa-samochody-58-x-574-m\\\/#respond\"]}]},{\"@type\":\"WebPage\",\"@id\":\"https:\\\/\\\/gardeon.pl\\\/pl\\\/blog\\\/garaz-na-dwa-samochody-58-x-574-m\\\/\",\"url\":\"https:\\\/\\\/gardeon.pl\\\/pl\\\/blog\\\/garaz-na-dwa-samochody-58-x-574-m\\\/\",\"name\":\"Gara\u017c na dwa samochody 5,8 x 5,74 m | GARDEON\",\"isPartOf\":{\"@id\":\"https:\\\/\\\/gardeon.pl\\\/#website\"},\"primaryImageOfPage\":{\"@id\":\"https:\\\/\\\/gardeon.pl\\\/pl\\\/blog\\\/garaz-na-dwa-samochody-58-x-574-m\\\/#primaryimage\"},\"image\":{\"@id\":\"https:\\\/\\\/gardeon.pl\\\/pl\\\/blog\\\/garaz-na-dwa-samochody-58-x-574-m\\\/#primaryimage\"},\"thumbnailUrl\":\"https:\\\/\\\/gardeon.pl\\\/wp-content\\\/uploads\\\/2022\\\/03\\\/GARDEON-foto-od-zakaznikov-224-1.webp\",\"datePublished\":\"2026-04-23T15:41:40+00:00\",\"author\":{\"@id\":\"https:\\\/\\\/gardeon.pl\\\/#\\\/schema\\\/person\\\/a5762ca5f0790bf92774af0899379463\"},\"breadcrumb\":{\"@id\":\"https:\\\/\\\/gardeon.pl\\\/pl\\\/blog\\\/garaz-na-dwa-samochody-58-x-574-m\\\/#breadcrumb\"},\"inLanguage\":\"pl-PL\",\"potentialAction\":[{\"@type\":\"ReadAction\",\"target\":[\"https:\\\/\\\/gardeon.pl\\\/pl\\\/blog\\\/garaz-na-dwa-samochody-58-x-574-m\\\/\"]}]},{\"@type\":\"ImageObject\",\"inLanguage\":\"pl-PL\",\"@id\":\"https:\\\/\\\/gardeon.pl\\\/pl\\\/blog\\\/garaz-na-dwa-samochody-58-x-574-m\\\/#primaryimage\",\"url\":\"https:\\\/\\\/gardeon.pl\\\/wp-content\\\/uploads\\\/2022\\\/03\\\/GARDEON-foto-od-zakaznikov-224-1.webp\",\"contentUrl\":\"https:\\\/\\\/gardeon.pl\\\/wp-content\\\/uploads\\\/2022\\\/03\\\/GARDEON-foto-od-zakaznikov-224-1.webp\",\"width\":1000,\"height\":461,\"caption\":\"Gara\u017c na dwa samochody w ogrodzie\"},{\"@type\":\"BreadcrumbList\",\"@id\":\"https:\\\/\\\/gardeon.pl\\\/pl\\\/blog\\\/garaz-na-dwa-samochody-58-x-574-m\\\/#breadcrumb\",\"itemListElement\":[{\"@type\":\"ListItem\",\"position\":1,\"name\":\"Domov\",\"item\":\"https:\\\/\\\/gardeon.pl\\\/pl\\\/\"},{\"@type\":\"ListItem\",\"position\":2,\"name\":\"Gara\u017c na dwa samochody 5,8 x 5,74 m\"}]},{\"@type\":\"WebSite\",\"@id\":\"https:\\\/\\\/gardeon.pl\\\/#website\",\"url\":\"https:\\\/\\\/gardeon.pl\\\/\",\"name\":\"GARDEON\",\"description\":\"\",\"potentialAction\":[{\"@type\":\"SearchAction\",\"target\":{\"@type\":\"EntryPoint\",\"urlTemplate\":\"https:\\\/\\\/gardeon.pl\\\/?s={search_term_string}\"},\"query-input\":{\"@type\":\"PropertyValueSpecification\",\"valueRequired\":true,\"valueName\":\"search_term_string\"}}],\"inLanguage\":\"pl-PL\"},{\"@type\":\"Person\",\"@id\":\"https:\\\/\\\/gardeon.pl\\\/#\\\/schema\\\/person\\\/a5762ca5f0790bf92774af0899379463\",\"name\":\"editor\",\"image\":{\"@type\":\"ImageObject\",\"inLanguage\":\"pl-PL\",\"@id\":\"https:\\\/\\\/secure.gravatar.com\\\/avatar\\\/2b748151c2c748327307fd289a91b3bdafdd9e64e2d000e65e53d6dcf11c5830?s=96&d=mm&r=g\",\"url\":\"https:\\\/\\\/secure.gravatar.com\\\/avatar\\\/2b748151c2c748327307fd289a91b3bdafdd9e64e2d000e65e53d6dcf11c5830?s=96&d=mm&r=g\",\"contentUrl\":\"https:\\\/\\\/secure.gravatar.com\\\/avatar\\\/2b748151c2c748327307fd289a91b3bdafdd9e64e2d000e65e53d6dcf11c5830?s=96&d=mm&r=g\",\"caption\":\"editor\"}}]}<\/script>\n<!-- \/ Yoast SEO plugin. -->","yoast_head_json":{"title":"Gara\u017c na dwa samochody 5,8 x 5,74 m | GARDEON","robots":{"index":"index","follow":"follow","max-snippet":"max-snippet:-1","max-image-preview":"max-image-preview:large","max-video-preview":"max-video-preview:-1"},"canonical":"https:\/\/gardeon.pl\/pl\/blog\/garaz-na-dwa-samochody-58-x-574-m\/","og_locale":"pl_PL","og_type":"article","og_title":"Gara\u017c na dwa samochody 5,8 x 5,74 m | GARDEON","og_description":"Czy masz w domu ba\u0142agan, mn\u00f3stwo rzeczy, kt\u00f3rych nie masz ju\u017c gdzie pomie\u015bci\u0107, albo samoch\u00f3d, kt\u00f3rego nie masz gdzie zaparkowa\u0107? Nie musisz si\u0119 martwi\u0107, gara\u017c mo\u017ce by\u0107 dla Ciebie idealnym rozwi\u0105zaniem. Dzi\u0119ki komfortowym wymiarom do gara\u017cu zmie\u015bcisz nie tylko samoch\u00f3d. Mo\u017cesz w nim stworzy\u0107 k\u0105cik majsterkowicza lub ma\u0142y magazyn do przechowywania rzeczy.","og_url":"https:\/\/gardeon.pl\/pl\/blog\/garaz-na-dwa-samochody-58-x-574-m\/","og_site_name":"GARDEON","article_published_time":"2026-04-23T15:41:40+00:00","og_image":[{"width":1000,"height":461,"url":"https:\/\/gardeon.pl\/wp-content\/uploads\/2022\/03\/GARDEON-foto-od-zakaznikov-224-1.webp","type":"image\/webp"}],"author":"editor","twitter_card":"summary_large_image","twitter_misc":{"Napisane przez":"editor"},"schema":{"@context":"https:\/\/schema.org","@graph":[{"@type":"Article","@id":"https:\/\/gardeon.pl\/pl\/blog\/garaz-na-dwa-samochody-58-x-574-m\/#article","isPartOf":{"@id":"https:\/\/gardeon.pl\/pl\/blog\/garaz-na-dwa-samochody-58-x-574-m\/"},"author":{"name":"editor","@id":"https:\/\/gardeon.pl\/#\/schema\/person\/a5762ca5f0790bf92774af0899379463"},"headline":"Gara\u017c na dwa samochody 5,8 x 5,74 m","datePublished":"2026-04-23T15:41:40+00:00","mainEntityOfPage":{"@id":"https:\/\/gardeon.pl\/pl\/blog\/garaz-na-dwa-samochody-58-x-574-m\/"},"wordCount":73,"commentCount":0,"image":{"@id":"https:\/\/gardeon.pl\/pl\/blog\/garaz-na-dwa-samochody-58-x-574-m\/#primaryimage"},"thumbnailUrl":"https:\/\/gardeon.pl\/wp-content\/uploads\/2022\/03\/GARDEON-foto-od-zakaznikov-224-1.webp","keywords":["gara\u017c","gara\u017c montowany","GARDEON"],"articleSection":["Gara\u017ce","Jak si\u0119 \u017cyje z GARDEON"],"inLanguage":"pl-PL","potentialAction":[{"@type":"CommentAction","name":"Comment","target":["https:\/\/gardeon.pl\/pl\/blog\/garaz-na-dwa-samochody-58-x-574-m\/#respond"]}]},{"@type":"WebPage","@id":"https:\/\/gardeon.pl\/pl\/blog\/garaz-na-dwa-samochody-58-x-574-m\/","url":"https:\/\/gardeon.pl\/pl\/blog\/garaz-na-dwa-samochody-58-x-574-m\/","name":"Gara\u017c na dwa samochody 5,8 x 5,74 m | GARDEON","isPartOf":{"@id":"https:\/\/gardeon.pl\/#website"},"primaryImageOfPage":{"@id":"https:\/\/gardeon.pl\/pl\/blog\/garaz-na-dwa-samochody-58-x-574-m\/#primaryimage"},"image":{"@id":"https:\/\/gardeon.pl\/pl\/blog\/garaz-na-dwa-samochody-58-x-574-m\/#primaryimage"},"thumbnailUrl":"https:\/\/gardeon.pl\/wp-content\/uploads\/2022\/03\/GARDEON-foto-od-zakaznikov-224-1.webp","datePublished":"2026-04-23T15:41:40+00:00","author":{"@id":"https:\/\/gardeon.pl\/#\/schema\/person\/a5762ca5f0790bf92774af0899379463"},"breadcrumb":{"@id":"https:\/\/gardeon.pl\/pl\/blog\/garaz-na-dwa-samochody-58-x-574-m\/#breadcrumb"},"inLanguage":"pl-PL","potentialAction":[{"@type":"ReadAction","target":["https:\/\/gardeon.pl\/pl\/blog\/garaz-na-dwa-samochody-58-x-574-m\/"]}]},{"@type":"ImageObject","inLanguage":"pl-PL","@id":"https:\/\/gardeon.pl\/pl\/blog\/garaz-na-dwa-samochody-58-x-574-m\/#primaryimage","url":"https:\/\/gardeon.pl\/wp-content\/uploads\/2022\/03\/GARDEON-foto-od-zakaznikov-224-1.webp","contentUrl":"https:\/\/gardeon.pl\/wp-content\/uploads\/2022\/03\/GARDEON-foto-od-zakaznikov-224-1.webp","width":1000,"height":461,"caption":"Gara\u017c na dwa samochody w ogrodzie"},{"@type":"BreadcrumbList","@id":"https:\/\/gardeon.pl\/pl\/blog\/garaz-na-dwa-samochody-58-x-574-m\/#breadcrumb","itemListElement":[{"@type":"ListItem","position":1,"name":"Domov","item":"https:\/\/gardeon.pl\/pl\/"},{"@type":"ListItem","position":2,"name":"Gara\u017c na dwa samochody 5,8 x 5,74 m"}]},{"@type":"WebSite","@id":"https:\/\/gardeon.pl\/#website","url":"https:\/\/gardeon.pl\/","name":"GARDEON","description":"","potentialAction":[{"@type":"SearchAction","target":{"@type":"EntryPoint","urlTemplate":"https:\/\/gardeon.pl\/?s={search_term_string}"},"query-input":{"@type":"PropertyValueSpecification","valueRequired":true,"valueName":"search_term_string"}}],"inLanguage":"pl-PL"},{"@type":"Person","@id":"https:\/\/gardeon.pl\/#\/schema\/person\/a5762ca5f0790bf92774af0899379463","name":"editor","image":{"@type":"ImageObject","inLanguage":"pl-PL","@id":"https:\/\/secure.gravatar.com\/avatar\/2b748151c2c748327307fd289a91b3bdafdd9e64e2d000e65e53d6dcf11c5830?s=96&d=mm&r=g","url":"https:\/\/secure.gravatar.com\/avatar\/2b748151c2c748327307fd289a91b3bdafdd9e64e2d000e65e53d6dcf11c5830?s=96&d=mm&r=g","contentUrl":"https:\/\/secure.gravatar.com\/avatar\/2b748151c2c748327307fd289a91b3bdafdd9e64e2d000e65e53d6dcf11c5830?s=96&d=mm&r=g","caption":"editor"}}]}},"_links":{"self":[{"href":"https:\/\/gardeon.pl\/pl\/wp-json\/wp\/v2\/posts\/47274","targetHints":{"allow":["GET"]}}],"collection":[{"href":"https:\/\/gardeon.pl\/pl\/wp-json\/wp\/v2\/posts"}],"about":[{"href":"https:\/\/gardeon.pl\/pl\/wp-json\/wp\/v2\/types\/post"}],"author":[{"embeddable":true,"href":"https:\/\/gardeon.pl\/pl\/wp-json\/wp\/v2\/users\/2"}],"replies":[{"embeddable":true,"href":"https:\/\/gardeon.pl\/pl\/wp-json\/wp\/v2\/comments?post=47274"}],"version-history":[{"count":0,"href":"https:\/\/gardeon.pl\/pl\/wp-json\/wp\/v2\/posts\/47274\/revisions"}],"wp:featuredmedia":[{"embeddable":true,"href":"https:\/\/gardeon.pl\/pl\/wp-json\/wp\/v2\/media\/47279"}],"wp:attachment":[{"href":"https:\/\/gardeon.pl\/pl\/wp-json\/wp\/v2\/media?parent=47274"}],"wp:term":[{"taxonomy":"category","embeddable":true,"href":"https:\/\/gardeon.pl\/pl\/wp-json\/wp\/v2\/categories?post=47274"},{"taxonomy":"post_tag","embeddable":true,"href":"https:\/\/gardeon.pl\/pl\/wp-json\/wp\/v2\/tags?post=47274"}],"curies":[{"name":"wp","href":"https:\/\/api.w.org\/{rel}","templated":true}]}}