{"id":47314,"date":"2026-04-23T17:41:41","date_gmt":"2026-04-23T15:41:41","guid":{"rendered":"https:\/\/gardeon.pl\/blog\/jak-zmaksymalizowac-organizacje-garazu-tych-5-stref-ktore-powinienes-znac\/"},"modified":"2026-04-23T18:41:48","modified_gmt":"2026-04-23T16:41:48","slug":"jak-zmaksymalizowac-organizacje-garazu-tych-5-stref-ktore-powinienes-znac","status":"publish","type":"post","link":"https:\/\/gardeon.pl\/pl\/blog\/jak-zmaksymalizowac-organizacje-garazu-tych-5-stref-ktore-powinienes-znac\/","title":{"rendered":"Jak zmaksymalizowa\u0107 organizacj\u0119 gara\u017cu? Tych 5 stref, kt\u00f3re powiniene\u015b zna\u0107"},"content":{"rendered":"<p><i><span style=\"font-weight: 400;\">Zazwyczaj przechowujemy w niej wszystko. Jednocze\u015bnie nic nie mo\u017cemy znale\u017a\u0107. Wrzucamy tam motyk\u0119, karm\u0119 dla psa, stary zestaw hi-fi, zepsuty toster, stare swetry, to i tamto. Czy rozpozna\u0142e\u015b w tym opisie sw\u00f3j <\/span><\/i><a href=\"https:\/\/gardeon.pl\/pl\/garaze\/\"><i><span style=\"font-weight: 400;\">gara\u017c<\/span><\/i><\/a><i><span style=\"font-weight: 400;\">? Dzi\u015b poka\u017cemy Ci, jak przeprojektowa\u0107 wn\u0119trze Twojego gara\u017cu, aby\u015b nie tylko wszystko w nim znalaz\u0142, ale tak\u017ce zyska\u0142 znacznie wi\u0119cej miejsca. By\u0107 mo\u017ce po zrealizowaniu tych pomys\u0142\u00f3w zmie\u015bci si\u0119 w nim nawet Tw\u00f3j samoch\u00f3d!<\/span><\/i><!--more--><\/p>\n","protected":false},"excerpt":{"rendered":"<p>Zazwyczaj przechowujemy w niej wszystko. Jednocze\u015bnie nic nie mo\u017cemy znale\u017a\u0107. Wrzucamy tam motyk\u0119, karm\u0119 dla psa, stary zestaw hi-fi, zepsuty toster, stare swetry, to i tamto. Czy rozpozna\u0142e\u015b w tym opisie sw\u00f3j gara\u017c? Dzi\u015b poka\u017cemy Ci, jak przeprojektowa\u0107 wn\u0119trze Twojego gara\u017cu, aby\u015b nie tylko wszystko w nim znalaz\u0142, ale tak\u017ce zyska\u0142 znacznie wi\u0119cej miejsca. By\u0107 [&hellip;]<\/p>\n","protected":false},"author":2,"featured_media":43917,"comment_status":"open","ping_status":"open","sticky":false,"template":"","format":"standard","meta":{"_acf_changed":false,"inline_featured_image":false,"footnotes":""},"categories":[578,580,618],"tags":[581,784,588,579,827,826],"class_list":["post-47314","post","type-post","status-publish","format-standard","has-post-thumbnail","hentry","category-garaze-blaszane","category-jak-to-zrobic-garaze-diy","category-konserwacja-i-pielegnacja","tag-garaz","tag-garaz-dwustanowiskowy","tag-garaz-montowany","tag-gardeon","tag-system-wieszania-rowerow","tag-warsztaty"],"acf":[],"yoast_head":"<!-- This site is optimized with the Yoast SEO plugin v27.4 - https:\/\/yoast.com\/product\/yoast-seo-wordpress\/ -->\n<title>Jak zmaksymalizowa\u0107 organizacj\u0119 gara\u017cu? 5 stref, kt\u00f3re powiniene\u015b zna\u0107 | GARDEON<\/title>\n<meta name=\"robots\" content=\"index, follow, max-snippet:-1, max-image-preview:large, max-video-preview:-1\" \/>\n<link rel=\"canonical\" href=\"https:\/\/gardeon.pl\/pl\/blog\/jak-zmaksymalizowac-organizacje-garazu-tych-5-stref-ktore-powinienes-znac\/\" \/>\n<meta property=\"og:locale\" content=\"pl_PL\" \/>\n<meta property=\"og:type\" content=\"article\" \/>\n<meta property=\"og:title\" content=\"Jak zmaksymalizowa\u0107 organizacj\u0119 gara\u017cu? 5 stref, kt\u00f3re powiniene\u015b zna\u0107 | GARDEON\" \/>\n<meta property=\"og:description\" content=\"Zazwyczaj przechowujemy w niej wszystko. Jednocze\u015bnie nic nie mo\u017cemy znale\u017a\u0107. Wrzucamy tam motyk\u0119, karm\u0119 dla psa, stary zestaw hi-fi, zepsuty toster, stare swetry, to i tamto. Czy rozpozna\u0142e\u015b w tym opisie sw\u00f3j gara\u017c? Dzi\u015b poka\u017cemy Ci, jak przeprojektowa\u0107 wn\u0119trze Twojego gara\u017cu, aby\u015b nie tylko wszystko w nim znalaz\u0142, ale tak\u017ce zyska\u0142 znacznie wi\u0119cej miejsca. By\u0107 [&hellip;]\" \/>\n<meta property=\"og:url\" content=\"https:\/\/gardeon.pl\/pl\/blog\/jak-zmaksymalizowac-organizacje-garazu-tych-5-stref-ktore-powinienes-znac\/\" \/>\n<meta property=\"og:site_name\" content=\"GARDEON\" \/>\n<meta property=\"article:published_time\" content=\"2026-04-23T15:41:41+00:00\" \/>\n<meta property=\"article:modified_time\" content=\"2026-04-23T16:41:48+00:00\" \/>\n<meta property=\"og:image\" content=\"http:\/\/gardeon.pl\/wp-content\/uploads\/2021\/10\/gardeon-garaz-pre-dve-auta-186-1.webp\" \/>\n\t<meta property=\"og:image:width\" content=\"2000\" \/>\n\t<meta property=\"og:image:height\" content=\"1333\" \/>\n\t<meta property=\"og:image:type\" content=\"image\/webp\" \/>\n<meta name=\"author\" content=\"editor\" \/>\n<meta name=\"twitter:card\" content=\"summary_large_image\" \/>\n<meta name=\"twitter:label1\" content=\"Napisane przez\" \/>\n\t<meta name=\"twitter:data1\" content=\"editor\" \/>\n<script type=\"application\/ld+json\" class=\"yoast-schema-graph\">{\"@context\":\"https:\\\/\\\/schema.org\",\"@graph\":[{\"@type\":\"Article\",\"@id\":\"https:\\\/\\\/gardeon.pl\\\/pl\\\/blog\\\/jak-zmaksymalizowac-organizacje-garazu-tych-5-stref-ktore-powinienes-znac\\\/#article\",\"isPartOf\":{\"@id\":\"https:\\\/\\\/gardeon.pl\\\/pl\\\/blog\\\/jak-zmaksymalizowac-organizacje-garazu-tych-5-stref-ktore-powinienes-znac\\\/\"},\"author\":{\"name\":\"editor\",\"@id\":\"https:\\\/\\\/gardeon.pl\\\/#\\\/schema\\\/person\\\/a5762ca5f0790bf92774af0899379463\"},\"headline\":\"Jak zmaksymalizowa\u0107 organizacj\u0119 gara\u017cu? Tych 5 stref, kt\u00f3re powiniene\u015b zna\u0107\",\"datePublished\":\"2026-04-23T15:41:41+00:00\",\"dateModified\":\"2026-04-23T16:41:48+00:00\",\"mainEntityOfPage\":{\"@id\":\"https:\\\/\\\/gardeon.pl\\\/pl\\\/blog\\\/jak-zmaksymalizowac-organizacje-garazu-tych-5-stref-ktore-powinienes-znac\\\/\"},\"wordCount\":92,\"commentCount\":0,\"image\":{\"@id\":\"https:\\\/\\\/gardeon.pl\\\/pl\\\/blog\\\/jak-zmaksymalizowac-organizacje-garazu-tych-5-stref-ktore-powinienes-znac\\\/#primaryimage\"},\"thumbnailUrl\":\"https:\\\/\\\/gardeon.pl\\\/wp-content\\\/uploads\\\/2021\\\/10\\\/gardeon-garaz-pre-dve-auta-186-1.webp\",\"keywords\":[\"gara\u017c\",\"gara\u017c dwustanowiskowy\",\"gara\u017c montowany\",\"GARDEON\",\"system wieszania rower\u00f3w\",\"warsztaty\"],\"articleSection\":[\"Gara\u017ce blaszane\",\"Jak to zrobi\u0107 \u2013 gara\u017ce | DIY\",\"Konserwacja i piel\u0119gnacja\"],\"inLanguage\":\"pl-PL\",\"potentialAction\":[{\"@type\":\"CommentAction\",\"name\":\"Comment\",\"target\":[\"https:\\\/\\\/gardeon.pl\\\/pl\\\/blog\\\/jak-zmaksymalizowac-organizacje-garazu-tych-5-stref-ktore-powinienes-znac\\\/#respond\"]}]},{\"@type\":\"WebPage\",\"@id\":\"https:\\\/\\\/gardeon.pl\\\/pl\\\/blog\\\/jak-zmaksymalizowac-organizacje-garazu-tych-5-stref-ktore-powinienes-znac\\\/\",\"url\":\"https:\\\/\\\/gardeon.pl\\\/pl\\\/blog\\\/jak-zmaksymalizowac-organizacje-garazu-tych-5-stref-ktore-powinienes-znac\\\/\",\"name\":\"Jak zmaksymalizowa\u0107 organizacj\u0119 gara\u017cu? 5 stref, kt\u00f3re powiniene\u015b zna\u0107 | GARDEON\",\"isPartOf\":{\"@id\":\"https:\\\/\\\/gardeon.pl\\\/#website\"},\"primaryImageOfPage\":{\"@id\":\"https:\\\/\\\/gardeon.pl\\\/pl\\\/blog\\\/jak-zmaksymalizowac-organizacje-garazu-tych-5-stref-ktore-powinienes-znac\\\/#primaryimage\"},\"image\":{\"@id\":\"https:\\\/\\\/gardeon.pl\\\/pl\\\/blog\\\/jak-zmaksymalizowac-organizacje-garazu-tych-5-stref-ktore-powinienes-znac\\\/#primaryimage\"},\"thumbnailUrl\":\"https:\\\/\\\/gardeon.pl\\\/wp-content\\\/uploads\\\/2021\\\/10\\\/gardeon-garaz-pre-dve-auta-186-1.webp\",\"datePublished\":\"2026-04-23T15:41:41+00:00\",\"dateModified\":\"2026-04-23T16:41:48+00:00\",\"author\":{\"@id\":\"https:\\\/\\\/gardeon.pl\\\/#\\\/schema\\\/person\\\/a5762ca5f0790bf92774af0899379463\"},\"breadcrumb\":{\"@id\":\"https:\\\/\\\/gardeon.pl\\\/pl\\\/blog\\\/jak-zmaksymalizowac-organizacje-garazu-tych-5-stref-ktore-powinienes-znac\\\/#breadcrumb\"},\"inLanguage\":\"pl-PL\",\"potentialAction\":[{\"@type\":\"ReadAction\",\"target\":[\"https:\\\/\\\/gardeon.pl\\\/pl\\\/blog\\\/jak-zmaksymalizowac-organizacje-garazu-tych-5-stref-ktore-powinienes-znac\\\/\"]}]},{\"@type\":\"ImageObject\",\"inLanguage\":\"pl-PL\",\"@id\":\"https:\\\/\\\/gardeon.pl\\\/pl\\\/blog\\\/jak-zmaksymalizowac-organizacje-garazu-tych-5-stref-ktore-powinienes-znac\\\/#primaryimage\",\"url\":\"https:\\\/\\\/gardeon.pl\\\/wp-content\\\/uploads\\\/2021\\\/10\\\/gardeon-garaz-pre-dve-auta-186-1.webp\",\"contentUrl\":\"https:\\\/\\\/gardeon.pl\\\/wp-content\\\/uploads\\\/2021\\\/10\\\/gardeon-garaz-pre-dve-auta-186-1.webp\",\"width\":2000,\"height\":1333,\"caption\":\"Zaparkowane samochody w prefabrykowanym gara\u017cu dwustanowiskowym.\"},{\"@type\":\"BreadcrumbList\",\"@id\":\"https:\\\/\\\/gardeon.pl\\\/pl\\\/blog\\\/jak-zmaksymalizowac-organizacje-garazu-tych-5-stref-ktore-powinienes-znac\\\/#breadcrumb\",\"itemListElement\":[{\"@type\":\"ListItem\",\"position\":1,\"name\":\"Domov\",\"item\":\"https:\\\/\\\/gardeon.pl\\\/pl\\\/\"},{\"@type\":\"ListItem\",\"position\":2,\"name\":\"Jak zmaksymalizowa\u0107 organizacj\u0119 gara\u017cu? Tych 5 stref, kt\u00f3re powiniene\u015b zna\u0107\"}]},{\"@type\":\"WebSite\",\"@id\":\"https:\\\/\\\/gardeon.pl\\\/#website\",\"url\":\"https:\\\/\\\/gardeon.pl\\\/\",\"name\":\"GARDEON\",\"description\":\"\",\"potentialAction\":[{\"@type\":\"SearchAction\",\"target\":{\"@type\":\"EntryPoint\",\"urlTemplate\":\"https:\\\/\\\/gardeon.pl\\\/?s={search_term_string}\"},\"query-input\":{\"@type\":\"PropertyValueSpecification\",\"valueRequired\":true,\"valueName\":\"search_term_string\"}}],\"inLanguage\":\"pl-PL\"},{\"@type\":\"Person\",\"@id\":\"https:\\\/\\\/gardeon.pl\\\/#\\\/schema\\\/person\\\/a5762ca5f0790bf92774af0899379463\",\"name\":\"editor\",\"image\":{\"@type\":\"ImageObject\",\"inLanguage\":\"pl-PL\",\"@id\":\"https:\\\/\\\/secure.gravatar.com\\\/avatar\\\/2b748151c2c748327307fd289a91b3bdafdd9e64e2d000e65e53d6dcf11c5830?s=96&d=mm&r=g\",\"url\":\"https:\\\/\\\/secure.gravatar.com\\\/avatar\\\/2b748151c2c748327307fd289a91b3bdafdd9e64e2d000e65e53d6dcf11c5830?s=96&d=mm&r=g\",\"contentUrl\":\"https:\\\/\\\/secure.gravatar.com\\\/avatar\\\/2b748151c2c748327307fd289a91b3bdafdd9e64e2d000e65e53d6dcf11c5830?s=96&d=mm&r=g\",\"caption\":\"editor\"}}]}<\/script>\n<!-- \/ Yoast SEO plugin. -->","yoast_head_json":{"title":"Jak zmaksymalizowa\u0107 organizacj\u0119 gara\u017cu? 5 stref, kt\u00f3re powiniene\u015b zna\u0107 | GARDEON","robots":{"index":"index","follow":"follow","max-snippet":"max-snippet:-1","max-image-preview":"max-image-preview:large","max-video-preview":"max-video-preview:-1"},"canonical":"https:\/\/gardeon.pl\/pl\/blog\/jak-zmaksymalizowac-organizacje-garazu-tych-5-stref-ktore-powinienes-znac\/","og_locale":"pl_PL","og_type":"article","og_title":"Jak zmaksymalizowa\u0107 organizacj\u0119 gara\u017cu? 5 stref, kt\u00f3re powiniene\u015b zna\u0107 | GARDEON","og_description":"Zazwyczaj przechowujemy w niej wszystko. Jednocze\u015bnie nic nie mo\u017cemy znale\u017a\u0107. Wrzucamy tam motyk\u0119, karm\u0119 dla psa, stary zestaw hi-fi, zepsuty toster, stare swetry, to i tamto. Czy rozpozna\u0142e\u015b w tym opisie sw\u00f3j gara\u017c? Dzi\u015b poka\u017cemy Ci, jak przeprojektowa\u0107 wn\u0119trze Twojego gara\u017cu, aby\u015b nie tylko wszystko w nim znalaz\u0142, ale tak\u017ce zyska\u0142 znacznie wi\u0119cej miejsca. By\u0107 [&hellip;]","og_url":"https:\/\/gardeon.pl\/pl\/blog\/jak-zmaksymalizowac-organizacje-garazu-tych-5-stref-ktore-powinienes-znac\/","og_site_name":"GARDEON","article_published_time":"2026-04-23T15:41:41+00:00","article_modified_time":"2026-04-23T16:41:48+00:00","og_image":[{"width":2000,"height":1333,"url":"http:\/\/gardeon.pl\/wp-content\/uploads\/2021\/10\/gardeon-garaz-pre-dve-auta-186-1.webp","type":"image\/webp"}],"author":"editor","twitter_card":"summary_large_image","twitter_misc":{"Napisane przez":"editor"},"schema":{"@context":"https:\/\/schema.org","@graph":[{"@type":"Article","@id":"https:\/\/gardeon.pl\/pl\/blog\/jak-zmaksymalizowac-organizacje-garazu-tych-5-stref-ktore-powinienes-znac\/#article","isPartOf":{"@id":"https:\/\/gardeon.pl\/pl\/blog\/jak-zmaksymalizowac-organizacje-garazu-tych-5-stref-ktore-powinienes-znac\/"},"author":{"name":"editor","@id":"https:\/\/gardeon.pl\/#\/schema\/person\/a5762ca5f0790bf92774af0899379463"},"headline":"Jak zmaksymalizowa\u0107 organizacj\u0119 gara\u017cu? Tych 5 stref, kt\u00f3re powiniene\u015b zna\u0107","datePublished":"2026-04-23T15:41:41+00:00","dateModified":"2026-04-23T16:41:48+00:00","mainEntityOfPage":{"@id":"https:\/\/gardeon.pl\/pl\/blog\/jak-zmaksymalizowac-organizacje-garazu-tych-5-stref-ktore-powinienes-znac\/"},"wordCount":92,"commentCount":0,"image":{"@id":"https:\/\/gardeon.pl\/pl\/blog\/jak-zmaksymalizowac-organizacje-garazu-tych-5-stref-ktore-powinienes-znac\/#primaryimage"},"thumbnailUrl":"https:\/\/gardeon.pl\/wp-content\/uploads\/2021\/10\/gardeon-garaz-pre-dve-auta-186-1.webp","keywords":["gara\u017c","gara\u017c dwustanowiskowy","gara\u017c montowany","GARDEON","system wieszania rower\u00f3w","warsztaty"],"articleSection":["Gara\u017ce blaszane","Jak to zrobi\u0107 \u2013 gara\u017ce | DIY","Konserwacja i piel\u0119gnacja"],"inLanguage":"pl-PL","potentialAction":[{"@type":"CommentAction","name":"Comment","target":["https:\/\/gardeon.pl\/pl\/blog\/jak-zmaksymalizowac-organizacje-garazu-tych-5-stref-ktore-powinienes-znac\/#respond"]}]},{"@type":"WebPage","@id":"https:\/\/gardeon.pl\/pl\/blog\/jak-zmaksymalizowac-organizacje-garazu-tych-5-stref-ktore-powinienes-znac\/","url":"https:\/\/gardeon.pl\/pl\/blog\/jak-zmaksymalizowac-organizacje-garazu-tych-5-stref-ktore-powinienes-znac\/","name":"Jak zmaksymalizowa\u0107 organizacj\u0119 gara\u017cu? 5 stref, kt\u00f3re powiniene\u015b zna\u0107 | GARDEON","isPartOf":{"@id":"https:\/\/gardeon.pl\/#website"},"primaryImageOfPage":{"@id":"https:\/\/gardeon.pl\/pl\/blog\/jak-zmaksymalizowac-organizacje-garazu-tych-5-stref-ktore-powinienes-znac\/#primaryimage"},"image":{"@id":"https:\/\/gardeon.pl\/pl\/blog\/jak-zmaksymalizowac-organizacje-garazu-tych-5-stref-ktore-powinienes-znac\/#primaryimage"},"thumbnailUrl":"https:\/\/gardeon.pl\/wp-content\/uploads\/2021\/10\/gardeon-garaz-pre-dve-auta-186-1.webp","datePublished":"2026-04-23T15:41:41+00:00","dateModified":"2026-04-23T16:41:48+00:00","author":{"@id":"https:\/\/gardeon.pl\/#\/schema\/person\/a5762ca5f0790bf92774af0899379463"},"breadcrumb":{"@id":"https:\/\/gardeon.pl\/pl\/blog\/jak-zmaksymalizowac-organizacje-garazu-tych-5-stref-ktore-powinienes-znac\/#breadcrumb"},"inLanguage":"pl-PL","potentialAction":[{"@type":"ReadAction","target":["https:\/\/gardeon.pl\/pl\/blog\/jak-zmaksymalizowac-organizacje-garazu-tych-5-stref-ktore-powinienes-znac\/"]}]},{"@type":"ImageObject","inLanguage":"pl-PL","@id":"https:\/\/gardeon.pl\/pl\/blog\/jak-zmaksymalizowac-organizacje-garazu-tych-5-stref-ktore-powinienes-znac\/#primaryimage","url":"https:\/\/gardeon.pl\/wp-content\/uploads\/2021\/10\/gardeon-garaz-pre-dve-auta-186-1.webp","contentUrl":"https:\/\/gardeon.pl\/wp-content\/uploads\/2021\/10\/gardeon-garaz-pre-dve-auta-186-1.webp","width":2000,"height":1333,"caption":"Zaparkowane samochody w prefabrykowanym gara\u017cu dwustanowiskowym."},{"@type":"BreadcrumbList","@id":"https:\/\/gardeon.pl\/pl\/blog\/jak-zmaksymalizowac-organizacje-garazu-tych-5-stref-ktore-powinienes-znac\/#breadcrumb","itemListElement":[{"@type":"ListItem","position":1,"name":"Domov","item":"https:\/\/gardeon.pl\/pl\/"},{"@type":"ListItem","position":2,"name":"Jak zmaksymalizowa\u0107 organizacj\u0119 gara\u017cu? Tych 5 stref, kt\u00f3re powiniene\u015b zna\u0107"}]},{"@type":"WebSite","@id":"https:\/\/gardeon.pl\/#website","url":"https:\/\/gardeon.pl\/","name":"GARDEON","description":"","potentialAction":[{"@type":"SearchAction","target":{"@type":"EntryPoint","urlTemplate":"https:\/\/gardeon.pl\/?s={search_term_string}"},"query-input":{"@type":"PropertyValueSpecification","valueRequired":true,"valueName":"search_term_string"}}],"inLanguage":"pl-PL"},{"@type":"Person","@id":"https:\/\/gardeon.pl\/#\/schema\/person\/a5762ca5f0790bf92774af0899379463","name":"editor","image":{"@type":"ImageObject","inLanguage":"pl-PL","@id":"https:\/\/secure.gravatar.com\/avatar\/2b748151c2c748327307fd289a91b3bdafdd9e64e2d000e65e53d6dcf11c5830?s=96&d=mm&r=g","url":"https:\/\/secure.gravatar.com\/avatar\/2b748151c2c748327307fd289a91b3bdafdd9e64e2d000e65e53d6dcf11c5830?s=96&d=mm&r=g","contentUrl":"https:\/\/secure.gravatar.com\/avatar\/2b748151c2c748327307fd289a91b3bdafdd9e64e2d000e65e53d6dcf11c5830?s=96&d=mm&r=g","caption":"editor"}}]}},"_links":{"self":[{"href":"https:\/\/gardeon.pl\/pl\/wp-json\/wp\/v2\/posts\/47314","targetHints":{"allow":["GET"]}}],"collection":[{"href":"https:\/\/gardeon.pl\/pl\/wp-json\/wp\/v2\/posts"}],"about":[{"href":"https:\/\/gardeon.pl\/pl\/wp-json\/wp\/v2\/types\/post"}],"author":[{"embeddable":true,"href":"https:\/\/gardeon.pl\/pl\/wp-json\/wp\/v2\/users\/2"}],"replies":[{"embeddable":true,"href":"https:\/\/gardeon.pl\/pl\/wp-json\/wp\/v2\/comments?post=47314"}],"version-history":[{"count":0,"href":"https:\/\/gardeon.pl\/pl\/wp-json\/wp\/v2\/posts\/47314\/revisions"}],"wp:featuredmedia":[{"embeddable":true,"href":"https:\/\/gardeon.pl\/pl\/wp-json\/wp\/v2\/media\/43917"}],"wp:attachment":[{"href":"https:\/\/gardeon.pl\/pl\/wp-json\/wp\/v2\/media?parent=47314"}],"wp:term":[{"taxonomy":"category","embeddable":true,"href":"https:\/\/gardeon.pl\/pl\/wp-json\/wp\/v2\/categories?post=47314"},{"taxonomy":"post_tag","embeddable":true,"href":"https:\/\/gardeon.pl\/pl\/wp-json\/wp\/v2\/tags?post=47314"}],"curies":[{"name":"wp","href":"https:\/\/api.w.org\/{rel}","templated":true}]}}