{"id":47355,"date":"2026-04-23T17:41:45","date_gmt":"2026-04-23T15:41:45","guid":{"rendered":"https:\/\/gardeon.pl\/blog\/spelnilismy-wielkie-garazowe-marzenie-rasta-chvali\/"},"modified":"2026-04-23T18:41:46","modified_gmt":"2026-04-23T16:41:46","slug":"spelnilismy-wielkie-garazowe-marzenie-rasta-chvali","status":"publish","type":"post","link":"https:\/\/gardeon.pl\/pl\/blog\/spelnilismy-wielkie-garazowe-marzenie-rasta-chvali\/","title":{"rendered":"Spe\u0142nili\u015bmy wielkie \u201egara\u017cowe\u201d marzenie Ras\u0165a Chv\u00e1li!"},"content":{"rendered":"<p class=\"p1\"><em>Ras\u0165a Chv\u00e1la zna chyba ka\u017cdy mi\u0142o\u015bnik samochod\u00f3w na S\u0142owacji i w Czechach. Dzi\u015b, po o\u015bmiu latach istnienia jego <a href=\"https:\/\/www.youtube.com\/@RastoChvalaofficial\" target=\"_blank\" rel=\"noopener\">kana\u0142u na YouTube Gar\u00e1\u017e.tv<\/a>, ten znany dziennikarz motoryzacyjny ma wreszcie w\u0142asny gara\u017c Gar\u00e1\u017e.tv, w kt\u00f3rym mo\u017ce nagrywa\u0107 swoje filmy. I nie tylko to. Tu\u017c obok gara\u017cu znajduje si\u0119 r\u00f3wnie\u017c studio do przygotowywania i obr\u00f3bki jego materia\u0142\u00f3w oraz wiata na dwa samochody z wall-boxem do \u0142adowania samochod\u00f3w elektrycznych. Kr\u00f3tko m\u00f3wi\u0105c \u2013 spe\u0142nione marzenie. I zgadnijcie, do kogo Ras\u0165o zwr\u00f3ci\u0142 si\u0119 o pomoc w spe\u0142nieniu tego marzenia? <span class=\"s1\">?<\/span> Oczywi\u015bcie do nas \u2013 Gardeon! <\/em><\/p>\n<p><!--more--><\/p>\n","protected":false},"excerpt":{"rendered":"<p>Ras\u0165a Chv\u00e1la zna chyba ka\u017cdy mi\u0142o\u015bnik samochod\u00f3w na S\u0142owacji i w Czechach. Dzi\u015b, po o\u015bmiu latach istnienia jego kana\u0142u na YouTube Gar\u00e1\u017e.tv, ten znany dziennikarz motoryzacyjny ma wreszcie w\u0142asny gara\u017c Gar\u00e1\u017e.tv, w kt\u00f3rym mo\u017ce nagrywa\u0107 swoje filmy. I nie tylko to. Tu\u017c obok gara\u017cu znajduje si\u0119 r\u00f3wnie\u017c studio do przygotowywania i obr\u00f3bki jego materia\u0142\u00f3w oraz [&hellip;]<\/p>\n","protected":false},"author":2,"featured_media":47369,"comment_status":"open","ping_status":"open","sticky":false,"template":"","format":"standard","meta":{"_acf_changed":false,"inline_featured_image":false,"footnotes":""},"categories":[593],"tags":[],"class_list":["post-47355","post","type-post","status-publish","format-standard","has-post-thumbnail","hentry","category-aktualnosci"],"acf":[],"yoast_head":"<!-- This site is optimized with the Yoast SEO plugin v27.4 - https:\/\/yoast.com\/product\/yoast-seo-wordpress\/ -->\n<title>Spe\u0142nili\u015bmy wielkie \u201egara\u017cowe\u201d marzenie Ras\u0165a Chv\u00e1li! | GARDEON<\/title>\n<meta name=\"robots\" content=\"index, follow, max-snippet:-1, max-image-preview:large, max-video-preview:-1\" \/>\n<link rel=\"canonical\" href=\"https:\/\/gardeon.pl\/pl\/blog\/spelnilismy-wielkie-garazowe-marzenie-rasta-chvali\/\" \/>\n<meta property=\"og:locale\" content=\"pl_PL\" \/>\n<meta property=\"og:type\" content=\"article\" \/>\n<meta property=\"og:title\" content=\"Spe\u0142nili\u015bmy wielkie \u201egara\u017cowe\u201d marzenie Ras\u0165a Chv\u00e1li! | GARDEON\" \/>\n<meta property=\"og:description\" content=\"Ras\u0165a Chv\u00e1la zna chyba ka\u017cdy mi\u0142o\u015bnik samochod\u00f3w na S\u0142owacji i w Czechach. Dzi\u015b, po o\u015bmiu latach istnienia jego kana\u0142u na YouTube Gar\u00e1\u017e.tv, ten znany dziennikarz motoryzacyjny ma wreszcie w\u0142asny gara\u017c Gar\u00e1\u017e.tv, w kt\u00f3rym mo\u017ce nagrywa\u0107 swoje filmy. I nie tylko to. Tu\u017c obok gara\u017cu znajduje si\u0119 r\u00f3wnie\u017c studio do przygotowywania i obr\u00f3bki jego materia\u0142\u00f3w oraz [&hellip;]\" \/>\n<meta property=\"og:url\" content=\"https:\/\/gardeon.pl\/pl\/blog\/spelnilismy-wielkie-garazowe-marzenie-rasta-chvali\/\" \/>\n<meta property=\"og:site_name\" content=\"GARDEON\" \/>\n<meta property=\"article:published_time\" content=\"2026-04-23T15:41:45+00:00\" \/>\n<meta property=\"article:modified_time\" content=\"2026-04-23T16:41:46+00:00\" \/>\n<meta property=\"og:image\" content=\"http:\/\/gardeon.pl\/wp-content\/uploads\/2023\/07\/gardeon-garaz-tv-rasto-1-scaled.webp\" \/>\n\t<meta property=\"og:image:width\" content=\"2560\" \/>\n\t<meta property=\"og:image:height\" content=\"1439\" \/>\n\t<meta property=\"og:image:type\" content=\"image\/webp\" \/>\n<meta name=\"author\" content=\"editor\" \/>\n<meta name=\"twitter:card\" content=\"summary_large_image\" \/>\n<meta name=\"twitter:label1\" content=\"Napisane przez\" \/>\n\t<meta name=\"twitter:data1\" content=\"editor\" \/>\n\t<meta name=\"twitter:label2\" content=\"Szacowany czas czytania\" \/>\n\t<meta name=\"twitter:data2\" content=\"1 minuta\" \/>\n<script type=\"application\/ld+json\" class=\"yoast-schema-graph\">{\"@context\":\"https:\\\/\\\/schema.org\",\"@graph\":[{\"@type\":\"Article\",\"@id\":\"https:\\\/\\\/gardeon.pl\\\/pl\\\/blog\\\/spelnilismy-wielkie-garazowe-marzenie-rasta-chvali\\\/#article\",\"isPartOf\":{\"@id\":\"https:\\\/\\\/gardeon.pl\\\/pl\\\/blog\\\/spelnilismy-wielkie-garazowe-marzenie-rasta-chvali\\\/\"},\"author\":{\"name\":\"editor\",\"@id\":\"https:\\\/\\\/gardeon.pl\\\/#\\\/schema\\\/person\\\/a5762ca5f0790bf92774af0899379463\"},\"headline\":\"Spe\u0142nili\u015bmy wielkie \u201egara\u017cowe\u201d marzenie Ras\u0165a Chv\u00e1li!\",\"datePublished\":\"2026-04-23T15:41:45+00:00\",\"dateModified\":\"2026-04-23T16:41:46+00:00\",\"mainEntityOfPage\":{\"@id\":\"https:\\\/\\\/gardeon.pl\\\/pl\\\/blog\\\/spelnilismy-wielkie-garazowe-marzenie-rasta-chvali\\\/\"},\"wordCount\":124,\"commentCount\":0,\"image\":{\"@id\":\"https:\\\/\\\/gardeon.pl\\\/pl\\\/blog\\\/spelnilismy-wielkie-garazowe-marzenie-rasta-chvali\\\/#primaryimage\"},\"thumbnailUrl\":\"https:\\\/\\\/gardeon.pl\\\/wp-content\\\/uploads\\\/2023\\\/07\\\/gardeon-garaz-tv-rasto-1-scaled.webp\",\"articleSection\":[\"Aktualno\u015bci\"],\"inLanguage\":\"pl-PL\",\"potentialAction\":[{\"@type\":\"CommentAction\",\"name\":\"Comment\",\"target\":[\"https:\\\/\\\/gardeon.pl\\\/pl\\\/blog\\\/spelnilismy-wielkie-garazowe-marzenie-rasta-chvali\\\/#respond\"]}]},{\"@type\":\"WebPage\",\"@id\":\"https:\\\/\\\/gardeon.pl\\\/pl\\\/blog\\\/spelnilismy-wielkie-garazowe-marzenie-rasta-chvali\\\/\",\"url\":\"https:\\\/\\\/gardeon.pl\\\/pl\\\/blog\\\/spelnilismy-wielkie-garazowe-marzenie-rasta-chvali\\\/\",\"name\":\"Spe\u0142nili\u015bmy wielkie \u201egara\u017cowe\u201d marzenie Ras\u0165a Chv\u00e1li! | GARDEON\",\"isPartOf\":{\"@id\":\"https:\\\/\\\/gardeon.pl\\\/#website\"},\"primaryImageOfPage\":{\"@id\":\"https:\\\/\\\/gardeon.pl\\\/pl\\\/blog\\\/spelnilismy-wielkie-garazowe-marzenie-rasta-chvali\\\/#primaryimage\"},\"image\":{\"@id\":\"https:\\\/\\\/gardeon.pl\\\/pl\\\/blog\\\/spelnilismy-wielkie-garazowe-marzenie-rasta-chvali\\\/#primaryimage\"},\"thumbnailUrl\":\"https:\\\/\\\/gardeon.pl\\\/wp-content\\\/uploads\\\/2023\\\/07\\\/gardeon-garaz-tv-rasto-1-scaled.webp\",\"datePublished\":\"2026-04-23T15:41:45+00:00\",\"dateModified\":\"2026-04-23T16:41:46+00:00\",\"author\":{\"@id\":\"https:\\\/\\\/gardeon.pl\\\/#\\\/schema\\\/person\\\/a5762ca5f0790bf92774af0899379463\"},\"breadcrumb\":{\"@id\":\"https:\\\/\\\/gardeon.pl\\\/pl\\\/blog\\\/spelnilismy-wielkie-garazowe-marzenie-rasta-chvali\\\/#breadcrumb\"},\"inLanguage\":\"pl-PL\",\"potentialAction\":[{\"@type\":\"ReadAction\",\"target\":[\"https:\\\/\\\/gardeon.pl\\\/pl\\\/blog\\\/spelnilismy-wielkie-garazowe-marzenie-rasta-chvali\\\/\"]}]},{\"@type\":\"ImageObject\",\"inLanguage\":\"pl-PL\",\"@id\":\"https:\\\/\\\/gardeon.pl\\\/pl\\\/blog\\\/spelnilismy-wielkie-garazowe-marzenie-rasta-chvali\\\/#primaryimage\",\"url\":\"https:\\\/\\\/gardeon.pl\\\/wp-content\\\/uploads\\\/2023\\\/07\\\/gardeon-garaz-tv-rasto-1-scaled.webp\",\"contentUrl\":\"https:\\\/\\\/gardeon.pl\\\/wp-content\\\/uploads\\\/2023\\\/07\\\/gardeon-garaz-tv-rasto-1-scaled.webp\",\"width\":2560,\"height\":1439,\"caption\":\"Ras\u0165o Chv\u00e1la z Gar\u00e1\u017e.TV przed swoim nowym gara\u017cem\"},{\"@type\":\"BreadcrumbList\",\"@id\":\"https:\\\/\\\/gardeon.pl\\\/pl\\\/blog\\\/spelnilismy-wielkie-garazowe-marzenie-rasta-chvali\\\/#breadcrumb\",\"itemListElement\":[{\"@type\":\"ListItem\",\"position\":1,\"name\":\"Domov\",\"item\":\"https:\\\/\\\/gardeon.pl\\\/pl\\\/\"},{\"@type\":\"ListItem\",\"position\":2,\"name\":\"Spe\u0142nili\u015bmy wielkie \u201egara\u017cowe\u201d marzenie Ras\u0165a Chv\u00e1li!\"}]},{\"@type\":\"WebSite\",\"@id\":\"https:\\\/\\\/gardeon.pl\\\/#website\",\"url\":\"https:\\\/\\\/gardeon.pl\\\/\",\"name\":\"GARDEON\",\"description\":\"\",\"potentialAction\":[{\"@type\":\"SearchAction\",\"target\":{\"@type\":\"EntryPoint\",\"urlTemplate\":\"https:\\\/\\\/gardeon.pl\\\/?s={search_term_string}\"},\"query-input\":{\"@type\":\"PropertyValueSpecification\",\"valueRequired\":true,\"valueName\":\"search_term_string\"}}],\"inLanguage\":\"pl-PL\"},{\"@type\":\"Person\",\"@id\":\"https:\\\/\\\/gardeon.pl\\\/#\\\/schema\\\/person\\\/a5762ca5f0790bf92774af0899379463\",\"name\":\"editor\",\"image\":{\"@type\":\"ImageObject\",\"inLanguage\":\"pl-PL\",\"@id\":\"https:\\\/\\\/secure.gravatar.com\\\/avatar\\\/2b748151c2c748327307fd289a91b3bdafdd9e64e2d000e65e53d6dcf11c5830?s=96&d=mm&r=g\",\"url\":\"https:\\\/\\\/secure.gravatar.com\\\/avatar\\\/2b748151c2c748327307fd289a91b3bdafdd9e64e2d000e65e53d6dcf11c5830?s=96&d=mm&r=g\",\"contentUrl\":\"https:\\\/\\\/secure.gravatar.com\\\/avatar\\\/2b748151c2c748327307fd289a91b3bdafdd9e64e2d000e65e53d6dcf11c5830?s=96&d=mm&r=g\",\"caption\":\"editor\"}}]}<\/script>\n<!-- \/ Yoast SEO plugin. -->","yoast_head_json":{"title":"Spe\u0142nili\u015bmy wielkie \u201egara\u017cowe\u201d marzenie Ras\u0165a Chv\u00e1li! | GARDEON","robots":{"index":"index","follow":"follow","max-snippet":"max-snippet:-1","max-image-preview":"max-image-preview:large","max-video-preview":"max-video-preview:-1"},"canonical":"https:\/\/gardeon.pl\/pl\/blog\/spelnilismy-wielkie-garazowe-marzenie-rasta-chvali\/","og_locale":"pl_PL","og_type":"article","og_title":"Spe\u0142nili\u015bmy wielkie \u201egara\u017cowe\u201d marzenie Ras\u0165a Chv\u00e1li! | GARDEON","og_description":"Ras\u0165a Chv\u00e1la zna chyba ka\u017cdy mi\u0142o\u015bnik samochod\u00f3w na S\u0142owacji i w Czechach. Dzi\u015b, po o\u015bmiu latach istnienia jego kana\u0142u na YouTube Gar\u00e1\u017e.tv, ten znany dziennikarz motoryzacyjny ma wreszcie w\u0142asny gara\u017c Gar\u00e1\u017e.tv, w kt\u00f3rym mo\u017ce nagrywa\u0107 swoje filmy. I nie tylko to. Tu\u017c obok gara\u017cu znajduje si\u0119 r\u00f3wnie\u017c studio do przygotowywania i obr\u00f3bki jego materia\u0142\u00f3w oraz [&hellip;]","og_url":"https:\/\/gardeon.pl\/pl\/blog\/spelnilismy-wielkie-garazowe-marzenie-rasta-chvali\/","og_site_name":"GARDEON","article_published_time":"2026-04-23T15:41:45+00:00","article_modified_time":"2026-04-23T16:41:46+00:00","og_image":[{"width":2560,"height":1439,"url":"http:\/\/gardeon.pl\/wp-content\/uploads\/2023\/07\/gardeon-garaz-tv-rasto-1-scaled.webp","type":"image\/webp"}],"author":"editor","twitter_card":"summary_large_image","twitter_misc":{"Napisane przez":"editor","Szacowany czas czytania":"1 minuta"},"schema":{"@context":"https:\/\/schema.org","@graph":[{"@type":"Article","@id":"https:\/\/gardeon.pl\/pl\/blog\/spelnilismy-wielkie-garazowe-marzenie-rasta-chvali\/#article","isPartOf":{"@id":"https:\/\/gardeon.pl\/pl\/blog\/spelnilismy-wielkie-garazowe-marzenie-rasta-chvali\/"},"author":{"name":"editor","@id":"https:\/\/gardeon.pl\/#\/schema\/person\/a5762ca5f0790bf92774af0899379463"},"headline":"Spe\u0142nili\u015bmy wielkie \u201egara\u017cowe\u201d marzenie Ras\u0165a Chv\u00e1li!","datePublished":"2026-04-23T15:41:45+00:00","dateModified":"2026-04-23T16:41:46+00:00","mainEntityOfPage":{"@id":"https:\/\/gardeon.pl\/pl\/blog\/spelnilismy-wielkie-garazowe-marzenie-rasta-chvali\/"},"wordCount":124,"commentCount":0,"image":{"@id":"https:\/\/gardeon.pl\/pl\/blog\/spelnilismy-wielkie-garazowe-marzenie-rasta-chvali\/#primaryimage"},"thumbnailUrl":"https:\/\/gardeon.pl\/wp-content\/uploads\/2023\/07\/gardeon-garaz-tv-rasto-1-scaled.webp","articleSection":["Aktualno\u015bci"],"inLanguage":"pl-PL","potentialAction":[{"@type":"CommentAction","name":"Comment","target":["https:\/\/gardeon.pl\/pl\/blog\/spelnilismy-wielkie-garazowe-marzenie-rasta-chvali\/#respond"]}]},{"@type":"WebPage","@id":"https:\/\/gardeon.pl\/pl\/blog\/spelnilismy-wielkie-garazowe-marzenie-rasta-chvali\/","url":"https:\/\/gardeon.pl\/pl\/blog\/spelnilismy-wielkie-garazowe-marzenie-rasta-chvali\/","name":"Spe\u0142nili\u015bmy wielkie \u201egara\u017cowe\u201d marzenie Ras\u0165a Chv\u00e1li! | GARDEON","isPartOf":{"@id":"https:\/\/gardeon.pl\/#website"},"primaryImageOfPage":{"@id":"https:\/\/gardeon.pl\/pl\/blog\/spelnilismy-wielkie-garazowe-marzenie-rasta-chvali\/#primaryimage"},"image":{"@id":"https:\/\/gardeon.pl\/pl\/blog\/spelnilismy-wielkie-garazowe-marzenie-rasta-chvali\/#primaryimage"},"thumbnailUrl":"https:\/\/gardeon.pl\/wp-content\/uploads\/2023\/07\/gardeon-garaz-tv-rasto-1-scaled.webp","datePublished":"2026-04-23T15:41:45+00:00","dateModified":"2026-04-23T16:41:46+00:00","author":{"@id":"https:\/\/gardeon.pl\/#\/schema\/person\/a5762ca5f0790bf92774af0899379463"},"breadcrumb":{"@id":"https:\/\/gardeon.pl\/pl\/blog\/spelnilismy-wielkie-garazowe-marzenie-rasta-chvali\/#breadcrumb"},"inLanguage":"pl-PL","potentialAction":[{"@type":"ReadAction","target":["https:\/\/gardeon.pl\/pl\/blog\/spelnilismy-wielkie-garazowe-marzenie-rasta-chvali\/"]}]},{"@type":"ImageObject","inLanguage":"pl-PL","@id":"https:\/\/gardeon.pl\/pl\/blog\/spelnilismy-wielkie-garazowe-marzenie-rasta-chvali\/#primaryimage","url":"https:\/\/gardeon.pl\/wp-content\/uploads\/2023\/07\/gardeon-garaz-tv-rasto-1-scaled.webp","contentUrl":"https:\/\/gardeon.pl\/wp-content\/uploads\/2023\/07\/gardeon-garaz-tv-rasto-1-scaled.webp","width":2560,"height":1439,"caption":"Ras\u0165o Chv\u00e1la z Gar\u00e1\u017e.TV przed swoim nowym gara\u017cem"},{"@type":"BreadcrumbList","@id":"https:\/\/gardeon.pl\/pl\/blog\/spelnilismy-wielkie-garazowe-marzenie-rasta-chvali\/#breadcrumb","itemListElement":[{"@type":"ListItem","position":1,"name":"Domov","item":"https:\/\/gardeon.pl\/pl\/"},{"@type":"ListItem","position":2,"name":"Spe\u0142nili\u015bmy wielkie \u201egara\u017cowe\u201d marzenie Ras\u0165a Chv\u00e1li!"}]},{"@type":"WebSite","@id":"https:\/\/gardeon.pl\/#website","url":"https:\/\/gardeon.pl\/","name":"GARDEON","description":"","potentialAction":[{"@type":"SearchAction","target":{"@type":"EntryPoint","urlTemplate":"https:\/\/gardeon.pl\/?s={search_term_string}"},"query-input":{"@type":"PropertyValueSpecification","valueRequired":true,"valueName":"search_term_string"}}],"inLanguage":"pl-PL"},{"@type":"Person","@id":"https:\/\/gardeon.pl\/#\/schema\/person\/a5762ca5f0790bf92774af0899379463","name":"editor","image":{"@type":"ImageObject","inLanguage":"pl-PL","@id":"https:\/\/secure.gravatar.com\/avatar\/2b748151c2c748327307fd289a91b3bdafdd9e64e2d000e65e53d6dcf11c5830?s=96&d=mm&r=g","url":"https:\/\/secure.gravatar.com\/avatar\/2b748151c2c748327307fd289a91b3bdafdd9e64e2d000e65e53d6dcf11c5830?s=96&d=mm&r=g","contentUrl":"https:\/\/secure.gravatar.com\/avatar\/2b748151c2c748327307fd289a91b3bdafdd9e64e2d000e65e53d6dcf11c5830?s=96&d=mm&r=g","caption":"editor"}}]}},"_links":{"self":[{"href":"https:\/\/gardeon.pl\/pl\/wp-json\/wp\/v2\/posts\/47355","targetHints":{"allow":["GET"]}}],"collection":[{"href":"https:\/\/gardeon.pl\/pl\/wp-json\/wp\/v2\/posts"}],"about":[{"href":"https:\/\/gardeon.pl\/pl\/wp-json\/wp\/v2\/types\/post"}],"author":[{"embeddable":true,"href":"https:\/\/gardeon.pl\/pl\/wp-json\/wp\/v2\/users\/2"}],"replies":[{"embeddable":true,"href":"https:\/\/gardeon.pl\/pl\/wp-json\/wp\/v2\/comments?post=47355"}],"version-history":[{"count":0,"href":"https:\/\/gardeon.pl\/pl\/wp-json\/wp\/v2\/posts\/47355\/revisions"}],"wp:featuredmedia":[{"embeddable":true,"href":"https:\/\/gardeon.pl\/pl\/wp-json\/wp\/v2\/media\/47369"}],"wp:attachment":[{"href":"https:\/\/gardeon.pl\/pl\/wp-json\/wp\/v2\/media?parent=47355"}],"wp:term":[{"taxonomy":"category","embeddable":true,"href":"https:\/\/gardeon.pl\/pl\/wp-json\/wp\/v2\/categories?post=47355"},{"taxonomy":"post_tag","embeddable":true,"href":"https:\/\/gardeon.pl\/pl\/wp-json\/wp\/v2\/tags?post=47355"}],"curies":[{"name":"wp","href":"https:\/\/api.w.org\/{rel}","templated":true}]}}