{"id":47395,"date":"2026-04-23T17:41:46","date_gmt":"2026-04-23T15:41:46","guid":{"rendered":"https:\/\/gardeon.pl\/blog\/wiata-przy-garazu-z-jakiego-materialu-powinna-byc\/"},"modified":"2026-04-23T18:41:45","modified_gmt":"2026-04-23T16:41:45","slug":"wiata-przy-garazu-z-jakiego-materialu-powinna-byc","status":"publish","type":"post","link":"https:\/\/gardeon.pl\/pl\/blog\/wiata-przy-garazu-z-jakiego-materialu-powinna-byc\/","title":{"rendered":"Wiata przy gara\u017cu \u2013 z jakiego materia\u0142u powinna by\u0107?"},"content":{"rendered":"<p><i><span style=\"font-weight: 400;\">Przy zakupie samochodu mo\u017ce nas zaskoczy\u0107 dylemat, czy budowa\u0107 gara\u017c, czy wystarczy wiata. Gara\u017c ma swoje niezaprzeczalne zalety w mo\u017cliwo\u015bciach zabezpieczenia i w pe\u0142ni zadaszonym obszarze. Wi\u0119ksz\u0105 wiat\u0119 mo\u017cna z kolei latem wykorzystywa\u0107 do przyjemnego wypoczynku. Jeszcze si\u0119 Pa\u0144stwo nie zdecydowali? A mo\u017ce warto wybra\u0107 kompromis w postaci <\/span><\/i><a href=\"https:\/\/gardeon.pl\/pl\/garaze\/z-zadaszeniem\/\"><i><span style=\"font-weight: 400;\">gara\u017cu z wiat\u0105<\/span><\/i><\/a><i><span style=\"font-weight: 400;\">?<\/span><\/i><!--more--><\/p>\n<p><i><span style=\"font-weight: 400;\">Tak\u0105 konstrukcj\u0119 najlepiej budowa\u0107 jednocze\u015bnie jako jeden sp\u00f3jny projekt. Zachowany zostaje identyczny design i ogranicza si\u0119 ryzyko ewentualnych p\u00f3\u017aniejszych zak\u0142\u00f3caj\u0105cych element\u00f3w. Oczywi\u015bcie nie zawsze mo\u017cna zrealizowa\u0107 t\u0119 mo\u017cliwo\u015b\u0107 i cz\u0119\u015bciej przy domu stoi ju\u017c jaki\u015b gara\u017c. Je\u015bli zdecydowali si\u0119 Pa\u0144stwo budowa\u0107 wiat\u0119 przy gara\u017cu dodatkowo, nale\u017cy przemy\u015ble\u0107 kilka aspekt\u00f3w. Jednym z nich jest <\/span><\/i><a href=\"https:\/\/gardeon.pl\/pl\/garaze\/jak-wybrac-garaz\/jakich-materialow-uzywamy\/\"><i><span style=\"font-weight: 400;\">materia\u0142<\/span><\/i><\/a><i><span style=\"font-weight: 400;\">, z kt\u00f3rego wiata b\u0119dzie wykonana.<\/span><\/i><\/p>\n","protected":false},"excerpt":{"rendered":"<p>Przy zakupie samochodu mo\u017ce nas zaskoczy\u0107 dylemat, czy budowa\u0107 gara\u017c, czy wystarczy wiata. Gara\u017c ma swoje niezaprzeczalne zalety w mo\u017cliwo\u015bciach zabezpieczenia i w pe\u0142ni zadaszonym obszarze. Wi\u0119ksz\u0105 wiat\u0119 mo\u017cna z kolei latem wykorzystywa\u0107 do przyjemnego wypoczynku. Jeszcze si\u0119 Pa\u0144stwo nie zdecydowali? A mo\u017ce warto wybra\u0107 kompromis w postaci gara\u017cu z wiat\u0105?<\/p>\n","protected":false},"author":2,"featured_media":45122,"comment_status":"open","ping_status":"open","sticky":false,"template":"","format":"standard","meta":{"_acf_changed":false,"inline_featured_image":false,"footnotes":""},"categories":[578,622],"tags":[840,581,588,651,579,619,660],"class_list":["post-47395","post","type-post","status-publish","format-standard","has-post-thumbnail","hentry","category-garaze-blaszane","category-wiaty-i-altany","tag-dobudowka","tag-garaz","tag-garaz-montowany","tag-garaz-z-wiata","tag-gardeon","tag-ogrod","tag-wiata-modulowa"],"acf":[],"yoast_head":"<!-- This site is optimized with the Yoast SEO plugin v27.4 - https:\/\/yoast.com\/product\/yoast-seo-wordpress\/ -->\n<title>Wiata przy gara\u017cu \u2013 z jakiego materia\u0142u powinna by\u0107? | GARDEON<\/title>\n<meta name=\"robots\" content=\"index, follow, max-snippet:-1, max-image-preview:large, max-video-preview:-1\" \/>\n<link rel=\"canonical\" href=\"https:\/\/gardeon.pl\/pl\/blog\/wiata-przy-garazu-z-jakiego-materialu-powinna-byc\/\" \/>\n<meta property=\"og:locale\" content=\"pl_PL\" \/>\n<meta property=\"og:type\" content=\"article\" \/>\n<meta property=\"og:title\" content=\"Wiata przy gara\u017cu \u2013 z jakiego materia\u0142u powinna by\u0107? | GARDEON\" \/>\n<meta property=\"og:description\" content=\"Przy zakupie samochodu mo\u017ce nas zaskoczy\u0107 dylemat, czy budowa\u0107 gara\u017c, czy wystarczy wiata. Gara\u017c ma swoje niezaprzeczalne zalety w mo\u017cliwo\u015bciach zabezpieczenia i w pe\u0142ni zadaszonym obszarze. Wi\u0119ksz\u0105 wiat\u0119 mo\u017cna z kolei latem wykorzystywa\u0107 do przyjemnego wypoczynku. Jeszcze si\u0119 Pa\u0144stwo nie zdecydowali? A mo\u017ce warto wybra\u0107 kompromis w postaci gara\u017cu z wiat\u0105?\" \/>\n<meta property=\"og:url\" content=\"https:\/\/gardeon.pl\/pl\/blog\/wiata-przy-garazu-z-jakiego-materialu-powinna-byc\/\" \/>\n<meta property=\"og:site_name\" content=\"GARDEON\" \/>\n<meta property=\"article:published_time\" content=\"2026-04-23T15:41:46+00:00\" \/>\n<meta property=\"article:modified_time\" content=\"2026-04-23T16:41:45+00:00\" \/>\n<meta property=\"og:image\" content=\"http:\/\/gardeon.pl\/wp-content\/uploads\/2021\/09\/gardeon-garaz-pre-dve-auta-151-1200x800-1.webp\" \/>\n\t<meta property=\"og:image:width\" content=\"1200\" \/>\n\t<meta property=\"og:image:height\" content=\"800\" \/>\n\t<meta property=\"og:image:type\" content=\"image\/webp\" \/>\n<meta name=\"author\" content=\"editor\" \/>\n<meta name=\"twitter:card\" content=\"summary_large_image\" \/>\n<meta name=\"twitter:label1\" content=\"Napisane przez\" \/>\n\t<meta name=\"twitter:data1\" content=\"editor\" \/>\n\t<meta name=\"twitter:label2\" content=\"Szacowany czas czytania\" \/>\n\t<meta name=\"twitter:data2\" content=\"1 minuta\" \/>\n<script type=\"application\/ld+json\" class=\"yoast-schema-graph\">{\"@context\":\"https:\\\/\\\/schema.org\",\"@graph\":[{\"@type\":\"Article\",\"@id\":\"https:\\\/\\\/gardeon.pl\\\/pl\\\/blog\\\/wiata-przy-garazu-z-jakiego-materialu-powinna-byc\\\/#article\",\"isPartOf\":{\"@id\":\"https:\\\/\\\/gardeon.pl\\\/pl\\\/blog\\\/wiata-przy-garazu-z-jakiego-materialu-powinna-byc\\\/\"},\"author\":{\"name\":\"editor\",\"@id\":\"https:\\\/\\\/gardeon.pl\\\/#\\\/schema\\\/person\\\/a5762ca5f0790bf92774af0899379463\"},\"headline\":\"Wiata przy gara\u017cu \u2013 z jakiego materia\u0142u powinna by\u0107?\",\"datePublished\":\"2026-04-23T15:41:46+00:00\",\"dateModified\":\"2026-04-23T16:41:45+00:00\",\"mainEntityOfPage\":{\"@id\":\"https:\\\/\\\/gardeon.pl\\\/pl\\\/blog\\\/wiata-przy-garazu-z-jakiego-materialu-powinna-byc\\\/\"},\"wordCount\":147,\"commentCount\":0,\"image\":{\"@id\":\"https:\\\/\\\/gardeon.pl\\\/pl\\\/blog\\\/wiata-przy-garazu-z-jakiego-materialu-powinna-byc\\\/#primaryimage\"},\"thumbnailUrl\":\"https:\\\/\\\/gardeon.pl\\\/wp-content\\\/uploads\\\/2021\\\/09\\\/gardeon-garaz-pre-dve-auta-151-1200x800-1.webp\",\"keywords\":[\"dobud\u00f3wka\",\"gara\u017c\",\"gara\u017c montowany\",\"gara\u017c z wiat\u0105\",\"GARDEON\",\"ogr\u00f3d\",\"wiata modu\u0142owa\"],\"articleSection\":[\"Gara\u017ce blaszane\",\"Wiaty i altany\"],\"inLanguage\":\"pl-PL\",\"potentialAction\":[{\"@type\":\"CommentAction\",\"name\":\"Comment\",\"target\":[\"https:\\\/\\\/gardeon.pl\\\/pl\\\/blog\\\/wiata-przy-garazu-z-jakiego-materialu-powinna-byc\\\/#respond\"]}]},{\"@type\":\"WebPage\",\"@id\":\"https:\\\/\\\/gardeon.pl\\\/pl\\\/blog\\\/wiata-przy-garazu-z-jakiego-materialu-powinna-byc\\\/\",\"url\":\"https:\\\/\\\/gardeon.pl\\\/pl\\\/blog\\\/wiata-przy-garazu-z-jakiego-materialu-powinna-byc\\\/\",\"name\":\"Wiata przy gara\u017cu \u2013 z jakiego materia\u0142u powinna by\u0107? | GARDEON\",\"isPartOf\":{\"@id\":\"https:\\\/\\\/gardeon.pl\\\/#website\"},\"primaryImageOfPage\":{\"@id\":\"https:\\\/\\\/gardeon.pl\\\/pl\\\/blog\\\/wiata-przy-garazu-z-jakiego-materialu-powinna-byc\\\/#primaryimage\"},\"image\":{\"@id\":\"https:\\\/\\\/gardeon.pl\\\/pl\\\/blog\\\/wiata-przy-garazu-z-jakiego-materialu-powinna-byc\\\/#primaryimage\"},\"thumbnailUrl\":\"https:\\\/\\\/gardeon.pl\\\/wp-content\\\/uploads\\\/2021\\\/09\\\/gardeon-garaz-pre-dve-auta-151-1200x800-1.webp\",\"datePublished\":\"2026-04-23T15:41:46+00:00\",\"dateModified\":\"2026-04-23T16:41:45+00:00\",\"author\":{\"@id\":\"https:\\\/\\\/gardeon.pl\\\/#\\\/schema\\\/person\\\/a5762ca5f0790bf92774af0899379463\"},\"breadcrumb\":{\"@id\":\"https:\\\/\\\/gardeon.pl\\\/pl\\\/blog\\\/wiata-przy-garazu-z-jakiego-materialu-powinna-byc\\\/#breadcrumb\"},\"inLanguage\":\"pl-PL\",\"potentialAction\":[{\"@type\":\"ReadAction\",\"target\":[\"https:\\\/\\\/gardeon.pl\\\/pl\\\/blog\\\/wiata-przy-garazu-z-jakiego-materialu-powinna-byc\\\/\"]}]},{\"@type\":\"ImageObject\",\"inLanguage\":\"pl-PL\",\"@id\":\"https:\\\/\\\/gardeon.pl\\\/pl\\\/blog\\\/wiata-przy-garazu-z-jakiego-materialu-powinna-byc\\\/#primaryimage\",\"url\":\"https:\\\/\\\/gardeon.pl\\\/wp-content\\\/uploads\\\/2021\\\/09\\\/gardeon-garaz-pre-dve-auta-151-1200x800-1.webp\",\"contentUrl\":\"https:\\\/\\\/gardeon.pl\\\/wp-content\\\/uploads\\\/2021\\\/09\\\/gardeon-garaz-pre-dve-auta-151-1200x800-1.webp\",\"width\":1200,\"height\":800,\"caption\":\"Gara\u017c z wiat\u0105 i z miejscem do wypoczynku\"},{\"@type\":\"BreadcrumbList\",\"@id\":\"https:\\\/\\\/gardeon.pl\\\/pl\\\/blog\\\/wiata-przy-garazu-z-jakiego-materialu-powinna-byc\\\/#breadcrumb\",\"itemListElement\":[{\"@type\":\"ListItem\",\"position\":1,\"name\":\"Domov\",\"item\":\"https:\\\/\\\/gardeon.pl\\\/pl\\\/\"},{\"@type\":\"ListItem\",\"position\":2,\"name\":\"Wiata przy gara\u017cu \u2013 z jakiego materia\u0142u powinna by\u0107?\"}]},{\"@type\":\"WebSite\",\"@id\":\"https:\\\/\\\/gardeon.pl\\\/#website\",\"url\":\"https:\\\/\\\/gardeon.pl\\\/\",\"name\":\"GARDEON\",\"description\":\"\",\"potentialAction\":[{\"@type\":\"SearchAction\",\"target\":{\"@type\":\"EntryPoint\",\"urlTemplate\":\"https:\\\/\\\/gardeon.pl\\\/?s={search_term_string}\"},\"query-input\":{\"@type\":\"PropertyValueSpecification\",\"valueRequired\":true,\"valueName\":\"search_term_string\"}}],\"inLanguage\":\"pl-PL\"},{\"@type\":\"Person\",\"@id\":\"https:\\\/\\\/gardeon.pl\\\/#\\\/schema\\\/person\\\/a5762ca5f0790bf92774af0899379463\",\"name\":\"editor\",\"image\":{\"@type\":\"ImageObject\",\"inLanguage\":\"pl-PL\",\"@id\":\"https:\\\/\\\/secure.gravatar.com\\\/avatar\\\/2b748151c2c748327307fd289a91b3bdafdd9e64e2d000e65e53d6dcf11c5830?s=96&d=mm&r=g\",\"url\":\"https:\\\/\\\/secure.gravatar.com\\\/avatar\\\/2b748151c2c748327307fd289a91b3bdafdd9e64e2d000e65e53d6dcf11c5830?s=96&d=mm&r=g\",\"contentUrl\":\"https:\\\/\\\/secure.gravatar.com\\\/avatar\\\/2b748151c2c748327307fd289a91b3bdafdd9e64e2d000e65e53d6dcf11c5830?s=96&d=mm&r=g\",\"caption\":\"editor\"}}]}<\/script>\n<!-- \/ Yoast SEO plugin. -->","yoast_head_json":{"title":"Wiata przy gara\u017cu \u2013 z jakiego materia\u0142u powinna by\u0107? | GARDEON","robots":{"index":"index","follow":"follow","max-snippet":"max-snippet:-1","max-image-preview":"max-image-preview:large","max-video-preview":"max-video-preview:-1"},"canonical":"https:\/\/gardeon.pl\/pl\/blog\/wiata-przy-garazu-z-jakiego-materialu-powinna-byc\/","og_locale":"pl_PL","og_type":"article","og_title":"Wiata przy gara\u017cu \u2013 z jakiego materia\u0142u powinna by\u0107? | GARDEON","og_description":"Przy zakupie samochodu mo\u017ce nas zaskoczy\u0107 dylemat, czy budowa\u0107 gara\u017c, czy wystarczy wiata. Gara\u017c ma swoje niezaprzeczalne zalety w mo\u017cliwo\u015bciach zabezpieczenia i w pe\u0142ni zadaszonym obszarze. Wi\u0119ksz\u0105 wiat\u0119 mo\u017cna z kolei latem wykorzystywa\u0107 do przyjemnego wypoczynku. Jeszcze si\u0119 Pa\u0144stwo nie zdecydowali? A mo\u017ce warto wybra\u0107 kompromis w postaci gara\u017cu z wiat\u0105?","og_url":"https:\/\/gardeon.pl\/pl\/blog\/wiata-przy-garazu-z-jakiego-materialu-powinna-byc\/","og_site_name":"GARDEON","article_published_time":"2026-04-23T15:41:46+00:00","article_modified_time":"2026-04-23T16:41:45+00:00","og_image":[{"width":1200,"height":800,"url":"http:\/\/gardeon.pl\/wp-content\/uploads\/2021\/09\/gardeon-garaz-pre-dve-auta-151-1200x800-1.webp","type":"image\/webp"}],"author":"editor","twitter_card":"summary_large_image","twitter_misc":{"Napisane przez":"editor","Szacowany czas czytania":"1 minuta"},"schema":{"@context":"https:\/\/schema.org","@graph":[{"@type":"Article","@id":"https:\/\/gardeon.pl\/pl\/blog\/wiata-przy-garazu-z-jakiego-materialu-powinna-byc\/#article","isPartOf":{"@id":"https:\/\/gardeon.pl\/pl\/blog\/wiata-przy-garazu-z-jakiego-materialu-powinna-byc\/"},"author":{"name":"editor","@id":"https:\/\/gardeon.pl\/#\/schema\/person\/a5762ca5f0790bf92774af0899379463"},"headline":"Wiata przy gara\u017cu \u2013 z jakiego materia\u0142u powinna by\u0107?","datePublished":"2026-04-23T15:41:46+00:00","dateModified":"2026-04-23T16:41:45+00:00","mainEntityOfPage":{"@id":"https:\/\/gardeon.pl\/pl\/blog\/wiata-przy-garazu-z-jakiego-materialu-powinna-byc\/"},"wordCount":147,"commentCount":0,"image":{"@id":"https:\/\/gardeon.pl\/pl\/blog\/wiata-przy-garazu-z-jakiego-materialu-powinna-byc\/#primaryimage"},"thumbnailUrl":"https:\/\/gardeon.pl\/wp-content\/uploads\/2021\/09\/gardeon-garaz-pre-dve-auta-151-1200x800-1.webp","keywords":["dobud\u00f3wka","gara\u017c","gara\u017c montowany","gara\u017c z wiat\u0105","GARDEON","ogr\u00f3d","wiata modu\u0142owa"],"articleSection":["Gara\u017ce blaszane","Wiaty i altany"],"inLanguage":"pl-PL","potentialAction":[{"@type":"CommentAction","name":"Comment","target":["https:\/\/gardeon.pl\/pl\/blog\/wiata-przy-garazu-z-jakiego-materialu-powinna-byc\/#respond"]}]},{"@type":"WebPage","@id":"https:\/\/gardeon.pl\/pl\/blog\/wiata-przy-garazu-z-jakiego-materialu-powinna-byc\/","url":"https:\/\/gardeon.pl\/pl\/blog\/wiata-przy-garazu-z-jakiego-materialu-powinna-byc\/","name":"Wiata przy gara\u017cu \u2013 z jakiego materia\u0142u powinna by\u0107? | GARDEON","isPartOf":{"@id":"https:\/\/gardeon.pl\/#website"},"primaryImageOfPage":{"@id":"https:\/\/gardeon.pl\/pl\/blog\/wiata-przy-garazu-z-jakiego-materialu-powinna-byc\/#primaryimage"},"image":{"@id":"https:\/\/gardeon.pl\/pl\/blog\/wiata-przy-garazu-z-jakiego-materialu-powinna-byc\/#primaryimage"},"thumbnailUrl":"https:\/\/gardeon.pl\/wp-content\/uploads\/2021\/09\/gardeon-garaz-pre-dve-auta-151-1200x800-1.webp","datePublished":"2026-04-23T15:41:46+00:00","dateModified":"2026-04-23T16:41:45+00:00","author":{"@id":"https:\/\/gardeon.pl\/#\/schema\/person\/a5762ca5f0790bf92774af0899379463"},"breadcrumb":{"@id":"https:\/\/gardeon.pl\/pl\/blog\/wiata-przy-garazu-z-jakiego-materialu-powinna-byc\/#breadcrumb"},"inLanguage":"pl-PL","potentialAction":[{"@type":"ReadAction","target":["https:\/\/gardeon.pl\/pl\/blog\/wiata-przy-garazu-z-jakiego-materialu-powinna-byc\/"]}]},{"@type":"ImageObject","inLanguage":"pl-PL","@id":"https:\/\/gardeon.pl\/pl\/blog\/wiata-przy-garazu-z-jakiego-materialu-powinna-byc\/#primaryimage","url":"https:\/\/gardeon.pl\/wp-content\/uploads\/2021\/09\/gardeon-garaz-pre-dve-auta-151-1200x800-1.webp","contentUrl":"https:\/\/gardeon.pl\/wp-content\/uploads\/2021\/09\/gardeon-garaz-pre-dve-auta-151-1200x800-1.webp","width":1200,"height":800,"caption":"Gara\u017c z wiat\u0105 i z miejscem do wypoczynku"},{"@type":"BreadcrumbList","@id":"https:\/\/gardeon.pl\/pl\/blog\/wiata-przy-garazu-z-jakiego-materialu-powinna-byc\/#breadcrumb","itemListElement":[{"@type":"ListItem","position":1,"name":"Domov","item":"https:\/\/gardeon.pl\/pl\/"},{"@type":"ListItem","position":2,"name":"Wiata przy gara\u017cu \u2013 z jakiego materia\u0142u powinna by\u0107?"}]},{"@type":"WebSite","@id":"https:\/\/gardeon.pl\/#website","url":"https:\/\/gardeon.pl\/","name":"GARDEON","description":"","potentialAction":[{"@type":"SearchAction","target":{"@type":"EntryPoint","urlTemplate":"https:\/\/gardeon.pl\/?s={search_term_string}"},"query-input":{"@type":"PropertyValueSpecification","valueRequired":true,"valueName":"search_term_string"}}],"inLanguage":"pl-PL"},{"@type":"Person","@id":"https:\/\/gardeon.pl\/#\/schema\/person\/a5762ca5f0790bf92774af0899379463","name":"editor","image":{"@type":"ImageObject","inLanguage":"pl-PL","@id":"https:\/\/secure.gravatar.com\/avatar\/2b748151c2c748327307fd289a91b3bdafdd9e64e2d000e65e53d6dcf11c5830?s=96&d=mm&r=g","url":"https:\/\/secure.gravatar.com\/avatar\/2b748151c2c748327307fd289a91b3bdafdd9e64e2d000e65e53d6dcf11c5830?s=96&d=mm&r=g","contentUrl":"https:\/\/secure.gravatar.com\/avatar\/2b748151c2c748327307fd289a91b3bdafdd9e64e2d000e65e53d6dcf11c5830?s=96&d=mm&r=g","caption":"editor"}}]}},"_links":{"self":[{"href":"https:\/\/gardeon.pl\/pl\/wp-json\/wp\/v2\/posts\/47395","targetHints":{"allow":["GET"]}}],"collection":[{"href":"https:\/\/gardeon.pl\/pl\/wp-json\/wp\/v2\/posts"}],"about":[{"href":"https:\/\/gardeon.pl\/pl\/wp-json\/wp\/v2\/types\/post"}],"author":[{"embeddable":true,"href":"https:\/\/gardeon.pl\/pl\/wp-json\/wp\/v2\/users\/2"}],"replies":[{"embeddable":true,"href":"https:\/\/gardeon.pl\/pl\/wp-json\/wp\/v2\/comments?post=47395"}],"version-history":[{"count":0,"href":"https:\/\/gardeon.pl\/pl\/wp-json\/wp\/v2\/posts\/47395\/revisions"}],"wp:featuredmedia":[{"embeddable":true,"href":"https:\/\/gardeon.pl\/pl\/wp-json\/wp\/v2\/media\/45122"}],"wp:attachment":[{"href":"https:\/\/gardeon.pl\/pl\/wp-json\/wp\/v2\/media?parent=47395"}],"wp:term":[{"taxonomy":"category","embeddable":true,"href":"https:\/\/gardeon.pl\/pl\/wp-json\/wp\/v2\/categories?post=47395"},{"taxonomy":"post_tag","embeddable":true,"href":"https:\/\/gardeon.pl\/pl\/wp-json\/wp\/v2\/tags?post=47395"}],"curies":[{"name":"wp","href":"https:\/\/api.w.org\/{rel}","templated":true}]}}