{"id":47494,"date":"2026-04-23T17:41:52","date_gmt":"2026-04-23T15:41:52","guid":{"rendered":"https:\/\/gardeon.pl\/blog\/dzien-otwartych-garazy-w-gardeon\/"},"modified":"2026-04-23T18:41:41","modified_gmt":"2026-04-23T16:41:41","slug":"dzien-otwartych-garazy-w-gardeon","status":"publish","type":"post","link":"https:\/\/gardeon.pl\/pl\/blog\/dzien-otwartych-garazy-w-gardeon\/","title":{"rendered":"Dzie\u0144 otwartych gara\u017cy w GARDEON"},"content":{"rendered":"<p class=\"p1\"><em>Ka\u017cdy, kto w sobot\u0119 1 lipca uda\u0142 si\u0119 do miejscowo\u015bci Tur\u010diansky \u010eur ko\u0142o Martina, m\u00f3g\u0142 wzi\u0105\u0107 udzia\u0142 w Dniu otwartych gara\u017cy i domk\u00f3w ogrodowych w ramach GARDEON. Opr\u00f3cz naszego hitu sezonu 2023\/2024 \u2013 domku ogrodowego z akcesoriami w nowych kolorach \u2013 atrakcj\u0105 by\u0142y r\u00f3wnie\u017c interesuj\u0105ce zni\u017cki dla odwiedzaj\u0105cych oraz r\u00f3\u017cne atrakcje dla dzieci.  <\/em><\/p>\n<p><!--more--><\/p>\n","protected":false},"excerpt":{"rendered":"<p>Ka\u017cdy, kto w sobot\u0119 1 lipca uda\u0142 si\u0119 do miejscowo\u015bci Tur\u010diansky \u010eur ko\u0142o Martina, m\u00f3g\u0142 wzi\u0105\u0107 udzia\u0142 w Dniu otwartych gara\u017cy i domk\u00f3w ogrodowych w ramach GARDEON. Opr\u00f3cz naszego hitu sezonu 2023\/2024 \u2013 domku ogrodowego z akcesoriami w nowych kolorach \u2013 atrakcj\u0105 by\u0142y r\u00f3wnie\u017c interesuj\u0105ce zni\u017cki dla odwiedzaj\u0105cych oraz r\u00f3\u017cne atrakcje dla dzieci.<\/p>\n","protected":false},"author":2,"featured_media":47524,"comment_status":"open","ping_status":"open","sticky":false,"template":"","format":"standard","meta":{"_acf_changed":false,"inline_featured_image":false,"footnotes":""},"categories":[593,677],"tags":[852,849,853,847,579,854],"class_list":["post-47494","post","type-post","status-publish","format-standard","has-post-thumbnail","hentry","category-aktualnosci","category-dzieci-w-ogrodzie","tag-dod","tag-dog","tag-dzien-otwartych-drzwi","tag-dzien-otwartych-garazy","tag-gardeon","tag-znizka"],"acf":[],"yoast_head":"<!-- This site is optimized with the Yoast SEO plugin v27.4 - https:\/\/yoast.com\/product\/yoast-seo-wordpress\/ -->\n<title>Dzie\u0144 otwartych gara\u017cy w GARDEON | GARDEON<\/title>\n<meta name=\"robots\" content=\"index, follow, max-snippet:-1, max-image-preview:large, max-video-preview:-1\" \/>\n<link rel=\"canonical\" href=\"https:\/\/gardeon.pl\/pl\/blog\/dzien-otwartych-garazy-w-gardeon\/\" \/>\n<meta property=\"og:locale\" content=\"pl_PL\" \/>\n<meta property=\"og:type\" content=\"article\" \/>\n<meta property=\"og:title\" content=\"Dzie\u0144 otwartych gara\u017cy w GARDEON | GARDEON\" \/>\n<meta property=\"og:description\" content=\"Ka\u017cdy, kto w sobot\u0119 1 lipca uda\u0142 si\u0119 do miejscowo\u015bci Tur\u010diansky \u010eur ko\u0142o Martina, m\u00f3g\u0142 wzi\u0105\u0107 udzia\u0142 w Dniu otwartych gara\u017cy i domk\u00f3w ogrodowych w ramach GARDEON. Opr\u00f3cz naszego hitu sezonu 2023\/2024 \u2013 domku ogrodowego z akcesoriami w nowych kolorach \u2013 atrakcj\u0105 by\u0142y r\u00f3wnie\u017c interesuj\u0105ce zni\u017cki dla odwiedzaj\u0105cych oraz r\u00f3\u017cne atrakcje dla dzieci.\" \/>\n<meta property=\"og:url\" content=\"https:\/\/gardeon.pl\/pl\/blog\/dzien-otwartych-garazy-w-gardeon\/\" \/>\n<meta property=\"og:site_name\" content=\"GARDEON\" \/>\n<meta property=\"article:published_time\" content=\"2026-04-23T15:41:52+00:00\" \/>\n<meta property=\"article:modified_time\" content=\"2026-04-23T16:41:41+00:00\" \/>\n<meta property=\"og:image\" content=\"http:\/\/gardeon.pl\/wp-content\/uploads\/2023\/07\/gardeon-DOG-spolocna-1-1-scaled.webp\" \/>\n\t<meta property=\"og:image:width\" content=\"2560\" \/>\n\t<meta property=\"og:image:height\" content=\"1439\" \/>\n\t<meta property=\"og:image:type\" content=\"image\/webp\" \/>\n<meta name=\"author\" content=\"editor\" \/>\n<meta name=\"twitter:card\" content=\"summary_large_image\" \/>\n<meta name=\"twitter:label1\" content=\"Napisane przez\" \/>\n\t<meta name=\"twitter:data1\" content=\"editor\" \/>\n<script type=\"application\/ld+json\" class=\"yoast-schema-graph\">{\"@context\":\"https:\\\/\\\/schema.org\",\"@graph\":[{\"@type\":\"Article\",\"@id\":\"https:\\\/\\\/gardeon.pl\\\/pl\\\/blog\\\/dzien-otwartych-garazy-w-gardeon\\\/#article\",\"isPartOf\":{\"@id\":\"https:\\\/\\\/gardeon.pl\\\/pl\\\/blog\\\/dzien-otwartych-garazy-w-gardeon\\\/\"},\"author\":{\"name\":\"editor\",\"@id\":\"https:\\\/\\\/gardeon.pl\\\/#\\\/schema\\\/person\\\/a5762ca5f0790bf92774af0899379463\"},\"headline\":\"Dzie\u0144 otwartych gara\u017cy w GARDEON\",\"datePublished\":\"2026-04-23T15:41:52+00:00\",\"dateModified\":\"2026-04-23T16:41:41+00:00\",\"mainEntityOfPage\":{\"@id\":\"https:\\\/\\\/gardeon.pl\\\/pl\\\/blog\\\/dzien-otwartych-garazy-w-gardeon\\\/\"},\"wordCount\":69,\"commentCount\":0,\"image\":{\"@id\":\"https:\\\/\\\/gardeon.pl\\\/pl\\\/blog\\\/dzien-otwartych-garazy-w-gardeon\\\/#primaryimage\"},\"thumbnailUrl\":\"https:\\\/\\\/gardeon.pl\\\/wp-content\\\/uploads\\\/2023\\\/07\\\/gardeon-DOG-spolocna-1-1-scaled.webp\",\"keywords\":[\"DOD\",\"DOG\",\"Dzie\u0144 otwartych drzwi\",\"Dzie\u0144 otwartych gara\u017cy\",\"GARDEON\",\"zni\u017cka\"],\"articleSection\":[\"Aktualno\u015bci\",\"Dzieci w ogrodzie\"],\"inLanguage\":\"pl-PL\",\"potentialAction\":[{\"@type\":\"CommentAction\",\"name\":\"Comment\",\"target\":[\"https:\\\/\\\/gardeon.pl\\\/pl\\\/blog\\\/dzien-otwartych-garazy-w-gardeon\\\/#respond\"]}]},{\"@type\":\"WebPage\",\"@id\":\"https:\\\/\\\/gardeon.pl\\\/pl\\\/blog\\\/dzien-otwartych-garazy-w-gardeon\\\/\",\"url\":\"https:\\\/\\\/gardeon.pl\\\/pl\\\/blog\\\/dzien-otwartych-garazy-w-gardeon\\\/\",\"name\":\"Dzie\u0144 otwartych gara\u017cy w GARDEON | GARDEON\",\"isPartOf\":{\"@id\":\"https:\\\/\\\/gardeon.pl\\\/#website\"},\"primaryImageOfPage\":{\"@id\":\"https:\\\/\\\/gardeon.pl\\\/pl\\\/blog\\\/dzien-otwartych-garazy-w-gardeon\\\/#primaryimage\"},\"image\":{\"@id\":\"https:\\\/\\\/gardeon.pl\\\/pl\\\/blog\\\/dzien-otwartych-garazy-w-gardeon\\\/#primaryimage\"},\"thumbnailUrl\":\"https:\\\/\\\/gardeon.pl\\\/wp-content\\\/uploads\\\/2023\\\/07\\\/gardeon-DOG-spolocna-1-1-scaled.webp\",\"datePublished\":\"2026-04-23T15:41:52+00:00\",\"dateModified\":\"2026-04-23T16:41:41+00:00\",\"author\":{\"@id\":\"https:\\\/\\\/gardeon.pl\\\/#\\\/schema\\\/person\\\/a5762ca5f0790bf92774af0899379463\"},\"breadcrumb\":{\"@id\":\"https:\\\/\\\/gardeon.pl\\\/pl\\\/blog\\\/dzien-otwartych-garazy-w-gardeon\\\/#breadcrumb\"},\"inLanguage\":\"pl-PL\",\"potentialAction\":[{\"@type\":\"ReadAction\",\"target\":[\"https:\\\/\\\/gardeon.pl\\\/pl\\\/blog\\\/dzien-otwartych-garazy-w-gardeon\\\/\"]}]},{\"@type\":\"ImageObject\",\"inLanguage\":\"pl-PL\",\"@id\":\"https:\\\/\\\/gardeon.pl\\\/pl\\\/blog\\\/dzien-otwartych-garazy-w-gardeon\\\/#primaryimage\",\"url\":\"https:\\\/\\\/gardeon.pl\\\/wp-content\\\/uploads\\\/2023\\\/07\\\/gardeon-DOG-spolocna-1-1-scaled.webp\",\"contentUrl\":\"https:\\\/\\\/gardeon.pl\\\/wp-content\\\/uploads\\\/2023\\\/07\\\/gardeon-DOG-spolocna-1-1-scaled.webp\",\"width\":2560,\"height\":1439,\"caption\":\"Wsp\u00f3lne zdj\u0119cie klient\u00f3w z pracownikami GARDEON\"},{\"@type\":\"BreadcrumbList\",\"@id\":\"https:\\\/\\\/gardeon.pl\\\/pl\\\/blog\\\/dzien-otwartych-garazy-w-gardeon\\\/#breadcrumb\",\"itemListElement\":[{\"@type\":\"ListItem\",\"position\":1,\"name\":\"Domov\",\"item\":\"https:\\\/\\\/gardeon.pl\\\/pl\\\/\"},{\"@type\":\"ListItem\",\"position\":2,\"name\":\"Dzie\u0144 otwartych gara\u017cy w GARDEON\"}]},{\"@type\":\"WebSite\",\"@id\":\"https:\\\/\\\/gardeon.pl\\\/#website\",\"url\":\"https:\\\/\\\/gardeon.pl\\\/\",\"name\":\"GARDEON\",\"description\":\"\",\"potentialAction\":[{\"@type\":\"SearchAction\",\"target\":{\"@type\":\"EntryPoint\",\"urlTemplate\":\"https:\\\/\\\/gardeon.pl\\\/?s={search_term_string}\"},\"query-input\":{\"@type\":\"PropertyValueSpecification\",\"valueRequired\":true,\"valueName\":\"search_term_string\"}}],\"inLanguage\":\"pl-PL\"},{\"@type\":\"Person\",\"@id\":\"https:\\\/\\\/gardeon.pl\\\/#\\\/schema\\\/person\\\/a5762ca5f0790bf92774af0899379463\",\"name\":\"editor\",\"image\":{\"@type\":\"ImageObject\",\"inLanguage\":\"pl-PL\",\"@id\":\"https:\\\/\\\/secure.gravatar.com\\\/avatar\\\/2b748151c2c748327307fd289a91b3bdafdd9e64e2d000e65e53d6dcf11c5830?s=96&d=mm&r=g\",\"url\":\"https:\\\/\\\/secure.gravatar.com\\\/avatar\\\/2b748151c2c748327307fd289a91b3bdafdd9e64e2d000e65e53d6dcf11c5830?s=96&d=mm&r=g\",\"contentUrl\":\"https:\\\/\\\/secure.gravatar.com\\\/avatar\\\/2b748151c2c748327307fd289a91b3bdafdd9e64e2d000e65e53d6dcf11c5830?s=96&d=mm&r=g\",\"caption\":\"editor\"}}]}<\/script>\n<!-- \/ Yoast SEO plugin. -->","yoast_head_json":{"title":"Dzie\u0144 otwartych gara\u017cy w GARDEON | GARDEON","robots":{"index":"index","follow":"follow","max-snippet":"max-snippet:-1","max-image-preview":"max-image-preview:large","max-video-preview":"max-video-preview:-1"},"canonical":"https:\/\/gardeon.pl\/pl\/blog\/dzien-otwartych-garazy-w-gardeon\/","og_locale":"pl_PL","og_type":"article","og_title":"Dzie\u0144 otwartych gara\u017cy w GARDEON | GARDEON","og_description":"Ka\u017cdy, kto w sobot\u0119 1 lipca uda\u0142 si\u0119 do miejscowo\u015bci Tur\u010diansky \u010eur ko\u0142o Martina, m\u00f3g\u0142 wzi\u0105\u0107 udzia\u0142 w Dniu otwartych gara\u017cy i domk\u00f3w ogrodowych w ramach GARDEON. Opr\u00f3cz naszego hitu sezonu 2023\/2024 \u2013 domku ogrodowego z akcesoriami w nowych kolorach \u2013 atrakcj\u0105 by\u0142y r\u00f3wnie\u017c interesuj\u0105ce zni\u017cki dla odwiedzaj\u0105cych oraz r\u00f3\u017cne atrakcje dla dzieci.","og_url":"https:\/\/gardeon.pl\/pl\/blog\/dzien-otwartych-garazy-w-gardeon\/","og_site_name":"GARDEON","article_published_time":"2026-04-23T15:41:52+00:00","article_modified_time":"2026-04-23T16:41:41+00:00","og_image":[{"width":2560,"height":1439,"url":"http:\/\/gardeon.pl\/wp-content\/uploads\/2023\/07\/gardeon-DOG-spolocna-1-1-scaled.webp","type":"image\/webp"}],"author":"editor","twitter_card":"summary_large_image","twitter_misc":{"Napisane przez":"editor"},"schema":{"@context":"https:\/\/schema.org","@graph":[{"@type":"Article","@id":"https:\/\/gardeon.pl\/pl\/blog\/dzien-otwartych-garazy-w-gardeon\/#article","isPartOf":{"@id":"https:\/\/gardeon.pl\/pl\/blog\/dzien-otwartych-garazy-w-gardeon\/"},"author":{"name":"editor","@id":"https:\/\/gardeon.pl\/#\/schema\/person\/a5762ca5f0790bf92774af0899379463"},"headline":"Dzie\u0144 otwartych gara\u017cy w GARDEON","datePublished":"2026-04-23T15:41:52+00:00","dateModified":"2026-04-23T16:41:41+00:00","mainEntityOfPage":{"@id":"https:\/\/gardeon.pl\/pl\/blog\/dzien-otwartych-garazy-w-gardeon\/"},"wordCount":69,"commentCount":0,"image":{"@id":"https:\/\/gardeon.pl\/pl\/blog\/dzien-otwartych-garazy-w-gardeon\/#primaryimage"},"thumbnailUrl":"https:\/\/gardeon.pl\/wp-content\/uploads\/2023\/07\/gardeon-DOG-spolocna-1-1-scaled.webp","keywords":["DOD","DOG","Dzie\u0144 otwartych drzwi","Dzie\u0144 otwartych gara\u017cy","GARDEON","zni\u017cka"],"articleSection":["Aktualno\u015bci","Dzieci w ogrodzie"],"inLanguage":"pl-PL","potentialAction":[{"@type":"CommentAction","name":"Comment","target":["https:\/\/gardeon.pl\/pl\/blog\/dzien-otwartych-garazy-w-gardeon\/#respond"]}]},{"@type":"WebPage","@id":"https:\/\/gardeon.pl\/pl\/blog\/dzien-otwartych-garazy-w-gardeon\/","url":"https:\/\/gardeon.pl\/pl\/blog\/dzien-otwartych-garazy-w-gardeon\/","name":"Dzie\u0144 otwartych gara\u017cy w GARDEON | GARDEON","isPartOf":{"@id":"https:\/\/gardeon.pl\/#website"},"primaryImageOfPage":{"@id":"https:\/\/gardeon.pl\/pl\/blog\/dzien-otwartych-garazy-w-gardeon\/#primaryimage"},"image":{"@id":"https:\/\/gardeon.pl\/pl\/blog\/dzien-otwartych-garazy-w-gardeon\/#primaryimage"},"thumbnailUrl":"https:\/\/gardeon.pl\/wp-content\/uploads\/2023\/07\/gardeon-DOG-spolocna-1-1-scaled.webp","datePublished":"2026-04-23T15:41:52+00:00","dateModified":"2026-04-23T16:41:41+00:00","author":{"@id":"https:\/\/gardeon.pl\/#\/schema\/person\/a5762ca5f0790bf92774af0899379463"},"breadcrumb":{"@id":"https:\/\/gardeon.pl\/pl\/blog\/dzien-otwartych-garazy-w-gardeon\/#breadcrumb"},"inLanguage":"pl-PL","potentialAction":[{"@type":"ReadAction","target":["https:\/\/gardeon.pl\/pl\/blog\/dzien-otwartych-garazy-w-gardeon\/"]}]},{"@type":"ImageObject","inLanguage":"pl-PL","@id":"https:\/\/gardeon.pl\/pl\/blog\/dzien-otwartych-garazy-w-gardeon\/#primaryimage","url":"https:\/\/gardeon.pl\/wp-content\/uploads\/2023\/07\/gardeon-DOG-spolocna-1-1-scaled.webp","contentUrl":"https:\/\/gardeon.pl\/wp-content\/uploads\/2023\/07\/gardeon-DOG-spolocna-1-1-scaled.webp","width":2560,"height":1439,"caption":"Wsp\u00f3lne zdj\u0119cie klient\u00f3w z pracownikami GARDEON"},{"@type":"BreadcrumbList","@id":"https:\/\/gardeon.pl\/pl\/blog\/dzien-otwartych-garazy-w-gardeon\/#breadcrumb","itemListElement":[{"@type":"ListItem","position":1,"name":"Domov","item":"https:\/\/gardeon.pl\/pl\/"},{"@type":"ListItem","position":2,"name":"Dzie\u0144 otwartych gara\u017cy w GARDEON"}]},{"@type":"WebSite","@id":"https:\/\/gardeon.pl\/#website","url":"https:\/\/gardeon.pl\/","name":"GARDEON","description":"","potentialAction":[{"@type":"SearchAction","target":{"@type":"EntryPoint","urlTemplate":"https:\/\/gardeon.pl\/?s={search_term_string}"},"query-input":{"@type":"PropertyValueSpecification","valueRequired":true,"valueName":"search_term_string"}}],"inLanguage":"pl-PL"},{"@type":"Person","@id":"https:\/\/gardeon.pl\/#\/schema\/person\/a5762ca5f0790bf92774af0899379463","name":"editor","image":{"@type":"ImageObject","inLanguage":"pl-PL","@id":"https:\/\/secure.gravatar.com\/avatar\/2b748151c2c748327307fd289a91b3bdafdd9e64e2d000e65e53d6dcf11c5830?s=96&d=mm&r=g","url":"https:\/\/secure.gravatar.com\/avatar\/2b748151c2c748327307fd289a91b3bdafdd9e64e2d000e65e53d6dcf11c5830?s=96&d=mm&r=g","contentUrl":"https:\/\/secure.gravatar.com\/avatar\/2b748151c2c748327307fd289a91b3bdafdd9e64e2d000e65e53d6dcf11c5830?s=96&d=mm&r=g","caption":"editor"}}]}},"_links":{"self":[{"href":"https:\/\/gardeon.pl\/pl\/wp-json\/wp\/v2\/posts\/47494","targetHints":{"allow":["GET"]}}],"collection":[{"href":"https:\/\/gardeon.pl\/pl\/wp-json\/wp\/v2\/posts"}],"about":[{"href":"https:\/\/gardeon.pl\/pl\/wp-json\/wp\/v2\/types\/post"}],"author":[{"embeddable":true,"href":"https:\/\/gardeon.pl\/pl\/wp-json\/wp\/v2\/users\/2"}],"replies":[{"embeddable":true,"href":"https:\/\/gardeon.pl\/pl\/wp-json\/wp\/v2\/comments?post=47494"}],"version-history":[{"count":0,"href":"https:\/\/gardeon.pl\/pl\/wp-json\/wp\/v2\/posts\/47494\/revisions"}],"wp:featuredmedia":[{"embeddable":true,"href":"https:\/\/gardeon.pl\/pl\/wp-json\/wp\/v2\/media\/47524"}],"wp:attachment":[{"href":"https:\/\/gardeon.pl\/pl\/wp-json\/wp\/v2\/media?parent=47494"}],"wp:term":[{"taxonomy":"category","embeddable":true,"href":"https:\/\/gardeon.pl\/pl\/wp-json\/wp\/v2\/categories?post=47494"},{"taxonomy":"post_tag","embeddable":true,"href":"https:\/\/gardeon.pl\/pl\/wp-json\/wp\/v2\/tags?post=47494"}],"curies":[{"name":"wp","href":"https:\/\/api.w.org\/{rel}","templated":true}]}}