{"id":47495,"date":"2026-04-23T17:41:52","date_gmt":"2026-04-23T15:41:52","guid":{"rendered":"https:\/\/gardeon.pl\/blog\/rozwiazanie-2-w-1-palarnia-firmowa-parking-rowerowy-w-firmie\/"},"modified":"2026-04-23T18:41:40","modified_gmt":"2026-04-23T16:41:40","slug":"rozwiazanie-2-w-1-palarnia-firmowa-parking-rowerowy-w-firmie","status":"publish","type":"post","link":"https:\/\/gardeon.pl\/pl\/blog\/rozwiazanie-2-w-1-palarnia-firmowa-parking-rowerowy-w-firmie\/","title":{"rendered":"Rozwi\u0105zanie 2 w 1 | Palarnia firmowa + parking rowerowy w firmie"},"content":{"rendered":"<p class=\"p1\"><em>Palenie w biurach, na korytarzach i w innych pomieszczeniach firmy jest na S\u0142owacji zabronione. Nie chodzi tylko o to, \u017ce wypada by\u0107 uprzejmym wobec niepal\u0105cych, kt\u00f3rych dym papierosowy mo\u017ce niepokoi\u0107. Palenie w okre\u015blonych pomieszczeniach jest r\u00f3wnie\u017c regulowane prawnie. Gdzie zatem pracownicy mog\u0105 swobodnie zapali\u0107 papierosa? Rozwi\u0105zaniem jest palarnia, czyli wydzielone specjalne miejsce przeznaczone do palenia. Jak jednak powinna wygl\u0105da\u0107 palarnia firmowa? Jak i gdzie stworzy\u0107 odpowiedni\u0105 przestrze\u0144, kt\u00f3ra b\u0119dzie przyjemna dla palaczy i nie b\u0119dzie przeszkadza\u0107 niepal\u0105cym?       <\/em><\/p>\n<p><!--more--><\/p>\n","protected":false},"excerpt":{"rendered":"<p>Palenie w biurach, na korytarzach i w innych pomieszczeniach firmy jest na S\u0142owacji zabronione. Nie chodzi tylko o to, \u017ce wypada by\u0107 uprzejmym wobec niepal\u0105cych, kt\u00f3rych dym papierosowy mo\u017ce niepokoi\u0107. Palenie w okre\u015blonych pomieszczeniach jest r\u00f3wnie\u017c regulowane prawnie. Gdzie zatem pracownicy mog\u0105 swobodnie zapali\u0107 papierosa? Rozwi\u0105zaniem jest palarnia, czyli wydzielone specjalne miejsce przeznaczone do palenia. [&hellip;]<\/p>\n","protected":false},"author":2,"featured_media":44166,"comment_status":"open","ping_status":"open","sticky":false,"template":"","format":"standard","meta":{"_acf_changed":false,"inline_featured_image":false,"footnotes":""},"categories":[631,607,622],"tags":[579,848,850,620,851,627],"class_list":["post-47495","post","type-post","status-publish","format-standard","has-post-thumbnail","hentry","category-inne","category-inspiracje","category-wiaty-i-altany","tag-gardeon","tag-palarnia-firmowa","tag-parking-rowerowy-w-firmie","tag-pergola","tag-rowery","tag-wiata"],"acf":[],"yoast_head":"<!-- This site is optimized with the Yoast SEO plugin v27.4 - https:\/\/yoast.com\/product\/yoast-seo-wordpress\/ -->\n<title>Rozwi\u0105zanie 2 w 1 | Palarnia firmowa + parking rowerowy w firmie | GARDEON<\/title>\n<meta name=\"robots\" content=\"index, follow, max-snippet:-1, max-image-preview:large, max-video-preview:-1\" \/>\n<link rel=\"canonical\" href=\"https:\/\/gardeon.pl\/pl\/blog\/rozwiazanie-2-w-1-palarnia-firmowa-parking-rowerowy-w-firmie\/\" \/>\n<meta property=\"og:locale\" content=\"pl_PL\" \/>\n<meta property=\"og:type\" content=\"article\" \/>\n<meta property=\"og:title\" content=\"Rozwi\u0105zanie 2 w 1 | Palarnia firmowa + parking rowerowy w firmie | GARDEON\" \/>\n<meta property=\"og:description\" content=\"Palenie w biurach, na korytarzach i w innych pomieszczeniach firmy jest na S\u0142owacji zabronione. Nie chodzi tylko o to, \u017ce wypada by\u0107 uprzejmym wobec niepal\u0105cych, kt\u00f3rych dym papierosowy mo\u017ce niepokoi\u0107. Palenie w okre\u015blonych pomieszczeniach jest r\u00f3wnie\u017c regulowane prawnie. Gdzie zatem pracownicy mog\u0105 swobodnie zapali\u0107 papierosa? Rozwi\u0105zaniem jest palarnia, czyli wydzielone specjalne miejsce przeznaczone do palenia. [&hellip;]\" \/>\n<meta property=\"og:url\" content=\"https:\/\/gardeon.pl\/pl\/blog\/rozwiazanie-2-w-1-palarnia-firmowa-parking-rowerowy-w-firmie\/\" \/>\n<meta property=\"og:site_name\" content=\"GARDEON\" \/>\n<meta property=\"article:published_time\" content=\"2026-04-23T15:41:52+00:00\" \/>\n<meta property=\"article:modified_time\" content=\"2026-04-23T16:41:40+00:00\" \/>\n<meta property=\"og:image\" content=\"http:\/\/gardeon.pl\/wp-content\/uploads\/2023\/06\/gardeon-pergola-5432-KA-3-1-scaled.webp\" \/>\n\t<meta property=\"og:image:width\" content=\"2560\" \/>\n\t<meta property=\"og:image:height\" content=\"1440\" \/>\n\t<meta property=\"og:image:type\" content=\"image\/webp\" \/>\n<meta name=\"author\" content=\"editor\" \/>\n<meta name=\"twitter:card\" content=\"summary_large_image\" \/>\n<meta name=\"twitter:label1\" content=\"Napisane przez\" \/>\n\t<meta name=\"twitter:data1\" content=\"editor\" \/>\n<script type=\"application\/ld+json\" class=\"yoast-schema-graph\">{\"@context\":\"https:\\\/\\\/schema.org\",\"@graph\":[{\"@type\":\"Article\",\"@id\":\"https:\\\/\\\/gardeon.pl\\\/pl\\\/blog\\\/rozwiazanie-2-w-1-palarnia-firmowa-parking-rowerowy-w-firmie\\\/#article\",\"isPartOf\":{\"@id\":\"https:\\\/\\\/gardeon.pl\\\/pl\\\/blog\\\/rozwiazanie-2-w-1-palarnia-firmowa-parking-rowerowy-w-firmie\\\/\"},\"author\":{\"name\":\"editor\",\"@id\":\"https:\\\/\\\/gardeon.pl\\\/#\\\/schema\\\/person\\\/a5762ca5f0790bf92774af0899379463\"},\"headline\":\"Rozwi\u0105zanie 2 w 1 | Palarnia firmowa + parking rowerowy w firmie\",\"datePublished\":\"2026-04-23T15:41:52+00:00\",\"dateModified\":\"2026-04-23T16:41:40+00:00\",\"mainEntityOfPage\":{\"@id\":\"https:\\\/\\\/gardeon.pl\\\/pl\\\/blog\\\/rozwiazanie-2-w-1-palarnia-firmowa-parking-rowerowy-w-firmie\\\/\"},\"wordCount\":98,\"commentCount\":0,\"image\":{\"@id\":\"https:\\\/\\\/gardeon.pl\\\/pl\\\/blog\\\/rozwiazanie-2-w-1-palarnia-firmowa-parking-rowerowy-w-firmie\\\/#primaryimage\"},\"thumbnailUrl\":\"https:\\\/\\\/gardeon.pl\\\/wp-content\\\/uploads\\\/2023\\\/06\\\/gardeon-pergola-5432-KA-3-1-scaled.webp\",\"keywords\":[\"GARDEON\",\"Palarnia firmowa\",\"parking rowerowy w firmie\",\"pergola\",\"rowery\",\"wiata\"],\"articleSection\":[\"Inne\",\"Inspiracje\",\"Wiaty i altany\"],\"inLanguage\":\"pl-PL\",\"potentialAction\":[{\"@type\":\"CommentAction\",\"name\":\"Comment\",\"target\":[\"https:\\\/\\\/gardeon.pl\\\/pl\\\/blog\\\/rozwiazanie-2-w-1-palarnia-firmowa-parking-rowerowy-w-firmie\\\/#respond\"]}]},{\"@type\":\"WebPage\",\"@id\":\"https:\\\/\\\/gardeon.pl\\\/pl\\\/blog\\\/rozwiazanie-2-w-1-palarnia-firmowa-parking-rowerowy-w-firmie\\\/\",\"url\":\"https:\\\/\\\/gardeon.pl\\\/pl\\\/blog\\\/rozwiazanie-2-w-1-palarnia-firmowa-parking-rowerowy-w-firmie\\\/\",\"name\":\"Rozwi\u0105zanie 2 w 1 | Palarnia firmowa + parking rowerowy w firmie | GARDEON\",\"isPartOf\":{\"@id\":\"https:\\\/\\\/gardeon.pl\\\/#website\"},\"primaryImageOfPage\":{\"@id\":\"https:\\\/\\\/gardeon.pl\\\/pl\\\/blog\\\/rozwiazanie-2-w-1-palarnia-firmowa-parking-rowerowy-w-firmie\\\/#primaryimage\"},\"image\":{\"@id\":\"https:\\\/\\\/gardeon.pl\\\/pl\\\/blog\\\/rozwiazanie-2-w-1-palarnia-firmowa-parking-rowerowy-w-firmie\\\/#primaryimage\"},\"thumbnailUrl\":\"https:\\\/\\\/gardeon.pl\\\/wp-content\\\/uploads\\\/2023\\\/06\\\/gardeon-pergola-5432-KA-3-1-scaled.webp\",\"datePublished\":\"2026-04-23T15:41:52+00:00\",\"dateModified\":\"2026-04-23T16:41:40+00:00\",\"author\":{\"@id\":\"https:\\\/\\\/gardeon.pl\\\/#\\\/schema\\\/person\\\/a5762ca5f0790bf92774af0899379463\"},\"breadcrumb\":{\"@id\":\"https:\\\/\\\/gardeon.pl\\\/pl\\\/blog\\\/rozwiazanie-2-w-1-palarnia-firmowa-parking-rowerowy-w-firmie\\\/#breadcrumb\"},\"inLanguage\":\"pl-PL\",\"potentialAction\":[{\"@type\":\"ReadAction\",\"target\":[\"https:\\\/\\\/gardeon.pl\\\/pl\\\/blog\\\/rozwiazanie-2-w-1-palarnia-firmowa-parking-rowerowy-w-firmie\\\/\"]}]},{\"@type\":\"ImageObject\",\"inLanguage\":\"pl-PL\",\"@id\":\"https:\\\/\\\/gardeon.pl\\\/pl\\\/blog\\\/rozwiazanie-2-w-1-palarnia-firmowa-parking-rowerowy-w-firmie\\\/#primaryimage\",\"url\":\"https:\\\/\\\/gardeon.pl\\\/wp-content\\\/uploads\\\/2023\\\/06\\\/gardeon-pergola-5432-KA-3-1-scaled.webp\",\"contentUrl\":\"https:\\\/\\\/gardeon.pl\\\/wp-content\\\/uploads\\\/2023\\\/06\\\/gardeon-pergola-5432-KA-3-1-scaled.webp\",\"width\":2560,\"height\":1440,\"caption\":\"Pergola GARDEON na rowery w firmie 2\"},{\"@type\":\"BreadcrumbList\",\"@id\":\"https:\\\/\\\/gardeon.pl\\\/pl\\\/blog\\\/rozwiazanie-2-w-1-palarnia-firmowa-parking-rowerowy-w-firmie\\\/#breadcrumb\",\"itemListElement\":[{\"@type\":\"ListItem\",\"position\":1,\"name\":\"Domov\",\"item\":\"https:\\\/\\\/gardeon.pl\\\/pl\\\/\"},{\"@type\":\"ListItem\",\"position\":2,\"name\":\"Rozwi\u0105zanie 2 w 1 | Palarnia firmowa + parking rowerowy w firmie\"}]},{\"@type\":\"WebSite\",\"@id\":\"https:\\\/\\\/gardeon.pl\\\/#website\",\"url\":\"https:\\\/\\\/gardeon.pl\\\/\",\"name\":\"GARDEON\",\"description\":\"\",\"potentialAction\":[{\"@type\":\"SearchAction\",\"target\":{\"@type\":\"EntryPoint\",\"urlTemplate\":\"https:\\\/\\\/gardeon.pl\\\/?s={search_term_string}\"},\"query-input\":{\"@type\":\"PropertyValueSpecification\",\"valueRequired\":true,\"valueName\":\"search_term_string\"}}],\"inLanguage\":\"pl-PL\"},{\"@type\":\"Person\",\"@id\":\"https:\\\/\\\/gardeon.pl\\\/#\\\/schema\\\/person\\\/a5762ca5f0790bf92774af0899379463\",\"name\":\"editor\",\"image\":{\"@type\":\"ImageObject\",\"inLanguage\":\"pl-PL\",\"@id\":\"https:\\\/\\\/secure.gravatar.com\\\/avatar\\\/2b748151c2c748327307fd289a91b3bdafdd9e64e2d000e65e53d6dcf11c5830?s=96&d=mm&r=g\",\"url\":\"https:\\\/\\\/secure.gravatar.com\\\/avatar\\\/2b748151c2c748327307fd289a91b3bdafdd9e64e2d000e65e53d6dcf11c5830?s=96&d=mm&r=g\",\"contentUrl\":\"https:\\\/\\\/secure.gravatar.com\\\/avatar\\\/2b748151c2c748327307fd289a91b3bdafdd9e64e2d000e65e53d6dcf11c5830?s=96&d=mm&r=g\",\"caption\":\"editor\"}}]}<\/script>\n<!-- \/ Yoast SEO plugin. -->","yoast_head_json":{"title":"Rozwi\u0105zanie 2 w 1 | Palarnia firmowa + parking rowerowy w firmie | GARDEON","robots":{"index":"index","follow":"follow","max-snippet":"max-snippet:-1","max-image-preview":"max-image-preview:large","max-video-preview":"max-video-preview:-1"},"canonical":"https:\/\/gardeon.pl\/pl\/blog\/rozwiazanie-2-w-1-palarnia-firmowa-parking-rowerowy-w-firmie\/","og_locale":"pl_PL","og_type":"article","og_title":"Rozwi\u0105zanie 2 w 1 | Palarnia firmowa + parking rowerowy w firmie | GARDEON","og_description":"Palenie w biurach, na korytarzach i w innych pomieszczeniach firmy jest na S\u0142owacji zabronione. Nie chodzi tylko o to, \u017ce wypada by\u0107 uprzejmym wobec niepal\u0105cych, kt\u00f3rych dym papierosowy mo\u017ce niepokoi\u0107. Palenie w okre\u015blonych pomieszczeniach jest r\u00f3wnie\u017c regulowane prawnie. Gdzie zatem pracownicy mog\u0105 swobodnie zapali\u0107 papierosa? Rozwi\u0105zaniem jest palarnia, czyli wydzielone specjalne miejsce przeznaczone do palenia. [&hellip;]","og_url":"https:\/\/gardeon.pl\/pl\/blog\/rozwiazanie-2-w-1-palarnia-firmowa-parking-rowerowy-w-firmie\/","og_site_name":"GARDEON","article_published_time":"2026-04-23T15:41:52+00:00","article_modified_time":"2026-04-23T16:41:40+00:00","og_image":[{"width":2560,"height":1440,"url":"http:\/\/gardeon.pl\/wp-content\/uploads\/2023\/06\/gardeon-pergola-5432-KA-3-1-scaled.webp","type":"image\/webp"}],"author":"editor","twitter_card":"summary_large_image","twitter_misc":{"Napisane przez":"editor"},"schema":{"@context":"https:\/\/schema.org","@graph":[{"@type":"Article","@id":"https:\/\/gardeon.pl\/pl\/blog\/rozwiazanie-2-w-1-palarnia-firmowa-parking-rowerowy-w-firmie\/#article","isPartOf":{"@id":"https:\/\/gardeon.pl\/pl\/blog\/rozwiazanie-2-w-1-palarnia-firmowa-parking-rowerowy-w-firmie\/"},"author":{"name":"editor","@id":"https:\/\/gardeon.pl\/#\/schema\/person\/a5762ca5f0790bf92774af0899379463"},"headline":"Rozwi\u0105zanie 2 w 1 | Palarnia firmowa + parking rowerowy w firmie","datePublished":"2026-04-23T15:41:52+00:00","dateModified":"2026-04-23T16:41:40+00:00","mainEntityOfPage":{"@id":"https:\/\/gardeon.pl\/pl\/blog\/rozwiazanie-2-w-1-palarnia-firmowa-parking-rowerowy-w-firmie\/"},"wordCount":98,"commentCount":0,"image":{"@id":"https:\/\/gardeon.pl\/pl\/blog\/rozwiazanie-2-w-1-palarnia-firmowa-parking-rowerowy-w-firmie\/#primaryimage"},"thumbnailUrl":"https:\/\/gardeon.pl\/wp-content\/uploads\/2023\/06\/gardeon-pergola-5432-KA-3-1-scaled.webp","keywords":["GARDEON","Palarnia firmowa","parking rowerowy w firmie","pergola","rowery","wiata"],"articleSection":["Inne","Inspiracje","Wiaty i altany"],"inLanguage":"pl-PL","potentialAction":[{"@type":"CommentAction","name":"Comment","target":["https:\/\/gardeon.pl\/pl\/blog\/rozwiazanie-2-w-1-palarnia-firmowa-parking-rowerowy-w-firmie\/#respond"]}]},{"@type":"WebPage","@id":"https:\/\/gardeon.pl\/pl\/blog\/rozwiazanie-2-w-1-palarnia-firmowa-parking-rowerowy-w-firmie\/","url":"https:\/\/gardeon.pl\/pl\/blog\/rozwiazanie-2-w-1-palarnia-firmowa-parking-rowerowy-w-firmie\/","name":"Rozwi\u0105zanie 2 w 1 | Palarnia firmowa + parking rowerowy w firmie | GARDEON","isPartOf":{"@id":"https:\/\/gardeon.pl\/#website"},"primaryImageOfPage":{"@id":"https:\/\/gardeon.pl\/pl\/blog\/rozwiazanie-2-w-1-palarnia-firmowa-parking-rowerowy-w-firmie\/#primaryimage"},"image":{"@id":"https:\/\/gardeon.pl\/pl\/blog\/rozwiazanie-2-w-1-palarnia-firmowa-parking-rowerowy-w-firmie\/#primaryimage"},"thumbnailUrl":"https:\/\/gardeon.pl\/wp-content\/uploads\/2023\/06\/gardeon-pergola-5432-KA-3-1-scaled.webp","datePublished":"2026-04-23T15:41:52+00:00","dateModified":"2026-04-23T16:41:40+00:00","author":{"@id":"https:\/\/gardeon.pl\/#\/schema\/person\/a5762ca5f0790bf92774af0899379463"},"breadcrumb":{"@id":"https:\/\/gardeon.pl\/pl\/blog\/rozwiazanie-2-w-1-palarnia-firmowa-parking-rowerowy-w-firmie\/#breadcrumb"},"inLanguage":"pl-PL","potentialAction":[{"@type":"ReadAction","target":["https:\/\/gardeon.pl\/pl\/blog\/rozwiazanie-2-w-1-palarnia-firmowa-parking-rowerowy-w-firmie\/"]}]},{"@type":"ImageObject","inLanguage":"pl-PL","@id":"https:\/\/gardeon.pl\/pl\/blog\/rozwiazanie-2-w-1-palarnia-firmowa-parking-rowerowy-w-firmie\/#primaryimage","url":"https:\/\/gardeon.pl\/wp-content\/uploads\/2023\/06\/gardeon-pergola-5432-KA-3-1-scaled.webp","contentUrl":"https:\/\/gardeon.pl\/wp-content\/uploads\/2023\/06\/gardeon-pergola-5432-KA-3-1-scaled.webp","width":2560,"height":1440,"caption":"Pergola GARDEON na rowery w firmie 2"},{"@type":"BreadcrumbList","@id":"https:\/\/gardeon.pl\/pl\/blog\/rozwiazanie-2-w-1-palarnia-firmowa-parking-rowerowy-w-firmie\/#breadcrumb","itemListElement":[{"@type":"ListItem","position":1,"name":"Domov","item":"https:\/\/gardeon.pl\/pl\/"},{"@type":"ListItem","position":2,"name":"Rozwi\u0105zanie 2 w 1 | Palarnia firmowa + parking rowerowy w firmie"}]},{"@type":"WebSite","@id":"https:\/\/gardeon.pl\/#website","url":"https:\/\/gardeon.pl\/","name":"GARDEON","description":"","potentialAction":[{"@type":"SearchAction","target":{"@type":"EntryPoint","urlTemplate":"https:\/\/gardeon.pl\/?s={search_term_string}"},"query-input":{"@type":"PropertyValueSpecification","valueRequired":true,"valueName":"search_term_string"}}],"inLanguage":"pl-PL"},{"@type":"Person","@id":"https:\/\/gardeon.pl\/#\/schema\/person\/a5762ca5f0790bf92774af0899379463","name":"editor","image":{"@type":"ImageObject","inLanguage":"pl-PL","@id":"https:\/\/secure.gravatar.com\/avatar\/2b748151c2c748327307fd289a91b3bdafdd9e64e2d000e65e53d6dcf11c5830?s=96&d=mm&r=g","url":"https:\/\/secure.gravatar.com\/avatar\/2b748151c2c748327307fd289a91b3bdafdd9e64e2d000e65e53d6dcf11c5830?s=96&d=mm&r=g","contentUrl":"https:\/\/secure.gravatar.com\/avatar\/2b748151c2c748327307fd289a91b3bdafdd9e64e2d000e65e53d6dcf11c5830?s=96&d=mm&r=g","caption":"editor"}}]}},"_links":{"self":[{"href":"https:\/\/gardeon.pl\/pl\/wp-json\/wp\/v2\/posts\/47495","targetHints":{"allow":["GET"]}}],"collection":[{"href":"https:\/\/gardeon.pl\/pl\/wp-json\/wp\/v2\/posts"}],"about":[{"href":"https:\/\/gardeon.pl\/pl\/wp-json\/wp\/v2\/types\/post"}],"author":[{"embeddable":true,"href":"https:\/\/gardeon.pl\/pl\/wp-json\/wp\/v2\/users\/2"}],"replies":[{"embeddable":true,"href":"https:\/\/gardeon.pl\/pl\/wp-json\/wp\/v2\/comments?post=47495"}],"version-history":[{"count":0,"href":"https:\/\/gardeon.pl\/pl\/wp-json\/wp\/v2\/posts\/47495\/revisions"}],"wp:featuredmedia":[{"embeddable":true,"href":"https:\/\/gardeon.pl\/pl\/wp-json\/wp\/v2\/media\/44166"}],"wp:attachment":[{"href":"https:\/\/gardeon.pl\/pl\/wp-json\/wp\/v2\/media?parent=47495"}],"wp:term":[{"taxonomy":"category","embeddable":true,"href":"https:\/\/gardeon.pl\/pl\/wp-json\/wp\/v2\/categories?post=47495"},{"taxonomy":"post_tag","embeddable":true,"href":"https:\/\/gardeon.pl\/pl\/wp-json\/wp\/v2\/tags?post=47495"}],"curies":[{"name":"wp","href":"https:\/\/api.w.org\/{rel}","templated":true}]}}