{"id":47572,"date":"2026-04-23T18:41:37","date_gmt":"2026-04-23T16:41:37","guid":{"rendered":"https:\/\/gardeon.pl\/?p=47572"},"modified":"2026-04-23T18:41:37","modified_gmt":"2026-04-23T16:41:37","slug":"swietny-pomysl-jak-oryginalnie-wykorzystac-wiszace-doniczki","status":"publish","type":"post","link":"https:\/\/gardeon.pl\/pl\/blog\/swietny-pomysl-jak-oryginalnie-wykorzystac-wiszace-doniczki\/","title":{"rendered":"\u015awietny pomys\u0142! Jak oryginalnie wykorzysta\u0107 wisz\u0105ce doniczki?"},"content":{"rendered":"<p><em>Chcieliby Pa\u0144stwo o\u017cywi\u0107 prost\u0105 \u015bcian\u0119 boczn\u0105 <a href=\"https:\/\/gardeon.pl\/pl\/garaze\/\">gara\u017cu<\/a> lub <a href=\"http:\/\/gardeon.pl\/zahradne-domceky\/\">domku ogrodowego<\/a>? Prosz\u0119 spr\u00f3bowa\u0107 wykorzysta\u0107 do tego wisz\u0105ce doniczki \u2013 mog\u0105 si\u0119 Pa\u0144stwo zainspirowa\u0107 na przyk\u0142ad tym dobrym pomys\u0142em od naszego klienta, pana Tak\u00e1sca z \u0160ali. <\/em><\/p>\n<p><img loading=\"lazy\" decoding=\"async\" class=\"aligncenter wp-image-27816\" src=\"http:\/\/gardeon.pl\/wp-content\/uploads\/2020\/08\/TZB-Takacs-7-scaled.jpg\" alt=\"Drewniana dekoracja gara\u017cu\" width=\"800\" height=\"600\" srcset=\"https:\/\/gardeon.pl\/wp-content\/uploads\/2020\/08\/TZB-Takacs-7-scaled.jpg 2560w, https:\/\/gardeon.pl\/wp-content\/uploads\/2020\/08\/TZB-Takacs-7-300x225.jpg 300w, https:\/\/gardeon.pl\/wp-content\/uploads\/2020\/08\/TZB-Takacs-7-1024x768.jpg 1024w, https:\/\/gardeon.pl\/wp-content\/uploads\/2020\/08\/TZB-Takacs-7-768x576.jpg 768w, https:\/\/gardeon.pl\/wp-content\/uploads\/2020\/08\/TZB-Takacs-7-1536x1152.jpg 1536w, https:\/\/gardeon.pl\/wp-content\/uploads\/2020\/08\/TZB-Takacs-7-2048x1536.jpg 2048w\" sizes=\"auto, (max-width: 800px) 100vw, 800px\" \/><\/p>\n<p><img loading=\"lazy\" decoding=\"async\" class=\"aligncenter wp-image-27812\" src=\"http:\/\/gardeon.pl\/wp-content\/uploads\/2020\/08\/TZB-Takacs-5-scaled.jpg\" alt=\"Drewniana dekoracja gara\u017cu\" width=\"800\" height=\"1067\" srcset=\"https:\/\/gardeon.pl\/wp-content\/uploads\/2020\/08\/TZB-Takacs-5-scaled.jpg 1920w, https:\/\/gardeon.pl\/wp-content\/uploads\/2020\/08\/TZB-Takacs-5-225x300.jpg 225w, https:\/\/gardeon.pl\/wp-content\/uploads\/2020\/08\/TZB-Takacs-5-768x1024.jpg 768w, https:\/\/gardeon.pl\/wp-content\/uploads\/2020\/08\/TZB-Takacs-5-1152x1536.jpg 1152w, https:\/\/gardeon.pl\/wp-content\/uploads\/2020\/08\/TZB-Takacs-5-1536x2048.jpg 1536w\" sizes=\"auto, (max-width: 800px) 100vw, 800px\" \/><\/p>\n<p>Czy codziennie przechodz\u0105 Pa\u0144stwo obok pustej <a href=\"https:\/\/gardeon.pl\/pl\/garaze\/jak-wybrac-garaz\/jakich-materialow-uzywamy\/\">\u015bciany gara\u017cu<\/a> w drodze do domu? Za pomoc\u0105 wisz\u0105cych doniczek mo\u017cna j\u0105 przekszta\u0142ci\u0107 w atrakcyjny, a nawet kusz\u0105cy element ogrodu \u2013 je\u015bli zamiast tradycyjnych kwiat\u00f3w posadz\u0105 Pa\u0144stwo w wisz\u0105cych pojemnikach truskawki, b\u0119d\u0105 Pa\u0144stwo mogli delektowa\u0107 si\u0119 s\u0142odkimi zbiorami w drodze do domu, bez niewygodnego schylania si\u0119. <\/p>\n<p><img loading=\"lazy\" decoding=\"async\" class=\"aligncenter wp-image-27806\" src=\"http:\/\/gardeon.pl\/wp-content\/uploads\/2020\/08\/TZB-Takacs-2-scaled.jpg\" alt=\"Szczeg\u00f3\u0142 drewnianej \u015bciany\" width=\"800\" height=\"1067\" srcset=\"https:\/\/gardeon.pl\/wp-content\/uploads\/2020\/08\/TZB-Takacs-2-scaled.jpg 1920w, https:\/\/gardeon.pl\/wp-content\/uploads\/2020\/08\/TZB-Takacs-2-225x300.jpg 225w, https:\/\/gardeon.pl\/wp-content\/uploads\/2020\/08\/TZB-Takacs-2-768x1024.jpg 768w, https:\/\/gardeon.pl\/wp-content\/uploads\/2020\/08\/TZB-Takacs-2-1152x1536.jpg 1152w, https:\/\/gardeon.pl\/wp-content\/uploads\/2020\/08\/TZB-Takacs-2-1536x2048.jpg 1536w\" sizes=\"auto, (max-width: 800px) 100vw, 800px\" \/><\/p>\n<p><img loading=\"lazy\" decoding=\"async\" class=\"aligncenter wp-image-27814\" src=\"http:\/\/gardeon.pl\/wp-content\/uploads\/2020\/08\/TZB-Takacs-6-scaled.jpg\" alt=\"Mocowanie drewnianej \u015bciany do gara\u017cu\" width=\"800\" height=\"1067\" srcset=\"https:\/\/gardeon.pl\/wp-content\/uploads\/2020\/08\/TZB-Takacs-6-scaled.jpg 1920w, https:\/\/gardeon.pl\/wp-content\/uploads\/2020\/08\/TZB-Takacs-6-225x300.jpg 225w, https:\/\/gardeon.pl\/wp-content\/uploads\/2020\/08\/TZB-Takacs-6-768x1024.jpg 768w, https:\/\/gardeon.pl\/wp-content\/uploads\/2020\/08\/TZB-Takacs-6-1152x1536.jpg 1152w, https:\/\/gardeon.pl\/wp-content\/uploads\/2020\/08\/TZB-Takacs-6-1536x2048.jpg 1536w\" sizes=\"auto, (max-width: 800px) 100vw, 800px\" \/><\/p>\n<p>Konstrukcja do zawieszania doniczek jest w tym przypadku wykonana z poziomych desek drewnianych, kt\u00f3re s\u0105 przymocowane do pionowych belek. Tworzy to ruszt, kt\u00f3ry jest estetyczny z zewn\u0105trz, a jednocze\u015bnie ma kilka praktycznych zalet \u2013 drewno do drewna naj\u0142atwiej si\u0119 mocuje (za pomoc\u0105 wkr\u0119t\u00f3w samogwintuj\u0105cych), a drewniane belki zapewniaj\u0105 jednocze\u015bnie odst\u0119p desek od \u015bciany zewn\u0119trznej. Tynk i drewno b\u0119d\u0105 si\u0119 w ten spos\u00f3b naturalnie wietrzy\u0107 i wysycha\u0107, dzi\u0119ki czemu ewentualna wilgo\u0107 nie b\u0119dzie stanowi\u0107 problemu za rusztem.  <\/p>\n<p><img loading=\"lazy\" decoding=\"async\" class=\"aligncenter wp-image-27810\" src=\"http:\/\/gardeon.pl\/wp-content\/uploads\/2020\/08\/TZB-Takacs-4-scaled.jpg\" alt=\"Szczeg\u00f3\u0142 drewnianej \u015bciany\" width=\"800\" height=\"1067\" srcset=\"https:\/\/gardeon.pl\/wp-content\/uploads\/2020\/08\/TZB-Takacs-4-scaled.jpg 1920w, https:\/\/gardeon.pl\/wp-content\/uploads\/2020\/08\/TZB-Takacs-4-225x300.jpg 225w, https:\/\/gardeon.pl\/wp-content\/uploads\/2020\/08\/TZB-Takacs-4-768x1024.jpg 768w, https:\/\/gardeon.pl\/wp-content\/uploads\/2020\/08\/TZB-Takacs-4-1152x1536.jpg 1152w, https:\/\/gardeon.pl\/wp-content\/uploads\/2020\/08\/TZB-Takacs-4-1536x2048.jpg 1536w\" sizes=\"auto, (max-width: 800px) 100vw, 800px\" \/><\/p>\n<p><img loading=\"lazy\" decoding=\"async\" class=\"aligncenter wp-image-27818\" src=\"http:\/\/gardeon.pl\/wp-content\/uploads\/2020\/08\/TZB-Takacs-8-scaled.jpg\" alt=\"Szczeg\u00f3\u0142 mocowania w izolowanym gara\u017cu\" width=\"800\" height=\"1067\" srcset=\"https:\/\/gardeon.pl\/wp-content\/uploads\/2020\/08\/TZB-Takacs-8-scaled.jpg 1920w, https:\/\/gardeon.pl\/wp-content\/uploads\/2020\/08\/TZB-Takacs-8-225x300.jpg 225w, https:\/\/gardeon.pl\/wp-content\/uploads\/2020\/08\/TZB-Takacs-8-768x1024.jpg 768w, https:\/\/gardeon.pl\/wp-content\/uploads\/2020\/08\/TZB-Takacs-8-1152x1536.jpg 1152w, https:\/\/gardeon.pl\/wp-content\/uploads\/2020\/08\/TZB-Takacs-8-1536x2048.jpg 1536w\" sizes=\"auto, (max-width: 800px) 100vw, 800px\" \/><\/p>\n<p>Jak post\u0119powa\u0107, je\u015bli chc\u0105 Pa\u0144stwo stworzy\u0107 podobn\u0105 \u015bcian\u0119 dekoracyjn\u0105? Do \u015bciany montowanego gara\u017cu blaszanego lub domku ogrodowego nale\u017cy pionowo przykr\u0119ci\u0107 dwa profile aluminiowe, tak aby pozostawi\u0107 szczelin\u0119 mi\u0119dzy profilem a \u015bcian\u0105. Nale\u017cy u\u017cy\u0107 wystarczaj\u0105co d\u0142ugich \u015brub do metalu oraz po trzy nakr\u0119tki z podk\u0142adkami. Taka konstrukcja jest wystarczaj\u0105co mocna, aby utrzyma\u0107 drewniany ruszt wraz z doniczkami, a jednocze\u015bnie zapewnia niezb\u0119dny odst\u0119p drewnianego rusztu od \u015bciany zewn\u0119trznej. Do zamocowania jednego pionowego profilu wystarcz\u0105 dwie \u015bruby \u2013 po jednej na ka\u017cdym ko\u0144cu.    <\/p>\n<p>Nast\u0119pnie nale\u017cy na sta\u0142e przykr\u0119ci\u0107 drewnian\u0105 belk\u0119 do ka\u017cdego profilu stalowego \u2013 do ka\u017cdej belki nale\u017cy u\u017cy\u0107 trzech \u015brub z gwintem na ca\u0142ej d\u0142ugo\u015bci (na obu ko\u0144cach i w \u015brodku) i zabezpieczy\u0107 je od spodu nakr\u0119tk\u0105 i podk\u0142adk\u0105. Na koniec nale\u017cy przykr\u0119ci\u0107 poziome deski drewniane do belek \u2013 ka\u017cd\u0105 desk\u0119 nale\u017cy przymocowa\u0107 do belki zawsze dwoma wkr\u0119tami samogwintuj\u0105cymi z \u0142bem sto\u017ckowym. Nale\u017cy u\u017cywa\u0107 nierdzewnych element\u00f3w z\u0142\u0105cznych. Aby zapobiec szarzeniu drewna, nale\u017cy je zabezpieczy\u0107 cienkowarstwow\u0105 (impregnuj\u0105c\u0105) lazur\u0105. Idealnie jest u\u017cy\u0107 <a href=\"https:\/\/www.efarby.sk\/dc-lazura-na-drevo-v-spreji-2v1-p4297\">lazury 2 w 1<\/a>, kt\u00f3ra s\u0142u\u017cy jednocze\u015bnie jako impregnat i chroni drewno r\u00f3wnie\u017c przed grzybami czy sinizn\u0105.    <\/p>\n<p><img loading=\"lazy\" decoding=\"async\" class=\"aligncenter wp-image-27804\" src=\"http:\/\/gardeon.pl\/wp-content\/uploads\/2020\/08\/TZB-Takacs-1-scaled.jpg\" alt=\"Gara\u017c z drewnian\u0105 dekoracj\u0105\" width=\"800\" height=\"600\" srcset=\"https:\/\/gardeon.pl\/wp-content\/uploads\/2020\/08\/TZB-Takacs-1-scaled.jpg 2560w, https:\/\/gardeon.pl\/wp-content\/uploads\/2020\/08\/TZB-Takacs-1-300x225.jpg 300w, https:\/\/gardeon.pl\/wp-content\/uploads\/2020\/08\/TZB-Takacs-1-1024x768.jpg 1024w, https:\/\/gardeon.pl\/wp-content\/uploads\/2020\/08\/TZB-Takacs-1-768x576.jpg 768w, https:\/\/gardeon.pl\/wp-content\/uploads\/2020\/08\/TZB-Takacs-1-1536x1152.jpg 1536w, https:\/\/gardeon.pl\/wp-content\/uploads\/2020\/08\/TZB-Takacs-1-2048x1536.jpg 2048w, https:\/\/gardeon.pl\/wp-content\/uploads\/2020\/08\/TZB-Takacs-1-scaled-1200x900-cropped.jpg 1200w\" sizes=\"auto, (max-width: 800px) 100vw, 800px\" \/><\/p>\n<p><img loading=\"lazy\" decoding=\"async\" class=\"aligncenter wp-image-27808\" src=\"http:\/\/gardeon.pl\/wp-content\/uploads\/2020\/08\/TZB-Takacs-3-scaled.jpg\" alt=\"Szczeg\u00f3\u0142 drewnianej dekoracji\" width=\"800\" height=\"1067\" srcset=\"https:\/\/gardeon.pl\/wp-content\/uploads\/2020\/08\/TZB-Takacs-3-scaled.jpg 1920w, https:\/\/gardeon.pl\/wp-content\/uploads\/2020\/08\/TZB-Takacs-3-225x300.jpg 225w, https:\/\/gardeon.pl\/wp-content\/uploads\/2020\/08\/TZB-Takacs-3-768x1024.jpg 768w, https:\/\/gardeon.pl\/wp-content\/uploads\/2020\/08\/TZB-Takacs-3-1152x1536.jpg 1152w, https:\/\/gardeon.pl\/wp-content\/uploads\/2020\/08\/TZB-Takacs-3-1536x2048.jpg 1536w\" sizes=\"auto, (max-width: 800px) 100vw, 800px\" \/><\/p>\n<h2>Jakie doniczki najlepiej nadaj\u0105 si\u0119 do zawieszania?<\/h2>\n<p>Zalet\u0105 plastikowych wisz\u0105cych doniczek jest niska waga, du\u017cy wyb\u00f3r styl\u00f3w, a tak\u017ce to, \u017ce ziemia w nich nie wysycha tak szybko jak w doniczkach glinianych czy terakotowych. Oczywi\u015bcie, je\u015bli preferuj\u0105 Pa\u0144stwo naturalne materia\u0142y, naczynia z wypalanej gliny (terakoty) prawdopodobnie przyjd\u0105 Pa\u0144stwu na my\u015bl jako pierwsze, ale poniewa\u017c doniczki gliniane maj\u0105 wi\u0119ksz\u0105 wag\u0119, bezpieczniej jest, je\u015bli stoj\u0105 stabilnie na ziemi lub na p\u00f3\u0142ce. Do zawieszania znacznie lepszym naturalnym wyborem b\u0119d\u0105 doniczki rattanowe wyposa\u017cone w haki. W ofercie znajd\u0105 Pa\u0144stwo na przyk\u0142ad zewn\u0119trzne skrzynki uplecione z p\u0119d\u00f3w rattanu, podobnie jak kosze, kt\u00f3re s\u0105 od wewn\u0105trz chronione foli\u0105 PE. Maj\u0105 uroczy wiejski wygl\u0105d i s\u0105 idealne do uprawy zi\u00f3\u0142 czy kwiat\u00f3w.    <\/p>\n<p>Je\u015bli chodzi o nawadnianie, ro\u015bliny w doniczkach terakotowych nale\u017cy podlewa\u0107 najcz\u0119\u015bciej, poniewa\u017c w tym przewiewnym materiale ziemia wysycha najszybciej. Natomiast najmniej pracy b\u0119d\u0105 Pa\u0144stwo mieli z doniczkami samonawadniaj\u0105cymi. Ich konstrukcja z podw\u00f3jnym dnem zapobiega zar\u00f3wno przesuszeniu, jak i niebezpiecznemu przelaniu pod\u0142o\u017ca, dzi\u0119ki czemu mo\u017cna je bez obaw podlewa\u0107 \u201ena zapas\u201d.  <\/p>\n","protected":false},"excerpt":{"rendered":"<p>Chcieliby Pa\u0144stwo o\u017cywi\u0107 prost\u0105 \u015bcian\u0119 boczn\u0105 gara\u017cu lub domku ogrodowego? Prosz\u0119 spr\u00f3bowa\u0107 wykorzysta\u0107 do tego wisz\u0105ce doniczki \u2013 mog\u0105 si\u0119 Pa\u0144stwo zainspirowa\u0107 na przyk\u0142ad tym dobrym pomys\u0142em od naszego klienta, pana Tak\u00e1sca z \u0160ali. Czy codziennie przechodz\u0105 Pa\u0144stwo obok pustej \u015bciany gara\u017cu w drodze do domu? Za pomoc\u0105 wisz\u0105cych doniczek mo\u017cna j\u0105 przekszta\u0142ci\u0107 w atrakcyjny, [&hellip;]<\/p>\n","protected":false},"author":2,"featured_media":47573,"comment_status":"open","ping_status":"open","sticky":false,"template":"","format":"standard","meta":{"_acf_changed":false,"inline_featured_image":false,"footnotes":""},"categories":[632,578,607,605,594,599],"tags":[],"class_list":["post-47572","post","type-post","status-publish","format-standard","has-post-thumbnail","hentry","category-domki-ogrodowe","category-garaze-blaszane","category-inspiracje","category-jak-to-zrobic-ogrod-diy","category-ogrod","category-rosliny-ziola-kwiaty"],"acf":[],"yoast_head":"<!-- This site is optimized with the Yoast SEO plugin v27.4 - https:\/\/yoast.com\/product\/yoast-seo-wordpress\/ -->\n<title>\u015awietny pomys\u0142! Jak oryginalnie wykorzysta\u0107 wisz\u0105ce doniczki? - GARDEON<\/title>\n<meta name=\"robots\" content=\"index, follow, max-snippet:-1, max-image-preview:large, max-video-preview:-1\" \/>\n<link rel=\"canonical\" href=\"https:\/\/gardeon.pl\/pl\/blog\/swietny-pomysl-jak-oryginalnie-wykorzystac-wiszace-doniczki\/\" \/>\n<meta property=\"og:locale\" content=\"pl_PL\" \/>\n<meta property=\"og:type\" content=\"article\" \/>\n<meta property=\"og:title\" content=\"\u015awietny pomys\u0142! Jak oryginalnie wykorzysta\u0107 wisz\u0105ce doniczki? - GARDEON\" \/>\n<meta property=\"og:description\" content=\"Chcieliby Pa\u0144stwo o\u017cywi\u0107 prost\u0105 \u015bcian\u0119 boczn\u0105 gara\u017cu lub domku ogrodowego? Prosz\u0119 spr\u00f3bowa\u0107 wykorzysta\u0107 do tego wisz\u0105ce doniczki \u2013 mog\u0105 si\u0119 Pa\u0144stwo zainspirowa\u0107 na przyk\u0142ad tym dobrym pomys\u0142em od naszego klienta, pana Tak\u00e1sca z \u0160ali. Czy codziennie przechodz\u0105 Pa\u0144stwo obok pustej \u015bciany gara\u017cu w drodze do domu? Za pomoc\u0105 wisz\u0105cych doniczek mo\u017cna j\u0105 przekszta\u0142ci\u0107 w atrakcyjny, [&hellip;]\" \/>\n<meta property=\"og:url\" content=\"https:\/\/gardeon.pl\/pl\/blog\/swietny-pomysl-jak-oryginalnie-wykorzystac-wiszace-doniczki\/\" \/>\n<meta property=\"og:site_name\" content=\"GARDEON\" \/>\n<meta property=\"article:published_time\" content=\"2026-04-23T16:41:37+00:00\" \/>\n<meta property=\"og:image\" content=\"http:\/\/gardeon.pl\/wp-content\/uploads\/2020\/08\/TZB-Takacs-1-scaled.jpg\" \/>\n\t<meta property=\"og:image:width\" content=\"2560\" \/>\n\t<meta property=\"og:image:height\" content=\"1920\" \/>\n\t<meta property=\"og:image:type\" content=\"image\/jpeg\" \/>\n<meta name=\"author\" content=\"editor\" \/>\n<meta name=\"twitter:card\" content=\"summary_large_image\" \/>\n<meta name=\"twitter:label1\" content=\"Napisane przez\" \/>\n\t<meta name=\"twitter:data1\" content=\"editor\" \/>\n\t<meta name=\"twitter:label2\" content=\"Szacowany czas czytania\" \/>\n\t<meta name=\"twitter:data2\" content=\"3 minuty\" \/>\n<script type=\"application\/ld+json\" class=\"yoast-schema-graph\">{\"@context\":\"https:\\\/\\\/schema.org\",\"@graph\":[{\"@type\":\"Article\",\"@id\":\"https:\\\/\\\/gardeon.pl\\\/pl\\\/blog\\\/swietny-pomysl-jak-oryginalnie-wykorzystac-wiszace-doniczki\\\/#article\",\"isPartOf\":{\"@id\":\"https:\\\/\\\/gardeon.pl\\\/pl\\\/blog\\\/swietny-pomysl-jak-oryginalnie-wykorzystac-wiszace-doniczki\\\/\"},\"author\":{\"name\":\"editor\",\"@id\":\"https:\\\/\\\/gardeon.pl\\\/#\\\/schema\\\/person\\\/a5762ca5f0790bf92774af0899379463\"},\"headline\":\"\u015awietny pomys\u0142! Jak oryginalnie wykorzysta\u0107 wisz\u0105ce doniczki?\",\"datePublished\":\"2026-04-23T16:41:37+00:00\",\"mainEntityOfPage\":{\"@id\":\"https:\\\/\\\/gardeon.pl\\\/pl\\\/blog\\\/swietny-pomysl-jak-oryginalnie-wykorzystac-wiszace-doniczki\\\/\"},\"wordCount\":631,\"commentCount\":0,\"image\":{\"@id\":\"https:\\\/\\\/gardeon.pl\\\/pl\\\/blog\\\/swietny-pomysl-jak-oryginalnie-wykorzystac-wiszace-doniczki\\\/#primaryimage\"},\"thumbnailUrl\":\"https:\\\/\\\/gardeon.pl\\\/wp-content\\\/uploads\\\/2020\\\/08\\\/TZB-Takacs-1-scaled.jpg\",\"articleSection\":[\"Domki ogrodowe\",\"Gara\u017ce blaszane\",\"Inspiracje\",\"Jak to zrobi\u0107 \u2013 ogr\u00f3d | DIY\",\"Ogr\u00f3d\",\"Ro\u015bliny | Zio\u0142a | Kwiaty\"],\"inLanguage\":\"pl-PL\",\"potentialAction\":[{\"@type\":\"CommentAction\",\"name\":\"Comment\",\"target\":[\"https:\\\/\\\/gardeon.pl\\\/pl\\\/blog\\\/swietny-pomysl-jak-oryginalnie-wykorzystac-wiszace-doniczki\\\/#respond\"]}]},{\"@type\":\"WebPage\",\"@id\":\"https:\\\/\\\/gardeon.pl\\\/pl\\\/blog\\\/swietny-pomysl-jak-oryginalnie-wykorzystac-wiszace-doniczki\\\/\",\"url\":\"https:\\\/\\\/gardeon.pl\\\/pl\\\/blog\\\/swietny-pomysl-jak-oryginalnie-wykorzystac-wiszace-doniczki\\\/\",\"name\":\"\u015awietny pomys\u0142! Jak oryginalnie wykorzysta\u0107 wisz\u0105ce doniczki? - GARDEON\",\"isPartOf\":{\"@id\":\"https:\\\/\\\/gardeon.pl\\\/#website\"},\"primaryImageOfPage\":{\"@id\":\"https:\\\/\\\/gardeon.pl\\\/pl\\\/blog\\\/swietny-pomysl-jak-oryginalnie-wykorzystac-wiszace-doniczki\\\/#primaryimage\"},\"image\":{\"@id\":\"https:\\\/\\\/gardeon.pl\\\/pl\\\/blog\\\/swietny-pomysl-jak-oryginalnie-wykorzystac-wiszace-doniczki\\\/#primaryimage\"},\"thumbnailUrl\":\"https:\\\/\\\/gardeon.pl\\\/wp-content\\\/uploads\\\/2020\\\/08\\\/TZB-Takacs-1-scaled.jpg\",\"datePublished\":\"2026-04-23T16:41:37+00:00\",\"author\":{\"@id\":\"https:\\\/\\\/gardeon.pl\\\/#\\\/schema\\\/person\\\/a5762ca5f0790bf92774af0899379463\"},\"breadcrumb\":{\"@id\":\"https:\\\/\\\/gardeon.pl\\\/pl\\\/blog\\\/swietny-pomysl-jak-oryginalnie-wykorzystac-wiszace-doniczki\\\/#breadcrumb\"},\"inLanguage\":\"pl-PL\",\"potentialAction\":[{\"@type\":\"ReadAction\",\"target\":[\"https:\\\/\\\/gardeon.pl\\\/pl\\\/blog\\\/swietny-pomysl-jak-oryginalnie-wykorzystac-wiszace-doniczki\\\/\"]}]},{\"@type\":\"ImageObject\",\"inLanguage\":\"pl-PL\",\"@id\":\"https:\\\/\\\/gardeon.pl\\\/pl\\\/blog\\\/swietny-pomysl-jak-oryginalnie-wykorzystac-wiszace-doniczki\\\/#primaryimage\",\"url\":\"https:\\\/\\\/gardeon.pl\\\/wp-content\\\/uploads\\\/2020\\\/08\\\/TZB-Takacs-1-scaled.jpg\",\"contentUrl\":\"https:\\\/\\\/gardeon.pl\\\/wp-content\\\/uploads\\\/2020\\\/08\\\/TZB-Takacs-1-scaled.jpg\",\"width\":2560,\"height\":1920,\"caption\":\"Gara\u017c z drewnian\u0105 dekoracj\u0105\"},{\"@type\":\"BreadcrumbList\",\"@id\":\"https:\\\/\\\/gardeon.pl\\\/pl\\\/blog\\\/swietny-pomysl-jak-oryginalnie-wykorzystac-wiszace-doniczki\\\/#breadcrumb\",\"itemListElement\":[{\"@type\":\"ListItem\",\"position\":1,\"name\":\"Domov\",\"item\":\"https:\\\/\\\/gardeon.pl\\\/pl\\\/\"},{\"@type\":\"ListItem\",\"position\":2,\"name\":\"\u015awietny pomys\u0142! Jak oryginalnie wykorzysta\u0107 wisz\u0105ce doniczki?\"}]},{\"@type\":\"WebSite\",\"@id\":\"https:\\\/\\\/gardeon.pl\\\/#website\",\"url\":\"https:\\\/\\\/gardeon.pl\\\/\",\"name\":\"GARDEON\",\"description\":\"\",\"potentialAction\":[{\"@type\":\"SearchAction\",\"target\":{\"@type\":\"EntryPoint\",\"urlTemplate\":\"https:\\\/\\\/gardeon.pl\\\/?s={search_term_string}\"},\"query-input\":{\"@type\":\"PropertyValueSpecification\",\"valueRequired\":true,\"valueName\":\"search_term_string\"}}],\"inLanguage\":\"pl-PL\"},{\"@type\":\"Person\",\"@id\":\"https:\\\/\\\/gardeon.pl\\\/#\\\/schema\\\/person\\\/a5762ca5f0790bf92774af0899379463\",\"name\":\"editor\",\"image\":{\"@type\":\"ImageObject\",\"inLanguage\":\"pl-PL\",\"@id\":\"https:\\\/\\\/secure.gravatar.com\\\/avatar\\\/2b748151c2c748327307fd289a91b3bdafdd9e64e2d000e65e53d6dcf11c5830?s=96&d=mm&r=g\",\"url\":\"https:\\\/\\\/secure.gravatar.com\\\/avatar\\\/2b748151c2c748327307fd289a91b3bdafdd9e64e2d000e65e53d6dcf11c5830?s=96&d=mm&r=g\",\"contentUrl\":\"https:\\\/\\\/secure.gravatar.com\\\/avatar\\\/2b748151c2c748327307fd289a91b3bdafdd9e64e2d000e65e53d6dcf11c5830?s=96&d=mm&r=g\",\"caption\":\"editor\"}}]}<\/script>\n<!-- \/ Yoast SEO plugin. -->","yoast_head_json":{"title":"\u015awietny pomys\u0142! Jak oryginalnie wykorzysta\u0107 wisz\u0105ce doniczki? - GARDEON","robots":{"index":"index","follow":"follow","max-snippet":"max-snippet:-1","max-image-preview":"max-image-preview:large","max-video-preview":"max-video-preview:-1"},"canonical":"https:\/\/gardeon.pl\/pl\/blog\/swietny-pomysl-jak-oryginalnie-wykorzystac-wiszace-doniczki\/","og_locale":"pl_PL","og_type":"article","og_title":"\u015awietny pomys\u0142! Jak oryginalnie wykorzysta\u0107 wisz\u0105ce doniczki? - GARDEON","og_description":"Chcieliby Pa\u0144stwo o\u017cywi\u0107 prost\u0105 \u015bcian\u0119 boczn\u0105 gara\u017cu lub domku ogrodowego? Prosz\u0119 spr\u00f3bowa\u0107 wykorzysta\u0107 do tego wisz\u0105ce doniczki \u2013 mog\u0105 si\u0119 Pa\u0144stwo zainspirowa\u0107 na przyk\u0142ad tym dobrym pomys\u0142em od naszego klienta, pana Tak\u00e1sca z \u0160ali. Czy codziennie przechodz\u0105 Pa\u0144stwo obok pustej \u015bciany gara\u017cu w drodze do domu? Za pomoc\u0105 wisz\u0105cych doniczek mo\u017cna j\u0105 przekszta\u0142ci\u0107 w atrakcyjny, [&hellip;]","og_url":"https:\/\/gardeon.pl\/pl\/blog\/swietny-pomysl-jak-oryginalnie-wykorzystac-wiszace-doniczki\/","og_site_name":"GARDEON","article_published_time":"2026-04-23T16:41:37+00:00","og_image":[{"width":2560,"height":1920,"url":"http:\/\/gardeon.pl\/wp-content\/uploads\/2020\/08\/TZB-Takacs-1-scaled.jpg","type":"image\/jpeg"}],"author":"editor","twitter_card":"summary_large_image","twitter_misc":{"Napisane przez":"editor","Szacowany czas czytania":"3 minuty"},"schema":{"@context":"https:\/\/schema.org","@graph":[{"@type":"Article","@id":"https:\/\/gardeon.pl\/pl\/blog\/swietny-pomysl-jak-oryginalnie-wykorzystac-wiszace-doniczki\/#article","isPartOf":{"@id":"https:\/\/gardeon.pl\/pl\/blog\/swietny-pomysl-jak-oryginalnie-wykorzystac-wiszace-doniczki\/"},"author":{"name":"editor","@id":"https:\/\/gardeon.pl\/#\/schema\/person\/a5762ca5f0790bf92774af0899379463"},"headline":"\u015awietny pomys\u0142! Jak oryginalnie wykorzysta\u0107 wisz\u0105ce doniczki?","datePublished":"2026-04-23T16:41:37+00:00","mainEntityOfPage":{"@id":"https:\/\/gardeon.pl\/pl\/blog\/swietny-pomysl-jak-oryginalnie-wykorzystac-wiszace-doniczki\/"},"wordCount":631,"commentCount":0,"image":{"@id":"https:\/\/gardeon.pl\/pl\/blog\/swietny-pomysl-jak-oryginalnie-wykorzystac-wiszace-doniczki\/#primaryimage"},"thumbnailUrl":"https:\/\/gardeon.pl\/wp-content\/uploads\/2020\/08\/TZB-Takacs-1-scaled.jpg","articleSection":["Domki ogrodowe","Gara\u017ce blaszane","Inspiracje","Jak to zrobi\u0107 \u2013 ogr\u00f3d | DIY","Ogr\u00f3d","Ro\u015bliny | Zio\u0142a | Kwiaty"],"inLanguage":"pl-PL","potentialAction":[{"@type":"CommentAction","name":"Comment","target":["https:\/\/gardeon.pl\/pl\/blog\/swietny-pomysl-jak-oryginalnie-wykorzystac-wiszace-doniczki\/#respond"]}]},{"@type":"WebPage","@id":"https:\/\/gardeon.pl\/pl\/blog\/swietny-pomysl-jak-oryginalnie-wykorzystac-wiszace-doniczki\/","url":"https:\/\/gardeon.pl\/pl\/blog\/swietny-pomysl-jak-oryginalnie-wykorzystac-wiszace-doniczki\/","name":"\u015awietny pomys\u0142! Jak oryginalnie wykorzysta\u0107 wisz\u0105ce doniczki? - GARDEON","isPartOf":{"@id":"https:\/\/gardeon.pl\/#website"},"primaryImageOfPage":{"@id":"https:\/\/gardeon.pl\/pl\/blog\/swietny-pomysl-jak-oryginalnie-wykorzystac-wiszace-doniczki\/#primaryimage"},"image":{"@id":"https:\/\/gardeon.pl\/pl\/blog\/swietny-pomysl-jak-oryginalnie-wykorzystac-wiszace-doniczki\/#primaryimage"},"thumbnailUrl":"https:\/\/gardeon.pl\/wp-content\/uploads\/2020\/08\/TZB-Takacs-1-scaled.jpg","datePublished":"2026-04-23T16:41:37+00:00","author":{"@id":"https:\/\/gardeon.pl\/#\/schema\/person\/a5762ca5f0790bf92774af0899379463"},"breadcrumb":{"@id":"https:\/\/gardeon.pl\/pl\/blog\/swietny-pomysl-jak-oryginalnie-wykorzystac-wiszace-doniczki\/#breadcrumb"},"inLanguage":"pl-PL","potentialAction":[{"@type":"ReadAction","target":["https:\/\/gardeon.pl\/pl\/blog\/swietny-pomysl-jak-oryginalnie-wykorzystac-wiszace-doniczki\/"]}]},{"@type":"ImageObject","inLanguage":"pl-PL","@id":"https:\/\/gardeon.pl\/pl\/blog\/swietny-pomysl-jak-oryginalnie-wykorzystac-wiszace-doniczki\/#primaryimage","url":"https:\/\/gardeon.pl\/wp-content\/uploads\/2020\/08\/TZB-Takacs-1-scaled.jpg","contentUrl":"https:\/\/gardeon.pl\/wp-content\/uploads\/2020\/08\/TZB-Takacs-1-scaled.jpg","width":2560,"height":1920,"caption":"Gara\u017c z drewnian\u0105 dekoracj\u0105"},{"@type":"BreadcrumbList","@id":"https:\/\/gardeon.pl\/pl\/blog\/swietny-pomysl-jak-oryginalnie-wykorzystac-wiszace-doniczki\/#breadcrumb","itemListElement":[{"@type":"ListItem","position":1,"name":"Domov","item":"https:\/\/gardeon.pl\/pl\/"},{"@type":"ListItem","position":2,"name":"\u015awietny pomys\u0142! Jak oryginalnie wykorzysta\u0107 wisz\u0105ce doniczki?"}]},{"@type":"WebSite","@id":"https:\/\/gardeon.pl\/#website","url":"https:\/\/gardeon.pl\/","name":"GARDEON","description":"","potentialAction":[{"@type":"SearchAction","target":{"@type":"EntryPoint","urlTemplate":"https:\/\/gardeon.pl\/?s={search_term_string}"},"query-input":{"@type":"PropertyValueSpecification","valueRequired":true,"valueName":"search_term_string"}}],"inLanguage":"pl-PL"},{"@type":"Person","@id":"https:\/\/gardeon.pl\/#\/schema\/person\/a5762ca5f0790bf92774af0899379463","name":"editor","image":{"@type":"ImageObject","inLanguage":"pl-PL","@id":"https:\/\/secure.gravatar.com\/avatar\/2b748151c2c748327307fd289a91b3bdafdd9e64e2d000e65e53d6dcf11c5830?s=96&d=mm&r=g","url":"https:\/\/secure.gravatar.com\/avatar\/2b748151c2c748327307fd289a91b3bdafdd9e64e2d000e65e53d6dcf11c5830?s=96&d=mm&r=g","contentUrl":"https:\/\/secure.gravatar.com\/avatar\/2b748151c2c748327307fd289a91b3bdafdd9e64e2d000e65e53d6dcf11c5830?s=96&d=mm&r=g","caption":"editor"}}]}},"_links":{"self":[{"href":"https:\/\/gardeon.pl\/pl\/wp-json\/wp\/v2\/posts\/47572","targetHints":{"allow":["GET"]}}],"collection":[{"href":"https:\/\/gardeon.pl\/pl\/wp-json\/wp\/v2\/posts"}],"about":[{"href":"https:\/\/gardeon.pl\/pl\/wp-json\/wp\/v2\/types\/post"}],"author":[{"embeddable":true,"href":"https:\/\/gardeon.pl\/pl\/wp-json\/wp\/v2\/users\/2"}],"replies":[{"embeddable":true,"href":"https:\/\/gardeon.pl\/pl\/wp-json\/wp\/v2\/comments?post=47572"}],"version-history":[{"count":0,"href":"https:\/\/gardeon.pl\/pl\/wp-json\/wp\/v2\/posts\/47572\/revisions"}],"wp:featuredmedia":[{"embeddable":true,"href":"https:\/\/gardeon.pl\/pl\/wp-json\/wp\/v2\/media\/47573"}],"wp:attachment":[{"href":"https:\/\/gardeon.pl\/pl\/wp-json\/wp\/v2\/media?parent=47572"}],"wp:term":[{"taxonomy":"category","embeddable":true,"href":"https:\/\/gardeon.pl\/pl\/wp-json\/wp\/v2\/categories?post=47572"},{"taxonomy":"post_tag","embeddable":true,"href":"https:\/\/gardeon.pl\/pl\/wp-json\/wp\/v2\/tags?post=47572"}],"curies":[{"name":"wp","href":"https:\/\/api.w.org\/{rel}","templated":true}]}}