{"id":47617,"date":"2026-04-23T18:41:33","date_gmt":"2026-04-23T16:41:33","guid":{"rendered":"https:\/\/gardeon.pl\/?p=47617"},"modified":"2026-04-23T18:41:33","modified_gmt":"2026-04-23T16:41:33","slug":"7-wskazowek-jak-zagospodarowac-otoczenie-domku-ogrodowego-i-garazu","status":"publish","type":"post","link":"https:\/\/gardeon.pl\/pl\/blog\/7-wskazowek-jak-zagospodarowac-otoczenie-domku-ogrodowego-i-garazu\/","title":{"rendered":"7 wskaz\u00f3wek, jak zagospodarowa\u0107 otoczenie domku ogrodowego i gara\u017cu"},"content":{"rendered":"<p><em>Zastanawiaj\u0105 si\u0119 Pa\u0144stwo, co zrobi\u0107 z przestrzeni\u0105 wok\u00f3\u0142 nowej <a href=\"https:\/\/gardeon.pl\/pl\/garaze\/\">gara\u017cu<\/a> lub <a href=\"http:\/\/gardeon.pl\/zahradne-domceky\/\">domku ogrodowego<\/a>? Szukaj\u0105 Pa\u0144stwo rozwi\u0105zania, kt\u00f3re b\u0119dzie jednocze\u015bnie praktyczne i estetyczne? Prosz\u0119 zainspirowa\u0107 si\u0119 pomys\u0142ami w\u0142a\u015bcicieli kilku naszych sprytnych konstrukcji ogrodowych.  <\/em><\/p>\n<h2>1 Nowoczesny miniogr\u00f3dek<\/h2>\n<p>Geometryczne kszta\u0142ty, zestawienia nawierzchni o r\u00f3\u017cnych fakturach, kolorystycznie dopasowane odcienie ton w ton oraz przewaga zielonych ro\u015blin \u2013 elementy nowoczesnych ogrod\u00f3w miejskich mo\u017cna bardzo efektownie zastosowa\u0107 tak\u017ce na naprawd\u0119 niewielkiej powierzchni. W s\u0105siedztwie domku ogrodowego mo\u017ce wi\u0119c powsta\u0107 wyj\u0105tkowo atrakcyjnie zaaran\u017cowana cz\u0119\u015b\u0107 dzia\u0142ki, w kt\u00f3r\u0105 idealnie wpisze si\u0119 prosta, nowoczesna konstrukcja ogrodowa. I to nie tylko kszta\u0142tem. Kolor tynku i detali domku ogrodowego mo\u017cna r\u00f3wnie\u017c \u0142adnie dopasowa\u0107 do odcienia \u017cwiru, betonowej kostki, kamiennych obrze\u017cy czy donic.   <\/p>\n<p><img loading=\"lazy\" decoding=\"async\" class=\"aligncenter wp-image-27751\" src=\"http:\/\/gardeon.pl\/wp-content\/uploads\/2020\/08\/GARDEON-foto-od-zakaznikov-15-scaled.jpg\" alt=\"Ciemnoszary domek ogrodowy GARDEON\" width=\"750\" height=\"563\" srcset=\"https:\/\/gardeon.pl\/wp-content\/uploads\/2020\/08\/GARDEON-foto-od-zakaznikov-15-scaled.jpg 2560w, https:\/\/gardeon.pl\/wp-content\/uploads\/2020\/08\/GARDEON-foto-od-zakaznikov-15-300x225.jpg 300w, https:\/\/gardeon.pl\/wp-content\/uploads\/2020\/08\/GARDEON-foto-od-zakaznikov-15-1024x768.jpg 1024w, https:\/\/gardeon.pl\/wp-content\/uploads\/2020\/08\/GARDEON-foto-od-zakaznikov-15-768x576.jpg 768w, https:\/\/gardeon.pl\/wp-content\/uploads\/2020\/08\/GARDEON-foto-od-zakaznikov-15-1536x1152.jpg 1536w, https:\/\/gardeon.pl\/wp-content\/uploads\/2020\/08\/GARDEON-foto-od-zakaznikov-15-2048x1536.jpg 2048w\" sizes=\"auto, (max-width: 750px) 100vw, 750px\" \/><\/p>\n<h2>2 Beztroskie podej\u015bcie w stylu po\u0142udniowym<\/h2>\n<p>Zachwycaj\u0105 Pa\u0144stwa dziedzi\u0144ce i tarasy typowe dla regionu \u015br\u00f3dziemnomorskiego, gdzie z ka\u017cdego skrawka ziemi wyrasta co\u015b zielonego, ka\u017cd\u0105 \u015bcian\u0119 zdobi\u0105 donice, a mn\u00f3stwo r\u00f3\u017cnorodnych detali tworzy barwn\u0105 ca\u0142o\u015b\u0107 o niesamowitej atmosferze? Takie \u201ebeztroskie\u201d podej\u015bcie mog\u0105 Pa\u0144stwo z powodzeniem zastosowa\u0107 tak\u017ce u siebie, zw\u0142aszcza je\u015bli maj\u0105 Pa\u0144stwo nieregularn\u0105 dzia\u0142k\u0119 lub nietypowo zaaran\u017cowane podw\u00f3rko. \u017be nawierzchnie z r\u00f3\u017cn\u0105 kostk\u0105 spotykaj\u0105 si\u0119 pod dziwnym k\u0105tem? I komu to przeszkadza? Najwa\u017cniejsze, \u017ce nie kurzy si\u0119 z wyschni\u0119tej ziemi i nie chodzi si\u0119 po b\u0142ocie.    <\/p>\n<p>Kluczowe jest ustawienie przy ka\u017cdej \u015bcianie, w ka\u017cdym wolnym miejscu donicy (najlepiej z ro\u015blin\u0105 ciep\u0142olubn\u0105, kt\u00f3r\u0105 zim\u0105 mo\u017cna przenie\u015b\u0107 w bardziej odpowiednie miejsce) oraz obsadzenie ka\u017cdej odpowiedniej powierzchni kwiatami lub kwitn\u0105cymi krzewami. W tym przypadku w\u0142a\u015bcicielom uda\u0142o si\u0119 na ma\u0142ej przestrzeni sprytnie zwielokrotni\u0107 miejsce na ziele\u0144 dzi\u0119ki efektownej <a href=\"https:\/\/gardeon.pl\/pl\/?p=46298\">rabacie stopniowanej<\/a>.<\/p>\n<p><img loading=\"lazy\" decoding=\"async\" class=\"aligncenter wp-image-27753\" src=\"http:\/\/gardeon.pl\/wp-content\/uploads\/2020\/08\/GARDEON-foto-od-zakaznikov-16.jpg\" alt=\"Bia\u0142y domek ogrodowy GARDEON\" width=\"750\" height=\"562\" srcset=\"https:\/\/gardeon.pl\/wp-content\/uploads\/2020\/08\/GARDEON-foto-od-zakaznikov-16.jpg 1082w, https:\/\/gardeon.pl\/wp-content\/uploads\/2020\/08\/GARDEON-foto-od-zakaznikov-16-300x225.jpg 300w, https:\/\/gardeon.pl\/wp-content\/uploads\/2020\/08\/GARDEON-foto-od-zakaznikov-16-1024x768.jpg 1024w, https:\/\/gardeon.pl\/wp-content\/uploads\/2020\/08\/GARDEON-foto-od-zakaznikov-16-768x576.jpg 768w\" sizes=\"auto, (max-width: 750px) 100vw, 750px\" \/><\/p>\n<h2>3 Wielofunkcyjna zielona przestrze\u0144<\/h2>\n<p>Woln\u0105 przestrze\u0144 przed domkiem ogrodowym mog\u0105 Pa\u0144stwo wykorzysta\u0107 na za\u0142o\u017cenie trawnika, kt\u00f3ry jest idealnym miejscem do najr\u00f3\u017cniejszych zabaw, ale te\u017c do zwyk\u0142ego, beztroskiego relaksu na le\u017caku czy na kocu. Domek ogrodowy stworzy przy tym doskona\u0142e t\u0142o, a tak\u017ce os\u0142on\u0119 przed ciekawskimi spojrzeniami z ulicy lub od s\u0105siad\u00f3w. W domku b\u0119d\u0105 te\u017c zawsze pod r\u0119k\u0105 kosiarka i inne narz\u0119dzia, bez kt\u00f3rych przy piel\u0119gnacji zielonego dywanu z pewno\u015bci\u0105 si\u0119 nie obejdzie. A aby do wszystkiego, co potrzebne, dociera\u0107 bezpiecznie i \u201esuch\u0105 stop\u0105\u201d w ka\u017cd\u0105 pogod\u0119, mog\u0105 Pa\u0144stwo wykona\u0107 przy drzwiach domku praktyczn\u0105 \u015bcie\u017ck\u0119 z kamiennych lub betonowych p\u0142yt krokowych \u2013 uroda trawnika na tym ani troch\u0119 nie ucierpi.   <\/p>\n<p><img loading=\"lazy\" decoding=\"async\" class=\"aligncenter wp-image-27755\" src=\"http:\/\/gardeon.pl\/wp-content\/uploads\/2020\/08\/GARDEON-foto-od-zakaznikov-17-scaled.jpg\" alt=\"Domek ogrodowy z p\u0142askim dachem\" width=\"750\" height=\"563\" srcset=\"https:\/\/gardeon.pl\/wp-content\/uploads\/2020\/08\/GARDEON-foto-od-zakaznikov-17-scaled.jpg 2560w, https:\/\/gardeon.pl\/wp-content\/uploads\/2020\/08\/GARDEON-foto-od-zakaznikov-17-300x225.jpg 300w, https:\/\/gardeon.pl\/wp-content\/uploads\/2020\/08\/GARDEON-foto-od-zakaznikov-17-1024x768.jpg 1024w, https:\/\/gardeon.pl\/wp-content\/uploads\/2020\/08\/GARDEON-foto-od-zakaznikov-17-768x576.jpg 768w, https:\/\/gardeon.pl\/wp-content\/uploads\/2020\/08\/GARDEON-foto-od-zakaznikov-17-1536x1152.jpg 1536w, https:\/\/gardeon.pl\/wp-content\/uploads\/2020\/08\/GARDEON-foto-od-zakaznikov-17-2048x1536.jpg 2048w, https:\/\/gardeon.pl\/wp-content\/uploads\/2020\/08\/GARDEON-foto-od-zakaznikov-17-scaled-1200x900-cropped.jpg 1200w\" sizes=\"auto, (max-width: 750px) 100vw, 750px\" \/><\/p>\n<p><img loading=\"lazy\" decoding=\"async\" class=\"aligncenter wp-image-27757\" src=\"http:\/\/gardeon.pl\/wp-content\/uploads\/2020\/08\/GARDEON-foto-od-zakaznikov-18-scaled.jpg\" alt=\"Domek ogrodowy z antracytowymi drzwiami\" width=\"750\" height=\"563\" srcset=\"https:\/\/gardeon.pl\/wp-content\/uploads\/2020\/08\/GARDEON-foto-od-zakaznikov-18-scaled.jpg 2560w, https:\/\/gardeon.pl\/wp-content\/uploads\/2020\/08\/GARDEON-foto-od-zakaznikov-18-300x225.jpg 300w, https:\/\/gardeon.pl\/wp-content\/uploads\/2020\/08\/GARDEON-foto-od-zakaznikov-18-1024x768.jpg 1024w, https:\/\/gardeon.pl\/wp-content\/uploads\/2020\/08\/GARDEON-foto-od-zakaznikov-18-768x576.jpg 768w, https:\/\/gardeon.pl\/wp-content\/uploads\/2020\/08\/GARDEON-foto-od-zakaznikov-18-1536x1152.jpg 1536w, https:\/\/gardeon.pl\/wp-content\/uploads\/2020\/08\/GARDEON-foto-od-zakaznikov-18-2048x1536.jpg 2048w\" sizes=\"auto, (max-width: 750px) 100vw, 750px\" \/><\/p>\n<h2>4 Sprytne wydzielenie tarasu<\/h2>\n<p>Czy korzystaj\u0105 Pa\u0144stwo z domku ogrodowego tak\u017ce do przechowywania mebli ogrodowych albo jako letniej kuchni? W takim przypadku praktycznie jest umie\u015bci\u0107 go w bezpo\u015brednim s\u0105siedztwie <a href=\"https:\/\/gardeon.pl\/pl\/pergole\/\">tarasu<\/a>, ewentualnie bezpo\u015brednio na utwardzonej nawierzchni. Problem z posadowieniem domku maj\u0105 Pa\u0144stwo w\u00f3wczas rozwi\u0105zany, a dodatkowo na tarasie zyskaj\u0105 Pa\u0144stwo prywatno\u015b\u0107 i os\u0142on\u0119 od wiatru, a prosty p\u0142ot otrzyma mile widziane o\u017cywienie.  <\/p>\n<p><img loading=\"lazy\" decoding=\"async\" class=\"aligncenter wp-image-27759\" src=\"http:\/\/gardeon.pl\/wp-content\/uploads\/2020\/08\/GARDEON-foto-od-zakaznikov-19.jpg\" alt=\"Ciemnoszary podw\u00f3jny domek ogrodowy\" width=\"750\" height=\"563\" srcset=\"https:\/\/gardeon.pl\/wp-content\/uploads\/2020\/08\/GARDEON-foto-od-zakaznikov-19.jpg 1417w, https:\/\/gardeon.pl\/wp-content\/uploads\/2020\/08\/GARDEON-foto-od-zakaznikov-19-300x225.jpg 300w, https:\/\/gardeon.pl\/wp-content\/uploads\/2020\/08\/GARDEON-foto-od-zakaznikov-19-1024x768.jpg 1024w, https:\/\/gardeon.pl\/wp-content\/uploads\/2020\/08\/GARDEON-foto-od-zakaznikov-19-768x576.jpg 768w\" sizes=\"auto, (max-width: 750px) 100vw, 750px\" \/><\/p>\n<p><img loading=\"lazy\" decoding=\"async\" class=\"aligncenter wp-image-27761\" src=\"http:\/\/gardeon.pl\/wp-content\/uploads\/2020\/08\/GARDEON-foto-od-zakaznikov-20.jpg\" alt=\"Domek ogrodowy GARDEON przy domu\" width=\"750\" height=\"563\" srcset=\"https:\/\/gardeon.pl\/wp-content\/uploads\/2020\/08\/GARDEON-foto-od-zakaznikov-20.jpg 1417w, https:\/\/gardeon.pl\/wp-content\/uploads\/2020\/08\/GARDEON-foto-od-zakaznikov-20-300x225.jpg 300w, https:\/\/gardeon.pl\/wp-content\/uploads\/2020\/08\/GARDEON-foto-od-zakaznikov-20-1024x768.jpg 1024w, https:\/\/gardeon.pl\/wp-content\/uploads\/2020\/08\/GARDEON-foto-od-zakaznikov-20-768x576.jpg 768w\" sizes=\"auto, (max-width: 750px) 100vw, 750px\" \/><\/p>\n<h2>5 Salomonowe rozwi\u0105zanie na ma\u0142ej przestrzeni<\/h2>\n<p>Czy obok domu maj\u0105 Pa\u0144stwo w\u0105ski pas terenu, trudny do wykorzystania, kt\u00f3ry by\u0142 konieczny do zachowania wymaganego odst\u0119pu od granicy dzia\u0142ki lub od s\u0105siada? A gdyby tak ustawi\u0107 w\u0142a\u015bnie tutaj domek ogrodowy? W\u0105ska przestrze\u0144 zostanie w ten spos\u00f3b wizualnie domkni\u0119ta i zyska sens. Do nowoczesnego domku, nawet w ciasnym miejscu, pasuje przy tym proste zagospodarowanie \u2013 po\u0142\u0105czenie zielonego trawnika i betonowych p\u0142yt krokowych jest nieskomplikowane i przyjemne, a jednocze\u015bnie doskonale spe\u0142nia wymagania praktyczno\u015bci. A je\u015bli chcieliby Pa\u0144stwo wi\u0119cej zieleni, mog\u0105 Pa\u0144stwo z jej pomoc\u0105 zamieni\u0107 ogrodzenie w atrakcyjn\u0105 zielon\u0105 \u015bcian\u0119.    <\/p>\n<p><img loading=\"lazy\" decoding=\"async\" class=\"aligncenter wp-image-27763\" src=\"http:\/\/gardeon.pl\/wp-content\/uploads\/2020\/08\/GARDEON-foto-od-zakaznikov-21-rotated.jpg\" alt=\"Bia\u0142o-szary domek ogrodowy\" width=\"750\" height=\"1000\" srcset=\"https:\/\/gardeon.pl\/wp-content\/uploads\/2020\/08\/GARDEON-foto-od-zakaznikov-21-rotated.jpg 1512w, https:\/\/gardeon.pl\/wp-content\/uploads\/2020\/08\/GARDEON-foto-od-zakaznikov-21-225x300.jpg 225w, https:\/\/gardeon.pl\/wp-content\/uploads\/2020\/08\/GARDEON-foto-od-zakaznikov-21-768x1024.jpg 768w, https:\/\/gardeon.pl\/wp-content\/uploads\/2020\/08\/GARDEON-foto-od-zakaznikov-21-1152x1536.jpg 1152w\" sizes=\"auto, (max-width: 750px) 100vw, 750px\" \/><\/p>\n<h2>6 Elegancki minimalizm<\/h2>\n<p>Gara\u017c wymaga praktycznego podej\u015bcia \u2013 pod ka\u017cdym wzgl\u0119dem. Betonowa kostka, kt\u00f3ra z praktycznych powod\u00f3w idealnie nadaje si\u0119 do utwardzenia podjazdu przed gara\u017cem, mo\u017ce by\u0107 nie tylko funkcjonalna, ale te\u017c elegancka \u2013 w ofercie producent\u00f3w s\u0105 na przyk\u0142ad trwa\u0142e elementy betonowe, kt\u00f3re wiernie imituj\u0105 r\u00f3\u017cne rodzaje kamienia. Efektowna nawierzchnia bardzo dobrze prezentuje si\u0119 w po\u0142\u0105czeniu z prost\u0105 <a href=\"http:\/\/gardeon.pl\/garaze\/pultova-strecha\/\">nowoczesn\u0105 gara\u017cem<\/a>, zw\u0142aszcza je\u015bli dopasuj\u0105 je Pa\u0144stwo do siebie kolorystycznie.  <\/p>\n<p><img loading=\"lazy\" decoding=\"async\" class=\"aligncenter wp-image-27765\" src=\"http:\/\/gardeon.pl\/wp-content\/uploads\/2020\/08\/GARDEON-foto-od-zakaznikov-22.jpg\" alt=\"Szary gara\u017c na dwa samochody\" width=\"750\" height=\"1000\" srcset=\"https:\/\/gardeon.pl\/wp-content\/uploads\/2020\/08\/GARDEON-foto-od-zakaznikov-22.jpg 720w, https:\/\/gardeon.pl\/wp-content\/uploads\/2020\/08\/GARDEON-foto-od-zakaznikov-22-225x300.jpg 225w\" sizes=\"auto, (max-width: 750px) 100vw, 750px\" \/><\/p>\n<h2>7 Romantyzm na praktycznym tle<\/h2>\n<p>Zw\u0142aszcza je\u015bli powierzchni\u0119 przed gara\u017cem wykorzystuj\u0105 Pa\u0144stwo nie tylko jako drog\u0119 dojazdow\u0105, ale tak\u017ce jako okazjonalny parking, miejsce do zabawy czy przestrze\u0144 robocz\u0105, warto, aby ca\u0142o\u015b\u0107 by\u0142a wy\u0142o\u017cona kostk\u0105. Czy jednak du\u017ca powierzchnia nawierzchni wydaje si\u0119 Pa\u0144stwu zbyt monotonna? Po\u017c\u0105dane o\u017cywienie mo\u017ce przynie\u015b\u0107 wyrazisty kontrast \u2013 prosz\u0119 stworzy\u0107 w bezpo\u015brednim s\u0105siedztwie gara\u017cu na przyk\u0142ad barwn\u0105 kompozycj\u0119 kwiatow\u0105 w stylu wiejskim lub romantycznym, a o monotonii nie b\u0119dzie ju\u017c mowy.  <\/p>\n<p><img loading=\"lazy\" decoding=\"async\" class=\"aligncenter wp-image-27767\" src=\"http:\/\/gardeon.pl\/wp-content\/uploads\/2020\/08\/GARDEON-foto-od-zakaznikov-23.jpg\" alt=\"Gara\u017c na dwa samochody z p\u0142askim dachem\" width=\"750\" height=\"355\" srcset=\"https:\/\/gardeon.pl\/wp-content\/uploads\/2020\/08\/GARDEON-foto-od-zakaznikov-23.jpg 1352w, https:\/\/gardeon.pl\/wp-content\/uploads\/2020\/08\/GARDEON-foto-od-zakaznikov-23-300x142.jpg 300w, https:\/\/gardeon.pl\/wp-content\/uploads\/2020\/08\/GARDEON-foto-od-zakaznikov-23-1024x485.jpg 1024w, https:\/\/gardeon.pl\/wp-content\/uploads\/2020\/08\/GARDEON-foto-od-zakaznikov-23-768x364.jpg 768w\" sizes=\"auto, (max-width: 750px) 100vw, 750px\" \/><\/p>\n<p><img loading=\"lazy\" decoding=\"async\" class=\"aligncenter wp-image-27769\" src=\"http:\/\/gardeon.pl\/wp-content\/uploads\/2020\/08\/GARDEON-foto-od-zakaznikov-24.jpg\" alt=\"Gara\u017c GARDEON na dwa samochody\" width=\"750\" height=\"355\" srcset=\"https:\/\/gardeon.pl\/wp-content\/uploads\/2020\/08\/GARDEON-foto-od-zakaznikov-24.jpg 1352w, https:\/\/gardeon.pl\/wp-content\/uploads\/2020\/08\/GARDEON-foto-od-zakaznikov-24-300x142.jpg 300w, https:\/\/gardeon.pl\/wp-content\/uploads\/2020\/08\/GARDEON-foto-od-zakaznikov-24-1024x485.jpg 1024w, https:\/\/gardeon.pl\/wp-content\/uploads\/2020\/08\/GARDEON-foto-od-zakaznikov-24-768x364.jpg 768w\" sizes=\"auto, (max-width: 750px) 100vw, 750px\" \/><\/p>\n<h3 style=\"text-align: center;\">Kt\u00f3ra realizacja zainteresowa\u0142a Pa\u0144stwa najbardziej?<\/h3>\n","protected":false},"excerpt":{"rendered":"<p>Zastanawiaj\u0105 si\u0119 Pa\u0144stwo, co zrobi\u0107 z przestrzeni\u0105 wok\u00f3\u0142 nowej gara\u017cu lub domku ogrodowego? Szukaj\u0105 Pa\u0144stwo rozwi\u0105zania, kt\u00f3re b\u0119dzie jednocze\u015bnie praktyczne i estetyczne? Prosz\u0119 zainspirowa\u0107 si\u0119 pomys\u0142ami w\u0142a\u015bcicieli kilku naszych sprytnych konstrukcji ogrodowych. 1 Nowoczesny miniogr\u00f3dek Geometryczne kszta\u0142ty, zestawienia nawierzchni o r\u00f3\u017cnych fakturach, kolorystycznie dopasowane odcienie ton w ton oraz przewaga zielonych ro\u015blin \u2013 elementy nowoczesnych [&hellip;]<\/p>\n","protected":false},"author":2,"featured_media":47620,"comment_status":"open","ping_status":"open","sticky":false,"template":"","format":"standard","meta":{"_acf_changed":false,"inline_featured_image":false,"footnotes":""},"categories":[632,578,607,716,594],"tags":[],"class_list":["post-47617","post","type-post","status-publish","format-standard","has-post-thumbnail","hentry","category-domki-ogrodowe","category-garaze-blaszane","category-inspiracje","category-jak-sie-zyje-z-gardeon","category-ogrod"],"acf":[],"yoast_head":"<!-- This site is optimized with the Yoast SEO plugin v27.4 - https:\/\/yoast.com\/product\/yoast-seo-wordpress\/ -->\n<title>7 wskaz\u00f3wek, jak zagospodarowa\u0107 otoczenie domku ogrodowego i gara\u017cu - GARDEON<\/title>\n<meta name=\"robots\" content=\"index, follow, max-snippet:-1, max-image-preview:large, max-video-preview:-1\" \/>\n<link rel=\"canonical\" href=\"https:\/\/gardeon.pl\/pl\/blog\/7-wskazowek-jak-zagospodarowac-otoczenie-domku-ogrodowego-i-garazu\/\" \/>\n<meta property=\"og:locale\" content=\"pl_PL\" \/>\n<meta property=\"og:type\" content=\"article\" \/>\n<meta property=\"og:title\" content=\"7 wskaz\u00f3wek, jak zagospodarowa\u0107 otoczenie domku ogrodowego i gara\u017cu - GARDEON\" \/>\n<meta property=\"og:description\" content=\"Zastanawiaj\u0105 si\u0119 Pa\u0144stwo, co zrobi\u0107 z przestrzeni\u0105 wok\u00f3\u0142 nowej gara\u017cu lub domku ogrodowego? Szukaj\u0105 Pa\u0144stwo rozwi\u0105zania, kt\u00f3re b\u0119dzie jednocze\u015bnie praktyczne i estetyczne? Prosz\u0119 zainspirowa\u0107 si\u0119 pomys\u0142ami w\u0142a\u015bcicieli kilku naszych sprytnych konstrukcji ogrodowych. 1 Nowoczesny miniogr\u00f3dek Geometryczne kszta\u0142ty, zestawienia nawierzchni o r\u00f3\u017cnych fakturach, kolorystycznie dopasowane odcienie ton w ton oraz przewaga zielonych ro\u015blin \u2013 elementy nowoczesnych [&hellip;]\" \/>\n<meta property=\"og:url\" content=\"https:\/\/gardeon.pl\/pl\/blog\/7-wskazowek-jak-zagospodarowac-otoczenie-domku-ogrodowego-i-garazu\/\" \/>\n<meta property=\"og:site_name\" content=\"GARDEON\" \/>\n<meta property=\"article:published_time\" content=\"2026-04-23T16:41:33+00:00\" \/>\n<meta property=\"og:image\" content=\"http:\/\/gardeon.pl\/wp-content\/uploads\/2020\/08\/GARDEON-foto-od-zakaznikov-17-scaled.jpg\" \/>\n\t<meta property=\"og:image:width\" content=\"2560\" \/>\n\t<meta property=\"og:image:height\" content=\"1920\" \/>\n\t<meta property=\"og:image:type\" content=\"image\/jpeg\" \/>\n<meta name=\"author\" content=\"editor\" \/>\n<meta name=\"twitter:card\" content=\"summary_large_image\" \/>\n<meta name=\"twitter:label1\" content=\"Napisane przez\" \/>\n\t<meta name=\"twitter:data1\" content=\"editor\" \/>\n\t<meta name=\"twitter:label2\" content=\"Szacowany czas czytania\" \/>\n\t<meta name=\"twitter:data2\" content=\"4 minuty\" \/>\n<script type=\"application\/ld+json\" class=\"yoast-schema-graph\">{\"@context\":\"https:\\\/\\\/schema.org\",\"@graph\":[{\"@type\":\"Article\",\"@id\":\"https:\\\/\\\/gardeon.pl\\\/pl\\\/blog\\\/7-wskazowek-jak-zagospodarowac-otoczenie-domku-ogrodowego-i-garazu\\\/#article\",\"isPartOf\":{\"@id\":\"https:\\\/\\\/gardeon.pl\\\/pl\\\/blog\\\/7-wskazowek-jak-zagospodarowac-otoczenie-domku-ogrodowego-i-garazu\\\/\"},\"author\":{\"name\":\"editor\",\"@id\":\"https:\\\/\\\/gardeon.pl\\\/#\\\/schema\\\/person\\\/a5762ca5f0790bf92774af0899379463\"},\"headline\":\"7 wskaz\u00f3wek, jak zagospodarowa\u0107 otoczenie domku ogrodowego i gara\u017cu\",\"datePublished\":\"2026-04-23T16:41:33+00:00\",\"mainEntityOfPage\":{\"@id\":\"https:\\\/\\\/gardeon.pl\\\/pl\\\/blog\\\/7-wskazowek-jak-zagospodarowac-otoczenie-domku-ogrodowego-i-garazu\\\/\"},\"wordCount\":821,\"commentCount\":0,\"image\":{\"@id\":\"https:\\\/\\\/gardeon.pl\\\/pl\\\/blog\\\/7-wskazowek-jak-zagospodarowac-otoczenie-domku-ogrodowego-i-garazu\\\/#primaryimage\"},\"thumbnailUrl\":\"https:\\\/\\\/gardeon.pl\\\/wp-content\\\/uploads\\\/2020\\\/08\\\/GARDEON-foto-od-zakaznikov-17-scaled.jpg\",\"articleSection\":[\"Domki ogrodowe\",\"Gara\u017ce blaszane\",\"Inspiracje\",\"Jak si\u0119 \u017cyje z GARDEON\",\"Ogr\u00f3d\"],\"inLanguage\":\"pl-PL\",\"potentialAction\":[{\"@type\":\"CommentAction\",\"name\":\"Comment\",\"target\":[\"https:\\\/\\\/gardeon.pl\\\/pl\\\/blog\\\/7-wskazowek-jak-zagospodarowac-otoczenie-domku-ogrodowego-i-garazu\\\/#respond\"]}]},{\"@type\":\"WebPage\",\"@id\":\"https:\\\/\\\/gardeon.pl\\\/pl\\\/blog\\\/7-wskazowek-jak-zagospodarowac-otoczenie-domku-ogrodowego-i-garazu\\\/\",\"url\":\"https:\\\/\\\/gardeon.pl\\\/pl\\\/blog\\\/7-wskazowek-jak-zagospodarowac-otoczenie-domku-ogrodowego-i-garazu\\\/\",\"name\":\"7 wskaz\u00f3wek, jak zagospodarowa\u0107 otoczenie domku ogrodowego i gara\u017cu - GARDEON\",\"isPartOf\":{\"@id\":\"https:\\\/\\\/gardeon.pl\\\/#website\"},\"primaryImageOfPage\":{\"@id\":\"https:\\\/\\\/gardeon.pl\\\/pl\\\/blog\\\/7-wskazowek-jak-zagospodarowac-otoczenie-domku-ogrodowego-i-garazu\\\/#primaryimage\"},\"image\":{\"@id\":\"https:\\\/\\\/gardeon.pl\\\/pl\\\/blog\\\/7-wskazowek-jak-zagospodarowac-otoczenie-domku-ogrodowego-i-garazu\\\/#primaryimage\"},\"thumbnailUrl\":\"https:\\\/\\\/gardeon.pl\\\/wp-content\\\/uploads\\\/2020\\\/08\\\/GARDEON-foto-od-zakaznikov-17-scaled.jpg\",\"datePublished\":\"2026-04-23T16:41:33+00:00\",\"author\":{\"@id\":\"https:\\\/\\\/gardeon.pl\\\/#\\\/schema\\\/person\\\/a5762ca5f0790bf92774af0899379463\"},\"breadcrumb\":{\"@id\":\"https:\\\/\\\/gardeon.pl\\\/pl\\\/blog\\\/7-wskazowek-jak-zagospodarowac-otoczenie-domku-ogrodowego-i-garazu\\\/#breadcrumb\"},\"inLanguage\":\"pl-PL\",\"potentialAction\":[{\"@type\":\"ReadAction\",\"target\":[\"https:\\\/\\\/gardeon.pl\\\/pl\\\/blog\\\/7-wskazowek-jak-zagospodarowac-otoczenie-domku-ogrodowego-i-garazu\\\/\"]}]},{\"@type\":\"ImageObject\",\"inLanguage\":\"pl-PL\",\"@id\":\"https:\\\/\\\/gardeon.pl\\\/pl\\\/blog\\\/7-wskazowek-jak-zagospodarowac-otoczenie-domku-ogrodowego-i-garazu\\\/#primaryimage\",\"url\":\"https:\\\/\\\/gardeon.pl\\\/wp-content\\\/uploads\\\/2020\\\/08\\\/GARDEON-foto-od-zakaznikov-17-scaled.jpg\",\"contentUrl\":\"https:\\\/\\\/gardeon.pl\\\/wp-content\\\/uploads\\\/2020\\\/08\\\/GARDEON-foto-od-zakaznikov-17-scaled.jpg\",\"width\":2560,\"height\":1920,\"caption\":\"Domek ogrodowy z p\u0142askim dachem\"},{\"@type\":\"BreadcrumbList\",\"@id\":\"https:\\\/\\\/gardeon.pl\\\/pl\\\/blog\\\/7-wskazowek-jak-zagospodarowac-otoczenie-domku-ogrodowego-i-garazu\\\/#breadcrumb\",\"itemListElement\":[{\"@type\":\"ListItem\",\"position\":1,\"name\":\"Domov\",\"item\":\"https:\\\/\\\/gardeon.pl\\\/pl\\\/\"},{\"@type\":\"ListItem\",\"position\":2,\"name\":\"7 wskaz\u00f3wek, jak zagospodarowa\u0107 otoczenie domku ogrodowego i gara\u017cu\"}]},{\"@type\":\"WebSite\",\"@id\":\"https:\\\/\\\/gardeon.pl\\\/#website\",\"url\":\"https:\\\/\\\/gardeon.pl\\\/\",\"name\":\"GARDEON\",\"description\":\"\",\"potentialAction\":[{\"@type\":\"SearchAction\",\"target\":{\"@type\":\"EntryPoint\",\"urlTemplate\":\"https:\\\/\\\/gardeon.pl\\\/?s={search_term_string}\"},\"query-input\":{\"@type\":\"PropertyValueSpecification\",\"valueRequired\":true,\"valueName\":\"search_term_string\"}}],\"inLanguage\":\"pl-PL\"},{\"@type\":\"Person\",\"@id\":\"https:\\\/\\\/gardeon.pl\\\/#\\\/schema\\\/person\\\/a5762ca5f0790bf92774af0899379463\",\"name\":\"editor\",\"image\":{\"@type\":\"ImageObject\",\"inLanguage\":\"pl-PL\",\"@id\":\"https:\\\/\\\/secure.gravatar.com\\\/avatar\\\/2b748151c2c748327307fd289a91b3bdafdd9e64e2d000e65e53d6dcf11c5830?s=96&d=mm&r=g\",\"url\":\"https:\\\/\\\/secure.gravatar.com\\\/avatar\\\/2b748151c2c748327307fd289a91b3bdafdd9e64e2d000e65e53d6dcf11c5830?s=96&d=mm&r=g\",\"contentUrl\":\"https:\\\/\\\/secure.gravatar.com\\\/avatar\\\/2b748151c2c748327307fd289a91b3bdafdd9e64e2d000e65e53d6dcf11c5830?s=96&d=mm&r=g\",\"caption\":\"editor\"}}]}<\/script>\n<!-- \/ Yoast SEO plugin. -->","yoast_head_json":{"title":"7 wskaz\u00f3wek, jak zagospodarowa\u0107 otoczenie domku ogrodowego i gara\u017cu - GARDEON","robots":{"index":"index","follow":"follow","max-snippet":"max-snippet:-1","max-image-preview":"max-image-preview:large","max-video-preview":"max-video-preview:-1"},"canonical":"https:\/\/gardeon.pl\/pl\/blog\/7-wskazowek-jak-zagospodarowac-otoczenie-domku-ogrodowego-i-garazu\/","og_locale":"pl_PL","og_type":"article","og_title":"7 wskaz\u00f3wek, jak zagospodarowa\u0107 otoczenie domku ogrodowego i gara\u017cu - GARDEON","og_description":"Zastanawiaj\u0105 si\u0119 Pa\u0144stwo, co zrobi\u0107 z przestrzeni\u0105 wok\u00f3\u0142 nowej gara\u017cu lub domku ogrodowego? Szukaj\u0105 Pa\u0144stwo rozwi\u0105zania, kt\u00f3re b\u0119dzie jednocze\u015bnie praktyczne i estetyczne? Prosz\u0119 zainspirowa\u0107 si\u0119 pomys\u0142ami w\u0142a\u015bcicieli kilku naszych sprytnych konstrukcji ogrodowych. 1 Nowoczesny miniogr\u00f3dek Geometryczne kszta\u0142ty, zestawienia nawierzchni o r\u00f3\u017cnych fakturach, kolorystycznie dopasowane odcienie ton w ton oraz przewaga zielonych ro\u015blin \u2013 elementy nowoczesnych [&hellip;]","og_url":"https:\/\/gardeon.pl\/pl\/blog\/7-wskazowek-jak-zagospodarowac-otoczenie-domku-ogrodowego-i-garazu\/","og_site_name":"GARDEON","article_published_time":"2026-04-23T16:41:33+00:00","og_image":[{"width":2560,"height":1920,"url":"http:\/\/gardeon.pl\/wp-content\/uploads\/2020\/08\/GARDEON-foto-od-zakaznikov-17-scaled.jpg","type":"image\/jpeg"}],"author":"editor","twitter_card":"summary_large_image","twitter_misc":{"Napisane przez":"editor","Szacowany czas czytania":"4 minuty"},"schema":{"@context":"https:\/\/schema.org","@graph":[{"@type":"Article","@id":"https:\/\/gardeon.pl\/pl\/blog\/7-wskazowek-jak-zagospodarowac-otoczenie-domku-ogrodowego-i-garazu\/#article","isPartOf":{"@id":"https:\/\/gardeon.pl\/pl\/blog\/7-wskazowek-jak-zagospodarowac-otoczenie-domku-ogrodowego-i-garazu\/"},"author":{"name":"editor","@id":"https:\/\/gardeon.pl\/#\/schema\/person\/a5762ca5f0790bf92774af0899379463"},"headline":"7 wskaz\u00f3wek, jak zagospodarowa\u0107 otoczenie domku ogrodowego i gara\u017cu","datePublished":"2026-04-23T16:41:33+00:00","mainEntityOfPage":{"@id":"https:\/\/gardeon.pl\/pl\/blog\/7-wskazowek-jak-zagospodarowac-otoczenie-domku-ogrodowego-i-garazu\/"},"wordCount":821,"commentCount":0,"image":{"@id":"https:\/\/gardeon.pl\/pl\/blog\/7-wskazowek-jak-zagospodarowac-otoczenie-domku-ogrodowego-i-garazu\/#primaryimage"},"thumbnailUrl":"https:\/\/gardeon.pl\/wp-content\/uploads\/2020\/08\/GARDEON-foto-od-zakaznikov-17-scaled.jpg","articleSection":["Domki ogrodowe","Gara\u017ce blaszane","Inspiracje","Jak si\u0119 \u017cyje z GARDEON","Ogr\u00f3d"],"inLanguage":"pl-PL","potentialAction":[{"@type":"CommentAction","name":"Comment","target":["https:\/\/gardeon.pl\/pl\/blog\/7-wskazowek-jak-zagospodarowac-otoczenie-domku-ogrodowego-i-garazu\/#respond"]}]},{"@type":"WebPage","@id":"https:\/\/gardeon.pl\/pl\/blog\/7-wskazowek-jak-zagospodarowac-otoczenie-domku-ogrodowego-i-garazu\/","url":"https:\/\/gardeon.pl\/pl\/blog\/7-wskazowek-jak-zagospodarowac-otoczenie-domku-ogrodowego-i-garazu\/","name":"7 wskaz\u00f3wek, jak zagospodarowa\u0107 otoczenie domku ogrodowego i gara\u017cu - GARDEON","isPartOf":{"@id":"https:\/\/gardeon.pl\/#website"},"primaryImageOfPage":{"@id":"https:\/\/gardeon.pl\/pl\/blog\/7-wskazowek-jak-zagospodarowac-otoczenie-domku-ogrodowego-i-garazu\/#primaryimage"},"image":{"@id":"https:\/\/gardeon.pl\/pl\/blog\/7-wskazowek-jak-zagospodarowac-otoczenie-domku-ogrodowego-i-garazu\/#primaryimage"},"thumbnailUrl":"https:\/\/gardeon.pl\/wp-content\/uploads\/2020\/08\/GARDEON-foto-od-zakaznikov-17-scaled.jpg","datePublished":"2026-04-23T16:41:33+00:00","author":{"@id":"https:\/\/gardeon.pl\/#\/schema\/person\/a5762ca5f0790bf92774af0899379463"},"breadcrumb":{"@id":"https:\/\/gardeon.pl\/pl\/blog\/7-wskazowek-jak-zagospodarowac-otoczenie-domku-ogrodowego-i-garazu\/#breadcrumb"},"inLanguage":"pl-PL","potentialAction":[{"@type":"ReadAction","target":["https:\/\/gardeon.pl\/pl\/blog\/7-wskazowek-jak-zagospodarowac-otoczenie-domku-ogrodowego-i-garazu\/"]}]},{"@type":"ImageObject","inLanguage":"pl-PL","@id":"https:\/\/gardeon.pl\/pl\/blog\/7-wskazowek-jak-zagospodarowac-otoczenie-domku-ogrodowego-i-garazu\/#primaryimage","url":"https:\/\/gardeon.pl\/wp-content\/uploads\/2020\/08\/GARDEON-foto-od-zakaznikov-17-scaled.jpg","contentUrl":"https:\/\/gardeon.pl\/wp-content\/uploads\/2020\/08\/GARDEON-foto-od-zakaznikov-17-scaled.jpg","width":2560,"height":1920,"caption":"Domek ogrodowy z p\u0142askim dachem"},{"@type":"BreadcrumbList","@id":"https:\/\/gardeon.pl\/pl\/blog\/7-wskazowek-jak-zagospodarowac-otoczenie-domku-ogrodowego-i-garazu\/#breadcrumb","itemListElement":[{"@type":"ListItem","position":1,"name":"Domov","item":"https:\/\/gardeon.pl\/pl\/"},{"@type":"ListItem","position":2,"name":"7 wskaz\u00f3wek, jak zagospodarowa\u0107 otoczenie domku ogrodowego i gara\u017cu"}]},{"@type":"WebSite","@id":"https:\/\/gardeon.pl\/#website","url":"https:\/\/gardeon.pl\/","name":"GARDEON","description":"","potentialAction":[{"@type":"SearchAction","target":{"@type":"EntryPoint","urlTemplate":"https:\/\/gardeon.pl\/?s={search_term_string}"},"query-input":{"@type":"PropertyValueSpecification","valueRequired":true,"valueName":"search_term_string"}}],"inLanguage":"pl-PL"},{"@type":"Person","@id":"https:\/\/gardeon.pl\/#\/schema\/person\/a5762ca5f0790bf92774af0899379463","name":"editor","image":{"@type":"ImageObject","inLanguage":"pl-PL","@id":"https:\/\/secure.gravatar.com\/avatar\/2b748151c2c748327307fd289a91b3bdafdd9e64e2d000e65e53d6dcf11c5830?s=96&d=mm&r=g","url":"https:\/\/secure.gravatar.com\/avatar\/2b748151c2c748327307fd289a91b3bdafdd9e64e2d000e65e53d6dcf11c5830?s=96&d=mm&r=g","contentUrl":"https:\/\/secure.gravatar.com\/avatar\/2b748151c2c748327307fd289a91b3bdafdd9e64e2d000e65e53d6dcf11c5830?s=96&d=mm&r=g","caption":"editor"}}]}},"_links":{"self":[{"href":"https:\/\/gardeon.pl\/pl\/wp-json\/wp\/v2\/posts\/47617","targetHints":{"allow":["GET"]}}],"collection":[{"href":"https:\/\/gardeon.pl\/pl\/wp-json\/wp\/v2\/posts"}],"about":[{"href":"https:\/\/gardeon.pl\/pl\/wp-json\/wp\/v2\/types\/post"}],"author":[{"embeddable":true,"href":"https:\/\/gardeon.pl\/pl\/wp-json\/wp\/v2\/users\/2"}],"replies":[{"embeddable":true,"href":"https:\/\/gardeon.pl\/pl\/wp-json\/wp\/v2\/comments?post=47617"}],"version-history":[{"count":0,"href":"https:\/\/gardeon.pl\/pl\/wp-json\/wp\/v2\/posts\/47617\/revisions"}],"wp:featuredmedia":[{"embeddable":true,"href":"https:\/\/gardeon.pl\/pl\/wp-json\/wp\/v2\/media\/47620"}],"wp:attachment":[{"href":"https:\/\/gardeon.pl\/pl\/wp-json\/wp\/v2\/media?parent=47617"}],"wp:term":[{"taxonomy":"category","embeddable":true,"href":"https:\/\/gardeon.pl\/pl\/wp-json\/wp\/v2\/categories?post=47617"},{"taxonomy":"post_tag","embeddable":true,"href":"https:\/\/gardeon.pl\/pl\/wp-json\/wp\/v2\/tags?post=47617"}],"curies":[{"name":"wp","href":"https:\/\/api.w.org\/{rel}","templated":true}]}}