{"id":47640,"date":"2026-04-23T18:41:32","date_gmt":"2026-04-23T16:41:32","guid":{"rendered":"https:\/\/gardeon.pl\/?p=47640"},"modified":"2026-04-23T18:41:32","modified_gmt":"2026-04-23T16:41:32","slug":"wizyta-rasto-chvaly-w-gardeon","status":"publish","type":"post","link":"https:\/\/gardeon.pl\/pl\/blog\/wizyta-rasto-chvaly-w-gardeon\/","title":{"rendered":"Wizyta Ras\u0165o Chv\u00e1ly w GARDEON"},"content":{"rendered":"<p>Nasze centrum wystawowe odwiedzi\u0142 r\u00f3wnie\u017c <a href=\"http:\/\/garaz.tv\">Ras\u0165o Chv\u00e1la z GAR\u00c1\u017d.tv.<\/a><\/p>\n<p>Przyszed\u0142 nas ucieszy\u0107 i przejecha\u0107 si\u0119 najnowszym Porsche Taycan, a my podczas jazdy naprawd\u0119 krzyczeli\u2026 :)<\/p>\n<p><a href=\"http:\/\/gardeon.pl\/wp-content\/uploads\/2020\/11\/gardeon-rasto-chvala-4-scaled.jpg\"><img loading=\"lazy\" decoding=\"async\" class=\"aligncenter wp-image-29554\" src=\"http:\/\/gardeon.pl\/wp-content\/uploads\/2020\/11\/gardeon-rasto-chvala-4-scaled.jpg\" alt=\"Ras\u0165o Chv\u00e1la, Marek Choleva w showroomie GARDEON\" width=\"800\" height=\"600\" srcset=\"https:\/\/gardeon.pl\/wp-content\/uploads\/2020\/11\/gardeon-rasto-chvala-4-scaled.jpg 2560w, https:\/\/gardeon.pl\/wp-content\/uploads\/2020\/11\/gardeon-rasto-chvala-4-300x225.jpg 300w, https:\/\/gardeon.pl\/wp-content\/uploads\/2020\/11\/gardeon-rasto-chvala-4-1024x768.jpg 1024w, https:\/\/gardeon.pl\/wp-content\/uploads\/2020\/11\/gardeon-rasto-chvala-4-768x576.jpg 768w, https:\/\/gardeon.pl\/wp-content\/uploads\/2020\/11\/gardeon-rasto-chvala-4-1536x1152.jpg 1536w, https:\/\/gardeon.pl\/wp-content\/uploads\/2020\/11\/gardeon-rasto-chvala-4-2048x1536.jpg 2048w, https:\/\/gardeon.pl\/wp-content\/uploads\/2020\/11\/gardeon-rasto-chvala-4-scaled-1200x900.jpg 1200w\" sizes=\"auto, (max-width: 800px) 100vw, 800px\" \/><\/a><\/p>\n<p><a href=\"http:\/\/gardeon.pl\/wp-content\/uploads\/2020\/11\/gardeon-rasto-chvala-3-scaled-e1606306916943.jpg\"><img loading=\"lazy\" decoding=\"async\" class=\"aligncenter wp-image-29549\" src=\"http:\/\/gardeon.pl\/wp-content\/uploads\/2020\/11\/gardeon-rasto-chvala-3-scaled-e1606306916943.jpg\" alt=\"Czarne Porsche Taycan\" width=\"800\" height=\"600\"><\/a><\/p>\n<p><a href=\"http:\/\/gardeon.pl\/wp-content\/uploads\/2020\/11\/gardeon-rasto-chvala-2-scaled-e1606306905550.jpg\"><img loading=\"lazy\" decoding=\"async\" class=\"aligncenter wp-image-29547\" src=\"http:\/\/gardeon.pl\/wp-content\/uploads\/2020\/11\/gardeon-rasto-chvala-2-scaled-e1606306905550.jpg\" alt=\"Ras\u0165o Chv\u00e1la w elektrycznym Porsche Taycan\" width=\"800\" height=\"600\"><\/a><\/p>\n<p><a href=\"http:\/\/gardeon.pl\/wp-content\/uploads\/2020\/11\/gardeon-rasto-chvala-1-scaled-e1606306896632.jpg\"><img loading=\"lazy\" decoding=\"async\" class=\"aligncenter wp-image-29545\" src=\"http:\/\/gardeon.pl\/wp-content\/uploads\/2020\/11\/gardeon-rasto-chvala-1-scaled-e1606306896632.jpg\" alt=\"Ras\u0165o Chv\u00e1la w Porsche Taycan\" width=\"800\" height=\"600\"><\/a><\/p>\n<p>Ciekawe filmy r\u00f3wnie\u017c o gara\u017cach (a przede wszystkim o skarbach w nich) znajd\u0105 Pa\u0144stwo na kanale YouTube: <a href=\"https:\/\/www.youtube.com\/c\/RastoChvalaofficial\/featured\">https:\/\/www.youtube.com\/c\/RastoChvalaofficial\/<\/a><\/p>\n","protected":false},"excerpt":{"rendered":"<p>Nasze centrum wystawowe odwiedzi\u0142 r\u00f3wnie\u017c Ras\u0165o Chv\u00e1la z GAR\u00c1\u017d.tv. Przyszed\u0142 nas ucieszy\u0107 i przejecha\u0107 si\u0119 najnowszym Porsche Taycan, a my podczas jazdy naprawd\u0119 krzyczeli\u2026 :) Ciekawe filmy r\u00f3wnie\u017c o gara\u017cach (a przede wszystkim o skarbach w nich) znajd\u0105 Pa\u0144stwo na kanale YouTube: https:\/\/www.youtube.com\/c\/RastoChvalaofficial\/<\/p>\n","protected":false},"author":2,"featured_media":47642,"comment_status":"open","ping_status":"open","sticky":false,"template":"","format":"standard","meta":{"_acf_changed":false,"inline_featured_image":false,"footnotes":""},"categories":[593,631],"tags":[],"class_list":["post-47640","post","type-post","status-publish","format-standard","has-post-thumbnail","hentry","category-aktualnosci","category-inne"],"acf":[],"yoast_head":"<!-- This site is optimized with the Yoast SEO plugin v27.4 - https:\/\/yoast.com\/product\/yoast-seo-wordpress\/ -->\n<title>Wizyta Ras\u0165o Chv\u00e1ly w GARDEON | GARDEON<\/title>\n<meta name=\"robots\" content=\"index, follow, max-snippet:-1, max-image-preview:large, max-video-preview:-1\" \/>\n<link rel=\"canonical\" href=\"https:\/\/gardeon.pl\/pl\/blog\/wizyta-rasto-chvaly-w-gardeon\/\" \/>\n<meta property=\"og:locale\" content=\"pl_PL\" \/>\n<meta property=\"og:type\" content=\"article\" \/>\n<meta property=\"og:title\" content=\"Wizyta Ras\u0165o Chv\u00e1ly w GARDEON | GARDEON\" \/>\n<meta property=\"og:description\" content=\"Nasze centrum wystawowe odwiedzi\u0142 r\u00f3wnie\u017c Ras\u0165o Chv\u00e1la z GAR\u00c1\u017d.tv. Przyszed\u0142 nas ucieszy\u0107 i przejecha\u0107 si\u0119 najnowszym Porsche Taycan, a my podczas jazdy naprawd\u0119 krzyczeli\u2026 :) Ciekawe filmy r\u00f3wnie\u017c o gara\u017cach (a przede wszystkim o skarbach w nich) znajd\u0105 Pa\u0144stwo na kanale YouTube: https:\/\/www.youtube.com\/c\/RastoChvalaofficial\/\" \/>\n<meta property=\"og:url\" content=\"https:\/\/gardeon.pl\/pl\/blog\/wizyta-rasto-chvaly-w-gardeon\/\" \/>\n<meta property=\"og:site_name\" content=\"GARDEON\" \/>\n<meta property=\"article:published_time\" content=\"2026-04-23T16:41:32+00:00\" \/>\n<meta property=\"og:image\" content=\"http:\/\/gardeon.pl\/wp-content\/uploads\/2020\/11\/garaztv.jpg\" \/>\n\t<meta property=\"og:image:width\" content=\"1280\" \/>\n\t<meta property=\"og:image:height\" content=\"720\" \/>\n\t<meta property=\"og:image:type\" content=\"image\/jpeg\" \/>\n<meta name=\"author\" content=\"editor\" \/>\n<meta name=\"twitter:card\" content=\"summary_large_image\" \/>\n<meta name=\"twitter:label1\" content=\"Napisane przez\" \/>\n\t<meta name=\"twitter:data1\" content=\"editor\" \/>\n<script type=\"application\/ld+json\" class=\"yoast-schema-graph\">{\"@context\":\"https:\\\/\\\/schema.org\",\"@graph\":[{\"@type\":\"Article\",\"@id\":\"https:\\\/\\\/gardeon.pl\\\/pl\\\/blog\\\/wizyta-rasto-chvaly-w-gardeon\\\/#article\",\"isPartOf\":{\"@id\":\"https:\\\/\\\/gardeon.pl\\\/pl\\\/blog\\\/wizyta-rasto-chvaly-w-gardeon\\\/\"},\"author\":{\"name\":\"editor\",\"@id\":\"https:\\\/\\\/gardeon.pl\\\/#\\\/schema\\\/person\\\/a5762ca5f0790bf92774af0899379463\"},\"headline\":\"Wizyta Ras\u0165o Chv\u00e1ly w GARDEON\",\"datePublished\":\"2026-04-23T16:41:32+00:00\",\"mainEntityOfPage\":{\"@id\":\"https:\\\/\\\/gardeon.pl\\\/pl\\\/blog\\\/wizyta-rasto-chvaly-w-gardeon\\\/\"},\"wordCount\":61,\"commentCount\":0,\"image\":{\"@id\":\"https:\\\/\\\/gardeon.pl\\\/pl\\\/blog\\\/wizyta-rasto-chvaly-w-gardeon\\\/#primaryimage\"},\"thumbnailUrl\":\"https:\\\/\\\/gardeon.pl\\\/wp-content\\\/uploads\\\/2020\\\/11\\\/garaztv.jpg\",\"articleSection\":[\"Aktualno\u015bci\",\"Inne\"],\"inLanguage\":\"pl-PL\",\"potentialAction\":[{\"@type\":\"CommentAction\",\"name\":\"Comment\",\"target\":[\"https:\\\/\\\/gardeon.pl\\\/pl\\\/blog\\\/wizyta-rasto-chvaly-w-gardeon\\\/#respond\"]}]},{\"@type\":\"WebPage\",\"@id\":\"https:\\\/\\\/gardeon.pl\\\/pl\\\/blog\\\/wizyta-rasto-chvaly-w-gardeon\\\/\",\"url\":\"https:\\\/\\\/gardeon.pl\\\/pl\\\/blog\\\/wizyta-rasto-chvaly-w-gardeon\\\/\",\"name\":\"Wizyta Ras\u0165o Chv\u00e1ly w GARDEON | GARDEON\",\"isPartOf\":{\"@id\":\"https:\\\/\\\/gardeon.pl\\\/#website\"},\"primaryImageOfPage\":{\"@id\":\"https:\\\/\\\/gardeon.pl\\\/pl\\\/blog\\\/wizyta-rasto-chvaly-w-gardeon\\\/#primaryimage\"},\"image\":{\"@id\":\"https:\\\/\\\/gardeon.pl\\\/pl\\\/blog\\\/wizyta-rasto-chvaly-w-gardeon\\\/#primaryimage\"},\"thumbnailUrl\":\"https:\\\/\\\/gardeon.pl\\\/wp-content\\\/uploads\\\/2020\\\/11\\\/garaztv.jpg\",\"datePublished\":\"2026-04-23T16:41:32+00:00\",\"author\":{\"@id\":\"https:\\\/\\\/gardeon.pl\\\/#\\\/schema\\\/person\\\/a5762ca5f0790bf92774af0899379463\"},\"breadcrumb\":{\"@id\":\"https:\\\/\\\/gardeon.pl\\\/pl\\\/blog\\\/wizyta-rasto-chvaly-w-gardeon\\\/#breadcrumb\"},\"inLanguage\":\"pl-PL\",\"potentialAction\":[{\"@type\":\"ReadAction\",\"target\":[\"https:\\\/\\\/gardeon.pl\\\/pl\\\/blog\\\/wizyta-rasto-chvaly-w-gardeon\\\/\"]}]},{\"@type\":\"ImageObject\",\"inLanguage\":\"pl-PL\",\"@id\":\"https:\\\/\\\/gardeon.pl\\\/pl\\\/blog\\\/wizyta-rasto-chvaly-w-gardeon\\\/#primaryimage\",\"url\":\"https:\\\/\\\/gardeon.pl\\\/wp-content\\\/uploads\\\/2020\\\/11\\\/garaztv.jpg\",\"contentUrl\":\"https:\\\/\\\/gardeon.pl\\\/wp-content\\\/uploads\\\/2020\\\/11\\\/garaztv.jpg\",\"width\":1280,\"height\":720,\"caption\":\"logo garaztv\"},{\"@type\":\"BreadcrumbList\",\"@id\":\"https:\\\/\\\/gardeon.pl\\\/pl\\\/blog\\\/wizyta-rasto-chvaly-w-gardeon\\\/#breadcrumb\",\"itemListElement\":[{\"@type\":\"ListItem\",\"position\":1,\"name\":\"Domov\",\"item\":\"https:\\\/\\\/gardeon.pl\\\/pl\\\/\"},{\"@type\":\"ListItem\",\"position\":2,\"name\":\"Wizyta Ras\u0165o Chv\u00e1ly w GARDEON\"}]},{\"@type\":\"WebSite\",\"@id\":\"https:\\\/\\\/gardeon.pl\\\/#website\",\"url\":\"https:\\\/\\\/gardeon.pl\\\/\",\"name\":\"GARDEON\",\"description\":\"\",\"potentialAction\":[{\"@type\":\"SearchAction\",\"target\":{\"@type\":\"EntryPoint\",\"urlTemplate\":\"https:\\\/\\\/gardeon.pl\\\/?s={search_term_string}\"},\"query-input\":{\"@type\":\"PropertyValueSpecification\",\"valueRequired\":true,\"valueName\":\"search_term_string\"}}],\"inLanguage\":\"pl-PL\"},{\"@type\":\"Person\",\"@id\":\"https:\\\/\\\/gardeon.pl\\\/#\\\/schema\\\/person\\\/a5762ca5f0790bf92774af0899379463\",\"name\":\"editor\",\"image\":{\"@type\":\"ImageObject\",\"inLanguage\":\"pl-PL\",\"@id\":\"https:\\\/\\\/secure.gravatar.com\\\/avatar\\\/2b748151c2c748327307fd289a91b3bdafdd9e64e2d000e65e53d6dcf11c5830?s=96&d=mm&r=g\",\"url\":\"https:\\\/\\\/secure.gravatar.com\\\/avatar\\\/2b748151c2c748327307fd289a91b3bdafdd9e64e2d000e65e53d6dcf11c5830?s=96&d=mm&r=g\",\"contentUrl\":\"https:\\\/\\\/secure.gravatar.com\\\/avatar\\\/2b748151c2c748327307fd289a91b3bdafdd9e64e2d000e65e53d6dcf11c5830?s=96&d=mm&r=g\",\"caption\":\"editor\"}}]}<\/script>\n<!-- \/ Yoast SEO plugin. -->","yoast_head_json":{"title":"Wizyta Ras\u0165o Chv\u00e1ly w GARDEON | GARDEON","robots":{"index":"index","follow":"follow","max-snippet":"max-snippet:-1","max-image-preview":"max-image-preview:large","max-video-preview":"max-video-preview:-1"},"canonical":"https:\/\/gardeon.pl\/pl\/blog\/wizyta-rasto-chvaly-w-gardeon\/","og_locale":"pl_PL","og_type":"article","og_title":"Wizyta Ras\u0165o Chv\u00e1ly w GARDEON | GARDEON","og_description":"Nasze centrum wystawowe odwiedzi\u0142 r\u00f3wnie\u017c Ras\u0165o Chv\u00e1la z GAR\u00c1\u017d.tv. Przyszed\u0142 nas ucieszy\u0107 i przejecha\u0107 si\u0119 najnowszym Porsche Taycan, a my podczas jazdy naprawd\u0119 krzyczeli\u2026 :) Ciekawe filmy r\u00f3wnie\u017c o gara\u017cach (a przede wszystkim o skarbach w nich) znajd\u0105 Pa\u0144stwo na kanale YouTube: https:\/\/www.youtube.com\/c\/RastoChvalaofficial\/","og_url":"https:\/\/gardeon.pl\/pl\/blog\/wizyta-rasto-chvaly-w-gardeon\/","og_site_name":"GARDEON","article_published_time":"2026-04-23T16:41:32+00:00","og_image":[{"width":1280,"height":720,"url":"http:\/\/gardeon.pl\/wp-content\/uploads\/2020\/11\/garaztv.jpg","type":"image\/jpeg"}],"author":"editor","twitter_card":"summary_large_image","twitter_misc":{"Napisane przez":"editor"},"schema":{"@context":"https:\/\/schema.org","@graph":[{"@type":"Article","@id":"https:\/\/gardeon.pl\/pl\/blog\/wizyta-rasto-chvaly-w-gardeon\/#article","isPartOf":{"@id":"https:\/\/gardeon.pl\/pl\/blog\/wizyta-rasto-chvaly-w-gardeon\/"},"author":{"name":"editor","@id":"https:\/\/gardeon.pl\/#\/schema\/person\/a5762ca5f0790bf92774af0899379463"},"headline":"Wizyta Ras\u0165o Chv\u00e1ly w GARDEON","datePublished":"2026-04-23T16:41:32+00:00","mainEntityOfPage":{"@id":"https:\/\/gardeon.pl\/pl\/blog\/wizyta-rasto-chvaly-w-gardeon\/"},"wordCount":61,"commentCount":0,"image":{"@id":"https:\/\/gardeon.pl\/pl\/blog\/wizyta-rasto-chvaly-w-gardeon\/#primaryimage"},"thumbnailUrl":"https:\/\/gardeon.pl\/wp-content\/uploads\/2020\/11\/garaztv.jpg","articleSection":["Aktualno\u015bci","Inne"],"inLanguage":"pl-PL","potentialAction":[{"@type":"CommentAction","name":"Comment","target":["https:\/\/gardeon.pl\/pl\/blog\/wizyta-rasto-chvaly-w-gardeon\/#respond"]}]},{"@type":"WebPage","@id":"https:\/\/gardeon.pl\/pl\/blog\/wizyta-rasto-chvaly-w-gardeon\/","url":"https:\/\/gardeon.pl\/pl\/blog\/wizyta-rasto-chvaly-w-gardeon\/","name":"Wizyta Ras\u0165o Chv\u00e1ly w GARDEON | GARDEON","isPartOf":{"@id":"https:\/\/gardeon.pl\/#website"},"primaryImageOfPage":{"@id":"https:\/\/gardeon.pl\/pl\/blog\/wizyta-rasto-chvaly-w-gardeon\/#primaryimage"},"image":{"@id":"https:\/\/gardeon.pl\/pl\/blog\/wizyta-rasto-chvaly-w-gardeon\/#primaryimage"},"thumbnailUrl":"https:\/\/gardeon.pl\/wp-content\/uploads\/2020\/11\/garaztv.jpg","datePublished":"2026-04-23T16:41:32+00:00","author":{"@id":"https:\/\/gardeon.pl\/#\/schema\/person\/a5762ca5f0790bf92774af0899379463"},"breadcrumb":{"@id":"https:\/\/gardeon.pl\/pl\/blog\/wizyta-rasto-chvaly-w-gardeon\/#breadcrumb"},"inLanguage":"pl-PL","potentialAction":[{"@type":"ReadAction","target":["https:\/\/gardeon.pl\/pl\/blog\/wizyta-rasto-chvaly-w-gardeon\/"]}]},{"@type":"ImageObject","inLanguage":"pl-PL","@id":"https:\/\/gardeon.pl\/pl\/blog\/wizyta-rasto-chvaly-w-gardeon\/#primaryimage","url":"https:\/\/gardeon.pl\/wp-content\/uploads\/2020\/11\/garaztv.jpg","contentUrl":"https:\/\/gardeon.pl\/wp-content\/uploads\/2020\/11\/garaztv.jpg","width":1280,"height":720,"caption":"logo garaztv"},{"@type":"BreadcrumbList","@id":"https:\/\/gardeon.pl\/pl\/blog\/wizyta-rasto-chvaly-w-gardeon\/#breadcrumb","itemListElement":[{"@type":"ListItem","position":1,"name":"Domov","item":"https:\/\/gardeon.pl\/pl\/"},{"@type":"ListItem","position":2,"name":"Wizyta Ras\u0165o Chv\u00e1ly w GARDEON"}]},{"@type":"WebSite","@id":"https:\/\/gardeon.pl\/#website","url":"https:\/\/gardeon.pl\/","name":"GARDEON","description":"","potentialAction":[{"@type":"SearchAction","target":{"@type":"EntryPoint","urlTemplate":"https:\/\/gardeon.pl\/?s={search_term_string}"},"query-input":{"@type":"PropertyValueSpecification","valueRequired":true,"valueName":"search_term_string"}}],"inLanguage":"pl-PL"},{"@type":"Person","@id":"https:\/\/gardeon.pl\/#\/schema\/person\/a5762ca5f0790bf92774af0899379463","name":"editor","image":{"@type":"ImageObject","inLanguage":"pl-PL","@id":"https:\/\/secure.gravatar.com\/avatar\/2b748151c2c748327307fd289a91b3bdafdd9e64e2d000e65e53d6dcf11c5830?s=96&d=mm&r=g","url":"https:\/\/secure.gravatar.com\/avatar\/2b748151c2c748327307fd289a91b3bdafdd9e64e2d000e65e53d6dcf11c5830?s=96&d=mm&r=g","contentUrl":"https:\/\/secure.gravatar.com\/avatar\/2b748151c2c748327307fd289a91b3bdafdd9e64e2d000e65e53d6dcf11c5830?s=96&d=mm&r=g","caption":"editor"}}]}},"_links":{"self":[{"href":"https:\/\/gardeon.pl\/pl\/wp-json\/wp\/v2\/posts\/47640","targetHints":{"allow":["GET"]}}],"collection":[{"href":"https:\/\/gardeon.pl\/pl\/wp-json\/wp\/v2\/posts"}],"about":[{"href":"https:\/\/gardeon.pl\/pl\/wp-json\/wp\/v2\/types\/post"}],"author":[{"embeddable":true,"href":"https:\/\/gardeon.pl\/pl\/wp-json\/wp\/v2\/users\/2"}],"replies":[{"embeddable":true,"href":"https:\/\/gardeon.pl\/pl\/wp-json\/wp\/v2\/comments?post=47640"}],"version-history":[{"count":0,"href":"https:\/\/gardeon.pl\/pl\/wp-json\/wp\/v2\/posts\/47640\/revisions"}],"wp:featuredmedia":[{"embeddable":true,"href":"https:\/\/gardeon.pl\/pl\/wp-json\/wp\/v2\/media\/47642"}],"wp:attachment":[{"href":"https:\/\/gardeon.pl\/pl\/wp-json\/wp\/v2\/media?parent=47640"}],"wp:term":[{"taxonomy":"category","embeddable":true,"href":"https:\/\/gardeon.pl\/pl\/wp-json\/wp\/v2\/categories?post=47640"},{"taxonomy":"post_tag","embeddable":true,"href":"https:\/\/gardeon.pl\/pl\/wp-json\/wp\/v2\/tags?post=47640"}],"curies":[{"name":"wp","href":"https:\/\/api.w.org\/{rel}","templated":true}]}}