{"id":47654,"date":"2026-04-23T17:42:08","date_gmt":"2026-04-23T15:42:08","guid":{"rendered":"https:\/\/gardeon.pl\/blog\/lawka-gardeon-co-stoi-za-jej-powstaniem\/"},"modified":"2026-04-23T18:41:31","modified_gmt":"2026-04-23T16:41:31","slug":"lawka-gardeon-co-stoi-za-jej-powstaniem","status":"publish","type":"post","link":"https:\/\/gardeon.pl\/pl\/blog\/lawka-gardeon-co-stoi-za-jej-powstaniem\/","title":{"rendered":"\u0141awka GARDEON. Co stoi za jej powstaniem?"},"content":{"rendered":"<p><i><span style=\"font-weight: 400;\">To naprawd\u0119 nie do przeoczenia \u0142awka. Stoi <\/span><\/i><a href=\"https:\/\/www.google.com\/maps\/place\/Lavi%C4%8Dka+GARDEON+nad+Kl%C3%A1%C5%A1torom+pod+Znievom\/@48.9830142,18.8023569,15z\/data=!4m5!3m4!1s0x0:0xca3666aa59d6c832!8m2!3d48.9830142!4d18.8023569\"><i><span style=\"font-weight: 400;\">na wzg\u00f3rzu ko\u0142o Kl\u00e1\u0161tora pod Znievom<\/span><\/i><\/a><i><span style=\"font-weight: 400;\"> i na pierwszy rzut oka, nawet jej \u201esiedzisko\u201d wygl\u0105da jak mebel z krainy olbrzym\u00f3w \u2013 je\u015bli chcieliby Pa\u0144stwo na niej usi\u0105\u015b\u0107, nogi b\u0119d\u0105 Pa\u0144stwo hu\u015bta\u0107 jak przedszkolak na sto\u0142ku barowym. Jaka jest jednak prawdziwa historia tej \u0142awki XXL?<\/span><\/i><\/p>\n<p><!--more--><\/p>\n<p><a href=\"http:\/\/gardeon.pl\/wp-content\/uploads\/2020\/12\/gardeon-lavicka-25.jpg\"><img loading=\"lazy\" decoding=\"async\" class=\"aligncenter wp-image-29648\" src=\"http:\/\/gardeon.pl\/wp-content\/uploads\/2020\/12\/gardeon-lavicka-25.jpg\" alt=\"Gotowa \u0142awka GARDEON na g\u00f3rze\" width=\"800\" height=\"600\" srcset=\"https:\/\/gardeon.pl\/wp-content\/uploads\/2020\/12\/gardeon-lavicka-25.jpg 1500w, https:\/\/gardeon.pl\/wp-content\/uploads\/2020\/12\/gardeon-lavicka-25-300x225.jpg 300w, https:\/\/gardeon.pl\/wp-content\/uploads\/2020\/12\/gardeon-lavicka-25-1024x768.jpg 1024w, https:\/\/gardeon.pl\/wp-content\/uploads\/2020\/12\/gardeon-lavicka-25-768x576.jpg 768w\" sizes=\"auto, (max-width: 800px) 100vw, 800px\" \/><\/a><\/p>\n<p><a href=\"http:\/\/gardeon.pl\/wp-content\/uploads\/2020\/12\/gardeon-lavicka-31.jpg\"><img loading=\"lazy\" decoding=\"async\" class=\"aligncenter wp-image-29660\" src=\"http:\/\/gardeon.pl\/wp-content\/uploads\/2020\/12\/gardeon-lavicka-31.jpg\" alt=\"Gotowa \u0142awka GARDEON na wzg\u00f3rzu\" width=\"800\" height=\"600\" srcset=\"https:\/\/gardeon.pl\/wp-content\/uploads\/2020\/12\/gardeon-lavicka-31.jpg 1500w, https:\/\/gardeon.pl\/wp-content\/uploads\/2020\/12\/gardeon-lavicka-31-300x225.jpg 300w, https:\/\/gardeon.pl\/wp-content\/uploads\/2020\/12\/gardeon-lavicka-31-1024x768.jpg 1024w, https:\/\/gardeon.pl\/wp-content\/uploads\/2020\/12\/gardeon-lavicka-31-768x576.jpg 768w\" sizes=\"auto, (max-width: 800px) 100vw, 800px\" \/><\/a><\/p>\n<p><a href=\"http:\/\/gardeon.pl\/wp-content\/uploads\/2020\/12\/gardeon-lavicka-30.jpg\"><img loading=\"lazy\" decoding=\"async\" class=\"aligncenter wp-image-29658\" src=\"http:\/\/gardeon.pl\/wp-content\/uploads\/2020\/12\/gardeon-lavicka-30.jpg\" alt=\"Gotowa \u0142awka GARDEON na wzg\u00f3rzu\" width=\"800\" height=\"600\" srcset=\"https:\/\/gardeon.pl\/wp-content\/uploads\/2020\/12\/gardeon-lavicka-30.jpg 1500w, https:\/\/gardeon.pl\/wp-content\/uploads\/2020\/12\/gardeon-lavicka-30-300x225.jpg 300w, https:\/\/gardeon.pl\/wp-content\/uploads\/2020\/12\/gardeon-lavicka-30-1024x768.jpg 1024w, https:\/\/gardeon.pl\/wp-content\/uploads\/2020\/12\/gardeon-lavicka-30-768x576.jpg 768w\" sizes=\"auto, (max-width: 800px) 100vw, 800px\" \/><\/a><\/p>\n<p><span style=\"font-weight: 400;\">Je\u015bli wybior\u0105 si\u0119 Pa\u0144stwo do <\/span><a href=\"https:\/\/www.google.com\/maps\/place\/Lavi%C4%8Dka+GARDEON+nad+Kl%C3%A1%C5%A1torom+pod+Znievom\/@48.9830142,18.8023569,15z\/data=!4m5!3m4!1s0x0:0xca3666aa59d6c832!8m2!3d48.9830142!4d18.8023569\"><span style=\"font-weight: 400;\">Kl\u00e1\u0161tora pod Znievom<\/span><\/a><span style=\"font-weight: 400;\">, ju\u017c z daleka zobacz\u0105 Pa\u0144stwo ogromn\u0105 drewnian\u0105 \u0142awk\u0119 na \u0142\u0105ce nad wsi\u0105. Stoi tam od wrze\u015bnia i zosta\u0142a zbudowana przez naszych pracownik\u00f3w \u2013 zazwyczaj montuj\u0105 oni stalowe gara\u017ce, tym razem zmierzyli si\u0119 z drewnianymi belkami \u201e30 na 30\u201d.<\/span><\/p>\n<p><a href=\"http:\/\/gardeon.pl\/wp-content\/uploads\/2020\/12\/gardeon-lavicka-32.jpg\"><img loading=\"lazy\" decoding=\"async\" class=\"aligncenter wp-image-29662\" src=\"http:\/\/gardeon.pl\/wp-content\/uploads\/2020\/12\/gardeon-lavicka-32.jpg\" alt=\"Widok na \u0142awk\u0119 GARDEON z do\u0142u\" width=\"800\" height=\"1067\" srcset=\"https:\/\/gardeon.pl\/wp-content\/uploads\/2020\/12\/gardeon-lavicka-32.jpg 1500w, https:\/\/gardeon.pl\/wp-content\/uploads\/2020\/12\/gardeon-lavicka-32-225x300.jpg 225w, https:\/\/gardeon.pl\/wp-content\/uploads\/2020\/12\/gardeon-lavicka-32-768x1024.jpg 768w, https:\/\/gardeon.pl\/wp-content\/uploads\/2020\/12\/gardeon-lavicka-32-1152x1536.jpg 1152w\" sizes=\"auto, (max-width: 800px) 100vw, 800px\" \/><\/a><\/p>\n<p><a href=\"http:\/\/gardeon.pl\/wp-content\/uploads\/2020\/12\/gardeon-lavicka-33.jpg\"><img loading=\"lazy\" decoding=\"async\" class=\"aligncenter wp-image-29664\" src=\"http:\/\/gardeon.pl\/wp-content\/uploads\/2020\/12\/gardeon-lavicka-33.jpg\" alt=\"Ludzie siedz\u0105 na \u0142awce\" width=\"800\" height=\"600\" srcset=\"https:\/\/gardeon.pl\/wp-content\/uploads\/2020\/12\/gardeon-lavicka-33.jpg 1500w, https:\/\/gardeon.pl\/wp-content\/uploads\/2020\/12\/gardeon-lavicka-33-300x225.jpg 300w, https:\/\/gardeon.pl\/wp-content\/uploads\/2020\/12\/gardeon-lavicka-33-1024x768.jpg 1024w, https:\/\/gardeon.pl\/wp-content\/uploads\/2020\/12\/gardeon-lavicka-33-768x576.jpg 768w\" sizes=\"auto, (max-width: 800px) 100vw, 800px\" \/><\/a><\/p>\n<p><a href=\"http:\/\/gardeon.pl\/wp-content\/uploads\/2020\/12\/gardeon-lavicka-34.jpg\"><img loading=\"lazy\" decoding=\"async\" class=\"aligncenter wp-image-29666\" src=\"http:\/\/gardeon.pl\/wp-content\/uploads\/2020\/12\/gardeon-lavicka-34.jpg\" alt=\"Ludzie siedz\u0105 na \u0142awce GARDEON\" width=\"800\" height=\"1067\" srcset=\"https:\/\/gardeon.pl\/wp-content\/uploads\/2020\/12\/gardeon-lavicka-34.jpg 1500w, https:\/\/gardeon.pl\/wp-content\/uploads\/2020\/12\/gardeon-lavicka-34-225x300.jpg 225w, https:\/\/gardeon.pl\/wp-content\/uploads\/2020\/12\/gardeon-lavicka-34-768x1024.jpg 768w, https:\/\/gardeon.pl\/wp-content\/uploads\/2020\/12\/gardeon-lavicka-34-1152x1536.jpg 1152w\" sizes=\"auto, (max-width: 800px) 100vw, 800px\" \/><\/a><\/p>\n<p><span style=\"font-weight: 400;\">Dlaczego w\u0142a\u015bciwie? Za tym niezwyk\u0142ym pomys\u0142em stoj\u0105 nasi szefowie, bracia Martin i Marek Cholevowie. Kiedy Martin by\u0142 ma\u0142y, chodzi\u0142 w\u0142a\u015bnie w to miejsce na spacery z ojcem. Niestety, jego ojciec z powodu problem\u00f3w zdrowotnych nie mo\u017ce ju\u017c chodzi\u0107, wi\u0119c Martin postanowi\u0142 zbudowa\u0107 tam \u0142awk\u0119, kt\u00f3ra przypomina\u0142aby mu spacery z ojcem i by\u0142aby miejscem, gdzie m\u00f3g\u0142by odpocz\u0105\u0107, podziwia\u0107 okolic\u0119, poczyta\u0107 ksi\u0105\u017ck\u0119&#8230;   <\/span><\/p>\n<p><span style=\"font-weight: 400;\">Jednak bracia Cholevowie lubi\u0105 niezwyk\u0142e rzeczy i nie zadowolili si\u0119 zwyk\u0142\u0105 \u0142awk\u0105. I tak powsta\u0142 wsp\u00f3lny pomys\u0142, aby zbudowa\u0107 naprawd\u0119 <\/span><a href=\"https:\/\/www.google.com\/maps\/place\/Lavi%C4%8Dka+GARDEON+nad+Kl%C3%A1%C5%A1torom+pod+Znievom\/@48.9830142,18.8023569,15z\/data=!4m5!3m4!1s0x0:0xca3666aa59d6c832!8m2!3d48.9830142!4d18.8023569\"><span style=\"font-weight: 400;\">wielk\u0105 \u0142awk\u0119<\/span><\/a><span style=\"font-weight: 400;\">: \u201eNa du\u017c\u0105 g\u00f3r\u0119 pasuje przecie\u017c du\u017ca \u0142awka. Ma\u0142ej nawet nie by\u0142oby tu dobrze wida\u0107\u201d, \u015bmieje si\u0119 Martin.<\/span><\/p>\n<h2><b>Zobaczcie Pa\u0144stwo razem z nami, jak krok po kroku zbudowali\u015bmy t\u0119 mega \u0142awk\u0119.<\/b><\/h2>\n<div class=\"iframe-outer-container\">\n<div class=\"iframe-container\"><iframe loading=\"lazy\" title=\"GARDEON | Ako sa stavala lavi\u010dka GARDEON?\" width=\"1100\" height=\"619\" src=\"https:\/\/www.youtube.com\/embed\/cnB1Qo4Lf_Q?feature=oembed\" frameborder=\"0\" allow=\"accelerometer; autoplay; clipboard-write; encrypted-media; gyroscope; picture-in-picture; web-share\" referrerpolicy=\"strict-origin-when-cross-origin\" allowfullscreen><\/iframe><\/div>\n<\/div>\n<p><span style=\"font-weight: 400;\">Czy rozpoznaj\u0105 Pa\u0144stwo ten samoch\u00f3d dostawczy z artyku\u0142u \u201e<\/span><a href=\"https:\/\/gardeon.pl\/pl\/kontakt\/o-nas\/\"><span style=\"font-weight: 400;\">o nas<\/span><\/a><span style=\"font-weight: 400;\">\u201d? Tak, to nasz pierwszy Mercedes Sprinter, z kt\u00f3rym wi\u0105\u017c\u0105 si\u0119 <\/span><a href=\"https:\/\/gardeon.pl\/pl\/kontakt\/o-nas\/\"><span style=\"font-weight: 400;\">nasze pocz\u0105tki<\/span><\/a><span style=\"font-weight: 400;\">.<\/span><\/p>\n<p><img loading=\"lazy\" decoding=\"async\" class=\"aligncenter wp-image-29600\" src=\"http:\/\/gardeon.pl\/wp-content\/uploads\/2020\/12\/gardeon-lavicka-1.jpg\" alt=\"Drewno za\u0142adowane na samoch\u00f3d\" width=\"800\" height=\"1067\" srcset=\"https:\/\/gardeon.pl\/wp-content\/uploads\/2020\/12\/gardeon-lavicka-1.jpg 1500w, https:\/\/gardeon.pl\/wp-content\/uploads\/2020\/12\/gardeon-lavicka-1-225x300.jpg 225w, https:\/\/gardeon.pl\/wp-content\/uploads\/2020\/12\/gardeon-lavicka-1-768x1024.jpg 768w, https:\/\/gardeon.pl\/wp-content\/uploads\/2020\/12\/gardeon-lavicka-1-1152x1536.jpg 1152w\" sizes=\"auto, (max-width: 800px) 100vw, 800px\" \/><\/p>\n<p><img loading=\"lazy\" decoding=\"async\" class=\"aligncenter wp-image-29602\" src=\"http:\/\/gardeon.pl\/wp-content\/uploads\/2020\/12\/gardeon-lavicka-2.jpg\" alt=\"Drewno do budowy \u0142awki\" width=\"800\" height=\"1067\" srcset=\"https:\/\/gardeon.pl\/wp-content\/uploads\/2020\/12\/gardeon-lavicka-2.jpg 1500w, https:\/\/gardeon.pl\/wp-content\/uploads\/2020\/12\/gardeon-lavicka-2-225x300.jpg 225w, https:\/\/gardeon.pl\/wp-content\/uploads\/2020\/12\/gardeon-lavicka-2-768x1024.jpg 768w, https:\/\/gardeon.pl\/wp-content\/uploads\/2020\/12\/gardeon-lavicka-2-1152x1536.jpg 1152w\" sizes=\"auto, (max-width: 800px) 100vw, 800px\" \/><\/p>\n<p><span style=\"font-weight: 400;\">Ch\u0142opaki sumiennie pracuj\u0105, to si\u0119 nazywa praca zespo\u0142owa.<\/span><\/p>\n<p><img loading=\"lazy\" decoding=\"async\" class=\"aligncenter wp-image-29604\" src=\"http:\/\/gardeon.pl\/wp-content\/uploads\/2020\/12\/gardeon-lavicka-3.jpg\" alt=\"Przebieg budowy \u0142awki GARDEON\" width=\"800\" height=\"600\" srcset=\"https:\/\/gardeon.pl\/wp-content\/uploads\/2020\/12\/gardeon-lavicka-3.jpg 1500w, https:\/\/gardeon.pl\/wp-content\/uploads\/2020\/12\/gardeon-lavicka-3-300x225.jpg 300w, https:\/\/gardeon.pl\/wp-content\/uploads\/2020\/12\/gardeon-lavicka-3-1024x768.jpg 1024w, https:\/\/gardeon.pl\/wp-content\/uploads\/2020\/12\/gardeon-lavicka-3-768x576.jpg 768w\" sizes=\"auto, (max-width: 800px) 100vw, 800px\" \/><\/p>\n<p><a href=\"http:\/\/gardeon.pl\/wp-content\/uploads\/2020\/12\/gardeon-lavick-4.jpg\"><img loading=\"lazy\" decoding=\"async\" class=\"aligncenter wp-image-29606\" src=\"http:\/\/gardeon.pl\/wp-content\/uploads\/2020\/12\/gardeon-lavick-4.jpg\" alt=\"Przebieg budowy \u0142awki GARDEON\" width=\"800\" height=\"600\" srcset=\"https:\/\/gardeon.pl\/wp-content\/uploads\/2020\/12\/gardeon-lavick-4.jpg 1500w, https:\/\/gardeon.pl\/wp-content\/uploads\/2020\/12\/gardeon-lavick-4-300x225.jpg 300w, https:\/\/gardeon.pl\/wp-content\/uploads\/2020\/12\/gardeon-lavick-4-1024x768.jpg 1024w, https:\/\/gardeon.pl\/wp-content\/uploads\/2020\/12\/gardeon-lavick-4-768x576.jpg 768w\" sizes=\"auto, (max-width: 800px) 100vw, 800px\" \/><\/a><\/p>\n<p><span style=\"font-weight: 400;\">Najpierw montujemy oparcie.<\/span><\/p>\n<p><a href=\"http:\/\/gardeon.pl\/wp-content\/uploads\/2020\/12\/gardeon-lavicka-5.jpg\"><img loading=\"lazy\" decoding=\"async\" class=\"aligncenter wp-image-29608\" src=\"http:\/\/gardeon.pl\/wp-content\/uploads\/2020\/12\/gardeon-lavicka-5.jpg\" alt=\"Przebieg budowy \u0142awki GARDEON\" width=\"800\" height=\"600\" srcset=\"https:\/\/gardeon.pl\/wp-content\/uploads\/2020\/12\/gardeon-lavicka-5.jpg 1500w, https:\/\/gardeon.pl\/wp-content\/uploads\/2020\/12\/gardeon-lavicka-5-300x225.jpg 300w, https:\/\/gardeon.pl\/wp-content\/uploads\/2020\/12\/gardeon-lavicka-5-1024x768.jpg 1024w, https:\/\/gardeon.pl\/wp-content\/uploads\/2020\/12\/gardeon-lavicka-5-768x576.jpg 768w\" sizes=\"auto, (max-width: 800px) 100vw, 800px\" \/><\/a><\/p>\n<p><a href=\"http:\/\/gardeon.pl\/wp-content\/uploads\/2020\/12\/gardeon-lavicka.6.jpg\"><img loading=\"lazy\" decoding=\"async\" class=\"aligncenter wp-image-29610\" src=\"http:\/\/gardeon.pl\/wp-content\/uploads\/2020\/12\/gardeon-lavicka.6.jpg\" alt=\"Przebieg budowy \u0142awki GARDEON\" width=\"800\" height=\"600\" srcset=\"https:\/\/gardeon.pl\/wp-content\/uploads\/2020\/12\/gardeon-lavicka.6.jpg 1500w, https:\/\/gardeon.pl\/wp-content\/uploads\/2020\/12\/gardeon-lavicka.6-300x225.jpg 300w, https:\/\/gardeon.pl\/wp-content\/uploads\/2020\/12\/gardeon-lavicka.6-1024x768.jpg 1024w, https:\/\/gardeon.pl\/wp-content\/uploads\/2020\/12\/gardeon-lavicka.6-768x576.jpg 768w\" sizes=\"auto, (max-width: 800px) 100vw, 800px\" \/><\/a><\/p>\n<p><a href=\"http:\/\/gardeon.pl\/wp-content\/uploads\/2020\/12\/gardeon-lavicka-7.jpg\"><img loading=\"lazy\" decoding=\"async\" class=\"aligncenter wp-image-29612\" src=\"http:\/\/gardeon.pl\/wp-content\/uploads\/2020\/12\/gardeon-lavicka-7.jpg\" alt=\"Przebieg budowy \u0142awki GARDEON\" width=\"800\" height=\"600\" srcset=\"https:\/\/gardeon.pl\/wp-content\/uploads\/2020\/12\/gardeon-lavicka-7.jpg 1500w, https:\/\/gardeon.pl\/wp-content\/uploads\/2020\/12\/gardeon-lavicka-7-300x225.jpg 300w, https:\/\/gardeon.pl\/wp-content\/uploads\/2020\/12\/gardeon-lavicka-7-1024x768.jpg 1024w, https:\/\/gardeon.pl\/wp-content\/uploads\/2020\/12\/gardeon-lavicka-7-768x576.jpg 768w\" sizes=\"auto, (max-width: 800px) 100vw, 800px\" \/><\/a><\/p>\n<p><a href=\"http:\/\/gardeon.pl\/wp-content\/uploads\/2020\/12\/gardeon-lavicka-8.jpg\"><img loading=\"lazy\" decoding=\"async\" class=\"aligncenter wp-image-29614\" src=\"http:\/\/gardeon.pl\/wp-content\/uploads\/2020\/12\/gardeon-lavicka-8.jpg\" alt=\"Przebieg budowy \u0142awki GARDEON\" width=\"800\" height=\"600\" srcset=\"https:\/\/gardeon.pl\/wp-content\/uploads\/2020\/12\/gardeon-lavicka-8.jpg 1500w, https:\/\/gardeon.pl\/wp-content\/uploads\/2020\/12\/gardeon-lavicka-8-300x225.jpg 300w, https:\/\/gardeon.pl\/wp-content\/uploads\/2020\/12\/gardeon-lavicka-8-1024x768.jpg 1024w, https:\/\/gardeon.pl\/wp-content\/uploads\/2020\/12\/gardeon-lavicka-8-768x576.jpg 768w\" sizes=\"auto, (max-width: 800px) 100vw, 800px\" \/><\/a><\/p>\n<p><a href=\"http:\/\/gardeon.pl\/wp-content\/uploads\/2020\/12\/gardeon-lavicka-9.jpg\"><img loading=\"lazy\" decoding=\"async\" class=\"aligncenter wp-image-29616\" src=\"http:\/\/gardeon.pl\/wp-content\/uploads\/2020\/12\/gardeon-lavicka-9.jpg\" alt=\"D\u0142ugie gwo\u017adzie do budowy \u0142awki\" width=\"800\" height=\"600\" srcset=\"https:\/\/gardeon.pl\/wp-content\/uploads\/2020\/12\/gardeon-lavicka-9.jpg 1500w, https:\/\/gardeon.pl\/wp-content\/uploads\/2020\/12\/gardeon-lavicka-9-300x225.jpg 300w, https:\/\/gardeon.pl\/wp-content\/uploads\/2020\/12\/gardeon-lavicka-9-1024x768.jpg 1024w, https:\/\/gardeon.pl\/wp-content\/uploads\/2020\/12\/gardeon-lavicka-9-768x576.jpg 768w\" sizes=\"auto, (max-width: 800px) 100vw, 800px\" \/><\/a><\/p>\n<p><a href=\"http:\/\/gardeon.pl\/wp-content\/uploads\/2020\/12\/gardeon-lavicka-10.jpg\"><img loading=\"lazy\" decoding=\"async\" class=\"aligncenter wp-image-29618\" src=\"http:\/\/gardeon.pl\/wp-content\/uploads\/2020\/12\/gardeon-lavicka-10.jpg\" alt=\"Przebieg budowy \u0142awki GARDEON\" width=\"800\" height=\"1067\" srcset=\"https:\/\/gardeon.pl\/wp-content\/uploads\/2020\/12\/gardeon-lavicka-10.jpg 1500w, https:\/\/gardeon.pl\/wp-content\/uploads\/2020\/12\/gardeon-lavicka-10-225x300.jpg 225w, https:\/\/gardeon.pl\/wp-content\/uploads\/2020\/12\/gardeon-lavicka-10-768x1024.jpg 768w, https:\/\/gardeon.pl\/wp-content\/uploads\/2020\/12\/gardeon-lavicka-10-1152x1536.jpg 1152w\" sizes=\"auto, (max-width: 800px) 100vw, 800px\" \/><\/a><\/p>\n<p><img loading=\"lazy\" decoding=\"async\" class=\"aligncenter wp-image-29620\" src=\"http:\/\/gardeon.pl\/wp-content\/uploads\/2020\/12\/gardeon-lavicka-11.jpg\" alt=\"D\u0142ugie gwo\u017adzie do monta\u017cu \u0142awki GARDEON\" width=\"800\" height=\"1067\" srcset=\"https:\/\/gardeon.pl\/wp-content\/uploads\/2020\/12\/gardeon-lavicka-11.jpg 1500w, https:\/\/gardeon.pl\/wp-content\/uploads\/2020\/12\/gardeon-lavicka-11-225x300.jpg 225w, https:\/\/gardeon.pl\/wp-content\/uploads\/2020\/12\/gardeon-lavicka-11-768x1024.jpg 768w, https:\/\/gardeon.pl\/wp-content\/uploads\/2020\/12\/gardeon-lavicka-11-1152x1536.jpg 1152w\" sizes=\"auto, (max-width: 800px) 100vw, 800px\" \/><\/p>\n<p><span style=\"font-weight: 400;\">Podk\u0142adka wielko\u015bci d\u0142oni.<\/span><\/p>\n<p><img loading=\"lazy\" decoding=\"async\" class=\"aligncenter wp-image-29622\" src=\"http:\/\/gardeon.pl\/wp-content\/uploads\/2020\/12\/gardeon-lavicka-12.jpg\" alt=\"Elementy do budowy \u0142awki\" width=\"800\" height=\"1067\" srcset=\"https:\/\/gardeon.pl\/wp-content\/uploads\/2020\/12\/gardeon-lavicka-12.jpg 1500w, https:\/\/gardeon.pl\/wp-content\/uploads\/2020\/12\/gardeon-lavicka-12-225x300.jpg 225w, https:\/\/gardeon.pl\/wp-content\/uploads\/2020\/12\/gardeon-lavicka-12-768x1024.jpg 768w, https:\/\/gardeon.pl\/wp-content\/uploads\/2020\/12\/gardeon-lavicka-12-1152x1536.jpg 1152w\" sizes=\"auto, (max-width: 800px) 100vw, 800px\" \/><\/p>\n<p><a href=\"http:\/\/gardeon.pl\/wp-content\/uploads\/2020\/12\/gardeon-lavicka-13.jpg\"><img loading=\"lazy\" decoding=\"async\" class=\"aligncenter wp-image-29624\" src=\"http:\/\/gardeon.pl\/wp-content\/uploads\/2020\/12\/gardeon-lavicka-13.jpg\" alt=\"Pude\u0142ko z d\u0142ugimi gwo\u017adziami\" width=\"800\" height=\"1067\" srcset=\"https:\/\/gardeon.pl\/wp-content\/uploads\/2020\/12\/gardeon-lavicka-13.jpg 1500w, https:\/\/gardeon.pl\/wp-content\/uploads\/2020\/12\/gardeon-lavicka-13-225x300.jpg 225w, https:\/\/gardeon.pl\/wp-content\/uploads\/2020\/12\/gardeon-lavicka-13-768x1024.jpg 768w, https:\/\/gardeon.pl\/wp-content\/uploads\/2020\/12\/gardeon-lavicka-13-1152x1536.jpg 1152w\" sizes=\"auto, (max-width: 800px) 100vw, 800px\" \/><\/a><\/p>\n<p><span style=\"font-weight: 400;\">Dlatego te\u017c <\/span><a href=\"https:\/\/www.google.com\/maps\/place\/Lavi%C4%8Dka+GARDEON+nad+Kl%C3%A1%C5%A1torom+pod+Znievom\/@48.9830142,18.8023569,15z\/data=!4m5!3m4!1s0x0:0xca3666aa59d6c832!8m2!3d48.9830142!4d18.8023569\"><span style=\"font-weight: 400;\">nad Kl\u00e1\u0161torem pod Znievom stoi \u0142awka GARDEON<\/span><\/a><span style=\"font-weight: 400;\">, kt\u00f3ra wa\u017cy ponad 3 tony, ma ponad 3 metry wysoko\u015bci i ponad 5 metr\u00f3w d\u0142ugo\u015bci. Martin i Marek co prawda tego nie planowali, ale dzi\u0119ki ich pomys\u0142owi niegdy\u015b pusta \u0142\u0105ka zmieni\u0142a si\u0119 w miejsce, do kt\u00f3rego ludzie ch\u0119tnie przychodz\u0105. \u201eCiesz\u0119 si\u0119 z tego, poniewa\u017c \u0142awk\u0119 zbudowali\u015bmy dla ludzi. Cieszy nas, \u017ce im si\u0119 podoba, \u017ce maj\u0105 cel spaceru i pow\u00f3d, by wyj\u015b\u0107 na \u0142ono natury, \u017ce mog\u0105 podziwia\u0107 tutejszy widok&#8230; Bo to naprawd\u0119 pi\u0119kne miejsce\u201d, m\u00f3wi starszy z braci.<\/span><\/p>\n<p><a href=\"http:\/\/gardeon.pl\/wp-content\/uploads\/2020\/12\/gardeon-lavicka-14.jpg\"><img loading=\"lazy\" decoding=\"async\" class=\"aligncenter wp-image-29626\" src=\"http:\/\/gardeon.pl\/wp-content\/uploads\/2020\/12\/gardeon-lavicka-14.jpg\" alt=\"Przebieg budowy \u0142awki GARDEON\" width=\"800\" height=\"600\" srcset=\"https:\/\/gardeon.pl\/wp-content\/uploads\/2020\/12\/gardeon-lavicka-14.jpg 1500w, https:\/\/gardeon.pl\/wp-content\/uploads\/2020\/12\/gardeon-lavicka-14-300x225.jpg 300w, https:\/\/gardeon.pl\/wp-content\/uploads\/2020\/12\/gardeon-lavicka-14-1024x768.jpg 1024w, https:\/\/gardeon.pl\/wp-content\/uploads\/2020\/12\/gardeon-lavicka-14-768x576.jpg 768w\" sizes=\"auto, (max-width: 800px) 100vw, 800px\" \/><\/a><\/p>\n<p><a href=\"http:\/\/gardeon.pl\/wp-content\/uploads\/2020\/12\/gardeon-lavicka-15.jpg\"><img loading=\"lazy\" decoding=\"async\" class=\"aligncenter wp-image-29628\" src=\"http:\/\/gardeon.pl\/wp-content\/uploads\/2020\/12\/gardeon-lavicka-15.jpg\" alt=\"Przebieg budowy \u0142awki GARDEON\" width=\"800\" height=\"600\" srcset=\"https:\/\/gardeon.pl\/wp-content\/uploads\/2020\/12\/gardeon-lavicka-15.jpg 1500w, https:\/\/gardeon.pl\/wp-content\/uploads\/2020\/12\/gardeon-lavicka-15-300x225.jpg 300w, https:\/\/gardeon.pl\/wp-content\/uploads\/2020\/12\/gardeon-lavicka-15-1024x768.jpg 1024w, https:\/\/gardeon.pl\/wp-content\/uploads\/2020\/12\/gardeon-lavicka-15-768x576.jpg 768w\" sizes=\"auto, (max-width: 800px) 100vw, 800px\" \/><\/a><\/p>\n<p><a href=\"http:\/\/gardeon.pl\/wp-content\/uploads\/2020\/12\/gardeon-lavicka-16.jpg\"><img loading=\"lazy\" decoding=\"async\" class=\"aligncenter wp-image-29630\" src=\"http:\/\/gardeon.pl\/wp-content\/uploads\/2020\/12\/gardeon-lavicka-16.jpg\" alt=\"Przebieg budowy \u0142awki GARDEON\" width=\"800\" height=\"600\" srcset=\"https:\/\/gardeon.pl\/wp-content\/uploads\/2020\/12\/gardeon-lavicka-16.jpg 1500w, https:\/\/gardeon.pl\/wp-content\/uploads\/2020\/12\/gardeon-lavicka-16-300x225.jpg 300w, https:\/\/gardeon.pl\/wp-content\/uploads\/2020\/12\/gardeon-lavicka-16-1024x768.jpg 1024w, https:\/\/gardeon.pl\/wp-content\/uploads\/2020\/12\/gardeon-lavicka-16-768x576.jpg 768w\" sizes=\"auto, (max-width: 800px) 100vw, 800px\" \/><\/a><\/p>\n<p><a href=\"http:\/\/gardeon.pl\/wp-content\/uploads\/2020\/12\/gardeon-lavicka-17.jpg\"><img loading=\"lazy\" decoding=\"async\" class=\"aligncenter wp-image-29632\" src=\"http:\/\/gardeon.pl\/wp-content\/uploads\/2020\/12\/gardeon-lavicka-17.jpg\" alt=\"Przebieg budowy \u0142awki GARDEON\" width=\"800\" height=\"600\" srcset=\"https:\/\/gardeon.pl\/wp-content\/uploads\/2020\/12\/gardeon-lavicka-17.jpg 1500w, https:\/\/gardeon.pl\/wp-content\/uploads\/2020\/12\/gardeon-lavicka-17-300x225.jpg 300w, https:\/\/gardeon.pl\/wp-content\/uploads\/2020\/12\/gardeon-lavicka-17-1024x768.jpg 1024w, https:\/\/gardeon.pl\/wp-content\/uploads\/2020\/12\/gardeon-lavicka-17-768x576.jpg 768w\" sizes=\"auto, (max-width: 800px) 100vw, 800px\" \/><\/a><\/p>\n<p><a href=\"http:\/\/gardeon.pl\/wp-content\/uploads\/2020\/12\/gardeon-lavicka-18.jpg\"><img loading=\"lazy\" decoding=\"async\" class=\"aligncenter wp-image-29634\" src=\"http:\/\/gardeon.pl\/wp-content\/uploads\/2020\/12\/gardeon-lavicka-18.jpg\" alt=\"Przebieg budowy \u0142awki GARDEON\" width=\"800\" height=\"600\" srcset=\"https:\/\/gardeon.pl\/wp-content\/uploads\/2020\/12\/gardeon-lavicka-18.jpg 1500w, https:\/\/gardeon.pl\/wp-content\/uploads\/2020\/12\/gardeon-lavicka-18-300x225.jpg 300w, https:\/\/gardeon.pl\/wp-content\/uploads\/2020\/12\/gardeon-lavicka-18-1024x768.jpg 1024w, https:\/\/gardeon.pl\/wp-content\/uploads\/2020\/12\/gardeon-lavicka-18-768x576.jpg 768w\" sizes=\"auto, (max-width: 800px) 100vw, 800px\" \/><\/a><\/p>\n<p><a href=\"http:\/\/gardeon.pl\/wp-content\/uploads\/2020\/12\/gardeon-lavicka-19.jpg\"><img loading=\"lazy\" decoding=\"async\" class=\"aligncenter wp-image-29636\" src=\"http:\/\/gardeon.pl\/wp-content\/uploads\/2020\/12\/gardeon-lavicka-19.jpg\" alt=\"Przebieg budowy \u0142awki GARDEON\" width=\"800\" height=\"600\" srcset=\"https:\/\/gardeon.pl\/wp-content\/uploads\/2020\/12\/gardeon-lavicka-19.jpg 1500w, https:\/\/gardeon.pl\/wp-content\/uploads\/2020\/12\/gardeon-lavicka-19-300x225.jpg 300w, https:\/\/gardeon.pl\/wp-content\/uploads\/2020\/12\/gardeon-lavicka-19-1024x768.jpg 1024w, https:\/\/gardeon.pl\/wp-content\/uploads\/2020\/12\/gardeon-lavicka-19-768x576.jpg 768w\" sizes=\"auto, (max-width: 800px) 100vw, 800px\" \/><\/a><\/p>\n<p><a href=\"http:\/\/gardeon.pl\/wp-content\/uploads\/2020\/12\/gardeon-lavicka-20.jpg\"><img loading=\"lazy\" decoding=\"async\" class=\"aligncenter wp-image-29638\" src=\"http:\/\/gardeon.pl\/wp-content\/uploads\/2020\/12\/gardeon-lavicka-20.jpg\" alt=\"Przebieg budowy \u0142awki GARDEON\" width=\"800\" height=\"600\" srcset=\"https:\/\/gardeon.pl\/wp-content\/uploads\/2020\/12\/gardeon-lavicka-20.jpg 1500w, https:\/\/gardeon.pl\/wp-content\/uploads\/2020\/12\/gardeon-lavicka-20-300x225.jpg 300w, https:\/\/gardeon.pl\/wp-content\/uploads\/2020\/12\/gardeon-lavicka-20-1024x768.jpg 1024w, https:\/\/gardeon.pl\/wp-content\/uploads\/2020\/12\/gardeon-lavicka-20-768x576.jpg 768w\" sizes=\"auto, (max-width: 800px) 100vw, 800px\" \/><\/a><\/p>\n<p><a href=\"http:\/\/gardeon.pl\/wp-content\/uploads\/2020\/12\/gardeon-lavicka-21.jpg\"><img loading=\"lazy\" decoding=\"async\" class=\"aligncenter wp-image-29640\" src=\"http:\/\/gardeon.pl\/wp-content\/uploads\/2020\/12\/gardeon-lavicka-21.jpg\" alt=\"Przebieg budowy \u0142awki GARDEON\" width=\"800\" height=\"600\" srcset=\"https:\/\/gardeon.pl\/wp-content\/uploads\/2020\/12\/gardeon-lavicka-21.jpg 1500w, https:\/\/gardeon.pl\/wp-content\/uploads\/2020\/12\/gardeon-lavicka-21-300x225.jpg 300w, https:\/\/gardeon.pl\/wp-content\/uploads\/2020\/12\/gardeon-lavicka-21-1024x768.jpg 1024w, https:\/\/gardeon.pl\/wp-content\/uploads\/2020\/12\/gardeon-lavicka-21-768x576.jpg 768w\" sizes=\"auto, (max-width: 800px) 100vw, 800px\" \/><\/a><\/p>\n<p><img loading=\"lazy\" decoding=\"async\" class=\"aligncenter wp-image-29642\" src=\"http:\/\/gardeon.pl\/wp-content\/uploads\/2020\/12\/gardeon-lavicka-22.jpg\" alt=\"\u0141awka GARDEON\" width=\"800\" height=\"600\" srcset=\"https:\/\/gardeon.pl\/wp-content\/uploads\/2020\/12\/gardeon-lavicka-22.jpg 1500w, https:\/\/gardeon.pl\/wp-content\/uploads\/2020\/12\/gardeon-lavicka-22-300x225.jpg 300w, https:\/\/gardeon.pl\/wp-content\/uploads\/2020\/12\/gardeon-lavicka-22-1024x768.jpg 1024w, https:\/\/gardeon.pl\/wp-content\/uploads\/2020\/12\/gardeon-lavicka-22-768x576.jpg 768w\" sizes=\"auto, (max-width: 800px) 100vw, 800px\" \/><\/p>\n<p><span style=\"font-weight: 400;\">Oparcie mamy gotowe, teraz kolej na cz\u0119\u015b\u0107 siedz\u0105c\u0105.<\/span><\/p>\n<p><a href=\"http:\/\/gardeon.pl\/wp-content\/uploads\/2020\/12\/gardeon-lavicka-23.jpg\"><img loading=\"lazy\" decoding=\"async\" class=\"aligncenter wp-image-29644\" src=\"http:\/\/gardeon.pl\/wp-content\/uploads\/2020\/12\/gardeon-lavicka-23.jpg\" alt=\"Gotowa rama \u0142awki\" width=\"800\" height=\"600\" srcset=\"https:\/\/gardeon.pl\/wp-content\/uploads\/2020\/12\/gardeon-lavicka-23.jpg 1500w, https:\/\/gardeon.pl\/wp-content\/uploads\/2020\/12\/gardeon-lavicka-23-300x225.jpg 300w, https:\/\/gardeon.pl\/wp-content\/uploads\/2020\/12\/gardeon-lavicka-23-1024x768.jpg 1024w, https:\/\/gardeon.pl\/wp-content\/uploads\/2020\/12\/gardeon-lavicka-23-768x576.jpg 768w\" sizes=\"auto, (max-width: 800px) 100vw, 800px\" \/><\/a><\/p>\n<p><img loading=\"lazy\" decoding=\"async\" class=\"aligncenter wp-image-29646\" src=\"http:\/\/gardeon.pl\/wp-content\/uploads\/2020\/12\/gardeon-lavicka-24.jpg\" alt=\"Mocowanie g\u00f3rnej cz\u0119\u015bci \u0142awki\" width=\"800\" height=\"1067\" srcset=\"https:\/\/gardeon.pl\/wp-content\/uploads\/2020\/12\/gardeon-lavicka-24.jpg 1500w, https:\/\/gardeon.pl\/wp-content\/uploads\/2020\/12\/gardeon-lavicka-24-225x300.jpg 225w, https:\/\/gardeon.pl\/wp-content\/uploads\/2020\/12\/gardeon-lavicka-24-768x1024.jpg 768w, https:\/\/gardeon.pl\/wp-content\/uploads\/2020\/12\/gardeon-lavicka-24-1152x1536.jpg 1152w\" sizes=\"auto, (max-width: 800px) 100vw, 800px\" \/><\/p>\n<p><img loading=\"lazy\" decoding=\"async\" class=\"aligncenter wp-image-29650\" src=\"http:\/\/gardeon.pl\/wp-content\/uploads\/2020\/12\/gardeon-lavicka-26.jpg\" alt=\"Wyka\u0144czanie \u0142awki\" width=\"800\" height=\"1067\" srcset=\"https:\/\/gardeon.pl\/wp-content\/uploads\/2020\/12\/gardeon-lavicka-26.jpg 1500w, https:\/\/gardeon.pl\/wp-content\/uploads\/2020\/12\/gardeon-lavicka-26-225x300.jpg 225w, https:\/\/gardeon.pl\/wp-content\/uploads\/2020\/12\/gardeon-lavicka-26-768x1024.jpg 768w, https:\/\/gardeon.pl\/wp-content\/uploads\/2020\/12\/gardeon-lavicka-26-1152x1536.jpg 1152w\" sizes=\"auto, (max-width: 800px) 100vw, 800px\" \/><\/p>\n<p><img loading=\"lazy\" decoding=\"async\" class=\"aligncenter wp-image-29652\" src=\"http:\/\/gardeon.pl\/wp-content\/uploads\/2020\/12\/gardeon-lavicka-27.jpg\" alt=\"Ko\u0144czenie budowy \u0142awki GARDEON\" width=\"800\" height=\"1067\" srcset=\"https:\/\/gardeon.pl\/wp-content\/uploads\/2020\/12\/gardeon-lavicka-27.jpg 1500w, https:\/\/gardeon.pl\/wp-content\/uploads\/2020\/12\/gardeon-lavicka-27-225x300.jpg 225w, https:\/\/gardeon.pl\/wp-content\/uploads\/2020\/12\/gardeon-lavicka-27-768x1024.jpg 768w, https:\/\/gardeon.pl\/wp-content\/uploads\/2020\/12\/gardeon-lavicka-27-1152x1536.jpg 1152w\" sizes=\"auto, (max-width: 800px) 100vw, 800px\" \/><\/p>\n<p><span style=\"font-weight: 400;\">Ostatnia cz\u0119\u015b\u0107 i prawie gotowe.<\/span><\/p>\n<p><img loading=\"lazy\" decoding=\"async\" class=\"aligncenter wp-image-29654\" src=\"http:\/\/gardeon.pl\/wp-content\/uploads\/2020\/12\/gardeon-lavicka-28.jpg\" alt=\"Ko\u0144czenie budowy \u0142awki GARDEON\" width=\"800\" height=\"1067\" srcset=\"https:\/\/gardeon.pl\/wp-content\/uploads\/2020\/12\/gardeon-lavicka-28.jpg 1500w, https:\/\/gardeon.pl\/wp-content\/uploads\/2020\/12\/gardeon-lavicka-28-225x300.jpg 225w, https:\/\/gardeon.pl\/wp-content\/uploads\/2020\/12\/gardeon-lavicka-28-768x1024.jpg 768w, https:\/\/gardeon.pl\/wp-content\/uploads\/2020\/12\/gardeon-lavicka-28-1152x1536.jpg 1152w\" sizes=\"auto, (max-width: 800px) 100vw, 800px\" \/><\/p>\n<p><img loading=\"lazy\" decoding=\"async\" class=\"aligncenter wp-image-29656\" src=\"http:\/\/gardeon.pl\/wp-content\/uploads\/2020\/12\/gardeon-lavicka-29.jpg\" alt=\"Gotowa \u0142awka GARDEON\" width=\"800\" height=\"1067\" srcset=\"https:\/\/gardeon.pl\/wp-content\/uploads\/2020\/12\/gardeon-lavicka-29.jpg 1500w, https:\/\/gardeon.pl\/wp-content\/uploads\/2020\/12\/gardeon-lavicka-29-225x300.jpg 225w, https:\/\/gardeon.pl\/wp-content\/uploads\/2020\/12\/gardeon-lavicka-29-768x1024.jpg 768w, https:\/\/gardeon.pl\/wp-content\/uploads\/2020\/12\/gardeon-lavicka-29-1152x1536.jpg 1152w\" sizes=\"auto, (max-width: 800px) 100vw, 800px\" \/><\/p>\n<p><span style=\"font-weight: 400;\">Je\u015bli wi\u0119c olbrzym mia\u0142by drog\u0119 przez Turiec, b\u0119dzie mia\u0142 gdzie odpocz\u0105\u0107. A dla zwyk\u0142ych \u015bmiertelnik\u00f3w to \u015bwietny pomys\u0142 na wycieczk\u0119, nawet z ma\u0142ymi dzie\u0107mi. Z Martina do Kl\u00e1\u0161tora pod Znievom to nieca\u0142e p\u00f3\u0142 godziny samochodem, ze wsi do \u0142awki oko\u0142o p\u00f3\u0142godzinny spacer. Nie obawiajcie si\u0119 Pa\u0144stwo, nie b\u0119dziecie musieli jej skomplikowanie szuka\u0107 \u2013 z boiska pi\u0142karskiego <\/span><a href=\"https:\/\/www.google.com\/maps\/place\/Lavi%C4%8Dka+GARDEON+nad+Kl%C3%A1%C5%A1torom+pod+Znievom\/@48.9830142,18.8023569,15z\/data=!4m5!3m4!1s0x0:0xca3666aa59d6c832!8m2!3d48.9830142!4d18.8023569\"><span style=\"font-weight: 400;\">\u0142awka GARDEON<\/span><\/a><span style=\"font-weight: 400;\"> na pewno b\u0119dzie widoczna. A je\u015bli uda si\u0119 Pa\u0144stwu na ni\u0105 wspi\u0105\u0107, b\u0119dziecie mieli pi\u0119kny widok na okolic\u0119, na wie\u015b pod Pa\u0144stwem i ruiny zamku Znievskiego nad ni\u0105.<\/span><\/p>\n<p><span style=\"font-weight: 400;\">A ci, kt\u00f3rzy nie przepadaj\u0105 za wspinaniem si\u0119 na \u0142awki, mog\u0105 cieszy\u0107 si\u0119 widokiem i bez tego. Bo to pi\u0119kne miejsce, a cel spaceru jest w ka\u017cdym razie doskona\u0142y. <\/span><\/p>\n<h2><b>Oto rezultat!<\/b><\/h2>\n<p><a href=\"http:\/\/gardeon.pl\/wp-content\/uploads\/2020\/12\/gardeon-lavicka-35.jpg\"><img loading=\"lazy\" decoding=\"async\" class=\"aligncenter wp-image-29668\" src=\"http:\/\/gardeon.pl\/wp-content\/uploads\/2020\/12\/gardeon-lavicka-35.jpg\" alt=\"Ludzie siedz\u0105 razem na \u0142awce GARDEON\" width=\"800\" height=\"600\" srcset=\"https:\/\/gardeon.pl\/wp-content\/uploads\/2020\/12\/gardeon-lavicka-35.jpg 1500w, https:\/\/gardeon.pl\/wp-content\/uploads\/2020\/12\/gardeon-lavicka-35-300x225.jpg 300w, https:\/\/gardeon.pl\/wp-content\/uploads\/2020\/12\/gardeon-lavicka-35-1024x768.jpg 1024w, https:\/\/gardeon.pl\/wp-content\/uploads\/2020\/12\/gardeon-lavicka-35-768x576.jpg 768w, https:\/\/gardeon.pl\/wp-content\/uploads\/2020\/12\/gardeon-lavicka-35-1200x900-cropped.jpg 1200w\" sizes=\"auto, (max-width: 800px) 100vw, 800px\" \/><\/a><\/p>\n<p><img loading=\"lazy\" decoding=\"async\" class=\"aligncenter wp-image-29670\" src=\"http:\/\/gardeon.pl\/wp-content\/uploads\/2020\/12\/gardeon-lavicka-36.jpg\" alt=\"Dzieci siedz\u0105 na \u0142awce GARDEON\" width=\"800\" height=\"600\" srcset=\"https:\/\/gardeon.pl\/wp-content\/uploads\/2020\/12\/gardeon-lavicka-36.jpg 1500w, https:\/\/gardeon.pl\/wp-content\/uploads\/2020\/12\/gardeon-lavicka-36-300x225.jpg 300w, https:\/\/gardeon.pl\/wp-content\/uploads\/2020\/12\/gardeon-lavicka-36-1024x768.jpg 1024w, https:\/\/gardeon.pl\/wp-content\/uploads\/2020\/12\/gardeon-lavicka-36-768x576.jpg 768w\" sizes=\"auto, (max-width: 800px) 100vw, 800px\" \/><\/p>\n<h3 style=\"text-align: center;\"><b>Czy zd\u0105\u017cyli Pa\u0144stwo ju\u017c <\/b><a href=\"https:\/\/www.google.com\/maps\/place\/Lavi%C4%8Dka+GARDEON+nad+Kl%C3%A1%C5%A1torom+pod+Znievom\/@48.9830142,18.8023569,15z\/data=!4m5!3m4!1s0x0:0xca3666aa59d6c832!8m2!3d48.9830142!4d18.8023569\"><b>odwiedzi\u0107 \u0142awk\u0119 GARDEON<\/b><\/a><b>? :)<\/b><\/h3>\n<p><span style=\"font-weight: 400;\"> <\/span><\/p>\n<h3 style=\"text-align: left;\"><span style=\"font-weight: 400;\">Je\u015bli nie i zamierzaj\u0105 Pa\u0144stwo to zrobi\u0107, nie zapomnijcie oznaczy\u0107 nas na Instagramie hashtagiem <\/span><a href=\"https:\/\/www.instagram.com\/explore\/tags\/gardeon\/\"><span style=\"font-weight: 400;\">#gardeon<\/span><\/a><span style=\"font-weight: 400;\"> lub wzmiank\u0105 <\/span><a href=\"https:\/\/www.instagram.com\/gardeon_sk\/\"><span style=\"font-weight: 400;\">@gardeon_sk<\/span><\/a><span style=\"font-weight: 400;\">.<\/span><\/h3>\n","protected":false},"excerpt":{"rendered":"<p>To naprawd\u0119 nie do przeoczenia \u0142awka. Stoi na wzg\u00f3rzu ko\u0142o Kl\u00e1\u0161tora pod Znievom i na pierwszy rzut oka, nawet jej \u201esiedzisko\u201d wygl\u0105da jak mebel z krainy olbrzym\u00f3w \u2013 je\u015bli chcieliby Pa\u0144stwo na niej usi\u0105\u015b\u0107, nogi b\u0119d\u0105 Pa\u0144stwo hu\u015bta\u0107 jak przedszkolak na sto\u0142ku barowym. Jaka jest jednak prawdziwa historia tej \u0142awki XXL?<\/p>\n","protected":false},"author":2,"featured_media":47695,"comment_status":"open","ping_status":"open","sticky":false,"template":"","format":"standard","meta":{"_acf_changed":false,"inline_featured_image":false,"footnotes":""},"categories":[593],"tags":[579,856,761,855],"class_list":["post-47654","post","type-post","status-publish","format-standard","has-post-thumbnail","hentry","category-aktualnosci","tag-gardeon","tag-klastor-pod-znievom","tag-lawka","tag-lawka-gardeon"],"acf":[],"yoast_head":"<!-- This site is optimized with the Yoast SEO plugin v27.4 - https:\/\/yoast.com\/product\/yoast-seo-wordpress\/ -->\n<title>\u0141awka GARDEON. Co stoi za jej powstaniem? | GARDEON<\/title>\n<meta name=\"robots\" content=\"index, follow, max-snippet:-1, max-image-preview:large, max-video-preview:-1\" \/>\n<link rel=\"canonical\" href=\"https:\/\/gardeon.pl\/pl\/blog\/lawka-gardeon-co-stoi-za-jej-powstaniem\/\" \/>\n<meta property=\"og:locale\" content=\"pl_PL\" \/>\n<meta property=\"og:type\" content=\"article\" \/>\n<meta property=\"og:title\" content=\"\u0141awka GARDEON. Co stoi za jej powstaniem? | GARDEON\" \/>\n<meta property=\"og:description\" content=\"To naprawd\u0119 nie do przeoczenia \u0142awka. Stoi na wzg\u00f3rzu ko\u0142o Kl\u00e1\u0161tora pod Znievom i na pierwszy rzut oka, nawet jej \u201esiedzisko\u201d wygl\u0105da jak mebel z krainy olbrzym\u00f3w \u2013 je\u015bli chcieliby Pa\u0144stwo na niej usi\u0105\u015b\u0107, nogi b\u0119d\u0105 Pa\u0144stwo hu\u015bta\u0107 jak przedszkolak na sto\u0142ku barowym. Jaka jest jednak prawdziwa historia tej \u0142awki XXL?\" \/>\n<meta property=\"og:url\" content=\"https:\/\/gardeon.pl\/pl\/blog\/lawka-gardeon-co-stoi-za-jej-powstaniem\/\" \/>\n<meta property=\"og:site_name\" content=\"GARDEON\" \/>\n<meta property=\"article:published_time\" content=\"2026-04-23T15:42:08+00:00\" \/>\n<meta property=\"article:modified_time\" content=\"2026-04-23T16:41:31+00:00\" \/>\n<meta property=\"og:image\" content=\"http:\/\/gardeon.pl\/wp-content\/uploads\/2020\/12\/gardeon-lavicka-35.jpg\" \/>\n\t<meta property=\"og:image:width\" content=\"1500\" \/>\n\t<meta property=\"og:image:height\" content=\"1125\" \/>\n\t<meta property=\"og:image:type\" content=\"image\/jpeg\" \/>\n<meta name=\"author\" content=\"editor\" \/>\n<meta name=\"twitter:card\" content=\"summary_large_image\" \/>\n<meta name=\"twitter:label1\" content=\"Napisane przez\" \/>\n\t<meta name=\"twitter:data1\" content=\"editor\" \/>\n\t<meta name=\"twitter:label2\" content=\"Szacowany czas czytania\" \/>\n\t<meta name=\"twitter:data2\" content=\"3 minuty\" \/>\n<script type=\"application\/ld+json\" class=\"yoast-schema-graph\">{\"@context\":\"https:\\\/\\\/schema.org\",\"@graph\":[{\"@type\":\"Article\",\"@id\":\"https:\\\/\\\/gardeon.pl\\\/pl\\\/blog\\\/lawka-gardeon-co-stoi-za-jej-powstaniem\\\/#article\",\"isPartOf\":{\"@id\":\"https:\\\/\\\/gardeon.pl\\\/pl\\\/blog\\\/lawka-gardeon-co-stoi-za-jej-powstaniem\\\/\"},\"author\":{\"name\":\"editor\",\"@id\":\"https:\\\/\\\/gardeon.pl\\\/#\\\/schema\\\/person\\\/a5762ca5f0790bf92774af0899379463\"},\"headline\":\"\u0141awka GARDEON. Co stoi za jej powstaniem?\",\"datePublished\":\"2026-04-23T15:42:08+00:00\",\"dateModified\":\"2026-04-23T16:41:31+00:00\",\"mainEntityOfPage\":{\"@id\":\"https:\\\/\\\/gardeon.pl\\\/pl\\\/blog\\\/lawka-gardeon-co-stoi-za-jej-powstaniem\\\/\"},\"wordCount\":597,\"commentCount\":0,\"image\":{\"@id\":\"https:\\\/\\\/gardeon.pl\\\/pl\\\/blog\\\/lawka-gardeon-co-stoi-za-jej-powstaniem\\\/#primaryimage\"},\"thumbnailUrl\":\"https:\\\/\\\/gardeon.pl\\\/wp-content\\\/uploads\\\/2020\\\/12\\\/gardeon-lavicka-35.jpg\",\"keywords\":[\"GARDEON\",\"kl\u00e1\u0161tor pod znievom\",\"\u0142awka\",\"\u0142awka GARDEON\"],\"articleSection\":[\"Aktualno\u015bci\"],\"inLanguage\":\"pl-PL\",\"potentialAction\":[{\"@type\":\"CommentAction\",\"name\":\"Comment\",\"target\":[\"https:\\\/\\\/gardeon.pl\\\/pl\\\/blog\\\/lawka-gardeon-co-stoi-za-jej-powstaniem\\\/#respond\"]}]},{\"@type\":\"WebPage\",\"@id\":\"https:\\\/\\\/gardeon.pl\\\/pl\\\/blog\\\/lawka-gardeon-co-stoi-za-jej-powstaniem\\\/\",\"url\":\"https:\\\/\\\/gardeon.pl\\\/pl\\\/blog\\\/lawka-gardeon-co-stoi-za-jej-powstaniem\\\/\",\"name\":\"\u0141awka GARDEON. Co stoi za jej powstaniem? | GARDEON\",\"isPartOf\":{\"@id\":\"https:\\\/\\\/gardeon.pl\\\/#website\"},\"primaryImageOfPage\":{\"@id\":\"https:\\\/\\\/gardeon.pl\\\/pl\\\/blog\\\/lawka-gardeon-co-stoi-za-jej-powstaniem\\\/#primaryimage\"},\"image\":{\"@id\":\"https:\\\/\\\/gardeon.pl\\\/pl\\\/blog\\\/lawka-gardeon-co-stoi-za-jej-powstaniem\\\/#primaryimage\"},\"thumbnailUrl\":\"https:\\\/\\\/gardeon.pl\\\/wp-content\\\/uploads\\\/2020\\\/12\\\/gardeon-lavicka-35.jpg\",\"datePublished\":\"2026-04-23T15:42:08+00:00\",\"dateModified\":\"2026-04-23T16:41:31+00:00\",\"author\":{\"@id\":\"https:\\\/\\\/gardeon.pl\\\/#\\\/schema\\\/person\\\/a5762ca5f0790bf92774af0899379463\"},\"breadcrumb\":{\"@id\":\"https:\\\/\\\/gardeon.pl\\\/pl\\\/blog\\\/lawka-gardeon-co-stoi-za-jej-powstaniem\\\/#breadcrumb\"},\"inLanguage\":\"pl-PL\",\"potentialAction\":[{\"@type\":\"ReadAction\",\"target\":[\"https:\\\/\\\/gardeon.pl\\\/pl\\\/blog\\\/lawka-gardeon-co-stoi-za-jej-powstaniem\\\/\"]}]},{\"@type\":\"ImageObject\",\"inLanguage\":\"pl-PL\",\"@id\":\"https:\\\/\\\/gardeon.pl\\\/pl\\\/blog\\\/lawka-gardeon-co-stoi-za-jej-powstaniem\\\/#primaryimage\",\"url\":\"https:\\\/\\\/gardeon.pl\\\/wp-content\\\/uploads\\\/2020\\\/12\\\/gardeon-lavicka-35.jpg\",\"contentUrl\":\"https:\\\/\\\/gardeon.pl\\\/wp-content\\\/uploads\\\/2020\\\/12\\\/gardeon-lavicka-35.jpg\",\"width\":1500,\"height\":1125,\"caption\":\"Ludzie siedz\u0105 razem na \u0142awce GARDEON\"},{\"@type\":\"BreadcrumbList\",\"@id\":\"https:\\\/\\\/gardeon.pl\\\/pl\\\/blog\\\/lawka-gardeon-co-stoi-za-jej-powstaniem\\\/#breadcrumb\",\"itemListElement\":[{\"@type\":\"ListItem\",\"position\":1,\"name\":\"Domov\",\"item\":\"https:\\\/\\\/gardeon.pl\\\/pl\\\/\"},{\"@type\":\"ListItem\",\"position\":2,\"name\":\"\u0141awka GARDEON. Co stoi za jej powstaniem?\"}]},{\"@type\":\"WebSite\",\"@id\":\"https:\\\/\\\/gardeon.pl\\\/#website\",\"url\":\"https:\\\/\\\/gardeon.pl\\\/\",\"name\":\"GARDEON\",\"description\":\"\",\"potentialAction\":[{\"@type\":\"SearchAction\",\"target\":{\"@type\":\"EntryPoint\",\"urlTemplate\":\"https:\\\/\\\/gardeon.pl\\\/?s={search_term_string}\"},\"query-input\":{\"@type\":\"PropertyValueSpecification\",\"valueRequired\":true,\"valueName\":\"search_term_string\"}}],\"inLanguage\":\"pl-PL\"},{\"@type\":\"Person\",\"@id\":\"https:\\\/\\\/gardeon.pl\\\/#\\\/schema\\\/person\\\/a5762ca5f0790bf92774af0899379463\",\"name\":\"editor\",\"image\":{\"@type\":\"ImageObject\",\"inLanguage\":\"pl-PL\",\"@id\":\"https:\\\/\\\/secure.gravatar.com\\\/avatar\\\/2b748151c2c748327307fd289a91b3bdafdd9e64e2d000e65e53d6dcf11c5830?s=96&d=mm&r=g\",\"url\":\"https:\\\/\\\/secure.gravatar.com\\\/avatar\\\/2b748151c2c748327307fd289a91b3bdafdd9e64e2d000e65e53d6dcf11c5830?s=96&d=mm&r=g\",\"contentUrl\":\"https:\\\/\\\/secure.gravatar.com\\\/avatar\\\/2b748151c2c748327307fd289a91b3bdafdd9e64e2d000e65e53d6dcf11c5830?s=96&d=mm&r=g\",\"caption\":\"editor\"}}]}<\/script>\n<!-- \/ Yoast SEO plugin. -->","yoast_head_json":{"title":"\u0141awka GARDEON. Co stoi za jej powstaniem? | GARDEON","robots":{"index":"index","follow":"follow","max-snippet":"max-snippet:-1","max-image-preview":"max-image-preview:large","max-video-preview":"max-video-preview:-1"},"canonical":"https:\/\/gardeon.pl\/pl\/blog\/lawka-gardeon-co-stoi-za-jej-powstaniem\/","og_locale":"pl_PL","og_type":"article","og_title":"\u0141awka GARDEON. Co stoi za jej powstaniem? | GARDEON","og_description":"To naprawd\u0119 nie do przeoczenia \u0142awka. Stoi na wzg\u00f3rzu ko\u0142o Kl\u00e1\u0161tora pod Znievom i na pierwszy rzut oka, nawet jej \u201esiedzisko\u201d wygl\u0105da jak mebel z krainy olbrzym\u00f3w \u2013 je\u015bli chcieliby Pa\u0144stwo na niej usi\u0105\u015b\u0107, nogi b\u0119d\u0105 Pa\u0144stwo hu\u015bta\u0107 jak przedszkolak na sto\u0142ku barowym. Jaka jest jednak prawdziwa historia tej \u0142awki XXL?","og_url":"https:\/\/gardeon.pl\/pl\/blog\/lawka-gardeon-co-stoi-za-jej-powstaniem\/","og_site_name":"GARDEON","article_published_time":"2026-04-23T15:42:08+00:00","article_modified_time":"2026-04-23T16:41:31+00:00","og_image":[{"width":1500,"height":1125,"url":"http:\/\/gardeon.pl\/wp-content\/uploads\/2020\/12\/gardeon-lavicka-35.jpg","type":"image\/jpeg"}],"author":"editor","twitter_card":"summary_large_image","twitter_misc":{"Napisane przez":"editor","Szacowany czas czytania":"3 minuty"},"schema":{"@context":"https:\/\/schema.org","@graph":[{"@type":"Article","@id":"https:\/\/gardeon.pl\/pl\/blog\/lawka-gardeon-co-stoi-za-jej-powstaniem\/#article","isPartOf":{"@id":"https:\/\/gardeon.pl\/pl\/blog\/lawka-gardeon-co-stoi-za-jej-powstaniem\/"},"author":{"name":"editor","@id":"https:\/\/gardeon.pl\/#\/schema\/person\/a5762ca5f0790bf92774af0899379463"},"headline":"\u0141awka GARDEON. Co stoi za jej powstaniem?","datePublished":"2026-04-23T15:42:08+00:00","dateModified":"2026-04-23T16:41:31+00:00","mainEntityOfPage":{"@id":"https:\/\/gardeon.pl\/pl\/blog\/lawka-gardeon-co-stoi-za-jej-powstaniem\/"},"wordCount":597,"commentCount":0,"image":{"@id":"https:\/\/gardeon.pl\/pl\/blog\/lawka-gardeon-co-stoi-za-jej-powstaniem\/#primaryimage"},"thumbnailUrl":"https:\/\/gardeon.pl\/wp-content\/uploads\/2020\/12\/gardeon-lavicka-35.jpg","keywords":["GARDEON","kl\u00e1\u0161tor pod znievom","\u0142awka","\u0142awka GARDEON"],"articleSection":["Aktualno\u015bci"],"inLanguage":"pl-PL","potentialAction":[{"@type":"CommentAction","name":"Comment","target":["https:\/\/gardeon.pl\/pl\/blog\/lawka-gardeon-co-stoi-za-jej-powstaniem\/#respond"]}]},{"@type":"WebPage","@id":"https:\/\/gardeon.pl\/pl\/blog\/lawka-gardeon-co-stoi-za-jej-powstaniem\/","url":"https:\/\/gardeon.pl\/pl\/blog\/lawka-gardeon-co-stoi-za-jej-powstaniem\/","name":"\u0141awka GARDEON. Co stoi za jej powstaniem? | GARDEON","isPartOf":{"@id":"https:\/\/gardeon.pl\/#website"},"primaryImageOfPage":{"@id":"https:\/\/gardeon.pl\/pl\/blog\/lawka-gardeon-co-stoi-za-jej-powstaniem\/#primaryimage"},"image":{"@id":"https:\/\/gardeon.pl\/pl\/blog\/lawka-gardeon-co-stoi-za-jej-powstaniem\/#primaryimage"},"thumbnailUrl":"https:\/\/gardeon.pl\/wp-content\/uploads\/2020\/12\/gardeon-lavicka-35.jpg","datePublished":"2026-04-23T15:42:08+00:00","dateModified":"2026-04-23T16:41:31+00:00","author":{"@id":"https:\/\/gardeon.pl\/#\/schema\/person\/a5762ca5f0790bf92774af0899379463"},"breadcrumb":{"@id":"https:\/\/gardeon.pl\/pl\/blog\/lawka-gardeon-co-stoi-za-jej-powstaniem\/#breadcrumb"},"inLanguage":"pl-PL","potentialAction":[{"@type":"ReadAction","target":["https:\/\/gardeon.pl\/pl\/blog\/lawka-gardeon-co-stoi-za-jej-powstaniem\/"]}]},{"@type":"ImageObject","inLanguage":"pl-PL","@id":"https:\/\/gardeon.pl\/pl\/blog\/lawka-gardeon-co-stoi-za-jej-powstaniem\/#primaryimage","url":"https:\/\/gardeon.pl\/wp-content\/uploads\/2020\/12\/gardeon-lavicka-35.jpg","contentUrl":"https:\/\/gardeon.pl\/wp-content\/uploads\/2020\/12\/gardeon-lavicka-35.jpg","width":1500,"height":1125,"caption":"Ludzie siedz\u0105 razem na \u0142awce GARDEON"},{"@type":"BreadcrumbList","@id":"https:\/\/gardeon.pl\/pl\/blog\/lawka-gardeon-co-stoi-za-jej-powstaniem\/#breadcrumb","itemListElement":[{"@type":"ListItem","position":1,"name":"Domov","item":"https:\/\/gardeon.pl\/pl\/"},{"@type":"ListItem","position":2,"name":"\u0141awka GARDEON. Co stoi za jej powstaniem?"}]},{"@type":"WebSite","@id":"https:\/\/gardeon.pl\/#website","url":"https:\/\/gardeon.pl\/","name":"GARDEON","description":"","potentialAction":[{"@type":"SearchAction","target":{"@type":"EntryPoint","urlTemplate":"https:\/\/gardeon.pl\/?s={search_term_string}"},"query-input":{"@type":"PropertyValueSpecification","valueRequired":true,"valueName":"search_term_string"}}],"inLanguage":"pl-PL"},{"@type":"Person","@id":"https:\/\/gardeon.pl\/#\/schema\/person\/a5762ca5f0790bf92774af0899379463","name":"editor","image":{"@type":"ImageObject","inLanguage":"pl-PL","@id":"https:\/\/secure.gravatar.com\/avatar\/2b748151c2c748327307fd289a91b3bdafdd9e64e2d000e65e53d6dcf11c5830?s=96&d=mm&r=g","url":"https:\/\/secure.gravatar.com\/avatar\/2b748151c2c748327307fd289a91b3bdafdd9e64e2d000e65e53d6dcf11c5830?s=96&d=mm&r=g","contentUrl":"https:\/\/secure.gravatar.com\/avatar\/2b748151c2c748327307fd289a91b3bdafdd9e64e2d000e65e53d6dcf11c5830?s=96&d=mm&r=g","caption":"editor"}}]}},"_links":{"self":[{"href":"https:\/\/gardeon.pl\/pl\/wp-json\/wp\/v2\/posts\/47654","targetHints":{"allow":["GET"]}}],"collection":[{"href":"https:\/\/gardeon.pl\/pl\/wp-json\/wp\/v2\/posts"}],"about":[{"href":"https:\/\/gardeon.pl\/pl\/wp-json\/wp\/v2\/types\/post"}],"author":[{"embeddable":true,"href":"https:\/\/gardeon.pl\/pl\/wp-json\/wp\/v2\/users\/2"}],"replies":[{"embeddable":true,"href":"https:\/\/gardeon.pl\/pl\/wp-json\/wp\/v2\/comments?post=47654"}],"version-history":[{"count":0,"href":"https:\/\/gardeon.pl\/pl\/wp-json\/wp\/v2\/posts\/47654\/revisions"}],"wp:featuredmedia":[{"embeddable":true,"href":"https:\/\/gardeon.pl\/pl\/wp-json\/wp\/v2\/media\/47695"}],"wp:attachment":[{"href":"https:\/\/gardeon.pl\/pl\/wp-json\/wp\/v2\/media?parent=47654"}],"wp:term":[{"taxonomy":"category","embeddable":true,"href":"https:\/\/gardeon.pl\/pl\/wp-json\/wp\/v2\/categories?post=47654"},{"taxonomy":"post_tag","embeddable":true,"href":"https:\/\/gardeon.pl\/pl\/wp-json\/wp\/v2\/tags?post=47654"}],"curies":[{"name":"wp","href":"https:\/\/api.w.org\/{rel}","templated":true}]}}