{"id":47655,"date":"2026-04-23T17:42:08","date_gmt":"2026-04-23T15:42:08","guid":{"rendered":"https:\/\/gardeon.pl\/blog\/jak-wybrac-odpowiednie-miejsce-na-garaz-i-jak-je-wymierzyc\/"},"modified":"2026-04-23T18:41:31","modified_gmt":"2026-04-23T16:41:31","slug":"jak-wybrac-odpowiednie-miejsce-na-garaz-i-jak-je-wymierzyc","status":"publish","type":"post","link":"https:\/\/gardeon.pl\/pl\/blog\/jak-wybrac-odpowiednie-miejsce-na-garaz-i-jak-je-wymierzyc\/","title":{"rendered":"Jak wybra\u0107 odpowiednie miejsce na gara\u017c i jak je wymierzy\u0107?"},"content":{"rendered":"<p><i><span style=\"font-weight: 400;\">Wybrali Pa\u0144stwo idealny gara\u017c, ale nie wiedz\u0105 Pa\u0144stwo, gdzie umie\u015bci\u0107 go na dzia\u0142ce lub czy zmie\u015bci si\u0119 w wybranej przestrzeni? Dzi\u0119ki temu praktycznemu poradnikowi z pewno\u015bci\u0105 rozwi\u0105\u017c\u0105 Pa\u0144stwo wszystkie te kwestie. <\/span><\/i><\/p>\n<p><!--more--><\/p>\n<p><i><span style=\"font-weight: 400;\">Jak najlepiej umie\u015bci\u0107 gara\u017c na dzia\u0142ce? Oczywi\u015bcie mo\u017cliwo\u015bci jest kilka. Nale\u017cy przy tym wyj\u015b\u0107 z konkretnej sytuacji \u2013 od <\/span><\/i><a href=\"https:\/\/gardeon.pl\/pl\/garaze\/jak-wybrac-garaz\/wymiary-i-wysokosci\/\"><i><span style=\"font-weight: 400;\">wielko\u015bci<\/span><\/i><\/a><i><span style=\"font-weight: 400;\"> i kszta\u0142tu parceli, a tak\u017ce od umiejscowienia na niej domu jednorodzinnego. Przy wyborze odpowiedniego miejsca nale\u017cy zwr\u00f3ci\u0107 uwag\u0119 r\u00f3wnie\u017c na nachylenie terenu. Je\u015bli bowiem powierzchnia pod przysz\u0142y gara\u017c nie jest p\u0142aska, konieczne b\u0119dzie jej wyr\u00f3wnanie podczas przygotowywania pod\u0142o\u017ca. Og\u00f3lnie mo\u017cna przy tym powiedzie\u0107, \u017ce je\u015bli chc\u0105 Pa\u0144stwo parkowa\u0107 samoch\u00f3d w gara\u017cu, powinien on znajdowa\u0107 si\u0119 jak najbli\u017cej ulicy lub drogi, aby droga dojazdowa do gara\u017cu nie by\u0142a niepotrzebnie d\u0142uga.<\/span><\/i><\/p>\n<p><img loading=\"lazy\" decoding=\"async\" class=\"aligncenter wp-image-28002\" src=\"http:\/\/gardeon.pl\/wp-content\/uploads\/2020\/09\/gardeon-montaz-11.jpg\" alt=\"Dostawa GARDEON\" width=\"800\" height=\"532\" srcset=\"https:\/\/gardeon.pl\/wp-content\/uploads\/2020\/09\/gardeon-montaz-11.jpg 2000w, https:\/\/gardeon.pl\/wp-content\/uploads\/2020\/09\/gardeon-montaz-11-300x200.jpg 300w, https:\/\/gardeon.pl\/wp-content\/uploads\/2020\/09\/gardeon-montaz-11-1024x681.jpg 1024w, https:\/\/gardeon.pl\/wp-content\/uploads\/2020\/09\/gardeon-montaz-11-768x511.jpg 768w, https:\/\/gardeon.pl\/wp-content\/uploads\/2020\/09\/gardeon-montaz-11-1536x1022.jpg 1536w\" sizes=\"auto, (max-width: 800px) 100vw, 800px\" \/><\/p>\n<p><span style=\"font-weight: 400;\">Najcz\u0119\u015bciej gara\u017c umieszcza si\u0119 obok domu tak, aby jego przednia \u015bciana licowa\u0142a z domem lub znajdowa\u0142a si\u0119 nieco bli\u017cej ulicy. Korzystnym rozwi\u0105zaniem jest zast\u0105pienie gara\u017cem cz\u0119\u015bci ogrodzenia. Inn\u0105 sprytn\u0105 mo\u017cliwo\u015bci\u0105 jest postawienie gara\u017cu przed domem. Gdy nie maj\u0105 Pa\u0144stwo wystarczaj\u0105co du\u017co miejsca przed domem, a obok domu jest przestrze\u0144 w sam raz na przejazd samochodem, gara\u017c mo\u017ce znajdowa\u0107 si\u0119 r\u00f3wnie\u017c za domem, szczeg\u00f3lnie je\u015bli posiadaj\u0105 Pa\u0144stwo du\u017cy ogr\u00f3d. Wi\u0119cej inspiracji dotycz\u0105cych umiejscowienia gara\u017cu znajd\u0105 Pa\u0144stwo tutaj: <a href=\"https:\/\/gardeon.pl\/pl\/garaze\/jak-wybrac-garaz\/gdzie-postawic-garaz\/\">http:\/\/gardeon.pl\/garaze\/vyber\/umisteni\/<\/a>.    <\/span><\/p>\n<h2><b>Prosz\u0119 rozwa\u017cy\u0107 r\u00f3\u017cne opcje<\/b><\/h2>\n<p><span style=\"font-weight: 400;\">Chc\u0105 Pa\u0144stwo przemy\u015ble\u0107 kilka opcji umieszczenia gara\u017cu? Je\u015bli posiadaj\u0105 Pa\u0144stwo plan dzia\u0142ki, prosz\u0119 przerysowa\u0107 go na papier milimetrowy lub w kratk\u0119 \u2013 2 kratki to zazwyczaj 1 cm, przy czym w skali 1:100 1 cm (czyli 2 kratki) b\u0119dzie oznacza\u0107 1 m. Parcela o szeroko\u015bci np. 15 m b\u0119dzie mia\u0142a zatem na Pa\u0144stwa schemacie szeroko\u015b\u0107 15 cm, co odpowiada 30 kratkom. (Je\u015bli posiadaj\u0105 Pa\u0144stwo du\u017c\u0105 dzia\u0142k\u0119, mo\u017cna wybra\u0107 skal\u0119 1:200, w kt\u00f3rej jedna kratka oznacza 1 m).   <\/span><\/p>\n<p><span style=\"font-weight: 400;\">W schemacie, zachowuj\u0105c t\u0119 sam\u0105 skal\u0119, prosz\u0119 narysowa\u0107 obrys dzia\u0142ki, ulic\u0119 i umiejscowienie domu, a tak\u017ce ewentualnie inne obiekty, na kt\u00f3re budowa gara\u017cu nie powinna wp\u0142yn\u0105\u0107, na przyk\u0142ad <\/span><a href=\"https:\/\/gardeon.pl\/pl\/domki-ogrodowe-na-narzedzia\/\"><span style=\"font-weight: 400;\">domek ogrodowy<\/span><\/a><span style=\"font-weight: 400;\">, oczko wodne czy stare drzewo. Mo\u017cna \u015bmia\u0142o u\u017cy\u0107 kolorowych flamastr\u00f3w lub kredek i opisa\u0107 poszczeg\u00f3lne elementy tak, aby dobrze orientowa\u0107 si\u0119 w szkicu.<\/span><\/p>\n<p><img loading=\"lazy\" decoding=\"async\" class=\"aligncenter wp-image-26441\" src=\"http:\/\/gardeon.pl\/wp-content\/uploads\/2020\/04\/podorys-garaz-13-scaled-e1588248436668.jpg\" alt=\"Rzut gara\u017cu montowanego\" width=\"800\" height=\"600\" srcset=\"https:\/\/gardeon.pl\/wp-content\/uploads\/2020\/04\/podorys-garaz-13-scaled-e1588248436668.jpg 1638w, https:\/\/gardeon.pl\/wp-content\/uploads\/2020\/04\/podorys-garaz-13-scaled-e1588248436668-300x225.jpg 300w, https:\/\/gardeon.pl\/wp-content\/uploads\/2020\/04\/podorys-garaz-13-scaled-e1588248436668-1024x768.jpg 1024w, https:\/\/gardeon.pl\/wp-content\/uploads\/2020\/04\/podorys-garaz-13-scaled-e1588248436668-768x576.jpg 768w, https:\/\/gardeon.pl\/wp-content\/uploads\/2020\/04\/podorys-garaz-13-scaled-e1588248436668-1536x1152.jpg 1536w\" sizes=\"auto, (max-width: 800px) 100vw, 800px\" \/><\/p>\n<p><span style=\"font-weight: 400;\">Nast\u0119pnie z innej kartki prosz\u0119 wyci\u0105\u0107 w tej samej skali prostok\u0105t, kt\u00f3ry b\u0119dzie reprezentowa\u0142 gara\u017c \u2013 wymiary naszych gara\u017cy znajd\u0105 Pa\u0144stwo na naszej stronie w sekcji <\/span><a href=\"https:\/\/gardeon.pl\/pl\/garaze\/cennik-montowanych-garazy\/\"><span style=\"font-weight: 400;\">Cennik<\/span><\/a><span style=\"font-weight: 400;\">. Na przyk\u0142ad gara\u017c na jeden samoch\u00f3d o wymiarach 2,7 x 5 m b\u0119dzie mia\u0142 w skali 1:100 wymiary 2,7 x 5 cm.<\/span><\/p>\n<p><span style=\"font-weight: 400;\">Ten prostok\u0105t mog\u0105 Pa\u0144stwo nast\u0119pnie przesuwa\u0107 po swoim schemacie, dop\u00f3ki nie znajd\u0105 dla niego idealnego miejsca na dzia\u0142ce. Prosz\u0119 nie zapomnie\u0107 o odpowiednim obr\u00f3ceniu, ewentualnie zaznaczy\u0107 na prostok\u0105cie po\u0142o\u017cenie bramy gara\u017cowej (w przypadku gara\u017cu na jedno auto b\u0119dzie to na kr\u00f3tszym boku prostok\u0105ta). <\/span><\/p>\n<h2><b>Czy maj\u0105 Pa\u0144stwo wystarczaj\u0105co du\u017co miejsca na gara\u017c? Tak to Pa\u0144stwo wymierz\u0105 <\/b><\/h2>\n<p><span style=\"font-weight: 400;\">Chcieliby Pa\u0144stwo postawi\u0107 gara\u017c na przyk\u0142ad obok domu, ale nie wiedz\u0105 Pa\u0144stwo, czy mi\u0119dzy domem a p\u0142otem jest wystarczaj\u0105co du\u017co miejsca? Albo chc\u0105 Pa\u0144stwo sprawdzi\u0107, jak szeroki gara\u017c zmie\u015bci si\u0119 obok domu? W ten spos\u00f3b mo\u017cna wymierzy\u0107 miejsce mi\u0119dzy domem a ogrodzeniem:  <\/span><\/p>\n<p><span style=\"font-weight: 400;\">Do pomiaru idealna b\u0119dzie ta\u015bma miernicza lub <\/span><a href=\"https:\/\/www.naradie-shop.sk\/c\/meracie-naradie\/zvinovaci-meter\"><span style=\"font-weight: 400;\">miara zwijana.<\/span><\/a><span style=\"font-weight: 400;\"> Miary zwijane s\u0105 powszechnie dost\u0119pne w d\u0142ugo\u015bciach od 2 do 10 m (mo\u017cna je kupi\u0107 np. w marketach budowlanych) \u2013 prosz\u0119 wybra\u0107 jak najd\u0142u\u017csz\u0105. Ta\u015bmy miernicze s\u0105 bardzo podobne, r\u00f3\u017cni\u0105 si\u0119 jednak od miar zwijanych d\u0142ugo\u015bci\u0105, kt\u00f3ra mo\u017ce wynosi\u0107 od 10 do 50 m.<\/span><\/p>\n<p><span style=\"font-weight: 400;\">Opr\u00f3cz tego b\u0119d\u0105 Pa\u0144stwo potrzebowa\u0107 jednego pomocnika.<\/span><\/p>\n<p><img loading=\"lazy\" decoding=\"async\" class=\"aligncenter wp-image-29336\" src=\"http:\/\/gardeon.pl\/wp-content\/uploads\/2020\/11\/gardeon-obhliadka-2.jpg\" alt=\"Specjalista ds. ogl\u0119dzin stoi przed samochodem z napisem GARDEON\" width=\"800\" height=\"533\" srcset=\"https:\/\/gardeon.pl\/wp-content\/uploads\/2020\/11\/gardeon-obhliadka-2.jpg 1500w, https:\/\/gardeon.pl\/wp-content\/uploads\/2020\/11\/gardeon-obhliadka-2-300x200.jpg 300w, https:\/\/gardeon.pl\/wp-content\/uploads\/2020\/11\/gardeon-obhliadka-2-1024x683.jpg 1024w, https:\/\/gardeon.pl\/wp-content\/uploads\/2020\/11\/gardeon-obhliadka-2-768x512.jpg 768w\" sizes=\"auto, (max-width: 800px) 100vw, 800px\" \/><\/p>\n<p><span style=\"font-weight: 400;\">Prosz\u0119 zacz\u0105\u0107 mierzy\u0107 przy \u015bcianie domu, gdzie pocz\u0105tek miary przytrzyma pomocnik. Miar\u0119 zwijan\u0105 nale\u017cy rozci\u0105gn\u0105\u0107 w kierunku ogrodzenia i zmierzy\u0107 maksymaln\u0105 odleg\u0142o\u015b\u0107. Nale\u017cy przy tym uwa\u017ca\u0107, aby miara by\u0142a dobrze napi\u0119ta i aby mierzy\u0107 prostopadle do domu. Najlepiej mierzy\u0107 bezpo\u015brednio na ziemi, co pozwoli unikn\u0105\u0107 b\u0142\u0119du wynikaj\u0105cego z trzymania ko\u0144ca miary na innej wysoko\u015bci ni\u017c jej pocz\u0105tek.   <\/span><\/p>\n<p><span style=\"font-weight: 400;\">Je\u015bli miara zwijana jest kr\u00f3tsza ni\u017c mierzona odleg\u0142o\u015b\u0107, nale\u017cy zaznaczy\u0107 na ziemi jej koniec (np. 2 m). W tym miejscu pomocnik ponownie przytrzyma pocz\u0105tek miary, a Pa\u0144stwo w ten sam spos\u00f3b zmierz\u0105 kolejny odcinek odleg\u0142o\u015bci mi\u0119dzy domem a ogrodzeniem. Nale\u017cy tak kontynuowa\u0107 a\u017c do p\u0142otu, a nast\u0119pnie zsumowa\u0107 wszystkie zmierzone odcinki (np. 2 m + 2 m + 75 cm = 4 m i 75 cm. Poniewa\u017c 75 cm to 0,75 m, \u0142\u0105cznie daje to 4,75 m) \u2013 teraz wiedz\u0105 Pa\u0144stwo dok\u0142adnie, jaka mo\u017ce by\u0107 maksymalna szeroko\u015b\u0107 gara\u017cu, kt\u00f3ry stanie obok domu.  <\/span><\/p>\n<p><span style=\"font-weight: 400;\">W podobny spos\u00f3b mog\u0105 Pa\u0144stwo zmierzy\u0107 odleg\u0142o\u015b\u0107 od przedniej \u015bciany domu do ogrodzenia przy ulicy itp.<\/span><\/p>\n<h2><b>Chc\u0105 Pa\u0144stwo wiedzie\u0107, ile miejsca zajmie gara\u017c?<\/b><\/h2>\n<p><span style=\"font-weight: 400;\">B\u0119d\u0105 Pa\u0144stwo potrzebowa\u0107 miary zwijanej lub ta\u015bmy, jednego pomocnika, czterech drewnianych palik\u00f3w i sznurka. Zamiast palik\u00f3w mo\u017cna u\u017cy\u0107 innych przedmiot\u00f3w codziennego u\u017cytku, takich jak krzes\u0142a, doniczki czy wi\u0119ksze kamienie. <\/span><\/p>\n<p><span style=\"font-weight: 400;\">Najpierw nale\u017cy wyznaczy\u0107 r\u00f3g gara\u017cu, kt\u00f3ry mo\u017cna okre\u015bli\u0107 naj\u0142atwiej lub najdok\u0142adniej, na przyk\u0142ad przedni r\u00f3g gara\u017cu przy \u015bcianie domu lub przy ogrodzeniu przed domem \u2013 prosz\u0119 wymierzy\u0107 dok\u0142adne miejsce i wbi\u0107 w nie palik, postawi\u0107 doniczk\u0119 lub krzes\u0142o (prosz\u0119 ustawi\u0107 je tak, aby sta\u0142o \u201ewewn\u0105trz\u201d planowanego gara\u017cu, tak aby r\u00f3g budowli wyznacza\u0142a jedna noga krzes\u0142a).<\/span><\/p>\n<p><span style=\"font-weight: 400;\">Je\u015bli gara\u017c b\u0119dzie sta\u0142 przy domu, nale\u017cy zmierzy\u0107 jego d\u0142ugo\u015b\u0107 (g\u0142\u0119boko\u015b\u0107) r\u00f3wnolegle do \u015bciany domu i w tym miejscu wbi\u0107 drugi palik (lub postawi\u0107 drug\u0105 doniczk\u0119 czy krzes\u0142o) \u2013 w ten spos\u00f3b wyznacz\u0105 Pa\u0144stwo tylny r\u00f3g gara\u017cu. W miejscu obu palik\u00f3w nale\u017cy odmierzy\u0107 prostopadle do domu szeroko\u015b\u0107 gara\u017cu i wbi\u0107 kolejne dwa paliki. Wszystkie cztery paliki nale\u017cy po\u0142\u0105czy\u0107 sznurkiem, co da do\u015b\u0107 jasny obraz tego, ile miejsca zajmie gara\u017c.  <\/span><\/p>\n<p><img loading=\"lazy\" decoding=\"async\" class=\"aligncenter wp-image-29409\" src=\"http:\/\/gardeon.pl\/wp-content\/uploads\/2020\/11\/gardeon-vizualizacia-garaz-sucany-e1605692346656.png\" alt=\"Wizualizacja gara\u017cu na jeden samoch\u00f3d w Su\u010danach\" width=\"800\" height=\"338\"><\/p>\n<p><span style=\"font-weight: 400;\">Podczas pomiar\u00f3w nale\u017cy zachowa\u0107 k\u0105ty proste \u2013 mo\u017cna je zweryfikowa\u0107 za pomoc\u0105 wi\u0119kszego przedmiotu o k\u0105tach prostych, na przyk\u0142ad du\u017cego kartonu. Dok\u0142adniejsz\u0105 kontrol\u0119 przeprowadz\u0105 Pa\u0144stwo, mierz\u0105c obie przek\u0105tne \u2013 je\u015bli s\u0105 r\u00f3wne, wyznaczyli Pa\u0144stwo prostok\u0105t. Je\u015bli chc\u0105 Pa\u0144stwo wyznaczy\u0107 przestrze\u0144 na utwardzonej powierzchni, np. na kostce brukowej, zamiast sznurka mo\u017cna u\u017cy\u0107 kredy.  <\/span><\/p>\n<h2><b>Do jakiej wysoko\u015bci b\u0119dzie si\u0119ga\u0142 gara\u017c?<\/b><\/h2>\n<p><span style=\"font-weight: 400;\">Planuj\u0105 Pa\u0144stwo postawi\u0107 gara\u017c tu\u017c obok domu i musz\u0105 Pa\u0144stwo sprawdzi\u0107, jak wysoko b\u0119dzie si\u0119ga\u0142 i czy na przyk\u0142ad nie zas\u0142oni okna w \u0142azience, kt\u00f3re znajduje si\u0119 w bocznej \u015bcianie? W ten spos\u00f3b mo\u017cna to zmierzy\u0107: <\/span><\/p>\n<p><span style=\"font-weight: 400;\">Ponownie b\u0119d\u0105 Pa\u0144stwo potrzebowa\u0107 miary zwijanej i jednego pomocnika, ewentualnie sznurka i ta\u015bmy malarskiej, kt\u00f3r\u0105 zaznacz\u0105 Pa\u0144stwo wysoko\u015b\u0107 gara\u017cu na \u015bcianie domu, nie brudz\u0105c jej ani nie uszkadzaj\u0105c. Przy pomiarach przydatna b\u0119dzie r\u00f3wnie\u017c drabinka lub krzes\u0142o, na kt\u00f3rym b\u0119d\u0105 mogli Pa\u0144stwo stan\u0105\u0107, poniewa\u017c wysoko\u015b\u0107 gara\u017cu wynosi ponad 2 metry. <\/span><\/p>\n<p><img loading=\"lazy\" decoding=\"async\" class=\"aligncenter wp-image-27085\" src=\"http:\/\/gardeon.pl\/wp-content\/uploads\/2020\/07\/rozmery_2.png\" alt=\"G\u0142\u0119boko\u015b\u0107 domku ogrodowego\" width=\"800\" height=\"586\" srcset=\"https:\/\/gardeon.pl\/wp-content\/uploads\/2020\/07\/rozmery_2.png 971w, https:\/\/gardeon.pl\/wp-content\/uploads\/2020\/07\/rozmery_2-300x220.png 300w, https:\/\/gardeon.pl\/wp-content\/uploads\/2020\/07\/rozmery_2-768x562.png 768w\" sizes=\"auto, (max-width: 800px) 100vw, 800px\" \/><\/p>\n<p><span style=\"font-weight: 400;\">Najpierw prosz\u0119 sprawdzi\u0107 na naszej stronie wysoko\u015b\u0107 konkretnego typu gara\u017cu, kt\u00f3ry Pa\u0144stwo wybrali. Na przyk\u0142ad w przypadku gara\u017cy z dachem jednospadowym podaje si\u0119 j\u0105 jako spadek, kt\u00f3rego podstawowy wymiar wynosi 2310\/2180 mm \u2013 oznacza to, \u017ce po wy\u017cszej stronie gara\u017c ma ca\u0142kowit\u0105 wysoko\u015b\u0107 2310 mm, czyli 2,31 m, a po ni\u017cszej 2180 mm, czyli 2,18 m (r\u00f3\u017cnica mi\u0119dzy ni\u017csz\u0105 a wy\u017csz\u0105 \u015bcian\u0105 gara\u017cu wynosi 13 cm). Opr\u00f3cz tego musz\u0105 Pa\u0144stwo ustali\u0107 kierunek spadku dachu, czyli czy <\/span><a href=\"https:\/\/gardeon.pl\/pl\/garaze\/akcesoria-dodatki\/dach-do-garazu\/\"><span style=\"font-weight: 400;\">dach<\/span><\/a><span style=\"font-weight: 400;\"> b\u0119dzie nachylony w stron\u0119 domu, od domu, do ty\u0142u czy do przodu w stron\u0119 bramy gara\u017cowej.<\/span><\/p>\n<p><span style=\"font-weight: 400;\">Kolejn\u0105 wa\u017cn\u0105 rzecz\u0105, o kt\u00f3rej nale\u017cy pami\u0119ta\u0107 podczas pomiar\u00f3w, jest wysoko\u015b\u0107 pod\u0142o\u017ca pod gara\u017c \u2013 czy jego powierzchnia b\u0119dzie na przyk\u0142ad na poziomie chodnika prowadz\u0105cego wok\u00f3\u0142 domu? Czy planuj\u0105 Pa\u0144stwo wykona\u0107 go o kilka cm wy\u017cej lub ni\u017cej ni\u017c otaczaj\u0105cy teren? Je\u015bli planowane pod\u0142o\u017ce pod gara\u017c b\u0119dzie na poziomie utwardzonej powierzchni obok domu, wysoko\u015b\u0107 gara\u017cu nale\u017cy odmierzy\u0107 od tej powierzchni zgodnie z wymiarami na naszej stronie. Je\u015bli pod\u0142o\u017ce b\u0119dzie wy\u017cej, nale\u017cy do wysoko\u015bci gara\u017cu doda\u0107 odpowiedni\u0105 warto\u015b\u0107, je\u015bli ni\u017cej \u2013 nale\u017cy j\u0105 odj\u0105\u0107.   <\/span><\/p>\n<p><img loading=\"lazy\" decoding=\"async\" class=\"aligncenter wp-image-25186\" src=\"http:\/\/gardeon.pl\/wp-content\/uploads\/2020\/03\/gardeon-podklad-garaz-11.jpg\" alt=\"Obwodowy murek z betonu\" width=\"800\" height=\"600\" srcset=\"https:\/\/gardeon.pl\/wp-content\/uploads\/2020\/03\/gardeon-podklad-garaz-11.jpg 2000w, https:\/\/gardeon.pl\/wp-content\/uploads\/2020\/03\/gardeon-podklad-garaz-11-300x225.jpg 300w, https:\/\/gardeon.pl\/wp-content\/uploads\/2020\/03\/gardeon-podklad-garaz-11-1024x768.jpg 1024w, https:\/\/gardeon.pl\/wp-content\/uploads\/2020\/03\/gardeon-podklad-garaz-11-768x576.jpg 768w, https:\/\/gardeon.pl\/wp-content\/uploads\/2020\/03\/gardeon-podklad-garaz-11-1536x1152.jpg 1536w\" sizes=\"auto, (max-width: 800px) 100vw, 800px\" \/><\/p>\n<p><span style=\"font-weight: 400;\">W przypadku, gdy gara\u017c b\u0119dzie zwr\u00f3cony do domu swoj\u0105 wy\u017csz\u0105 lub ni\u017csz\u0105 stron\u0105 (spadek dachu na bok), nale\u017cy zmierzy\u0107 odpowiedni\u0105 wysoko\u015b\u0107 (np. 2,31 m lub 2,18 m) od poziomu przysz\u0142ego pod\u0142o\u017ca i zaznaczy\u0107 j\u0105 na \u015bcianie domu ta\u015bm\u0105 malarsk\u0105 \u2013 w ten prosty spos\u00f3b dowiedz\u0105 si\u0119 Pa\u0144stwo, do jakiej wysoko\u015bci b\u0119dzie si\u0119ga\u0142 gara\u017c. Je\u015bli b\u0119d\u0105 Pa\u0144stwo mierzy\u0107 w miejscu okna, od razu zobacz\u0105 Pa\u0144stwo, czy gara\u017c na nie nachodzi. <\/span><\/p>\n<p><span style=\"font-weight: 400;\">Je\u015bli dach gara\u017cu ma mie\u0107 spadek do przodu lub do ty\u0142u, pomiar b\u0119dzie nieco trudniejszy. Najpierw nale\u017cy wyznaczy\u0107 po\u0142o\u017cenie przedniego i tylnego rogu gara\u017cu, kt\u00f3re b\u0119d\u0105 znajdowa\u0107 si\u0119 przy \u015bcianie domu, i zaznaczy\u0107 je na \u015bcianie pionowym kawa\u0142kiem ta\u015bmy malarskiej. Nast\u0119pnie w tych dw\u00f3ch miejscach nale\u017cy odmierzy\u0107 miar\u0105 zwijan\u0105 odpowiednie wysoko\u015bci i zaznaczy\u0107 je na domu ta\u015bm\u0105 malarsk\u0105 \u2013 najlepiej zrobi\u0107 ta\u015bm\u0105 krzy\u017cyki, w kt\u00f3rych \u015brodku znajdzie si\u0119 najwy\u017cszy i najni\u017cszy punkt dachu gara\u017cu. Gdy mi\u0119dzy tymi dwoma punktami napn\u0105 Pa\u0144stwo sznurek, wyznaczy on g\u00f3rn\u0105 kraw\u0119d\u017a dachu gara\u017cu. Je\u015bli sznurek przetnie okno, oznacza to, \u017ce gara\u017c b\u0119dzie je zas\u0142ania\u0107.    <\/span><\/p>\n<p><img loading=\"lazy\" decoding=\"async\" class=\"aligncenter wp-image-28452\" src=\"http:\/\/gardeon.pl\/wp-content\/uploads\/2020\/10\/gardeon-atypicka-garaz-34.jpg\" alt=\"Zesp\u00f3\u0142 monta\u017cowy przed nietypowym gara\u017cem w kolorze bia\u0142ym\" width=\"800\" height=\"533\" srcset=\"https:\/\/gardeon.pl\/wp-content\/uploads\/2020\/10\/gardeon-atypicka-garaz-34.jpg 2000w, https:\/\/gardeon.pl\/wp-content\/uploads\/2020\/10\/gardeon-atypicka-garaz-34-300x200.jpg 300w, https:\/\/gardeon.pl\/wp-content\/uploads\/2020\/10\/gardeon-atypicka-garaz-34-1024x682.jpg 1024w, https:\/\/gardeon.pl\/wp-content\/uploads\/2020\/10\/gardeon-atypicka-garaz-34-768x512.jpg 768w, https:\/\/gardeon.pl\/wp-content\/uploads\/2020\/10\/gardeon-atypicka-garaz-34-1536x1024.jpg 1536w\" sizes=\"auto, (max-width: 800px) 100vw, 800px\" \/><\/p>\n<p><span style=\"font-weight: 400;\">Gara\u017c stoj\u0105cy tu\u017c przy domu nie powinien zas\u0142ania\u0107 okien, nie mog\u0105 w niego wchodzi\u0107 r\u00f3wnie\u017c parapety. Je\u015bli taka sytuacja wyst\u0105pi, nale\u017cy umie\u015bci\u0107 gara\u017c w innym miejscu, inaczej go obr\u00f3ci\u0107 lub \u201eprzesun\u0105\u0107\u201d w bardziej odpowiednie miejsce. <\/span><\/p>\n<p><i><span style=\"font-weight: 400;\">Nadal nie wiedz\u0105 Pa\u0144stwo, jak poradzi\u0107 sobie z miejscem na gara\u017c lub pomiarami? Prosimy o kontakt telefoniczny, a wy\u015blemy do Pa\u0144stwa naszego technika, kt\u00f3ry pomo\u017ce w ogl\u0119dzinach miejsca. <\/span><\/i><\/p>\n<p><a href=\"http:\/\/gardeon.pl\/wp-content\/uploads\/2020\/11\/gardeon-obhliadka-4.jpg\"><img loading=\"lazy\" decoding=\"async\" class=\"aligncenter wp-image-29332\" src=\"http:\/\/gardeon.pl\/wp-content\/uploads\/2020\/11\/gardeon-obhliadka-4.jpg\" alt=\"Specjalista ds. ogl\u0119dzin przy budynku GARDEON\" width=\"800\" height=\"1201\" srcset=\"https:\/\/gardeon.pl\/wp-content\/uploads\/2020\/11\/gardeon-obhliadka-4.jpg 1500w, https:\/\/gardeon.pl\/wp-content\/uploads\/2020\/11\/gardeon-obhliadka-4-200x300.jpg 200w, https:\/\/gardeon.pl\/wp-content\/uploads\/2020\/11\/gardeon-obhliadka-4-682x1024.jpg 682w, https:\/\/gardeon.pl\/wp-content\/uploads\/2020\/11\/gardeon-obhliadka-4-768x1153.jpg 768w, https:\/\/gardeon.pl\/wp-content\/uploads\/2020\/11\/gardeon-obhliadka-4-1024x1536.jpg 1024w, https:\/\/gardeon.pl\/wp-content\/uploads\/2020\/11\/gardeon-obhliadka-4-1365x2048.jpg 1365w\" sizes=\"auto, (max-width: 800px) 100vw, 800px\" \/><\/a><\/p>\n","protected":false},"excerpt":{"rendered":"<p>Wybrali Pa\u0144stwo idealny gara\u017c, ale nie wiedz\u0105 Pa\u0144stwo, gdzie umie\u015bci\u0107 go na dzia\u0142ce lub czy zmie\u015bci si\u0119 w wybranej przestrzeni? Dzi\u0119ki temu praktycznemu poradnikowi z pewno\u015bci\u0105 rozwi\u0105\u017c\u0105 Pa\u0144stwo wszystkie te kwestie.<\/p>\n","protected":false},"author":2,"featured_media":47657,"comment_status":"open","ping_status":"open","sticky":false,"template":"","format":"standard","meta":{"_acf_changed":false,"inline_featured_image":false,"footnotes":""},"categories":[578,580],"tags":[],"class_list":["post-47655","post","type-post","status-publish","format-standard","has-post-thumbnail","hentry","category-garaze-blaszane","category-jak-to-zrobic-garaze-diy"],"acf":[],"yoast_head":"<!-- This site is optimized with the Yoast SEO plugin v27.4 - https:\/\/yoast.com\/product\/yoast-seo-wordpress\/ -->\n<title>Jak wybra\u0107 odpowiednie miejsce na gara\u017c i jak je wymierzy\u0107? | GARDEON<\/title>\n<meta name=\"robots\" content=\"index, follow, max-snippet:-1, max-image-preview:large, max-video-preview:-1\" \/>\n<link rel=\"canonical\" href=\"https:\/\/gardeon.pl\/pl\/blog\/jak-wybrac-odpowiednie-miejsce-na-garaz-i-jak-je-wymierzyc\/\" \/>\n<meta property=\"og:locale\" content=\"pl_PL\" \/>\n<meta property=\"og:type\" content=\"article\" \/>\n<meta property=\"og:title\" content=\"Jak wybra\u0107 odpowiednie miejsce na gara\u017c i jak je wymierzy\u0107? | GARDEON\" \/>\n<meta property=\"og:description\" content=\"Wybrali Pa\u0144stwo idealny gara\u017c, ale nie wiedz\u0105 Pa\u0144stwo, gdzie umie\u015bci\u0107 go na dzia\u0142ce lub czy zmie\u015bci si\u0119 w wybranej przestrzeni? Dzi\u0119ki temu praktycznemu poradnikowi z pewno\u015bci\u0105 rozwi\u0105\u017c\u0105 Pa\u0144stwo wszystkie te kwestie.\" \/>\n<meta property=\"og:url\" content=\"https:\/\/gardeon.pl\/pl\/blog\/jak-wybrac-odpowiednie-miejsce-na-garaz-i-jak-je-wymierzyc\/\" \/>\n<meta property=\"og:site_name\" content=\"GARDEON\" \/>\n<meta property=\"article:published_time\" content=\"2026-04-23T15:42:08+00:00\" \/>\n<meta property=\"article:modified_time\" content=\"2026-04-23T16:41:31+00:00\" \/>\n<meta property=\"og:image\" content=\"http:\/\/gardeon.pl\/wp-content\/uploads\/2020\/11\/gardeon-obhliadka-3.jpg\" \/>\n\t<meta property=\"og:image:width\" content=\"1500\" \/>\n\t<meta property=\"og:image:height\" content=\"1000\" \/>\n\t<meta property=\"og:image:type\" content=\"image\/jpeg\" \/>\n<meta name=\"author\" content=\"editor\" \/>\n<meta name=\"twitter:card\" content=\"summary_large_image\" \/>\n<meta name=\"twitter:label1\" content=\"Napisane przez\" \/>\n\t<meta name=\"twitter:data1\" content=\"editor\" \/>\n\t<meta name=\"twitter:label2\" content=\"Szacowany czas czytania\" \/>\n\t<meta name=\"twitter:data2\" content=\"9 minut\" \/>\n<script type=\"application\/ld+json\" class=\"yoast-schema-graph\">{\"@context\":\"https:\\\/\\\/schema.org\",\"@graph\":[{\"@type\":\"Article\",\"@id\":\"https:\\\/\\\/gardeon.pl\\\/pl\\\/blog\\\/jak-wybrac-odpowiednie-miejsce-na-garaz-i-jak-je-wymierzyc\\\/#article\",\"isPartOf\":{\"@id\":\"https:\\\/\\\/gardeon.pl\\\/pl\\\/blog\\\/jak-wybrac-odpowiednie-miejsce-na-garaz-i-jak-je-wymierzyc\\\/\"},\"author\":{\"name\":\"editor\",\"@id\":\"https:\\\/\\\/gardeon.pl\\\/#\\\/schema\\\/person\\\/a5762ca5f0790bf92774af0899379463\"},\"headline\":\"Jak wybra\u0107 odpowiednie miejsce na gara\u017c i jak je wymierzy\u0107?\",\"datePublished\":\"2026-04-23T15:42:08+00:00\",\"dateModified\":\"2026-04-23T16:41:31+00:00\",\"mainEntityOfPage\":{\"@id\":\"https:\\\/\\\/gardeon.pl\\\/pl\\\/blog\\\/jak-wybrac-odpowiednie-miejsce-na-garaz-i-jak-je-wymierzyc\\\/\"},\"wordCount\":1762,\"commentCount\":0,\"image\":{\"@id\":\"https:\\\/\\\/gardeon.pl\\\/pl\\\/blog\\\/jak-wybrac-odpowiednie-miejsce-na-garaz-i-jak-je-wymierzyc\\\/#primaryimage\"},\"thumbnailUrl\":\"https:\\\/\\\/gardeon.pl\\\/wp-content\\\/uploads\\\/2020\\\/11\\\/gardeon-obhliadka-3.jpg\",\"articleSection\":[\"Gara\u017ce blaszane\",\"Jak to zrobi\u0107 \u2013 gara\u017ce | DIY\"],\"inLanguage\":\"pl-PL\",\"potentialAction\":[{\"@type\":\"CommentAction\",\"name\":\"Comment\",\"target\":[\"https:\\\/\\\/gardeon.pl\\\/pl\\\/blog\\\/jak-wybrac-odpowiednie-miejsce-na-garaz-i-jak-je-wymierzyc\\\/#respond\"]}]},{\"@type\":\"WebPage\",\"@id\":\"https:\\\/\\\/gardeon.pl\\\/pl\\\/blog\\\/jak-wybrac-odpowiednie-miejsce-na-garaz-i-jak-je-wymierzyc\\\/\",\"url\":\"https:\\\/\\\/gardeon.pl\\\/pl\\\/blog\\\/jak-wybrac-odpowiednie-miejsce-na-garaz-i-jak-je-wymierzyc\\\/\",\"name\":\"Jak wybra\u0107 odpowiednie miejsce na gara\u017c i jak je wymierzy\u0107? | GARDEON\",\"isPartOf\":{\"@id\":\"https:\\\/\\\/gardeon.pl\\\/#website\"},\"primaryImageOfPage\":{\"@id\":\"https:\\\/\\\/gardeon.pl\\\/pl\\\/blog\\\/jak-wybrac-odpowiednie-miejsce-na-garaz-i-jak-je-wymierzyc\\\/#primaryimage\"},\"image\":{\"@id\":\"https:\\\/\\\/gardeon.pl\\\/pl\\\/blog\\\/jak-wybrac-odpowiednie-miejsce-na-garaz-i-jak-je-wymierzyc\\\/#primaryimage\"},\"thumbnailUrl\":\"https:\\\/\\\/gardeon.pl\\\/wp-content\\\/uploads\\\/2020\\\/11\\\/gardeon-obhliadka-3.jpg\",\"datePublished\":\"2026-04-23T15:42:08+00:00\",\"dateModified\":\"2026-04-23T16:41:31+00:00\",\"author\":{\"@id\":\"https:\\\/\\\/gardeon.pl\\\/#\\\/schema\\\/person\\\/a5762ca5f0790bf92774af0899379463\"},\"breadcrumb\":{\"@id\":\"https:\\\/\\\/gardeon.pl\\\/pl\\\/blog\\\/jak-wybrac-odpowiednie-miejsce-na-garaz-i-jak-je-wymierzyc\\\/#breadcrumb\"},\"inLanguage\":\"pl-PL\",\"potentialAction\":[{\"@type\":\"ReadAction\",\"target\":[\"https:\\\/\\\/gardeon.pl\\\/pl\\\/blog\\\/jak-wybrac-odpowiednie-miejsce-na-garaz-i-jak-je-wymierzyc\\\/\"]}]},{\"@type\":\"ImageObject\",\"inLanguage\":\"pl-PL\",\"@id\":\"https:\\\/\\\/gardeon.pl\\\/pl\\\/blog\\\/jak-wybrac-odpowiednie-miejsce-na-garaz-i-jak-je-wymierzyc\\\/#primaryimage\",\"url\":\"https:\\\/\\\/gardeon.pl\\\/wp-content\\\/uploads\\\/2020\\\/11\\\/gardeon-obhliadka-3.jpg\",\"contentUrl\":\"https:\\\/\\\/gardeon.pl\\\/wp-content\\\/uploads\\\/2020\\\/11\\\/gardeon-obhliadka-3.jpg\",\"width\":1500,\"height\":1000,\"caption\":\"Specjalista ds. ogl\u0119dzin stoi przed budynkiem GARDEON\"},{\"@type\":\"BreadcrumbList\",\"@id\":\"https:\\\/\\\/gardeon.pl\\\/pl\\\/blog\\\/jak-wybrac-odpowiednie-miejsce-na-garaz-i-jak-je-wymierzyc\\\/#breadcrumb\",\"itemListElement\":[{\"@type\":\"ListItem\",\"position\":1,\"name\":\"Domov\",\"item\":\"https:\\\/\\\/gardeon.pl\\\/pl\\\/\"},{\"@type\":\"ListItem\",\"position\":2,\"name\":\"Jak wybra\u0107 odpowiednie miejsce na gara\u017c i jak je wymierzy\u0107?\"}]},{\"@type\":\"WebSite\",\"@id\":\"https:\\\/\\\/gardeon.pl\\\/#website\",\"url\":\"https:\\\/\\\/gardeon.pl\\\/\",\"name\":\"GARDEON\",\"description\":\"\",\"potentialAction\":[{\"@type\":\"SearchAction\",\"target\":{\"@type\":\"EntryPoint\",\"urlTemplate\":\"https:\\\/\\\/gardeon.pl\\\/?s={search_term_string}\"},\"query-input\":{\"@type\":\"PropertyValueSpecification\",\"valueRequired\":true,\"valueName\":\"search_term_string\"}}],\"inLanguage\":\"pl-PL\"},{\"@type\":\"Person\",\"@id\":\"https:\\\/\\\/gardeon.pl\\\/#\\\/schema\\\/person\\\/a5762ca5f0790bf92774af0899379463\",\"name\":\"editor\",\"image\":{\"@type\":\"ImageObject\",\"inLanguage\":\"pl-PL\",\"@id\":\"https:\\\/\\\/secure.gravatar.com\\\/avatar\\\/2b748151c2c748327307fd289a91b3bdafdd9e64e2d000e65e53d6dcf11c5830?s=96&d=mm&r=g\",\"url\":\"https:\\\/\\\/secure.gravatar.com\\\/avatar\\\/2b748151c2c748327307fd289a91b3bdafdd9e64e2d000e65e53d6dcf11c5830?s=96&d=mm&r=g\",\"contentUrl\":\"https:\\\/\\\/secure.gravatar.com\\\/avatar\\\/2b748151c2c748327307fd289a91b3bdafdd9e64e2d000e65e53d6dcf11c5830?s=96&d=mm&r=g\",\"caption\":\"editor\"}}]}<\/script>\n<!-- \/ Yoast SEO plugin. -->","yoast_head_json":{"title":"Jak wybra\u0107 odpowiednie miejsce na gara\u017c i jak je wymierzy\u0107? | GARDEON","robots":{"index":"index","follow":"follow","max-snippet":"max-snippet:-1","max-image-preview":"max-image-preview:large","max-video-preview":"max-video-preview:-1"},"canonical":"https:\/\/gardeon.pl\/pl\/blog\/jak-wybrac-odpowiednie-miejsce-na-garaz-i-jak-je-wymierzyc\/","og_locale":"pl_PL","og_type":"article","og_title":"Jak wybra\u0107 odpowiednie miejsce na gara\u017c i jak je wymierzy\u0107? | GARDEON","og_description":"Wybrali Pa\u0144stwo idealny gara\u017c, ale nie wiedz\u0105 Pa\u0144stwo, gdzie umie\u015bci\u0107 go na dzia\u0142ce lub czy zmie\u015bci si\u0119 w wybranej przestrzeni? Dzi\u0119ki temu praktycznemu poradnikowi z pewno\u015bci\u0105 rozwi\u0105\u017c\u0105 Pa\u0144stwo wszystkie te kwestie.","og_url":"https:\/\/gardeon.pl\/pl\/blog\/jak-wybrac-odpowiednie-miejsce-na-garaz-i-jak-je-wymierzyc\/","og_site_name":"GARDEON","article_published_time":"2026-04-23T15:42:08+00:00","article_modified_time":"2026-04-23T16:41:31+00:00","og_image":[{"width":1500,"height":1000,"url":"http:\/\/gardeon.pl\/wp-content\/uploads\/2020\/11\/gardeon-obhliadka-3.jpg","type":"image\/jpeg"}],"author":"editor","twitter_card":"summary_large_image","twitter_misc":{"Napisane przez":"editor","Szacowany czas czytania":"9 minut"},"schema":{"@context":"https:\/\/schema.org","@graph":[{"@type":"Article","@id":"https:\/\/gardeon.pl\/pl\/blog\/jak-wybrac-odpowiednie-miejsce-na-garaz-i-jak-je-wymierzyc\/#article","isPartOf":{"@id":"https:\/\/gardeon.pl\/pl\/blog\/jak-wybrac-odpowiednie-miejsce-na-garaz-i-jak-je-wymierzyc\/"},"author":{"name":"editor","@id":"https:\/\/gardeon.pl\/#\/schema\/person\/a5762ca5f0790bf92774af0899379463"},"headline":"Jak wybra\u0107 odpowiednie miejsce na gara\u017c i jak je wymierzy\u0107?","datePublished":"2026-04-23T15:42:08+00:00","dateModified":"2026-04-23T16:41:31+00:00","mainEntityOfPage":{"@id":"https:\/\/gardeon.pl\/pl\/blog\/jak-wybrac-odpowiednie-miejsce-na-garaz-i-jak-je-wymierzyc\/"},"wordCount":1762,"commentCount":0,"image":{"@id":"https:\/\/gardeon.pl\/pl\/blog\/jak-wybrac-odpowiednie-miejsce-na-garaz-i-jak-je-wymierzyc\/#primaryimage"},"thumbnailUrl":"https:\/\/gardeon.pl\/wp-content\/uploads\/2020\/11\/gardeon-obhliadka-3.jpg","articleSection":["Gara\u017ce blaszane","Jak to zrobi\u0107 \u2013 gara\u017ce | DIY"],"inLanguage":"pl-PL","potentialAction":[{"@type":"CommentAction","name":"Comment","target":["https:\/\/gardeon.pl\/pl\/blog\/jak-wybrac-odpowiednie-miejsce-na-garaz-i-jak-je-wymierzyc\/#respond"]}]},{"@type":"WebPage","@id":"https:\/\/gardeon.pl\/pl\/blog\/jak-wybrac-odpowiednie-miejsce-na-garaz-i-jak-je-wymierzyc\/","url":"https:\/\/gardeon.pl\/pl\/blog\/jak-wybrac-odpowiednie-miejsce-na-garaz-i-jak-je-wymierzyc\/","name":"Jak wybra\u0107 odpowiednie miejsce na gara\u017c i jak je wymierzy\u0107? | GARDEON","isPartOf":{"@id":"https:\/\/gardeon.pl\/#website"},"primaryImageOfPage":{"@id":"https:\/\/gardeon.pl\/pl\/blog\/jak-wybrac-odpowiednie-miejsce-na-garaz-i-jak-je-wymierzyc\/#primaryimage"},"image":{"@id":"https:\/\/gardeon.pl\/pl\/blog\/jak-wybrac-odpowiednie-miejsce-na-garaz-i-jak-je-wymierzyc\/#primaryimage"},"thumbnailUrl":"https:\/\/gardeon.pl\/wp-content\/uploads\/2020\/11\/gardeon-obhliadka-3.jpg","datePublished":"2026-04-23T15:42:08+00:00","dateModified":"2026-04-23T16:41:31+00:00","author":{"@id":"https:\/\/gardeon.pl\/#\/schema\/person\/a5762ca5f0790bf92774af0899379463"},"breadcrumb":{"@id":"https:\/\/gardeon.pl\/pl\/blog\/jak-wybrac-odpowiednie-miejsce-na-garaz-i-jak-je-wymierzyc\/#breadcrumb"},"inLanguage":"pl-PL","potentialAction":[{"@type":"ReadAction","target":["https:\/\/gardeon.pl\/pl\/blog\/jak-wybrac-odpowiednie-miejsce-na-garaz-i-jak-je-wymierzyc\/"]}]},{"@type":"ImageObject","inLanguage":"pl-PL","@id":"https:\/\/gardeon.pl\/pl\/blog\/jak-wybrac-odpowiednie-miejsce-na-garaz-i-jak-je-wymierzyc\/#primaryimage","url":"https:\/\/gardeon.pl\/wp-content\/uploads\/2020\/11\/gardeon-obhliadka-3.jpg","contentUrl":"https:\/\/gardeon.pl\/wp-content\/uploads\/2020\/11\/gardeon-obhliadka-3.jpg","width":1500,"height":1000,"caption":"Specjalista ds. ogl\u0119dzin stoi przed budynkiem GARDEON"},{"@type":"BreadcrumbList","@id":"https:\/\/gardeon.pl\/pl\/blog\/jak-wybrac-odpowiednie-miejsce-na-garaz-i-jak-je-wymierzyc\/#breadcrumb","itemListElement":[{"@type":"ListItem","position":1,"name":"Domov","item":"https:\/\/gardeon.pl\/pl\/"},{"@type":"ListItem","position":2,"name":"Jak wybra\u0107 odpowiednie miejsce na gara\u017c i jak je wymierzy\u0107?"}]},{"@type":"WebSite","@id":"https:\/\/gardeon.pl\/#website","url":"https:\/\/gardeon.pl\/","name":"GARDEON","description":"","potentialAction":[{"@type":"SearchAction","target":{"@type":"EntryPoint","urlTemplate":"https:\/\/gardeon.pl\/?s={search_term_string}"},"query-input":{"@type":"PropertyValueSpecification","valueRequired":true,"valueName":"search_term_string"}}],"inLanguage":"pl-PL"},{"@type":"Person","@id":"https:\/\/gardeon.pl\/#\/schema\/person\/a5762ca5f0790bf92774af0899379463","name":"editor","image":{"@type":"ImageObject","inLanguage":"pl-PL","@id":"https:\/\/secure.gravatar.com\/avatar\/2b748151c2c748327307fd289a91b3bdafdd9e64e2d000e65e53d6dcf11c5830?s=96&d=mm&r=g","url":"https:\/\/secure.gravatar.com\/avatar\/2b748151c2c748327307fd289a91b3bdafdd9e64e2d000e65e53d6dcf11c5830?s=96&d=mm&r=g","contentUrl":"https:\/\/secure.gravatar.com\/avatar\/2b748151c2c748327307fd289a91b3bdafdd9e64e2d000e65e53d6dcf11c5830?s=96&d=mm&r=g","caption":"editor"}}]}},"_links":{"self":[{"href":"https:\/\/gardeon.pl\/pl\/wp-json\/wp\/v2\/posts\/47655","targetHints":{"allow":["GET"]}}],"collection":[{"href":"https:\/\/gardeon.pl\/pl\/wp-json\/wp\/v2\/posts"}],"about":[{"href":"https:\/\/gardeon.pl\/pl\/wp-json\/wp\/v2\/types\/post"}],"author":[{"embeddable":true,"href":"https:\/\/gardeon.pl\/pl\/wp-json\/wp\/v2\/users\/2"}],"replies":[{"embeddable":true,"href":"https:\/\/gardeon.pl\/pl\/wp-json\/wp\/v2\/comments?post=47655"}],"version-history":[{"count":0,"href":"https:\/\/gardeon.pl\/pl\/wp-json\/wp\/v2\/posts\/47655\/revisions"}],"wp:featuredmedia":[{"embeddable":true,"href":"https:\/\/gardeon.pl\/pl\/wp-json\/wp\/v2\/media\/47657"}],"wp:attachment":[{"href":"https:\/\/gardeon.pl\/pl\/wp-json\/wp\/v2\/media?parent=47655"}],"wp:term":[{"taxonomy":"category","embeddable":true,"href":"https:\/\/gardeon.pl\/pl\/wp-json\/wp\/v2\/categories?post=47655"},{"taxonomy":"post_tag","embeddable":true,"href":"https:\/\/gardeon.pl\/pl\/wp-json\/wp\/v2\/tags?post=47655"}],"curies":[{"name":"wp","href":"https:\/\/api.w.org\/{rel}","templated":true}]}}