{"id":47697,"date":"2026-04-23T18:41:31","date_gmt":"2026-04-23T16:41:31","guid":{"rendered":"https:\/\/gardeon.pl\/?p=47697"},"modified":"2026-04-23T18:41:31","modified_gmt":"2026-04-23T16:41:31","slug":"pomysly-na-prezenty-swiateczne-dla-milosnikow-samochodow-i-motocykli","status":"publish","type":"post","link":"https:\/\/gardeon.pl\/pl\/blog\/pomysly-na-prezenty-swiateczne-dla-milosnikow-samochodow-i-motocykli\/","title":{"rendered":"Pomys\u0142y na prezenty \u015bwi\u0105teczne dla mi\u0142o\u015bnik\u00f3w samochod\u00f3w i motocykli"},"content":{"rendered":"<p><em>Czy maj\u0105 Pa\u0144stwo czasem wra\u017cenie, \u017ce Wasz m\u0105\u017c po\u015bwi\u0119ca wi\u0119cej czasu i uwagi swojemu pupilowi na k\u00f3\u0142kach ni\u017c Wam? W takim razie wiemy, czym sprawi\u0105 mu Pa\u0144stwo rado\u015b\u0107 na \u015awi\u0119ta Bo\u017cego Narodzenia \u2013 niech si\u0119 Pa\u0144stwo zainspiruj\u0105 naszymi pomys\u0142ami na prezenty dla ka\u017cdego typu m\u0119\u017cczyzny i na ka\u017cd\u0105 kiesze\u0144. <\/em><\/p>\n<p><!--more--><\/p>\n<h2><b>Ten w\u0142a\u015bciwy model, tylko w<\/b> miniaturze<\/h2>\n<p>Ka\u017cdy motocyklista czy fan dobrych samochod\u00f3w ma swojego faworyta, w\u015br\u00f3d wszystkich marek t\u0119 najja\u015bniejsz\u0105 gwiazd\u0119, wymarzony, idealny typ. Oczywi\u015bcie, nie ka\u017cdy mo\u017ce go posiada\u0107. Spr\u00f3bujcie wi\u0119c Pa\u0144stwo sprawi\u0107 mu go cho\u0107by w miniaturze. Wysokiej jako\u015bci modele samochod\u00f3w to przedmioty kolekcjonerskie, kt\u00f3re nie s\u0105 tanie, ale z pewno\u015bci\u0105 uciesz\u0105.   <\/p>\n<p><a href=\"http:\/\/gardeon.pl\/wp-content\/uploads\/2020\/11\/81TWtOlx4uL._AC_SL1500_.jpg\"><img loading=\"lazy\" decoding=\"async\" class=\"aligncenter wp-image-29478\" src=\"http:\/\/gardeon.pl\/wp-content\/uploads\/2020\/11\/81TWtOlx4uL._AC_SL1500_.jpg\" alt=\"Model samochodu Ford Mustang z Lego Creator\" width=\"800\" height=\"800\" srcset=\"https:\/\/gardeon.pl\/wp-content\/uploads\/2020\/11\/81TWtOlx4uL._AC_SL1500_.jpg 1500w, https:\/\/gardeon.pl\/wp-content\/uploads\/2020\/11\/81TWtOlx4uL._AC_SL1500_-300x300.jpg 300w, https:\/\/gardeon.pl\/wp-content\/uploads\/2020\/11\/81TWtOlx4uL._AC_SL1500_-1024x1024.jpg 1024w, https:\/\/gardeon.pl\/wp-content\/uploads\/2020\/11\/81TWtOlx4uL._AC_SL1500_-150x150.jpg 150w, https:\/\/gardeon.pl\/wp-content\/uploads\/2020\/11\/81TWtOlx4uL._AC_SL1500_-768x768.jpg 768w, https:\/\/gardeon.pl\/wp-content\/uploads\/2020\/11\/81TWtOlx4uL._AC_SL1500_-1200x1200-cropped.jpg 1200w\" sizes=\"auto, (max-width: 800px) 100vw, 800px\" \/><\/a><\/p>\n<p>A je\u015bli Pa\u0144stwa m\u0105\u017c to wieczne dziecko (a wi\u0119kszo\u015b\u0107 m\u0119\u017cczyzn taka jest), idealnym prezentem b\u0119dzie dla niego model samochodu lub motocykla, kt\u00f3ry mo\u017ce samodzielnie z\u0142o\u017cy\u0107, a prawdziwie stylowym gad\u017cetem dla entuzjast\u00f3w wysokiej jako\u015bci zabawek jest Ford Mustang z LEGO Creator.<\/p>\n<h2><b>Praktyczne<\/b> drobiazgi<\/h2>\n<p>Szukaj\u0105 Pa\u0144stwo raczej praktycznego drobiazgu? Ma\u0142ego, ale sprytnego prezentu dla m\u0119\u017ca, wujka, brata&#8230; Ucieszy\u0107 mog\u0105 naprawd\u0119 nawet rzeczy, kt\u00f3re nie kosztuj\u0105 wiele. Na przyk\u0142ad antypo\u015blizgowa podk\u0142adka, dzi\u0119ki kt\u00f3rej telefon kom\u00f3rkowy, portfel czy klucze pozostan\u0105 na miejscu i nie zsun\u0105 si\u0119 z deski rozdzielczej w miejsca, w kt\u00f3rych szuka si\u0119 ich bardzo niewygodnie. Kolejn\u0105 praktyczn\u0105 rzecz\u0105, kt\u00f3r\u0105 m\u0119\u017cczyzna doceni nie tylko w samochodzie, jest wysokiej jako\u015bci latarka LED.    <\/p>\n<p><a href=\"http:\/\/gardeon.pl\/wp-content\/uploads\/2020\/11\/17761_1bbb.jpg\"><img loading=\"lazy\" decoding=\"async\" class=\"aligncenter wp-image-29480\" src=\"http:\/\/gardeon.pl\/wp-content\/uploads\/2020\/11\/17761_1bbb.jpg\" alt=\"Latarka LED\" width=\"800\" height=\"440\" srcset=\"https:\/\/gardeon.pl\/wp-content\/uploads\/2020\/11\/17761_1bbb.jpg 1400w, https:\/\/gardeon.pl\/wp-content\/uploads\/2020\/11\/17761_1bbb-300x165.jpg 300w, https:\/\/gardeon.pl\/wp-content\/uploads\/2020\/11\/17761_1bbb-1024x563.jpg 1024w, https:\/\/gardeon.pl\/wp-content\/uploads\/2020\/11\/17761_1bbb-768x422.jpg 768w\" sizes=\"auto, (max-width: 800px) 100vw, 800px\" \/><\/a><\/p>\n<p>Wa\u017cne jest przy tym nie tylko wystarczaj\u0105co silne \u015bwiat\u0142o. Idealnie jest, je\u015bli latarka ma wysuwan\u0105, regulowan\u0105 lub elastyczn\u0105 konstrukcj\u0119, przystosowan\u0105 do o\u015bwietlania r\u00f3wnie\u017c \u201eza r\u00f3g\u201d, w r\u00f3\u017cne niedost\u0119pne miejsca. Przydaje si\u0119 tak\u017ce magnetyczny koniec uchwytu, za pomoc\u0105 kt\u00f3rego latark\u0119 mo\u017cna przymocowa\u0107 do dowolnego metalowego przedmiotu, a cz\u0142owiek ma wtedy wolne r\u0119ce do pracy.  <\/p>\n<h2><b>Gad\u017cety na<\/b> d\u0142ugie<b> podr\u00f3\u017ce<\/b><\/h2>\n<p>Czy Pa\u0144stwa m\u0105\u017c nale\u017cy do tych, kt\u00f3rzy du\u017co podr\u00f3\u017cuj\u0105? W takim razie do samochodu przyda mu si\u0119 co\u015b, co uprzyjemni lub u\u0142atwi mu podr\u00f3\u017c. Praktycznym pomys\u0142em mo\u017ce by\u0107 uchwyt na smartfon, a do starszego typu samochodu przyda mu si\u0119 r\u00f3wnie\u017c sprytne urz\u0105dzenie, kt\u00f3re \u0142\u0105czy \u0142adowark\u0119 do telefonu kom\u00f3rkowego z innymi funkcjami, na przyk\u0142ad mo\u017cliwo\u015bci\u0105 odtwarzania muzyki z USB i zestawem g\u0142o\u015bnom\u00f3wi\u0105cym Bluetooth dla bezpieczniejszej jazdy. Takie wielofunkcyjne urz\u0105dzenie wystarczy pod\u0142\u0105czy\u0107 do gniazda 12 V w samochodzie.   <\/p>\n<p><a href=\"http:\/\/gardeon.pl\/wp-content\/uploads\/2020\/11\/00.jpg\"><img loading=\"lazy\" decoding=\"async\" class=\"aligncenter wp-image-29482\" src=\"http:\/\/gardeon.pl\/wp-content\/uploads\/2020\/11\/00.jpg\" alt=\"Uchwyt na smartfon\" width=\"800\" height=\"600\" srcset=\"https:\/\/gardeon.pl\/wp-content\/uploads\/2020\/11\/00.jpg 1024w, https:\/\/gardeon.pl\/wp-content\/uploads\/2020\/11\/00-300x225.jpg 300w, https:\/\/gardeon.pl\/wp-content\/uploads\/2020\/11\/00-768x576.jpg 768w\" sizes=\"auto, (max-width: 800px) 100vw, 800px\" \/><\/a><\/p>\n<p>Motocykli\u015bcie natomiast przyda si\u0119 komunikator do kasku. Dzi\u0119ki niemu b\u0119dzie w kontakcie z innymi podczas jazdy, a komunikatory umo\u017cliwiaj\u0105 r\u00f3wnie\u017c bezpieczne po\u0142\u0105czenie ze smartfonem i s\u0142uchanie instrukcji z nawigacji lub muzyki, kt\u00f3r\u0105 mo\u017ce r\u00f3wnie\u017c udost\u0119pnia\u0107 innym. <\/p>\n<h2><b>Zabawne<\/b> prezenty<\/h2>\n<p>Szukaj\u0105 Pa\u0144stwo prezentu dla m\u0119\u017cczyzny, kt\u00f3ry nie traktuje siebie zbyt powa\u017cnie? Zabawnym prezentem dla motocyklisty mo\u017ce by\u0107 na przyk\u0142ad pokrowiec na kask, cho\u0107by z motywem \u015awi\u0119tego Miko\u0142aja, pandy czy elfa. Ewentualnie spr\u00f3bujcie Pa\u0144stwo mi\u0142ego prezentu z zabawn\u0105 kartk\u0105 \u2013 skarbonki w kszta\u0142cie kasku, do kt\u00f3rej mo\u017ce oszcz\u0119dza\u0107 na przyk\u0142ad \u201ena porz\u0105dny motocykl\u201d.   <span class=\"Apple-converted-space\"> <\/span><\/p>\n<p><a href=\"http:\/\/gardeon.pl\/wp-content\/uploads\/2020\/11\/Motorcycle_Helmet_Cover_-_SANTA_3_2000x.jpg\"><img loading=\"lazy\" decoding=\"async\" class=\"aligncenter wp-image-29484\" src=\"http:\/\/gardeon.pl\/wp-content\/uploads\/2020\/11\/Motorcycle_Helmet_Cover_-_SANTA_3_2000x.jpg\" alt=\"Pokrowiec na kask \u015awi\u0119tego Miko\u0142aja\" width=\"800\" height=\"800\" srcset=\"https:\/\/gardeon.pl\/wp-content\/uploads\/2020\/11\/Motorcycle_Helmet_Cover_-_SANTA_3_2000x.jpg 1000w, https:\/\/gardeon.pl\/wp-content\/uploads\/2020\/11\/Motorcycle_Helmet_Cover_-_SANTA_3_2000x-300x300.jpg 300w, https:\/\/gardeon.pl\/wp-content\/uploads\/2020\/11\/Motorcycle_Helmet_Cover_-_SANTA_3_2000x-150x150.jpg 150w, https:\/\/gardeon.pl\/wp-content\/uploads\/2020\/11\/Motorcycle_Helmet_Cover_-_SANTA_3_2000x-768x768.jpg 768w\" sizes=\"auto, (max-width: 800px) 100vw, 800px\" \/><\/a><\/p>\n<h2><b>Dla tych,<\/b> kt\u00f3rzy<b> lubi\u0105 mie\u0107 wszystko pod kontrol\u0105<\/b><\/h2>\n<p>A co powiecie Pa\u0144stwo na kamer\u0119 lub \u201eczarn\u0105 skrzynk\u0119\u201d do samochodu? Ten praktyczny prezent z pewno\u015bci\u0105 ucieszy ka\u017cdego odpowiedzialnego kierowc\u0119. Ma\u0142a kamera umieszczona na przedniej szybie, kt\u00f3ra w wysokiej rozdzielczo\u015bci automatycznie nagrywa obraz przed samochodem, nie przeszkadza w widoczno\u015bci i mo\u017ce by\u0107 przydatna w r\u00f3\u017cnych sytuacjach, kt\u00f3re \u0142atwo mog\u0105 si\u0119 zdarzy\u0107 na drodze \u2013 mo\u017ce na przyk\u0142ad pom\u00f3c udowodni\u0107 niewinno\u015b\u0107 kierowcy w przypadku wypadku drogowego.  <\/p>\n<p><a href=\"http:\/\/gardeon.pl\/wp-content\/uploads\/2020\/11\/1604.jpg\"><img loading=\"lazy\" decoding=\"async\" class=\"aligncenter wp-image-29486\" src=\"http:\/\/gardeon.pl\/wp-content\/uploads\/2020\/11\/1604.jpg\" alt=\"Czarna skrzynka do samochodu\" width=\"800\" height=\"600\" srcset=\"https:\/\/gardeon.pl\/wp-content\/uploads\/2020\/11\/1604.jpg 1024w, https:\/\/gardeon.pl\/wp-content\/uploads\/2020\/11\/1604-300x225.jpg 300w, https:\/\/gardeon.pl\/wp-content\/uploads\/2020\/11\/1604-768x576.jpg 768w\" sizes=\"auto, (max-width: 800px) 100vw, 800px\" \/><\/a><\/p>\n<h2><b>Dla tych, kt\u00f3rzy<\/b> chc\u0105<b> mie\u0107 wszystko na tip-top<\/b><\/h2>\n<p>Klasyk\u0105 dla m\u0119\u017cczyzn, kt\u00f3rym szczeg\u00f3lnie zale\u017cy na wygl\u0105dzie ich samochodu, jest pakiet prezentowy autokosmetyk\u00f3w. Na rynku dost\u0119pne s\u0105 serie preparat\u00f3w zapakowane w pude\u0142ka prezentowe, dzi\u0119ki kt\u00f3rym karoseria b\u0119dzie l\u015bni\u0107 nowo\u015bci\u0105, a tak\u017ce inne cz\u0119\u015bci samochodu, od k\u00f3\u0142 po wn\u0119trze, b\u0119d\u0105 idealnie czyste i chronione. Podobne zestawy s\u0105 dost\u0119pne r\u00f3wnie\u017c dla motocyklist\u00f3w \u2013 ze specjalnymi preparatami czyszcz\u0105cymi i akcesoriami, na przyk\u0142ad szczotk\u0105 przeznaczon\u0105 do czyszczenia \u0142a\u0144cucha.  <\/p>\n<p><a href=\"http:\/\/gardeon.pl\/wp-content\/uploads\/2020\/11\/136.jpg\"><img loading=\"lazy\" decoding=\"async\" class=\"aligncenter wp-image-29488\" src=\"http:\/\/gardeon.pl\/wp-content\/uploads\/2020\/11\/136.jpg\" alt=\"R\u0119czny odkurzacz cyklonowy\" width=\"800\" height=\"333\" srcset=\"https:\/\/gardeon.pl\/wp-content\/uploads\/2020\/11\/136.jpg 1920w, https:\/\/gardeon.pl\/wp-content\/uploads\/2020\/11\/136-300x125.jpg 300w, https:\/\/gardeon.pl\/wp-content\/uploads\/2020\/11\/136-1024x427.jpg 1024w, https:\/\/gardeon.pl\/wp-content\/uploads\/2020\/11\/136-768x320.jpg 768w, https:\/\/gardeon.pl\/wp-content\/uploads\/2020\/11\/136-1536x640.jpg 1536w\" sizes=\"auto, (max-width: 800px) 100vw, 800px\" \/><\/a><\/p>\n<p>Praktycznym prezentem dla porz\u0105dnego m\u0119\u017cczyzny mo\u017ce by\u0107 r\u00f3wnie\u017c r\u0119czny odkurzacz cyklonowy, dzi\u0119ki kt\u00f3remu wn\u0119trze samochodu mo\u017cna \u0142atwo utrzyma\u0107 w idealnej czysto\u015bci \u2013 bez kurzu czy sier\u015bci zwierz\u0105t. Wybierzcie Pa\u0144stwo akumulatorowy lub taki, kt\u00f3ry jest zasilany przez gniazdo 12 V w samochodzie. W ofercie znajd\u0105 Pa\u0144stwo r\u00f3wnie\u017c odkurzacze o designie, kt\u00f3ry nikogo nie pozostawi w w\u0105tpliwo\u015bci, \u017ce ten zdecydowanie nale\u017cy do samochodu. Porz\u0105dny motocyklista natomiast doceni specjalny wieszak na odzie\u017c motocyklow\u0105, na kt\u00f3rym znajdzie si\u0119 miejsce na kask, kurtk\u0119 i wszystko inne.   <\/p>\n<h2><b>Dla mi\u0142o\u015bnik\u00f3w<\/b> wygody<\/h2>\n<p>Po d\u0142ugim siedzeniu<span class=\"Apple-converted-space\">  <\/span>w samochodzie z pewno\u015bci\u0105 dobrze zrobi masa\u017c plec\u00f3w. A mo\u017ce od razu podczas siedzenia? To r\u00f3wnie\u017c jest mo\u017cliwe, je\u015bli maj\u0105 Pa\u0144stwo na siedzeniu w samochodzie mat\u0119 masuj\u0105c\u0105 \u2013 podczas siedzenia mo\u017ce ona przyjemnie rozlu\u017ani\u0107 spi\u0119te mi\u0119\u015bnie, poprawi\u0107 kr\u0105\u017cenie krwi czy ul\u017cy\u0107 w b\u00f3lach plec\u00f3w. Je\u015bli w samochodzie nie ma podgrzewanych siedze\u0144, inn\u0105 opcj\u0105 jest podgrzewany pokrowiec, kt\u00f3ry pod\u0142\u0105cza si\u0119 do gniazda 12 V. Je\u015bli Pa\u0144stwa m\u0105\u017c ceni sobie wygod\u0119, kt\u00f3ry\u015b z tych drobiazg\u00f3w m\u00f3g\u0142by by\u0107 dla niego idealnym prezentem \u015bwi\u0105tecznym.    <span class=\"Apple-converted-space\"> <\/span><\/p>\n<p><a href=\"http:\/\/gardeon.pl\/wp-content\/uploads\/2020\/11\/1250_vyhrievana-masazna-podlozka-do-auta.jpg\"><img loading=\"lazy\" decoding=\"async\" class=\"aligncenter wp-image-29490\" src=\"http:\/\/gardeon.pl\/wp-content\/uploads\/2020\/11\/1250_vyhrievana-masazna-podlozka-do-auta.jpg\" alt=\"Mata masuj\u0105ca do samochodu\" width=\"800\" height=\"800\" srcset=\"https:\/\/gardeon.pl\/wp-content\/uploads\/2020\/11\/1250_vyhrievana-masazna-podlozka-do-auta.jpg 952w, https:\/\/gardeon.pl\/wp-content\/uploads\/2020\/11\/1250_vyhrievana-masazna-podlozka-do-auta-300x300.jpg 300w, https:\/\/gardeon.pl\/wp-content\/uploads\/2020\/11\/1250_vyhrievana-masazna-podlozka-do-auta-150x150.jpg 150w, https:\/\/gardeon.pl\/wp-content\/uploads\/2020\/11\/1250_vyhrievana-masazna-podlozka-do-auta-768x768.jpg 768w\" sizes=\"auto, (max-width: 800px) 100vw, 800px\" \/><\/a><\/p>\n<h2><b>Dla<\/b> mi\u0142o\u015bnik\u00f3w<b> stylu<\/b><\/h2>\n<p>Z motywem samochod\u00f3w i motocykli dost\u0119pnych jest wiele ubra\u0144 \u2013 od koszulek i bluz po kurtki, czapki z daszkiem, chusty czy skarpetki. W tej dziedzinie z pewno\u015bci\u0105 znajdzie si\u0119 co\u015b dla ka\u017cdego stylu i ka\u017cdego bud\u017cetu. Najwa\u017cniejsze jest jednak, aby by\u0142 to wz\u00f3r lub obraz w\u0142a\u015bciwej marki. Ta kategoria oferuje r\u00f3wnie\u017c szeroki wyb\u00f3r akcesori\u00f3w \u2013 na przyk\u0142ad zapalniczki, s\u0142uchawki, plecaki czy torby. Naprawd\u0119 stylowym dodatkiem, kt\u00f3ry latem przyda si\u0119 nie tylko w samochodzie, s\u0105 okulary przeciws\u0142oneczne.    <\/p>\n<p><a href=\"http:\/\/gardeon.pl\/wp-content\/uploads\/2020\/11\/ae84cddacccf1b3ea4af2b5f22ec5af1.jpg\"><img loading=\"lazy\" decoding=\"async\" class=\"aligncenter wp-image-29492\" src=\"http:\/\/gardeon.pl\/wp-content\/uploads\/2020\/11\/ae84cddacccf1b3ea4af2b5f22ec5af1.jpg\" alt=\"Bluzy sportowe\" width=\"800\" height=\"533\" srcset=\"https:\/\/gardeon.pl\/wp-content\/uploads\/2020\/11\/ae84cddacccf1b3ea4af2b5f22ec5af1.jpg 1500w, https:\/\/gardeon.pl\/wp-content\/uploads\/2020\/11\/ae84cddacccf1b3ea4af2b5f22ec5af1-300x200.jpg 300w, https:\/\/gardeon.pl\/wp-content\/uploads\/2020\/11\/ae84cddacccf1b3ea4af2b5f22ec5af1-1024x683.jpg 1024w, https:\/\/gardeon.pl\/wp-content\/uploads\/2020\/11\/ae84cddacccf1b3ea4af2b5f22ec5af1-768x512.jpg 768w\" sizes=\"auto, (max-width: 800px) 100vw, 800px\" \/><\/a><\/p>\n<h2><b>Dla zr\u0119cznych<\/b> mechanik\u00f3w<\/h2>\n<p>Je\u015bli Pa\u0144stwa m\u0105\u017c nale\u017cy do tych, kt\u00f3rzy s\u0105 wiecznie ubrudzeni olejem, le\u017c\u0105 pod samochodem lub ulepszaj\u0105 sw\u00f3j motocykl, ucieszy go nowe narz\u0119dzie. Ka\u017cdy zr\u0119czny mechanik prawdopodobnie ju\u017c posiada potrzebne narz\u0119dzia, ale rado\u015b\u0107 sprawi mu lepszej jako\u015bci zamiennik, z kt\u00f3rym b\u0119dzie mu si\u0119 lepiej pracowa\u0142o. Z pewno\u015bci\u0105 wi\u0119c nale\u017cy wybiera\u0107 spo\u015br\u00f3d mniejszych, profesjonalnych zestaw\u00f3w, a nie tych du\u017cych i tanich, ewentualnie poszuka\u0107 pojedynczych element\u00f3w w najwy\u017cszej jako\u015bci.  <\/p>\n<p><a href=\"http:\/\/gardeon.pl\/wp-content\/uploads\/2020\/11\/black-and-decker-a7144-71dilna-sada-naradi-do-auta-1.jpg\"><img loading=\"lazy\" decoding=\"async\" class=\"aligncenter wp-image-29494\" src=\"http:\/\/gardeon.pl\/wp-content\/uploads\/2020\/11\/black-and-decker-a7144-71dilna-sada-naradi-do-auta-1.jpg\" alt=\"Narz\u0119dzia dla \u201emechanik\u00f3w\u201d\" width=\"800\" height=\"407\" srcset=\"https:\/\/gardeon.pl\/wp-content\/uploads\/2020\/11\/black-and-decker-a7144-71dilna-sada-naradi-do-auta-1.jpg 1369w, https:\/\/gardeon.pl\/wp-content\/uploads\/2020\/11\/black-and-decker-a7144-71dilna-sada-naradi-do-auta-1-300x153.jpg 300w, https:\/\/gardeon.pl\/wp-content\/uploads\/2020\/11\/black-and-decker-a7144-71dilna-sada-naradi-do-auta-1-1024x521.jpg 1024w, https:\/\/gardeon.pl\/wp-content\/uploads\/2020\/11\/black-and-decker-a7144-71dilna-sada-naradi-do-auta-1-768x391.jpg 768w\" sizes=\"auto, (max-width: 800px) 100vw, 800px\" \/><\/a><\/p>\n<p>Narz\u0119dzia nic Pa\u0144stwu nie m\u00f3wi\u0105, a Pa\u0144stwa m\u0105\u017c z pewno\u015bci\u0105 sam najlepiej wybierze w tej dziedzinie? W takim razie dobrym prezentem mo\u017ce by\u0107 na przyk\u0142ad system rega\u0142\u00f3w do gara\u017cu czy warsztatu (link?), dzi\u0119ki kt\u00f3remu b\u0119dzie mia\u0142 swoje narz\u0119dzia przechowywane przejrzy\u015bcie i \u0142adnie pod r\u0119k\u0105. Praktyczny jest r\u00f3wnie\u017c stojak na ko\u0142a, na kt\u00f3rym b\u0119d\u0105 przechowywane z minimalnym zapotrzebowaniem na miejsce, a dodatkowo tak, \u017ce w przeciwie\u0144stwie do zwyk\u0142ego po\u0142o\u017cenia na ziemi nie b\u0119d\u0105 si\u0119 deformowa\u0107.  <\/p>\n<h2><b>Dla tych,<\/b> kt\u00f3rzy<b> nie maj\u0105 gara\u017cu<\/b><\/h2>\n<p>Klasycznym problemem w miastach jest brak miejsc parkingowych. Czy Pa\u0144stwa m\u0105\u017c wraca p\u00f3\u017ano z pracy i zawsze czeka go nieko\u0144cz\u0105ce si\u0119 szukanie miejsca, gdzie m\u00f3g\u0142by zaparkowa\u0107? Op\u0142a\u0107cie mu na rok zarezerwowane miejsce parkingowe. Taki prezent b\u0119dzie sprawia\u0142 mu rado\u015b\u0107 ka\u017cdego dnia.   <\/p>\n<p><a href=\"http:\/\/gardeon.pl\/wp-content\/uploads\/2020\/09\/gardeon-garaz-pre-jedno-auto-117-1.jpg\"><img loading=\"lazy\" decoding=\"async\" class=\"aligncenter wp-image-28138\" src=\"http:\/\/gardeon.pl\/wp-content\/uploads\/2020\/09\/gardeon-garaz-pre-jedno-auto-117-1.jpg\" alt=\"Gara\u017c montowany dla motocykla\" width=\"800\" height=\"533\" srcset=\"https:\/\/gardeon.pl\/wp-content\/uploads\/2020\/09\/gardeon-garaz-pre-jedno-auto-117-1.jpg 2000w, https:\/\/gardeon.pl\/wp-content\/uploads\/2020\/09\/gardeon-garaz-pre-jedno-auto-117-1-300x200.jpg 300w, https:\/\/gardeon.pl\/wp-content\/uploads\/2020\/09\/gardeon-garaz-pre-jedno-auto-117-1-1024x682.jpg 1024w, https:\/\/gardeon.pl\/wp-content\/uploads\/2020\/09\/gardeon-garaz-pre-jedno-auto-117-1-768x512.jpg 768w, https:\/\/gardeon.pl\/wp-content\/uploads\/2020\/09\/gardeon-garaz-pre-jedno-auto-117-1-1536x1024.jpg 1536w\" sizes=\"auto, (max-width: 800px) 100vw, 800px\" \/><\/a><\/p>\n<p>Je\u015bli mieszkaj\u0105 Pa\u0144stwo w domu jednorodzinnym, z miejscem parkingowym prawdopodobnie nie ma problemu. Ale by\u0107 mo\u017ce w <a href=\"https:\/\/gardeon.pl\/pl\/garaze\/\">gara\u017cu<\/a> zabrak\u0142o miejsca na nowy motocykl Pa\u0144stwa m\u0119\u017ca. Co powiecie Pa\u0144stwo na zam\u00f3wienie mu na przyk\u0142ad <a href=\"https:\/\/gardeon.pl\/pl\/wiaty\/\">wiaty<\/a>? Nie musi jej dosta\u0107 przewi\u0105zanej wst\u0105\u017ck\u0105 bezpo\u015brednio pod choink\u0119, pod ni\u0105 mo\u017ce by\u0107 umowa na jej dostaw\u0119. Albo um\u00f3wcie si\u0119 Pa\u0144stwo na dostaw\u0119 gara\u017cu, w kt\u00f3rym czteroko\u0142owy pupil Pa\u0144stwa m\u0119\u017ca b\u0119dzie z pewno\u015bci\u0105 lepiej chroniony ni\u017c na zewn\u0105trz na zwyk\u0142ym miejscu parkingowym. Odpowiedni gara\u017c GARDEON mo\u017cna wygodnie wybra\u0107 w inteligentnym konfiguratorze.     <\/p>\n<p>&nbsp;<\/p>\n<h5>\u0179r\u00f3d\u0142o:<\/h5>\n<h5>https:\/\/www.amazon.com<\/h5>\n<h5>https:\/\/www.zamenej.sk<\/h5>\n<h5>https:\/\/www.zasielkonos.sk<\/h5>\n<h5>https:\/\/www.eshopstyx.sk<\/h5>\n<h5>https:\/\/www.orava.eu<\/h5>\n<h5>https:\/\/www.tvproducts.sk<\/h5>\n<h5>https:\/\/www.pinterest.com<\/h5>\n<h5>https:\/\/www.rucne-naradie.sk<\/h5>\n","protected":false},"excerpt":{"rendered":"<p>Czy maj\u0105 Pa\u0144stwo czasem wra\u017cenie, \u017ce Wasz m\u0105\u017c po\u015bwi\u0119ca wi\u0119cej czasu i uwagi swojemu pupilowi na k\u00f3\u0142kach ni\u017c Wam? W takim razie wiemy, czym sprawi\u0105 mu Pa\u0144stwo rado\u015b\u0107 na \u015awi\u0119ta Bo\u017cego Narodzenia \u2013 niech si\u0119 Pa\u0144stwo zainspiruj\u0105 naszymi pomys\u0142ami na prezenty dla ka\u017cdego typu m\u0119\u017cczyzny i na ka\u017cd\u0105 kiesze\u0144.<\/p>\n","protected":false},"author":2,"featured_media":47707,"comment_status":"open","ping_status":"open","sticky":false,"template":"","format":"standard","meta":{"_acf_changed":false,"inline_featured_image":false,"footnotes":""},"categories":[631],"tags":[],"class_list":["post-47697","post","type-post","status-publish","format-standard","has-post-thumbnail","hentry","category-inne"],"acf":[],"yoast_head":"<!-- This site is optimized with the Yoast SEO plugin v27.4 - https:\/\/yoast.com\/product\/yoast-seo-wordpress\/ -->\n<title>Pomys\u0142y na prezenty \u015bwi\u0105teczne dla mi\u0142o\u015bnik\u00f3w samochod\u00f3w i motocykli - GARDEON<\/title>\n<meta name=\"robots\" content=\"index, follow, max-snippet:-1, max-image-preview:large, max-video-preview:-1\" \/>\n<link rel=\"canonical\" href=\"https:\/\/gardeon.pl\/pl\/blog\/pomysly-na-prezenty-swiateczne-dla-milosnikow-samochodow-i-motocykli\/\" \/>\n<meta property=\"og:locale\" content=\"pl_PL\" \/>\n<meta property=\"og:type\" content=\"article\" \/>\n<meta property=\"og:title\" content=\"Pomys\u0142y na prezenty \u015bwi\u0105teczne dla mi\u0142o\u015bnik\u00f3w samochod\u00f3w i motocykli - GARDEON\" \/>\n<meta property=\"og:description\" content=\"Czy maj\u0105 Pa\u0144stwo czasem wra\u017cenie, \u017ce Wasz m\u0105\u017c po\u015bwi\u0119ca wi\u0119cej czasu i uwagi swojemu pupilowi na k\u00f3\u0142kach ni\u017c Wam? W takim razie wiemy, czym sprawi\u0105 mu Pa\u0144stwo rado\u015b\u0107 na \u015awi\u0119ta Bo\u017cego Narodzenia \u2013 niech si\u0119 Pa\u0144stwo zainspiruj\u0105 naszymi pomys\u0142ami na prezenty dla ka\u017cdego typu m\u0119\u017cczyzny i na ka\u017cd\u0105 kiesze\u0144.\" \/>\n<meta property=\"og:url\" content=\"https:\/\/gardeon.pl\/pl\/blog\/pomysly-na-prezenty-swiateczne-dla-milosnikow-samochodow-i-motocykli\/\" \/>\n<meta property=\"og:site_name\" content=\"GARDEON\" \/>\n<meta property=\"article:published_time\" content=\"2026-04-23T16:41:31+00:00\" \/>\n<meta property=\"og:image\" content=\"http:\/\/gardeon.pl\/wp-content\/uploads\/2020\/05\/GARDEON-Turciansky-Dur-14.jpg\" \/>\n\t<meta property=\"og:image:width\" content=\"2048\" \/>\n\t<meta property=\"og:image:height\" content=\"840\" \/>\n\t<meta property=\"og:image:type\" content=\"image\/jpeg\" \/>\n<meta name=\"author\" content=\"editor\" \/>\n<meta name=\"twitter:card\" content=\"summary_large_image\" \/>\n<meta name=\"twitter:label1\" content=\"Napisane przez\" \/>\n\t<meta name=\"twitter:data1\" content=\"editor\" \/>\n\t<meta name=\"twitter:label2\" content=\"Szacowany czas czytania\" \/>\n\t<meta name=\"twitter:data2\" content=\"7 minut\" \/>\n<script type=\"application\/ld+json\" class=\"yoast-schema-graph\">{\"@context\":\"https:\\\/\\\/schema.org\",\"@graph\":[{\"@type\":\"Article\",\"@id\":\"https:\\\/\\\/gardeon.pl\\\/pl\\\/blog\\\/pomysly-na-prezenty-swiateczne-dla-milosnikow-samochodow-i-motocykli\\\/#article\",\"isPartOf\":{\"@id\":\"https:\\\/\\\/gardeon.pl\\\/pl\\\/blog\\\/pomysly-na-prezenty-swiateczne-dla-milosnikow-samochodow-i-motocykli\\\/\"},\"author\":{\"name\":\"editor\",\"@id\":\"https:\\\/\\\/gardeon.pl\\\/#\\\/schema\\\/person\\\/a5762ca5f0790bf92774af0899379463\"},\"headline\":\"Pomys\u0142y na prezenty \u015bwi\u0105teczne dla mi\u0142o\u015bnik\u00f3w samochod\u00f3w i motocykli\",\"datePublished\":\"2026-04-23T16:41:31+00:00\",\"mainEntityOfPage\":{\"@id\":\"https:\\\/\\\/gardeon.pl\\\/pl\\\/blog\\\/pomysly-na-prezenty-swiateczne-dla-milosnikow-samochodow-i-motocykli\\\/\"},\"wordCount\":1465,\"commentCount\":0,\"image\":{\"@id\":\"https:\\\/\\\/gardeon.pl\\\/pl\\\/blog\\\/pomysly-na-prezenty-swiateczne-dla-milosnikow-samochodow-i-motocykli\\\/#primaryimage\"},\"thumbnailUrl\":\"https:\\\/\\\/gardeon.pl\\\/wp-content\\\/uploads\\\/2020\\\/05\\\/GARDEON-Turciansky-Dur-14.jpg\",\"articleSection\":[\"Inne\"],\"inLanguage\":\"pl-PL\",\"potentialAction\":[{\"@type\":\"CommentAction\",\"name\":\"Comment\",\"target\":[\"https:\\\/\\\/gardeon.pl\\\/pl\\\/blog\\\/pomysly-na-prezenty-swiateczne-dla-milosnikow-samochodow-i-motocykli\\\/#respond\"]}]},{\"@type\":\"WebPage\",\"@id\":\"https:\\\/\\\/gardeon.pl\\\/pl\\\/blog\\\/pomysly-na-prezenty-swiateczne-dla-milosnikow-samochodow-i-motocykli\\\/\",\"url\":\"https:\\\/\\\/gardeon.pl\\\/pl\\\/blog\\\/pomysly-na-prezenty-swiateczne-dla-milosnikow-samochodow-i-motocykli\\\/\",\"name\":\"Pomys\u0142y na prezenty \u015bwi\u0105teczne dla mi\u0142o\u015bnik\u00f3w samochod\u00f3w i motocykli - GARDEON\",\"isPartOf\":{\"@id\":\"https:\\\/\\\/gardeon.pl\\\/#website\"},\"primaryImageOfPage\":{\"@id\":\"https:\\\/\\\/gardeon.pl\\\/pl\\\/blog\\\/pomysly-na-prezenty-swiateczne-dla-milosnikow-samochodow-i-motocykli\\\/#primaryimage\"},\"image\":{\"@id\":\"https:\\\/\\\/gardeon.pl\\\/pl\\\/blog\\\/pomysly-na-prezenty-swiateczne-dla-milosnikow-samochodow-i-motocykli\\\/#primaryimage\"},\"thumbnailUrl\":\"https:\\\/\\\/gardeon.pl\\\/wp-content\\\/uploads\\\/2020\\\/05\\\/GARDEON-Turciansky-Dur-14.jpg\",\"datePublished\":\"2026-04-23T16:41:31+00:00\",\"author\":{\"@id\":\"https:\\\/\\\/gardeon.pl\\\/#\\\/schema\\\/person\\\/a5762ca5f0790bf92774af0899379463\"},\"breadcrumb\":{\"@id\":\"https:\\\/\\\/gardeon.pl\\\/pl\\\/blog\\\/pomysly-na-prezenty-swiateczne-dla-milosnikow-samochodow-i-motocykli\\\/#breadcrumb\"},\"inLanguage\":\"pl-PL\",\"potentialAction\":[{\"@type\":\"ReadAction\",\"target\":[\"https:\\\/\\\/gardeon.pl\\\/pl\\\/blog\\\/pomysly-na-prezenty-swiateczne-dla-milosnikow-samochodow-i-motocykli\\\/\"]}]},{\"@type\":\"ImageObject\",\"inLanguage\":\"pl-PL\",\"@id\":\"https:\\\/\\\/gardeon.pl\\\/pl\\\/blog\\\/pomysly-na-prezenty-swiateczne-dla-milosnikow-samochodow-i-motocykli\\\/#primaryimage\",\"url\":\"https:\\\/\\\/gardeon.pl\\\/wp-content\\\/uploads\\\/2020\\\/05\\\/GARDEON-Turciansky-Dur-14.jpg\",\"contentUrl\":\"https:\\\/\\\/gardeon.pl\\\/wp-content\\\/uploads\\\/2020\\\/05\\\/GARDEON-Turciansky-Dur-14.jpg\",\"width\":2048,\"height\":840,\"caption\":\"Samoch\u00f3d pod wiat\u0105\"},{\"@type\":\"BreadcrumbList\",\"@id\":\"https:\\\/\\\/gardeon.pl\\\/pl\\\/blog\\\/pomysly-na-prezenty-swiateczne-dla-milosnikow-samochodow-i-motocykli\\\/#breadcrumb\",\"itemListElement\":[{\"@type\":\"ListItem\",\"position\":1,\"name\":\"Domov\",\"item\":\"https:\\\/\\\/gardeon.pl\\\/pl\\\/\"},{\"@type\":\"ListItem\",\"position\":2,\"name\":\"Pomys\u0142y na prezenty \u015bwi\u0105teczne dla mi\u0142o\u015bnik\u00f3w samochod\u00f3w i motocykli\"}]},{\"@type\":\"WebSite\",\"@id\":\"https:\\\/\\\/gardeon.pl\\\/#website\",\"url\":\"https:\\\/\\\/gardeon.pl\\\/\",\"name\":\"GARDEON\",\"description\":\"\",\"potentialAction\":[{\"@type\":\"SearchAction\",\"target\":{\"@type\":\"EntryPoint\",\"urlTemplate\":\"https:\\\/\\\/gardeon.pl\\\/?s={search_term_string}\"},\"query-input\":{\"@type\":\"PropertyValueSpecification\",\"valueRequired\":true,\"valueName\":\"search_term_string\"}}],\"inLanguage\":\"pl-PL\"},{\"@type\":\"Person\",\"@id\":\"https:\\\/\\\/gardeon.pl\\\/#\\\/schema\\\/person\\\/a5762ca5f0790bf92774af0899379463\",\"name\":\"editor\",\"image\":{\"@type\":\"ImageObject\",\"inLanguage\":\"pl-PL\",\"@id\":\"https:\\\/\\\/secure.gravatar.com\\\/avatar\\\/2b748151c2c748327307fd289a91b3bdafdd9e64e2d000e65e53d6dcf11c5830?s=96&d=mm&r=g\",\"url\":\"https:\\\/\\\/secure.gravatar.com\\\/avatar\\\/2b748151c2c748327307fd289a91b3bdafdd9e64e2d000e65e53d6dcf11c5830?s=96&d=mm&r=g\",\"contentUrl\":\"https:\\\/\\\/secure.gravatar.com\\\/avatar\\\/2b748151c2c748327307fd289a91b3bdafdd9e64e2d000e65e53d6dcf11c5830?s=96&d=mm&r=g\",\"caption\":\"editor\"}}]}<\/script>\n<!-- \/ Yoast SEO plugin. -->","yoast_head_json":{"title":"Pomys\u0142y na prezenty \u015bwi\u0105teczne dla mi\u0142o\u015bnik\u00f3w samochod\u00f3w i motocykli - GARDEON","robots":{"index":"index","follow":"follow","max-snippet":"max-snippet:-1","max-image-preview":"max-image-preview:large","max-video-preview":"max-video-preview:-1"},"canonical":"https:\/\/gardeon.pl\/pl\/blog\/pomysly-na-prezenty-swiateczne-dla-milosnikow-samochodow-i-motocykli\/","og_locale":"pl_PL","og_type":"article","og_title":"Pomys\u0142y na prezenty \u015bwi\u0105teczne dla mi\u0142o\u015bnik\u00f3w samochod\u00f3w i motocykli - GARDEON","og_description":"Czy maj\u0105 Pa\u0144stwo czasem wra\u017cenie, \u017ce Wasz m\u0105\u017c po\u015bwi\u0119ca wi\u0119cej czasu i uwagi swojemu pupilowi na k\u00f3\u0142kach ni\u017c Wam? W takim razie wiemy, czym sprawi\u0105 mu Pa\u0144stwo rado\u015b\u0107 na \u015awi\u0119ta Bo\u017cego Narodzenia \u2013 niech si\u0119 Pa\u0144stwo zainspiruj\u0105 naszymi pomys\u0142ami na prezenty dla ka\u017cdego typu m\u0119\u017cczyzny i na ka\u017cd\u0105 kiesze\u0144.","og_url":"https:\/\/gardeon.pl\/pl\/blog\/pomysly-na-prezenty-swiateczne-dla-milosnikow-samochodow-i-motocykli\/","og_site_name":"GARDEON","article_published_time":"2026-04-23T16:41:31+00:00","og_image":[{"width":2048,"height":840,"url":"http:\/\/gardeon.pl\/wp-content\/uploads\/2020\/05\/GARDEON-Turciansky-Dur-14.jpg","type":"image\/jpeg"}],"author":"editor","twitter_card":"summary_large_image","twitter_misc":{"Napisane przez":"editor","Szacowany czas czytania":"7 minut"},"schema":{"@context":"https:\/\/schema.org","@graph":[{"@type":"Article","@id":"https:\/\/gardeon.pl\/pl\/blog\/pomysly-na-prezenty-swiateczne-dla-milosnikow-samochodow-i-motocykli\/#article","isPartOf":{"@id":"https:\/\/gardeon.pl\/pl\/blog\/pomysly-na-prezenty-swiateczne-dla-milosnikow-samochodow-i-motocykli\/"},"author":{"name":"editor","@id":"https:\/\/gardeon.pl\/#\/schema\/person\/a5762ca5f0790bf92774af0899379463"},"headline":"Pomys\u0142y na prezenty \u015bwi\u0105teczne dla mi\u0142o\u015bnik\u00f3w samochod\u00f3w i motocykli","datePublished":"2026-04-23T16:41:31+00:00","mainEntityOfPage":{"@id":"https:\/\/gardeon.pl\/pl\/blog\/pomysly-na-prezenty-swiateczne-dla-milosnikow-samochodow-i-motocykli\/"},"wordCount":1465,"commentCount":0,"image":{"@id":"https:\/\/gardeon.pl\/pl\/blog\/pomysly-na-prezenty-swiateczne-dla-milosnikow-samochodow-i-motocykli\/#primaryimage"},"thumbnailUrl":"https:\/\/gardeon.pl\/wp-content\/uploads\/2020\/05\/GARDEON-Turciansky-Dur-14.jpg","articleSection":["Inne"],"inLanguage":"pl-PL","potentialAction":[{"@type":"CommentAction","name":"Comment","target":["https:\/\/gardeon.pl\/pl\/blog\/pomysly-na-prezenty-swiateczne-dla-milosnikow-samochodow-i-motocykli\/#respond"]}]},{"@type":"WebPage","@id":"https:\/\/gardeon.pl\/pl\/blog\/pomysly-na-prezenty-swiateczne-dla-milosnikow-samochodow-i-motocykli\/","url":"https:\/\/gardeon.pl\/pl\/blog\/pomysly-na-prezenty-swiateczne-dla-milosnikow-samochodow-i-motocykli\/","name":"Pomys\u0142y na prezenty \u015bwi\u0105teczne dla mi\u0142o\u015bnik\u00f3w samochod\u00f3w i motocykli - GARDEON","isPartOf":{"@id":"https:\/\/gardeon.pl\/#website"},"primaryImageOfPage":{"@id":"https:\/\/gardeon.pl\/pl\/blog\/pomysly-na-prezenty-swiateczne-dla-milosnikow-samochodow-i-motocykli\/#primaryimage"},"image":{"@id":"https:\/\/gardeon.pl\/pl\/blog\/pomysly-na-prezenty-swiateczne-dla-milosnikow-samochodow-i-motocykli\/#primaryimage"},"thumbnailUrl":"https:\/\/gardeon.pl\/wp-content\/uploads\/2020\/05\/GARDEON-Turciansky-Dur-14.jpg","datePublished":"2026-04-23T16:41:31+00:00","author":{"@id":"https:\/\/gardeon.pl\/#\/schema\/person\/a5762ca5f0790bf92774af0899379463"},"breadcrumb":{"@id":"https:\/\/gardeon.pl\/pl\/blog\/pomysly-na-prezenty-swiateczne-dla-milosnikow-samochodow-i-motocykli\/#breadcrumb"},"inLanguage":"pl-PL","potentialAction":[{"@type":"ReadAction","target":["https:\/\/gardeon.pl\/pl\/blog\/pomysly-na-prezenty-swiateczne-dla-milosnikow-samochodow-i-motocykli\/"]}]},{"@type":"ImageObject","inLanguage":"pl-PL","@id":"https:\/\/gardeon.pl\/pl\/blog\/pomysly-na-prezenty-swiateczne-dla-milosnikow-samochodow-i-motocykli\/#primaryimage","url":"https:\/\/gardeon.pl\/wp-content\/uploads\/2020\/05\/GARDEON-Turciansky-Dur-14.jpg","contentUrl":"https:\/\/gardeon.pl\/wp-content\/uploads\/2020\/05\/GARDEON-Turciansky-Dur-14.jpg","width":2048,"height":840,"caption":"Samoch\u00f3d pod wiat\u0105"},{"@type":"BreadcrumbList","@id":"https:\/\/gardeon.pl\/pl\/blog\/pomysly-na-prezenty-swiateczne-dla-milosnikow-samochodow-i-motocykli\/#breadcrumb","itemListElement":[{"@type":"ListItem","position":1,"name":"Domov","item":"https:\/\/gardeon.pl\/pl\/"},{"@type":"ListItem","position":2,"name":"Pomys\u0142y na prezenty \u015bwi\u0105teczne dla mi\u0142o\u015bnik\u00f3w samochod\u00f3w i motocykli"}]},{"@type":"WebSite","@id":"https:\/\/gardeon.pl\/#website","url":"https:\/\/gardeon.pl\/","name":"GARDEON","description":"","potentialAction":[{"@type":"SearchAction","target":{"@type":"EntryPoint","urlTemplate":"https:\/\/gardeon.pl\/?s={search_term_string}"},"query-input":{"@type":"PropertyValueSpecification","valueRequired":true,"valueName":"search_term_string"}}],"inLanguage":"pl-PL"},{"@type":"Person","@id":"https:\/\/gardeon.pl\/#\/schema\/person\/a5762ca5f0790bf92774af0899379463","name":"editor","image":{"@type":"ImageObject","inLanguage":"pl-PL","@id":"https:\/\/secure.gravatar.com\/avatar\/2b748151c2c748327307fd289a91b3bdafdd9e64e2d000e65e53d6dcf11c5830?s=96&d=mm&r=g","url":"https:\/\/secure.gravatar.com\/avatar\/2b748151c2c748327307fd289a91b3bdafdd9e64e2d000e65e53d6dcf11c5830?s=96&d=mm&r=g","contentUrl":"https:\/\/secure.gravatar.com\/avatar\/2b748151c2c748327307fd289a91b3bdafdd9e64e2d000e65e53d6dcf11c5830?s=96&d=mm&r=g","caption":"editor"}}]}},"_links":{"self":[{"href":"https:\/\/gardeon.pl\/pl\/wp-json\/wp\/v2\/posts\/47697","targetHints":{"allow":["GET"]}}],"collection":[{"href":"https:\/\/gardeon.pl\/pl\/wp-json\/wp\/v2\/posts"}],"about":[{"href":"https:\/\/gardeon.pl\/pl\/wp-json\/wp\/v2\/types\/post"}],"author":[{"embeddable":true,"href":"https:\/\/gardeon.pl\/pl\/wp-json\/wp\/v2\/users\/2"}],"replies":[{"embeddable":true,"href":"https:\/\/gardeon.pl\/pl\/wp-json\/wp\/v2\/comments?post=47697"}],"version-history":[{"count":0,"href":"https:\/\/gardeon.pl\/pl\/wp-json\/wp\/v2\/posts\/47697\/revisions"}],"wp:featuredmedia":[{"embeddable":true,"href":"https:\/\/gardeon.pl\/pl\/wp-json\/wp\/v2\/media\/47707"}],"wp:attachment":[{"href":"https:\/\/gardeon.pl\/pl\/wp-json\/wp\/v2\/media?parent=47697"}],"wp:term":[{"taxonomy":"category","embeddable":true,"href":"https:\/\/gardeon.pl\/pl\/wp-json\/wp\/v2\/categories?post=47697"},{"taxonomy":"post_tag","embeddable":true,"href":"https:\/\/gardeon.pl\/pl\/wp-json\/wp\/v2\/tags?post=47697"}],"curies":[{"name":"wp","href":"https:\/\/api.w.org\/{rel}","templated":true}]}}