{"id":47722,"date":"2026-04-23T18:41:29","date_gmt":"2026-04-23T16:41:29","guid":{"rendered":"https:\/\/gardeon.pl\/?p=47722"},"modified":"2026-04-23T18:41:29","modified_gmt":"2026-04-23T16:41:29","slug":"ciekawe-miejsca-w-turcu-5-powodow-dla-ktorych-warto-odwiedzic-turiec-zima","status":"publish","type":"post","link":"https:\/\/gardeon.pl\/pl\/blog\/ciekawe-miejsca-w-turcu-5-powodow-dla-ktorych-warto-odwiedzic-turiec-zima\/","title":{"rendered":"Ciekawe miejsca w Turcu: 5 powod\u00f3w, dla kt\u00f3rych warto odwiedzi\u0107 Turiec zim\u0105"},"content":{"rendered":"<p><em>Pomi\u0119dzy Oraw\u0105 na p\u00f3\u0142nocy a Pohron\u00edm na po\u0142udniu, Ponitr\u00edm na zachodzie i Liptowem na wschodzie le\u017cy Turiec, kt\u00f3rego historycznym centrum jest miasto <a href=\"https:\/\/www.google.com\/url?sa=t&amp;rct=j&amp;q=&amp;esrc=s&amp;source=web&amp;cd=&amp;cad=rja&amp;uact=8&amp;ved=2ahUKEwjwxbrU_IbtAhXQ6aQKHRvWBk4QFjAAegQIChAD&amp;url=https%3A%2F%2Fwww.martin.sk%2F&amp;usg=AOvVaw2_kdUOclMblUogG8B8YcEe\">Martin<\/a>. Przez Kotlin\u0119 Tureck\u0105, otoczon\u0105 zboczami Ma\u0142ej i Wielkiej Fatry, G\u00f3rami Kremnickimi i pasmem \u017diar, przep\u0142ywa rzeka Turiec, kt\u00f3ra wpada do Wagu tu\u017c przed Prze\u0142omem Stre\u010dnia\u0144skim. Po prostu g\u00f3ry, wspania\u0142a przyroda i romantyka. A co jeszcze?   <\/em><\/p>\n<p><!--more--><\/p>\n<h2><b>1<\/b> Jazda na nartach<\/h2>\n<p>Ta w okolicach Martina jest po prostu wspania\u0142a! Na Martinskich holiach bezpo\u015brednio nad miastem znajduje si\u0119 chyba najs\u0142ynniejszy tutejszy o\u015brodek \u2013 <a href=\"https:\/\/zima.martinky.com\/sk\">Winter Park Martinky<\/a>, gdzie sezon zimowy trwa czasami a\u017c do maja. Martinky s\u0142yn\u0105 z obfito\u015bci naturalnego \u015bniegu, doskona\u0142ych warunk\u00f3w narciarskich i naprawd\u0119 niesamowitych widok\u00f3w na Martin i okoliczne g\u00f3ry.  <\/p>\n<p><img loading=\"lazy\" decoding=\"async\" class=\"aligncenter wp-image-29353\" src=\"http:\/\/gardeon.pl\/wp-content\/uploads\/2020\/11\/534281.jpg\" alt=\"Winter Park Martinky\" width=\"800\" height=\"378\" srcset=\"https:\/\/gardeon.pl\/wp-content\/uploads\/2020\/11\/534281.jpg 1354w, https:\/\/gardeon.pl\/wp-content\/uploads\/2020\/11\/534281-300x142.jpg 300w, https:\/\/gardeon.pl\/wp-content\/uploads\/2020\/11\/534281-1024x484.jpg 1024w, https:\/\/gardeon.pl\/wp-content\/uploads\/2020\/11\/534281-768x363.jpg 768w\" sizes=\"auto, (max-width: 800px) 100vw, 800px\" \/><\/p>\n<p>Na 12 trasach zjazdowych mo\u017cna tu je\u017adzi\u0107 na nartach i snowboardzie naprawd\u0119 do woli, a je\u015bli to nie wystarczy, dost\u0119pne s\u0105 r\u00f3wnie\u017c trasy biegowe i snowkiting. Je\u015bli jednak nieco adrenaliny wymagaj\u0105cy dojazd (po jednokierunkowej drodze, kt\u00f3r\u0105 przed po\u0142udniem jedzie si\u0119 tylko w g\u00f3r\u0119, a po po\u0142udniu tylko w d\u00f3\u0142, i bez \u0142a\u0144cuch\u00f3w zwyk\u0142y samoch\u00f3d sobie nie poradzi) odstraszy Pa\u0144stwa od jazdy na nartach w Martinkach, mog\u0105 Pa\u0144stwo wybra\u0107 jeden z przyjemnych o\u015brodk\u00f3w oddalonych od Martina zaledwie oko\u0142o 12 km \u2013 Snowland w Dolinie Val\u010dianskej w Ma\u0142ej Fatrze lub Dolin\u0119 Jasensk\u0105 w Wielkiej Fatrze. <span class=\"Apple-converted-space\"> <\/span><\/p>\n<h2><b>2 Zimowa<\/b> turystyka<\/h2>\n<p>Turiec to g\u00f3ry, a g\u00f3ry to turystyka. Niezale\u017cnie od tego, czy s\u0105 Pa\u0144stwo do\u015bwiadczonym turyst\u0105, czy entuzjastycznym pocz\u0105tkuj\u0105cym, w pasmach g\u00f3rskich otaczaj\u0105cych Kotlin\u0119 Tureck\u0105 z pewno\u015bci\u0105 znajd\u0105 Pa\u0144stwo tras\u0119 o odpowiednim stopniu trudno\u015bci. A je\u015bli zim\u0105 chcieliby Pa\u0144stwo spr\u00f3bowa\u0107 czego\u015b innego ni\u017c klasyczny trekking, wypr\u00f3bujcie rakiety \u015bnie\u017cne. S\u0105 doskona\u0142\u0105 zimow\u0105 alternatyw\u0105, gdy g\u00f3ry i szlaki pokrywa bia\u0142a \u015bnie\u017cna pierzynka, niezale\u017cnie od wieku czy wcze\u015bniejszego do\u015bwiadczenia.   <\/p>\n<p><img loading=\"lazy\" decoding=\"async\" class=\"aligncenter wp-image-29351\" src=\"http:\/\/gardeon.pl\/wp-content\/uploads\/2020\/11\/tUM_170515_orig.jpg\" alt=\"Kotlina Turecka\" width=\"800\" height=\"534\" srcset=\"https:\/\/gardeon.pl\/wp-content\/uploads\/2020\/11\/tUM_170515_orig.jpg 1200w, https:\/\/gardeon.pl\/wp-content\/uploads\/2020\/11\/tUM_170515_orig-300x200.jpg 300w, https:\/\/gardeon.pl\/wp-content\/uploads\/2020\/11\/tUM_170515_orig-1024x684.jpg 1024w, https:\/\/gardeon.pl\/wp-content\/uploads\/2020\/11\/tUM_170515_orig-768x513.jpg 768w\" sizes=\"auto, (max-width: 800px) 100vw, 800px\" \/><\/p>\n<p>O\u015bnie\u017cone g\u00f3ry oferuj\u0105 wiele wspania\u0142ych mo\u017cliwo\u015bci r\u00f3wnie\u017c dla <a href=\"https:\/\/www.skialpshop.com\">skialpinizmu<\/a> \u2013 pocz\u0105tkuj\u0105cy mog\u0105 wybra\u0107 na przyk\u0142ad nieskomplikowane wej\u015bcie skialpowe na rozleg\u0142y szczyt Ve\u013ekej L\u00faki, kt\u00f3ry jest najwy\u017cszym szczytem cz\u0119\u015bci L\u00fa\u010danskej Ma\u0142ej Fatry, wyzwaniem dla sprawnych entuzjast\u00f3w sport\u00f3w zimowych jest dwudniowe przej\u015bcie grzbietu Wielkiej Fatry z Ru\u017eomberka do schroniska pod Bori\u0161ovem. Je\u015bli dopisze pogoda, pi\u0119kne widoki b\u0119d\u0105 Pa\u0144stwo mogli podziwia\u0107 w obu przypadkach. <\/p>\n<h2><b>3 Relaks i<\/b> wellness<\/h2>\n<p>Po aktywno\u015bci fizycznej na \u015bwie\u017cym g\u00f3rskim powietrzu z pewno\u015bci\u0105 zas\u0142uguj\u0105 Pa\u0144stwo na porz\u0105dny relaks w saunie lub przyjemnie ciep\u0142ej wodzie. Hotele i pensjonaty w regionie oferuj\u0105 w\u0142asne centra wellness z saunami, jacuzzi czy masa\u017cami, ale w Turcu znajduj\u0105 si\u0119 r\u00f3wnie\u017c prawdziwie lecznicze \u017ar\u00f3d\u0142a \u2013 tutejsza termalna woda mineralna zawiera du\u017c\u0105 ilo\u015b\u0107 substancji mineralnych (jej mineralizacja nale\u017cy do najwy\u017cszych nie tylko na S\u0142owacji), dzi\u0119ki czemu ma udowodnione w\u0142a\u015bciwo\u015bci lecznicze. <\/p>\n<p><img loading=\"lazy\" decoding=\"async\" class=\"aligncenter wp-image-29349\" src=\"http:\/\/gardeon.pl\/wp-content\/uploads\/2020\/11\/aquapark-bazen-podfarbeny.jpg\" alt=\"SPA &amp; AQUAPARK w Tur\u010dianskich Tepliciach\" width=\"800\" height=\"450\" srcset=\"https:\/\/gardeon.pl\/wp-content\/uploads\/2020\/11\/aquapark-bazen-podfarbeny.jpg 1920w, https:\/\/gardeon.pl\/wp-content\/uploads\/2020\/11\/aquapark-bazen-podfarbeny-300x169.jpg 300w, https:\/\/gardeon.pl\/wp-content\/uploads\/2020\/11\/aquapark-bazen-podfarbeny-1024x576.jpg 1024w, https:\/\/gardeon.pl\/wp-content\/uploads\/2020\/11\/aquapark-bazen-podfarbeny-768x432.jpg 768w, https:\/\/gardeon.pl\/wp-content\/uploads\/2020\/11\/aquapark-bazen-podfarbeny-1536x864.jpg 1536w\" sizes=\"auto, (max-width: 800px) 100vw, 800px\" \/><\/p>\n<p>Mog\u0105 Pa\u0144stwo cieszy\u0107 si\u0119 ni\u0105 w Term\u00e1lnych k\u00fape\u013eoch Tur\u010dianske Teplice, ale tak\u017ce w unikalnym <a href=\"https:\/\/aquapark.therme.sk\">Spa&amp;Aquaparku<\/a>. Jest on podzielony na dwie cz\u0119\u015bci <i> <\/i>\u2013 teren aquaparku z wod\u0105 termaln\u0105, w kt\u00f3rym nie brakuje r\u00f3\u017cnych atrakcji, zje\u017cd\u017calni, tobogan\u00f3w czy jacuzzi, oraz spokojniejsz\u0105 stref\u0119 SPA z lecznicz\u0105 termaln\u0105 wod\u0105 mineraln\u0105. Tak wi\u0119c naprawd\u0119 ka\u017cdy znajdzie tu co\u015b dla siebie. <\/p>\n<h2><b>4 Architektura<\/b> ludowa<\/h2>\n<p>Urzek\u0142y Pa\u0144stwa romantyczne drewniane domy? W jednym miejscu znajd\u0105 je Pa\u0144stwo najwi\u0119cej w <a href=\"http:\/\/www.skanzenmartin.sk\">Muzeum S\u0142owackiej Wsi<\/a> w Martinie, kt\u00f3re jest najwi\u0119ksz\u0105 ekspozycj\u0105 etnograficzn\u0105 na wolnym powietrzu na S\u0142owacji. Na ponad 15 hektarach znajduje si\u0119 tu prawie 150 budowli, kt\u00f3re przybli\u017caj\u0105 tradycyjn\u0105 architektur\u0119 ludow\u0105 z Orawy, Liptowa, Kysuc i Turca, a tak\u017ce \u017cycie i mieszkanie na wsi pod koniec XIX i na pocz\u0105tku XX wieku.    <\/p>\n<p><img loading=\"lazy\" decoding=\"async\" class=\"aligncenter wp-image-29347\" src=\"http:\/\/gardeon.pl\/wp-content\/uploads\/2020\/11\/msd-pohlad.jpg\" alt=\"Muzeum S\u0142owackiej Wsi w Martinie\" width=\"800\" height=\"276\" srcset=\"https:\/\/gardeon.pl\/wp-content\/uploads\/2020\/11\/msd-pohlad.jpg 1013w, https:\/\/gardeon.pl\/wp-content\/uploads\/2020\/11\/msd-pohlad-300x104.jpg 300w, https:\/\/gardeon.pl\/wp-content\/uploads\/2020\/11\/msd-pohlad-768x265.jpg 768w\" sizes=\"auto, (max-width: 800px) 100vw, 800px\" \/><\/p>\n<p>Na terenie przyrodniczym wzniesiono ca\u0142e gospodarstwa rolnicze z budynkami mieszkalnymi i gospodarczymi, budowle techniczne czy sakralne, z kt\u00f3rych cz\u0119\u015b\u0107 jest urz\u0105dzona, a ich wn\u0119trze jest dost\u0119pne dla zwiedzaj\u0105cych. W zabytkowej karczmie z Oravskiej Polhory mog\u0105 Pa\u0144stwo skosztowa\u0107 tradycyjnych potraw, a muzeum organizuje r\u00f3wnie\u017c r\u00f3\u017cne imprezy i wydarzenia kulturalne z wyst\u0119pami zespo\u0142\u00f3w folklorystycznych, jarmarkami i innymi programami przybli\u017caj\u0105cymi tradycje i \u017cycie na wsi w przesz\u0142o\u015bci. <\/p>\n<h2><b>5 Sztuka<\/b> plastyczna<\/h2>\n<p>Je\u015bli nale\u017c\u0105 Pa\u0144stwo do mi\u0142o\u015bnik\u00f3w sztuki plastycznej, powinni Pa\u0144stwo zaplanowa\u0107 w Turcu dwa wa\u017cne przystanki zwi\u0105zane ze s\u0142owack\u0105 sztuk\u0105 nowoczesn\u0105 \u2013 <a href=\"http:\/\/www.turiecgallery.sk\/sk\/uvod\/\">Galeri\u0119 Tureck\u0105<\/a> w Martinie i <a href=\"https:\/\/www.muzeum.sk\/galeria-mikulasa-galandu-turcianske-teplice.html\">Galeri\u0119 Mikul\u00e1\u0161a Galandu<\/a> w Tur\u010dianskich Tepliciach. Szczeg\u00f3lnie interesuj\u0105cym prze\u017cyciem jest galeria w domu rodzinnym Mikul\u00e1\u0161a Galandu (1895\u20131938), kt\u00f3ry stoi w pi\u0119knym otoczeniu niedaleko parku uzdrowiskowego. <\/p>\n<p><img loading=\"lazy\" decoding=\"async\" class=\"aligncenter wp-image-29345\" src=\"http:\/\/gardeon.pl\/wp-content\/uploads\/2020\/11\/huge_galeria.jpg\" alt=\"Galeria Mikul\u00e1\u0161a Galandu\" width=\"800\" height=\"533\" srcset=\"https:\/\/gardeon.pl\/wp-content\/uploads\/2020\/11\/huge_galeria.jpg 960w, https:\/\/gardeon.pl\/wp-content\/uploads\/2020\/11\/huge_galeria-300x200.jpg 300w, https:\/\/gardeon.pl\/wp-content\/uploads\/2020\/11\/huge_galeria-768x512.jpg 768w\" sizes=\"auto, (max-width: 800px) 100vw, 800px\" \/><\/p>\n<p>Galanda by\u0142 pionierem sztuki nowoczesnej na S\u0142owacji i nale\u017cy do naszych najwybitniejszych malarzy. Opr\u00f3cz malarstwa i grafiki zajmowa\u0142 si\u0119 r\u00f3wnie\u017c ilustracj\u0105 ksi\u0105\u017ckow\u0105, za kt\u00f3r\u0105 jeszcze za \u017cycia zdoby\u0142 mi\u0119dzynarodowe uznanie \u2013 srebrny medal na Wystawie \u015awiatowej w Pary\u017cu w 1937 roku. <\/p>\n<p>Podczas poznawania Turca zatrzymajcie si\u0119 Pa\u0144stwo r\u00f3wnie\u017c w Tur\u010dianskim \u010eurze. To w\u0142a\u015bnie tutaj mog\u0105 Pa\u0144stwo odwiedzi\u0107 nowoczesn\u0105 siedzib\u0119 naszej firmy rodzinnej, kt\u00f3r\u0105 uko\u0144czyli\u015bmy w 2019 roku. Dzi\u015b <a href=\"http:\/\/gardeon.pl\">Gardeon<\/a> ma tu najwi\u0119ksze i najnowocze\u015bniejsze centrum wystawowe gara\u017cy modu\u0142owych i domk\u00f3w ogrodowych na S\u0142owacji \u2013 tutaj mog\u0105 Pa\u0144stwo nasze produkty szczeg\u00f3\u0142owo <a href=\"https:\/\/www.youtube.com\/watch?v=t2keb4qbb1E\">obejrze\u0107 i dotkn\u0105\u0107<\/a>.  <\/p>\n<p><img loading=\"lazy\" decoding=\"async\" class=\"aligncenter wp-image-19648\" src=\"http:\/\/gardeon.pl\/wp-content\/uploads\/2019\/01\/2X3A9200-1.jpeg\" alt=\"Showroom GARDEON\" width=\"800\" height=\"588\" srcset=\"https:\/\/gardeon.pl\/wp-content\/uploads\/2019\/01\/2X3A9200-1.jpeg 4047w, https:\/\/gardeon.pl\/wp-content\/uploads\/2019\/01\/2X3A9200-1-300x221.jpeg 300w, https:\/\/gardeon.pl\/wp-content\/uploads\/2019\/01\/2X3A9200-1-768x565.jpeg 768w, https:\/\/gardeon.pl\/wp-content\/uploads\/2019\/01\/2X3A9200-1-1024x753.jpeg 1024w\" sizes=\"auto, (max-width: 800px) 100vw, 800px\" \/><\/p>\n<h5>\u0179r\u00f3d\u0142o:<\/h5>\n<h5>fotobank GARDEON<\/h5>\n<h5>https:\/\/www.onthesnow.sk\/<\/h5>\n<h5>https:\/\/www.flog.pravda.sk\/<\/h5>\n<h5>https:\/\/aquapark.therme.sk\/<\/h5>\n<h5>https:\/\/http:\/\/www.skanzenmartin.sk\/<\/h5>\n<h5>https:\/\/www.northslovakia.com\/<\/h5>\n<p>&nbsp;<\/p>\n","protected":false},"excerpt":{"rendered":"<p>Pomi\u0119dzy Oraw\u0105 na p\u00f3\u0142nocy a Pohron\u00edm na po\u0142udniu, Ponitr\u00edm na zachodzie i Liptowem na wschodzie le\u017cy Turiec, kt\u00f3rego historycznym centrum jest miasto Martin. Przez Kotlin\u0119 Tureck\u0105, otoczon\u0105 zboczami Ma\u0142ej i Wielkiej Fatry, G\u00f3rami Kremnickimi i pasmem \u017diar, przep\u0142ywa rzeka Turiec, kt\u00f3ra wpada do Wagu tu\u017c przed Prze\u0142omem Stre\u010dnia\u0144skim. Po prostu g\u00f3ry, wspania\u0142a przyroda i romantyka. [&hellip;]<\/p>\n","protected":false},"author":2,"featured_media":47726,"comment_status":"open","ping_status":"open","sticky":false,"template":"","format":"standard","meta":{"_acf_changed":false,"inline_featured_image":false,"footnotes":""},"categories":[631],"tags":[],"class_list":["post-47722","post","type-post","status-publish","format-standard","has-post-thumbnail","hentry","category-inne"],"acf":[],"yoast_head":"<!-- This site is optimized with the Yoast SEO plugin v27.4 - https:\/\/yoast.com\/product\/yoast-seo-wordpress\/ -->\n<title>Ciekawe miejsca w Turcu: 5 powod\u00f3w, dla kt\u00f3rych warto odwiedzi\u0107 Turiec zim\u0105 - GARDEON<\/title>\n<meta name=\"robots\" content=\"index, follow, max-snippet:-1, max-image-preview:large, max-video-preview:-1\" \/>\n<link rel=\"canonical\" href=\"https:\/\/gardeon.pl\/pl\/blog\/ciekawe-miejsca-w-turcu-5-powodow-dla-ktorych-warto-odwiedzic-turiec-zima\/\" \/>\n<meta property=\"og:locale\" content=\"pl_PL\" \/>\n<meta property=\"og:type\" content=\"article\" \/>\n<meta property=\"og:title\" content=\"Ciekawe miejsca w Turcu: 5 powod\u00f3w, dla kt\u00f3rych warto odwiedzi\u0107 Turiec zim\u0105 - GARDEON\" \/>\n<meta property=\"og:description\" content=\"Pomi\u0119dzy Oraw\u0105 na p\u00f3\u0142nocy a Pohron\u00edm na po\u0142udniu, Ponitr\u00edm na zachodzie i Liptowem na wschodzie le\u017cy Turiec, kt\u00f3rego historycznym centrum jest miasto Martin. Przez Kotlin\u0119 Tureck\u0105, otoczon\u0105 zboczami Ma\u0142ej i Wielkiej Fatry, G\u00f3rami Kremnickimi i pasmem \u017diar, przep\u0142ywa rzeka Turiec, kt\u00f3ra wpada do Wagu tu\u017c przed Prze\u0142omem Stre\u010dnia\u0144skim. Po prostu g\u00f3ry, wspania\u0142a przyroda i romantyka. [&hellip;]\" \/>\n<meta property=\"og:url\" content=\"https:\/\/gardeon.pl\/pl\/blog\/ciekawe-miejsca-w-turcu-5-powodow-dla-ktorych-warto-odwiedzic-turiec-zima\/\" \/>\n<meta property=\"og:site_name\" content=\"GARDEON\" \/>\n<meta property=\"article:published_time\" content=\"2026-04-23T16:41:29+00:00\" \/>\n<meta property=\"og:image\" content=\"http:\/\/gardeon.pl\/wp-content\/uploads\/2020\/11\/tUM_170515_orig.jpg\" \/>\n\t<meta property=\"og:image:width\" content=\"1200\" \/>\n\t<meta property=\"og:image:height\" content=\"801\" \/>\n\t<meta property=\"og:image:type\" content=\"image\/jpeg\" \/>\n<meta name=\"author\" content=\"editor\" \/>\n<meta name=\"twitter:card\" content=\"summary_large_image\" \/>\n<meta name=\"twitter:label1\" content=\"Napisane przez\" \/>\n\t<meta name=\"twitter:data1\" content=\"editor\" \/>\n\t<meta name=\"twitter:label2\" content=\"Szacowany czas czytania\" \/>\n\t<meta name=\"twitter:data2\" content=\"5 minut\" \/>\n<script type=\"application\/ld+json\" class=\"yoast-schema-graph\">{\"@context\":\"https:\\\/\\\/schema.org\",\"@graph\":[{\"@type\":\"Article\",\"@id\":\"https:\\\/\\\/gardeon.pl\\\/pl\\\/blog\\\/ciekawe-miejsca-w-turcu-5-powodow-dla-ktorych-warto-odwiedzic-turiec-zima\\\/#article\",\"isPartOf\":{\"@id\":\"https:\\\/\\\/gardeon.pl\\\/pl\\\/blog\\\/ciekawe-miejsca-w-turcu-5-powodow-dla-ktorych-warto-odwiedzic-turiec-zima\\\/\"},\"author\":{\"name\":\"editor\",\"@id\":\"https:\\\/\\\/gardeon.pl\\\/#\\\/schema\\\/person\\\/a5762ca5f0790bf92774af0899379463\"},\"headline\":\"Ciekawe miejsca w Turcu: 5 powod\u00f3w, dla kt\u00f3rych warto odwiedzi\u0107 Turiec zim\u0105\",\"datePublished\":\"2026-04-23T16:41:29+00:00\",\"mainEntityOfPage\":{\"@id\":\"https:\\\/\\\/gardeon.pl\\\/pl\\\/blog\\\/ciekawe-miejsca-w-turcu-5-powodow-dla-ktorych-warto-odwiedzic-turiec-zima\\\/\"},\"wordCount\":964,\"commentCount\":0,\"image\":{\"@id\":\"https:\\\/\\\/gardeon.pl\\\/pl\\\/blog\\\/ciekawe-miejsca-w-turcu-5-powodow-dla-ktorych-warto-odwiedzic-turiec-zima\\\/#primaryimage\"},\"thumbnailUrl\":\"https:\\\/\\\/gardeon.pl\\\/wp-content\\\/uploads\\\/2020\\\/11\\\/tUM_170515_orig.jpg\",\"articleSection\":[\"Inne\"],\"inLanguage\":\"pl-PL\",\"potentialAction\":[{\"@type\":\"CommentAction\",\"name\":\"Comment\",\"target\":[\"https:\\\/\\\/gardeon.pl\\\/pl\\\/blog\\\/ciekawe-miejsca-w-turcu-5-powodow-dla-ktorych-warto-odwiedzic-turiec-zima\\\/#respond\"]}]},{\"@type\":\"WebPage\",\"@id\":\"https:\\\/\\\/gardeon.pl\\\/pl\\\/blog\\\/ciekawe-miejsca-w-turcu-5-powodow-dla-ktorych-warto-odwiedzic-turiec-zima\\\/\",\"url\":\"https:\\\/\\\/gardeon.pl\\\/pl\\\/blog\\\/ciekawe-miejsca-w-turcu-5-powodow-dla-ktorych-warto-odwiedzic-turiec-zima\\\/\",\"name\":\"Ciekawe miejsca w Turcu: 5 powod\u00f3w, dla kt\u00f3rych warto odwiedzi\u0107 Turiec zim\u0105 - GARDEON\",\"isPartOf\":{\"@id\":\"https:\\\/\\\/gardeon.pl\\\/#website\"},\"primaryImageOfPage\":{\"@id\":\"https:\\\/\\\/gardeon.pl\\\/pl\\\/blog\\\/ciekawe-miejsca-w-turcu-5-powodow-dla-ktorych-warto-odwiedzic-turiec-zima\\\/#primaryimage\"},\"image\":{\"@id\":\"https:\\\/\\\/gardeon.pl\\\/pl\\\/blog\\\/ciekawe-miejsca-w-turcu-5-powodow-dla-ktorych-warto-odwiedzic-turiec-zima\\\/#primaryimage\"},\"thumbnailUrl\":\"https:\\\/\\\/gardeon.pl\\\/wp-content\\\/uploads\\\/2020\\\/11\\\/tUM_170515_orig.jpg\",\"datePublished\":\"2026-04-23T16:41:29+00:00\",\"author\":{\"@id\":\"https:\\\/\\\/gardeon.pl\\\/#\\\/schema\\\/person\\\/a5762ca5f0790bf92774af0899379463\"},\"breadcrumb\":{\"@id\":\"https:\\\/\\\/gardeon.pl\\\/pl\\\/blog\\\/ciekawe-miejsca-w-turcu-5-powodow-dla-ktorych-warto-odwiedzic-turiec-zima\\\/#breadcrumb\"},\"inLanguage\":\"pl-PL\",\"potentialAction\":[{\"@type\":\"ReadAction\",\"target\":[\"https:\\\/\\\/gardeon.pl\\\/pl\\\/blog\\\/ciekawe-miejsca-w-turcu-5-powodow-dla-ktorych-warto-odwiedzic-turiec-zima\\\/\"]}]},{\"@type\":\"ImageObject\",\"inLanguage\":\"pl-PL\",\"@id\":\"https:\\\/\\\/gardeon.pl\\\/pl\\\/blog\\\/ciekawe-miejsca-w-turcu-5-powodow-dla-ktorych-warto-odwiedzic-turiec-zima\\\/#primaryimage\",\"url\":\"https:\\\/\\\/gardeon.pl\\\/wp-content\\\/uploads\\\/2020\\\/11\\\/tUM_170515_orig.jpg\",\"contentUrl\":\"https:\\\/\\\/gardeon.pl\\\/wp-content\\\/uploads\\\/2020\\\/11\\\/tUM_170515_orig.jpg\",\"width\":1200,\"height\":801,\"caption\":\"Kotlina Turecka\"},{\"@type\":\"BreadcrumbList\",\"@id\":\"https:\\\/\\\/gardeon.pl\\\/pl\\\/blog\\\/ciekawe-miejsca-w-turcu-5-powodow-dla-ktorych-warto-odwiedzic-turiec-zima\\\/#breadcrumb\",\"itemListElement\":[{\"@type\":\"ListItem\",\"position\":1,\"name\":\"Domov\",\"item\":\"https:\\\/\\\/gardeon.pl\\\/pl\\\/\"},{\"@type\":\"ListItem\",\"position\":2,\"name\":\"Ciekawe miejsca w Turcu: 5 powod\u00f3w, dla kt\u00f3rych warto odwiedzi\u0107 Turiec zim\u0105\"}]},{\"@type\":\"WebSite\",\"@id\":\"https:\\\/\\\/gardeon.pl\\\/#website\",\"url\":\"https:\\\/\\\/gardeon.pl\\\/\",\"name\":\"GARDEON\",\"description\":\"\",\"potentialAction\":[{\"@type\":\"SearchAction\",\"target\":{\"@type\":\"EntryPoint\",\"urlTemplate\":\"https:\\\/\\\/gardeon.pl\\\/?s={search_term_string}\"},\"query-input\":{\"@type\":\"PropertyValueSpecification\",\"valueRequired\":true,\"valueName\":\"search_term_string\"}}],\"inLanguage\":\"pl-PL\"},{\"@type\":\"Person\",\"@id\":\"https:\\\/\\\/gardeon.pl\\\/#\\\/schema\\\/person\\\/a5762ca5f0790bf92774af0899379463\",\"name\":\"editor\",\"image\":{\"@type\":\"ImageObject\",\"inLanguage\":\"pl-PL\",\"@id\":\"https:\\\/\\\/secure.gravatar.com\\\/avatar\\\/2b748151c2c748327307fd289a91b3bdafdd9e64e2d000e65e53d6dcf11c5830?s=96&d=mm&r=g\",\"url\":\"https:\\\/\\\/secure.gravatar.com\\\/avatar\\\/2b748151c2c748327307fd289a91b3bdafdd9e64e2d000e65e53d6dcf11c5830?s=96&d=mm&r=g\",\"contentUrl\":\"https:\\\/\\\/secure.gravatar.com\\\/avatar\\\/2b748151c2c748327307fd289a91b3bdafdd9e64e2d000e65e53d6dcf11c5830?s=96&d=mm&r=g\",\"caption\":\"editor\"}}]}<\/script>\n<!-- \/ Yoast SEO plugin. -->","yoast_head_json":{"title":"Ciekawe miejsca w Turcu: 5 powod\u00f3w, dla kt\u00f3rych warto odwiedzi\u0107 Turiec zim\u0105 - GARDEON","robots":{"index":"index","follow":"follow","max-snippet":"max-snippet:-1","max-image-preview":"max-image-preview:large","max-video-preview":"max-video-preview:-1"},"canonical":"https:\/\/gardeon.pl\/pl\/blog\/ciekawe-miejsca-w-turcu-5-powodow-dla-ktorych-warto-odwiedzic-turiec-zima\/","og_locale":"pl_PL","og_type":"article","og_title":"Ciekawe miejsca w Turcu: 5 powod\u00f3w, dla kt\u00f3rych warto odwiedzi\u0107 Turiec zim\u0105 - GARDEON","og_description":"Pomi\u0119dzy Oraw\u0105 na p\u00f3\u0142nocy a Pohron\u00edm na po\u0142udniu, Ponitr\u00edm na zachodzie i Liptowem na wschodzie le\u017cy Turiec, kt\u00f3rego historycznym centrum jest miasto Martin. Przez Kotlin\u0119 Tureck\u0105, otoczon\u0105 zboczami Ma\u0142ej i Wielkiej Fatry, G\u00f3rami Kremnickimi i pasmem \u017diar, przep\u0142ywa rzeka Turiec, kt\u00f3ra wpada do Wagu tu\u017c przed Prze\u0142omem Stre\u010dnia\u0144skim. Po prostu g\u00f3ry, wspania\u0142a przyroda i romantyka. [&hellip;]","og_url":"https:\/\/gardeon.pl\/pl\/blog\/ciekawe-miejsca-w-turcu-5-powodow-dla-ktorych-warto-odwiedzic-turiec-zima\/","og_site_name":"GARDEON","article_published_time":"2026-04-23T16:41:29+00:00","og_image":[{"width":1200,"height":801,"url":"http:\/\/gardeon.pl\/wp-content\/uploads\/2020\/11\/tUM_170515_orig.jpg","type":"image\/jpeg"}],"author":"editor","twitter_card":"summary_large_image","twitter_misc":{"Napisane przez":"editor","Szacowany czas czytania":"5 minut"},"schema":{"@context":"https:\/\/schema.org","@graph":[{"@type":"Article","@id":"https:\/\/gardeon.pl\/pl\/blog\/ciekawe-miejsca-w-turcu-5-powodow-dla-ktorych-warto-odwiedzic-turiec-zima\/#article","isPartOf":{"@id":"https:\/\/gardeon.pl\/pl\/blog\/ciekawe-miejsca-w-turcu-5-powodow-dla-ktorych-warto-odwiedzic-turiec-zima\/"},"author":{"name":"editor","@id":"https:\/\/gardeon.pl\/#\/schema\/person\/a5762ca5f0790bf92774af0899379463"},"headline":"Ciekawe miejsca w Turcu: 5 powod\u00f3w, dla kt\u00f3rych warto odwiedzi\u0107 Turiec zim\u0105","datePublished":"2026-04-23T16:41:29+00:00","mainEntityOfPage":{"@id":"https:\/\/gardeon.pl\/pl\/blog\/ciekawe-miejsca-w-turcu-5-powodow-dla-ktorych-warto-odwiedzic-turiec-zima\/"},"wordCount":964,"commentCount":0,"image":{"@id":"https:\/\/gardeon.pl\/pl\/blog\/ciekawe-miejsca-w-turcu-5-powodow-dla-ktorych-warto-odwiedzic-turiec-zima\/#primaryimage"},"thumbnailUrl":"https:\/\/gardeon.pl\/wp-content\/uploads\/2020\/11\/tUM_170515_orig.jpg","articleSection":["Inne"],"inLanguage":"pl-PL","potentialAction":[{"@type":"CommentAction","name":"Comment","target":["https:\/\/gardeon.pl\/pl\/blog\/ciekawe-miejsca-w-turcu-5-powodow-dla-ktorych-warto-odwiedzic-turiec-zima\/#respond"]}]},{"@type":"WebPage","@id":"https:\/\/gardeon.pl\/pl\/blog\/ciekawe-miejsca-w-turcu-5-powodow-dla-ktorych-warto-odwiedzic-turiec-zima\/","url":"https:\/\/gardeon.pl\/pl\/blog\/ciekawe-miejsca-w-turcu-5-powodow-dla-ktorych-warto-odwiedzic-turiec-zima\/","name":"Ciekawe miejsca w Turcu: 5 powod\u00f3w, dla kt\u00f3rych warto odwiedzi\u0107 Turiec zim\u0105 - GARDEON","isPartOf":{"@id":"https:\/\/gardeon.pl\/#website"},"primaryImageOfPage":{"@id":"https:\/\/gardeon.pl\/pl\/blog\/ciekawe-miejsca-w-turcu-5-powodow-dla-ktorych-warto-odwiedzic-turiec-zima\/#primaryimage"},"image":{"@id":"https:\/\/gardeon.pl\/pl\/blog\/ciekawe-miejsca-w-turcu-5-powodow-dla-ktorych-warto-odwiedzic-turiec-zima\/#primaryimage"},"thumbnailUrl":"https:\/\/gardeon.pl\/wp-content\/uploads\/2020\/11\/tUM_170515_orig.jpg","datePublished":"2026-04-23T16:41:29+00:00","author":{"@id":"https:\/\/gardeon.pl\/#\/schema\/person\/a5762ca5f0790bf92774af0899379463"},"breadcrumb":{"@id":"https:\/\/gardeon.pl\/pl\/blog\/ciekawe-miejsca-w-turcu-5-powodow-dla-ktorych-warto-odwiedzic-turiec-zima\/#breadcrumb"},"inLanguage":"pl-PL","potentialAction":[{"@type":"ReadAction","target":["https:\/\/gardeon.pl\/pl\/blog\/ciekawe-miejsca-w-turcu-5-powodow-dla-ktorych-warto-odwiedzic-turiec-zima\/"]}]},{"@type":"ImageObject","inLanguage":"pl-PL","@id":"https:\/\/gardeon.pl\/pl\/blog\/ciekawe-miejsca-w-turcu-5-powodow-dla-ktorych-warto-odwiedzic-turiec-zima\/#primaryimage","url":"https:\/\/gardeon.pl\/wp-content\/uploads\/2020\/11\/tUM_170515_orig.jpg","contentUrl":"https:\/\/gardeon.pl\/wp-content\/uploads\/2020\/11\/tUM_170515_orig.jpg","width":1200,"height":801,"caption":"Kotlina Turecka"},{"@type":"BreadcrumbList","@id":"https:\/\/gardeon.pl\/pl\/blog\/ciekawe-miejsca-w-turcu-5-powodow-dla-ktorych-warto-odwiedzic-turiec-zima\/#breadcrumb","itemListElement":[{"@type":"ListItem","position":1,"name":"Domov","item":"https:\/\/gardeon.pl\/pl\/"},{"@type":"ListItem","position":2,"name":"Ciekawe miejsca w Turcu: 5 powod\u00f3w, dla kt\u00f3rych warto odwiedzi\u0107 Turiec zim\u0105"}]},{"@type":"WebSite","@id":"https:\/\/gardeon.pl\/#website","url":"https:\/\/gardeon.pl\/","name":"GARDEON","description":"","potentialAction":[{"@type":"SearchAction","target":{"@type":"EntryPoint","urlTemplate":"https:\/\/gardeon.pl\/?s={search_term_string}"},"query-input":{"@type":"PropertyValueSpecification","valueRequired":true,"valueName":"search_term_string"}}],"inLanguage":"pl-PL"},{"@type":"Person","@id":"https:\/\/gardeon.pl\/#\/schema\/person\/a5762ca5f0790bf92774af0899379463","name":"editor","image":{"@type":"ImageObject","inLanguage":"pl-PL","@id":"https:\/\/secure.gravatar.com\/avatar\/2b748151c2c748327307fd289a91b3bdafdd9e64e2d000e65e53d6dcf11c5830?s=96&d=mm&r=g","url":"https:\/\/secure.gravatar.com\/avatar\/2b748151c2c748327307fd289a91b3bdafdd9e64e2d000e65e53d6dcf11c5830?s=96&d=mm&r=g","contentUrl":"https:\/\/secure.gravatar.com\/avatar\/2b748151c2c748327307fd289a91b3bdafdd9e64e2d000e65e53d6dcf11c5830?s=96&d=mm&r=g","caption":"editor"}}]}},"_links":{"self":[{"href":"https:\/\/gardeon.pl\/pl\/wp-json\/wp\/v2\/posts\/47722","targetHints":{"allow":["GET"]}}],"collection":[{"href":"https:\/\/gardeon.pl\/pl\/wp-json\/wp\/v2\/posts"}],"about":[{"href":"https:\/\/gardeon.pl\/pl\/wp-json\/wp\/v2\/types\/post"}],"author":[{"embeddable":true,"href":"https:\/\/gardeon.pl\/pl\/wp-json\/wp\/v2\/users\/2"}],"replies":[{"embeddable":true,"href":"https:\/\/gardeon.pl\/pl\/wp-json\/wp\/v2\/comments?post=47722"}],"version-history":[{"count":0,"href":"https:\/\/gardeon.pl\/pl\/wp-json\/wp\/v2\/posts\/47722\/revisions"}],"wp:featuredmedia":[{"embeddable":true,"href":"https:\/\/gardeon.pl\/pl\/wp-json\/wp\/v2\/media\/47726"}],"wp:attachment":[{"href":"https:\/\/gardeon.pl\/pl\/wp-json\/wp\/v2\/media?parent=47722"}],"wp:term":[{"taxonomy":"category","embeddable":true,"href":"https:\/\/gardeon.pl\/pl\/wp-json\/wp\/v2\/categories?post=47722"},{"taxonomy":"post_tag","embeddable":true,"href":"https:\/\/gardeon.pl\/pl\/wp-json\/wp\/v2\/tags?post=47722"}],"curies":[{"name":"wp","href":"https:\/\/api.w.org\/{rel}","templated":true}]}}