{"id":47727,"date":"2026-04-23T18:41:28","date_gmt":"2026-04-23T16:41:28","guid":{"rendered":"https:\/\/gardeon.pl\/?p=47727"},"modified":"2026-04-23T18:41:28","modified_gmt":"2026-04-23T16:41:28","slug":"poradnik-jak-posprzatac-garaz","status":"publish","type":"post","link":"https:\/\/gardeon.pl\/pl\/blog\/poradnik-jak-posprzatac-garaz\/","title":{"rendered":"Poradnik: Jak posprz\u0105ta\u0107 gara\u017c"},"content":{"rendered":"<p><em>5 krok\u00f3w do perfekcyjnego porz\u0105dku i przejrzysto\u015bci w rzeczach.<\/em><\/p>\n<p><!--more--><\/p>\n<p><em>Czy to znacie? Jeszcze od\u0142o\u017cymy tam kosiark\u0119, jeszcze prezent od te\u015bciowej, po zimie sanki i rzeczy po m\u0142odszym dziecku, kt\u00f3re p\u00f3\u017aniej przydadz\u0105 si\u0119 temu m\u0142odszemu&#8230; A po kilku latach parkujecie przed gara\u017cem, bo samoch\u00f3d ju\u017c si\u0119 do niego nie mie\u015bci. Zdecydowali\u015bcie si\u0119 to zmieni\u0107? Je\u015bli zastosujecie si\u0119 do tych 5 krok\u00f3w, wszystko w gara\u017cu b\u0119dzie mia\u0142o swoje miejsce (nawet samoch\u00f3d ;)) i b\u0119dziecie mieli doskona\u0142y przegl\u0105d wszystkich rzeczy.    <\/em><\/p>\n<p>&nbsp;<\/p>\n<h2><b>1 Posegregujcie niepotrzebne rzeczy<\/b><\/h2>\n<p>Pierwszym krokiem przy sprz\u0105taniu zagraconego <a href=\"https:\/\/gardeon.pl\/pl\/garaze\/\">gara\u017cu<\/a> jest pozbycie si\u0119 niepotrzebnych rzeczy, kt\u00f3re tylko niepotrzebnie zajmuj\u0105 w nim miejsce. Istniej\u0105 r\u00f3\u017cne metody, kt\u00f3re panie prawdopodobnie znaj\u0105, poniewa\u017c s\u0105 stosowane przy porz\u0105dkowaniu szafy \u2013 na przyk\u0142ad pozbycie si\u0119 wszystkiego, czego nie mia\u0142y\u015bcie na sobie (lub, w przypadku rzeczy w gara\u017cu, czego nie u\u017cywa\u0142y\u015bcie) d\u0142u\u017cej ni\u017c rok. We\u017acie do r\u0119ki ka\u017cdy od\u0142o\u017cony przedmiot, oce\u0144cie jego u\u017cyteczno\u015b\u0107 i posegregujcie wszystko na stosy: \u201eod\u0142o\u017cy\u0107\u201d i \u201epozby\u0107 si\u0119\u201d.  <\/p>\n<p>Bardziej radykalne podej\u015bcie, kt\u00f3re jednak mo\u017ce by\u0107, paradoksalnie, skuteczniejsze i mniej bolesne, polega na systemie segregacji: wszystko, co jest \u201ez ty\u0142u\u201d, czyli w miejscach trudno dost\u0119pnych, musi znikn\u0105\u0107. Jest bowiem niemal pewne, \u017ce tych rzeczy nie u\u017cywali\u015bcie ju\u017c dawno, wi\u0119c nie b\u0119dziecie za nimi t\u0119skni\u0107 ani p\u00f3\u017aniej. Prawdopodobnie nawet zapomnieli\u015bcie, \u017ce je macie, wi\u0119c s\u0105 wam do niczego niepotrzebne.  <\/p>\n<p><img loading=\"lazy\" decoding=\"async\" class=\"aligncenter wp-image-29822\" src=\"http:\/\/gardeon.pl\/wp-content\/uploads\/2020\/12\/GARDEON-foto-od-zakaznikov-161.jpg\" alt=\"Narz\u0119dzia ogrodowe i majsterkowicza wewn\u0105trz gara\u017cu\" width=\"800\" height=\"600\" srcset=\"https:\/\/gardeon.pl\/wp-content\/uploads\/2020\/12\/GARDEON-foto-od-zakaznikov-161.jpg 1500w, https:\/\/gardeon.pl\/wp-content\/uploads\/2020\/12\/GARDEON-foto-od-zakaznikov-161-300x225.jpg 300w, https:\/\/gardeon.pl\/wp-content\/uploads\/2020\/12\/GARDEON-foto-od-zakaznikov-161-1024x768.jpg 1024w, https:\/\/gardeon.pl\/wp-content\/uploads\/2020\/12\/GARDEON-foto-od-zakaznikov-161-768x576.jpg 768w\" sizes=\"auto, (max-width: 800px) 100vw, 800px\" \/><\/p>\n<p>Proces pozbywania si\u0119 rzeczy nie jest \u0142atwy, ale pomo\u017ce, je\u015bli u\u015bwiadomicie sobie, \u017ce rzeczy, kt\u00f3rych nie u\u017cywacie, pozbawiaj\u0105 Was nie tylko miejsca, ale tak\u017ce czasu i energii (na przyk\u0142ad podczas szukania tego, czego potrzebujecie). Nie musicie te\u017c wszystkiego wyrzuca\u0107 \u2013 co\u015b mo\u017cecie podarowa\u0107 lub sprzeda\u0107. Zobaczycie, poczujecie ulg\u0119.  <span class=\"Apple-converted-space\"> <\/span><\/p>\n<h2><b>2 Wykorzystajcie ca\u0142\u0105 wysoko\u015b\u0107<\/b><\/h2>\n<p>Kolejnym krokiem powinno by\u0107 wyposa\u017cenie gara\u017cu. Najwi\u0119kszym i najcz\u0119stszym b\u0142\u0119dem jest bowiem prowizoryczne odk\u0142adanie, czyli uk\u0142adanie rzeczy na ziemi, bez przemy\u015blenia i bez systemu. Je\u015bli jednak wykorzystacie ca\u0142\u0105 wysoko\u015b\u0107 dost\u0119pnej przestrzeni, zyskacie znacznie wi\u0119cej miejsca do przechowywania na znacznie mniejszej powierzchni pod\u0142ogi. Oczywi\u015bcie, rega\u0142y z p\u00f3\u0142kami nie s\u0105 \u017cadnym nowym wynalazkiem, ale to nic nie zmienia w ich praktyczno\u015bci. Je\u015bli macie bram\u0119 gara\u017cow\u0105, kt\u00f3ra podczas otwierania nie porusza si\u0119 pod sufitem, mo\u017cecie wykorzysta\u0107 r\u00f3wnie\u017c t\u0119 przestrze\u0144 \u2013 na przyk\u0142ad na system wieszak\u00f3w na rowery lub p\u00f3\u0142ki mocowane do sufitu. Poniewa\u017c to, co jest wystarczaj\u0105co wysoko, nie b\u0119dzie przeszkadza\u0107 podczas parkowania samochodu.     <\/p>\n<p><a href=\"http:\/\/gardeon.pl\/wp-content\/uploads\/2020\/12\/GARDEON-foto-od-zakaznikov-140.jpg\"><img loading=\"lazy\" decoding=\"async\" class=\"aligncenter wp-image-29772\" src=\"http:\/\/gardeon.pl\/wp-content\/uploads\/2020\/12\/GARDEON-foto-od-zakaznikov-140.jpg\" alt=\"Szafki z pojemnikami wewn\u0105trz gara\u017cu\" width=\"800\" height=\"600\" srcset=\"https:\/\/gardeon.pl\/wp-content\/uploads\/2020\/12\/GARDEON-foto-od-zakaznikov-140.jpg 1500w, https:\/\/gardeon.pl\/wp-content\/uploads\/2020\/12\/GARDEON-foto-od-zakaznikov-140-300x225.jpg 300w, https:\/\/gardeon.pl\/wp-content\/uploads\/2020\/12\/GARDEON-foto-od-zakaznikov-140-1024x768.jpg 1024w, https:\/\/gardeon.pl\/wp-content\/uploads\/2020\/12\/GARDEON-foto-od-zakaznikov-140-768x576.jpg 768w\" sizes=\"auto, (max-width: 800px) 100vw, 800px\" \/><\/a><\/p>\n<h2><b>3 Stw\u00f3rzcie strefy<\/b><\/h2>\n<p>Je\u015bli chcecie mie\u0107 rzeczy w gara\u017cu nie tylko przechowywane, ale przechowywane praktycznie i przejrzy\u015bcie, wa\u017cne jest nie tylko wyposa\u017cenie gara\u017cu, ale tak\u017ce wprowadzenie systemu do przechowywania rzeczy. Jak wi\u0119c prawid\u0142owo urz\u0105dzi\u0107 gara\u017c? Podzielcie go na strefy wed\u0142ug przeznaczenia i rzeczy zwi\u0105zane z danym typem czynno\u015bci zawsze przechowujcie w tej samej strefie \u2013 na przyk\u0142ad na narz\u0119dzia ogrodowe przeznaczcie lew\u0105 stron\u0119 gara\u017cu, na sprz\u0119t sportowy praw\u0105, a domowy warsztat mo\u017cecie urz\u0105dzi\u0107 w tylnej cz\u0119\u015bci. Ponadto, w ka\u017cdej strefie przestrzegajcie dw\u00f3ch z\u0142otych zasad: najci\u0119\u017csze przedmioty powinny by\u0107 przechowywane najni\u017cej, a rzeczy sezonowe i rzadziej u\u017cywane nale\u017c\u0105 na g\u00f3rne p\u00f3\u0142ki lub pod sufit, czyli w miejsca trudniej dost\u0119pne.   <\/p>\n<p><a href=\"http:\/\/gardeon.pl\/wp-content\/uploads\/2020\/11\/GARDEON-foto-od-zakaznikov-108-1.jpg\"><img loading=\"lazy\" decoding=\"async\" class=\"aligncenter wp-image-29368\" src=\"http:\/\/gardeon.pl\/wp-content\/uploads\/2020\/11\/GARDEON-foto-od-zakaznikov-108-1.jpg\" alt=\"Narz\u0119dzia ogrodowe i majsterkowicza w gara\u017cu\" width=\"800\" height=\"379\" srcset=\"https:\/\/gardeon.pl\/wp-content\/uploads\/2020\/11\/GARDEON-foto-od-zakaznikov-108-1.jpg 1500w, https:\/\/gardeon.pl\/wp-content\/uploads\/2020\/11\/GARDEON-foto-od-zakaznikov-108-1-300x142.jpg 300w, https:\/\/gardeon.pl\/wp-content\/uploads\/2020\/11\/GARDEON-foto-od-zakaznikov-108-1-1024x485.jpg 1024w, https:\/\/gardeon.pl\/wp-content\/uploads\/2020\/11\/GARDEON-foto-od-zakaznikov-108-1-768x364.jpg 768w\" sizes=\"auto, (max-width: 800px) 100vw, 800px\" \/><\/a><\/p>\n<p>W \u201estrefie sportowej\u201d na g\u00f3rnych p\u00f3\u0142kach mog\u0105 znajdowa\u0107 si\u0119 na przyk\u0142ad narty lub sprz\u0119t kempingowy, w strefie narz\u0119dzi warsztatowych za\u015b artyku\u0142y do malowania. Nad przestrzeni\u0105 przeznaczon\u0105 do przechowywania narz\u0119dzi ogrodowych, kt\u00f3re s\u0105 zazwyczaj u\u017cywane regularnie, mo\u017cecie wydzieli\u0107 stref\u0119 na przechowywanie \u201ewspomnie\u0144\u201d \u2013 rysunk\u00f3w dzieci\u0119cych, zabawek czy ubra\u0144. <\/p>\n<h2><b>4 Oznaczcie pude\u0142ka<\/b><\/h2>\n<p>Mo\u017ce to brzmie\u0107 trywialnie, ale naprawd\u0119 nie ma skuteczniejszego sposobu na utrzymanie porz\u0105dku nawet w rzeczach przechowywanych w nieprzezroczystych pude\u0142kach czy pojemnikach \u2013 wystarczy naklei\u0107 na widoczn\u0105 stron\u0119 etykiet\u0119 z opisem lub bezpo\u015brednio na pude\u0142ku napisa\u0107 list\u0119 wszystkiego, co zawiera. W ten spos\u00f3b zawsze znajdziecie to, czego potrzebujecie, bez konieczno\u015bci otwierania wszystkich pude\u0142ek w gara\u017cu. Prawo Murphy\u2019ego m\u00f3wi bowiem, \u017ce to, czego szukacie, zawsze znajduje si\u0119 w ostatnim pude\u0142ku, do kt\u00f3rego zajrzycie.  <\/p>\n<p><a href=\"http:\/\/gardeon.pl\/wp-content\/uploads\/2020\/08\/GARDEON-foto-od-zakaznikov-13.jpg\"><img loading=\"lazy\" decoding=\"async\" class=\"aligncenter wp-image-27740\" src=\"http:\/\/gardeon.pl\/wp-content\/uploads\/2020\/08\/GARDEON-foto-od-zakaznikov-13.jpg\" alt=\"Wn\u0119trze montowanego domku ogrodowego\" width=\"800\" height=\"600\" srcset=\"https:\/\/gardeon.pl\/wp-content\/uploads\/2020\/08\/GARDEON-foto-od-zakaznikov-13.jpg 2016w, https:\/\/gardeon.pl\/wp-content\/uploads\/2020\/08\/GARDEON-foto-od-zakaznikov-13-300x225.jpg 300w, https:\/\/gardeon.pl\/wp-content\/uploads\/2020\/08\/GARDEON-foto-od-zakaznikov-13-1024x768.jpg 1024w, https:\/\/gardeon.pl\/wp-content\/uploads\/2020\/08\/GARDEON-foto-od-zakaznikov-13-768x576.jpg 768w, https:\/\/gardeon.pl\/wp-content\/uploads\/2020\/08\/GARDEON-foto-od-zakaznikov-13-1536x1152.jpg 1536w\" sizes=\"auto, (max-width: 800px) 100vw, 800px\" \/><\/a><\/p>\n<h2><b>5 U\u017cywajcie system\u00f3w<\/b><\/h2>\n<p>Wiele miejsca mo\u017cna zaoszcz\u0119dzi\u0107 dzi\u0119ki r\u00f3\u017cnym specjalistycznym systemom przechowywania i elementom. Przydatne s\u0105 na przyk\u0142ad stojaki do przechowywania opon, a tak\u017ce r\u00f3\u017cne rozwi\u0105zania do wieszania rower\u00f3w. Rowery nie b\u0119d\u0105 wtedy przeszkadza\u0107, a gdy zechcecie si\u0119 przejecha\u0107, \u0142atwo b\u0119dziecie mogli do nich dotrze\u0107.  <\/p>\n<p>Wiele praktycznych system\u00f3w jest dost\u0119pnych r\u00f3wnie\u017c do przechowywania narz\u0119dzi ogrodowych \u2013 <a href=\"http:\/\/gardeon.pl\/garaze\/prislusenstvo\/zavesne-systemy\/\">r\u00f3\u017cne elementy wisz\u0105ce z haczykami, stojaki lub uchwyty<\/a> pomog\u0105 Wam przechowywa\u0107 narz\u0119dzia ogrodowe w spos\u00f3b przejrzysty i tak, aby zajmowa\u0142y minimum miejsca, a jednocze\u015bnie by\u0142y pod r\u0119k\u0105. Organizacja i system powinny panowa\u0107 r\u00f3wnie\u017c w domowym warsztacie \u2013 ka\u017cda rzecz powinna mie\u0107 swoje miejsce, narz\u0119dzia powinny by\u0107 \u0142atwo dost\u0119pne, a Wy powinni\u015bcie mie\u0107 we wszystkim przegl\u0105d. <\/p>\n<p><a href=\"http:\/\/gardeon.pl\/wp-content\/uploads\/2020\/11\/GARDEON-foto-od-zakaznikov-106.jpg\"><img loading=\"lazy\" decoding=\"async\" class=\"aligncenter wp-image-29270\" src=\"http:\/\/gardeon.pl\/wp-content\/uploads\/2020\/11\/GARDEON-foto-od-zakaznikov-106.jpg\" alt=\"Kosiarka i zawieszone rowery dzieci\u0119ce\" width=\"800\" height=\"1067\" srcset=\"https:\/\/gardeon.pl\/wp-content\/uploads\/2020\/11\/GARDEON-foto-od-zakaznikov-106.jpg 1512w, https:\/\/gardeon.pl\/wp-content\/uploads\/2020\/11\/GARDEON-foto-od-zakaznikov-106-225x300.jpg 225w, https:\/\/gardeon.pl\/wp-content\/uploads\/2020\/11\/GARDEON-foto-od-zakaznikov-106-768x1024.jpg 768w, https:\/\/gardeon.pl\/wp-content\/uploads\/2020\/11\/GARDEON-foto-od-zakaznikov-106-1152x1536.jpg 1152w\" sizes=\"auto, (max-width: 800px) 100vw, 800px\" \/><\/a><\/p>\n<p>Do uporz\u0105dkowania zapas\u00f3w i narz\u0119dzi w warsztacie praktyczne s\u0105 nie tylko szafy czy kontenery na k\u00f3\u0142kach, ale tak\u017ce organizery \u015bcienne z szufladami i r\u00f3\u017cne systemy do wieszania najcz\u0119\u015bciej u\u017cywanych narz\u0119dzi na \u015bcianie.<\/p>\n<p>I na koniec jeszcze jedna wskaz\u00f3wka. Je\u015bli Wasz gara\u017c jest naprawd\u0119 za ma\u0142y, aby pomie\u015bci\u0107 wszystko, czego potrzebujecie, rozwi\u0105zaniem mo\u017ce by\u0107 domek ogrodowy. Budowa montowanego domku ogrodowego jest szybka i prosta, a ta sprytna przestrze\u0144 mo\u017ce s\u0142u\u017cy\u0107 nie tylko do przechowywania narz\u0119dzi ogrodowych, ale tak\u017ce jako magazyn sprz\u0119tu sportowego czy domowy warsztat. A gara\u017c zn\u00f3w b\u0119dzie wolny dla samochodu.   <\/p>\n<h4>Za zdj\u0119cia dzi\u0119kujemy naszym klientom.<\/h4>\n","protected":false},"excerpt":{"rendered":"<p>5 krok\u00f3w do perfekcyjnego porz\u0105dku i przejrzysto\u015bci w rzeczach.<\/p>\n","protected":false},"author":2,"featured_media":46942,"comment_status":"open","ping_status":"open","sticky":false,"template":"","format":"standard","meta":{"_acf_changed":false,"inline_featured_image":false,"footnotes":""},"categories":[578],"tags":[],"class_list":["post-47727","post","type-post","status-publish","format-standard","has-post-thumbnail","hentry","category-garaze-blaszane"],"acf":[],"yoast_head":"<!-- This site is optimized with the Yoast SEO plugin v27.4 - https:\/\/yoast.com\/product\/yoast-seo-wordpress\/ -->\n<title>Poradnik: Jak posprz\u0105ta\u0107 gara\u017c - GARDEON<\/title>\n<meta name=\"robots\" content=\"index, follow, max-snippet:-1, max-image-preview:large, max-video-preview:-1\" \/>\n<link rel=\"canonical\" href=\"https:\/\/gardeon.pl\/pl\/blog\/poradnik-jak-posprzatac-garaz\/\" \/>\n<meta property=\"og:locale\" content=\"pl_PL\" \/>\n<meta property=\"og:type\" content=\"article\" \/>\n<meta property=\"og:title\" content=\"Poradnik: Jak posprz\u0105ta\u0107 gara\u017c - GARDEON\" \/>\n<meta property=\"og:description\" content=\"5 krok\u00f3w do perfekcyjnego porz\u0105dku i przejrzysto\u015bci w rzeczach.\" \/>\n<meta property=\"og:url\" content=\"https:\/\/gardeon.pl\/pl\/blog\/poradnik-jak-posprzatac-garaz\/\" \/>\n<meta property=\"og:site_name\" content=\"GARDEON\" \/>\n<meta property=\"article:published_time\" content=\"2026-04-23T16:41:28+00:00\" \/>\n<meta property=\"og:image\" content=\"http:\/\/gardeon.pl\/wp-content\/uploads\/2020\/12\/GARDEON-foto-od-zakaznikov-140.jpg\" \/>\n\t<meta property=\"og:image:width\" content=\"1500\" \/>\n\t<meta property=\"og:image:height\" content=\"1125\" \/>\n\t<meta property=\"og:image:type\" content=\"image\/jpeg\" \/>\n<meta name=\"author\" content=\"editor\" \/>\n<meta name=\"twitter:card\" content=\"summary_large_image\" \/>\n<meta name=\"twitter:label1\" content=\"Napisane przez\" \/>\n\t<meta name=\"twitter:data1\" content=\"editor\" \/>\n\t<meta name=\"twitter:label2\" content=\"Szacowany czas czytania\" \/>\n\t<meta name=\"twitter:data2\" content=\"5 minut\" \/>\n<script type=\"application\/ld+json\" class=\"yoast-schema-graph\">{\"@context\":\"https:\\\/\\\/schema.org\",\"@graph\":[{\"@type\":\"Article\",\"@id\":\"https:\\\/\\\/gardeon.pl\\\/pl\\\/blog\\\/poradnik-jak-posprzatac-garaz\\\/#article\",\"isPartOf\":{\"@id\":\"https:\\\/\\\/gardeon.pl\\\/pl\\\/blog\\\/poradnik-jak-posprzatac-garaz\\\/\"},\"author\":{\"name\":\"editor\",\"@id\":\"https:\\\/\\\/gardeon.pl\\\/#\\\/schema\\\/person\\\/a5762ca5f0790bf92774af0899379463\"},\"headline\":\"Poradnik: Jak posprz\u0105ta\u0107 gara\u017c\",\"datePublished\":\"2026-04-23T16:41:28+00:00\",\"mainEntityOfPage\":{\"@id\":\"https:\\\/\\\/gardeon.pl\\\/pl\\\/blog\\\/poradnik-jak-posprzatac-garaz\\\/\"},\"wordCount\":998,\"commentCount\":0,\"image\":{\"@id\":\"https:\\\/\\\/gardeon.pl\\\/pl\\\/blog\\\/poradnik-jak-posprzatac-garaz\\\/#primaryimage\"},\"thumbnailUrl\":\"https:\\\/\\\/gardeon.pl\\\/wp-content\\\/uploads\\\/2020\\\/12\\\/GARDEON-foto-od-zakaznikov-140.jpg\",\"articleSection\":[\"Gara\u017ce blaszane\"],\"inLanguage\":\"pl-PL\",\"potentialAction\":[{\"@type\":\"CommentAction\",\"name\":\"Comment\",\"target\":[\"https:\\\/\\\/gardeon.pl\\\/pl\\\/blog\\\/poradnik-jak-posprzatac-garaz\\\/#respond\"]}]},{\"@type\":\"WebPage\",\"@id\":\"https:\\\/\\\/gardeon.pl\\\/pl\\\/blog\\\/poradnik-jak-posprzatac-garaz\\\/\",\"url\":\"https:\\\/\\\/gardeon.pl\\\/pl\\\/blog\\\/poradnik-jak-posprzatac-garaz\\\/\",\"name\":\"Poradnik: Jak posprz\u0105ta\u0107 gara\u017c - GARDEON\",\"isPartOf\":{\"@id\":\"https:\\\/\\\/gardeon.pl\\\/#website\"},\"primaryImageOfPage\":{\"@id\":\"https:\\\/\\\/gardeon.pl\\\/pl\\\/blog\\\/poradnik-jak-posprzatac-garaz\\\/#primaryimage\"},\"image\":{\"@id\":\"https:\\\/\\\/gardeon.pl\\\/pl\\\/blog\\\/poradnik-jak-posprzatac-garaz\\\/#primaryimage\"},\"thumbnailUrl\":\"https:\\\/\\\/gardeon.pl\\\/wp-content\\\/uploads\\\/2020\\\/12\\\/GARDEON-foto-od-zakaznikov-140.jpg\",\"datePublished\":\"2026-04-23T16:41:28+00:00\",\"author\":{\"@id\":\"https:\\\/\\\/gardeon.pl\\\/#\\\/schema\\\/person\\\/a5762ca5f0790bf92774af0899379463\"},\"breadcrumb\":{\"@id\":\"https:\\\/\\\/gardeon.pl\\\/pl\\\/blog\\\/poradnik-jak-posprzatac-garaz\\\/#breadcrumb\"},\"inLanguage\":\"pl-PL\",\"potentialAction\":[{\"@type\":\"ReadAction\",\"target\":[\"https:\\\/\\\/gardeon.pl\\\/pl\\\/blog\\\/poradnik-jak-posprzatac-garaz\\\/\"]}]},{\"@type\":\"ImageObject\",\"inLanguage\":\"pl-PL\",\"@id\":\"https:\\\/\\\/gardeon.pl\\\/pl\\\/blog\\\/poradnik-jak-posprzatac-garaz\\\/#primaryimage\",\"url\":\"https:\\\/\\\/gardeon.pl\\\/wp-content\\\/uploads\\\/2020\\\/12\\\/GARDEON-foto-od-zakaznikov-140.jpg\",\"contentUrl\":\"https:\\\/\\\/gardeon.pl\\\/wp-content\\\/uploads\\\/2020\\\/12\\\/GARDEON-foto-od-zakaznikov-140.jpg\",\"width\":1500,\"height\":1125,\"caption\":\"Szafki z pojemnikami wewn\u0105trz gara\u017cu\"},{\"@type\":\"BreadcrumbList\",\"@id\":\"https:\\\/\\\/gardeon.pl\\\/pl\\\/blog\\\/poradnik-jak-posprzatac-garaz\\\/#breadcrumb\",\"itemListElement\":[{\"@type\":\"ListItem\",\"position\":1,\"name\":\"Domov\",\"item\":\"https:\\\/\\\/gardeon.pl\\\/pl\\\/\"},{\"@type\":\"ListItem\",\"position\":2,\"name\":\"Poradnik: Jak posprz\u0105ta\u0107 gara\u017c\"}]},{\"@type\":\"WebSite\",\"@id\":\"https:\\\/\\\/gardeon.pl\\\/#website\",\"url\":\"https:\\\/\\\/gardeon.pl\\\/\",\"name\":\"GARDEON\",\"description\":\"\",\"potentialAction\":[{\"@type\":\"SearchAction\",\"target\":{\"@type\":\"EntryPoint\",\"urlTemplate\":\"https:\\\/\\\/gardeon.pl\\\/?s={search_term_string}\"},\"query-input\":{\"@type\":\"PropertyValueSpecification\",\"valueRequired\":true,\"valueName\":\"search_term_string\"}}],\"inLanguage\":\"pl-PL\"},{\"@type\":\"Person\",\"@id\":\"https:\\\/\\\/gardeon.pl\\\/#\\\/schema\\\/person\\\/a5762ca5f0790bf92774af0899379463\",\"name\":\"editor\",\"image\":{\"@type\":\"ImageObject\",\"inLanguage\":\"pl-PL\",\"@id\":\"https:\\\/\\\/secure.gravatar.com\\\/avatar\\\/2b748151c2c748327307fd289a91b3bdafdd9e64e2d000e65e53d6dcf11c5830?s=96&d=mm&r=g\",\"url\":\"https:\\\/\\\/secure.gravatar.com\\\/avatar\\\/2b748151c2c748327307fd289a91b3bdafdd9e64e2d000e65e53d6dcf11c5830?s=96&d=mm&r=g\",\"contentUrl\":\"https:\\\/\\\/secure.gravatar.com\\\/avatar\\\/2b748151c2c748327307fd289a91b3bdafdd9e64e2d000e65e53d6dcf11c5830?s=96&d=mm&r=g\",\"caption\":\"editor\"}}]}<\/script>\n<!-- \/ Yoast SEO plugin. -->","yoast_head_json":{"title":"Poradnik: Jak posprz\u0105ta\u0107 gara\u017c - GARDEON","robots":{"index":"index","follow":"follow","max-snippet":"max-snippet:-1","max-image-preview":"max-image-preview:large","max-video-preview":"max-video-preview:-1"},"canonical":"https:\/\/gardeon.pl\/pl\/blog\/poradnik-jak-posprzatac-garaz\/","og_locale":"pl_PL","og_type":"article","og_title":"Poradnik: Jak posprz\u0105ta\u0107 gara\u017c - GARDEON","og_description":"5 krok\u00f3w do perfekcyjnego porz\u0105dku i przejrzysto\u015bci w rzeczach.","og_url":"https:\/\/gardeon.pl\/pl\/blog\/poradnik-jak-posprzatac-garaz\/","og_site_name":"GARDEON","article_published_time":"2026-04-23T16:41:28+00:00","og_image":[{"width":1500,"height":1125,"url":"http:\/\/gardeon.pl\/wp-content\/uploads\/2020\/12\/GARDEON-foto-od-zakaznikov-140.jpg","type":"image\/jpeg"}],"author":"editor","twitter_card":"summary_large_image","twitter_misc":{"Napisane przez":"editor","Szacowany czas czytania":"5 minut"},"schema":{"@context":"https:\/\/schema.org","@graph":[{"@type":"Article","@id":"https:\/\/gardeon.pl\/pl\/blog\/poradnik-jak-posprzatac-garaz\/#article","isPartOf":{"@id":"https:\/\/gardeon.pl\/pl\/blog\/poradnik-jak-posprzatac-garaz\/"},"author":{"name":"editor","@id":"https:\/\/gardeon.pl\/#\/schema\/person\/a5762ca5f0790bf92774af0899379463"},"headline":"Poradnik: Jak posprz\u0105ta\u0107 gara\u017c","datePublished":"2026-04-23T16:41:28+00:00","mainEntityOfPage":{"@id":"https:\/\/gardeon.pl\/pl\/blog\/poradnik-jak-posprzatac-garaz\/"},"wordCount":998,"commentCount":0,"image":{"@id":"https:\/\/gardeon.pl\/pl\/blog\/poradnik-jak-posprzatac-garaz\/#primaryimage"},"thumbnailUrl":"https:\/\/gardeon.pl\/wp-content\/uploads\/2020\/12\/GARDEON-foto-od-zakaznikov-140.jpg","articleSection":["Gara\u017ce blaszane"],"inLanguage":"pl-PL","potentialAction":[{"@type":"CommentAction","name":"Comment","target":["https:\/\/gardeon.pl\/pl\/blog\/poradnik-jak-posprzatac-garaz\/#respond"]}]},{"@type":"WebPage","@id":"https:\/\/gardeon.pl\/pl\/blog\/poradnik-jak-posprzatac-garaz\/","url":"https:\/\/gardeon.pl\/pl\/blog\/poradnik-jak-posprzatac-garaz\/","name":"Poradnik: Jak posprz\u0105ta\u0107 gara\u017c - GARDEON","isPartOf":{"@id":"https:\/\/gardeon.pl\/#website"},"primaryImageOfPage":{"@id":"https:\/\/gardeon.pl\/pl\/blog\/poradnik-jak-posprzatac-garaz\/#primaryimage"},"image":{"@id":"https:\/\/gardeon.pl\/pl\/blog\/poradnik-jak-posprzatac-garaz\/#primaryimage"},"thumbnailUrl":"https:\/\/gardeon.pl\/wp-content\/uploads\/2020\/12\/GARDEON-foto-od-zakaznikov-140.jpg","datePublished":"2026-04-23T16:41:28+00:00","author":{"@id":"https:\/\/gardeon.pl\/#\/schema\/person\/a5762ca5f0790bf92774af0899379463"},"breadcrumb":{"@id":"https:\/\/gardeon.pl\/pl\/blog\/poradnik-jak-posprzatac-garaz\/#breadcrumb"},"inLanguage":"pl-PL","potentialAction":[{"@type":"ReadAction","target":["https:\/\/gardeon.pl\/pl\/blog\/poradnik-jak-posprzatac-garaz\/"]}]},{"@type":"ImageObject","inLanguage":"pl-PL","@id":"https:\/\/gardeon.pl\/pl\/blog\/poradnik-jak-posprzatac-garaz\/#primaryimage","url":"https:\/\/gardeon.pl\/wp-content\/uploads\/2020\/12\/GARDEON-foto-od-zakaznikov-140.jpg","contentUrl":"https:\/\/gardeon.pl\/wp-content\/uploads\/2020\/12\/GARDEON-foto-od-zakaznikov-140.jpg","width":1500,"height":1125,"caption":"Szafki z pojemnikami wewn\u0105trz gara\u017cu"},{"@type":"BreadcrumbList","@id":"https:\/\/gardeon.pl\/pl\/blog\/poradnik-jak-posprzatac-garaz\/#breadcrumb","itemListElement":[{"@type":"ListItem","position":1,"name":"Domov","item":"https:\/\/gardeon.pl\/pl\/"},{"@type":"ListItem","position":2,"name":"Poradnik: Jak posprz\u0105ta\u0107 gara\u017c"}]},{"@type":"WebSite","@id":"https:\/\/gardeon.pl\/#website","url":"https:\/\/gardeon.pl\/","name":"GARDEON","description":"","potentialAction":[{"@type":"SearchAction","target":{"@type":"EntryPoint","urlTemplate":"https:\/\/gardeon.pl\/?s={search_term_string}"},"query-input":{"@type":"PropertyValueSpecification","valueRequired":true,"valueName":"search_term_string"}}],"inLanguage":"pl-PL"},{"@type":"Person","@id":"https:\/\/gardeon.pl\/#\/schema\/person\/a5762ca5f0790bf92774af0899379463","name":"editor","image":{"@type":"ImageObject","inLanguage":"pl-PL","@id":"https:\/\/secure.gravatar.com\/avatar\/2b748151c2c748327307fd289a91b3bdafdd9e64e2d000e65e53d6dcf11c5830?s=96&d=mm&r=g","url":"https:\/\/secure.gravatar.com\/avatar\/2b748151c2c748327307fd289a91b3bdafdd9e64e2d000e65e53d6dcf11c5830?s=96&d=mm&r=g","contentUrl":"https:\/\/secure.gravatar.com\/avatar\/2b748151c2c748327307fd289a91b3bdafdd9e64e2d000e65e53d6dcf11c5830?s=96&d=mm&r=g","caption":"editor"}}]}},"_links":{"self":[{"href":"https:\/\/gardeon.pl\/pl\/wp-json\/wp\/v2\/posts\/47727","targetHints":{"allow":["GET"]}}],"collection":[{"href":"https:\/\/gardeon.pl\/pl\/wp-json\/wp\/v2\/posts"}],"about":[{"href":"https:\/\/gardeon.pl\/pl\/wp-json\/wp\/v2\/types\/post"}],"author":[{"embeddable":true,"href":"https:\/\/gardeon.pl\/pl\/wp-json\/wp\/v2\/users\/2"}],"replies":[{"embeddable":true,"href":"https:\/\/gardeon.pl\/pl\/wp-json\/wp\/v2\/comments?post=47727"}],"version-history":[{"count":0,"href":"https:\/\/gardeon.pl\/pl\/wp-json\/wp\/v2\/posts\/47727\/revisions"}],"wp:featuredmedia":[{"embeddable":true,"href":"https:\/\/gardeon.pl\/pl\/wp-json\/wp\/v2\/media\/46942"}],"wp:attachment":[{"href":"https:\/\/gardeon.pl\/pl\/wp-json\/wp\/v2\/media?parent=47727"}],"wp:term":[{"taxonomy":"category","embeddable":true,"href":"https:\/\/gardeon.pl\/pl\/wp-json\/wp\/v2\/categories?post=47727"},{"taxonomy":"post_tag","embeddable":true,"href":"https:\/\/gardeon.pl\/pl\/wp-json\/wp\/v2\/tags?post=47727"}],"curies":[{"name":"wp","href":"https:\/\/api.w.org\/{rel}","templated":true}]}}