{"id":47729,"date":"2026-04-23T18:41:29","date_gmt":"2026-04-23T16:41:29","guid":{"rendered":"https:\/\/gardeon.pl\/?p=47729"},"modified":"2026-04-23T18:41:29","modified_gmt":"2026-04-23T16:41:29","slug":"na-co-zwrocic-uwage-przy-wyborze-bramy-garazowej","status":"publish","type":"post","link":"https:\/\/gardeon.pl\/pl\/blog\/na-co-zwrocic-uwage-przy-wyborze-bramy-garazowej\/","title":{"rendered":"Na co zwr\u00f3ci\u0107 uwag\u0119 przy wyborze bramy gara\u017cowej"},"content":{"rendered":"<p><em>Szukaj\u0105c najbardziej odpowiedniej bramy do gara\u017cu, wi\u0119kszo\u015b\u0107 z nas skupia si\u0119 g\u0142\u00f3wnie na wygl\u0105dzie i cenie. Oczywi\u015bcie obie te kwestie s\u0105 wa\u017cne, istniej\u0105 jednak inne istotne fakty, kt\u00f3re nale\u017cy wzi\u0105\u0107 pod uwag\u0119. Jak zatem wybra\u0107 w\u0142a\u015bciw\u0105 bram\u0119 gara\u017cow\u0105? Najpierw nale\u017cy rozwa\u017cy\u0107 odpowiedni typ, wygl\u0105d i wyposa\u017cenie, a nast\u0119pnie wybra\u0107 dostawc\u0119, kt\u00f3rego oferta, podej\u015bcie i cena Pa\u0144stwu odpowiadaj\u0105, i dopracowa\u0107 z nim szczeg\u00f3\u0142y. A na co przy tym wszystkim nale\u017cy uwa\u017ca\u0107?    <\/em><\/p>\n<h2><b>Odpowiedni typ<\/b><\/h2>\n<p>Obecnie w ofercie znajduje si\u0119 kilka typ\u00f3w bram gara\u017cowych, z kt\u00f3rych ka\u017cdy ma swoj\u0105 specyfik\u0119 \u2013 ka\u017cdy typ ma na przyk\u0142ad inne wymagania dotycz\u0105ce przestrzeni przy otwieraniu, kt\u00f3ra jest potrzebna przed <a href=\"https:\/\/gardeon.pl\/pl\/garaze\/\">gara\u017cem<\/a> lub pod sufitem, przy ka\u017cdym typie s\u0105 inne wymagania dotycz\u0105ce otworu monta\u017cowego czy wysoko\u015bci nadpro\u017ca (przestrze\u0144 nad otworem bramy). Wymagania dotycz\u0105ce wymiar\u00f3w i przygotowania budowlanego nale\u017cy wcze\u015bniej wyja\u015bni\u0107 z dostawc\u0105. Z jakich typ\u00f3w bram gara\u017cowych mog\u0105 Pa\u0144stwo wybiera\u0107?  <\/p>\n<ul>\n<li><b>Dwuskrzyd\u0142owe <\/b>bramy gara\u017cowe to klasyka, kt\u00f3ra pasuje szczeg\u00f3lnie do tradycyjnej architektury. Nale\u017cy przy nich liczy\u0107 si\u0119 z dostateczn\u0105 przestrzeni\u0105 przed gara\u017cem, kt\u00f3ra jest niezb\u0119dna do ruchu skrzyde\u0142 drzwiowych. Te jednak w og\u00f3le nie ingeruj\u0105 wewn\u0105trz gara\u017cu, co w niekt\u00f3rych przypadkach mo\u017ce by\u0107 zalet\u0105. Osoby szukaj\u0105ce prawdziwej klasyki ucieszy fakt, \u017ce jako jedne z nielicznych bywaj\u0105 dost\u0119pne r\u00f3wnie\u017c w wersji z litego drewna.   <\/li>\n<\/ul>\n<p><img loading=\"lazy\" decoding=\"async\" class=\"aligncenter wp-image-22881\" src=\"http:\/\/gardeon.pl\/wp-content\/uploads\/2020\/01\/bran.jpg\" alt=\"Dwuskrzyd\u0142owa brama gara\u017cowa\" width=\"800\" height=\"644\" srcset=\"https:\/\/gardeon.pl\/wp-content\/uploads\/2020\/01\/bran.jpg 1000w, https:\/\/gardeon.pl\/wp-content\/uploads\/2020\/01\/bran-300x242.jpg 300w, https:\/\/gardeon.pl\/wp-content\/uploads\/2020\/01\/bran-768x618.jpg 768w\" sizes=\"auto, (max-width: 800px) 100vw, 800px\" \/><\/p>\n<ul>\n<li><b>Uchylne <\/b>bramy gara\u017cowe stanowi\u0105 proste, ale niezawodne i bezpieczne rozwi\u0105zanie, kt\u00f3re zazwyczaj wi\u0105\u017ce si\u0119 z korzystn\u0105 cen\u0105. R\u00f3wnie\u017c tutaj potrzebna jest wystarczaj\u0105ca przestrze\u0144 do otwierania, i to nie tylko przed gara\u017cem, ale tak\u017ce pod jego sufitem. <\/li>\n<\/ul>\n<p><img loading=\"lazy\" decoding=\"async\" class=\"aligncenter size-full wp-image-27950\" src=\"http:\/\/gardeon.pl\/wp-content\/uploads\/2020\/09\/GARDEON-foto-od-zakaznikov-41.jpg\" alt=\"Wn\u0119trze magazynu montowanego\" width=\"800\" height=\"600\" srcset=\"https:\/\/gardeon.pl\/wp-content\/uploads\/2020\/09\/GARDEON-foto-od-zakaznikov-41.jpg 800w, https:\/\/gardeon.pl\/wp-content\/uploads\/2020\/09\/GARDEON-foto-od-zakaznikov-41-300x225.jpg 300w, https:\/\/gardeon.pl\/wp-content\/uploads\/2020\/09\/GARDEON-foto-od-zakaznikov-41-768x576.jpg 768w\" sizes=\"auto, (max-width: 800px) 100vw, 800px\" \/><\/p>\n<ul>\n<li><b>Rolowane <\/b>bramy gara\u017cowe<b> <\/b>s\u0105 idealne w przypadku braku miejsca \u2013 podczas otwierania zwijaj\u0105 si\u0119 do kasety nad otworem, podobnie jak rolety okienne, dzi\u0119ki czemu nie wymagaj\u0105 \u017cadnego miejsca przed gara\u017cem ani pod sufitem, wystarczy odpowiednia wysoko\u015b\u0107 otworu lub samego gara\u017cu.<\/li>\n<\/ul>\n<p><img loading=\"lazy\" decoding=\"async\" class=\"aligncenter wp-image-6452\" src=\"http:\/\/gardeon.pl\/wp-content\/uploads\/2016\/04\/gar%C3%A1%C5%BEov%C3%A1-br%C3%A1na.jpg\" alt=\"Brama gara\u017cowa rolowana H\u00f6rmann\" width=\"800\" height=\"411\" data-wp-editing=\"1\"><\/p>\n<ul>\n<li><b>Segmentowe <\/b>\u2013 pod t\u0105 nazw\u0105 znajd\u0105 Pa\u0144stwo bramy gara\u017cowe podzielone na segmenty (poziome lub pionowe), kt\u00f3re podczas otwierania stopniowo przesuwaj\u0105 si\u0119 pod sufit lub na \u015bcian\u0119 gara\u017cu (te nazywane s\u0105 r\u00f3wnie\u017c bocznymi). Bramy segmentowe s\u0105 zdecydowanie najpopularniejszym typem, poniewa\u017c oferuj\u0105 wysoki komfort, bezpiecze\u0144stwo oraz elegancki wygl\u0105d. <\/li>\n<\/ul>\n<p><img loading=\"lazy\" decoding=\"async\" class=\"aligncenter wp-image-27767\" src=\"http:\/\/gardeon.pl\/wp-content\/uploads\/2020\/08\/GARDEON-foto-od-zakaznikov-23.jpg\" alt=\"Gara\u017c na dwa samochody z p\u0142askim dachem\" width=\"800\" height=\"379\" srcset=\"https:\/\/gardeon.pl\/wp-content\/uploads\/2020\/08\/GARDEON-foto-od-zakaznikov-23.jpg 1352w, https:\/\/gardeon.pl\/wp-content\/uploads\/2020\/08\/GARDEON-foto-od-zakaznikov-23-300x142.jpg 300w, https:\/\/gardeon.pl\/wp-content\/uploads\/2020\/08\/GARDEON-foto-od-zakaznikov-23-1024x485.jpg 1024w, https:\/\/gardeon.pl\/wp-content\/uploads\/2020\/08\/GARDEON-foto-od-zakaznikov-23-768x364.jpg 768w\" sizes=\"auto, (max-width: 800px) 100vw, 800px\" \/><\/p>\n<h2><b>Wygl\u0105d i materia\u0142<\/b><\/h2>\n<p>Wi\u0119kszo\u015b\u0107 bram gara\u017cowych wykonana jest z blachy stalowej. Mo\u017ce ona mie\u0107 r\u00f3\u017cn\u0105 grubo\u015b\u0107, jednak istotna r\u00f3\u017cnica polega r\u00f3wnie\u017c na tym, czy brama jest ocieplona, czy nie. <a href=\"http:\/\/gardeon.pl\/garaze\/prislusenstvo\/strecha\/\">Ocieplona brama gara\u017cowa<\/a> jest wskazana w przypadku, gdy gara\u017c jest cz\u0119\u015bci\u0105 domu jednorodzinnego lub gdy jest to gara\u017c izolowany. Opr\u00f3cz tego, \u017ce izolacja termiczna ogranicza straty ciep\u0142a przez powierzchni\u0119 bramy, zwi\u0119ksza ona r\u00f3wnie\u017c sztywno\u015b\u0107, a tym samym odporno\u015b\u0107 segment\u00f3w bram segmentowych.  <\/p>\n<p><a href=\"http:\/\/gardeon.pl\/wp-content\/uploads\/2019\/09\/GARDEON-izolovana-garaz-1-e1602064689220.jpg\"><img loading=\"lazy\" decoding=\"async\" class=\"aligncenter wp-image-20916\" src=\"http:\/\/gardeon.pl\/wp-content\/uploads\/2019\/09\/GARDEON-izolovana-garaz-1-e1602064689220.jpg\" alt=\"Wn\u0119trze izolowanego gara\u017cu GARDEON\" width=\"800\" height=\"601\"><\/a><\/p>\n<p>Szczeg\u00f3lnie je\u015bli gara\u017c jest cz\u0119\u015bci\u0105 domu jednorodzinnego, nale\u017cy dopasowa\u0107 bram\u0119 gara\u017cow\u0105 do pozosta\u0142ych element\u00f3w \u2013 ram okiennych i drzwi, ewentualnie do odcienia dachu itp. Dlatego dobrze jest rozwa\u017cy\u0107 wszystkie te detale w tym samym czasie. <\/p>\n<p><img loading=\"lazy\" decoding=\"async\" class=\"aligncenter wp-image-28927\" src=\"http:\/\/gardeon.pl\/wp-content\/uploads\/2020\/10\/gardeon-garaz-pre-dve-auta-110.jpg\" alt=\"Jasny gara\u017c na dwa samochody z uchylonymi drzwiami\" width=\"800\" height=\"533\" srcset=\"https:\/\/gardeon.pl\/wp-content\/uploads\/2020\/10\/gardeon-garaz-pre-dve-auta-110.jpg 2000w, https:\/\/gardeon.pl\/wp-content\/uploads\/2020\/10\/gardeon-garaz-pre-dve-auta-110-300x200.jpg 300w, https:\/\/gardeon.pl\/wp-content\/uploads\/2020\/10\/gardeon-garaz-pre-dve-auta-110-1024x682.jpg 1024w, https:\/\/gardeon.pl\/wp-content\/uploads\/2020\/10\/gardeon-garaz-pre-dve-auta-110-768x512.jpg 768w, https:\/\/gardeon.pl\/wp-content\/uploads\/2020\/10\/gardeon-garaz-pre-dve-auta-110-1536x1024.jpg 1536w\" sizes=\"auto, (max-width: 800px) 100vw, 800px\" \/><\/p>\n<p>W ofercie znajd\u0105 Pa\u0144stwo obecnie naprawd\u0119 du\u017c\u0105 liczb\u0119 typ\u00f3w i dekor\u00f3w, najcz\u0119\u015bciej imitacji r\u00f3\u017cnych rodzaj\u00f3w drewna, ale tak\u017ce nowoczesnych odcieni kolorystycznych, dzi\u0119ki czemu ka\u017cdy mo\u017ce wybra\u0107 wed\u0142ug w\u0142asnego gustu, tak aby gara\u017c wsp\u00f3\u0142gra\u0142 ze stylem domu lub otoczeniem. Prosz\u0119 jednak liczy\u0107 si\u0119 z tym, \u017ce rozwa\u017cenie r\u00f3\u017cnych opcji zajmie Pa\u0144stwu troch\u0119 czasu. <\/p>\n<h2><b>Wygoda i bezpiecze\u0144stwo<\/b><\/h2>\n<p>Maksymalny komfort podczas obs\u0142ugi bramy gara\u017cowej pomo\u017ce Pa\u0144stwu osi\u0105gn\u0105\u0107 nap\u0119d oraz <a href=\"https:\/\/www.diamat.sk\/hormann-brany\/blog\/dialkove-ovladanie-hrmann-maly-velky-zazrak\">zdalne sterowanie<\/a>. W przypadku nap\u0119du wa\u017cna jest zar\u00f3wno odpowiednia moc, dostosowana do wielko\u015bci i ci\u0119\u017caru bramy, jak i cicha praca. <\/p>\n<p><img loading=\"lazy\" decoding=\"async\" class=\"aligncenter wp-image-24111\" src=\"http:\/\/gardeon.pl\/wp-content\/uploads\/2020\/03\/Hormann-brana-detail-3-scaled.jpg\" alt=\"Mocowanie silnika H\u00f6rmann ProLift\" width=\"800\" height=\"600\" srcset=\"https:\/\/gardeon.pl\/wp-content\/uploads\/2020\/03\/Hormann-brana-detail-3-scaled.jpg 2560w, https:\/\/gardeon.pl\/wp-content\/uploads\/2020\/03\/Hormann-brana-detail-3-300x225.jpg 300w, https:\/\/gardeon.pl\/wp-content\/uploads\/2020\/03\/Hormann-brana-detail-3-1024x768.jpg 1024w, https:\/\/gardeon.pl\/wp-content\/uploads\/2020\/03\/Hormann-brana-detail-3-768x576.jpg 768w, https:\/\/gardeon.pl\/wp-content\/uploads\/2020\/03\/Hormann-brana-detail-3-1536x1152.jpg 1536w, https:\/\/gardeon.pl\/wp-content\/uploads\/2020\/03\/Hormann-brana-detail-3-2048x1536.jpg 2048w\" sizes=\"auto, (max-width: 800px) 100vw, 800px\" \/><\/p>\n<p>Do wygodnego zdalnego sterowania mo\u017cna wykorzysta\u0107 nie tylko r\u00f3\u017cne typy pilot\u00f3w, czyli nadajnik\u00f3w r\u0119cznych, dost\u0119pne s\u0105 r\u00f3wnie\u017c aplikacje, za pomoc\u0105 kt\u00f3rych mo\u017cna sterowa\u0107 bram\u0105 gara\u017cow\u0105 przez internet, na przyk\u0142ad za pomoc\u0105 smartfona. Bram\u0119 gara\u017cow\u0105 mo\u017cna jednak otworzy\u0107 r\u00f3wnie\u017c mrugaj\u0105c \u015bwiat\u0142ami drogowymi \u2013 zadba o to odbiornik umieszczony na bramie i nadajnik zainstalowany w samochodzie. Aby takie sterowanie by\u0142o bezpieczne, komunikacja mi\u0119dzy nadajnikiem a odbiornikiem jest chroniona tzw. kodem dynamicznym, kt\u00f3ry zmienia si\u0119 przy ka\u017cdym otwarciu. Dzi\u0119ki temu nikt nie mo\u017ce pozna\u0107 i nadu\u017cy\u0107 Pa\u0144stwa kodu.    <\/p>\n<p><img loading=\"lazy\" decoding=\"async\" class=\"aligncenter wp-image-24107\" src=\"http:\/\/gardeon.pl\/wp-content\/uploads\/2020\/03\/Hormann-brana-detail-1-scaled.jpg\" alt=\"Pilot H\u00f6rmann przed bram\u0105 gara\u017cow\u0105\" width=\"800\" height=\"600\" srcset=\"https:\/\/gardeon.pl\/wp-content\/uploads\/2020\/03\/Hormann-brana-detail-1-scaled.jpg 2560w, https:\/\/gardeon.pl\/wp-content\/uploads\/2020\/03\/Hormann-brana-detail-1-300x225.jpg 300w, https:\/\/gardeon.pl\/wp-content\/uploads\/2020\/03\/Hormann-brana-detail-1-1024x768.jpg 1024w, https:\/\/gardeon.pl\/wp-content\/uploads\/2020\/03\/Hormann-brana-detail-1-768x576.jpg 768w, https:\/\/gardeon.pl\/wp-content\/uploads\/2020\/03\/Hormann-brana-detail-1-1536x1152.jpg 1536w, https:\/\/gardeon.pl\/wp-content\/uploads\/2020\/03\/Hormann-brana-detail-1-2048x1536.jpg 2048w\" sizes=\"auto, (max-width: 800px) 100vw, 800px\" \/><\/p>\n<p>I tutaj dochodzimy do bezpiecze\u0144stwa, kt\u00f3re w przypadku bram gara\u017cowych jest niezwykle wa\u017cne. Renomowani producenci potrafi\u0105 wyposa\u017cy\u0107 swoje bramy w r\u00f3\u017cne elementy bezpiecze\u0144stwa, kt\u00f3re chroni\u0105 nie tylko przed kradzie\u017c\u0105 czy w\u0142amaniem, ale tak\u017ce zapobiegaj\u0105 wypadkom \u2013 je\u015bli na przyk\u0142ad podczas zamykania czujnik wykryje na drodze bramy jaki\u015b przedmiot lub osob\u0119, zatrzyma jej ruch lub zmieni jego kierunek. Prosz\u0119 zatem nie zapomnie\u0107 zapyta\u0107 dostawcy o elementy bezpiecze\u0144stwa, w kt\u00f3re b\u0119dzie wyposa\u017cona brama gara\u017cowa.  <\/p>\n<h2><b>Cena<\/b><\/h2>\n<p>Cena jest oczywi\u015bcie wa\u017cna, ale prosz\u0119 pami\u0119ta\u0107, \u017ce bramy gara\u017cowej b\u0119d\u0105 Pa\u0144stwo u\u017cywa\u0107 codziennie i z pewno\u015bci\u0105 nie b\u0119d\u0105 Pa\u0144stwo zadowoleni, je\u015bli nie b\u0119dzie ona dzia\u0142a\u0107 bezproblemowo. Warto zatem rozwa\u017cy\u0107 odpowiedni stosunek ceny do jako\u015bci. Cen\u0119 bramy gara\u017cowej mo\u017ce podnie\u015b\u0107 na przyk\u0142ad nietypowy wymiar lub niestandardowe modyfikacje, dlatego dobrze jest najpierw wybra\u0107 konkretny typ bramy i do niego dostosowa\u0107 wymiary gara\u017cu lub otworu oraz przygotowanie budowlane.  <\/p>\n<p><img loading=\"lazy\" decoding=\"async\" class=\"aligncenter wp-image-23275\" src=\"http:\/\/gardeon.pl\/wp-content\/uploads\/2020\/02\/gardeon-garaz-pre-dve-auta-49.jpg\" alt=\"Gara\u017c GARDEON na dwa samochody w be\u017cowym tynku\" width=\"800\" height=\"533\" srcset=\"https:\/\/gardeon.pl\/wp-content\/uploads\/2020\/02\/gardeon-garaz-pre-dve-auta-49.jpg 1595w, https:\/\/gardeon.pl\/wp-content\/uploads\/2020\/02\/gardeon-garaz-pre-dve-auta-49-300x200.jpg 300w, https:\/\/gardeon.pl\/wp-content\/uploads\/2020\/02\/gardeon-garaz-pre-dve-auta-49-1024x682.jpg 1024w, https:\/\/gardeon.pl\/wp-content\/uploads\/2020\/02\/gardeon-garaz-pre-dve-auta-49-768x512.jpg 768w, https:\/\/gardeon.pl\/wp-content\/uploads\/2020\/02\/gardeon-garaz-pre-dve-auta-49-1536x1024.jpg 1536w\" sizes=\"auto, (max-width: 800px) 100vw, 800px\" \/><\/p>\n<p>Ponadto kwota, kt\u00f3r\u0105 ostatecznie zap\u0142ac\u0105 Pa\u0144stwo za bram\u0119 gara\u017cow\u0105, obejmuje nie tylko sam produkt, ale tak\u017ce cen\u0119 element\u00f3w opcjonalnych, takich jak nap\u0119d czy sterowanie, a tak\u017ce monta\u017c. Nie wystarczy zatem przejrze\u0107 cenniki na stronach internetowych, nale\u017cy por\u00f3wna\u0107 ceny ca\u0142kowite. Najlepiej poprosi\u0107 o konkretn\u0105 ofert\u0119 cenow\u0105 od dostawcy, kt\u00f3ry mo\u017ce przygotowa\u0107 \u201epakiet\u201d dostosowany do Pa\u0144stwa potrzeb lub bud\u017cetu.  <\/p>\n<p><img loading=\"lazy\" decoding=\"async\" class=\"aligncenter wp-image-28961\" src=\"http:\/\/gardeon.pl\/wp-content\/uploads\/2020\/10\/gardeon-garaz-pre-jedno-auto-141.jpg\" alt=\"Gara\u017c na jeden samoch\u00f3d przy ceglanym p\u0142ocie z prawej strony\" width=\"800\" height=\"533\" srcset=\"https:\/\/gardeon.pl\/wp-content\/uploads\/2020\/10\/gardeon-garaz-pre-jedno-auto-141.jpg 2000w, https:\/\/gardeon.pl\/wp-content\/uploads\/2020\/10\/gardeon-garaz-pre-jedno-auto-141-300x200.jpg 300w, https:\/\/gardeon.pl\/wp-content\/uploads\/2020\/10\/gardeon-garaz-pre-jedno-auto-141-1024x682.jpg 1024w, https:\/\/gardeon.pl\/wp-content\/uploads\/2020\/10\/gardeon-garaz-pre-jedno-auto-141-768x512.jpg 768w, https:\/\/gardeon.pl\/wp-content\/uploads\/2020\/10\/gardeon-garaz-pre-jedno-auto-141-1536x1024.jpg 1536w\" sizes=\"auto, (max-width: 800px) 100vw, 800px\" \/><\/p>\n<p>Oczywi\u015bcie podstaw\u0105 rzetelnej oferty jest zawsze produkt wysokiej jako\u015bci, dlatego w naszej firmie postawili\u015bmy na bramy gara\u017cowe niezawodnej niemieckiej marki H\u00f6rmann, kt\u00f3ra gwarantuje najwy\u017csz\u0105 jako\u015b\u0107 swoich wyrob\u00f3w. Aby jednocze\u015bnie m\u00f3c zaoferowa\u0107 je w korzystnych cenach, wybrali\u015bmy dwa najpopularniejsze typy bram gara\u017cowych \u2013 uchylne, w przypadku kt\u00f3rych przy wysokiej jako\u015bci mo\u017cna osi\u0105gn\u0105\u0107 bardzo korzystn\u0105 cen\u0119, oraz segmentowe, kt\u00f3re zapewniaj\u0105 najwy\u017cszy komfort po\u0142\u0105czony z bezpiecze\u0144stwem, eleganckim wygl\u0105dem i dobr\u0105 izolacyjno\u015bci\u0105 termiczn\u0105. <\/p>\n<h2><b>Niezawodny dostawca<\/b><\/h2>\n<p>Bramy gara\u017cowe renomowanych producent\u00f3w, do kt\u00f3rych nale\u017cy marka H\u00f6rmann, znajd\u0105 Pa\u0144stwo w ofercie wielu dostawc\u00f3w. Jednak r\u00f3wnie wa\u017cny jak produkt wysokiej jako\u015bci jest jego profesjonalny i fachowy monta\u017c, a ten powinien gwarantowa\u0107 rzetelny dostawca, posiadaj\u0105cy przeszkolonych i wykwalifikowanych pracownik\u00f3w. Zanim podejm\u0105 Pa\u0144stwo ostateczn\u0105 decyzj\u0119, warto sprawdzi\u0107 referencje. Prosz\u0119 r\u00f3wnie\u017c zwr\u00f3ci\u0107 uwag\u0119 na czas dostawy i spos\u00f3b komunikacji \u2013 to w\u0142a\u015bnie z dostawc\u0105 b\u0119d\u0105 Pa\u0144stwo ustala\u0107 konkretne parametry techniczne, terminy, us\u0142ugi czy gwarancj\u0119.   <\/p>\n","protected":false},"excerpt":{"rendered":"<p>Szukaj\u0105c najbardziej odpowiedniej bramy do gara\u017cu, wi\u0119kszo\u015b\u0107 z nas skupia si\u0119 g\u0142\u00f3wnie na wygl\u0105dzie i cenie. Oczywi\u015bcie obie te kwestie s\u0105 wa\u017cne, istniej\u0105 jednak inne istotne fakty, kt\u00f3re nale\u017cy wzi\u0105\u0107 pod uwag\u0119. Jak zatem wybra\u0107 w\u0142a\u015bciw\u0105 bram\u0119 gara\u017cow\u0105? Najpierw nale\u017cy rozwa\u017cy\u0107 odpowiedni typ, wygl\u0105d i wyposa\u017cenie, a nast\u0119pnie wybra\u0107 dostawc\u0119, kt\u00f3rego oferta, podej\u015bcie i cena [&hellip;]<\/p>\n","protected":false},"author":2,"featured_media":46848,"comment_status":"open","ping_status":"open","sticky":false,"template":"","format":"standard","meta":{"_acf_changed":false,"inline_featured_image":false,"footnotes":""},"categories":[578],"tags":[587,581,582,579],"class_list":["post-47729","post","type-post","status-publish","format-standard","has-post-thumbnail","hentry","category-garaze-blaszane","tag-brama-garazowa","tag-garaz","tag-garaz-gardeon","tag-gardeon"],"acf":[],"yoast_head":"<!-- This site is optimized with the Yoast SEO plugin v27.4 - https:\/\/yoast.com\/product\/yoast-seo-wordpress\/ -->\n<title>Na co zwr\u00f3ci\u0107 uwag\u0119 przy wyborze bramy gara\u017cowej - GARDEON<\/title>\n<meta name=\"robots\" content=\"index, follow, max-snippet:-1, max-image-preview:large, max-video-preview:-1\" \/>\n<link rel=\"canonical\" href=\"https:\/\/gardeon.pl\/pl\/blog\/na-co-zwrocic-uwage-przy-wyborze-bramy-garazowej\/\" \/>\n<meta property=\"og:locale\" content=\"pl_PL\" \/>\n<meta property=\"og:type\" content=\"article\" \/>\n<meta property=\"og:title\" content=\"Na co zwr\u00f3ci\u0107 uwag\u0119 przy wyborze bramy gara\u017cowej - GARDEON\" \/>\n<meta property=\"og:description\" content=\"Szukaj\u0105c najbardziej odpowiedniej bramy do gara\u017cu, wi\u0119kszo\u015b\u0107 z nas skupia si\u0119 g\u0142\u00f3wnie na wygl\u0105dzie i cenie. Oczywi\u015bcie obie te kwestie s\u0105 wa\u017cne, istniej\u0105 jednak inne istotne fakty, kt\u00f3re nale\u017cy wzi\u0105\u0107 pod uwag\u0119. Jak zatem wybra\u0107 w\u0142a\u015bciw\u0105 bram\u0119 gara\u017cow\u0105? Najpierw nale\u017cy rozwa\u017cy\u0107 odpowiedni typ, wygl\u0105d i wyposa\u017cenie, a nast\u0119pnie wybra\u0107 dostawc\u0119, kt\u00f3rego oferta, podej\u015bcie i cena [&hellip;]\" \/>\n<meta property=\"og:url\" content=\"https:\/\/gardeon.pl\/pl\/blog\/na-co-zwrocic-uwage-przy-wyborze-bramy-garazowej\/\" \/>\n<meta property=\"og:site_name\" content=\"GARDEON\" \/>\n<meta property=\"article:published_time\" content=\"2026-04-23T16:41:29+00:00\" \/>\n<meta property=\"og:image\" content=\"http:\/\/gardeon.pl\/wp-content\/uploads\/2020\/10\/GARDEON-foto-od-zakaznikov-93.png\" \/>\n\t<meta property=\"og:image:width\" content=\"1079\" \/>\n\t<meta property=\"og:image:height\" content=\"791\" \/>\n\t<meta property=\"og:image:type\" content=\"image\/png\" \/>\n<meta name=\"author\" content=\"editor\" \/>\n<meta name=\"twitter:card\" content=\"summary_large_image\" \/>\n<meta name=\"twitter:label1\" content=\"Napisane przez\" \/>\n\t<meta name=\"twitter:data1\" content=\"editor\" \/>\n\t<meta name=\"twitter:label2\" content=\"Szacowany czas czytania\" \/>\n\t<meta name=\"twitter:data2\" content=\"6 minut\" \/>\n<script type=\"application\/ld+json\" class=\"yoast-schema-graph\">{\"@context\":\"https:\\\/\\\/schema.org\",\"@graph\":[{\"@type\":\"Article\",\"@id\":\"https:\\\/\\\/gardeon.pl\\\/pl\\\/blog\\\/na-co-zwrocic-uwage-przy-wyborze-bramy-garazowej\\\/#article\",\"isPartOf\":{\"@id\":\"https:\\\/\\\/gardeon.pl\\\/pl\\\/blog\\\/na-co-zwrocic-uwage-przy-wyborze-bramy-garazowej\\\/\"},\"author\":{\"name\":\"editor\",\"@id\":\"https:\\\/\\\/gardeon.pl\\\/#\\\/schema\\\/person\\\/a5762ca5f0790bf92774af0899379463\"},\"headline\":\"Na co zwr\u00f3ci\u0107 uwag\u0119 przy wyborze bramy gara\u017cowej\",\"datePublished\":\"2026-04-23T16:41:29+00:00\",\"mainEntityOfPage\":{\"@id\":\"https:\\\/\\\/gardeon.pl\\\/pl\\\/blog\\\/na-co-zwrocic-uwage-przy-wyborze-bramy-garazowej\\\/\"},\"wordCount\":1191,\"commentCount\":0,\"image\":{\"@id\":\"https:\\\/\\\/gardeon.pl\\\/pl\\\/blog\\\/na-co-zwrocic-uwage-przy-wyborze-bramy-garazowej\\\/#primaryimage\"},\"thumbnailUrl\":\"https:\\\/\\\/gardeon.pl\\\/wp-content\\\/uploads\\\/2020\\\/10\\\/GARDEON-foto-od-zakaznikov-93.png\",\"keywords\":[\"brama gara\u017cowa\",\"gara\u017c\",\"gara\u017c gardeon\",\"GARDEON\"],\"articleSection\":[\"Gara\u017ce blaszane\"],\"inLanguage\":\"pl-PL\",\"potentialAction\":[{\"@type\":\"CommentAction\",\"name\":\"Comment\",\"target\":[\"https:\\\/\\\/gardeon.pl\\\/pl\\\/blog\\\/na-co-zwrocic-uwage-przy-wyborze-bramy-garazowej\\\/#respond\"]}]},{\"@type\":\"WebPage\",\"@id\":\"https:\\\/\\\/gardeon.pl\\\/pl\\\/blog\\\/na-co-zwrocic-uwage-przy-wyborze-bramy-garazowej\\\/\",\"url\":\"https:\\\/\\\/gardeon.pl\\\/pl\\\/blog\\\/na-co-zwrocic-uwage-przy-wyborze-bramy-garazowej\\\/\",\"name\":\"Na co zwr\u00f3ci\u0107 uwag\u0119 przy wyborze bramy gara\u017cowej - GARDEON\",\"isPartOf\":{\"@id\":\"https:\\\/\\\/gardeon.pl\\\/#website\"},\"primaryImageOfPage\":{\"@id\":\"https:\\\/\\\/gardeon.pl\\\/pl\\\/blog\\\/na-co-zwrocic-uwage-przy-wyborze-bramy-garazowej\\\/#primaryimage\"},\"image\":{\"@id\":\"https:\\\/\\\/gardeon.pl\\\/pl\\\/blog\\\/na-co-zwrocic-uwage-przy-wyborze-bramy-garazowej\\\/#primaryimage\"},\"thumbnailUrl\":\"https:\\\/\\\/gardeon.pl\\\/wp-content\\\/uploads\\\/2020\\\/10\\\/GARDEON-foto-od-zakaznikov-93.png\",\"datePublished\":\"2026-04-23T16:41:29+00:00\",\"author\":{\"@id\":\"https:\\\/\\\/gardeon.pl\\\/#\\\/schema\\\/person\\\/a5762ca5f0790bf92774af0899379463\"},\"breadcrumb\":{\"@id\":\"https:\\\/\\\/gardeon.pl\\\/pl\\\/blog\\\/na-co-zwrocic-uwage-przy-wyborze-bramy-garazowej\\\/#breadcrumb\"},\"inLanguage\":\"pl-PL\",\"potentialAction\":[{\"@type\":\"ReadAction\",\"target\":[\"https:\\\/\\\/gardeon.pl\\\/pl\\\/blog\\\/na-co-zwrocic-uwage-przy-wyborze-bramy-garazowej\\\/\"]}]},{\"@type\":\"ImageObject\",\"inLanguage\":\"pl-PL\",\"@id\":\"https:\\\/\\\/gardeon.pl\\\/pl\\\/blog\\\/na-co-zwrocic-uwage-przy-wyborze-bramy-garazowej\\\/#primaryimage\",\"url\":\"https:\\\/\\\/gardeon.pl\\\/wp-content\\\/uploads\\\/2020\\\/10\\\/GARDEON-foto-od-zakaznikov-93.png\",\"contentUrl\":\"https:\\\/\\\/gardeon.pl\\\/wp-content\\\/uploads\\\/2020\\\/10\\\/GARDEON-foto-od-zakaznikov-93.png\",\"width\":1079,\"height\":791,\"caption\":\"Domek ogrodowy z bram\u0105 gara\u017cow\u0105\"},{\"@type\":\"BreadcrumbList\",\"@id\":\"https:\\\/\\\/gardeon.pl\\\/pl\\\/blog\\\/na-co-zwrocic-uwage-przy-wyborze-bramy-garazowej\\\/#breadcrumb\",\"itemListElement\":[{\"@type\":\"ListItem\",\"position\":1,\"name\":\"Domov\",\"item\":\"https:\\\/\\\/gardeon.pl\\\/pl\\\/\"},{\"@type\":\"ListItem\",\"position\":2,\"name\":\"Na co zwr\u00f3ci\u0107 uwag\u0119 przy wyborze bramy gara\u017cowej\"}]},{\"@type\":\"WebSite\",\"@id\":\"https:\\\/\\\/gardeon.pl\\\/#website\",\"url\":\"https:\\\/\\\/gardeon.pl\\\/\",\"name\":\"GARDEON\",\"description\":\"\",\"potentialAction\":[{\"@type\":\"SearchAction\",\"target\":{\"@type\":\"EntryPoint\",\"urlTemplate\":\"https:\\\/\\\/gardeon.pl\\\/?s={search_term_string}\"},\"query-input\":{\"@type\":\"PropertyValueSpecification\",\"valueRequired\":true,\"valueName\":\"search_term_string\"}}],\"inLanguage\":\"pl-PL\"},{\"@type\":\"Person\",\"@id\":\"https:\\\/\\\/gardeon.pl\\\/#\\\/schema\\\/person\\\/a5762ca5f0790bf92774af0899379463\",\"name\":\"editor\",\"image\":{\"@type\":\"ImageObject\",\"inLanguage\":\"pl-PL\",\"@id\":\"https:\\\/\\\/secure.gravatar.com\\\/avatar\\\/2b748151c2c748327307fd289a91b3bdafdd9e64e2d000e65e53d6dcf11c5830?s=96&d=mm&r=g\",\"url\":\"https:\\\/\\\/secure.gravatar.com\\\/avatar\\\/2b748151c2c748327307fd289a91b3bdafdd9e64e2d000e65e53d6dcf11c5830?s=96&d=mm&r=g\",\"contentUrl\":\"https:\\\/\\\/secure.gravatar.com\\\/avatar\\\/2b748151c2c748327307fd289a91b3bdafdd9e64e2d000e65e53d6dcf11c5830?s=96&d=mm&r=g\",\"caption\":\"editor\"}}]}<\/script>\n<!-- \/ Yoast SEO plugin. -->","yoast_head_json":{"title":"Na co zwr\u00f3ci\u0107 uwag\u0119 przy wyborze bramy gara\u017cowej - GARDEON","robots":{"index":"index","follow":"follow","max-snippet":"max-snippet:-1","max-image-preview":"max-image-preview:large","max-video-preview":"max-video-preview:-1"},"canonical":"https:\/\/gardeon.pl\/pl\/blog\/na-co-zwrocic-uwage-przy-wyborze-bramy-garazowej\/","og_locale":"pl_PL","og_type":"article","og_title":"Na co zwr\u00f3ci\u0107 uwag\u0119 przy wyborze bramy gara\u017cowej - GARDEON","og_description":"Szukaj\u0105c najbardziej odpowiedniej bramy do gara\u017cu, wi\u0119kszo\u015b\u0107 z nas skupia si\u0119 g\u0142\u00f3wnie na wygl\u0105dzie i cenie. Oczywi\u015bcie obie te kwestie s\u0105 wa\u017cne, istniej\u0105 jednak inne istotne fakty, kt\u00f3re nale\u017cy wzi\u0105\u0107 pod uwag\u0119. Jak zatem wybra\u0107 w\u0142a\u015bciw\u0105 bram\u0119 gara\u017cow\u0105? Najpierw nale\u017cy rozwa\u017cy\u0107 odpowiedni typ, wygl\u0105d i wyposa\u017cenie, a nast\u0119pnie wybra\u0107 dostawc\u0119, kt\u00f3rego oferta, podej\u015bcie i cena [&hellip;]","og_url":"https:\/\/gardeon.pl\/pl\/blog\/na-co-zwrocic-uwage-przy-wyborze-bramy-garazowej\/","og_site_name":"GARDEON","article_published_time":"2026-04-23T16:41:29+00:00","og_image":[{"width":1079,"height":791,"url":"http:\/\/gardeon.pl\/wp-content\/uploads\/2020\/10\/GARDEON-foto-od-zakaznikov-93.png","type":"image\/png"}],"author":"editor","twitter_card":"summary_large_image","twitter_misc":{"Napisane przez":"editor","Szacowany czas czytania":"6 minut"},"schema":{"@context":"https:\/\/schema.org","@graph":[{"@type":"Article","@id":"https:\/\/gardeon.pl\/pl\/blog\/na-co-zwrocic-uwage-przy-wyborze-bramy-garazowej\/#article","isPartOf":{"@id":"https:\/\/gardeon.pl\/pl\/blog\/na-co-zwrocic-uwage-przy-wyborze-bramy-garazowej\/"},"author":{"name":"editor","@id":"https:\/\/gardeon.pl\/#\/schema\/person\/a5762ca5f0790bf92774af0899379463"},"headline":"Na co zwr\u00f3ci\u0107 uwag\u0119 przy wyborze bramy gara\u017cowej","datePublished":"2026-04-23T16:41:29+00:00","mainEntityOfPage":{"@id":"https:\/\/gardeon.pl\/pl\/blog\/na-co-zwrocic-uwage-przy-wyborze-bramy-garazowej\/"},"wordCount":1191,"commentCount":0,"image":{"@id":"https:\/\/gardeon.pl\/pl\/blog\/na-co-zwrocic-uwage-przy-wyborze-bramy-garazowej\/#primaryimage"},"thumbnailUrl":"https:\/\/gardeon.pl\/wp-content\/uploads\/2020\/10\/GARDEON-foto-od-zakaznikov-93.png","keywords":["brama gara\u017cowa","gara\u017c","gara\u017c gardeon","GARDEON"],"articleSection":["Gara\u017ce blaszane"],"inLanguage":"pl-PL","potentialAction":[{"@type":"CommentAction","name":"Comment","target":["https:\/\/gardeon.pl\/pl\/blog\/na-co-zwrocic-uwage-przy-wyborze-bramy-garazowej\/#respond"]}]},{"@type":"WebPage","@id":"https:\/\/gardeon.pl\/pl\/blog\/na-co-zwrocic-uwage-przy-wyborze-bramy-garazowej\/","url":"https:\/\/gardeon.pl\/pl\/blog\/na-co-zwrocic-uwage-przy-wyborze-bramy-garazowej\/","name":"Na co zwr\u00f3ci\u0107 uwag\u0119 przy wyborze bramy gara\u017cowej - GARDEON","isPartOf":{"@id":"https:\/\/gardeon.pl\/#website"},"primaryImageOfPage":{"@id":"https:\/\/gardeon.pl\/pl\/blog\/na-co-zwrocic-uwage-przy-wyborze-bramy-garazowej\/#primaryimage"},"image":{"@id":"https:\/\/gardeon.pl\/pl\/blog\/na-co-zwrocic-uwage-przy-wyborze-bramy-garazowej\/#primaryimage"},"thumbnailUrl":"https:\/\/gardeon.pl\/wp-content\/uploads\/2020\/10\/GARDEON-foto-od-zakaznikov-93.png","datePublished":"2026-04-23T16:41:29+00:00","author":{"@id":"https:\/\/gardeon.pl\/#\/schema\/person\/a5762ca5f0790bf92774af0899379463"},"breadcrumb":{"@id":"https:\/\/gardeon.pl\/pl\/blog\/na-co-zwrocic-uwage-przy-wyborze-bramy-garazowej\/#breadcrumb"},"inLanguage":"pl-PL","potentialAction":[{"@type":"ReadAction","target":["https:\/\/gardeon.pl\/pl\/blog\/na-co-zwrocic-uwage-przy-wyborze-bramy-garazowej\/"]}]},{"@type":"ImageObject","inLanguage":"pl-PL","@id":"https:\/\/gardeon.pl\/pl\/blog\/na-co-zwrocic-uwage-przy-wyborze-bramy-garazowej\/#primaryimage","url":"https:\/\/gardeon.pl\/wp-content\/uploads\/2020\/10\/GARDEON-foto-od-zakaznikov-93.png","contentUrl":"https:\/\/gardeon.pl\/wp-content\/uploads\/2020\/10\/GARDEON-foto-od-zakaznikov-93.png","width":1079,"height":791,"caption":"Domek ogrodowy z bram\u0105 gara\u017cow\u0105"},{"@type":"BreadcrumbList","@id":"https:\/\/gardeon.pl\/pl\/blog\/na-co-zwrocic-uwage-przy-wyborze-bramy-garazowej\/#breadcrumb","itemListElement":[{"@type":"ListItem","position":1,"name":"Domov","item":"https:\/\/gardeon.pl\/pl\/"},{"@type":"ListItem","position":2,"name":"Na co zwr\u00f3ci\u0107 uwag\u0119 przy wyborze bramy gara\u017cowej"}]},{"@type":"WebSite","@id":"https:\/\/gardeon.pl\/#website","url":"https:\/\/gardeon.pl\/","name":"GARDEON","description":"","potentialAction":[{"@type":"SearchAction","target":{"@type":"EntryPoint","urlTemplate":"https:\/\/gardeon.pl\/?s={search_term_string}"},"query-input":{"@type":"PropertyValueSpecification","valueRequired":true,"valueName":"search_term_string"}}],"inLanguage":"pl-PL"},{"@type":"Person","@id":"https:\/\/gardeon.pl\/#\/schema\/person\/a5762ca5f0790bf92774af0899379463","name":"editor","image":{"@type":"ImageObject","inLanguage":"pl-PL","@id":"https:\/\/secure.gravatar.com\/avatar\/2b748151c2c748327307fd289a91b3bdafdd9e64e2d000e65e53d6dcf11c5830?s=96&d=mm&r=g","url":"https:\/\/secure.gravatar.com\/avatar\/2b748151c2c748327307fd289a91b3bdafdd9e64e2d000e65e53d6dcf11c5830?s=96&d=mm&r=g","contentUrl":"https:\/\/secure.gravatar.com\/avatar\/2b748151c2c748327307fd289a91b3bdafdd9e64e2d000e65e53d6dcf11c5830?s=96&d=mm&r=g","caption":"editor"}}]}},"_links":{"self":[{"href":"https:\/\/gardeon.pl\/pl\/wp-json\/wp\/v2\/posts\/47729","targetHints":{"allow":["GET"]}}],"collection":[{"href":"https:\/\/gardeon.pl\/pl\/wp-json\/wp\/v2\/posts"}],"about":[{"href":"https:\/\/gardeon.pl\/pl\/wp-json\/wp\/v2\/types\/post"}],"author":[{"embeddable":true,"href":"https:\/\/gardeon.pl\/pl\/wp-json\/wp\/v2\/users\/2"}],"replies":[{"embeddable":true,"href":"https:\/\/gardeon.pl\/pl\/wp-json\/wp\/v2\/comments?post=47729"}],"version-history":[{"count":0,"href":"https:\/\/gardeon.pl\/pl\/wp-json\/wp\/v2\/posts\/47729\/revisions"}],"wp:featuredmedia":[{"embeddable":true,"href":"https:\/\/gardeon.pl\/pl\/wp-json\/wp\/v2\/media\/46848"}],"wp:attachment":[{"href":"https:\/\/gardeon.pl\/pl\/wp-json\/wp\/v2\/media?parent=47729"}],"wp:term":[{"taxonomy":"category","embeddable":true,"href":"https:\/\/gardeon.pl\/pl\/wp-json\/wp\/v2\/categories?post=47729"},{"taxonomy":"post_tag","embeddable":true,"href":"https:\/\/gardeon.pl\/pl\/wp-json\/wp\/v2\/tags?post=47729"}],"curies":[{"name":"wp","href":"https:\/\/api.w.org\/{rel}","templated":true}]}}