{"id":47755,"date":"2026-04-23T18:41:27","date_gmt":"2026-04-23T16:41:27","guid":{"rendered":"https:\/\/gardeon.pl\/?p=47755"},"modified":"2026-04-23T18:41:27","modified_gmt":"2026-04-23T16:41:27","slug":"dlaczego-warto-wybrac-budynek-modulowy-od-gardeon","status":"publish","type":"post","link":"https:\/\/gardeon.pl\/pl\/blog\/dlaczego-warto-wybrac-budynek-modulowy-od-gardeon\/","title":{"rendered":"Dlaczego warto wybra\u0107 budynek modu\u0142owy od GARDEON?"},"content":{"rendered":"<p><i>Czy \u017cal Pa\u0144stwu swojego samochodu, gdy pra\u017cy na niego s\u0142o\u0144ce lub zasypuje go sterta \u015bniegu? Gdy jest zaparkowany pod go\u0142ym niebem? A mo\u017ce problemem jest pusty ogr\u00f3d, kt\u00f3remu czego\u015b brakuje?  <\/i><\/p>\n<p><!--more--><\/p>\n<p><i>Nie mog\u0105 si\u0119 Pa\u0144stwo zdecydowa\u0107 na typ? Budynek modu\u0142owy czy murowany? <\/i><\/p>\n<p>Oferujemy szerok\u0105 gam\u0119 produkt\u00f3w, od gara\u017cy blaszanych po domki ogrodowe. U nas ka\u017cdy znajdzie co\u015b dla siebie \u2013 zar\u00f3wno mi\u0142o\u015bnicy samochod\u00f3w, ogrodnicy, jak i rodziny, kt\u00f3re chc\u0105 upi\u0119kszy\u0107 swoje domy i odpocz\u0105\u0107 po ci\u0119\u017ckim dniu. <\/p>\n<p><img loading=\"lazy\" decoding=\"async\" class=\"aligncenter wp-image-29514\" src=\"http:\/\/gardeon.pl\/wp-content\/uploads\/2020\/11\/gardeon-foto-od-zakaznikov-121-scaled-e1606304677873.jpg\" alt=\"Domek ogrodowy z grillem pod zadaszeniem\" width=\"800\" height=\"600\"><\/p>\n<p>Wysokiej jako\u015bci, szybkie i przyst\u0119pne cenowo rozwi\u0105zania w zakresie <a href=\"https:\/\/gardeon.pl\/pl\/garaze\/\">gara\u017cy<\/a>, <a href=\"http:\/\/gardeon.pl\/zahradne-domceky\/\">domk\u00f3w ogrodowych<\/a>, <a href=\"https:\/\/gardeon.pl\/pl\/wiaty\/\">wiat<\/a> oraz <a href=\"https:\/\/gardeon.pl\/pl\/pergole\/\">pergol ogrodowych<\/a>.<\/p>\n<p>Zale\u017cy nam przede wszystkim na zadowoleniu klienta. Do ka\u017cdego budynku i ka\u017cdego klienta podchodzimy indywidualnie, poniewa\u017c wszyscy jeste\u015bmy wyj\u0105tkowi, a nasze wymagania, marzenia i wizje s\u0105 niezast\u0105pione i odmienne. Podczas ca\u0142ego procesu dbamy o Pa\u0144stwa satysfakcj\u0119 i poczucie komfortu. Z przyjemno\u015bci\u0105 odpowiemy na wszelkie pytania, specjalne \u017cyczenia czy og\u00f3lne zapytania dotycz\u0105ce us\u0142ug. Jeste\u015bmy tu dla Pa\u0144stwa. Nasz zesp\u00f3\u0142 jest do Pa\u0144stwa pe\u0142nej dyspozycji.     <\/p>\n<p><img loading=\"lazy\" decoding=\"async\" class=\"aligncenter wp-image-21211\" src=\"http:\/\/gardeon.pl\/wp-content\/uploads\/2019\/10\/GARDEON-Turciansky-Dur-2.jpg\" alt=\"Tur\u010diansky \u010eur \u2013 siedziba firmy GARDEON\" width=\"800\" height=\"450\" srcset=\"https:\/\/gardeon.pl\/wp-content\/uploads\/2019\/10\/GARDEON-Turciansky-Dur-2.jpg 1024w, https:\/\/gardeon.pl\/wp-content\/uploads\/2019\/10\/GARDEON-Turciansky-Dur-2-300x169.jpg 300w, https:\/\/gardeon.pl\/wp-content\/uploads\/2019\/10\/GARDEON-Turciansky-Dur-2-768x432.jpg 768w\" sizes=\"auto, (max-width: 800px) 100vw, 800px\" \/><\/p>\n<p>Przy wyborze gara\u017cu modu\u0142owego GARDEON nale\u017cy rozwa\u017cy\u0107 wszystko. Gara\u017c b\u0119dzie Pa\u0144stwu s\u0142u\u017cy\u0142 przez bardzo d\u0142ugi czas, dlatego warto starannie wybra\u0107 dostawc\u0119. Nale\u017cy przemy\u015ble\u0107 ka\u017cdy szczeg\u00f3\u0142 (od sufitu a\u017c po pod\u0142o\u017ce wraz z otoczeniem).  <\/p>\n<h2><b>Zalety i wady \u2013 budynek modu\u0142owy kontra murowany<\/b><\/h2>\n<ul>\n<li><a href=\"https:\/\/gardeon.pl\/pl\/garaze\/co-mozemy-dla-panstwa-zrobic-2\/jak-przebiega-montaz\/\">Budowa obiektu modu\u0142owego<\/a> (gara\u017c, domek, wiata, pergola) trwa zaledwie kilka godzin. Zazwyczaj budynek stoi gotowy ju\u017c w ci\u0105gu 6 godzin (np. gara\u017c dwustanowiskowy w <a href=\"http:\/\/gardeon.pl\/garaze\/cennik\/\">cenie ju\u017c od 3 590 z VAT<\/a>).   <\/li>\n<li>W gara\u017cu modu\u0142owym (np. o wymiarach 5 x 5 m), dzi\u0119ki grubo\u015bci \u015bcian wynosz\u0105cej 50 mm, mo\u017cna pomie\u015bci\u0107 znacznie wi\u0119cej rzeczy ni\u017c w gara\u017cu murowanym o tych samych wymiarach.<\/li>\n<\/ul>\n<p><img loading=\"lazy\" decoding=\"async\" class=\"aligncenter wp-image-28080\" src=\"http:\/\/gardeon.pl\/wp-content\/uploads\/2020\/09\/gardeon-montaz-50.jpg\" alt=\"Monta\u017c gara\u017cu GARDEON\" width=\"800\" height=\"532\" srcset=\"https:\/\/gardeon.pl\/wp-content\/uploads\/2020\/09\/gardeon-montaz-50.jpg 2000w, https:\/\/gardeon.pl\/wp-content\/uploads\/2020\/09\/gardeon-montaz-50-300x200.jpg 300w, https:\/\/gardeon.pl\/wp-content\/uploads\/2020\/09\/gardeon-montaz-50-1024x681.jpg 1024w, https:\/\/gardeon.pl\/wp-content\/uploads\/2020\/09\/gardeon-montaz-50-768x511.jpg 768w, https:\/\/gardeon.pl\/wp-content\/uploads\/2020\/09\/gardeon-montaz-50-1536x1022.jpg 1536w\" sizes=\"auto, (max-width: 800px) 100vw, 800px\" \/><\/p>\n<ul>\n<li>Gara\u017c blaszany \u201epod klucz\u201d to korzystniejsza cenowo alternatywa, poniewa\u017c sama realizacja jest szybsza i bardziej efektywna ni\u017c w przypadku wariantu murowanego.<\/li>\n<li>Zar\u00f3wno izolowany, jak i nieizolowany gara\u017c blaszany wygl\u0105da nie do odr\u00f3\u017cnienia od murowanego. Jego wygl\u0105d jest elastyczny, pasuje zar\u00f3wno do nowoczesnych, jak i tradycyjnych dom\u00f3w jednorodzinnych. <\/li>\n<\/ul>\n<h2><b>Co mo\u017cemy Pa\u0144stwu zaoferowa\u0107 dodatkowo?<\/b><\/h2>\n<h3>Przyjazn\u0105 atmosfer\u0119<\/h3>\n<p>Jeste\u015bmy firm\u0105 rodzinn\u0105 o przyjaznym podej\u015bciu. Chcemy, aby czuli si\u0119 Pa\u0144stwo u nas jak w domu. Mo\u017cna si\u0119 o tym przekona\u0107, czytaj\u0105c opinie w Google i na <a href=\"https:\/\/www.facebook.com\/gardeonSK\/reviews\/?ref=page_internal\">Facebooku<\/a>, a tak\u017ce na naszym blogu w sekcji <a href=\"https:\/\/gardeon.pl\/pl\/blog\/tag\/jak-sie-zyje-z-gardeonem\/\">ASZSG<\/a>, gdzie znajduj\u0105 si\u0119 recenzje klient\u00f3w dotycz\u0105ce gara\u017cy blaszanych, domk\u00f3w, wiat i pergol ogrodowych.  <\/p>\n<p><img loading=\"lazy\" decoding=\"async\" class=\"aligncenter wp-image-27197\" src=\"http:\/\/gardeon.pl\/wp-content\/uploads\/2020\/07\/GARDEON-Tim-scaled-e1595320962728.jpg\" alt=\"Zesp\u00f3\u0142 GARDEON\" width=\"800\" height=\"402\" srcset=\"https:\/\/gardeon.pl\/wp-content\/uploads\/2020\/07\/GARDEON-Tim-scaled-e1595320962728.jpg 2560w, https:\/\/gardeon.pl\/wp-content\/uploads\/2020\/07\/GARDEON-Tim-scaled-e1595320962728-300x151.jpg 300w, https:\/\/gardeon.pl\/wp-content\/uploads\/2020\/07\/GARDEON-Tim-scaled-e1595320962728-1024x514.jpg 1024w, https:\/\/gardeon.pl\/wp-content\/uploads\/2020\/07\/GARDEON-Tim-scaled-e1595320962728-768x386.jpg 768w, https:\/\/gardeon.pl\/wp-content\/uploads\/2020\/07\/GARDEON-Tim-scaled-e1595320962728-1536x771.jpg 1536w, https:\/\/gardeon.pl\/wp-content\/uploads\/2020\/07\/GARDEON-Tim-scaled-e1595320962728-2048x1028.jpg 2048w, https:\/\/gardeon.pl\/wp-content\/uploads\/2020\/07\/GARDEON-Tim-scaled-e1595320962728-1200x602.jpg 1200w\" sizes=\"auto, (max-width: 800px) 100vw, 800px\" \/><\/p>\n<h3>Uczciw\u0105 cen\u0119<\/h3>\n<p>Cena budynku modu\u0142owego z tynkiem odpowiada jako\u015bci wykonania. Za swoje pieni\u0105dze otrzymuj\u0105 Pa\u0144stwo wysokiej jako\u015bci, certyfikowany produkt, kt\u00f3ry nie zrujnuje Pa\u0144stwa portfela! <\/p>\n<p><img loading=\"lazy\" decoding=\"async\" class=\"aligncenter wp-image-30152\" src=\"http:\/\/gardeon.pl\/wp-content\/uploads\/2021\/01\/gardeon-fofo-od-zakaznikov-177.jpeg\" alt=\"Zadowolone klientki przy domku modu\u0142owym GARDEON\" width=\"800\" height=\"600\" srcset=\"https:\/\/gardeon.pl\/wp-content\/uploads\/2021\/01\/gardeon-fofo-od-zakaznikov-177.jpeg 1000w, https:\/\/gardeon.pl\/wp-content\/uploads\/2021\/01\/gardeon-fofo-od-zakaznikov-177-300x225.jpeg 300w, https:\/\/gardeon.pl\/wp-content\/uploads\/2021\/01\/gardeon-fofo-od-zakaznikov-177-768x576.jpeg 768w\" sizes=\"auto, (max-width: 800px) 100vw, 800px\" \/><\/p>\n<h3><a href=\"https:\/\/gardeon.pl\/pl\/kontakt\/o-nas\/\">Wieloletnie do\u015bwiadczenie<\/a><\/h3>\n<p>Przebudowy w przypadku budynk\u00f3w murowanych s\u0105 skomplikowane, co stawia konstrukcje modu\u0142owe na pierwszym planie. Mamy do\u015bwiadczenie w r\u00f3\u017cnych sytuacjach (demontowali\u015bmy i przenosili\u015bmy budynek w inne miejsce, wymieniali\u015bmy dach nieocieplony na ocieplony, malowali\u015bmy budynek zgodnie z \u017cyczeniem klienta\u2026). <\/p>\n<h3>Wyj\u0105tkowo\u015b\u0107<\/h3>\n<p>Gara\u017c blaszany mog\u0105 Pa\u0144stwo w prosty spos\u00f3b zaprojektowa\u0107 w naszym <a href=\"http:\/\/gardeon.pl\/konfigurator\">konfiguratorze<\/a> (cena ko\u0144cowa w konfiguratorze nie obejmuje transportu i monta\u017cu; cen\u0119 z transportem i monta\u017cem otrzymaj\u0105 Pa\u0144stwo po przes\u0142aniu formularza).<\/p>\n<p><a href=\"http:\/\/gardeon.pl\/wp-content\/uploads\/2020\/04\/konfigurator-pristresok-gardeon.png\"><img loading=\"lazy\" decoding=\"async\" class=\"aligncenter wp-image-26068\" src=\"http:\/\/gardeon.pl\/wp-content\/uploads\/2020\/04\/konfigurator-pristresok-gardeon.png\" alt=\"Konfigurator wiaty GARDEON\" width=\"800\" height=\"729\" srcset=\"https:\/\/gardeon.pl\/wp-content\/uploads\/2020\/04\/konfigurator-pristresok-gardeon.png 1654w, https:\/\/gardeon.pl\/wp-content\/uploads\/2020\/04\/konfigurator-pristresok-gardeon-300x274.png 300w, https:\/\/gardeon.pl\/wp-content\/uploads\/2020\/04\/konfigurator-pristresok-gardeon-1024x934.png 1024w, https:\/\/gardeon.pl\/wp-content\/uploads\/2020\/04\/konfigurator-pristresok-gardeon-768x700.png 768w, https:\/\/gardeon.pl\/wp-content\/uploads\/2020\/04\/konfigurator-pristresok-gardeon-1536x1400.png 1536w\" sizes=\"auto, (max-width: 800px) 100vw, 800px\" \/><\/a><\/p>\n<h3>Mo\u017cliwo\u015b\u0107 obejrzenia budynk\u00f3w na \u017cywo<\/h3>\n<p>Budynki mo\u017cna obejrze\u0107 na \u017cywo w naszym showroomie w miejscowo\u015bci Tur\u010diansky \u010eur. O tym, jak konstrukcja wygl\u0105da w rzeczywisto\u015bci, mog\u0105 si\u0119 Pa\u0144stwo <a href=\"https:\/\/gardeon.pl\/pl\/blog\/ciekawe-miejsca-w-turcu-5-powodow-dla-ktorych-warto-odwiedzic-turiec-zima\/\">przekona\u0107<\/a> na w\u0142asne oczy. <\/p>\n<p><img loading=\"lazy\" decoding=\"async\" class=\"aligncenter wp-image-22720\" src=\"http:\/\/gardeon.pl\/wp-content\/uploads\/2020\/01\/GARDEON-Turciansky-Dur-8.jpg\" alt=\"Showroom GARDEON \u2013 Tur\u010diansky \u010eur\" width=\"800\" height=\"533\" srcset=\"https:\/\/gardeon.pl\/wp-content\/uploads\/2020\/01\/GARDEON-Turciansky-Dur-8.jpg 2048w, https:\/\/gardeon.pl\/wp-content\/uploads\/2020\/01\/GARDEON-Turciansky-Dur-8-300x200.jpg 300w, https:\/\/gardeon.pl\/wp-content\/uploads\/2020\/01\/GARDEON-Turciansky-Dur-8-1024x683.jpg 1024w, https:\/\/gardeon.pl\/wp-content\/uploads\/2020\/01\/GARDEON-Turciansky-Dur-8-768x512.jpg 768w, https:\/\/gardeon.pl\/wp-content\/uploads\/2020\/01\/GARDEON-Turciansky-Dur-8-1536x1024.jpg 1536w\" sizes=\"auto, (max-width: 800px) 100vw, 800px\" \/><\/p>\n<h3>Materia\u0142<\/h3>\n<p>Do budowy wykorzystujemy wysokiej jako\u015bci materia\u0142y renomowanych marek. \u015aciany budynku modu\u0142owego s\u0105 r\u00f3wnomiernie pokryte specjalnym szwajcarskim tynkiem KABE Permuro. Podstaw\u0105 konstrukcji s\u0105 panele z ocynkowanej blachy stalowej (gwarancja d\u0142ugiej \u017cywotno\u015bci ca\u0142ego gara\u017cu).  <\/p>\n<p>Trwa\u0142o\u015b\u0107 budynku zapewnia podw\u00f3jna obr\u00f3bka powierzchni profili stalowych, kt\u00f3rym \u017cadna rdza nie straszna. Konstrukcja jest solidna i bezpieczna (poradzi sobie z trudnymi warunkami pogodowymi o ka\u017cdej porze roku, a i z\u0142odziej si\u0119 do niej nie dostanie). <\/p>\n<p><a href=\"http:\/\/gardeon.pl\/wp-content\/uploads\/2020\/03\/Hormann-brana-detail-1-scaled.jpg\"><img loading=\"lazy\" decoding=\"async\" class=\"aligncenter wp-image-24107\" src=\"http:\/\/gardeon.pl\/wp-content\/uploads\/2020\/03\/Hormann-brana-detail-1-scaled.jpg\" alt=\"Pilot Hormann przed bram\u0105 gara\u017cow\u0105\" width=\"800\" height=\"600\" srcset=\"https:\/\/gardeon.pl\/wp-content\/uploads\/2020\/03\/Hormann-brana-detail-1-scaled.jpg 2560w, https:\/\/gardeon.pl\/wp-content\/uploads\/2020\/03\/Hormann-brana-detail-1-300x225.jpg 300w, https:\/\/gardeon.pl\/wp-content\/uploads\/2020\/03\/Hormann-brana-detail-1-1024x768.jpg 1024w, https:\/\/gardeon.pl\/wp-content\/uploads\/2020\/03\/Hormann-brana-detail-1-768x576.jpg 768w, https:\/\/gardeon.pl\/wp-content\/uploads\/2020\/03\/Hormann-brana-detail-1-1536x1152.jpg 1536w, https:\/\/gardeon.pl\/wp-content\/uploads\/2020\/03\/Hormann-brana-detail-1-2048x1536.jpg 2048w\" sizes=\"auto, (max-width: 800px) 100vw, 800px\" \/><\/a><\/p>\n<h3>CERTYFIKACJA<\/h3>\n<p>Oferujemy ocieplane i nieocieplane gara\u017ce blaszane, domki oraz wiaty z certyfikatem. Tylko wtedy maj\u0105 Pa\u0144stwo pewno\u015b\u0107, \u017ce kupuj\u0105 budynek na ca\u0142e \u017cycie. <\/p>\n<p><img loading=\"lazy\" decoding=\"async\" class=\"aligncenter wp-image-27524\" src=\"http:\/\/gardeon.pl\/wp-content\/uploads\/2020\/08\/GARDEON-certifikat-o-zhode-_SK.jpeg\" alt=\"Certyfikat zgodno\u015bci GARDEON\" width=\"800\" height=\"1136\" srcset=\"https:\/\/gardeon.pl\/wp-content\/uploads\/2020\/08\/GARDEON-certifikat-o-zhode-_SK.jpeg 1720w, https:\/\/gardeon.pl\/wp-content\/uploads\/2020\/08\/GARDEON-certifikat-o-zhode-_SK-211x300.jpeg 211w, https:\/\/gardeon.pl\/wp-content\/uploads\/2020\/08\/GARDEON-certifikat-o-zhode-_SK-721x1024.jpeg 721w, https:\/\/gardeon.pl\/wp-content\/uploads\/2020\/08\/GARDEON-certifikat-o-zhode-_SK-768x1090.jpeg 768w, https:\/\/gardeon.pl\/wp-content\/uploads\/2020\/08\/GARDEON-certifikat-o-zhode-_SK-1082x1536.jpeg 1082w, https:\/\/gardeon.pl\/wp-content\/uploads\/2020\/08\/GARDEON-certifikat-o-zhode-_SK-1442x2048.jpeg 1442w\" sizes=\"auto, (max-width: 800px) 100vw, 800px\" \/><\/p>\n<p>Wiele os\u00f3b dyskutuje na forach (np. <a href=\"https:\/\/www.modrastrecha.sk\">modrastrecha.sk<\/a>) na temat gara\u017cy blaszanych lub murowanych, szukaj\u0105c argument\u00f3w, na co si\u0119 zdecydowa\u0107.<\/p>\n","protected":false},"excerpt":{"rendered":"<p>Czy \u017cal Pa\u0144stwu swojego samochodu, gdy pra\u017cy na niego s\u0142o\u0144ce lub zasypuje go sterta \u015bniegu? Gdy jest zaparkowany pod go\u0142ym niebem? A mo\u017ce problemem jest pusty ogr\u00f3d, kt\u00f3remu czego\u015b brakuje?<\/p>\n","protected":false},"author":2,"featured_media":42405,"comment_status":"open","ping_status":"open","sticky":false,"template":"","format":"standard","meta":{"_acf_changed":false,"inline_featured_image":false,"footnotes":""},"categories":[632,578,622],"tags":[],"class_list":["post-47755","post","type-post","status-publish","format-standard","has-post-thumbnail","hentry","category-domki-ogrodowe","category-garaze-blaszane","category-wiaty-i-altany"],"acf":[],"yoast_head":"<!-- This site is optimized with the Yoast SEO plugin v27.4 - https:\/\/yoast.com\/product\/yoast-seo-wordpress\/ -->\n<title>Dlaczego warto wybra\u0107 budynek modu\u0142owy od GARDEON? - GARDEON<\/title>\n<meta name=\"robots\" content=\"index, follow, max-snippet:-1, max-image-preview:large, max-video-preview:-1\" \/>\n<link rel=\"canonical\" href=\"https:\/\/gardeon.pl\/pl\/blog\/dlaczego-warto-wybrac-budynek-modulowy-od-gardeon\/\" \/>\n<meta property=\"og:locale\" content=\"pl_PL\" \/>\n<meta property=\"og:type\" content=\"article\" \/>\n<meta property=\"og:title\" content=\"Dlaczego warto wybra\u0107 budynek modu\u0142owy od GARDEON? - GARDEON\" \/>\n<meta property=\"og:description\" content=\"Czy \u017cal Pa\u0144stwu swojego samochodu, gdy pra\u017cy na niego s\u0142o\u0144ce lub zasypuje go sterta \u015bniegu? Gdy jest zaparkowany pod go\u0142ym niebem? A mo\u017ce problemem jest pusty ogr\u00f3d, kt\u00f3remu czego\u015b brakuje?\" \/>\n<meta property=\"og:url\" content=\"https:\/\/gardeon.pl\/pl\/blog\/dlaczego-warto-wybrac-budynek-modulowy-od-gardeon\/\" \/>\n<meta property=\"og:site_name\" content=\"GARDEON\" \/>\n<meta property=\"article:published_time\" content=\"2026-04-23T16:41:27+00:00\" \/>\n<meta property=\"og:image\" content=\"http:\/\/gardeon.pl\/wp-content\/uploads\/2021\/01\/gardeon-garaz-pre-jedno-auto-151.jpg\" \/>\n\t<meta property=\"og:image:width\" content=\"2000\" \/>\n\t<meta property=\"og:image:height\" content=\"1333\" \/>\n\t<meta property=\"og:image:type\" content=\"image\/jpeg\" \/>\n<meta name=\"author\" content=\"editor\" \/>\n<meta name=\"twitter:card\" content=\"summary_large_image\" \/>\n<meta name=\"twitter:label1\" content=\"Napisane przez\" \/>\n\t<meta name=\"twitter:data1\" content=\"editor\" \/>\n\t<meta name=\"twitter:label2\" content=\"Szacowany czas czytania\" \/>\n\t<meta name=\"twitter:data2\" content=\"4 minuty\" \/>\n<script type=\"application\/ld+json\" class=\"yoast-schema-graph\">{\"@context\":\"https:\\\/\\\/schema.org\",\"@graph\":[{\"@type\":\"Article\",\"@id\":\"https:\\\/\\\/gardeon.pl\\\/pl\\\/blog\\\/dlaczego-warto-wybrac-budynek-modulowy-od-gardeon\\\/#article\",\"isPartOf\":{\"@id\":\"https:\\\/\\\/gardeon.pl\\\/pl\\\/blog\\\/dlaczego-warto-wybrac-budynek-modulowy-od-gardeon\\\/\"},\"author\":{\"name\":\"editor\",\"@id\":\"https:\\\/\\\/gardeon.pl\\\/#\\\/schema\\\/person\\\/a5762ca5f0790bf92774af0899379463\"},\"headline\":\"Dlaczego warto wybra\u0107 budynek modu\u0142owy od GARDEON?\",\"datePublished\":\"2026-04-23T16:41:27+00:00\",\"mainEntityOfPage\":{\"@id\":\"https:\\\/\\\/gardeon.pl\\\/pl\\\/blog\\\/dlaczego-warto-wybrac-budynek-modulowy-od-gardeon\\\/\"},\"wordCount\":735,\"commentCount\":0,\"image\":{\"@id\":\"https:\\\/\\\/gardeon.pl\\\/pl\\\/blog\\\/dlaczego-warto-wybrac-budynek-modulowy-od-gardeon\\\/#primaryimage\"},\"thumbnailUrl\":\"https:\\\/\\\/gardeon.pl\\\/wp-content\\\/uploads\\\/2021\\\/01\\\/gardeon-garaz-pre-jedno-auto-151.jpg\",\"articleSection\":[\"Domki ogrodowe\",\"Gara\u017ce blaszane\",\"Wiaty i altany\"],\"inLanguage\":\"pl-PL\",\"potentialAction\":[{\"@type\":\"CommentAction\",\"name\":\"Comment\",\"target\":[\"https:\\\/\\\/gardeon.pl\\\/pl\\\/blog\\\/dlaczego-warto-wybrac-budynek-modulowy-od-gardeon\\\/#respond\"]}]},{\"@type\":\"WebPage\",\"@id\":\"https:\\\/\\\/gardeon.pl\\\/pl\\\/blog\\\/dlaczego-warto-wybrac-budynek-modulowy-od-gardeon\\\/\",\"url\":\"https:\\\/\\\/gardeon.pl\\\/pl\\\/blog\\\/dlaczego-warto-wybrac-budynek-modulowy-od-gardeon\\\/\",\"name\":\"Dlaczego warto wybra\u0107 budynek modu\u0142owy od GARDEON? - GARDEON\",\"isPartOf\":{\"@id\":\"https:\\\/\\\/gardeon.pl\\\/#website\"},\"primaryImageOfPage\":{\"@id\":\"https:\\\/\\\/gardeon.pl\\\/pl\\\/blog\\\/dlaczego-warto-wybrac-budynek-modulowy-od-gardeon\\\/#primaryimage\"},\"image\":{\"@id\":\"https:\\\/\\\/gardeon.pl\\\/pl\\\/blog\\\/dlaczego-warto-wybrac-budynek-modulowy-od-gardeon\\\/#primaryimage\"},\"thumbnailUrl\":\"https:\\\/\\\/gardeon.pl\\\/wp-content\\\/uploads\\\/2021\\\/01\\\/gardeon-garaz-pre-jedno-auto-151.jpg\",\"datePublished\":\"2026-04-23T16:41:27+00:00\",\"author\":{\"@id\":\"https:\\\/\\\/gardeon.pl\\\/#\\\/schema\\\/person\\\/a5762ca5f0790bf92774af0899379463\"},\"breadcrumb\":{\"@id\":\"https:\\\/\\\/gardeon.pl\\\/pl\\\/blog\\\/dlaczego-warto-wybrac-budynek-modulowy-od-gardeon\\\/#breadcrumb\"},\"inLanguage\":\"pl-PL\",\"potentialAction\":[{\"@type\":\"ReadAction\",\"target\":[\"https:\\\/\\\/gardeon.pl\\\/pl\\\/blog\\\/dlaczego-warto-wybrac-budynek-modulowy-od-gardeon\\\/\"]}]},{\"@type\":\"ImageObject\",\"inLanguage\":\"pl-PL\",\"@id\":\"https:\\\/\\\/gardeon.pl\\\/pl\\\/blog\\\/dlaczego-warto-wybrac-budynek-modulowy-od-gardeon\\\/#primaryimage\",\"url\":\"https:\\\/\\\/gardeon.pl\\\/wp-content\\\/uploads\\\/2021\\\/01\\\/gardeon-garaz-pre-jedno-auto-151.jpg\",\"contentUrl\":\"https:\\\/\\\/gardeon.pl\\\/wp-content\\\/uploads\\\/2021\\\/01\\\/gardeon-garaz-pre-jedno-auto-151.jpg\",\"width\":2000,\"height\":1333,\"caption\":\"Zadowoleni klienci przed bia\u0142ym gara\u017cem jednostanowiskowym\"},{\"@type\":\"BreadcrumbList\",\"@id\":\"https:\\\/\\\/gardeon.pl\\\/pl\\\/blog\\\/dlaczego-warto-wybrac-budynek-modulowy-od-gardeon\\\/#breadcrumb\",\"itemListElement\":[{\"@type\":\"ListItem\",\"position\":1,\"name\":\"Domov\",\"item\":\"https:\\\/\\\/gardeon.pl\\\/pl\\\/\"},{\"@type\":\"ListItem\",\"position\":2,\"name\":\"Dlaczego warto wybra\u0107 budynek modu\u0142owy od GARDEON?\"}]},{\"@type\":\"WebSite\",\"@id\":\"https:\\\/\\\/gardeon.pl\\\/#website\",\"url\":\"https:\\\/\\\/gardeon.pl\\\/\",\"name\":\"GARDEON\",\"description\":\"\",\"potentialAction\":[{\"@type\":\"SearchAction\",\"target\":{\"@type\":\"EntryPoint\",\"urlTemplate\":\"https:\\\/\\\/gardeon.pl\\\/?s={search_term_string}\"},\"query-input\":{\"@type\":\"PropertyValueSpecification\",\"valueRequired\":true,\"valueName\":\"search_term_string\"}}],\"inLanguage\":\"pl-PL\"},{\"@type\":\"Person\",\"@id\":\"https:\\\/\\\/gardeon.pl\\\/#\\\/schema\\\/person\\\/a5762ca5f0790bf92774af0899379463\",\"name\":\"editor\",\"image\":{\"@type\":\"ImageObject\",\"inLanguage\":\"pl-PL\",\"@id\":\"https:\\\/\\\/secure.gravatar.com\\\/avatar\\\/2b748151c2c748327307fd289a91b3bdafdd9e64e2d000e65e53d6dcf11c5830?s=96&d=mm&r=g\",\"url\":\"https:\\\/\\\/secure.gravatar.com\\\/avatar\\\/2b748151c2c748327307fd289a91b3bdafdd9e64e2d000e65e53d6dcf11c5830?s=96&d=mm&r=g\",\"contentUrl\":\"https:\\\/\\\/secure.gravatar.com\\\/avatar\\\/2b748151c2c748327307fd289a91b3bdafdd9e64e2d000e65e53d6dcf11c5830?s=96&d=mm&r=g\",\"caption\":\"editor\"}}]}<\/script>\n<!-- \/ Yoast SEO plugin. -->","yoast_head_json":{"title":"Dlaczego warto wybra\u0107 budynek modu\u0142owy od GARDEON? - GARDEON","robots":{"index":"index","follow":"follow","max-snippet":"max-snippet:-1","max-image-preview":"max-image-preview:large","max-video-preview":"max-video-preview:-1"},"canonical":"https:\/\/gardeon.pl\/pl\/blog\/dlaczego-warto-wybrac-budynek-modulowy-od-gardeon\/","og_locale":"pl_PL","og_type":"article","og_title":"Dlaczego warto wybra\u0107 budynek modu\u0142owy od GARDEON? - GARDEON","og_description":"Czy \u017cal Pa\u0144stwu swojego samochodu, gdy pra\u017cy na niego s\u0142o\u0144ce lub zasypuje go sterta \u015bniegu? Gdy jest zaparkowany pod go\u0142ym niebem? A mo\u017ce problemem jest pusty ogr\u00f3d, kt\u00f3remu czego\u015b brakuje?","og_url":"https:\/\/gardeon.pl\/pl\/blog\/dlaczego-warto-wybrac-budynek-modulowy-od-gardeon\/","og_site_name":"GARDEON","article_published_time":"2026-04-23T16:41:27+00:00","og_image":[{"width":2000,"height":1333,"url":"http:\/\/gardeon.pl\/wp-content\/uploads\/2021\/01\/gardeon-garaz-pre-jedno-auto-151.jpg","type":"image\/jpeg"}],"author":"editor","twitter_card":"summary_large_image","twitter_misc":{"Napisane przez":"editor","Szacowany czas czytania":"4 minuty"},"schema":{"@context":"https:\/\/schema.org","@graph":[{"@type":"Article","@id":"https:\/\/gardeon.pl\/pl\/blog\/dlaczego-warto-wybrac-budynek-modulowy-od-gardeon\/#article","isPartOf":{"@id":"https:\/\/gardeon.pl\/pl\/blog\/dlaczego-warto-wybrac-budynek-modulowy-od-gardeon\/"},"author":{"name":"editor","@id":"https:\/\/gardeon.pl\/#\/schema\/person\/a5762ca5f0790bf92774af0899379463"},"headline":"Dlaczego warto wybra\u0107 budynek modu\u0142owy od GARDEON?","datePublished":"2026-04-23T16:41:27+00:00","mainEntityOfPage":{"@id":"https:\/\/gardeon.pl\/pl\/blog\/dlaczego-warto-wybrac-budynek-modulowy-od-gardeon\/"},"wordCount":735,"commentCount":0,"image":{"@id":"https:\/\/gardeon.pl\/pl\/blog\/dlaczego-warto-wybrac-budynek-modulowy-od-gardeon\/#primaryimage"},"thumbnailUrl":"https:\/\/gardeon.pl\/wp-content\/uploads\/2021\/01\/gardeon-garaz-pre-jedno-auto-151.jpg","articleSection":["Domki ogrodowe","Gara\u017ce blaszane","Wiaty i altany"],"inLanguage":"pl-PL","potentialAction":[{"@type":"CommentAction","name":"Comment","target":["https:\/\/gardeon.pl\/pl\/blog\/dlaczego-warto-wybrac-budynek-modulowy-od-gardeon\/#respond"]}]},{"@type":"WebPage","@id":"https:\/\/gardeon.pl\/pl\/blog\/dlaczego-warto-wybrac-budynek-modulowy-od-gardeon\/","url":"https:\/\/gardeon.pl\/pl\/blog\/dlaczego-warto-wybrac-budynek-modulowy-od-gardeon\/","name":"Dlaczego warto wybra\u0107 budynek modu\u0142owy od GARDEON? - GARDEON","isPartOf":{"@id":"https:\/\/gardeon.pl\/#website"},"primaryImageOfPage":{"@id":"https:\/\/gardeon.pl\/pl\/blog\/dlaczego-warto-wybrac-budynek-modulowy-od-gardeon\/#primaryimage"},"image":{"@id":"https:\/\/gardeon.pl\/pl\/blog\/dlaczego-warto-wybrac-budynek-modulowy-od-gardeon\/#primaryimage"},"thumbnailUrl":"https:\/\/gardeon.pl\/wp-content\/uploads\/2021\/01\/gardeon-garaz-pre-jedno-auto-151.jpg","datePublished":"2026-04-23T16:41:27+00:00","author":{"@id":"https:\/\/gardeon.pl\/#\/schema\/person\/a5762ca5f0790bf92774af0899379463"},"breadcrumb":{"@id":"https:\/\/gardeon.pl\/pl\/blog\/dlaczego-warto-wybrac-budynek-modulowy-od-gardeon\/#breadcrumb"},"inLanguage":"pl-PL","potentialAction":[{"@type":"ReadAction","target":["https:\/\/gardeon.pl\/pl\/blog\/dlaczego-warto-wybrac-budynek-modulowy-od-gardeon\/"]}]},{"@type":"ImageObject","inLanguage":"pl-PL","@id":"https:\/\/gardeon.pl\/pl\/blog\/dlaczego-warto-wybrac-budynek-modulowy-od-gardeon\/#primaryimage","url":"https:\/\/gardeon.pl\/wp-content\/uploads\/2021\/01\/gardeon-garaz-pre-jedno-auto-151.jpg","contentUrl":"https:\/\/gardeon.pl\/wp-content\/uploads\/2021\/01\/gardeon-garaz-pre-jedno-auto-151.jpg","width":2000,"height":1333,"caption":"Zadowoleni klienci przed bia\u0142ym gara\u017cem jednostanowiskowym"},{"@type":"BreadcrumbList","@id":"https:\/\/gardeon.pl\/pl\/blog\/dlaczego-warto-wybrac-budynek-modulowy-od-gardeon\/#breadcrumb","itemListElement":[{"@type":"ListItem","position":1,"name":"Domov","item":"https:\/\/gardeon.pl\/pl\/"},{"@type":"ListItem","position":2,"name":"Dlaczego warto wybra\u0107 budynek modu\u0142owy od GARDEON?"}]},{"@type":"WebSite","@id":"https:\/\/gardeon.pl\/#website","url":"https:\/\/gardeon.pl\/","name":"GARDEON","description":"","potentialAction":[{"@type":"SearchAction","target":{"@type":"EntryPoint","urlTemplate":"https:\/\/gardeon.pl\/?s={search_term_string}"},"query-input":{"@type":"PropertyValueSpecification","valueRequired":true,"valueName":"search_term_string"}}],"inLanguage":"pl-PL"},{"@type":"Person","@id":"https:\/\/gardeon.pl\/#\/schema\/person\/a5762ca5f0790bf92774af0899379463","name":"editor","image":{"@type":"ImageObject","inLanguage":"pl-PL","@id":"https:\/\/secure.gravatar.com\/avatar\/2b748151c2c748327307fd289a91b3bdafdd9e64e2d000e65e53d6dcf11c5830?s=96&d=mm&r=g","url":"https:\/\/secure.gravatar.com\/avatar\/2b748151c2c748327307fd289a91b3bdafdd9e64e2d000e65e53d6dcf11c5830?s=96&d=mm&r=g","contentUrl":"https:\/\/secure.gravatar.com\/avatar\/2b748151c2c748327307fd289a91b3bdafdd9e64e2d000e65e53d6dcf11c5830?s=96&d=mm&r=g","caption":"editor"}}]}},"_links":{"self":[{"href":"https:\/\/gardeon.pl\/pl\/wp-json\/wp\/v2\/posts\/47755","targetHints":{"allow":["GET"]}}],"collection":[{"href":"https:\/\/gardeon.pl\/pl\/wp-json\/wp\/v2\/posts"}],"about":[{"href":"https:\/\/gardeon.pl\/pl\/wp-json\/wp\/v2\/types\/post"}],"author":[{"embeddable":true,"href":"https:\/\/gardeon.pl\/pl\/wp-json\/wp\/v2\/users\/2"}],"replies":[{"embeddable":true,"href":"https:\/\/gardeon.pl\/pl\/wp-json\/wp\/v2\/comments?post=47755"}],"version-history":[{"count":0,"href":"https:\/\/gardeon.pl\/pl\/wp-json\/wp\/v2\/posts\/47755\/revisions"}],"wp:featuredmedia":[{"embeddable":true,"href":"https:\/\/gardeon.pl\/pl\/wp-json\/wp\/v2\/media\/42405"}],"wp:attachment":[{"href":"https:\/\/gardeon.pl\/pl\/wp-json\/wp\/v2\/media?parent=47755"}],"wp:term":[{"taxonomy":"category","embeddable":true,"href":"https:\/\/gardeon.pl\/pl\/wp-json\/wp\/v2\/categories?post=47755"},{"taxonomy":"post_tag","embeddable":true,"href":"https:\/\/gardeon.pl\/pl\/wp-json\/wp\/v2\/tags?post=47755"}],"curies":[{"name":"wp","href":"https:\/\/api.w.org\/{rel}","templated":true}]}}