{"id":47757,"date":"2026-04-23T18:41:27","date_gmt":"2026-04-23T16:41:27","guid":{"rendered":"https:\/\/gardeon.pl\/?p=47757"},"modified":"2026-04-23T18:41:27","modified_gmt":"2026-04-23T16:41:27","slug":"goraca-nowosc-gardeon-drewniana-pergola","status":"publish","type":"post","link":"https:\/\/gardeon.pl\/pl\/blog\/goraca-nowosc-gardeon-drewniana-pergola\/","title":{"rendered":"Gor\u0105ca nowo\u015b\u0107 GARDEON \u2013 drewniana pergola!"},"content":{"rendered":"<p><em>Aktualna wiadomo\u015b\u0107 dnia brzmi: Ko\u0144czymy ze stal\u0105, zaczynamy z ogrodowymi pergolami z drewna! Zapraszamy do zapoznania si\u0119 z nasz\u0105 najnowsz\u0105 ofert\u0105 drewnianych pergol, idealnych zar\u00f3wno do ogrodu, jak i na taras. <\/em><\/p>\n<p><!--more--><\/p>\n<p>Naj\u015bwie\u017csz\u0105 nowo\u015bci\u0105 w naszej ofercie s\u0105 nowoczesne drewniane pergole, kt\u00f3re dzi\u0119ki naturalnemu materia\u0142owi s\u0105 wyj\u0105tkowo urokliwe i idealnie dope\u0142ni\u0105 zar\u00f3wno ogr\u00f3d przy domu jednorodzinnym, jak i letni taras. Wystarczy przes\u0142a\u0107 nam wymagane wymiary rzutu poziomego, a my dostarczymy wszystkie niezb\u0119dne belki i elementy konstrukcyjne doci\u0119te na odpowiednie d\u0142ugo\u015bci. <\/p>\n<p>Oczywi\u015bcie do\u0142\u0105czymy do tego r\u00f3wnie\u017c materia\u0142y kotwi\u0105ce i \u0142\u0105cz\u0105ce w korzystnych cenach. Drewnian\u0105 pergol\u0119 ogrodow\u0105 mo\u017cna nast\u0119pnie w prosty spos\u00f3b zmontowa\u0107 zgodnie z za\u0142\u0105czon\u0105 instrukcj\u0105. <\/p>\n<p><a href=\"http:\/\/gardeon.pl\/wp-content\/uploads\/2021\/03\/gardeon-blog-pergola-4-scaled.jpg\"><img loading=\"lazy\" decoding=\"async\" class=\"aligncenter wp-image-31767\" src=\"http:\/\/gardeon.pl\/wp-content\/uploads\/2021\/03\/gardeon-blog-pergola-4-scaled.jpg\" alt=\"Bia\u0142a pergola z lampkami na dachu\" width=\"800\" height=\"1067\" srcset=\"https:\/\/gardeon.pl\/wp-content\/uploads\/2021\/03\/gardeon-blog-pergola-4-scaled.jpg 1920w, https:\/\/gardeon.pl\/wp-content\/uploads\/2021\/03\/gardeon-blog-pergola-4-225x300.jpg 225w, https:\/\/gardeon.pl\/wp-content\/uploads\/2021\/03\/gardeon-blog-pergola-4-768x1024.jpg 768w, https:\/\/gardeon.pl\/wp-content\/uploads\/2021\/03\/gardeon-blog-pergola-4-1152x1536.jpg 1152w, https:\/\/gardeon.pl\/wp-content\/uploads\/2021\/03\/gardeon-blog-pergola-4-1536x2048.jpg 1536w\" sizes=\"auto, (max-width: 800px) 100vw, 800px\" \/><\/a><\/p>\n<p>&nbsp;<\/p>\n<p>Po dostawie nale\u017cy w pierwszej kolejno\u015bci zabezpieczy\u0107 drewno preparatem przeciw gniciu, grzybom i owadom niszcz\u0105cym drewno. W przeciwnym razie istnieje ryzyko, \u017ce po pierwszym wilgotnym okresie szkodniki ch\u0119tnie je zaatakuj\u0105. Nast\u0119pnie wszystkie elementy drewniane nale\u017cy pomalowa\u0107 lazur\u0105 ochronn\u0105 lub farb\u0105, kt\u00f3ra nada im po\u017c\u0105dany odcie\u0144 i w najbli\u017cszych miesi\u0105cach b\u0119dzie chroni\u0107 przed dzia\u0142aniem wilgoci oraz promieniowania s\u0142onecznego.  <\/p>\n<p>Nale\u017cy pami\u0119ta\u0107, \u017ce pow\u0142ok\u0119 drewnianej pergoli trzeba regularnie odnawia\u0107, aby konstrukcja nie uleg\u0142a uszkodzeniu pod wp\u0142ywem czynnik\u00f3w atmosferycznych. Nie wolno pomija\u0107 r\u00f3wnie\u017c konserwacji metalowych element\u00f3w \u0142\u0105cz\u0105cych i kotew \u2013 poniewa\u017c s\u0105 to produkty korzystne cenowo, producent nieco zaoszcz\u0119dzi\u0142 na ich wyko\u0144czeniu powierzchniowym. <\/p>\n<p><a href=\"http:\/\/gardeon.pl\/wp-content\/uploads\/2021\/03\/gardeon-blog-pergola-5-scaled.jpg\"><img loading=\"lazy\" decoding=\"async\" class=\"aligncenter wp-image-31769\" src=\"http:\/\/gardeon.pl\/wp-content\/uploads\/2021\/03\/gardeon-blog-pergola-5-scaled.jpg\" alt=\"S\u0142up pergoli w drewnianej pod\u0142odze na dachu\" width=\"800\" height=\"1067\" srcset=\"https:\/\/gardeon.pl\/wp-content\/uploads\/2021\/03\/gardeon-blog-pergola-5-scaled.jpg 1920w, https:\/\/gardeon.pl\/wp-content\/uploads\/2021\/03\/gardeon-blog-pergola-5-225x300.jpg 225w, https:\/\/gardeon.pl\/wp-content\/uploads\/2021\/03\/gardeon-blog-pergola-5-768x1024.jpg 768w, https:\/\/gardeon.pl\/wp-content\/uploads\/2021\/03\/gardeon-blog-pergola-5-1152x1536.jpg 1152w, https:\/\/gardeon.pl\/wp-content\/uploads\/2021\/03\/gardeon-blog-pergola-5-1536x2048.jpg 1536w\" sizes=\"auto, (max-width: 800px) 100vw, 800px\" \/><\/a><\/p>\n<p><a href=\"http:\/\/gardeon.pl\/wp-content\/uploads\/2021\/03\/gardeon-blog-pergola-6-scaled.jpg\"><img loading=\"lazy\" decoding=\"async\" class=\"aligncenter wp-image-31771\" src=\"http:\/\/gardeon.pl\/wp-content\/uploads\/2021\/03\/gardeon-blog-pergola-6-scaled.jpg\" alt=\"S\u0142up bia\u0142ej pergoli\" width=\"800\" height=\"1067\" srcset=\"https:\/\/gardeon.pl\/wp-content\/uploads\/2021\/03\/gardeon-blog-pergola-6-scaled.jpg 1920w, https:\/\/gardeon.pl\/wp-content\/uploads\/2021\/03\/gardeon-blog-pergola-6-225x300.jpg 225w, https:\/\/gardeon.pl\/wp-content\/uploads\/2021\/03\/gardeon-blog-pergola-6-768x1024.jpg 768w, https:\/\/gardeon.pl\/wp-content\/uploads\/2021\/03\/gardeon-blog-pergola-6-1152x1536.jpg 1152w, https:\/\/gardeon.pl\/wp-content\/uploads\/2021\/03\/gardeon-blog-pergola-6-1536x2048.jpg 1536w\" sizes=\"auto, (max-width: 800px) 100vw, 800px\" \/><\/a><\/p>\n<p>Bardzo efektownym elementem naszych drewnianych pergol i wiat jest przewiewny dach, stworzony z eleganckiego rusztu i lekkich pas\u00f3w tkaniny. Latem \u015bwietnie ochroni Pa\u0144stwa przed pal\u0105cym s\u0142o\u0144cem, a niewielk\u0105 wad\u0105 jest jedynie to, \u017ce podczas deszczu mo\u017cna lekko zmokn\u0105\u0107. <\/p>\n<p>Jesieni\u0105 lepiej jest zdemontowa\u0107 dach i wraz z meblami ogrodowymi przechowywa\u0107 go w chronionym, suchym miejscu, aby wytrzyma\u0142 do kolejnego sezonu. Po zimie mo\u017cna go ponownie zainstalowa\u0107 i zn\u00f3w cieszy\u0107 si\u0119 pi\u0119knymi dniami pod pergol\u0105 w ogrodzie lub na tarasie. <\/p>\n<p><a href=\"http:\/\/gardeon.pl\/wp-content\/uploads\/2021\/03\/gardeon-blog-pergola-3-scaled.jpg\"><img loading=\"lazy\" decoding=\"async\" class=\"aligncenter wp-image-31765\" src=\"http:\/\/gardeon.pl\/wp-content\/uploads\/2021\/03\/gardeon-blog-pergola-3-scaled.jpg\" alt=\"Dach pergoli z lampkami\" width=\"800\" height=\"1067\" srcset=\"https:\/\/gardeon.pl\/wp-content\/uploads\/2021\/03\/gardeon-blog-pergola-3-scaled.jpg 1920w, https:\/\/gardeon.pl\/wp-content\/uploads\/2021\/03\/gardeon-blog-pergola-3-225x300.jpg 225w, https:\/\/gardeon.pl\/wp-content\/uploads\/2021\/03\/gardeon-blog-pergola-3-768x1024.jpg 768w, https:\/\/gardeon.pl\/wp-content\/uploads\/2021\/03\/gardeon-blog-pergola-3-1152x1536.jpg 1152w, https:\/\/gardeon.pl\/wp-content\/uploads\/2021\/03\/gardeon-blog-pergola-3-1536x2048.jpg 1536w\" sizes=\"auto, (max-width: 800px) 100vw, 800px\" \/><\/a><\/p>\n<h2>Prima aprilis! Oczywi\u015bcie \u017cartujemy.  :)<\/h2>\n<p>W naszej ofercie nadal znajd\u0105 Pa\u0144stwo wy\u0142\u0105cznie montowane <a href=\"https:\/\/gardeon.pl\/pl\/pergole\/\">pergole<\/a>, <a href=\"https:\/\/gardeon.pl\/pl\/wiaty\/\">wiaty<\/a> czy altany o solidnej konstrukcji z najwy\u017cszej jako\u015bci stali cynkowanej ogniowo. Po prostu dlatego, \u017ce mo\u017cna je \u0142atwo, szybko i bezproblemowo postawi\u0107, s\u0105 odporne na s\u0142o\u0144ce, wiatr, deszcz oraz \u015bnieg, a bez konieczno\u015bci regularnej konserwacji b\u0119d\u0105 Pa\u0144stwu s\u0142u\u017cy\u0107 przez d\u0142ugie lata. <\/p>\n<p>Je\u015bli zdecyduj\u0105 si\u0119 Pa\u0144stwo na stalow\u0105 pergol\u0119 lub wiat\u0119, wystarczy wybra\u0107 w naszym konfiguratorze odpowiadaj\u0105cy Pa\u0144stwu design oraz wymiary, kt\u00f3re b\u0119d\u0105 Pa\u0144stwu pasowa\u0107.<\/p>\n<p><a href=\"http:\/\/gardeon.pl\/wp-content\/uploads\/2021\/02\/gardeon-pergola-48.jpg\"><img loading=\"lazy\" decoding=\"async\" class=\"alignnone wp-image-30987\" src=\"http:\/\/gardeon.pl\/wp-content\/uploads\/2021\/02\/gardeon-pergola-48.jpg\" alt=\"Pergola z miejscem do siedzenia i grillem\" width=\"800\" height=\"533\" srcset=\"https:\/\/gardeon.pl\/wp-content\/uploads\/2021\/02\/gardeon-pergola-48.jpg 2000w, https:\/\/gardeon.pl\/wp-content\/uploads\/2021\/02\/gardeon-pergola-48-300x200.jpg 300w, https:\/\/gardeon.pl\/wp-content\/uploads\/2021\/02\/gardeon-pergola-48-1024x682.jpg 1024w, https:\/\/gardeon.pl\/wp-content\/uploads\/2021\/02\/gardeon-pergola-48-768x512.jpg 768w, https:\/\/gardeon.pl\/wp-content\/uploads\/2021\/02\/gardeon-pergola-48-1536x1024.jpg 1536w\" sizes=\"auto, (max-width: 800px) 100vw, 800px\" \/><\/a><\/p>\n","protected":false},"excerpt":{"rendered":"<p>Aktualna wiadomo\u015b\u0107 dnia brzmi: Ko\u0144czymy ze stal\u0105, zaczynamy z ogrodowymi pergolami z drewna! Zapraszamy do zapoznania si\u0119 z nasz\u0105 najnowsz\u0105 ofert\u0105 drewnianych pergol, idealnych zar\u00f3wno do ogrodu, jak i na taras.<\/p>\n","protected":false},"author":2,"featured_media":47759,"comment_status":"open","ping_status":"open","sticky":false,"template":"","format":"standard","meta":{"_acf_changed":false,"inline_featured_image":false,"footnotes":""},"categories":[622],"tags":[579,791,660,635,638],"class_list":["post-47757","post","type-post","status-publish","format-standard","has-post-thumbnail","hentry","category-wiaty-i-altany","tag-gardeon","tag-stalowa-wiata","tag-wiata-modulowa","tag-zadaszenie","tag-zadaszenie-gardeon"],"acf":[],"yoast_head":"<!-- This site is optimized with the Yoast SEO plugin v27.4 - https:\/\/yoast.com\/product\/yoast-seo-wordpress\/ -->\n<title>Gor\u0105ca nowo\u015b\u0107 GARDEON \u2013 drewniana pergola! | GARDEON<\/title>\n<meta name=\"robots\" content=\"index, follow, max-snippet:-1, max-image-preview:large, max-video-preview:-1\" \/>\n<link rel=\"canonical\" href=\"https:\/\/gardeon.pl\/pl\/blog\/goraca-nowosc-gardeon-drewniana-pergola\/\" \/>\n<meta property=\"og:locale\" content=\"pl_PL\" \/>\n<meta property=\"og:type\" content=\"article\" \/>\n<meta property=\"og:title\" content=\"Gor\u0105ca nowo\u015b\u0107 GARDEON \u2013 drewniana pergola! | GARDEON\" \/>\n<meta property=\"og:description\" content=\"Aktualna wiadomo\u015b\u0107 dnia brzmi: Ko\u0144czymy ze stal\u0105, zaczynamy z ogrodowymi pergolami z drewna! Zapraszamy do zapoznania si\u0119 z nasz\u0105 najnowsz\u0105 ofert\u0105 drewnianych pergol, idealnych zar\u00f3wno do ogrodu, jak i na taras.\" \/>\n<meta property=\"og:url\" content=\"https:\/\/gardeon.pl\/pl\/blog\/goraca-nowosc-gardeon-drewniana-pergola\/\" \/>\n<meta property=\"og:site_name\" content=\"GARDEON\" \/>\n<meta property=\"article:published_time\" content=\"2026-04-23T16:41:27+00:00\" \/>\n<meta property=\"og:image\" content=\"http:\/\/gardeon.pl\/wp-content\/uploads\/2021\/03\/gardeon-blog-pergola-1-scaled.jpg\" \/>\n\t<meta property=\"og:image:width\" content=\"1920\" \/>\n\t<meta property=\"og:image:height\" content=\"2560\" \/>\n\t<meta property=\"og:image:type\" content=\"image\/jpeg\" \/>\n<meta name=\"author\" content=\"editor\" \/>\n<meta name=\"twitter:card\" content=\"summary_large_image\" \/>\n<meta name=\"twitter:label1\" content=\"Napisane przez\" \/>\n\t<meta name=\"twitter:data1\" content=\"editor\" \/>\n\t<meta name=\"twitter:label2\" content=\"Szacowany czas czytania\" \/>\n\t<meta name=\"twitter:data2\" content=\"2 minuty\" \/>\n<script type=\"application\/ld+json\" class=\"yoast-schema-graph\">{\"@context\":\"https:\\\/\\\/schema.org\",\"@graph\":[{\"@type\":\"Article\",\"@id\":\"https:\\\/\\\/gardeon.pl\\\/pl\\\/blog\\\/goraca-nowosc-gardeon-drewniana-pergola\\\/#article\",\"isPartOf\":{\"@id\":\"https:\\\/\\\/gardeon.pl\\\/pl\\\/blog\\\/goraca-nowosc-gardeon-drewniana-pergola\\\/\"},\"author\":{\"name\":\"editor\",\"@id\":\"https:\\\/\\\/gardeon.pl\\\/#\\\/schema\\\/person\\\/a5762ca5f0790bf92774af0899379463\"},\"headline\":\"Gor\u0105ca nowo\u015b\u0107 GARDEON \u2013 drewniana pergola!\",\"datePublished\":\"2026-04-23T16:41:27+00:00\",\"mainEntityOfPage\":{\"@id\":\"https:\\\/\\\/gardeon.pl\\\/pl\\\/blog\\\/goraca-nowosc-gardeon-drewniana-pergola\\\/\"},\"wordCount\":446,\"commentCount\":0,\"image\":{\"@id\":\"https:\\\/\\\/gardeon.pl\\\/pl\\\/blog\\\/goraca-nowosc-gardeon-drewniana-pergola\\\/#primaryimage\"},\"thumbnailUrl\":\"https:\\\/\\\/gardeon.pl\\\/wp-content\\\/uploads\\\/2021\\\/03\\\/gardeon-blog-pergola-1-scaled.jpg\",\"keywords\":[\"GARDEON\",\"stalowa wiata\",\"wiata modu\u0142owa\",\"zadaszenie\",\"zadaszenie GARDEON\"],\"articleSection\":[\"Wiaty i altany\"],\"inLanguage\":\"pl-PL\",\"potentialAction\":[{\"@type\":\"CommentAction\",\"name\":\"Comment\",\"target\":[\"https:\\\/\\\/gardeon.pl\\\/pl\\\/blog\\\/goraca-nowosc-gardeon-drewniana-pergola\\\/#respond\"]}]},{\"@type\":\"WebPage\",\"@id\":\"https:\\\/\\\/gardeon.pl\\\/pl\\\/blog\\\/goraca-nowosc-gardeon-drewniana-pergola\\\/\",\"url\":\"https:\\\/\\\/gardeon.pl\\\/pl\\\/blog\\\/goraca-nowosc-gardeon-drewniana-pergola\\\/\",\"name\":\"Gor\u0105ca nowo\u015b\u0107 GARDEON \u2013 drewniana pergola! | GARDEON\",\"isPartOf\":{\"@id\":\"https:\\\/\\\/gardeon.pl\\\/#website\"},\"primaryImageOfPage\":{\"@id\":\"https:\\\/\\\/gardeon.pl\\\/pl\\\/blog\\\/goraca-nowosc-gardeon-drewniana-pergola\\\/#primaryimage\"},\"image\":{\"@id\":\"https:\\\/\\\/gardeon.pl\\\/pl\\\/blog\\\/goraca-nowosc-gardeon-drewniana-pergola\\\/#primaryimage\"},\"thumbnailUrl\":\"https:\\\/\\\/gardeon.pl\\\/wp-content\\\/uploads\\\/2021\\\/03\\\/gardeon-blog-pergola-1-scaled.jpg\",\"datePublished\":\"2026-04-23T16:41:27+00:00\",\"author\":{\"@id\":\"https:\\\/\\\/gardeon.pl\\\/#\\\/schema\\\/person\\\/a5762ca5f0790bf92774af0899379463\"},\"breadcrumb\":{\"@id\":\"https:\\\/\\\/gardeon.pl\\\/pl\\\/blog\\\/goraca-nowosc-gardeon-drewniana-pergola\\\/#breadcrumb\"},\"inLanguage\":\"pl-PL\",\"potentialAction\":[{\"@type\":\"ReadAction\",\"target\":[\"https:\\\/\\\/gardeon.pl\\\/pl\\\/blog\\\/goraca-nowosc-gardeon-drewniana-pergola\\\/\"]}]},{\"@type\":\"ImageObject\",\"inLanguage\":\"pl-PL\",\"@id\":\"https:\\\/\\\/gardeon.pl\\\/pl\\\/blog\\\/goraca-nowosc-gardeon-drewniana-pergola\\\/#primaryimage\",\"url\":\"https:\\\/\\\/gardeon.pl\\\/wp-content\\\/uploads\\\/2021\\\/03\\\/gardeon-blog-pergola-1-scaled.jpg\",\"contentUrl\":\"https:\\\/\\\/gardeon.pl\\\/wp-content\\\/uploads\\\/2021\\\/03\\\/gardeon-blog-pergola-1-scaled.jpg\",\"width\":1920,\"height\":2560,\"caption\":\"Bia\u0142a pergola na dachu\"},{\"@type\":\"BreadcrumbList\",\"@id\":\"https:\\\/\\\/gardeon.pl\\\/pl\\\/blog\\\/goraca-nowosc-gardeon-drewniana-pergola\\\/#breadcrumb\",\"itemListElement\":[{\"@type\":\"ListItem\",\"position\":1,\"name\":\"Domov\",\"item\":\"https:\\\/\\\/gardeon.pl\\\/pl\\\/\"},{\"@type\":\"ListItem\",\"position\":2,\"name\":\"Gor\u0105ca nowo\u015b\u0107 GARDEON \u2013 drewniana pergola!\"}]},{\"@type\":\"WebSite\",\"@id\":\"https:\\\/\\\/gardeon.pl\\\/#website\",\"url\":\"https:\\\/\\\/gardeon.pl\\\/\",\"name\":\"GARDEON\",\"description\":\"\",\"potentialAction\":[{\"@type\":\"SearchAction\",\"target\":{\"@type\":\"EntryPoint\",\"urlTemplate\":\"https:\\\/\\\/gardeon.pl\\\/?s={search_term_string}\"},\"query-input\":{\"@type\":\"PropertyValueSpecification\",\"valueRequired\":true,\"valueName\":\"search_term_string\"}}],\"inLanguage\":\"pl-PL\"},{\"@type\":\"Person\",\"@id\":\"https:\\\/\\\/gardeon.pl\\\/#\\\/schema\\\/person\\\/a5762ca5f0790bf92774af0899379463\",\"name\":\"editor\",\"image\":{\"@type\":\"ImageObject\",\"inLanguage\":\"pl-PL\",\"@id\":\"https:\\\/\\\/secure.gravatar.com\\\/avatar\\\/2b748151c2c748327307fd289a91b3bdafdd9e64e2d000e65e53d6dcf11c5830?s=96&d=mm&r=g\",\"url\":\"https:\\\/\\\/secure.gravatar.com\\\/avatar\\\/2b748151c2c748327307fd289a91b3bdafdd9e64e2d000e65e53d6dcf11c5830?s=96&d=mm&r=g\",\"contentUrl\":\"https:\\\/\\\/secure.gravatar.com\\\/avatar\\\/2b748151c2c748327307fd289a91b3bdafdd9e64e2d000e65e53d6dcf11c5830?s=96&d=mm&r=g\",\"caption\":\"editor\"}}]}<\/script>\n<!-- \/ Yoast SEO plugin. -->","yoast_head_json":{"title":"Gor\u0105ca nowo\u015b\u0107 GARDEON \u2013 drewniana pergola! | GARDEON","robots":{"index":"index","follow":"follow","max-snippet":"max-snippet:-1","max-image-preview":"max-image-preview:large","max-video-preview":"max-video-preview:-1"},"canonical":"https:\/\/gardeon.pl\/pl\/blog\/goraca-nowosc-gardeon-drewniana-pergola\/","og_locale":"pl_PL","og_type":"article","og_title":"Gor\u0105ca nowo\u015b\u0107 GARDEON \u2013 drewniana pergola! | GARDEON","og_description":"Aktualna wiadomo\u015b\u0107 dnia brzmi: Ko\u0144czymy ze stal\u0105, zaczynamy z ogrodowymi pergolami z drewna! Zapraszamy do zapoznania si\u0119 z nasz\u0105 najnowsz\u0105 ofert\u0105 drewnianych pergol, idealnych zar\u00f3wno do ogrodu, jak i na taras.","og_url":"https:\/\/gardeon.pl\/pl\/blog\/goraca-nowosc-gardeon-drewniana-pergola\/","og_site_name":"GARDEON","article_published_time":"2026-04-23T16:41:27+00:00","og_image":[{"width":1920,"height":2560,"url":"http:\/\/gardeon.pl\/wp-content\/uploads\/2021\/03\/gardeon-blog-pergola-1-scaled.jpg","type":"image\/jpeg"}],"author":"editor","twitter_card":"summary_large_image","twitter_misc":{"Napisane przez":"editor","Szacowany czas czytania":"2 minuty"},"schema":{"@context":"https:\/\/schema.org","@graph":[{"@type":"Article","@id":"https:\/\/gardeon.pl\/pl\/blog\/goraca-nowosc-gardeon-drewniana-pergola\/#article","isPartOf":{"@id":"https:\/\/gardeon.pl\/pl\/blog\/goraca-nowosc-gardeon-drewniana-pergola\/"},"author":{"name":"editor","@id":"https:\/\/gardeon.pl\/#\/schema\/person\/a5762ca5f0790bf92774af0899379463"},"headline":"Gor\u0105ca nowo\u015b\u0107 GARDEON \u2013 drewniana pergola!","datePublished":"2026-04-23T16:41:27+00:00","mainEntityOfPage":{"@id":"https:\/\/gardeon.pl\/pl\/blog\/goraca-nowosc-gardeon-drewniana-pergola\/"},"wordCount":446,"commentCount":0,"image":{"@id":"https:\/\/gardeon.pl\/pl\/blog\/goraca-nowosc-gardeon-drewniana-pergola\/#primaryimage"},"thumbnailUrl":"https:\/\/gardeon.pl\/wp-content\/uploads\/2021\/03\/gardeon-blog-pergola-1-scaled.jpg","keywords":["GARDEON","stalowa wiata","wiata modu\u0142owa","zadaszenie","zadaszenie GARDEON"],"articleSection":["Wiaty i altany"],"inLanguage":"pl-PL","potentialAction":[{"@type":"CommentAction","name":"Comment","target":["https:\/\/gardeon.pl\/pl\/blog\/goraca-nowosc-gardeon-drewniana-pergola\/#respond"]}]},{"@type":"WebPage","@id":"https:\/\/gardeon.pl\/pl\/blog\/goraca-nowosc-gardeon-drewniana-pergola\/","url":"https:\/\/gardeon.pl\/pl\/blog\/goraca-nowosc-gardeon-drewniana-pergola\/","name":"Gor\u0105ca nowo\u015b\u0107 GARDEON \u2013 drewniana pergola! | GARDEON","isPartOf":{"@id":"https:\/\/gardeon.pl\/#website"},"primaryImageOfPage":{"@id":"https:\/\/gardeon.pl\/pl\/blog\/goraca-nowosc-gardeon-drewniana-pergola\/#primaryimage"},"image":{"@id":"https:\/\/gardeon.pl\/pl\/blog\/goraca-nowosc-gardeon-drewniana-pergola\/#primaryimage"},"thumbnailUrl":"https:\/\/gardeon.pl\/wp-content\/uploads\/2021\/03\/gardeon-blog-pergola-1-scaled.jpg","datePublished":"2026-04-23T16:41:27+00:00","author":{"@id":"https:\/\/gardeon.pl\/#\/schema\/person\/a5762ca5f0790bf92774af0899379463"},"breadcrumb":{"@id":"https:\/\/gardeon.pl\/pl\/blog\/goraca-nowosc-gardeon-drewniana-pergola\/#breadcrumb"},"inLanguage":"pl-PL","potentialAction":[{"@type":"ReadAction","target":["https:\/\/gardeon.pl\/pl\/blog\/goraca-nowosc-gardeon-drewniana-pergola\/"]}]},{"@type":"ImageObject","inLanguage":"pl-PL","@id":"https:\/\/gardeon.pl\/pl\/blog\/goraca-nowosc-gardeon-drewniana-pergola\/#primaryimage","url":"https:\/\/gardeon.pl\/wp-content\/uploads\/2021\/03\/gardeon-blog-pergola-1-scaled.jpg","contentUrl":"https:\/\/gardeon.pl\/wp-content\/uploads\/2021\/03\/gardeon-blog-pergola-1-scaled.jpg","width":1920,"height":2560,"caption":"Bia\u0142a pergola na dachu"},{"@type":"BreadcrumbList","@id":"https:\/\/gardeon.pl\/pl\/blog\/goraca-nowosc-gardeon-drewniana-pergola\/#breadcrumb","itemListElement":[{"@type":"ListItem","position":1,"name":"Domov","item":"https:\/\/gardeon.pl\/pl\/"},{"@type":"ListItem","position":2,"name":"Gor\u0105ca nowo\u015b\u0107 GARDEON \u2013 drewniana pergola!"}]},{"@type":"WebSite","@id":"https:\/\/gardeon.pl\/#website","url":"https:\/\/gardeon.pl\/","name":"GARDEON","description":"","potentialAction":[{"@type":"SearchAction","target":{"@type":"EntryPoint","urlTemplate":"https:\/\/gardeon.pl\/?s={search_term_string}"},"query-input":{"@type":"PropertyValueSpecification","valueRequired":true,"valueName":"search_term_string"}}],"inLanguage":"pl-PL"},{"@type":"Person","@id":"https:\/\/gardeon.pl\/#\/schema\/person\/a5762ca5f0790bf92774af0899379463","name":"editor","image":{"@type":"ImageObject","inLanguage":"pl-PL","@id":"https:\/\/secure.gravatar.com\/avatar\/2b748151c2c748327307fd289a91b3bdafdd9e64e2d000e65e53d6dcf11c5830?s=96&d=mm&r=g","url":"https:\/\/secure.gravatar.com\/avatar\/2b748151c2c748327307fd289a91b3bdafdd9e64e2d000e65e53d6dcf11c5830?s=96&d=mm&r=g","contentUrl":"https:\/\/secure.gravatar.com\/avatar\/2b748151c2c748327307fd289a91b3bdafdd9e64e2d000e65e53d6dcf11c5830?s=96&d=mm&r=g","caption":"editor"}}]}},"_links":{"self":[{"href":"https:\/\/gardeon.pl\/pl\/wp-json\/wp\/v2\/posts\/47757","targetHints":{"allow":["GET"]}}],"collection":[{"href":"https:\/\/gardeon.pl\/pl\/wp-json\/wp\/v2\/posts"}],"about":[{"href":"https:\/\/gardeon.pl\/pl\/wp-json\/wp\/v2\/types\/post"}],"author":[{"embeddable":true,"href":"https:\/\/gardeon.pl\/pl\/wp-json\/wp\/v2\/users\/2"}],"replies":[{"embeddable":true,"href":"https:\/\/gardeon.pl\/pl\/wp-json\/wp\/v2\/comments?post=47757"}],"version-history":[{"count":0,"href":"https:\/\/gardeon.pl\/pl\/wp-json\/wp\/v2\/posts\/47757\/revisions"}],"wp:featuredmedia":[{"embeddable":true,"href":"https:\/\/gardeon.pl\/pl\/wp-json\/wp\/v2\/media\/47759"}],"wp:attachment":[{"href":"https:\/\/gardeon.pl\/pl\/wp-json\/wp\/v2\/media?parent=47757"}],"wp:term":[{"taxonomy":"category","embeddable":true,"href":"https:\/\/gardeon.pl\/pl\/wp-json\/wp\/v2\/categories?post=47757"},{"taxonomy":"post_tag","embeddable":true,"href":"https:\/\/gardeon.pl\/pl\/wp-json\/wp\/v2\/tags?post=47757"}],"curies":[{"name":"wp","href":"https:\/\/api.w.org\/{rel}","templated":true}]}}