{"id":47758,"date":"2026-04-23T18:41:27","date_gmt":"2026-04-23T16:41:27","guid":{"rendered":"https:\/\/gardeon.pl\/?p=47758"},"modified":"2026-04-23T18:41:27","modified_gmt":"2026-04-23T16:41:27","slug":"najlepsze-ogrodowe-kaciki-wypoczynkowe-pod-zadaszeniem-inspiracje-od-naszych-klientow","status":"publish","type":"post","link":"https:\/\/gardeon.pl\/pl\/blog\/najlepsze-ogrodowe-kaciki-wypoczynkowe-pod-zadaszeniem-inspiracje-od-naszych-klientow\/","title":{"rendered":"Najlepsze ogrodowe k\u0105ciki wypoczynkowe pod zadaszeniem | Inspiracje od naszych klient\u00f3w"},"content":{"rendered":"<p><em>Nawet negatywne rzeczy mog\u0105 przynie\u015b\u0107 nam co\u015b pozytywnego. Na przyk\u0142ad dzi\u0119ki lockdownowi mieli\u015bmy by\u0107 mo\u017ce wi\u0119cej czasu, aby zwr\u00f3ci\u0107 uwag\u0119 na to, co mamy w domu, we w\u0142asnym ogrodzie, tu\u017c pod nosem. Czy odkryli Pa\u0144stwo, \u017ce brakuje Pa\u0144stwu przy domu miejsca, gdzie mo\u017cna cieszy\u0107 si\u0119 chwilami wolnego czasu i odpoczynku? Zainspirujcie si\u0119 naszymi klientami, kt\u00f3rzy pod zadaszeniem stworzyli relaksuj\u0105c\u0105 atmosfer\u0119 i urz\u0105dzili je tak, aby mogli tam odpoczywa\u0107 lub przyjemnie sp\u0119dza\u0107 czas z rodzin\u0105 i przyjaci\u00f3\u0142mi.   <\/em><\/p>\n<p><!--more--><\/p>\n<p><img loading=\"lazy\" decoding=\"async\" class=\"aligncenter wp-image-28876\" src=\"http:\/\/gardeon.pl\/wp-content\/uploads\/2020\/10\/GARDEON-foto-od-zakaznikov-94.jpg\" alt=\"K\u0105cik wypoczynkowy pod zadaszeniem domku ogrodowego\" width=\"800\" height=\"600\" srcset=\"https:\/\/gardeon.pl\/wp-content\/uploads\/2020\/10\/GARDEON-foto-od-zakaznikov-94.jpg 1500w, https:\/\/gardeon.pl\/wp-content\/uploads\/2020\/10\/GARDEON-foto-od-zakaznikov-94-300x225.jpg 300w, https:\/\/gardeon.pl\/wp-content\/uploads\/2020\/10\/GARDEON-foto-od-zakaznikov-94-1024x768.jpg 1024w, https:\/\/gardeon.pl\/wp-content\/uploads\/2020\/10\/GARDEON-foto-od-zakaznikov-94-768x576.jpg 768w\" sizes=\"auto, (max-width: 800px) 100vw, 800px\" \/><\/p>\n<p><img loading=\"lazy\" decoding=\"async\" class=\"aligncenter wp-image-28872\" src=\"http:\/\/gardeon.pl\/wp-content\/uploads\/2020\/10\/GARDEON-foto-od-zakaznikov-92.png\" alt=\"Domek ogrodowy z psem w ogrodzie\" width=\"800\" height=\"477\" srcset=\"https:\/\/gardeon.pl\/wp-content\/uploads\/2020\/10\/GARDEON-foto-od-zakaznikov-92.png 1179w, https:\/\/gardeon.pl\/wp-content\/uploads\/2020\/10\/GARDEON-foto-od-zakaznikov-92-300x179.png 300w, https:\/\/gardeon.pl\/wp-content\/uploads\/2020\/10\/GARDEON-foto-od-zakaznikov-92-1024x611.png 1024w, https:\/\/gardeon.pl\/wp-content\/uploads\/2020\/10\/GARDEON-foto-od-zakaznikov-92-768x458.png 768w\" sizes=\"auto, (max-width: 800px) 100vw, 800px\" \/><\/p>\n<p>Nie maj\u0105 Pa\u0144stwo odpowiedniego miejsca na posi\u0142ki na \u015bwie\u017cym powietrzu bezpo\u015brednio przy domu? Prosz\u0119 wykorzysta\u0107 do tego <a href=\"http:\/\/gardeon.pl\/konfigurator\/pristresok\">montowan\u0105 wiat\u0119<\/a>, kt\u00f3ra zapewni idealn\u0105 przestrze\u0144 do spotka\u0144 z rodzin\u0105 czy przyjaci\u00f3\u0142mi. Dach ochroni Pa\u0144stwa zar\u00f3wno przed pal\u0105cym s\u0142o\u0144cem, jak i przed letnim deszczem, a Pa\u0144stwo b\u0119d\u0105 mogli cieszy\u0107 si\u0119 na przyk\u0142ad rodzinnym obiadem na \u015bwie\u017cym powietrzu.  <\/p>\n<p>Warto przy tym pami\u0119ta\u0107 o wystarczaj\u0105co du\u017cej, utwardzonej powierzchni, tak aby mo\u017cna by\u0142o \u0142atwo ustawi\u0107 meble ogrodowe tam, gdzie jest najprzyjemniej \u2013 wiosn\u0105 i jesieni\u0105 w s\u0142o\u0144cu, kt\u00f3re przyjemnie grzeje, latem za\u015b raczej w cieniu. Na utwardzonej powierzchni mo\u017cna bezpiecznie postawi\u0107 r\u00f3wnie\u017c <a href=\"https:\/\/gardeon.pl\/pl\/?p=46179\">grill ogrodowy<\/a>. Je\u015bli wybior\u0105 Pa\u0144stwo meble rattanowe, kt\u00f3re s\u0105 lekkie i wytrzyma\u0142e, b\u0119dzie si\u0119 nimi \u0142atwo manipulowa\u0107.  <\/p>\n<p><img loading=\"lazy\" decoding=\"async\" class=\"aligncenter wp-image-28546\" src=\"http:\/\/gardeon.pl\/wp-content\/uploads\/2020\/10\/GARDEON-foto-od-zakaznikov-50-scaled.jpeg\" alt=\"Przednia cz\u0119\u015b\u0107 bia\u0142ego domku z zadaszeniem za ogrodem\" width=\"800\" height=\"600\" srcset=\"https:\/\/gardeon.pl\/wp-content\/uploads\/2020\/10\/GARDEON-foto-od-zakaznikov-50-scaled.jpeg 2560w, https:\/\/gardeon.pl\/wp-content\/uploads\/2020\/10\/GARDEON-foto-od-zakaznikov-50-300x225.jpeg 300w, https:\/\/gardeon.pl\/wp-content\/uploads\/2020\/10\/GARDEON-foto-od-zakaznikov-50-1024x768.jpeg 1024w, https:\/\/gardeon.pl\/wp-content\/uploads\/2020\/10\/GARDEON-foto-od-zakaznikov-50-768x576.jpeg 768w, https:\/\/gardeon.pl\/wp-content\/uploads\/2020\/10\/GARDEON-foto-od-zakaznikov-50-1536x1152.jpeg 1536w, https:\/\/gardeon.pl\/wp-content\/uploads\/2020\/10\/GARDEON-foto-od-zakaznikov-50-2048x1536.jpeg 2048w, https:\/\/gardeon.pl\/wp-content\/uploads\/2020\/10\/GARDEON-foto-od-zakaznikov-50-scaled-1200x900-cropped.jpeg 1200w\" sizes=\"auto, (max-width: 800px) 100vw, 800px\" \/><\/p>\n<p><img loading=\"lazy\" decoding=\"async\" class=\"aligncenter wp-image-28542\" src=\"http:\/\/gardeon.pl\/wp-content\/uploads\/2020\/10\/GARDEON-foto-od-zakaznikov-48-scaled.jpg\" alt=\"Bia\u0142y domek ogrodowy z zadaszeniem za ogrodem\" width=\"800\" height=\"1422\" srcset=\"https:\/\/gardeon.pl\/wp-content\/uploads\/2020\/10\/GARDEON-foto-od-zakaznikov-48-scaled.jpg 1440w, https:\/\/gardeon.pl\/wp-content\/uploads\/2020\/10\/GARDEON-foto-od-zakaznikov-48-169x300.jpg 169w, https:\/\/gardeon.pl\/wp-content\/uploads\/2020\/10\/GARDEON-foto-od-zakaznikov-48-576x1024.jpg 576w, https:\/\/gardeon.pl\/wp-content\/uploads\/2020\/10\/GARDEON-foto-od-zakaznikov-48-768x1365.jpg 768w, https:\/\/gardeon.pl\/wp-content\/uploads\/2020\/10\/GARDEON-foto-od-zakaznikov-48-864x1536.jpg 864w, https:\/\/gardeon.pl\/wp-content\/uploads\/2020\/10\/GARDEON-foto-od-zakaznikov-48-1152x2048.jpg 1152w\" sizes=\"auto, (max-width: 800px) 100vw, 800px\" \/><\/p>\n<p><img loading=\"lazy\" decoding=\"async\" class=\"aligncenter wp-image-28548\" src=\"http:\/\/gardeon.pl\/wp-content\/uploads\/2020\/10\/GARDEON-foto-od-zakaznikov-51-scaled.jpg\" alt=\"K\u0105cik wypoczynkowy pod zadaszeniem domku ogrodowego\" width=\"800\" height=\"450\" srcset=\"https:\/\/gardeon.pl\/wp-content\/uploads\/2020\/10\/GARDEON-foto-od-zakaznikov-51-scaled.jpg 2560w, https:\/\/gardeon.pl\/wp-content\/uploads\/2020\/10\/GARDEON-foto-od-zakaznikov-51-300x169.jpg 300w, https:\/\/gardeon.pl\/wp-content\/uploads\/2020\/10\/GARDEON-foto-od-zakaznikov-51-1024x576.jpg 1024w, https:\/\/gardeon.pl\/wp-content\/uploads\/2020\/10\/GARDEON-foto-od-zakaznikov-51-768x432.jpg 768w, https:\/\/gardeon.pl\/wp-content\/uploads\/2020\/10\/GARDEON-foto-od-zakaznikov-51-1536x864.jpg 1536w, https:\/\/gardeon.pl\/wp-content\/uploads\/2020\/10\/GARDEON-foto-od-zakaznikov-51-2048x1152.jpg 2048w\" sizes=\"auto, (max-width: 800px) 100vw, 800px\" \/><\/p>\n<p>Aby k\u0105cik wypoczynkowy w ogrodzie by\u0142 przyjemny w ka\u017cd\u0105 pogod\u0119, dobrze jest chroni\u0107 go nie tylko od g\u00f3ry. \u015aciany boczne zapewni\u0105 ochron\u0119 przed wiatrem, kroplami deszczu, kt\u00f3re wiatr zanosi r\u00f3wnie\u017c pod dach, przed nisko stoj\u0105cym popo\u0142udniowym s\u0142o\u0144cem czy spojrzeniami z ulicy. Altank\u0119 ogrodow\u0105 mo\u017cna umie\u015bci\u0107 na przyk\u0142ad przy nieprzejrzystym p\u0142ocie, kt\u00f3ry stworzy niezawodn\u0105 barier\u0119, ale nasze montowane stalowe wiaty mo\u017cna r\u00f3wnie\u017c uzupe\u0142ni\u0107 o wype\u0142nienia \u015bcian bocznych, kt\u00f3re spe\u0142ni\u0105 funkcj\u0119 ochronn\u0105 i estetyczn\u0105.  <\/p>\n<p>Bardzo praktyczne jest r\u00f3wnie\u017c po\u0142\u0105czenie wiaty z <a href=\"http:\/\/gardeon.pl\/zahradne-domceky\/\">domkiem ogrodowym<\/a>. I oczywi\u015bcie, doskona\u0142ym uzupe\u0142nieniem tajemniczego k\u0105cika wypoczynkowego jest ziele\u0144 \u2013 drzewa, krzewy, trawy czy wy\u017csze kwiaty ochroni\u0105 przed ciekawskimi spojrzeniami, a widok na zadban\u0105 rabat\u0119 jednocze\u015bnie stworzy przytuln\u0105 atmosfer\u0119. <\/p>\n<p><img loading=\"lazy\" decoding=\"async\" class=\"aligncenter wp-image-28809\" src=\"http:\/\/gardeon.pl\/wp-content\/uploads\/2020\/10\/GARDEON-foto-od-zakaznikov-87.jpg\" alt=\"Bia\u0142y domek z psem\" width=\"800\" height=\"601\" srcset=\"https:\/\/gardeon.pl\/wp-content\/uploads\/2020\/10\/GARDEON-foto-od-zakaznikov-87.jpg 1500w, https:\/\/gardeon.pl\/wp-content\/uploads\/2020\/10\/GARDEON-foto-od-zakaznikov-87-300x225.jpg 300w, https:\/\/gardeon.pl\/wp-content\/uploads\/2020\/10\/GARDEON-foto-od-zakaznikov-87-1024x769.jpg 1024w, https:\/\/gardeon.pl\/wp-content\/uploads\/2020\/10\/GARDEON-foto-od-zakaznikov-87-768x577.jpg 768w\" sizes=\"auto, (max-width: 800px) 100vw, 800px\" \/><\/p>\n<p><img loading=\"lazy\" decoding=\"async\" class=\"aligncenter wp-image-28807\" src=\"http:\/\/gardeon.pl\/wp-content\/uploads\/2020\/10\/GARDEON-foto-od-zakaznikov-86.jpg\" alt=\"Bia\u0142y domek ogrodowy z przodu\" width=\"800\" height=\"601\" srcset=\"https:\/\/gardeon.pl\/wp-content\/uploads\/2020\/10\/GARDEON-foto-od-zakaznikov-86.jpg 1500w, https:\/\/gardeon.pl\/wp-content\/uploads\/2020\/10\/GARDEON-foto-od-zakaznikov-86-300x225.jpg 300w, https:\/\/gardeon.pl\/wp-content\/uploads\/2020\/10\/GARDEON-foto-od-zakaznikov-86-1024x769.jpg 1024w, https:\/\/gardeon.pl\/wp-content\/uploads\/2020\/10\/GARDEON-foto-od-zakaznikov-86-768x577.jpg 768w\" sizes=\"auto, (max-width: 800px) 100vw, 800px\" \/><\/p>\n<p><img loading=\"lazy\" decoding=\"async\" class=\"aligncenter wp-image-28805\" src=\"http:\/\/gardeon.pl\/wp-content\/uploads\/2020\/10\/GARDEON-foto-od-zakaznikov-85.jpg\" alt=\"Bia\u0142y domek ogrodowy z lewej strony\" width=\"800\" height=\"601\" srcset=\"https:\/\/gardeon.pl\/wp-content\/uploads\/2020\/10\/GARDEON-foto-od-zakaznikov-85.jpg 1500w, https:\/\/gardeon.pl\/wp-content\/uploads\/2020\/10\/GARDEON-foto-od-zakaznikov-85-300x225.jpg 300w, https:\/\/gardeon.pl\/wp-content\/uploads\/2020\/10\/GARDEON-foto-od-zakaznikov-85-1024x769.jpg 1024w, https:\/\/gardeon.pl\/wp-content\/uploads\/2020\/10\/GARDEON-foto-od-zakaznikov-85-768x577.jpg 768w\" sizes=\"auto, (max-width: 800px) 100vw, 800px\" \/><\/p>\n<p>Planuj\u0105c miejsce do siedzenia w ogrodzie, warto pomy\u015ble\u0107 nie tylko o ochronie przed niepogod\u0105 czy niechcianymi spojrzeniami, ale tak\u017ce o tym, co b\u0119dzie w otoczeniu altanki ogrodowej. Mo\u017cna przy niej na przyk\u0142ad posadzi\u0107 pachn\u0105ce rabaty kwiatowe, zrobi\u0107 skalniak czy pozwoli\u0107, aby p\u0142ot por\u00f3s\u0142 ro\u015blinami pn\u0105cymi. W ten spos\u00f3b stworz\u0105 Pa\u0144stwo wok\u00f3\u0142 zadaszenia z miejscem do siedzenia zielon\u0105 oaz\u0119 idealn\u0105 do odpoczynku, na przyk\u0142ad z ksi\u0105\u017ck\u0105 w r\u0119ku czy z fili\u017cank\u0105 dobrej kawy. Jednocze\u015bnie nale\u017cy jednak pami\u0119ta\u0107 o wygodnym dost\u0119pie do miejsca do siedzenia \u2013 nawet z wspomnian\u0105 kaw\u0105 na tacy.   <\/p>\n<p>Je\u015bli chc\u0105 Pa\u0144stwo grillowa\u0107 w ogrodzie i wykorzystywa\u0107 zadaszenie jako zadaszone miejsce do siedzenia, nie powinni Pa\u0144stwo zapomnie\u0107 o odpowiedniej utwardzonej powierzchni. Powinna by\u0107 ona wystarczaj\u0105co du\u017ca nie tylko do bezpiecznego ustawienia grilla, ale tak\u017ce do ewentualnego dostawienia stolika czy innych powierzchni do odk\u0142adania, potrzebnych do przygotowania lub po\u0142o\u017cenia sk\u0142adnik\u00f3w i narz\u0119dzi. Do prac przygotowawczych bardzo praktycznie mo\u017cna wykorzysta\u0107 r\u00f3wnie\u017c domek ogrodowy, kt\u00f3ry mo\u017ce by\u0107 bezpo\u015brednio cz\u0119\u015bci\u0105 montowanej stalowej wiaty z naszej oferty. Sprytnie jest r\u00f3wnie\u017c, je\u015bli w zasi\u0119gu r\u0119ki znajduj\u0105 si\u0119 rabaty z warzywami lub zio\u0142ami do przyprawiania oraz kran z wod\u0105.   <\/p>\n<p><img loading=\"lazy\" decoding=\"async\" class=\"aligncenter wp-image-27852\" src=\"http:\/\/gardeon.pl\/wp-content\/uploads\/2020\/09\/GARDEON-foto-od-zakaznikov-27-scaled.jpg\" alt=\"Domek ogrodowy z zadaszeniem po lewej i prawej stronie\" width=\"800\" height=\"378\" srcset=\"https:\/\/gardeon.pl\/wp-content\/uploads\/2020\/09\/GARDEON-foto-od-zakaznikov-27-scaled.jpg 2560w, https:\/\/gardeon.pl\/wp-content\/uploads\/2020\/09\/GARDEON-foto-od-zakaznikov-27-300x142.jpg 300w, https:\/\/gardeon.pl\/wp-content\/uploads\/2020\/09\/GARDEON-foto-od-zakaznikov-27-1024x485.jpg 1024w, https:\/\/gardeon.pl\/wp-content\/uploads\/2020\/09\/GARDEON-foto-od-zakaznikov-27-768x363.jpg 768w, https:\/\/gardeon.pl\/wp-content\/uploads\/2020\/09\/GARDEON-foto-od-zakaznikov-27-1536x727.jpg 1536w, https:\/\/gardeon.pl\/wp-content\/uploads\/2020\/09\/GARDEON-foto-od-zakaznikov-27-2048x969.jpg 2048w\" sizes=\"auto, (max-width: 800px) 100vw, 800px\" \/><\/p>\n<p><img loading=\"lazy\" decoding=\"async\" class=\"aligncenter wp-image-27848\" src=\"http:\/\/gardeon.pl\/wp-content\/uploads\/2020\/09\/GARDEON-foto-od-zakaznikov-26-scaled.jpg\" alt=\"Domek ogrodowy z dwoma zadaszeniami\" width=\"800\" height=\"378\" srcset=\"https:\/\/gardeon.pl\/wp-content\/uploads\/2020\/09\/GARDEON-foto-od-zakaznikov-26-scaled.jpg 2560w, https:\/\/gardeon.pl\/wp-content\/uploads\/2020\/09\/GARDEON-foto-od-zakaznikov-26-300x142.jpg 300w, https:\/\/gardeon.pl\/wp-content\/uploads\/2020\/09\/GARDEON-foto-od-zakaznikov-26-1024x485.jpg 1024w, https:\/\/gardeon.pl\/wp-content\/uploads\/2020\/09\/GARDEON-foto-od-zakaznikov-26-768x363.jpg 768w, https:\/\/gardeon.pl\/wp-content\/uploads\/2020\/09\/GARDEON-foto-od-zakaznikov-26-1536x727.jpg 1536w, https:\/\/gardeon.pl\/wp-content\/uploads\/2020\/09\/GARDEON-foto-od-zakaznikov-26-2048x969.jpg 2048w, https:\/\/gardeon.pl\/wp-content\/uploads\/2020\/09\/GARDEON-foto-od-zakaznikov-26-scaled-1200x568.jpg 1200w\" sizes=\"auto, (max-width: 800px) 100vw, 800px\" \/><\/p>\n<p><img loading=\"lazy\" decoding=\"async\" class=\"aligncenter wp-image-29108\" src=\"http:\/\/gardeon.pl\/wp-content\/uploads\/2020\/10\/GARDEON-foto-od-zakaznikov-101.jpg\" alt=\"Przytulny domek ogrodowy z miejscem do siedzenia\" width=\"800\" height=\"379\" srcset=\"https:\/\/gardeon.pl\/wp-content\/uploads\/2020\/10\/GARDEON-foto-od-zakaznikov-101.jpg 1200w, https:\/\/gardeon.pl\/wp-content\/uploads\/2020\/10\/GARDEON-foto-od-zakaznikov-101-300x142.jpg 300w, https:\/\/gardeon.pl\/wp-content\/uploads\/2020\/10\/GARDEON-foto-od-zakaznikov-101-1024x485.jpg 1024w, https:\/\/gardeon.pl\/wp-content\/uploads\/2020\/10\/GARDEON-foto-od-zakaznikov-101-768x364.jpg 768w\" sizes=\"auto, (max-width: 800px) 100vw, 800px\" \/><\/p>\n<p><img loading=\"lazy\" decoding=\"async\" class=\"aligncenter wp-image-27440\" src=\"http:\/\/gardeon.pl\/wp-content\/uploads\/2020\/07\/GARDEON-foto-od-zakaznikov-4.jpg\" alt=\"Domek ogrodowy z altan\u0105\" width=\"800\" height=\"600\" srcset=\"https:\/\/gardeon.pl\/wp-content\/uploads\/2020\/07\/GARDEON-foto-od-zakaznikov-4.jpg 2048w, https:\/\/gardeon.pl\/wp-content\/uploads\/2020\/07\/GARDEON-foto-od-zakaznikov-4-300x225.jpg 300w, https:\/\/gardeon.pl\/wp-content\/uploads\/2020\/07\/GARDEON-foto-od-zakaznikov-4-1024x768.jpg 1024w, https:\/\/gardeon.pl\/wp-content\/uploads\/2020\/07\/GARDEON-foto-od-zakaznikov-4-768x576.jpg 768w, https:\/\/gardeon.pl\/wp-content\/uploads\/2020\/07\/GARDEON-foto-od-zakaznikov-4-1536x1152.jpg 1536w\" sizes=\"auto, (max-width: 800px) 100vw, 800px\" \/><\/p>\n<p>Mo\u017cliwo\u015bci wykorzystania altany czy pergoli zasadniczo wp\u0142yn\u0105 na meble ogrodowe, kt\u00f3re zostan\u0105 tam umieszczone. Wyboru nale\u017cy dokona\u0107 przede wszystkim pod k\u0105tem przeznaczenia \u2013 czy chc\u0105 Pa\u0144stwo g\u0142\u00f3wnie jada\u0107 posi\u0142ki w ogrodzie i potrzebuj\u0105 \u201ejadalni na \u015bwie\u017cym powietrzu\u201d, czy te\u017c g\u0142\u00f3wnie odpoczywa\u0107 w wygodnym fotelu, wi\u0119c pod Pa\u0144stwa zadaszeniem powinno powsta\u0107 raczej \u201esalon na \u015bwie\u017cym powietrzu\u201d. Kolejnym kryterium wyboru powinien by\u0107 materia\u0142, z kt\u00f3rego wykonane s\u0105 meble ogrodowe. Z tego bowiem wynika nie tylko ich wygl\u0105d, ale tak\u017ce wymagania dotycz\u0105ce ochrony i konserwacji.   <\/p>\n<p>Na przyk\u0142ad drewniane meble ogrodowe pasuj\u0105 przede wszystkim do ogrod\u00f3w o tradycyjnej lub ekologicznej koncepcji. Nale\u017cy liczy\u0107 si\u0119 z tym, \u017ce wymagaj\u0105 regularnej konserwacji w postaci nowej pow\u0142oki i ochrony przed niepogod\u0105. Metalowe meble ogrodowe mog\u0105 mie\u0107 romantyczny, wiejski lub nowoczesny design. Obecnie s\u0105 one wykonane z lekkich materia\u0142\u00f3w, dzi\u0119ki czemu w razie potrzeby \u0142atwo je przestawi\u0107, a dzi\u0119ki obr\u00f3bce powierzchniowej s\u0105 odporne i nie wymagaj\u0105 skomplikowanej konserwacji. Bardzo popularne s\u0105 obecnie zw\u0142aszcza meble ogrodowe z technorattanu, kt\u00f3re \u0142\u0105cz\u0105 w sobie przyjemny wygl\u0105d i wiele praktycznych w\u0142a\u015bciwo\u015bci \u2013 s\u0105 lekkie, wytrzyma\u0142e, odporne na promieniowanie UV i nie przeszkadza im nawet deszcz.    <\/p>\n<p>Przed nowym sezonem mo\u017cna je \u0142atwo doprowadzi\u0107 do formy za pomoc\u0105 myjki ci\u015bnieniowej, a zdejmowane poduszki nie tylko zwi\u0119ksz\u0105 komfort, ale tak\u017ce pozwol\u0105 na dopasowanie kolorystyczne. Lepiej jednak unika\u0107 podejrzanie tanich mebli rattanowych, w przypadku kt\u00f3rych istnieje ryzyko, \u017ce pos\u0142u\u017c\u0105 Pa\u0144stwu tylko przez jeden sezon. Nawet wysokiej jako\u015bci rattanowe meble ogrodowe nie musz\u0105 by\u0107 nadmiernie drogie, a ich zalet\u0105 jest znacznie d\u0142u\u017csza \u017cywotno\u015b\u0107.  <\/p>\n<p><img loading=\"lazy\" decoding=\"async\" class=\"aligncenter wp-image-30771\" src=\"http:\/\/gardeon.pl\/wp-content\/uploads\/2021\/02\/GARDEON-foto-od-zakaznikov-188.jpeg\" alt=\"Domek ogrodowy z lampionami\" width=\"800\" height=\"600\" srcset=\"https:\/\/gardeon.pl\/wp-content\/uploads\/2021\/02\/GARDEON-foto-od-zakaznikov-188.jpeg 640w, https:\/\/gardeon.pl\/wp-content\/uploads\/2021\/02\/GARDEON-foto-od-zakaznikov-188-300x225.jpeg 300w\" sizes=\"auto, (max-width: 800px) 100vw, 800px\" \/><\/p>\n<p>Aby w pe\u0142ni cieszy\u0107 si\u0119 swoim ogrodowym k\u0105cikiem wypoczynkowym, nie powinni Pa\u0144stwo zapomnie\u0107 o o\u015bwietleniu. Dzi\u0119ki niemu mog\u0105 Pa\u0144stwo delektowa\u0107 si\u0119 romantyczn\u0105 atmosfer\u0105 ciep\u0142ych letnich wieczor\u00f3w lub przed\u0142u\u017cy\u0107 czas sp\u0119dzony przy wsp\u00f3lnym stole z rodzin\u0105 czy podczas grillowania z przyjaci\u00f3\u0142mi. <\/p>\n<p>Idealnym uzupe\u0142nieniem altany ogrodowej s\u0105 lampy LED odpowiednie do u\u017cytku zewn\u0119trznego, kt\u00f3re s\u0105 energooszcz\u0119dne i maj\u0105 d\u0142ug\u0105 \u017cywotno\u015b\u0107. Je\u015bli nie maj\u0105 Pa\u0144stwo doprowadzonej elektryczno\u015bci do altany, prosz\u0119 wybra\u0107 lampy na baterie lub lampy solarne, kt\u00f3re w ci\u0105gu dnia na\u0142aduj\u0105 akumulator za pomoc\u0105 \u015bwiat\u0142a s\u0142onecznego. <\/p>\n<p><img loading=\"lazy\" decoding=\"async\" class=\"aligncenter wp-image-30773\" src=\"http:\/\/gardeon.pl\/wp-content\/uploads\/2021\/02\/GARDEON-foto-od-zakaznikov-189.jpeg\" alt=\"Domek ogrodowy z zadaszeniem\" width=\"800\" height=\"600\" srcset=\"https:\/\/gardeon.pl\/wp-content\/uploads\/2021\/02\/GARDEON-foto-od-zakaznikov-189.jpeg 640w, https:\/\/gardeon.pl\/wp-content\/uploads\/2021\/02\/GARDEON-foto-od-zakaznikov-189-300x225.jpeg 300w\" sizes=\"auto, (max-width: 800px) 100vw, 800px\" \/><\/p>\n<p>Co doda\u0107 na koniec? Je\u015bli chc\u0105 Pa\u0144stwo naprawd\u0119 cieszy\u0107 si\u0119 miejscem do siedzenia w ogrodzie, powinni Pa\u0144stwo wcze\u015bniej przemy\u015ble\u0107 wszystko, czego oczekuj\u0105 od zadaszenia ogrodowego. Niezale\u017cnie od tego, czy zdecyduj\u0105 si\u0119 Pa\u0144stwo na zadaszenie po\u0142\u0105czone z domkiem ogrodowym, czy na samodzieln\u0105 altan\u0119 ogrodow\u0105, w naszej ofercie bardzo \u0142atwo znajd\u0105 Pa\u0144stwo odpowiednie wymiary i wygl\u0105d.  <\/p>\n<p>Tania pergola z pewno\u015bci\u0105 nie zapewni Pa\u0144stwu niezawodnej ochrony w ka\u017cd\u0105 pogod\u0119, jakiej mog\u0105 Pa\u0144stwo oczekiwa\u0107 od naszych montowanych metalowych wiat. Dzi\u0119ki stabilnej konstrukcji i wysokiej jako\u015bci materia\u0142om b\u0119d\u0105 one s\u0142u\u017cy\u0107 Pa\u0144stwu przez d\u0142ugie lata \u2013 latem znajd\u0105 Pa\u0144stwo pod nimi upragniony cie\u0144, zim\u0105 mo\u017cna tu pozostawi\u0107 nawet meble ogrodowe, kt\u00f3re pod solidnym dachem b\u0119d\u0105 chronione przed \u015bniegiem i deszczem. <\/p>\n<p>&nbsp;<\/p>\n<h5>\u0179r\u00f3d\u0142o:<\/h5>\n<h5>Fotobank GARDEON<\/h5>\n<h5>Za udost\u0119pnione zdj\u0119cia dzi\u0119kujemy naszym klientom. :)<\/h5>\n","protected":false},"excerpt":{"rendered":"<p>Nawet negatywne rzeczy mog\u0105 przynie\u015b\u0107 nam co\u015b pozytywnego. Na przyk\u0142ad dzi\u0119ki lockdownowi mieli\u015bmy by\u0107 mo\u017ce wi\u0119cej czasu, aby zwr\u00f3ci\u0107 uwag\u0119 na to, co mamy w domu, we w\u0142asnym ogrodzie, tu\u017c pod nosem. Czy odkryli Pa\u0144stwo, \u017ce brakuje Pa\u0144stwu przy domu miejsca, gdzie mo\u017cna cieszy\u0107 si\u0119 chwilami wolnego czasu i odpoczynku? Zainspirujcie si\u0119 naszymi klientami, kt\u00f3rzy [&hellip;]<\/p>\n","protected":false},"author":2,"featured_media":46296,"comment_status":"open","ping_status":"open","sticky":false,"template":"","format":"standard","meta":{"_acf_changed":false,"inline_featured_image":false,"footnotes":""},"categories":[607,594],"tags":[],"class_list":["post-47758","post","type-post","status-publish","format-standard","has-post-thumbnail","hentry","category-inspiracje","category-ogrod"],"acf":[],"yoast_head":"<!-- This site is optimized with the Yoast SEO plugin v27.4 - https:\/\/yoast.com\/product\/yoast-seo-wordpress\/ -->\n<title>Najlepsze ogrodowe k\u0105ciki wypoczynkowe pod zadaszeniem | Inspiracje od naszych klient\u00f3w - GARDEON<\/title>\n<meta name=\"robots\" content=\"index, follow, max-snippet:-1, max-image-preview:large, max-video-preview:-1\" \/>\n<link rel=\"canonical\" href=\"https:\/\/gardeon.pl\/pl\/blog\/najlepsze-ogrodowe-kaciki-wypoczynkowe-pod-zadaszeniem-inspiracje-od-naszych-klientow\/\" \/>\n<meta property=\"og:locale\" content=\"pl_PL\" \/>\n<meta property=\"og:type\" content=\"article\" \/>\n<meta property=\"og:title\" content=\"Najlepsze ogrodowe k\u0105ciki wypoczynkowe pod zadaszeniem | Inspiracje od naszych klient\u00f3w - GARDEON\" \/>\n<meta property=\"og:description\" content=\"Nawet negatywne rzeczy mog\u0105 przynie\u015b\u0107 nam co\u015b pozytywnego. Na przyk\u0142ad dzi\u0119ki lockdownowi mieli\u015bmy by\u0107 mo\u017ce wi\u0119cej czasu, aby zwr\u00f3ci\u0107 uwag\u0119 na to, co mamy w domu, we w\u0142asnym ogrodzie, tu\u017c pod nosem. Czy odkryli Pa\u0144stwo, \u017ce brakuje Pa\u0144stwu przy domu miejsca, gdzie mo\u017cna cieszy\u0107 si\u0119 chwilami wolnego czasu i odpoczynku? Zainspirujcie si\u0119 naszymi klientami, kt\u00f3rzy [&hellip;]\" \/>\n<meta property=\"og:url\" content=\"https:\/\/gardeon.pl\/pl\/blog\/najlepsze-ogrodowe-kaciki-wypoczynkowe-pod-zadaszeniem-inspiracje-od-naszych-klientow\/\" \/>\n<meta property=\"og:site_name\" content=\"GARDEON\" \/>\n<meta property=\"article:published_time\" content=\"2026-04-23T16:41:27+00:00\" \/>\n<meta property=\"og:image\" content=\"http:\/\/gardeon.pl\/wp-content\/uploads\/2020\/07\/GARDEON-foto-od-zakaznikov-4.jpg\" \/>\n\t<meta property=\"og:image:width\" content=\"2048\" \/>\n\t<meta property=\"og:image:height\" content=\"1536\" \/>\n\t<meta property=\"og:image:type\" content=\"image\/jpeg\" \/>\n<meta name=\"author\" content=\"editor\" \/>\n<meta name=\"twitter:card\" content=\"summary_large_image\" \/>\n<meta name=\"twitter:label1\" content=\"Napisane przez\" \/>\n\t<meta name=\"twitter:data1\" content=\"editor\" \/>\n\t<meta name=\"twitter:label2\" content=\"Szacowany czas czytania\" \/>\n\t<meta name=\"twitter:data2\" content=\"6 minut\" \/>\n<script type=\"application\/ld+json\" class=\"yoast-schema-graph\">{\"@context\":\"https:\\\/\\\/schema.org\",\"@graph\":[{\"@type\":\"Article\",\"@id\":\"https:\\\/\\\/gardeon.pl\\\/pl\\\/blog\\\/najlepsze-ogrodowe-kaciki-wypoczynkowe-pod-zadaszeniem-inspiracje-od-naszych-klientow\\\/#article\",\"isPartOf\":{\"@id\":\"https:\\\/\\\/gardeon.pl\\\/pl\\\/blog\\\/najlepsze-ogrodowe-kaciki-wypoczynkowe-pod-zadaszeniem-inspiracje-od-naszych-klientow\\\/\"},\"author\":{\"name\":\"editor\",\"@id\":\"https:\\\/\\\/gardeon.pl\\\/#\\\/schema\\\/person\\\/a5762ca5f0790bf92774af0899379463\"},\"headline\":\"Najlepsze ogrodowe k\u0105ciki wypoczynkowe pod zadaszeniem | Inspiracje od naszych klient\u00f3w\",\"datePublished\":\"2026-04-23T16:41:27+00:00\",\"mainEntityOfPage\":{\"@id\":\"https:\\\/\\\/gardeon.pl\\\/pl\\\/blog\\\/najlepsze-ogrodowe-kaciki-wypoczynkowe-pod-zadaszeniem-inspiracje-od-naszych-klientow\\\/\"},\"wordCount\":1160,\"commentCount\":0,\"image\":{\"@id\":\"https:\\\/\\\/gardeon.pl\\\/pl\\\/blog\\\/najlepsze-ogrodowe-kaciki-wypoczynkowe-pod-zadaszeniem-inspiracje-od-naszych-klientow\\\/#primaryimage\"},\"thumbnailUrl\":\"https:\\\/\\\/gardeon.pl\\\/wp-content\\\/uploads\\\/2020\\\/07\\\/GARDEON-foto-od-zakaznikov-4.jpg\",\"articleSection\":[\"Inspiracje\",\"Ogr\u00f3d\"],\"inLanguage\":\"pl-PL\",\"potentialAction\":[{\"@type\":\"CommentAction\",\"name\":\"Comment\",\"target\":[\"https:\\\/\\\/gardeon.pl\\\/pl\\\/blog\\\/najlepsze-ogrodowe-kaciki-wypoczynkowe-pod-zadaszeniem-inspiracje-od-naszych-klientow\\\/#respond\"]}]},{\"@type\":\"WebPage\",\"@id\":\"https:\\\/\\\/gardeon.pl\\\/pl\\\/blog\\\/najlepsze-ogrodowe-kaciki-wypoczynkowe-pod-zadaszeniem-inspiracje-od-naszych-klientow\\\/\",\"url\":\"https:\\\/\\\/gardeon.pl\\\/pl\\\/blog\\\/najlepsze-ogrodowe-kaciki-wypoczynkowe-pod-zadaszeniem-inspiracje-od-naszych-klientow\\\/\",\"name\":\"Najlepsze ogrodowe k\u0105ciki wypoczynkowe pod zadaszeniem | Inspiracje od naszych klient\u00f3w - GARDEON\",\"isPartOf\":{\"@id\":\"https:\\\/\\\/gardeon.pl\\\/#website\"},\"primaryImageOfPage\":{\"@id\":\"https:\\\/\\\/gardeon.pl\\\/pl\\\/blog\\\/najlepsze-ogrodowe-kaciki-wypoczynkowe-pod-zadaszeniem-inspiracje-od-naszych-klientow\\\/#primaryimage\"},\"image\":{\"@id\":\"https:\\\/\\\/gardeon.pl\\\/pl\\\/blog\\\/najlepsze-ogrodowe-kaciki-wypoczynkowe-pod-zadaszeniem-inspiracje-od-naszych-klientow\\\/#primaryimage\"},\"thumbnailUrl\":\"https:\\\/\\\/gardeon.pl\\\/wp-content\\\/uploads\\\/2020\\\/07\\\/GARDEON-foto-od-zakaznikov-4.jpg\",\"datePublished\":\"2026-04-23T16:41:27+00:00\",\"author\":{\"@id\":\"https:\\\/\\\/gardeon.pl\\\/#\\\/schema\\\/person\\\/a5762ca5f0790bf92774af0899379463\"},\"breadcrumb\":{\"@id\":\"https:\\\/\\\/gardeon.pl\\\/pl\\\/blog\\\/najlepsze-ogrodowe-kaciki-wypoczynkowe-pod-zadaszeniem-inspiracje-od-naszych-klientow\\\/#breadcrumb\"},\"inLanguage\":\"pl-PL\",\"potentialAction\":[{\"@type\":\"ReadAction\",\"target\":[\"https:\\\/\\\/gardeon.pl\\\/pl\\\/blog\\\/najlepsze-ogrodowe-kaciki-wypoczynkowe-pod-zadaszeniem-inspiracje-od-naszych-klientow\\\/\"]}]},{\"@type\":\"ImageObject\",\"inLanguage\":\"pl-PL\",\"@id\":\"https:\\\/\\\/gardeon.pl\\\/pl\\\/blog\\\/najlepsze-ogrodowe-kaciki-wypoczynkowe-pod-zadaszeniem-inspiracje-od-naszych-klientow\\\/#primaryimage\",\"url\":\"https:\\\/\\\/gardeon.pl\\\/wp-content\\\/uploads\\\/2020\\\/07\\\/GARDEON-foto-od-zakaznikov-4.jpg\",\"contentUrl\":\"https:\\\/\\\/gardeon.pl\\\/wp-content\\\/uploads\\\/2020\\\/07\\\/GARDEON-foto-od-zakaznikov-4.jpg\",\"width\":2048,\"height\":1536,\"caption\":\"Domek ogrodowy z altan\u0105\"},{\"@type\":\"BreadcrumbList\",\"@id\":\"https:\\\/\\\/gardeon.pl\\\/pl\\\/blog\\\/najlepsze-ogrodowe-kaciki-wypoczynkowe-pod-zadaszeniem-inspiracje-od-naszych-klientow\\\/#breadcrumb\",\"itemListElement\":[{\"@type\":\"ListItem\",\"position\":1,\"name\":\"Domov\",\"item\":\"https:\\\/\\\/gardeon.pl\\\/pl\\\/\"},{\"@type\":\"ListItem\",\"position\":2,\"name\":\"Najlepsze ogrodowe k\u0105ciki wypoczynkowe pod zadaszeniem | Inspiracje od naszych klient\u00f3w\"}]},{\"@type\":\"WebSite\",\"@id\":\"https:\\\/\\\/gardeon.pl\\\/#website\",\"url\":\"https:\\\/\\\/gardeon.pl\\\/\",\"name\":\"GARDEON\",\"description\":\"\",\"potentialAction\":[{\"@type\":\"SearchAction\",\"target\":{\"@type\":\"EntryPoint\",\"urlTemplate\":\"https:\\\/\\\/gardeon.pl\\\/?s={search_term_string}\"},\"query-input\":{\"@type\":\"PropertyValueSpecification\",\"valueRequired\":true,\"valueName\":\"search_term_string\"}}],\"inLanguage\":\"pl-PL\"},{\"@type\":\"Person\",\"@id\":\"https:\\\/\\\/gardeon.pl\\\/#\\\/schema\\\/person\\\/a5762ca5f0790bf92774af0899379463\",\"name\":\"editor\",\"image\":{\"@type\":\"ImageObject\",\"inLanguage\":\"pl-PL\",\"@id\":\"https:\\\/\\\/secure.gravatar.com\\\/avatar\\\/2b748151c2c748327307fd289a91b3bdafdd9e64e2d000e65e53d6dcf11c5830?s=96&d=mm&r=g\",\"url\":\"https:\\\/\\\/secure.gravatar.com\\\/avatar\\\/2b748151c2c748327307fd289a91b3bdafdd9e64e2d000e65e53d6dcf11c5830?s=96&d=mm&r=g\",\"contentUrl\":\"https:\\\/\\\/secure.gravatar.com\\\/avatar\\\/2b748151c2c748327307fd289a91b3bdafdd9e64e2d000e65e53d6dcf11c5830?s=96&d=mm&r=g\",\"caption\":\"editor\"}}]}<\/script>\n<!-- \/ Yoast SEO plugin. -->","yoast_head_json":{"title":"Najlepsze ogrodowe k\u0105ciki wypoczynkowe pod zadaszeniem | Inspiracje od naszych klient\u00f3w - GARDEON","robots":{"index":"index","follow":"follow","max-snippet":"max-snippet:-1","max-image-preview":"max-image-preview:large","max-video-preview":"max-video-preview:-1"},"canonical":"https:\/\/gardeon.pl\/pl\/blog\/najlepsze-ogrodowe-kaciki-wypoczynkowe-pod-zadaszeniem-inspiracje-od-naszych-klientow\/","og_locale":"pl_PL","og_type":"article","og_title":"Najlepsze ogrodowe k\u0105ciki wypoczynkowe pod zadaszeniem | Inspiracje od naszych klient\u00f3w - GARDEON","og_description":"Nawet negatywne rzeczy mog\u0105 przynie\u015b\u0107 nam co\u015b pozytywnego. Na przyk\u0142ad dzi\u0119ki lockdownowi mieli\u015bmy by\u0107 mo\u017ce wi\u0119cej czasu, aby zwr\u00f3ci\u0107 uwag\u0119 na to, co mamy w domu, we w\u0142asnym ogrodzie, tu\u017c pod nosem. Czy odkryli Pa\u0144stwo, \u017ce brakuje Pa\u0144stwu przy domu miejsca, gdzie mo\u017cna cieszy\u0107 si\u0119 chwilami wolnego czasu i odpoczynku? Zainspirujcie si\u0119 naszymi klientami, kt\u00f3rzy [&hellip;]","og_url":"https:\/\/gardeon.pl\/pl\/blog\/najlepsze-ogrodowe-kaciki-wypoczynkowe-pod-zadaszeniem-inspiracje-od-naszych-klientow\/","og_site_name":"GARDEON","article_published_time":"2026-04-23T16:41:27+00:00","og_image":[{"width":2048,"height":1536,"url":"http:\/\/gardeon.pl\/wp-content\/uploads\/2020\/07\/GARDEON-foto-od-zakaznikov-4.jpg","type":"image\/jpeg"}],"author":"editor","twitter_card":"summary_large_image","twitter_misc":{"Napisane przez":"editor","Szacowany czas czytania":"6 minut"},"schema":{"@context":"https:\/\/schema.org","@graph":[{"@type":"Article","@id":"https:\/\/gardeon.pl\/pl\/blog\/najlepsze-ogrodowe-kaciki-wypoczynkowe-pod-zadaszeniem-inspiracje-od-naszych-klientow\/#article","isPartOf":{"@id":"https:\/\/gardeon.pl\/pl\/blog\/najlepsze-ogrodowe-kaciki-wypoczynkowe-pod-zadaszeniem-inspiracje-od-naszych-klientow\/"},"author":{"name":"editor","@id":"https:\/\/gardeon.pl\/#\/schema\/person\/a5762ca5f0790bf92774af0899379463"},"headline":"Najlepsze ogrodowe k\u0105ciki wypoczynkowe pod zadaszeniem | Inspiracje od naszych klient\u00f3w","datePublished":"2026-04-23T16:41:27+00:00","mainEntityOfPage":{"@id":"https:\/\/gardeon.pl\/pl\/blog\/najlepsze-ogrodowe-kaciki-wypoczynkowe-pod-zadaszeniem-inspiracje-od-naszych-klientow\/"},"wordCount":1160,"commentCount":0,"image":{"@id":"https:\/\/gardeon.pl\/pl\/blog\/najlepsze-ogrodowe-kaciki-wypoczynkowe-pod-zadaszeniem-inspiracje-od-naszych-klientow\/#primaryimage"},"thumbnailUrl":"https:\/\/gardeon.pl\/wp-content\/uploads\/2020\/07\/GARDEON-foto-od-zakaznikov-4.jpg","articleSection":["Inspiracje","Ogr\u00f3d"],"inLanguage":"pl-PL","potentialAction":[{"@type":"CommentAction","name":"Comment","target":["https:\/\/gardeon.pl\/pl\/blog\/najlepsze-ogrodowe-kaciki-wypoczynkowe-pod-zadaszeniem-inspiracje-od-naszych-klientow\/#respond"]}]},{"@type":"WebPage","@id":"https:\/\/gardeon.pl\/pl\/blog\/najlepsze-ogrodowe-kaciki-wypoczynkowe-pod-zadaszeniem-inspiracje-od-naszych-klientow\/","url":"https:\/\/gardeon.pl\/pl\/blog\/najlepsze-ogrodowe-kaciki-wypoczynkowe-pod-zadaszeniem-inspiracje-od-naszych-klientow\/","name":"Najlepsze ogrodowe k\u0105ciki wypoczynkowe pod zadaszeniem | Inspiracje od naszych klient\u00f3w - GARDEON","isPartOf":{"@id":"https:\/\/gardeon.pl\/#website"},"primaryImageOfPage":{"@id":"https:\/\/gardeon.pl\/pl\/blog\/najlepsze-ogrodowe-kaciki-wypoczynkowe-pod-zadaszeniem-inspiracje-od-naszych-klientow\/#primaryimage"},"image":{"@id":"https:\/\/gardeon.pl\/pl\/blog\/najlepsze-ogrodowe-kaciki-wypoczynkowe-pod-zadaszeniem-inspiracje-od-naszych-klientow\/#primaryimage"},"thumbnailUrl":"https:\/\/gardeon.pl\/wp-content\/uploads\/2020\/07\/GARDEON-foto-od-zakaznikov-4.jpg","datePublished":"2026-04-23T16:41:27+00:00","author":{"@id":"https:\/\/gardeon.pl\/#\/schema\/person\/a5762ca5f0790bf92774af0899379463"},"breadcrumb":{"@id":"https:\/\/gardeon.pl\/pl\/blog\/najlepsze-ogrodowe-kaciki-wypoczynkowe-pod-zadaszeniem-inspiracje-od-naszych-klientow\/#breadcrumb"},"inLanguage":"pl-PL","potentialAction":[{"@type":"ReadAction","target":["https:\/\/gardeon.pl\/pl\/blog\/najlepsze-ogrodowe-kaciki-wypoczynkowe-pod-zadaszeniem-inspiracje-od-naszych-klientow\/"]}]},{"@type":"ImageObject","inLanguage":"pl-PL","@id":"https:\/\/gardeon.pl\/pl\/blog\/najlepsze-ogrodowe-kaciki-wypoczynkowe-pod-zadaszeniem-inspiracje-od-naszych-klientow\/#primaryimage","url":"https:\/\/gardeon.pl\/wp-content\/uploads\/2020\/07\/GARDEON-foto-od-zakaznikov-4.jpg","contentUrl":"https:\/\/gardeon.pl\/wp-content\/uploads\/2020\/07\/GARDEON-foto-od-zakaznikov-4.jpg","width":2048,"height":1536,"caption":"Domek ogrodowy z altan\u0105"},{"@type":"BreadcrumbList","@id":"https:\/\/gardeon.pl\/pl\/blog\/najlepsze-ogrodowe-kaciki-wypoczynkowe-pod-zadaszeniem-inspiracje-od-naszych-klientow\/#breadcrumb","itemListElement":[{"@type":"ListItem","position":1,"name":"Domov","item":"https:\/\/gardeon.pl\/pl\/"},{"@type":"ListItem","position":2,"name":"Najlepsze ogrodowe k\u0105ciki wypoczynkowe pod zadaszeniem | Inspiracje od naszych klient\u00f3w"}]},{"@type":"WebSite","@id":"https:\/\/gardeon.pl\/#website","url":"https:\/\/gardeon.pl\/","name":"GARDEON","description":"","potentialAction":[{"@type":"SearchAction","target":{"@type":"EntryPoint","urlTemplate":"https:\/\/gardeon.pl\/?s={search_term_string}"},"query-input":{"@type":"PropertyValueSpecification","valueRequired":true,"valueName":"search_term_string"}}],"inLanguage":"pl-PL"},{"@type":"Person","@id":"https:\/\/gardeon.pl\/#\/schema\/person\/a5762ca5f0790bf92774af0899379463","name":"editor","image":{"@type":"ImageObject","inLanguage":"pl-PL","@id":"https:\/\/secure.gravatar.com\/avatar\/2b748151c2c748327307fd289a91b3bdafdd9e64e2d000e65e53d6dcf11c5830?s=96&d=mm&r=g","url":"https:\/\/secure.gravatar.com\/avatar\/2b748151c2c748327307fd289a91b3bdafdd9e64e2d000e65e53d6dcf11c5830?s=96&d=mm&r=g","contentUrl":"https:\/\/secure.gravatar.com\/avatar\/2b748151c2c748327307fd289a91b3bdafdd9e64e2d000e65e53d6dcf11c5830?s=96&d=mm&r=g","caption":"editor"}}]}},"_links":{"self":[{"href":"https:\/\/gardeon.pl\/pl\/wp-json\/wp\/v2\/posts\/47758","targetHints":{"allow":["GET"]}}],"collection":[{"href":"https:\/\/gardeon.pl\/pl\/wp-json\/wp\/v2\/posts"}],"about":[{"href":"https:\/\/gardeon.pl\/pl\/wp-json\/wp\/v2\/types\/post"}],"author":[{"embeddable":true,"href":"https:\/\/gardeon.pl\/pl\/wp-json\/wp\/v2\/users\/2"}],"replies":[{"embeddable":true,"href":"https:\/\/gardeon.pl\/pl\/wp-json\/wp\/v2\/comments?post=47758"}],"version-history":[{"count":0,"href":"https:\/\/gardeon.pl\/pl\/wp-json\/wp\/v2\/posts\/47758\/revisions"}],"wp:featuredmedia":[{"embeddable":true,"href":"https:\/\/gardeon.pl\/pl\/wp-json\/wp\/v2\/media\/46296"}],"wp:attachment":[{"href":"https:\/\/gardeon.pl\/pl\/wp-json\/wp\/v2\/media?parent=47758"}],"wp:term":[{"taxonomy":"category","embeddable":true,"href":"https:\/\/gardeon.pl\/pl\/wp-json\/wp\/v2\/categories?post=47758"},{"taxonomy":"post_tag","embeddable":true,"href":"https:\/\/gardeon.pl\/pl\/wp-json\/wp\/v2\/tags?post=47758"}],"curies":[{"name":"wp","href":"https:\/\/api.w.org\/{rel}","templated":true}]}}