{"id":47765,"date":"2026-04-23T18:41:26","date_gmt":"2026-04-23T16:41:26","guid":{"rendered":"https:\/\/gardeon.pl\/?p=47765"},"modified":"2026-04-23T18:41:26","modified_gmt":"2026-04-23T16:41:26","slug":"jak-oslonic-sie-przed-wzrokiem-sasiadow","status":"publish","type":"post","link":"https:\/\/gardeon.pl\/pl\/blog\/jak-oslonic-sie-przed-wzrokiem-sasiadow\/","title":{"rendered":"Jak os\u0142oni\u0107 si\u0119 przed wzrokiem s\u0105siad\u00f3w?"},"content":{"rendered":"<p><em>Czy wiedz\u0105 Pa\u0144stwo, jakie zadaszenie by\u0142oby dla Pa\u0144stwa idealne? Oczywi\u015bcie powinno by\u0107 wystarczaj\u0105co du\u017ce, aby pomie\u015bci\u0107 miejsce do siedzenia dla wszystkich bliskich, a ewentualnie tak\u017ce dla przyjaci\u00f3\u0142, kt\u00f3rych ch\u0119tnie Pa\u0144stwo goszcz\u0105. Z pewno\u015bci\u0105 powinno by\u0107 trwa\u0142e i odpowiednio usytuowane. Ale czy pomy\u015bleli Pa\u0144stwo o wszystkim? Co je\u015bli o czym\u015b Pa\u0144stwo zapomnieli? W takim przypadku praktyczne jest, je\u015bli zadaszenie mo\u017cna zmieni\u0107, a nawet dostosowa\u0107 do nowej sytuacji. Tak jak to mia\u0142o miejsce u Pa\u0144stwa Habov\u0161tiak\u00f3w.      <\/em><\/p>\n<p><!--more--><\/p>\n<h2>PRZED<\/h2>\n<h2><img loading=\"lazy\" decoding=\"async\" class=\"wp-image-27848 aligncenter\" src=\"http:\/\/gardeon.pl\/wp-content\/uploads\/2020\/09\/GARDEON-foto-od-zakaznikov-26-scaled.jpg\" alt=\"Domek ogrodowy z dwoma wiatami\" width=\"800\" height=\"378\" srcset=\"https:\/\/gardeon.pl\/wp-content\/uploads\/2020\/09\/GARDEON-foto-od-zakaznikov-26-scaled.jpg 2560w, https:\/\/gardeon.pl\/wp-content\/uploads\/2020\/09\/GARDEON-foto-od-zakaznikov-26-300x142.jpg 300w, https:\/\/gardeon.pl\/wp-content\/uploads\/2020\/09\/GARDEON-foto-od-zakaznikov-26-1024x485.jpg 1024w, https:\/\/gardeon.pl\/wp-content\/uploads\/2020\/09\/GARDEON-foto-od-zakaznikov-26-768x363.jpg 768w, https:\/\/gardeon.pl\/wp-content\/uploads\/2020\/09\/GARDEON-foto-od-zakaznikov-26-1536x727.jpg 1536w, https:\/\/gardeon.pl\/wp-content\/uploads\/2020\/09\/GARDEON-foto-od-zakaznikov-26-2048x969.jpg 2048w, https:\/\/gardeon.pl\/wp-content\/uploads\/2020\/09\/GARDEON-foto-od-zakaznikov-26-scaled-1200x568.jpg 1200w\" sizes=\"auto, (max-width: 800px) 100vw, 800px\" \/><\/h2>\n<h2>PO<\/h2>\n<h2><img loading=\"lazy\" decoding=\"async\" class=\"wp-image-31447 aligncenter\" src=\"http:\/\/gardeon.pl\/wp-content\/uploads\/2021\/03\/gardeon-blog-pristresok-2.jpg\" alt=\"\" width=\"800\" height=\"383\" srcset=\"https:\/\/gardeon.pl\/wp-content\/uploads\/2021\/03\/gardeon-blog-pristresok-2.jpg 1200w, https:\/\/gardeon.pl\/wp-content\/uploads\/2021\/03\/gardeon-blog-pristresok-2-300x144.jpg 300w, https:\/\/gardeon.pl\/wp-content\/uploads\/2021\/03\/gardeon-blog-pristresok-2-1024x491.jpg 1024w, https:\/\/gardeon.pl\/wp-content\/uploads\/2021\/03\/gardeon-blog-pristresok-2-768x368.jpg 768w\" sizes=\"auto, (max-width: 800px) 100vw, 800px\" \/><\/h2>\n<p>Historia naszej <a href=\"https:\/\/gardeon.pl\/pl\/wiaty\/\">wiaty<\/a> u Pa\u0144stwa Habov\u0161tiak\u00f3w zacz\u0119\u0142a si\u0119 w\u0142a\u015bciwie od <a href=\"https:\/\/gardeon.pl\/pl\/garaze\/\">gara\u017cu<\/a>. By\u0142o to jeszcze w 2015 roku, kiedy ma\u0142\u017conkowie zdecydowali si\u0119 na zakup gara\u017cu, kt\u00f3rego brakowa\u0142o im przy domu. Wyb\u00f3r pad\u0142 na konstrukcj\u0119 modu\u0142ow\u0105 z naszej oferty i w tym samym roku zrealizowali\u015bmy dla nich t\u0119 inwestycj\u0119.  <\/p>\n<p><img loading=\"lazy\" decoding=\"async\" class=\"wp-image-27850 aligncenter\" src=\"http:\/\/gardeon.pl\/wp-content\/uploads\/2020\/09\/GARDEON-foto-od-zakaznikov-25-scaled.jpg\" alt=\"Gara\u017c jednostanowiskowy z bia\u0142ym tynkiem\" width=\"800\" height=\"379\" srcset=\"https:\/\/gardeon.pl\/wp-content\/uploads\/2020\/09\/GARDEON-foto-od-zakaznikov-25-scaled.jpg 2560w, https:\/\/gardeon.pl\/wp-content\/uploads\/2020\/09\/GARDEON-foto-od-zakaznikov-25-300x142.jpg 300w, https:\/\/gardeon.pl\/wp-content\/uploads\/2020\/09\/GARDEON-foto-od-zakaznikov-25-1024x485.jpg 1024w, https:\/\/gardeon.pl\/wp-content\/uploads\/2020\/09\/GARDEON-foto-od-zakaznikov-25-768x364.jpg 768w, https:\/\/gardeon.pl\/wp-content\/uploads\/2020\/09\/GARDEON-foto-od-zakaznikov-25-1536x728.jpg 1536w, https:\/\/gardeon.pl\/wp-content\/uploads\/2020\/09\/GARDEON-foto-od-zakaznikov-25-2048x971.jpg 2048w\" sizes=\"auto, (max-width: 800px) 100vw, 800px\" \/><\/p>\n<p>Pa\u0144stwo Habov\u0161tiakowie byli bardzo zadowoleni nie tylko z gotowego gara\u017cu, ale tak\u017ce z naszej pracy i podej\u015bcia, wi\u0119c gdy dwa lata p\u00f3\u017aniej zacz\u0119li my\u015ble\u0107 o domku ogrodowym z wiat\u0105, ponownie zwr\u00f3cili si\u0119 do Gardeon (w\u0142a\u015bciwie do Gar\u00e1\u017ee na k\u013e\u00fa\u010d, jak w tamtym czasie nazywa\u0142a si\u0119 nasza firma).<\/p>\n<p><img loading=\"lazy\" decoding=\"async\" class=\"aligncenter wp-image-31455\" src=\"http:\/\/gardeon.pl\/wp-content\/uploads\/2021\/03\/gardeon-blog-pristresok-6.jpg\" alt=\"\" width=\"800\" height=\"599\" srcset=\"https:\/\/gardeon.pl\/wp-content\/uploads\/2021\/03\/gardeon-blog-pristresok-6.jpg 1200w, https:\/\/gardeon.pl\/wp-content\/uploads\/2021\/03\/gardeon-blog-pristresok-6-300x225.jpg 300w, https:\/\/gardeon.pl\/wp-content\/uploads\/2021\/03\/gardeon-blog-pristresok-6-1024x767.jpg 1024w, https:\/\/gardeon.pl\/wp-content\/uploads\/2021\/03\/gardeon-blog-pristresok-6-768x575.jpg 768w\" sizes=\"auto, (max-width: 800px) 100vw, 800px\" \/><\/p>\n<p><img loading=\"lazy\" decoding=\"async\" class=\"aligncenter wp-image-31457\" src=\"http:\/\/gardeon.pl\/wp-content\/uploads\/2021\/03\/gardeon-blog-pristresok-7.jpg\" alt=\"\" width=\"800\" height=\"599\" srcset=\"https:\/\/gardeon.pl\/wp-content\/uploads\/2021\/03\/gardeon-blog-pristresok-7.jpg 1200w, https:\/\/gardeon.pl\/wp-content\/uploads\/2021\/03\/gardeon-blog-pristresok-7-300x225.jpg 300w, https:\/\/gardeon.pl\/wp-content\/uploads\/2021\/03\/gardeon-blog-pristresok-7-1024x767.jpg 1024w, https:\/\/gardeon.pl\/wp-content\/uploads\/2021\/03\/gardeon-blog-pristresok-7-768x575.jpg 768w\" sizes=\"auto, (max-width: 800px) 100vw, 800px\" \/><\/p>\n<p>I ponownie zapanowa\u0142a satysfakcja. Ich ogr\u00f3d dzi\u0119ki nowej, sprytnej konstrukcji sta\u0142 si\u0119 \u0142adniejszy i bardziej praktyczny, a rodzina w pe\u0142ni cieszy\u0142a si\u0119 miejscem do grillowania i relaksu. Jednak, jak to bywa, w mi\u0119dzyczasie wymy\u015blili, jak mo\u017cna by jeszcze ulepszy\u0107 ich altan\u0119. Na szcz\u0119\u015bcie w przypadku naszych konstrukcji modu\u0142owych nie stanowi to problemu, dlatego rok p\u00f3\u017aniej wymienili\u015bmy oryginalne wype\u0142nienie na pe\u0142ne panele \u2013 dzi\u0119ki temu do altany nie zagl\u0105daj\u0105 s\u0105siedzi, nie kurzy si\u0119 w niej i nie wieje. Rodzina w ca\u0142kiem prosty spos\u00f3b zapewni\u0142a sobie wi\u0119cej prywatno\u015bci oraz cieplejsze i czystsze otoczenie.    <\/p>\n<p><img loading=\"lazy\" decoding=\"async\" class=\"wp-image-31445 aligncenter\" src=\"http:\/\/gardeon.pl\/wp-content\/uploads\/2021\/03\/gardeon-blog-pristresok-1.jpg\" alt=\"\" width=\"800\" height=\"383\" srcset=\"https:\/\/gardeon.pl\/wp-content\/uploads\/2021\/03\/gardeon-blog-pristresok-1.jpg 1200w, https:\/\/gardeon.pl\/wp-content\/uploads\/2021\/03\/gardeon-blog-pristresok-1-300x144.jpg 300w, https:\/\/gardeon.pl\/wp-content\/uploads\/2021\/03\/gardeon-blog-pristresok-1-1024x491.jpg 1024w, https:\/\/gardeon.pl\/wp-content\/uploads\/2021\/03\/gardeon-blog-pristresok-1-768x368.jpg 768w\" sizes=\"auto, (max-width: 800px) 100vw, 800px\" \/><\/p>\n<p><img loading=\"lazy\" decoding=\"async\" class=\"aligncenter wp-image-31451\" src=\"http:\/\/gardeon.pl\/wp-content\/uploads\/2021\/03\/gardeon-blog-pristresok-5.jpg\" alt=\"\" width=\"800\" height=\"383\" srcset=\"https:\/\/gardeon.pl\/wp-content\/uploads\/2021\/03\/gardeon-blog-pristresok-5.jpg 1200w, https:\/\/gardeon.pl\/wp-content\/uploads\/2021\/03\/gardeon-blog-pristresok-5-300x144.jpg 300w, https:\/\/gardeon.pl\/wp-content\/uploads\/2021\/03\/gardeon-blog-pristresok-5-1024x491.jpg 1024w, https:\/\/gardeon.pl\/wp-content\/uploads\/2021\/03\/gardeon-blog-pristresok-5-768x368.jpg 768w\" sizes=\"auto, (max-width: 800px) 100vw, 800px\" \/><\/p>\n<p>Kolejne udoskonalenie wiaty przynios\u0142a pomys\u0142owo\u015b\u0107 gospodarzy \u2013 na jej frontowej stronie ma\u0142\u017conkowie zlecili monta\u017c plandeki ochronnej, kt\u00f3r\u0105 wykona\u0142a firma <a href=\"https:\/\/www.google.com\/url?sa=t&amp;rct=j&amp;q=&amp;esrc=s&amp;source=web&amp;cd=&amp;cad=rja&amp;uact=8&amp;ved=2ahUKEwiQ382lnJbvAhXQK3cKHaIBCHoQFjAAegQIAxAD&amp;url=https%3A%2F%2Fsk-sk.facebook.com%2FToministek&amp;usg=AOvVaw28OeMwX5w1wACgh0es1J_D\">Toministek<\/a> autoplachty z Orawy. Dzi\u0119ki temu przed\u0142u\u017cyli sezon i w \u0142adne dni mog\u0105 korzysta\u0107 z altany a\u017c do p\u00f3\u017anej jesieni. Plandeka zatrzymuje ciep\u0142o wewn\u0105trz, a w razie potrzeby chroni r\u00f3wnie\u017c przed nisko operuj\u0105cym s\u0142o\u0144cem. <em>\u201eZalet\u0105 tej plandeki jest to, \u017ce do altany nie mo\u017cna zajrze\u0107, ale wida\u0107 co dzieje si\u0119 na zewn\u0105trz, a w \u015brodku jest wystarczaj\u0105co du\u017co \u015bwiat\u0142a\u201d<\/em> \u2013 m\u00f3wi pan Habov\u0161tiak. Kolejny z pomys\u0142\u00f3w aktywnych ma\u0142\u017conk\u00f3w zosta\u0142 wi\u0119c zrealizowany. Czy pojawi si\u0119 jeszcze jakie\u015b ulepszenie? Damy si\u0119 zaskoczy\u0107.     <\/p>\n<p><img loading=\"lazy\" decoding=\"async\" class=\"wp-image-31449 aligncenter\" src=\"http:\/\/gardeon.pl\/wp-content\/uploads\/2021\/03\/gardeon-blog-pristresok-3.jpg\" alt=\"\" width=\"800\" height=\"383\" srcset=\"https:\/\/gardeon.pl\/wp-content\/uploads\/2021\/03\/gardeon-blog-pristresok-3.jpg 1200w, https:\/\/gardeon.pl\/wp-content\/uploads\/2021\/03\/gardeon-blog-pristresok-3-300x144.jpg 300w, https:\/\/gardeon.pl\/wp-content\/uploads\/2021\/03\/gardeon-blog-pristresok-3-1024x491.jpg 1024w, https:\/\/gardeon.pl\/wp-content\/uploads\/2021\/03\/gardeon-blog-pristresok-3-768x368.jpg 768w\" sizes=\"auto, (max-width: 800px) 100vw, 800px\" \/><\/p>\n<p><img loading=\"lazy\" decoding=\"async\" class=\"aligncenter wp-image-31453\" src=\"http:\/\/gardeon.pl\/wp-content\/uploads\/2021\/03\/gardeon-blog-pristresok-4.jpg\" alt=\"\" width=\"800\" height=\"383\" srcset=\"https:\/\/gardeon.pl\/wp-content\/uploads\/2021\/03\/gardeon-blog-pristresok-4.jpg 1200w, https:\/\/gardeon.pl\/wp-content\/uploads\/2021\/03\/gardeon-blog-pristresok-4-300x144.jpg 300w, https:\/\/gardeon.pl\/wp-content\/uploads\/2021\/03\/gardeon-blog-pristresok-4-1024x491.jpg 1024w, https:\/\/gardeon.pl\/wp-content\/uploads\/2021\/03\/gardeon-blog-pristresok-4-768x368.jpg 768w\" sizes=\"auto, (max-width: 800px) 100vw, 800px\" \/><\/p>\n<p>&nbsp;<\/p>\n<h5>\u0179r\u00f3d\u0142o<\/h5>\n<h5>Fotobank GARDEON<\/h5>\n<h5>Dzi\u0119kujemy naszym klientom za zdj\u0119cia<\/h5>\n","protected":false},"excerpt":{"rendered":"<p>Czy wiedz\u0105 Pa\u0144stwo, jakie zadaszenie by\u0142oby dla Pa\u0144stwa idealne? Oczywi\u015bcie powinno by\u0107 wystarczaj\u0105co du\u017ce, aby pomie\u015bci\u0107 miejsce do siedzenia dla wszystkich bliskich, a ewentualnie tak\u017ce dla przyjaci\u00f3\u0142, kt\u00f3rych ch\u0119tnie Pa\u0144stwo goszcz\u0105. Z pewno\u015bci\u0105 powinno by\u0107 trwa\u0142e i odpowiednio usytuowane. Ale czy pomy\u015bleli Pa\u0144stwo o wszystkim? Co je\u015bli o czym\u015b Pa\u0144stwo zapomnieli? W takim przypadku praktyczne [&hellip;]<\/p>\n","protected":false},"author":2,"featured_media":47776,"comment_status":"open","ping_status":"open","sticky":false,"template":"","format":"standard","meta":{"_acf_changed":false,"inline_featured_image":false,"footnotes":""},"categories":[607,622],"tags":[595,674,579,635,638],"class_list":["post-47765","post","type-post","status-publish","format-standard","has-post-thumbnail","hentry","category-inspiracje","category-wiaty-i-altany","tag-domek-ogrodowy","tag-domek-ogrodowy-gardeon","tag-gardeon","tag-zadaszenie","tag-zadaszenie-gardeon"],"acf":[],"yoast_head":"<!-- This site is optimized with the Yoast SEO plugin v27.4 - https:\/\/yoast.com\/product\/yoast-seo-wordpress\/ -->\n<title>Jak os\u0142oni\u0107 si\u0119 przed wzrokiem s\u0105siad\u00f3w? | GARDEON<\/title>\n<meta name=\"robots\" content=\"index, follow, max-snippet:-1, max-image-preview:large, max-video-preview:-1\" \/>\n<link rel=\"canonical\" href=\"https:\/\/gardeon.pl\/pl\/blog\/jak-oslonic-sie-przed-wzrokiem-sasiadow\/\" \/>\n<meta property=\"og:locale\" content=\"pl_PL\" \/>\n<meta property=\"og:type\" content=\"article\" \/>\n<meta property=\"og:title\" content=\"Jak os\u0142oni\u0107 si\u0119 przed wzrokiem s\u0105siad\u00f3w? | GARDEON\" \/>\n<meta property=\"og:description\" content=\"Czy wiedz\u0105 Pa\u0144stwo, jakie zadaszenie by\u0142oby dla Pa\u0144stwa idealne? Oczywi\u015bcie powinno by\u0107 wystarczaj\u0105co du\u017ce, aby pomie\u015bci\u0107 miejsce do siedzenia dla wszystkich bliskich, a ewentualnie tak\u017ce dla przyjaci\u00f3\u0142, kt\u00f3rych ch\u0119tnie Pa\u0144stwo goszcz\u0105. Z pewno\u015bci\u0105 powinno by\u0107 trwa\u0142e i odpowiednio usytuowane. Ale czy pomy\u015bleli Pa\u0144stwo o wszystkim? Co je\u015bli o czym\u015b Pa\u0144stwo zapomnieli? W takim przypadku praktyczne [&hellip;]\" \/>\n<meta property=\"og:url\" content=\"https:\/\/gardeon.pl\/pl\/blog\/jak-oslonic-sie-przed-wzrokiem-sasiadow\/\" \/>\n<meta property=\"og:site_name\" content=\"GARDEON\" \/>\n<meta property=\"article:published_time\" content=\"2026-04-23T16:41:26+00:00\" \/>\n<meta property=\"og:image\" content=\"http:\/\/gardeon.pl\/wp-content\/uploads\/2021\/03\/gardeon-blog-pristresok-2.jpg\" \/>\n\t<meta property=\"og:image:width\" content=\"1200\" \/>\n\t<meta property=\"og:image:height\" content=\"575\" \/>\n\t<meta property=\"og:image:type\" content=\"image\/jpeg\" \/>\n<meta name=\"author\" content=\"editor\" \/>\n<meta name=\"twitter:card\" content=\"summary_large_image\" \/>\n<meta name=\"twitter:label1\" content=\"Napisane przez\" \/>\n\t<meta name=\"twitter:data1\" content=\"editor\" \/>\n\t<meta name=\"twitter:label2\" content=\"Szacowany czas czytania\" \/>\n\t<meta name=\"twitter:data2\" content=\"2 minuty\" \/>\n<script type=\"application\/ld+json\" class=\"yoast-schema-graph\">{\"@context\":\"https:\\\/\\\/schema.org\",\"@graph\":[{\"@type\":\"Article\",\"@id\":\"https:\\\/\\\/gardeon.pl\\\/pl\\\/blog\\\/jak-oslonic-sie-przed-wzrokiem-sasiadow\\\/#article\",\"isPartOf\":{\"@id\":\"https:\\\/\\\/gardeon.pl\\\/pl\\\/blog\\\/jak-oslonic-sie-przed-wzrokiem-sasiadow\\\/\"},\"author\":{\"name\":\"editor\",\"@id\":\"https:\\\/\\\/gardeon.pl\\\/#\\\/schema\\\/person\\\/a5762ca5f0790bf92774af0899379463\"},\"headline\":\"Jak os\u0142oni\u0107 si\u0119 przed wzrokiem s\u0105siad\u00f3w?\",\"datePublished\":\"2026-04-23T16:41:26+00:00\",\"mainEntityOfPage\":{\"@id\":\"https:\\\/\\\/gardeon.pl\\\/pl\\\/blog\\\/jak-oslonic-sie-przed-wzrokiem-sasiadow\\\/\"},\"wordCount\":478,\"commentCount\":0,\"image\":{\"@id\":\"https:\\\/\\\/gardeon.pl\\\/pl\\\/blog\\\/jak-oslonic-sie-przed-wzrokiem-sasiadow\\\/#primaryimage\"},\"thumbnailUrl\":\"https:\\\/\\\/gardeon.pl\\\/wp-content\\\/uploads\\\/2021\\\/03\\\/gardeon-blog-pristresok-2.jpg\",\"keywords\":[\"domek ogrodowy\",\"domek ogrodowy GARDEON\",\"GARDEON\",\"zadaszenie\",\"zadaszenie GARDEON\"],\"articleSection\":[\"Inspiracje\",\"Wiaty i altany\"],\"inLanguage\":\"pl-PL\",\"potentialAction\":[{\"@type\":\"CommentAction\",\"name\":\"Comment\",\"target\":[\"https:\\\/\\\/gardeon.pl\\\/pl\\\/blog\\\/jak-oslonic-sie-przed-wzrokiem-sasiadow\\\/#respond\"]}]},{\"@type\":\"WebPage\",\"@id\":\"https:\\\/\\\/gardeon.pl\\\/pl\\\/blog\\\/jak-oslonic-sie-przed-wzrokiem-sasiadow\\\/\",\"url\":\"https:\\\/\\\/gardeon.pl\\\/pl\\\/blog\\\/jak-oslonic-sie-przed-wzrokiem-sasiadow\\\/\",\"name\":\"Jak os\u0142oni\u0107 si\u0119 przed wzrokiem s\u0105siad\u00f3w? | GARDEON\",\"isPartOf\":{\"@id\":\"https:\\\/\\\/gardeon.pl\\\/#website\"},\"primaryImageOfPage\":{\"@id\":\"https:\\\/\\\/gardeon.pl\\\/pl\\\/blog\\\/jak-oslonic-sie-przed-wzrokiem-sasiadow\\\/#primaryimage\"},\"image\":{\"@id\":\"https:\\\/\\\/gardeon.pl\\\/pl\\\/blog\\\/jak-oslonic-sie-przed-wzrokiem-sasiadow\\\/#primaryimage\"},\"thumbnailUrl\":\"https:\\\/\\\/gardeon.pl\\\/wp-content\\\/uploads\\\/2021\\\/03\\\/gardeon-blog-pristresok-2.jpg\",\"datePublished\":\"2026-04-23T16:41:26+00:00\",\"author\":{\"@id\":\"https:\\\/\\\/gardeon.pl\\\/#\\\/schema\\\/person\\\/a5762ca5f0790bf92774af0899379463\"},\"breadcrumb\":{\"@id\":\"https:\\\/\\\/gardeon.pl\\\/pl\\\/blog\\\/jak-oslonic-sie-przed-wzrokiem-sasiadow\\\/#breadcrumb\"},\"inLanguage\":\"pl-PL\",\"potentialAction\":[{\"@type\":\"ReadAction\",\"target\":[\"https:\\\/\\\/gardeon.pl\\\/pl\\\/blog\\\/jak-oslonic-sie-przed-wzrokiem-sasiadow\\\/\"]}]},{\"@type\":\"ImageObject\",\"inLanguage\":\"pl-PL\",\"@id\":\"https:\\\/\\\/gardeon.pl\\\/pl\\\/blog\\\/jak-oslonic-sie-przed-wzrokiem-sasiadow\\\/#primaryimage\",\"url\":\"https:\\\/\\\/gardeon.pl\\\/wp-content\\\/uploads\\\/2021\\\/03\\\/gardeon-blog-pristresok-2.jpg\",\"contentUrl\":\"https:\\\/\\\/gardeon.pl\\\/wp-content\\\/uploads\\\/2021\\\/03\\\/gardeon-blog-pristresok-2.jpg\",\"width\":1200,\"height\":575,\"caption\":\"Plandeka ochronna pod altan\u0105\"},{\"@type\":\"BreadcrumbList\",\"@id\":\"https:\\\/\\\/gardeon.pl\\\/pl\\\/blog\\\/jak-oslonic-sie-przed-wzrokiem-sasiadow\\\/#breadcrumb\",\"itemListElement\":[{\"@type\":\"ListItem\",\"position\":1,\"name\":\"Domov\",\"item\":\"https:\\\/\\\/gardeon.pl\\\/pl\\\/\"},{\"@type\":\"ListItem\",\"position\":2,\"name\":\"Jak os\u0142oni\u0107 si\u0119 przed wzrokiem s\u0105siad\u00f3w?\"}]},{\"@type\":\"WebSite\",\"@id\":\"https:\\\/\\\/gardeon.pl\\\/#website\",\"url\":\"https:\\\/\\\/gardeon.pl\\\/\",\"name\":\"GARDEON\",\"description\":\"\",\"potentialAction\":[{\"@type\":\"SearchAction\",\"target\":{\"@type\":\"EntryPoint\",\"urlTemplate\":\"https:\\\/\\\/gardeon.pl\\\/?s={search_term_string}\"},\"query-input\":{\"@type\":\"PropertyValueSpecification\",\"valueRequired\":true,\"valueName\":\"search_term_string\"}}],\"inLanguage\":\"pl-PL\"},{\"@type\":\"Person\",\"@id\":\"https:\\\/\\\/gardeon.pl\\\/#\\\/schema\\\/person\\\/a5762ca5f0790bf92774af0899379463\",\"name\":\"editor\",\"image\":{\"@type\":\"ImageObject\",\"inLanguage\":\"pl-PL\",\"@id\":\"https:\\\/\\\/secure.gravatar.com\\\/avatar\\\/2b748151c2c748327307fd289a91b3bdafdd9e64e2d000e65e53d6dcf11c5830?s=96&d=mm&r=g\",\"url\":\"https:\\\/\\\/secure.gravatar.com\\\/avatar\\\/2b748151c2c748327307fd289a91b3bdafdd9e64e2d000e65e53d6dcf11c5830?s=96&d=mm&r=g\",\"contentUrl\":\"https:\\\/\\\/secure.gravatar.com\\\/avatar\\\/2b748151c2c748327307fd289a91b3bdafdd9e64e2d000e65e53d6dcf11c5830?s=96&d=mm&r=g\",\"caption\":\"editor\"}}]}<\/script>\n<!-- \/ Yoast SEO plugin. -->","yoast_head_json":{"title":"Jak os\u0142oni\u0107 si\u0119 przed wzrokiem s\u0105siad\u00f3w? | GARDEON","robots":{"index":"index","follow":"follow","max-snippet":"max-snippet:-1","max-image-preview":"max-image-preview:large","max-video-preview":"max-video-preview:-1"},"canonical":"https:\/\/gardeon.pl\/pl\/blog\/jak-oslonic-sie-przed-wzrokiem-sasiadow\/","og_locale":"pl_PL","og_type":"article","og_title":"Jak os\u0142oni\u0107 si\u0119 przed wzrokiem s\u0105siad\u00f3w? | GARDEON","og_description":"Czy wiedz\u0105 Pa\u0144stwo, jakie zadaszenie by\u0142oby dla Pa\u0144stwa idealne? Oczywi\u015bcie powinno by\u0107 wystarczaj\u0105co du\u017ce, aby pomie\u015bci\u0107 miejsce do siedzenia dla wszystkich bliskich, a ewentualnie tak\u017ce dla przyjaci\u00f3\u0142, kt\u00f3rych ch\u0119tnie Pa\u0144stwo goszcz\u0105. Z pewno\u015bci\u0105 powinno by\u0107 trwa\u0142e i odpowiednio usytuowane. Ale czy pomy\u015bleli Pa\u0144stwo o wszystkim? Co je\u015bli o czym\u015b Pa\u0144stwo zapomnieli? W takim przypadku praktyczne [&hellip;]","og_url":"https:\/\/gardeon.pl\/pl\/blog\/jak-oslonic-sie-przed-wzrokiem-sasiadow\/","og_site_name":"GARDEON","article_published_time":"2026-04-23T16:41:26+00:00","og_image":[{"width":1200,"height":575,"url":"http:\/\/gardeon.pl\/wp-content\/uploads\/2021\/03\/gardeon-blog-pristresok-2.jpg","type":"image\/jpeg"}],"author":"editor","twitter_card":"summary_large_image","twitter_misc":{"Napisane przez":"editor","Szacowany czas czytania":"2 minuty"},"schema":{"@context":"https:\/\/schema.org","@graph":[{"@type":"Article","@id":"https:\/\/gardeon.pl\/pl\/blog\/jak-oslonic-sie-przed-wzrokiem-sasiadow\/#article","isPartOf":{"@id":"https:\/\/gardeon.pl\/pl\/blog\/jak-oslonic-sie-przed-wzrokiem-sasiadow\/"},"author":{"name":"editor","@id":"https:\/\/gardeon.pl\/#\/schema\/person\/a5762ca5f0790bf92774af0899379463"},"headline":"Jak os\u0142oni\u0107 si\u0119 przed wzrokiem s\u0105siad\u00f3w?","datePublished":"2026-04-23T16:41:26+00:00","mainEntityOfPage":{"@id":"https:\/\/gardeon.pl\/pl\/blog\/jak-oslonic-sie-przed-wzrokiem-sasiadow\/"},"wordCount":478,"commentCount":0,"image":{"@id":"https:\/\/gardeon.pl\/pl\/blog\/jak-oslonic-sie-przed-wzrokiem-sasiadow\/#primaryimage"},"thumbnailUrl":"https:\/\/gardeon.pl\/wp-content\/uploads\/2021\/03\/gardeon-blog-pristresok-2.jpg","keywords":["domek ogrodowy","domek ogrodowy GARDEON","GARDEON","zadaszenie","zadaszenie GARDEON"],"articleSection":["Inspiracje","Wiaty i altany"],"inLanguage":"pl-PL","potentialAction":[{"@type":"CommentAction","name":"Comment","target":["https:\/\/gardeon.pl\/pl\/blog\/jak-oslonic-sie-przed-wzrokiem-sasiadow\/#respond"]}]},{"@type":"WebPage","@id":"https:\/\/gardeon.pl\/pl\/blog\/jak-oslonic-sie-przed-wzrokiem-sasiadow\/","url":"https:\/\/gardeon.pl\/pl\/blog\/jak-oslonic-sie-przed-wzrokiem-sasiadow\/","name":"Jak os\u0142oni\u0107 si\u0119 przed wzrokiem s\u0105siad\u00f3w? | GARDEON","isPartOf":{"@id":"https:\/\/gardeon.pl\/#website"},"primaryImageOfPage":{"@id":"https:\/\/gardeon.pl\/pl\/blog\/jak-oslonic-sie-przed-wzrokiem-sasiadow\/#primaryimage"},"image":{"@id":"https:\/\/gardeon.pl\/pl\/blog\/jak-oslonic-sie-przed-wzrokiem-sasiadow\/#primaryimage"},"thumbnailUrl":"https:\/\/gardeon.pl\/wp-content\/uploads\/2021\/03\/gardeon-blog-pristresok-2.jpg","datePublished":"2026-04-23T16:41:26+00:00","author":{"@id":"https:\/\/gardeon.pl\/#\/schema\/person\/a5762ca5f0790bf92774af0899379463"},"breadcrumb":{"@id":"https:\/\/gardeon.pl\/pl\/blog\/jak-oslonic-sie-przed-wzrokiem-sasiadow\/#breadcrumb"},"inLanguage":"pl-PL","potentialAction":[{"@type":"ReadAction","target":["https:\/\/gardeon.pl\/pl\/blog\/jak-oslonic-sie-przed-wzrokiem-sasiadow\/"]}]},{"@type":"ImageObject","inLanguage":"pl-PL","@id":"https:\/\/gardeon.pl\/pl\/blog\/jak-oslonic-sie-przed-wzrokiem-sasiadow\/#primaryimage","url":"https:\/\/gardeon.pl\/wp-content\/uploads\/2021\/03\/gardeon-blog-pristresok-2.jpg","contentUrl":"https:\/\/gardeon.pl\/wp-content\/uploads\/2021\/03\/gardeon-blog-pristresok-2.jpg","width":1200,"height":575,"caption":"Plandeka ochronna pod altan\u0105"},{"@type":"BreadcrumbList","@id":"https:\/\/gardeon.pl\/pl\/blog\/jak-oslonic-sie-przed-wzrokiem-sasiadow\/#breadcrumb","itemListElement":[{"@type":"ListItem","position":1,"name":"Domov","item":"https:\/\/gardeon.pl\/pl\/"},{"@type":"ListItem","position":2,"name":"Jak os\u0142oni\u0107 si\u0119 przed wzrokiem s\u0105siad\u00f3w?"}]},{"@type":"WebSite","@id":"https:\/\/gardeon.pl\/#website","url":"https:\/\/gardeon.pl\/","name":"GARDEON","description":"","potentialAction":[{"@type":"SearchAction","target":{"@type":"EntryPoint","urlTemplate":"https:\/\/gardeon.pl\/?s={search_term_string}"},"query-input":{"@type":"PropertyValueSpecification","valueRequired":true,"valueName":"search_term_string"}}],"inLanguage":"pl-PL"},{"@type":"Person","@id":"https:\/\/gardeon.pl\/#\/schema\/person\/a5762ca5f0790bf92774af0899379463","name":"editor","image":{"@type":"ImageObject","inLanguage":"pl-PL","@id":"https:\/\/secure.gravatar.com\/avatar\/2b748151c2c748327307fd289a91b3bdafdd9e64e2d000e65e53d6dcf11c5830?s=96&d=mm&r=g","url":"https:\/\/secure.gravatar.com\/avatar\/2b748151c2c748327307fd289a91b3bdafdd9e64e2d000e65e53d6dcf11c5830?s=96&d=mm&r=g","contentUrl":"https:\/\/secure.gravatar.com\/avatar\/2b748151c2c748327307fd289a91b3bdafdd9e64e2d000e65e53d6dcf11c5830?s=96&d=mm&r=g","caption":"editor"}}]}},"_links":{"self":[{"href":"https:\/\/gardeon.pl\/pl\/wp-json\/wp\/v2\/posts\/47765","targetHints":{"allow":["GET"]}}],"collection":[{"href":"https:\/\/gardeon.pl\/pl\/wp-json\/wp\/v2\/posts"}],"about":[{"href":"https:\/\/gardeon.pl\/pl\/wp-json\/wp\/v2\/types\/post"}],"author":[{"embeddable":true,"href":"https:\/\/gardeon.pl\/pl\/wp-json\/wp\/v2\/users\/2"}],"replies":[{"embeddable":true,"href":"https:\/\/gardeon.pl\/pl\/wp-json\/wp\/v2\/comments?post=47765"}],"version-history":[{"count":0,"href":"https:\/\/gardeon.pl\/pl\/wp-json\/wp\/v2\/posts\/47765\/revisions"}],"wp:featuredmedia":[{"embeddable":true,"href":"https:\/\/gardeon.pl\/pl\/wp-json\/wp\/v2\/media\/47776"}],"wp:attachment":[{"href":"https:\/\/gardeon.pl\/pl\/wp-json\/wp\/v2\/media?parent=47765"}],"wp:term":[{"taxonomy":"category","embeddable":true,"href":"https:\/\/gardeon.pl\/pl\/wp-json\/wp\/v2\/categories?post=47765"},{"taxonomy":"post_tag","embeddable":true,"href":"https:\/\/gardeon.pl\/pl\/wp-json\/wp\/v2\/tags?post=47765"}],"curies":[{"name":"wp","href":"https:\/\/api.w.org\/{rel}","templated":true}]}}