{"id":47782,"date":"2026-04-23T18:41:26","date_gmt":"2026-04-23T16:41:26","guid":{"rendered":"https:\/\/gardeon.pl\/?p=47782"},"modified":"2026-04-23T18:41:26","modified_gmt":"2026-04-23T16:41:26","slug":"ciekawe-miejsca-w-turcu-5-powodow-dla-ktorych-warto-odwiedzic-turiec-latem","status":"publish","type":"post","link":"https:\/\/gardeon.pl\/pl\/blog\/ciekawe-miejsca-w-turcu-5-powodow-dla-ktorych-warto-odwiedzic-turiec-latem\/","title":{"rendered":"Ciekawe miejsca w Turcu: 5 powod\u00f3w, dla kt\u00f3rych warto odwiedzi\u0107 Turiec latem"},"content":{"rendered":"<p><em>Zdecydowali si\u0119 Pa\u0144stwo sp\u0119dzi\u0107 lato na S\u0142owacji? Je\u015bli wybior\u0105 Pa\u0144stwo Kotlin\u0119 Turcza\u0144sk\u0105, na pewno nie b\u0119d\u0105 si\u0119 Pa\u0144stwo nudzi\u0107. Turystyka w Turcu to po prostu klasyka, ale tutejsze atrakcje zdecydowanie nie ko\u0144cz\u0105 si\u0119 na pi\u0119knej przyrodzie z romantycznymi dolinami i imponuj\u0105cymi g\u00f3rami.  <\/em><\/p>\n<p><!--more--><\/p>\n<h2>1. Turystyka<\/h2>\n<p>Je\u015bli lubi\u0105 Pa\u0144stwo w\u0119dr\u00f3wki po g\u00f3rach, Turiec mo\u017ce by\u0107 dla Pa\u0144stwa tematem nawet na kilka lat. I to bez wzgl\u0119du na wiek czy kondycj\u0119 fizyczn\u0105. Ci, kt\u00f3rzy preferuj\u0105 raczej spokojne wycieczki, z pewno\u015bci\u0105 polubi\u0105 doliny Wielkiej Fatry. Bardzo przyjemny jest spacer Dolin\u0105 Necpalsk\u0105, w kt\u00f3rej Necpalsk\u00fd potok tworzy kilka wodospad\u00f3w, zachwycaj\u0105ca jest r\u00f3wnie\u017c s\u0105siednia Dolina Gaderska, gdzie na ko\u0144cu czekaj\u0105 na Pa\u0144stwa imponuj\u0105ce klify skalne \u010certovej br\u00e1ny.   <\/p>\n<p><a href=\"http:\/\/gardeon.pl\/wp-content\/uploads\/2021\/01\/gardeon-blog-necpalska-dolina-scaled.jpg\"><img loading=\"lazy\" decoding=\"async\" class=\"wp-image-30626 aligncenter\" src=\"http:\/\/gardeon.pl\/wp-content\/uploads\/2021\/01\/gardeon-blog-necpalska-dolina-scaled.jpg\" alt=\"Dolina Necpalska\" width=\"800\" height=\"477\" srcset=\"https:\/\/gardeon.pl\/wp-content\/uploads\/2021\/01\/gardeon-blog-necpalska-dolina-scaled.jpg 2560w, https:\/\/gardeon.pl\/wp-content\/uploads\/2021\/01\/gardeon-blog-necpalska-dolina-300x179.jpg 300w, https:\/\/gardeon.pl\/wp-content\/uploads\/2021\/01\/gardeon-blog-necpalska-dolina-1024x610.jpg 1024w, https:\/\/gardeon.pl\/wp-content\/uploads\/2021\/01\/gardeon-blog-necpalska-dolina-768x458.jpg 768w, https:\/\/gardeon.pl\/wp-content\/uploads\/2021\/01\/gardeon-blog-necpalska-dolina-1536x915.jpg 1536w, https:\/\/gardeon.pl\/wp-content\/uploads\/2021\/01\/gardeon-blog-necpalska-dolina-2048x1220.jpg 2048w\" sizes=\"auto, (max-width: 800px) 100vw, 800px\" \/><\/a><\/p>\n<p>Nie powinni Pa\u0144stwo jednak pomin\u0105\u0107 r\u00f3wnie\u017c <a href=\"https:\/\/www.google.com\/url?sa=t&amp;rct=j&amp;q=&amp;esrc=s&amp;source=web&amp;cd=&amp;cad=rja&amp;uact=8&amp;ved=2ahUKEwiyhuKQrb7uAhUKmhQKHYLTCMwQFjABegQIARAC&amp;url=https%3A%2F%2Fkamnahory.sk%2FTuristika%2FMala-Fatra%2FSutovsky-vodopad.html&amp;usg=AOvVaw3CkMxXzQuEaKGfC6oDYU7W\">Wodospadu Szutowskiego<\/a>, kt\u00f3ry jest czwartym pod wzgl\u0119dem wysoko\u015bci wodospadem na S\u0142owacji i znajduje si\u0119 w Dolinie Szutowskiej w krywa\u0144skiej cz\u0119\u015bci Ma\u0142ej Fatry. Nawet je\u015bli nale\u017c\u0105 Pa\u0144stwo do sprawnych turyst\u00f3w, kt\u00f3rzy chc\u0105 da\u0107 sobie porz\u0105dny wycisk, b\u0119d\u0105 Pa\u0144stwo mieli co robi\u0107 po obu stronach Kotliny Turcza\u0144skiej. <\/p>\n<p><a href=\"http:\/\/gardeon.pl\/wp-content\/uploads\/2021\/01\/gardeon-blog-sutovsky-vodopad.jpg\"><img loading=\"lazy\" decoding=\"async\" class=\"aligncenter wp-image-30624\" src=\"http:\/\/gardeon.pl\/wp-content\/uploads\/2021\/01\/gardeon-blog-sutovsky-vodopad.jpg\" alt=\"Wodospad Szutowski\" width=\"800\" height=\"533\" srcset=\"https:\/\/gardeon.pl\/wp-content\/uploads\/2021\/01\/gardeon-blog-sutovsky-vodopad.jpg 1200w, https:\/\/gardeon.pl\/wp-content\/uploads\/2021\/01\/gardeon-blog-sutovsky-vodopad-300x200.jpg 300w, https:\/\/gardeon.pl\/wp-content\/uploads\/2021\/01\/gardeon-blog-sutovsky-vodopad-1024x683.jpg 1024w, https:\/\/gardeon.pl\/wp-content\/uploads\/2021\/01\/gardeon-blog-sutovsky-vodopad-768x512.jpg 768w\" sizes=\"auto, (max-width: 800px) 100vw, 800px\" \/><\/a><\/p>\n<p>Mog\u0105 Pa\u0144stwo cieszy\u0107 si\u0119 tutaj wspania\u0142ymi widokami ze szczyt\u00f3w, kt\u00f3re s\u0105 wr\u0119cz legendami \u2013 czy to najwy\u017csze szczyty Ma\u0142ej Fatry, Ma\u0142y i Wielki Krywa\u0144, z kt\u00f3rych przy dobrej widoczno\u015bci wida\u0107 a\u017c po grzbiety Tatr Niskich i Zachodnich, czy te\u017c dramatyczne dominanty Wielkiej Fatry, Tlst\u00e1 i Ostr\u00e1, gdzie w g\u00f3rnej cz\u0119\u015bci opr\u00f3cz widok\u00f3w czekaj\u0105 na Pa\u0144stwa r\u00f3wnie\u017c adrenalinowe podej\u015bcia skalne zabezpieczone \u0142a\u0144cuchami.<\/p>\n<h2>2. Woda lecznicza<\/h2>\n<p>Wol\u0105 Pa\u0144stwo g\u00f3ry czy wod\u0119? W Turcu nie musz\u0105 Pa\u0144stwo wybiera\u0107 tylko jednego, mog\u0105 Pa\u0144stwo \u0142\u0105czy\u0107 oba \u2013 jednego dnia \u015bwietna w\u0119dr\u00f3wka, drugiego relaks w leczniczej wodzie. Je\u015bli chodzi o wod\u0119 uzdrawiaj\u0105c\u0105, prawdopodobnie najbardziej znane jest uzdrowiskowe miasteczko Tur\u010dianske Teplice. W <a href=\"https:\/\/www.google.com\/url?sa=t&amp;rct=j&amp;q=&amp;esrc=s&amp;source=web&amp;cd=&amp;cad=rja&amp;uact=8&amp;ved=2ahUKEwjpoaKxrb7uAhWJGBQKHVb6Ds0QFjAAegQIAhAE&amp;url=https%3A%2F%2Faquapark.therme.sk%2F&amp;usg=AOvVaw34J5LksnUthd0qCy6Arin3\">Spa &amp; Aquaparku<\/a>, w strefie SPA, mog\u0105 Pa\u0144stwo przetestowa\u0107 dobroczynne dzia\u0142anie turcza\u0144skiej wody termalnej na uk\u0142ad ruchu, nerki i drogi moczowe, natomiast mo\u017cliwo\u015bci aktywniejszego sp\u0119dzania wolnego czasu oferuje strefa wodnego \u015bwiata z basenem p\u0142ywackim, dyszami wodnymi czy zje\u017cd\u017calniami.   <\/p>\n<p><a href=\"http:\/\/gardeon.pl\/wp-content\/uploads\/2020\/11\/aquapark-bazen-podfarbeny.jpg\"><img loading=\"lazy\" decoding=\"async\" class=\"wp-image-29349 aligncenter\" src=\"http:\/\/gardeon.pl\/wp-content\/uploads\/2020\/11\/aquapark-bazen-podfarbeny.jpg\" alt=\"SPA &amp; AQUAPARK w Tur\u010dianskych Teplicach\" width=\"800\" height=\"450\" srcset=\"https:\/\/gardeon.pl\/wp-content\/uploads\/2020\/11\/aquapark-bazen-podfarbeny.jpg 1920w, https:\/\/gardeon.pl\/wp-content\/uploads\/2020\/11\/aquapark-bazen-podfarbeny-300x169.jpg 300w, https:\/\/gardeon.pl\/wp-content\/uploads\/2020\/11\/aquapark-bazen-podfarbeny-1024x576.jpg 1024w, https:\/\/gardeon.pl\/wp-content\/uploads\/2020\/11\/aquapark-bazen-podfarbeny-768x432.jpg 768w, https:\/\/gardeon.pl\/wp-content\/uploads\/2020\/11\/aquapark-bazen-podfarbeny-1536x864.jpg 1536w\" sizes=\"auto, (max-width: 800px) 100vw, 800px\" \/><\/a><\/p>\n<p>Wod\u0119 termaln\u0105 znajd\u0105 Pa\u0144stwo jednak r\u00f3wnie\u017c w innych miejscach w Turcu, na przyk\u0142ad na k\u0105pielisku Drienok w Mo\u0161ovcach. Mi\u0142o\u015bnicy naturalnych k\u0105pieli powinni natomiast koniecznie uda\u0107 si\u0119 do Stankovian. Tutejsza Rojkovsk\u00e1 travert\u00ednov\u00e1 kopa, zwana r\u00f3wnie\u017c Z\u0142\u0105 Wod\u0105, to niezwyk\u0142a formacja trawertynowa z kraterowym \u017ar\u00f3d\u0142em wody mineralnej i okr\u0105g\u0142ym jeziorkiem na szczycie.  <\/p>\n<h2>3. Jaskinie<\/h2>\n<p>Doskona\u0142ym celem letniej wycieczki jest r\u00f3wnie\u017c jaskinia. W Parku Narodowym Wielka Fatra znajduje si\u0119 jedna z najwa\u017cniejszych na S\u0142owacji, Jaskinia Harmanecka, kt\u00f3ra jest godna uwagi nie tylko ze wzgl\u0119du na imponuj\u0105ce podziemne przestrzenie z wapienn\u0105 szat\u0105 naciekow\u0105 i jeziorkami, ale tak\u017ce ze wzgl\u0119du na du\u017c\u0105 liczb\u0119 zimuj\u0105cych nietoperzy. <\/p>\n<p><a href=\"http:\/\/gardeon.pl\/wp-content\/uploads\/2021\/01\/gardeon-blog-harmanecka-jaskyna.jpg\"><img loading=\"lazy\" decoding=\"async\" class=\"aligncenter wp-image-30622\" src=\"http:\/\/gardeon.pl\/wp-content\/uploads\/2021\/01\/gardeon-blog-harmanecka-jaskyna.jpg\" alt=\"Jaskinia Harmanecka\" width=\"800\" height=\"600\" srcset=\"https:\/\/gardeon.pl\/wp-content\/uploads\/2021\/01\/gardeon-blog-harmanecka-jaskyna.jpg 1024w, https:\/\/gardeon.pl\/wp-content\/uploads\/2021\/01\/gardeon-blog-harmanecka-jaskyna-300x225.jpg 300w, https:\/\/gardeon.pl\/wp-content\/uploads\/2021\/01\/gardeon-blog-harmanecka-jaskyna-768x576.jpg 768w\" sizes=\"auto, (max-width: 800px) 100vw, 800px\" \/><\/a><\/p>\n<p>Do wizyty w jaskini nale\u017cy si\u0119 wcze\u015bniej przygotowa\u0107 \u2013 pod ziemi\u0105 przez ca\u0142y rok panuje bowiem spory ch\u0142\u00f3d, zaledwie oko\u0142o 5 \u00b0C, a sp\u0119dz\u0105 w niej Pa\u0144stwo ca\u0142\u0105 godzin\u0119, dlatego nawet podczas upa\u0142\u00f3w warto zabra\u0107 ze sob\u0105 ciep\u0142e ubranie. Prosz\u0119 nie zapomnie\u0107 sprawdzi\u0107 godzin otwarcia i wej\u015b\u0107, a tak\u017ce liczy\u0107 si\u0119 z oko\u0142o 40-minutowym podej\u015bciem od parkingu serpentynow\u0105 \u015bcie\u017ck\u0105 turystyczn\u0105. <\/p>\n<p><a href=\"http:\/\/gardeon.pl\/wp-content\/uploads\/2021\/01\/gardeon-blog-dekretova-jaskyna.jpg\"><img loading=\"lazy\" decoding=\"async\" class=\"aligncenter wp-image-30620\" src=\"http:\/\/gardeon.pl\/wp-content\/uploads\/2021\/01\/gardeon-blog-dekretova-jaskyna.jpg\" alt=\"Jaskinia Dekretova\" width=\"800\" height=\"600\" srcset=\"https:\/\/gardeon.pl\/wp-content\/uploads\/2021\/01\/gardeon-blog-dekretova-jaskyna.jpg 1500w, https:\/\/gardeon.pl\/wp-content\/uploads\/2021\/01\/gardeon-blog-dekretova-jaskyna-300x225.jpg 300w, https:\/\/gardeon.pl\/wp-content\/uploads\/2021\/01\/gardeon-blog-dekretova-jaskyna-1024x768.jpg 1024w, https:\/\/gardeon.pl\/wp-content\/uploads\/2021\/01\/gardeon-blog-dekretova-jaskyna-768x576.jpg 768w\" sizes=\"auto, (max-width: 800px) 100vw, 800px\" \/><\/a><\/p>\n<p>Opr\u00f3cz udost\u0119pnionej Jaskini Harmaneckiej, w pa\u015bmie Wielkiej Fatry znajduje si\u0119 r\u00f3wnie\u017c kilka interesuj\u0105cych, og\u00f3lnodost\u0119pnych jaski\u0144, na przyk\u0142ad pobliska Jaskinia Dekretova czy Jaskinia Ma\u017earn\u00e1, w kt\u00f3rej mo\u017cna si\u0119 zatrzyma\u0107 podczas podej\u015bcia na szczyt Tlst\u00e1.<\/p>\n<h2>4. Ciekawostki techniczne<\/h2>\n<p>Ch\u0142opc\u00f3w i m\u0119\u017cczyzn, syn\u00f3w, wnuk\u00f3w czy m\u0119\u017c\u00f3w, zazwyczaj przyci\u0105gaj\u0105 nowinki techniczne tak samo (je\u015bli nie bardziej) jak pi\u0119kno przyrody. Turiec oferuje pere\u0142ki r\u00f3wnie\u017c w tym zakresie. Jedn\u0105 z nich znajd\u0105 Pa\u0144stwo na lotnisku w Tom\u010danach, gdzie marti\u0144ski <a href=\"https:\/\/www.google.com\/url?sa=t&amp;rct=j&amp;q=&amp;esrc=s&amp;source=web&amp;cd=&amp;cad=rja&amp;uact=8&amp;ved=2ahUKEwjjo_LJrb7uAhWSERQKHUI5AtEQFjAAegQIBhAC&amp;url=https%3A%2F%2Fwww.aeroklubmartin.sk%2F&amp;usg=AOvVaw3Wzj7iXBU8DrTkGtUBE8En\">aeroklub<\/a> prowadzi prywatne muzeum lotnictwa.  <\/p>\n<p><a href=\"http:\/\/gardeon.pl\/wp-content\/uploads\/2021\/01\/gardeon-blog-tomcany.jpg\"><img loading=\"lazy\" decoding=\"async\" class=\"aligncenter wp-image-30618\" src=\"http:\/\/gardeon.pl\/wp-content\/uploads\/2021\/01\/gardeon-blog-tomcany.jpg\" alt=\"Aeroklub Tom\u010dany\" width=\"800\" height=\"600\" srcset=\"https:\/\/gardeon.pl\/wp-content\/uploads\/2021\/01\/gardeon-blog-tomcany.jpg 1014w, https:\/\/gardeon.pl\/wp-content\/uploads\/2021\/01\/gardeon-blog-tomcany-300x225.jpg 300w, https:\/\/gardeon.pl\/wp-content\/uploads\/2021\/01\/gardeon-blog-tomcany-768x576.jpg 768w\" sizes=\"auto, (max-width: 800px) 100vw, 800px\" \/><\/a><\/p>\n<p>Pasjonaci lotnictwa zgromadzili tutaj sprz\u0119t wyprodukowany ponad 30 lat temu, w tym mi\u0119dzy innymi 11 samolot\u00f3w i \u015bmig\u0142owiec. Prawdziw\u0105 wisienk\u0105 na torcie mo\u017ce by\u0107 lot widokowy samolotem silnikowym lub szybowcem, podczas kt\u00f3rego b\u0119d\u0105 Pa\u0144stwo mieli Turiec jak na d\u0142oni. Wizyta jest mo\u017cliwa po wcze\u015bniejszym uzgodnieniu (telefonicznie lub e-mailem).  <\/p>\n<p><a href=\"http:\/\/gardeon.pl\/wp-content\/uploads\/2021\/01\/gardeon-blog-hasiccke-muzeum.jpg\"><img loading=\"lazy\" decoding=\"async\" class=\"aligncenter wp-image-30636\" src=\"http:\/\/gardeon.pl\/wp-content\/uploads\/2021\/01\/gardeon-blog-hasiccke-muzeum.jpg\" alt=\"Muzeum Stra\u017cy Po\u017carnej Martin Priekopa\" width=\"800\" height=\"450\" srcset=\"https:\/\/gardeon.pl\/wp-content\/uploads\/2021\/01\/gardeon-blog-hasiccke-muzeum.jpg 1280w, https:\/\/gardeon.pl\/wp-content\/uploads\/2021\/01\/gardeon-blog-hasiccke-muzeum-300x169.jpg 300w, https:\/\/gardeon.pl\/wp-content\/uploads\/2021\/01\/gardeon-blog-hasiccke-muzeum-1024x576.jpg 1024w, https:\/\/gardeon.pl\/wp-content\/uploads\/2021\/01\/gardeon-blog-hasiccke-muzeum-768x432.jpg 768w\" sizes=\"auto, (max-width: 800px) 100vw, 800px\" \/><\/a><\/p>\n<p>W Martinie mog\u0105 Pa\u0144stwo odwiedzi\u0107 r\u00f3wnie\u017c Muzeum Stra\u017cy Po\u017carnej, a ciekawostk\u0105 z historii techniki jest Stary Tunel Kralovia\u0144ski z 1871 roku. Ten licz\u0105cy oko\u0142o 400 m d\u0142ugo\u015bci jednotorowy tunel kolejowy zosta\u0142 zamkni\u0119ty w 1950 roku i zachowa\u0142 si\u0119 w do\u015b\u0107 dobrym stanie, ale je\u015bli planuj\u0105 Pa\u0144stwo do niego wej\u015b\u0107, prosz\u0119 nie zapomnie\u0107 o latarce. A je\u015bli znajd\u0105 Pa\u0144stwo otw\u00f3r w \u015bcianie, przy okazji zwiedzania tunelu mog\u0105 Pa\u0144stwo obejrze\u0107 r\u00f3wnie\u017c licz\u0105c\u0105 oko\u0142o 160 m d\u0142ugo\u015bci jaskini\u0119 krasow\u0105.  <\/p>\n<h2>5. Ruiny \u015bredniowiecznych zamk\u00f3w<\/h2>\n<p>Mog\u0105 Pa\u0144stwo zaplanowa\u0107 ciekawe wycieczki tematyczne \u015bladami ruin zamk\u00f3w, kt\u00f3re w \u015bredniowieczu strzeg\u0142y wa\u017cnych szlak\u00f3w handlowych, a na wzg\u00f3rzach otaczaj\u0105cych Kotlin\u0119 Turcza\u0144sk\u0105 jest ich kilka. W Wielkiej Fatrze, na niskim wapiennym grzbiecie oko\u0142o 2 km od miejscowo\u015bci Blatnica, stoj\u0105 romantyczne ruiny Zamku Blatnickiego, do kt\u00f3rych mo\u017cna dotrze\u0107 pieszo Dolin\u0105 Gadersk\u0105. <\/p>\n<p><a href=\"http:\/\/gardeon.pl\/wp-content\/uploads\/2021\/01\/gardeon-blog-blatnicky-hrad.jpg\"><img loading=\"lazy\" decoding=\"async\" class=\"aligncenter wp-image-30633\" src=\"http:\/\/gardeon.pl\/wp-content\/uploads\/2021\/01\/gardeon-blog-blatnicky-hrad.jpg\" alt=\"Zamek Blatnica\" width=\"800\" height=\"600\" srcset=\"https:\/\/gardeon.pl\/wp-content\/uploads\/2021\/01\/gardeon-blog-blatnicky-hrad.jpg 1500w, https:\/\/gardeon.pl\/wp-content\/uploads\/2021\/01\/gardeon-blog-blatnicky-hrad-300x225.jpg 300w, https:\/\/gardeon.pl\/wp-content\/uploads\/2021\/01\/gardeon-blog-blatnicky-hrad-1024x768.jpg 1024w, https:\/\/gardeon.pl\/wp-content\/uploads\/2021\/01\/gardeon-blog-blatnicky-hrad-768x576.jpg 768w\" sizes=\"auto, (max-width: 800px) 100vw, 800px\" \/><\/a><\/p>\n<p>Po przeciwnej stronie Kotliny Turcza\u0144skiej, na wysokiej wapiennej skale, wznosz\u0105 si\u0119 ruiny Zamku Znievskiego. Poniewa\u017c nale\u017cy on do najwy\u017cej po\u0142o\u017conych zamk\u00f3w, jest popularnym celem turystycznym r\u00f3wnie\u017c ze wzgl\u0119du na wspania\u0142e widoki, jakie oferuje wzg\u00f3rze nad miejscowo\u015bci\u0105 Kl\u00e1\u0161tor pod Znievom, jednak z tego samego powodu nale\u017cy liczy\u0107 si\u0119 z do\u015b\u0107 stromym, oko\u0142o godzinnym podej\u015bciem. <\/p>\n<p><a href=\"http:\/\/gardeon.pl\/wp-content\/uploads\/2021\/01\/gardeon-blog-znievsky-hrad-scaled.jpg\"><img loading=\"lazy\" decoding=\"async\" class=\"aligncenter wp-image-30631\" src=\"http:\/\/gardeon.pl\/wp-content\/uploads\/2021\/01\/gardeon-blog-znievsky-hrad-scaled.jpg\" alt=\"Zamek Zniev\" width=\"800\" height=\"600\" srcset=\"https:\/\/gardeon.pl\/wp-content\/uploads\/2021\/01\/gardeon-blog-znievsky-hrad-scaled.jpg 2560w, https:\/\/gardeon.pl\/wp-content\/uploads\/2021\/01\/gardeon-blog-znievsky-hrad-300x225.jpg 300w, https:\/\/gardeon.pl\/wp-content\/uploads\/2021\/01\/gardeon-blog-znievsky-hrad-1024x768.jpg 1024w, https:\/\/gardeon.pl\/wp-content\/uploads\/2021\/01\/gardeon-blog-znievsky-hrad-768x576.jpg 768w, https:\/\/gardeon.pl\/wp-content\/uploads\/2021\/01\/gardeon-blog-znievsky-hrad-1536x1152.jpg 1536w, https:\/\/gardeon.pl\/wp-content\/uploads\/2021\/01\/gardeon-blog-znievsky-hrad-2048x1536.jpg 2048w\" sizes=\"auto, (max-width: 800px) 100vw, 800px\" \/><\/a><\/p>\n<p>Z kolei kr\u00f3tki i ma\u0142o wymagaj\u0105cy spacer doprowadzi Pa\u0144stwa do ruin zamku Sklabi\u0148a, kt\u00f3ry wida\u0107 ju\u017c z daleka w drodze do Martina. Opr\u00f3cz zamku na sto\u017ckowatym, zalesionym wzg\u00f3rzu nad miejscowo\u015bci\u0105 Sklabinsk\u00fd Podz\u00e1mok, mog\u0105 Pa\u0144stwo odwiedzi\u0107 r\u00f3wnie\u017c prywatne muzeum po\u015bwi\u0119cone jego historii. <\/p>\n<p><a href=\"http:\/\/gardeon.pl\/wp-content\/uploads\/2021\/01\/gardeon-blog-hrad-sklabina.jpg\"><img loading=\"lazy\" decoding=\"async\" class=\"aligncenter wp-image-30629\" src=\"http:\/\/gardeon.pl\/wp-content\/uploads\/2021\/01\/gardeon-blog-hrad-sklabina.jpg\" alt=\"Zamek Sklabi\u0148a\" width=\"800\" height=\"600\" srcset=\"https:\/\/gardeon.pl\/wp-content\/uploads\/2021\/01\/gardeon-blog-hrad-sklabina.jpg 2554w, https:\/\/gardeon.pl\/wp-content\/uploads\/2021\/01\/gardeon-blog-hrad-sklabina-300x225.jpg 300w, https:\/\/gardeon.pl\/wp-content\/uploads\/2021\/01\/gardeon-blog-hrad-sklabina-1024x768.jpg 1024w, https:\/\/gardeon.pl\/wp-content\/uploads\/2021\/01\/gardeon-blog-hrad-sklabina-768x576.jpg 768w, https:\/\/gardeon.pl\/wp-content\/uploads\/2021\/01\/gardeon-blog-hrad-sklabina-1536x1152.jpg 1536w, https:\/\/gardeon.pl\/wp-content\/uploads\/2021\/01\/gardeon-blog-hrad-sklabina-2048x1536.jpg 2048w\" sizes=\"auto, (max-width: 800px) 100vw, 800px\" \/><\/a><\/p>\n<p>Oczywi\u015bcie to jeszcze nie wszystko. Ciekawych miejsc, kt\u00f3re warto zobaczy\u0107 w Turcu, jest znacznie wi\u0119cej. Na przyk\u0142ad na \u0142\u0105ce nad miejscowo\u015bci\u0105 Kl\u00e1\u0161tor pod Znievom stoi naprawd\u0119 imponuj\u0105ca <a href=\"http:\/\/gardeon.pl\/blog\/lavicka-gardeon-co-stoji-za-jej-vznikom\/\">ogromna drewniana \u0142awka Gardeon<\/a> \u2013 z wioski to tylko oko\u0142o p\u00f3\u0142godzinny spacer, z kt\u00f3rym poradz\u0105 sobie nawet mniejsze dzieci.  <\/p>\n<p><a href=\"http:\/\/gardeon.pl\/wp-content\/uploads\/2020\/12\/gardeon-lavicka-35.jpg\"><img loading=\"lazy\" decoding=\"async\" class=\"aligncenter wp-image-29668\" src=\"http:\/\/gardeon.pl\/wp-content\/uploads\/2020\/12\/gardeon-lavicka-35.jpg\" alt=\"Ludzie siedz\u0105 razem na \u0142awce GARDEON\" width=\"800\" height=\"600\" srcset=\"https:\/\/gardeon.pl\/wp-content\/uploads\/2020\/12\/gardeon-lavicka-35.jpg 1500w, https:\/\/gardeon.pl\/wp-content\/uploads\/2020\/12\/gardeon-lavicka-35-300x225.jpg 300w, https:\/\/gardeon.pl\/wp-content\/uploads\/2020\/12\/gardeon-lavicka-35-1024x768.jpg 1024w, https:\/\/gardeon.pl\/wp-content\/uploads\/2020\/12\/gardeon-lavicka-35-768x576.jpg 768w, https:\/\/gardeon.pl\/wp-content\/uploads\/2020\/12\/gardeon-lavicka-35-1200x900-cropped.jpg 1200w\" sizes=\"auto, (max-width: 800px) 100vw, 800px\" \/><\/a><\/p>\n<p>A z miejscowo\u015bci Kl\u00e1\u0161tor pod Znievom to tylko krok do Tur\u010dianskiego \u010eura, gdzie mog\u0105 Pa\u0144stwo odwiedzi\u0107 now\u0105, <a href=\"http:\/\/gardeon.pl\/\">nowoczesn\u0105 siedzib\u0119 naszej rodzinnej firmy<\/a>. To w\u0142a\u015bnie tutaj znajd\u0105 Pa\u0144stwo najwi\u0119ksze i najnowocze\u015bniejsze centrum wystawowe gara\u017cy blaszanych i domk\u00f3w ogrodowych na S\u0142owacji, gdzie mog\u0105 Pa\u0144stwo szczeg\u00f3\u0142owo obejrze\u0107 wszystkie produkty Gardeon. <\/p>\n<p>&nbsp;<\/p>\n<h5>\u0179r\u00f3d\u0142o (Source):<\/h5>\n<h5>bank zdj\u0119\u0107 GARDEON<\/h5>\n<h5>https:\/\/cs.wikipedia.org\/<\/h5>\n<h5>https:\/\/slovakia.transferbooking.org\/<\/h5>\n<h5>https:\/\/sk.wikipedia.org\/<\/h5>\n<h5>https:\/\/slovenskycestovatel.sk\/<\/h5>\n<h5>https:\/\/rcmodelklub.sk<\/h5>\n<h5>https:\/\/woodpark.sk<\/h5>\n<h5>https:\/\/youtube.com<\/h5>\n","protected":false},"excerpt":{"rendered":"<p>Zdecydowali si\u0119 Pa\u0144stwo sp\u0119dzi\u0107 lato na S\u0142owacji? Je\u015bli wybior\u0105 Pa\u0144stwo Kotlin\u0119 Turcza\u0144sk\u0105, na pewno nie b\u0119d\u0105 si\u0119 Pa\u0144stwo nudzi\u0107. Turystyka w Turcu to po prostu klasyka, ale tutejsze atrakcje zdecydowanie nie ko\u0144cz\u0105 si\u0119 na pi\u0119knej przyrodzie z romantycznymi dolinami i imponuj\u0105cymi g\u00f3rami.<\/p>\n","protected":false},"author":2,"featured_media":47789,"comment_status":"open","ping_status":"open","sticky":false,"template":"","format":"standard","meta":{"_acf_changed":false,"inline_featured_image":false,"footnotes":""},"categories":[631],"tags":[946,861,860,862,864],"class_list":["post-47782","post","type-post","status-publish","format-standard","has-post-thumbnail","hentry","category-inne","tag-mala-fatra-2","tag-podroze","tag-turiec","tag-turystyka","tag-wielka-fatra"],"acf":[],"yoast_head":"<!-- This site is optimized with the Yoast SEO plugin v27.4 - https:\/\/yoast.com\/product\/yoast-seo-wordpress\/ -->\n<title>Ciekawe miejsca w Turcu: 5 powod\u00f3w, dla kt\u00f3rych warto odwiedzi\u0107 Turiec latem - GARDEON<\/title>\n<meta name=\"robots\" content=\"index, follow, max-snippet:-1, max-image-preview:large, max-video-preview:-1\" \/>\n<link rel=\"canonical\" href=\"https:\/\/gardeon.pl\/pl\/blog\/ciekawe-miejsca-w-turcu-5-powodow-dla-ktorych-warto-odwiedzic-turiec-latem\/\" \/>\n<meta property=\"og:locale\" content=\"pl_PL\" \/>\n<meta property=\"og:type\" content=\"article\" \/>\n<meta property=\"og:title\" content=\"Ciekawe miejsca w Turcu: 5 powod\u00f3w, dla kt\u00f3rych warto odwiedzi\u0107 Turiec latem - GARDEON\" \/>\n<meta property=\"og:description\" content=\"Zdecydowali si\u0119 Pa\u0144stwo sp\u0119dzi\u0107 lato na S\u0142owacji? Je\u015bli wybior\u0105 Pa\u0144stwo Kotlin\u0119 Turcza\u0144sk\u0105, na pewno nie b\u0119d\u0105 si\u0119 Pa\u0144stwo nudzi\u0107. Turystyka w Turcu to po prostu klasyka, ale tutejsze atrakcje zdecydowanie nie ko\u0144cz\u0105 si\u0119 na pi\u0119knej przyrodzie z romantycznymi dolinami i imponuj\u0105cymi g\u00f3rami.\" \/>\n<meta property=\"og:url\" content=\"https:\/\/gardeon.pl\/pl\/blog\/ciekawe-miejsca-w-turcu-5-powodow-dla-ktorych-warto-odwiedzic-turiec-latem\/\" \/>\n<meta property=\"og:site_name\" content=\"GARDEON\" \/>\n<meta property=\"article:published_time\" content=\"2026-04-23T16:41:26+00:00\" \/>\n<meta property=\"og:image\" content=\"http:\/\/gardeon.pl\/wp-content\/uploads\/2021\/01\/gardeon-blog-hrad-sklabina.jpg\" \/>\n\t<meta property=\"og:image:width\" content=\"2554\" \/>\n\t<meta property=\"og:image:height\" content=\"1916\" \/>\n\t<meta property=\"og:image:type\" content=\"image\/jpeg\" \/>\n<meta name=\"author\" content=\"editor\" \/>\n<meta name=\"twitter:card\" content=\"summary_large_image\" \/>\n<meta name=\"twitter:label1\" content=\"Napisane przez\" \/>\n\t<meta name=\"twitter:data1\" content=\"editor\" \/>\n\t<meta name=\"twitter:label2\" content=\"Szacowany czas czytania\" \/>\n\t<meta name=\"twitter:data2\" content=\"6 minut\" \/>\n<script type=\"application\/ld+json\" class=\"yoast-schema-graph\">{\"@context\":\"https:\\\/\\\/schema.org\",\"@graph\":[{\"@type\":\"Article\",\"@id\":\"https:\\\/\\\/gardeon.pl\\\/pl\\\/blog\\\/ciekawe-miejsca-w-turcu-5-powodow-dla-ktorych-warto-odwiedzic-turiec-latem\\\/#article\",\"isPartOf\":{\"@id\":\"https:\\\/\\\/gardeon.pl\\\/pl\\\/blog\\\/ciekawe-miejsca-w-turcu-5-powodow-dla-ktorych-warto-odwiedzic-turiec-latem\\\/\"},\"author\":{\"name\":\"editor\",\"@id\":\"https:\\\/\\\/gardeon.pl\\\/#\\\/schema\\\/person\\\/a5762ca5f0790bf92774af0899379463\"},\"headline\":\"Ciekawe miejsca w Turcu: 5 powod\u00f3w, dla kt\u00f3rych warto odwiedzi\u0107 Turiec latem\",\"datePublished\":\"2026-04-23T16:41:26+00:00\",\"mainEntityOfPage\":{\"@id\":\"https:\\\/\\\/gardeon.pl\\\/pl\\\/blog\\\/ciekawe-miejsca-w-turcu-5-powodow-dla-ktorych-warto-odwiedzic-turiec-latem\\\/\"},\"wordCount\":1185,\"commentCount\":0,\"image\":{\"@id\":\"https:\\\/\\\/gardeon.pl\\\/pl\\\/blog\\\/ciekawe-miejsca-w-turcu-5-powodow-dla-ktorych-warto-odwiedzic-turiec-latem\\\/#primaryimage\"},\"thumbnailUrl\":\"https:\\\/\\\/gardeon.pl\\\/wp-content\\\/uploads\\\/2021\\\/01\\\/gardeon-blog-hrad-sklabina.jpg\",\"keywords\":[\"mal\u00e1 fatra\",\"podr\u00f3\u017ce\",\"turiec\",\"turystyka\",\"wielka fatra\"],\"articleSection\":[\"Inne\"],\"inLanguage\":\"pl-PL\",\"potentialAction\":[{\"@type\":\"CommentAction\",\"name\":\"Comment\",\"target\":[\"https:\\\/\\\/gardeon.pl\\\/pl\\\/blog\\\/ciekawe-miejsca-w-turcu-5-powodow-dla-ktorych-warto-odwiedzic-turiec-latem\\\/#respond\"]}]},{\"@type\":\"WebPage\",\"@id\":\"https:\\\/\\\/gardeon.pl\\\/pl\\\/blog\\\/ciekawe-miejsca-w-turcu-5-powodow-dla-ktorych-warto-odwiedzic-turiec-latem\\\/\",\"url\":\"https:\\\/\\\/gardeon.pl\\\/pl\\\/blog\\\/ciekawe-miejsca-w-turcu-5-powodow-dla-ktorych-warto-odwiedzic-turiec-latem\\\/\",\"name\":\"Ciekawe miejsca w Turcu: 5 powod\u00f3w, dla kt\u00f3rych warto odwiedzi\u0107 Turiec latem - GARDEON\",\"isPartOf\":{\"@id\":\"https:\\\/\\\/gardeon.pl\\\/#website\"},\"primaryImageOfPage\":{\"@id\":\"https:\\\/\\\/gardeon.pl\\\/pl\\\/blog\\\/ciekawe-miejsca-w-turcu-5-powodow-dla-ktorych-warto-odwiedzic-turiec-latem\\\/#primaryimage\"},\"image\":{\"@id\":\"https:\\\/\\\/gardeon.pl\\\/pl\\\/blog\\\/ciekawe-miejsca-w-turcu-5-powodow-dla-ktorych-warto-odwiedzic-turiec-latem\\\/#primaryimage\"},\"thumbnailUrl\":\"https:\\\/\\\/gardeon.pl\\\/wp-content\\\/uploads\\\/2021\\\/01\\\/gardeon-blog-hrad-sklabina.jpg\",\"datePublished\":\"2026-04-23T16:41:26+00:00\",\"author\":{\"@id\":\"https:\\\/\\\/gardeon.pl\\\/#\\\/schema\\\/person\\\/a5762ca5f0790bf92774af0899379463\"},\"breadcrumb\":{\"@id\":\"https:\\\/\\\/gardeon.pl\\\/pl\\\/blog\\\/ciekawe-miejsca-w-turcu-5-powodow-dla-ktorych-warto-odwiedzic-turiec-latem\\\/#breadcrumb\"},\"inLanguage\":\"pl-PL\",\"potentialAction\":[{\"@type\":\"ReadAction\",\"target\":[\"https:\\\/\\\/gardeon.pl\\\/pl\\\/blog\\\/ciekawe-miejsca-w-turcu-5-powodow-dla-ktorych-warto-odwiedzic-turiec-latem\\\/\"]}]},{\"@type\":\"ImageObject\",\"inLanguage\":\"pl-PL\",\"@id\":\"https:\\\/\\\/gardeon.pl\\\/pl\\\/blog\\\/ciekawe-miejsca-w-turcu-5-powodow-dla-ktorych-warto-odwiedzic-turiec-latem\\\/#primaryimage\",\"url\":\"https:\\\/\\\/gardeon.pl\\\/wp-content\\\/uploads\\\/2021\\\/01\\\/gardeon-blog-hrad-sklabina.jpg\",\"contentUrl\":\"https:\\\/\\\/gardeon.pl\\\/wp-content\\\/uploads\\\/2021\\\/01\\\/gardeon-blog-hrad-sklabina.jpg\",\"width\":2554,\"height\":1916,\"caption\":\"Zamek Sklabi\u0148a\"},{\"@type\":\"BreadcrumbList\",\"@id\":\"https:\\\/\\\/gardeon.pl\\\/pl\\\/blog\\\/ciekawe-miejsca-w-turcu-5-powodow-dla-ktorych-warto-odwiedzic-turiec-latem\\\/#breadcrumb\",\"itemListElement\":[{\"@type\":\"ListItem\",\"position\":1,\"name\":\"Domov\",\"item\":\"https:\\\/\\\/gardeon.pl\\\/pl\\\/\"},{\"@type\":\"ListItem\",\"position\":2,\"name\":\"Ciekawe miejsca w Turcu: 5 powod\u00f3w, dla kt\u00f3rych warto odwiedzi\u0107 Turiec latem\"}]},{\"@type\":\"WebSite\",\"@id\":\"https:\\\/\\\/gardeon.pl\\\/#website\",\"url\":\"https:\\\/\\\/gardeon.pl\\\/\",\"name\":\"GARDEON\",\"description\":\"\",\"potentialAction\":[{\"@type\":\"SearchAction\",\"target\":{\"@type\":\"EntryPoint\",\"urlTemplate\":\"https:\\\/\\\/gardeon.pl\\\/?s={search_term_string}\"},\"query-input\":{\"@type\":\"PropertyValueSpecification\",\"valueRequired\":true,\"valueName\":\"search_term_string\"}}],\"inLanguage\":\"pl-PL\"},{\"@type\":\"Person\",\"@id\":\"https:\\\/\\\/gardeon.pl\\\/#\\\/schema\\\/person\\\/a5762ca5f0790bf92774af0899379463\",\"name\":\"editor\",\"image\":{\"@type\":\"ImageObject\",\"inLanguage\":\"pl-PL\",\"@id\":\"https:\\\/\\\/secure.gravatar.com\\\/avatar\\\/2b748151c2c748327307fd289a91b3bdafdd9e64e2d000e65e53d6dcf11c5830?s=96&d=mm&r=g\",\"url\":\"https:\\\/\\\/secure.gravatar.com\\\/avatar\\\/2b748151c2c748327307fd289a91b3bdafdd9e64e2d000e65e53d6dcf11c5830?s=96&d=mm&r=g\",\"contentUrl\":\"https:\\\/\\\/secure.gravatar.com\\\/avatar\\\/2b748151c2c748327307fd289a91b3bdafdd9e64e2d000e65e53d6dcf11c5830?s=96&d=mm&r=g\",\"caption\":\"editor\"}}]}<\/script>\n<!-- \/ Yoast SEO plugin. -->","yoast_head_json":{"title":"Ciekawe miejsca w Turcu: 5 powod\u00f3w, dla kt\u00f3rych warto odwiedzi\u0107 Turiec latem - GARDEON","robots":{"index":"index","follow":"follow","max-snippet":"max-snippet:-1","max-image-preview":"max-image-preview:large","max-video-preview":"max-video-preview:-1"},"canonical":"https:\/\/gardeon.pl\/pl\/blog\/ciekawe-miejsca-w-turcu-5-powodow-dla-ktorych-warto-odwiedzic-turiec-latem\/","og_locale":"pl_PL","og_type":"article","og_title":"Ciekawe miejsca w Turcu: 5 powod\u00f3w, dla kt\u00f3rych warto odwiedzi\u0107 Turiec latem - GARDEON","og_description":"Zdecydowali si\u0119 Pa\u0144stwo sp\u0119dzi\u0107 lato na S\u0142owacji? Je\u015bli wybior\u0105 Pa\u0144stwo Kotlin\u0119 Turcza\u0144sk\u0105, na pewno nie b\u0119d\u0105 si\u0119 Pa\u0144stwo nudzi\u0107. Turystyka w Turcu to po prostu klasyka, ale tutejsze atrakcje zdecydowanie nie ko\u0144cz\u0105 si\u0119 na pi\u0119knej przyrodzie z romantycznymi dolinami i imponuj\u0105cymi g\u00f3rami.","og_url":"https:\/\/gardeon.pl\/pl\/blog\/ciekawe-miejsca-w-turcu-5-powodow-dla-ktorych-warto-odwiedzic-turiec-latem\/","og_site_name":"GARDEON","article_published_time":"2026-04-23T16:41:26+00:00","og_image":[{"width":2554,"height":1916,"url":"http:\/\/gardeon.pl\/wp-content\/uploads\/2021\/01\/gardeon-blog-hrad-sklabina.jpg","type":"image\/jpeg"}],"author":"editor","twitter_card":"summary_large_image","twitter_misc":{"Napisane przez":"editor","Szacowany czas czytania":"6 minut"},"schema":{"@context":"https:\/\/schema.org","@graph":[{"@type":"Article","@id":"https:\/\/gardeon.pl\/pl\/blog\/ciekawe-miejsca-w-turcu-5-powodow-dla-ktorych-warto-odwiedzic-turiec-latem\/#article","isPartOf":{"@id":"https:\/\/gardeon.pl\/pl\/blog\/ciekawe-miejsca-w-turcu-5-powodow-dla-ktorych-warto-odwiedzic-turiec-latem\/"},"author":{"name":"editor","@id":"https:\/\/gardeon.pl\/#\/schema\/person\/a5762ca5f0790bf92774af0899379463"},"headline":"Ciekawe miejsca w Turcu: 5 powod\u00f3w, dla kt\u00f3rych warto odwiedzi\u0107 Turiec latem","datePublished":"2026-04-23T16:41:26+00:00","mainEntityOfPage":{"@id":"https:\/\/gardeon.pl\/pl\/blog\/ciekawe-miejsca-w-turcu-5-powodow-dla-ktorych-warto-odwiedzic-turiec-latem\/"},"wordCount":1185,"commentCount":0,"image":{"@id":"https:\/\/gardeon.pl\/pl\/blog\/ciekawe-miejsca-w-turcu-5-powodow-dla-ktorych-warto-odwiedzic-turiec-latem\/#primaryimage"},"thumbnailUrl":"https:\/\/gardeon.pl\/wp-content\/uploads\/2021\/01\/gardeon-blog-hrad-sklabina.jpg","keywords":["mal\u00e1 fatra","podr\u00f3\u017ce","turiec","turystyka","wielka fatra"],"articleSection":["Inne"],"inLanguage":"pl-PL","potentialAction":[{"@type":"CommentAction","name":"Comment","target":["https:\/\/gardeon.pl\/pl\/blog\/ciekawe-miejsca-w-turcu-5-powodow-dla-ktorych-warto-odwiedzic-turiec-latem\/#respond"]}]},{"@type":"WebPage","@id":"https:\/\/gardeon.pl\/pl\/blog\/ciekawe-miejsca-w-turcu-5-powodow-dla-ktorych-warto-odwiedzic-turiec-latem\/","url":"https:\/\/gardeon.pl\/pl\/blog\/ciekawe-miejsca-w-turcu-5-powodow-dla-ktorych-warto-odwiedzic-turiec-latem\/","name":"Ciekawe miejsca w Turcu: 5 powod\u00f3w, dla kt\u00f3rych warto odwiedzi\u0107 Turiec latem - GARDEON","isPartOf":{"@id":"https:\/\/gardeon.pl\/#website"},"primaryImageOfPage":{"@id":"https:\/\/gardeon.pl\/pl\/blog\/ciekawe-miejsca-w-turcu-5-powodow-dla-ktorych-warto-odwiedzic-turiec-latem\/#primaryimage"},"image":{"@id":"https:\/\/gardeon.pl\/pl\/blog\/ciekawe-miejsca-w-turcu-5-powodow-dla-ktorych-warto-odwiedzic-turiec-latem\/#primaryimage"},"thumbnailUrl":"https:\/\/gardeon.pl\/wp-content\/uploads\/2021\/01\/gardeon-blog-hrad-sklabina.jpg","datePublished":"2026-04-23T16:41:26+00:00","author":{"@id":"https:\/\/gardeon.pl\/#\/schema\/person\/a5762ca5f0790bf92774af0899379463"},"breadcrumb":{"@id":"https:\/\/gardeon.pl\/pl\/blog\/ciekawe-miejsca-w-turcu-5-powodow-dla-ktorych-warto-odwiedzic-turiec-latem\/#breadcrumb"},"inLanguage":"pl-PL","potentialAction":[{"@type":"ReadAction","target":["https:\/\/gardeon.pl\/pl\/blog\/ciekawe-miejsca-w-turcu-5-powodow-dla-ktorych-warto-odwiedzic-turiec-latem\/"]}]},{"@type":"ImageObject","inLanguage":"pl-PL","@id":"https:\/\/gardeon.pl\/pl\/blog\/ciekawe-miejsca-w-turcu-5-powodow-dla-ktorych-warto-odwiedzic-turiec-latem\/#primaryimage","url":"https:\/\/gardeon.pl\/wp-content\/uploads\/2021\/01\/gardeon-blog-hrad-sklabina.jpg","contentUrl":"https:\/\/gardeon.pl\/wp-content\/uploads\/2021\/01\/gardeon-blog-hrad-sklabina.jpg","width":2554,"height":1916,"caption":"Zamek Sklabi\u0148a"},{"@type":"BreadcrumbList","@id":"https:\/\/gardeon.pl\/pl\/blog\/ciekawe-miejsca-w-turcu-5-powodow-dla-ktorych-warto-odwiedzic-turiec-latem\/#breadcrumb","itemListElement":[{"@type":"ListItem","position":1,"name":"Domov","item":"https:\/\/gardeon.pl\/pl\/"},{"@type":"ListItem","position":2,"name":"Ciekawe miejsca w Turcu: 5 powod\u00f3w, dla kt\u00f3rych warto odwiedzi\u0107 Turiec latem"}]},{"@type":"WebSite","@id":"https:\/\/gardeon.pl\/#website","url":"https:\/\/gardeon.pl\/","name":"GARDEON","description":"","potentialAction":[{"@type":"SearchAction","target":{"@type":"EntryPoint","urlTemplate":"https:\/\/gardeon.pl\/?s={search_term_string}"},"query-input":{"@type":"PropertyValueSpecification","valueRequired":true,"valueName":"search_term_string"}}],"inLanguage":"pl-PL"},{"@type":"Person","@id":"https:\/\/gardeon.pl\/#\/schema\/person\/a5762ca5f0790bf92774af0899379463","name":"editor","image":{"@type":"ImageObject","inLanguage":"pl-PL","@id":"https:\/\/secure.gravatar.com\/avatar\/2b748151c2c748327307fd289a91b3bdafdd9e64e2d000e65e53d6dcf11c5830?s=96&d=mm&r=g","url":"https:\/\/secure.gravatar.com\/avatar\/2b748151c2c748327307fd289a91b3bdafdd9e64e2d000e65e53d6dcf11c5830?s=96&d=mm&r=g","contentUrl":"https:\/\/secure.gravatar.com\/avatar\/2b748151c2c748327307fd289a91b3bdafdd9e64e2d000e65e53d6dcf11c5830?s=96&d=mm&r=g","caption":"editor"}}]}},"_links":{"self":[{"href":"https:\/\/gardeon.pl\/pl\/wp-json\/wp\/v2\/posts\/47782","targetHints":{"allow":["GET"]}}],"collection":[{"href":"https:\/\/gardeon.pl\/pl\/wp-json\/wp\/v2\/posts"}],"about":[{"href":"https:\/\/gardeon.pl\/pl\/wp-json\/wp\/v2\/types\/post"}],"author":[{"embeddable":true,"href":"https:\/\/gardeon.pl\/pl\/wp-json\/wp\/v2\/users\/2"}],"replies":[{"embeddable":true,"href":"https:\/\/gardeon.pl\/pl\/wp-json\/wp\/v2\/comments?post=47782"}],"version-history":[{"count":0,"href":"https:\/\/gardeon.pl\/pl\/wp-json\/wp\/v2\/posts\/47782\/revisions"}],"wp:featuredmedia":[{"embeddable":true,"href":"https:\/\/gardeon.pl\/pl\/wp-json\/wp\/v2\/media\/47789"}],"wp:attachment":[{"href":"https:\/\/gardeon.pl\/pl\/wp-json\/wp\/v2\/media?parent=47782"}],"wp:term":[{"taxonomy":"category","embeddable":true,"href":"https:\/\/gardeon.pl\/pl\/wp-json\/wp\/v2\/categories?post=47782"},{"taxonomy":"post_tag","embeddable":true,"href":"https:\/\/gardeon.pl\/pl\/wp-json\/wp\/v2\/tags?post=47782"}],"curies":[{"name":"wp","href":"https:\/\/api.w.org\/{rel}","templated":true}]}}