{"id":47807,"date":"2026-04-23T18:41:26","date_gmt":"2026-04-23T16:41:26","guid":{"rendered":"https:\/\/gardeon.pl\/?p=47807"},"modified":"2026-04-23T18:41:26","modified_gmt":"2026-04-23T16:41:26","slug":"odpady-ogrodowe-co-wszystko-moze-trafic-do-kompostu","status":"publish","type":"post","link":"https:\/\/gardeon.pl\/pl\/blog\/odpady-ogrodowe-co-wszystko-moze-trafic-do-kompostu\/","title":{"rendered":"Odpady ogrodowe \u2013 co wszystko mo\u017ce trafi\u0107 do kompostu?"},"content":{"rendered":"<p><em>W ci\u0105gu sezonu w ogrodzie gromadzi si\u0119 mn\u00f3stwo materia\u0142u organicznego, kt\u00f3ry cz\u0119sto nazywany jest odpadem. Wystarczy jednak wiedzie\u0107, jak go sprytnie wykorzysta\u0107, aby przekona\u0107 si\u0119, \u017ce to prawdziwy skarb. <\/em><!--more--><\/p>\n<p><em>Przyci\u0119te ga\u0142\u0119zie, skoszona trawa, opad\u0142e li\u015bcie i owoce, wyrwane chwasty, przekwit\u0142e kwiaty&#8230;<b> <\/b>Co w\u0142a\u015bciwie mo\u017cna zrobi\u0107 z tymi wszystkimi ogrodowymi \u201eodpadami\u201d? Palenie jest zabronione, a do odpad\u00f3w komunalnych one nie nale\u017c\u0105. Mo\u017cna by je wywie\u017a\u0107 do punktu selektywnej zbi\u00f3rki odpad\u00f3w, ale by\u0142aby to wielka szkoda. Mo\u017cliwo\u015bci ich wykorzystania w ogrodzie jest bowiem naprawd\u0119 wiele.   <\/em><\/p>\n<h2 style=\"text-align: center;\"><b>Co z chwastami i resztkami ro\u015blin?<\/b><\/h2>\n<p>Bardzo proste rozwi\u0105zanie oferuj\u0105 <a href=\"https:\/\/gardeon.pl\/pl\/blog\/czym-jest-permakultura-i-jakie-sa-jej-podstawowe-zasady\/\">ogrody permakulturowe<\/a> \u2013 je\u015bli ju\u017c musz\u0105 Pa\u0144stwo wyrwa\u0107 chwasty (nale\u017cy to zrobi\u0107, zanim wytworz\u0105 nasiona), wystarczy zostawi\u0107 je na grz\u0105dce, tam, gdzie uros\u0142y. Podobnie resztki ro\u015blin po zbiorach mo\u017cna pozostawi\u0107 na miejscu. Zasady permakultury opieraj\u0105 si\u0119 bowiem na obserwacji i na\u015bladowaniu proces\u00f3w zachodz\u0105cych w przyrodzie, a przecie\u017c z naturalnego lasu nikt nie usuwa \u017cadnych odpad\u00f3w. Ca\u0142y materia\u0142 biologiczny pozostaje tam, gdzie upad\u0142. Najpierw chroni gleb\u0119 przed erozj\u0105, utrat\u0105 wilgoci czy mrozem, a jednocze\u015bnie stopniowo si\u0119 rozk\u0142ada, wzbogacaj\u0105c j\u0105 i u\u017cy\u017aniaj\u0105c.    <span class=\"Apple-converted-space\"> <\/span><\/p>\n<p><a href=\"http:\/\/gardeon.pl\/wp-content\/uploads\/2020\/10\/gardeon-blog-opadane-listie.jpeg\"><img loading=\"lazy\" decoding=\"async\" class=\"wp-image-29059 aligncenter\" src=\"http:\/\/gardeon.pl\/wp-content\/uploads\/2020\/10\/gardeon-blog-opadane-listie.jpeg\" alt=\"Opad\u0142e li\u015bcie w ogrodzie\" width=\"800\" height=\"600\" srcset=\"https:\/\/gardeon.pl\/wp-content\/uploads\/2020\/10\/gardeon-blog-opadane-listie.jpeg 1500w, https:\/\/gardeon.pl\/wp-content\/uploads\/2020\/10\/gardeon-blog-opadane-listie-300x225.jpeg 300w, https:\/\/gardeon.pl\/wp-content\/uploads\/2020\/10\/gardeon-blog-opadane-listie-1024x768.jpeg 1024w, https:\/\/gardeon.pl\/wp-content\/uploads\/2020\/10\/gardeon-blog-opadane-listie-768x576.jpeg 768w\" sizes=\"auto, (max-width: 800px) 100vw, 800px\" \/><\/a><\/p>\n<p>Sk\u0142adniki od\u017cywcze z materia\u0142u biologicznego mog\u0105 Pa\u0144stwo zwr\u00f3ci\u0107 do gleby w ogrodzie, nawet je\u015bli nie s\u0105 Pa\u0144stwo zwolennikami uprawy permakulturowej. Jest to wprawdzie nieco bardziej pracoch\u0142onne, ale i bardziej eleganckie rozwi\u0105zanie dla tych, kt\u00f3rzy lubi\u0105 wzorowo uporz\u0105dkowane grz\u0105dki. Prawie wszystkie resztki ro\u015blinne mo\u017cna wrzuci\u0107 do kompostu, gdzie grzyby, bakterie i drobne organizmy w ci\u0105gu oko\u0142o roku przekszta\u0142c\u0105 je w naturalny i warto\u015bciowy naw\u00f3z. Oczywi\u015bcie podczas kompostowania nale\u017cy przestrzega\u0107 pewnych zasad.   <\/p>\n<p><a href=\"http:\/\/gardeon.pl\/wp-content\/uploads\/2020\/10\/IMG_1678.jpg\"><img loading=\"lazy\" decoding=\"async\" class=\"wp-image-28866 aligncenter\" src=\"http:\/\/gardeon.pl\/wp-content\/uploads\/2020\/10\/IMG_1678.jpg\" alt=\"Kompostownik podczas deszczu\" width=\"800\" height=\"600\" srcset=\"https:\/\/gardeon.pl\/wp-content\/uploads\/2020\/10\/IMG_1678.jpg 1500w, https:\/\/gardeon.pl\/wp-content\/uploads\/2020\/10\/IMG_1678-300x225.jpg 300w, https:\/\/gardeon.pl\/wp-content\/uploads\/2020\/10\/IMG_1678-1024x768.jpg 1024w, https:\/\/gardeon.pl\/wp-content\/uploads\/2020\/10\/IMG_1678-768x576.jpg 768w\" sizes=\"auto, (max-width: 800px) 100vw, 800px\" \/><\/a><\/p>\n<p>Do kompostu nie powinny trafia\u0107 na przyk\u0142ad chwasty trwa\u0142e z roz\u0142ogami i nasionami, ani ro\u015bliny chore lub poddane zabiegom chemicznym \u2013 te najlepiej wywie\u017a\u0107 do punktu zbi\u00f3rki odpad\u00f3w. Na kompostownik potrzebne jest r\u00f3wnie\u017c odpowiednie miejsce. Je\u015bli nie maj\u0105 Pa\u0144stwo w ogrodzie zbyt wiele wolnej przestrzeni, mo\u017cna wykorzysta\u0107 kompaktowy kompostownik plastikowy, kt\u00f3ry nie zajmuje du\u017co miejsca.  <\/p>\n<p><a href=\"http:\/\/gardeon.pl\/wp-content\/uploads\/2020\/07\/Komposter-1.jpg\"><img loading=\"lazy\" decoding=\"async\" class=\"wp-image-27489 aligncenter\" src=\"http:\/\/gardeon.pl\/wp-content\/uploads\/2020\/07\/Komposter-1.jpg\" alt=\"Czarny kompostownik\" width=\"800\" height=\"1067\" srcset=\"https:\/\/gardeon.pl\/wp-content\/uploads\/2020\/07\/Komposter-1.jpg 1500w, https:\/\/gardeon.pl\/wp-content\/uploads\/2020\/07\/Komposter-1-225x300.jpg 225w, https:\/\/gardeon.pl\/wp-content\/uploads\/2020\/07\/Komposter-1-768x1024.jpg 768w, https:\/\/gardeon.pl\/wp-content\/uploads\/2020\/07\/Komposter-1-1152x1536.jpg 1152w\" sizes=\"auto, (max-width: 800px) 100vw, 800px\" \/><\/a><\/p>\n<p>Kompostowniki to pojemniki z pokryw\u0105 i bez dna (zapewnia to przedostawanie si\u0119 do kompostu bakterii czy d\u017cd\u017cownic z gleby). W ofercie dost\u0119pne s\u0105 kompostowniki o r\u00f3\u017cnych kszta\u0142tach i pojemno\u015bciach, jednak przy wyborze warto zwr\u00f3ci\u0107 uwag\u0119, czy dany typ umo\u017cliwia wystarczaj\u0105c\u0105 cyrkulacj\u0119 powietrza. Nape\u0142nia si\u0119 je od g\u00f3ry, ale praktycznym rozwi\u0105zaniem jest posiadanie na dole odpowiednio du\u017cych drzwiczek, przez kt\u00f3re mo\u017cna \u0142atwo wybiera\u0107 dojrza\u0142y kompost.  <\/p>\n<h2 style=\"text-align: center;\"><b>Co ze skoszon\u0105 traw\u0105?<\/b><\/h2>\n<p>Mog\u0105 j\u0105 Pa\u0144stwo na przyk\u0142ad wykorzysta\u0107 jako <a href=\"http:\/\/huradozahrady.com\/prirodny-mulc\/\">\u015bci\u00f3\u0142k\u0119<\/a> bezpo\u015brednio na trawniku. Do tego potrzebna jest kosiarka z funkcj\u0105 mulczowania, kt\u00f3ra rozdrobni skoszon\u0105 traw\u0119 na ma\u0142e kawa\u0142ki. Te rozpadn\u0105 si\u0119 w trawniku, nawo\u017c\u0105c go i zatrzymuj\u0105c w nim wilgo\u0107. Mulczowanie zaleca si\u0119 jednak g\u0142\u00f3wnie w suchszych miesi\u0105cach i nale\u017cy je stosowa\u0107 naprzemiennie ze zbieraniem trawy. Je\u015bli bowiem skoszonej trawy w trawniku jest zbyt du\u017co, grozi to zakwaszeniem gleby i powstawaniem mchu. Skoszonej trawy nie nale\u017cy zostawia\u0107 na powierzchni r\u00f3wnie\u017c podczas ostatniego koszenia przed zim\u0105 (zazwyczaj przypada ono na koniec pa\u017adziernika, a przy cieplejszej pogodzie nawet na pocz\u0105tek listopada).     <\/p>\n<p><a href=\"http:\/\/gardeon.pl\/wp-content\/uploads\/2020\/10\/gardeon-blog-kosacka4.jpeg\"><img loading=\"lazy\" decoding=\"async\" class=\"wp-image-29053 aligncenter\" src=\"http:\/\/gardeon.pl\/wp-content\/uploads\/2020\/10\/gardeon-blog-kosacka4.jpeg\" alt=\"Dwie kosiarki przed psem\" width=\"800\" height=\"600\" srcset=\"https:\/\/gardeon.pl\/wp-content\/uploads\/2020\/10\/gardeon-blog-kosacka4.jpeg 1500w, https:\/\/gardeon.pl\/wp-content\/uploads\/2020\/10\/gardeon-blog-kosacka4-300x225.jpeg 300w, https:\/\/gardeon.pl\/wp-content\/uploads\/2020\/10\/gardeon-blog-kosacka4-1024x768.jpeg 1024w, https:\/\/gardeon.pl\/wp-content\/uploads\/2020\/10\/gardeon-blog-kosacka4-768x576.jpeg 768w\" sizes=\"auto, (max-width: 800px) 100vw, 800px\" \/><\/a><\/p>\n<p>Opr\u00f3cz funkcji mulczowania praktycznym wyposa\u017ceniem kosiarki jest wi\u0119c kosz na traw\u0119. Zebran\u0105 traw\u0119 mo\u017cna wykorzysta\u0107 jako \u015bci\u00f3\u0142k\u0119 na grz\u0105dkach lub wok\u00f3\u0142 krzew\u00f3w i drzew, gdzie b\u0119dzie hamowa\u0107 wzrost chwast\u00f3w i ogranicza\u0107 parowanie wilgoci z gleby. Inn\u0105 mo\u017cliwo\u015bci\u0105 jest oczywi\u015bcie wrzucenie jej do kompostu. W obu przypadkach nale\u017cy jednak najpierw pozwoli\u0107 trawie przeschn\u0105\u0107, a nast\u0119pnie wymiesza\u0107 j\u0105 z grubszym i suchszym odpadem ogrodowym, na przyk\u0142ad z r\u0119bk\u0105 drzewn\u0105, co zapobiegnie jej gniciu.   <\/p>\n<h2 style=\"text-align: center;\"><b>Co z opad\u0142ymi li\u015b\u0107mi?<\/b><\/h2>\n<p>Z trawnika nale\u017cy je w ka\u017cdym przypadku zgrabi\u0107,<b> <\/b>aby trawa pod nimi nie zacz\u0119\u0142a gni\u0107. Opr\u00f3cz tego, \u017ce li\u015bcie nadaj\u0105 si\u0119 do kompostu, mo\u017cna je r\u00f3wnie\u017c zgarn\u0105\u0107 pod korzenie ro\u015blin, tworz\u0105c warstw\u0119 chroni\u0105c\u0105 przed mrozem. <\/p>\n<p><a href=\"http:\/\/gardeon.pl\/wp-content\/uploads\/2020\/10\/gardeon-blog-zberny-kos-s-listim2.jpeg\"><img loading=\"lazy\" decoding=\"async\" class=\"wp-image-29041 aligncenter\" src=\"http:\/\/gardeon.pl\/wp-content\/uploads\/2020\/10\/gardeon-blog-zberny-kos-s-listim2.jpeg\" alt=\"Wn\u0119trze kosza pe\u0142nego li\u015bci\" width=\"800\" height=\"600\" srcset=\"https:\/\/gardeon.pl\/wp-content\/uploads\/2020\/10\/gardeon-blog-zberny-kos-s-listim2.jpeg 1500w, https:\/\/gardeon.pl\/wp-content\/uploads\/2020\/10\/gardeon-blog-zberny-kos-s-listim2-300x225.jpeg 300w, https:\/\/gardeon.pl\/wp-content\/uploads\/2020\/10\/gardeon-blog-zberny-kos-s-listim2-1024x768.jpeg 1024w, https:\/\/gardeon.pl\/wp-content\/uploads\/2020\/10\/gardeon-blog-zberny-kos-s-listim2-768x576.jpeg 768w\" sizes=\"auto, (max-width: 800px) 100vw, 800px\" \/><\/a><\/p>\n<p>Je\u015bli maj\u0105 Pa\u0144stwo w ogrodzie du\u017co drzew i krzew\u00f3w li\u015bciastych, przy usuwaniu li\u015bci przyda si\u0119 odkurzacz ogrodowy, kt\u00f3ry potrafi zasysa\u0107 li\u015bcie i rozdrabnia\u0107 je w worku. Zmniejsza to ich obj\u0119to\u015b\u0107 i przyspiesza rozk\u0142ad. Szczeg\u00f3lnie niekt\u00f3re twardsze rodzaje li\u015bci (na przyk\u0142ad z orzecha) rozk\u0142adaj\u0105 si\u0119 bardzo powoli, wi\u0119c zanim trafi\u0105 do kompostu lub zostan\u0105 u\u017cyte jako \u015bci\u00f3\u0142ka, nale\u017cy je poci\u0105\u0107 na drobniejsze kawa\u0142ki.  <\/p>\n<p><a href=\"http:\/\/gardeon.pl\/wp-content\/uploads\/2020\/10\/gardeon-blog-opadane-listie2.jpeg\"><img loading=\"lazy\" decoding=\"async\" class=\"wp-image-29057 aligncenter\" src=\"http:\/\/gardeon.pl\/wp-content\/uploads\/2020\/10\/gardeon-blog-opadane-listie2.jpeg\" alt=\"Opad\u0142e li\u015bcie\" width=\"800\" height=\"600\" srcset=\"https:\/\/gardeon.pl\/wp-content\/uploads\/2020\/10\/gardeon-blog-opadane-listie2.jpeg 1500w, https:\/\/gardeon.pl\/wp-content\/uploads\/2020\/10\/gardeon-blog-opadane-listie2-300x225.jpeg 300w, https:\/\/gardeon.pl\/wp-content\/uploads\/2020\/10\/gardeon-blog-opadane-listie2-1024x768.jpeg 1024w, https:\/\/gardeon.pl\/wp-content\/uploads\/2020\/10\/gardeon-blog-opadane-listie2-768x576.jpeg 768w\" sizes=\"auto, (max-width: 800px) 100vw, 800px\" \/><\/a><\/p>\n<p>Jesieni\u0105 odpad\u00f3w biologicznych mo\u017ce by\u0107 naprawd\u0119 du\u017co, r\u00f3wnie\u017c ze wzgl\u0119du na ilo\u015b\u0107 li\u015bci, dlatego warto przyspieszy\u0107 proces kompostowania. S\u0142u\u017c\u0105 do tego tzw. aktywatory kompostu, kt\u00f3re pomagaj\u0105 roz\u0142o\u017cy\u0107 wszystkie odpady pochodzenia ro\u015blinnego szybko i ekologicznie.  <\/p>\n<h2 style=\"text-align: center;\"><b>Co z przyci\u0119tymi ga\u0142\u0119ziami?<\/b><\/h2>\n<p>Ten materia\u0142 to prawdziwy skarb. Mo\u017cna go bowiem wykorzysta\u0107 na tak wiele po\u017cytecznych sposob\u00f3w! <span class=\"Apple-converted-space\"> <\/span><\/p>\n<p>Opr\u00f3cz tego, \u017ce grubsze suche ga\u0142\u0119zie mo\u017cna wykorzysta\u0107 podczas ogrodowego ogniska, nadaj\u0105 si\u0119 one r\u00f3wnie\u017c do <a href=\"http:\/\/gardeon.pl\/blog\/ako-si-urobit-spravny-vyvyseny-zahon\/\">podwy\u017cszonych grz\u0105dek<\/a>, w kt\u00f3rych stworz\u0105 optymaln\u0105 warstw\u0119 drena\u017cow\u0105. W podwy\u017cszonej grz\u0105dce dzia\u0142aj\u0105 one bowiem jak magazyn wilgoci \u2013 podczas deszczowej pogody nasi\u0105kaj\u0105 wod\u0105, a w czasie suszy uwalniaj\u0105 j\u0105 do grz\u0105dki. Jednocze\u015bnie rozk\u0142adaj\u0105 si\u0119, wytwarzaj\u0105c ciep\u0142o i wa\u017cne sk\u0142adniki od\u017cywcze.  <\/p>\n<p><a href=\"http:\/\/gardeon.pl\/wp-content\/uploads\/2020\/10\/gardeon-blog-drevo4.jpeg\"><img loading=\"lazy\" decoding=\"async\" class=\"wp-image-29043 aligncenter\" src=\"http:\/\/gardeon.pl\/wp-content\/uploads\/2020\/10\/gardeon-blog-drevo4.jpeg\" alt=\"Zr\u0119bki drewniane\" width=\"800\" height=\"1067\" srcset=\"https:\/\/gardeon.pl\/wp-content\/uploads\/2020\/10\/gardeon-blog-drevo4.jpeg 1536w, https:\/\/gardeon.pl\/wp-content\/uploads\/2020\/10\/gardeon-blog-drevo4-225x300.jpeg 225w, https:\/\/gardeon.pl\/wp-content\/uploads\/2020\/10\/gardeon-blog-drevo4-768x1024.jpeg 768w, https:\/\/gardeon.pl\/wp-content\/uploads\/2020\/10\/gardeon-blog-drevo4-1152x1536.jpeg 1152w\" sizes=\"auto, (max-width: 800px) 100vw, 800px\" \/><\/a><\/p>\n<p>Je\u015bli maj\u0105 Pa\u0144stwo w ogrodzie du\u017co drzew i krzew\u00f3w, a co za tym idzie \u2013 odpad\u00f3w drewnianych, warto rozwa\u017cy\u0107 zakup rozdrabniacza lub r\u0119baka. Jaka jest mi\u0119dzy nimi r\u00f3\u017cnica? R\u0119bak przetwarza ga\u0142\u0119zie na wi\u0119ksze kawa\u0142ki o d\u0142ugo\u015bci oko\u0142o 2,5\u20135 cm, kt\u00f3re po wysuszeniu mo\u017cna wykorzysta\u0107 do palenia. A je\u015bli maj\u0105 Pa\u0144stwo zr\u0119bki z drzew owocowych, na przyk\u0142ad z czere\u015bni lub \u015bliwek, z pewno\u015bci\u0105 doceni\u0105 je Pa\u0144stwo podczas w\u0119dzenia. Gruba r\u0119bka drewniana, kt\u00f3ra rozk\u0142ada si\u0119 powoli, jest idealna r\u00f3wnie\u017c do tworzenia naturalnych \u015bcie\u017cek i nadaje si\u0119 jako drena\u017c do dolnych warstw podwy\u017cszonych grz\u0105dek.    <\/p>\n<p>Z kolei rozdrabniacz zamienia drewno w drobn\u0105 mas\u0119, kt\u00f3r\u0105 mo\u017cna wykorzysta\u0107 jako wysokiej jako\u015bci \u015bci\u00f3\u0142k\u0119 lub doda\u0107 do kompostu. Warstwa \u015bci\u00f3\u0142ki o grubo\u015bci oko\u0142o 10 cm potrafi znacznie ograniczy\u0107 wzrost chwast\u00f3w, hamuje parowanie wody z gleby i chroni korzenie przed mrozem. Rozdrobnione drewno dzi\u0119ki lepszej strukturze szybciej si\u0119 rozk\u0142ada i wzbogaca gleb\u0119 na grz\u0105dkach w sk\u0142adniki od\u017cywcze.  <\/p>\n<p><a href=\"http:\/\/gardeon.pl\/wp-content\/uploads\/2020\/10\/gardeon-blog-drevo3.jpeg\"><img loading=\"lazy\" decoding=\"async\" class=\"wp-image-29045 aligncenter\" src=\"http:\/\/gardeon.pl\/wp-content\/uploads\/2020\/10\/gardeon-blog-drevo3.jpeg\" alt=\"U\u0142o\u017cone drewno\" width=\"800\" height=\"600\" srcset=\"https:\/\/gardeon.pl\/wp-content\/uploads\/2020\/10\/gardeon-blog-drevo3.jpeg 1500w, https:\/\/gardeon.pl\/wp-content\/uploads\/2020\/10\/gardeon-blog-drevo3-300x225.jpeg 300w, https:\/\/gardeon.pl\/wp-content\/uploads\/2020\/10\/gardeon-blog-drevo3-1024x768.jpeg 1024w, https:\/\/gardeon.pl\/wp-content\/uploads\/2020\/10\/gardeon-blog-drevo3-768x576.jpeg 768w\" sizes=\"auto, (max-width: 800px) 100vw, 800px\" \/><\/a><\/p>\n<p>Sprzyja ono jednak r\u00f3wnie\u017c kompostowi. Dla prawid\u0142owego kompostowania kluczowe jest nie tylko warstwowanie, ale i odpowiedni sk\u0142ad, a dla niego istotny jest stosunek materia\u0142u wilgotnego (zielonego) do grubszego suchego, kt\u00f3ry powinien wynosi\u0107 oko\u0142o 2:1. Do trawy, resztek ro\u015blinnych po zbiorach i innych mi\u0119kkich oraz wilgotnych odpad\u00f3w, kt\u00f3rych jesieni\u0105 jest pod dostatkiem, warto wi\u0119c domiesza\u0107 oko\u0142o 1\/3 obj\u0119to\u015bci rozdrobnionych ga\u0142\u0119zi.  <\/p>\n<p>A gdzie lepiej schowa\u0107 narz\u0119dzia ogrodowe po ci\u0119\u017ckiej pracy ni\u017c do <a href=\"http:\/\/gardeon.pl\/zahradne-domceky\/\">domku ogrodowego<\/a> :)<\/p>\n<p>&nbsp;<\/p>\n<h5>\u0179r\u00f3d\u0142o (Source):<\/h5>\n<h5>Fotobank GARDEON<\/h5>\n","protected":false},"excerpt":{"rendered":"<p>W ci\u0105gu sezonu w ogrodzie gromadzi si\u0119 mn\u00f3stwo materia\u0142u organicznego, kt\u00f3ry cz\u0119sto nazywany jest odpadem. Wystarczy jednak wiedzie\u0107, jak go sprytnie wykorzysta\u0107, aby przekona\u0107 si\u0119, \u017ce to prawdziwy skarb.<\/p>\n","protected":false},"author":2,"featured_media":42018,"comment_status":"open","ping_status":"open","sticky":false,"template":"","format":"standard","meta":{"_acf_changed":false,"inline_featured_image":false,"footnotes":""},"categories":[594],"tags":[874,617,579,871,872,877,878,875,876,873,870],"class_list":["post-47807","post","type-post","status-publish","format-standard","has-post-thumbnail","hentry","category-ogrod","tag-chwasty","tag-galezie","tag-gardeon","tag-kompost","tag-liscie","tag-opadle-liscie","tag-przyciete-galezie","tag-rosliny","tag-skoszona-trawa","tag-trawa","tag-ziola"],"acf":[],"yoast_head":"<!-- This site is optimized with the Yoast SEO plugin v27.4 - https:\/\/yoast.com\/product\/yoast-seo-wordpress\/ -->\n<title>Odpady ogrodowe \u2013 co wszystko mo\u017ce trafi\u0107 do kompostu? | GARDEON<\/title>\n<meta name=\"robots\" content=\"index, follow, max-snippet:-1, max-image-preview:large, max-video-preview:-1\" \/>\n<link rel=\"canonical\" href=\"https:\/\/gardeon.pl\/pl\/blog\/odpady-ogrodowe-co-wszystko-moze-trafic-do-kompostu\/\" \/>\n<meta property=\"og:locale\" content=\"pl_PL\" \/>\n<meta property=\"og:type\" content=\"article\" \/>\n<meta property=\"og:title\" content=\"Odpady ogrodowe \u2013 co wszystko mo\u017ce trafi\u0107 do kompostu? | GARDEON\" \/>\n<meta property=\"og:description\" content=\"W ci\u0105gu sezonu w ogrodzie gromadzi si\u0119 mn\u00f3stwo materia\u0142u organicznego, kt\u00f3ry cz\u0119sto nazywany jest odpadem. Wystarczy jednak wiedzie\u0107, jak go sprytnie wykorzysta\u0107, aby przekona\u0107 si\u0119, \u017ce to prawdziwy skarb.\" \/>\n<meta property=\"og:url\" content=\"https:\/\/gardeon.pl\/pl\/blog\/odpady-ogrodowe-co-wszystko-moze-trafic-do-kompostu\/\" \/>\n<meta property=\"og:site_name\" content=\"GARDEON\" \/>\n<meta property=\"article:published_time\" content=\"2026-04-23T16:41:26+00:00\" \/>\n<meta property=\"og:image\" content=\"http:\/\/gardeon.pl\/wp-content\/uploads\/2020\/10\/gardeon-blog-opadane-jablka.jpeg\" \/>\n\t<meta property=\"og:image:width\" content=\"1536\" \/>\n\t<meta property=\"og:image:height\" content=\"2048\" \/>\n\t<meta property=\"og:image:type\" content=\"image\/jpeg\" \/>\n<meta name=\"author\" content=\"editor\" \/>\n<meta name=\"twitter:card\" content=\"summary_large_image\" \/>\n<meta name=\"twitter:label1\" content=\"Napisane przez\" \/>\n\t<meta name=\"twitter:data1\" content=\"editor\" \/>\n\t<meta name=\"twitter:label2\" content=\"Szacowany czas czytania\" \/>\n\t<meta name=\"twitter:data2\" content=\"6 minut\" \/>\n<script type=\"application\/ld+json\" class=\"yoast-schema-graph\">{\"@context\":\"https:\\\/\\\/schema.org\",\"@graph\":[{\"@type\":\"Article\",\"@id\":\"https:\\\/\\\/gardeon.pl\\\/pl\\\/blog\\\/odpady-ogrodowe-co-wszystko-moze-trafic-do-kompostu\\\/#article\",\"isPartOf\":{\"@id\":\"https:\\\/\\\/gardeon.pl\\\/pl\\\/blog\\\/odpady-ogrodowe-co-wszystko-moze-trafic-do-kompostu\\\/\"},\"author\":{\"name\":\"editor\",\"@id\":\"https:\\\/\\\/gardeon.pl\\\/#\\\/schema\\\/person\\\/a5762ca5f0790bf92774af0899379463\"},\"headline\":\"Odpady ogrodowe \u2013 co wszystko mo\u017ce trafi\u0107 do kompostu?\",\"datePublished\":\"2026-04-23T16:41:26+00:00\",\"mainEntityOfPage\":{\"@id\":\"https:\\\/\\\/gardeon.pl\\\/pl\\\/blog\\\/odpady-ogrodowe-co-wszystko-moze-trafic-do-kompostu\\\/\"},\"wordCount\":1225,\"commentCount\":0,\"image\":{\"@id\":\"https:\\\/\\\/gardeon.pl\\\/pl\\\/blog\\\/odpady-ogrodowe-co-wszystko-moze-trafic-do-kompostu\\\/#primaryimage\"},\"thumbnailUrl\":\"https:\\\/\\\/gardeon.pl\\\/wp-content\\\/uploads\\\/2020\\\/10\\\/gardeon-blog-opadane-jablka.jpeg\",\"keywords\":[\"chwasty\",\"ga\u0142\u0119zie\",\"GARDEON\",\"kompost\",\"li\u015bcie\",\"opad\u0142e li\u015bcie\",\"przyci\u0119te ga\u0142\u0119zie\",\"ro\u015bliny\",\"skoszona trawa\",\"trawa\",\"zio\u0142a\"],\"articleSection\":[\"Ogr\u00f3d\"],\"inLanguage\":\"pl-PL\",\"potentialAction\":[{\"@type\":\"CommentAction\",\"name\":\"Comment\",\"target\":[\"https:\\\/\\\/gardeon.pl\\\/pl\\\/blog\\\/odpady-ogrodowe-co-wszystko-moze-trafic-do-kompostu\\\/#respond\"]}]},{\"@type\":\"WebPage\",\"@id\":\"https:\\\/\\\/gardeon.pl\\\/pl\\\/blog\\\/odpady-ogrodowe-co-wszystko-moze-trafic-do-kompostu\\\/\",\"url\":\"https:\\\/\\\/gardeon.pl\\\/pl\\\/blog\\\/odpady-ogrodowe-co-wszystko-moze-trafic-do-kompostu\\\/\",\"name\":\"Odpady ogrodowe \u2013 co wszystko mo\u017ce trafi\u0107 do kompostu? | GARDEON\",\"isPartOf\":{\"@id\":\"https:\\\/\\\/gardeon.pl\\\/#website\"},\"primaryImageOfPage\":{\"@id\":\"https:\\\/\\\/gardeon.pl\\\/pl\\\/blog\\\/odpady-ogrodowe-co-wszystko-moze-trafic-do-kompostu\\\/#primaryimage\"},\"image\":{\"@id\":\"https:\\\/\\\/gardeon.pl\\\/pl\\\/blog\\\/odpady-ogrodowe-co-wszystko-moze-trafic-do-kompostu\\\/#primaryimage\"},\"thumbnailUrl\":\"https:\\\/\\\/gardeon.pl\\\/wp-content\\\/uploads\\\/2020\\\/10\\\/gardeon-blog-opadane-jablka.jpeg\",\"datePublished\":\"2026-04-23T16:41:26+00:00\",\"author\":{\"@id\":\"https:\\\/\\\/gardeon.pl\\\/#\\\/schema\\\/person\\\/a5762ca5f0790bf92774af0899379463\"},\"breadcrumb\":{\"@id\":\"https:\\\/\\\/gardeon.pl\\\/pl\\\/blog\\\/odpady-ogrodowe-co-wszystko-moze-trafic-do-kompostu\\\/#breadcrumb\"},\"inLanguage\":\"pl-PL\",\"potentialAction\":[{\"@type\":\"ReadAction\",\"target\":[\"https:\\\/\\\/gardeon.pl\\\/pl\\\/blog\\\/odpady-ogrodowe-co-wszystko-moze-trafic-do-kompostu\\\/\"]}]},{\"@type\":\"ImageObject\",\"inLanguage\":\"pl-PL\",\"@id\":\"https:\\\/\\\/gardeon.pl\\\/pl\\\/blog\\\/odpady-ogrodowe-co-wszystko-moze-trafic-do-kompostu\\\/#primaryimage\",\"url\":\"https:\\\/\\\/gardeon.pl\\\/wp-content\\\/uploads\\\/2020\\\/10\\\/gardeon-blog-opadane-jablka.jpeg\",\"contentUrl\":\"https:\\\/\\\/gardeon.pl\\\/wp-content\\\/uploads\\\/2020\\\/10\\\/gardeon-blog-opadane-jablka.jpeg\",\"width\":1536,\"height\":2048,\"caption\":\"Opad\u0142e jab\u0142ka w trawie\"},{\"@type\":\"BreadcrumbList\",\"@id\":\"https:\\\/\\\/gardeon.pl\\\/pl\\\/blog\\\/odpady-ogrodowe-co-wszystko-moze-trafic-do-kompostu\\\/#breadcrumb\",\"itemListElement\":[{\"@type\":\"ListItem\",\"position\":1,\"name\":\"Domov\",\"item\":\"https:\\\/\\\/gardeon.pl\\\/pl\\\/\"},{\"@type\":\"ListItem\",\"position\":2,\"name\":\"Odpady ogrodowe \u2013 co wszystko mo\u017ce trafi\u0107 do kompostu?\"}]},{\"@type\":\"WebSite\",\"@id\":\"https:\\\/\\\/gardeon.pl\\\/#website\",\"url\":\"https:\\\/\\\/gardeon.pl\\\/\",\"name\":\"GARDEON\",\"description\":\"\",\"potentialAction\":[{\"@type\":\"SearchAction\",\"target\":{\"@type\":\"EntryPoint\",\"urlTemplate\":\"https:\\\/\\\/gardeon.pl\\\/?s={search_term_string}\"},\"query-input\":{\"@type\":\"PropertyValueSpecification\",\"valueRequired\":true,\"valueName\":\"search_term_string\"}}],\"inLanguage\":\"pl-PL\"},{\"@type\":\"Person\",\"@id\":\"https:\\\/\\\/gardeon.pl\\\/#\\\/schema\\\/person\\\/a5762ca5f0790bf92774af0899379463\",\"name\":\"editor\",\"image\":{\"@type\":\"ImageObject\",\"inLanguage\":\"pl-PL\",\"@id\":\"https:\\\/\\\/secure.gravatar.com\\\/avatar\\\/2b748151c2c748327307fd289a91b3bdafdd9e64e2d000e65e53d6dcf11c5830?s=96&d=mm&r=g\",\"url\":\"https:\\\/\\\/secure.gravatar.com\\\/avatar\\\/2b748151c2c748327307fd289a91b3bdafdd9e64e2d000e65e53d6dcf11c5830?s=96&d=mm&r=g\",\"contentUrl\":\"https:\\\/\\\/secure.gravatar.com\\\/avatar\\\/2b748151c2c748327307fd289a91b3bdafdd9e64e2d000e65e53d6dcf11c5830?s=96&d=mm&r=g\",\"caption\":\"editor\"}}]}<\/script>\n<!-- \/ Yoast SEO plugin. -->","yoast_head_json":{"title":"Odpady ogrodowe \u2013 co wszystko mo\u017ce trafi\u0107 do kompostu? | GARDEON","robots":{"index":"index","follow":"follow","max-snippet":"max-snippet:-1","max-image-preview":"max-image-preview:large","max-video-preview":"max-video-preview:-1"},"canonical":"https:\/\/gardeon.pl\/pl\/blog\/odpady-ogrodowe-co-wszystko-moze-trafic-do-kompostu\/","og_locale":"pl_PL","og_type":"article","og_title":"Odpady ogrodowe \u2013 co wszystko mo\u017ce trafi\u0107 do kompostu? | GARDEON","og_description":"W ci\u0105gu sezonu w ogrodzie gromadzi si\u0119 mn\u00f3stwo materia\u0142u organicznego, kt\u00f3ry cz\u0119sto nazywany jest odpadem. Wystarczy jednak wiedzie\u0107, jak go sprytnie wykorzysta\u0107, aby przekona\u0107 si\u0119, \u017ce to prawdziwy skarb.","og_url":"https:\/\/gardeon.pl\/pl\/blog\/odpady-ogrodowe-co-wszystko-moze-trafic-do-kompostu\/","og_site_name":"GARDEON","article_published_time":"2026-04-23T16:41:26+00:00","og_image":[{"width":1536,"height":2048,"url":"http:\/\/gardeon.pl\/wp-content\/uploads\/2020\/10\/gardeon-blog-opadane-jablka.jpeg","type":"image\/jpeg"}],"author":"editor","twitter_card":"summary_large_image","twitter_misc":{"Napisane przez":"editor","Szacowany czas czytania":"6 minut"},"schema":{"@context":"https:\/\/schema.org","@graph":[{"@type":"Article","@id":"https:\/\/gardeon.pl\/pl\/blog\/odpady-ogrodowe-co-wszystko-moze-trafic-do-kompostu\/#article","isPartOf":{"@id":"https:\/\/gardeon.pl\/pl\/blog\/odpady-ogrodowe-co-wszystko-moze-trafic-do-kompostu\/"},"author":{"name":"editor","@id":"https:\/\/gardeon.pl\/#\/schema\/person\/a5762ca5f0790bf92774af0899379463"},"headline":"Odpady ogrodowe \u2013 co wszystko mo\u017ce trafi\u0107 do kompostu?","datePublished":"2026-04-23T16:41:26+00:00","mainEntityOfPage":{"@id":"https:\/\/gardeon.pl\/pl\/blog\/odpady-ogrodowe-co-wszystko-moze-trafic-do-kompostu\/"},"wordCount":1225,"commentCount":0,"image":{"@id":"https:\/\/gardeon.pl\/pl\/blog\/odpady-ogrodowe-co-wszystko-moze-trafic-do-kompostu\/#primaryimage"},"thumbnailUrl":"https:\/\/gardeon.pl\/wp-content\/uploads\/2020\/10\/gardeon-blog-opadane-jablka.jpeg","keywords":["chwasty","ga\u0142\u0119zie","GARDEON","kompost","li\u015bcie","opad\u0142e li\u015bcie","przyci\u0119te ga\u0142\u0119zie","ro\u015bliny","skoszona trawa","trawa","zio\u0142a"],"articleSection":["Ogr\u00f3d"],"inLanguage":"pl-PL","potentialAction":[{"@type":"CommentAction","name":"Comment","target":["https:\/\/gardeon.pl\/pl\/blog\/odpady-ogrodowe-co-wszystko-moze-trafic-do-kompostu\/#respond"]}]},{"@type":"WebPage","@id":"https:\/\/gardeon.pl\/pl\/blog\/odpady-ogrodowe-co-wszystko-moze-trafic-do-kompostu\/","url":"https:\/\/gardeon.pl\/pl\/blog\/odpady-ogrodowe-co-wszystko-moze-trafic-do-kompostu\/","name":"Odpady ogrodowe \u2013 co wszystko mo\u017ce trafi\u0107 do kompostu? | GARDEON","isPartOf":{"@id":"https:\/\/gardeon.pl\/#website"},"primaryImageOfPage":{"@id":"https:\/\/gardeon.pl\/pl\/blog\/odpady-ogrodowe-co-wszystko-moze-trafic-do-kompostu\/#primaryimage"},"image":{"@id":"https:\/\/gardeon.pl\/pl\/blog\/odpady-ogrodowe-co-wszystko-moze-trafic-do-kompostu\/#primaryimage"},"thumbnailUrl":"https:\/\/gardeon.pl\/wp-content\/uploads\/2020\/10\/gardeon-blog-opadane-jablka.jpeg","datePublished":"2026-04-23T16:41:26+00:00","author":{"@id":"https:\/\/gardeon.pl\/#\/schema\/person\/a5762ca5f0790bf92774af0899379463"},"breadcrumb":{"@id":"https:\/\/gardeon.pl\/pl\/blog\/odpady-ogrodowe-co-wszystko-moze-trafic-do-kompostu\/#breadcrumb"},"inLanguage":"pl-PL","potentialAction":[{"@type":"ReadAction","target":["https:\/\/gardeon.pl\/pl\/blog\/odpady-ogrodowe-co-wszystko-moze-trafic-do-kompostu\/"]}]},{"@type":"ImageObject","inLanguage":"pl-PL","@id":"https:\/\/gardeon.pl\/pl\/blog\/odpady-ogrodowe-co-wszystko-moze-trafic-do-kompostu\/#primaryimage","url":"https:\/\/gardeon.pl\/wp-content\/uploads\/2020\/10\/gardeon-blog-opadane-jablka.jpeg","contentUrl":"https:\/\/gardeon.pl\/wp-content\/uploads\/2020\/10\/gardeon-blog-opadane-jablka.jpeg","width":1536,"height":2048,"caption":"Opad\u0142e jab\u0142ka w trawie"},{"@type":"BreadcrumbList","@id":"https:\/\/gardeon.pl\/pl\/blog\/odpady-ogrodowe-co-wszystko-moze-trafic-do-kompostu\/#breadcrumb","itemListElement":[{"@type":"ListItem","position":1,"name":"Domov","item":"https:\/\/gardeon.pl\/pl\/"},{"@type":"ListItem","position":2,"name":"Odpady ogrodowe \u2013 co wszystko mo\u017ce trafi\u0107 do kompostu?"}]},{"@type":"WebSite","@id":"https:\/\/gardeon.pl\/#website","url":"https:\/\/gardeon.pl\/","name":"GARDEON","description":"","potentialAction":[{"@type":"SearchAction","target":{"@type":"EntryPoint","urlTemplate":"https:\/\/gardeon.pl\/?s={search_term_string}"},"query-input":{"@type":"PropertyValueSpecification","valueRequired":true,"valueName":"search_term_string"}}],"inLanguage":"pl-PL"},{"@type":"Person","@id":"https:\/\/gardeon.pl\/#\/schema\/person\/a5762ca5f0790bf92774af0899379463","name":"editor","image":{"@type":"ImageObject","inLanguage":"pl-PL","@id":"https:\/\/secure.gravatar.com\/avatar\/2b748151c2c748327307fd289a91b3bdafdd9e64e2d000e65e53d6dcf11c5830?s=96&d=mm&r=g","url":"https:\/\/secure.gravatar.com\/avatar\/2b748151c2c748327307fd289a91b3bdafdd9e64e2d000e65e53d6dcf11c5830?s=96&d=mm&r=g","contentUrl":"https:\/\/secure.gravatar.com\/avatar\/2b748151c2c748327307fd289a91b3bdafdd9e64e2d000e65e53d6dcf11c5830?s=96&d=mm&r=g","caption":"editor"}}]}},"_links":{"self":[{"href":"https:\/\/gardeon.pl\/pl\/wp-json\/wp\/v2\/posts\/47807","targetHints":{"allow":["GET"]}}],"collection":[{"href":"https:\/\/gardeon.pl\/pl\/wp-json\/wp\/v2\/posts"}],"about":[{"href":"https:\/\/gardeon.pl\/pl\/wp-json\/wp\/v2\/types\/post"}],"author":[{"embeddable":true,"href":"https:\/\/gardeon.pl\/pl\/wp-json\/wp\/v2\/users\/2"}],"replies":[{"embeddable":true,"href":"https:\/\/gardeon.pl\/pl\/wp-json\/wp\/v2\/comments?post=47807"}],"version-history":[{"count":0,"href":"https:\/\/gardeon.pl\/pl\/wp-json\/wp\/v2\/posts\/47807\/revisions"}],"wp:featuredmedia":[{"embeddable":true,"href":"https:\/\/gardeon.pl\/pl\/wp-json\/wp\/v2\/media\/42018"}],"wp:attachment":[{"href":"https:\/\/gardeon.pl\/pl\/wp-json\/wp\/v2\/media?parent=47807"}],"wp:term":[{"taxonomy":"category","embeddable":true,"href":"https:\/\/gardeon.pl\/pl\/wp-json\/wp\/v2\/categories?post=47807"},{"taxonomy":"post_tag","embeddable":true,"href":"https:\/\/gardeon.pl\/pl\/wp-json\/wp\/v2\/tags?post=47807"}],"curies":[{"name":"wp","href":"https:\/\/api.w.org\/{rel}","templated":true}]}}