{"id":47818,"date":"2026-04-23T17:42:18","date_gmt":"2026-04-23T15:42:18","guid":{"rendered":"https:\/\/gardeon.pl\/blog\/gardeon-na-wydarzeniu-wedkarskim-w-danovej\/"},"modified":"2026-04-23T18:41:25","modified_gmt":"2026-04-23T16:41:25","slug":"gardeon-na-wydarzeniu-wedkarskim-w-danovej","status":"publish","type":"post","link":"https:\/\/gardeon.pl\/pl\/blog\/gardeon-na-wydarzeniu-wedkarskim-w-danovej\/","title":{"rendered":"GARDEON na wydarzeniu w\u0119dkarskim w \u010eanovej"},"content":{"rendered":"<p><span style=\"font-weight: 400;\">Z przyjemno\u015bci\u0105 wspieramy dobr\u0105 inicjatyw\u0119!<\/span><\/p>\n<p><!--more--><\/p>\n","protected":false},"excerpt":{"rendered":"<p>Z przyjemno\u015bci\u0105 wspieramy dobr\u0105 inicjatyw\u0119!<\/p>\n","protected":false},"author":2,"featured_media":47829,"comment_status":"open","ping_status":"open","sticky":false,"template":"","format":"standard","meta":{"_acf_changed":false,"inline_featured_image":false,"footnotes":""},"categories":[593],"tags":[579],"class_list":["post-47818","post","type-post","status-publish","format-standard","has-post-thumbnail","hentry","category-aktualnosci","tag-gardeon"],"acf":[],"yoast_head":"<!-- This site is optimized with the Yoast SEO plugin v27.4 - https:\/\/yoast.com\/product\/yoast-seo-wordpress\/ -->\n<title>GARDEON na wydarzeniu w\u0119dkarskim w \u010eanovej | GARDEON<\/title>\n<meta name=\"robots\" content=\"index, follow, max-snippet:-1, max-image-preview:large, max-video-preview:-1\" \/>\n<link rel=\"canonical\" href=\"https:\/\/gardeon.pl\/pl\/blog\/gardeon-na-wydarzeniu-wedkarskim-w-danovej\/\" \/>\n<meta property=\"og:locale\" content=\"pl_PL\" \/>\n<meta property=\"og:type\" content=\"article\" \/>\n<meta property=\"og:title\" content=\"GARDEON na wydarzeniu w\u0119dkarskim w \u010eanovej | GARDEON\" \/>\n<meta property=\"og:description\" content=\"Z przyjemno\u015bci\u0105 wspieramy dobr\u0105 inicjatyw\u0119!\" \/>\n<meta property=\"og:url\" content=\"https:\/\/gardeon.pl\/pl\/blog\/gardeon-na-wydarzeniu-wedkarskim-w-danovej\/\" \/>\n<meta property=\"og:site_name\" content=\"GARDEON\" \/>\n<meta property=\"article:published_time\" content=\"2026-04-23T15:42:18+00:00\" \/>\n<meta property=\"article:modified_time\" content=\"2026-04-23T16:41:25+00:00\" \/>\n<meta property=\"og:image\" content=\"http:\/\/gardeon.pl\/wp-content\/uploads\/2021\/10\/gardeon-novinky-akcia-2-1024x768-1.webp\" \/>\n\t<meta property=\"og:image:width\" content=\"1000\" \/>\n\t<meta property=\"og:image:height\" content=\"750\" \/>\n\t<meta property=\"og:image:type\" content=\"image\/webp\" \/>\n<meta name=\"author\" content=\"editor\" \/>\n<meta name=\"twitter:card\" content=\"summary_large_image\" \/>\n<meta name=\"twitter:label1\" content=\"Napisane przez\" \/>\n\t<meta name=\"twitter:data1\" content=\"editor\" \/>\n<script type=\"application\/ld+json\" class=\"yoast-schema-graph\">{\"@context\":\"https:\\\/\\\/schema.org\",\"@graph\":[{\"@type\":\"Article\",\"@id\":\"https:\\\/\\\/gardeon.pl\\\/pl\\\/blog\\\/gardeon-na-wydarzeniu-wedkarskim-w-danovej\\\/#article\",\"isPartOf\":{\"@id\":\"https:\\\/\\\/gardeon.pl\\\/pl\\\/blog\\\/gardeon-na-wydarzeniu-wedkarskim-w-danovej\\\/\"},\"author\":{\"name\":\"editor\",\"@id\":\"https:\\\/\\\/gardeon.pl\\\/#\\\/schema\\\/person\\\/a5762ca5f0790bf92774af0899379463\"},\"headline\":\"GARDEON na wydarzeniu w\u0119dkarskim w \u010eanovej\",\"datePublished\":\"2026-04-23T15:42:18+00:00\",\"dateModified\":\"2026-04-23T16:41:25+00:00\",\"mainEntityOfPage\":{\"@id\":\"https:\\\/\\\/gardeon.pl\\\/pl\\\/blog\\\/gardeon-na-wydarzeniu-wedkarskim-w-danovej\\\/\"},\"wordCount\":13,\"commentCount\":0,\"image\":{\"@id\":\"https:\\\/\\\/gardeon.pl\\\/pl\\\/blog\\\/gardeon-na-wydarzeniu-wedkarskim-w-danovej\\\/#primaryimage\"},\"thumbnailUrl\":\"https:\\\/\\\/gardeon.pl\\\/wp-content\\\/uploads\\\/2021\\\/10\\\/gardeon-novinky-akcia-2-1024x768-1.webp\",\"keywords\":[\"GARDEON\"],\"articleSection\":[\"Aktualno\u015bci\"],\"inLanguage\":\"pl-PL\",\"potentialAction\":[{\"@type\":\"CommentAction\",\"name\":\"Comment\",\"target\":[\"https:\\\/\\\/gardeon.pl\\\/pl\\\/blog\\\/gardeon-na-wydarzeniu-wedkarskim-w-danovej\\\/#respond\"]}]},{\"@type\":\"WebPage\",\"@id\":\"https:\\\/\\\/gardeon.pl\\\/pl\\\/blog\\\/gardeon-na-wydarzeniu-wedkarskim-w-danovej\\\/\",\"url\":\"https:\\\/\\\/gardeon.pl\\\/pl\\\/blog\\\/gardeon-na-wydarzeniu-wedkarskim-w-danovej\\\/\",\"name\":\"GARDEON na wydarzeniu w\u0119dkarskim w \u010eanovej | GARDEON\",\"isPartOf\":{\"@id\":\"https:\\\/\\\/gardeon.pl\\\/#website\"},\"primaryImageOfPage\":{\"@id\":\"https:\\\/\\\/gardeon.pl\\\/pl\\\/blog\\\/gardeon-na-wydarzeniu-wedkarskim-w-danovej\\\/#primaryimage\"},\"image\":{\"@id\":\"https:\\\/\\\/gardeon.pl\\\/pl\\\/blog\\\/gardeon-na-wydarzeniu-wedkarskim-w-danovej\\\/#primaryimage\"},\"thumbnailUrl\":\"https:\\\/\\\/gardeon.pl\\\/wp-content\\\/uploads\\\/2021\\\/10\\\/gardeon-novinky-akcia-2-1024x768-1.webp\",\"datePublished\":\"2026-04-23T15:42:18+00:00\",\"dateModified\":\"2026-04-23T16:41:25+00:00\",\"author\":{\"@id\":\"https:\\\/\\\/gardeon.pl\\\/#\\\/schema\\\/person\\\/a5762ca5f0790bf92774af0899379463\"},\"breadcrumb\":{\"@id\":\"https:\\\/\\\/gardeon.pl\\\/pl\\\/blog\\\/gardeon-na-wydarzeniu-wedkarskim-w-danovej\\\/#breadcrumb\"},\"inLanguage\":\"pl-PL\",\"potentialAction\":[{\"@type\":\"ReadAction\",\"target\":[\"https:\\\/\\\/gardeon.pl\\\/pl\\\/blog\\\/gardeon-na-wydarzeniu-wedkarskim-w-danovej\\\/\"]}]},{\"@type\":\"ImageObject\",\"inLanguage\":\"pl-PL\",\"@id\":\"https:\\\/\\\/gardeon.pl\\\/pl\\\/blog\\\/gardeon-na-wydarzeniu-wedkarskim-w-danovej\\\/#primaryimage\",\"url\":\"https:\\\/\\\/gardeon.pl\\\/wp-content\\\/uploads\\\/2021\\\/10\\\/gardeon-novinky-akcia-2-1024x768-1.webp\",\"contentUrl\":\"https:\\\/\\\/gardeon.pl\\\/wp-content\\\/uploads\\\/2021\\\/10\\\/gardeon-novinky-akcia-2-1024x768-1.webp\",\"width\":1000,\"height\":750,\"caption\":\"Wydarzenie w \u010eanovej \u2013 \u0142owienie ryb\"},{\"@type\":\"BreadcrumbList\",\"@id\":\"https:\\\/\\\/gardeon.pl\\\/pl\\\/blog\\\/gardeon-na-wydarzeniu-wedkarskim-w-danovej\\\/#breadcrumb\",\"itemListElement\":[{\"@type\":\"ListItem\",\"position\":1,\"name\":\"Domov\",\"item\":\"https:\\\/\\\/gardeon.pl\\\/pl\\\/\"},{\"@type\":\"ListItem\",\"position\":2,\"name\":\"GARDEON na wydarzeniu w\u0119dkarskim w \u010eanovej\"}]},{\"@type\":\"WebSite\",\"@id\":\"https:\\\/\\\/gardeon.pl\\\/#website\",\"url\":\"https:\\\/\\\/gardeon.pl\\\/\",\"name\":\"GARDEON\",\"description\":\"\",\"potentialAction\":[{\"@type\":\"SearchAction\",\"target\":{\"@type\":\"EntryPoint\",\"urlTemplate\":\"https:\\\/\\\/gardeon.pl\\\/?s={search_term_string}\"},\"query-input\":{\"@type\":\"PropertyValueSpecification\",\"valueRequired\":true,\"valueName\":\"search_term_string\"}}],\"inLanguage\":\"pl-PL\"},{\"@type\":\"Person\",\"@id\":\"https:\\\/\\\/gardeon.pl\\\/#\\\/schema\\\/person\\\/a5762ca5f0790bf92774af0899379463\",\"name\":\"editor\",\"image\":{\"@type\":\"ImageObject\",\"inLanguage\":\"pl-PL\",\"@id\":\"https:\\\/\\\/secure.gravatar.com\\\/avatar\\\/2b748151c2c748327307fd289a91b3bdafdd9e64e2d000e65e53d6dcf11c5830?s=96&d=mm&r=g\",\"url\":\"https:\\\/\\\/secure.gravatar.com\\\/avatar\\\/2b748151c2c748327307fd289a91b3bdafdd9e64e2d000e65e53d6dcf11c5830?s=96&d=mm&r=g\",\"contentUrl\":\"https:\\\/\\\/secure.gravatar.com\\\/avatar\\\/2b748151c2c748327307fd289a91b3bdafdd9e64e2d000e65e53d6dcf11c5830?s=96&d=mm&r=g\",\"caption\":\"editor\"}}]}<\/script>\n<!-- \/ Yoast SEO plugin. -->","yoast_head_json":{"title":"GARDEON na wydarzeniu w\u0119dkarskim w \u010eanovej | GARDEON","robots":{"index":"index","follow":"follow","max-snippet":"max-snippet:-1","max-image-preview":"max-image-preview:large","max-video-preview":"max-video-preview:-1"},"canonical":"https:\/\/gardeon.pl\/pl\/blog\/gardeon-na-wydarzeniu-wedkarskim-w-danovej\/","og_locale":"pl_PL","og_type":"article","og_title":"GARDEON na wydarzeniu w\u0119dkarskim w \u010eanovej | GARDEON","og_description":"Z przyjemno\u015bci\u0105 wspieramy dobr\u0105 inicjatyw\u0119!","og_url":"https:\/\/gardeon.pl\/pl\/blog\/gardeon-na-wydarzeniu-wedkarskim-w-danovej\/","og_site_name":"GARDEON","article_published_time":"2026-04-23T15:42:18+00:00","article_modified_time":"2026-04-23T16:41:25+00:00","og_image":[{"width":1000,"height":750,"url":"http:\/\/gardeon.pl\/wp-content\/uploads\/2021\/10\/gardeon-novinky-akcia-2-1024x768-1.webp","type":"image\/webp"}],"author":"editor","twitter_card":"summary_large_image","twitter_misc":{"Napisane przez":"editor"},"schema":{"@context":"https:\/\/schema.org","@graph":[{"@type":"Article","@id":"https:\/\/gardeon.pl\/pl\/blog\/gardeon-na-wydarzeniu-wedkarskim-w-danovej\/#article","isPartOf":{"@id":"https:\/\/gardeon.pl\/pl\/blog\/gardeon-na-wydarzeniu-wedkarskim-w-danovej\/"},"author":{"name":"editor","@id":"https:\/\/gardeon.pl\/#\/schema\/person\/a5762ca5f0790bf92774af0899379463"},"headline":"GARDEON na wydarzeniu w\u0119dkarskim w \u010eanovej","datePublished":"2026-04-23T15:42:18+00:00","dateModified":"2026-04-23T16:41:25+00:00","mainEntityOfPage":{"@id":"https:\/\/gardeon.pl\/pl\/blog\/gardeon-na-wydarzeniu-wedkarskim-w-danovej\/"},"wordCount":13,"commentCount":0,"image":{"@id":"https:\/\/gardeon.pl\/pl\/blog\/gardeon-na-wydarzeniu-wedkarskim-w-danovej\/#primaryimage"},"thumbnailUrl":"https:\/\/gardeon.pl\/wp-content\/uploads\/2021\/10\/gardeon-novinky-akcia-2-1024x768-1.webp","keywords":["GARDEON"],"articleSection":["Aktualno\u015bci"],"inLanguage":"pl-PL","potentialAction":[{"@type":"CommentAction","name":"Comment","target":["https:\/\/gardeon.pl\/pl\/blog\/gardeon-na-wydarzeniu-wedkarskim-w-danovej\/#respond"]}]},{"@type":"WebPage","@id":"https:\/\/gardeon.pl\/pl\/blog\/gardeon-na-wydarzeniu-wedkarskim-w-danovej\/","url":"https:\/\/gardeon.pl\/pl\/blog\/gardeon-na-wydarzeniu-wedkarskim-w-danovej\/","name":"GARDEON na wydarzeniu w\u0119dkarskim w \u010eanovej | GARDEON","isPartOf":{"@id":"https:\/\/gardeon.pl\/#website"},"primaryImageOfPage":{"@id":"https:\/\/gardeon.pl\/pl\/blog\/gardeon-na-wydarzeniu-wedkarskim-w-danovej\/#primaryimage"},"image":{"@id":"https:\/\/gardeon.pl\/pl\/blog\/gardeon-na-wydarzeniu-wedkarskim-w-danovej\/#primaryimage"},"thumbnailUrl":"https:\/\/gardeon.pl\/wp-content\/uploads\/2021\/10\/gardeon-novinky-akcia-2-1024x768-1.webp","datePublished":"2026-04-23T15:42:18+00:00","dateModified":"2026-04-23T16:41:25+00:00","author":{"@id":"https:\/\/gardeon.pl\/#\/schema\/person\/a5762ca5f0790bf92774af0899379463"},"breadcrumb":{"@id":"https:\/\/gardeon.pl\/pl\/blog\/gardeon-na-wydarzeniu-wedkarskim-w-danovej\/#breadcrumb"},"inLanguage":"pl-PL","potentialAction":[{"@type":"ReadAction","target":["https:\/\/gardeon.pl\/pl\/blog\/gardeon-na-wydarzeniu-wedkarskim-w-danovej\/"]}]},{"@type":"ImageObject","inLanguage":"pl-PL","@id":"https:\/\/gardeon.pl\/pl\/blog\/gardeon-na-wydarzeniu-wedkarskim-w-danovej\/#primaryimage","url":"https:\/\/gardeon.pl\/wp-content\/uploads\/2021\/10\/gardeon-novinky-akcia-2-1024x768-1.webp","contentUrl":"https:\/\/gardeon.pl\/wp-content\/uploads\/2021\/10\/gardeon-novinky-akcia-2-1024x768-1.webp","width":1000,"height":750,"caption":"Wydarzenie w \u010eanovej \u2013 \u0142owienie ryb"},{"@type":"BreadcrumbList","@id":"https:\/\/gardeon.pl\/pl\/blog\/gardeon-na-wydarzeniu-wedkarskim-w-danovej\/#breadcrumb","itemListElement":[{"@type":"ListItem","position":1,"name":"Domov","item":"https:\/\/gardeon.pl\/pl\/"},{"@type":"ListItem","position":2,"name":"GARDEON na wydarzeniu w\u0119dkarskim w \u010eanovej"}]},{"@type":"WebSite","@id":"https:\/\/gardeon.pl\/#website","url":"https:\/\/gardeon.pl\/","name":"GARDEON","description":"","potentialAction":[{"@type":"SearchAction","target":{"@type":"EntryPoint","urlTemplate":"https:\/\/gardeon.pl\/?s={search_term_string}"},"query-input":{"@type":"PropertyValueSpecification","valueRequired":true,"valueName":"search_term_string"}}],"inLanguage":"pl-PL"},{"@type":"Person","@id":"https:\/\/gardeon.pl\/#\/schema\/person\/a5762ca5f0790bf92774af0899379463","name":"editor","image":{"@type":"ImageObject","inLanguage":"pl-PL","@id":"https:\/\/secure.gravatar.com\/avatar\/2b748151c2c748327307fd289a91b3bdafdd9e64e2d000e65e53d6dcf11c5830?s=96&d=mm&r=g","url":"https:\/\/secure.gravatar.com\/avatar\/2b748151c2c748327307fd289a91b3bdafdd9e64e2d000e65e53d6dcf11c5830?s=96&d=mm&r=g","contentUrl":"https:\/\/secure.gravatar.com\/avatar\/2b748151c2c748327307fd289a91b3bdafdd9e64e2d000e65e53d6dcf11c5830?s=96&d=mm&r=g","caption":"editor"}}]}},"_links":{"self":[{"href":"https:\/\/gardeon.pl\/pl\/wp-json\/wp\/v2\/posts\/47818","targetHints":{"allow":["GET"]}}],"collection":[{"href":"https:\/\/gardeon.pl\/pl\/wp-json\/wp\/v2\/posts"}],"about":[{"href":"https:\/\/gardeon.pl\/pl\/wp-json\/wp\/v2\/types\/post"}],"author":[{"embeddable":true,"href":"https:\/\/gardeon.pl\/pl\/wp-json\/wp\/v2\/users\/2"}],"replies":[{"embeddable":true,"href":"https:\/\/gardeon.pl\/pl\/wp-json\/wp\/v2\/comments?post=47818"}],"version-history":[{"count":0,"href":"https:\/\/gardeon.pl\/pl\/wp-json\/wp\/v2\/posts\/47818\/revisions"}],"wp:featuredmedia":[{"embeddable":true,"href":"https:\/\/gardeon.pl\/pl\/wp-json\/wp\/v2\/media\/47829"}],"wp:attachment":[{"href":"https:\/\/gardeon.pl\/pl\/wp-json\/wp\/v2\/media?parent=47818"}],"wp:term":[{"taxonomy":"category","embeddable":true,"href":"https:\/\/gardeon.pl\/pl\/wp-json\/wp\/v2\/categories?post=47818"},{"taxonomy":"post_tag","embeddable":true,"href":"https:\/\/gardeon.pl\/pl\/wp-json\/wp\/v2\/tags?post=47818"}],"curies":[{"name":"wp","href":"https:\/\/api.w.org\/{rel}","templated":true}]}}