{"id":47836,"date":"2026-04-23T18:41:24","date_gmt":"2026-04-23T16:41:24","guid":{"rendered":"https:\/\/gardeon.pl\/?p=47836"},"modified":"2026-04-23T18:41:24","modified_gmt":"2026-04-23T16:41:24","slug":"jak-zaprojektowac-idealny-ogrod","status":"publish","type":"post","link":"https:\/\/gardeon.pl\/pl\/blog\/jak-zaprojektowac-idealny-ogrod\/","title":{"rendered":"Jak zaprojektowa\u0107 idealny ogr\u00f3d"},"content":{"rendered":"<p><em>W\u0142a\u015bnie ko\u0144cz\u0105 Pa\u0144stwo budow\u0119 domu i zastanawiaj\u0105 si\u0119, co zrobi\u0107 z ogrodem? A mo\u017ce wreszcie nadszed\u0142 moment, by porz\u0105dnie zreorganizowa\u0107 ogr\u00f3d, kt\u00f3ry nie jest \u201etym jedynym\u201d? W obu przypadkach maj\u0105 Pa\u0144stwo dwie mo\u017cliwo\u015bci \u2013 albo zwr\u00f3ci\u0107 si\u0119 do architekta krajobrazu, albo zabra\u0107 si\u0119 za projekt samodzielnie. Sk\u0142aniaj\u0105 si\u0119 Pa\u0144stwo raczej ku drugiej z tych opcji? W takim razie mamy dla Pa\u0144stwa kilka wskaz\u00f3wek na pocz\u0105tek.    <\/em><\/p>\n<p><!--more--><\/p>\n<h1><b>Wybierz styl<\/b><\/h1>\n<p>Na samym pocz\u0105tku warto jasno okre\u015bli\u0107, co si\u0119 Pa\u0144stwu podoba. Ma\u0142o kto ma bowiem ca\u0142kowicie sprecyzowany styl. Wr\u0119cz przeciwnie \u2013 naturalne jest, \u017ce podobaj\u0105 nam si\u0119 r\u00f3\u017cne rzeczy, jednak ogr\u00f3d nie powinien by\u0107 niesp\u00f3jnym \u201emiszmaszem\u201d rozmaitych element\u00f3w. Prosz\u0119 poczyta\u0107 o r\u00f3\u017cnych stylach ogrodowych \u2013 by\u0107 mo\u017ce ju\u017c na tym etapie odkryj\u0105 Pa\u0144stwo, czy bardziej odpowiada Pa\u0144stwu prosty, nowoczesny ogr\u00f3d, czy raczej romantyczny, wiejski; czy faworyzuj\u0105 Pa\u0144stwo swobodniejsze, angielskie podej\u015bcie inspirowane natur\u0105, czy <a href=\"https:\/\/gardeon.pl\/pl\/?p=46187\">styl azjatycki<\/a> z jasnymi zasadami, a mo\u017ce sk\u0142aniaj\u0105 si\u0119 Pa\u0144stwo ku czemu\u015b bardziej eko&#8230;   <\/p>\n<p><img loading=\"lazy\" decoding=\"async\" class=\"wp-image-28321 aligncenter\" src=\"http:\/\/gardeon.pl\/wp-content\/uploads\/2020\/10\/gardeon-blog-Kvety-v-zahrade-1.jpg\" alt=\"\u017b\u00f3\u0142te i pomara\u0144czowe kwiaty w ogrodzie\" width=\"800\" height=\"600\" srcset=\"https:\/\/gardeon.pl\/wp-content\/uploads\/2020\/10\/gardeon-blog-Kvety-v-zahrade-1.jpg 1500w, https:\/\/gardeon.pl\/wp-content\/uploads\/2020\/10\/gardeon-blog-Kvety-v-zahrade-1-300x225.jpg 300w, https:\/\/gardeon.pl\/wp-content\/uploads\/2020\/10\/gardeon-blog-Kvety-v-zahrade-1-1024x768.jpg 1024w, https:\/\/gardeon.pl\/wp-content\/uploads\/2020\/10\/gardeon-blog-Kvety-v-zahrade-1-768x576.jpg 768w\" sizes=\"auto, (max-width: 800px) 100vw, 800px\" \/><\/p>\n<p>Prosz\u0119 poszuka\u0107 w internecie, czasopismach lub ksi\u0105\u017ckach r\u00f3\u017cnych inspiracji i spr\u00f3bowa\u0107 uporz\u0105dkowa\u0107 je w grupy tak, aby poszczeg\u00f3lne wskaz\u00f3wki, pomys\u0142y czy detale do siebie pasowa\u0142y. Najobszerniejsza grupa powinna nast\u0119pnie stanowi\u0107 stylistyczn\u0105 baz\u0119 Pa\u0144stwa ogrodu, kt\u00f3rej b\u0119d\u0105 si\u0119 Pa\u0144stwo trzyma\u0107 w kolejnych krokach. <\/p>\n<h2 style=\"text-align: left;\"><b>Zr\u00f3b list\u0119<\/b><\/h2>\n<p>Prosz\u0119 wzi\u0105\u0107 kartk\u0119 i o\u0142\u00f3wek i spisa\u0107 wszystko, czego oczekuj\u0105 Pa\u0144stwo od ogrodu. Zamiast skupia\u0107 si\u0119 na konkretnych elementach, prosz\u0119 skoncentrowa\u0107 si\u0119 na czynno\u015bciach, kt\u00f3re chcieliby Pa\u0144stwo w nim wykonywa\u0107 (na przyk\u0142ad rodzinne spotkania przy grillu, k\u0105piele i opalanie, picie porannej kawy czy kolacje po pracy, zbieranie owoc\u00f3w na ciasta i przetwory, prace z drewnem lub inne hobby&#8230;), a z drugiej strony na czynno\u015bciach, kt\u00f3rych na pewno nie chcieliby Pa\u0144stwo wykonywa\u0107 (je\u015bli na przyk\u0142ad nie znosz\u0105 Pa\u0144stwo koszenia, pielenia chwast\u00f3w czy przetwarzania plon\u00f3w). <\/p>\n<p><img loading=\"lazy\" decoding=\"async\" class=\"wp-image-28427 aligncenter\" src=\"http:\/\/gardeon.pl\/wp-content\/uploads\/2020\/10\/gardeon-blog-studnicka-1.jpg\" alt=\"Dekoracja z dyni z kwiatami przy studzience po prawej stronie\" width=\"800\" height=\"1067\" srcset=\"https:\/\/gardeon.pl\/wp-content\/uploads\/2020\/10\/gardeon-blog-studnicka-1.jpg 1500w, https:\/\/gardeon.pl\/wp-content\/uploads\/2020\/10\/gardeon-blog-studnicka-1-225x300.jpg 225w, https:\/\/gardeon.pl\/wp-content\/uploads\/2020\/10\/gardeon-blog-studnicka-1-768x1024.jpg 768w, https:\/\/gardeon.pl\/wp-content\/uploads\/2020\/10\/gardeon-blog-studnicka-1-1152x1536.jpg 1152w\" sizes=\"auto, (max-width: 800px) 100vw, 800px\" \/><\/p>\n<p>Dopiero potem do ka\u017cdej czynno\u015bci (lub grupy czynno\u015bci) prosz\u0119 przypisa\u0107 konkretn\u0105 przestrze\u0144 albo element \u2013 taras, basen, oczko wodne, trawnik, kuchni\u0119 letni\u0105, grill, warsztat, grz\u0105dki warzywne i rabaty kwiatowe&#8230; Oczywi\u015bcie ma\u0142o kto ma w ogrodzie miejsce dos\u0142ownie na wszystko, dlatego warto uporz\u0105dkowa\u0107 \u017cyczenia wed\u0142ug priorytet\u00f3w i realistycznie odsia\u0107 te, kt\u00f3rych nie da si\u0119 spe\u0142ni\u0107. Na przyk\u0142ad k\u0105pielowe oczko wodne wymaga naprawd\u0119 du\u017co miejsca (i pieni\u0119dzy), wi\u0119c w ma\u0142ym ogrodzie b\u0119d\u0105 Pa\u0144stwo musieli rozwa\u017cy\u0107, czy postawi\u0107 na nie kosztem trawnika i rabat, czy wybra\u0107 basen, kt\u00f3ry jest mniej wymagaj\u0105c\u0105 przestrzennie alternatyw\u0105 do k\u0105pieli.  <\/p>\n<p>Elementy, z kt\u00f3rych b\u0119d\u0105 Pa\u0144stwo korzysta\u0107 cz\u0119\u015bciej lub do r\u00f3\u017cnych czynno\u015bci, powinny mie\u0107 \u2013 rzecz jasna \u2013 pierwsze\u0144stwo. O ka\u017cdym planowanym elemencie warto te\u017c zebra\u0107 jak najwi\u0119cej informacji. Dzi\u0119ki temu nie b\u0119d\u0105 Pa\u0144stwo dopisywa\u0107 pozycji automatycznie i by\u0107 mo\u017ce u\u015bwiadomi\u0105 sobie, \u017ce wcale nie potrzebuj\u0105 Pa\u0144stwo kr\u00f3tko strzy\u017conego trawnika, bo nie b\u0119d\u0105 z niego korzysta\u0107, a bardziej ucieszy Pa\u0144stwa naturalna \u0142\u0105ka, rabaty kwiatowe i oczko wodne.  <\/p>\n<p><img loading=\"lazy\" decoding=\"async\" class=\"wp-image-28407 aligncenter\" src=\"http:\/\/gardeon.pl\/wp-content\/uploads\/2020\/10\/gardeon-blog-kvety-v-zahrade-5.jpg\" alt=\"Ogr\u00f3d ze studzienk\u0105 i drewniana balia do k\u0105pieli\" width=\"800\" height=\"600\" srcset=\"https:\/\/gardeon.pl\/wp-content\/uploads\/2020\/10\/gardeon-blog-kvety-v-zahrade-5.jpg 1500w, https:\/\/gardeon.pl\/wp-content\/uploads\/2020\/10\/gardeon-blog-kvety-v-zahrade-5-300x225.jpg 300w, https:\/\/gardeon.pl\/wp-content\/uploads\/2020\/10\/gardeon-blog-kvety-v-zahrade-5-1024x768.jpg 1024w, https:\/\/gardeon.pl\/wp-content\/uploads\/2020\/10\/gardeon-blog-kvety-v-zahrade-5-768x576.jpg 768w\" sizes=\"auto, (max-width: 800px) 100vw, 800px\" \/><\/p>\n<p>Obok wymarzonego tarasu, basenu czy rabat nie powinni Pa\u0144stwo zapomina\u0107 tak\u017ce o praktycznych przestrzeniach, bez kt\u00f3rych w ogrodzie trudno si\u0119 obej\u015b\u0107 \u2013 na przyk\u0142ad o miejscu na kompost lub do przesadzania ro\u015blin. Prosz\u0119 przemy\u015ble\u0107, gdzie b\u0119d\u0105 Pa\u0144stwo przechowywa\u0107 narz\u0119dzia ogrodowe i gdzie na zim\u0119 schowaj\u0105 Pa\u0144stwo meble z tarasu \u2013 je\u015bli nie maj\u0105 Pa\u0144stwo na to miejsca w domu ani w gara\u017cu, potrzebny b\u0119dzie <a href=\"http:\/\/gardeon.pl\/zahradne-domceky\/\">domek ogrodowy.<\/a> By\u0107 mo\u017ce przyda si\u0119 te\u017c odpowiednie miejsce do sk\u0142adowania drewna do kominka albo ma\u0142y warsztat dla domowego majsterkowicza. <\/p>\n<h1><b>Stw\u00f3rz schemat<\/b><\/h1>\n<p>Na tym etapie przyda si\u0119 papier w kratk\u0119 i o\u0142\u00f3wek, ewentualnie kredki do rozr\u00f3\u017cnienia powierzchni o r\u00f3\u017cnych funkcjach \u2013 \u0142atwiej narysowa\u0107 r\u00f3\u017cne warianty uk\u0142adu, ni\u017c wiosn\u0105 ponownie przekopywa\u0107 ca\u0142y ogr\u00f3d. Papier w kratk\u0119 u\u0142atwi rysowanie w skali. To tak\u017ce w\u0142a\u015bciwy moment, aby zastanowi\u0107 si\u0119 nad wymiarami poszczeg\u00f3lnych stref i element\u00f3w, kt\u00f3re chc\u0105 Pa\u0144stwo mie\u0107 w ogrodzie. W planach prosz\u0119 nie zapomnie\u0107 r\u00f3wnie\u017c o instalacjach wody i pr\u0105du, kt\u00f3re b\u0119d\u0105 potrzebne przy podlewaniu, automatycznym nawadnianiu, basenie, a tak\u017ce przy kuchni letniej lub warsztacie.   <\/p>\n<p><img loading=\"lazy\" decoding=\"async\" class=\"wp-image-28405 aligncenter\" src=\"http:\/\/gardeon.pl\/wp-content\/uploads\/2020\/10\/gardeon-blog-kvety-v-zahrade-4.jpg\" alt=\"R\u00f3\u017cne rodzaje kwiat\u00f3w w ogrodzie\" width=\"800\" height=\"600\" srcset=\"https:\/\/gardeon.pl\/wp-content\/uploads\/2020\/10\/gardeon-blog-kvety-v-zahrade-4.jpg 1500w, https:\/\/gardeon.pl\/wp-content\/uploads\/2020\/10\/gardeon-blog-kvety-v-zahrade-4-300x225.jpg 300w, https:\/\/gardeon.pl\/wp-content\/uploads\/2020\/10\/gardeon-blog-kvety-v-zahrade-4-1024x768.jpg 1024w, https:\/\/gardeon.pl\/wp-content\/uploads\/2020\/10\/gardeon-blog-kvety-v-zahrade-4-768x576.jpg 768w\" sizes=\"auto, (max-width: 800px) 100vw, 800px\" \/><\/p>\n<p>Projektuj\u0105c ogr\u00f3d, powinni Pa\u0144stwo post\u0119powa\u0107 od og\u00f3\u0142u do szczeg\u00f3\u0142\u00f3w, od prostego schematu do konkretnych element\u00f3w. Praktyczny szkielet powinny tworzy\u0107 \u015bcie\u017cki, wok\u00f3\u0142 kt\u00f3rych logicznie i funkcjonalnie zostan\u0105 rozmieszczone poszczeg\u00f3lne elementy zgrupowane w strefy. Typowym rozwi\u0105zaniem jest umieszczenie jak najbli\u017cej domu strefy relaksu, do kt\u00f3rej nale\u017cy na przyk\u0142ad taras, miejsce do grillowania, trawnik i rabaty ozdobne, basen czy piaskownica dla dzieci.  <\/p>\n<p>Dalej od domu zwykle znajduje si\u0119 <a href=\"https:\/\/zahradkar.pluska.sk\/okrasna-zahrada\/sedem-tipov-ako-vytvorit-okrasnu-uzitkovu-zahradu\">ogr\u00f3d u\u017cytkowy<\/a>, kt\u00f3rego cz\u0119\u015bci\u0105 bywaj\u0105 tak\u017ce praktyczne elementy zwi\u0105zane z pracami ogrodowymi, na przyk\u0142ad domek ogrodowy czy kompostownik. Ogr\u00f3d u\u017cytkowy mo\u017ce by\u0107 oddzielony od strefy relaksu i ozdobnej elementem, kt\u00f3ry jest jednocze\u015bnie praktyczny i \u0142adny, na przyk\u0142ad \u017cywop\u0142otem z porzeczek lub fasoli. <\/p>\n<p><img loading=\"lazy\" decoding=\"async\" class=\"wp-image-28307 aligncenter\" src=\"http:\/\/gardeon.pl\/wp-content\/uploads\/2020\/10\/gardeon-blog-Fazula-2.jpg\" alt=\"fasola w ogrodzie\" width=\"800\" height=\"1067\" srcset=\"https:\/\/gardeon.pl\/wp-content\/uploads\/2020\/10\/gardeon-blog-Fazula-2.jpg 1500w, https:\/\/gardeon.pl\/wp-content\/uploads\/2020\/10\/gardeon-blog-Fazula-2-225x300.jpg 225w, https:\/\/gardeon.pl\/wp-content\/uploads\/2020\/10\/gardeon-blog-Fazula-2-768x1024.jpg 768w, https:\/\/gardeon.pl\/wp-content\/uploads\/2020\/10\/gardeon-blog-Fazula-2-1152x1536.jpg 1152w\" sizes=\"auto, (max-width: 800px) 100vw, 800px\" \/><\/p>\n<p>Je\u015bli jednak chc\u0105 Pa\u0144stwo stworzy\u0107 ogr\u00f3d u\u017cytkowy z <a href=\"http:\/\/gardeon.pl\/blog\/ako-si-urobit-spravny-vyvyseny-zahon\/\">podwy\u017cszonych grz\u0105dek<\/a>, same te konstrukcje mog\u0105 by\u0107 estetyczne i stanowi\u0107 element dziel\u0105cy lub wyznaczaj\u0105cy granice. Ale wszystko mo\u017ce wygl\u0105da\u0107 te\u017c zupe\u0142nie inaczej \u2013 na przyk\u0142ad w ogrodzie angielskim grz\u0105dki u\u017cytkowe mog\u0105 przenika\u0107 si\u0119 z ozdobnymi i nie ma powodu, by umieszcza\u0107 je dalej od domu, zw\u0142aszcza je\u015bli potrzebuj\u0105 Pa\u0144stwo mie\u0107 je blisko kuchni, a do tego wygl\u0105daj\u0105 tak pi\u0119knie. <\/p>\n<p>Komponuj\u0105c poszczeg\u00f3lne strefy, powinni Pa\u0144stwo jednocze\u015bnie trzyma\u0107 si\u0119 element\u00f3w i kszta\u0142t\u00f3w typowych dla wybranego stylu \u2013 na przyk\u0142ad dla ogrod\u00f3w nowoczesnych charakterystyczne s\u0105 formy geometryczne, g\u0142adkie powierzchnie, proste kompozycje ro\u015blin oraz szlachetne materia\u0142y, natomiast dla wiejskich typowa jest raczej naturalna \u201eniedoskona\u0142o\u015b\u0107\u201d i r\u00f3\u017cnorodno\u015b\u0107 kszta\u0142t\u00f3w, ro\u015blin, kolor\u00f3w, materia\u0142\u00f3w i struktur.<span class=\"Apple-converted-space\"> <\/span><\/p>\n<h1><b>Wype\u0142nij przestrze\u0144<\/b><\/h1>\n<p>Kolejnym krokiem jest wyb\u00f3r konkretnych ro\u015blin i materia\u0142\u00f3w, kt\u00f3re wykorzystaj\u0105 Pa\u0144stwo na przyk\u0142ad na murki oporowe, \u015bcie\u017cki czy konstrukcj\u0119 podwy\u017cszonych grz\u0105dek. W materia\u0142ach i kszta\u0142tach prosz\u0119 trzyma\u0107 si\u0119 stylu wybranego na pocz\u0105tku, natomiast przy doborze ro\u015blin \u2013 poza stylem ogrodu \u2013 trzeba wzi\u0105\u0107 pod uwag\u0119 wi\u0119cej czynnik\u00f3w. Najwa\u017cniejsze jest wybranie takich, kt\u00f3rym odpowiadaj\u0105 warunki w Pa\u0144stwa ogrodzie i na konkretnym stanowisku (rodzaj gleby, ilo\u015b\u0107 s\u0142o\u0144ca itd.), ale nale\u017cy te\u017c uwzgl\u0119dni\u0107 kompozycj\u0119 ogrodu jako ca\u0142o\u015bci oraz poszczeg\u00f3lnych rabat \u2013 z uwzgl\u0119dnieniem typu ro\u015bliny, jej wysoko\u015bci, pokroju oraz kolorystyki w ci\u0105gu roku.  <\/p>\n<p><img loading=\"lazy\" decoding=\"async\" class=\"wp-image-28399 aligncenter\" src=\"http:\/\/gardeon.pl\/wp-content\/uploads\/2020\/10\/gardeon-blog-vyvysen-zahon.jpg.png\" alt=\"Podwy\u017cszona grz\u0105dka przy domku ogrodowym\" width=\"800\" height=\"533\" srcset=\"https:\/\/gardeon.pl\/wp-content\/uploads\/2020\/10\/gardeon-blog-vyvysen-zahon.jpg.png 2000w, https:\/\/gardeon.pl\/wp-content\/uploads\/2020\/10\/gardeon-blog-vyvysen-zahon.jpg-300x200.png 300w, https:\/\/gardeon.pl\/wp-content\/uploads\/2020\/10\/gardeon-blog-vyvysen-zahon.jpg-1024x682.png 1024w, https:\/\/gardeon.pl\/wp-content\/uploads\/2020\/10\/gardeon-blog-vyvysen-zahon.jpg-768x512.png 768w, https:\/\/gardeon.pl\/wp-content\/uploads\/2020\/10\/gardeon-blog-vyvysen-zahon.jpg-1536x1024.png 1536w\" sizes=\"auto, (max-width: 800px) 100vw, 800px\" \/><\/p>\n<p>Ogr\u00f3d powinien bowiem \u2013 obok praktycznego schematu \u2013 mie\u0107 tak\u017ce estetyczn\u0105 kompozycj\u0119, kt\u00f3rej szkielet tworz\u0105 \u015bcie\u017cki, utwardzone nawierzchnie i ro\u015bliny drzewiaste. Do tego szkieletu powinny nawi\u0105zywa\u0107 r\u00f3\u017cne elementy ogrodowe oraz powierzchnie z nasadzeniami o r\u00f3\u017cnym typie i wysoko\u015bci. <\/p>\n<h1><b>W czym pomo\u017ce Pa\u0144stwu architekt krajobrazu?<\/b><\/h1>\n<p>Ju\u017c teraz maj\u0105 Pa\u0144stwo wra\u017cenie, \u017ce czeka Pa\u0144stwa g\u00f3ra pracy, na kt\u00f3r\u0105 niespecjalnie maj\u0105 Pa\u0144stwo ochot\u0119? Owszem, mo\u017cliwo\u015bci jest wiele, wi\u0119c projekt ogrodu wymaga do\u015b\u0107 du\u017co czasu i przemy\u015ble\u0144, a je\u015bli nie maj\u0105 Pa\u0144stwo wystarczaj\u0105cego do\u015bwiadczenia w ogrodnictwie, czeka Pa\u0144stwa sporo nauki, szukania informacji i rozwa\u017cania r\u00f3\u017cnych rozwi\u0105za\u0144. Je\u015bli ju\u017c teraz si\u0119 Pa\u0144stwo na to ciesz\u0105 \u2013 do dzie\u0142a! Tak sp\u0119dzony czas b\u0119dzie dla Pa\u0144stwa zabaw\u0105 i relaksem.   <\/p>\n<p><img loading=\"lazy\" decoding=\"async\" class=\"wp-image-27812 aligncenter\" src=\"http:\/\/gardeon.pl\/wp-content\/uploads\/2020\/08\/TZB-Takacs-5-scaled.jpg\" alt=\"Drewniana dekoracja na gara\u017c\" width=\"800\" height=\"1067\" srcset=\"https:\/\/gardeon.pl\/wp-content\/uploads\/2020\/08\/TZB-Takacs-5-scaled.jpg 1920w, https:\/\/gardeon.pl\/wp-content\/uploads\/2020\/08\/TZB-Takacs-5-225x300.jpg 225w, https:\/\/gardeon.pl\/wp-content\/uploads\/2020\/08\/TZB-Takacs-5-768x1024.jpg 768w, https:\/\/gardeon.pl\/wp-content\/uploads\/2020\/08\/TZB-Takacs-5-1152x1536.jpg 1152w, https:\/\/gardeon.pl\/wp-content\/uploads\/2020\/08\/TZB-Takacs-5-1536x2048.jpg 1536w\" sizes=\"auto, (max-width: 800px) 100vw, 800px\" \/><\/p>\n<p>Je\u015bli jednak nie maj\u0105 Pa\u0144stwo do tego tematu a\u017c takiego zami\u0142owania albo wolny czas wol\u0105 Pa\u0144stwo po\u015bwi\u0119ca\u0107 innym aktywno\u015bciom, zdecydowanie warto znale\u017a\u0107 architekta krajobrazu. Przede wszystkim zaoszcz\u0119dzi Pa\u0144stwu mn\u00f3stwo czasu, a by\u0107 mo\u017ce tak\u017ce pieni\u0119dzy, poniewa\u017c z dobrym architektem krajobrazu unikn\u0105 Pa\u0144stwo kr\u0119tej drogi typu \u201epr\u00f3by i b\u0142\u0119dy\u201d. Z do\u015bwiadczenia powinien wiedzie\u0107, kt\u00f3re rozwi\u0105zania s\u0105 nierealne, niepraktyczne lub zbyt pracoch\u0142onne, na co uwa\u017ca\u0107 i co \u2013 przeciwnie \u2013 b\u0119dzie dla Pa\u0144stwa odpowiednie. Powinien orientowa\u0107 si\u0119 w stylach i mo\u017cliwo\u015bciach, aby nie utkn\u0119li Pa\u0144stwo na banalnym, niepraktycznym projekcie&#8230; I w\u0142a\u015bnie tu tkwi sedno problemu.    <\/p>\n<p>Nie szukajcie architekta krajobrazu po najni\u017cszej cenie \u2013 szukajcie dobrego architekta krajobrazu. Prosz\u0119 zrobi\u0107 rozeznanie, obejrze\u0107 realizacje, sprawdzi\u0107 referencje. Ewentualnie prosz\u0119 spotka\u0107 si\u0119 z kilkoma kandydatami albo zleci\u0107 przygotowanie kilku projekt\u00f3w, spo\u015br\u00f3d kt\u00f3rych b\u0119d\u0105 Pa\u0144stwo mogli wybra\u0107.  <\/p>\n<p>Je\u015bli nie maj\u0105 Pa\u0144stwo w gara\u017cu ani w domu miejsca na przechowywanie akcesori\u00f3w ogrodowych, poni\u017cej mog\u0105 Pa\u0144stwo skonfigurowa\u0107 domek ogrodowy zgodnie z Pa\u0144stwa oczekiwaniami.<\/p>\n<p>&nbsp;<\/p>\n<h5>\u0179r\u00f3d\u0142o (Source):<\/h5>\n<h5>Fotobank GARDEON<\/h5>\n","protected":false},"excerpt":{"rendered":"<p>W\u0142a\u015bnie ko\u0144cz\u0105 Pa\u0144stwo budow\u0119 domu i zastanawiaj\u0105 si\u0119, co zrobi\u0107 z ogrodem? A mo\u017ce wreszcie nadszed\u0142 moment, by porz\u0105dnie zreorganizowa\u0107 ogr\u00f3d, kt\u00f3ry nie jest \u201etym jedynym\u201d? W obu przypadkach maj\u0105 Pa\u0144stwo dwie mo\u017cliwo\u015bci \u2013 albo zwr\u00f3ci\u0107 si\u0119 do architekta krajobrazu, albo zabra\u0107 si\u0119 za projekt samodzielnie. Sk\u0142aniaj\u0105 si\u0119 Pa\u0144stwo raczej ku drugiej z tych opcji? [&hellip;]<\/p>\n","protected":false},"author":2,"featured_media":47831,"comment_status":"open","ping_status":"open","sticky":false,"template":"","format":"standard","meta":{"_acf_changed":false,"inline_featured_image":false,"footnotes":""},"categories":[594],"tags":[579,619,895,894,870],"class_list":["post-47836","post","type-post","status-publish","format-standard","has-post-thumbnail","hentry","category-ogrod","tag-gardeon","tag-ogrod","tag-ozdoby","tag-podwyzszona-grzadka","tag-ziola"],"acf":[],"yoast_head":"<!-- This site is optimized with the Yoast SEO plugin v27.4 - https:\/\/yoast.com\/product\/yoast-seo-wordpress\/ -->\n<title>Jak zaprojektowa\u0107 idealny ogr\u00f3d | GARDEON<\/title>\n<meta name=\"robots\" content=\"index, follow, max-snippet:-1, max-image-preview:large, max-video-preview:-1\" \/>\n<link rel=\"canonical\" href=\"https:\/\/gardeon.pl\/pl\/blog\/jak-zaprojektowac-idealny-ogrod\/\" \/>\n<meta property=\"og:locale\" content=\"pl_PL\" \/>\n<meta property=\"og:type\" content=\"article\" \/>\n<meta property=\"og:title\" content=\"Jak zaprojektowa\u0107 idealny ogr\u00f3d | GARDEON\" \/>\n<meta property=\"og:description\" content=\"W\u0142a\u015bnie ko\u0144cz\u0105 Pa\u0144stwo budow\u0119 domu i zastanawiaj\u0105 si\u0119, co zrobi\u0107 z ogrodem? A mo\u017ce wreszcie nadszed\u0142 moment, by porz\u0105dnie zreorganizowa\u0107 ogr\u00f3d, kt\u00f3ry nie jest \u201etym jedynym\u201d? W obu przypadkach maj\u0105 Pa\u0144stwo dwie mo\u017cliwo\u015bci \u2013 albo zwr\u00f3ci\u0107 si\u0119 do architekta krajobrazu, albo zabra\u0107 si\u0119 za projekt samodzielnie. Sk\u0142aniaj\u0105 si\u0119 Pa\u0144stwo raczej ku drugiej z tych opcji? [&hellip;]\" \/>\n<meta property=\"og:url\" content=\"https:\/\/gardeon.pl\/pl\/blog\/jak-zaprojektowac-idealny-ogrod\/\" \/>\n<meta property=\"og:site_name\" content=\"GARDEON\" \/>\n<meta property=\"article:published_time\" content=\"2026-04-23T16:41:24+00:00\" \/>\n<meta property=\"og:image\" content=\"http:\/\/gardeon.pl\/wp-content\/uploads\/2020\/10\/gardeon-blog-vyzdoba-v-zahrade-1.jpg\" \/>\n\t<meta property=\"og:image:width\" content=\"1500\" \/>\n\t<meta property=\"og:image:height\" content=\"1125\" \/>\n\t<meta property=\"og:image:type\" content=\"image\/jpeg\" \/>\n<meta name=\"author\" content=\"editor\" \/>\n<meta name=\"twitter:card\" content=\"summary_large_image\" \/>\n<meta name=\"twitter:label1\" content=\"Napisane przez\" \/>\n\t<meta name=\"twitter:data1\" content=\"editor\" \/>\n\t<meta name=\"twitter:label2\" content=\"Szacowany czas czytania\" \/>\n\t<meta name=\"twitter:data2\" content=\"7 minut\" \/>\n<script type=\"application\/ld+json\" class=\"yoast-schema-graph\">{\"@context\":\"https:\\\/\\\/schema.org\",\"@graph\":[{\"@type\":\"Article\",\"@id\":\"https:\\\/\\\/gardeon.pl\\\/pl\\\/blog\\\/jak-zaprojektowac-idealny-ogrod\\\/#article\",\"isPartOf\":{\"@id\":\"https:\\\/\\\/gardeon.pl\\\/pl\\\/blog\\\/jak-zaprojektowac-idealny-ogrod\\\/\"},\"author\":{\"name\":\"editor\",\"@id\":\"https:\\\/\\\/gardeon.pl\\\/#\\\/schema\\\/person\\\/a5762ca5f0790bf92774af0899379463\"},\"headline\":\"Jak zaprojektowa\u0107 idealny ogr\u00f3d\",\"datePublished\":\"2026-04-23T16:41:24+00:00\",\"mainEntityOfPage\":{\"@id\":\"https:\\\/\\\/gardeon.pl\\\/pl\\\/blog\\\/jak-zaprojektowac-idealny-ogrod\\\/\"},\"wordCount\":1504,\"commentCount\":0,\"image\":{\"@id\":\"https:\\\/\\\/gardeon.pl\\\/pl\\\/blog\\\/jak-zaprojektowac-idealny-ogrod\\\/#primaryimage\"},\"thumbnailUrl\":\"https:\\\/\\\/gardeon.pl\\\/wp-content\\\/uploads\\\/2020\\\/10\\\/gardeon-blog-vyzdoba-v-zahrade-1.jpg\",\"keywords\":[\"GARDEON\",\"ogr\u00f3d\",\"ozdoby\",\"podwy\u017cszona grz\u0105dka\",\"zio\u0142a\"],\"articleSection\":[\"Ogr\u00f3d\"],\"inLanguage\":\"pl-PL\",\"potentialAction\":[{\"@type\":\"CommentAction\",\"name\":\"Comment\",\"target\":[\"https:\\\/\\\/gardeon.pl\\\/pl\\\/blog\\\/jak-zaprojektowac-idealny-ogrod\\\/#respond\"]}]},{\"@type\":\"WebPage\",\"@id\":\"https:\\\/\\\/gardeon.pl\\\/pl\\\/blog\\\/jak-zaprojektowac-idealny-ogrod\\\/\",\"url\":\"https:\\\/\\\/gardeon.pl\\\/pl\\\/blog\\\/jak-zaprojektowac-idealny-ogrod\\\/\",\"name\":\"Jak zaprojektowa\u0107 idealny ogr\u00f3d | GARDEON\",\"isPartOf\":{\"@id\":\"https:\\\/\\\/gardeon.pl\\\/#website\"},\"primaryImageOfPage\":{\"@id\":\"https:\\\/\\\/gardeon.pl\\\/pl\\\/blog\\\/jak-zaprojektowac-idealny-ogrod\\\/#primaryimage\"},\"image\":{\"@id\":\"https:\\\/\\\/gardeon.pl\\\/pl\\\/blog\\\/jak-zaprojektowac-idealny-ogrod\\\/#primaryimage\"},\"thumbnailUrl\":\"https:\\\/\\\/gardeon.pl\\\/wp-content\\\/uploads\\\/2020\\\/10\\\/gardeon-blog-vyzdoba-v-zahrade-1.jpg\",\"datePublished\":\"2026-04-23T16:41:24+00:00\",\"author\":{\"@id\":\"https:\\\/\\\/gardeon.pl\\\/#\\\/schema\\\/person\\\/a5762ca5f0790bf92774af0899379463\"},\"breadcrumb\":{\"@id\":\"https:\\\/\\\/gardeon.pl\\\/pl\\\/blog\\\/jak-zaprojektowac-idealny-ogrod\\\/#breadcrumb\"},\"inLanguage\":\"pl-PL\",\"potentialAction\":[{\"@type\":\"ReadAction\",\"target\":[\"https:\\\/\\\/gardeon.pl\\\/pl\\\/blog\\\/jak-zaprojektowac-idealny-ogrod\\\/\"]}]},{\"@type\":\"ImageObject\",\"inLanguage\":\"pl-PL\",\"@id\":\"https:\\\/\\\/gardeon.pl\\\/pl\\\/blog\\\/jak-zaprojektowac-idealny-ogrod\\\/#primaryimage\",\"url\":\"https:\\\/\\\/gardeon.pl\\\/wp-content\\\/uploads\\\/2020\\\/10\\\/gardeon-blog-vyzdoba-v-zahrade-1.jpg\",\"contentUrl\":\"https:\\\/\\\/gardeon.pl\\\/wp-content\\\/uploads\\\/2020\\\/10\\\/gardeon-blog-vyzdoba-v-zahrade-1.jpg\",\"width\":1500,\"height\":1125,\"caption\":\"Dynia i kwiaty w donicy w kszta\u0142cie \u015blimaka\"},{\"@type\":\"BreadcrumbList\",\"@id\":\"https:\\\/\\\/gardeon.pl\\\/pl\\\/blog\\\/jak-zaprojektowac-idealny-ogrod\\\/#breadcrumb\",\"itemListElement\":[{\"@type\":\"ListItem\",\"position\":1,\"name\":\"Domov\",\"item\":\"https:\\\/\\\/gardeon.pl\\\/pl\\\/\"},{\"@type\":\"ListItem\",\"position\":2,\"name\":\"Jak zaprojektowa\u0107 idealny ogr\u00f3d\"}]},{\"@type\":\"WebSite\",\"@id\":\"https:\\\/\\\/gardeon.pl\\\/#website\",\"url\":\"https:\\\/\\\/gardeon.pl\\\/\",\"name\":\"GARDEON\",\"description\":\"\",\"potentialAction\":[{\"@type\":\"SearchAction\",\"target\":{\"@type\":\"EntryPoint\",\"urlTemplate\":\"https:\\\/\\\/gardeon.pl\\\/?s={search_term_string}\"},\"query-input\":{\"@type\":\"PropertyValueSpecification\",\"valueRequired\":true,\"valueName\":\"search_term_string\"}}],\"inLanguage\":\"pl-PL\"},{\"@type\":\"Person\",\"@id\":\"https:\\\/\\\/gardeon.pl\\\/#\\\/schema\\\/person\\\/a5762ca5f0790bf92774af0899379463\",\"name\":\"editor\",\"image\":{\"@type\":\"ImageObject\",\"inLanguage\":\"pl-PL\",\"@id\":\"https:\\\/\\\/secure.gravatar.com\\\/avatar\\\/2b748151c2c748327307fd289a91b3bdafdd9e64e2d000e65e53d6dcf11c5830?s=96&d=mm&r=g\",\"url\":\"https:\\\/\\\/secure.gravatar.com\\\/avatar\\\/2b748151c2c748327307fd289a91b3bdafdd9e64e2d000e65e53d6dcf11c5830?s=96&d=mm&r=g\",\"contentUrl\":\"https:\\\/\\\/secure.gravatar.com\\\/avatar\\\/2b748151c2c748327307fd289a91b3bdafdd9e64e2d000e65e53d6dcf11c5830?s=96&d=mm&r=g\",\"caption\":\"editor\"}}]}<\/script>\n<!-- \/ Yoast SEO plugin. -->","yoast_head_json":{"title":"Jak zaprojektowa\u0107 idealny ogr\u00f3d | GARDEON","robots":{"index":"index","follow":"follow","max-snippet":"max-snippet:-1","max-image-preview":"max-image-preview:large","max-video-preview":"max-video-preview:-1"},"canonical":"https:\/\/gardeon.pl\/pl\/blog\/jak-zaprojektowac-idealny-ogrod\/","og_locale":"pl_PL","og_type":"article","og_title":"Jak zaprojektowa\u0107 idealny ogr\u00f3d | GARDEON","og_description":"W\u0142a\u015bnie ko\u0144cz\u0105 Pa\u0144stwo budow\u0119 domu i zastanawiaj\u0105 si\u0119, co zrobi\u0107 z ogrodem? A mo\u017ce wreszcie nadszed\u0142 moment, by porz\u0105dnie zreorganizowa\u0107 ogr\u00f3d, kt\u00f3ry nie jest \u201etym jedynym\u201d? W obu przypadkach maj\u0105 Pa\u0144stwo dwie mo\u017cliwo\u015bci \u2013 albo zwr\u00f3ci\u0107 si\u0119 do architekta krajobrazu, albo zabra\u0107 si\u0119 za projekt samodzielnie. Sk\u0142aniaj\u0105 si\u0119 Pa\u0144stwo raczej ku drugiej z tych opcji? [&hellip;]","og_url":"https:\/\/gardeon.pl\/pl\/blog\/jak-zaprojektowac-idealny-ogrod\/","og_site_name":"GARDEON","article_published_time":"2026-04-23T16:41:24+00:00","og_image":[{"width":1500,"height":1125,"url":"http:\/\/gardeon.pl\/wp-content\/uploads\/2020\/10\/gardeon-blog-vyzdoba-v-zahrade-1.jpg","type":"image\/jpeg"}],"author":"editor","twitter_card":"summary_large_image","twitter_misc":{"Napisane przez":"editor","Szacowany czas czytania":"7 minut"},"schema":{"@context":"https:\/\/schema.org","@graph":[{"@type":"Article","@id":"https:\/\/gardeon.pl\/pl\/blog\/jak-zaprojektowac-idealny-ogrod\/#article","isPartOf":{"@id":"https:\/\/gardeon.pl\/pl\/blog\/jak-zaprojektowac-idealny-ogrod\/"},"author":{"name":"editor","@id":"https:\/\/gardeon.pl\/#\/schema\/person\/a5762ca5f0790bf92774af0899379463"},"headline":"Jak zaprojektowa\u0107 idealny ogr\u00f3d","datePublished":"2026-04-23T16:41:24+00:00","mainEntityOfPage":{"@id":"https:\/\/gardeon.pl\/pl\/blog\/jak-zaprojektowac-idealny-ogrod\/"},"wordCount":1504,"commentCount":0,"image":{"@id":"https:\/\/gardeon.pl\/pl\/blog\/jak-zaprojektowac-idealny-ogrod\/#primaryimage"},"thumbnailUrl":"https:\/\/gardeon.pl\/wp-content\/uploads\/2020\/10\/gardeon-blog-vyzdoba-v-zahrade-1.jpg","keywords":["GARDEON","ogr\u00f3d","ozdoby","podwy\u017cszona grz\u0105dka","zio\u0142a"],"articleSection":["Ogr\u00f3d"],"inLanguage":"pl-PL","potentialAction":[{"@type":"CommentAction","name":"Comment","target":["https:\/\/gardeon.pl\/pl\/blog\/jak-zaprojektowac-idealny-ogrod\/#respond"]}]},{"@type":"WebPage","@id":"https:\/\/gardeon.pl\/pl\/blog\/jak-zaprojektowac-idealny-ogrod\/","url":"https:\/\/gardeon.pl\/pl\/blog\/jak-zaprojektowac-idealny-ogrod\/","name":"Jak zaprojektowa\u0107 idealny ogr\u00f3d | GARDEON","isPartOf":{"@id":"https:\/\/gardeon.pl\/#website"},"primaryImageOfPage":{"@id":"https:\/\/gardeon.pl\/pl\/blog\/jak-zaprojektowac-idealny-ogrod\/#primaryimage"},"image":{"@id":"https:\/\/gardeon.pl\/pl\/blog\/jak-zaprojektowac-idealny-ogrod\/#primaryimage"},"thumbnailUrl":"https:\/\/gardeon.pl\/wp-content\/uploads\/2020\/10\/gardeon-blog-vyzdoba-v-zahrade-1.jpg","datePublished":"2026-04-23T16:41:24+00:00","author":{"@id":"https:\/\/gardeon.pl\/#\/schema\/person\/a5762ca5f0790bf92774af0899379463"},"breadcrumb":{"@id":"https:\/\/gardeon.pl\/pl\/blog\/jak-zaprojektowac-idealny-ogrod\/#breadcrumb"},"inLanguage":"pl-PL","potentialAction":[{"@type":"ReadAction","target":["https:\/\/gardeon.pl\/pl\/blog\/jak-zaprojektowac-idealny-ogrod\/"]}]},{"@type":"ImageObject","inLanguage":"pl-PL","@id":"https:\/\/gardeon.pl\/pl\/blog\/jak-zaprojektowac-idealny-ogrod\/#primaryimage","url":"https:\/\/gardeon.pl\/wp-content\/uploads\/2020\/10\/gardeon-blog-vyzdoba-v-zahrade-1.jpg","contentUrl":"https:\/\/gardeon.pl\/wp-content\/uploads\/2020\/10\/gardeon-blog-vyzdoba-v-zahrade-1.jpg","width":1500,"height":1125,"caption":"Dynia i kwiaty w donicy w kszta\u0142cie \u015blimaka"},{"@type":"BreadcrumbList","@id":"https:\/\/gardeon.pl\/pl\/blog\/jak-zaprojektowac-idealny-ogrod\/#breadcrumb","itemListElement":[{"@type":"ListItem","position":1,"name":"Domov","item":"https:\/\/gardeon.pl\/pl\/"},{"@type":"ListItem","position":2,"name":"Jak zaprojektowa\u0107 idealny ogr\u00f3d"}]},{"@type":"WebSite","@id":"https:\/\/gardeon.pl\/#website","url":"https:\/\/gardeon.pl\/","name":"GARDEON","description":"","potentialAction":[{"@type":"SearchAction","target":{"@type":"EntryPoint","urlTemplate":"https:\/\/gardeon.pl\/?s={search_term_string}"},"query-input":{"@type":"PropertyValueSpecification","valueRequired":true,"valueName":"search_term_string"}}],"inLanguage":"pl-PL"},{"@type":"Person","@id":"https:\/\/gardeon.pl\/#\/schema\/person\/a5762ca5f0790bf92774af0899379463","name":"editor","image":{"@type":"ImageObject","inLanguage":"pl-PL","@id":"https:\/\/secure.gravatar.com\/avatar\/2b748151c2c748327307fd289a91b3bdafdd9e64e2d000e65e53d6dcf11c5830?s=96&d=mm&r=g","url":"https:\/\/secure.gravatar.com\/avatar\/2b748151c2c748327307fd289a91b3bdafdd9e64e2d000e65e53d6dcf11c5830?s=96&d=mm&r=g","contentUrl":"https:\/\/secure.gravatar.com\/avatar\/2b748151c2c748327307fd289a91b3bdafdd9e64e2d000e65e53d6dcf11c5830?s=96&d=mm&r=g","caption":"editor"}}]}},"_links":{"self":[{"href":"https:\/\/gardeon.pl\/pl\/wp-json\/wp\/v2\/posts\/47836","targetHints":{"allow":["GET"]}}],"collection":[{"href":"https:\/\/gardeon.pl\/pl\/wp-json\/wp\/v2\/posts"}],"about":[{"href":"https:\/\/gardeon.pl\/pl\/wp-json\/wp\/v2\/types\/post"}],"author":[{"embeddable":true,"href":"https:\/\/gardeon.pl\/pl\/wp-json\/wp\/v2\/users\/2"}],"replies":[{"embeddable":true,"href":"https:\/\/gardeon.pl\/pl\/wp-json\/wp\/v2\/comments?post=47836"}],"version-history":[{"count":0,"href":"https:\/\/gardeon.pl\/pl\/wp-json\/wp\/v2\/posts\/47836\/revisions"}],"wp:featuredmedia":[{"embeddable":true,"href":"https:\/\/gardeon.pl\/pl\/wp-json\/wp\/v2\/media\/47831"}],"wp:attachment":[{"href":"https:\/\/gardeon.pl\/pl\/wp-json\/wp\/v2\/media?parent=47836"}],"wp:term":[{"taxonomy":"category","embeddable":true,"href":"https:\/\/gardeon.pl\/pl\/wp-json\/wp\/v2\/categories?post=47836"},{"taxonomy":"post_tag","embeddable":true,"href":"https:\/\/gardeon.pl\/pl\/wp-json\/wp\/v2\/tags?post=47836"}],"curies":[{"name":"wp","href":"https:\/\/api.w.org\/{rel}","templated":true}]}}