{"id":47837,"date":"2026-04-23T18:41:25","date_gmt":"2026-04-23T16:41:25","guid":{"rendered":"https:\/\/gardeon.pl\/?p=47837"},"modified":"2026-04-23T18:41:25","modified_gmt":"2026-04-23T16:41:25","slug":"jak-prawidlowo-kompostowac","status":"publish","type":"post","link":"https:\/\/gardeon.pl\/pl\/blog\/jak-prawidlowo-kompostowac\/","title":{"rendered":"Jak prawid\u0142owo kompostowa\u0107?"},"content":{"rendered":"<p><em>lub szybki kurs prawid\u0142owego kompostowania. :)<\/em><\/p>\n<p><em>W ogrodzie nigdy nie brakuje odpad\u00f3w biologicznych. Szczeg\u00f3lnie jesieni\u0105 gromadzi si\u0119 ich mn\u00f3stwo, ale powstaj\u0105 one r\u00f3wnie\u017c na bie\u017c\u0105co w ci\u0105gu sezonu i wymagaj\u0105 systematycznej utylizacji. Idealnym rozwi\u0105zaniem jest kompostowanie. Dzi\u0119ki niemu z resztek ro\u015blinnych powstaje warto\u015bciowy i przede wszystkim naturalny naw\u00f3z. Nie wiedz\u0105 Pa\u0144stwo, jak to zrobi\u0107? Mamy dla Pa\u0144stwa prost\u0105 instrukcj\u0119 kompostowania.     <\/em><!--more--><\/p>\n<h1><b>Czym jest kompostowanie?<\/b><\/h1>\n<p>To w\u0142a\u015bciwie dwie po\u017cyteczne rzeczy w jednej \u2013 z jednej strony sprawnie pozb\u0119d\u0105 si\u0119 Pa\u0144stwo du\u017cej cz\u0119\u015bci odpad\u00f3w ogrodowych, z drugiej za\u015b uzyskaj\u0105 dojrza\u0142y kompost, kt\u00f3ry jest w rzeczywisto\u015bci nawozem organicznym, idealnym do uprawy ro\u015blin. W procesie kompostowania, opr\u00f3cz resztek organicznych, niezb\u0119dne s\u0105 \u017cywe organizmy (bakterie, grzyby i r\u00f3\u017cne bezkr\u0119gowce), kt\u00f3re dbaj\u0105 o ich rozk\u0142ad. Dla nich kluczowa jest odpowiednia wilgotno\u015b\u0107 i dost\u0119p powietrza. W ten spos\u00f3b powstaj\u0105 warunki, w kt\u00f3rych mikroorganizmy rozmna\u017caj\u0105 si\u0119 i przekszta\u0142caj\u0105 odpady biologiczne w wysokiej jako\u015bci pr\u00f3chnic\u0119 \u2013 oznacza to, \u017ce biochemicznie rozk\u0142adaj\u0105 substancje organiczne na substancje podstawowe, podobnie jak dzieje si\u0119 to w naturze w wierzchniej warstwie gleby.   <\/p>\n<p><img loading=\"lazy\" decoding=\"async\" class=\"wp-image-28297 aligncenter\" src=\"http:\/\/gardeon.pl\/wp-content\/uploads\/2020\/10\/gardeon-blog-Burina-3.jpg\" alt=\"chwasty w ziemi z ga\u0142\u0119ziami\" width=\"800\" height=\"600\" srcset=\"https:\/\/gardeon.pl\/wp-content\/uploads\/2020\/10\/gardeon-blog-Burina-3.jpg 1500w, https:\/\/gardeon.pl\/wp-content\/uploads\/2020\/10\/gardeon-blog-Burina-3-300x225.jpg 300w, https:\/\/gardeon.pl\/wp-content\/uploads\/2020\/10\/gardeon-blog-Burina-3-1024x768.jpg 1024w, https:\/\/gardeon.pl\/wp-content\/uploads\/2020\/10\/gardeon-blog-Burina-3-768x576.jpg 768w\" sizes=\"auto, (max-width: 800px) 100vw, 800px\" \/><\/p>\n<h1><b>Jak prawid\u0142owo przygotowa\u0107 kompost?<\/b><\/h1>\n<p>Podstawow\u0105 zasad\u0105 produkcji kompostu jest warstwowanie. Na sp\u00f3d trafiaj\u0105 grubsze odpady ogrodowe, na kt\u00f3rych stopniowo uk\u0142ada si\u0119 te drobniejsze. Jednocze\u015bnie warto zachowa\u0107 proporcj\u0119 1:2, co oznacza, \u017ce na jedn\u0105 trzeci\u0105 suchego materia\u0142u powinny przypada\u0107 oko\u0142o dwie trzecie wilgotnej masy. Jest to wa\u017cne po pierwsze dlatego, aby do kompostu dosta\u0142a si\u0119 wilgo\u0107, kt\u00f3ra jest niezb\u0119dnym warunkiem prawid\u0142owego kompostowania, a po drugie, aby w odpowiednim stosunku wymiesza\u0107 materia\u0142y bogate w azot z materia\u0142ami w\u0119glowymi. Materia\u0142y azotowe s\u0105 zazwyczaj wilgotne i mi\u0119kkie (np. <a href=\"https:\/\/gardeon.pl\/pl\/blog\/krotki-poradnik-jak-dbac-o-mlody-trawnik\/\">skoszona trawa<\/a>, resztki ogrodowe po zbiorach itp.), natomiast materia\u0142y w\u0119glowe s\u0105 przewa\u017cnie suche i twarde (np. zr\u0119bki drewniane, trociny, li\u015bcie, s\u0142oma&#8230;).    <\/p>\n<p><a href=\"http:\/\/gardeon.pl\/wp-content\/uploads\/2020\/07\/Komposter-3.jpg\"><img loading=\"lazy\" decoding=\"async\" class=\"wp-image-27487 aligncenter\" src=\"http:\/\/gardeon.pl\/wp-content\/uploads\/2020\/07\/Komposter-3.jpg\" alt=\"Odpady do kompostowania\" width=\"800\" height=\"600\" srcset=\"https:\/\/gardeon.pl\/wp-content\/uploads\/2020\/07\/Komposter-3.jpg 1500w, https:\/\/gardeon.pl\/wp-content\/uploads\/2020\/07\/Komposter-3-300x225.jpg 300w, https:\/\/gardeon.pl\/wp-content\/uploads\/2020\/07\/Komposter-3-1024x768.jpg 1024w, https:\/\/gardeon.pl\/wp-content\/uploads\/2020\/07\/Komposter-3-768x576.jpg 768w\" sizes=\"auto, (max-width: 800px) 100vw, 800px\" \/><\/a><\/p>\n<p>Gdy warstwa materia\u0142u biologicznego osi\u0105gnie oko\u0142o 30 cm, nale\u017cy posypa\u0107 j\u0105 ziemi\u0105 i mo\u017cna kontynuowa\u0107 uk\u0142adanie odpad\u00f3w. Ca\u0142kowita wysoko\u015b\u0107 kompostu powinna wynosi\u0107 idealnie oko\u0142o 1,5 m. Opr\u00f3cz warstwowania, kompost nale\u017cy przynajmniej raz lub dwa razy w miesi\u0105cu dok\u0142adnie przerzuci\u0107 lub przekopa\u0107. Zapewni to napowietrzenie, poniewa\u017c do prawid\u0142owego kompostowania niezb\u0119dny jest dost\u0119p tlenu.   <\/p>\n<p><a href=\"http:\/\/gardeon.pl\/wp-content\/uploads\/2020\/07\/Komposter-2.jpg\"><img loading=\"lazy\" decoding=\"async\" class=\"wp-image-27485 aligncenter\" src=\"http:\/\/gardeon.pl\/wp-content\/uploads\/2020\/07\/Komposter-2.jpg\" alt=\"Kompost\" width=\"800\" height=\"600\" srcset=\"https:\/\/gardeon.pl\/wp-content\/uploads\/2020\/07\/Komposter-2.jpg 1500w, https:\/\/gardeon.pl\/wp-content\/uploads\/2020\/07\/Komposter-2-300x225.jpg 300w, https:\/\/gardeon.pl\/wp-content\/uploads\/2020\/07\/Komposter-2-1024x768.jpg 1024w, https:\/\/gardeon.pl\/wp-content\/uploads\/2020\/07\/Komposter-2-768x576.jpg 768w\" sizes=\"auto, (max-width: 800px) 100vw, 800px\" \/><\/a><\/p>\n<p>Kompostowa\u0107 mo\u017cna przez ca\u0142y rok, nawet zim\u0105 mo\u017cna co\u015b dorzuci\u0107, cho\u0107 w miesi\u0105cach zimowych proces kompostowania przebiega naturalnie najwolniej.<\/p>\n<h2 style=\"text-align: left;\"><b>Co nadaje si\u0119 do kompostu, a co nie?<\/b><\/h2>\n<p>Oczywi\u015bcie trafiaj\u0105 do niego odpady ogrodowe, ale nie wszystkie. Odpowiednie s\u0105 resztki owoc\u00f3w i warzyw, li\u015bcie, naci, trawa, zielone p\u0119dy drzew i krzew\u00f3w, a tak\u017ce ga\u0142\u0119zie, kora i inna masa drzewna. Wszystkie du\u017ce kawa\u0142ki musz\u0105 zosta\u0107 poci\u0119te lub przyci\u0119te sekatorem na mniejsze cz\u0119\u015bci, a drewno i ga\u0142\u0119zie najlepiej rozdrobni\u0107 w rozdrabniaczu. Na kompost mo\u017cna r\u00f3wnie\u017c wrzuci\u0107 wystudzony popi\u00f3\u0142 drzewny oraz niekt\u00f3re odpady kuchenne (fusy z kawy, torebki po herbacie, pokruszone skorupki jaj lub orzech\u00f3w, obierki z owoc\u00f3w i warzyw).   <span class=\"Apple-converted-space\"> <\/span><\/p>\n<p><a href=\"http:\/\/gardeon.pl\/wp-content\/uploads\/2020\/10\/gardeon-blog-Burina-v-dlazbe-1.jpg\"><img loading=\"lazy\" decoding=\"async\" class=\"wp-image-28299 aligncenter\" src=\"http:\/\/gardeon.pl\/wp-content\/uploads\/2020\/10\/gardeon-blog-Burina-v-dlazbe-1.jpg\" alt=\"chwasty i trawa w kostce brukowej\" width=\"800\" height=\"600\" srcset=\"https:\/\/gardeon.pl\/wp-content\/uploads\/2020\/10\/gardeon-blog-Burina-v-dlazbe-1.jpg 1500w, https:\/\/gardeon.pl\/wp-content\/uploads\/2020\/10\/gardeon-blog-Burina-v-dlazbe-1-300x225.jpg 300w, https:\/\/gardeon.pl\/wp-content\/uploads\/2020\/10\/gardeon-blog-Burina-v-dlazbe-1-1024x768.jpg 1024w, https:\/\/gardeon.pl\/wp-content\/uploads\/2020\/10\/gardeon-blog-Burina-v-dlazbe-1-768x576.jpg 768w\" sizes=\"auto, (max-width: 800px) 100vw, 800px\" \/><\/a><\/p>\n<p>Resztki gotowanych potraw zaleca si\u0119 dodawa\u0107 tylko w ma\u0142ych ilo\u015bciach i miesza\u0107 je z wi\u0119ksz\u0105 ilo\u015bci\u0105 suchego materia\u0142u. Kompost mo\u017cna wzbogaci\u0107 wapnem mielonym, m\u0105czk\u0105 rogow\u0105 (dostarcza azot), a tak\u017ce niekt\u00f3rymi ro\u015blinami \u2013 na przyk\u0142ad \u017cywokost, wrotycz, rabarbar, pokrzywa czy pio\u0142un potrafi\u0105 uzdrowi\u0107 gleb\u0119 dzi\u0119ki zawartym w nich substancjom. Aby jednak ten efekt by\u0142 wystarczaj\u0105co intensywny, nale\u017cy doda\u0107 ich do kompostu wi\u0119cej.  <\/p>\n<p><a href=\"http:\/\/gardeon.pl\/wp-content\/uploads\/2020\/10\/gardeon-blog-zihlava-1.jpg\"><img loading=\"lazy\" decoding=\"async\" class=\"wp-image-28637 aligncenter\" src=\"http:\/\/gardeon.pl\/wp-content\/uploads\/2020\/10\/gardeon-blog-zihlava-1.jpg\" alt=\"Pokrzywa na podw\u00f3rku\" width=\"800\" height=\"600\" srcset=\"https:\/\/gardeon.pl\/wp-content\/uploads\/2020\/10\/gardeon-blog-zihlava-1.jpg 1500w, https:\/\/gardeon.pl\/wp-content\/uploads\/2020\/10\/gardeon-blog-zihlava-1-300x225.jpg 300w, https:\/\/gardeon.pl\/wp-content\/uploads\/2020\/10\/gardeon-blog-zihlava-1-1024x768.jpg 1024w, https:\/\/gardeon.pl\/wp-content\/uploads\/2020\/10\/gardeon-blog-zihlava-1-768x576.jpg 768w\" sizes=\"auto, (max-width: 800px) 100vw, 800px\" \/><\/a><\/p>\n<p><a href=\"http:\/\/gardeon.pl\/wp-content\/uploads\/2020\/10\/gardeon-blog-zihlava-2.jpg\"><img loading=\"lazy\" decoding=\"async\" class=\"wp-image-28639 aligncenter\" src=\"http:\/\/gardeon.pl\/wp-content\/uploads\/2020\/10\/gardeon-blog-zihlava-2.jpg\" alt=\"Zbli\u017cenie na pokrzyw\u0119\" width=\"800\" height=\"600\" srcset=\"https:\/\/gardeon.pl\/wp-content\/uploads\/2020\/10\/gardeon-blog-zihlava-2.jpg 1500w, https:\/\/gardeon.pl\/wp-content\/uploads\/2020\/10\/gardeon-blog-zihlava-2-300x225.jpg 300w, https:\/\/gardeon.pl\/wp-content\/uploads\/2020\/10\/gardeon-blog-zihlava-2-1024x768.jpg 1024w, https:\/\/gardeon.pl\/wp-content\/uploads\/2020\/10\/gardeon-blog-zihlava-2-768x576.jpg 768w\" sizes=\"auto, (max-width: 800px) 100vw, 800px\" \/><\/a><\/p>\n<p>A czego nie wolno wrzuca\u0107 do kompostu? Kompostownik to nie \u015bmietnisko, wi\u0119c zdecydowanie nie powinny si\u0119 w nim znale\u017a\u0107 \u017cadne opakowania. Oczywi\u015bcie nie roz\u0142o\u017c\u0105 si\u0119 w nim tworzywa sztuczne, szk\u0142o i metale, ale tak\u017ce tekstylia, ko\u015bci i sk\u00f3ry. Na pewno nie nale\u017cy dodawa\u0107 trwa\u0142ych <a href=\"http:\/\/gardeon.pl\/blog\/5-sposobov-ako-sa-zbavit-buriny-v-zamkovej-dlazbe\/\">chwast\u00f3w<\/a> z k\u0142\u0105czami i nasionami, ro\u015blin traktowanych chemicznie, chorych oraz zaatakowanych przez szkodniki (te najlepiej spali\u0107). Do domowego kompostu nie nale\u017c\u0105 r\u00f3wnie\u017c odchody zwierz\u0105t domowych (wyj\u0105tkiem s\u0105 tylko zwierz\u0119ta ro\u015blino\u017cerne).   <span class=\"Apple-converted-space\"> <\/span><\/p>\n<p>W warunkach domowych, czyli przy kompostowaniu na zimno, nie osi\u0105ga si\u0119 bowiem temperatury wystarczaj\u0105co wysokiej do procesu tzw. higienizacji, podczas kt\u00f3rej pod wp\u0142ywem ciep\u0142a gin\u0105 drobnoustroje chorobotw\u00f3rcze oraz wi\u0119kszo\u015b\u0107 nasion chwast\u00f3w. <span class=\"Apple-converted-space\"> <\/span><\/p>\n<p><a href=\"http:\/\/gardeon.pl\/wp-content\/uploads\/2020\/10\/gardeon-blog-plasty-1.jpg\"><img loading=\"lazy\" decoding=\"async\" class=\"wp-image-28629 aligncenter\" src=\"http:\/\/gardeon.pl\/wp-content\/uploads\/2020\/10\/gardeon-blog-plasty-1.jpg\" alt=\"Plastik w \u017c\u00f3\u0142tym worku na \u015bmieci\" width=\"800\" height=\"600\" srcset=\"https:\/\/gardeon.pl\/wp-content\/uploads\/2020\/10\/gardeon-blog-plasty-1.jpg 1500w, https:\/\/gardeon.pl\/wp-content\/uploads\/2020\/10\/gardeon-blog-plasty-1-300x225.jpg 300w, https:\/\/gardeon.pl\/wp-content\/uploads\/2020\/10\/gardeon-blog-plasty-1-1024x768.jpg 1024w, https:\/\/gardeon.pl\/wp-content\/uploads\/2020\/10\/gardeon-blog-plasty-1-768x576.jpg 768w\" sizes=\"auto, (max-width: 800px) 100vw, 800px\" \/><\/a><\/p>\n<h2 style=\"text-align: left;\"><b>Kiedy kompost jest gotowy?<\/b><\/h2>\n<p>Gdy nie wida\u0107 w nim nieroz\u0142o\u017conych resztek ro\u015blinnych, zapachem przypomina \u015bci\u00f3\u0142k\u0119 le\u015bn\u0105, ma ciemny kolor i pulchn\u0105 konsystencj\u0119. Wtedy kompost jest dojrza\u0142y. Najlepiej wybiera\u0107 go wiosn\u0105. Przed u\u017cyciem w ogrodzie zawsze warto go przesia\u0107, a ewentualne nieroz\u0142o\u017cone resztki wrzuci\u0107 do nowego kompostu.   <\/p>\n<p>A jak d\u0142ugo w\u0142a\u015bciwie trwa, zanim kompost b\u0119dzie gotowy? Grzyby, bakterie i zwierz\u0119ta potrafi\u0105 wytworzy\u0107 go z odpad\u00f3w ro\u015blinnych w oko\u0142o rok. Proces ten mo\u017cna jednak spowolni\u0107 (nawet nie\u015bwiadomie) lub przyspieszy\u0107.  <\/p>\n<h1><b>Jak przyspieszy\u0107 kompostowanie?<\/b><\/h1>\n<p>Je\u015bli na przyk\u0142ad b\u0119d\u0105 Pa\u0144stwo wrzuca\u0107 na kompost \u0142odygi z przekwit\u0142ymi kwiatami, wyschni\u0119te k\u0119py bylin czy resztki z uprawy warzyw w takiej formie, w jakiej zostan\u0105 zebrane z ogrodu (cho\u0107 powszechnie tak si\u0119 robi), b\u0119d\u0105 si\u0119 one rozk\u0142ada\u0107 niepotrzebnie d\u0142ugo i zajm\u0105 wi\u0119cej miejsca.<\/p>\n<p><a href=\"http:\/\/gardeon.pl\/wp-content\/uploads\/2020\/10\/gardeon-blog-Kopor.jpg\"><img loading=\"lazy\" decoding=\"async\" class=\"wp-image-28315 aligncenter\" src=\"http:\/\/gardeon.pl\/wp-content\/uploads\/2020\/10\/gardeon-blog-Kopor.jpg\" alt=\"kwitn\u0105cy koper\" width=\"800\" height=\"600\" srcset=\"https:\/\/gardeon.pl\/wp-content\/uploads\/2020\/10\/gardeon-blog-Kopor.jpg 1500w, https:\/\/gardeon.pl\/wp-content\/uploads\/2020\/10\/gardeon-blog-Kopor-300x225.jpg 300w, https:\/\/gardeon.pl\/wp-content\/uploads\/2020\/10\/gardeon-blog-Kopor-1024x768.jpg 1024w, https:\/\/gardeon.pl\/wp-content\/uploads\/2020\/10\/gardeon-blog-Kopor-768x576.jpg 768w\" sizes=\"auto, (max-width: 800px) 100vw, 800px\" \/><\/a><\/p>\n<p>I odwrotnie, im mniejsze cz\u0105steczki b\u0119d\u0105 Pa\u0144stwo kompostowa\u0107, tym szybciej przebiegnie proces ich przemiany. Zwi\u0119ksza si\u0119 w ten spos\u00f3b powierzchnia, na kt\u00f3r\u0105 mog\u0105 oddzia\u0142ywa\u0107 organizmy glebowe. Szczeg\u00f3lnie pomocne jest rozdrobnienie materia\u0142u drewnianego w rozdrabniaczu do odpad\u00f3w ogrodowych, co nie tylko tnie go na mniejsze cz\u0119\u015bci, ale jednocze\u015bnie narusza jego struktur\u0119.  <\/p>\n<p>Je\u015bli chc\u0105 Pa\u0144stwo przyspieszy\u0107 dojrzewanie kompostu, mo\u017cna u\u017cy\u0107 tzw. aktywator\u00f3w kompostowania, czyli preparat\u00f3w biologicznych (tabletki i proszki), kt\u00f3re zawieraj\u0105 mieszank\u0119 naturalnych bakterii zdolnych do rozk\u0142adu substancji pochodzenia organicznego. <\/p>\n<h1><b>Gdzie umie\u015bci\u0107 kompostownik<\/b><\/h1>\n<p>Idealnie w p\u00f3\u0142cieniu, z dala od domu, tarasu czy miejsca na ognisko. Powinien by\u0107 \u0142atwo dost\u0119pny \u2013 najlepiej utwardzon\u0105 \u015bcie\u017ck\u0105, a wok\u00f3\u0142 kompostownika powinna znajdowa\u0107 si\u0119 wystarczaj\u0105ca przestrze\u0144 do przygotowania odpad\u00f3w oraz do manewrowania gotowym kompostem (powinni Pa\u0144stwo m\u00f3c np. swobodnie zawr\u00f3ci\u0107 tam taczk\u0105). W otoczeniu mo\u017cna posadzi\u0107 ro\u015bliny drzewiaste, zw\u0142aszcza krzewy, kt\u00f3re uatrakcyjni\u0105 t\u0119 przestrze\u0144 robocz\u0105 i jednocze\u015bnie dyskretnie ukryj\u0105 j\u0105 przed wzrokiem. Dobrym wyborem mog\u0105 by\u0107 r\u00f3wnie\u017c treja\u017ce z ro\u015blinami pn\u0105cymi.   <\/p>\n<p><a href=\"http:\/\/gardeon.pl\/wp-content\/uploads\/2020\/10\/gardeon-blog-Kompost-na-zemi.jpg\"><img loading=\"lazy\" decoding=\"async\" class=\"wp-image-28311 aligncenter\" src=\"http:\/\/gardeon.pl\/wp-content\/uploads\/2020\/10\/gardeon-blog-Kompost-na-zemi.jpg\" alt=\"kompost na ziemi\" width=\"800\" height=\"600\" srcset=\"https:\/\/gardeon.pl\/wp-content\/uploads\/2020\/10\/gardeon-blog-Kompost-na-zemi.jpg 1500w, https:\/\/gardeon.pl\/wp-content\/uploads\/2020\/10\/gardeon-blog-Kompost-na-zemi-300x225.jpg 300w, https:\/\/gardeon.pl\/wp-content\/uploads\/2020\/10\/gardeon-blog-Kompost-na-zemi-1024x768.jpg 1024w, https:\/\/gardeon.pl\/wp-content\/uploads\/2020\/10\/gardeon-blog-Kompost-na-zemi-768x576.jpg 768w\" sizes=\"auto, (max-width: 800px) 100vw, 800px\" \/><\/a><\/p>\n<p>Wielko\u015b\u0107 kompostownika zale\u017cy od wielko\u015bci ogrodu i ilo\u015bci powstaj\u0105cych w nim odpad\u00f3w, czyli od doboru ro\u015blin i sposobu ich piel\u0119gnacji. Wa\u017cne jest jednak, aby posiada\u0142 on dwie oddzielne cz\u0119\u015bci: do jednej trafiaj\u0105 odpowiednie odpady ro\u015blinne, w drugiej znajduje si\u0119 gotowy kompost. Boczne i tylne \u015bciany kompostownika powinny by\u0107 pe\u0142ne, od przodu mo\u017ce by\u0107 on otwarty.  <\/p>\n<p><a href=\"http:\/\/gardeon.pl\/wp-content\/uploads\/2020\/07\/Komposter-1.jpg\"><img loading=\"lazy\" decoding=\"async\" class=\"wp-image-27489 aligncenter\" src=\"http:\/\/gardeon.pl\/wp-content\/uploads\/2020\/07\/Komposter-1.jpg\" alt=\"Czarny kompostownik\" width=\"800\" height=\"1067\" srcset=\"https:\/\/gardeon.pl\/wp-content\/uploads\/2020\/07\/Komposter-1.jpg 1500w, https:\/\/gardeon.pl\/wp-content\/uploads\/2020\/07\/Komposter-1-225x300.jpg 225w, https:\/\/gardeon.pl\/wp-content\/uploads\/2020\/07\/Komposter-1-768x1024.jpg 768w, https:\/\/gardeon.pl\/wp-content\/uploads\/2020\/07\/Komposter-1-1152x1536.jpg 1152w\" sizes=\"auto, (max-width: 800px) 100vw, 800px\" \/><\/a><\/p>\n<p>Do produkcji kompostu mo\u017cna wykorzysta\u0107 r\u00f3wnie\u017c <a href=\"https:\/\/kompostuj.me\/2018\/07\/21\/vyberam-zahradny-komposter-co-potrebujem-vediet\/\">kompostowniki<\/a>, czyli zamkni\u0119te pojemniki bez dna (w ofercie dost\u0119pne s\u0105 r\u00f3\u017cne rodzaje, rozmiary i materia\u0142y). Mo\u017cna je stosunkowo \u0142atwo przestawia\u0107, a kompost dojrzewa w nich szybciej, poniewa\u017c zapewniony jest dop\u0142yw powietrza przez \u015bcianki. Niemniej jednak zawarto\u015b\u0107 kompostownika r\u00f3wnie\u017c zaleca si\u0119 od czasu do czasu przerzuci\u0107, a i w tym przypadku nie wolno zapomnie\u0107 o miejscu, gdzie b\u0119dzie gromadzony gotowy kompost.  <\/p>\n<h1><b>3 przydatne wskaz\u00f3wki dotycz\u0105ce kompostowania<\/b><\/h1>\n<h2 style=\"text-align: center;\"><b>(i innego wykorzystania odpad\u00f3w ogrodowych)<\/b><\/h2>\n<p><a href=\"http:\/\/gardeon.pl\/wp-content\/uploads\/2020\/10\/gardeon-blog-Burina-1.jpg\"><img loading=\"lazy\" decoding=\"async\" class=\"wp-image-28293 aligncenter\" src=\"http:\/\/gardeon.pl\/wp-content\/uploads\/2020\/10\/gardeon-blog-Burina-1.jpg\" alt=\"chwasty w ziemi\" width=\"800\" height=\"600\" srcset=\"https:\/\/gardeon.pl\/wp-content\/uploads\/2020\/10\/gardeon-blog-Burina-1.jpg 1500w, https:\/\/gardeon.pl\/wp-content\/uploads\/2020\/10\/gardeon-blog-Burina-1-300x225.jpg 300w, https:\/\/gardeon.pl\/wp-content\/uploads\/2020\/10\/gardeon-blog-Burina-1-1024x768.jpg 1024w, https:\/\/gardeon.pl\/wp-content\/uploads\/2020\/10\/gardeon-blog-Burina-1-768x576.jpg 768w\" sizes=\"auto, (max-width: 800px) 100vw, 800px\" \/><\/a><\/p>\n<ul>\n<li><b>Skoszona trawa<\/b><\/li>\n<\/ul>\n<p>Do kompostu zdecydowanie nie nale\u017cy sypa\u0107 \u015bwie\u017co skoszonej trawy. Mog\u0142aby ona bowiem zacz\u0105\u0107 gni\u0107. Najpierw nale\u017cy pozwoli\u0107 jej przeschn\u0105\u0107, a nast\u0119pnie wymiesza\u0107 j\u0105 z grubszymi odpadami ogrodowymi, najlepiej z rozdrobnionymi ga\u0142\u0119ziami. Tak\u0105 mieszank\u0119 mo\u017cna bez obaw wrzuci\u0107 nie tylko na kompost, w sezonie mo\u017cna j\u0105 wykorzysta\u0107 r\u00f3wnie\u017c jako \u015bci\u00f3\u0142k\u0119. Je\u015bli rozsypi\u0105 j\u0105 Pa\u0144stwo na rabatach lub pod drzewami wystarczaj\u0105co grub\u0105 warstw\u0105, zapobiegnie ona wzrostowi chwast\u00f3w, zatrzyma wilgo\u0107 w glebie i w miar\u0119 stopniowego rozk\u0142adu wzbogaci j\u0105 w sk\u0142adniki od\u017cywcze.    <\/p>\n<ul>\n<li><b>Przyci\u0119te ga\u0142\u0119zie<\/b><\/li>\n<\/ul>\n<p>Do kompostu nie nale\u017c\u0105 r\u00f3wnie\u017c ca\u0142e ga\u0142\u0119zie. Rozk\u0142ada\u0142yby si\u0119 one zbyt d\u0142ugo. Nale\u017cy je najpierw rozdrobni\u0107 w rozdrabniaczu do odpad\u00f3w ogrodowych. Takie zr\u0119bki mo\u017cna albo skompostowa\u0107 (dzi\u0119ki drobniejszej strukturze drewno szybciej si\u0119 roz\u0142o\u017cy), albo u\u017cy\u0107 do \u015bci\u00f3\u0142kowania rabat (samodzielnie lub w mieszance z traw\u0105).   <\/p>\n<ul>\n<li><b>Opad\u0142e li\u015bcie<\/b><\/li>\n<\/ul>\n<p>Wi\u0119kszo\u015b\u0107 li\u015bci mo\u017cna skompostowa\u0107 bez \u017cadnych problem\u00f3w. Ewentualnie mo\u017cna je jesieni\u0105 zgarn\u0105\u0107 pod korzenie ro\u015blin, kt\u00f3re b\u0119d\u0105 chroni\u0107 przed mrozem. Li\u015bcie niekt\u00f3rych drzew rozk\u0142adaj\u0105 si\u0119 jednak bardzo powoli \u2013 to w\u0142a\u015bnie dlatego o li\u015bciach orzecha m\u00f3wi si\u0119, \u017ce nie nadaj\u0105 si\u0119 na kompost. Podobnie odporne li\u015bcie ma na przyk\u0142ad d\u0105b czy buk. Mo\u017cna je kompostowa\u0107, ale najpierw trzeba je poci\u0105\u0107 na mniejsze kawa\u0142ki. Idealnie jest r\u00f3wnie\u017c wymiesza\u0107 je z innymi odpadami ogrodowymi (na przyk\u0142ad ze skoszon\u0105 traw\u0105 lub naci\u0105 warzyw).     <span class=\"Apple-converted-space\"> <\/span><\/p>\n<p>&nbsp;<\/p>\n<p>Je\u015bli nie maj\u0105 Pa\u0144stwo gdzie sk\u0142adowa\u0107 swoich materia\u0142\u00f3w do kompostowania, poni\u017cej mog\u0105 Pa\u0144stwo skonfigurowa\u0107 <a href=\"http:\/\/gardeon.pl\/gallery\/zahradne-domceky\/\">domek ogrodowy<\/a> dopasowany do w\u0142asnych potrzeb.<\/p>\n<p>&nbsp;<\/p>\n<h5>\u0179r\u00f3d\u0142o (Source):<\/h5>\n<h5>Fotobank GARDEON<\/h5>\n","protected":false},"excerpt":{"rendered":"<p>lub szybki kurs prawid\u0142owego kompostowania. :) W ogrodzie nigdy nie brakuje odpad\u00f3w biologicznych. Szczeg\u00f3lnie jesieni\u0105 gromadzi si\u0119 ich mn\u00f3stwo, ale powstaj\u0105 one r\u00f3wnie\u017c na bie\u017c\u0105co w ci\u0105gu sezonu i wymagaj\u0105 systematycznej utylizacji. Idealnym rozwi\u0105zaniem jest kompostowanie. Dzi\u0119ki niemu z resztek ro\u015blinnych powstaje warto\u015bciowy i przede wszystkim naturalny naw\u00f3z. Nie wiedz\u0105 Pa\u0144stwo, jak to zrobi\u0107? Mamy [&hellip;]<\/p>\n","protected":false},"author":2,"featured_media":47632,"comment_status":"open","ping_status":"open","sticky":false,"template":"","format":"standard","meta":{"_acf_changed":false,"inline_featured_image":false,"footnotes":""},"categories":[594],"tags":[617,579,871,896,900,872,897,898,619,899,873,870],"class_list":["post-47837","post","type-post","status-publish","format-standard","has-post-thumbnail","hentry","category-ogrod","tag-galezie","tag-gardeon","tag-kompost","tag-kompostowanie","tag-kompostownik","tag-liscie","tag-nawoz","tag-odpady","tag-ogrod","tag-plastik","tag-trawa","tag-ziola"],"acf":[],"yoast_head":"<!-- This site is optimized with the Yoast SEO plugin v27.4 - https:\/\/yoast.com\/product\/yoast-seo-wordpress\/ -->\n<title>Jak prawid\u0142owo kompostowa\u0107? | GARDEON<\/title>\n<meta name=\"description\" content=\"Szybki kurs prawid\u0142owego kompostowania. Nie wiedz\u0105 Pa\u0144stwo, jak si\u0119 do tego zabra\u0107? Mamy dla Pa\u0144stwa prost\u0105 instrukcj\u0119 kompostowania.\" \/>\n<meta name=\"robots\" content=\"index, follow, max-snippet:-1, max-image-preview:large, max-video-preview:-1\" \/>\n<link rel=\"canonical\" href=\"https:\/\/gardeon.pl\/pl\/blog\/jak-prawidlowo-kompostowac\/\" \/>\n<meta property=\"og:locale\" content=\"pl_PL\" \/>\n<meta property=\"og:type\" content=\"article\" \/>\n<meta property=\"og:title\" content=\"Jak prawid\u0142owo kompostowa\u0107? | GARDEON\" \/>\n<meta property=\"og:description\" content=\"Szybki kurs prawid\u0142owego kompostowania. Nie wiedz\u0105 Pa\u0144stwo, jak si\u0119 do tego zabra\u0107? Mamy dla Pa\u0144stwa prost\u0105 instrukcj\u0119 kompostowania.\" \/>\n<meta property=\"og:url\" content=\"https:\/\/gardeon.pl\/pl\/blog\/jak-prawidlowo-kompostowac\/\" \/>\n<meta property=\"og:site_name\" content=\"GARDEON\" \/>\n<meta property=\"article:published_time\" content=\"2026-04-23T16:41:25+00:00\" \/>\n<meta property=\"og:image\" content=\"http:\/\/gardeon.pl\/wp-content\/uploads\/2020\/07\/Komposter-2.jpg\" \/>\n\t<meta property=\"og:image:width\" content=\"1500\" \/>\n\t<meta property=\"og:image:height\" content=\"1125\" \/>\n\t<meta property=\"og:image:type\" content=\"image\/jpeg\" \/>\n<meta name=\"author\" content=\"editor\" \/>\n<meta name=\"twitter:card\" content=\"summary_large_image\" \/>\n<meta name=\"twitter:label1\" content=\"Napisane przez\" \/>\n\t<meta name=\"twitter:data1\" content=\"editor\" \/>\n\t<meta name=\"twitter:label2\" content=\"Szacowany czas czytania\" \/>\n\t<meta name=\"twitter:data2\" content=\"8 minut\" \/>\n<script type=\"application\/ld+json\" class=\"yoast-schema-graph\">{\"@context\":\"https:\\\/\\\/schema.org\",\"@graph\":[{\"@type\":\"Article\",\"@id\":\"https:\\\/\\\/gardeon.pl\\\/pl\\\/blog\\\/jak-prawidlowo-kompostowac\\\/#article\",\"isPartOf\":{\"@id\":\"https:\\\/\\\/gardeon.pl\\\/pl\\\/blog\\\/jak-prawidlowo-kompostowac\\\/\"},\"author\":{\"name\":\"editor\",\"@id\":\"https:\\\/\\\/gardeon.pl\\\/#\\\/schema\\\/person\\\/a5762ca5f0790bf92774af0899379463\"},\"headline\":\"Jak prawid\u0142owo kompostowa\u0107?\",\"datePublished\":\"2026-04-23T16:41:25+00:00\",\"mainEntityOfPage\":{\"@id\":\"https:\\\/\\\/gardeon.pl\\\/pl\\\/blog\\\/jak-prawidlowo-kompostowac\\\/\"},\"wordCount\":1537,\"commentCount\":0,\"image\":{\"@id\":\"https:\\\/\\\/gardeon.pl\\\/pl\\\/blog\\\/jak-prawidlowo-kompostowac\\\/#primaryimage\"},\"thumbnailUrl\":\"https:\\\/\\\/gardeon.pl\\\/wp-content\\\/uploads\\\/2020\\\/07\\\/Komposter-2.jpg\",\"keywords\":[\"ga\u0142\u0119zie\",\"GARDEON\",\"kompost\",\"kompostowanie\",\"kompostownik\",\"li\u015bcie\",\"naw\u00f3z\",\"odpady\",\"ogr\u00f3d\",\"plastik\",\"trawa\",\"zio\u0142a\"],\"articleSection\":[\"Ogr\u00f3d\"],\"inLanguage\":\"pl-PL\",\"potentialAction\":[{\"@type\":\"CommentAction\",\"name\":\"Comment\",\"target\":[\"https:\\\/\\\/gardeon.pl\\\/pl\\\/blog\\\/jak-prawidlowo-kompostowac\\\/#respond\"]}]},{\"@type\":\"WebPage\",\"@id\":\"https:\\\/\\\/gardeon.pl\\\/pl\\\/blog\\\/jak-prawidlowo-kompostowac\\\/\",\"url\":\"https:\\\/\\\/gardeon.pl\\\/pl\\\/blog\\\/jak-prawidlowo-kompostowac\\\/\",\"name\":\"Jak prawid\u0142owo kompostowa\u0107? | GARDEON\",\"isPartOf\":{\"@id\":\"https:\\\/\\\/gardeon.pl\\\/#website\"},\"primaryImageOfPage\":{\"@id\":\"https:\\\/\\\/gardeon.pl\\\/pl\\\/blog\\\/jak-prawidlowo-kompostowac\\\/#primaryimage\"},\"image\":{\"@id\":\"https:\\\/\\\/gardeon.pl\\\/pl\\\/blog\\\/jak-prawidlowo-kompostowac\\\/#primaryimage\"},\"thumbnailUrl\":\"https:\\\/\\\/gardeon.pl\\\/wp-content\\\/uploads\\\/2020\\\/07\\\/Komposter-2.jpg\",\"datePublished\":\"2026-04-23T16:41:25+00:00\",\"author\":{\"@id\":\"https:\\\/\\\/gardeon.pl\\\/#\\\/schema\\\/person\\\/a5762ca5f0790bf92774af0899379463\"},\"description\":\"Szybki kurs prawid\u0142owego kompostowania. Nie wiedz\u0105 Pa\u0144stwo, jak si\u0119 do tego zabra\u0107? Mamy dla Pa\u0144stwa prost\u0105 instrukcj\u0119 kompostowania.\",\"breadcrumb\":{\"@id\":\"https:\\\/\\\/gardeon.pl\\\/pl\\\/blog\\\/jak-prawidlowo-kompostowac\\\/#breadcrumb\"},\"inLanguage\":\"pl-PL\",\"potentialAction\":[{\"@type\":\"ReadAction\",\"target\":[\"https:\\\/\\\/gardeon.pl\\\/pl\\\/blog\\\/jak-prawidlowo-kompostowac\\\/\"]}]},{\"@type\":\"ImageObject\",\"inLanguage\":\"pl-PL\",\"@id\":\"https:\\\/\\\/gardeon.pl\\\/pl\\\/blog\\\/jak-prawidlowo-kompostowac\\\/#primaryimage\",\"url\":\"https:\\\/\\\/gardeon.pl\\\/wp-content\\\/uploads\\\/2020\\\/07\\\/Komposter-2.jpg\",\"contentUrl\":\"https:\\\/\\\/gardeon.pl\\\/wp-content\\\/uploads\\\/2020\\\/07\\\/Komposter-2.jpg\",\"width\":1500,\"height\":1125,\"caption\":\"Kompost\"},{\"@type\":\"BreadcrumbList\",\"@id\":\"https:\\\/\\\/gardeon.pl\\\/pl\\\/blog\\\/jak-prawidlowo-kompostowac\\\/#breadcrumb\",\"itemListElement\":[{\"@type\":\"ListItem\",\"position\":1,\"name\":\"Domov\",\"item\":\"https:\\\/\\\/gardeon.pl\\\/pl\\\/\"},{\"@type\":\"ListItem\",\"position\":2,\"name\":\"Jak prawid\u0142owo kompostowa\u0107?\"}]},{\"@type\":\"WebSite\",\"@id\":\"https:\\\/\\\/gardeon.pl\\\/#website\",\"url\":\"https:\\\/\\\/gardeon.pl\\\/\",\"name\":\"GARDEON\",\"description\":\"\",\"potentialAction\":[{\"@type\":\"SearchAction\",\"target\":{\"@type\":\"EntryPoint\",\"urlTemplate\":\"https:\\\/\\\/gardeon.pl\\\/?s={search_term_string}\"},\"query-input\":{\"@type\":\"PropertyValueSpecification\",\"valueRequired\":true,\"valueName\":\"search_term_string\"}}],\"inLanguage\":\"pl-PL\"},{\"@type\":\"Person\",\"@id\":\"https:\\\/\\\/gardeon.pl\\\/#\\\/schema\\\/person\\\/a5762ca5f0790bf92774af0899379463\",\"name\":\"editor\",\"image\":{\"@type\":\"ImageObject\",\"inLanguage\":\"pl-PL\",\"@id\":\"https:\\\/\\\/secure.gravatar.com\\\/avatar\\\/2b748151c2c748327307fd289a91b3bdafdd9e64e2d000e65e53d6dcf11c5830?s=96&d=mm&r=g\",\"url\":\"https:\\\/\\\/secure.gravatar.com\\\/avatar\\\/2b748151c2c748327307fd289a91b3bdafdd9e64e2d000e65e53d6dcf11c5830?s=96&d=mm&r=g\",\"contentUrl\":\"https:\\\/\\\/secure.gravatar.com\\\/avatar\\\/2b748151c2c748327307fd289a91b3bdafdd9e64e2d000e65e53d6dcf11c5830?s=96&d=mm&r=g\",\"caption\":\"editor\"}}]}<\/script>\n<!-- \/ Yoast SEO plugin. -->","yoast_head_json":{"title":"Jak prawid\u0142owo kompostowa\u0107? | GARDEON","description":"Szybki kurs prawid\u0142owego kompostowania. Nie wiedz\u0105 Pa\u0144stwo, jak si\u0119 do tego zabra\u0107? Mamy dla Pa\u0144stwa prost\u0105 instrukcj\u0119 kompostowania.","robots":{"index":"index","follow":"follow","max-snippet":"max-snippet:-1","max-image-preview":"max-image-preview:large","max-video-preview":"max-video-preview:-1"},"canonical":"https:\/\/gardeon.pl\/pl\/blog\/jak-prawidlowo-kompostowac\/","og_locale":"pl_PL","og_type":"article","og_title":"Jak prawid\u0142owo kompostowa\u0107? | GARDEON","og_description":"Szybki kurs prawid\u0142owego kompostowania. Nie wiedz\u0105 Pa\u0144stwo, jak si\u0119 do tego zabra\u0107? Mamy dla Pa\u0144stwa prost\u0105 instrukcj\u0119 kompostowania.","og_url":"https:\/\/gardeon.pl\/pl\/blog\/jak-prawidlowo-kompostowac\/","og_site_name":"GARDEON","article_published_time":"2026-04-23T16:41:25+00:00","og_image":[{"width":1500,"height":1125,"url":"http:\/\/gardeon.pl\/wp-content\/uploads\/2020\/07\/Komposter-2.jpg","type":"image\/jpeg"}],"author":"editor","twitter_card":"summary_large_image","twitter_misc":{"Napisane przez":"editor","Szacowany czas czytania":"8 minut"},"schema":{"@context":"https:\/\/schema.org","@graph":[{"@type":"Article","@id":"https:\/\/gardeon.pl\/pl\/blog\/jak-prawidlowo-kompostowac\/#article","isPartOf":{"@id":"https:\/\/gardeon.pl\/pl\/blog\/jak-prawidlowo-kompostowac\/"},"author":{"name":"editor","@id":"https:\/\/gardeon.pl\/#\/schema\/person\/a5762ca5f0790bf92774af0899379463"},"headline":"Jak prawid\u0142owo kompostowa\u0107?","datePublished":"2026-04-23T16:41:25+00:00","mainEntityOfPage":{"@id":"https:\/\/gardeon.pl\/pl\/blog\/jak-prawidlowo-kompostowac\/"},"wordCount":1537,"commentCount":0,"image":{"@id":"https:\/\/gardeon.pl\/pl\/blog\/jak-prawidlowo-kompostowac\/#primaryimage"},"thumbnailUrl":"https:\/\/gardeon.pl\/wp-content\/uploads\/2020\/07\/Komposter-2.jpg","keywords":["ga\u0142\u0119zie","GARDEON","kompost","kompostowanie","kompostownik","li\u015bcie","naw\u00f3z","odpady","ogr\u00f3d","plastik","trawa","zio\u0142a"],"articleSection":["Ogr\u00f3d"],"inLanguage":"pl-PL","potentialAction":[{"@type":"CommentAction","name":"Comment","target":["https:\/\/gardeon.pl\/pl\/blog\/jak-prawidlowo-kompostowac\/#respond"]}]},{"@type":"WebPage","@id":"https:\/\/gardeon.pl\/pl\/blog\/jak-prawidlowo-kompostowac\/","url":"https:\/\/gardeon.pl\/pl\/blog\/jak-prawidlowo-kompostowac\/","name":"Jak prawid\u0142owo kompostowa\u0107? | GARDEON","isPartOf":{"@id":"https:\/\/gardeon.pl\/#website"},"primaryImageOfPage":{"@id":"https:\/\/gardeon.pl\/pl\/blog\/jak-prawidlowo-kompostowac\/#primaryimage"},"image":{"@id":"https:\/\/gardeon.pl\/pl\/blog\/jak-prawidlowo-kompostowac\/#primaryimage"},"thumbnailUrl":"https:\/\/gardeon.pl\/wp-content\/uploads\/2020\/07\/Komposter-2.jpg","datePublished":"2026-04-23T16:41:25+00:00","author":{"@id":"https:\/\/gardeon.pl\/#\/schema\/person\/a5762ca5f0790bf92774af0899379463"},"description":"Szybki kurs prawid\u0142owego kompostowania. Nie wiedz\u0105 Pa\u0144stwo, jak si\u0119 do tego zabra\u0107? Mamy dla Pa\u0144stwa prost\u0105 instrukcj\u0119 kompostowania.","breadcrumb":{"@id":"https:\/\/gardeon.pl\/pl\/blog\/jak-prawidlowo-kompostowac\/#breadcrumb"},"inLanguage":"pl-PL","potentialAction":[{"@type":"ReadAction","target":["https:\/\/gardeon.pl\/pl\/blog\/jak-prawidlowo-kompostowac\/"]}]},{"@type":"ImageObject","inLanguage":"pl-PL","@id":"https:\/\/gardeon.pl\/pl\/blog\/jak-prawidlowo-kompostowac\/#primaryimage","url":"https:\/\/gardeon.pl\/wp-content\/uploads\/2020\/07\/Komposter-2.jpg","contentUrl":"https:\/\/gardeon.pl\/wp-content\/uploads\/2020\/07\/Komposter-2.jpg","width":1500,"height":1125,"caption":"Kompost"},{"@type":"BreadcrumbList","@id":"https:\/\/gardeon.pl\/pl\/blog\/jak-prawidlowo-kompostowac\/#breadcrumb","itemListElement":[{"@type":"ListItem","position":1,"name":"Domov","item":"https:\/\/gardeon.pl\/pl\/"},{"@type":"ListItem","position":2,"name":"Jak prawid\u0142owo kompostowa\u0107?"}]},{"@type":"WebSite","@id":"https:\/\/gardeon.pl\/#website","url":"https:\/\/gardeon.pl\/","name":"GARDEON","description":"","potentialAction":[{"@type":"SearchAction","target":{"@type":"EntryPoint","urlTemplate":"https:\/\/gardeon.pl\/?s={search_term_string}"},"query-input":{"@type":"PropertyValueSpecification","valueRequired":true,"valueName":"search_term_string"}}],"inLanguage":"pl-PL"},{"@type":"Person","@id":"https:\/\/gardeon.pl\/#\/schema\/person\/a5762ca5f0790bf92774af0899379463","name":"editor","image":{"@type":"ImageObject","inLanguage":"pl-PL","@id":"https:\/\/secure.gravatar.com\/avatar\/2b748151c2c748327307fd289a91b3bdafdd9e64e2d000e65e53d6dcf11c5830?s=96&d=mm&r=g","url":"https:\/\/secure.gravatar.com\/avatar\/2b748151c2c748327307fd289a91b3bdafdd9e64e2d000e65e53d6dcf11c5830?s=96&d=mm&r=g","contentUrl":"https:\/\/secure.gravatar.com\/avatar\/2b748151c2c748327307fd289a91b3bdafdd9e64e2d000e65e53d6dcf11c5830?s=96&d=mm&r=g","caption":"editor"}}]}},"_links":{"self":[{"href":"https:\/\/gardeon.pl\/pl\/wp-json\/wp\/v2\/posts\/47837","targetHints":{"allow":["GET"]}}],"collection":[{"href":"https:\/\/gardeon.pl\/pl\/wp-json\/wp\/v2\/posts"}],"about":[{"href":"https:\/\/gardeon.pl\/pl\/wp-json\/wp\/v2\/types\/post"}],"author":[{"embeddable":true,"href":"https:\/\/gardeon.pl\/pl\/wp-json\/wp\/v2\/users\/2"}],"replies":[{"embeddable":true,"href":"https:\/\/gardeon.pl\/pl\/wp-json\/wp\/v2\/comments?post=47837"}],"version-history":[{"count":0,"href":"https:\/\/gardeon.pl\/pl\/wp-json\/wp\/v2\/posts\/47837\/revisions"}],"wp:featuredmedia":[{"embeddable":true,"href":"https:\/\/gardeon.pl\/pl\/wp-json\/wp\/v2\/media\/47632"}],"wp:attachment":[{"href":"https:\/\/gardeon.pl\/pl\/wp-json\/wp\/v2\/media?parent=47837"}],"wp:term":[{"taxonomy":"category","embeddable":true,"href":"https:\/\/gardeon.pl\/pl\/wp-json\/wp\/v2\/categories?post=47837"},{"taxonomy":"post_tag","embeddable":true,"href":"https:\/\/gardeon.pl\/pl\/wp-json\/wp\/v2\/tags?post=47837"}],"curies":[{"name":"wp","href":"https:\/\/api.w.org\/{rel}","templated":true}]}}