{"id":47852,"date":"2026-04-23T18:41:24","date_gmt":"2026-04-23T16:41:24","guid":{"rendered":"https:\/\/gardeon.pl\/?p=47852"},"modified":"2026-04-23T18:41:24","modified_gmt":"2026-04-23T16:41:24","slug":"co-jest-lepsze-gdy-garaz-jest-czescia-domu-czy-gdy-stoi-osobno","status":"publish","type":"post","link":"https:\/\/gardeon.pl\/pl\/blog\/co-jest-lepsze-gdy-garaz-jest-czescia-domu-czy-gdy-stoi-osobno\/","title":{"rendered":"Co jest lepsze? Gdy gara\u017c jest cz\u0119\u015bci\u0105 domu czy gdy stoi osobno?"},"content":{"rendered":"<p><em>Zaletami gara\u017cu s\u0105 przede wszystkim wygoda i bezpiecze\u0144stwo \u2013 co do tego nie ma w\u0105tpliwo\u015bci. Gara\u017c zapewnia ochron\u0119 przed z\u0142odziejami i wandalami, a Pa\u0144stwo nie musz\u0105 zim\u0105 odgarnia\u0107 \u015bniegu ani skroba\u0107 lodu z szyb; latem z kolei nie wsiadaj\u0105 Pa\u0144stwo do auta, kt\u00f3re przypomina piekarnik rozgrzany do pieczenia ciasta. Kluczowe pytanie brzmi jednak: czy lepiej, gdy gara\u017c jest cz\u0119\u015bci\u0105 domu, czy gdy stoi osobno? Kt\u00f3ry gara\u017c jest w\u0142a\u015bciwie najkorzystniejszy?   <\/em><\/p>\n<p><!--more--><\/p>\n<p>Jak to w \u017cyciu bywa, r\u00f3wnie\u017c na to pytanie nie ma jednej w\u0142a\u015bciwej i uniwersalnej odpowiedzi. Idealne rozwi\u0105zanie zale\u017cy bowiem od konkretnej sytuacji \u2013 od Pa\u0144stwa preferencji, uwarunkowa\u0144 dzia\u0142ki oraz oczywi\u015bcie mo\u017cliwo\u015bci finansowych. <\/p>\n<p>Niezale\u017cnie od tego, czy zdecyduj\u0105 si\u0119 Pa\u0144stwo na <a href=\"https:\/\/gardeon.pl\/pl\/garaze\/\">gara\u017c wolnostoj\u0105cy<\/a>, czy gara\u017c b\u0119d\u0105cy cz\u0119\u015bci\u0105 domu jednorodzinnego, oba rozwi\u0105zania maj\u0105 swoje zalety i pu\u0142apki. Przyjrzyjmy si\u0119 im wi\u0119c bardziej szczeg\u00f3\u0142owo. <\/p>\n<p><img loading=\"lazy\" decoding=\"async\" class=\"aligncenter wp-image-30981\" src=\"http:\/\/gardeon.pl\/wp-content\/uploads\/2021\/02\/gardeon-garaz-pre-jedno-auto-154.jpg\" alt=\"Samoch\u00f3d zaparkowany w gara\u017cu\" width=\"800\" height=\"533\" srcset=\"https:\/\/gardeon.pl\/wp-content\/uploads\/2021\/02\/gardeon-garaz-pre-jedno-auto-154.jpg 2000w, https:\/\/gardeon.pl\/wp-content\/uploads\/2021\/02\/gardeon-garaz-pre-jedno-auto-154-300x200.jpg 300w, https:\/\/gardeon.pl\/wp-content\/uploads\/2021\/02\/gardeon-garaz-pre-jedno-auto-154-1024x682.jpg 1024w, https:\/\/gardeon.pl\/wp-content\/uploads\/2021\/02\/gardeon-garaz-pre-jedno-auto-154-768x512.jpg 768w, https:\/\/gardeon.pl\/wp-content\/uploads\/2021\/02\/gardeon-garaz-pre-jedno-auto-154-1536x1024.jpg 1536w\" sizes=\"auto, (max-width: 800px) 100vw, 800px\" \/><\/p>\n<h2><b>Gara\u017c jako cz\u0119\u015b\u0107 domu<\/b><\/h2>\n<p>Jest bezkonkurencyjny pod wzgl\u0119dem wygody, ale jednocze\u015bnie to zdecydowanie najdro\u017csza opcja.<span class=\"Apple-converted-space\"> <\/span><\/p>\n<p>Poza wspomnian\u0105 wygod\u0105 zwi\u0105zan\u0105 z samym gara\u017cem, gara\u017c w bryle domu zapewnia te\u017c dodatkowy komfort \u2013 z samochodu do domu dostan\u0105 si\u0119 Pa\u0144stwo \u201esuch\u0105 stop\u0105\u201d, co doceni\u0105 Pa\u0144stwo szczeg\u00f3lnie wtedy, gdy na zewn\u0105trz szaleje pogoda, a Pa\u0144stwo wracaj\u0105 z ma\u0142ymi dzie\u0107mi i du\u017cymi zakupami. Za to, \u017ce od wiatro\u0142apu dziel\u0105 Pa\u0144stwa tylko jedne lub dwoje drzwi i ca\u0142\u0105 drog\u0119 od auta a\u017c do salonu pokonuj\u0105 Pa\u0144stwo w cieple i sucho, z pewno\u015bci\u0105 w duchu podzi\u0119kuj\u0105 Pa\u0144stwo wiele razy w roku. Tyle \u017ce ta wygoda kosztuje. Wi\u0119ksza powierzchnia pod\u0142ogi i wi\u0119ksza kubatura zabudowy oznaczaj\u0105 oczywi\u015bcie wi\u0119cej materia\u0142u, wi\u0119cej pracy, a wi\u0119c dro\u017csz\u0105 budow\u0119.   <\/p>\n<p><a href=\"http:\/\/gardeon.pl\/wp-content\/uploads\/2015\/06\/gardeon-garaz-pre-dve-auta-90.jpg\"><img loading=\"lazy\" decoding=\"async\" class=\"aligncenter wp-image-27106\" src=\"http:\/\/gardeon.pl\/wp-content\/uploads\/2015\/06\/gardeon-garaz-pre-dve-auta-90.jpg\" alt=\"Gara\u017c na dwa samochody z dachem dwuspadowym\" width=\"800\" height=\"533\" srcset=\"https:\/\/gardeon.pl\/wp-content\/uploads\/2015\/06\/gardeon-garaz-pre-dve-auta-90.jpg 2000w, https:\/\/gardeon.pl\/wp-content\/uploads\/2015\/06\/gardeon-garaz-pre-dve-auta-90-300x200.jpg 300w, https:\/\/gardeon.pl\/wp-content\/uploads\/2015\/06\/gardeon-garaz-pre-dve-auta-90-1024x682.jpg 1024w, https:\/\/gardeon.pl\/wp-content\/uploads\/2015\/06\/gardeon-garaz-pre-dve-auta-90-768x512.jpg 768w, https:\/\/gardeon.pl\/wp-content\/uploads\/2015\/06\/gardeon-garaz-pre-dve-auta-90-1536x1024.jpg 1536w\" sizes=\"auto, (max-width: 800px) 100vw, 800px\" \/><\/a><\/p>\n<p>Na co w tym przypadku zwr\u00f3ci\u0107 uwag\u0119? Gara\u017c b\u0119d\u0105cy cz\u0119\u015bci\u0105 domu mo\u017ce znacz\u0105co wp\u0142ywa\u0107 na jego funkcjonowanie, dlatego bardzo wa\u017cny jest dobry projekt. Przede wszystkim potrzebne jest solidne rozwi\u0105zanie techniczne. W jego ramach dobiera si\u0119 parametry izolacyjne konstrukcji tak, aby budynek spe\u0142nia\u0142 wymagania prawne, kt\u00f3re dzi\u015b s\u0105 naprawd\u0119 rygorystyczne, a tak\u017ce detale techniczne, takie jak wentylacja przestrzeni gara\u017cu czy odprowadzenie wody. Gdyby bowiem woda sp\u0142ywaj\u0105ca z auta sta\u0142a na posadzce w gara\u017cu, mog\u0142aby powodowa\u0107 powa\u017cne problemy.    <\/p>\n<p><a href=\"http:\/\/gardeon.pl\/wp-content\/uploads\/2015\/06\/gardeon-garaz-pre-dve-auta-91.jpg\"><img loading=\"lazy\" decoding=\"async\" class=\"aligncenter wp-image-27108\" src=\"http:\/\/gardeon.pl\/wp-content\/uploads\/2015\/06\/gardeon-garaz-pre-dve-auta-91.jpg\" alt=\"Gara\u017c prefabrykowany na dwa samochody z dachem dwuspadowym\" width=\"800\" height=\"533\" srcset=\"https:\/\/gardeon.pl\/wp-content\/uploads\/2015\/06\/gardeon-garaz-pre-dve-auta-91.jpg 2000w, https:\/\/gardeon.pl\/wp-content\/uploads\/2015\/06\/gardeon-garaz-pre-dve-auta-91-300x200.jpg 300w, https:\/\/gardeon.pl\/wp-content\/uploads\/2015\/06\/gardeon-garaz-pre-dve-auta-91-1024x682.jpg 1024w, https:\/\/gardeon.pl\/wp-content\/uploads\/2015\/06\/gardeon-garaz-pre-dve-auta-91-768x512.jpg 768w, https:\/\/gardeon.pl\/wp-content\/uploads\/2015\/06\/gardeon-garaz-pre-dve-auta-91-1536x1024.jpg 1536w\" sizes=\"auto, (max-width: 800px) 100vw, 800px\" \/><\/a><\/p>\n<p>R\u00f3wnie wa\u017cny jest dobrze zaprojektowany uk\u0142ad funkcjonalny. Z punktu widzenia izolacyjno\u015bci cieplnej nale\u017cy oddzieli\u0107 ogrzewan\u0105 cz\u0119\u015b\u0107 mieszkaln\u0105 domu od nieogrzewanej (do kt\u00f3rej \u2013 opr\u00f3cz gara\u017cu \u2013 mo\u017ce nale\u017ce\u0107 tak\u017ce piwnica, pomieszczenia magazynowe lub techniczne), a tak\u017ce zadba\u0107 o to, by w cz\u0119\u015bci mieszkalnej nie przeszkadza\u0142 Pa\u0144stwu ha\u0142as ani zapachy z gara\u017cu. Sprawdzonym rozwi\u0105zaniem jest przej\u015bcie z gara\u017cu do cz\u0119\u015bci mieszkalnej przez odpowiednie pomieszczenie po\u015brednie, np. schowek, pomieszczenie techniczne lub pralni\u0119.  <\/p>\n<p>Ju\u017c na etapie planowania domu powinni Pa\u0144stwo dobrze przemy\u015ble\u0107 tak\u017ce wielko\u015b\u0107 gara\u017cu, kt\u00f3ra zale\u017cy nie tylko od liczby aut, kt\u00f3re chc\u0105 Pa\u0144stwo w nim parkowa\u0107, ale r\u00f3wnie\u017c od innych mo\u017cliwo\u015bci wykorzystania \u2013 gara\u017c cz\u0119sto s\u0142u\u017cy te\u017c jako warsztat lub magazyn sprz\u0119tu sportowego i ogrodowego.<\/p>\n<h2><b>Kiedy tak, a kiedy nie?<\/b><\/h2>\n<p>Je\u015bli maj\u0105 Pa\u0144stwo dzia\u0142k\u0119 na skarpie i planuj\u0105 budow\u0119 domu pi\u0119trowego, w\u0142\u0105czenie gara\u017cu w bry\u0142\u0119 domu mo\u017ce by\u0107 naprawd\u0119 korzystne \u2013 zw\u0142aszcza gdy zostanie on cz\u0119\u015bciowo lub ca\u0142kowicie zag\u0142\u0119biony w terenie. Gara\u017c pod domem pozwala sensownie wykorzysta\u0107 przestrze\u0144, kt\u00f3ra nie jest idealna do mieszkania, natomiast pomieszczenia mieszkalne nad gara\u017cem mog\u0105 mie\u0107 kontakt z terenem i ogrodem. <\/p>\n<p><a href=\"http:\/\/gardeon.pl\/wp-content\/uploads\/2020\/10\/22-autu-je-tam-dobre.jpg\"><img loading=\"lazy\" decoding=\"async\" class=\"aligncenter wp-image-28793\" src=\"http:\/\/gardeon.pl\/wp-content\/uploads\/2020\/10\/22-autu-je-tam-dobre.jpg\" alt=\"Samoch\u00f3d w otwartym gara\u017cu \u2013 widok od strony tylnych drzwi\" width=\"800\" height=\"600\" srcset=\"https:\/\/gardeon.pl\/wp-content\/uploads\/2020\/10\/22-autu-je-tam-dobre.jpg 2080w, https:\/\/gardeon.pl\/wp-content\/uploads\/2020\/10\/22-autu-je-tam-dobre-300x225.jpg 300w, https:\/\/gardeon.pl\/wp-content\/uploads\/2020\/10\/22-autu-je-tam-dobre-1024x768.jpg 1024w, https:\/\/gardeon.pl\/wp-content\/uploads\/2020\/10\/22-autu-je-tam-dobre-768x576.jpg 768w, https:\/\/gardeon.pl\/wp-content\/uploads\/2020\/10\/22-autu-je-tam-dobre-1536x1152.jpg 1536w, https:\/\/gardeon.pl\/wp-content\/uploads\/2020\/10\/22-autu-je-tam-dobre-2048x1536.jpg 2048w\" sizes=\"auto, (max-width: 800px) 100vw, 800px\" \/><\/a><a href=\"http:\/\/gardeon.pl\/wp-content\/uploads\/2020\/10\/22-autu-je-tam-dobre.jpg\"><br \/>\n<\/a><\/p>\n<p>Gara\u017c jako cz\u0119\u015b\u0107 domu mo\u017ce by\u0107 te\u017c sprytnym rozwi\u0105zaniem, je\u015bli zale\u017cy Pa\u0144stwu na komforcie i bezpiecze\u0144stwie, jakie zapewnia gara\u017c, ale maj\u0105 Pa\u0144stwo zbyt ma\u0142\u0105 dzia\u0142k\u0119, by zmie\u015bci\u0142y si\u0119 obok siebie dom i gara\u017c wolnostoj\u0105cy. To, czego brakuje w powierzchni, mo\u017cna zrekompensowa\u0107 wi\u0119ksz\u0105 liczb\u0105 kondygnacji. Gara\u017c pod domem (najlepiej w piwnicy) mo\u017ce jednak tak\u017ce na standardowej dzia\u0142ce zaoszcz\u0119dzi\u0107 miejsce, kt\u00f3re p\u00f3\u017aniej mo\u017cna przeznaczy\u0107 na ogr\u00f3d.  <\/p>\n<p>Wkomponowanie gara\u017cu w bry\u0142\u0119 domu zdecydowanie nie jest natomiast dobrym pomys\u0142em w przypadku bungalowa. Takie budynki nawet bez gara\u017cu maj\u0105 du\u017c\u0105 powierzchni\u0119 zabudowy, a do\u0142\u0105czenie pod jeden ogromny dach r\u00f3wnie\u017c gara\u017cu przynios\u0142oby wi\u0119cej komplikacji ni\u017c korzy\u015bci (np. w zakresie konstrukcji wi\u0119\u017aby, do\u015bwietlenia pomieszcze\u0144 w \u015brodku uk\u0142adu itp.). Je\u015bli nie chc\u0105 Pa\u0144stwo budowa\u0107 pi\u0119tra, rozwi\u0105zaniem jest albo dom parterowy o innym ni\u017c kwadratowy rzucie (co jednak nie jest ju\u017c bungalowem), albo gara\u017c wolnostoj\u0105cy.  <\/p>\n<p><a href=\"http:\/\/gardeon.pl\/wp-content\/uploads\/2020\/12\/GARDEON-foto-od-zakaznikov-161.jpg\"><img loading=\"lazy\" decoding=\"async\" class=\"aligncenter wp-image-29822\" src=\"http:\/\/gardeon.pl\/wp-content\/uploads\/2020\/12\/GARDEON-foto-od-zakaznikov-161.jpg\" alt=\"Narz\u0119dzia ogrodowe i majsterkowe wewn\u0105trz gara\u017cu\" width=\"800\" height=\"600\" srcset=\"https:\/\/gardeon.pl\/wp-content\/uploads\/2020\/12\/GARDEON-foto-od-zakaznikov-161.jpg 1500w, https:\/\/gardeon.pl\/wp-content\/uploads\/2020\/12\/GARDEON-foto-od-zakaznikov-161-300x225.jpg 300w, https:\/\/gardeon.pl\/wp-content\/uploads\/2020\/12\/GARDEON-foto-od-zakaznikov-161-1024x768.jpg 1024w, https:\/\/gardeon.pl\/wp-content\/uploads\/2020\/12\/GARDEON-foto-od-zakaznikov-161-768x576.jpg 768w\" sizes=\"auto, (max-width: 800px) 100vw, 800px\" \/><\/a><\/p>\n<h2><b>Gara\u017c wolnostoj\u0105cy<\/b><\/h2>\n<p>Ta opcja jest korzystniejsza finansowo, a ponadto ma swoje zalety tak\u017ce z punktu widzenia planowania. Je\u015bli za\u015b chodzi o wygod\u0119, r\u00f3wnie\u017c tutaj zwykle da si\u0119 znale\u017a\u0107 odpowiedni kompromis. <\/p>\n<p>Budowa domu to niema\u0142a inwestycja, a postawienie gara\u017cu osobno i p\u00f3\u017aniej to sprytny spos\u00f3b, by roz\u0142o\u017cy\u0107 finansowanie w czasie. <a href=\"http:\/\/gardeon.pl\/garaze\/vyber\/umiestnenie\/\">Gara\u017c<\/a> mo\u017cna po prostu zbudowa\u0107 wtedy, gdy pozwol\u0105 na to mo\u017cliwo\u015bci finansowe. Dodatkowo zyskuj\u0105 Pa\u0144stwo czas, aby wszystko nie tylko dobrze przemy\u015ble\u0107, ale te\u017c sprawdzi\u0107 w praktyce. By\u0107 mo\u017ce \u017cycie poka\u017ce, \u017ce potrzebuj\u0105 Pa\u0144stwo wi\u0119kszego gara\u017cu, ni\u017c pierwotnie zak\u0142adali, albo \u017ce lepsza b\u0119dzie dla Pa\u0144stwa kombinacja prostszego i ta\u0144szego wiaty na samoch\u00f3d oraz domku ogrodowego, w kt\u00f3rym przechowaj\u0105 Pa\u0144stwo rowery, narz\u0119dzia czy meble ogrodowe.  <\/p>\n<p><a href=\"http:\/\/gardeon.pl\/wp-content\/uploads\/2020\/08\/GARDEON-foto-od-zakaznikov-24.jpg\"><img loading=\"lazy\" decoding=\"async\" class=\"aligncenter wp-image-27769\" src=\"http:\/\/gardeon.pl\/wp-content\/uploads\/2020\/08\/GARDEON-foto-od-zakaznikov-24.jpg\" alt=\"Gara\u017c GARDEON na dwa samochody\" width=\"800\" height=\"379\" srcset=\"https:\/\/gardeon.pl\/wp-content\/uploads\/2020\/08\/GARDEON-foto-od-zakaznikov-24.jpg 1352w, https:\/\/gardeon.pl\/wp-content\/uploads\/2020\/08\/GARDEON-foto-od-zakaznikov-24-300x142.jpg 300w, https:\/\/gardeon.pl\/wp-content\/uploads\/2020\/08\/GARDEON-foto-od-zakaznikov-24-1024x485.jpg 1024w, https:\/\/gardeon.pl\/wp-content\/uploads\/2020\/08\/GARDEON-foto-od-zakaznikov-24-768x364.jpg 768w\" sizes=\"auto, (max-width: 800px) 100vw, 800px\" \/><\/a><a href=\"http:\/\/gardeon.pl\/wp-content\/uploads\/2015\/06\/gardeon-garaz-pre-dve-auta-83.jpg\"><br \/>\n<\/a><\/p>\n<p>Ponadto w przypadku gara\u017cu wolnostoj\u0105cego mog\u0105 Pa\u0144stwo wybra\u0107 ta\u0144szy i bardziej praktyczny system konstrukcyjny ni\u017c dla gara\u017cu b\u0119d\u0105cego cz\u0119\u015bci\u0105 domu. Na przyk\u0142ad prefabrykowane gara\u017ce blaszane maj\u0105 znacznie mniejsz\u0105 grubo\u015b\u0107 \u015bcian, dzi\u0119ki czemu oszcz\u0119dzaj\u0105 Pa\u0144stwo miejsce na dzia\u0142ce. Wygl\u0105daj\u0105 przy tym jak murowane i zapewniaj\u0105 taki sam komfort oraz bezpiecze\u0144stwo. Kolejn\u0105 zalet\u0105 <a href=\"https:\/\/gardeon.pl\/pl\/blog\/category\/garaze-blaszane\/\">gara\u017cu prefabrykowanego<\/a> jest to, \u017ce jego budowa jest naprawd\u0119 szybka i bezproblemowa.   <\/p>\n<p>Na co zwr\u00f3ci\u0107 uwag\u0119 przy gara\u017cu wolnostoj\u0105cym? Przede wszystkim na jego odpowiednie usytuowanie; wa\u017cne jest te\u017c dobranie w\u0142a\u015bciwego rozmiaru. Najlepiej przemy\u015ble\u0107 lokalizacj\u0119 gara\u017cu na dzia\u0142ce ju\u017c na etapie projektowania domu \u2013 tak\u017ce wtedy, gdy chc\u0105 Pa\u0144stwo od\u0142o\u017cy\u0107 budow\u0119 gara\u017cu na p\u00f3\u017aniej lub dopiero rozwa\u017caj\u0105 j\u0105 jako jedn\u0105 z opcji. Gdy dom ju\u017c stanie, nie da si\u0119 go przesun\u0105\u0107 tak, aby stworzy\u0107 optymalne miejsce r\u00f3wnie\u017c na gara\u017c. Je\u015bli planuj\u0105 Pa\u0144stwo postawi\u0107 gara\u017c tu\u017c przy domu, warto pami\u0119ta\u0107 tak\u017ce o takim rozmieszczeniu okien, aby przysz\u0142y gara\u017c ich nie zas\u0142oni\u0142.    <\/p>\n<p>Na rozwa\u017cenie mo\u017cliwo\u015bci usytuowania domu i gara\u017cu na dzia\u0142ce prosz\u0119 przeznaczy\u0107 wystarczaj\u0105co du\u017co czasu i wzi\u0105\u0107 pod uwag\u0119 r\u00f3\u017cne warianty oraz detale \u2013 mog\u0105 Pa\u0144stwo na przyk\u0142ad uzupe\u0142ni\u0107 gara\u017c o <a href=\"https:\/\/gardeon.pl\/pl\/wiaty\/\">wiat\u0119<\/a> w taki spos\u00f3b, aby do domu wchodzi\u0107 wygodnie pod dachem.<\/p>\n<p><a href=\"http:\/\/gardeon.pl\/wp-content\/uploads\/2020\/08\/GARDEON-foto-od-zakaznikov-23.jpg\"><img loading=\"lazy\" decoding=\"async\" class=\"aligncenter wp-image-27767\" src=\"http:\/\/gardeon.pl\/wp-content\/uploads\/2020\/08\/GARDEON-foto-od-zakaznikov-23.jpg\" alt=\"Gara\u017c na dwa samochody z p\u0142askim dachem\" width=\"800\" height=\"379\" srcset=\"https:\/\/gardeon.pl\/wp-content\/uploads\/2020\/08\/GARDEON-foto-od-zakaznikov-23.jpg 1352w, https:\/\/gardeon.pl\/wp-content\/uploads\/2020\/08\/GARDEON-foto-od-zakaznikov-23-300x142.jpg 300w, https:\/\/gardeon.pl\/wp-content\/uploads\/2020\/08\/GARDEON-foto-od-zakaznikov-23-1024x485.jpg 1024w, https:\/\/gardeon.pl\/wp-content\/uploads\/2020\/08\/GARDEON-foto-od-zakaznikov-23-768x364.jpg 768w\" sizes=\"auto, (max-width: 800px) 100vw, 800px\" \/><\/a><\/p>\n<h2><b>Dobudowa gara\u017cu do domu<\/b><\/h2>\n<p>Maj\u0105 Pa\u0144stwo starszy dom jednorodzinny i chcieliby Pa\u0144stwo dobudowa\u0107 do niego gara\u017c? Prosz\u0119 to dobrze przemy\u015ble\u0107. Budowa gara\u017cu wolnostoj\u0105cego w wi\u0119kszo\u015bci przypadk\u00f3w jest lepszym rozwi\u0105zaniem ni\u017c jego dobudowa. Dlaczego? Poniewa\u017c dobudowa gara\u017cu oznacza, \u017ce gara\u017c staje si\u0119 cz\u0119\u015bci\u0105 domu. Ma to wi\u0119c sens tylko przy naprawd\u0119 rozleg\u0142ych remontach \u2013 i to wy\u0142\u0105cznie wtedy, gdy w\u0142\u0105cz\u0105 Pa\u0144stwo gara\u017c w uk\u0142ad funkcjonalny domu (np. na kondygnacji nad gara\u017cem znajd\u0105 si\u0119 pomieszczenia mieszkalne).     <\/p>\n<p>Zazwyczaj rozs\u0105dniej jest wi\u0119c postawi\u0107 gara\u017c wolnostoj\u0105cy, kt\u00f3ry mo\u017ce sta\u0107 nawet tu\u017c przy domu. Opr\u00f3cz zalet wspomnianych wy\u017cej znaczenie mo\u017ce mie\u0107 tak\u017ce fakt, \u017ce na gara\u017c wolnostoj\u0105cy o powierzchni do 25 m<sup>2<\/sup> nie potrzebuj\u0105 Pa\u0144stwo <a href=\"https:\/\/mtek.sk\/info\/\">pozwolenia na budow\u0119<\/a> \u2013 wystarczy zg\u0142oszenie do urz\u0119du. <\/p>\n<p><a href=\"http:\/\/gardeon.pl\/wp-content\/uploads\/2015\/06\/gardeon-garaz-pre-jedno-auto-104.jpg\"><img loading=\"lazy\" decoding=\"async\" class=\"aligncenter wp-image-26963\" src=\"http:\/\/gardeon.pl\/wp-content\/uploads\/2015\/06\/gardeon-garaz-pre-jedno-auto-104.jpg\" alt=\"Gara\u017c na jedno auto z dachem w kolorze szarym\" width=\"800\" height=\"533\" srcset=\"https:\/\/gardeon.pl\/wp-content\/uploads\/2015\/06\/gardeon-garaz-pre-jedno-auto-104.jpg 2000w, https:\/\/gardeon.pl\/wp-content\/uploads\/2015\/06\/gardeon-garaz-pre-jedno-auto-104-300x200.jpg 300w, https:\/\/gardeon.pl\/wp-content\/uploads\/2015\/06\/gardeon-garaz-pre-jedno-auto-104-1024x682.jpg 1024w, https:\/\/gardeon.pl\/wp-content\/uploads\/2015\/06\/gardeon-garaz-pre-jedno-auto-104-768x512.jpg 768w, https:\/\/gardeon.pl\/wp-content\/uploads\/2015\/06\/gardeon-garaz-pre-jedno-auto-104-1536x1024.jpg 1536w\" sizes=\"auto, (max-width: 800px) 100vw, 800px\" \/><\/a><\/p>\n<p>Przy gara\u017cu wolnostoj\u0105cym mog\u0105 Pa\u0144stwo r\u00f3wnie\u017c pomy\u015ble\u0107 o dodatkowych mo\u017cliwo\u015bciach, kt\u00f3re uprzyjemni\u0105 mieszkanie lub spe\u0142ni\u0105 praktyczne potrzeby. Je\u015bli na przyk\u0142ad brakuje Pa\u0144stwu w domu piwnicy, sprytnym rozwi\u0105zaniem mo\u017ce by\u0107 gara\u017c z piwnic\u0105. Ewentualnie mog\u0105 Pa\u0144stwo uzupe\u0142ni\u0107 gara\u017c o wiat\u0119, kt\u00f3ra zapewni odpowiednie miejsce do sk\u0142adowania drewna lub os\u0142oni\u0119te parkowanie drugiego auta.  <\/p>\n<p>&nbsp;<\/p>\n<h5>\u0179r\u00f3d\u0142o (Source):<\/h5>\n<h5>Fotobank GARDEON<\/h5>\n","protected":false},"excerpt":{"rendered":"<p>Zaletami gara\u017cu s\u0105 przede wszystkim wygoda i bezpiecze\u0144stwo \u2013 co do tego nie ma w\u0105tpliwo\u015bci. Gara\u017c zapewnia ochron\u0119 przed z\u0142odziejami i wandalami, a Pa\u0144stwo nie musz\u0105 zim\u0105 odgarnia\u0107 \u015bniegu ani skroba\u0107 lodu z szyb; latem z kolei nie wsiadaj\u0105 Pa\u0144stwo do auta, kt\u00f3re przypomina piekarnik rozgrzany do pieczenia ciasta. Kluczowe pytanie brzmi jednak: czy lepiej, [&hellip;]<\/p>\n","protected":false},"author":2,"featured_media":47628,"comment_status":"open","ping_status":"open","sticky":false,"template":"","format":"standard","meta":{"_acf_changed":false,"inline_featured_image":false,"footnotes":""},"categories":[578],"tags":[587,634,581,582,902,804,588,903,901],"class_list":["post-47852","post","type-post","status-publish","format-standard","has-post-thumbnail","hentry","category-garaze-blaszane","tag-brama-garazowa","tag-cz","tag-garaz","tag-garaz-gardeon","tag-garaz-jako-czesc-domu","tag-garaz-modulowy-gardeon","tag-garaz-montowany","tag-garaz-wolnostojacy","tag-garaz-z-domem"],"acf":[],"yoast_head":"<!-- This site is optimized with the Yoast SEO plugin v27.4 - https:\/\/yoast.com\/product\/yoast-seo-wordpress\/ -->\n<title>Co jest lepsze? Gdy gara\u017c jest cz\u0119\u015bci\u0105 domu czy gdy stoi osobno? | GARDEON<\/title>\n<meta name=\"robots\" content=\"index, follow, max-snippet:-1, max-image-preview:large, max-video-preview:-1\" \/>\n<link rel=\"canonical\" href=\"https:\/\/gardeon.pl\/pl\/blog\/co-jest-lepsze-gdy-garaz-jest-czescia-domu-czy-gdy-stoi-osobno\/\" \/>\n<meta property=\"og:locale\" content=\"pl_PL\" \/>\n<meta property=\"og:type\" content=\"article\" \/>\n<meta property=\"og:title\" content=\"Co jest lepsze? Gdy gara\u017c jest cz\u0119\u015bci\u0105 domu czy gdy stoi osobno? | GARDEON\" \/>\n<meta property=\"og:description\" content=\"Zaletami gara\u017cu s\u0105 przede wszystkim wygoda i bezpiecze\u0144stwo \u2013 co do tego nie ma w\u0105tpliwo\u015bci. Gara\u017c zapewnia ochron\u0119 przed z\u0142odziejami i wandalami, a Pa\u0144stwo nie musz\u0105 zim\u0105 odgarnia\u0107 \u015bniegu ani skroba\u0107 lodu z szyb; latem z kolei nie wsiadaj\u0105 Pa\u0144stwo do auta, kt\u00f3re przypomina piekarnik rozgrzany do pieczenia ciasta. Kluczowe pytanie brzmi jednak: czy lepiej, [&hellip;]\" \/>\n<meta property=\"og:url\" content=\"https:\/\/gardeon.pl\/pl\/blog\/co-jest-lepsze-gdy-garaz-jest-czescia-domu-czy-gdy-stoi-osobno\/\" \/>\n<meta property=\"og:site_name\" content=\"GARDEON\" \/>\n<meta property=\"article:published_time\" content=\"2026-04-23T16:41:24+00:00\" \/>\n<meta property=\"og:image\" content=\"http:\/\/gardeon.pl\/wp-content\/uploads\/2020\/08\/GARDEON-foto-od-zakaznikov-24.jpg\" \/>\n\t<meta property=\"og:image:width\" content=\"1352\" \/>\n\t<meta property=\"og:image:height\" content=\"640\" \/>\n\t<meta property=\"og:image:type\" content=\"image\/jpeg\" \/>\n<meta name=\"author\" content=\"editor\" \/>\n<meta name=\"twitter:card\" content=\"summary_large_image\" \/>\n<meta name=\"twitter:label1\" content=\"Napisane przez\" \/>\n\t<meta name=\"twitter:data1\" content=\"editor\" \/>\n\t<meta name=\"twitter:label2\" content=\"Szacowany czas czytania\" \/>\n\t<meta name=\"twitter:data2\" content=\"7 minut\" \/>\n<script type=\"application\/ld+json\" class=\"yoast-schema-graph\">{\"@context\":\"https:\\\/\\\/schema.org\",\"@graph\":[{\"@type\":\"Article\",\"@id\":\"https:\\\/\\\/gardeon.pl\\\/pl\\\/blog\\\/co-jest-lepsze-gdy-garaz-jest-czescia-domu-czy-gdy-stoi-osobno\\\/#article\",\"isPartOf\":{\"@id\":\"https:\\\/\\\/gardeon.pl\\\/pl\\\/blog\\\/co-jest-lepsze-gdy-garaz-jest-czescia-domu-czy-gdy-stoi-osobno\\\/\"},\"author\":{\"name\":\"editor\",\"@id\":\"https:\\\/\\\/gardeon.pl\\\/#\\\/schema\\\/person\\\/a5762ca5f0790bf92774af0899379463\"},\"headline\":\"Co jest lepsze? Gdy gara\u017c jest cz\u0119\u015bci\u0105 domu czy gdy stoi osobno?\",\"datePublished\":\"2026-04-23T16:41:24+00:00\",\"mainEntityOfPage\":{\"@id\":\"https:\\\/\\\/gardeon.pl\\\/pl\\\/blog\\\/co-jest-lepsze-gdy-garaz-jest-czescia-domu-czy-gdy-stoi-osobno\\\/\"},\"wordCount\":1413,\"commentCount\":0,\"image\":{\"@id\":\"https:\\\/\\\/gardeon.pl\\\/pl\\\/blog\\\/co-jest-lepsze-gdy-garaz-jest-czescia-domu-czy-gdy-stoi-osobno\\\/#primaryimage\"},\"thumbnailUrl\":\"https:\\\/\\\/gardeon.pl\\\/wp-content\\\/uploads\\\/2020\\\/08\\\/GARDEON-foto-od-zakaznikov-24.jpg\",\"keywords\":[\"brama gara\u017cowa\",\"CZ\",\"gara\u017c\",\"gara\u017c gardeon\",\"gara\u017c jako cz\u0119\u015b\u0107 domu\",\"gara\u017c modu\u0142owy gardeon\",\"gara\u017c montowany\",\"gara\u017c wolnostoj\u0105cy\",\"gara\u017c z domem\"],\"articleSection\":[\"Gara\u017ce blaszane\"],\"inLanguage\":\"pl-PL\",\"potentialAction\":[{\"@type\":\"CommentAction\",\"name\":\"Comment\",\"target\":[\"https:\\\/\\\/gardeon.pl\\\/pl\\\/blog\\\/co-jest-lepsze-gdy-garaz-jest-czescia-domu-czy-gdy-stoi-osobno\\\/#respond\"]}]},{\"@type\":\"WebPage\",\"@id\":\"https:\\\/\\\/gardeon.pl\\\/pl\\\/blog\\\/co-jest-lepsze-gdy-garaz-jest-czescia-domu-czy-gdy-stoi-osobno\\\/\",\"url\":\"https:\\\/\\\/gardeon.pl\\\/pl\\\/blog\\\/co-jest-lepsze-gdy-garaz-jest-czescia-domu-czy-gdy-stoi-osobno\\\/\",\"name\":\"Co jest lepsze? Gdy gara\u017c jest cz\u0119\u015bci\u0105 domu czy gdy stoi osobno? | GARDEON\",\"isPartOf\":{\"@id\":\"https:\\\/\\\/gardeon.pl\\\/#website\"},\"primaryImageOfPage\":{\"@id\":\"https:\\\/\\\/gardeon.pl\\\/pl\\\/blog\\\/co-jest-lepsze-gdy-garaz-jest-czescia-domu-czy-gdy-stoi-osobno\\\/#primaryimage\"},\"image\":{\"@id\":\"https:\\\/\\\/gardeon.pl\\\/pl\\\/blog\\\/co-jest-lepsze-gdy-garaz-jest-czescia-domu-czy-gdy-stoi-osobno\\\/#primaryimage\"},\"thumbnailUrl\":\"https:\\\/\\\/gardeon.pl\\\/wp-content\\\/uploads\\\/2020\\\/08\\\/GARDEON-foto-od-zakaznikov-24.jpg\",\"datePublished\":\"2026-04-23T16:41:24+00:00\",\"author\":{\"@id\":\"https:\\\/\\\/gardeon.pl\\\/#\\\/schema\\\/person\\\/a5762ca5f0790bf92774af0899379463\"},\"breadcrumb\":{\"@id\":\"https:\\\/\\\/gardeon.pl\\\/pl\\\/blog\\\/co-jest-lepsze-gdy-garaz-jest-czescia-domu-czy-gdy-stoi-osobno\\\/#breadcrumb\"},\"inLanguage\":\"pl-PL\",\"potentialAction\":[{\"@type\":\"ReadAction\",\"target\":[\"https:\\\/\\\/gardeon.pl\\\/pl\\\/blog\\\/co-jest-lepsze-gdy-garaz-jest-czescia-domu-czy-gdy-stoi-osobno\\\/\"]}]},{\"@type\":\"ImageObject\",\"inLanguage\":\"pl-PL\",\"@id\":\"https:\\\/\\\/gardeon.pl\\\/pl\\\/blog\\\/co-jest-lepsze-gdy-garaz-jest-czescia-domu-czy-gdy-stoi-osobno\\\/#primaryimage\",\"url\":\"https:\\\/\\\/gardeon.pl\\\/wp-content\\\/uploads\\\/2020\\\/08\\\/GARDEON-foto-od-zakaznikov-24.jpg\",\"contentUrl\":\"https:\\\/\\\/gardeon.pl\\\/wp-content\\\/uploads\\\/2020\\\/08\\\/GARDEON-foto-od-zakaznikov-24.jpg\",\"width\":1352,\"height\":640,\"caption\":\"Gara\u017c GARDEON na dwa samochody\"},{\"@type\":\"BreadcrumbList\",\"@id\":\"https:\\\/\\\/gardeon.pl\\\/pl\\\/blog\\\/co-jest-lepsze-gdy-garaz-jest-czescia-domu-czy-gdy-stoi-osobno\\\/#breadcrumb\",\"itemListElement\":[{\"@type\":\"ListItem\",\"position\":1,\"name\":\"Domov\",\"item\":\"https:\\\/\\\/gardeon.pl\\\/pl\\\/\"},{\"@type\":\"ListItem\",\"position\":2,\"name\":\"Co jest lepsze? Gdy gara\u017c jest cz\u0119\u015bci\u0105 domu czy gdy stoi osobno?\"}]},{\"@type\":\"WebSite\",\"@id\":\"https:\\\/\\\/gardeon.pl\\\/#website\",\"url\":\"https:\\\/\\\/gardeon.pl\\\/\",\"name\":\"GARDEON\",\"description\":\"\",\"potentialAction\":[{\"@type\":\"SearchAction\",\"target\":{\"@type\":\"EntryPoint\",\"urlTemplate\":\"https:\\\/\\\/gardeon.pl\\\/?s={search_term_string}\"},\"query-input\":{\"@type\":\"PropertyValueSpecification\",\"valueRequired\":true,\"valueName\":\"search_term_string\"}}],\"inLanguage\":\"pl-PL\"},{\"@type\":\"Person\",\"@id\":\"https:\\\/\\\/gardeon.pl\\\/#\\\/schema\\\/person\\\/a5762ca5f0790bf92774af0899379463\",\"name\":\"editor\",\"image\":{\"@type\":\"ImageObject\",\"inLanguage\":\"pl-PL\",\"@id\":\"https:\\\/\\\/secure.gravatar.com\\\/avatar\\\/2b748151c2c748327307fd289a91b3bdafdd9e64e2d000e65e53d6dcf11c5830?s=96&d=mm&r=g\",\"url\":\"https:\\\/\\\/secure.gravatar.com\\\/avatar\\\/2b748151c2c748327307fd289a91b3bdafdd9e64e2d000e65e53d6dcf11c5830?s=96&d=mm&r=g\",\"contentUrl\":\"https:\\\/\\\/secure.gravatar.com\\\/avatar\\\/2b748151c2c748327307fd289a91b3bdafdd9e64e2d000e65e53d6dcf11c5830?s=96&d=mm&r=g\",\"caption\":\"editor\"}}]}<\/script>\n<!-- \/ Yoast SEO plugin. -->","yoast_head_json":{"title":"Co jest lepsze? Gdy gara\u017c jest cz\u0119\u015bci\u0105 domu czy gdy stoi osobno? | GARDEON","robots":{"index":"index","follow":"follow","max-snippet":"max-snippet:-1","max-image-preview":"max-image-preview:large","max-video-preview":"max-video-preview:-1"},"canonical":"https:\/\/gardeon.pl\/pl\/blog\/co-jest-lepsze-gdy-garaz-jest-czescia-domu-czy-gdy-stoi-osobno\/","og_locale":"pl_PL","og_type":"article","og_title":"Co jest lepsze? Gdy gara\u017c jest cz\u0119\u015bci\u0105 domu czy gdy stoi osobno? | GARDEON","og_description":"Zaletami gara\u017cu s\u0105 przede wszystkim wygoda i bezpiecze\u0144stwo \u2013 co do tego nie ma w\u0105tpliwo\u015bci. Gara\u017c zapewnia ochron\u0119 przed z\u0142odziejami i wandalami, a Pa\u0144stwo nie musz\u0105 zim\u0105 odgarnia\u0107 \u015bniegu ani skroba\u0107 lodu z szyb; latem z kolei nie wsiadaj\u0105 Pa\u0144stwo do auta, kt\u00f3re przypomina piekarnik rozgrzany do pieczenia ciasta. Kluczowe pytanie brzmi jednak: czy lepiej, [&hellip;]","og_url":"https:\/\/gardeon.pl\/pl\/blog\/co-jest-lepsze-gdy-garaz-jest-czescia-domu-czy-gdy-stoi-osobno\/","og_site_name":"GARDEON","article_published_time":"2026-04-23T16:41:24+00:00","og_image":[{"width":1352,"height":640,"url":"http:\/\/gardeon.pl\/wp-content\/uploads\/2020\/08\/GARDEON-foto-od-zakaznikov-24.jpg","type":"image\/jpeg"}],"author":"editor","twitter_card":"summary_large_image","twitter_misc":{"Napisane przez":"editor","Szacowany czas czytania":"7 minut"},"schema":{"@context":"https:\/\/schema.org","@graph":[{"@type":"Article","@id":"https:\/\/gardeon.pl\/pl\/blog\/co-jest-lepsze-gdy-garaz-jest-czescia-domu-czy-gdy-stoi-osobno\/#article","isPartOf":{"@id":"https:\/\/gardeon.pl\/pl\/blog\/co-jest-lepsze-gdy-garaz-jest-czescia-domu-czy-gdy-stoi-osobno\/"},"author":{"name":"editor","@id":"https:\/\/gardeon.pl\/#\/schema\/person\/a5762ca5f0790bf92774af0899379463"},"headline":"Co jest lepsze? Gdy gara\u017c jest cz\u0119\u015bci\u0105 domu czy gdy stoi osobno?","datePublished":"2026-04-23T16:41:24+00:00","mainEntityOfPage":{"@id":"https:\/\/gardeon.pl\/pl\/blog\/co-jest-lepsze-gdy-garaz-jest-czescia-domu-czy-gdy-stoi-osobno\/"},"wordCount":1413,"commentCount":0,"image":{"@id":"https:\/\/gardeon.pl\/pl\/blog\/co-jest-lepsze-gdy-garaz-jest-czescia-domu-czy-gdy-stoi-osobno\/#primaryimage"},"thumbnailUrl":"https:\/\/gardeon.pl\/wp-content\/uploads\/2020\/08\/GARDEON-foto-od-zakaznikov-24.jpg","keywords":["brama gara\u017cowa","CZ","gara\u017c","gara\u017c gardeon","gara\u017c jako cz\u0119\u015b\u0107 domu","gara\u017c modu\u0142owy gardeon","gara\u017c montowany","gara\u017c wolnostoj\u0105cy","gara\u017c z domem"],"articleSection":["Gara\u017ce blaszane"],"inLanguage":"pl-PL","potentialAction":[{"@type":"CommentAction","name":"Comment","target":["https:\/\/gardeon.pl\/pl\/blog\/co-jest-lepsze-gdy-garaz-jest-czescia-domu-czy-gdy-stoi-osobno\/#respond"]}]},{"@type":"WebPage","@id":"https:\/\/gardeon.pl\/pl\/blog\/co-jest-lepsze-gdy-garaz-jest-czescia-domu-czy-gdy-stoi-osobno\/","url":"https:\/\/gardeon.pl\/pl\/blog\/co-jest-lepsze-gdy-garaz-jest-czescia-domu-czy-gdy-stoi-osobno\/","name":"Co jest lepsze? Gdy gara\u017c jest cz\u0119\u015bci\u0105 domu czy gdy stoi osobno? | GARDEON","isPartOf":{"@id":"https:\/\/gardeon.pl\/#website"},"primaryImageOfPage":{"@id":"https:\/\/gardeon.pl\/pl\/blog\/co-jest-lepsze-gdy-garaz-jest-czescia-domu-czy-gdy-stoi-osobno\/#primaryimage"},"image":{"@id":"https:\/\/gardeon.pl\/pl\/blog\/co-jest-lepsze-gdy-garaz-jest-czescia-domu-czy-gdy-stoi-osobno\/#primaryimage"},"thumbnailUrl":"https:\/\/gardeon.pl\/wp-content\/uploads\/2020\/08\/GARDEON-foto-od-zakaznikov-24.jpg","datePublished":"2026-04-23T16:41:24+00:00","author":{"@id":"https:\/\/gardeon.pl\/#\/schema\/person\/a5762ca5f0790bf92774af0899379463"},"breadcrumb":{"@id":"https:\/\/gardeon.pl\/pl\/blog\/co-jest-lepsze-gdy-garaz-jest-czescia-domu-czy-gdy-stoi-osobno\/#breadcrumb"},"inLanguage":"pl-PL","potentialAction":[{"@type":"ReadAction","target":["https:\/\/gardeon.pl\/pl\/blog\/co-jest-lepsze-gdy-garaz-jest-czescia-domu-czy-gdy-stoi-osobno\/"]}]},{"@type":"ImageObject","inLanguage":"pl-PL","@id":"https:\/\/gardeon.pl\/pl\/blog\/co-jest-lepsze-gdy-garaz-jest-czescia-domu-czy-gdy-stoi-osobno\/#primaryimage","url":"https:\/\/gardeon.pl\/wp-content\/uploads\/2020\/08\/GARDEON-foto-od-zakaznikov-24.jpg","contentUrl":"https:\/\/gardeon.pl\/wp-content\/uploads\/2020\/08\/GARDEON-foto-od-zakaznikov-24.jpg","width":1352,"height":640,"caption":"Gara\u017c GARDEON na dwa samochody"},{"@type":"BreadcrumbList","@id":"https:\/\/gardeon.pl\/pl\/blog\/co-jest-lepsze-gdy-garaz-jest-czescia-domu-czy-gdy-stoi-osobno\/#breadcrumb","itemListElement":[{"@type":"ListItem","position":1,"name":"Domov","item":"https:\/\/gardeon.pl\/pl\/"},{"@type":"ListItem","position":2,"name":"Co jest lepsze? Gdy gara\u017c jest cz\u0119\u015bci\u0105 domu czy gdy stoi osobno?"}]},{"@type":"WebSite","@id":"https:\/\/gardeon.pl\/#website","url":"https:\/\/gardeon.pl\/","name":"GARDEON","description":"","potentialAction":[{"@type":"SearchAction","target":{"@type":"EntryPoint","urlTemplate":"https:\/\/gardeon.pl\/?s={search_term_string}"},"query-input":{"@type":"PropertyValueSpecification","valueRequired":true,"valueName":"search_term_string"}}],"inLanguage":"pl-PL"},{"@type":"Person","@id":"https:\/\/gardeon.pl\/#\/schema\/person\/a5762ca5f0790bf92774af0899379463","name":"editor","image":{"@type":"ImageObject","inLanguage":"pl-PL","@id":"https:\/\/secure.gravatar.com\/avatar\/2b748151c2c748327307fd289a91b3bdafdd9e64e2d000e65e53d6dcf11c5830?s=96&d=mm&r=g","url":"https:\/\/secure.gravatar.com\/avatar\/2b748151c2c748327307fd289a91b3bdafdd9e64e2d000e65e53d6dcf11c5830?s=96&d=mm&r=g","contentUrl":"https:\/\/secure.gravatar.com\/avatar\/2b748151c2c748327307fd289a91b3bdafdd9e64e2d000e65e53d6dcf11c5830?s=96&d=mm&r=g","caption":"editor"}}]}},"_links":{"self":[{"href":"https:\/\/gardeon.pl\/pl\/wp-json\/wp\/v2\/posts\/47852","targetHints":{"allow":["GET"]}}],"collection":[{"href":"https:\/\/gardeon.pl\/pl\/wp-json\/wp\/v2\/posts"}],"about":[{"href":"https:\/\/gardeon.pl\/pl\/wp-json\/wp\/v2\/types\/post"}],"author":[{"embeddable":true,"href":"https:\/\/gardeon.pl\/pl\/wp-json\/wp\/v2\/users\/2"}],"replies":[{"embeddable":true,"href":"https:\/\/gardeon.pl\/pl\/wp-json\/wp\/v2\/comments?post=47852"}],"version-history":[{"count":0,"href":"https:\/\/gardeon.pl\/pl\/wp-json\/wp\/v2\/posts\/47852\/revisions"}],"wp:featuredmedia":[{"embeddable":true,"href":"https:\/\/gardeon.pl\/pl\/wp-json\/wp\/v2\/media\/47628"}],"wp:attachment":[{"href":"https:\/\/gardeon.pl\/pl\/wp-json\/wp\/v2\/media?parent=47852"}],"wp:term":[{"taxonomy":"category","embeddable":true,"href":"https:\/\/gardeon.pl\/pl\/wp-json\/wp\/v2\/categories?post=47852"},{"taxonomy":"post_tag","embeddable":true,"href":"https:\/\/gardeon.pl\/pl\/wp-json\/wp\/v2\/tags?post=47852"}],"curies":[{"name":"wp","href":"https:\/\/api.w.org\/{rel}","templated":true}]}}