{"id":47882,"date":"2026-04-23T18:41:23","date_gmt":"2026-04-23T16:41:23","guid":{"rendered":"https:\/\/gardeon.pl\/?p=47882"},"modified":"2026-04-23T18:41:23","modified_gmt":"2026-04-23T16:41:23","slug":"jak-przygotowac-meble-ogrodowe-na-zime-aby-byly-gotowe-na-wiosne","status":"publish","type":"post","link":"https:\/\/gardeon.pl\/pl\/blog\/jak-przygotowac-meble-ogrodowe-na-zime-aby-byly-gotowe-na-wiosne\/","title":{"rendered":"Jak przygotowa\u0107 meble ogrodowe na zim\u0119, aby by\u0142y gotowe na wiosn\u0119"},"content":{"rendered":"<p><em>Szukaj\u0105 Pa\u0144stwo mebli ogrodowych, kt\u00f3re s\u0105 odporne na wod\u0119, zimno czy uszkodzenia mechaniczne? B\u0105d\u017amy szczerzy. Na tym \u015bwiecie nie istnieje nic, co przy regularnym u\u017cytkowaniu i bez odpowiedniej piel\u0119gnacji utrzyma\u0142oby si\u0119 w doskona\u0142ym stanie. Dotyczy to r\u00f3wnie\u017c Pa\u0144stwa mebli ogrodowych. Pogody wprawdzie nie mog\u0105 Pa\u0144stwo kontrolowa\u0107, ale spos\u00f3b przechowywania mebli ju\u017c tak! Por\u00f3wnajmy poszczeg\u00f3lne materia\u0142y i wymagan\u0105 przez nie piel\u0119gnacj\u0119.     <span class=\"Apple-converted-space\"> <\/span><\/em><\/p>\n<p><em>Materia\u0142 dla wielu os\u00f3b jest raczej kwesti\u0105 gustu ni\u017c praktyczn\u0105 spraw\u0105. Je\u015bli co\u015b si\u0119 Pa\u0144stwu podoba, z przyjemno\u015bci\u0105 zadbaj\u0105 Pa\u0144stwo o to, aby wygl\u0105da\u0142o perfekcyjnie. Ka\u017cdego roku. Prawdopodobnie b\u0119d\u0105 Pa\u0144stwo wybiera\u0107 g\u0142\u00f3wnie wed\u0142ug wygl\u0105du i oczywi\u015bcie bud\u017cetu. Jednak zawsze warto wiedzie\u0107, czego si\u0119 spodziewa\u0107.    <span class=\"Apple-converted-space\"> <\/span><\/em><\/p>\n<h2>Drewno<\/h2>\n<p>Pi\u0119kny materia\u0142, kt\u00f3ry mo\u017ce przybiera\u0107 wiele form. Mog\u0105 Pa\u0144stwo postawi\u0107 na meble z palet lub meble z litego drewna. Niezale\u017cnie od wybranej opcji, musz\u0105 Pa\u0144stwo wiedzie\u0107 kilka rzeczy.  <span class=\"Apple-converted-space\"> <\/span><\/p>\n<p><img loading=\"lazy\" decoding=\"async\" class=\"aligncenter wp-image-29514\" src=\"http:\/\/gardeon.pl\/wp-content\/uploads\/2020\/11\/gardeon-foto-od-zakaznikov-121-scaled-e1606304677873.jpg\" alt=\"Domek ogrodowy z grillem pod zadaszeniem\" width=\"800\" height=\"600\"><\/p>\n<p>Drewno nie radzi sobie dobrze z wod\u0105, a tym bardziej ze \u015bniegiem. Je\u015bli wi\u0119c decyduj\u0105 si\u0119 Pa\u0144stwo na drewno, koniecznie umie\u015b\u0107 meble ogrodowe w altanie ogrodowej lub pod zadaszeniem, aby nie by\u0142y wystawione na dzia\u0142anie warunk\u00f3w atmosferycznych. Kolor stopniowo schodzi nie tylko pod wp\u0142ywem s\u0142o\u0144ca, ale tak\u017ce zwyk\u0142ego u\u017cytkowania.  <span class=\"Apple-converted-space\"> <\/span><\/p>\n<p><img loading=\"lazy\" decoding=\"async\" class=\"aligncenter wp-image-28548\" src=\"http:\/\/gardeon.pl\/wp-content\/uploads\/2020\/10\/GARDEON-foto-od-zakaznikov-51-scaled.jpg\" alt=\"Miejsce do siedzenia pod zadaszeniem domku ogrodowego\" width=\"800\" height=\"450\" srcset=\"https:\/\/gardeon.pl\/wp-content\/uploads\/2020\/10\/GARDEON-foto-od-zakaznikov-51-scaled.jpg 2560w, https:\/\/gardeon.pl\/wp-content\/uploads\/2020\/10\/GARDEON-foto-od-zakaznikov-51-300x169.jpg 300w, https:\/\/gardeon.pl\/wp-content\/uploads\/2020\/10\/GARDEON-foto-od-zakaznikov-51-1024x576.jpg 1024w, https:\/\/gardeon.pl\/wp-content\/uploads\/2020\/10\/GARDEON-foto-od-zakaznikov-51-768x432.jpg 768w, https:\/\/gardeon.pl\/wp-content\/uploads\/2020\/10\/GARDEON-foto-od-zakaznikov-51-1536x864.jpg 1536w, https:\/\/gardeon.pl\/wp-content\/uploads\/2020\/10\/GARDEON-foto-od-zakaznikov-51-2048x1152.jpg 2048w\" sizes=\"auto, (max-width: 800px) 100vw, 800px\" \/><\/p>\n<p>Dlatego zalecamy malowanie drewnianych mebli przed ka\u017cdym sezonem w ramach wiosennych porz\u0105dk\u00f3w. Ewentualnie dokr\u0119ci\u0107 kt\u00f3r\u0105\u015b \u015brub\u0119, je\u015bli np. drewniane krzes\u0142o ogrodowe si\u0119 rozchwia\u0142o. Pod tym wzgl\u0119dem palety s\u0105 mniej wymagaj\u0105ce pod wzgl\u0119dem wygl\u0105du i formy, ale mimo to lepiej je zaimpregnowa\u0107, aby warunki atmosferyczne nie naruszy\u0142y struktury materia\u0142u. W ten spos\u00f3b b\u0119d\u0105 Pa\u0144stwo mieli wspania\u0142e meble ogrodowe w ka\u017cdym sezonie.    <span class=\"Apple-converted-space\"> <\/span><\/p>\n<h2>Metal<\/h2>\n<p>Metal r\u00f3wnie\u017c ma sw\u00f3j niepowtarzalny urok. Wygl\u0105da doskonale. Ma tylko jedn\u0105 wad\u0119 \u2013 r\u00f3wnie\u017c nie jest bezobs\u0142ugowy. Je\u015bli pozostawia si\u0119 go na deszczu lub w wilgotnych warunkach, ma tendencj\u0119 do rdzewienia. Cho\u0107 ma wy\u017csz\u0105 odporno\u015b\u0107 na wod\u0119 ni\u017c drewno. Regularne malowanie, kt\u00f3re zakryje niedoskona\u0142o\u015bci, zapobiegnie zagnie\u017cd\u017ceniu si\u0119 rdzy. Zalecamy umieszczenie go pod zadaszeniem ogrodowym lub <a href=\"https:\/\/gardeon.pl\/pl\/pergole\/\">altan\u0105<\/a>.      <span class=\"Apple-converted-space\"> <\/span><\/p>\n<p><img loading=\"lazy\" decoding=\"async\" class=\"aligncenter wp-image-27759\" src=\"http:\/\/gardeon.pl\/wp-content\/uploads\/2020\/08\/GARDEON-foto-od-zakaznikov-19.jpg\" alt=\"Ciemnoszary podw\u00f3jny domek ogrodowy\" width=\"800\" height=\"600\" srcset=\"https:\/\/gardeon.pl\/wp-content\/uploads\/2020\/08\/GARDEON-foto-od-zakaznikov-19.jpg 1417w, https:\/\/gardeon.pl\/wp-content\/uploads\/2020\/08\/GARDEON-foto-od-zakaznikov-19-300x225.jpg 300w, https:\/\/gardeon.pl\/wp-content\/uploads\/2020\/08\/GARDEON-foto-od-zakaznikov-19-1024x768.jpg 1024w, https:\/\/gardeon.pl\/wp-content\/uploads\/2020\/08\/GARDEON-foto-od-zakaznikov-19-768x576.jpg 768w\" sizes=\"auto, (max-width: 800px) 100vw, 800px\" \/><\/p>\n<p>Je\u015bli chodzi o wygod\u0119, do metalowych czy drewnianych mebli ogrodowych b\u0119d\u0105 Pa\u0144stwo potrzebowali r\u00f3wnie\u017c materacy, siedzisk czy poduszek. Zdecydowanie nie nale\u017cy zostawia\u0107 ich na noc na zewn\u0105trz, aby przypadkiem nie zmok\u0142y. W letnie dni mo\u017cna je szybko wysuszy\u0107, ale w ch\u0142odniejsze dni, gdy schni\u0119cie trwa d\u0142u\u017cej, mog\u0105 nawet nabra\u0107 nieprzyjemnego zapachu.  <span class=\"Apple-converted-space\"> <\/span><\/p>\n<p><img loading=\"lazy\" decoding=\"async\" class=\"aligncenter wp-image-19338\" src=\"http:\/\/gardeon.pl\/wp-content\/uploads\/2019\/04\/gabika-hanuskova-e1557491475791.jpg\" alt=\"Podw\u00f3jny domek ogrodowy GARDEON w bia\u0142ym tynku z br\u0105zowymi drzwiami Hormann\" width=\"800\" height=\"600\"><\/p>\n<h2>Plastik<\/h2>\n<p>Bez konserwacji, pomy\u015bl\u0105 Pa\u0144stwo? Cho\u0107 rozk\u0142ada si\u0119 przez setki lat, nie ma jednak takiej wytrzyma\u0142o\u015bci, jak\u0105 mogliby Pa\u0144stwo sobie wyobra\u017ca\u0107. Z kr\u00f3tkoterminowego punktu widzenia plastik jest rozwi\u0105zaniem nieskomplikowanym i tanim. Jednak po latach starzeje si\u0119, kolor blaknie (bia\u0142y ciemnieje) i ulega deformacji. Zar\u00f3wno pod wp\u0142ywem warunk\u00f3w atmosferycznych, jak i u\u017cytkowania.    <\/p>\n<p><img loading=\"lazy\" decoding=\"async\" class=\"aligncenter wp-image-29517\" src=\"http:\/\/gardeon.pl\/wp-content\/uploads\/2020\/11\/gardeon-foto-od-zakaznikov-122.jpg\" alt=\"Miejsce do siedzenia przy domku ogrodowym\" width=\"800\" height=\"1067\" srcset=\"https:\/\/gardeon.pl\/wp-content\/uploads\/2020\/11\/gardeon-foto-od-zakaznikov-122.jpg 1536w, https:\/\/gardeon.pl\/wp-content\/uploads\/2020\/11\/gardeon-foto-od-zakaznikov-122-225x300.jpg 225w, https:\/\/gardeon.pl\/wp-content\/uploads\/2020\/11\/gardeon-foto-od-zakaznikov-122-768x1024.jpg 768w, https:\/\/gardeon.pl\/wp-content\/uploads\/2020\/11\/gardeon-foto-od-zakaznikov-122-1152x1536.jpg 1152w\" sizes=\"auto, (max-width: 800px) 100vw, 800px\" \/><\/p>\n<p>Wspania\u0142e jest to, \u017ce mo\u017cna go zostawi\u0107 pod go\u0142ym niebem, a woda praktycznie mu nie zaszkodzi. Jednak na ten brud trudno patrze\u0107, dlatego wymaga naprawd\u0119 regularnego czyszczenia. Gdy ulegnie deformacji lub z\u0142amaniu, nie mo\u017cna go naprawi\u0107. Z drugiej strony drewno czy metal cz\u0119sto mo\u017cna uratowa\u0107, a regularna konserwacja pozwala utrzyma\u0107 je w bardzo dobrym stanie przez d\u0142ugie lata.    <\/p>\n<h2>Rattan<\/h2>\n<p>Naturalny czy sztuczny? W ka\u017cdym razie nowoczesny. Jednak mniej odporny na warunki zewn\u0119trzne, co zwi\u0119ksza ryzyko, \u017ce po kilku latach zacznie si\u0119 deformowa\u0107. Zar\u00f3wno rattan naturalny, jak i sztuczny. Ale nie wyprzedzajmy fakt\u00f3w.    <\/p>\n<p><img loading=\"lazy\" decoding=\"async\" class=\"aligncenter wp-image-28809\" src=\"http:\/\/gardeon.pl\/wp-content\/uploads\/2020\/10\/GARDEON-foto-od-zakaznikov-87.jpg\" alt=\"Bia\u0142y domek z psem\" width=\"800\" height=\"601\" srcset=\"https:\/\/gardeon.pl\/wp-content\/uploads\/2020\/10\/GARDEON-foto-od-zakaznikov-87.jpg 1500w, https:\/\/gardeon.pl\/wp-content\/uploads\/2020\/10\/GARDEON-foto-od-zakaznikov-87-300x225.jpg 300w, https:\/\/gardeon.pl\/wp-content\/uploads\/2020\/10\/GARDEON-foto-od-zakaznikov-87-1024x769.jpg 1024w, https:\/\/gardeon.pl\/wp-content\/uploads\/2020\/10\/GARDEON-foto-od-zakaznikov-87-768x577.jpg 768w\" sizes=\"auto, (max-width: 800px) 100vw, 800px\" \/><\/p>\n<p><img loading=\"lazy\" decoding=\"async\" class=\"aligncenter size-full wp-image-27946\" src=\"http:\/\/gardeon.pl\/wp-content\/uploads\/2020\/09\/GARDEON-foto-od-zakaznikov-39.jpeg\" alt=\"Schowek ogrodowy w ogrodzie\" width=\"800\" height=\"1067\" srcset=\"https:\/\/gardeon.pl\/wp-content\/uploads\/2020\/09\/GARDEON-foto-od-zakaznikov-39.jpeg 800w, https:\/\/gardeon.pl\/wp-content\/uploads\/2020\/09\/GARDEON-foto-od-zakaznikov-39-225x300.jpeg 225w, https:\/\/gardeon.pl\/wp-content\/uploads\/2020\/09\/GARDEON-foto-od-zakaznikov-39-768x1024.jpeg 768w\" sizes=\"auto, (max-width: 800px) 100vw, 800px\" \/><\/p>\n<p>Mog\u0105 Pa\u0144stwo dba\u0107 o niego na r\u00f3\u017cne sposoby. My\u0107 go, gdy si\u0119 zabrudzi, jednak nie bardzo mokr\u0105 szmatk\u0105. Chroni\u0107 przed s\u0142o\u0144cem, aby nie wyblak\u0142. Przed wilgoci\u0105, aby si\u0119 nie zdeformowa\u0142 czy nie pojawi\u0142 si\u0119 ple\u015b\u0144. Mog\u0105 Pa\u0144stwo kupi\u0107 specjalne oleje, kt\u00f3re pomagaj\u0105 utrzyma\u0107 meble rattanowe w dobrej formie.    <\/p>\n<h3>Gdzie przechowywa\u0107 meble ogrodowe?<\/h3>\n<p>Cho\u0107 jest to oczywiste, musimy to podkre\u015bli\u0107: <i>Mebli ogrodowych z pewno\u015bci\u0105 nie nale\u017cy pozostawia\u0107 na zewn\u0105trz przez zim\u0119.<\/i> Zima i mr\u00f3z mog\u0142yby je powa\u017cnie uszkodzi\u0107. Mo\u017cna je przechowywa\u0107 w domku ogrodowym. Doskona\u0142e schronienie zapewni im r\u00f3wnie\u017c gara\u017c blaszany. Budowle ogrodowe nie musz\u0105 by\u0107 nawet ocieplone. Wystarczy, \u017ce st\u00f3\u0142 ogrodowy czy krzes\u0142a b\u0119d\u0105 znajdowa\u0107 si\u0119 w ochronnym \u201eopakowaniu\u201d. W tym przypadku Pa\u0144stwa montowana wiata ogrodowa mo\u017ce nie wystarczy\u0107.     <\/p>\n<p>Zalet\u0105 rattanu i plastiku jest ich lekko\u015b\u0107. Mo\u017cna je wi\u0119c \u0142atwo przenie\u015b\u0107 do budynku. Meble metalowe i drewniane s\u0105 zazwyczaj ci\u0119\u017csze do przenoszenia. Nale\u017cy r\u00f3wnie\u017c pomy\u015ble\u0107 o tym, ile miejsca maj\u0105 Pa\u0144stwo w gara\u017cu. Nie ka\u017cde meble mo\u017cna z\u0142o\u017cy\u0107, wi\u0119c nale\u017cy liczy\u0107 si\u0119 z odpowiedni\u0105 ilo\u015bci\u0105 przestrzeni. By\u0107 mo\u017ce b\u0119d\u0105 Pa\u0144stwo potrzebowali nowego <a href=\"http:\/\/gardeon.pl\/konfigurator\/zahradne-domceky\/\">montowanego domku ogrodowego<\/a>.     <\/p>\n<p><img loading=\"lazy\" decoding=\"async\" class=\"aligncenter wp-image-19334\" src=\"http:\/\/gardeon.pl\/wp-content\/uploads\/2019\/04\/marcel-taka%C4%8D5-1024x768.jpg\" alt=\"Montowany domek ogrodowy GARDEON w jasnoszarym tynku\" width=\"730\" height=\"548\"><\/p>\n<p>Je\u015bli dobrze przygotuj\u0105 Pa\u0144stwo meble na zim\u0119 i wiosn\u0105 nieco je odnowi\u0105, odwdzi\u0119cz\u0105 si\u0119 d\u0142ug\u0105 trwa\u0142o\u015bci\u0105 i doskona\u0142ym wygl\u0105dem.<\/p>\n<p>&nbsp;<\/p>\n<h5>\u0179r\u00f3d\u0142o (Source):<\/h5>\n<h5>Fotobank GARDEON<\/h5>\n","protected":false},"excerpt":{"rendered":"<p>Szukaj\u0105 Pa\u0144stwo mebli ogrodowych, kt\u00f3re s\u0105 odporne na wod\u0119, zimno czy uszkodzenia mechaniczne? B\u0105d\u017amy szczerzy. Na tym \u015bwiecie nie istnieje nic, co przy regularnym u\u017cytkowaniu i bez odpowiedniej piel\u0119gnacji utrzyma\u0142oby si\u0119 w doskona\u0142ym stanie. Dotyczy to r\u00f3wnie\u017c Pa\u0144stwa mebli ogrodowych. Pogody wprawdzie nie mog\u0105 Pa\u0144stwo kontrolowa\u0107, ale spos\u00f3b przechowywania mebli ju\u017c tak! Por\u00f3wnajmy poszczeg\u00f3lne materia\u0142y [&hellip;]<\/p>\n","protected":false},"author":5,"featured_media":47884,"comment_status":"open","ping_status":"open","sticky":false,"template":"","format":"standard","meta":{"_acf_changed":false,"inline_featured_image":false,"footnotes":""},"categories":[632,578],"tags":[659,579,911,915,899,913,912,916,859,914],"class_list":["post-47882","post","type-post","status-publish","format-standard","has-post-thumbnail","hentry","category-domki-ogrodowe","category-garaze-blaszane","tag-drewno","tag-gardeon","tag-meble-ogrodowe","tag-metal","tag-plastik","tag-przygotowanie-mebli-na-zime","tag-przygotowanie-na-zime","tag-rattan","tag-wiosna","tag-zima"],"acf":[],"yoast_head":"<!-- This site is optimized with the Yoast SEO plugin v27.4 - https:\/\/yoast.com\/product\/yoast-seo-wordpress\/ -->\n<title>Jak przygotowa\u0107 meble ogrodowe na zim\u0119, aby by\u0142y gotowe na wiosn\u0119 | GARDEON<\/title>\n<meta name=\"robots\" content=\"index, follow, max-snippet:-1, max-image-preview:large, max-video-preview:-1\" \/>\n<link rel=\"canonical\" href=\"https:\/\/gardeon.pl\/pl\/blog\/jak-przygotowac-meble-ogrodowe-na-zime-aby-byly-gotowe-na-wiosne\/\" \/>\n<meta property=\"og:locale\" content=\"pl_PL\" \/>\n<meta property=\"og:type\" content=\"article\" \/>\n<meta property=\"og:title\" content=\"Jak przygotowa\u0107 meble ogrodowe na zim\u0119, aby by\u0142y gotowe na wiosn\u0119 | GARDEON\" \/>\n<meta property=\"og:description\" content=\"Szukaj\u0105 Pa\u0144stwo mebli ogrodowych, kt\u00f3re s\u0105 odporne na wod\u0119, zimno czy uszkodzenia mechaniczne? B\u0105d\u017amy szczerzy. Na tym \u015bwiecie nie istnieje nic, co przy regularnym u\u017cytkowaniu i bez odpowiedniej piel\u0119gnacji utrzyma\u0142oby si\u0119 w doskona\u0142ym stanie. Dotyczy to r\u00f3wnie\u017c Pa\u0144stwa mebli ogrodowych. Pogody wprawdzie nie mog\u0105 Pa\u0144stwo kontrolowa\u0107, ale spos\u00f3b przechowywania mebli ju\u017c tak! Por\u00f3wnajmy poszczeg\u00f3lne materia\u0142y [&hellip;]\" \/>\n<meta property=\"og:url\" content=\"https:\/\/gardeon.pl\/pl\/blog\/jak-przygotowac-meble-ogrodowe-na-zime-aby-byly-gotowe-na-wiosne\/\" \/>\n<meta property=\"og:site_name\" content=\"GARDEON\" \/>\n<meta property=\"article:published_time\" content=\"2026-04-23T16:41:23+00:00\" \/>\n<meta property=\"og:image\" content=\"http:\/\/gardeon.pl\/wp-content\/uploads\/2020\/10\/GARDEON-foto-od-zakaznikov-101.jpg\" \/>\n\t<meta property=\"og:image:width\" content=\"1200\" \/>\n\t<meta property=\"og:image:height\" content=\"568\" \/>\n\t<meta property=\"og:image:type\" content=\"image\/jpeg\" \/>\n<meta name=\"author\" content=\"svabikova\" \/>\n<meta name=\"twitter:card\" content=\"summary_large_image\" \/>\n<meta name=\"twitter:label1\" content=\"Napisane przez\" \/>\n\t<meta name=\"twitter:data1\" content=\"svabikova\" \/>\n\t<meta name=\"twitter:label2\" content=\"Szacowany czas czytania\" \/>\n\t<meta name=\"twitter:data2\" content=\"4 minuty\" \/>\n<script type=\"application\/ld+json\" class=\"yoast-schema-graph\">{\"@context\":\"https:\\\/\\\/schema.org\",\"@graph\":[{\"@type\":\"Article\",\"@id\":\"https:\\\/\\\/gardeon.pl\\\/pl\\\/blog\\\/jak-przygotowac-meble-ogrodowe-na-zime-aby-byly-gotowe-na-wiosne\\\/#article\",\"isPartOf\":{\"@id\":\"https:\\\/\\\/gardeon.pl\\\/pl\\\/blog\\\/jak-przygotowac-meble-ogrodowe-na-zime-aby-byly-gotowe-na-wiosne\\\/\"},\"author\":{\"name\":\"svabikova\",\"@id\":\"https:\\\/\\\/gardeon.pl\\\/#\\\/schema\\\/person\\\/27c10adcb406eff344b9b56ed5893c78\"},\"headline\":\"Jak przygotowa\u0107 meble ogrodowe na zim\u0119, aby by\u0142y gotowe na wiosn\u0119\",\"datePublished\":\"2026-04-23T16:41:23+00:00\",\"mainEntityOfPage\":{\"@id\":\"https:\\\/\\\/gardeon.pl\\\/pl\\\/blog\\\/jak-przygotowac-meble-ogrodowe-na-zime-aby-byly-gotowe-na-wiosne\\\/\"},\"wordCount\":870,\"commentCount\":0,\"image\":{\"@id\":\"https:\\\/\\\/gardeon.pl\\\/pl\\\/blog\\\/jak-przygotowac-meble-ogrodowe-na-zime-aby-byly-gotowe-na-wiosne\\\/#primaryimage\"},\"thumbnailUrl\":\"https:\\\/\\\/gardeon.pl\\\/wp-content\\\/uploads\\\/2020\\\/10\\\/GARDEON-foto-od-zakaznikov-101.jpg\",\"keywords\":[\"drewno\",\"GARDEON\",\"meble ogrodowe\",\"metal\",\"plastik\",\"przygotowanie mebli na zim\u0119\",\"przygotowanie na zim\u0119\",\"rattan\",\"wiosna\",\"zima\"],\"articleSection\":[\"Domki ogrodowe\",\"Gara\u017ce blaszane\"],\"inLanguage\":\"pl-PL\",\"potentialAction\":[{\"@type\":\"CommentAction\",\"name\":\"Comment\",\"target\":[\"https:\\\/\\\/gardeon.pl\\\/pl\\\/blog\\\/jak-przygotowac-meble-ogrodowe-na-zime-aby-byly-gotowe-na-wiosne\\\/#respond\"]}]},{\"@type\":\"WebPage\",\"@id\":\"https:\\\/\\\/gardeon.pl\\\/pl\\\/blog\\\/jak-przygotowac-meble-ogrodowe-na-zime-aby-byly-gotowe-na-wiosne\\\/\",\"url\":\"https:\\\/\\\/gardeon.pl\\\/pl\\\/blog\\\/jak-przygotowac-meble-ogrodowe-na-zime-aby-byly-gotowe-na-wiosne\\\/\",\"name\":\"Jak przygotowa\u0107 meble ogrodowe na zim\u0119, aby by\u0142y gotowe na wiosn\u0119 | GARDEON\",\"isPartOf\":{\"@id\":\"https:\\\/\\\/gardeon.pl\\\/#website\"},\"primaryImageOfPage\":{\"@id\":\"https:\\\/\\\/gardeon.pl\\\/pl\\\/blog\\\/jak-przygotowac-meble-ogrodowe-na-zime-aby-byly-gotowe-na-wiosne\\\/#primaryimage\"},\"image\":{\"@id\":\"https:\\\/\\\/gardeon.pl\\\/pl\\\/blog\\\/jak-przygotowac-meble-ogrodowe-na-zime-aby-byly-gotowe-na-wiosne\\\/#primaryimage\"},\"thumbnailUrl\":\"https:\\\/\\\/gardeon.pl\\\/wp-content\\\/uploads\\\/2020\\\/10\\\/GARDEON-foto-od-zakaznikov-101.jpg\",\"datePublished\":\"2026-04-23T16:41:23+00:00\",\"author\":{\"@id\":\"https:\\\/\\\/gardeon.pl\\\/#\\\/schema\\\/person\\\/27c10adcb406eff344b9b56ed5893c78\"},\"breadcrumb\":{\"@id\":\"https:\\\/\\\/gardeon.pl\\\/pl\\\/blog\\\/jak-przygotowac-meble-ogrodowe-na-zime-aby-byly-gotowe-na-wiosne\\\/#breadcrumb\"},\"inLanguage\":\"pl-PL\",\"potentialAction\":[{\"@type\":\"ReadAction\",\"target\":[\"https:\\\/\\\/gardeon.pl\\\/pl\\\/blog\\\/jak-przygotowac-meble-ogrodowe-na-zime-aby-byly-gotowe-na-wiosne\\\/\"]}]},{\"@type\":\"ImageObject\",\"inLanguage\":\"pl-PL\",\"@id\":\"https:\\\/\\\/gardeon.pl\\\/pl\\\/blog\\\/jak-przygotowac-meble-ogrodowe-na-zime-aby-byly-gotowe-na-wiosne\\\/#primaryimage\",\"url\":\"https:\\\/\\\/gardeon.pl\\\/wp-content\\\/uploads\\\/2020\\\/10\\\/GARDEON-foto-od-zakaznikov-101.jpg\",\"contentUrl\":\"https:\\\/\\\/gardeon.pl\\\/wp-content\\\/uploads\\\/2020\\\/10\\\/GARDEON-foto-od-zakaznikov-101.jpg\",\"width\":1200,\"height\":568,\"caption\":\"Przytulny domek ogrodowy z miejscem do siedzenia\"},{\"@type\":\"BreadcrumbList\",\"@id\":\"https:\\\/\\\/gardeon.pl\\\/pl\\\/blog\\\/jak-przygotowac-meble-ogrodowe-na-zime-aby-byly-gotowe-na-wiosne\\\/#breadcrumb\",\"itemListElement\":[{\"@type\":\"ListItem\",\"position\":1,\"name\":\"Domov\",\"item\":\"https:\\\/\\\/gardeon.pl\\\/pl\\\/\"},{\"@type\":\"ListItem\",\"position\":2,\"name\":\"Jak przygotowa\u0107 meble ogrodowe na zim\u0119, aby by\u0142y gotowe na wiosn\u0119\"}]},{\"@type\":\"WebSite\",\"@id\":\"https:\\\/\\\/gardeon.pl\\\/#website\",\"url\":\"https:\\\/\\\/gardeon.pl\\\/\",\"name\":\"GARDEON\",\"description\":\"\",\"potentialAction\":[{\"@type\":\"SearchAction\",\"target\":{\"@type\":\"EntryPoint\",\"urlTemplate\":\"https:\\\/\\\/gardeon.pl\\\/?s={search_term_string}\"},\"query-input\":{\"@type\":\"PropertyValueSpecification\",\"valueRequired\":true,\"valueName\":\"search_term_string\"}}],\"inLanguage\":\"pl-PL\"},{\"@type\":\"Person\",\"@id\":\"https:\\\/\\\/gardeon.pl\\\/#\\\/schema\\\/person\\\/27c10adcb406eff344b9b56ed5893c78\",\"name\":\"svabikova\",\"image\":{\"@type\":\"ImageObject\",\"inLanguage\":\"pl-PL\",\"@id\":\"https:\\\/\\\/secure.gravatar.com\\\/avatar\\\/d2313140c92cf4cb8c2fe1c7416eec8808e5e1b64f9303c0bfe05c0b9daf8cdb?s=96&d=mm&r=g\",\"url\":\"https:\\\/\\\/secure.gravatar.com\\\/avatar\\\/d2313140c92cf4cb8c2fe1c7416eec8808e5e1b64f9303c0bfe05c0b9daf8cdb?s=96&d=mm&r=g\",\"contentUrl\":\"https:\\\/\\\/secure.gravatar.com\\\/avatar\\\/d2313140c92cf4cb8c2fe1c7416eec8808e5e1b64f9303c0bfe05c0b9daf8cdb?s=96&d=mm&r=g\",\"caption\":\"svabikova\"}}]}<\/script>\n<!-- \/ Yoast SEO plugin. -->","yoast_head_json":{"title":"Jak przygotowa\u0107 meble ogrodowe na zim\u0119, aby by\u0142y gotowe na wiosn\u0119 | GARDEON","robots":{"index":"index","follow":"follow","max-snippet":"max-snippet:-1","max-image-preview":"max-image-preview:large","max-video-preview":"max-video-preview:-1"},"canonical":"https:\/\/gardeon.pl\/pl\/blog\/jak-przygotowac-meble-ogrodowe-na-zime-aby-byly-gotowe-na-wiosne\/","og_locale":"pl_PL","og_type":"article","og_title":"Jak przygotowa\u0107 meble ogrodowe na zim\u0119, aby by\u0142y gotowe na wiosn\u0119 | GARDEON","og_description":"Szukaj\u0105 Pa\u0144stwo mebli ogrodowych, kt\u00f3re s\u0105 odporne na wod\u0119, zimno czy uszkodzenia mechaniczne? B\u0105d\u017amy szczerzy. Na tym \u015bwiecie nie istnieje nic, co przy regularnym u\u017cytkowaniu i bez odpowiedniej piel\u0119gnacji utrzyma\u0142oby si\u0119 w doskona\u0142ym stanie. Dotyczy to r\u00f3wnie\u017c Pa\u0144stwa mebli ogrodowych. Pogody wprawdzie nie mog\u0105 Pa\u0144stwo kontrolowa\u0107, ale spos\u00f3b przechowywania mebli ju\u017c tak! Por\u00f3wnajmy poszczeg\u00f3lne materia\u0142y [&hellip;]","og_url":"https:\/\/gardeon.pl\/pl\/blog\/jak-przygotowac-meble-ogrodowe-na-zime-aby-byly-gotowe-na-wiosne\/","og_site_name":"GARDEON","article_published_time":"2026-04-23T16:41:23+00:00","og_image":[{"width":1200,"height":568,"url":"http:\/\/gardeon.pl\/wp-content\/uploads\/2020\/10\/GARDEON-foto-od-zakaznikov-101.jpg","type":"image\/jpeg"}],"author":"svabikova","twitter_card":"summary_large_image","twitter_misc":{"Napisane przez":"svabikova","Szacowany czas czytania":"4 minuty"},"schema":{"@context":"https:\/\/schema.org","@graph":[{"@type":"Article","@id":"https:\/\/gardeon.pl\/pl\/blog\/jak-przygotowac-meble-ogrodowe-na-zime-aby-byly-gotowe-na-wiosne\/#article","isPartOf":{"@id":"https:\/\/gardeon.pl\/pl\/blog\/jak-przygotowac-meble-ogrodowe-na-zime-aby-byly-gotowe-na-wiosne\/"},"author":{"name":"svabikova","@id":"https:\/\/gardeon.pl\/#\/schema\/person\/27c10adcb406eff344b9b56ed5893c78"},"headline":"Jak przygotowa\u0107 meble ogrodowe na zim\u0119, aby by\u0142y gotowe na wiosn\u0119","datePublished":"2026-04-23T16:41:23+00:00","mainEntityOfPage":{"@id":"https:\/\/gardeon.pl\/pl\/blog\/jak-przygotowac-meble-ogrodowe-na-zime-aby-byly-gotowe-na-wiosne\/"},"wordCount":870,"commentCount":0,"image":{"@id":"https:\/\/gardeon.pl\/pl\/blog\/jak-przygotowac-meble-ogrodowe-na-zime-aby-byly-gotowe-na-wiosne\/#primaryimage"},"thumbnailUrl":"https:\/\/gardeon.pl\/wp-content\/uploads\/2020\/10\/GARDEON-foto-od-zakaznikov-101.jpg","keywords":["drewno","GARDEON","meble ogrodowe","metal","plastik","przygotowanie mebli na zim\u0119","przygotowanie na zim\u0119","rattan","wiosna","zima"],"articleSection":["Domki ogrodowe","Gara\u017ce blaszane"],"inLanguage":"pl-PL","potentialAction":[{"@type":"CommentAction","name":"Comment","target":["https:\/\/gardeon.pl\/pl\/blog\/jak-przygotowac-meble-ogrodowe-na-zime-aby-byly-gotowe-na-wiosne\/#respond"]}]},{"@type":"WebPage","@id":"https:\/\/gardeon.pl\/pl\/blog\/jak-przygotowac-meble-ogrodowe-na-zime-aby-byly-gotowe-na-wiosne\/","url":"https:\/\/gardeon.pl\/pl\/blog\/jak-przygotowac-meble-ogrodowe-na-zime-aby-byly-gotowe-na-wiosne\/","name":"Jak przygotowa\u0107 meble ogrodowe na zim\u0119, aby by\u0142y gotowe na wiosn\u0119 | GARDEON","isPartOf":{"@id":"https:\/\/gardeon.pl\/#website"},"primaryImageOfPage":{"@id":"https:\/\/gardeon.pl\/pl\/blog\/jak-przygotowac-meble-ogrodowe-na-zime-aby-byly-gotowe-na-wiosne\/#primaryimage"},"image":{"@id":"https:\/\/gardeon.pl\/pl\/blog\/jak-przygotowac-meble-ogrodowe-na-zime-aby-byly-gotowe-na-wiosne\/#primaryimage"},"thumbnailUrl":"https:\/\/gardeon.pl\/wp-content\/uploads\/2020\/10\/GARDEON-foto-od-zakaznikov-101.jpg","datePublished":"2026-04-23T16:41:23+00:00","author":{"@id":"https:\/\/gardeon.pl\/#\/schema\/person\/27c10adcb406eff344b9b56ed5893c78"},"breadcrumb":{"@id":"https:\/\/gardeon.pl\/pl\/blog\/jak-przygotowac-meble-ogrodowe-na-zime-aby-byly-gotowe-na-wiosne\/#breadcrumb"},"inLanguage":"pl-PL","potentialAction":[{"@type":"ReadAction","target":["https:\/\/gardeon.pl\/pl\/blog\/jak-przygotowac-meble-ogrodowe-na-zime-aby-byly-gotowe-na-wiosne\/"]}]},{"@type":"ImageObject","inLanguage":"pl-PL","@id":"https:\/\/gardeon.pl\/pl\/blog\/jak-przygotowac-meble-ogrodowe-na-zime-aby-byly-gotowe-na-wiosne\/#primaryimage","url":"https:\/\/gardeon.pl\/wp-content\/uploads\/2020\/10\/GARDEON-foto-od-zakaznikov-101.jpg","contentUrl":"https:\/\/gardeon.pl\/wp-content\/uploads\/2020\/10\/GARDEON-foto-od-zakaznikov-101.jpg","width":1200,"height":568,"caption":"Przytulny domek ogrodowy z miejscem do siedzenia"},{"@type":"BreadcrumbList","@id":"https:\/\/gardeon.pl\/pl\/blog\/jak-przygotowac-meble-ogrodowe-na-zime-aby-byly-gotowe-na-wiosne\/#breadcrumb","itemListElement":[{"@type":"ListItem","position":1,"name":"Domov","item":"https:\/\/gardeon.pl\/pl\/"},{"@type":"ListItem","position":2,"name":"Jak przygotowa\u0107 meble ogrodowe na zim\u0119, aby by\u0142y gotowe na wiosn\u0119"}]},{"@type":"WebSite","@id":"https:\/\/gardeon.pl\/#website","url":"https:\/\/gardeon.pl\/","name":"GARDEON","description":"","potentialAction":[{"@type":"SearchAction","target":{"@type":"EntryPoint","urlTemplate":"https:\/\/gardeon.pl\/?s={search_term_string}"},"query-input":{"@type":"PropertyValueSpecification","valueRequired":true,"valueName":"search_term_string"}}],"inLanguage":"pl-PL"},{"@type":"Person","@id":"https:\/\/gardeon.pl\/#\/schema\/person\/27c10adcb406eff344b9b56ed5893c78","name":"svabikova","image":{"@type":"ImageObject","inLanguage":"pl-PL","@id":"https:\/\/secure.gravatar.com\/avatar\/d2313140c92cf4cb8c2fe1c7416eec8808e5e1b64f9303c0bfe05c0b9daf8cdb?s=96&d=mm&r=g","url":"https:\/\/secure.gravatar.com\/avatar\/d2313140c92cf4cb8c2fe1c7416eec8808e5e1b64f9303c0bfe05c0b9daf8cdb?s=96&d=mm&r=g","contentUrl":"https:\/\/secure.gravatar.com\/avatar\/d2313140c92cf4cb8c2fe1c7416eec8808e5e1b64f9303c0bfe05c0b9daf8cdb?s=96&d=mm&r=g","caption":"svabikova"}}]}},"_links":{"self":[{"href":"https:\/\/gardeon.pl\/pl\/wp-json\/wp\/v2\/posts\/47882","targetHints":{"allow":["GET"]}}],"collection":[{"href":"https:\/\/gardeon.pl\/pl\/wp-json\/wp\/v2\/posts"}],"about":[{"href":"https:\/\/gardeon.pl\/pl\/wp-json\/wp\/v2\/types\/post"}],"author":[{"embeddable":true,"href":"https:\/\/gardeon.pl\/pl\/wp-json\/wp\/v2\/users\/5"}],"replies":[{"embeddable":true,"href":"https:\/\/gardeon.pl\/pl\/wp-json\/wp\/v2\/comments?post=47882"}],"version-history":[{"count":0,"href":"https:\/\/gardeon.pl\/pl\/wp-json\/wp\/v2\/posts\/47882\/revisions"}],"wp:featuredmedia":[{"embeddable":true,"href":"https:\/\/gardeon.pl\/pl\/wp-json\/wp\/v2\/media\/47884"}],"wp:attachment":[{"href":"https:\/\/gardeon.pl\/pl\/wp-json\/wp\/v2\/media?parent=47882"}],"wp:term":[{"taxonomy":"category","embeddable":true,"href":"https:\/\/gardeon.pl\/pl\/wp-json\/wp\/v2\/categories?post=47882"},{"taxonomy":"post_tag","embeddable":true,"href":"https:\/\/gardeon.pl\/pl\/wp-json\/wp\/v2\/tags?post=47882"}],"curies":[{"name":"wp","href":"https:\/\/api.w.org\/{rel}","templated":true}]}}