{"id":47883,"date":"2026-04-23T17:42:24","date_gmt":"2026-04-23T15:42:24","guid":{"rendered":"https:\/\/gardeon.pl\/blog\/jak-prawidlowo-zbudowac-podniesiona-grzadke\/"},"modified":"2026-04-23T18:41:23","modified_gmt":"2026-04-23T16:41:23","slug":"jak-prawidlowo-zbudowac-podniesiona-grzadke","status":"publish","type":"post","link":"https:\/\/gardeon.pl\/pl\/blog\/jak-prawidlowo-zbudowac-podniesiona-grzadke\/","title":{"rendered":"Jak prawid\u0142owo zbudowa\u0107 podniesion\u0105 grz\u0105dk\u0119"},"content":{"rendered":"<p><em>Zastanawiaj\u0105 si\u0119 Pa\u0144stwo nad podniesionymi grz\u0105dkami, kt\u00f3re uwolni\u0142yby od wiecznego schylania si\u0119 i pracy w g\u0142\u0119bokim pochyleniu? Mog\u0105 one rozwi\u0105za\u0107 ten problem, ale aby byli Pa\u0144stwo naprawd\u0119 zadowoleni z rezultatu, podczas ich budowy nale\u017cy przestrzega\u0107 kilku zasad. <\/em><\/p>\n<p><!--more--><\/p>\n<h2>Zalety i wady podniesionych grz\u0105dek<\/h2>\n<p>Opr\u00f3cz tego, \u017ce podniesione grz\u0105dki mog\u0105 uwolni\u0107 Pa\u0144stwa od nieprzyjemnego schylania si\u0119, a tym samym oszcz\u0119dzi\u0107 plecy, maj\u0105 te\u017c inn\u0105 zalet\u0119 \u2013 mo\u017cna w nich uzyska\u0107 zupe\u0142nie inn\u0105 jako\u015b\u0107 gleby ni\u017c ta, kt\u00f3r\u0105 maj\u0105 Pa\u0144stwo na dzia\u0142ce. Idealnie nadaj\u0105 si\u0119 wi\u0119c tam, gdzie ziemia jest nieurodzajna lub wyst\u0119puje wysoki poziom w\u00f3d gruntowych, albo w przypadkach, gdy potrzebuj\u0105 Pa\u0144stwo dla ro\u015blin r\u00f3\u017cnych parametr\u00f3w gleby (na przyk\u0142ad bor\u00f3wki preferuj\u0105 gleb\u0119 kwa\u015bn\u0105, a pomidory czy marchew \u2013 bardziej zasadow\u0105). <\/p>\n<p>Do ich zalet nale\u017cy r\u00f3wnie\u017c \u0142atwiejsza ochrona przed kretami oraz fakt, \u017ce wy\u017cej posadzone ro\u015bliny nie s\u0105 tak podatne na uszkodzenia przez przymrozki przygruntowe.<\/p>\n<p><a href=\"http:\/\/gardeon.pl\/wp-content\/uploads\/2021\/10\/vyvysene-zahony-na-terase.jpg\"><img loading=\"lazy\" decoding=\"async\" class=\"aligncenter wp-image-41258 size-full\" src=\"http:\/\/gardeon.pl\/wp-content\/uploads\/2021\/10\/vyvysene-zahony-na-terase.jpg\" alt=\"Podniesiona grz\u0105dka na tarasie w Gardeon.\" width=\"1800\" height=\"1200\" srcset=\"https:\/\/gardeon.pl\/wp-content\/uploads\/2021\/10\/vyvysene-zahony-na-terase.jpg 1800w, https:\/\/gardeon.pl\/wp-content\/uploads\/2021\/10\/vyvysene-zahony-na-terase-300x200.jpg 300w, https:\/\/gardeon.pl\/wp-content\/uploads\/2021\/10\/vyvysene-zahony-na-terase-1024x683.jpg 1024w, https:\/\/gardeon.pl\/wp-content\/uploads\/2021\/10\/vyvysene-zahony-na-terase-768x512.jpg 768w, https:\/\/gardeon.pl\/wp-content\/uploads\/2021\/10\/vyvysene-zahony-na-terase-1536x1024.jpg 1536w\" sizes=\"auto, (max-width: 1800px) 100vw, 1800px\" \/><\/a><\/p>\n<p>Z kolei wad\u0105 podniesionych grz\u0105dek jest ich podatno\u015b\u0107 na przegrzewanie, kt\u00f3re nie odpowiada niekt\u00f3rym gatunkom warzyw, a tak\u017ce szybsze wysychanie, a co za tym idzie \u2013 wi\u0119ksze zu\u017cycie wody. Do uprawy wykorzystaj\u0105 Pa\u0144stwo r\u00f3wnie\u017c mniejsz\u0105 powierzchni\u0119 dzia\u0142ki, a grz\u0105dek nie da si\u0119 \u0142atwo przekopa\u0107 i przestawi\u0107 inaczej ni\u017c w przypadku tradycyjnego ogrodu (podniesionych grz\u0105dek w og\u00f3le si\u0119 nie przekopuje). Nale\u017cy wi\u0119c nieco inaczej planowa\u0107, co, gdzie i kiedy posadzi\u0107. I oczywi\u015bcie z ich budow\u0105 i utrzymaniem wi\u0105\u017c\u0105 si\u0119 wy\u017csze koszty i wi\u0119cej pracy.   <\/p>\n<p>Nie dajcie si\u0119 wi\u0119c Pa\u0144stwo ponie\u015b\u0107 wy\u0142\u0105cznie wizji wi\u0119kszego komfortu pracy. Zanim zaczn\u0105 Pa\u0144stwo planowa\u0107 budow\u0119 podniesionych grz\u0105dek, dobrze rozwa\u017cy\u0107 wszystkie za i przeciw. <\/p>\n<p><strong>Wskaz\u00f3wka Gardeon<\/strong>: Je\u015bli buduj\u0105 Pa\u0144stwo grz\u0105dk\u0119 na kostce brukowej, betonowym pod\u0142o\u017cu, tarasie lub innej nieprzepuszczalnej powierzchni, potrzebuj\u0105 Pa\u0144stwo podniesionej grz\u0105dki z dnem. Grz\u0105dka bez dna jest odpowiednia, je\u015bli buduj\u0105 Pa\u0144stwo bezpo\u015brednio na ziemi ogrodowej, trawie lub glinie. Otwarte dno zapewnia naturalny drena\u017c, a woda \u0142atwo przesi\u0105ka do ni\u017cszych warstw gleby.  <\/p>\n<h2><b>Odpowiednie miejsce na podniesion\u0105 grz\u0105dk\u0119<\/b><\/h2>\n<p><span style=\"font-weight: 400;\">Przy wyborze miejsca nale\u017cy w pierwszej kolejno\u015bci wzi\u0105\u0107 pod uwag\u0119 wymagania ro\u015blin, czyli ilo\u015b\u0107 s\u0142o\u0144ca, ale tak\u017ce to, na ile grz\u0105dka b\u0119dzie nara\u017cona na wiatr. Poniewa\u017c jest to wyrazisty element, kt\u00f3ry wp\u0142ynie na wygl\u0105d ogrodu, grz\u0105dki mo\u017cna wykorzysta\u0107 na przyk\u0142ad do oddzielenia stref o r\u00f3\u017cnych funkcjach, lub do stworzenia zak\u0105tka, linii wzd\u0142u\u017c p\u0142otu czy ciekawej kompozycji w jakiej\u015b cz\u0119\u015bci dzia\u0142ki. <\/span><\/p>\n<p>Wa\u017cnym kryterium jest r\u00f3wnie\u017c odleg\u0142o\u015b\u0107 grz\u0105dek od \u017ar\u00f3d\u0142a wody, a tak\u017ce od <a href=\"https:\/\/gardeon.pl\/pl\/domki-ogrodowe-na-narzedzia\/\">domku ogrodowego<\/a> czy <a href=\"https:\/\/gardeon.pl\/pl\/garaze\/\">gara\u017cu<\/a>, gdzie przechowuj\u0105 Pa\u0144stwo narz\u0119dzia. \u0141atwy dost\u0119p do narz\u0119dzi ogrodowych, w\u0119\u017cy i innych akcesori\u00f3w zmniejszy wysi\u0142ek i czas po\u015bwi\u0119cony na przemieszczanie si\u0119. Grz\u0105dka stworzy estetyczne po\u0142\u0105czenie mi\u0119dzy budynkiem a otaczaj\u0105cym ogrodem, a w niekt\u00f3rych przypadkach \u015bciany budynk\u00f3w mog\u0105 r\u00f3wnie\u017c zapewni\u0107 cz\u0119\u015bciow\u0105 ochron\u0119 przed silnym wiatrem, co jest korzystne dla bardziej wra\u017cliwych ro\u015blin.  <\/p>\n<p><span style=\"font-weight: 400;\">Prosz\u0119 r\u00f3wnie\u017c uwzgl\u0119dni\u0107 orientacj\u0119 wzgl\u0119dem s\u0142o\u0144ca. Grz\u0105dki umieszczone po p\u00f3\u0142nocnej stronie domku ogrodowego mog\u0105 cierpie\u0107 na niedob\u00f3r \u015bwiat\u0142a, natomiast po stronie po\u0142udniowej mo\u017ce dochodzi\u0107 do nadmiernego przegrzewania gleby, zw\u0142aszcza je\u015bli konstrukcja grz\u0105dki jest wykonana z ciemnego materia\u0142u. <\/span><\/p>\n<p>Grz\u0105dka pod <a href=\"https:\/\/gardeon.pl\/pl\/pergole\/\">pergol\u0105<\/a> lub w jej pobli\u017cu mo\u017ce znacznie uprzyjemni\u0107 siedzenie, na przyk\u0142ad dzi\u0119ki pachn\u0105cym zio\u0142om lub kwiatom. Je\u015bli pergola jest przeznaczona dla ro\u015blin pn\u0105cych, grz\u0105dka zapewni im idealne warunki do wzrostu i pos\u0142u\u017cy do wizualnego oddzielenia strefy relaksu pod pergol\u0105 od reszty ogrodu. <\/p>\n<p><strong>Wskaz\u00f3wka Gardeon<\/strong>: W okolicy pergoli i altan, gdzie chc\u0105 Pa\u0144stwo cieszy\u0107 si\u0119 niezak\u0142\u00f3conym odpoczynkiem, zalecamy sadzenie ro\u015blin, kt\u00f3re naturalnie <a href=\"https:\/\/gardeon.pl\/pl\/blog\/jak-latem-walczyc-z-owadami-przepisy-na-naturalne-repelenty\/\">odstraszaj\u0105 owady<\/a>. Doskona\u0142ym wyborem jest lawenda, melisa lekarska lub trawa cytrynowa, kt\u00f3re swoim aromatem skutecznie odstrasz\u0105 komary i inne uci\u0105\u017cliwe owady. <\/p>\n<p><a href=\"http:\/\/gardeon.pl\/wp-content\/uploads\/2021\/04\/gardeon-vyvyseny-zahon-3.jpg\"><img loading=\"lazy\" decoding=\"async\" class=\"aligncenter wp-image-32381\" src=\"http:\/\/gardeon.pl\/wp-content\/uploads\/2021\/04\/gardeon-vyvyseny-zahon-3.jpg\" alt=\"Bia\u0142a podniesiona grz\u0105dka na tarasie.\" width=\"800\" height=\"600\" srcset=\"https:\/\/gardeon.pl\/wp-content\/uploads\/2021\/04\/gardeon-vyvyseny-zahon-3.jpg 2000w, https:\/\/gardeon.pl\/wp-content\/uploads\/2021\/04\/gardeon-vyvyseny-zahon-3-300x225.jpg 300w, https:\/\/gardeon.pl\/wp-content\/uploads\/2021\/04\/gardeon-vyvyseny-zahon-3-1024x768.jpg 1024w, https:\/\/gardeon.pl\/wp-content\/uploads\/2021\/04\/gardeon-vyvyseny-zahon-3-768x576.jpg 768w, https:\/\/gardeon.pl\/wp-content\/uploads\/2021\/04\/gardeon-vyvyseny-zahon-3-1536x1152.jpg 1536w\" sizes=\"auto, (max-width: 800px) 100vw, 800px\" \/><\/a><\/p>\n<h2>Odpowiednie wymiary grz\u0105dek<\/h2>\n<p>Wymiary powinny odpowiada\u0107 nie tylko dost\u0119pnej powierzchni, ale tak\u017ce Pa\u0144stwa potrzebom podczas pracy. Wysoko\u015b\u0107 grz\u0105dki wynosi zazwyczaj od 70 do 90 cm, szeroko\u015b\u0107 powinna by\u0107 taka, aby mogli Pa\u0144stwo wygodnie dosi\u0119gn\u0105\u0107 do \u015brodka. Je\u015bli grz\u0105dka jest dost\u0119pna z dw\u00f3ch stron, powinna mie\u0107 maksymalnie 160 cm szeroko\u015bci, ale niekt\u00f3rym wystarczy nawet metr. Jest bowiem du\u017ca r\u00f3\u017cnica w tym, czy b\u0119dzie si\u0119 ni\u0105 zajmowa\u0107 drobna kobieta, kt\u00f3ra nie ma nawet metra sze\u015b\u0107dziesi\u0105t, czy prawie dwumetrowy m\u0119\u017cczyzna.   <\/p>\n<p>Przy planowaniu wymiar\u00f3w najlepiej jest wi\u0119c sprawdzi\u0107, na jakiej wysoko\u015bci b\u0119dzie Pa\u0144stwu wygodnie podlewa\u0107 i do jakiej odleg\u0142o\u015bci wygodnie dosi\u0119gn\u0105 Pa\u0144stwo podczas okopywania czy pielenia chwast\u00f3w. D\u0142ugo\u015b\u0107 grz\u0105dki mo\u017ce by\u0107 w zasadzie dowolna i powinna wynika\u0107 przede wszystkim z wymiar\u00f3w dost\u0119pnej powierzchni. Wa\u017cna jest jednak szeroko\u015b\u0107 \u015bcie\u017cki mi\u0119dzy grz\u0105dkami \u2013 na pewno nie powinna by\u0107 \u201ena styk\u201d. Prosz\u0119 pami\u0119ta\u0107, \u017ce do grz\u0105dek b\u0119d\u0105 Pa\u0144stwo musieli czasem dotrze\u0107 r\u00f3wnie\u017c z taczk\u0105. Je\u015bli chc\u0105 Pa\u0144stwo wy\u0142o\u017cy\u0107 \u015bcie\u017cki kostk\u0105, prosz\u0119 uwzgl\u0119dni\u0107 wymiary konkretnej kostki. Zaoszcz\u0119dz\u0105 Pa\u0144stwo w ten spos\u00f3b ci\u0119cie czy fugi na kraw\u0119dziach, kt\u00f3re by\u0142yby trudne do utrzymania.     <\/p>\n<h2><b>Jaki materia\u0142 jest najlepszy?<\/b><\/h2>\n<p><span style=\"font-weight: 400;\">Podniesione grz\u0105dki buduje si\u0119 z r\u00f3\u017cnych materia\u0142\u00f3w. Z cegie\u0142, tak zwanych \u201ed\u00e9-t\u00e9-\u010dek\u201d, czyli betonowych bloczk\u00f3w, kt\u00f3re s\u0105 u\u017cywane do budowy fundament\u00f3w, z palisad czy drewna. Wi\u0119kszo\u015b\u0107 ludzi bierze pod uwag\u0119 przede wszystkim cen\u0119 i wygl\u0105d. Ale przy wyborze odpowiedniego materia\u0142u budowlanego wa\u017cne jest, aby u\u015bwiadomi\u0107 sobie jeszcze dwie rzeczy. Jedn\u0105 jest szeroko\u015b\u0107 konstrukcji \u2013 im szerszy b\u0119dzie brzeg grz\u0105dki, tym w\u0119\u017csza przestrze\u0144 pozostanie Pa\u0144stwu do uprawy. Drug\u0105 jest odporno\u015b\u0107 na wilgo\u0107 i warunki atmosferyczne, z czego wynika \u017cywotno\u015b\u0107 konstrukcji, ale tak\u017ce sposoby jej ochrony. Na przyk\u0142ad ceglane murki wygl\u0105daj\u0105 pi\u0119knie, ale pod wp\u0142ywem wilgoci i zamarzania zwyk\u0142e ceg\u0142y szybko zaczn\u0105 si\u0119 kruszy\u0107.      <\/span><\/p>\n<p><a href=\"http:\/\/gardeon.pl\/wp-content\/uploads\/2021\/04\/gardeon-vyvyseny-zahon-2.jpg\"><img loading=\"lazy\" decoding=\"async\" class=\"aligncenter wp-image-32383\" src=\"http:\/\/gardeon.pl\/wp-content\/uploads\/2021\/04\/gardeon-vyvyseny-zahon-2.jpg\" alt=\"Wn\u0119trze bia\u0142ej podniesionej grz\u0105dki.\" width=\"800\" height=\"600\" srcset=\"https:\/\/gardeon.pl\/wp-content\/uploads\/2021\/04\/gardeon-vyvyseny-zahon-2.jpg 2000w, https:\/\/gardeon.pl\/wp-content\/uploads\/2021\/04\/gardeon-vyvyseny-zahon-2-300x225.jpg 300w, https:\/\/gardeon.pl\/wp-content\/uploads\/2021\/04\/gardeon-vyvyseny-zahon-2-1024x768.jpg 1024w, https:\/\/gardeon.pl\/wp-content\/uploads\/2021\/04\/gardeon-vyvyseny-zahon-2-768x576.jpg 768w, https:\/\/gardeon.pl\/wp-content\/uploads\/2021\/04\/gardeon-vyvyseny-zahon-2-1536x1152.jpg 1536w\" sizes=\"auto, (max-width: 800px) 100vw, 800px\" \/><\/a><\/p>\n<p><span style=\"font-weight: 400;\">Betonowe bloczki s\u0105 trwa\u0142e, a je\u015bli ob\u0142o\u017c\u0105 je Pa\u0144stwo z zewn\u0105trz na przyk\u0142ad kamieniem, b\u0119d\u0105 wygl\u0105da\u0107 \u0142adnie, ale taki murek jest w rezultacie zbyt szeroki. A siedzenie na murku i wyginanie si\u0119 na boki podczas pracy zdecydowanie nie jest wygodne. <\/span><\/p>\n<p><span style=\"font-weight: 400;\">Blacha jest co prawda trwa\u0142a, a taka konstrukcja nie jest gruba, ale pogarsza przegrzewanie i wysychanie grz\u0105dek.<\/span><\/p>\n<p>Idealnym materia\u0142em wydaje si\u0119 wi\u0119c drewno. Doskonale pasuje do ogrodu, \u0142atwo si\u0119 z nim pracuje, a powsta\u0142a konstrukcja ma niewielk\u0105 grubo\u015b\u0107. Konieczne jest jednak chronienie go przed dzia\u0142aniem wilgoci. Podstaw\u0105 jest bejca (chroni przed zgnilizn\u0105 i grzybami niszcz\u0105cymi drewno), mo\u017cna r\u00f3wnie\u017c u\u017cy\u0107 cienkowarstwowej (olejowej) lazury lub oleju. Praktyczna jest pow\u0142oka 2 w 1, czyli lazura po\u0142\u0105czona z bejc\u0105.    <\/p>\n<p>Od wewn\u0105trz, gdzie drewno ma sta\u0142y kontakt z ziemi\u0105, dobrze jest chroni\u0107 je odpowiedni\u0105 foli\u0105 hydroizolacyjn\u0105, na przyk\u0142ad kube\u0142kow\u0105 (prosz\u0119 przymocowa\u0107 j\u0105 wypustkami w stron\u0119 drewna, aby powietrze mog\u0142o wok\u00f3\u0142 niego kr\u0105\u017cy\u0107). Je\u015bli nie lubi\u0105 Pa\u0144stwo plastiku, mog\u0105 Pa\u0144stwo zrezygnowa\u0107 z folii, ale w takim przypadku nale\u017cy liczy\u0107 si\u0119 z kr\u00f3tsz\u0105 \u017cywotno\u015bci\u0105 drewnianej obudowy. <\/p>\n<h2><b>Jak post\u0119powa\u0107 podczas realizacji<\/b><\/h2>\n<p><span style=\"font-weight: 400;\">Najpierw prosz\u0119 zaznaczy\u0107 obszar przeznaczony na podniesion\u0105 grz\u0105dk\u0119 (np. sznurkiem). Prosz\u0119 usun\u0105\u0107 traw\u0119 i g\u00f3rn\u0105 warstw\u0119 gleby na g\u0142\u0119boko\u015b\u0107 oko\u0142o 30 do 50 cm. Darnie trawy i gleb\u0119 prosz\u0119 od\u0142o\u017cy\u0107, p\u00f3\u017aniej zostan\u0105 one wykorzystane do wype\u0142nienia grz\u0105dki. W przypadku konstrukcji drewnianej wskazane jest zabezpieczenie jej dolnej cz\u0119\u015bci przed wilgoci\u0105. Prosz\u0119 wykopa\u0107 r\u00f3w wok\u00f3\u0142 obwodu grz\u0105dki i wype\u0142ni\u0107 go \u017cwirem, kt\u00f3ry pos\u0142u\u017cy jako drena\u017c.    <\/span><\/p>\n<p><a href=\"http:\/\/gardeon.pl\/wp-content\/uploads\/2021\/04\/gardeon-vyvyseny-zahon-6.jpg\"><img loading=\"lazy\" decoding=\"async\" class=\"aligncenter wp-image-32375\" src=\"http:\/\/gardeon.pl\/wp-content\/uploads\/2021\/04\/gardeon-vyvyseny-zahon-6.jpg\" alt=\"Kwiaty w podniesionej grz\u0105dce.\" width=\"800\" height=\"600\" srcset=\"https:\/\/gardeon.pl\/wp-content\/uploads\/2021\/04\/gardeon-vyvyseny-zahon-6.jpg 2000w, https:\/\/gardeon.pl\/wp-content\/uploads\/2021\/04\/gardeon-vyvyseny-zahon-6-300x225.jpg 300w, https:\/\/gardeon.pl\/wp-content\/uploads\/2021\/04\/gardeon-vyvyseny-zahon-6-1024x768.jpg 1024w, https:\/\/gardeon.pl\/wp-content\/uploads\/2021\/04\/gardeon-vyvyseny-zahon-6-768x576.jpg 768w, https:\/\/gardeon.pl\/wp-content\/uploads\/2021\/04\/gardeon-vyvyseny-zahon-6-1536x1152.jpg 1536w\" sizes=\"auto, (max-width: 800px) 100vw, 800px\" \/><\/a><\/p>\n<p>Do samej konstrukcji mo\u017cna u\u017cy\u0107 drewnianych kant\u00f3wek, desek lub palet. W zasadzie jest to rodzaj ma\u0142ego, pe\u0142nego p\u0142otu. W rogach i ewentualnie na d\u0142u\u017cszych bokach grz\u0105dki prosz\u0119 osadzi\u0107 s\u0142upki no\u015bne (kant\u00f3wki), do kt\u00f3rych z zewn\u0105trz przykr\u0119c\u0105 Pa\u0144stwo wype\u0142nienie z desek, pe\u0142nych palet lub cie\u0144szych kant\u00f3wek. Drewno nast\u0119pnie prosz\u0119 pomalowa\u0107 zgodnie z instrukcj\u0105.   <\/p>\n<p>Na dno grz\u0105dki prosz\u0119 po\u0142o\u017cy\u0107 siatk\u0119 o ma\u0142ych oczkach, kt\u00f3ra zapobiegnie dostawaniu si\u0119 do \u015brodka kret\u00f3w i nornic. Wewn\u0119trzn\u0105 stron\u0119 \u015bcian dobrze jest wy\u0142o\u017cy\u0107 foli\u0105 kube\u0142kow\u0105. B\u0119dzie ona chroni\u0107 drewno przed wilgoci\u0105 z gleby, ale tak\u017ce ograniczy odparowywanie wody z wype\u0142nienia grz\u0105dki. Foli\u0119 mo\u017cna przymocowa\u0107 na g\u00f3rnej kraw\u0119dzi, na przyk\u0142ad za pomoc\u0105 \u015brub i stalowej ta\u015bmy.   <\/p>\n<h2>Jak i czym wype\u0142ni\u0107 grz\u0105dk\u0119?<\/h2>\n<p>Prawid\u0142owe wype\u0142nienie podniesionej grz\u0105dki sk\u0142ada si\u0119 z 4 warstw, z kt\u00f3rych ka\u017cda ma swoj\u0105 funkcj\u0119:<\/p>\n<ol>\n<li><strong>Warstwa drena\u017cowa<\/strong> \u2013 Pierwsz\u0105 warstw\u0119 (oko\u0142o jednej trzeciej wysoko\u015bci) tworz\u0105 ga\u0142\u0119zie, ewentualnie r\u00f3wnie\u017c twarde \u0142odygi, mo\u017cna je r\u00f3wnie\u017c po\u0142\u0105czy\u0107 z pod\u0142o\u017cem z kartonu. Podstawowym zadaniem tej warstwy jest zatrzymywanie wody. <\/li>\n<li><strong>Warstwa organiczna<\/strong> \u2013 Druga warstwa (co najmniej do dw\u00f3ch trzecich wysoko\u015bci grz\u0105dki, mo\u017ce by\u0107 te\u017c wy\u017csza) powinna zawiera\u0107 sk\u0142adniki organiczne, kt\u00f3re b\u0119d\u0105 si\u0119 stopniowo rozk\u0142ada\u0107 i s\u0142u\u017cy\u0107 jako magazyn sk\u0142adnik\u00f3w od\u017cywczych. Mo\u017ce j\u0105 tworzy\u0107 mieszanka darni trawy (traw\u0105 do do\u0142u) i niedojrza\u0142ego kompostu, odpad\u00f3w kuchennych, trawy i li\u015bci z ogrodu przeplatanych ziemi\u0105, ewentualnie po\u0142\u0105czonych r\u00f3wnie\u017c z obornikiem lub popio\u0142em. <\/li>\n<li><strong>Warstwa kompostowa<\/strong> \u2013 Trzeci\u0105 warstw\u0105 jest dojrza\u0142y kompost. Warstwa ta stanowi podstaw\u0119 dla korzeni ro\u015blin i zapewnia bogate i stopniowe uwalnianie sk\u0142adnik\u00f3w od\u017cywczych. <\/li>\n<li><strong>Warstwa wierzchnia z nasadzeniami<\/strong> \u2013 Na koniec prosz\u0119 umie\u015bci\u0107 warstw\u0119 wysokiej jako\u015bci pod\u0142o\u017ca ogrodniczego lub mieszanki przesianego kompostu i ziemi. Do tej ko\u0144cowej warstwy mo\u017cna ju\u017c bezpo\u015brednio sadzi\u0107 ro\u015bliny, kt\u00f3re b\u0119d\u0105 mia\u0142y natychmiastowy dost\u0119p do sk\u0142adnik\u00f3w od\u017cywczych. <\/li>\n<\/ol>\n<p><a href=\"http:\/\/gardeon.pl\/wp-content\/uploads\/2021\/10\/vrstvy-zahonu-cz-1.jpg\"><img loading=\"lazy\" decoding=\"async\" class=\"aligncenter wp-image-41259 size-full\" src=\"http:\/\/gardeon.pl\/wp-content\/uploads\/2021\/10\/vrstvy-zahonu-cz-1.jpg\" alt=\"Warstwy podniesionej grz\u0105dki.\" width=\"1800\" height=\"1200\" srcset=\"https:\/\/gardeon.pl\/wp-content\/uploads\/2021\/10\/vrstvy-zahonu-cz-1.jpg 1800w, https:\/\/gardeon.pl\/wp-content\/uploads\/2021\/10\/vrstvy-zahonu-cz-1-300x200.jpg 300w, https:\/\/gardeon.pl\/wp-content\/uploads\/2021\/10\/vrstvy-zahonu-cz-1-1024x683.jpg 1024w, https:\/\/gardeon.pl\/wp-content\/uploads\/2021\/10\/vrstvy-zahonu-cz-1-768x512.jpg 768w, https:\/\/gardeon.pl\/wp-content\/uploads\/2021\/10\/vrstvy-zahonu-cz-1-1536x1024.jpg 1536w\" sizes=\"auto, (max-width: 1800px) 100vw, 1800px\" \/><\/a><\/p>\n<p><span style=\"font-weight: 400;\">Wn\u0119trze grz\u0105dki tworzy wi\u0119c du\u017ca ilo\u015b\u0107 stopniowo rozk\u0142adaj\u0105cej si\u0119 materii organicznej, kt\u00f3ra wytwarza ciep\u0142o i bardzo \u017cyzn\u0105 gleb\u0119. Wa\u017cna jest jednak r\u00f3wnie\u017c jej powierzchnia, kt\u00f3r\u0105 powinna chroni\u0107 \u015bci\u00f3\u0142ka. Idealna jest s\u0142oma, kt\u00f3ra utrzymuje wilgo\u0107 w glebie, a jednocze\u015bnie zapobiega ukorzenianiu si\u0119 chwast\u00f3w. Mo\u017cna r\u00f3wnie\u017c \u015bci\u00f3\u0142kowa\u0107 skoszon\u0105 traw\u0105, kt\u00f3ra jest jednocze\u015bnie \u017ar\u00f3d\u0142em sk\u0142adnik\u00f3w od\u017cywczych, prosz\u0119 jednak uwa\u017ca\u0107, aby jej warstwa nie stanowi\u0142a schronienia dla \u015blimak\u00f3w.   <\/span><\/p>\n<p><span style=\"font-weight: 400;\">Podniesionych grz\u0105dek si\u0119 nie przekopuje, ich powierzchni\u0119 jedynie spulchnia si\u0119 motyk\u0105. Jesieni\u0105 prosz\u0119 na\u0142o\u017cy\u0107 na nie odpady ro\u015blinne z ogrodu. Do wiosny roz\u0142o\u017c\u0105 si\u0119, uzupe\u0142niaj\u0105c sk\u0142adniki od\u017cywcze i mas\u0119, poniewa\u017c zawarto\u015b\u0107 grz\u0105dki stopniowo osiada.  <\/span><\/p>\n<h2><b>Kiedy jest odpowiedni czas?<\/b><\/h2>\n<p>Najlepiej za\u0142o\u017cy\u0107 podniesion\u0105 grz\u0105dk\u0119 jesieni\u0105, ewentualnie wczesn\u0105 wiosn\u0105. Wcze\u015bniej jednak potrzebuj\u0105 Pa\u0144stwo troch\u0119 czasu na zebranie wystarczaj\u0105cej ilo\u015bci odpowiedniego materia\u0142u, zw\u0142aszcza drewna i kompostu. <\/p>\n<p><a href=\"http:\/\/gardeon.pl\/wp-content\/uploads\/2021\/10\/kvety-v-gardeone.jpg\"><img loading=\"lazy\" decoding=\"async\" class=\"aligncenter wp-image-41260 size-full\" src=\"http:\/\/gardeon.pl\/wp-content\/uploads\/2021\/10\/kvety-v-gardeone.jpg\" alt=\"Kwiaty w podniesionej grz\u0105dce w Gardeon.\" width=\"1800\" height=\"1200\" srcset=\"https:\/\/gardeon.pl\/wp-content\/uploads\/2021\/10\/kvety-v-gardeone.jpg 1800w, https:\/\/gardeon.pl\/wp-content\/uploads\/2021\/10\/kvety-v-gardeone-300x200.jpg 300w, https:\/\/gardeon.pl\/wp-content\/uploads\/2021\/10\/kvety-v-gardeone-1024x683.jpg 1024w, https:\/\/gardeon.pl\/wp-content\/uploads\/2021\/10\/kvety-v-gardeone-768x512.jpg 768w, https:\/\/gardeon.pl\/wp-content\/uploads\/2021\/10\/kvety-v-gardeone-1536x1024.jpg 1536w\" sizes=\"auto, (max-width: 1800px) 100vw, 1800px\" \/><\/a><\/p>\n<p>Wygodne jest r\u00f3wnie\u017c zbudowanie konstrukcji grz\u0105dki w\u0142a\u015bnie teraz, a nast\u0119pnie stopniowe jej wype\u0142nianie. Najpierw prosz\u0119 u\u0142o\u017cy\u0107 siatk\u0119 i warstw\u0119 ga\u0142\u0119zi, nast\u0119pnie z grz\u0105dki zrobi\u0107 tymczasowy kompost, kt\u00f3ry b\u0119d\u0105 Pa\u0144stwo podczas wype\u0142niania ugniata\u0107 i podlewa\u0107. Kiedy wype\u0142ni\u0105 go Pa\u0144stwo do odpowiedniej wysoko\u015bci, prosz\u0119 zasypa\u0107 go odpowiedni\u0105 ziemi\u0105 lub pod\u0142o\u017cem, a grz\u0105dka b\u0119dzie gotowa do sadzenia.  <\/p>\n","protected":false},"excerpt":{"rendered":"<p>Zastanawiaj\u0105 si\u0119 Pa\u0144stwo nad podniesionymi grz\u0105dkami, kt\u00f3re uwolni\u0142yby od wiecznego schylania si\u0119 i pracy w g\u0142\u0119bokim pochyleniu? Mog\u0105 one rozwi\u0105za\u0107 ten problem, ale aby byli Pa\u0144stwo naprawd\u0119 zadowoleni z rezultatu, podczas ich budowy nale\u017cy przestrzega\u0107 kilku zasad.<\/p>\n","protected":false},"author":2,"featured_media":47895,"comment_status":"open","ping_status":"open","sticky":false,"template":"","format":"standard","meta":{"_acf_changed":false,"inline_featured_image":false,"footnotes":""},"categories":[605,594,599],"tags":[],"class_list":["post-47883","post","type-post","status-publish","format-standard","has-post-thumbnail","hentry","category-jak-to-zrobic-ogrod-diy","category-ogrod","category-rosliny-ziola-kwiaty"],"acf":[],"yoast_head":"<!-- This site is optimized with the Yoast SEO plugin v27.4 - https:\/\/yoast.com\/product\/yoast-seo-wordpress\/ -->\n<title>Jak prawid\u0142owo zbudowa\u0107 podniesion\u0105 grz\u0105dk\u0119 | GARDEON<\/title>\n<meta name=\"robots\" content=\"index, follow, max-snippet:-1, max-image-preview:large, max-video-preview:-1\" \/>\n<link rel=\"canonical\" href=\"https:\/\/gardeon.pl\/pl\/blog\/jak-prawidlowo-zbudowac-podniesiona-grzadke\/\" \/>\n<meta property=\"og:locale\" content=\"pl_PL\" \/>\n<meta property=\"og:type\" content=\"article\" \/>\n<meta property=\"og:title\" content=\"Jak prawid\u0142owo zbudowa\u0107 podniesion\u0105 grz\u0105dk\u0119 | GARDEON\" \/>\n<meta property=\"og:description\" content=\"Zastanawiaj\u0105 si\u0119 Pa\u0144stwo nad podniesionymi grz\u0105dkami, kt\u00f3re uwolni\u0142yby od wiecznego schylania si\u0119 i pracy w g\u0142\u0119bokim pochyleniu? Mog\u0105 one rozwi\u0105za\u0107 ten problem, ale aby byli Pa\u0144stwo naprawd\u0119 zadowoleni z rezultatu, podczas ich budowy nale\u017cy przestrzega\u0107 kilku zasad.\" \/>\n<meta property=\"og:url\" content=\"https:\/\/gardeon.pl\/pl\/blog\/jak-prawidlowo-zbudowac-podniesiona-grzadke\/\" \/>\n<meta property=\"og:site_name\" content=\"GARDEON\" \/>\n<meta property=\"article:published_time\" content=\"2026-04-23T15:42:24+00:00\" \/>\n<meta property=\"article:modified_time\" content=\"2026-04-23T16:41:23+00:00\" \/>\n<meta property=\"og:image\" content=\"http:\/\/gardeon.pl\/wp-content\/uploads\/2021\/04\/gardeon-vyvyseny-zahon-4.jpg\" \/>\n\t<meta property=\"og:image:width\" content=\"2000\" \/>\n\t<meta property=\"og:image:height\" content=\"1500\" \/>\n\t<meta property=\"og:image:type\" content=\"image\/jpeg\" \/>\n<meta name=\"author\" content=\"editor\" \/>\n<meta name=\"twitter:card\" content=\"summary_large_image\" \/>\n<meta name=\"twitter:label1\" content=\"Napisane przez\" \/>\n\t<meta name=\"twitter:data1\" content=\"editor\" \/>\n\t<meta name=\"twitter:label2\" content=\"Szacowany czas czytania\" \/>\n\t<meta name=\"twitter:data2\" content=\"10 minut\" \/>\n<script type=\"application\/ld+json\" class=\"yoast-schema-graph\">{\"@context\":\"https:\\\/\\\/schema.org\",\"@graph\":[{\"@type\":\"Article\",\"@id\":\"https:\\\/\\\/gardeon.pl\\\/pl\\\/blog\\\/jak-prawidlowo-zbudowac-podniesiona-grzadke\\\/#article\",\"isPartOf\":{\"@id\":\"https:\\\/\\\/gardeon.pl\\\/pl\\\/blog\\\/jak-prawidlowo-zbudowac-podniesiona-grzadke\\\/\"},\"author\":{\"name\":\"editor\",\"@id\":\"https:\\\/\\\/gardeon.pl\\\/#\\\/schema\\\/person\\\/a5762ca5f0790bf92774af0899379463\"},\"headline\":\"Jak prawid\u0142owo zbudowa\u0107 podniesion\u0105 grz\u0105dk\u0119\",\"datePublished\":\"2026-04-23T15:42:24+00:00\",\"dateModified\":\"2026-04-23T16:41:23+00:00\",\"mainEntityOfPage\":{\"@id\":\"https:\\\/\\\/gardeon.pl\\\/pl\\\/blog\\\/jak-prawidlowo-zbudowac-podniesiona-grzadke\\\/\"},\"wordCount\":1971,\"commentCount\":0,\"image\":{\"@id\":\"https:\\\/\\\/gardeon.pl\\\/pl\\\/blog\\\/jak-prawidlowo-zbudowac-podniesiona-grzadke\\\/#primaryimage\"},\"thumbnailUrl\":\"https:\\\/\\\/gardeon.pl\\\/wp-content\\\/uploads\\\/2021\\\/04\\\/gardeon-vyvyseny-zahon-4.jpg\",\"articleSection\":[\"Jak to zrobi\u0107 \u2013 ogr\u00f3d | DIY\",\"Ogr\u00f3d\",\"Ro\u015bliny | Zio\u0142a | Kwiaty\"],\"inLanguage\":\"pl-PL\",\"potentialAction\":[{\"@type\":\"CommentAction\",\"name\":\"Comment\",\"target\":[\"https:\\\/\\\/gardeon.pl\\\/pl\\\/blog\\\/jak-prawidlowo-zbudowac-podniesiona-grzadke\\\/#respond\"]}]},{\"@type\":\"WebPage\",\"@id\":\"https:\\\/\\\/gardeon.pl\\\/pl\\\/blog\\\/jak-prawidlowo-zbudowac-podniesiona-grzadke\\\/\",\"url\":\"https:\\\/\\\/gardeon.pl\\\/pl\\\/blog\\\/jak-prawidlowo-zbudowac-podniesiona-grzadke\\\/\",\"name\":\"Jak prawid\u0142owo zbudowa\u0107 podniesion\u0105 grz\u0105dk\u0119 | GARDEON\",\"isPartOf\":{\"@id\":\"https:\\\/\\\/gardeon.pl\\\/#website\"},\"primaryImageOfPage\":{\"@id\":\"https:\\\/\\\/gardeon.pl\\\/pl\\\/blog\\\/jak-prawidlowo-zbudowac-podniesiona-grzadke\\\/#primaryimage\"},\"image\":{\"@id\":\"https:\\\/\\\/gardeon.pl\\\/pl\\\/blog\\\/jak-prawidlowo-zbudowac-podniesiona-grzadke\\\/#primaryimage\"},\"thumbnailUrl\":\"https:\\\/\\\/gardeon.pl\\\/wp-content\\\/uploads\\\/2021\\\/04\\\/gardeon-vyvyseny-zahon-4.jpg\",\"datePublished\":\"2026-04-23T15:42:24+00:00\",\"dateModified\":\"2026-04-23T16:41:23+00:00\",\"author\":{\"@id\":\"https:\\\/\\\/gardeon.pl\\\/#\\\/schema\\\/person\\\/a5762ca5f0790bf92774af0899379463\"},\"breadcrumb\":{\"@id\":\"https:\\\/\\\/gardeon.pl\\\/pl\\\/blog\\\/jak-prawidlowo-zbudowac-podniesiona-grzadke\\\/#breadcrumb\"},\"inLanguage\":\"pl-PL\",\"potentialAction\":[{\"@type\":\"ReadAction\",\"target\":[\"https:\\\/\\\/gardeon.pl\\\/pl\\\/blog\\\/jak-prawidlowo-zbudowac-podniesiona-grzadke\\\/\"]}]},{\"@type\":\"ImageObject\",\"inLanguage\":\"pl-PL\",\"@id\":\"https:\\\/\\\/gardeon.pl\\\/pl\\\/blog\\\/jak-prawidlowo-zbudowac-podniesiona-grzadke\\\/#primaryimage\",\"url\":\"https:\\\/\\\/gardeon.pl\\\/wp-content\\\/uploads\\\/2021\\\/04\\\/gardeon-vyvyseny-zahon-4.jpg\",\"contentUrl\":\"https:\\\/\\\/gardeon.pl\\\/wp-content\\\/uploads\\\/2021\\\/04\\\/gardeon-vyvyseny-zahon-4.jpg\",\"width\":2000,\"height\":1500,\"caption\":\"Bia\u0142a podniesiona grz\u0105dka na tarasie.\"},{\"@type\":\"BreadcrumbList\",\"@id\":\"https:\\\/\\\/gardeon.pl\\\/pl\\\/blog\\\/jak-prawidlowo-zbudowac-podniesiona-grzadke\\\/#breadcrumb\",\"itemListElement\":[{\"@type\":\"ListItem\",\"position\":1,\"name\":\"Domov\",\"item\":\"https:\\\/\\\/gardeon.pl\\\/pl\\\/\"},{\"@type\":\"ListItem\",\"position\":2,\"name\":\"Jak prawid\u0142owo zbudowa\u0107 podniesion\u0105 grz\u0105dk\u0119\"}]},{\"@type\":\"WebSite\",\"@id\":\"https:\\\/\\\/gardeon.pl\\\/#website\",\"url\":\"https:\\\/\\\/gardeon.pl\\\/\",\"name\":\"GARDEON\",\"description\":\"\",\"potentialAction\":[{\"@type\":\"SearchAction\",\"target\":{\"@type\":\"EntryPoint\",\"urlTemplate\":\"https:\\\/\\\/gardeon.pl\\\/?s={search_term_string}\"},\"query-input\":{\"@type\":\"PropertyValueSpecification\",\"valueRequired\":true,\"valueName\":\"search_term_string\"}}],\"inLanguage\":\"pl-PL\"},{\"@type\":\"Person\",\"@id\":\"https:\\\/\\\/gardeon.pl\\\/#\\\/schema\\\/person\\\/a5762ca5f0790bf92774af0899379463\",\"name\":\"editor\",\"image\":{\"@type\":\"ImageObject\",\"inLanguage\":\"pl-PL\",\"@id\":\"https:\\\/\\\/secure.gravatar.com\\\/avatar\\\/2b748151c2c748327307fd289a91b3bdafdd9e64e2d000e65e53d6dcf11c5830?s=96&d=mm&r=g\",\"url\":\"https:\\\/\\\/secure.gravatar.com\\\/avatar\\\/2b748151c2c748327307fd289a91b3bdafdd9e64e2d000e65e53d6dcf11c5830?s=96&d=mm&r=g\",\"contentUrl\":\"https:\\\/\\\/secure.gravatar.com\\\/avatar\\\/2b748151c2c748327307fd289a91b3bdafdd9e64e2d000e65e53d6dcf11c5830?s=96&d=mm&r=g\",\"caption\":\"editor\"}}]}<\/script>\n<!-- \/ Yoast SEO plugin. -->","yoast_head_json":{"title":"Jak prawid\u0142owo zbudowa\u0107 podniesion\u0105 grz\u0105dk\u0119 | GARDEON","robots":{"index":"index","follow":"follow","max-snippet":"max-snippet:-1","max-image-preview":"max-image-preview:large","max-video-preview":"max-video-preview:-1"},"canonical":"https:\/\/gardeon.pl\/pl\/blog\/jak-prawidlowo-zbudowac-podniesiona-grzadke\/","og_locale":"pl_PL","og_type":"article","og_title":"Jak prawid\u0142owo zbudowa\u0107 podniesion\u0105 grz\u0105dk\u0119 | GARDEON","og_description":"Zastanawiaj\u0105 si\u0119 Pa\u0144stwo nad podniesionymi grz\u0105dkami, kt\u00f3re uwolni\u0142yby od wiecznego schylania si\u0119 i pracy w g\u0142\u0119bokim pochyleniu? Mog\u0105 one rozwi\u0105za\u0107 ten problem, ale aby byli Pa\u0144stwo naprawd\u0119 zadowoleni z rezultatu, podczas ich budowy nale\u017cy przestrzega\u0107 kilku zasad.","og_url":"https:\/\/gardeon.pl\/pl\/blog\/jak-prawidlowo-zbudowac-podniesiona-grzadke\/","og_site_name":"GARDEON","article_published_time":"2026-04-23T15:42:24+00:00","article_modified_time":"2026-04-23T16:41:23+00:00","og_image":[{"width":2000,"height":1500,"url":"http:\/\/gardeon.pl\/wp-content\/uploads\/2021\/04\/gardeon-vyvyseny-zahon-4.jpg","type":"image\/jpeg"}],"author":"editor","twitter_card":"summary_large_image","twitter_misc":{"Napisane przez":"editor","Szacowany czas czytania":"10 minut"},"schema":{"@context":"https:\/\/schema.org","@graph":[{"@type":"Article","@id":"https:\/\/gardeon.pl\/pl\/blog\/jak-prawidlowo-zbudowac-podniesiona-grzadke\/#article","isPartOf":{"@id":"https:\/\/gardeon.pl\/pl\/blog\/jak-prawidlowo-zbudowac-podniesiona-grzadke\/"},"author":{"name":"editor","@id":"https:\/\/gardeon.pl\/#\/schema\/person\/a5762ca5f0790bf92774af0899379463"},"headline":"Jak prawid\u0142owo zbudowa\u0107 podniesion\u0105 grz\u0105dk\u0119","datePublished":"2026-04-23T15:42:24+00:00","dateModified":"2026-04-23T16:41:23+00:00","mainEntityOfPage":{"@id":"https:\/\/gardeon.pl\/pl\/blog\/jak-prawidlowo-zbudowac-podniesiona-grzadke\/"},"wordCount":1971,"commentCount":0,"image":{"@id":"https:\/\/gardeon.pl\/pl\/blog\/jak-prawidlowo-zbudowac-podniesiona-grzadke\/#primaryimage"},"thumbnailUrl":"https:\/\/gardeon.pl\/wp-content\/uploads\/2021\/04\/gardeon-vyvyseny-zahon-4.jpg","articleSection":["Jak to zrobi\u0107 \u2013 ogr\u00f3d | DIY","Ogr\u00f3d","Ro\u015bliny | Zio\u0142a | Kwiaty"],"inLanguage":"pl-PL","potentialAction":[{"@type":"CommentAction","name":"Comment","target":["https:\/\/gardeon.pl\/pl\/blog\/jak-prawidlowo-zbudowac-podniesiona-grzadke\/#respond"]}]},{"@type":"WebPage","@id":"https:\/\/gardeon.pl\/pl\/blog\/jak-prawidlowo-zbudowac-podniesiona-grzadke\/","url":"https:\/\/gardeon.pl\/pl\/blog\/jak-prawidlowo-zbudowac-podniesiona-grzadke\/","name":"Jak prawid\u0142owo zbudowa\u0107 podniesion\u0105 grz\u0105dk\u0119 | GARDEON","isPartOf":{"@id":"https:\/\/gardeon.pl\/#website"},"primaryImageOfPage":{"@id":"https:\/\/gardeon.pl\/pl\/blog\/jak-prawidlowo-zbudowac-podniesiona-grzadke\/#primaryimage"},"image":{"@id":"https:\/\/gardeon.pl\/pl\/blog\/jak-prawidlowo-zbudowac-podniesiona-grzadke\/#primaryimage"},"thumbnailUrl":"https:\/\/gardeon.pl\/wp-content\/uploads\/2021\/04\/gardeon-vyvyseny-zahon-4.jpg","datePublished":"2026-04-23T15:42:24+00:00","dateModified":"2026-04-23T16:41:23+00:00","author":{"@id":"https:\/\/gardeon.pl\/#\/schema\/person\/a5762ca5f0790bf92774af0899379463"},"breadcrumb":{"@id":"https:\/\/gardeon.pl\/pl\/blog\/jak-prawidlowo-zbudowac-podniesiona-grzadke\/#breadcrumb"},"inLanguage":"pl-PL","potentialAction":[{"@type":"ReadAction","target":["https:\/\/gardeon.pl\/pl\/blog\/jak-prawidlowo-zbudowac-podniesiona-grzadke\/"]}]},{"@type":"ImageObject","inLanguage":"pl-PL","@id":"https:\/\/gardeon.pl\/pl\/blog\/jak-prawidlowo-zbudowac-podniesiona-grzadke\/#primaryimage","url":"https:\/\/gardeon.pl\/wp-content\/uploads\/2021\/04\/gardeon-vyvyseny-zahon-4.jpg","contentUrl":"https:\/\/gardeon.pl\/wp-content\/uploads\/2021\/04\/gardeon-vyvyseny-zahon-4.jpg","width":2000,"height":1500,"caption":"Bia\u0142a podniesiona grz\u0105dka na tarasie."},{"@type":"BreadcrumbList","@id":"https:\/\/gardeon.pl\/pl\/blog\/jak-prawidlowo-zbudowac-podniesiona-grzadke\/#breadcrumb","itemListElement":[{"@type":"ListItem","position":1,"name":"Domov","item":"https:\/\/gardeon.pl\/pl\/"},{"@type":"ListItem","position":2,"name":"Jak prawid\u0142owo zbudowa\u0107 podniesion\u0105 grz\u0105dk\u0119"}]},{"@type":"WebSite","@id":"https:\/\/gardeon.pl\/#website","url":"https:\/\/gardeon.pl\/","name":"GARDEON","description":"","potentialAction":[{"@type":"SearchAction","target":{"@type":"EntryPoint","urlTemplate":"https:\/\/gardeon.pl\/?s={search_term_string}"},"query-input":{"@type":"PropertyValueSpecification","valueRequired":true,"valueName":"search_term_string"}}],"inLanguage":"pl-PL"},{"@type":"Person","@id":"https:\/\/gardeon.pl\/#\/schema\/person\/a5762ca5f0790bf92774af0899379463","name":"editor","image":{"@type":"ImageObject","inLanguage":"pl-PL","@id":"https:\/\/secure.gravatar.com\/avatar\/2b748151c2c748327307fd289a91b3bdafdd9e64e2d000e65e53d6dcf11c5830?s=96&d=mm&r=g","url":"https:\/\/secure.gravatar.com\/avatar\/2b748151c2c748327307fd289a91b3bdafdd9e64e2d000e65e53d6dcf11c5830?s=96&d=mm&r=g","contentUrl":"https:\/\/secure.gravatar.com\/avatar\/2b748151c2c748327307fd289a91b3bdafdd9e64e2d000e65e53d6dcf11c5830?s=96&d=mm&r=g","caption":"editor"}}]}},"_links":{"self":[{"href":"https:\/\/gardeon.pl\/pl\/wp-json\/wp\/v2\/posts\/47883","targetHints":{"allow":["GET"]}}],"collection":[{"href":"https:\/\/gardeon.pl\/pl\/wp-json\/wp\/v2\/posts"}],"about":[{"href":"https:\/\/gardeon.pl\/pl\/wp-json\/wp\/v2\/types\/post"}],"author":[{"embeddable":true,"href":"https:\/\/gardeon.pl\/pl\/wp-json\/wp\/v2\/users\/2"}],"replies":[{"embeddable":true,"href":"https:\/\/gardeon.pl\/pl\/wp-json\/wp\/v2\/comments?post=47883"}],"version-history":[{"count":0,"href":"https:\/\/gardeon.pl\/pl\/wp-json\/wp\/v2\/posts\/47883\/revisions"}],"wp:featuredmedia":[{"embeddable":true,"href":"https:\/\/gardeon.pl\/pl\/wp-json\/wp\/v2\/media\/47895"}],"wp:attachment":[{"href":"https:\/\/gardeon.pl\/pl\/wp-json\/wp\/v2\/media?parent=47883"}],"wp:term":[{"taxonomy":"category","embeddable":true,"href":"https:\/\/gardeon.pl\/pl\/wp-json\/wp\/v2\/categories?post=47883"},{"taxonomy":"post_tag","embeddable":true,"href":"https:\/\/gardeon.pl\/pl\/wp-json\/wp\/v2\/tags?post=47883"}],"curies":[{"name":"wp","href":"https:\/\/api.w.org\/{rel}","templated":true}]}}