{"id":47898,"date":"2026-04-23T17:42:26","date_gmt":"2026-04-23T15:42:26","guid":{"rendered":"https:\/\/gardeon.pl\/blog\/ponad-7-pomyslow-na-designerskie-polki-i-praktyczne-systemy-przechowywania\/"},"modified":"2026-04-23T18:44:27","modified_gmt":"2026-04-23T16:44:27","slug":"ponad-7-pomyslow-na-designerskie-polki-i-praktyczne-systemy-przechowywania","status":"publish","type":"post","link":"https:\/\/gardeon.pl\/pl\/blog\/ponad-7-pomyslow-na-designerskie-polki-i-praktyczne-systemy-przechowywania\/","title":{"rendered":"Ponad 7 pomys\u0142\u00f3w na designerskie p\u00f3\u0142ki i praktyczne systemy przechowywania"},"content":{"rendered":"<p><i><span style=\"font-weight: 400;\">Chc\u0105 Pa\u0144stwo zorganizowa\u0107  <\/span><\/i><a href=\"https:\/\/gardeon.pl\/pl\/garaze\/\"><i><span style=\"font-weight: 400;\">gara\u017c<\/span><\/i><\/a><i><span style=\"font-weight: 400;\">  lub  <\/span><\/i><a href=\"https:\/\/gardeon.pl\/pl\/domki-ogrodowe-na-narzedzia\/\"><i><span style=\"font-weight: 400;\">domek ogrodowy<\/span><\/i><\/a><i><span style=\"font-weight: 400;\">, ale jednocze\u015bnie chc\u0105 Pa\u0144stwo, aby wygl\u0105da\u0142 dobrze? Prosimy spojrze\u0107 na   <\/span><\/i><i><span style=\"font-weight: 400;\">inspiracje dotycz\u0105ce przestrzeni do przechowywania i p\u00f3\u0142ek<\/span><\/i><i><span style=\"font-weight: 400;\">  na ka\u017cd\u0105 \u201eokazj\u0119\u201d. Wyj\u0105tkowe designerskie rozwi\u0105zania, kt\u00f3re ciesz\u0105 oko. Poni\u017cej znajduj\u0105 si\u0119 przydatne systemy podwieszane, kt\u00f3re oszcz\u0119dzaj\u0105 miejsce. Co Pa\u0144stwo wybior\u0105?   <\/span><\/i><\/p>\n<p><!--more--><\/p>\n<h2 style=\"text-align: center;\"><b>Atrakcyjne p\u00f3\u0142ki z litego drewna<\/b><\/h2>\n<p><span style=\"font-weight: 400;\">Wspania\u0142e lite drewno wyr\u00f3\u017cni si\u0119 zar\u00f3wno w mniejszych, jak i wi\u0119kszych przestrzeniach, niezale\u017cnie od tego, czy umieszcz\u0105 Pa\u0144stwo wyraziste p\u00f3\u0142ki na \u015brodku \u015bciany, w rogu pomieszczenia, czy stworz\u0105 z nich ciekawy kszta\u0142t. Nawet mniejsza p\u00f3\u0142ka, np. na wino, b\u0119dzie wygl\u0105da\u0107 efektownie.  <\/span><\/p>\n<p><img loading=\"lazy\" decoding=\"async\" class=\"aligncenter wp-image-27869\" src=\"http:\/\/gardeon.pl\/wp-content\/uploads\/2020\/09\/GARDEON-foto-od-zakaznikov-31-scaled.jpeg\" alt=\"Wn\u0119trze domku ogrodowego GARDEON\" width=\"800\" height=\"600\" srcset=\"https:\/\/gardeon.pl\/wp-content\/uploads\/2020\/09\/GARDEON-foto-od-zakaznikov-31-scaled.jpeg 2560w, https:\/\/gardeon.pl\/wp-content\/uploads\/2020\/09\/GARDEON-foto-od-zakaznikov-31-300x225.jpeg 300w, https:\/\/gardeon.pl\/wp-content\/uploads\/2020\/09\/GARDEON-foto-od-zakaznikov-31-1024x768.jpeg 1024w, https:\/\/gardeon.pl\/wp-content\/uploads\/2020\/09\/GARDEON-foto-od-zakaznikov-31-768x576.jpeg 768w, https:\/\/gardeon.pl\/wp-content\/uploads\/2020\/09\/GARDEON-foto-od-zakaznikov-31-1536x1152.jpeg 1536w, https:\/\/gardeon.pl\/wp-content\/uploads\/2020\/09\/GARDEON-foto-od-zakaznikov-31-2048x1536.jpeg 2048w\" sizes=\"auto, (max-width: 800px) 100vw, 800px\" \/><\/p>\n<p><img loading=\"lazy\" decoding=\"async\" class=\"aligncenter wp-image-27867\" src=\"http:\/\/gardeon.pl\/wp-content\/uploads\/2020\/09\/GARDEON-foto-od-zakaznikov-30-scaled.jpeg\" alt=\"Wn\u0119trze montowanego domku ogrodowego\" width=\"800\" height=\"600\" srcset=\"https:\/\/gardeon.pl\/wp-content\/uploads\/2020\/09\/GARDEON-foto-od-zakaznikov-30-scaled.jpeg 2560w, https:\/\/gardeon.pl\/wp-content\/uploads\/2020\/09\/GARDEON-foto-od-zakaznikov-30-300x225.jpeg 300w, https:\/\/gardeon.pl\/wp-content\/uploads\/2020\/09\/GARDEON-foto-od-zakaznikov-30-1024x768.jpeg 1024w, https:\/\/gardeon.pl\/wp-content\/uploads\/2020\/09\/GARDEON-foto-od-zakaznikov-30-768x576.jpeg 768w, https:\/\/gardeon.pl\/wp-content\/uploads\/2020\/09\/GARDEON-foto-od-zakaznikov-30-1536x1152.jpeg 1536w, https:\/\/gardeon.pl\/wp-content\/uploads\/2020\/09\/GARDEON-foto-od-zakaznikov-30-2048x1536.jpeg 2048w, https:\/\/gardeon.pl\/wp-content\/uploads\/2020\/09\/GARDEON-foto-od-zakaznikov-30-scaled-1200x900-cropped.jpeg 1200w\" sizes=\"auto, (max-width: 800px) 100vw, 800px\" \/><\/p>\n<h2 style=\"text-align: center;\"><b>Proste p\u00f3\u0142ki z palet lub skrzynek<\/b><\/h2>\n<p><span style=\"font-weight: 400;\">Palety to evergreen, kt\u00f3ry chyba nigdy si\u0119 nie zestarzeje. Mo\u017cna dostosowa\u0107 ich kszta\u0142t wed\u0142ug w\u0142asnej kreatywno\u015bci. Skrzynki r\u00f3wnie\u017c mo\u017cna podda\u0107 recyklingowi i wykorzysta\u0107 jako designerskie elementy.  <\/span><\/p>\n<h3><b>Nowe przeznaczenie dla starych przedmiot\u00f3w<\/b><\/h3>\n<p><span style=\"font-weight: 400;\">Posiadaj\u0105 Pa\u0144stwo star\u0105 drabin\u0119? Prosimy tchn\u0105\u0107 w ni\u0105 nowe \u017cycie lub pozostawi\u0107 patyn\u0119. Mo\u017cna j\u0105 postawi\u0107, zawiesi\u0107 lub oprze\u0107 o \u015bcian\u0119. Ewentualnie mo\u017cna doda\u0107 deski, aby uzyska\u0107 pe\u0142nowarto\u015bciowe p\u00f3\u0142ki.   <\/span><\/p>\n<p><img loading=\"lazy\" decoding=\"async\" class=\"aligncenter wp-image-27738\" src=\"http:\/\/gardeon.pl\/wp-content\/uploads\/2020\/08\/GARDEON-foto-od-zakaznikov-14.jpg\" alt=\"Wn\u0119trze montowanego domku ogrodowego\" width=\"800\" height=\"1067\" srcset=\"https:\/\/gardeon.pl\/wp-content\/uploads\/2020\/08\/GARDEON-foto-od-zakaznikov-14.jpg 1512w, https:\/\/gardeon.pl\/wp-content\/uploads\/2020\/08\/GARDEON-foto-od-zakaznikov-14-225x300.jpg 225w, https:\/\/gardeon.pl\/wp-content\/uploads\/2020\/08\/GARDEON-foto-od-zakaznikov-14-768x1024.jpg 768w, https:\/\/gardeon.pl\/wp-content\/uploads\/2020\/08\/GARDEON-foto-od-zakaznikov-14-1152x1536.jpg 1152w\" sizes=\"auto, (max-width: 800px) 100vw, 800px\" \/><\/p>\n<h2><b>Drewno i metal w doskona\u0142ej harmonii<\/b><\/h2>\n<p><span style=\"font-weight: 400;\">Przedstawiamy dowody na to, \u017ce drewno i metal po prostu do siebie pasuj\u0105. Nawet w r\u00f3\u017cnych wersjach kolorystycznych i w zupe\u0142nie odmiennych stylach. <\/span><\/p>\n<p><img loading=\"lazy\" decoding=\"async\" class=\"aligncenter wp-image-28544\" src=\"http:\/\/gardeon.pl\/wp-content\/uploads\/2020\/10\/GARDEON-foto-od-zakaznikov-49-scaled.jpg\" alt=\"Narz\u0119dzia ogrodowe wewn\u0105trz domku\" width=\"800\" height=\"1422\" srcset=\"https:\/\/gardeon.pl\/wp-content\/uploads\/2020\/10\/GARDEON-foto-od-zakaznikov-49-scaled.jpg 1440w, https:\/\/gardeon.pl\/wp-content\/uploads\/2020\/10\/GARDEON-foto-od-zakaznikov-49-169x300.jpg 169w, https:\/\/gardeon.pl\/wp-content\/uploads\/2020\/10\/GARDEON-foto-od-zakaznikov-49-576x1024.jpg 576w, https:\/\/gardeon.pl\/wp-content\/uploads\/2020\/10\/GARDEON-foto-od-zakaznikov-49-768x1365.jpg 768w, https:\/\/gardeon.pl\/wp-content\/uploads\/2020\/10\/GARDEON-foto-od-zakaznikov-49-864x1536.jpg 864w, https:\/\/gardeon.pl\/wp-content\/uploads\/2020\/10\/GARDEON-foto-od-zakaznikov-49-1152x2048.jpg 1152w\" sizes=\"auto, (max-width: 800px) 100vw, 800px\" \/><\/p>\n<h2><b>Kreatywne p\u00f3\u0142ki wisz\u0105ce<\/b><\/h2>\n<p><span style=\"font-weight: 400;\">Nie musz\u0105 Pa\u0144stwo przykr\u0119ca\u0107 p\u00f3\u0142ek bezpo\u015brednio do \u015bciany. A mo\u017ce by tak je powiesi\u0107? Niezale\u017cnie od tego, czy wybior\u0105 Pa\u0144stwo cienki sznurek, grub\u0105 lin\u0119, \u0142a\u0144cuch czy nawet sk\u00f3rzany pasek, zachwyt go\u015bci jest gwarantowany.  <\/span><\/p>\n<h3><b>Inne p\u00f3\u0142kowe specja\u0142y<\/b><\/h3>\n<ul>\n<li style=\"font-weight: 400;\" aria-level=\"1\"><span style=\"font-weight: 400;\">Prosty, a zarazem pomys\u0142owy design p\u00f3\u0142ek. Mo\u017ce nieco bardziej wymagaj\u0105cy przy wycieraniu kurzu. <\/span><\/li>\n<li style=\"font-weight: 400;\" aria-level=\"1\"><span style=\"font-weight: 400;\">P\u00f3\u0142ki wbudowane bezpo\u015brednio w \u015bcian\u0119 b\u0119d\u0105 wymaga\u0142y projektu jeszcze przed tynkowaniem, wzgl\u0119dnie ociepleniem Pa\u0144stwa domku montowanego. <\/span><\/li>\n<li style=\"font-weight: 400;\" aria-level=\"1\"><span style=\"font-weight: 400;\">Dla os\u00f3b, kt\u00f3re kochaj\u0105 natur\u0119 i \u201ewpu\u015bci\u0142yby\u201d j\u0105 nawet do pomieszczenia.<\/span><\/li>\n<li style=\"font-weight: 400;\" aria-level=\"1\"><span style=\"font-weight: 400;\">Co\u015b dla fan\u00f3w muzyki. Idealny pomys\u0142 na recykling starej gitary. <\/span><\/li>\n<li style=\"font-weight: 400;\" aria-level=\"1\"><span style=\"font-weight: 400;\">Znikaj\u0105ce p\u00f3\u0142ki na buty.<\/span><\/li>\n<\/ul>\n<h3><a href=\"https:\/\/gardeon.pl\/pl\/domki-ogrodowe-na-narzedzia\/akcesoria-dodatki\/\"><b>Praktyczne wieszaki i systemy podwieszane<\/b><\/a><\/h3>\n<p><span style=\"font-weight: 400;\">W ko\u0144cu co\u015b dla os\u00f3b ceni\u0105cych czyst\u0105 praktyczno\u015b\u0107. System podwieszany sk\u0142ada si\u0119 z hak\u00f3w, p\u00f3\u0142ek i designerskich szyn. W gara\u017cu montowanym lub domku ogrodowym mo\u017cna w ten spos\u00f3b inteligentnie przechowywa\u0107 narz\u0119dzia elektryczne i akumulatorowe, sprz\u0119t ogrodowy, a tak\u017ce sprz\u0119t sportowy i rower. Wszystko wtapia si\u0119 w \u015bcian\u0119, jakby go tam w og\u00f3le nie by\u0142o.   <\/span><\/p>\n<p><img loading=\"lazy\" decoding=\"async\" class=\"aligncenter wp-image-18961\" src=\"http:\/\/gardeon.pl\/wp-content\/uploads\/2019\/03\/soltes3-ko%C3%8Cpia-1024x576.jpg\" alt=\"Urz\u0105dzony gara\u017c\" width=\"800\" height=\"450\"><\/p>\n<p><img loading=\"lazy\" decoding=\"async\" class=\"aligncenter wp-image-18963\" src=\"http:\/\/gardeon.pl\/wp-content\/uploads\/2019\/03\/soltes5-ko%C3%8Cpia-1024x576.jpg\" alt=\"Urz\u0105dzony gara\u017c z pod\u0142og\u0105\" width=\"800\" height=\"450\"><\/p>\n<h3><b>Doskona\u0142a organizacja gara\u017cu zaczyna si\u0119 tutaj<\/b><\/h3>\n<p><span style=\"font-weight: 400;\">Je\u015bli chc\u0105 Pa\u0144stwo mie\u0107 perfekcyjnie zorganizowany gara\u017c, prosimy przeczyta\u0107 <\/span><span style=\"font-weight: 400;\">artyku\u0142 o 5 strefach, dzi\u0119ki kt\u00f3rym podziel\u0105 Pa\u0144stwo swoje rzeczy.<\/span><span style=\"font-weight: 400;\"> Jeszcze wcze\u015bniej polecamy sprawdzi\u0107, <\/span><span style=\"font-weight: 400;\">czego wszystkiego Pa\u0144stwo nie potrzebuj\u0105<\/span><span style=\"font-weight: 400;\"> i powinni si\u0119 pozby\u0107. Im mniej rzeczy Pa\u0144stwo posiadaj\u0105, tym l\u017cej si\u0119 Pa\u0144stwo czuj\u0105. Je\u015bli naprawd\u0119 wykorzystuj\u0105 Pa\u0144stwo gara\u017c wy\u0142\u0105cznie jako magazyn na milion rzeczy, przydatne s\u0105 r\u00f3wnie\u017c szafy typu roll-door, nawet na ca\u0142\u0105 \u015bcian\u0119. <\/span> <\/p>\n<h5><b>\u0179r\u00f3d\u0142o:<\/b><\/h5>\n<h5><b>bank zdj\u0119\u0107 GARDEON<\/b><\/h5>\n<h5><b>Dzi\u0119kujemy naszym klientom za udost\u0119pnienie zdj\u0119\u0107 :)<\/b><\/h5>\n","protected":false},"excerpt":{"rendered":"<p>Chc\u0105 Pa\u0144stwo zorganizowa\u0107 gara\u017c lub domek ogrodowy, ale jednocze\u015bnie chc\u0105 Pa\u0144stwo, aby wygl\u0105da\u0142 dobrze? Prosimy spojrze\u0107 na inspiracje dotycz\u0105ce przestrzeni do przechowywania i p\u00f3\u0142ek na ka\u017cd\u0105 \u201eokazj\u0119\u201d. Wyj\u0105tkowe designerskie rozwi\u0105zania, kt\u00f3re ciesz\u0105 oko. Poni\u017cej znajduj\u0105 si\u0119 przydatne systemy podwieszane, kt\u00f3re oszcz\u0119dzaj\u0105 miejsce. Co Pa\u0144stwo wybior\u0105?<\/p>\n","protected":false},"author":2,"featured_media":46897,"comment_status":"open","ping_status":"open","sticky":false,"template":"","format":"standard","meta":{"_acf_changed":false,"inline_featured_image":false,"footnotes":""},"categories":[632,578,607],"tags":[579,745,746,917,919,918],"class_list":["post-47898","post","type-post","status-publish","format-standard","has-post-thumbnail","hentry","category-domki-ogrodowe","category-garaze-blaszane","category-inspiracje","tag-gardeon","tag-konstrukcja-gardeon","tag-konstrukcje-gardeon","tag-polki","tag-system-przechowywania","tag-systemy-przechowywania"],"acf":[],"yoast_head":"<!-- This site is optimized with the Yoast SEO plugin v27.4 - https:\/\/yoast.com\/product\/yoast-seo-wordpress\/ -->\n<title>Ponad 7 pomys\u0142\u00f3w na designerskie p\u00f3\u0142ki i praktyczne systemy przechowywania | GARDEON<\/title>\n<meta name=\"description\" content=\"Chc\u0105 Pa\u0144stwo zorganizowa\u0107 gara\u017c lub domek ogrodowy, a jednocze\u015bnie zale\u017cy Pa\u0144stwu na dobrym wygl\u0105dzie? Prosimy zapozna\u0107 si\u0119 z inspiracjami dotycz\u0105cymi przestrzeni do przechowywania i p\u00f3\u0142ek na ka\u017cd\u0105 \u201eokazj\u0119\u201d.\" \/>\n<meta name=\"robots\" content=\"index, follow, max-snippet:-1, max-image-preview:large, max-video-preview:-1\" \/>\n<link rel=\"canonical\" href=\"https:\/\/gardeon.pl\/pl\/blog\/ponad-7-pomyslow-na-designerskie-polki-i-praktyczne-systemy-przechowywania\/\" \/>\n<meta property=\"og:locale\" content=\"pl_PL\" \/>\n<meta property=\"og:type\" content=\"article\" \/>\n<meta property=\"og:title\" content=\"Ponad 7 pomys\u0142\u00f3w na designerskie p\u00f3\u0142ki i praktyczne systemy przechowywania | GARDEON\" \/>\n<meta property=\"og:description\" content=\"Chc\u0105 Pa\u0144stwo zorganizowa\u0107 gara\u017c lub domek ogrodowy, a jednocze\u015bnie zale\u017cy Pa\u0144stwu na dobrym wygl\u0105dzie? Prosimy zapozna\u0107 si\u0119 z inspiracjami dotycz\u0105cymi przestrzeni do przechowywania i p\u00f3\u0142ek na ka\u017cd\u0105 \u201eokazj\u0119\u201d.\" \/>\n<meta property=\"og:url\" content=\"https:\/\/gardeon.pl\/pl\/blog\/ponad-7-pomyslow-na-designerskie-polki-i-praktyczne-systemy-przechowywania\/\" \/>\n<meta property=\"og:site_name\" content=\"GARDEON\" \/>\n<meta property=\"article:published_time\" content=\"2026-04-23T15:42:26+00:00\" \/>\n<meta property=\"article:modified_time\" content=\"2026-04-23T16:44:27+00:00\" \/>\n<meta property=\"og:image\" content=\"http:\/\/gardeon.pl\/wp-content\/uploads\/2020\/11\/Dugovic-9.jpg\" \/>\n\t<meta property=\"og:image:width\" content=\"1200\" \/>\n\t<meta property=\"og:image:height\" content=\"900\" \/>\n\t<meta property=\"og:image:type\" content=\"image\/jpeg\" \/>\n<meta name=\"author\" content=\"editor\" \/>\n<meta name=\"twitter:card\" content=\"summary_large_image\" \/>\n<meta name=\"twitter:label1\" content=\"Napisane przez\" \/>\n\t<meta name=\"twitter:data1\" content=\"editor\" \/>\n\t<meta name=\"twitter:label2\" content=\"Szacowany czas czytania\" \/>\n\t<meta name=\"twitter:data2\" content=\"3 minuty\" \/>\n<script type=\"application\/ld+json\" class=\"yoast-schema-graph\">{\"@context\":\"https:\\\/\\\/schema.org\",\"@graph\":[{\"@type\":\"Article\",\"@id\":\"https:\\\/\\\/gardeon.pl\\\/pl\\\/blog\\\/ponad-7-pomyslow-na-designerskie-polki-i-praktyczne-systemy-przechowywania\\\/#article\",\"isPartOf\":{\"@id\":\"https:\\\/\\\/gardeon.pl\\\/pl\\\/blog\\\/ponad-7-pomyslow-na-designerskie-polki-i-praktyczne-systemy-przechowywania\\\/\"},\"author\":{\"name\":\"editor\",\"@id\":\"https:\\\/\\\/gardeon.pl\\\/#\\\/schema\\\/person\\\/a5762ca5f0790bf92774af0899379463\"},\"headline\":\"Ponad 7 pomys\u0142\u00f3w na designerskie p\u00f3\u0142ki i praktyczne systemy przechowywania\",\"datePublished\":\"2026-04-23T15:42:26+00:00\",\"dateModified\":\"2026-04-23T16:44:27+00:00\",\"mainEntityOfPage\":{\"@id\":\"https:\\\/\\\/gardeon.pl\\\/pl\\\/blog\\\/ponad-7-pomyslow-na-designerskie-polki-i-praktyczne-systemy-przechowywania\\\/\"},\"wordCount\":538,\"commentCount\":0,\"image\":{\"@id\":\"https:\\\/\\\/gardeon.pl\\\/pl\\\/blog\\\/ponad-7-pomyslow-na-designerskie-polki-i-praktyczne-systemy-przechowywania\\\/#primaryimage\"},\"thumbnailUrl\":\"https:\\\/\\\/gardeon.pl\\\/wp-content\\\/uploads\\\/2020\\\/11\\\/Dugovic-9.jpg\",\"keywords\":[\"GARDEON\",\"konstrukcja GARDEON\",\"konstrukcje GARDEON\",\"p\u00f3\u0142ki\",\"system przechowywania\",\"systemy przechowywania\"],\"articleSection\":[\"Domki ogrodowe\",\"Gara\u017ce blaszane\",\"Inspiracje\"],\"inLanguage\":\"pl-PL\",\"potentialAction\":[{\"@type\":\"CommentAction\",\"name\":\"Comment\",\"target\":[\"https:\\\/\\\/gardeon.pl\\\/pl\\\/blog\\\/ponad-7-pomyslow-na-designerskie-polki-i-praktyczne-systemy-przechowywania\\\/#respond\"]}]},{\"@type\":\"WebPage\",\"@id\":\"https:\\\/\\\/gardeon.pl\\\/pl\\\/blog\\\/ponad-7-pomyslow-na-designerskie-polki-i-praktyczne-systemy-przechowywania\\\/\",\"url\":\"https:\\\/\\\/gardeon.pl\\\/pl\\\/blog\\\/ponad-7-pomyslow-na-designerskie-polki-i-praktyczne-systemy-przechowywania\\\/\",\"name\":\"Ponad 7 pomys\u0142\u00f3w na designerskie p\u00f3\u0142ki i praktyczne systemy przechowywania | GARDEON\",\"isPartOf\":{\"@id\":\"https:\\\/\\\/gardeon.pl\\\/#website\"},\"primaryImageOfPage\":{\"@id\":\"https:\\\/\\\/gardeon.pl\\\/pl\\\/blog\\\/ponad-7-pomyslow-na-designerskie-polki-i-praktyczne-systemy-przechowywania\\\/#primaryimage\"},\"image\":{\"@id\":\"https:\\\/\\\/gardeon.pl\\\/pl\\\/blog\\\/ponad-7-pomyslow-na-designerskie-polki-i-praktyczne-systemy-przechowywania\\\/#primaryimage\"},\"thumbnailUrl\":\"https:\\\/\\\/gardeon.pl\\\/wp-content\\\/uploads\\\/2020\\\/11\\\/Dugovic-9.jpg\",\"datePublished\":\"2026-04-23T15:42:26+00:00\",\"dateModified\":\"2026-04-23T16:44:27+00:00\",\"author\":{\"@id\":\"https:\\\/\\\/gardeon.pl\\\/#\\\/schema\\\/person\\\/a5762ca5f0790bf92774af0899379463\"},\"description\":\"Chc\u0105 Pa\u0144stwo zorganizowa\u0107 gara\u017c lub domek ogrodowy, a jednocze\u015bnie zale\u017cy Pa\u0144stwu na dobrym wygl\u0105dzie? Prosimy zapozna\u0107 si\u0119 z inspiracjami dotycz\u0105cymi przestrzeni do przechowywania i p\u00f3\u0142ek na ka\u017cd\u0105 \u201eokazj\u0119\u201d.\",\"breadcrumb\":{\"@id\":\"https:\\\/\\\/gardeon.pl\\\/pl\\\/blog\\\/ponad-7-pomyslow-na-designerskie-polki-i-praktyczne-systemy-przechowywania\\\/#breadcrumb\"},\"inLanguage\":\"pl-PL\",\"potentialAction\":[{\"@type\":\"ReadAction\",\"target\":[\"https:\\\/\\\/gardeon.pl\\\/pl\\\/blog\\\/ponad-7-pomyslow-na-designerskie-polki-i-praktyczne-systemy-przechowywania\\\/\"]}]},{\"@type\":\"ImageObject\",\"inLanguage\":\"pl-PL\",\"@id\":\"https:\\\/\\\/gardeon.pl\\\/pl\\\/blog\\\/ponad-7-pomyslow-na-designerskie-polki-i-praktyczne-systemy-przechowywania\\\/#primaryimage\",\"url\":\"https:\\\/\\\/gardeon.pl\\\/wp-content\\\/uploads\\\/2020\\\/11\\\/Dugovic-9.jpg\",\"contentUrl\":\"https:\\\/\\\/gardeon.pl\\\/wp-content\\\/uploads\\\/2020\\\/11\\\/Dugovic-9.jpg\",\"width\":1200,\"height\":900,\"caption\":\"Wn\u0119trze gara\u017cu ze sto\u0142em na narz\u0119dzia\"},{\"@type\":\"BreadcrumbList\",\"@id\":\"https:\\\/\\\/gardeon.pl\\\/pl\\\/blog\\\/ponad-7-pomyslow-na-designerskie-polki-i-praktyczne-systemy-przechowywania\\\/#breadcrumb\",\"itemListElement\":[{\"@type\":\"ListItem\",\"position\":1,\"name\":\"Domov\",\"item\":\"https:\\\/\\\/gardeon.pl\\\/pl\\\/\"},{\"@type\":\"ListItem\",\"position\":2,\"name\":\"Ponad 7 pomys\u0142\u00f3w na designerskie p\u00f3\u0142ki i praktyczne systemy przechowywania\"}]},{\"@type\":\"WebSite\",\"@id\":\"https:\\\/\\\/gardeon.pl\\\/#website\",\"url\":\"https:\\\/\\\/gardeon.pl\\\/\",\"name\":\"GARDEON\",\"description\":\"\",\"potentialAction\":[{\"@type\":\"SearchAction\",\"target\":{\"@type\":\"EntryPoint\",\"urlTemplate\":\"https:\\\/\\\/gardeon.pl\\\/?s={search_term_string}\"},\"query-input\":{\"@type\":\"PropertyValueSpecification\",\"valueRequired\":true,\"valueName\":\"search_term_string\"}}],\"inLanguage\":\"pl-PL\"},{\"@type\":\"Person\",\"@id\":\"https:\\\/\\\/gardeon.pl\\\/#\\\/schema\\\/person\\\/a5762ca5f0790bf92774af0899379463\",\"name\":\"editor\",\"image\":{\"@type\":\"ImageObject\",\"inLanguage\":\"pl-PL\",\"@id\":\"https:\\\/\\\/secure.gravatar.com\\\/avatar\\\/2b748151c2c748327307fd289a91b3bdafdd9e64e2d000e65e53d6dcf11c5830?s=96&d=mm&r=g\",\"url\":\"https:\\\/\\\/secure.gravatar.com\\\/avatar\\\/2b748151c2c748327307fd289a91b3bdafdd9e64e2d000e65e53d6dcf11c5830?s=96&d=mm&r=g\",\"contentUrl\":\"https:\\\/\\\/secure.gravatar.com\\\/avatar\\\/2b748151c2c748327307fd289a91b3bdafdd9e64e2d000e65e53d6dcf11c5830?s=96&d=mm&r=g\",\"caption\":\"editor\"}}]}<\/script>\n<!-- \/ Yoast SEO plugin. -->","yoast_head_json":{"title":"Ponad 7 pomys\u0142\u00f3w na designerskie p\u00f3\u0142ki i praktyczne systemy przechowywania | GARDEON","description":"Chc\u0105 Pa\u0144stwo zorganizowa\u0107 gara\u017c lub domek ogrodowy, a jednocze\u015bnie zale\u017cy Pa\u0144stwu na dobrym wygl\u0105dzie? Prosimy zapozna\u0107 si\u0119 z inspiracjami dotycz\u0105cymi przestrzeni do przechowywania i p\u00f3\u0142ek na ka\u017cd\u0105 \u201eokazj\u0119\u201d.","robots":{"index":"index","follow":"follow","max-snippet":"max-snippet:-1","max-image-preview":"max-image-preview:large","max-video-preview":"max-video-preview:-1"},"canonical":"https:\/\/gardeon.pl\/pl\/blog\/ponad-7-pomyslow-na-designerskie-polki-i-praktyczne-systemy-przechowywania\/","og_locale":"pl_PL","og_type":"article","og_title":"Ponad 7 pomys\u0142\u00f3w na designerskie p\u00f3\u0142ki i praktyczne systemy przechowywania | GARDEON","og_description":"Chc\u0105 Pa\u0144stwo zorganizowa\u0107 gara\u017c lub domek ogrodowy, a jednocze\u015bnie zale\u017cy Pa\u0144stwu na dobrym wygl\u0105dzie? Prosimy zapozna\u0107 si\u0119 z inspiracjami dotycz\u0105cymi przestrzeni do przechowywania i p\u00f3\u0142ek na ka\u017cd\u0105 \u201eokazj\u0119\u201d.","og_url":"https:\/\/gardeon.pl\/pl\/blog\/ponad-7-pomyslow-na-designerskie-polki-i-praktyczne-systemy-przechowywania\/","og_site_name":"GARDEON","article_published_time":"2026-04-23T15:42:26+00:00","article_modified_time":"2026-04-23T16:44:27+00:00","og_image":[{"width":1200,"height":900,"url":"http:\/\/gardeon.pl\/wp-content\/uploads\/2020\/11\/Dugovic-9.jpg","type":"image\/jpeg"}],"author":"editor","twitter_card":"summary_large_image","twitter_misc":{"Napisane przez":"editor","Szacowany czas czytania":"3 minuty"},"schema":{"@context":"https:\/\/schema.org","@graph":[{"@type":"Article","@id":"https:\/\/gardeon.pl\/pl\/blog\/ponad-7-pomyslow-na-designerskie-polki-i-praktyczne-systemy-przechowywania\/#article","isPartOf":{"@id":"https:\/\/gardeon.pl\/pl\/blog\/ponad-7-pomyslow-na-designerskie-polki-i-praktyczne-systemy-przechowywania\/"},"author":{"name":"editor","@id":"https:\/\/gardeon.pl\/#\/schema\/person\/a5762ca5f0790bf92774af0899379463"},"headline":"Ponad 7 pomys\u0142\u00f3w na designerskie p\u00f3\u0142ki i praktyczne systemy przechowywania","datePublished":"2026-04-23T15:42:26+00:00","dateModified":"2026-04-23T16:44:27+00:00","mainEntityOfPage":{"@id":"https:\/\/gardeon.pl\/pl\/blog\/ponad-7-pomyslow-na-designerskie-polki-i-praktyczne-systemy-przechowywania\/"},"wordCount":538,"commentCount":0,"image":{"@id":"https:\/\/gardeon.pl\/pl\/blog\/ponad-7-pomyslow-na-designerskie-polki-i-praktyczne-systemy-przechowywania\/#primaryimage"},"thumbnailUrl":"https:\/\/gardeon.pl\/wp-content\/uploads\/2020\/11\/Dugovic-9.jpg","keywords":["GARDEON","konstrukcja GARDEON","konstrukcje GARDEON","p\u00f3\u0142ki","system przechowywania","systemy przechowywania"],"articleSection":["Domki ogrodowe","Gara\u017ce blaszane","Inspiracje"],"inLanguage":"pl-PL","potentialAction":[{"@type":"CommentAction","name":"Comment","target":["https:\/\/gardeon.pl\/pl\/blog\/ponad-7-pomyslow-na-designerskie-polki-i-praktyczne-systemy-przechowywania\/#respond"]}]},{"@type":"WebPage","@id":"https:\/\/gardeon.pl\/pl\/blog\/ponad-7-pomyslow-na-designerskie-polki-i-praktyczne-systemy-przechowywania\/","url":"https:\/\/gardeon.pl\/pl\/blog\/ponad-7-pomyslow-na-designerskie-polki-i-praktyczne-systemy-przechowywania\/","name":"Ponad 7 pomys\u0142\u00f3w na designerskie p\u00f3\u0142ki i praktyczne systemy przechowywania | GARDEON","isPartOf":{"@id":"https:\/\/gardeon.pl\/#website"},"primaryImageOfPage":{"@id":"https:\/\/gardeon.pl\/pl\/blog\/ponad-7-pomyslow-na-designerskie-polki-i-praktyczne-systemy-przechowywania\/#primaryimage"},"image":{"@id":"https:\/\/gardeon.pl\/pl\/blog\/ponad-7-pomyslow-na-designerskie-polki-i-praktyczne-systemy-przechowywania\/#primaryimage"},"thumbnailUrl":"https:\/\/gardeon.pl\/wp-content\/uploads\/2020\/11\/Dugovic-9.jpg","datePublished":"2026-04-23T15:42:26+00:00","dateModified":"2026-04-23T16:44:27+00:00","author":{"@id":"https:\/\/gardeon.pl\/#\/schema\/person\/a5762ca5f0790bf92774af0899379463"},"description":"Chc\u0105 Pa\u0144stwo zorganizowa\u0107 gara\u017c lub domek ogrodowy, a jednocze\u015bnie zale\u017cy Pa\u0144stwu na dobrym wygl\u0105dzie? Prosimy zapozna\u0107 si\u0119 z inspiracjami dotycz\u0105cymi przestrzeni do przechowywania i p\u00f3\u0142ek na ka\u017cd\u0105 \u201eokazj\u0119\u201d.","breadcrumb":{"@id":"https:\/\/gardeon.pl\/pl\/blog\/ponad-7-pomyslow-na-designerskie-polki-i-praktyczne-systemy-przechowywania\/#breadcrumb"},"inLanguage":"pl-PL","potentialAction":[{"@type":"ReadAction","target":["https:\/\/gardeon.pl\/pl\/blog\/ponad-7-pomyslow-na-designerskie-polki-i-praktyczne-systemy-przechowywania\/"]}]},{"@type":"ImageObject","inLanguage":"pl-PL","@id":"https:\/\/gardeon.pl\/pl\/blog\/ponad-7-pomyslow-na-designerskie-polki-i-praktyczne-systemy-przechowywania\/#primaryimage","url":"https:\/\/gardeon.pl\/wp-content\/uploads\/2020\/11\/Dugovic-9.jpg","contentUrl":"https:\/\/gardeon.pl\/wp-content\/uploads\/2020\/11\/Dugovic-9.jpg","width":1200,"height":900,"caption":"Wn\u0119trze gara\u017cu ze sto\u0142em na narz\u0119dzia"},{"@type":"BreadcrumbList","@id":"https:\/\/gardeon.pl\/pl\/blog\/ponad-7-pomyslow-na-designerskie-polki-i-praktyczne-systemy-przechowywania\/#breadcrumb","itemListElement":[{"@type":"ListItem","position":1,"name":"Domov","item":"https:\/\/gardeon.pl\/pl\/"},{"@type":"ListItem","position":2,"name":"Ponad 7 pomys\u0142\u00f3w na designerskie p\u00f3\u0142ki i praktyczne systemy przechowywania"}]},{"@type":"WebSite","@id":"https:\/\/gardeon.pl\/#website","url":"https:\/\/gardeon.pl\/","name":"GARDEON","description":"","potentialAction":[{"@type":"SearchAction","target":{"@type":"EntryPoint","urlTemplate":"https:\/\/gardeon.pl\/?s={search_term_string}"},"query-input":{"@type":"PropertyValueSpecification","valueRequired":true,"valueName":"search_term_string"}}],"inLanguage":"pl-PL"},{"@type":"Person","@id":"https:\/\/gardeon.pl\/#\/schema\/person\/a5762ca5f0790bf92774af0899379463","name":"editor","image":{"@type":"ImageObject","inLanguage":"pl-PL","@id":"https:\/\/secure.gravatar.com\/avatar\/2b748151c2c748327307fd289a91b3bdafdd9e64e2d000e65e53d6dcf11c5830?s=96&d=mm&r=g","url":"https:\/\/secure.gravatar.com\/avatar\/2b748151c2c748327307fd289a91b3bdafdd9e64e2d000e65e53d6dcf11c5830?s=96&d=mm&r=g","contentUrl":"https:\/\/secure.gravatar.com\/avatar\/2b748151c2c748327307fd289a91b3bdafdd9e64e2d000e65e53d6dcf11c5830?s=96&d=mm&r=g","caption":"editor"}}]}},"_links":{"self":[{"href":"https:\/\/gardeon.pl\/pl\/wp-json\/wp\/v2\/posts\/47898","targetHints":{"allow":["GET"]}}],"collection":[{"href":"https:\/\/gardeon.pl\/pl\/wp-json\/wp\/v2\/posts"}],"about":[{"href":"https:\/\/gardeon.pl\/pl\/wp-json\/wp\/v2\/types\/post"}],"author":[{"embeddable":true,"href":"https:\/\/gardeon.pl\/pl\/wp-json\/wp\/v2\/users\/2"}],"replies":[{"embeddable":true,"href":"https:\/\/gardeon.pl\/pl\/wp-json\/wp\/v2\/comments?post=47898"}],"version-history":[{"count":0,"href":"https:\/\/gardeon.pl\/pl\/wp-json\/wp\/v2\/posts\/47898\/revisions"}],"wp:featuredmedia":[{"embeddable":true,"href":"https:\/\/gardeon.pl\/pl\/wp-json\/wp\/v2\/media\/46897"}],"wp:attachment":[{"href":"https:\/\/gardeon.pl\/pl\/wp-json\/wp\/v2\/media?parent=47898"}],"wp:term":[{"taxonomy":"category","embeddable":true,"href":"https:\/\/gardeon.pl\/pl\/wp-json\/wp\/v2\/categories?post=47898"},{"taxonomy":"post_tag","embeddable":true,"href":"https:\/\/gardeon.pl\/pl\/wp-json\/wp\/v2\/tags?post=47898"}],"curies":[{"name":"wp","href":"https:\/\/api.w.org\/{rel}","templated":true}]}}