{"id":47899,"date":"2026-04-23T17:42:26","date_gmt":"2026-04-23T15:42:26","guid":{"rendered":"https:\/\/gardeon.pl\/blog\/jak-przygotowac-fundamenty-pod-budowe-garazu\/"},"modified":"2026-04-23T18:44:27","modified_gmt":"2026-04-23T16:44:27","slug":"jak-przygotowac-fundamenty-pod-budowe-garazu","status":"publish","type":"post","link":"https:\/\/gardeon.pl\/pl\/blog\/jak-przygotowac-fundamenty-pod-budowe-garazu\/","title":{"rendered":"Jak przygotowa\u0107 fundamenty pod budow\u0119 gara\u017cu"},"content":{"rendered":"<p><i><span style=\"font-weight: 400;\">Nadszed\u0142 Tw\u00f3j dzie\u0144 D. W ko\u0144cu zapad\u0142a decyzja o budowie gara\u017cu lub domku ogrodowego, o kt\u00f3rym tak d\u0142ugo my\u015bla\u0142e\u015b. Ju\u017c widzisz, jak parkujesz w nowym gara\u017cu. Wyobra\u017casz sobie, jak relaksujesz si\u0119 w \u015bwietnym domku ogrodowym. Teraz na chwil\u0119 wr\u00f3cimy na ziemi\u0119. Aby Twoja budowla nie sko\u0144czy\u0142a jak krzywa wie\u017ca w Pizie, musimy zacz\u0105\u0107 od pod\u0142ogi, a nawet wcze\u015bniej \u2013 od pod\u0142o\u017ca. Jak to zrobi\u0107? Doradzimy Ci, jak przygotowa\u0107 teren pod budow\u0119 gara\u017cu blaszanego, ale w ten sam spos\u00f3b przygotujesz r\u00f3wnie\u017c pod\u0142o\u017ce pod budow\u0119 stalowego domku ogrodowego.      <\/span><\/i><\/p>\n<p><!--more--><\/p>\n<p><span style=\"font-weight: 400;\">To od Ciebie zale\u017cy, gdzie postawisz domek lub gara\u017c, o ile b\u0119dziesz trzyma\u0107 si\u0119 podstawowych zasad prawnych i estetycznych. To \u015bwietna wiadomo\u015b\u0107, \u017ce na budow\u0119 do 25 m\u00b2 nie potrzebujesz pozwolenia na budow\u0119. Je\u015bli jednak planujesz co\u015b wi\u0119kszego, sprawd\u017a szczeg\u00f3\u0142y w <\/span><span style=\"font-weight: 400;\">urz\u0119dzie nadzoru budowlanego<\/span><span style=\"font-weight: 400;\">. Pami\u0119taj r\u00f3wnie\u017c o zachowaniu odpowiedniej odleg\u0142o\u015bci od granicy s\u0105siedniej dzia\u0142ki \u2013 minimum to 2 metry. Na koniec zastan\u00f3w si\u0119, jak nowy gara\u017c lub domek b\u0119dzie wygl\u0105da\u0142 w stosunku do rzutu domu i og\u00f3lnego wygl\u0105du posesji.<\/span><\/p>\n<p><img loading=\"lazy\" decoding=\"async\" class=\"aligncenter wp-image-27067\" src=\"http:\/\/gardeon.pl\/wp-content\/uploads\/2020\/07\/Marcek-podklad-1-rotated.jpeg\" alt=\"Pod\u0142o\u017ce pod montowany domek ogrodowy GARDEON\" width=\"800\" height=\"1067\" srcset=\"https:\/\/gardeon.pl\/wp-content\/uploads\/2020\/07\/Marcek-podklad-1-rotated.jpeg 1500w, https:\/\/gardeon.pl\/wp-content\/uploads\/2020\/07\/Marcek-podklad-1-225x300.jpeg 225w, https:\/\/gardeon.pl\/wp-content\/uploads\/2020\/07\/Marcek-podklad-1-768x1024.jpeg 768w, https:\/\/gardeon.pl\/wp-content\/uploads\/2020\/07\/Marcek-podklad-1-1152x1536.jpeg 1152w\" sizes=\"auto, (max-width: 800px) 100vw, 800px\" \/><\/p>\n<h2><b>Poziome i solidne fundamenty pod gara\u017c<\/b><\/h2>\n<p><span style=\"font-weight: 400;\">Niezale\u017cnie od tego, czy czujesz si\u0119 na si\u0142ach, by budowa\u0107 w\u0142asnymi r\u0119kami, czy te\u017c zdasz si\u0119 na profesjonalist\u00f3w, zawsze musisz przygotowa\u0107 <\/span><a href=\"https:\/\/gardeon.pl\/pl\/garaze\/co-mozemy-dla-panstwa-zrobic-2\/podloze-pod-garaz\/\"><span style=\"font-weight: 400;\">p\u0142yt\u0119 fundamentow\u0105<\/span><\/a><span style=\"font-weight: 400;\">. Problem pojawia si\u0119 przy zr\u00f3\u017cnicowanym ukszta\u0142towaniu terenu. Wtedy idealnie jest najpierw go wyr\u00f3wna\u0107. Samo pod\u0142o\u017ce pod gara\u017c powinno wystawa\u0107 poza obrys planowanej budowli o co najmniej 15 cm. Jaki materia\u0142 nadaje si\u0119 do przygotowania pod\u0142o\u017ca? Masz co najmniej 3 opcje.<\/span><\/p>\n<p><b>U\u0142\u00f3\u017c bloczki betonowe<\/b><\/p>\n<p><span style=\"font-weight: 400;\">Wyr\u00f3wnaj teren i ewentualnie nanie\u015b na niego warstw\u0119 \u017cwiru. Nast\u0119pnie u\u0142\u00f3\u017c na niej kostki betonowe lub obrze\u017ca betonowe o wi\u0119kszych wymiarach. Uk\u0142adaj je poziomo po obwodzie Twojego przysz\u0142ego gara\u017cu. Bloczki betonowe to jednocze\u015bnie najprostszy i najta\u0144szy spos\u00f3b na wykonanie pod\u0142o\u017ca pod konstrukcj\u0119 modu\u0142ow\u0105.   <\/span><\/p>\n<p><img loading=\"lazy\" decoding=\"async\" class=\"aligncenter wp-image-8336 size-full\" src=\"http:\/\/gardeon.pl\/wp-content\/uploads\/2016\/02\/podklad-na-domcek.jpg\" alt=\"Pod\u0142o\u017ce pod domek ogrodowy\" width=\"800\" height=\"600\" srcset=\"https:\/\/gardeon.pl\/wp-content\/uploads\/2016\/02\/podklad-na-domcek.jpg 800w, https:\/\/gardeon.pl\/wp-content\/uploads\/2016\/02\/podklad-na-domcek-300x225.jpg 300w, https:\/\/gardeon.pl\/wp-content\/uploads\/2016\/02\/podklad-na-domcek-768x576.jpg 768w\" sizes=\"auto, (max-width: 800px) 100vw, 800px\" \/><\/p>\n<p><b>Po\u0142\u00f3\u017c kostk\u0119 brukow\u0105<\/b><\/p>\n<p><span style=\"font-weight: 400;\">Do budowy fundamentu z kostki brukowej b\u0119dziesz potrzebowa\u0107 kilku zag\u0119szczonych warstw, aby pod\u0142o\u017ce si\u0119 nie rozchodzi\u0142o. Do ograniczenia terenu mo\u017cesz wykorzysta\u0107 obrze\u017ca betonowe lub palisady. Stopniowo uk\u0142adaj warstwy wysokiej jako\u015bci kruszywa, najpierw gruby \u017cwir, a na nim t\u0142ucze\u0144. Ka\u017cd\u0105 warstw\u0119 podczas uk\u0142adania zag\u0119\u015b\u0107 zag\u0119szczark\u0105 wibracyjn\u0105. Jako trzeci\u0105 warstw\u0119 u\u0142\u00f3\u017c kostk\u0119 brukow\u0105, zaczynaj\u0105c od najni\u017cej po\u0142o\u017conego naro\u017cnika terenu. Na koniec wype\u0142nij spoiny, na przyk\u0142ad piaskiem kwarcowym.     <\/span><\/p>\n<p><img loading=\"lazy\" decoding=\"async\" class=\"aligncenter wp-image-26985\" src=\"http:\/\/gardeon.pl\/wp-content\/uploads\/2015\/06\/gardeon-podklad-garaz-43.jpg\" alt=\"Kostka brukowa\" width=\"800\" height=\"600\" srcset=\"https:\/\/gardeon.pl\/wp-content\/uploads\/2015\/06\/gardeon-podklad-garaz-43.jpg 2000w, https:\/\/gardeon.pl\/wp-content\/uploads\/2015\/06\/gardeon-podklad-garaz-43-300x225.jpg 300w, https:\/\/gardeon.pl\/wp-content\/uploads\/2015\/06\/gardeon-podklad-garaz-43-1024x768.jpg 1024w, https:\/\/gardeon.pl\/wp-content\/uploads\/2015\/06\/gardeon-podklad-garaz-43-768x576.jpg 768w, https:\/\/gardeon.pl\/wp-content\/uploads\/2015\/06\/gardeon-podklad-garaz-43-1536x1152.jpg 1536w\" sizes=\"auto, (max-width: 800px) 100vw, 800px\" \/><\/p>\n<h3>Wykonaj p\u0142yt\u0119 betonow\u0105<\/h3>\n<p><span style=\"font-weight: 400;\">Je\u015bli chcesz, aby pod\u0142o\u017ce by\u0142o idealnie stabilne, u\u017cyj betonu. Przed betonowaniem wyznacz obszar, na kt\u00f3rym stan\u0105 fundamenty, na przyk\u0142ad za pomoc\u0105 drewnianych desek. Jako pierwsz\u0105 warstw\u0119 zastosuj \u017cwir, a na nim po\u0142\u00f3\u017c siatk\u0119 zbrojeniow\u0105 (kari). Zapewni ona, \u017ce p\u0142yta betonowa wytrzyma wi\u0119ksze obci\u0105\u017cenia, takie jak parkowanie samochodu. Bez tej stalowej siatki beton po pewnym czasie by pop\u0119ka\u0142. Ostatni\u0105 warstw\u0119 stanowi \u015bwie\u017cy beton, kt\u00f3ry przed wyschni\u0119ciem nale\u017cy wyr\u00f3wna\u0107 za pomoc\u0105 poziomicy. I p\u0142yta fundamentowa gotowa. Zaczynamy budow\u0119.        <\/span><\/p>\n<p><img loading=\"lazy\" decoding=\"async\" class=\"aligncenter wp-image-22302\" src=\"http:\/\/gardeon.pl\/wp-content\/uploads\/2015\/06\/gardeon-podklad-4-1024x682.jpg\" alt=\"Pod\u0142o\u017ce pod gara\u017c modu\u0142owy GARDEON\" width=\"800\" height=\"533\" srcset=\"https:\/\/gardeon.pl\/wp-content\/uploads\/2015\/06\/gardeon-podklad-4-1024x682.jpg 1024w, https:\/\/gardeon.pl\/wp-content\/uploads\/2015\/06\/gardeon-podklad-4-300x200.jpg 300w, https:\/\/gardeon.pl\/wp-content\/uploads\/2015\/06\/gardeon-podklad-4-768x512.jpg 768w, https:\/\/gardeon.pl\/wp-content\/uploads\/2015\/06\/gardeon-podklad-4-1536x1024.jpg 1536w, https:\/\/gardeon.pl\/wp-content\/uploads\/2015\/06\/gardeon-podklad-4.jpg 2000w\" sizes=\"auto, (max-width: 800px) 100vw, 800px\" \/><\/p>\n<h3><b>Gdy pod\u0142o\u017ce pod gara\u017c jest ju\u017c gotowe<\/b><\/h3>\n<p><span style=\"font-weight: 400;\">Je\u015bli przygotowa\u0142e\u015b ju\u017c p\u0142yt\u0119 fundamentow\u0105, mo\u017cesz wezwa\u0107 profesjonalist\u00f3w, kt\u00f3rzy postawi\u0105 Tw\u00f3j gara\u017c lub domek ogrodowy. Ewentualnie mo\u017cesz po prostu zam\u00f3wi\u0107 sw\u00f3j modu\u0142owy domek ogrodowy, zleci\u0107 dostaw\u0119 pod same drzwi i <\/span><span style=\"font-weight: 400;\">z\u0142o\u017cy\u0107 go samodzielnie<\/span><span style=\"font-weight: 400;\">.<\/span><span style=\"font-weight: 400;\"> Gdy konstrukcja ju\u017c stoi, nale\u017cy j\u0105 jeszcze przymocowa\u0107 do pod\u0142o\u017ca.<\/span><\/p>\n<p><a href=\"http:\/\/gardeon.pl\/wp-content\/uploads\/2020\/09\/gardeon-montaz-34.jpg\"><img loading=\"lazy\" decoding=\"async\" class=\"wp-image-28048 aligncenter\" src=\"http:\/\/gardeon.pl\/wp-content\/uploads\/2020\/09\/gardeon-montaz-34.jpg\" alt=\"Monta\u017c gara\u017cu GARDEON\" width=\"800\" height=\"532\" srcset=\"https:\/\/gardeon.pl\/wp-content\/uploads\/2020\/09\/gardeon-montaz-34.jpg 2000w, https:\/\/gardeon.pl\/wp-content\/uploads\/2020\/09\/gardeon-montaz-34-300x200.jpg 300w, https:\/\/gardeon.pl\/wp-content\/uploads\/2020\/09\/gardeon-montaz-34-1024x681.jpg 1024w, https:\/\/gardeon.pl\/wp-content\/uploads\/2020\/09\/gardeon-montaz-34-768x511.jpg 768w, https:\/\/gardeon.pl\/wp-content\/uploads\/2020\/09\/gardeon-montaz-34-1536x1022.jpg 1536w\" sizes=\"auto, (max-width: 800px) 100vw, 800px\" \/><\/a><\/p>\n<p><span style=\"font-weight: 400;\">Nast\u0119pnie wybierasz pod\u0142og\u0119. W tym przypadku decyduj\u0105ce jest to, czy chodzi o gara\u017c, czy o inn\u0105 budowl\u0119 modu\u0142ow\u0105. W gara\u017cu pod\u0142oga mo\u017ce by\u0107 nara\u017cona na potencjalne wycieki chemikali\u00f3w. W przypadku domku stalowego mo\u017cesz pozwoli\u0107 sobie na p\u0142ytki, maty, a nawet drewnian\u0105 pod\u0142og\u0119. Wszystko zale\u017cy od tego, jak b\u0119dziesz go u\u017cytkowa\u0107. I ju\u017c tylko cieszysz si\u0119 swoim nowym elementem domu, b\u0119d\u0105c z siebie dumnym, poniewa\u017c w\u0142asnor\u0119cznie przygotowa\u0142e\u015b solidne fundamenty.     <\/span><\/p>\n<p style=\"text-align: left;\"><span style=\"font-weight: 400;\">Wybra\u0142e\u015b idealny gara\u017c, ale nie wiesz, gdzie umie\u015bci\u0107 go na dzia\u0142ce lub czy zmie\u015bci si\u0119 w wybranej przestrzeni? Dzi\u0119ki temu <\/span><span style=\"font-weight: 400;\">praktycznemu poradnikowi<\/span><span style=\"font-weight: 400;\"> na pewno wszystko rozwi\u0105\u017cesz.<\/span><\/p>\n<p>&nbsp;<\/p>\n<h5>\u0179r\u00f3d\u0142o (source):<\/h5>\n<h5>bank zdj\u0119\u0107 GARDEON<\/h5>\n","protected":false},"excerpt":{"rendered":"<p>Nadszed\u0142 Tw\u00f3j dzie\u0144 D. W ko\u0144cu zapad\u0142a decyzja o budowie gara\u017cu lub domku ogrodowego, o kt\u00f3rym tak d\u0142ugo my\u015bla\u0142e\u015b. Ju\u017c widzisz, jak parkujesz w nowym gara\u017cu. Wyobra\u017casz sobie, jak relaksujesz si\u0119 w \u015bwietnym domku ogrodowym. Teraz na chwil\u0119 wr\u00f3cimy na ziemi\u0119. Aby Twoja budowla nie sko\u0144czy\u0142a jak krzywa wie\u017ca w Pizie, musimy zacz\u0105\u0107 od pod\u0142ogi, [&hellip;]<\/p>\n","protected":false},"author":2,"featured_media":47903,"comment_status":"open","ping_status":"open","sticky":false,"template":"","format":"standard","meta":{"_acf_changed":false,"inline_featured_image":false,"footnotes":""},"categories":[578,580],"tags":[],"class_list":["post-47899","post","type-post","status-publish","format-standard","has-post-thumbnail","hentry","category-garaze-blaszane","category-jak-to-zrobic-garaze-diy"],"acf":[],"yoast_head":"<!-- This site is optimized with the Yoast SEO plugin v27.4 - https:\/\/yoast.com\/product\/yoast-seo-wordpress\/ -->\n<title>Jak przygotowa\u0107 fundamenty pod budow\u0119 gara\u017cu | GARDEON<\/title>\n<meta name=\"robots\" content=\"index, follow, max-snippet:-1, max-image-preview:large, max-video-preview:-1\" \/>\n<link rel=\"canonical\" href=\"https:\/\/gardeon.pl\/pl\/blog\/jak-przygotowac-fundamenty-pod-budowe-garazu\/\" \/>\n<meta property=\"og:locale\" content=\"pl_PL\" \/>\n<meta property=\"og:type\" content=\"article\" \/>\n<meta property=\"og:title\" content=\"Jak przygotowa\u0107 fundamenty pod budow\u0119 gara\u017cu | GARDEON\" \/>\n<meta property=\"og:description\" content=\"Nadszed\u0142 Tw\u00f3j dzie\u0144 D. W ko\u0144cu zapad\u0142a decyzja o budowie gara\u017cu lub domku ogrodowego, o kt\u00f3rym tak d\u0142ugo my\u015bla\u0142e\u015b. Ju\u017c widzisz, jak parkujesz w nowym gara\u017cu. Wyobra\u017casz sobie, jak relaksujesz si\u0119 w \u015bwietnym domku ogrodowym. Teraz na chwil\u0119 wr\u00f3cimy na ziemi\u0119. Aby Twoja budowla nie sko\u0144czy\u0142a jak krzywa wie\u017ca w Pizie, musimy zacz\u0105\u0107 od pod\u0142ogi, [&hellip;]\" \/>\n<meta property=\"og:url\" content=\"https:\/\/gardeon.pl\/pl\/blog\/jak-przygotowac-fundamenty-pod-budowe-garazu\/\" \/>\n<meta property=\"og:site_name\" content=\"GARDEON\" \/>\n<meta property=\"article:published_time\" content=\"2026-04-23T15:42:26+00:00\" \/>\n<meta property=\"article:modified_time\" content=\"2026-04-23T16:44:27+00:00\" \/>\n<meta property=\"og:image\" content=\"http:\/\/gardeon.pl\/wp-content\/uploads\/2020\/09\/gardeon-montaz-58.jpg\" \/>\n\t<meta property=\"og:image:width\" content=\"2000\" \/>\n\t<meta property=\"og:image:height\" content=\"1331\" \/>\n\t<meta property=\"og:image:type\" content=\"image\/jpeg\" \/>\n<meta name=\"author\" content=\"editor\" \/>\n<meta name=\"twitter:card\" content=\"summary_large_image\" \/>\n<meta name=\"twitter:label1\" content=\"Napisane przez\" \/>\n\t<meta name=\"twitter:data1\" content=\"editor\" \/>\n\t<meta name=\"twitter:label2\" content=\"Szacowany czas czytania\" \/>\n\t<meta name=\"twitter:data2\" content=\"4 minuty\" \/>\n<script type=\"application\/ld+json\" class=\"yoast-schema-graph\">{\"@context\":\"https:\\\/\\\/schema.org\",\"@graph\":[{\"@type\":\"Article\",\"@id\":\"https:\\\/\\\/gardeon.pl\\\/pl\\\/blog\\\/jak-przygotowac-fundamenty-pod-budowe-garazu\\\/#article\",\"isPartOf\":{\"@id\":\"https:\\\/\\\/gardeon.pl\\\/pl\\\/blog\\\/jak-przygotowac-fundamenty-pod-budowe-garazu\\\/\"},\"author\":{\"name\":\"editor\",\"@id\":\"https:\\\/\\\/gardeon.pl\\\/#\\\/schema\\\/person\\\/a5762ca5f0790bf92774af0899379463\"},\"headline\":\"Jak przygotowa\u0107 fundamenty pod budow\u0119 gara\u017cu\",\"datePublished\":\"2026-04-23T15:42:26+00:00\",\"dateModified\":\"2026-04-23T16:44:27+00:00\",\"mainEntityOfPage\":{\"@id\":\"https:\\\/\\\/gardeon.pl\\\/pl\\\/blog\\\/jak-przygotowac-fundamenty-pod-budowe-garazu\\\/\"},\"wordCount\":728,\"commentCount\":0,\"image\":{\"@id\":\"https:\\\/\\\/gardeon.pl\\\/pl\\\/blog\\\/jak-przygotowac-fundamenty-pod-budowe-garazu\\\/#primaryimage\"},\"thumbnailUrl\":\"https:\\\/\\\/gardeon.pl\\\/wp-content\\\/uploads\\\/2020\\\/09\\\/gardeon-montaz-58.jpg\",\"articleSection\":[\"Gara\u017ce blaszane\",\"Jak to zrobi\u0107 \u2013 gara\u017ce | DIY\"],\"inLanguage\":\"pl-PL\",\"potentialAction\":[{\"@type\":\"CommentAction\",\"name\":\"Comment\",\"target\":[\"https:\\\/\\\/gardeon.pl\\\/pl\\\/blog\\\/jak-przygotowac-fundamenty-pod-budowe-garazu\\\/#respond\"]}]},{\"@type\":\"WebPage\",\"@id\":\"https:\\\/\\\/gardeon.pl\\\/pl\\\/blog\\\/jak-przygotowac-fundamenty-pod-budowe-garazu\\\/\",\"url\":\"https:\\\/\\\/gardeon.pl\\\/pl\\\/blog\\\/jak-przygotowac-fundamenty-pod-budowe-garazu\\\/\",\"name\":\"Jak przygotowa\u0107 fundamenty pod budow\u0119 gara\u017cu | GARDEON\",\"isPartOf\":{\"@id\":\"https:\\\/\\\/gardeon.pl\\\/#website\"},\"primaryImageOfPage\":{\"@id\":\"https:\\\/\\\/gardeon.pl\\\/pl\\\/blog\\\/jak-przygotowac-fundamenty-pod-budowe-garazu\\\/#primaryimage\"},\"image\":{\"@id\":\"https:\\\/\\\/gardeon.pl\\\/pl\\\/blog\\\/jak-przygotowac-fundamenty-pod-budowe-garazu\\\/#primaryimage\"},\"thumbnailUrl\":\"https:\\\/\\\/gardeon.pl\\\/wp-content\\\/uploads\\\/2020\\\/09\\\/gardeon-montaz-58.jpg\",\"datePublished\":\"2026-04-23T15:42:26+00:00\",\"dateModified\":\"2026-04-23T16:44:27+00:00\",\"author\":{\"@id\":\"https:\\\/\\\/gardeon.pl\\\/#\\\/schema\\\/person\\\/a5762ca5f0790bf92774af0899379463\"},\"breadcrumb\":{\"@id\":\"https:\\\/\\\/gardeon.pl\\\/pl\\\/blog\\\/jak-przygotowac-fundamenty-pod-budowe-garazu\\\/#breadcrumb\"},\"inLanguage\":\"pl-PL\",\"potentialAction\":[{\"@type\":\"ReadAction\",\"target\":[\"https:\\\/\\\/gardeon.pl\\\/pl\\\/blog\\\/jak-przygotowac-fundamenty-pod-budowe-garazu\\\/\"]}]},{\"@type\":\"ImageObject\",\"inLanguage\":\"pl-PL\",\"@id\":\"https:\\\/\\\/gardeon.pl\\\/pl\\\/blog\\\/jak-przygotowac-fundamenty-pod-budowe-garazu\\\/#primaryimage\",\"url\":\"https:\\\/\\\/gardeon.pl\\\/wp-content\\\/uploads\\\/2020\\\/09\\\/gardeon-montaz-58.jpg\",\"contentUrl\":\"https:\\\/\\\/gardeon.pl\\\/wp-content\\\/uploads\\\/2020\\\/09\\\/gardeon-montaz-58.jpg\",\"width\":2000,\"height\":1331,\"caption\":\"Monta\u017c pokrycia dachowego\"},{\"@type\":\"BreadcrumbList\",\"@id\":\"https:\\\/\\\/gardeon.pl\\\/pl\\\/blog\\\/jak-przygotowac-fundamenty-pod-budowe-garazu\\\/#breadcrumb\",\"itemListElement\":[{\"@type\":\"ListItem\",\"position\":1,\"name\":\"Domov\",\"item\":\"https:\\\/\\\/gardeon.pl\\\/pl\\\/\"},{\"@type\":\"ListItem\",\"position\":2,\"name\":\"Jak przygotowa\u0107 fundamenty pod budow\u0119 gara\u017cu\"}]},{\"@type\":\"WebSite\",\"@id\":\"https:\\\/\\\/gardeon.pl\\\/#website\",\"url\":\"https:\\\/\\\/gardeon.pl\\\/\",\"name\":\"GARDEON\",\"description\":\"\",\"potentialAction\":[{\"@type\":\"SearchAction\",\"target\":{\"@type\":\"EntryPoint\",\"urlTemplate\":\"https:\\\/\\\/gardeon.pl\\\/?s={search_term_string}\"},\"query-input\":{\"@type\":\"PropertyValueSpecification\",\"valueRequired\":true,\"valueName\":\"search_term_string\"}}],\"inLanguage\":\"pl-PL\"},{\"@type\":\"Person\",\"@id\":\"https:\\\/\\\/gardeon.pl\\\/#\\\/schema\\\/person\\\/a5762ca5f0790bf92774af0899379463\",\"name\":\"editor\",\"image\":{\"@type\":\"ImageObject\",\"inLanguage\":\"pl-PL\",\"@id\":\"https:\\\/\\\/secure.gravatar.com\\\/avatar\\\/2b748151c2c748327307fd289a91b3bdafdd9e64e2d000e65e53d6dcf11c5830?s=96&d=mm&r=g\",\"url\":\"https:\\\/\\\/secure.gravatar.com\\\/avatar\\\/2b748151c2c748327307fd289a91b3bdafdd9e64e2d000e65e53d6dcf11c5830?s=96&d=mm&r=g\",\"contentUrl\":\"https:\\\/\\\/secure.gravatar.com\\\/avatar\\\/2b748151c2c748327307fd289a91b3bdafdd9e64e2d000e65e53d6dcf11c5830?s=96&d=mm&r=g\",\"caption\":\"editor\"}}]}<\/script>\n<!-- \/ Yoast SEO plugin. -->","yoast_head_json":{"title":"Jak przygotowa\u0107 fundamenty pod budow\u0119 gara\u017cu | GARDEON","robots":{"index":"index","follow":"follow","max-snippet":"max-snippet:-1","max-image-preview":"max-image-preview:large","max-video-preview":"max-video-preview:-1"},"canonical":"https:\/\/gardeon.pl\/pl\/blog\/jak-przygotowac-fundamenty-pod-budowe-garazu\/","og_locale":"pl_PL","og_type":"article","og_title":"Jak przygotowa\u0107 fundamenty pod budow\u0119 gara\u017cu | GARDEON","og_description":"Nadszed\u0142 Tw\u00f3j dzie\u0144 D. W ko\u0144cu zapad\u0142a decyzja o budowie gara\u017cu lub domku ogrodowego, o kt\u00f3rym tak d\u0142ugo my\u015bla\u0142e\u015b. Ju\u017c widzisz, jak parkujesz w nowym gara\u017cu. Wyobra\u017casz sobie, jak relaksujesz si\u0119 w \u015bwietnym domku ogrodowym. Teraz na chwil\u0119 wr\u00f3cimy na ziemi\u0119. Aby Twoja budowla nie sko\u0144czy\u0142a jak krzywa wie\u017ca w Pizie, musimy zacz\u0105\u0107 od pod\u0142ogi, [&hellip;]","og_url":"https:\/\/gardeon.pl\/pl\/blog\/jak-przygotowac-fundamenty-pod-budowe-garazu\/","og_site_name":"GARDEON","article_published_time":"2026-04-23T15:42:26+00:00","article_modified_time":"2026-04-23T16:44:27+00:00","og_image":[{"width":2000,"height":1331,"url":"http:\/\/gardeon.pl\/wp-content\/uploads\/2020\/09\/gardeon-montaz-58.jpg","type":"image\/jpeg"}],"author":"editor","twitter_card":"summary_large_image","twitter_misc":{"Napisane przez":"editor","Szacowany czas czytania":"4 minuty"},"schema":{"@context":"https:\/\/schema.org","@graph":[{"@type":"Article","@id":"https:\/\/gardeon.pl\/pl\/blog\/jak-przygotowac-fundamenty-pod-budowe-garazu\/#article","isPartOf":{"@id":"https:\/\/gardeon.pl\/pl\/blog\/jak-przygotowac-fundamenty-pod-budowe-garazu\/"},"author":{"name":"editor","@id":"https:\/\/gardeon.pl\/#\/schema\/person\/a5762ca5f0790bf92774af0899379463"},"headline":"Jak przygotowa\u0107 fundamenty pod budow\u0119 gara\u017cu","datePublished":"2026-04-23T15:42:26+00:00","dateModified":"2026-04-23T16:44:27+00:00","mainEntityOfPage":{"@id":"https:\/\/gardeon.pl\/pl\/blog\/jak-przygotowac-fundamenty-pod-budowe-garazu\/"},"wordCount":728,"commentCount":0,"image":{"@id":"https:\/\/gardeon.pl\/pl\/blog\/jak-przygotowac-fundamenty-pod-budowe-garazu\/#primaryimage"},"thumbnailUrl":"https:\/\/gardeon.pl\/wp-content\/uploads\/2020\/09\/gardeon-montaz-58.jpg","articleSection":["Gara\u017ce blaszane","Jak to zrobi\u0107 \u2013 gara\u017ce | DIY"],"inLanguage":"pl-PL","potentialAction":[{"@type":"CommentAction","name":"Comment","target":["https:\/\/gardeon.pl\/pl\/blog\/jak-przygotowac-fundamenty-pod-budowe-garazu\/#respond"]}]},{"@type":"WebPage","@id":"https:\/\/gardeon.pl\/pl\/blog\/jak-przygotowac-fundamenty-pod-budowe-garazu\/","url":"https:\/\/gardeon.pl\/pl\/blog\/jak-przygotowac-fundamenty-pod-budowe-garazu\/","name":"Jak przygotowa\u0107 fundamenty pod budow\u0119 gara\u017cu | GARDEON","isPartOf":{"@id":"https:\/\/gardeon.pl\/#website"},"primaryImageOfPage":{"@id":"https:\/\/gardeon.pl\/pl\/blog\/jak-przygotowac-fundamenty-pod-budowe-garazu\/#primaryimage"},"image":{"@id":"https:\/\/gardeon.pl\/pl\/blog\/jak-przygotowac-fundamenty-pod-budowe-garazu\/#primaryimage"},"thumbnailUrl":"https:\/\/gardeon.pl\/wp-content\/uploads\/2020\/09\/gardeon-montaz-58.jpg","datePublished":"2026-04-23T15:42:26+00:00","dateModified":"2026-04-23T16:44:27+00:00","author":{"@id":"https:\/\/gardeon.pl\/#\/schema\/person\/a5762ca5f0790bf92774af0899379463"},"breadcrumb":{"@id":"https:\/\/gardeon.pl\/pl\/blog\/jak-przygotowac-fundamenty-pod-budowe-garazu\/#breadcrumb"},"inLanguage":"pl-PL","potentialAction":[{"@type":"ReadAction","target":["https:\/\/gardeon.pl\/pl\/blog\/jak-przygotowac-fundamenty-pod-budowe-garazu\/"]}]},{"@type":"ImageObject","inLanguage":"pl-PL","@id":"https:\/\/gardeon.pl\/pl\/blog\/jak-przygotowac-fundamenty-pod-budowe-garazu\/#primaryimage","url":"https:\/\/gardeon.pl\/wp-content\/uploads\/2020\/09\/gardeon-montaz-58.jpg","contentUrl":"https:\/\/gardeon.pl\/wp-content\/uploads\/2020\/09\/gardeon-montaz-58.jpg","width":2000,"height":1331,"caption":"Monta\u017c pokrycia dachowego"},{"@type":"BreadcrumbList","@id":"https:\/\/gardeon.pl\/pl\/blog\/jak-przygotowac-fundamenty-pod-budowe-garazu\/#breadcrumb","itemListElement":[{"@type":"ListItem","position":1,"name":"Domov","item":"https:\/\/gardeon.pl\/pl\/"},{"@type":"ListItem","position":2,"name":"Jak przygotowa\u0107 fundamenty pod budow\u0119 gara\u017cu"}]},{"@type":"WebSite","@id":"https:\/\/gardeon.pl\/#website","url":"https:\/\/gardeon.pl\/","name":"GARDEON","description":"","potentialAction":[{"@type":"SearchAction","target":{"@type":"EntryPoint","urlTemplate":"https:\/\/gardeon.pl\/?s={search_term_string}"},"query-input":{"@type":"PropertyValueSpecification","valueRequired":true,"valueName":"search_term_string"}}],"inLanguage":"pl-PL"},{"@type":"Person","@id":"https:\/\/gardeon.pl\/#\/schema\/person\/a5762ca5f0790bf92774af0899379463","name":"editor","image":{"@type":"ImageObject","inLanguage":"pl-PL","@id":"https:\/\/secure.gravatar.com\/avatar\/2b748151c2c748327307fd289a91b3bdafdd9e64e2d000e65e53d6dcf11c5830?s=96&d=mm&r=g","url":"https:\/\/secure.gravatar.com\/avatar\/2b748151c2c748327307fd289a91b3bdafdd9e64e2d000e65e53d6dcf11c5830?s=96&d=mm&r=g","contentUrl":"https:\/\/secure.gravatar.com\/avatar\/2b748151c2c748327307fd289a91b3bdafdd9e64e2d000e65e53d6dcf11c5830?s=96&d=mm&r=g","caption":"editor"}}]}},"_links":{"self":[{"href":"https:\/\/gardeon.pl\/pl\/wp-json\/wp\/v2\/posts\/47899","targetHints":{"allow":["GET"]}}],"collection":[{"href":"https:\/\/gardeon.pl\/pl\/wp-json\/wp\/v2\/posts"}],"about":[{"href":"https:\/\/gardeon.pl\/pl\/wp-json\/wp\/v2\/types\/post"}],"author":[{"embeddable":true,"href":"https:\/\/gardeon.pl\/pl\/wp-json\/wp\/v2\/users\/2"}],"replies":[{"embeddable":true,"href":"https:\/\/gardeon.pl\/pl\/wp-json\/wp\/v2\/comments?post=47899"}],"version-history":[{"count":0,"href":"https:\/\/gardeon.pl\/pl\/wp-json\/wp\/v2\/posts\/47899\/revisions"}],"wp:featuredmedia":[{"embeddable":true,"href":"https:\/\/gardeon.pl\/pl\/wp-json\/wp\/v2\/media\/47903"}],"wp:attachment":[{"href":"https:\/\/gardeon.pl\/pl\/wp-json\/wp\/v2\/media?parent=47899"}],"wp:term":[{"taxonomy":"category","embeddable":true,"href":"https:\/\/gardeon.pl\/pl\/wp-json\/wp\/v2\/categories?post=47899"},{"taxonomy":"post_tag","embeddable":true,"href":"https:\/\/gardeon.pl\/pl\/wp-json\/wp\/v2\/tags?post=47899"}],"curies":[{"name":"wp","href":"https:\/\/api.w.org\/{rel}","templated":true}]}}