{"id":47925,"date":"2026-04-23T17:42:27","date_gmt":"2026-04-23T15:42:27","guid":{"rendered":"https:\/\/gardeon.pl\/blog\/duma-mistrza-tak-powinien-wygladac-porzadny-stol-warsztatowy\/"},"modified":"2026-04-23T18:44:26","modified_gmt":"2026-04-23T16:44:26","slug":"duma-mistrza-tak-powinien-wygladac-porzadny-stol-warsztatowy","status":"publish","type":"post","link":"https:\/\/gardeon.pl\/pl\/blog\/duma-mistrza-tak-powinien-wygladac-porzadny-stol-warsztatowy\/","title":{"rendered":"Duma mistrza: tak powinien wygl\u0105da\u0107 porz\u0105dny st\u00f3\u0142 warsztatowy"},"content":{"rendered":"<p><i><span style=\"font-weight: 400;\">St\u00f3\u0142 warsztatowy by\u0142 kiedy\u015b dum\u0105 ka\u017cdego mistrza. Poniewa\u017c nie da\u0142o si\u0119 go kupi\u0107, mistrz musia\u0142 wykona\u0107 go sam. Poniewa\u017c nie by\u0142o internetu, musia\u0142 w\u0142o\u017cy\u0107 w niego ca\u0142e swoje do\u015bwiadczenie, aby by\u0142 naprawd\u0119 praktyczny. W dzisiejszym wygodnym \u015bwiecie ma Pan\/Pani wyb\u00f3r. Albo kupi Pan\/Pani wysokiej jako\u015bci st\u00f3\u0142 roboczy, albo wykona go samodzielnie. Tak czy inaczej, dzi\u015b poka\u017cemy, co powinien mie\u0107 idealny st\u00f3\u0142 warsztatowy.     <\/span><\/i><\/p>\n<p><!--more--><\/p>\n<h2><b>Wytrzyma\u0142o\u015b\u0107 i odporno\u015b\u0107 blatu roboczego<\/b><\/h2>\n<p><span style=\"font-weight: 400;\">Blat roboczy i korpus (konstrukcja) <\/span><span style=\"font-weight: 400;\">sto\u0142u warsztatowego<\/span><span style=\"font-weight: 400;\"> powinny wytrzyma\u0107 obci\u0105\u017cenie powierzchniowe min. 1 000 kg. Powierzchnia sto\u0142u roboczego jest najcz\u0119\u015bciej drewniana lub metalowa. Dla spawaczy i \u015blusarzy zdecydowanie lepsza b\u0119dzie metalowa. <\/span><span style=\"font-weight: 400;\">Dla <a href=\"https:\/\/www.promistry.cz\/blog\/vyroba-multifunkcniho-pracovniho-stolu\/\">majsterkowicz\u00f3w<\/a><\/span><span style=\"font-weight: 400;\">, rzemie\u015blnik\u00f3w i stolarzy zdecydowanie polecamy powierzchni\u0119 drewnian\u0105.<\/span><\/p>\n<p><span style=\"font-weight: 400;\">Z jakiego drewna powinien by\u0107 wykonany st\u00f3\u0142? Z twardego. Np. z d\u0119bu lub buku. Dla lepszej odporno\u015bci na wibracje i wstrz\u0105sy proponujemy solidnie przymocowa\u0107 st\u00f3\u0142 do \u015bciany lub do pod\u0142ogi w warsztacie.    <\/span><\/p>\n<p><img loading=\"lazy\" decoding=\"async\" class=\"aligncenter wp-image-29394\" src=\"http:\/\/gardeon.pl\/wp-content\/uploads\/2020\/11\/Dugovic-9.jpg\" alt=\"Wn\u0119trze gara\u017cu ze sto\u0142em na narz\u0119dzia\" width=\"800\" height=\"600\" srcset=\"https:\/\/gardeon.pl\/wp-content\/uploads\/2020\/11\/Dugovic-9.jpg 1200w, https:\/\/gardeon.pl\/wp-content\/uploads\/2020\/11\/Dugovic-9-300x225.jpg 300w, https:\/\/gardeon.pl\/wp-content\/uploads\/2020\/11\/Dugovic-9-1024x768.jpg 1024w, https:\/\/gardeon.pl\/wp-content\/uploads\/2020\/11\/Dugovic-9-768x576.jpg 768w\" sizes=\"auto, (max-width: 800px) 100vw, 800px\" \/><\/p>\n<p><span style=\"font-weight: 400;\">Niekt\u00f3rzy mistrzowie decyduj\u0105 si\u0119 jednak na sklejk\u0119, cho\u0107 w efekcie ko\u0144cowym st\u00f3\u0142 nie b\u0119dzie a\u017c tak solidny. Podobnie jak wtedy, gdy postawi\u0105 go na k\u00f3\u0142kach. Je\u015bli jednak potrzebuje Pan\/Pani mobilnego sto\u0142u, kt\u00f3ry mo\u017cna elastycznie przestawia\u0107, ten pomys\u0142 b\u0119dzie dla Pana\/Pani idealny.  <\/span><\/p>\n<p><span style=\"font-weight: 400;\">Je\u015bli w warsztacie lub w <\/span><a href=\"https:\/\/gardeon.pl\/pl\/garaze\/\"><span style=\"font-weight: 400;\">gara\u017cu<\/span><\/a><span style=\"font-weight: 400;\"> ma Pan\/Pani ma\u0142o miejsca, mobilno\u015b\u0107 sto\u0142u nie jest jedynym rozwi\u0105zaniem. Drug\u0105 opcj\u0105 jest sk\u0142adany blat roboczy. Jednak w\u00f3wczas ponownie spada odporno\u015b\u0107 i stabilno\u015b\u0107 sto\u0142u warsztatowego.<\/span><\/p>\n<h2><b>Przestrzenie do przechowywania<\/b><\/h2>\n<h3><b>\u015aciana za sto\u0142em<\/b><\/h3>\n<p><span style=\"font-weight: 400;\">Czy nie by\u0142oby wspaniale, gdyby podczas pracy zawsze mie\u0107 wszystko pod r\u0119k\u0105? Prosz\u0119 wykona\u0107 system zawiesze\u0144 na ca\u0142\u0105 \u015bcian\u0119 za sto\u0142em. Prosz\u0119 wykorzysta\u0107 metalowe haki i szyny bezpo\u015brednio na \u015bcianie albo przymocowa\u0107 za sto\u0142em perforowan\u0105 p\u0142yt\u0119 pil\u015bniow\u0105. Uchwyty b\u0119d\u0105 si\u0119 do niej dobrze mocowa\u0107, bez konieczno\u015bci ci\u0105g\u0142ego wiercenia.   <\/span><\/p>\n<p><img loading=\"lazy\" decoding=\"async\" class=\"aligncenter wp-image-29262\" src=\"http:\/\/gardeon.pl\/wp-content\/uploads\/2020\/11\/GARDEON-foto-od-zakaznikov-104.jpg\" alt=\"Narz\u0119dzia majsterkowicza w domku ogrodowym\" width=\"800\" height=\"600\" srcset=\"https:\/\/gardeon.pl\/wp-content\/uploads\/2020\/11\/GARDEON-foto-od-zakaznikov-104.jpg 2016w, https:\/\/gardeon.pl\/wp-content\/uploads\/2020\/11\/GARDEON-foto-od-zakaznikov-104-300x225.jpg 300w, https:\/\/gardeon.pl\/wp-content\/uploads\/2020\/11\/GARDEON-foto-od-zakaznikov-104-1024x768.jpg 1024w, https:\/\/gardeon.pl\/wp-content\/uploads\/2020\/11\/GARDEON-foto-od-zakaznikov-104-768x576.jpg 768w, https:\/\/gardeon.pl\/wp-content\/uploads\/2020\/11\/GARDEON-foto-od-zakaznikov-104-1536x1152.jpg 1536w\" sizes=\"auto, (max-width: 800px) 100vw, 800px\" \/><\/p>\n<h3><b>Szuflady<\/b><\/h3>\n<p><span style=\"font-weight: 400;\">Szuflady pomagaj\u0105 utrzyma\u0107 porz\u0105dek, a jednocze\u015bnie nie osiada na nich kurz. W warsztacie podczas pracy z drewnem gromadzi si\u0119 du\u017co py\u0142u. Dlatego prosz\u0119 nie oszcz\u0119dza\u0107 na zamykanych schowkach w gara\u017cu modu\u0142owym lub <\/span><a href=\"https:\/\/gardeon.pl\/pl\/domki-ogrodowe-na-narzedzia\/\"><span style=\"font-weight: 400;\">domku ogrodowym<\/span><\/a><span style=\"font-weight: 400;\">, w kt\u00f3rym znajduje si\u0119 warsztat.<\/span><\/p>\n<h3><b>Inteligentne udogodnienia<\/b><\/h3>\n<p><span style=\"font-weight: 400;\">Lampa LED zawieszona bezpo\u015brednio nad sto\u0142em to rozwi\u0105zanie, kt\u00f3re doceni Pan\/Pani, gdy trzeba skupi\u0107 si\u0119 na detalach. Wa\u017cna jest tak\u017ce odpowiednia liczba gniazdek elektrycznych. Je\u015bli uda si\u0119 zawiesi\u0107 przed\u0142u\u017cacz wy\u017cej na \u015bcianie, kable nie b\u0119d\u0105 przeszkadza\u0107 podczas pracy z narz\u0119dziami.  <\/span><\/p>\n<p><img loading=\"lazy\" decoding=\"async\" class=\"aligncenter wp-image-27871\" src=\"http:\/\/gardeon.pl\/wp-content\/uploads\/2020\/09\/GARDEON-foto-od-zakaznikov-32-scaled.jpeg\" alt=\"Wn\u0119trze domku ogrodowego GARDEON\" width=\"800\" height=\"600\" srcset=\"https:\/\/gardeon.pl\/wp-content\/uploads\/2020\/09\/GARDEON-foto-od-zakaznikov-32-scaled.jpeg 2560w, https:\/\/gardeon.pl\/wp-content\/uploads\/2020\/09\/GARDEON-foto-od-zakaznikov-32-300x225.jpeg 300w, https:\/\/gardeon.pl\/wp-content\/uploads\/2020\/09\/GARDEON-foto-od-zakaznikov-32-1024x768.jpeg 1024w, https:\/\/gardeon.pl\/wp-content\/uploads\/2020\/09\/GARDEON-foto-od-zakaznikov-32-768x576.jpeg 768w, https:\/\/gardeon.pl\/wp-content\/uploads\/2020\/09\/GARDEON-foto-od-zakaznikov-32-1536x1152.jpeg 1536w, https:\/\/gardeon.pl\/wp-content\/uploads\/2020\/09\/GARDEON-foto-od-zakaznikov-32-2048x1536.jpeg 2048w\" sizes=\"auto, (max-width: 800px) 100vw, 800px\" \/><\/p>\n<p><span style=\"font-weight: 400;\">Widzia\u0142(a) Pan\/Pani w internecie niesamowity st\u00f3\u0142? Mia\u0142 wszystko, czego zawsze Pan\/Pani chcia\u0142(a)? Nawet \u201ewbudowane\u201d imad\u0142o? Nie musi Pan\/Pani si\u0119 z tym zgadza\u0107, jednak taki nadstandard nie jest konieczny. Takie sto\u0142y s\u0105 niepotrzebnie zawy\u017cone cenowo. Do ka\u017cdego sto\u0142u mo\u017cna przymocowa\u0107 imad\u0142o osobno. Wyjdzie to taniej.      <\/span><\/p>\n<p><span style=\"font-weight: 400;\">A co doda\u0107 na koniec? Czysto\u015b\u0107 \u2013 po\u0142owa \u017cycia. Je\u015bli z brudem i t\u0142uszczem na Pa\u0144stwa stole roboczym <\/span><span style=\"font-weight: 400;\">w warsztacie<\/span><span style=\"font-weight: 400;\"> nie poradz\u0105 sobie ocet, soda, p\u0142yn do naczy\u0144 i inne \u015brodki chemiczne, prosz\u0119 go przeszlifowa\u0107 i zagruntowa\u0107. <\/span> <\/p>\n<p><img loading=\"lazy\" decoding=\"async\" class=\"aligncenter wp-image-19223\" src=\"http:\/\/gardeon.pl\/wp-content\/uploads\/2019\/04\/soltes5-ko%C3%8Cpia-1024x576.jpg\" alt=\"Urz\u0105dzony gara\u017c z pod\u0142og\u0105\" width=\"800\" height=\"450\"><\/p>\n<h5>\u0179r\u00f3d\u0142o (Source):<\/h5>\n<h5>Fotobank GARDEON<\/h5>\n<h5><b>Dzi\u0119kujemy naszym klientom za udost\u0119pnione zdj\u0119cia :)<\/b><\/h5>\n","protected":false},"excerpt":{"rendered":"<p>St\u00f3\u0142 warsztatowy by\u0142 kiedy\u015b dum\u0105 ka\u017cdego mistrza. Poniewa\u017c nie da\u0142o si\u0119 go kupi\u0107, mistrz musia\u0142 wykona\u0107 go sam. Poniewa\u017c nie by\u0142o internetu, musia\u0142 w\u0142o\u017cy\u0107 w niego ca\u0142e swoje do\u015bwiadczenie, aby by\u0142 naprawd\u0119 praktyczny. W dzisiejszym wygodnym \u015bwiecie ma Pan\/Pani wyb\u00f3r. Albo kupi Pan\/Pani wysokiej jako\u015bci st\u00f3\u0142 roboczy, albo wykona go samodzielnie. Tak czy inaczej, dzi\u015b [&hellip;]<\/p>\n","protected":false},"author":2,"featured_media":46876,"comment_status":"open","ping_status":"open","sticky":false,"template":"","format":"standard","meta":{"_acf_changed":false,"inline_featured_image":false,"footnotes":""},"categories":[578,580],"tags":[],"class_list":["post-47925","post","type-post","status-publish","format-standard","has-post-thumbnail","hentry","category-garaze-blaszane","category-jak-to-zrobic-garaze-diy"],"acf":[],"yoast_head":"<!-- This site is optimized with the Yoast SEO plugin v27.4 - https:\/\/yoast.com\/product\/yoast-seo-wordpress\/ -->\n<title>Duma mistrza: tak powinien wygl\u0105da\u0107 porz\u0105dny st\u00f3\u0142 warsztatowy | GARDEON<\/title>\n<meta name=\"robots\" content=\"index, follow, max-snippet:-1, max-image-preview:large, max-video-preview:-1\" \/>\n<link rel=\"canonical\" href=\"https:\/\/gardeon.pl\/pl\/blog\/duma-mistrza-tak-powinien-wygladac-porzadny-stol-warsztatowy\/\" \/>\n<meta property=\"og:locale\" content=\"pl_PL\" \/>\n<meta property=\"og:type\" content=\"article\" \/>\n<meta property=\"og:title\" content=\"Duma mistrza: tak powinien wygl\u0105da\u0107 porz\u0105dny st\u00f3\u0142 warsztatowy | GARDEON\" \/>\n<meta property=\"og:description\" content=\"St\u00f3\u0142 warsztatowy by\u0142 kiedy\u015b dum\u0105 ka\u017cdego mistrza. Poniewa\u017c nie da\u0142o si\u0119 go kupi\u0107, mistrz musia\u0142 wykona\u0107 go sam. Poniewa\u017c nie by\u0142o internetu, musia\u0142 w\u0142o\u017cy\u0107 w niego ca\u0142e swoje do\u015bwiadczenie, aby by\u0142 naprawd\u0119 praktyczny. W dzisiejszym wygodnym \u015bwiecie ma Pan\/Pani wyb\u00f3r. Albo kupi Pan\/Pani wysokiej jako\u015bci st\u00f3\u0142 roboczy, albo wykona go samodzielnie. Tak czy inaczej, dzi\u015b [&hellip;]\" \/>\n<meta property=\"og:url\" content=\"https:\/\/gardeon.pl\/pl\/blog\/duma-mistrza-tak-powinien-wygladac-porzadny-stol-warsztatowy\/\" \/>\n<meta property=\"og:site_name\" content=\"GARDEON\" \/>\n<meta property=\"article:published_time\" content=\"2026-04-23T15:42:27+00:00\" \/>\n<meta property=\"article:modified_time\" content=\"2026-04-23T16:44:26+00:00\" \/>\n<meta property=\"og:image\" content=\"http:\/\/gardeon.pl\/wp-content\/uploads\/2020\/11\/GARDEON-foto-od-zakaznikov-104.jpg\" \/>\n\t<meta property=\"og:image:width\" content=\"2016\" \/>\n\t<meta property=\"og:image:height\" content=\"1512\" \/>\n\t<meta property=\"og:image:type\" content=\"image\/jpeg\" \/>\n<meta name=\"author\" content=\"editor\" \/>\n<meta name=\"twitter:card\" content=\"summary_large_image\" \/>\n<meta name=\"twitter:label1\" content=\"Napisane przez\" \/>\n\t<meta name=\"twitter:data1\" content=\"editor\" \/>\n\t<meta name=\"twitter:label2\" content=\"Szacowany czas czytania\" \/>\n\t<meta name=\"twitter:data2\" content=\"3 minuty\" \/>\n<script type=\"application\/ld+json\" class=\"yoast-schema-graph\">{\"@context\":\"https:\\\/\\\/schema.org\",\"@graph\":[{\"@type\":\"Article\",\"@id\":\"https:\\\/\\\/gardeon.pl\\\/pl\\\/blog\\\/duma-mistrza-tak-powinien-wygladac-porzadny-stol-warsztatowy\\\/#article\",\"isPartOf\":{\"@id\":\"https:\\\/\\\/gardeon.pl\\\/pl\\\/blog\\\/duma-mistrza-tak-powinien-wygladac-porzadny-stol-warsztatowy\\\/\"},\"author\":{\"name\":\"editor\",\"@id\":\"https:\\\/\\\/gardeon.pl\\\/#\\\/schema\\\/person\\\/a5762ca5f0790bf92774af0899379463\"},\"headline\":\"Duma mistrza: tak powinien wygl\u0105da\u0107 porz\u0105dny st\u00f3\u0142 warsztatowy\",\"datePublished\":\"2026-04-23T15:42:27+00:00\",\"dateModified\":\"2026-04-23T16:44:26+00:00\",\"mainEntityOfPage\":{\"@id\":\"https:\\\/\\\/gardeon.pl\\\/pl\\\/blog\\\/duma-mistrza-tak-powinien-wygladac-porzadny-stol-warsztatowy\\\/\"},\"wordCount\":545,\"commentCount\":0,\"image\":{\"@id\":\"https:\\\/\\\/gardeon.pl\\\/pl\\\/blog\\\/duma-mistrza-tak-powinien-wygladac-porzadny-stol-warsztatowy\\\/#primaryimage\"},\"thumbnailUrl\":\"https:\\\/\\\/gardeon.pl\\\/wp-content\\\/uploads\\\/2020\\\/11\\\/GARDEON-foto-od-zakaznikov-104.jpg\",\"articleSection\":[\"Gara\u017ce blaszane\",\"Jak to zrobi\u0107 \u2013 gara\u017ce | DIY\"],\"inLanguage\":\"pl-PL\",\"potentialAction\":[{\"@type\":\"CommentAction\",\"name\":\"Comment\",\"target\":[\"https:\\\/\\\/gardeon.pl\\\/pl\\\/blog\\\/duma-mistrza-tak-powinien-wygladac-porzadny-stol-warsztatowy\\\/#respond\"]}]},{\"@type\":\"WebPage\",\"@id\":\"https:\\\/\\\/gardeon.pl\\\/pl\\\/blog\\\/duma-mistrza-tak-powinien-wygladac-porzadny-stol-warsztatowy\\\/\",\"url\":\"https:\\\/\\\/gardeon.pl\\\/pl\\\/blog\\\/duma-mistrza-tak-powinien-wygladac-porzadny-stol-warsztatowy\\\/\",\"name\":\"Duma mistrza: tak powinien wygl\u0105da\u0107 porz\u0105dny st\u00f3\u0142 warsztatowy | GARDEON\",\"isPartOf\":{\"@id\":\"https:\\\/\\\/gardeon.pl\\\/#website\"},\"primaryImageOfPage\":{\"@id\":\"https:\\\/\\\/gardeon.pl\\\/pl\\\/blog\\\/duma-mistrza-tak-powinien-wygladac-porzadny-stol-warsztatowy\\\/#primaryimage\"},\"image\":{\"@id\":\"https:\\\/\\\/gardeon.pl\\\/pl\\\/blog\\\/duma-mistrza-tak-powinien-wygladac-porzadny-stol-warsztatowy\\\/#primaryimage\"},\"thumbnailUrl\":\"https:\\\/\\\/gardeon.pl\\\/wp-content\\\/uploads\\\/2020\\\/11\\\/GARDEON-foto-od-zakaznikov-104.jpg\",\"datePublished\":\"2026-04-23T15:42:27+00:00\",\"dateModified\":\"2026-04-23T16:44:26+00:00\",\"author\":{\"@id\":\"https:\\\/\\\/gardeon.pl\\\/#\\\/schema\\\/person\\\/a5762ca5f0790bf92774af0899379463\"},\"breadcrumb\":{\"@id\":\"https:\\\/\\\/gardeon.pl\\\/pl\\\/blog\\\/duma-mistrza-tak-powinien-wygladac-porzadny-stol-warsztatowy\\\/#breadcrumb\"},\"inLanguage\":\"pl-PL\",\"potentialAction\":[{\"@type\":\"ReadAction\",\"target\":[\"https:\\\/\\\/gardeon.pl\\\/pl\\\/blog\\\/duma-mistrza-tak-powinien-wygladac-porzadny-stol-warsztatowy\\\/\"]}]},{\"@type\":\"ImageObject\",\"inLanguage\":\"pl-PL\",\"@id\":\"https:\\\/\\\/gardeon.pl\\\/pl\\\/blog\\\/duma-mistrza-tak-powinien-wygladac-porzadny-stol-warsztatowy\\\/#primaryimage\",\"url\":\"https:\\\/\\\/gardeon.pl\\\/wp-content\\\/uploads\\\/2020\\\/11\\\/GARDEON-foto-od-zakaznikov-104.jpg\",\"contentUrl\":\"https:\\\/\\\/gardeon.pl\\\/wp-content\\\/uploads\\\/2020\\\/11\\\/GARDEON-foto-od-zakaznikov-104.jpg\",\"width\":2016,\"height\":1512,\"caption\":\"Narz\u0119dzia majsterkowicza w domku ogrodowym\"},{\"@type\":\"BreadcrumbList\",\"@id\":\"https:\\\/\\\/gardeon.pl\\\/pl\\\/blog\\\/duma-mistrza-tak-powinien-wygladac-porzadny-stol-warsztatowy\\\/#breadcrumb\",\"itemListElement\":[{\"@type\":\"ListItem\",\"position\":1,\"name\":\"Domov\",\"item\":\"https:\\\/\\\/gardeon.pl\\\/pl\\\/\"},{\"@type\":\"ListItem\",\"position\":2,\"name\":\"Duma mistrza: tak powinien wygl\u0105da\u0107 porz\u0105dny st\u00f3\u0142 warsztatowy\"}]},{\"@type\":\"WebSite\",\"@id\":\"https:\\\/\\\/gardeon.pl\\\/#website\",\"url\":\"https:\\\/\\\/gardeon.pl\\\/\",\"name\":\"GARDEON\",\"description\":\"\",\"potentialAction\":[{\"@type\":\"SearchAction\",\"target\":{\"@type\":\"EntryPoint\",\"urlTemplate\":\"https:\\\/\\\/gardeon.pl\\\/?s={search_term_string}\"},\"query-input\":{\"@type\":\"PropertyValueSpecification\",\"valueRequired\":true,\"valueName\":\"search_term_string\"}}],\"inLanguage\":\"pl-PL\"},{\"@type\":\"Person\",\"@id\":\"https:\\\/\\\/gardeon.pl\\\/#\\\/schema\\\/person\\\/a5762ca5f0790bf92774af0899379463\",\"name\":\"editor\",\"image\":{\"@type\":\"ImageObject\",\"inLanguage\":\"pl-PL\",\"@id\":\"https:\\\/\\\/secure.gravatar.com\\\/avatar\\\/2b748151c2c748327307fd289a91b3bdafdd9e64e2d000e65e53d6dcf11c5830?s=96&d=mm&r=g\",\"url\":\"https:\\\/\\\/secure.gravatar.com\\\/avatar\\\/2b748151c2c748327307fd289a91b3bdafdd9e64e2d000e65e53d6dcf11c5830?s=96&d=mm&r=g\",\"contentUrl\":\"https:\\\/\\\/secure.gravatar.com\\\/avatar\\\/2b748151c2c748327307fd289a91b3bdafdd9e64e2d000e65e53d6dcf11c5830?s=96&d=mm&r=g\",\"caption\":\"editor\"}}]}<\/script>\n<!-- \/ Yoast SEO plugin. -->","yoast_head_json":{"title":"Duma mistrza: tak powinien wygl\u0105da\u0107 porz\u0105dny st\u00f3\u0142 warsztatowy | GARDEON","robots":{"index":"index","follow":"follow","max-snippet":"max-snippet:-1","max-image-preview":"max-image-preview:large","max-video-preview":"max-video-preview:-1"},"canonical":"https:\/\/gardeon.pl\/pl\/blog\/duma-mistrza-tak-powinien-wygladac-porzadny-stol-warsztatowy\/","og_locale":"pl_PL","og_type":"article","og_title":"Duma mistrza: tak powinien wygl\u0105da\u0107 porz\u0105dny st\u00f3\u0142 warsztatowy | GARDEON","og_description":"St\u00f3\u0142 warsztatowy by\u0142 kiedy\u015b dum\u0105 ka\u017cdego mistrza. Poniewa\u017c nie da\u0142o si\u0119 go kupi\u0107, mistrz musia\u0142 wykona\u0107 go sam. Poniewa\u017c nie by\u0142o internetu, musia\u0142 w\u0142o\u017cy\u0107 w niego ca\u0142e swoje do\u015bwiadczenie, aby by\u0142 naprawd\u0119 praktyczny. W dzisiejszym wygodnym \u015bwiecie ma Pan\/Pani wyb\u00f3r. Albo kupi Pan\/Pani wysokiej jako\u015bci st\u00f3\u0142 roboczy, albo wykona go samodzielnie. Tak czy inaczej, dzi\u015b [&hellip;]","og_url":"https:\/\/gardeon.pl\/pl\/blog\/duma-mistrza-tak-powinien-wygladac-porzadny-stol-warsztatowy\/","og_site_name":"GARDEON","article_published_time":"2026-04-23T15:42:27+00:00","article_modified_time":"2026-04-23T16:44:26+00:00","og_image":[{"width":2016,"height":1512,"url":"http:\/\/gardeon.pl\/wp-content\/uploads\/2020\/11\/GARDEON-foto-od-zakaznikov-104.jpg","type":"image\/jpeg"}],"author":"editor","twitter_card":"summary_large_image","twitter_misc":{"Napisane przez":"editor","Szacowany czas czytania":"3 minuty"},"schema":{"@context":"https:\/\/schema.org","@graph":[{"@type":"Article","@id":"https:\/\/gardeon.pl\/pl\/blog\/duma-mistrza-tak-powinien-wygladac-porzadny-stol-warsztatowy\/#article","isPartOf":{"@id":"https:\/\/gardeon.pl\/pl\/blog\/duma-mistrza-tak-powinien-wygladac-porzadny-stol-warsztatowy\/"},"author":{"name":"editor","@id":"https:\/\/gardeon.pl\/#\/schema\/person\/a5762ca5f0790bf92774af0899379463"},"headline":"Duma mistrza: tak powinien wygl\u0105da\u0107 porz\u0105dny st\u00f3\u0142 warsztatowy","datePublished":"2026-04-23T15:42:27+00:00","dateModified":"2026-04-23T16:44:26+00:00","mainEntityOfPage":{"@id":"https:\/\/gardeon.pl\/pl\/blog\/duma-mistrza-tak-powinien-wygladac-porzadny-stol-warsztatowy\/"},"wordCount":545,"commentCount":0,"image":{"@id":"https:\/\/gardeon.pl\/pl\/blog\/duma-mistrza-tak-powinien-wygladac-porzadny-stol-warsztatowy\/#primaryimage"},"thumbnailUrl":"https:\/\/gardeon.pl\/wp-content\/uploads\/2020\/11\/GARDEON-foto-od-zakaznikov-104.jpg","articleSection":["Gara\u017ce blaszane","Jak to zrobi\u0107 \u2013 gara\u017ce | DIY"],"inLanguage":"pl-PL","potentialAction":[{"@type":"CommentAction","name":"Comment","target":["https:\/\/gardeon.pl\/pl\/blog\/duma-mistrza-tak-powinien-wygladac-porzadny-stol-warsztatowy\/#respond"]}]},{"@type":"WebPage","@id":"https:\/\/gardeon.pl\/pl\/blog\/duma-mistrza-tak-powinien-wygladac-porzadny-stol-warsztatowy\/","url":"https:\/\/gardeon.pl\/pl\/blog\/duma-mistrza-tak-powinien-wygladac-porzadny-stol-warsztatowy\/","name":"Duma mistrza: tak powinien wygl\u0105da\u0107 porz\u0105dny st\u00f3\u0142 warsztatowy | GARDEON","isPartOf":{"@id":"https:\/\/gardeon.pl\/#website"},"primaryImageOfPage":{"@id":"https:\/\/gardeon.pl\/pl\/blog\/duma-mistrza-tak-powinien-wygladac-porzadny-stol-warsztatowy\/#primaryimage"},"image":{"@id":"https:\/\/gardeon.pl\/pl\/blog\/duma-mistrza-tak-powinien-wygladac-porzadny-stol-warsztatowy\/#primaryimage"},"thumbnailUrl":"https:\/\/gardeon.pl\/wp-content\/uploads\/2020\/11\/GARDEON-foto-od-zakaznikov-104.jpg","datePublished":"2026-04-23T15:42:27+00:00","dateModified":"2026-04-23T16:44:26+00:00","author":{"@id":"https:\/\/gardeon.pl\/#\/schema\/person\/a5762ca5f0790bf92774af0899379463"},"breadcrumb":{"@id":"https:\/\/gardeon.pl\/pl\/blog\/duma-mistrza-tak-powinien-wygladac-porzadny-stol-warsztatowy\/#breadcrumb"},"inLanguage":"pl-PL","potentialAction":[{"@type":"ReadAction","target":["https:\/\/gardeon.pl\/pl\/blog\/duma-mistrza-tak-powinien-wygladac-porzadny-stol-warsztatowy\/"]}]},{"@type":"ImageObject","inLanguage":"pl-PL","@id":"https:\/\/gardeon.pl\/pl\/blog\/duma-mistrza-tak-powinien-wygladac-porzadny-stol-warsztatowy\/#primaryimage","url":"https:\/\/gardeon.pl\/wp-content\/uploads\/2020\/11\/GARDEON-foto-od-zakaznikov-104.jpg","contentUrl":"https:\/\/gardeon.pl\/wp-content\/uploads\/2020\/11\/GARDEON-foto-od-zakaznikov-104.jpg","width":2016,"height":1512,"caption":"Narz\u0119dzia majsterkowicza w domku ogrodowym"},{"@type":"BreadcrumbList","@id":"https:\/\/gardeon.pl\/pl\/blog\/duma-mistrza-tak-powinien-wygladac-porzadny-stol-warsztatowy\/#breadcrumb","itemListElement":[{"@type":"ListItem","position":1,"name":"Domov","item":"https:\/\/gardeon.pl\/pl\/"},{"@type":"ListItem","position":2,"name":"Duma mistrza: tak powinien wygl\u0105da\u0107 porz\u0105dny st\u00f3\u0142 warsztatowy"}]},{"@type":"WebSite","@id":"https:\/\/gardeon.pl\/#website","url":"https:\/\/gardeon.pl\/","name":"GARDEON","description":"","potentialAction":[{"@type":"SearchAction","target":{"@type":"EntryPoint","urlTemplate":"https:\/\/gardeon.pl\/?s={search_term_string}"},"query-input":{"@type":"PropertyValueSpecification","valueRequired":true,"valueName":"search_term_string"}}],"inLanguage":"pl-PL"},{"@type":"Person","@id":"https:\/\/gardeon.pl\/#\/schema\/person\/a5762ca5f0790bf92774af0899379463","name":"editor","image":{"@type":"ImageObject","inLanguage":"pl-PL","@id":"https:\/\/secure.gravatar.com\/avatar\/2b748151c2c748327307fd289a91b3bdafdd9e64e2d000e65e53d6dcf11c5830?s=96&d=mm&r=g","url":"https:\/\/secure.gravatar.com\/avatar\/2b748151c2c748327307fd289a91b3bdafdd9e64e2d000e65e53d6dcf11c5830?s=96&d=mm&r=g","contentUrl":"https:\/\/secure.gravatar.com\/avatar\/2b748151c2c748327307fd289a91b3bdafdd9e64e2d000e65e53d6dcf11c5830?s=96&d=mm&r=g","caption":"editor"}}]}},"_links":{"self":[{"href":"https:\/\/gardeon.pl\/pl\/wp-json\/wp\/v2\/posts\/47925","targetHints":{"allow":["GET"]}}],"collection":[{"href":"https:\/\/gardeon.pl\/pl\/wp-json\/wp\/v2\/posts"}],"about":[{"href":"https:\/\/gardeon.pl\/pl\/wp-json\/wp\/v2\/types\/post"}],"author":[{"embeddable":true,"href":"https:\/\/gardeon.pl\/pl\/wp-json\/wp\/v2\/users\/2"}],"replies":[{"embeddable":true,"href":"https:\/\/gardeon.pl\/pl\/wp-json\/wp\/v2\/comments?post=47925"}],"version-history":[{"count":0,"href":"https:\/\/gardeon.pl\/pl\/wp-json\/wp\/v2\/posts\/47925\/revisions"}],"wp:featuredmedia":[{"embeddable":true,"href":"https:\/\/gardeon.pl\/pl\/wp-json\/wp\/v2\/media\/46876"}],"wp:attachment":[{"href":"https:\/\/gardeon.pl\/pl\/wp-json\/wp\/v2\/media?parent=47925"}],"wp:term":[{"taxonomy":"category","embeddable":true,"href":"https:\/\/gardeon.pl\/pl\/wp-json\/wp\/v2\/categories?post=47925"},{"taxonomy":"post_tag","embeddable":true,"href":"https:\/\/gardeon.pl\/pl\/wp-json\/wp\/v2\/tags?post=47925"}],"curies":[{"name":"wp","href":"https:\/\/api.w.org\/{rel}","templated":true}]}}