{"id":47943,"date":"2026-04-23T17:42:27","date_gmt":"2026-04-23T15:42:27","guid":{"rendered":"https:\/\/gardeon.pl\/blog\/tanie-garaze-modulowe-i-ich-zalety\/"},"modified":"2026-04-23T18:44:26","modified_gmt":"2026-04-23T16:44:26","slug":"tanie-garaze-modulowe-i-ich-zalety","status":"publish","type":"post","link":"https:\/\/gardeon.pl\/pl\/blog\/tanie-garaze-modulowe-i-ich-zalety\/","title":{"rendered":"Tanie gara\u017ce modu\u0142owe i ich zalety"},"content":{"rendered":"<p><i><span style=\"font-weight: 400;\">Zdecydowali si\u0119 Pa\u0144stwo na zakup gara\u017cu, ale wci\u0105\u017c wahaj\u0105 si\u0119 Pa\u0144stwo, kt\u00f3r\u0105 opcj\u0119 wybra\u0107? Je\u015bli szukaj\u0105 Pa\u0144stwo najszybszego i najbardziej praktycznego rozwi\u0105zania, warto rozwa\u017cy\u0107 gara\u017c modu\u0142owy. <\/span><\/i><\/p>\n<p><!--more--><\/p>\n<h2><b>Zalety gara\u017cy modu\u0142owych<\/b><\/h2>\n<p><span style=\"font-weight: 400;\">Opr\u00f3cz og\u00f3lnych zalet, takich jak <\/span><span style=\"font-weight: 400;\">ochrona przed z\u0142odziejami i niekorzystnymi warunkami pogodowymi<\/span><span style=\"font-weight: 400;\">, mo\u017cliwo\u015b\u0107 zabezpieczenia pojazdu, narz\u0119dzi czy sprz\u0119tu, gara\u017ce mobilne posiadaj\u0105 dodatkowo nast\u0119puj\u0105ce pozytywne cechy:<\/span><\/p>\n<ul>\n<li style=\"font-weight: 400;\" aria-level=\"1\"><span style=\"font-weight: 400;\">Ni\u017csze koszty zakupu w por\u00f3wnaniu z wariantem murowanym<\/span><\/li>\n<li style=\"font-weight: 400;\" aria-level=\"1\"><span style=\"font-weight: 400;\">Mobilno\u015b\u0107 \u2013 nawet po kilku latach gara\u017c mo\u017cna przenie\u015b\u0107 w inne miejsce<\/span><\/li>\n<li style=\"font-weight: 400;\" aria-level=\"1\"><span style=\"font-weight: 400;\">Szybka budowa w ci\u0105gu kilku godzin (gara\u017c jednostanowiskowy stawiamy ju\u017c w 4 godziny)<\/span><\/li>\n<li style=\"font-weight: 400;\" aria-level=\"1\"><span style=\"font-weight: 400;\">Mo\u017cliwo\u015b\u0107 natychmiastowego u\u017cytkowania (brak proces\u00f3w mokrych)<\/span><\/li>\n<li style=\"font-weight: 400;\" aria-level=\"1\"><span style=\"font-weight: 400;\">Wi\u0119ksza przestrze\u0144 u\u017cytkowa (\u015bciana gara\u017cu modu\u0142owego ma grubo\u015b\u0107 50 mm)<\/span><\/li>\n<li style=\"font-weight: 400;\" aria-level=\"1\"><span style=\"font-weight: 400;\">Odporno\u015b\u0107 na korozj\u0119 dzi\u0119ki podw\u00f3jnemu cynkowaniu ogniowemu<\/span><\/li>\n<li style=\"font-weight: 400;\" aria-level=\"1\"><span style=\"font-weight: 400;\">Wyb\u00f3r z szerokiej gamy <\/span><a href=\"https:\/\/gardeon.pl\/pl\/garaze\/montowane-garaze-blaszane-z-tynkiem\/\"><span style=\"font-weight: 400;\">typ\u00f3w<\/span><\/a><span style=\"font-weight: 400;\">, rozmiar\u00f3w i akcesori\u00f3w<\/span><\/li>\n<li><span style=\"font-weight: 400;\">W wi\u0119kszo\u015bci przypadk\u00f3w nie wymagaj\u0105 <\/span><a href=\"https:\/\/gardeon.pl\/pl\/garaze\/co-mozemy-dla-panstwa-zrobic-2\/czy-potrzebuje-pozwolenia-na-budowe-garazu\/\"><span style=\"font-weight: 400;\">pozwolenia na budow\u0119<\/span><\/a><\/li>\n<\/ul>\n<h2><a href=\"http:\/\/gardeon.pl\/wp-content\/uploads\/2020\/09\/gardeon-garaz-pre-jedno-auto-119-1.jpg\"><img loading=\"lazy\" decoding=\"async\" class=\"aligncenter wp-image-28142\" src=\"http:\/\/gardeon.pl\/wp-content\/uploads\/2020\/09\/gardeon-garaz-pre-jedno-auto-119-1.jpg\" alt=\"Gara\u017c modu\u0142owy z br\u0105zow\u0105 bram\u0105 gara\u017cow\u0105\" width=\"800\" height=\"533\" srcset=\"https:\/\/gardeon.pl\/wp-content\/uploads\/2020\/09\/gardeon-garaz-pre-jedno-auto-119-1.jpg 2000w, https:\/\/gardeon.pl\/wp-content\/uploads\/2020\/09\/gardeon-garaz-pre-jedno-auto-119-1-300x200.jpg 300w, https:\/\/gardeon.pl\/wp-content\/uploads\/2020\/09\/gardeon-garaz-pre-jedno-auto-119-1-1024x682.jpg 1024w, https:\/\/gardeon.pl\/wp-content\/uploads\/2020\/09\/gardeon-garaz-pre-jedno-auto-119-1-768x512.jpg 768w, https:\/\/gardeon.pl\/wp-content\/uploads\/2020\/09\/gardeon-garaz-pre-jedno-auto-119-1-1536x1024.jpg 1536w\" sizes=\"auto, (max-width: 800px) 100vw, 800px\" \/><\/a><\/h2>\n<h2><b>Rodzaje gara\u017cy mobilnych<\/b><\/h2>\n<h3><b>Gara\u017ce betonowe<\/b><\/h3>\n<p><span style=\"font-weight: 400;\">Gara\u017ce prefabrykowane wykonane s\u0105 z samono\u015bnego szkieletu \u017celbetowego z zbrojeniem. S\u0105 odpowiednie przede wszystkim tam, gdzie jest swobodny dojazd, poniewa\u017c do ich budowy wykorzystuje si\u0119 ci\u0119\u017cki sprz\u0119t. W por\u00f3wnaniu z gara\u017cami murowanymi zapewniaj\u0105 du\u017c\u0105 oszcz\u0119dno\u015b\u0107 koszt\u00f3w.  <\/span><\/p>\n<p><a href=\"http:\/\/gardeon.pl\/wp-content\/uploads\/2021\/01\/gardeon-blog-betonova-garaz.jpg\"><img loading=\"lazy\" decoding=\"async\" class=\"aligncenter wp-image-30652\" src=\"http:\/\/gardeon.pl\/wp-content\/uploads\/2021\/01\/gardeon-blog-betonova-garaz.jpg\" alt=\"Gara\u017c betonowy\" width=\"800\" height=\"545\" srcset=\"https:\/\/gardeon.pl\/wp-content\/uploads\/2021\/01\/gardeon-blog-betonova-garaz.jpg 987w, https:\/\/gardeon.pl\/wp-content\/uploads\/2021\/01\/gardeon-blog-betonova-garaz-300x204.jpg 300w, https:\/\/gardeon.pl\/wp-content\/uploads\/2021\/01\/gardeon-blog-betonova-garaz-768x523.jpg 768w\" sizes=\"auto, (max-width: 800px) 100vw, 800px\" \/><\/a><\/p>\n<h3><b>Gara\u017ce blaszane z gotowym tynkiem<\/b><\/h3>\n<p><span style=\"font-weight: 400;\">S\u0105 montowane z ocynkowanych element\u00f3w, co zapewnia im ca\u0142kowit\u0105 bezobs\u0142ugowo\u015b\u0107 i odporno\u015b\u0107 na korozj\u0119. W por\u00f3wnaniu z gara\u017cami betonowymi wyr\u00f3\u017cniaj\u0105 si\u0119 przede wszystkim tym, \u017ce ich monta\u017c nie wymaga ci\u0119\u017ckiego sprz\u0119tu, co obni\u017ca cen\u0119 zakupu i sprawia, \u017ce nadaj\u0105 si\u0119 r\u00f3wnie\u017c do trudno dost\u0119pnego terenu. <\/span><\/p>\n<p><span style=\"font-weight: 400;\">Ich cena zakupu jest o 60% ni\u017csza ni\u017c w przypadku gara\u017cy murowanych. Dzi\u0119ki specjalnemu tynkowi s\u0105 jednocze\u015bnie nie do odr\u00f3\u017cnienia od tych murowanych. Asortyment dodatkowy obejmuje okna, drzwi boczne, rynny, p\u00f3\u0142ki i szyny, haki sufitowe, nap\u0119dy elektryczne do bram gara\u017cowych, boczny okap dachu, przy czym bramy i dachy mo\u017cna r\u00f3wnie\u017c wybiera\u0107 spo\u015br\u00f3d kilku dost\u0119pnych wariant\u00f3w.  <\/span><\/p>\n<p><a href=\"http:\/\/gardeon.pl\/wp-content\/uploads\/2021\/01\/gardeon-blog-plechova-garaz-s-omietkou.jpg\"><img loading=\"lazy\" decoding=\"async\" class=\"aligncenter wp-image-30664\" src=\"http:\/\/gardeon.pl\/wp-content\/uploads\/2021\/01\/gardeon-blog-plechova-garaz-s-omietkou.jpg\" alt=\"Gara\u017ce blaszane z tynkiem\" width=\"800\" height=\"292\" srcset=\"https:\/\/gardeon.pl\/wp-content\/uploads\/2021\/01\/gardeon-blog-plechova-garaz-s-omietkou.jpg 1920w, https:\/\/gardeon.pl\/wp-content\/uploads\/2021\/01\/gardeon-blog-plechova-garaz-s-omietkou-300x109.jpg 300w, https:\/\/gardeon.pl\/wp-content\/uploads\/2021\/01\/gardeon-blog-plechova-garaz-s-omietkou-1024x373.jpg 1024w, https:\/\/gardeon.pl\/wp-content\/uploads\/2021\/01\/gardeon-blog-plechova-garaz-s-omietkou-768x280.jpg 768w, https:\/\/gardeon.pl\/wp-content\/uploads\/2021\/01\/gardeon-blog-plechova-garaz-s-omietkou-1536x560.jpg 1536w\" sizes=\"auto, (max-width: 800px) 100vw, 800px\" \/><\/a><\/p>\n<h3><b>Gara\u017ce drewniane<\/b><\/h3>\n<p><span style=\"font-weight: 400;\">Gara\u017ce drewniane to proste konstrukcje drewniane zapewniaj\u0105ce ochron\u0119 pojazdu przed niekorzystnymi warunkami atmosferycznymi. Zasadniczo sk\u0142adaj\u0105 si\u0119 z konstrukcji masywnej lub zr\u0119bowej. <\/span><\/p>\n<p><span style=\"font-weight: 400;\">Nale\u017cy jednak pami\u0119ta\u0107, \u017ce wymagaj\u0105 one konserwacji. Obecnie trac\u0105 nieco na popularno\u015bci, ale w\u0142a\u015bciciele dom\u00f3w drewnianych ewidentnie ch\u0119tnie z nich korzystaj\u0105 i je preferuj\u0105. <\/span><\/p>\n<p><a href=\"http:\/\/gardeon.pl\/wp-content\/uploads\/2021\/01\/gardeon-blog-drevena-garaz.jpg\"><img loading=\"lazy\" decoding=\"async\" class=\"aligncenter wp-image-30650\" src=\"http:\/\/gardeon.pl\/wp-content\/uploads\/2021\/01\/gardeon-blog-drevena-garaz.jpg\" alt=\"Gara\u017c drewniany\" width=\"800\" height=\"520\" srcset=\"https:\/\/gardeon.pl\/wp-content\/uploads\/2021\/01\/gardeon-blog-drevena-garaz.jpg 1600w, https:\/\/gardeon.pl\/wp-content\/uploads\/2021\/01\/gardeon-blog-drevena-garaz-300x195.jpg 300w, https:\/\/gardeon.pl\/wp-content\/uploads\/2021\/01\/gardeon-blog-drevena-garaz-1024x666.jpg 1024w, https:\/\/gardeon.pl\/wp-content\/uploads\/2021\/01\/gardeon-blog-drevena-garaz-768x499.jpg 768w, https:\/\/gardeon.pl\/wp-content\/uploads\/2021\/01\/gardeon-blog-drevena-garaz-1536x998.jpg 1536w\" sizes=\"auto, (max-width: 800px) 100vw, 800px\" \/><\/a><\/p>\n<p><span style=\"font-weight: 400;\">Je\u015bli zdecyduj\u0105 si\u0119 Pa\u0144stwo na kt\u00f3rykolwiek wariant, tanie <a href=\"https:\/\/gardeon.pl\/pl\/garaze\/\" target=\"_blank\" rel=\"noopener\">gara\u017ce modu\u0142owe<\/a> spe\u0142ni\u0105 Pa\u0144stwa oczekiwania i bezpo\u015brednio po monta\u017cu b\u0119d\u0105 Pa\u0144stwo mogli w pe\u0142ni korzysta\u0107 z gara\u017cu, nie wspominaj\u0105c o wysoko\u015bci zaoszcz\u0119dzonych \u015brodk\u00f3w w por\u00f3wnaniu z budow\u0105 gara\u017cu murowanego.<\/span><\/p>\n<p><span style=\"font-weight: 400;\"> <\/span><\/p>\n<h5><b>\u0179r\u00f3d\u0142o:<\/b><\/h5>\n<h5><b>bank zdj\u0119\u0107 GARDEON<\/b><\/h5>\n<h5><b>https:\/\/hobbytec.sk<\/b><\/h5>\n<h5><b>https:\/\/www.prodom.sk\/<\/b><\/h5>\n<h5><b>https:\/\/www.hotove-betonovegaraze.cz\/<\/b><\/h5>\n<p>&nbsp;<\/p>\n","protected":false},"excerpt":{"rendered":"<p>Zdecydowali si\u0119 Pa\u0144stwo na zakup gara\u017cu, ale wci\u0105\u017c wahaj\u0105 si\u0119 Pa\u0144stwo, kt\u00f3r\u0105 opcj\u0119 wybra\u0107? Je\u015bli szukaj\u0105 Pa\u0144stwo najszybszego i najbardziej praktycznego rozwi\u0105zania, warto rozwa\u017cy\u0107 gara\u017c modu\u0142owy.<\/p>\n","protected":false},"author":2,"featured_media":42386,"comment_status":"open","ping_status":"open","sticky":false,"template":"","format":"standard","meta":{"_acf_changed":false,"inline_featured_image":false,"footnotes":""},"categories":[578,580],"tags":[583,581,590,591,582,588,579,924,923],"class_list":["post-47943","post","type-post","status-publish","format-standard","has-post-thumbnail","hentry","category-garaze-blaszane","category-jak-to-zrobic-garaze-diy","tag-cena","tag-garaz","tag-garaz-betonowy","tag-garaz-drewniany","tag-garaz-gardeon","tag-garaz-montowany","tag-gardeon","tag-tanie","tag-zalety"],"acf":[],"yoast_head":"<!-- This site is optimized with the Yoast SEO plugin v27.4 - https:\/\/yoast.com\/product\/yoast-seo-wordpress\/ -->\n<title>Tanie gara\u017ce modu\u0142owe i ich zalety | GARDEON<\/title>\n<meta name=\"description\" content=\"Tanie gara\u017ce modu\u0142owe spe\u0142ni\u0105 Pa\u0144stwa oczekiwania. Bezpo\u015brednio po monta\u017cu mo\u017cna w pe\u0142ni korzysta\u0107 z gara\u017cu, nie wspominaj\u0105c o zaoszcz\u0119dzonych \u015brodkach. Interesuj\u0105 Pa\u0144stwa tanie gara\u017ce modu\u0142owe? Przyjrzyjmy si\u0119 bli\u017cej, jakie gara\u017ce i w jakiej cenie mo\u017cna obecnie naby\u0107, a tak\u017ce na czym polegaj\u0105 oszcz\u0119dno\u015bci finansowe.\" \/>\n<meta name=\"robots\" content=\"index, follow, max-snippet:-1, max-image-preview:large, max-video-preview:-1\" \/>\n<link rel=\"canonical\" href=\"https:\/\/gardeon.pl\/pl\/blog\/tanie-garaze-modulowe-i-ich-zalety\/\" \/>\n<meta property=\"og:locale\" content=\"pl_PL\" \/>\n<meta property=\"og:type\" content=\"article\" \/>\n<meta property=\"og:title\" content=\"Tanie gara\u017ce modu\u0142owe i ich zalety | GARDEON\" \/>\n<meta property=\"og:description\" content=\"Tanie gara\u017ce modu\u0142owe spe\u0142ni\u0105 Pa\u0144stwa oczekiwania. Bezpo\u015brednio po monta\u017cu mo\u017cna w pe\u0142ni korzysta\u0107 z gara\u017cu, nie wspominaj\u0105c o zaoszcz\u0119dzonych \u015brodkach. Interesuj\u0105 Pa\u0144stwa tanie gara\u017ce modu\u0142owe? Przyjrzyjmy si\u0119 bli\u017cej, jakie gara\u017ce i w jakiej cenie mo\u017cna obecnie naby\u0107, a tak\u017ce na czym polegaj\u0105 oszcz\u0119dno\u015bci finansowe.\" \/>\n<meta property=\"og:url\" content=\"https:\/\/gardeon.pl\/pl\/blog\/tanie-garaze-modulowe-i-ich-zalety\/\" \/>\n<meta property=\"og:site_name\" content=\"GARDEON\" \/>\n<meta property=\"article:published_time\" content=\"2026-04-23T15:42:27+00:00\" \/>\n<meta property=\"article:modified_time\" content=\"2026-04-23T16:44:26+00:00\" \/>\n<meta property=\"og:image\" content=\"http:\/\/gardeon.pl\/wp-content\/uploads\/2020\/09\/gardeon-garaz-pre-jedno-auto-118-1.jpg\" \/>\n\t<meta property=\"og:image:width\" content=\"2000\" \/>\n\t<meta property=\"og:image:height\" content=\"1333\" \/>\n\t<meta property=\"og:image:type\" content=\"image\/jpeg\" \/>\n<meta name=\"author\" content=\"editor\" \/>\n<meta name=\"twitter:card\" content=\"summary_large_image\" \/>\n<meta name=\"twitter:label1\" content=\"Napisane przez\" \/>\n\t<meta name=\"twitter:data1\" content=\"editor\" \/>\n\t<meta name=\"twitter:label2\" content=\"Szacowany czas czytania\" \/>\n\t<meta name=\"twitter:data2\" content=\"2 minuty\" \/>\n<script type=\"application\/ld+json\" class=\"yoast-schema-graph\">{\"@context\":\"https:\\\/\\\/schema.org\",\"@graph\":[{\"@type\":\"Article\",\"@id\":\"https:\\\/\\\/gardeon.pl\\\/pl\\\/blog\\\/tanie-garaze-modulowe-i-ich-zalety\\\/#article\",\"isPartOf\":{\"@id\":\"https:\\\/\\\/gardeon.pl\\\/pl\\\/blog\\\/tanie-garaze-modulowe-i-ich-zalety\\\/\"},\"author\":{\"name\":\"editor\",\"@id\":\"https:\\\/\\\/gardeon.pl\\\/#\\\/schema\\\/person\\\/a5762ca5f0790bf92774af0899379463\"},\"headline\":\"Tanie gara\u017ce modu\u0142owe i ich zalety\",\"datePublished\":\"2026-04-23T15:42:27+00:00\",\"dateModified\":\"2026-04-23T16:44:26+00:00\",\"mainEntityOfPage\":{\"@id\":\"https:\\\/\\\/gardeon.pl\\\/pl\\\/blog\\\/tanie-garaze-modulowe-i-ich-zalety\\\/\"},\"wordCount\":485,\"commentCount\":0,\"image\":{\"@id\":\"https:\\\/\\\/gardeon.pl\\\/pl\\\/blog\\\/tanie-garaze-modulowe-i-ich-zalety\\\/#primaryimage\"},\"thumbnailUrl\":\"https:\\\/\\\/gardeon.pl\\\/wp-content\\\/uploads\\\/2020\\\/09\\\/gardeon-garaz-pre-jedno-auto-118-1.jpg\",\"keywords\":[\"cena\",\"gara\u017c\",\"gara\u017c betonowy\",\"gara\u017c drewniany\",\"gara\u017c gardeon\",\"gara\u017c montowany\",\"GARDEON\",\"tanie\",\"zalety\"],\"articleSection\":[\"Gara\u017ce blaszane\",\"Jak to zrobi\u0107 \u2013 gara\u017ce | DIY\"],\"inLanguage\":\"pl-PL\",\"potentialAction\":[{\"@type\":\"CommentAction\",\"name\":\"Comment\",\"target\":[\"https:\\\/\\\/gardeon.pl\\\/pl\\\/blog\\\/tanie-garaze-modulowe-i-ich-zalety\\\/#respond\"]}]},{\"@type\":\"WebPage\",\"@id\":\"https:\\\/\\\/gardeon.pl\\\/pl\\\/blog\\\/tanie-garaze-modulowe-i-ich-zalety\\\/\",\"url\":\"https:\\\/\\\/gardeon.pl\\\/pl\\\/blog\\\/tanie-garaze-modulowe-i-ich-zalety\\\/\",\"name\":\"Tanie gara\u017ce modu\u0142owe i ich zalety | GARDEON\",\"isPartOf\":{\"@id\":\"https:\\\/\\\/gardeon.pl\\\/#website\"},\"primaryImageOfPage\":{\"@id\":\"https:\\\/\\\/gardeon.pl\\\/pl\\\/blog\\\/tanie-garaze-modulowe-i-ich-zalety\\\/#primaryimage\"},\"image\":{\"@id\":\"https:\\\/\\\/gardeon.pl\\\/pl\\\/blog\\\/tanie-garaze-modulowe-i-ich-zalety\\\/#primaryimage\"},\"thumbnailUrl\":\"https:\\\/\\\/gardeon.pl\\\/wp-content\\\/uploads\\\/2020\\\/09\\\/gardeon-garaz-pre-jedno-auto-118-1.jpg\",\"datePublished\":\"2026-04-23T15:42:27+00:00\",\"dateModified\":\"2026-04-23T16:44:26+00:00\",\"author\":{\"@id\":\"https:\\\/\\\/gardeon.pl\\\/#\\\/schema\\\/person\\\/a5762ca5f0790bf92774af0899379463\"},\"description\":\"Tanie gara\u017ce modu\u0142owe spe\u0142ni\u0105 Pa\u0144stwa oczekiwania. Bezpo\u015brednio po monta\u017cu mo\u017cna w pe\u0142ni korzysta\u0107 z gara\u017cu, nie wspominaj\u0105c o zaoszcz\u0119dzonych \u015brodkach. Interesuj\u0105 Pa\u0144stwa tanie gara\u017ce modu\u0142owe? Przyjrzyjmy si\u0119 bli\u017cej, jakie gara\u017ce i w jakiej cenie mo\u017cna obecnie naby\u0107, a tak\u017ce na czym polegaj\u0105 oszcz\u0119dno\u015bci finansowe.\",\"breadcrumb\":{\"@id\":\"https:\\\/\\\/gardeon.pl\\\/pl\\\/blog\\\/tanie-garaze-modulowe-i-ich-zalety\\\/#breadcrumb\"},\"inLanguage\":\"pl-PL\",\"potentialAction\":[{\"@type\":\"ReadAction\",\"target\":[\"https:\\\/\\\/gardeon.pl\\\/pl\\\/blog\\\/tanie-garaze-modulowe-i-ich-zalety\\\/\"]}]},{\"@type\":\"ImageObject\",\"inLanguage\":\"pl-PL\",\"@id\":\"https:\\\/\\\/gardeon.pl\\\/pl\\\/blog\\\/tanie-garaze-modulowe-i-ich-zalety\\\/#primaryimage\",\"url\":\"https:\\\/\\\/gardeon.pl\\\/wp-content\\\/uploads\\\/2020\\\/09\\\/gardeon-garaz-pre-jedno-auto-118-1.jpg\",\"contentUrl\":\"https:\\\/\\\/gardeon.pl\\\/wp-content\\\/uploads\\\/2020\\\/09\\\/gardeon-garaz-pre-jedno-auto-118-1.jpg\",\"width\":2000,\"height\":1333,\"caption\":\"Gara\u017c jednostanowiskowy przy domu jednorodzinnym\"},{\"@type\":\"BreadcrumbList\",\"@id\":\"https:\\\/\\\/gardeon.pl\\\/pl\\\/blog\\\/tanie-garaze-modulowe-i-ich-zalety\\\/#breadcrumb\",\"itemListElement\":[{\"@type\":\"ListItem\",\"position\":1,\"name\":\"Domov\",\"item\":\"https:\\\/\\\/gardeon.pl\\\/pl\\\/\"},{\"@type\":\"ListItem\",\"position\":2,\"name\":\"Tanie gara\u017ce modu\u0142owe i ich zalety\"}]},{\"@type\":\"WebSite\",\"@id\":\"https:\\\/\\\/gardeon.pl\\\/#website\",\"url\":\"https:\\\/\\\/gardeon.pl\\\/\",\"name\":\"GARDEON\",\"description\":\"\",\"potentialAction\":[{\"@type\":\"SearchAction\",\"target\":{\"@type\":\"EntryPoint\",\"urlTemplate\":\"https:\\\/\\\/gardeon.pl\\\/?s={search_term_string}\"},\"query-input\":{\"@type\":\"PropertyValueSpecification\",\"valueRequired\":true,\"valueName\":\"search_term_string\"}}],\"inLanguage\":\"pl-PL\"},{\"@type\":\"Person\",\"@id\":\"https:\\\/\\\/gardeon.pl\\\/#\\\/schema\\\/person\\\/a5762ca5f0790bf92774af0899379463\",\"name\":\"editor\",\"image\":{\"@type\":\"ImageObject\",\"inLanguage\":\"pl-PL\",\"@id\":\"https:\\\/\\\/secure.gravatar.com\\\/avatar\\\/2b748151c2c748327307fd289a91b3bdafdd9e64e2d000e65e53d6dcf11c5830?s=96&d=mm&r=g\",\"url\":\"https:\\\/\\\/secure.gravatar.com\\\/avatar\\\/2b748151c2c748327307fd289a91b3bdafdd9e64e2d000e65e53d6dcf11c5830?s=96&d=mm&r=g\",\"contentUrl\":\"https:\\\/\\\/secure.gravatar.com\\\/avatar\\\/2b748151c2c748327307fd289a91b3bdafdd9e64e2d000e65e53d6dcf11c5830?s=96&d=mm&r=g\",\"caption\":\"editor\"}}]}<\/script>\n<!-- \/ Yoast SEO plugin. -->","yoast_head_json":{"title":"Tanie gara\u017ce modu\u0142owe i ich zalety | GARDEON","description":"Tanie gara\u017ce modu\u0142owe spe\u0142ni\u0105 Pa\u0144stwa oczekiwania. Bezpo\u015brednio po monta\u017cu mo\u017cna w pe\u0142ni korzysta\u0107 z gara\u017cu, nie wspominaj\u0105c o zaoszcz\u0119dzonych \u015brodkach. Interesuj\u0105 Pa\u0144stwa tanie gara\u017ce modu\u0142owe? Przyjrzyjmy si\u0119 bli\u017cej, jakie gara\u017ce i w jakiej cenie mo\u017cna obecnie naby\u0107, a tak\u017ce na czym polegaj\u0105 oszcz\u0119dno\u015bci finansowe.","robots":{"index":"index","follow":"follow","max-snippet":"max-snippet:-1","max-image-preview":"max-image-preview:large","max-video-preview":"max-video-preview:-1"},"canonical":"https:\/\/gardeon.pl\/pl\/blog\/tanie-garaze-modulowe-i-ich-zalety\/","og_locale":"pl_PL","og_type":"article","og_title":"Tanie gara\u017ce modu\u0142owe i ich zalety | GARDEON","og_description":"Tanie gara\u017ce modu\u0142owe spe\u0142ni\u0105 Pa\u0144stwa oczekiwania. Bezpo\u015brednio po monta\u017cu mo\u017cna w pe\u0142ni korzysta\u0107 z gara\u017cu, nie wspominaj\u0105c o zaoszcz\u0119dzonych \u015brodkach. Interesuj\u0105 Pa\u0144stwa tanie gara\u017ce modu\u0142owe? Przyjrzyjmy si\u0119 bli\u017cej, jakie gara\u017ce i w jakiej cenie mo\u017cna obecnie naby\u0107, a tak\u017ce na czym polegaj\u0105 oszcz\u0119dno\u015bci finansowe.","og_url":"https:\/\/gardeon.pl\/pl\/blog\/tanie-garaze-modulowe-i-ich-zalety\/","og_site_name":"GARDEON","article_published_time":"2026-04-23T15:42:27+00:00","article_modified_time":"2026-04-23T16:44:26+00:00","og_image":[{"width":2000,"height":1333,"url":"http:\/\/gardeon.pl\/wp-content\/uploads\/2020\/09\/gardeon-garaz-pre-jedno-auto-118-1.jpg","type":"image\/jpeg"}],"author":"editor","twitter_card":"summary_large_image","twitter_misc":{"Napisane przez":"editor","Szacowany czas czytania":"2 minuty"},"schema":{"@context":"https:\/\/schema.org","@graph":[{"@type":"Article","@id":"https:\/\/gardeon.pl\/pl\/blog\/tanie-garaze-modulowe-i-ich-zalety\/#article","isPartOf":{"@id":"https:\/\/gardeon.pl\/pl\/blog\/tanie-garaze-modulowe-i-ich-zalety\/"},"author":{"name":"editor","@id":"https:\/\/gardeon.pl\/#\/schema\/person\/a5762ca5f0790bf92774af0899379463"},"headline":"Tanie gara\u017ce modu\u0142owe i ich zalety","datePublished":"2026-04-23T15:42:27+00:00","dateModified":"2026-04-23T16:44:26+00:00","mainEntityOfPage":{"@id":"https:\/\/gardeon.pl\/pl\/blog\/tanie-garaze-modulowe-i-ich-zalety\/"},"wordCount":485,"commentCount":0,"image":{"@id":"https:\/\/gardeon.pl\/pl\/blog\/tanie-garaze-modulowe-i-ich-zalety\/#primaryimage"},"thumbnailUrl":"https:\/\/gardeon.pl\/wp-content\/uploads\/2020\/09\/gardeon-garaz-pre-jedno-auto-118-1.jpg","keywords":["cena","gara\u017c","gara\u017c betonowy","gara\u017c drewniany","gara\u017c gardeon","gara\u017c montowany","GARDEON","tanie","zalety"],"articleSection":["Gara\u017ce blaszane","Jak to zrobi\u0107 \u2013 gara\u017ce | DIY"],"inLanguage":"pl-PL","potentialAction":[{"@type":"CommentAction","name":"Comment","target":["https:\/\/gardeon.pl\/pl\/blog\/tanie-garaze-modulowe-i-ich-zalety\/#respond"]}]},{"@type":"WebPage","@id":"https:\/\/gardeon.pl\/pl\/blog\/tanie-garaze-modulowe-i-ich-zalety\/","url":"https:\/\/gardeon.pl\/pl\/blog\/tanie-garaze-modulowe-i-ich-zalety\/","name":"Tanie gara\u017ce modu\u0142owe i ich zalety | GARDEON","isPartOf":{"@id":"https:\/\/gardeon.pl\/#website"},"primaryImageOfPage":{"@id":"https:\/\/gardeon.pl\/pl\/blog\/tanie-garaze-modulowe-i-ich-zalety\/#primaryimage"},"image":{"@id":"https:\/\/gardeon.pl\/pl\/blog\/tanie-garaze-modulowe-i-ich-zalety\/#primaryimage"},"thumbnailUrl":"https:\/\/gardeon.pl\/wp-content\/uploads\/2020\/09\/gardeon-garaz-pre-jedno-auto-118-1.jpg","datePublished":"2026-04-23T15:42:27+00:00","dateModified":"2026-04-23T16:44:26+00:00","author":{"@id":"https:\/\/gardeon.pl\/#\/schema\/person\/a5762ca5f0790bf92774af0899379463"},"description":"Tanie gara\u017ce modu\u0142owe spe\u0142ni\u0105 Pa\u0144stwa oczekiwania. Bezpo\u015brednio po monta\u017cu mo\u017cna w pe\u0142ni korzysta\u0107 z gara\u017cu, nie wspominaj\u0105c o zaoszcz\u0119dzonych \u015brodkach. Interesuj\u0105 Pa\u0144stwa tanie gara\u017ce modu\u0142owe? Przyjrzyjmy si\u0119 bli\u017cej, jakie gara\u017ce i w jakiej cenie mo\u017cna obecnie naby\u0107, a tak\u017ce na czym polegaj\u0105 oszcz\u0119dno\u015bci finansowe.","breadcrumb":{"@id":"https:\/\/gardeon.pl\/pl\/blog\/tanie-garaze-modulowe-i-ich-zalety\/#breadcrumb"},"inLanguage":"pl-PL","potentialAction":[{"@type":"ReadAction","target":["https:\/\/gardeon.pl\/pl\/blog\/tanie-garaze-modulowe-i-ich-zalety\/"]}]},{"@type":"ImageObject","inLanguage":"pl-PL","@id":"https:\/\/gardeon.pl\/pl\/blog\/tanie-garaze-modulowe-i-ich-zalety\/#primaryimage","url":"https:\/\/gardeon.pl\/wp-content\/uploads\/2020\/09\/gardeon-garaz-pre-jedno-auto-118-1.jpg","contentUrl":"https:\/\/gardeon.pl\/wp-content\/uploads\/2020\/09\/gardeon-garaz-pre-jedno-auto-118-1.jpg","width":2000,"height":1333,"caption":"Gara\u017c jednostanowiskowy przy domu jednorodzinnym"},{"@type":"BreadcrumbList","@id":"https:\/\/gardeon.pl\/pl\/blog\/tanie-garaze-modulowe-i-ich-zalety\/#breadcrumb","itemListElement":[{"@type":"ListItem","position":1,"name":"Domov","item":"https:\/\/gardeon.pl\/pl\/"},{"@type":"ListItem","position":2,"name":"Tanie gara\u017ce modu\u0142owe i ich zalety"}]},{"@type":"WebSite","@id":"https:\/\/gardeon.pl\/#website","url":"https:\/\/gardeon.pl\/","name":"GARDEON","description":"","potentialAction":[{"@type":"SearchAction","target":{"@type":"EntryPoint","urlTemplate":"https:\/\/gardeon.pl\/?s={search_term_string}"},"query-input":{"@type":"PropertyValueSpecification","valueRequired":true,"valueName":"search_term_string"}}],"inLanguage":"pl-PL"},{"@type":"Person","@id":"https:\/\/gardeon.pl\/#\/schema\/person\/a5762ca5f0790bf92774af0899379463","name":"editor","image":{"@type":"ImageObject","inLanguage":"pl-PL","@id":"https:\/\/secure.gravatar.com\/avatar\/2b748151c2c748327307fd289a91b3bdafdd9e64e2d000e65e53d6dcf11c5830?s=96&d=mm&r=g","url":"https:\/\/secure.gravatar.com\/avatar\/2b748151c2c748327307fd289a91b3bdafdd9e64e2d000e65e53d6dcf11c5830?s=96&d=mm&r=g","contentUrl":"https:\/\/secure.gravatar.com\/avatar\/2b748151c2c748327307fd289a91b3bdafdd9e64e2d000e65e53d6dcf11c5830?s=96&d=mm&r=g","caption":"editor"}}]}},"_links":{"self":[{"href":"https:\/\/gardeon.pl\/pl\/wp-json\/wp\/v2\/posts\/47943","targetHints":{"allow":["GET"]}}],"collection":[{"href":"https:\/\/gardeon.pl\/pl\/wp-json\/wp\/v2\/posts"}],"about":[{"href":"https:\/\/gardeon.pl\/pl\/wp-json\/wp\/v2\/types\/post"}],"author":[{"embeddable":true,"href":"https:\/\/gardeon.pl\/pl\/wp-json\/wp\/v2\/users\/2"}],"replies":[{"embeddable":true,"href":"https:\/\/gardeon.pl\/pl\/wp-json\/wp\/v2\/comments?post=47943"}],"version-history":[{"count":0,"href":"https:\/\/gardeon.pl\/pl\/wp-json\/wp\/v2\/posts\/47943\/revisions"}],"wp:featuredmedia":[{"embeddable":true,"href":"https:\/\/gardeon.pl\/pl\/wp-json\/wp\/v2\/media\/42386"}],"wp:attachment":[{"href":"https:\/\/gardeon.pl\/pl\/wp-json\/wp\/v2\/media?parent=47943"}],"wp:term":[{"taxonomy":"category","embeddable":true,"href":"https:\/\/gardeon.pl\/pl\/wp-json\/wp\/v2\/categories?post=47943"},{"taxonomy":"post_tag","embeddable":true,"href":"https:\/\/gardeon.pl\/pl\/wp-json\/wp\/v2\/tags?post=47943"}],"curies":[{"name":"wp","href":"https:\/\/api.w.org\/{rel}","templated":true}]}}