{"id":47944,"date":"2026-04-23T17:42:27","date_gmt":"2026-04-23T15:42:27","guid":{"rendered":"https:\/\/gardeon.pl\/blog\/dlaczego-moj-samochod-nie-chce-zapalic\/"},"modified":"2026-04-23T18:44:26","modified_gmt":"2026-04-23T16:44:26","slug":"dlaczego-moj-samochod-nie-chce-zapalic","status":"publish","type":"post","link":"https:\/\/gardeon.pl\/pl\/blog\/dlaczego-moj-samochod-nie-chce-zapalic\/","title":{"rendered":"Dlaczego m\u00f3j samoch\u00f3d nie chce zapali\u0107?"},"content":{"rendered":"<p><i><span style=\"font-weight: 400;\">Podchodzi Pan\/Pani do samochodu. Chce Pan\/Pani ruszy\u0107, ale samoch\u00f3d nie odpala. Grobowa cisza oznacza problem, kt\u00f3ry nale\u017cy rozwi\u0105za\u0107. Ale jak? Nie musi Pan\/Pani od razu panikowa\u0107. Najpierw nale\u017cy sprawdzi\u0107, czy nie chodzi o jedn\u0105 z najcz\u0119stszych przyczyn, dla kt\u00f3rych samoch\u00f3d nie odpala. Zdradzamy r\u00f3wnie\u017c, kiedy warto zadzwoni\u0107 do serwisu.      <\/span><\/i><\/p>\n<p><i><span style=\"font-weight: 400;\">Czy Pana\/Pani pojazd jest jeszcze na gwarancji? Je\u015bli tak, zalecamy zadzwoni\u0107 bezpo\u015brednio do dealera, aby domow\u0105 napraw\u0105 nie naruszy\u0107 gwarancji. Je\u015bli ma Pan\/Pani jednak starszy samoch\u00f3d, w artykule dowie si\u0119 Pan\/Pani, jak go uruchomi\u0107 w warunkach domowych.  <\/span><\/i><\/p>\n<p><!--more--><\/p>\n<h2><b>Roz\u0142adowany lub martwy akumulator<\/b><\/h2>\n<p><span style=\"font-weight: 400;\">Je\u015bli nie uda\u0142o si\u0119 Panu\/Pani uruchomi\u0107 samochodu, nale\u017cy rozpocz\u0105\u0107 od sprawdzenia akumulatora. W starszych pojazdach zazwyczaj pojawiaj\u0105 si\u0119 problemy z rozruchem jeszcze zanim akumulator ca\u0142kowicie si\u0119 roz\u0142aduje. Dotyczy to zw\u0142aszcza zimy. Do kontroli stanu akumulatora nale\u017cy u\u017cy\u0107 woltomierza. Zmierzy\u0142 Pan\/Pani warto\u015b\u0107 poni\u017cej 12 V? Jest bardzo prawdopodobne, \u017ce akumulator traci lub ju\u017c straci\u0142 moc.     <\/span><\/p>\n<p><a href=\"http:\/\/gardeon.pl\/wp-content\/uploads\/2021\/02\/gardeon-blog-vybita-bateria.jpg\"><img loading=\"lazy\" decoding=\"async\" class=\"aligncenter wp-image-30817\" src=\"http:\/\/gardeon.pl\/wp-content\/uploads\/2021\/02\/gardeon-blog-vybita-bateria.jpg\" alt=\"Akumulator samochodowy\" width=\"800\" height=\"800\" srcset=\"https:\/\/gardeon.pl\/wp-content\/uploads\/2021\/02\/gardeon-blog-vybita-bateria.jpg 1000w, https:\/\/gardeon.pl\/wp-content\/uploads\/2021\/02\/gardeon-blog-vybita-bateria-300x300.jpg 300w, https:\/\/gardeon.pl\/wp-content\/uploads\/2021\/02\/gardeon-blog-vybita-bateria-150x150.jpg 150w, https:\/\/gardeon.pl\/wp-content\/uploads\/2021\/02\/gardeon-blog-vybita-bateria-768x768.jpg 768w\" sizes=\"auto, (max-width: 800px) 100vw, 800px\" \/><\/a><\/p>\n<p><span style=\"font-weight: 400;\">Czasami sami jeste\u015bmy winni roz\u0142adowaniu akumulatora. Na przyk\u0142ad zostawili\u015bmy w\u0142\u0105czone \u015bwiat\u0142a na ca\u0142\u0105 noc. W takich przypadkach akumulator trzeba \u201epobudzi\u0107\u201d. B\u0119d\u0105 Pa\u0144stwo potrzebowa\u0107 kabli rozruchowych i znajomego, kt\u00f3ry ma samoch\u00f3d. Maj\u0105 Pa\u0144stwo? Dobrze. Prosz\u0119 uruchomi\u0107 samoch\u00f3d znajomego. Prosz\u0119 pod\u0142\u0105czy\u0107 kabel dodatni do swojego pojazdu, a nast\u0119pnie do samochodu wspomagaj\u0105cego. Potem nale\u017cy zrobi\u0107 to samo z drugim kablem, aby po\u0142\u0105czy\u0107 bieguny ujemne. To jest pierwsza mo\u017cliwo\u015b\u0107.          <\/span><\/p>\n<p><a href=\"http:\/\/gardeon.pl\/wp-content\/uploads\/2021\/02\/gardeon-blog-startovacie-kable.jpg\"><img loading=\"lazy\" decoding=\"async\" class=\"aligncenter wp-image-30815\" src=\"http:\/\/gardeon.pl\/wp-content\/uploads\/2021\/02\/gardeon-blog-startovacie-kable.jpg\" alt=\"Kable rozruchowe\" width=\"800\" height=\"531\" srcset=\"https:\/\/gardeon.pl\/wp-content\/uploads\/2021\/02\/gardeon-blog-startovacie-kable.jpg 1200w, https:\/\/gardeon.pl\/wp-content\/uploads\/2021\/02\/gardeon-blog-startovacie-kable-300x199.jpg 300w, https:\/\/gardeon.pl\/wp-content\/uploads\/2021\/02\/gardeon-blog-startovacie-kable-1024x680.jpg 1024w, https:\/\/gardeon.pl\/wp-content\/uploads\/2021\/02\/gardeon-blog-startovacie-kable-768x510.jpg 768w\" sizes=\"auto, (max-width: 800px) 100vw, 800px\" \/><\/a><\/p>\n<p><span style=\"font-weight: 400;\">Drug\u0105 mo\u017cliwo\u015bci\u0105 jest u\u017cycie prostownika, jednak \u0142adowanie nim trwa d\u0142u\u017cej. Czy uda\u0142o si\u0119 Pa\u0144stwu uruchomi\u0107 silnik? \u015awietnie, mog\u0105 Pa\u0144stwo rusza\u0107 w drog\u0119. Je\u015bli nie uda\u0142o si\u0119 Pa\u0144stwu o\u017cywi\u0107 akumulatora i nie wykazuje on \u201eoznak \u017cycia\u201d, musz\u0105 Pa\u0144stwo kupi\u0107 nowy.   <\/span><\/p>\n<p><a href=\"http:\/\/gardeon.pl\/wp-content\/uploads\/2021\/02\/gardeon-blog-autonabijacka.jpg\"><img loading=\"lazy\" decoding=\"async\" class=\"aligncenter wp-image-30813\" src=\"http:\/\/gardeon.pl\/wp-content\/uploads\/2021\/02\/gardeon-blog-autonabijacka.jpg\" alt=\"\u0141adowarka samochodowa\" width=\"800\" height=\"587\" srcset=\"https:\/\/gardeon.pl\/wp-content\/uploads\/2021\/02\/gardeon-blog-autonabijacka.jpg 994w, https:\/\/gardeon.pl\/wp-content\/uploads\/2021\/02\/gardeon-blog-autonabijacka-300x220.jpg 300w, https:\/\/gardeon.pl\/wp-content\/uploads\/2021\/02\/gardeon-blog-autonabijacka-768x563.jpg 768w\" sizes=\"auto, (max-width: 800px) 100vw, 800px\" \/><\/a><\/p>\n<p><span style=\"font-weight: 400;\">Problem przy rozruchu mo\u017ce r\u00f3wnie\u017c powodowa\u0107 skorodowany kabel prowadz\u0105cy do akumulatora. Wtedy najlepiej zadzwoni\u0107 po lawet\u0119 do serwisu, <\/span><span style=\"font-weight: 400;\">aby <a href=\"https:\/\/getfix.cz\/blog\/jak-vybrat-spravny-autoservis\/\">mechanik go wymieni\u0142<\/a>.<\/span><\/p>\n<h2><b>Przepalone bezpieczniki<\/b><\/h2>\n<p><span style=\"font-weight: 400;\">Je\u015bli akumulator jest w porz\u0105dku, nale\u017cy sprawdzi\u0107 skrzynk\u0119 bezpiecznik\u00f3w. Widzi Pan\/Pani bezpiecznik z czarnym nalotem lub przerwany kabelek? Je\u015bli ten przepalony bezpiecznik jest bezpo\u015brednio zwi\u0105zany z silnikiem, samoch\u00f3d mo\u017ce z tego powodu nie odpali\u0107. Nale\u017cy kupi\u0107 zamiennik i go wymieni\u0107.   <\/span><a href=\"http:\/\/gardeon.pl\/wp-content\/uploads\/2021\/02\/gardeon-blog-poistky.jpg\"><img loading=\"lazy\" decoding=\"async\" class=\"aligncenter wp-image-30811\" src=\"http:\/\/gardeon.pl\/wp-content\/uploads\/2021\/02\/gardeon-blog-poistky.jpg\" alt=\"Bezpieczniki\" width=\"800\" height=\"1067\" srcset=\"https:\/\/gardeon.pl\/wp-content\/uploads\/2021\/02\/gardeon-blog-poistky.jpg 1280w, https:\/\/gardeon.pl\/wp-content\/uploads\/2021\/02\/gardeon-blog-poistky-225x300.jpg 225w, https:\/\/gardeon.pl\/wp-content\/uploads\/2021\/02\/gardeon-blog-poistky-768x1024.jpg 768w, https:\/\/gardeon.pl\/wp-content\/uploads\/2021\/02\/gardeon-blog-poistky-1152x1536.jpg 1152w\" sizes=\"auto, (max-width: 800px) 100vw, 800px\" \/><\/a><\/p>\n<h2><b>Niesprawne \u015bwiece\/\u017car\u00f3wki<\/b><\/h2>\n<p><span style=\"font-weight: 400;\">W silniku benzynowym znajduj\u0105 si\u0119 \u015bwiece zap\u0142onowe<\/span><span style=\"font-weight: 400;\">, kt\u00f3re r\u00f3wnie\u017c maj\u0105 swoj\u0105 \u017cywotno\u015b\u0107. To samo dotyczy \u015bwiec \u017carowych, kt\u00f3re zawiera silnik wysokopr\u0119\u017cny. W przypadku niesprawnych \u015bwiec zalecamy wymieni\u0107 wszystkie naraz, poniewa\u017c jest prawdopodobne, \u017ce pozosta\u0142ym r\u00f3wnie\u017c ko\u0144czy si\u0119 \u017cywotno\u015b\u0107. Specjali\u015bci zalecaj\u0105 wymian\u0119 \u015bwiec po oko\u0142o 60 000 przejechanych kilometr\u00f3w.<\/span><\/p>\n<p><img loading=\"lazy\" decoding=\"async\" class=\"aligncenter wp-image-17173\" src=\"http:\/\/gardeon.pl\/wp-content\/uploads\/2018\/08\/i-1024x768.jpg\" alt=\"\u015awieca \u017carowa\" width=\"800\" height=\"600\" srcset=\"https:\/\/gardeon.pl\/wp-content\/uploads\/2018\/08\/i.jpg 1024w, https:\/\/gardeon.pl\/wp-content\/uploads\/2018\/08\/i-300x225.jpg 300w, https:\/\/gardeon.pl\/wp-content\/uploads\/2018\/08\/i-768x576.jpg 768w\" sizes=\"auto, (max-width: 800px) 100vw, 800px\" \/><\/p>\n<h2><b>Wadliwy wy\u0142\u0105cznik zap\u0142onu<\/b><\/h2>\n<p><span style=\"font-weight: 400;\">Je\u015bli w\u0142o\u017cy Pan\/Pani kluczyk do stacyjki, przekr\u0119ci go do pozycji \u015brodkowej, a kontrolki si\u0119 nie za\u015bwiec\u0105, nale\u017cy podejrzewa\u0107 stacyjk\u0119. Napraw\u0119 stacyjki pozostawiliby\u015bmy jednak specjalistom, poniewa\u017c jest to skomplikowany komponent pojazdu. <\/span><\/p>\n<h2><b>Nadgryzione kable<\/b><\/h2>\n<p><span style=\"font-weight: 400;\">Niestety problem ten jest trudny do wykrycia, a co wi\u0119cej, mo\u017ce nie ujawni\u0107 si\u0119 natychmiast. Nawet si\u0119 Pa\u0144stwo nie spodziewaj\u0105, gdy nagle nie uda si\u0119 uruchomi\u0107 silnika. Pod tym wzgl\u0119dem myszy i szczury to jedne z najdro\u017cszych \u201ezwierz\u0105t domowych\u201d. Profilaktyk\u0105 jest parkowanie <\/span><span style=\"font-weight: 400;\">samochodu<\/span><span style=\"font-weight: 400;\"> w gara\u017cu, aby pod mask\u0105 nie zadomowili si\u0119 intruzi. I nie musz\u0105 to by\u0107 tylko gryzonie&#8230;<\/span><\/p>\n<h3><b>*Ciekawostka z podr\u00f3\u017cy<\/b><\/h3>\n<p><span style=\"font-weight: 400;\">Jeden z naszych klient\u00f3w opowiedzia\u0142 nam histori\u0119 o tym, jak jecha\u0142 z przyjaci\u00f3\u0142mi samochodem na wycieczk\u0119. Na pierwszej stacji benzynowej wydawa\u0142o im si\u0119, \u017ce s\u0142ysz\u0105 miauczenie. My\u015bleli, \u017ce gdzie\u015b w okolicy znajduje si\u0119 kot. Nie zwr\u00f3cili na to uwagi i pojechali dalej. Ale st\u0142umione miauczenie na drugiej stacji wyda\u0142o im si\u0119 ju\u017c bardzo podejrzane. Otworzyli mask\u0119, pod kt\u00f3r\u0105 ukrywa\u0142 si\u0119 na szcz\u0119\u015bcie \u017cywy kotek. Nie ka\u017cda historia ma jednak szcz\u0119\u015bliwe zako\u0144czenie, dlatego lepiej parkowa\u0107 samoch\u00f3d w gara\u017cu.      <\/span><\/p>\n<p><span style=\"font-weight: 400;\">Kiedy dzwoni\u0107 do profesjonalist\u00f3w? Je\u015bli wyczerpa\u0142 Pan\/Pani ju\u017c wszystkie mo\u017cliwo\u015bci, kt\u00f3re wymienili\u015bmy, nale\u017cy zadzwoni\u0107 do serwisu samochodowego. Mo\u017ce si\u0119 zdarzy\u0107, \u017ce chodzi o bardziej skomplikowan\u0105 napraw\u0119, kt\u00f3r\u0105 poradzi sobie tylko do\u015bwiadczony mechanik. A taki jest bezcenny.   <\/span><\/p>\n<p><a href=\"http:\/\/gardeon.pl\/wp-content\/uploads\/2020\/11\/Dugovic-7.jpg\"><img loading=\"lazy\" decoding=\"async\" class=\"aligncenter wp-image-29390\" src=\"http:\/\/gardeon.pl\/wp-content\/uploads\/2020\/11\/Dugovic-7.jpg\" alt=\"Samoch\u00f3d w gara\u017cu\" width=\"800\" height=\"600\" srcset=\"https:\/\/gardeon.pl\/wp-content\/uploads\/2020\/11\/Dugovic-7.jpg 1200w, https:\/\/gardeon.pl\/wp-content\/uploads\/2020\/11\/Dugovic-7-300x225.jpg 300w, https:\/\/gardeon.pl\/wp-content\/uploads\/2020\/11\/Dugovic-7-1024x768.jpg 1024w, https:\/\/gardeon.pl\/wp-content\/uploads\/2020\/11\/Dugovic-7-768x576.jpg 768w\" sizes=\"auto, (max-width: 800px) 100vw, 800px\" \/><\/a><\/p>\n<h5><\/h5>\n<h5>\u0179r\u00f3d\u0142o:<\/h5>\n<h5>fotobank GARDEON<\/h5>\n<h5><b>Za zdj\u0119cia gara\u017cu dzi\u0119kujemy naszemu klientowi panu Dugovi\u010dowi<\/b><\/h5>\n<h5>https:\/\/www.zarucene.sk<\/h5>\n<h5>https:\/\/www.autotechna.sk<\/h5>\n<h5>https:\/\/www.presmartfon.sk<\/h5>\n<h5>https:\/\/www.club-opel.com<\/h5>\n","protected":false},"excerpt":{"rendered":"<p>Podchodzi Pan\/Pani do samochodu. Chce Pan\/Pani ruszy\u0107, ale samoch\u00f3d nie odpala. Grobowa cisza oznacza problem, kt\u00f3ry nale\u017cy rozwi\u0105za\u0107. Ale jak? Nie musi Pan\/Pani od razu panikowa\u0107. Najpierw nale\u017cy sprawdzi\u0107, czy nie chodzi o jedn\u0105 z najcz\u0119stszych przyczyn, dla kt\u00f3rych samoch\u00f3d nie odpala. Zdradzamy r\u00f3wnie\u017c, kiedy warto zadzwoni\u0107 do serwisu. Czy Pana\/Pani pojazd jest jeszcze na [&hellip;]<\/p>\n","protected":false},"author":2,"featured_media":46642,"comment_status":"open","ping_status":"open","sticky":false,"template":"","format":"standard","meta":{"_acf_changed":false,"inline_featured_image":false,"footnotes":""},"categories":[578,618],"tags":[],"class_list":["post-47944","post","type-post","status-publish","format-standard","has-post-thumbnail","hentry","category-garaze-blaszane","category-konserwacja-i-pielegnacja"],"acf":[],"yoast_head":"<!-- This site is optimized with the Yoast SEO plugin v27.4 - https:\/\/yoast.com\/product\/yoast-seo-wordpress\/ -->\n<title>Dlaczego m\u00f3j samoch\u00f3d nie chce zapali\u0107? | GARDEON<\/title>\n<meta name=\"description\" content=\"Podchodzi Pan\/Pani do samochodu. Chce Pan\/Pani ruszy\u0107, ale samoch\u00f3d nie odpala. Grobowa cisza oznacza problem, kt\u00f3ry nale\u017cy rozwi\u0105za\u0107. Ale jak? Nie musi Pan\/Pani od razu panikowa\u0107.\" \/>\n<meta name=\"robots\" content=\"index, follow, max-snippet:-1, max-image-preview:large, max-video-preview:-1\" \/>\n<link rel=\"canonical\" href=\"https:\/\/gardeon.pl\/pl\/blog\/dlaczego-moj-samochod-nie-chce-zapalic\/\" \/>\n<meta property=\"og:locale\" content=\"pl_PL\" \/>\n<meta property=\"og:type\" content=\"article\" \/>\n<meta property=\"og:title\" content=\"Dlaczego m\u00f3j samoch\u00f3d nie chce zapali\u0107? | GARDEON\" \/>\n<meta property=\"og:description\" content=\"Podchodzi Pan\/Pani do samochodu. Chce Pan\/Pani ruszy\u0107, ale samoch\u00f3d nie odpala. Grobowa cisza oznacza problem, kt\u00f3ry nale\u017cy rozwi\u0105za\u0107. Ale jak? Nie musi Pan\/Pani od razu panikowa\u0107.\" \/>\n<meta property=\"og:url\" content=\"https:\/\/gardeon.pl\/pl\/blog\/dlaczego-moj-samochod-nie-chce-zapalic\/\" \/>\n<meta property=\"og:site_name\" content=\"GARDEON\" \/>\n<meta property=\"article:published_time\" content=\"2026-04-23T15:42:27+00:00\" \/>\n<meta property=\"article:modified_time\" content=\"2026-04-23T16:44:26+00:00\" \/>\n<meta property=\"og:image\" content=\"http:\/\/gardeon.pl\/wp-content\/uploads\/2016\/03\/auto-v-servise.jpg\" \/>\n\t<meta property=\"og:image:width\" content=\"1600\" \/>\n\t<meta property=\"og:image:height\" content=\"1066\" \/>\n\t<meta property=\"og:image:type\" content=\"image\/jpeg\" \/>\n<meta name=\"author\" content=\"editor\" \/>\n<meta name=\"twitter:card\" content=\"summary_large_image\" \/>\n<meta name=\"twitter:label1\" content=\"Napisane przez\" \/>\n\t<meta name=\"twitter:data1\" content=\"editor\" \/>\n\t<meta name=\"twitter:label2\" content=\"Szacowany czas czytania\" \/>\n\t<meta name=\"twitter:data2\" content=\"4 minuty\" \/>\n<script type=\"application\/ld+json\" class=\"yoast-schema-graph\">{\"@context\":\"https:\\\/\\\/schema.org\",\"@graph\":[{\"@type\":\"Article\",\"@id\":\"https:\\\/\\\/gardeon.pl\\\/pl\\\/blog\\\/dlaczego-moj-samochod-nie-chce-zapalic\\\/#article\",\"isPartOf\":{\"@id\":\"https:\\\/\\\/gardeon.pl\\\/pl\\\/blog\\\/dlaczego-moj-samochod-nie-chce-zapalic\\\/\"},\"author\":{\"name\":\"editor\",\"@id\":\"https:\\\/\\\/gardeon.pl\\\/#\\\/schema\\\/person\\\/a5762ca5f0790bf92774af0899379463\"},\"headline\":\"Dlaczego m\u00f3j samoch\u00f3d nie chce zapali\u0107?\",\"datePublished\":\"2026-04-23T15:42:27+00:00\",\"dateModified\":\"2026-04-23T16:44:26+00:00\",\"mainEntityOfPage\":{\"@id\":\"https:\\\/\\\/gardeon.pl\\\/pl\\\/blog\\\/dlaczego-moj-samochod-nie-chce-zapalic\\\/\"},\"wordCount\":743,\"commentCount\":0,\"image\":{\"@id\":\"https:\\\/\\\/gardeon.pl\\\/pl\\\/blog\\\/dlaczego-moj-samochod-nie-chce-zapalic\\\/#primaryimage\"},\"thumbnailUrl\":\"https:\\\/\\\/gardeon.pl\\\/wp-content\\\/uploads\\\/2016\\\/03\\\/auto-v-servise.jpg\",\"articleSection\":[\"Gara\u017ce blaszane\",\"Konserwacja i piel\u0119gnacja\"],\"inLanguage\":\"pl-PL\",\"potentialAction\":[{\"@type\":\"CommentAction\",\"name\":\"Comment\",\"target\":[\"https:\\\/\\\/gardeon.pl\\\/pl\\\/blog\\\/dlaczego-moj-samochod-nie-chce-zapalic\\\/#respond\"]}]},{\"@type\":\"WebPage\",\"@id\":\"https:\\\/\\\/gardeon.pl\\\/pl\\\/blog\\\/dlaczego-moj-samochod-nie-chce-zapalic\\\/\",\"url\":\"https:\\\/\\\/gardeon.pl\\\/pl\\\/blog\\\/dlaczego-moj-samochod-nie-chce-zapalic\\\/\",\"name\":\"Dlaczego m\u00f3j samoch\u00f3d nie chce zapali\u0107? | GARDEON\",\"isPartOf\":{\"@id\":\"https:\\\/\\\/gardeon.pl\\\/#website\"},\"primaryImageOfPage\":{\"@id\":\"https:\\\/\\\/gardeon.pl\\\/pl\\\/blog\\\/dlaczego-moj-samochod-nie-chce-zapalic\\\/#primaryimage\"},\"image\":{\"@id\":\"https:\\\/\\\/gardeon.pl\\\/pl\\\/blog\\\/dlaczego-moj-samochod-nie-chce-zapalic\\\/#primaryimage\"},\"thumbnailUrl\":\"https:\\\/\\\/gardeon.pl\\\/wp-content\\\/uploads\\\/2016\\\/03\\\/auto-v-servise.jpg\",\"datePublished\":\"2026-04-23T15:42:27+00:00\",\"dateModified\":\"2026-04-23T16:44:26+00:00\",\"author\":{\"@id\":\"https:\\\/\\\/gardeon.pl\\\/#\\\/schema\\\/person\\\/a5762ca5f0790bf92774af0899379463\"},\"description\":\"Podchodzi Pan\\\/Pani do samochodu. Chce Pan\\\/Pani ruszy\u0107, ale samoch\u00f3d nie odpala. Grobowa cisza oznacza problem, kt\u00f3ry nale\u017cy rozwi\u0105za\u0107. Ale jak? Nie musi Pan\\\/Pani od razu panikowa\u0107.\",\"breadcrumb\":{\"@id\":\"https:\\\/\\\/gardeon.pl\\\/pl\\\/blog\\\/dlaczego-moj-samochod-nie-chce-zapalic\\\/#breadcrumb\"},\"inLanguage\":\"pl-PL\",\"potentialAction\":[{\"@type\":\"ReadAction\",\"target\":[\"https:\\\/\\\/gardeon.pl\\\/pl\\\/blog\\\/dlaczego-moj-samochod-nie-chce-zapalic\\\/\"]}]},{\"@type\":\"ImageObject\",\"inLanguage\":\"pl-PL\",\"@id\":\"https:\\\/\\\/gardeon.pl\\\/pl\\\/blog\\\/dlaczego-moj-samochod-nie-chce-zapalic\\\/#primaryimage\",\"url\":\"https:\\\/\\\/gardeon.pl\\\/wp-content\\\/uploads\\\/2016\\\/03\\\/auto-v-servise.jpg\",\"contentUrl\":\"https:\\\/\\\/gardeon.pl\\\/wp-content\\\/uploads\\\/2016\\\/03\\\/auto-v-servise.jpg\",\"width\":1600,\"height\":1066,\"caption\":\"Samoch\u00f3d w serwisie\"},{\"@type\":\"BreadcrumbList\",\"@id\":\"https:\\\/\\\/gardeon.pl\\\/pl\\\/blog\\\/dlaczego-moj-samochod-nie-chce-zapalic\\\/#breadcrumb\",\"itemListElement\":[{\"@type\":\"ListItem\",\"position\":1,\"name\":\"Domov\",\"item\":\"https:\\\/\\\/gardeon.pl\\\/pl\\\/\"},{\"@type\":\"ListItem\",\"position\":2,\"name\":\"Dlaczego m\u00f3j samoch\u00f3d nie chce zapali\u0107?\"}]},{\"@type\":\"WebSite\",\"@id\":\"https:\\\/\\\/gardeon.pl\\\/#website\",\"url\":\"https:\\\/\\\/gardeon.pl\\\/\",\"name\":\"GARDEON\",\"description\":\"\",\"potentialAction\":[{\"@type\":\"SearchAction\",\"target\":{\"@type\":\"EntryPoint\",\"urlTemplate\":\"https:\\\/\\\/gardeon.pl\\\/?s={search_term_string}\"},\"query-input\":{\"@type\":\"PropertyValueSpecification\",\"valueRequired\":true,\"valueName\":\"search_term_string\"}}],\"inLanguage\":\"pl-PL\"},{\"@type\":\"Person\",\"@id\":\"https:\\\/\\\/gardeon.pl\\\/#\\\/schema\\\/person\\\/a5762ca5f0790bf92774af0899379463\",\"name\":\"editor\",\"image\":{\"@type\":\"ImageObject\",\"inLanguage\":\"pl-PL\",\"@id\":\"https:\\\/\\\/secure.gravatar.com\\\/avatar\\\/2b748151c2c748327307fd289a91b3bdafdd9e64e2d000e65e53d6dcf11c5830?s=96&d=mm&r=g\",\"url\":\"https:\\\/\\\/secure.gravatar.com\\\/avatar\\\/2b748151c2c748327307fd289a91b3bdafdd9e64e2d000e65e53d6dcf11c5830?s=96&d=mm&r=g\",\"contentUrl\":\"https:\\\/\\\/secure.gravatar.com\\\/avatar\\\/2b748151c2c748327307fd289a91b3bdafdd9e64e2d000e65e53d6dcf11c5830?s=96&d=mm&r=g\",\"caption\":\"editor\"}}]}<\/script>\n<!-- \/ Yoast SEO plugin. -->","yoast_head_json":{"title":"Dlaczego m\u00f3j samoch\u00f3d nie chce zapali\u0107? | GARDEON","description":"Podchodzi Pan\/Pani do samochodu. Chce Pan\/Pani ruszy\u0107, ale samoch\u00f3d nie odpala. Grobowa cisza oznacza problem, kt\u00f3ry nale\u017cy rozwi\u0105za\u0107. Ale jak? Nie musi Pan\/Pani od razu panikowa\u0107.","robots":{"index":"index","follow":"follow","max-snippet":"max-snippet:-1","max-image-preview":"max-image-preview:large","max-video-preview":"max-video-preview:-1"},"canonical":"https:\/\/gardeon.pl\/pl\/blog\/dlaczego-moj-samochod-nie-chce-zapalic\/","og_locale":"pl_PL","og_type":"article","og_title":"Dlaczego m\u00f3j samoch\u00f3d nie chce zapali\u0107? | GARDEON","og_description":"Podchodzi Pan\/Pani do samochodu. Chce Pan\/Pani ruszy\u0107, ale samoch\u00f3d nie odpala. Grobowa cisza oznacza problem, kt\u00f3ry nale\u017cy rozwi\u0105za\u0107. Ale jak? Nie musi Pan\/Pani od razu panikowa\u0107.","og_url":"https:\/\/gardeon.pl\/pl\/blog\/dlaczego-moj-samochod-nie-chce-zapalic\/","og_site_name":"GARDEON","article_published_time":"2026-04-23T15:42:27+00:00","article_modified_time":"2026-04-23T16:44:26+00:00","og_image":[{"width":1600,"height":1066,"url":"http:\/\/gardeon.pl\/wp-content\/uploads\/2016\/03\/auto-v-servise.jpg","type":"image\/jpeg"}],"author":"editor","twitter_card":"summary_large_image","twitter_misc":{"Napisane przez":"editor","Szacowany czas czytania":"4 minuty"},"schema":{"@context":"https:\/\/schema.org","@graph":[{"@type":"Article","@id":"https:\/\/gardeon.pl\/pl\/blog\/dlaczego-moj-samochod-nie-chce-zapalic\/#article","isPartOf":{"@id":"https:\/\/gardeon.pl\/pl\/blog\/dlaczego-moj-samochod-nie-chce-zapalic\/"},"author":{"name":"editor","@id":"https:\/\/gardeon.pl\/#\/schema\/person\/a5762ca5f0790bf92774af0899379463"},"headline":"Dlaczego m\u00f3j samoch\u00f3d nie chce zapali\u0107?","datePublished":"2026-04-23T15:42:27+00:00","dateModified":"2026-04-23T16:44:26+00:00","mainEntityOfPage":{"@id":"https:\/\/gardeon.pl\/pl\/blog\/dlaczego-moj-samochod-nie-chce-zapalic\/"},"wordCount":743,"commentCount":0,"image":{"@id":"https:\/\/gardeon.pl\/pl\/blog\/dlaczego-moj-samochod-nie-chce-zapalic\/#primaryimage"},"thumbnailUrl":"https:\/\/gardeon.pl\/wp-content\/uploads\/2016\/03\/auto-v-servise.jpg","articleSection":["Gara\u017ce blaszane","Konserwacja i piel\u0119gnacja"],"inLanguage":"pl-PL","potentialAction":[{"@type":"CommentAction","name":"Comment","target":["https:\/\/gardeon.pl\/pl\/blog\/dlaczego-moj-samochod-nie-chce-zapalic\/#respond"]}]},{"@type":"WebPage","@id":"https:\/\/gardeon.pl\/pl\/blog\/dlaczego-moj-samochod-nie-chce-zapalic\/","url":"https:\/\/gardeon.pl\/pl\/blog\/dlaczego-moj-samochod-nie-chce-zapalic\/","name":"Dlaczego m\u00f3j samoch\u00f3d nie chce zapali\u0107? | GARDEON","isPartOf":{"@id":"https:\/\/gardeon.pl\/#website"},"primaryImageOfPage":{"@id":"https:\/\/gardeon.pl\/pl\/blog\/dlaczego-moj-samochod-nie-chce-zapalic\/#primaryimage"},"image":{"@id":"https:\/\/gardeon.pl\/pl\/blog\/dlaczego-moj-samochod-nie-chce-zapalic\/#primaryimage"},"thumbnailUrl":"https:\/\/gardeon.pl\/wp-content\/uploads\/2016\/03\/auto-v-servise.jpg","datePublished":"2026-04-23T15:42:27+00:00","dateModified":"2026-04-23T16:44:26+00:00","author":{"@id":"https:\/\/gardeon.pl\/#\/schema\/person\/a5762ca5f0790bf92774af0899379463"},"description":"Podchodzi Pan\/Pani do samochodu. Chce Pan\/Pani ruszy\u0107, ale samoch\u00f3d nie odpala. Grobowa cisza oznacza problem, kt\u00f3ry nale\u017cy rozwi\u0105za\u0107. Ale jak? Nie musi Pan\/Pani od razu panikowa\u0107.","breadcrumb":{"@id":"https:\/\/gardeon.pl\/pl\/blog\/dlaczego-moj-samochod-nie-chce-zapalic\/#breadcrumb"},"inLanguage":"pl-PL","potentialAction":[{"@type":"ReadAction","target":["https:\/\/gardeon.pl\/pl\/blog\/dlaczego-moj-samochod-nie-chce-zapalic\/"]}]},{"@type":"ImageObject","inLanguage":"pl-PL","@id":"https:\/\/gardeon.pl\/pl\/blog\/dlaczego-moj-samochod-nie-chce-zapalic\/#primaryimage","url":"https:\/\/gardeon.pl\/wp-content\/uploads\/2016\/03\/auto-v-servise.jpg","contentUrl":"https:\/\/gardeon.pl\/wp-content\/uploads\/2016\/03\/auto-v-servise.jpg","width":1600,"height":1066,"caption":"Samoch\u00f3d w serwisie"},{"@type":"BreadcrumbList","@id":"https:\/\/gardeon.pl\/pl\/blog\/dlaczego-moj-samochod-nie-chce-zapalic\/#breadcrumb","itemListElement":[{"@type":"ListItem","position":1,"name":"Domov","item":"https:\/\/gardeon.pl\/pl\/"},{"@type":"ListItem","position":2,"name":"Dlaczego m\u00f3j samoch\u00f3d nie chce zapali\u0107?"}]},{"@type":"WebSite","@id":"https:\/\/gardeon.pl\/#website","url":"https:\/\/gardeon.pl\/","name":"GARDEON","description":"","potentialAction":[{"@type":"SearchAction","target":{"@type":"EntryPoint","urlTemplate":"https:\/\/gardeon.pl\/?s={search_term_string}"},"query-input":{"@type":"PropertyValueSpecification","valueRequired":true,"valueName":"search_term_string"}}],"inLanguage":"pl-PL"},{"@type":"Person","@id":"https:\/\/gardeon.pl\/#\/schema\/person\/a5762ca5f0790bf92774af0899379463","name":"editor","image":{"@type":"ImageObject","inLanguage":"pl-PL","@id":"https:\/\/secure.gravatar.com\/avatar\/2b748151c2c748327307fd289a91b3bdafdd9e64e2d000e65e53d6dcf11c5830?s=96&d=mm&r=g","url":"https:\/\/secure.gravatar.com\/avatar\/2b748151c2c748327307fd289a91b3bdafdd9e64e2d000e65e53d6dcf11c5830?s=96&d=mm&r=g","contentUrl":"https:\/\/secure.gravatar.com\/avatar\/2b748151c2c748327307fd289a91b3bdafdd9e64e2d000e65e53d6dcf11c5830?s=96&d=mm&r=g","caption":"editor"}}]}},"_links":{"self":[{"href":"https:\/\/gardeon.pl\/pl\/wp-json\/wp\/v2\/posts\/47944","targetHints":{"allow":["GET"]}}],"collection":[{"href":"https:\/\/gardeon.pl\/pl\/wp-json\/wp\/v2\/posts"}],"about":[{"href":"https:\/\/gardeon.pl\/pl\/wp-json\/wp\/v2\/types\/post"}],"author":[{"embeddable":true,"href":"https:\/\/gardeon.pl\/pl\/wp-json\/wp\/v2\/users\/2"}],"replies":[{"embeddable":true,"href":"https:\/\/gardeon.pl\/pl\/wp-json\/wp\/v2\/comments?post=47944"}],"version-history":[{"count":0,"href":"https:\/\/gardeon.pl\/pl\/wp-json\/wp\/v2\/posts\/47944\/revisions"}],"wp:featuredmedia":[{"embeddable":true,"href":"https:\/\/gardeon.pl\/pl\/wp-json\/wp\/v2\/media\/46642"}],"wp:attachment":[{"href":"https:\/\/gardeon.pl\/pl\/wp-json\/wp\/v2\/media?parent=47944"}],"wp:term":[{"taxonomy":"category","embeddable":true,"href":"https:\/\/gardeon.pl\/pl\/wp-json\/wp\/v2\/categories?post=47944"},{"taxonomy":"post_tag","embeddable":true,"href":"https:\/\/gardeon.pl\/pl\/wp-json\/wp\/v2\/tags?post=47944"}],"curies":[{"name":"wp","href":"https:\/\/api.w.org\/{rel}","templated":true}]}}