{"id":47961,"date":"2026-04-23T18:41:21","date_gmt":"2026-04-23T16:41:21","guid":{"rendered":"https:\/\/gardeon.pl\/?p=47961"},"modified":"2026-04-23T18:44:25","modified_gmt":"2026-04-23T16:44:25","slug":"jak-zabezpieczyc-meble-ogrodowe-na-zime-aby-byly-gotowe-na-wiosne","status":"publish","type":"post","link":"https:\/\/gardeon.pl\/pl\/blog\/jak-zabezpieczyc-meble-ogrodowe-na-zime-aby-byly-gotowe-na-wiosne\/","title":{"rendered":"Jak zabezpieczy\u0107 meble ogrodowe na zim\u0119, aby by\u0142y gotowe na wiosn\u0119"},"content":{"rendered":"<p><em>Szukaj\u0105 Pa\u0144stwo mebli ogrodowych, kt\u00f3re s\u0105 odporne na wod\u0119, zimno czy uszkodzenia mechaniczne? B\u0105d\u017amy ze sob\u0105 szczerzy. Na tym \u015bwiecie nie ma niczego, co regularnie u\u017cywane, przetrwa\u0142oby w doskona\u0142ej kondycji bez odpowiedniej piel\u0119gnacji. Dotyczy to r\u00f3wnie\u017c Pa\u0144stwa mebli ogrodowych. Co prawda nie maj\u0105 Pa\u0144stwo wp\u0142ywu na pogod\u0119, ale na to, jak przechowuj\u0105 Pa\u0144stwo meble \u2013 ju\u017c tak! Por\u00f3wnajmy poszczeg\u00f3lne materia\u0142y i piel\u0119gnacj\u0119, jakiej wymagaj\u0105.     <span class=\"Apple-converted-space\"> <\/span><\/em><\/p>\n<p><em>Materia\u0142 dla wielu os\u00f3b jest raczej kwesti\u0105 gustu ni\u017c praktyczn\u0105. Je\u015bli co\u015b si\u0119 Pa\u0144stwu podoba, z rado\u015bci\u0105 zadbaj\u0105 Pa\u0144stwo o to, aby wygl\u0105da\u0142o perfekcyjnie. Co roku. Prawdopodobnie wi\u0119c b\u0119d\u0105 Pa\u0144stwo wybiera\u0107 g\u0142\u00f3wnie na podstawie wygl\u0105du i, oczywi\u015bcie, finans\u00f3w. Zawsze jednak warto wiedzie\u0107, co Pa\u0144stwa czeka.    <span class=\"Apple-converted-space\"> <\/span><\/em><\/p>\n<h2>Drewno<\/h2>\n<p>Wspania\u0142y materia\u0142, kt\u00f3ry mo\u017ce przybiera\u0107 wiele form. Mog\u0105 Pa\u0144stwo postawi\u0107 na meble z palet lub z litego drewna. Niezale\u017cnie od wybranej opcji, musz\u0105 Pa\u0144stwo wiedzie\u0107 kilka rzeczy.  <span class=\"Apple-converted-space\"> <\/span><\/p>\n<p><img loading=\"lazy\" decoding=\"async\" class=\"aligncenter wp-image-29514\" src=\"http:\/\/gardeon.pl\/wp-content\/uploads\/2020\/11\/gardeon-foto-od-zakaznikov-121-scaled-e1606304677873.jpg\" alt=\"Domek ogrodowy z grillem pod zadaszeniem\" width=\"800\" height=\"600\"><\/p>\n<p>Drewno \u017ale znosi wod\u0119, a tym bardziej \u015bnieg. Je\u015bli wi\u0119c decyduj\u0105 si\u0119 Pa\u0144stwo na drewno, nale\u017cy umie\u015bci\u0107 meble ogrodowe pod zadaszeniem ogrodowym lub w altanie, aby nie by\u0142y wystawione na dzia\u0142anie czynnik\u00f3w atmosferycznych. Farba stopniowo schodzi nie tylko pod wp\u0142ywem s\u0142o\u0144ca, ale tak\u017ce zwyk\u0142ego u\u017cytkowania.  <span class=\"Apple-converted-space\"> <\/span><\/p>\n<p><img loading=\"lazy\" decoding=\"async\" class=\"aligncenter wp-image-28548\" src=\"http:\/\/gardeon.pl\/wp-content\/uploads\/2020\/10\/GARDEON-foto-od-zakaznikov-51-scaled.jpg\" alt=\"Miejsce do siedzenia pod zadaszeniem domku ogrodowego\" width=\"800\" height=\"450\" srcset=\"https:\/\/gardeon.pl\/wp-content\/uploads\/2020\/10\/GARDEON-foto-od-zakaznikov-51-scaled.jpg 2560w, https:\/\/gardeon.pl\/wp-content\/uploads\/2020\/10\/GARDEON-foto-od-zakaznikov-51-300x169.jpg 300w, https:\/\/gardeon.pl\/wp-content\/uploads\/2020\/10\/GARDEON-foto-od-zakaznikov-51-1024x576.jpg 1024w, https:\/\/gardeon.pl\/wp-content\/uploads\/2020\/10\/GARDEON-foto-od-zakaznikov-51-768x432.jpg 768w, https:\/\/gardeon.pl\/wp-content\/uploads\/2020\/10\/GARDEON-foto-od-zakaznikov-51-1536x864.jpg 1536w, https:\/\/gardeon.pl\/wp-content\/uploads\/2020\/10\/GARDEON-foto-od-zakaznikov-51-2048x1152.jpg 2048w\" sizes=\"auto, (max-width: 800px) 100vw, 800px\" \/><\/p>\n<p>Dlatego zalecamy malowanie drewnianych mebli przed ka\u017cdym sezonem w ramach wiosennych porz\u0105dk\u00f3w. Ewentualnie dokr\u0119ci\u0107 jak\u0105\u015b \u015brub\u0119, je\u015bli np. drewniane krzes\u0142o ogrodowe si\u0119 rozchwieje. W tym przypadku palety s\u0105 mniej wymagaj\u0105ce pod wzgl\u0119dem wygl\u0105du i formy, ale mimo to lepiej je zaimpregnowa\u0107, aby pogoda nie naruszy\u0142a struktury materia\u0142u. Dzi\u0119ki temu b\u0119d\u0105 Pa\u0144stwo mie\u0107 wspania\u0142e meble ogrodowe w ka\u017cdym sezonie.    <span class=\"Apple-converted-space\"> <\/span><\/p>\n<h2>Metal<\/h2>\n<p>Metal r\u00f3wnie\u017c ma sw\u00f3j niepowtarzalny urok. Wygl\u0105da \u015bwietnie. Ma tylko jedn\u0105 wad\u0119 \u2013 r\u00f3wnie\u017c nie jest bezobs\u0142ugowy. Je\u015bli pozostawi si\u0119 go na deszczu lub w wilgotnych warunkach, ma tendencj\u0119 do rdzewienia. Chocia\u017c ma wy\u017csz\u0105 odporno\u015b\u0107 na wod\u0119 ni\u017c drewno. Regularne malowanie, kt\u00f3re zakryje drobne niedoskona\u0142o\u015bci, zapobiegnie osadzaniu si\u0119 rdzy. Zalecamy umieszczenie go pod zadaszeniem ogrodowym lub <a href=\"https:\/\/gardeon.pl\/pl\/pergole\/\">altan\u0105<\/a>.      <span class=\"Apple-converted-space\"> <\/span><\/p>\n<p><img loading=\"lazy\" decoding=\"async\" class=\"aligncenter wp-image-27759\" src=\"http:\/\/gardeon.pl\/wp-content\/uploads\/2020\/08\/GARDEON-foto-od-zakaznikov-19.jpg\" alt=\"Ciemnoszary podw\u00f3jny domek ogrodowy\" width=\"800\" height=\"600\" srcset=\"https:\/\/gardeon.pl\/wp-content\/uploads\/2020\/08\/GARDEON-foto-od-zakaznikov-19.jpg 1417w, https:\/\/gardeon.pl\/wp-content\/uploads\/2020\/08\/GARDEON-foto-od-zakaznikov-19-300x225.jpg 300w, https:\/\/gardeon.pl\/wp-content\/uploads\/2020\/08\/GARDEON-foto-od-zakaznikov-19-1024x768.jpg 1024w, https:\/\/gardeon.pl\/wp-content\/uploads\/2020\/08\/GARDEON-foto-od-zakaznikov-19-768x576.jpg 768w\" sizes=\"auto, (max-width: 800px) 100vw, 800px\" \/><\/p>\n<p>Je\u015bli chodzi o wygod\u0119, do metalowych czy drewnianych mebli ogrodowych b\u0119d\u0105 Pa\u0144stwo potrzebowa\u0107 r\u00f3wnie\u017c materacy, poduszek czy ja\u015bk\u00f3w. Z pewno\u015bci\u0105 nie nale\u017cy ich zostawia\u0107 na noc na zewn\u0105trz, aby przypadkiem nie zmok\u0142y. W letnie dni szybko wyschn\u0105, ale w ch\u0142odniejsze dni, kiedy schn\u0105 wolniej, mog\u0105 nawet nieprzyjemnie pachnie\u0107.  <span class=\"Apple-converted-space\"> <\/span><\/p>\n<p><img loading=\"lazy\" decoding=\"async\" class=\"aligncenter wp-image-19338\" src=\"http:\/\/gardeon.pl\/wp-content\/uploads\/2019\/04\/gabika-hanuskova-e1557491475791.jpg\" alt=\"Podw\u00f3jny domek ogrodowy GARDEON w bia\u0142ym tynku z br\u0105zowymi drzwiami Hormann\" width=\"800\" height=\"600\"><\/p>\n<h2>Plastik<\/h2>\n<p>Bezobs\u0142ugowy, powiedz\u0105 Pa\u0144stwo? Chocia\u017c rozk\u0142ada si\u0119 setki lat, to jednak nie ma takiej wytrzyma\u0142o\u015bci, jakiej mogliby Pa\u0144stwo oczekiwa\u0107. W kr\u00f3tkiej perspektywie plastik jest prostym i tanim rozwi\u0105zaniem. Jednak po latach starzeje si\u0119, kolor blaknie (biel ciemnieje) i deformuje si\u0119. Zar\u00f3wno pod wp\u0142ywem pogody, jak i u\u017cytkowania.    <\/p>\n<p><img loading=\"lazy\" decoding=\"async\" class=\"aligncenter wp-image-29517\" src=\"http:\/\/gardeon.pl\/wp-content\/uploads\/2020\/11\/gardeon-foto-od-zakaznikov-122.jpg\" alt=\"Miejsce do siedzenia w ogrodzie przy domku ogrodowym\" width=\"800\" height=\"1067\" srcset=\"https:\/\/gardeon.pl\/wp-content\/uploads\/2020\/11\/gardeon-foto-od-zakaznikov-122.jpg 1536w, https:\/\/gardeon.pl\/wp-content\/uploads\/2020\/11\/gardeon-foto-od-zakaznikov-122-225x300.jpg 225w, https:\/\/gardeon.pl\/wp-content\/uploads\/2020\/11\/gardeon-foto-od-zakaznikov-122-768x1024.jpg 768w, https:\/\/gardeon.pl\/wp-content\/uploads\/2020\/11\/gardeon-foto-od-zakaznikov-122-1152x1536.jpg 1152w\" sizes=\"auto, (max-width: 800px) 100vw, 800px\" \/><\/p>\n<p>Wspaniale jest to, \u017ce mo\u017cna go zostawi\u0107 pod go\u0142ym niebem, a woda praktycznie mu nie zaszkodzi. Jednak na ten brud trudno patrze\u0107, dlatego wymaga naprawd\u0119 regularnego czyszczenia. Kiedy si\u0119 zdeformuje lub z\u0142amie, nie da si\u0119 go naprawi\u0107. Z drugiej strony drewno czy metal cz\u0119sto mo\u017cna uratowa\u0107, a regularn\u0105 konserwacj\u0105 utrzyma\u0107 je w bardzo dobrym stanie przez wiele lat.    <\/p>\n<h2>Rattan<\/h2>\n<p>Naturalny czy sztuczny? W ka\u017cdym razie nowoczesny. Ale mniej odporny na warunki zewn\u0119trzne, co zwi\u0119ksza ryzyko, \u017ce po kilku latach zacznie si\u0119 deformowa\u0107. Dotyczy to zar\u00f3wno rattanu naturalnego, jak i sztucznego. Ale nie wyprzedzajmy fakt\u00f3w.    <\/p>\n<p><img loading=\"lazy\" decoding=\"async\" class=\"aligncenter wp-image-28809\" src=\"http:\/\/gardeon.pl\/wp-content\/uploads\/2020\/10\/GARDEON-foto-od-zakaznikov-87.jpg\" alt=\"Bia\u0142y domek z psem\" width=\"800\" height=\"601\" srcset=\"https:\/\/gardeon.pl\/wp-content\/uploads\/2020\/10\/GARDEON-foto-od-zakaznikov-87.jpg 1500w, https:\/\/gardeon.pl\/wp-content\/uploads\/2020\/10\/GARDEON-foto-od-zakaznikov-87-300x225.jpg 300w, https:\/\/gardeon.pl\/wp-content\/uploads\/2020\/10\/GARDEON-foto-od-zakaznikov-87-1024x769.jpg 1024w, https:\/\/gardeon.pl\/wp-content\/uploads\/2020\/10\/GARDEON-foto-od-zakaznikov-87-768x577.jpg 768w\" sizes=\"auto, (max-width: 800px) 100vw, 800px\" \/><\/p>\n<p><img loading=\"lazy\" decoding=\"async\" class=\"aligncenter size-full wp-image-27946\" src=\"http:\/\/gardeon.pl\/wp-content\/uploads\/2020\/09\/GARDEON-foto-od-zakaznikov-39.jpeg\" alt=\"Sk\u0142adzik ogrodowy w ogrodzie\" width=\"800\" height=\"1067\" srcset=\"https:\/\/gardeon.pl\/wp-content\/uploads\/2020\/09\/GARDEON-foto-od-zakaznikov-39.jpeg 800w, https:\/\/gardeon.pl\/wp-content\/uploads\/2020\/09\/GARDEON-foto-od-zakaznikov-39-225x300.jpeg 225w, https:\/\/gardeon.pl\/wp-content\/uploads\/2020\/09\/GARDEON-foto-od-zakaznikov-39-768x1024.jpeg 768w\" sizes=\"auto, (max-width: 800px) 100vw, 800px\" \/><\/p>\n<p>Mo\u017cna o niego dba\u0107 na r\u00f3\u017cne sposoby. My\u0107 go, gdy si\u0119 zabrudzi, jednak nie zbyt mokr\u0105 szmatk\u0105. Chroni\u0107 przed s\u0142o\u0144cem, aby nie wyblak\u0142. Przed wilgoci\u0105, aby si\u0119 nie zdeformowa\u0142 ani nie sple\u015bnia\u0142. Mo\u017cna kupi\u0107 specjalne oleje, kt\u00f3re pomagaj\u0105 utrzyma\u0107 meble rattanowe w dobrej kondycji.    <\/p>\n<h3>Gdzie przechowywa\u0107 meble ogrodowe?<\/h3>\n<p>Chocia\u017c jest to oczywiste, musimy to powiedzie\u0107: <i>Meble ogrodowe absolutnie nie powinny by\u0107 zostawiane na zim\u0119 na zewn\u0105trz.<\/i> Zima i mr\u00f3z mog\u0142yby je powa\u017cnie zniszczy\u0107. Mo\u017cna je przechowywa\u0107 w domku ogrodowym. Doskona\u0142e schronienie zapewni im r\u00f3wnie\u017c blaszany gara\u017c. Konstrukcje ogrodowe nie musz\u0105 by\u0107 nawet ocieplone. Wystarczy, \u017ce st\u00f3\u0142 czy krzes\u0142a ogrodowe b\u0119d\u0105 w ochronnym \u201eopakowaniu\u201d. W tym przypadku Pa\u0144stwa montowana wiata ogrodowa mo\u017ce nie wystarczy\u0107.     <\/p>\n<p>Zalet\u0105 rattanu i plastiku jest ich lekko\u015b\u0107. Dzi\u0119ki temu \u0142atwo je przenie\u015b\u0107 do budynku. Meble metalowe i drewniane s\u0105 zazwyczaj ci\u0119\u017csze do przeniesienia. Prosz\u0119 r\u00f3wnie\u017c pami\u0119ta\u0107 o tym, ile miejsca maj\u0105 Pa\u0144stwo w gara\u017cu. Nie wszystkie meble mo\u017cna z\u0142o\u017cy\u0107, wi\u0119c nale\u017cy liczy\u0107 si\u0119 z potrzeb\u0105 odpowiedniej przestrzeni. By\u0107 mo\u017ce b\u0119d\u0105 Pa\u0144stwo potrzebowa\u0107 nowego <a href=\"http:\/\/gardeon.pl\/konfigurator\/zahradne-domceky\/\">montowanego domku ogrodowego<\/a>.     <\/p>\n<p><img loading=\"lazy\" decoding=\"async\" class=\"aligncenter wp-image-19334\" src=\"http:\/\/gardeon.pl\/wp-content\/uploads\/2019\/04\/marcel-taka%C4%8D5-1024x768.jpg\" alt=\"Montowany domek ogrodowy GARDEON w jasnoszarym tynku\" width=\"730\" height=\"548\"><\/p>\n<p>Je\u015bli meble dobrze zabezpiecz\u0105 Pa\u0144stwo na zim\u0119 i wiosn\u0105 nieco od\u015bwie\u017c\u0105, odwdzi\u0119cz\u0105 si\u0119 d\u0142ug\u0105 trwa\u0142o\u015bci\u0105 i doskona\u0142ym wygl\u0105dem.<\/p>\n<p>&nbsp;<\/p>\n<h5>\u0179r\u00f3d\u0142o:<\/h5>\n<h5>Fotobank GARDEON<\/h5>\n","protected":false},"excerpt":{"rendered":"<p>Szukaj\u0105 Pa\u0144stwo mebli ogrodowych, kt\u00f3re s\u0105 odporne na wod\u0119, zimno czy uszkodzenia mechaniczne? B\u0105d\u017amy ze sob\u0105 szczerzy. Na tym \u015bwiecie nie ma niczego, co regularnie u\u017cywane, przetrwa\u0142oby w doskona\u0142ej kondycji bez odpowiedniej piel\u0119gnacji. Dotyczy to r\u00f3wnie\u017c Pa\u0144stwa mebli ogrodowych. Co prawda nie maj\u0105 Pa\u0144stwo wp\u0142ywu na pogod\u0119, ale na to, jak przechowuj\u0105 Pa\u0144stwo meble \u2013 [&hellip;]<\/p>\n","protected":false},"author":2,"featured_media":47884,"comment_status":"open","ping_status":"open","sticky":false,"template":"","format":"standard","meta":{"_acf_changed":false,"inline_featured_image":false,"footnotes":""},"categories":[632,578],"tags":[659,579,911,915,899,913,912,916,859,914],"class_list":["post-47961","post","type-post","status-publish","format-standard","has-post-thumbnail","hentry","category-domki-ogrodowe","category-garaze-blaszane","tag-drewno","tag-gardeon","tag-meble-ogrodowe","tag-metal","tag-plastik","tag-przygotowanie-mebli-na-zime","tag-przygotowanie-na-zime","tag-rattan","tag-wiosna","tag-zima"],"acf":[],"yoast_head":"<!-- This site is optimized with the Yoast SEO plugin v27.4 - https:\/\/yoast.com\/product\/yoast-seo-wordpress\/ -->\n<title>Jak zabezpieczy\u0107 meble ogrodowe na zim\u0119, aby by\u0142y gotowe na wiosn\u0119 | GARDEON<\/title>\n<meta name=\"robots\" content=\"index, follow, max-snippet:-1, max-image-preview:large, max-video-preview:-1\" \/>\n<link rel=\"canonical\" href=\"https:\/\/gardeon.pl\/pl\/blog\/jak-zabezpieczyc-meble-ogrodowe-na-zime-aby-byly-gotowe-na-wiosne\/\" \/>\n<meta property=\"og:locale\" content=\"pl_PL\" \/>\n<meta property=\"og:type\" content=\"article\" \/>\n<meta property=\"og:title\" content=\"Jak zabezpieczy\u0107 meble ogrodowe na zim\u0119, aby by\u0142y gotowe na wiosn\u0119 | GARDEON\" \/>\n<meta property=\"og:description\" content=\"Szukaj\u0105 Pa\u0144stwo mebli ogrodowych, kt\u00f3re s\u0105 odporne na wod\u0119, zimno czy uszkodzenia mechaniczne? B\u0105d\u017amy ze sob\u0105 szczerzy. Na tym \u015bwiecie nie ma niczego, co regularnie u\u017cywane, przetrwa\u0142oby w doskona\u0142ej kondycji bez odpowiedniej piel\u0119gnacji. Dotyczy to r\u00f3wnie\u017c Pa\u0144stwa mebli ogrodowych. Co prawda nie maj\u0105 Pa\u0144stwo wp\u0142ywu na pogod\u0119, ale na to, jak przechowuj\u0105 Pa\u0144stwo meble \u2013 [&hellip;]\" \/>\n<meta property=\"og:url\" content=\"https:\/\/gardeon.pl\/pl\/blog\/jak-zabezpieczyc-meble-ogrodowe-na-zime-aby-byly-gotowe-na-wiosne\/\" \/>\n<meta property=\"og:site_name\" content=\"GARDEON\" \/>\n<meta property=\"article:published_time\" content=\"2026-04-23T16:41:21+00:00\" \/>\n<meta property=\"article:modified_time\" content=\"2026-04-23T16:44:25+00:00\" \/>\n<meta property=\"og:image\" content=\"http:\/\/gardeon.pl\/wp-content\/uploads\/2020\/10\/GARDEON-foto-od-zakaznikov-101.jpg\" \/>\n\t<meta property=\"og:image:width\" content=\"1200\" \/>\n\t<meta property=\"og:image:height\" content=\"568\" \/>\n\t<meta property=\"og:image:type\" content=\"image\/jpeg\" \/>\n<meta name=\"author\" content=\"editor\" \/>\n<meta name=\"twitter:card\" content=\"summary_large_image\" \/>\n<meta name=\"twitter:label1\" content=\"Napisane przez\" \/>\n\t<meta name=\"twitter:data1\" content=\"editor\" \/>\n\t<meta name=\"twitter:label2\" content=\"Szacowany czas czytania\" \/>\n\t<meta name=\"twitter:data2\" content=\"4 minuty\" \/>\n<script type=\"application\/ld+json\" class=\"yoast-schema-graph\">{\"@context\":\"https:\\\/\\\/schema.org\",\"@graph\":[{\"@type\":\"Article\",\"@id\":\"https:\\\/\\\/gardeon.pl\\\/pl\\\/blog\\\/jak-zabezpieczyc-meble-ogrodowe-na-zime-aby-byly-gotowe-na-wiosne\\\/#article\",\"isPartOf\":{\"@id\":\"https:\\\/\\\/gardeon.pl\\\/pl\\\/blog\\\/jak-zabezpieczyc-meble-ogrodowe-na-zime-aby-byly-gotowe-na-wiosne\\\/\"},\"author\":{\"name\":\"editor\",\"@id\":\"https:\\\/\\\/gardeon.pl\\\/#\\\/schema\\\/person\\\/a5762ca5f0790bf92774af0899379463\"},\"headline\":\"Jak zabezpieczy\u0107 meble ogrodowe na zim\u0119, aby by\u0142y gotowe na wiosn\u0119\",\"datePublished\":\"2026-04-23T16:41:21+00:00\",\"dateModified\":\"2026-04-23T16:44:25+00:00\",\"mainEntityOfPage\":{\"@id\":\"https:\\\/\\\/gardeon.pl\\\/pl\\\/blog\\\/jak-zabezpieczyc-meble-ogrodowe-na-zime-aby-byly-gotowe-na-wiosne\\\/\"},\"wordCount\":841,\"commentCount\":0,\"image\":{\"@id\":\"https:\\\/\\\/gardeon.pl\\\/pl\\\/blog\\\/jak-zabezpieczyc-meble-ogrodowe-na-zime-aby-byly-gotowe-na-wiosne\\\/#primaryimage\"},\"thumbnailUrl\":\"https:\\\/\\\/gardeon.pl\\\/wp-content\\\/uploads\\\/2020\\\/10\\\/GARDEON-foto-od-zakaznikov-101.jpg\",\"keywords\":[\"drewno\",\"GARDEON\",\"meble ogrodowe\",\"metal\",\"plastik\",\"przygotowanie mebli na zim\u0119\",\"przygotowanie na zim\u0119\",\"rattan\",\"wiosna\",\"zima\"],\"articleSection\":[\"Domki ogrodowe\",\"Gara\u017ce blaszane\"],\"inLanguage\":\"pl-PL\",\"potentialAction\":[{\"@type\":\"CommentAction\",\"name\":\"Comment\",\"target\":[\"https:\\\/\\\/gardeon.pl\\\/pl\\\/blog\\\/jak-zabezpieczyc-meble-ogrodowe-na-zime-aby-byly-gotowe-na-wiosne\\\/#respond\"]}]},{\"@type\":\"WebPage\",\"@id\":\"https:\\\/\\\/gardeon.pl\\\/pl\\\/blog\\\/jak-zabezpieczyc-meble-ogrodowe-na-zime-aby-byly-gotowe-na-wiosne\\\/\",\"url\":\"https:\\\/\\\/gardeon.pl\\\/pl\\\/blog\\\/jak-zabezpieczyc-meble-ogrodowe-na-zime-aby-byly-gotowe-na-wiosne\\\/\",\"name\":\"Jak zabezpieczy\u0107 meble ogrodowe na zim\u0119, aby by\u0142y gotowe na wiosn\u0119 | GARDEON\",\"isPartOf\":{\"@id\":\"https:\\\/\\\/gardeon.pl\\\/#website\"},\"primaryImageOfPage\":{\"@id\":\"https:\\\/\\\/gardeon.pl\\\/pl\\\/blog\\\/jak-zabezpieczyc-meble-ogrodowe-na-zime-aby-byly-gotowe-na-wiosne\\\/#primaryimage\"},\"image\":{\"@id\":\"https:\\\/\\\/gardeon.pl\\\/pl\\\/blog\\\/jak-zabezpieczyc-meble-ogrodowe-na-zime-aby-byly-gotowe-na-wiosne\\\/#primaryimage\"},\"thumbnailUrl\":\"https:\\\/\\\/gardeon.pl\\\/wp-content\\\/uploads\\\/2020\\\/10\\\/GARDEON-foto-od-zakaznikov-101.jpg\",\"datePublished\":\"2026-04-23T16:41:21+00:00\",\"dateModified\":\"2026-04-23T16:44:25+00:00\",\"author\":{\"@id\":\"https:\\\/\\\/gardeon.pl\\\/#\\\/schema\\\/person\\\/a5762ca5f0790bf92774af0899379463\"},\"breadcrumb\":{\"@id\":\"https:\\\/\\\/gardeon.pl\\\/pl\\\/blog\\\/jak-zabezpieczyc-meble-ogrodowe-na-zime-aby-byly-gotowe-na-wiosne\\\/#breadcrumb\"},\"inLanguage\":\"pl-PL\",\"potentialAction\":[{\"@type\":\"ReadAction\",\"target\":[\"https:\\\/\\\/gardeon.pl\\\/pl\\\/blog\\\/jak-zabezpieczyc-meble-ogrodowe-na-zime-aby-byly-gotowe-na-wiosne\\\/\"]}]},{\"@type\":\"ImageObject\",\"inLanguage\":\"pl-PL\",\"@id\":\"https:\\\/\\\/gardeon.pl\\\/pl\\\/blog\\\/jak-zabezpieczyc-meble-ogrodowe-na-zime-aby-byly-gotowe-na-wiosne\\\/#primaryimage\",\"url\":\"https:\\\/\\\/gardeon.pl\\\/wp-content\\\/uploads\\\/2020\\\/10\\\/GARDEON-foto-od-zakaznikov-101.jpg\",\"contentUrl\":\"https:\\\/\\\/gardeon.pl\\\/wp-content\\\/uploads\\\/2020\\\/10\\\/GARDEON-foto-od-zakaznikov-101.jpg\",\"width\":1200,\"height\":568,\"caption\":\"Przytulny domek ogrodowy z miejscem do siedzenia\"},{\"@type\":\"BreadcrumbList\",\"@id\":\"https:\\\/\\\/gardeon.pl\\\/pl\\\/blog\\\/jak-zabezpieczyc-meble-ogrodowe-na-zime-aby-byly-gotowe-na-wiosne\\\/#breadcrumb\",\"itemListElement\":[{\"@type\":\"ListItem\",\"position\":1,\"name\":\"Domov\",\"item\":\"https:\\\/\\\/gardeon.pl\\\/pl\\\/\"},{\"@type\":\"ListItem\",\"position\":2,\"name\":\"Jak zabezpieczy\u0107 meble ogrodowe na zim\u0119, aby by\u0142y gotowe na wiosn\u0119\"}]},{\"@type\":\"WebSite\",\"@id\":\"https:\\\/\\\/gardeon.pl\\\/#website\",\"url\":\"https:\\\/\\\/gardeon.pl\\\/\",\"name\":\"GARDEON\",\"description\":\"\",\"potentialAction\":[{\"@type\":\"SearchAction\",\"target\":{\"@type\":\"EntryPoint\",\"urlTemplate\":\"https:\\\/\\\/gardeon.pl\\\/?s={search_term_string}\"},\"query-input\":{\"@type\":\"PropertyValueSpecification\",\"valueRequired\":true,\"valueName\":\"search_term_string\"}}],\"inLanguage\":\"pl-PL\"},{\"@type\":\"Person\",\"@id\":\"https:\\\/\\\/gardeon.pl\\\/#\\\/schema\\\/person\\\/a5762ca5f0790bf92774af0899379463\",\"name\":\"editor\",\"image\":{\"@type\":\"ImageObject\",\"inLanguage\":\"pl-PL\",\"@id\":\"https:\\\/\\\/secure.gravatar.com\\\/avatar\\\/2b748151c2c748327307fd289a91b3bdafdd9e64e2d000e65e53d6dcf11c5830?s=96&d=mm&r=g\",\"url\":\"https:\\\/\\\/secure.gravatar.com\\\/avatar\\\/2b748151c2c748327307fd289a91b3bdafdd9e64e2d000e65e53d6dcf11c5830?s=96&d=mm&r=g\",\"contentUrl\":\"https:\\\/\\\/secure.gravatar.com\\\/avatar\\\/2b748151c2c748327307fd289a91b3bdafdd9e64e2d000e65e53d6dcf11c5830?s=96&d=mm&r=g\",\"caption\":\"editor\"}}]}<\/script>\n<!-- \/ Yoast SEO plugin. -->","yoast_head_json":{"title":"Jak zabezpieczy\u0107 meble ogrodowe na zim\u0119, aby by\u0142y gotowe na wiosn\u0119 | GARDEON","robots":{"index":"index","follow":"follow","max-snippet":"max-snippet:-1","max-image-preview":"max-image-preview:large","max-video-preview":"max-video-preview:-1"},"canonical":"https:\/\/gardeon.pl\/pl\/blog\/jak-zabezpieczyc-meble-ogrodowe-na-zime-aby-byly-gotowe-na-wiosne\/","og_locale":"pl_PL","og_type":"article","og_title":"Jak zabezpieczy\u0107 meble ogrodowe na zim\u0119, aby by\u0142y gotowe na wiosn\u0119 | GARDEON","og_description":"Szukaj\u0105 Pa\u0144stwo mebli ogrodowych, kt\u00f3re s\u0105 odporne na wod\u0119, zimno czy uszkodzenia mechaniczne? B\u0105d\u017amy ze sob\u0105 szczerzy. Na tym \u015bwiecie nie ma niczego, co regularnie u\u017cywane, przetrwa\u0142oby w doskona\u0142ej kondycji bez odpowiedniej piel\u0119gnacji. Dotyczy to r\u00f3wnie\u017c Pa\u0144stwa mebli ogrodowych. Co prawda nie maj\u0105 Pa\u0144stwo wp\u0142ywu na pogod\u0119, ale na to, jak przechowuj\u0105 Pa\u0144stwo meble \u2013 [&hellip;]","og_url":"https:\/\/gardeon.pl\/pl\/blog\/jak-zabezpieczyc-meble-ogrodowe-na-zime-aby-byly-gotowe-na-wiosne\/","og_site_name":"GARDEON","article_published_time":"2026-04-23T16:41:21+00:00","article_modified_time":"2026-04-23T16:44:25+00:00","og_image":[{"width":1200,"height":568,"url":"http:\/\/gardeon.pl\/wp-content\/uploads\/2020\/10\/GARDEON-foto-od-zakaznikov-101.jpg","type":"image\/jpeg"}],"author":"editor","twitter_card":"summary_large_image","twitter_misc":{"Napisane przez":"editor","Szacowany czas czytania":"4 minuty"},"schema":{"@context":"https:\/\/schema.org","@graph":[{"@type":"Article","@id":"https:\/\/gardeon.pl\/pl\/blog\/jak-zabezpieczyc-meble-ogrodowe-na-zime-aby-byly-gotowe-na-wiosne\/#article","isPartOf":{"@id":"https:\/\/gardeon.pl\/pl\/blog\/jak-zabezpieczyc-meble-ogrodowe-na-zime-aby-byly-gotowe-na-wiosne\/"},"author":{"name":"editor","@id":"https:\/\/gardeon.pl\/#\/schema\/person\/a5762ca5f0790bf92774af0899379463"},"headline":"Jak zabezpieczy\u0107 meble ogrodowe na zim\u0119, aby by\u0142y gotowe na wiosn\u0119","datePublished":"2026-04-23T16:41:21+00:00","dateModified":"2026-04-23T16:44:25+00:00","mainEntityOfPage":{"@id":"https:\/\/gardeon.pl\/pl\/blog\/jak-zabezpieczyc-meble-ogrodowe-na-zime-aby-byly-gotowe-na-wiosne\/"},"wordCount":841,"commentCount":0,"image":{"@id":"https:\/\/gardeon.pl\/pl\/blog\/jak-zabezpieczyc-meble-ogrodowe-na-zime-aby-byly-gotowe-na-wiosne\/#primaryimage"},"thumbnailUrl":"https:\/\/gardeon.pl\/wp-content\/uploads\/2020\/10\/GARDEON-foto-od-zakaznikov-101.jpg","keywords":["drewno","GARDEON","meble ogrodowe","metal","plastik","przygotowanie mebli na zim\u0119","przygotowanie na zim\u0119","rattan","wiosna","zima"],"articleSection":["Domki ogrodowe","Gara\u017ce blaszane"],"inLanguage":"pl-PL","potentialAction":[{"@type":"CommentAction","name":"Comment","target":["https:\/\/gardeon.pl\/pl\/blog\/jak-zabezpieczyc-meble-ogrodowe-na-zime-aby-byly-gotowe-na-wiosne\/#respond"]}]},{"@type":"WebPage","@id":"https:\/\/gardeon.pl\/pl\/blog\/jak-zabezpieczyc-meble-ogrodowe-na-zime-aby-byly-gotowe-na-wiosne\/","url":"https:\/\/gardeon.pl\/pl\/blog\/jak-zabezpieczyc-meble-ogrodowe-na-zime-aby-byly-gotowe-na-wiosne\/","name":"Jak zabezpieczy\u0107 meble ogrodowe na zim\u0119, aby by\u0142y gotowe na wiosn\u0119 | GARDEON","isPartOf":{"@id":"https:\/\/gardeon.pl\/#website"},"primaryImageOfPage":{"@id":"https:\/\/gardeon.pl\/pl\/blog\/jak-zabezpieczyc-meble-ogrodowe-na-zime-aby-byly-gotowe-na-wiosne\/#primaryimage"},"image":{"@id":"https:\/\/gardeon.pl\/pl\/blog\/jak-zabezpieczyc-meble-ogrodowe-na-zime-aby-byly-gotowe-na-wiosne\/#primaryimage"},"thumbnailUrl":"https:\/\/gardeon.pl\/wp-content\/uploads\/2020\/10\/GARDEON-foto-od-zakaznikov-101.jpg","datePublished":"2026-04-23T16:41:21+00:00","dateModified":"2026-04-23T16:44:25+00:00","author":{"@id":"https:\/\/gardeon.pl\/#\/schema\/person\/a5762ca5f0790bf92774af0899379463"},"breadcrumb":{"@id":"https:\/\/gardeon.pl\/pl\/blog\/jak-zabezpieczyc-meble-ogrodowe-na-zime-aby-byly-gotowe-na-wiosne\/#breadcrumb"},"inLanguage":"pl-PL","potentialAction":[{"@type":"ReadAction","target":["https:\/\/gardeon.pl\/pl\/blog\/jak-zabezpieczyc-meble-ogrodowe-na-zime-aby-byly-gotowe-na-wiosne\/"]}]},{"@type":"ImageObject","inLanguage":"pl-PL","@id":"https:\/\/gardeon.pl\/pl\/blog\/jak-zabezpieczyc-meble-ogrodowe-na-zime-aby-byly-gotowe-na-wiosne\/#primaryimage","url":"https:\/\/gardeon.pl\/wp-content\/uploads\/2020\/10\/GARDEON-foto-od-zakaznikov-101.jpg","contentUrl":"https:\/\/gardeon.pl\/wp-content\/uploads\/2020\/10\/GARDEON-foto-od-zakaznikov-101.jpg","width":1200,"height":568,"caption":"Przytulny domek ogrodowy z miejscem do siedzenia"},{"@type":"BreadcrumbList","@id":"https:\/\/gardeon.pl\/pl\/blog\/jak-zabezpieczyc-meble-ogrodowe-na-zime-aby-byly-gotowe-na-wiosne\/#breadcrumb","itemListElement":[{"@type":"ListItem","position":1,"name":"Domov","item":"https:\/\/gardeon.pl\/pl\/"},{"@type":"ListItem","position":2,"name":"Jak zabezpieczy\u0107 meble ogrodowe na zim\u0119, aby by\u0142y gotowe na wiosn\u0119"}]},{"@type":"WebSite","@id":"https:\/\/gardeon.pl\/#website","url":"https:\/\/gardeon.pl\/","name":"GARDEON","description":"","potentialAction":[{"@type":"SearchAction","target":{"@type":"EntryPoint","urlTemplate":"https:\/\/gardeon.pl\/?s={search_term_string}"},"query-input":{"@type":"PropertyValueSpecification","valueRequired":true,"valueName":"search_term_string"}}],"inLanguage":"pl-PL"},{"@type":"Person","@id":"https:\/\/gardeon.pl\/#\/schema\/person\/a5762ca5f0790bf92774af0899379463","name":"editor","image":{"@type":"ImageObject","inLanguage":"pl-PL","@id":"https:\/\/secure.gravatar.com\/avatar\/2b748151c2c748327307fd289a91b3bdafdd9e64e2d000e65e53d6dcf11c5830?s=96&d=mm&r=g","url":"https:\/\/secure.gravatar.com\/avatar\/2b748151c2c748327307fd289a91b3bdafdd9e64e2d000e65e53d6dcf11c5830?s=96&d=mm&r=g","contentUrl":"https:\/\/secure.gravatar.com\/avatar\/2b748151c2c748327307fd289a91b3bdafdd9e64e2d000e65e53d6dcf11c5830?s=96&d=mm&r=g","caption":"editor"}}]}},"_links":{"self":[{"href":"https:\/\/gardeon.pl\/pl\/wp-json\/wp\/v2\/posts\/47961","targetHints":{"allow":["GET"]}}],"collection":[{"href":"https:\/\/gardeon.pl\/pl\/wp-json\/wp\/v2\/posts"}],"about":[{"href":"https:\/\/gardeon.pl\/pl\/wp-json\/wp\/v2\/types\/post"}],"author":[{"embeddable":true,"href":"https:\/\/gardeon.pl\/pl\/wp-json\/wp\/v2\/users\/2"}],"replies":[{"embeddable":true,"href":"https:\/\/gardeon.pl\/pl\/wp-json\/wp\/v2\/comments?post=47961"}],"version-history":[{"count":0,"href":"https:\/\/gardeon.pl\/pl\/wp-json\/wp\/v2\/posts\/47961\/revisions"}],"wp:featuredmedia":[{"embeddable":true,"href":"https:\/\/gardeon.pl\/pl\/wp-json\/wp\/v2\/media\/47884"}],"wp:attachment":[{"href":"https:\/\/gardeon.pl\/pl\/wp-json\/wp\/v2\/media?parent=47961"}],"wp:term":[{"taxonomy":"category","embeddable":true,"href":"https:\/\/gardeon.pl\/pl\/wp-json\/wp\/v2\/categories?post=47961"},{"taxonomy":"post_tag","embeddable":true,"href":"https:\/\/gardeon.pl\/pl\/wp-json\/wp\/v2\/tags?post=47961"}],"curies":[{"name":"wp","href":"https:\/\/api.w.org\/{rel}","templated":true}]}}