{"id":48011,"date":"2026-04-23T17:42:31","date_gmt":"2026-04-23T15:42:31","guid":{"rendered":"https:\/\/gardeon.pl\/blog\/inspirujace-ogrody-naszych-klientow-czesc-2-garaze-blaszane\/"},"modified":"2026-04-23T18:44:25","modified_gmt":"2026-04-23T16:44:25","slug":"inspirujace-ogrody-naszych-klientow-czesc-2-garaze-blaszane","status":"publish","type":"post","link":"https:\/\/gardeon.pl\/pl\/blog\/inspirujace-ogrody-naszych-klientow-czesc-2-garaze-blaszane\/","title":{"rendered":"Inspiruj\u0105ce ogrody naszych klient\u00f3w (cz\u0119\u015b\u0107 2) \u2013 gara\u017ce blaszane"},"content":{"rendered":"<p><i><span style=\"font-weight: 400;\">W drugiej cz\u0119\u015bci naszej serii przyjrzymy si\u0119 gara\u017com naszych klient\u00f3w. Gara\u017c modu\u0142owy pomie\u015bci samoch\u00f3d, czasem nawet wi\u0119cej ni\u017c jeden, ale tak\u017ce opony sezonowe, narz\u0119dzia elektryczne i ogrodowe, st\u00f3\u0142 warsztatowy, drabin\u0119, stare \u0142aty, od\u0142o\u017con\u0105 odzie\u017c, konserwy, wody mineralne i milion innych rzeczy. Jak dostosowali\u015bmy gara\u017ce do \u017cycze\u0144 naszych klient\u00f3w? Zapraszamy do zajrzenia z nami do ich dom\u00f3w.   <\/span><\/i><\/p>\n<p><!--more--><\/p>\n","protected":false},"excerpt":{"rendered":"<p>W drugiej cz\u0119\u015bci naszej serii przyjrzymy si\u0119 gara\u017com naszych klient\u00f3w. Gara\u017c modu\u0142owy pomie\u015bci samoch\u00f3d, czasem nawet wi\u0119cej ni\u017c jeden, ale tak\u017ce opony sezonowe, narz\u0119dzia elektryczne i ogrodowe, st\u00f3\u0142 warsztatowy, drabin\u0119, stare \u0142aty, od\u0142o\u017con\u0105 odzie\u017c, konserwy, wody mineralne i milion innych rzeczy. Jak dostosowali\u015bmy gara\u017ce do \u017cycze\u0144 naszych klient\u00f3w? Zapraszamy do zajrzenia z nami do ich [&hellip;]<\/p>\n","protected":false},"author":2,"featured_media":48026,"comment_status":"open","ping_status":"open","sticky":false,"template":"","format":"standard","meta":{"_acf_changed":false,"inline_featured_image":false,"footnotes":""},"categories":[578,607],"tags":[581,588,651,623,684,579],"class_list":["post-48011","post","type-post","status-publish","format-standard","has-post-thumbnail","hentry","category-garaze-blaszane","category-inspiracje","tag-garaz","tag-garaz-montowany","tag-garaz-z-wiata","tag-garaze","tag-garaze-modulowe","tag-gardeon"],"acf":[],"yoast_head":"<!-- This site is optimized with the Yoast SEO plugin v27.4 - https:\/\/yoast.com\/product\/yoast-seo-wordpress\/ -->\n<title>Inspiruj\u0105ce ogrody naszych klient\u00f3w (cz\u0119\u015b\u0107 2) \u2013 gara\u017ce | GARDEON<\/title>\n<meta name=\"robots\" content=\"index, follow, max-snippet:-1, max-image-preview:large, max-video-preview:-1\" \/>\n<link rel=\"canonical\" href=\"https:\/\/gardeon.pl\/pl\/blog\/inspirujace-ogrody-naszych-klientow-czesc-2-garaze-blaszane\/\" \/>\n<meta property=\"og:locale\" content=\"pl_PL\" \/>\n<meta property=\"og:type\" content=\"article\" \/>\n<meta property=\"og:title\" content=\"Inspiruj\u0105ce ogrody naszych klient\u00f3w (cz\u0119\u015b\u0107 2) \u2013 gara\u017ce | GARDEON\" \/>\n<meta property=\"og:description\" content=\"W drugiej cz\u0119\u015bci naszej serii przyjrzymy si\u0119 gara\u017com naszych klient\u00f3w. Gara\u017c modu\u0142owy pomie\u015bci samoch\u00f3d, czasem nawet wi\u0119cej ni\u017c jeden, ale tak\u017ce opony sezonowe, narz\u0119dzia elektryczne i ogrodowe, st\u00f3\u0142 warsztatowy, drabin\u0119, stare \u0142aty, od\u0142o\u017con\u0105 odzie\u017c, konserwy, wody mineralne i milion innych rzeczy. Jak dostosowali\u015bmy gara\u017ce do \u017cycze\u0144 naszych klient\u00f3w? Zapraszamy do zajrzenia z nami do ich [&hellip;]\" \/>\n<meta property=\"og:url\" content=\"https:\/\/gardeon.pl\/pl\/blog\/inspirujace-ogrody-naszych-klientow-czesc-2-garaze-blaszane\/\" \/>\n<meta property=\"og:site_name\" content=\"GARDEON\" \/>\n<meta property=\"article:published_time\" content=\"2026-04-23T15:42:31+00:00\" \/>\n<meta property=\"article:modified_time\" content=\"2026-04-23T16:44:25+00:00\" \/>\n<meta property=\"og:image\" content=\"http:\/\/gardeon.pl\/wp-content\/uploads\/2021\/11\/GARDEON-foto-od-zakaznikov-311.webp\" \/>\n\t<meta property=\"og:image:width\" content=\"1000\" \/>\n\t<meta property=\"og:image:height\" content=\"750\" \/>\n\t<meta property=\"og:image:type\" content=\"image\/webp\" \/>\n<meta name=\"author\" content=\"editor\" \/>\n<meta name=\"twitter:card\" content=\"summary_large_image\" \/>\n<meta name=\"twitter:label1\" content=\"Napisane przez\" \/>\n\t<meta name=\"twitter:data1\" content=\"editor\" \/>\n<script type=\"application\/ld+json\" class=\"yoast-schema-graph\">{\"@context\":\"https:\\\/\\\/schema.org\",\"@graph\":[{\"@type\":\"Article\",\"@id\":\"https:\\\/\\\/gardeon.pl\\\/pl\\\/blog\\\/inspirujace-ogrody-naszych-klientow-czesc-2-garaze-blaszane\\\/#article\",\"isPartOf\":{\"@id\":\"https:\\\/\\\/gardeon.pl\\\/pl\\\/blog\\\/inspirujace-ogrody-naszych-klientow-czesc-2-garaze-blaszane\\\/\"},\"author\":{\"name\":\"editor\",\"@id\":\"https:\\\/\\\/gardeon.pl\\\/#\\\/schema\\\/person\\\/a5762ca5f0790bf92774af0899379463\"},\"headline\":\"Inspiruj\u0105ce ogrody naszych klient\u00f3w (cz\u0119\u015b\u0107 2) \u2013 gara\u017ce blaszane\",\"datePublished\":\"2026-04-23T15:42:31+00:00\",\"dateModified\":\"2026-04-23T16:44:25+00:00\",\"mainEntityOfPage\":{\"@id\":\"https:\\\/\\\/gardeon.pl\\\/pl\\\/blog\\\/inspirujace-ogrody-naszych-klientow-czesc-2-garaze-blaszane\\\/\"},\"wordCount\":81,\"commentCount\":0,\"image\":{\"@id\":\"https:\\\/\\\/gardeon.pl\\\/pl\\\/blog\\\/inspirujace-ogrody-naszych-klientow-czesc-2-garaze-blaszane\\\/#primaryimage\"},\"thumbnailUrl\":\"https:\\\/\\\/gardeon.pl\\\/wp-content\\\/uploads\\\/2021\\\/11\\\/GARDEON-foto-od-zakaznikov-311.webp\",\"keywords\":[\"gara\u017c\",\"gara\u017c montowany\",\"gara\u017c z wiat\u0105\",\"gara\u017ce\",\"gara\u017ce modu\u0142owe\",\"GARDEON\"],\"articleSection\":[\"Gara\u017ce blaszane\",\"Inspiracje\"],\"inLanguage\":\"pl-PL\",\"potentialAction\":[{\"@type\":\"CommentAction\",\"name\":\"Comment\",\"target\":[\"https:\\\/\\\/gardeon.pl\\\/pl\\\/blog\\\/inspirujace-ogrody-naszych-klientow-czesc-2-garaze-blaszane\\\/#respond\"]}]},{\"@type\":\"WebPage\",\"@id\":\"https:\\\/\\\/gardeon.pl\\\/pl\\\/blog\\\/inspirujace-ogrody-naszych-klientow-czesc-2-garaze-blaszane\\\/\",\"url\":\"https:\\\/\\\/gardeon.pl\\\/pl\\\/blog\\\/inspirujace-ogrody-naszych-klientow-czesc-2-garaze-blaszane\\\/\",\"name\":\"Inspiruj\u0105ce ogrody naszych klient\u00f3w (cz\u0119\u015b\u0107 2) \u2013 gara\u017ce | GARDEON\",\"isPartOf\":{\"@id\":\"https:\\\/\\\/gardeon.pl\\\/#website\"},\"primaryImageOfPage\":{\"@id\":\"https:\\\/\\\/gardeon.pl\\\/pl\\\/blog\\\/inspirujace-ogrody-naszych-klientow-czesc-2-garaze-blaszane\\\/#primaryimage\"},\"image\":{\"@id\":\"https:\\\/\\\/gardeon.pl\\\/pl\\\/blog\\\/inspirujace-ogrody-naszych-klientow-czesc-2-garaze-blaszane\\\/#primaryimage\"},\"thumbnailUrl\":\"https:\\\/\\\/gardeon.pl\\\/wp-content\\\/uploads\\\/2021\\\/11\\\/GARDEON-foto-od-zakaznikov-311.webp\",\"datePublished\":\"2026-04-23T15:42:31+00:00\",\"dateModified\":\"2026-04-23T16:44:25+00:00\",\"author\":{\"@id\":\"https:\\\/\\\/gardeon.pl\\\/#\\\/schema\\\/person\\\/a5762ca5f0790bf92774af0899379463\"},\"breadcrumb\":{\"@id\":\"https:\\\/\\\/gardeon.pl\\\/pl\\\/blog\\\/inspirujace-ogrody-naszych-klientow-czesc-2-garaze-blaszane\\\/#breadcrumb\"},\"inLanguage\":\"pl-PL\",\"potentialAction\":[{\"@type\":\"ReadAction\",\"target\":[\"https:\\\/\\\/gardeon.pl\\\/pl\\\/blog\\\/inspirujace-ogrody-naszych-klientow-czesc-2-garaze-blaszane\\\/\"]}]},{\"@type\":\"ImageObject\",\"inLanguage\":\"pl-PL\",\"@id\":\"https:\\\/\\\/gardeon.pl\\\/pl\\\/blog\\\/inspirujace-ogrody-naszych-klientow-czesc-2-garaze-blaszane\\\/#primaryimage\",\"url\":\"https:\\\/\\\/gardeon.pl\\\/wp-content\\\/uploads\\\/2021\\\/11\\\/GARDEON-foto-od-zakaznikov-311.webp\",\"contentUrl\":\"https:\\\/\\\/gardeon.pl\\\/wp-content\\\/uploads\\\/2021\\\/11\\\/GARDEON-foto-od-zakaznikov-311.webp\",\"width\":1000,\"height\":750,\"caption\":\"Gara\u017c z wiat\u0105 i miejscem do siedzenia\"},{\"@type\":\"BreadcrumbList\",\"@id\":\"https:\\\/\\\/gardeon.pl\\\/pl\\\/blog\\\/inspirujace-ogrody-naszych-klientow-czesc-2-garaze-blaszane\\\/#breadcrumb\",\"itemListElement\":[{\"@type\":\"ListItem\",\"position\":1,\"name\":\"Domov\",\"item\":\"https:\\\/\\\/gardeon.pl\\\/pl\\\/\"},{\"@type\":\"ListItem\",\"position\":2,\"name\":\"Inspiruj\u0105ce ogrody naszych klient\u00f3w (cz\u0119\u015b\u0107 2) \u2013 gara\u017ce blaszane\"}]},{\"@type\":\"WebSite\",\"@id\":\"https:\\\/\\\/gardeon.pl\\\/#website\",\"url\":\"https:\\\/\\\/gardeon.pl\\\/\",\"name\":\"GARDEON\",\"description\":\"\",\"potentialAction\":[{\"@type\":\"SearchAction\",\"target\":{\"@type\":\"EntryPoint\",\"urlTemplate\":\"https:\\\/\\\/gardeon.pl\\\/?s={search_term_string}\"},\"query-input\":{\"@type\":\"PropertyValueSpecification\",\"valueRequired\":true,\"valueName\":\"search_term_string\"}}],\"inLanguage\":\"pl-PL\"},{\"@type\":\"Person\",\"@id\":\"https:\\\/\\\/gardeon.pl\\\/#\\\/schema\\\/person\\\/a5762ca5f0790bf92774af0899379463\",\"name\":\"editor\",\"image\":{\"@type\":\"ImageObject\",\"inLanguage\":\"pl-PL\",\"@id\":\"https:\\\/\\\/secure.gravatar.com\\\/avatar\\\/2b748151c2c748327307fd289a91b3bdafdd9e64e2d000e65e53d6dcf11c5830?s=96&d=mm&r=g\",\"url\":\"https:\\\/\\\/secure.gravatar.com\\\/avatar\\\/2b748151c2c748327307fd289a91b3bdafdd9e64e2d000e65e53d6dcf11c5830?s=96&d=mm&r=g\",\"contentUrl\":\"https:\\\/\\\/secure.gravatar.com\\\/avatar\\\/2b748151c2c748327307fd289a91b3bdafdd9e64e2d000e65e53d6dcf11c5830?s=96&d=mm&r=g\",\"caption\":\"editor\"}}]}<\/script>\n<!-- \/ Yoast SEO plugin. -->","yoast_head_json":{"title":"Inspiruj\u0105ce ogrody naszych klient\u00f3w (cz\u0119\u015b\u0107 2) \u2013 gara\u017ce | GARDEON","robots":{"index":"index","follow":"follow","max-snippet":"max-snippet:-1","max-image-preview":"max-image-preview:large","max-video-preview":"max-video-preview:-1"},"canonical":"https:\/\/gardeon.pl\/pl\/blog\/inspirujace-ogrody-naszych-klientow-czesc-2-garaze-blaszane\/","og_locale":"pl_PL","og_type":"article","og_title":"Inspiruj\u0105ce ogrody naszych klient\u00f3w (cz\u0119\u015b\u0107 2) \u2013 gara\u017ce | GARDEON","og_description":"W drugiej cz\u0119\u015bci naszej serii przyjrzymy si\u0119 gara\u017com naszych klient\u00f3w. Gara\u017c modu\u0142owy pomie\u015bci samoch\u00f3d, czasem nawet wi\u0119cej ni\u017c jeden, ale tak\u017ce opony sezonowe, narz\u0119dzia elektryczne i ogrodowe, st\u00f3\u0142 warsztatowy, drabin\u0119, stare \u0142aty, od\u0142o\u017con\u0105 odzie\u017c, konserwy, wody mineralne i milion innych rzeczy. Jak dostosowali\u015bmy gara\u017ce do \u017cycze\u0144 naszych klient\u00f3w? Zapraszamy do zajrzenia z nami do ich [&hellip;]","og_url":"https:\/\/gardeon.pl\/pl\/blog\/inspirujace-ogrody-naszych-klientow-czesc-2-garaze-blaszane\/","og_site_name":"GARDEON","article_published_time":"2026-04-23T15:42:31+00:00","article_modified_time":"2026-04-23T16:44:25+00:00","og_image":[{"width":1000,"height":750,"url":"http:\/\/gardeon.pl\/wp-content\/uploads\/2021\/11\/GARDEON-foto-od-zakaznikov-311.webp","type":"image\/webp"}],"author":"editor","twitter_card":"summary_large_image","twitter_misc":{"Napisane przez":"editor"},"schema":{"@context":"https:\/\/schema.org","@graph":[{"@type":"Article","@id":"https:\/\/gardeon.pl\/pl\/blog\/inspirujace-ogrody-naszych-klientow-czesc-2-garaze-blaszane\/#article","isPartOf":{"@id":"https:\/\/gardeon.pl\/pl\/blog\/inspirujace-ogrody-naszych-klientow-czesc-2-garaze-blaszane\/"},"author":{"name":"editor","@id":"https:\/\/gardeon.pl\/#\/schema\/person\/a5762ca5f0790bf92774af0899379463"},"headline":"Inspiruj\u0105ce ogrody naszych klient\u00f3w (cz\u0119\u015b\u0107 2) \u2013 gara\u017ce blaszane","datePublished":"2026-04-23T15:42:31+00:00","dateModified":"2026-04-23T16:44:25+00:00","mainEntityOfPage":{"@id":"https:\/\/gardeon.pl\/pl\/blog\/inspirujace-ogrody-naszych-klientow-czesc-2-garaze-blaszane\/"},"wordCount":81,"commentCount":0,"image":{"@id":"https:\/\/gardeon.pl\/pl\/blog\/inspirujace-ogrody-naszych-klientow-czesc-2-garaze-blaszane\/#primaryimage"},"thumbnailUrl":"https:\/\/gardeon.pl\/wp-content\/uploads\/2021\/11\/GARDEON-foto-od-zakaznikov-311.webp","keywords":["gara\u017c","gara\u017c montowany","gara\u017c z wiat\u0105","gara\u017ce","gara\u017ce modu\u0142owe","GARDEON"],"articleSection":["Gara\u017ce blaszane","Inspiracje"],"inLanguage":"pl-PL","potentialAction":[{"@type":"CommentAction","name":"Comment","target":["https:\/\/gardeon.pl\/pl\/blog\/inspirujace-ogrody-naszych-klientow-czesc-2-garaze-blaszane\/#respond"]}]},{"@type":"WebPage","@id":"https:\/\/gardeon.pl\/pl\/blog\/inspirujace-ogrody-naszych-klientow-czesc-2-garaze-blaszane\/","url":"https:\/\/gardeon.pl\/pl\/blog\/inspirujace-ogrody-naszych-klientow-czesc-2-garaze-blaszane\/","name":"Inspiruj\u0105ce ogrody naszych klient\u00f3w (cz\u0119\u015b\u0107 2) \u2013 gara\u017ce | GARDEON","isPartOf":{"@id":"https:\/\/gardeon.pl\/#website"},"primaryImageOfPage":{"@id":"https:\/\/gardeon.pl\/pl\/blog\/inspirujace-ogrody-naszych-klientow-czesc-2-garaze-blaszane\/#primaryimage"},"image":{"@id":"https:\/\/gardeon.pl\/pl\/blog\/inspirujace-ogrody-naszych-klientow-czesc-2-garaze-blaszane\/#primaryimage"},"thumbnailUrl":"https:\/\/gardeon.pl\/wp-content\/uploads\/2021\/11\/GARDEON-foto-od-zakaznikov-311.webp","datePublished":"2026-04-23T15:42:31+00:00","dateModified":"2026-04-23T16:44:25+00:00","author":{"@id":"https:\/\/gardeon.pl\/#\/schema\/person\/a5762ca5f0790bf92774af0899379463"},"breadcrumb":{"@id":"https:\/\/gardeon.pl\/pl\/blog\/inspirujace-ogrody-naszych-klientow-czesc-2-garaze-blaszane\/#breadcrumb"},"inLanguage":"pl-PL","potentialAction":[{"@type":"ReadAction","target":["https:\/\/gardeon.pl\/pl\/blog\/inspirujace-ogrody-naszych-klientow-czesc-2-garaze-blaszane\/"]}]},{"@type":"ImageObject","inLanguage":"pl-PL","@id":"https:\/\/gardeon.pl\/pl\/blog\/inspirujace-ogrody-naszych-klientow-czesc-2-garaze-blaszane\/#primaryimage","url":"https:\/\/gardeon.pl\/wp-content\/uploads\/2021\/11\/GARDEON-foto-od-zakaznikov-311.webp","contentUrl":"https:\/\/gardeon.pl\/wp-content\/uploads\/2021\/11\/GARDEON-foto-od-zakaznikov-311.webp","width":1000,"height":750,"caption":"Gara\u017c z wiat\u0105 i miejscem do siedzenia"},{"@type":"BreadcrumbList","@id":"https:\/\/gardeon.pl\/pl\/blog\/inspirujace-ogrody-naszych-klientow-czesc-2-garaze-blaszane\/#breadcrumb","itemListElement":[{"@type":"ListItem","position":1,"name":"Domov","item":"https:\/\/gardeon.pl\/pl\/"},{"@type":"ListItem","position":2,"name":"Inspiruj\u0105ce ogrody naszych klient\u00f3w (cz\u0119\u015b\u0107 2) \u2013 gara\u017ce blaszane"}]},{"@type":"WebSite","@id":"https:\/\/gardeon.pl\/#website","url":"https:\/\/gardeon.pl\/","name":"GARDEON","description":"","potentialAction":[{"@type":"SearchAction","target":{"@type":"EntryPoint","urlTemplate":"https:\/\/gardeon.pl\/?s={search_term_string}"},"query-input":{"@type":"PropertyValueSpecification","valueRequired":true,"valueName":"search_term_string"}}],"inLanguage":"pl-PL"},{"@type":"Person","@id":"https:\/\/gardeon.pl\/#\/schema\/person\/a5762ca5f0790bf92774af0899379463","name":"editor","image":{"@type":"ImageObject","inLanguage":"pl-PL","@id":"https:\/\/secure.gravatar.com\/avatar\/2b748151c2c748327307fd289a91b3bdafdd9e64e2d000e65e53d6dcf11c5830?s=96&d=mm&r=g","url":"https:\/\/secure.gravatar.com\/avatar\/2b748151c2c748327307fd289a91b3bdafdd9e64e2d000e65e53d6dcf11c5830?s=96&d=mm&r=g","contentUrl":"https:\/\/secure.gravatar.com\/avatar\/2b748151c2c748327307fd289a91b3bdafdd9e64e2d000e65e53d6dcf11c5830?s=96&d=mm&r=g","caption":"editor"}}]}},"_links":{"self":[{"href":"https:\/\/gardeon.pl\/pl\/wp-json\/wp\/v2\/posts\/48011","targetHints":{"allow":["GET"]}}],"collection":[{"href":"https:\/\/gardeon.pl\/pl\/wp-json\/wp\/v2\/posts"}],"about":[{"href":"https:\/\/gardeon.pl\/pl\/wp-json\/wp\/v2\/types\/post"}],"author":[{"embeddable":true,"href":"https:\/\/gardeon.pl\/pl\/wp-json\/wp\/v2\/users\/2"}],"replies":[{"embeddable":true,"href":"https:\/\/gardeon.pl\/pl\/wp-json\/wp\/v2\/comments?post=48011"}],"version-history":[{"count":0,"href":"https:\/\/gardeon.pl\/pl\/wp-json\/wp\/v2\/posts\/48011\/revisions"}],"wp:featuredmedia":[{"embeddable":true,"href":"https:\/\/gardeon.pl\/pl\/wp-json\/wp\/v2\/media\/48026"}],"wp:attachment":[{"href":"https:\/\/gardeon.pl\/pl\/wp-json\/wp\/v2\/media?parent=48011"}],"wp:term":[{"taxonomy":"category","embeddable":true,"href":"https:\/\/gardeon.pl\/pl\/wp-json\/wp\/v2\/categories?post=48011"},{"taxonomy":"post_tag","embeddable":true,"href":"https:\/\/gardeon.pl\/pl\/wp-json\/wp\/v2\/tags?post=48011"}],"curies":[{"name":"wp","href":"https:\/\/api.w.org\/{rel}","templated":true}]}}