{"id":48027,"date":"2026-04-23T17:42:32","date_gmt":"2026-04-23T15:42:32","guid":{"rendered":"https:\/\/gardeon.pl\/blog\/7-najciekawszych-garazy-ktore-zbudowalismy-w-2015-roku\/"},"modified":"2026-04-23T18:44:24","modified_gmt":"2026-04-23T16:44:24","slug":"7-najciekawszych-garazy-ktore-zbudowalismy-w-2015-roku","status":"publish","type":"post","link":"https:\/\/gardeon.pl\/pl\/blog\/7-najciekawszych-garazy-ktore-zbudowalismy-w-2015-roku\/","title":{"rendered":"7 najciekawszych gara\u017cy, kt\u00f3re zbudowali\u015bmy w 2015 roku"},"content":{"rendered":"<p><i><span style=\"font-weight: 400;\">Raz w roku zawsze siadamy i podsumowujemy to, co uda\u0142o nam si\u0119 osi\u0105gn\u0105\u0107. Nadszed\u0142 ten czas. Postanowili\u015bmy nawet pochwali\u0107 si\u0119 naszymi udanymi projektami. Dlatego przygotowali\u015bmy zestawienie siedmiu najpi\u0119kniejszych i najciekawszych gara\u017cy montowanych, kt\u00f3re zrealizowali\u015bmy w ubieg\u0142ym roku. Jeste\u015bmy bardzo zadowoleni, \u017ce mo\u017cemy zaprezentowa\u0107 gotowe gara\u017ce, z kt\u00f3rych ich w\u0142a\u015bciciele s\u0105 i przez d\u0142ugie lata b\u0119d\u0105 usatysfakcjonowani.    <\/span><\/i><\/p>\n<p><!--more--><\/p>\n","protected":false},"excerpt":{"rendered":"<p>Raz w roku zawsze siadamy i podsumowujemy to, co uda\u0142o nam si\u0119 osi\u0105gn\u0105\u0107. Nadszed\u0142 ten czas. Postanowili\u015bmy nawet pochwali\u0107 si\u0119 naszymi udanymi projektami. Dlatego przygotowali\u015bmy zestawienie siedmiu najpi\u0119kniejszych i najciekawszych gara\u017cy montowanych, kt\u00f3re zrealizowali\u015bmy w ubieg\u0142ym roku. Jeste\u015bmy bardzo zadowoleni, \u017ce mo\u017cemy zaprezentowa\u0107 gotowe gara\u017ce, z kt\u00f3rych ich w\u0142a\u015bciciele s\u0105 i przez d\u0142ugie lata b\u0119d\u0105 [&hellip;]<\/p>\n","protected":false},"author":2,"featured_media":48030,"comment_status":"open","ping_status":"open","sticky":false,"template":"","format":"standard","meta":{"_acf_changed":false,"inline_featured_image":false,"footnotes":""},"categories":[578],"tags":[581,588,927,651,579,639,602],"class_list":["post-48027","post","type-post","status-publish","format-standard","has-post-thumbnail","hentry","category-garaze-blaszane","tag-garaz","tag-garaz-montowany","tag-garaz-montowany-z-wiata","tag-garaz-z-wiata","tag-gardeon","tag-konstrukcja-prefabrykowana","tag-konstrukcje-modulowe"],"acf":[],"yoast_head":"<!-- This site is optimized with the Yoast SEO plugin v27.4 - https:\/\/yoast.com\/product\/yoast-seo-wordpress\/ -->\n<title>7 najciekawszych gara\u017cy, kt\u00f3re zbudowali\u015bmy w 2015 roku | GARDEON<\/title>\n<meta name=\"robots\" content=\"index, follow, max-snippet:-1, max-image-preview:large, max-video-preview:-1\" \/>\n<link rel=\"canonical\" href=\"https:\/\/gardeon.pl\/pl\/blog\/7-najciekawszych-garazy-ktore-zbudowalismy-w-2015-roku\/\" \/>\n<meta property=\"og:locale\" content=\"pl_PL\" \/>\n<meta property=\"og:type\" content=\"article\" \/>\n<meta property=\"og:title\" content=\"7 najciekawszych gara\u017cy, kt\u00f3re zbudowali\u015bmy w 2015 roku | GARDEON\" \/>\n<meta property=\"og:description\" content=\"Raz w roku zawsze siadamy i podsumowujemy to, co uda\u0142o nam si\u0119 osi\u0105gn\u0105\u0107. Nadszed\u0142 ten czas. Postanowili\u015bmy nawet pochwali\u0107 si\u0119 naszymi udanymi projektami. Dlatego przygotowali\u015bmy zestawienie siedmiu najpi\u0119kniejszych i najciekawszych gara\u017cy montowanych, kt\u00f3re zrealizowali\u015bmy w ubieg\u0142ym roku. Jeste\u015bmy bardzo zadowoleni, \u017ce mo\u017cemy zaprezentowa\u0107 gotowe gara\u017ce, z kt\u00f3rych ich w\u0142a\u015bciciele s\u0105 i przez d\u0142ugie lata b\u0119d\u0105 [&hellip;]\" \/>\n<meta property=\"og:url\" content=\"https:\/\/gardeon.pl\/pl\/blog\/7-najciekawszych-garazy-ktore-zbudowalismy-w-2015-roku\/\" \/>\n<meta property=\"og:site_name\" content=\"GARDEON\" \/>\n<meta property=\"article:published_time\" content=\"2026-04-23T15:42:32+00:00\" \/>\n<meta property=\"article:modified_time\" content=\"2026-04-23T16:44:24+00:00\" \/>\n<meta property=\"og:image\" content=\"http:\/\/gardeon.pl\/wp-content\/uploads\/2016\/03\/7-scaled.jpg\" \/>\n\t<meta property=\"og:image:width\" content=\"2560\" \/>\n\t<meta property=\"og:image:height\" content=\"983\" \/>\n\t<meta property=\"og:image:type\" content=\"image\/jpeg\" \/>\n<meta name=\"author\" content=\"editor\" \/>\n<meta name=\"twitter:card\" content=\"summary_large_image\" \/>\n<meta name=\"twitter:label1\" content=\"Napisane przez\" \/>\n\t<meta name=\"twitter:data1\" content=\"editor\" \/>\n<script type=\"application\/ld+json\" class=\"yoast-schema-graph\">{\"@context\":\"https:\\\/\\\/schema.org\",\"@graph\":[{\"@type\":\"Article\",\"@id\":\"https:\\\/\\\/gardeon.pl\\\/pl\\\/blog\\\/7-najciekawszych-garazy-ktore-zbudowalismy-w-2015-roku\\\/#article\",\"isPartOf\":{\"@id\":\"https:\\\/\\\/gardeon.pl\\\/pl\\\/blog\\\/7-najciekawszych-garazy-ktore-zbudowalismy-w-2015-roku\\\/\"},\"author\":{\"name\":\"editor\",\"@id\":\"https:\\\/\\\/gardeon.pl\\\/#\\\/schema\\\/person\\\/a5762ca5f0790bf92774af0899379463\"},\"headline\":\"7 najciekawszych gara\u017cy, kt\u00f3re zbudowali\u015bmy w 2015 roku\",\"datePublished\":\"2026-04-23T15:42:32+00:00\",\"dateModified\":\"2026-04-23T16:44:24+00:00\",\"mainEntityOfPage\":{\"@id\":\"https:\\\/\\\/gardeon.pl\\\/pl\\\/blog\\\/7-najciekawszych-garazy-ktore-zbudowalismy-w-2015-roku\\\/\"},\"wordCount\":82,\"commentCount\":0,\"image\":{\"@id\":\"https:\\\/\\\/gardeon.pl\\\/pl\\\/blog\\\/7-najciekawszych-garazy-ktore-zbudowalismy-w-2015-roku\\\/#primaryimage\"},\"thumbnailUrl\":\"https:\\\/\\\/gardeon.pl\\\/wp-content\\\/uploads\\\/2016\\\/03\\\/7-scaled.jpg\",\"keywords\":[\"gara\u017c\",\"gara\u017c montowany\",\"gara\u017c montowany z wiat\u0105\",\"gara\u017c z wiat\u0105\",\"GARDEON\",\"konstrukcja prefabrykowana\",\"konstrukcje modu\u0142owe\"],\"articleSection\":[\"Gara\u017ce blaszane\"],\"inLanguage\":\"pl-PL\",\"potentialAction\":[{\"@type\":\"CommentAction\",\"name\":\"Comment\",\"target\":[\"https:\\\/\\\/gardeon.pl\\\/pl\\\/blog\\\/7-najciekawszych-garazy-ktore-zbudowalismy-w-2015-roku\\\/#respond\"]}]},{\"@type\":\"WebPage\",\"@id\":\"https:\\\/\\\/gardeon.pl\\\/pl\\\/blog\\\/7-najciekawszych-garazy-ktore-zbudowalismy-w-2015-roku\\\/\",\"url\":\"https:\\\/\\\/gardeon.pl\\\/pl\\\/blog\\\/7-najciekawszych-garazy-ktore-zbudowalismy-w-2015-roku\\\/\",\"name\":\"7 najciekawszych gara\u017cy, kt\u00f3re zbudowali\u015bmy w 2015 roku | GARDEON\",\"isPartOf\":{\"@id\":\"https:\\\/\\\/gardeon.pl\\\/#website\"},\"primaryImageOfPage\":{\"@id\":\"https:\\\/\\\/gardeon.pl\\\/pl\\\/blog\\\/7-najciekawszych-garazy-ktore-zbudowalismy-w-2015-roku\\\/#primaryimage\"},\"image\":{\"@id\":\"https:\\\/\\\/gardeon.pl\\\/pl\\\/blog\\\/7-najciekawszych-garazy-ktore-zbudowalismy-w-2015-roku\\\/#primaryimage\"},\"thumbnailUrl\":\"https:\\\/\\\/gardeon.pl\\\/wp-content\\\/uploads\\\/2016\\\/03\\\/7-scaled.jpg\",\"datePublished\":\"2026-04-23T15:42:32+00:00\",\"dateModified\":\"2026-04-23T16:44:24+00:00\",\"author\":{\"@id\":\"https:\\\/\\\/gardeon.pl\\\/#\\\/schema\\\/person\\\/a5762ca5f0790bf92774af0899379463\"},\"breadcrumb\":{\"@id\":\"https:\\\/\\\/gardeon.pl\\\/pl\\\/blog\\\/7-najciekawszych-garazy-ktore-zbudowalismy-w-2015-roku\\\/#breadcrumb\"},\"inLanguage\":\"pl-PL\",\"potentialAction\":[{\"@type\":\"ReadAction\",\"target\":[\"https:\\\/\\\/gardeon.pl\\\/pl\\\/blog\\\/7-najciekawszych-garazy-ktore-zbudowalismy-w-2015-roku\\\/\"]}]},{\"@type\":\"ImageObject\",\"inLanguage\":\"pl-PL\",\"@id\":\"https:\\\/\\\/gardeon.pl\\\/pl\\\/blog\\\/7-najciekawszych-garazy-ktore-zbudowalismy-w-2015-roku\\\/#primaryimage\",\"url\":\"https:\\\/\\\/gardeon.pl\\\/wp-content\\\/uploads\\\/2016\\\/03\\\/7-scaled.jpg\",\"contentUrl\":\"https:\\\/\\\/gardeon.pl\\\/wp-content\\\/uploads\\\/2016\\\/03\\\/7-scaled.jpg\",\"width\":2560,\"height\":983,\"caption\":\"7 zalet gara\u017cy montowanych\"},{\"@type\":\"BreadcrumbList\",\"@id\":\"https:\\\/\\\/gardeon.pl\\\/pl\\\/blog\\\/7-najciekawszych-garazy-ktore-zbudowalismy-w-2015-roku\\\/#breadcrumb\",\"itemListElement\":[{\"@type\":\"ListItem\",\"position\":1,\"name\":\"Domov\",\"item\":\"https:\\\/\\\/gardeon.pl\\\/pl\\\/\"},{\"@type\":\"ListItem\",\"position\":2,\"name\":\"7 najciekawszych gara\u017cy, kt\u00f3re zbudowali\u015bmy w 2015 roku\"}]},{\"@type\":\"WebSite\",\"@id\":\"https:\\\/\\\/gardeon.pl\\\/#website\",\"url\":\"https:\\\/\\\/gardeon.pl\\\/\",\"name\":\"GARDEON\",\"description\":\"\",\"potentialAction\":[{\"@type\":\"SearchAction\",\"target\":{\"@type\":\"EntryPoint\",\"urlTemplate\":\"https:\\\/\\\/gardeon.pl\\\/?s={search_term_string}\"},\"query-input\":{\"@type\":\"PropertyValueSpecification\",\"valueRequired\":true,\"valueName\":\"search_term_string\"}}],\"inLanguage\":\"pl-PL\"},{\"@type\":\"Person\",\"@id\":\"https:\\\/\\\/gardeon.pl\\\/#\\\/schema\\\/person\\\/a5762ca5f0790bf92774af0899379463\",\"name\":\"editor\",\"image\":{\"@type\":\"ImageObject\",\"inLanguage\":\"pl-PL\",\"@id\":\"https:\\\/\\\/secure.gravatar.com\\\/avatar\\\/2b748151c2c748327307fd289a91b3bdafdd9e64e2d000e65e53d6dcf11c5830?s=96&d=mm&r=g\",\"url\":\"https:\\\/\\\/secure.gravatar.com\\\/avatar\\\/2b748151c2c748327307fd289a91b3bdafdd9e64e2d000e65e53d6dcf11c5830?s=96&d=mm&r=g\",\"contentUrl\":\"https:\\\/\\\/secure.gravatar.com\\\/avatar\\\/2b748151c2c748327307fd289a91b3bdafdd9e64e2d000e65e53d6dcf11c5830?s=96&d=mm&r=g\",\"caption\":\"editor\"}}]}<\/script>\n<!-- \/ Yoast SEO plugin. -->","yoast_head_json":{"title":"7 najciekawszych gara\u017cy, kt\u00f3re zbudowali\u015bmy w 2015 roku | GARDEON","robots":{"index":"index","follow":"follow","max-snippet":"max-snippet:-1","max-image-preview":"max-image-preview:large","max-video-preview":"max-video-preview:-1"},"canonical":"https:\/\/gardeon.pl\/pl\/blog\/7-najciekawszych-garazy-ktore-zbudowalismy-w-2015-roku\/","og_locale":"pl_PL","og_type":"article","og_title":"7 najciekawszych gara\u017cy, kt\u00f3re zbudowali\u015bmy w 2015 roku | GARDEON","og_description":"Raz w roku zawsze siadamy i podsumowujemy to, co uda\u0142o nam si\u0119 osi\u0105gn\u0105\u0107. Nadszed\u0142 ten czas. Postanowili\u015bmy nawet pochwali\u0107 si\u0119 naszymi udanymi projektami. Dlatego przygotowali\u015bmy zestawienie siedmiu najpi\u0119kniejszych i najciekawszych gara\u017cy montowanych, kt\u00f3re zrealizowali\u015bmy w ubieg\u0142ym roku. Jeste\u015bmy bardzo zadowoleni, \u017ce mo\u017cemy zaprezentowa\u0107 gotowe gara\u017ce, z kt\u00f3rych ich w\u0142a\u015bciciele s\u0105 i przez d\u0142ugie lata b\u0119d\u0105 [&hellip;]","og_url":"https:\/\/gardeon.pl\/pl\/blog\/7-najciekawszych-garazy-ktore-zbudowalismy-w-2015-roku\/","og_site_name":"GARDEON","article_published_time":"2026-04-23T15:42:32+00:00","article_modified_time":"2026-04-23T16:44:24+00:00","og_image":[{"width":2560,"height":983,"url":"http:\/\/gardeon.pl\/wp-content\/uploads\/2016\/03\/7-scaled.jpg","type":"image\/jpeg"}],"author":"editor","twitter_card":"summary_large_image","twitter_misc":{"Napisane przez":"editor"},"schema":{"@context":"https:\/\/schema.org","@graph":[{"@type":"Article","@id":"https:\/\/gardeon.pl\/pl\/blog\/7-najciekawszych-garazy-ktore-zbudowalismy-w-2015-roku\/#article","isPartOf":{"@id":"https:\/\/gardeon.pl\/pl\/blog\/7-najciekawszych-garazy-ktore-zbudowalismy-w-2015-roku\/"},"author":{"name":"editor","@id":"https:\/\/gardeon.pl\/#\/schema\/person\/a5762ca5f0790bf92774af0899379463"},"headline":"7 najciekawszych gara\u017cy, kt\u00f3re zbudowali\u015bmy w 2015 roku","datePublished":"2026-04-23T15:42:32+00:00","dateModified":"2026-04-23T16:44:24+00:00","mainEntityOfPage":{"@id":"https:\/\/gardeon.pl\/pl\/blog\/7-najciekawszych-garazy-ktore-zbudowalismy-w-2015-roku\/"},"wordCount":82,"commentCount":0,"image":{"@id":"https:\/\/gardeon.pl\/pl\/blog\/7-najciekawszych-garazy-ktore-zbudowalismy-w-2015-roku\/#primaryimage"},"thumbnailUrl":"https:\/\/gardeon.pl\/wp-content\/uploads\/2016\/03\/7-scaled.jpg","keywords":["gara\u017c","gara\u017c montowany","gara\u017c montowany z wiat\u0105","gara\u017c z wiat\u0105","GARDEON","konstrukcja prefabrykowana","konstrukcje modu\u0142owe"],"articleSection":["Gara\u017ce blaszane"],"inLanguage":"pl-PL","potentialAction":[{"@type":"CommentAction","name":"Comment","target":["https:\/\/gardeon.pl\/pl\/blog\/7-najciekawszych-garazy-ktore-zbudowalismy-w-2015-roku\/#respond"]}]},{"@type":"WebPage","@id":"https:\/\/gardeon.pl\/pl\/blog\/7-najciekawszych-garazy-ktore-zbudowalismy-w-2015-roku\/","url":"https:\/\/gardeon.pl\/pl\/blog\/7-najciekawszych-garazy-ktore-zbudowalismy-w-2015-roku\/","name":"7 najciekawszych gara\u017cy, kt\u00f3re zbudowali\u015bmy w 2015 roku | GARDEON","isPartOf":{"@id":"https:\/\/gardeon.pl\/#website"},"primaryImageOfPage":{"@id":"https:\/\/gardeon.pl\/pl\/blog\/7-najciekawszych-garazy-ktore-zbudowalismy-w-2015-roku\/#primaryimage"},"image":{"@id":"https:\/\/gardeon.pl\/pl\/blog\/7-najciekawszych-garazy-ktore-zbudowalismy-w-2015-roku\/#primaryimage"},"thumbnailUrl":"https:\/\/gardeon.pl\/wp-content\/uploads\/2016\/03\/7-scaled.jpg","datePublished":"2026-04-23T15:42:32+00:00","dateModified":"2026-04-23T16:44:24+00:00","author":{"@id":"https:\/\/gardeon.pl\/#\/schema\/person\/a5762ca5f0790bf92774af0899379463"},"breadcrumb":{"@id":"https:\/\/gardeon.pl\/pl\/blog\/7-najciekawszych-garazy-ktore-zbudowalismy-w-2015-roku\/#breadcrumb"},"inLanguage":"pl-PL","potentialAction":[{"@type":"ReadAction","target":["https:\/\/gardeon.pl\/pl\/blog\/7-najciekawszych-garazy-ktore-zbudowalismy-w-2015-roku\/"]}]},{"@type":"ImageObject","inLanguage":"pl-PL","@id":"https:\/\/gardeon.pl\/pl\/blog\/7-najciekawszych-garazy-ktore-zbudowalismy-w-2015-roku\/#primaryimage","url":"https:\/\/gardeon.pl\/wp-content\/uploads\/2016\/03\/7-scaled.jpg","contentUrl":"https:\/\/gardeon.pl\/wp-content\/uploads\/2016\/03\/7-scaled.jpg","width":2560,"height":983,"caption":"7 zalet gara\u017cy montowanych"},{"@type":"BreadcrumbList","@id":"https:\/\/gardeon.pl\/pl\/blog\/7-najciekawszych-garazy-ktore-zbudowalismy-w-2015-roku\/#breadcrumb","itemListElement":[{"@type":"ListItem","position":1,"name":"Domov","item":"https:\/\/gardeon.pl\/pl\/"},{"@type":"ListItem","position":2,"name":"7 najciekawszych gara\u017cy, kt\u00f3re zbudowali\u015bmy w 2015 roku"}]},{"@type":"WebSite","@id":"https:\/\/gardeon.pl\/#website","url":"https:\/\/gardeon.pl\/","name":"GARDEON","description":"","potentialAction":[{"@type":"SearchAction","target":{"@type":"EntryPoint","urlTemplate":"https:\/\/gardeon.pl\/?s={search_term_string}"},"query-input":{"@type":"PropertyValueSpecification","valueRequired":true,"valueName":"search_term_string"}}],"inLanguage":"pl-PL"},{"@type":"Person","@id":"https:\/\/gardeon.pl\/#\/schema\/person\/a5762ca5f0790bf92774af0899379463","name":"editor","image":{"@type":"ImageObject","inLanguage":"pl-PL","@id":"https:\/\/secure.gravatar.com\/avatar\/2b748151c2c748327307fd289a91b3bdafdd9e64e2d000e65e53d6dcf11c5830?s=96&d=mm&r=g","url":"https:\/\/secure.gravatar.com\/avatar\/2b748151c2c748327307fd289a91b3bdafdd9e64e2d000e65e53d6dcf11c5830?s=96&d=mm&r=g","contentUrl":"https:\/\/secure.gravatar.com\/avatar\/2b748151c2c748327307fd289a91b3bdafdd9e64e2d000e65e53d6dcf11c5830?s=96&d=mm&r=g","caption":"editor"}}]}},"_links":{"self":[{"href":"https:\/\/gardeon.pl\/pl\/wp-json\/wp\/v2\/posts\/48027","targetHints":{"allow":["GET"]}}],"collection":[{"href":"https:\/\/gardeon.pl\/pl\/wp-json\/wp\/v2\/posts"}],"about":[{"href":"https:\/\/gardeon.pl\/pl\/wp-json\/wp\/v2\/types\/post"}],"author":[{"embeddable":true,"href":"https:\/\/gardeon.pl\/pl\/wp-json\/wp\/v2\/users\/2"}],"replies":[{"embeddable":true,"href":"https:\/\/gardeon.pl\/pl\/wp-json\/wp\/v2\/comments?post=48027"}],"version-history":[{"count":0,"href":"https:\/\/gardeon.pl\/pl\/wp-json\/wp\/v2\/posts\/48027\/revisions"}],"wp:featuredmedia":[{"embeddable":true,"href":"https:\/\/gardeon.pl\/pl\/wp-json\/wp\/v2\/media\/48030"}],"wp:attachment":[{"href":"https:\/\/gardeon.pl\/pl\/wp-json\/wp\/v2\/media?parent=48027"}],"wp:term":[{"taxonomy":"category","embeddable":true,"href":"https:\/\/gardeon.pl\/pl\/wp-json\/wp\/v2\/categories?post=48027"},{"taxonomy":"post_tag","embeddable":true,"href":"https:\/\/gardeon.pl\/pl\/wp-json\/wp\/v2\/tags?post=48027"}],"curies":[{"name":"wp","href":"https:\/\/api.w.org\/{rel}","templated":true}]}}