{"id":48028,"date":"2026-04-23T17:42:32","date_gmt":"2026-04-23T15:42:32","guid":{"rendered":"https:\/\/gardeon.pl\/blog\/jaka-podloge-wybrac-do-garazu\/"},"modified":"2026-04-23T18:44:24","modified_gmt":"2026-04-23T16:44:24","slug":"jaka-podloge-wybrac-do-garazu","status":"publish","type":"post","link":"https:\/\/gardeon.pl\/pl\/blog\/jaka-podloge-wybrac-do-garazu\/","title":{"rendered":"Jak\u0105 pod\u0142og\u0119 wybra\u0107 do gara\u017cu?"},"content":{"rendered":"<p><i><span style=\"font-weight: 400;\">Nie odpowiada Pa\u0144stwu obecna pod\u0142oga w gara\u017cu? W takim przypadku mamy dla Pa\u0144stwa niejedno rozwi\u0105zanie. Mo\u017cna wybiera\u0107 spo\u015br\u00f3d pow\u0142ok, mat lub p\u0142ytek oraz ich r\u00f3\u017cnorodnych wariant\u00f3w. Pod\u0142\u00f3g oferowanych na rynku jest niezliczona ilo\u015b\u0107, jednak tylko kilka z nich odpowiada charakterowi i rzeczywistym potrzebom gara\u017cu.   <\/span><\/i><\/p>\n<p><!--more--><\/p>\n<p><i><span style=\"font-weight: 400;\">To w\u0142a\u015bnie w gara\u017cu pod\u0142oga jest nara\u017cona na d\u0142ugotrwa\u0142e obci\u0105\u017cenia, dzia\u0142anie wody czy wycieki p\u0142yn\u00f3w eksploatacyjnych, oleju, paliwa i innych chemikali\u00f3w, dlatego jej struktura powinna by\u0107 dostosowana tak, aby jej \u017cywotno\u015b\u0107 by\u0142a jak najd\u0142u\u017csza i aby nie powstawa\u0142y w niej r\u00f3\u017cnego rodzaju zapachy czy plamy.<\/span><\/i><\/p>\n<p><span style=\"font-weight: 400;\">Podstaw\u0105 ka\u017cdego rodzaju pod\u0142ogi jest jednak prawie zawsze wysokiej jako\u015bci, wyr\u00f3wnane i solidne <\/span><a href=\"https:\/\/gardeon.pl\/pl\/garaze\/co-mozemy-dla-panstwa-zrobic-2\/podloze-pod-garaz\/\"><span style=\"font-weight: 400;\">pod\u0142o\u017ce<\/span><\/a><span style=\"font-weight: 400;\">.<\/span><\/p>\n<h2>Pow\u0142oki<\/h2>\n<ul>\n<li style=\"font-weight: 400;\" aria-level=\"1\"><span style=\"font-weight: 400;\">Pow\u0142oki betonowe<\/span><\/li>\n<li style=\"font-weight: 400;\" aria-level=\"1\"><span style=\"font-weight: 400;\">Epoksydowe systemy pow\u0142okowe<\/span><\/li>\n<\/ul>\n<p><span style=\"font-weight: 400;\">To w\u0142a\u015bnie po pow\u0142oki pod\u0142ogowe si\u0119ga si\u0119 najcz\u0119\u015bciej, poniewa\u017c koszty renowacji pod\u0142ogi z ich pomoc\u0105 s\u0105 minimalne. Najwy\u017cszej jako\u015bci odmianami takich pow\u0142ok s\u0105 te na bazie \u017cywicy epoksydowej, a proces ich nak\u0142adania odbywa si\u0119 w nast\u0119puj\u0105cych trzech etapach. <\/span><\/p>\n<ol>\n<li style=\"font-weight: 400;\" aria-level=\"1\"><span style=\"font-weight: 400;\">Etap \u2013 kontrola i ewentualne wyr\u00f3wnanie pod\u0142o\u017ca lub szpachlowanie spoin<\/span><\/li>\n<li style=\"font-weight: 400;\" aria-level=\"1\"><span style=\"font-weight: 400;\">Etap \u2013 penetracja<\/span><\/li>\n<li style=\"font-weight: 400;\" aria-level=\"1\"><span style=\"font-weight: 400;\">Etap \u2013 na\u0142o\u017cenie ko\u0144cowej pow\u0142oki epoksydowej<\/span><\/li>\n<\/ol>\n<p><a href=\"http:\/\/gardeon.pl\/wp-content\/uploads\/2021\/02\/gardeon-blog-podlaha-v-garazi-3-rotated.jpg\"><img loading=\"lazy\" decoding=\"async\" class=\"aligncenter wp-image-31087\" src=\"http:\/\/gardeon.pl\/wp-content\/uploads\/2021\/02\/gardeon-blog-podlaha-v-garazi-3-rotated.jpg\" alt=\"Bia\u0142y samoch\u00f3d zaparkowany w gara\u017cu\" width=\"800\" height=\"450\" srcset=\"https:\/\/gardeon.pl\/wp-content\/uploads\/2021\/02\/gardeon-blog-podlaha-v-garazi-3-rotated.jpg 1920w, https:\/\/gardeon.pl\/wp-content\/uploads\/2021\/02\/gardeon-blog-podlaha-v-garazi-3-300x169.jpg 300w, https:\/\/gardeon.pl\/wp-content\/uploads\/2021\/02\/gardeon-blog-podlaha-v-garazi-3-1024x576.jpg 1024w, https:\/\/gardeon.pl\/wp-content\/uploads\/2021\/02\/gardeon-blog-podlaha-v-garazi-3-768x432.jpg 768w, https:\/\/gardeon.pl\/wp-content\/uploads\/2021\/02\/gardeon-blog-podlaha-v-garazi-3-1536x864.jpg 1536w\" sizes=\"auto, (max-width: 800px) 100vw, 800px\" \/><\/a><\/p>\n<p><img loading=\"lazy\" decoding=\"async\" class=\"aligncenter wp-image-31089\" src=\"http:\/\/gardeon.pl\/wp-content\/uploads\/2021\/02\/gardeon-blog-podlaha-v-garazi-2.jpg\" alt=\"Pod\u0142oga w gara\u017cu samochodowym\" width=\"800\" height=\"450\" srcset=\"https:\/\/gardeon.pl\/wp-content\/uploads\/2021\/02\/gardeon-blog-podlaha-v-garazi-2.jpg 1920w, https:\/\/gardeon.pl\/wp-content\/uploads\/2021\/02\/gardeon-blog-podlaha-v-garazi-2-300x169.jpg 300w, https:\/\/gardeon.pl\/wp-content\/uploads\/2021\/02\/gardeon-blog-podlaha-v-garazi-2-1024x576.jpg 1024w, https:\/\/gardeon.pl\/wp-content\/uploads\/2021\/02\/gardeon-blog-podlaha-v-garazi-2-768x432.jpg 768w, https:\/\/gardeon.pl\/wp-content\/uploads\/2021\/02\/gardeon-blog-podlaha-v-garazi-2-1536x864.jpg 1536w\" sizes=\"auto, (max-width: 800px) 100vw, 800px\" \/><\/p>\n<p><span style=\"font-weight: 400;\">Du\u017c\u0105 zalet\u0105 pow\u0142oki epoksydowej jest jej ko\u0144cowa b\u0142yszcz\u0105ca powierzchnia, jednolity wygl\u0105d oraz dost\u0119pno\u015b\u0107 r\u00f3\u017cnych wersji kolorystycznych lub mo\u017cliwo\u015b\u0107 dodania element\u00f3w dekoracyjnych, kt\u00f3rych efektem jest na przyk\u0142ad imitacja granitu. Przy wysokiej jako\u015bci wykonania pow\u0142oka wytrzymuje lata bez wi\u0119kszych problem\u00f3w. Wad\u0105 mo\u017ce wydawa\u0107 si\u0119 na przyk\u0142ad \u015blisko\u015b\u0107 pod\u0142ogi spowodowana b\u0142yszcz\u0105c\u0105 powierzchni\u0105, co mo\u017ce by\u0107 do\u015b\u0107 niebezpieczne.  <\/span><\/p>\n<h2>Maty<\/h2>\n<ul>\n<li style=\"font-weight: 400;\" aria-level=\"1\"><span style=\"font-weight: 400;\">Maty gumowe<\/span><\/li>\n<li style=\"font-weight: 400;\" aria-level=\"1\"><span style=\"font-weight: 400;\">Maty winylowe<\/span><\/li>\n<\/ul>\n<p><span style=\"font-weight: 400;\">Mata jako pod\u0142oga do <\/span><a href=\"https:\/\/gardeon.pl\/pl\/garaze\/\"><span style=\"font-weight: 400;\">gara\u017cu<\/span><\/a><span style=\"font-weight: 400;\"> to kolejne szybkie i tanie rozwi\u0105zanie pozwalaj\u0105ce na ulepszenie istniej\u0105cego pod\u0142o\u017ca. Nale\u017cy wymierzy\u0107 gara\u017c w m2, zam\u00f3wi\u0107 dany wymiar, a do domu zostanie dostarczona zrolowana mata, kt\u00f3r\u0105 nast\u0119pnie wystarczy po prostu po\u0142o\u017cy\u0107 na pierwotnym pod\u0142o\u017cu. Zalety w postaci szybkiej i bezproblemowej instalacji oraz braku konieczno\u015bci konserwacji s\u0105 \u0142atwe do uzasadnienia. Jakie s\u0105 jednak wady? W matach z czasem zaginaj\u0105 si\u0119 rogi i maj\u0105 one tendencj\u0119 do deformacji spowodowanej cz\u0119stym obci\u0105\u017ceniem.<\/span><\/p>\n<p><img loading=\"lazy\" decoding=\"async\" class=\"wp-image-31093 aligncenter\" src=\"http:\/\/gardeon.pl\/wp-content\/uploads\/2021\/02\/gardeon-blog-rohoze-do-garaze-scaled.jpg\" alt=\"Maty do gara\u017cu\" width=\"800\" height=\"539\" srcset=\"https:\/\/gardeon.pl\/wp-content\/uploads\/2021\/02\/gardeon-blog-rohoze-do-garaze-scaled.jpg 2560w, https:\/\/gardeon.pl\/wp-content\/uploads\/2021\/02\/gardeon-blog-rohoze-do-garaze-300x202.jpg 300w, https:\/\/gardeon.pl\/wp-content\/uploads\/2021\/02\/gardeon-blog-rohoze-do-garaze-1024x690.jpg 1024w, https:\/\/gardeon.pl\/wp-content\/uploads\/2021\/02\/gardeon-blog-rohoze-do-garaze-768x517.jpg 768w, https:\/\/gardeon.pl\/wp-content\/uploads\/2021\/02\/gardeon-blog-rohoze-do-garaze-1536x1035.jpg 1536w, https:\/\/gardeon.pl\/wp-content\/uploads\/2021\/02\/gardeon-blog-rohoze-do-garaze-2048x1380.jpg 2048w\" sizes=\"auto, (max-width: 800px) 100vw, 800px\" \/><\/p>\n<h3>P\u0142ytki<\/h3>\n<ul>\n<li style=\"font-weight: 400;\" aria-level=\"1\"><span style=\"font-weight: 400;\">P\u0142ytki ceramiczne<\/span><\/li>\n<li style=\"font-weight: 400;\" aria-level=\"1\"><span style=\"font-weight: 400;\">P\u0142ytki tarasowe<\/span><\/li>\n<li style=\"font-weight: 400;\" aria-level=\"1\"><span style=\"font-weight: 400;\">P\u0142ytki PVC<\/span><\/li>\n<\/ul>\n<p><span style=\"font-weight: 400;\">Je\u015bli chc\u0105 Pa\u0144stwo, aby pod\u0142oga w gara\u017cu wygl\u0105da\u0142a estetycznie i s\u0105 Pa\u0144stwo gotowi zainwestowa\u0107 wi\u0119ksz\u0105 kwot\u0119 pieni\u0119dzy, zdecydowanie warto si\u0119gn\u0105\u0107 po p\u0142ytki. W przypadku p\u0142ytek ceramicznych najlepiej szuka\u0107 mrozoodpornego gresu nieszkliwionego. Jest on trwa\u0142y, wytrzyma\u0142y mechanicznie i antypo\u015blizgowy. P\u0142ytki tarasowe s\u0105 przeznaczone do u\u017cytku zewn\u0119trznego, wi\u0119c s\u0105 przystosowane do czynnik\u00f3w atmosferycznych, co czyni je r\u00f3wnie\u017c idealnym rozwi\u0105zaniem do gara\u017cu. To, co natomiast nie jest idealne w przypadku p\u0142ytek ceramicznych i tarasowych, to ich znacznie trudniejszy monta\u017c oraz tendencja do powstawania ple\u015bni.    <\/span><\/p>\n<p><a href=\"http:\/\/gardeon.pl\/wp-content\/uploads\/2020\/11\/Dugovic-9.jpg\"><img loading=\"lazy\" decoding=\"async\" class=\"aligncenter wp-image-29394\" src=\"http:\/\/gardeon.pl\/wp-content\/uploads\/2020\/11\/Dugovic-9.jpg\" alt=\"Wn\u0119trze gara\u017cu ze sto\u0142em warsztatowym\" width=\"800\" height=\"600\" srcset=\"https:\/\/gardeon.pl\/wp-content\/uploads\/2020\/11\/Dugovic-9.jpg 1200w, https:\/\/gardeon.pl\/wp-content\/uploads\/2020\/11\/Dugovic-9-300x225.jpg 300w, https:\/\/gardeon.pl\/wp-content\/uploads\/2020\/11\/Dugovic-9-1024x768.jpg 1024w, https:\/\/gardeon.pl\/wp-content\/uploads\/2020\/11\/Dugovic-9-768x576.jpg 768w\" sizes=\"auto, (max-width: 800px) 100vw, 800px\" \/><\/a><\/p>\n<h3><b>P\u0142ytki PVC<\/b><\/h3>\n<p><span style=\"font-weight: 400;\">Podobnie jak w przypadku wielu innych asortyment\u00f3w, r\u00f3wnie\u017c p\u0142ytki przesz\u0142y wymagaj\u0105c\u0105 innowacj\u0119, aby zaspokoi\u0107 bardziej wyg\u00f3rowane potrzeby u\u017cytkownik\u00f3w. Wynikiem tych stara\u0144 jest szybka, nowoczesna pod\u0142oga modu\u0142owa do gara\u017cu, sk\u0142adaj\u0105ca si\u0119 w 100% z p\u0142ytek PVC. Ich oferta jest podzielona wed\u0142ug obci\u0105\u017cenia, kombinacji kolorystycznych i wzor\u00f3w, dzi\u0119ki czemu mo\u017cna wybiera\u0107 zgodnie z w\u0142asnym gustem i przeznaczeniem gara\u017cu. Specjalne \u201ezamki\u201d w poszczeg\u00f3lnych p\u0142ytkach zaz\u0119biaj\u0105 si\u0119 ze sob\u0105, co skutkuje ich trwa\u0142ym po\u0142\u0105czeniem i stworzeniem jednolitej powierzchni zapewniaj\u0105cej izolacj\u0119 termiczn\u0105 i akustyczn\u0105.   <\/span><\/p>\n<h3><b>Zalety p\u0142ytek PVC<\/b><\/h3>\n<ul>\n<li style=\"font-weight: 400;\" aria-level=\"1\"><span style=\"font-weight: 400;\">Wysoka odporno\u015b\u0107 na obci\u0105\u017cenia, oleje i kwasy<\/span><\/li>\n<li style=\"font-weight: 400;\" aria-level=\"1\"><span style=\"font-weight: 400;\">Nowoczesny wygl\u0105d<\/span><\/li>\n<li style=\"font-weight: 400;\" aria-level=\"1\"><span style=\"font-weight: 400;\">Wysoka antypo\u015blizgowo\u015b\u0107<\/span><\/li>\n<li style=\"font-weight: 400;\" aria-level=\"1\"><span style=\"font-weight: 400;\">Szybki i prosty monta\u017c<\/span><\/li>\n<li style=\"font-weight: 400;\" aria-level=\"1\"><span style=\"font-weight: 400;\">Specjalny system kana\u0142\u00f3w, kt\u00f3re pozwalaj\u0105 pod\u0142odze oddycha\u0107 i zapobiegaj\u0105 powstawaniu ple\u015bni, gniciu oraz nieprzyjemnym zapachom<\/span><\/li>\n<li style=\"font-weight: 400;\" aria-level=\"1\"><span style=\"font-weight: 400;\">\u0141atwa konserwacja za pomoc\u0105 mopa, wody i detergentu to jedyne, czego wymagaj\u0105<\/span><\/li>\n<li style=\"font-weight: 400;\" aria-level=\"1\"><span style=\"font-weight: 400;\">W przypadku uszkodzenia mo\u017cna wymieni\u0107 tylko jedn\u0105 p\u0142ytk\u0119<\/span><\/li>\n<\/ul>\n<h3><b>Wady p\u0142ytek PVC<\/b><\/h3>\n<ul>\n<li style=\"font-weight: 400;\" aria-level=\"1\"><span style=\"font-weight: 400;\">Cena zakupu<\/span><\/li>\n<li style=\"font-weight: 400;\" aria-level=\"1\"><span style=\"font-weight: 400;\">Nie s\u0105 zalecane do niezadaszonych przestrzeni zewn\u0119trznych<\/span><\/li>\n<\/ul>\n<p><img loading=\"lazy\" decoding=\"async\" class=\"size-full wp-image-27950 aligncenter\" src=\"http:\/\/gardeon.pl\/wp-content\/uploads\/2020\/09\/GARDEON-foto-od-zakaznikov-41.jpg\" alt=\"Wn\u0119trze magazynu modu\u0142owego\" width=\"800\" height=\"600\" srcset=\"https:\/\/gardeon.pl\/wp-content\/uploads\/2020\/09\/GARDEON-foto-od-zakaznikov-41.jpg 800w, https:\/\/gardeon.pl\/wp-content\/uploads\/2020\/09\/GARDEON-foto-od-zakaznikov-41-300x225.jpg 300w, https:\/\/gardeon.pl\/wp-content\/uploads\/2020\/09\/GARDEON-foto-od-zakaznikov-41-768x576.jpg 768w\" sizes=\"auto, (max-width: 800px) 100vw, 800px\" \/><\/p>\n<p><i><span style=\"font-weight: 400;\">\u201eChc\u0105 Pa\u0144stwo czu\u0107 si\u0119 w swoim gara\u017cu naprawd\u0119 dobrze? Prosz\u0119 zacz\u0105\u0107 od pod\u0142ogi.\u201d<\/span><\/i><\/p>\n<p>&nbsp;<\/p>\n<h5>\u0179r\u00f3d\u0142o:<\/h5>\n<h5>bank zdj\u0119\u0107 GARDEON<\/h5>\n<h5>klienci GARDEON<\/h5>\n<h5>www.odolnepodlahy.sk<\/h5>\n","protected":false},"excerpt":{"rendered":"<p>Nie odpowiada Pa\u0144stwu obecna pod\u0142oga w gara\u017cu? W takim przypadku mamy dla Pa\u0144stwa niejedno rozwi\u0105zanie. Mo\u017cna wybiera\u0107 spo\u015br\u00f3d pow\u0142ok, mat lub p\u0142ytek oraz ich r\u00f3\u017cnorodnych wariant\u00f3w. Pod\u0142\u00f3g oferowanych na rynku jest niezliczona ilo\u015b\u0107, jednak tylko kilka z nich odpowiada charakterowi i rzeczywistym potrzebom gara\u017cu.<\/p>\n","protected":false},"author":2,"featured_media":47220,"comment_status":"open","ping_status":"open","sticky":false,"template":"","format":"standard","meta":{"_acf_changed":false,"inline_featured_image":false,"footnotes":""},"categories":[578,618],"tags":[],"class_list":["post-48028","post","type-post","status-publish","format-standard","has-post-thumbnail","hentry","category-garaze-blaszane","category-konserwacja-i-pielegnacja"],"acf":[],"yoast_head":"<!-- This site is optimized with the Yoast SEO plugin v27.4 - https:\/\/yoast.com\/product\/yoast-seo-wordpress\/ -->\n<title>Jak\u0105 pod\u0142og\u0119 wybra\u0107 do gara\u017cu? | GARDEON<\/title>\n<meta name=\"description\" content=\"Pod\u0142\u00f3g oferowanych na rynku jest niezliczona ilo\u015b\u0107, jednak tylko kilka z nich odpowiada charakterowi i rzeczywistym potrzebom gara\u017cu.\" \/>\n<meta name=\"robots\" content=\"index, follow, max-snippet:-1, max-image-preview:large, max-video-preview:-1\" \/>\n<link rel=\"canonical\" href=\"https:\/\/gardeon.pl\/pl\/blog\/jaka-podloge-wybrac-do-garazu\/\" \/>\n<meta property=\"og:locale\" content=\"pl_PL\" \/>\n<meta property=\"og:type\" content=\"article\" \/>\n<meta property=\"og:title\" content=\"Jak\u0105 pod\u0142og\u0119 wybra\u0107 do gara\u017cu? | GARDEON\" \/>\n<meta property=\"og:description\" content=\"Pod\u0142\u00f3g oferowanych na rynku jest niezliczona ilo\u015b\u0107, jednak tylko kilka z nich odpowiada charakterowi i rzeczywistym potrzebom gara\u017cu.\" \/>\n<meta property=\"og:url\" content=\"https:\/\/gardeon.pl\/pl\/blog\/jaka-podloge-wybrac-do-garazu\/\" \/>\n<meta property=\"og:site_name\" content=\"GARDEON\" \/>\n<meta property=\"article:published_time\" content=\"2026-04-23T15:42:32+00:00\" \/>\n<meta property=\"article:modified_time\" content=\"2026-04-23T16:44:24+00:00\" \/>\n<meta property=\"og:image\" content=\"http:\/\/gardeon.pl\/wp-content\/uploads\/2020\/10\/GARDEON-x-Vostinar-31.jpg\" \/>\n\t<meta property=\"og:image:width\" content=\"2048\" \/>\n\t<meta property=\"og:image:height\" content=\"1363\" \/>\n\t<meta property=\"og:image:type\" content=\"image\/jpeg\" \/>\n<meta name=\"author\" content=\"editor\" \/>\n<meta name=\"twitter:card\" content=\"summary_large_image\" \/>\n<meta name=\"twitter:label1\" content=\"Napisane przez\" \/>\n\t<meta name=\"twitter:data1\" content=\"editor\" \/>\n\t<meta name=\"twitter:label2\" content=\"Szacowany czas czytania\" \/>\n\t<meta name=\"twitter:data2\" content=\"4 minuty\" \/>\n<script type=\"application\/ld+json\" class=\"yoast-schema-graph\">{\"@context\":\"https:\\\/\\\/schema.org\",\"@graph\":[{\"@type\":\"Article\",\"@id\":\"https:\\\/\\\/gardeon.pl\\\/pl\\\/blog\\\/jaka-podloge-wybrac-do-garazu\\\/#article\",\"isPartOf\":{\"@id\":\"https:\\\/\\\/gardeon.pl\\\/pl\\\/blog\\\/jaka-podloge-wybrac-do-garazu\\\/\"},\"author\":{\"name\":\"editor\",\"@id\":\"https:\\\/\\\/gardeon.pl\\\/#\\\/schema\\\/person\\\/a5762ca5f0790bf92774af0899379463\"},\"headline\":\"Jak\u0105 pod\u0142og\u0119 wybra\u0107 do gara\u017cu?\",\"datePublished\":\"2026-04-23T15:42:32+00:00\",\"dateModified\":\"2026-04-23T16:44:24+00:00\",\"mainEntityOfPage\":{\"@id\":\"https:\\\/\\\/gardeon.pl\\\/pl\\\/blog\\\/jaka-podloge-wybrac-do-garazu\\\/\"},\"wordCount\":733,\"commentCount\":0,\"image\":{\"@id\":\"https:\\\/\\\/gardeon.pl\\\/pl\\\/blog\\\/jaka-podloge-wybrac-do-garazu\\\/#primaryimage\"},\"thumbnailUrl\":\"https:\\\/\\\/gardeon.pl\\\/wp-content\\\/uploads\\\/2020\\\/10\\\/GARDEON-x-Vostinar-31.jpg\",\"articleSection\":[\"Gara\u017ce blaszane\",\"Konserwacja i piel\u0119gnacja\"],\"inLanguage\":\"pl-PL\",\"potentialAction\":[{\"@type\":\"CommentAction\",\"name\":\"Comment\",\"target\":[\"https:\\\/\\\/gardeon.pl\\\/pl\\\/blog\\\/jaka-podloge-wybrac-do-garazu\\\/#respond\"]}]},{\"@type\":\"WebPage\",\"@id\":\"https:\\\/\\\/gardeon.pl\\\/pl\\\/blog\\\/jaka-podloge-wybrac-do-garazu\\\/\",\"url\":\"https:\\\/\\\/gardeon.pl\\\/pl\\\/blog\\\/jaka-podloge-wybrac-do-garazu\\\/\",\"name\":\"Jak\u0105 pod\u0142og\u0119 wybra\u0107 do gara\u017cu? | GARDEON\",\"isPartOf\":{\"@id\":\"https:\\\/\\\/gardeon.pl\\\/#website\"},\"primaryImageOfPage\":{\"@id\":\"https:\\\/\\\/gardeon.pl\\\/pl\\\/blog\\\/jaka-podloge-wybrac-do-garazu\\\/#primaryimage\"},\"image\":{\"@id\":\"https:\\\/\\\/gardeon.pl\\\/pl\\\/blog\\\/jaka-podloge-wybrac-do-garazu\\\/#primaryimage\"},\"thumbnailUrl\":\"https:\\\/\\\/gardeon.pl\\\/wp-content\\\/uploads\\\/2020\\\/10\\\/GARDEON-x-Vostinar-31.jpg\",\"datePublished\":\"2026-04-23T15:42:32+00:00\",\"dateModified\":\"2026-04-23T16:44:24+00:00\",\"author\":{\"@id\":\"https:\\\/\\\/gardeon.pl\\\/#\\\/schema\\\/person\\\/a5762ca5f0790bf92774af0899379463\"},\"description\":\"Pod\u0142\u00f3g oferowanych na rynku jest niezliczona ilo\u015b\u0107, jednak tylko kilka z nich odpowiada charakterowi i rzeczywistym potrzebom gara\u017cu.\",\"breadcrumb\":{\"@id\":\"https:\\\/\\\/gardeon.pl\\\/pl\\\/blog\\\/jaka-podloge-wybrac-do-garazu\\\/#breadcrumb\"},\"inLanguage\":\"pl-PL\",\"potentialAction\":[{\"@type\":\"ReadAction\",\"target\":[\"https:\\\/\\\/gardeon.pl\\\/pl\\\/blog\\\/jaka-podloge-wybrac-do-garazu\\\/\"]}]},{\"@type\":\"ImageObject\",\"inLanguage\":\"pl-PL\",\"@id\":\"https:\\\/\\\/gardeon.pl\\\/pl\\\/blog\\\/jaka-podloge-wybrac-do-garazu\\\/#primaryimage\",\"url\":\"https:\\\/\\\/gardeon.pl\\\/wp-content\\\/uploads\\\/2020\\\/10\\\/GARDEON-x-Vostinar-31.jpg\",\"contentUrl\":\"https:\\\/\\\/gardeon.pl\\\/wp-content\\\/uploads\\\/2020\\\/10\\\/GARDEON-x-Vostinar-31.jpg\",\"width\":2048,\"height\":1363,\"caption\":\"Vlado Vo\u0161tin\u00e1r w podw\u00f3jnym gara\u017cu od GARDEON\"},{\"@type\":\"BreadcrumbList\",\"@id\":\"https:\\\/\\\/gardeon.pl\\\/pl\\\/blog\\\/jaka-podloge-wybrac-do-garazu\\\/#breadcrumb\",\"itemListElement\":[{\"@type\":\"ListItem\",\"position\":1,\"name\":\"Domov\",\"item\":\"https:\\\/\\\/gardeon.pl\\\/pl\\\/\"},{\"@type\":\"ListItem\",\"position\":2,\"name\":\"Jak\u0105 pod\u0142og\u0119 wybra\u0107 do gara\u017cu?\"}]},{\"@type\":\"WebSite\",\"@id\":\"https:\\\/\\\/gardeon.pl\\\/#website\",\"url\":\"https:\\\/\\\/gardeon.pl\\\/\",\"name\":\"GARDEON\",\"description\":\"\",\"potentialAction\":[{\"@type\":\"SearchAction\",\"target\":{\"@type\":\"EntryPoint\",\"urlTemplate\":\"https:\\\/\\\/gardeon.pl\\\/?s={search_term_string}\"},\"query-input\":{\"@type\":\"PropertyValueSpecification\",\"valueRequired\":true,\"valueName\":\"search_term_string\"}}],\"inLanguage\":\"pl-PL\"},{\"@type\":\"Person\",\"@id\":\"https:\\\/\\\/gardeon.pl\\\/#\\\/schema\\\/person\\\/a5762ca5f0790bf92774af0899379463\",\"name\":\"editor\",\"image\":{\"@type\":\"ImageObject\",\"inLanguage\":\"pl-PL\",\"@id\":\"https:\\\/\\\/secure.gravatar.com\\\/avatar\\\/2b748151c2c748327307fd289a91b3bdafdd9e64e2d000e65e53d6dcf11c5830?s=96&d=mm&r=g\",\"url\":\"https:\\\/\\\/secure.gravatar.com\\\/avatar\\\/2b748151c2c748327307fd289a91b3bdafdd9e64e2d000e65e53d6dcf11c5830?s=96&d=mm&r=g\",\"contentUrl\":\"https:\\\/\\\/secure.gravatar.com\\\/avatar\\\/2b748151c2c748327307fd289a91b3bdafdd9e64e2d000e65e53d6dcf11c5830?s=96&d=mm&r=g\",\"caption\":\"editor\"}}]}<\/script>\n<!-- \/ Yoast SEO plugin. -->","yoast_head_json":{"title":"Jak\u0105 pod\u0142og\u0119 wybra\u0107 do gara\u017cu? | GARDEON","description":"Pod\u0142\u00f3g oferowanych na rynku jest niezliczona ilo\u015b\u0107, jednak tylko kilka z nich odpowiada charakterowi i rzeczywistym potrzebom gara\u017cu.","robots":{"index":"index","follow":"follow","max-snippet":"max-snippet:-1","max-image-preview":"max-image-preview:large","max-video-preview":"max-video-preview:-1"},"canonical":"https:\/\/gardeon.pl\/pl\/blog\/jaka-podloge-wybrac-do-garazu\/","og_locale":"pl_PL","og_type":"article","og_title":"Jak\u0105 pod\u0142og\u0119 wybra\u0107 do gara\u017cu? | GARDEON","og_description":"Pod\u0142\u00f3g oferowanych na rynku jest niezliczona ilo\u015b\u0107, jednak tylko kilka z nich odpowiada charakterowi i rzeczywistym potrzebom gara\u017cu.","og_url":"https:\/\/gardeon.pl\/pl\/blog\/jaka-podloge-wybrac-do-garazu\/","og_site_name":"GARDEON","article_published_time":"2026-04-23T15:42:32+00:00","article_modified_time":"2026-04-23T16:44:24+00:00","og_image":[{"width":2048,"height":1363,"url":"http:\/\/gardeon.pl\/wp-content\/uploads\/2020\/10\/GARDEON-x-Vostinar-31.jpg","type":"image\/jpeg"}],"author":"editor","twitter_card":"summary_large_image","twitter_misc":{"Napisane przez":"editor","Szacowany czas czytania":"4 minuty"},"schema":{"@context":"https:\/\/schema.org","@graph":[{"@type":"Article","@id":"https:\/\/gardeon.pl\/pl\/blog\/jaka-podloge-wybrac-do-garazu\/#article","isPartOf":{"@id":"https:\/\/gardeon.pl\/pl\/blog\/jaka-podloge-wybrac-do-garazu\/"},"author":{"name":"editor","@id":"https:\/\/gardeon.pl\/#\/schema\/person\/a5762ca5f0790bf92774af0899379463"},"headline":"Jak\u0105 pod\u0142og\u0119 wybra\u0107 do gara\u017cu?","datePublished":"2026-04-23T15:42:32+00:00","dateModified":"2026-04-23T16:44:24+00:00","mainEntityOfPage":{"@id":"https:\/\/gardeon.pl\/pl\/blog\/jaka-podloge-wybrac-do-garazu\/"},"wordCount":733,"commentCount":0,"image":{"@id":"https:\/\/gardeon.pl\/pl\/blog\/jaka-podloge-wybrac-do-garazu\/#primaryimage"},"thumbnailUrl":"https:\/\/gardeon.pl\/wp-content\/uploads\/2020\/10\/GARDEON-x-Vostinar-31.jpg","articleSection":["Gara\u017ce blaszane","Konserwacja i piel\u0119gnacja"],"inLanguage":"pl-PL","potentialAction":[{"@type":"CommentAction","name":"Comment","target":["https:\/\/gardeon.pl\/pl\/blog\/jaka-podloge-wybrac-do-garazu\/#respond"]}]},{"@type":"WebPage","@id":"https:\/\/gardeon.pl\/pl\/blog\/jaka-podloge-wybrac-do-garazu\/","url":"https:\/\/gardeon.pl\/pl\/blog\/jaka-podloge-wybrac-do-garazu\/","name":"Jak\u0105 pod\u0142og\u0119 wybra\u0107 do gara\u017cu? | GARDEON","isPartOf":{"@id":"https:\/\/gardeon.pl\/#website"},"primaryImageOfPage":{"@id":"https:\/\/gardeon.pl\/pl\/blog\/jaka-podloge-wybrac-do-garazu\/#primaryimage"},"image":{"@id":"https:\/\/gardeon.pl\/pl\/blog\/jaka-podloge-wybrac-do-garazu\/#primaryimage"},"thumbnailUrl":"https:\/\/gardeon.pl\/wp-content\/uploads\/2020\/10\/GARDEON-x-Vostinar-31.jpg","datePublished":"2026-04-23T15:42:32+00:00","dateModified":"2026-04-23T16:44:24+00:00","author":{"@id":"https:\/\/gardeon.pl\/#\/schema\/person\/a5762ca5f0790bf92774af0899379463"},"description":"Pod\u0142\u00f3g oferowanych na rynku jest niezliczona ilo\u015b\u0107, jednak tylko kilka z nich odpowiada charakterowi i rzeczywistym potrzebom gara\u017cu.","breadcrumb":{"@id":"https:\/\/gardeon.pl\/pl\/blog\/jaka-podloge-wybrac-do-garazu\/#breadcrumb"},"inLanguage":"pl-PL","potentialAction":[{"@type":"ReadAction","target":["https:\/\/gardeon.pl\/pl\/blog\/jaka-podloge-wybrac-do-garazu\/"]}]},{"@type":"ImageObject","inLanguage":"pl-PL","@id":"https:\/\/gardeon.pl\/pl\/blog\/jaka-podloge-wybrac-do-garazu\/#primaryimage","url":"https:\/\/gardeon.pl\/wp-content\/uploads\/2020\/10\/GARDEON-x-Vostinar-31.jpg","contentUrl":"https:\/\/gardeon.pl\/wp-content\/uploads\/2020\/10\/GARDEON-x-Vostinar-31.jpg","width":2048,"height":1363,"caption":"Vlado Vo\u0161tin\u00e1r w podw\u00f3jnym gara\u017cu od GARDEON"},{"@type":"BreadcrumbList","@id":"https:\/\/gardeon.pl\/pl\/blog\/jaka-podloge-wybrac-do-garazu\/#breadcrumb","itemListElement":[{"@type":"ListItem","position":1,"name":"Domov","item":"https:\/\/gardeon.pl\/pl\/"},{"@type":"ListItem","position":2,"name":"Jak\u0105 pod\u0142og\u0119 wybra\u0107 do gara\u017cu?"}]},{"@type":"WebSite","@id":"https:\/\/gardeon.pl\/#website","url":"https:\/\/gardeon.pl\/","name":"GARDEON","description":"","potentialAction":[{"@type":"SearchAction","target":{"@type":"EntryPoint","urlTemplate":"https:\/\/gardeon.pl\/?s={search_term_string}"},"query-input":{"@type":"PropertyValueSpecification","valueRequired":true,"valueName":"search_term_string"}}],"inLanguage":"pl-PL"},{"@type":"Person","@id":"https:\/\/gardeon.pl\/#\/schema\/person\/a5762ca5f0790bf92774af0899379463","name":"editor","image":{"@type":"ImageObject","inLanguage":"pl-PL","@id":"https:\/\/secure.gravatar.com\/avatar\/2b748151c2c748327307fd289a91b3bdafdd9e64e2d000e65e53d6dcf11c5830?s=96&d=mm&r=g","url":"https:\/\/secure.gravatar.com\/avatar\/2b748151c2c748327307fd289a91b3bdafdd9e64e2d000e65e53d6dcf11c5830?s=96&d=mm&r=g","contentUrl":"https:\/\/secure.gravatar.com\/avatar\/2b748151c2c748327307fd289a91b3bdafdd9e64e2d000e65e53d6dcf11c5830?s=96&d=mm&r=g","caption":"editor"}}]}},"_links":{"self":[{"href":"https:\/\/gardeon.pl\/pl\/wp-json\/wp\/v2\/posts\/48028","targetHints":{"allow":["GET"]}}],"collection":[{"href":"https:\/\/gardeon.pl\/pl\/wp-json\/wp\/v2\/posts"}],"about":[{"href":"https:\/\/gardeon.pl\/pl\/wp-json\/wp\/v2\/types\/post"}],"author":[{"embeddable":true,"href":"https:\/\/gardeon.pl\/pl\/wp-json\/wp\/v2\/users\/2"}],"replies":[{"embeddable":true,"href":"https:\/\/gardeon.pl\/pl\/wp-json\/wp\/v2\/comments?post=48028"}],"version-history":[{"count":0,"href":"https:\/\/gardeon.pl\/pl\/wp-json\/wp\/v2\/posts\/48028\/revisions"}],"wp:featuredmedia":[{"embeddable":true,"href":"https:\/\/gardeon.pl\/pl\/wp-json\/wp\/v2\/media\/47220"}],"wp:attachment":[{"href":"https:\/\/gardeon.pl\/pl\/wp-json\/wp\/v2\/media?parent=48028"}],"wp:term":[{"taxonomy":"category","embeddable":true,"href":"https:\/\/gardeon.pl\/pl\/wp-json\/wp\/v2\/categories?post=48028"},{"taxonomy":"post_tag","embeddable":true,"href":"https:\/\/gardeon.pl\/pl\/wp-json\/wp\/v2\/tags?post=48028"}],"curies":[{"name":"wp","href":"https:\/\/api.w.org\/{rel}","templated":true}]}}