{"id":48038,"date":"2026-04-23T17:42:32","date_gmt":"2026-04-23T15:42:32","guid":{"rendered":"https:\/\/gardeon.pl\/blog\/domek-ogrodowy-z-drzwiami-39-x-4-m\/"},"modified":"2026-04-23T18:44:24","modified_gmt":"2026-04-23T16:44:24","slug":"domek-ogrodowy-z-drzwiami-39-x-4-m","status":"publish","type":"post","link":"https:\/\/gardeon.pl\/pl\/blog\/domek-ogrodowy-z-drzwiami-39-x-4-m\/","title":{"rendered":"Domek ogrodowy z drzwiami 3,9 x 4 m"},"content":{"rendered":"<h2>Jak to si\u0119 wszystko zacz\u0119\u0142o?<\/h2>\n<p><span style=\"font-weight: 400;\">Nasz klient, pan Ba\u0161ista, skontaktowa\u0142 si\u0119 z nami, wyra\u017caj\u0105c ch\u0119\u0107 postawienia domku ogrodowego w podobnym stylu do swojego nowoczesnego domu jednorodzinnego. Od d\u0142u\u017cszego czasu posiada\u0142 w ogrodzie zwyk\u0142y blaszany domek, ale rozwa\u017ca\u0142 jego unowocze\u015bnienie. Na podstawie jego potrzeb zaproponowali\u015bmy mu konstrukcj\u0119 o wymiarach 3 900 x 4 000 mm w pe\u0142ni izolowanej wersji. W centralnej cz\u0119\u015bci \u015bciany frontowej zamontowali\u015bmy bezpieczne stalowe drzwi LPU42 firmy H\u00f6rmann, a po bokach symetrycznie umie\u015bcili\u015bmy designerskie \u015bwietliki.   <\/span><\/p>\n<p><span style=\"font-weight: 400;\">Pan Ba\u0161ista wraz z \u017con\u0105 ch\u0119tnie sp\u0119dzaj\u0105 czas w ogrodzie i chc\u0105, aby ich narz\u0119dzia ogrodowe by\u0142y bezpieczne. Wsp\u00f3lnymi si\u0142ami spe\u0142nili\u015bmy ich marzenie o idealnym ogrodzie. <\/span><\/p>\n<h3>Opinia tu\u017c po monta\u017cu<\/h3>\n<p><img loading=\"lazy\" decoding=\"async\" class=\"aligncenter wp-image-27743\" src=\"http:\/\/gardeon.pl\/wp-content\/uploads\/2020\/08\/recenzia-gardeon-1.png\" alt=\"Recenzja GARDEON\" width=\"750\" height=\"1207\" srcset=\"https:\/\/gardeon.pl\/wp-content\/uploads\/2020\/08\/recenzia-gardeon-1.png 1081w, https:\/\/gardeon.pl\/wp-content\/uploads\/2020\/08\/recenzia-gardeon-1-186x300.png 186w, https:\/\/gardeon.pl\/wp-content\/uploads\/2020\/08\/recenzia-gardeon-1-636x1024.png 636w, https:\/\/gardeon.pl\/wp-content\/uploads\/2020\/08\/recenzia-gardeon-1-768x1236.png 768w, https:\/\/gardeon.pl\/wp-content\/uploads\/2020\/08\/recenzia-gardeon-1-954x1536.png 954w\" sizes=\"auto, (max-width: 750px) 100vw, 750px\" \/><\/p>\n<h2>A jakie s\u0105 jego wra\u017cenia po pewnym czasie?<\/h2>\n<p><i><span style=\"font-weight: 400;\">\u201eJeste\u015bmy bardzo zadowoleni z domku i cieszymy si\u0119, \u017ce zdecydowali\u015bmy si\u0119 na w pe\u0142ni izolowan\u0105 wersj\u0119. To oczywi\u015bcie znacz\u0105ca r\u00f3\u017cnica w por\u00f3wnaniu do blaszanego domku, kt\u00f3ry mieli\u015bmy wcze\u015bniej \u2013 ten latem by\u0142 jak sauna, a zim\u0105 jak lod\u00f3wka. Doceniamy r\u00f3wnie\u017c to, \u017ce jest wi\u0119kszy i mogli\u015bmy w nim umie\u015bci\u0107 wi\u0119ksze i g\u0142\u0119bsze rega\u0142y, wi\u0119c jego praktyczno\u015b\u0107 i u\u017cyteczno\u015b\u0107 s\u0105 r\u00f3wnie\u017c doskona\u0142e. Podsumowuj\u0105c, domek by\u0142 wart ka\u017cdego euro :). Korzystamy z domku przez ca\u0142y rok, a je\u015bli s\u0105 silniejsze mrozy, dogrzewamy go grzejnikiem elektrycznym. Ko\u0144cowe wyko\u0144czenie pod\u0142o\u017ca wykona\u0142em sam \u2013 wyla\u0142em tam gara\u017cow\u0105 mas\u0119 samopoziomuj\u0105c\u0105, a po utwardzeniu pomalowa\u0142em farb\u0105 do betonu.\u201d     <\/span><\/i><\/p>\n<h3>Zdj\u0119cia cz\u0119\u015bci zewn\u0119trznej<\/h3>\n<p><img loading=\"lazy\" decoding=\"async\" class=\"aligncenter wp-image-27732\" src=\"http:\/\/gardeon.pl\/wp-content\/uploads\/2020\/08\/GARDEON-foto-od-zakaznikov-10.jpg\" alt=\"Domek ogrodowy GARDEON\" width=\"750\" height=\"563\" srcset=\"https:\/\/gardeon.pl\/wp-content\/uploads\/2020\/08\/GARDEON-foto-od-zakaznikov-10.jpg 2016w, https:\/\/gardeon.pl\/wp-content\/uploads\/2020\/08\/GARDEON-foto-od-zakaznikov-10-300x225.jpg 300w, https:\/\/gardeon.pl\/wp-content\/uploads\/2020\/08\/GARDEON-foto-od-zakaznikov-10-1024x768.jpg 1024w, https:\/\/gardeon.pl\/wp-content\/uploads\/2020\/08\/GARDEON-foto-od-zakaznikov-10-768x576.jpg 768w, https:\/\/gardeon.pl\/wp-content\/uploads\/2020\/08\/GARDEON-foto-od-zakaznikov-10-1536x1152.jpg 1536w, https:\/\/gardeon.pl\/wp-content\/uploads\/2020\/08\/GARDEON-foto-od-zakaznikov-10-1200x900-cropped.jpg 1200w\" sizes=\"auto, (max-width: 750px) 100vw, 750px\" \/><\/p>\n<p><img loading=\"lazy\" decoding=\"async\" class=\"aligncenter wp-image-27734\" src=\"http:\/\/gardeon.pl\/wp-content\/uploads\/2020\/08\/GARDEON-foto-od-zakaznikov-11.jpg\" alt=\"Domek ogrodowy GARDEON w bia\u0142ym tynku\" width=\"750\" height=\"563\" srcset=\"https:\/\/gardeon.pl\/wp-content\/uploads\/2020\/08\/GARDEON-foto-od-zakaznikov-11.jpg 2016w, https:\/\/gardeon.pl\/wp-content\/uploads\/2020\/08\/GARDEON-foto-od-zakaznikov-11-300x225.jpg 300w, https:\/\/gardeon.pl\/wp-content\/uploads\/2020\/08\/GARDEON-foto-od-zakaznikov-11-1024x768.jpg 1024w, https:\/\/gardeon.pl\/wp-content\/uploads\/2020\/08\/GARDEON-foto-od-zakaznikov-11-768x576.jpg 768w, https:\/\/gardeon.pl\/wp-content\/uploads\/2020\/08\/GARDEON-foto-od-zakaznikov-11-1536x1152.jpg 1536w\" sizes=\"auto, (max-width: 750px) 100vw, 750px\" \/><\/p>\n<p><img loading=\"lazy\" decoding=\"async\" class=\"aligncenter wp-image-27736\" src=\"http:\/\/gardeon.pl\/wp-content\/uploads\/2020\/08\/GARDEON-foto-od-zakaznikov-12.jpg\" alt=\"Domek ogrodowy GARDEON z p\u0142askim dachem\" width=\"750\" height=\"563\" srcset=\"https:\/\/gardeon.pl\/wp-content\/uploads\/2020\/08\/GARDEON-foto-od-zakaznikov-12.jpg 2016w, https:\/\/gardeon.pl\/wp-content\/uploads\/2020\/08\/GARDEON-foto-od-zakaznikov-12-300x225.jpg 300w, https:\/\/gardeon.pl\/wp-content\/uploads\/2020\/08\/GARDEON-foto-od-zakaznikov-12-1024x768.jpg 1024w, https:\/\/gardeon.pl\/wp-content\/uploads\/2020\/08\/GARDEON-foto-od-zakaznikov-12-768x576.jpg 768w, https:\/\/gardeon.pl\/wp-content\/uploads\/2020\/08\/GARDEON-foto-od-zakaznikov-12-1536x1152.jpg 1536w\" sizes=\"auto, (max-width: 750px) 100vw, 750px\" \/><\/p>\n<h3>Zdj\u0119cia cz\u0119\u015bci wewn\u0119trznej<\/h3>\n<p><img loading=\"lazy\" decoding=\"async\" class=\"aligncenter wp-image-27738\" src=\"http:\/\/gardeon.pl\/wp-content\/uploads\/2020\/08\/GARDEON-foto-od-zakaznikov-14.jpg\" alt=\"Wn\u0119trze montowanego domku ogrodowego\" width=\"750\" height=\"1000\" srcset=\"https:\/\/gardeon.pl\/wp-content\/uploads\/2020\/08\/GARDEON-foto-od-zakaznikov-14.jpg 1512w, https:\/\/gardeon.pl\/wp-content\/uploads\/2020\/08\/GARDEON-foto-od-zakaznikov-14-225x300.jpg 225w, https:\/\/gardeon.pl\/wp-content\/uploads\/2020\/08\/GARDEON-foto-od-zakaznikov-14-768x1024.jpg 768w, https:\/\/gardeon.pl\/wp-content\/uploads\/2020\/08\/GARDEON-foto-od-zakaznikov-14-1152x1536.jpg 1152w\" sizes=\"auto, (max-width: 750px) 100vw, 750px\" \/><\/p>\n<p><img loading=\"lazy\" decoding=\"async\" class=\"aligncenter wp-image-27740\" src=\"http:\/\/gardeon.pl\/wp-content\/uploads\/2020\/08\/GARDEON-foto-od-zakaznikov-13.jpg\" alt=\"Wn\u0119trze montowanego domku ogrodowego\" width=\"750\" height=\"563\" srcset=\"https:\/\/gardeon.pl\/wp-content\/uploads\/2020\/08\/GARDEON-foto-od-zakaznikov-13.jpg 2016w, https:\/\/gardeon.pl\/wp-content\/uploads\/2020\/08\/GARDEON-foto-od-zakaznikov-13-300x225.jpg 300w, https:\/\/gardeon.pl\/wp-content\/uploads\/2020\/08\/GARDEON-foto-od-zakaznikov-13-1024x768.jpg 1024w, https:\/\/gardeon.pl\/wp-content\/uploads\/2020\/08\/GARDEON-foto-od-zakaznikov-13-768x576.jpg 768w, https:\/\/gardeon.pl\/wp-content\/uploads\/2020\/08\/GARDEON-foto-od-zakaznikov-13-1536x1152.jpg 1536w\" sizes=\"auto, (max-width: 750px) 100vw, 750px\" \/><\/p>\n<h2>Podsumowanie<\/h2>\n<ul>\n<li style=\"font-weight: 400;\" aria-level=\"1\"><span style=\"font-weight: 400;\">wymiary domku ogrodowego \u2013 3 900 x 4 000 mm<\/span><\/li>\n<li style=\"font-weight: 400;\" aria-level=\"1\"><span style=\"font-weight: 400;\">izolowane \u015bciany i dach<\/span><\/li>\n<li style=\"font-weight: 400;\" aria-level=\"1\"><span style=\"font-weight: 400;\">drzwi Hormann LPU42<\/span><\/li>\n<li style=\"font-weight: 400;\" aria-level=\"1\"><span style=\"font-weight: 400;\">2 \u015bwietliki<\/span><\/li>\n<\/ul>\n<ul>\n<li style=\"font-weight: 400;\" aria-level=\"1\"><span style=\"font-weight: 400;\">czas budowy \u2013 3 godziny<\/span><\/li>\n<li style=\"font-weight: 400;\" aria-level=\"1\"><span style=\"font-weight: 400;\">cena domku ogrodowego w momencie zam\u00f3wienia \u2013 oko\u0142o 150 000 CZK z VAT<\/span><\/li>\n<\/ul>\n<p><span style=\"font-weight: 400;\"> <\/span><\/p>\n<h3 style=\"text-align: center;\">Za opini\u0119 i zdj\u0119cia dzi\u0119kujemy naszemu klientowi, panu Ba\u0161i\u015bcie :)<\/h3>\n<p>&nbsp;<\/p>\n","protected":false},"excerpt":{"rendered":"<p>Jak to si\u0119 wszystko zacz\u0119\u0142o? Nasz klient, pan Ba\u0161ista, skontaktowa\u0142 si\u0119 z nami, wyra\u017caj\u0105c ch\u0119\u0107 postawienia domku ogrodowego w podobnym stylu do swojego nowoczesnego domu jednorodzinnego. Od d\u0142u\u017cszego czasu posiada\u0142 w ogrodzie zwyk\u0142y blaszany domek, ale rozwa\u017ca\u0142 jego unowocze\u015bnienie. Na podstawie jego potrzeb zaproponowali\u015bmy mu konstrukcj\u0119 o wymiarach 3 900 x 4 000 mm w [&hellip;]<\/p>\n","protected":false},"author":2,"featured_media":48040,"comment_status":"open","ping_status":"open","sticky":false,"template":"","format":"standard","meta":{"_acf_changed":false,"inline_featured_image":false,"footnotes":""},"categories":[717,716],"tags":[],"class_list":["post-48038","post","type-post","status-publish","format-standard","has-post-thumbnail","hentry","category-domki-ogrodowe-2","category-jak-sie-zyje-z-gardeon"],"acf":[],"yoast_head":"<!-- This site is optimized with the Yoast SEO plugin v27.4 - https:\/\/yoast.com\/product\/yoast-seo-wordpress\/ -->\n<title>Domek ogrodowy z drzwiami 3,9 x 4 m | GARDEON<\/title>\n<meta name=\"robots\" content=\"index, follow, max-snippet:-1, max-image-preview:large, max-video-preview:-1\" \/>\n<link rel=\"canonical\" href=\"https:\/\/gardeon.pl\/pl\/blog\/domek-ogrodowy-z-drzwiami-39-x-4-m\/\" \/>\n<meta property=\"og:locale\" content=\"pl_PL\" \/>\n<meta property=\"og:type\" content=\"article\" \/>\n<meta property=\"og:title\" content=\"Domek ogrodowy z drzwiami 3,9 x 4 m | GARDEON\" \/>\n<meta property=\"og:description\" content=\"Jak to si\u0119 wszystko zacz\u0119\u0142o? Nasz klient, pan Ba\u0161ista, skontaktowa\u0142 si\u0119 z nami, wyra\u017caj\u0105c ch\u0119\u0107 postawienia domku ogrodowego w podobnym stylu do swojego nowoczesnego domu jednorodzinnego. Od d\u0142u\u017cszego czasu posiada\u0142 w ogrodzie zwyk\u0142y blaszany domek, ale rozwa\u017ca\u0142 jego unowocze\u015bnienie. Na podstawie jego potrzeb zaproponowali\u015bmy mu konstrukcj\u0119 o wymiarach 3 900 x 4 000 mm w [&hellip;]\" \/>\n<meta property=\"og:url\" content=\"https:\/\/gardeon.pl\/pl\/blog\/domek-ogrodowy-z-drzwiami-39-x-4-m\/\" \/>\n<meta property=\"og:site_name\" content=\"GARDEON\" \/>\n<meta property=\"article:published_time\" content=\"2026-04-23T15:42:32+00:00\" \/>\n<meta property=\"article:modified_time\" content=\"2026-04-23T16:44:24+00:00\" \/>\n<meta property=\"og:image\" content=\"http:\/\/gardeon.pl\/wp-content\/uploads\/2020\/08\/GARDEON-foto-od-zakaznikov-10.jpg\" \/>\n\t<meta property=\"og:image:width\" content=\"2016\" \/>\n\t<meta property=\"og:image:height\" content=\"1512\" \/>\n\t<meta property=\"og:image:type\" content=\"image\/jpeg\" \/>\n<meta name=\"author\" content=\"editor\" \/>\n<meta name=\"twitter:card\" content=\"summary_large_image\" \/>\n<meta name=\"twitter:label1\" content=\"Napisane przez\" \/>\n\t<meta name=\"twitter:data1\" content=\"editor\" \/>\n\t<meta name=\"twitter:label2\" content=\"Szacowany czas czytania\" \/>\n\t<meta name=\"twitter:data2\" content=\"2 minuty\" \/>\n<script type=\"application\/ld+json\" class=\"yoast-schema-graph\">{\"@context\":\"https:\\\/\\\/schema.org\",\"@graph\":[{\"@type\":\"Article\",\"@id\":\"https:\\\/\\\/gardeon.pl\\\/pl\\\/blog\\\/domek-ogrodowy-z-drzwiami-39-x-4-m\\\/#article\",\"isPartOf\":{\"@id\":\"https:\\\/\\\/gardeon.pl\\\/pl\\\/blog\\\/domek-ogrodowy-z-drzwiami-39-x-4-m\\\/\"},\"author\":{\"name\":\"editor\",\"@id\":\"https:\\\/\\\/gardeon.pl\\\/#\\\/schema\\\/person\\\/a5762ca5f0790bf92774af0899379463\"},\"headline\":\"Domek ogrodowy z drzwiami 3,9 x 4 m\",\"datePublished\":\"2026-04-23T15:42:32+00:00\",\"dateModified\":\"2026-04-23T16:44:24+00:00\",\"mainEntityOfPage\":{\"@id\":\"https:\\\/\\\/gardeon.pl\\\/pl\\\/blog\\\/domek-ogrodowy-z-drzwiami-39-x-4-m\\\/\"},\"wordCount\":332,\"commentCount\":0,\"image\":{\"@id\":\"https:\\\/\\\/gardeon.pl\\\/pl\\\/blog\\\/domek-ogrodowy-z-drzwiami-39-x-4-m\\\/#primaryimage\"},\"thumbnailUrl\":\"https:\\\/\\\/gardeon.pl\\\/wp-content\\\/uploads\\\/2020\\\/08\\\/GARDEON-foto-od-zakaznikov-10.jpg\",\"articleSection\":[\"Domki ogrodowe\",\"Jak si\u0119 \u017cyje z GARDEON\"],\"inLanguage\":\"pl-PL\",\"potentialAction\":[{\"@type\":\"CommentAction\",\"name\":\"Comment\",\"target\":[\"https:\\\/\\\/gardeon.pl\\\/pl\\\/blog\\\/domek-ogrodowy-z-drzwiami-39-x-4-m\\\/#respond\"]}]},{\"@type\":\"WebPage\",\"@id\":\"https:\\\/\\\/gardeon.pl\\\/pl\\\/blog\\\/domek-ogrodowy-z-drzwiami-39-x-4-m\\\/\",\"url\":\"https:\\\/\\\/gardeon.pl\\\/pl\\\/blog\\\/domek-ogrodowy-z-drzwiami-39-x-4-m\\\/\",\"name\":\"Domek ogrodowy z drzwiami 3,9 x 4 m | GARDEON\",\"isPartOf\":{\"@id\":\"https:\\\/\\\/gardeon.pl\\\/#website\"},\"primaryImageOfPage\":{\"@id\":\"https:\\\/\\\/gardeon.pl\\\/pl\\\/blog\\\/domek-ogrodowy-z-drzwiami-39-x-4-m\\\/#primaryimage\"},\"image\":{\"@id\":\"https:\\\/\\\/gardeon.pl\\\/pl\\\/blog\\\/domek-ogrodowy-z-drzwiami-39-x-4-m\\\/#primaryimage\"},\"thumbnailUrl\":\"https:\\\/\\\/gardeon.pl\\\/wp-content\\\/uploads\\\/2020\\\/08\\\/GARDEON-foto-od-zakaznikov-10.jpg\",\"datePublished\":\"2026-04-23T15:42:32+00:00\",\"dateModified\":\"2026-04-23T16:44:24+00:00\",\"author\":{\"@id\":\"https:\\\/\\\/gardeon.pl\\\/#\\\/schema\\\/person\\\/a5762ca5f0790bf92774af0899379463\"},\"breadcrumb\":{\"@id\":\"https:\\\/\\\/gardeon.pl\\\/pl\\\/blog\\\/domek-ogrodowy-z-drzwiami-39-x-4-m\\\/#breadcrumb\"},\"inLanguage\":\"pl-PL\",\"potentialAction\":[{\"@type\":\"ReadAction\",\"target\":[\"https:\\\/\\\/gardeon.pl\\\/pl\\\/blog\\\/domek-ogrodowy-z-drzwiami-39-x-4-m\\\/\"]}]},{\"@type\":\"ImageObject\",\"inLanguage\":\"pl-PL\",\"@id\":\"https:\\\/\\\/gardeon.pl\\\/pl\\\/blog\\\/domek-ogrodowy-z-drzwiami-39-x-4-m\\\/#primaryimage\",\"url\":\"https:\\\/\\\/gardeon.pl\\\/wp-content\\\/uploads\\\/2020\\\/08\\\/GARDEON-foto-od-zakaznikov-10.jpg\",\"contentUrl\":\"https:\\\/\\\/gardeon.pl\\\/wp-content\\\/uploads\\\/2020\\\/08\\\/GARDEON-foto-od-zakaznikov-10.jpg\",\"width\":2016,\"height\":1512,\"caption\":\"Domek ogrodowy GARDEON\"},{\"@type\":\"BreadcrumbList\",\"@id\":\"https:\\\/\\\/gardeon.pl\\\/pl\\\/blog\\\/domek-ogrodowy-z-drzwiami-39-x-4-m\\\/#breadcrumb\",\"itemListElement\":[{\"@type\":\"ListItem\",\"position\":1,\"name\":\"Domov\",\"item\":\"https:\\\/\\\/gardeon.pl\\\/pl\\\/\"},{\"@type\":\"ListItem\",\"position\":2,\"name\":\"Domek ogrodowy z drzwiami 3,9 x 4 m\"}]},{\"@type\":\"WebSite\",\"@id\":\"https:\\\/\\\/gardeon.pl\\\/#website\",\"url\":\"https:\\\/\\\/gardeon.pl\\\/\",\"name\":\"GARDEON\",\"description\":\"\",\"potentialAction\":[{\"@type\":\"SearchAction\",\"target\":{\"@type\":\"EntryPoint\",\"urlTemplate\":\"https:\\\/\\\/gardeon.pl\\\/?s={search_term_string}\"},\"query-input\":{\"@type\":\"PropertyValueSpecification\",\"valueRequired\":true,\"valueName\":\"search_term_string\"}}],\"inLanguage\":\"pl-PL\"},{\"@type\":\"Person\",\"@id\":\"https:\\\/\\\/gardeon.pl\\\/#\\\/schema\\\/person\\\/a5762ca5f0790bf92774af0899379463\",\"name\":\"editor\",\"image\":{\"@type\":\"ImageObject\",\"inLanguage\":\"pl-PL\",\"@id\":\"https:\\\/\\\/secure.gravatar.com\\\/avatar\\\/2b748151c2c748327307fd289a91b3bdafdd9e64e2d000e65e53d6dcf11c5830?s=96&d=mm&r=g\",\"url\":\"https:\\\/\\\/secure.gravatar.com\\\/avatar\\\/2b748151c2c748327307fd289a91b3bdafdd9e64e2d000e65e53d6dcf11c5830?s=96&d=mm&r=g\",\"contentUrl\":\"https:\\\/\\\/secure.gravatar.com\\\/avatar\\\/2b748151c2c748327307fd289a91b3bdafdd9e64e2d000e65e53d6dcf11c5830?s=96&d=mm&r=g\",\"caption\":\"editor\"}}]}<\/script>\n<!-- \/ Yoast SEO plugin. -->","yoast_head_json":{"title":"Domek ogrodowy z drzwiami 3,9 x 4 m | GARDEON","robots":{"index":"index","follow":"follow","max-snippet":"max-snippet:-1","max-image-preview":"max-image-preview:large","max-video-preview":"max-video-preview:-1"},"canonical":"https:\/\/gardeon.pl\/pl\/blog\/domek-ogrodowy-z-drzwiami-39-x-4-m\/","og_locale":"pl_PL","og_type":"article","og_title":"Domek ogrodowy z drzwiami 3,9 x 4 m | GARDEON","og_description":"Jak to si\u0119 wszystko zacz\u0119\u0142o? Nasz klient, pan Ba\u0161ista, skontaktowa\u0142 si\u0119 z nami, wyra\u017caj\u0105c ch\u0119\u0107 postawienia domku ogrodowego w podobnym stylu do swojego nowoczesnego domu jednorodzinnego. Od d\u0142u\u017cszego czasu posiada\u0142 w ogrodzie zwyk\u0142y blaszany domek, ale rozwa\u017ca\u0142 jego unowocze\u015bnienie. Na podstawie jego potrzeb zaproponowali\u015bmy mu konstrukcj\u0119 o wymiarach 3 900 x 4 000 mm w [&hellip;]","og_url":"https:\/\/gardeon.pl\/pl\/blog\/domek-ogrodowy-z-drzwiami-39-x-4-m\/","og_site_name":"GARDEON","article_published_time":"2026-04-23T15:42:32+00:00","article_modified_time":"2026-04-23T16:44:24+00:00","og_image":[{"width":2016,"height":1512,"url":"http:\/\/gardeon.pl\/wp-content\/uploads\/2020\/08\/GARDEON-foto-od-zakaznikov-10.jpg","type":"image\/jpeg"}],"author":"editor","twitter_card":"summary_large_image","twitter_misc":{"Napisane przez":"editor","Szacowany czas czytania":"2 minuty"},"schema":{"@context":"https:\/\/schema.org","@graph":[{"@type":"Article","@id":"https:\/\/gardeon.pl\/pl\/blog\/domek-ogrodowy-z-drzwiami-39-x-4-m\/#article","isPartOf":{"@id":"https:\/\/gardeon.pl\/pl\/blog\/domek-ogrodowy-z-drzwiami-39-x-4-m\/"},"author":{"name":"editor","@id":"https:\/\/gardeon.pl\/#\/schema\/person\/a5762ca5f0790bf92774af0899379463"},"headline":"Domek ogrodowy z drzwiami 3,9 x 4 m","datePublished":"2026-04-23T15:42:32+00:00","dateModified":"2026-04-23T16:44:24+00:00","mainEntityOfPage":{"@id":"https:\/\/gardeon.pl\/pl\/blog\/domek-ogrodowy-z-drzwiami-39-x-4-m\/"},"wordCount":332,"commentCount":0,"image":{"@id":"https:\/\/gardeon.pl\/pl\/blog\/domek-ogrodowy-z-drzwiami-39-x-4-m\/#primaryimage"},"thumbnailUrl":"https:\/\/gardeon.pl\/wp-content\/uploads\/2020\/08\/GARDEON-foto-od-zakaznikov-10.jpg","articleSection":["Domki ogrodowe","Jak si\u0119 \u017cyje z GARDEON"],"inLanguage":"pl-PL","potentialAction":[{"@type":"CommentAction","name":"Comment","target":["https:\/\/gardeon.pl\/pl\/blog\/domek-ogrodowy-z-drzwiami-39-x-4-m\/#respond"]}]},{"@type":"WebPage","@id":"https:\/\/gardeon.pl\/pl\/blog\/domek-ogrodowy-z-drzwiami-39-x-4-m\/","url":"https:\/\/gardeon.pl\/pl\/blog\/domek-ogrodowy-z-drzwiami-39-x-4-m\/","name":"Domek ogrodowy z drzwiami 3,9 x 4 m | GARDEON","isPartOf":{"@id":"https:\/\/gardeon.pl\/#website"},"primaryImageOfPage":{"@id":"https:\/\/gardeon.pl\/pl\/blog\/domek-ogrodowy-z-drzwiami-39-x-4-m\/#primaryimage"},"image":{"@id":"https:\/\/gardeon.pl\/pl\/blog\/domek-ogrodowy-z-drzwiami-39-x-4-m\/#primaryimage"},"thumbnailUrl":"https:\/\/gardeon.pl\/wp-content\/uploads\/2020\/08\/GARDEON-foto-od-zakaznikov-10.jpg","datePublished":"2026-04-23T15:42:32+00:00","dateModified":"2026-04-23T16:44:24+00:00","author":{"@id":"https:\/\/gardeon.pl\/#\/schema\/person\/a5762ca5f0790bf92774af0899379463"},"breadcrumb":{"@id":"https:\/\/gardeon.pl\/pl\/blog\/domek-ogrodowy-z-drzwiami-39-x-4-m\/#breadcrumb"},"inLanguage":"pl-PL","potentialAction":[{"@type":"ReadAction","target":["https:\/\/gardeon.pl\/pl\/blog\/domek-ogrodowy-z-drzwiami-39-x-4-m\/"]}]},{"@type":"ImageObject","inLanguage":"pl-PL","@id":"https:\/\/gardeon.pl\/pl\/blog\/domek-ogrodowy-z-drzwiami-39-x-4-m\/#primaryimage","url":"https:\/\/gardeon.pl\/wp-content\/uploads\/2020\/08\/GARDEON-foto-od-zakaznikov-10.jpg","contentUrl":"https:\/\/gardeon.pl\/wp-content\/uploads\/2020\/08\/GARDEON-foto-od-zakaznikov-10.jpg","width":2016,"height":1512,"caption":"Domek ogrodowy GARDEON"},{"@type":"BreadcrumbList","@id":"https:\/\/gardeon.pl\/pl\/blog\/domek-ogrodowy-z-drzwiami-39-x-4-m\/#breadcrumb","itemListElement":[{"@type":"ListItem","position":1,"name":"Domov","item":"https:\/\/gardeon.pl\/pl\/"},{"@type":"ListItem","position":2,"name":"Domek ogrodowy z drzwiami 3,9 x 4 m"}]},{"@type":"WebSite","@id":"https:\/\/gardeon.pl\/#website","url":"https:\/\/gardeon.pl\/","name":"GARDEON","description":"","potentialAction":[{"@type":"SearchAction","target":{"@type":"EntryPoint","urlTemplate":"https:\/\/gardeon.pl\/?s={search_term_string}"},"query-input":{"@type":"PropertyValueSpecification","valueRequired":true,"valueName":"search_term_string"}}],"inLanguage":"pl-PL"},{"@type":"Person","@id":"https:\/\/gardeon.pl\/#\/schema\/person\/a5762ca5f0790bf92774af0899379463","name":"editor","image":{"@type":"ImageObject","inLanguage":"pl-PL","@id":"https:\/\/secure.gravatar.com\/avatar\/2b748151c2c748327307fd289a91b3bdafdd9e64e2d000e65e53d6dcf11c5830?s=96&d=mm&r=g","url":"https:\/\/secure.gravatar.com\/avatar\/2b748151c2c748327307fd289a91b3bdafdd9e64e2d000e65e53d6dcf11c5830?s=96&d=mm&r=g","contentUrl":"https:\/\/secure.gravatar.com\/avatar\/2b748151c2c748327307fd289a91b3bdafdd9e64e2d000e65e53d6dcf11c5830?s=96&d=mm&r=g","caption":"editor"}}]}},"_links":{"self":[{"href":"https:\/\/gardeon.pl\/pl\/wp-json\/wp\/v2\/posts\/48038","targetHints":{"allow":["GET"]}}],"collection":[{"href":"https:\/\/gardeon.pl\/pl\/wp-json\/wp\/v2\/posts"}],"about":[{"href":"https:\/\/gardeon.pl\/pl\/wp-json\/wp\/v2\/types\/post"}],"author":[{"embeddable":true,"href":"https:\/\/gardeon.pl\/pl\/wp-json\/wp\/v2\/users\/2"}],"replies":[{"embeddable":true,"href":"https:\/\/gardeon.pl\/pl\/wp-json\/wp\/v2\/comments?post=48038"}],"version-history":[{"count":0,"href":"https:\/\/gardeon.pl\/pl\/wp-json\/wp\/v2\/posts\/48038\/revisions"}],"wp:featuredmedia":[{"embeddable":true,"href":"https:\/\/gardeon.pl\/pl\/wp-json\/wp\/v2\/media\/48040"}],"wp:attachment":[{"href":"https:\/\/gardeon.pl\/pl\/wp-json\/wp\/v2\/media?parent=48038"}],"wp:term":[{"taxonomy":"category","embeddable":true,"href":"https:\/\/gardeon.pl\/pl\/wp-json\/wp\/v2\/categories?post=48038"},{"taxonomy":"post_tag","embeddable":true,"href":"https:\/\/gardeon.pl\/pl\/wp-json\/wp\/v2\/tags?post=48038"}],"curies":[{"name":"wp","href":"https:\/\/api.w.org\/{rel}","templated":true}]}}