{"id":48076,"date":"2026-04-23T17:42:35","date_gmt":"2026-04-23T15:42:35","guid":{"rendered":"https:\/\/gardeon.pl\/blog\/garaz-do-parkowania-i-majsterkowania\/"},"modified":"2026-04-23T18:44:23","modified_gmt":"2026-04-23T16:44:23","slug":"garaz-do-parkowania-i-majsterkowania","status":"publish","type":"post","link":"https:\/\/gardeon.pl\/pl\/blog\/garaz-do-parkowania-i-majsterkowania\/","title":{"rendered":"Gara\u017c do parkowania i majsterkowania"},"content":{"rendered":"<p><a href=\"https:\/\/gardeon.pl\/pl\/garaze\/\"><i><span style=\"font-weight: 400;\">Gara\u017c<\/span><\/i><\/a><i><span style=\"font-weight: 400;\"> ka\u017cdy z nas wyobra\u017ca sobie inaczej. Zazwyczaj jest to miejsce, gdzie parkujemy samoch\u00f3d w wolnym czasie. Niekt\u00f3rzy wykorzystuj\u0105 gara\u017c do ochrony ro\u015blin zewn\u0119trznych przed mrozem. Inni z kolei jako magazyn narz\u0119dzi ogrodowych. A co oznacza gara\u017c dla majsterkowicz\u00f3w? Dla majsterkowicz\u00f3w to kr\u00f3lestwo pracy i pok\u00f3j relaksacyjny w jednym.<\/span><\/i><!--more--><\/p>\n<p><i><span style=\"font-weight: 400;\">Wielu m\u0119\u017cczyzn ma <\/span><\/i><a href=\"https:\/\/gardeon.pl\/pl\/garaze\/z-warsztatem\/\"><i><span style=\"font-weight: 400;\">w gara\u017cu sw\u00f3j domowy warsztat<\/span><\/i><\/a><i><span style=\"font-weight: 400;\">. W ka\u017cdym z nich, niezale\u017cnie od wieku, drzemie kawa\u0142ek figlarnego ch\u0142opca z dzieci\u0144stwa. Kiedy\u015b bawili\u015bmy si\u0119 klockami Lego, teraz sk\u0142adamy prawdziwe rzeczy w swoim domowym warsztacie. Czasami chcieliby\u015bmy po\u0142\u0105czy\u0107 wiele zastosowa\u0144 gara\u017cu, co mo\u017ce by\u0107 du\u017cym wyzwaniem. Poni\u017cej przygotowali\u015bmy kilka wskaz\u00f3wek, jak sobie z tym poradzi\u0107.<\/span><\/i><\/p>\n","protected":false},"excerpt":{"rendered":"<p>Gara\u017c ka\u017cdy z nas wyobra\u017ca sobie inaczej. Zazwyczaj jest to miejsce, gdzie parkujemy samoch\u00f3d w wolnym czasie. Niekt\u00f3rzy wykorzystuj\u0105 gara\u017c do ochrony ro\u015blin zewn\u0119trznych przed mrozem. Inni z kolei jako magazyn narz\u0119dzi ogrodowych. A co oznacza gara\u017c dla majsterkowicz\u00f3w? Dla majsterkowicz\u00f3w to kr\u00f3lestwo pracy i pok\u00f3j relaksacyjny w jednym.<\/p>\n","protected":false},"author":2,"featured_media":44751,"comment_status":"open","ping_status":"open","sticky":false,"template":"","format":"standard","meta":{"_acf_changed":false,"inline_featured_image":false,"footnotes":""},"categories":[578,580],"tags":[581,784,588,579,933,934,931],"class_list":["post-48076","post","type-post","status-publish","format-standard","has-post-thumbnail","hentry","category-garaze-blaszane","category-jak-to-zrobic-garaze-diy","tag-garaz","tag-garaz-dwustanowiskowy","tag-garaz-montowany","tag-gardeon","tag-majsterkowanie-w-garazu","tag-parkowanie-w-garazu","tag-warsztat"],"acf":[],"yoast_head":"<!-- This site is optimized with the Yoast SEO plugin v27.4 - https:\/\/yoast.com\/product\/yoast-seo-wordpress\/ -->\n<title>Gara\u017c do parkowania i majsterkowania | GARDEON<\/title>\n<meta name=\"robots\" content=\"index, follow, max-snippet:-1, max-image-preview:large, max-video-preview:-1\" \/>\n<link rel=\"canonical\" href=\"https:\/\/gardeon.pl\/pl\/blog\/garaz-do-parkowania-i-majsterkowania\/\" \/>\n<meta property=\"og:locale\" content=\"pl_PL\" \/>\n<meta property=\"og:type\" content=\"article\" \/>\n<meta property=\"og:title\" content=\"Gara\u017c do parkowania i majsterkowania | GARDEON\" \/>\n<meta property=\"og:description\" content=\"Gara\u017c ka\u017cdy z nas wyobra\u017ca sobie inaczej. Zazwyczaj jest to miejsce, gdzie parkujemy samoch\u00f3d w wolnym czasie. Niekt\u00f3rzy wykorzystuj\u0105 gara\u017c do ochrony ro\u015blin zewn\u0119trznych przed mrozem. Inni z kolei jako magazyn narz\u0119dzi ogrodowych. A co oznacza gara\u017c dla majsterkowicz\u00f3w? Dla majsterkowicz\u00f3w to kr\u00f3lestwo pracy i pok\u00f3j relaksacyjny w jednym.\" \/>\n<meta property=\"og:url\" content=\"https:\/\/gardeon.pl\/pl\/blog\/garaz-do-parkowania-i-majsterkowania\/\" \/>\n<meta property=\"og:site_name\" content=\"GARDEON\" \/>\n<meta property=\"article:published_time\" content=\"2026-04-23T15:42:35+00:00\" \/>\n<meta property=\"article:modified_time\" content=\"2026-04-23T16:44:23+00:00\" \/>\n<meta property=\"og:image\" content=\"http:\/\/gardeon.pl\/wp-content\/uploads\/2021\/10\/gardeon-vnutro-5-1.webp\" \/>\n\t<meta property=\"og:image:width\" content=\"2000\" \/>\n\t<meta property=\"og:image:height\" content=\"1333\" \/>\n\t<meta property=\"og:image:type\" content=\"image\/webp\" \/>\n<meta name=\"author\" content=\"editor\" \/>\n<meta name=\"twitter:card\" content=\"summary_large_image\" \/>\n<meta name=\"twitter:label1\" content=\"Napisane przez\" \/>\n\t<meta name=\"twitter:data1\" content=\"editor\" \/>\n\t<meta name=\"twitter:label2\" content=\"Szacowany czas czytania\" \/>\n\t<meta name=\"twitter:data2\" content=\"1 minuta\" \/>\n<script type=\"application\/ld+json\" class=\"yoast-schema-graph\">{\"@context\":\"https:\\\/\\\/schema.org\",\"@graph\":[{\"@type\":\"Article\",\"@id\":\"https:\\\/\\\/gardeon.pl\\\/pl\\\/blog\\\/garaz-do-parkowania-i-majsterkowania\\\/#article\",\"isPartOf\":{\"@id\":\"https:\\\/\\\/gardeon.pl\\\/pl\\\/blog\\\/garaz-do-parkowania-i-majsterkowania\\\/\"},\"author\":{\"name\":\"editor\",\"@id\":\"https:\\\/\\\/gardeon.pl\\\/#\\\/schema\\\/person\\\/a5762ca5f0790bf92774af0899379463\"},\"headline\":\"Gara\u017c do parkowania i majsterkowania\",\"datePublished\":\"2026-04-23T15:42:35+00:00\",\"dateModified\":\"2026-04-23T16:44:23+00:00\",\"mainEntityOfPage\":{\"@id\":\"https:\\\/\\\/gardeon.pl\\\/pl\\\/blog\\\/garaz-do-parkowania-i-majsterkowania\\\/\"},\"wordCount\":137,\"commentCount\":0,\"image\":{\"@id\":\"https:\\\/\\\/gardeon.pl\\\/pl\\\/blog\\\/garaz-do-parkowania-i-majsterkowania\\\/#primaryimage\"},\"thumbnailUrl\":\"https:\\\/\\\/gardeon.pl\\\/wp-content\\\/uploads\\\/2021\\\/10\\\/gardeon-vnutro-5-1.webp\",\"keywords\":[\"gara\u017c\",\"gara\u017c dwustanowiskowy\",\"gara\u017c montowany\",\"GARDEON\",\"majsterkowanie w gara\u017cu\",\"parkowanie w gara\u017cu\",\"warsztat\"],\"articleSection\":[\"Gara\u017ce blaszane\",\"Jak to zrobi\u0107 \u2013 gara\u017ce | DIY\"],\"inLanguage\":\"pl-PL\",\"potentialAction\":[{\"@type\":\"CommentAction\",\"name\":\"Comment\",\"target\":[\"https:\\\/\\\/gardeon.pl\\\/pl\\\/blog\\\/garaz-do-parkowania-i-majsterkowania\\\/#respond\"]}]},{\"@type\":\"WebPage\",\"@id\":\"https:\\\/\\\/gardeon.pl\\\/pl\\\/blog\\\/garaz-do-parkowania-i-majsterkowania\\\/\",\"url\":\"https:\\\/\\\/gardeon.pl\\\/pl\\\/blog\\\/garaz-do-parkowania-i-majsterkowania\\\/\",\"name\":\"Gara\u017c do parkowania i majsterkowania | GARDEON\",\"isPartOf\":{\"@id\":\"https:\\\/\\\/gardeon.pl\\\/#website\"},\"primaryImageOfPage\":{\"@id\":\"https:\\\/\\\/gardeon.pl\\\/pl\\\/blog\\\/garaz-do-parkowania-i-majsterkowania\\\/#primaryimage\"},\"image\":{\"@id\":\"https:\\\/\\\/gardeon.pl\\\/pl\\\/blog\\\/garaz-do-parkowania-i-majsterkowania\\\/#primaryimage\"},\"thumbnailUrl\":\"https:\\\/\\\/gardeon.pl\\\/wp-content\\\/uploads\\\/2021\\\/10\\\/gardeon-vnutro-5-1.webp\",\"datePublished\":\"2026-04-23T15:42:35+00:00\",\"dateModified\":\"2026-04-23T16:44:23+00:00\",\"author\":{\"@id\":\"https:\\\/\\\/gardeon.pl\\\/#\\\/schema\\\/person\\\/a5762ca5f0790bf92774af0899379463\"},\"breadcrumb\":{\"@id\":\"https:\\\/\\\/gardeon.pl\\\/pl\\\/blog\\\/garaz-do-parkowania-i-majsterkowania\\\/#breadcrumb\"},\"inLanguage\":\"pl-PL\",\"potentialAction\":[{\"@type\":\"ReadAction\",\"target\":[\"https:\\\/\\\/gardeon.pl\\\/pl\\\/blog\\\/garaz-do-parkowania-i-majsterkowania\\\/\"]}]},{\"@type\":\"ImageObject\",\"inLanguage\":\"pl-PL\",\"@id\":\"https:\\\/\\\/gardeon.pl\\\/pl\\\/blog\\\/garaz-do-parkowania-i-majsterkowania\\\/#primaryimage\",\"url\":\"https:\\\/\\\/gardeon.pl\\\/wp-content\\\/uploads\\\/2021\\\/10\\\/gardeon-vnutro-5-1.webp\",\"contentUrl\":\"https:\\\/\\\/gardeon.pl\\\/wp-content\\\/uploads\\\/2021\\\/10\\\/gardeon-vnutro-5-1.webp\",\"width\":2000,\"height\":1333,\"caption\":\"Narz\u0119dzia zawieszone w gara\u017cu.\"},{\"@type\":\"BreadcrumbList\",\"@id\":\"https:\\\/\\\/gardeon.pl\\\/pl\\\/blog\\\/garaz-do-parkowania-i-majsterkowania\\\/#breadcrumb\",\"itemListElement\":[{\"@type\":\"ListItem\",\"position\":1,\"name\":\"Domov\",\"item\":\"https:\\\/\\\/gardeon.pl\\\/pl\\\/\"},{\"@type\":\"ListItem\",\"position\":2,\"name\":\"Gara\u017c do parkowania i majsterkowania\"}]},{\"@type\":\"WebSite\",\"@id\":\"https:\\\/\\\/gardeon.pl\\\/#website\",\"url\":\"https:\\\/\\\/gardeon.pl\\\/\",\"name\":\"GARDEON\",\"description\":\"\",\"potentialAction\":[{\"@type\":\"SearchAction\",\"target\":{\"@type\":\"EntryPoint\",\"urlTemplate\":\"https:\\\/\\\/gardeon.pl\\\/?s={search_term_string}\"},\"query-input\":{\"@type\":\"PropertyValueSpecification\",\"valueRequired\":true,\"valueName\":\"search_term_string\"}}],\"inLanguage\":\"pl-PL\"},{\"@type\":\"Person\",\"@id\":\"https:\\\/\\\/gardeon.pl\\\/#\\\/schema\\\/person\\\/a5762ca5f0790bf92774af0899379463\",\"name\":\"editor\",\"image\":{\"@type\":\"ImageObject\",\"inLanguage\":\"pl-PL\",\"@id\":\"https:\\\/\\\/secure.gravatar.com\\\/avatar\\\/2b748151c2c748327307fd289a91b3bdafdd9e64e2d000e65e53d6dcf11c5830?s=96&d=mm&r=g\",\"url\":\"https:\\\/\\\/secure.gravatar.com\\\/avatar\\\/2b748151c2c748327307fd289a91b3bdafdd9e64e2d000e65e53d6dcf11c5830?s=96&d=mm&r=g\",\"contentUrl\":\"https:\\\/\\\/secure.gravatar.com\\\/avatar\\\/2b748151c2c748327307fd289a91b3bdafdd9e64e2d000e65e53d6dcf11c5830?s=96&d=mm&r=g\",\"caption\":\"editor\"}}]}<\/script>\n<!-- \/ Yoast SEO plugin. -->","yoast_head_json":{"title":"Gara\u017c do parkowania i majsterkowania | GARDEON","robots":{"index":"index","follow":"follow","max-snippet":"max-snippet:-1","max-image-preview":"max-image-preview:large","max-video-preview":"max-video-preview:-1"},"canonical":"https:\/\/gardeon.pl\/pl\/blog\/garaz-do-parkowania-i-majsterkowania\/","og_locale":"pl_PL","og_type":"article","og_title":"Gara\u017c do parkowania i majsterkowania | GARDEON","og_description":"Gara\u017c ka\u017cdy z nas wyobra\u017ca sobie inaczej. Zazwyczaj jest to miejsce, gdzie parkujemy samoch\u00f3d w wolnym czasie. Niekt\u00f3rzy wykorzystuj\u0105 gara\u017c do ochrony ro\u015blin zewn\u0119trznych przed mrozem. Inni z kolei jako magazyn narz\u0119dzi ogrodowych. A co oznacza gara\u017c dla majsterkowicz\u00f3w? Dla majsterkowicz\u00f3w to kr\u00f3lestwo pracy i pok\u00f3j relaksacyjny w jednym.","og_url":"https:\/\/gardeon.pl\/pl\/blog\/garaz-do-parkowania-i-majsterkowania\/","og_site_name":"GARDEON","article_published_time":"2026-04-23T15:42:35+00:00","article_modified_time":"2026-04-23T16:44:23+00:00","og_image":[{"width":2000,"height":1333,"url":"http:\/\/gardeon.pl\/wp-content\/uploads\/2021\/10\/gardeon-vnutro-5-1.webp","type":"image\/webp"}],"author":"editor","twitter_card":"summary_large_image","twitter_misc":{"Napisane przez":"editor","Szacowany czas czytania":"1 minuta"},"schema":{"@context":"https:\/\/schema.org","@graph":[{"@type":"Article","@id":"https:\/\/gardeon.pl\/pl\/blog\/garaz-do-parkowania-i-majsterkowania\/#article","isPartOf":{"@id":"https:\/\/gardeon.pl\/pl\/blog\/garaz-do-parkowania-i-majsterkowania\/"},"author":{"name":"editor","@id":"https:\/\/gardeon.pl\/#\/schema\/person\/a5762ca5f0790bf92774af0899379463"},"headline":"Gara\u017c do parkowania i majsterkowania","datePublished":"2026-04-23T15:42:35+00:00","dateModified":"2026-04-23T16:44:23+00:00","mainEntityOfPage":{"@id":"https:\/\/gardeon.pl\/pl\/blog\/garaz-do-parkowania-i-majsterkowania\/"},"wordCount":137,"commentCount":0,"image":{"@id":"https:\/\/gardeon.pl\/pl\/blog\/garaz-do-parkowania-i-majsterkowania\/#primaryimage"},"thumbnailUrl":"https:\/\/gardeon.pl\/wp-content\/uploads\/2021\/10\/gardeon-vnutro-5-1.webp","keywords":["gara\u017c","gara\u017c dwustanowiskowy","gara\u017c montowany","GARDEON","majsterkowanie w gara\u017cu","parkowanie w gara\u017cu","warsztat"],"articleSection":["Gara\u017ce blaszane","Jak to zrobi\u0107 \u2013 gara\u017ce | DIY"],"inLanguage":"pl-PL","potentialAction":[{"@type":"CommentAction","name":"Comment","target":["https:\/\/gardeon.pl\/pl\/blog\/garaz-do-parkowania-i-majsterkowania\/#respond"]}]},{"@type":"WebPage","@id":"https:\/\/gardeon.pl\/pl\/blog\/garaz-do-parkowania-i-majsterkowania\/","url":"https:\/\/gardeon.pl\/pl\/blog\/garaz-do-parkowania-i-majsterkowania\/","name":"Gara\u017c do parkowania i majsterkowania | GARDEON","isPartOf":{"@id":"https:\/\/gardeon.pl\/#website"},"primaryImageOfPage":{"@id":"https:\/\/gardeon.pl\/pl\/blog\/garaz-do-parkowania-i-majsterkowania\/#primaryimage"},"image":{"@id":"https:\/\/gardeon.pl\/pl\/blog\/garaz-do-parkowania-i-majsterkowania\/#primaryimage"},"thumbnailUrl":"https:\/\/gardeon.pl\/wp-content\/uploads\/2021\/10\/gardeon-vnutro-5-1.webp","datePublished":"2026-04-23T15:42:35+00:00","dateModified":"2026-04-23T16:44:23+00:00","author":{"@id":"https:\/\/gardeon.pl\/#\/schema\/person\/a5762ca5f0790bf92774af0899379463"},"breadcrumb":{"@id":"https:\/\/gardeon.pl\/pl\/blog\/garaz-do-parkowania-i-majsterkowania\/#breadcrumb"},"inLanguage":"pl-PL","potentialAction":[{"@type":"ReadAction","target":["https:\/\/gardeon.pl\/pl\/blog\/garaz-do-parkowania-i-majsterkowania\/"]}]},{"@type":"ImageObject","inLanguage":"pl-PL","@id":"https:\/\/gardeon.pl\/pl\/blog\/garaz-do-parkowania-i-majsterkowania\/#primaryimage","url":"https:\/\/gardeon.pl\/wp-content\/uploads\/2021\/10\/gardeon-vnutro-5-1.webp","contentUrl":"https:\/\/gardeon.pl\/wp-content\/uploads\/2021\/10\/gardeon-vnutro-5-1.webp","width":2000,"height":1333,"caption":"Narz\u0119dzia zawieszone w gara\u017cu."},{"@type":"BreadcrumbList","@id":"https:\/\/gardeon.pl\/pl\/blog\/garaz-do-parkowania-i-majsterkowania\/#breadcrumb","itemListElement":[{"@type":"ListItem","position":1,"name":"Domov","item":"https:\/\/gardeon.pl\/pl\/"},{"@type":"ListItem","position":2,"name":"Gara\u017c do parkowania i majsterkowania"}]},{"@type":"WebSite","@id":"https:\/\/gardeon.pl\/#website","url":"https:\/\/gardeon.pl\/","name":"GARDEON","description":"","potentialAction":[{"@type":"SearchAction","target":{"@type":"EntryPoint","urlTemplate":"https:\/\/gardeon.pl\/?s={search_term_string}"},"query-input":{"@type":"PropertyValueSpecification","valueRequired":true,"valueName":"search_term_string"}}],"inLanguage":"pl-PL"},{"@type":"Person","@id":"https:\/\/gardeon.pl\/#\/schema\/person\/a5762ca5f0790bf92774af0899379463","name":"editor","image":{"@type":"ImageObject","inLanguage":"pl-PL","@id":"https:\/\/secure.gravatar.com\/avatar\/2b748151c2c748327307fd289a91b3bdafdd9e64e2d000e65e53d6dcf11c5830?s=96&d=mm&r=g","url":"https:\/\/secure.gravatar.com\/avatar\/2b748151c2c748327307fd289a91b3bdafdd9e64e2d000e65e53d6dcf11c5830?s=96&d=mm&r=g","contentUrl":"https:\/\/secure.gravatar.com\/avatar\/2b748151c2c748327307fd289a91b3bdafdd9e64e2d000e65e53d6dcf11c5830?s=96&d=mm&r=g","caption":"editor"}}]}},"_links":{"self":[{"href":"https:\/\/gardeon.pl\/pl\/wp-json\/wp\/v2\/posts\/48076","targetHints":{"allow":["GET"]}}],"collection":[{"href":"https:\/\/gardeon.pl\/pl\/wp-json\/wp\/v2\/posts"}],"about":[{"href":"https:\/\/gardeon.pl\/pl\/wp-json\/wp\/v2\/types\/post"}],"author":[{"embeddable":true,"href":"https:\/\/gardeon.pl\/pl\/wp-json\/wp\/v2\/users\/2"}],"replies":[{"embeddable":true,"href":"https:\/\/gardeon.pl\/pl\/wp-json\/wp\/v2\/comments?post=48076"}],"version-history":[{"count":0,"href":"https:\/\/gardeon.pl\/pl\/wp-json\/wp\/v2\/posts\/48076\/revisions"}],"wp:featuredmedia":[{"embeddable":true,"href":"https:\/\/gardeon.pl\/pl\/wp-json\/wp\/v2\/media\/44751"}],"wp:attachment":[{"href":"https:\/\/gardeon.pl\/pl\/wp-json\/wp\/v2\/media?parent=48076"}],"wp:term":[{"taxonomy":"category","embeddable":true,"href":"https:\/\/gardeon.pl\/pl\/wp-json\/wp\/v2\/categories?post=48076"},{"taxonomy":"post_tag","embeddable":true,"href":"https:\/\/gardeon.pl\/pl\/wp-json\/wp\/v2\/tags?post=48076"}],"curies":[{"name":"wp","href":"https:\/\/api.w.org\/{rel}","templated":true}]}}