{"id":48077,"date":"2026-04-23T17:42:35","date_gmt":"2026-04-23T15:42:35","guid":{"rendered":"https:\/\/gardeon.pl\/blog\/montazowa-wiata-gardeon-dla-tesli\/"},"modified":"2026-04-23T18:44:23","modified_gmt":"2026-04-23T16:44:23","slug":"montazowa-wiata-gardeon-dla-tesli","status":"publish","type":"post","link":"https:\/\/gardeon.pl\/pl\/blog\/montazowa-wiata-gardeon-dla-tesli\/","title":{"rendered":"Monta\u017cowa wiata GARDEON dla Tesli"},"content":{"rendered":"<p><span style=\"font-weight: 400;\">O samochodach elektrycznych pisali\u015bmy ju\u017c sporo w poprzednich wpisach \u2013 jak dzia\u0142aj\u0105, jakie oszcz\u0119dno\u015bci mo\u017cna dzi\u0119ki nim osi\u0105gn\u0105\u0107, opisali\u015bmy r\u00f3\u017cne zalety i wady tej ekologicznej formy jazdy. Dzi\u015b prezentujemy Pa\u0144stwu <\/span><a href=\"http:\/\/gardeon.pl\/pristresky\/gardeon\/jedno-auto\/\"><span style=\"font-weight: 400;\">zadaszenie GARDEON<\/span><\/a><span style=\"font-weight: 400;\">, dzi\u0119ki kt\u00f3remu nawet Tesla mo\u017ce by\u0107 niezawodnie chroniona przed gor\u0105cym s\u0142o\u0144cem, mro\u017anym \u015bniegiem i nieprzyjemnym deszczem!<\/span><!--more--><\/p>\n","protected":false},"excerpt":{"rendered":"<p>O samochodach elektrycznych pisali\u015bmy ju\u017c sporo w poprzednich wpisach \u2013 jak dzia\u0142aj\u0105, jakie oszcz\u0119dno\u015bci mo\u017cna dzi\u0119ki nim osi\u0105gn\u0105\u0107, opisali\u015bmy r\u00f3\u017cne zalety i wady tej ekologicznej formy jazdy. Dzi\u015b prezentujemy Pa\u0144stwu zadaszenie GARDEON, dzi\u0119ki kt\u00f3remu nawet Tesla mo\u017ce by\u0107 niezawodnie chroniona przed gor\u0105cym s\u0142o\u0144cem, mro\u017anym \u015bniegiem i nieprzyjemnym deszczem!<\/p>\n","protected":false},"author":2,"featured_media":44279,"comment_status":"open","ping_status":"open","sticky":false,"template":"","format":"standard","meta":{"_acf_changed":false,"inline_featured_image":false,"footnotes":""},"categories":[593],"tags":[932,579,935,627,937,936],"class_list":["post-48077","post","type-post","status-publish","format-standard","has-post-thumbnail","hentry","category-aktualnosci","tag-drewniane-wypelnienia","tag-gardeon","tag-tesla","tag-wiata","tag-wiata-dla-tesli","tag-wypelnienia"],"acf":[],"yoast_head":"<!-- This site is optimized with the Yoast SEO plugin v27.4 - https:\/\/yoast.com\/product\/yoast-seo-wordpress\/ -->\n<title>Monta\u017cowa wiata GARDEON dla Tesli | GARDEON<\/title>\n<meta name=\"robots\" content=\"index, follow, max-snippet:-1, max-image-preview:large, max-video-preview:-1\" \/>\n<link rel=\"canonical\" href=\"https:\/\/gardeon.pl\/pl\/blog\/montazowa-wiata-gardeon-dla-tesli\/\" \/>\n<meta property=\"og:locale\" content=\"pl_PL\" \/>\n<meta property=\"og:type\" content=\"article\" \/>\n<meta property=\"og:title\" content=\"Monta\u017cowa wiata GARDEON dla Tesli | GARDEON\" \/>\n<meta property=\"og:description\" content=\"O samochodach elektrycznych pisali\u015bmy ju\u017c sporo w poprzednich wpisach \u2013 jak dzia\u0142aj\u0105, jakie oszcz\u0119dno\u015bci mo\u017cna dzi\u0119ki nim osi\u0105gn\u0105\u0107, opisali\u015bmy r\u00f3\u017cne zalety i wady tej ekologicznej formy jazdy. Dzi\u015b prezentujemy Pa\u0144stwu zadaszenie GARDEON, dzi\u0119ki kt\u00f3remu nawet Tesla mo\u017ce by\u0107 niezawodnie chroniona przed gor\u0105cym s\u0142o\u0144cem, mro\u017anym \u015bniegiem i nieprzyjemnym deszczem!\" \/>\n<meta property=\"og:url\" content=\"https:\/\/gardeon.pl\/pl\/blog\/montazowa-wiata-gardeon-dla-tesli\/\" \/>\n<meta property=\"og:site_name\" content=\"GARDEON\" \/>\n<meta property=\"article:published_time\" content=\"2026-04-23T15:42:35+00:00\" \/>\n<meta property=\"article:modified_time\" content=\"2026-04-23T16:44:23+00:00\" \/>\n<meta property=\"og:image\" content=\"http:\/\/gardeon.pl\/wp-content\/uploads\/2022\/04\/gardeon-pristresok-pre-teslu-1-1.webp\" \/>\n\t<meta property=\"og:image:width\" content=\"1000\" \/>\n\t<meta property=\"og:image:height\" content=\"750\" \/>\n\t<meta property=\"og:image:type\" content=\"image\/webp\" \/>\n<meta name=\"author\" content=\"editor\" \/>\n<meta name=\"twitter:card\" content=\"summary_large_image\" \/>\n<meta name=\"twitter:label1\" content=\"Napisane przez\" \/>\n\t<meta name=\"twitter:data1\" content=\"editor\" \/>\n<script type=\"application\/ld+json\" class=\"yoast-schema-graph\">{\"@context\":\"https:\\\/\\\/schema.org\",\"@graph\":[{\"@type\":\"Article\",\"@id\":\"https:\\\/\\\/gardeon.pl\\\/pl\\\/blog\\\/montazowa-wiata-gardeon-dla-tesli\\\/#article\",\"isPartOf\":{\"@id\":\"https:\\\/\\\/gardeon.pl\\\/pl\\\/blog\\\/montazowa-wiata-gardeon-dla-tesli\\\/\"},\"author\":{\"name\":\"editor\",\"@id\":\"https:\\\/\\\/gardeon.pl\\\/#\\\/schema\\\/person\\\/a5762ca5f0790bf92774af0899379463\"},\"headline\":\"Monta\u017cowa wiata GARDEON dla Tesli\",\"datePublished\":\"2026-04-23T15:42:35+00:00\",\"dateModified\":\"2026-04-23T16:44:23+00:00\",\"mainEntityOfPage\":{\"@id\":\"https:\\\/\\\/gardeon.pl\\\/pl\\\/blog\\\/montazowa-wiata-gardeon-dla-tesli\\\/\"},\"wordCount\":70,\"commentCount\":0,\"image\":{\"@id\":\"https:\\\/\\\/gardeon.pl\\\/pl\\\/blog\\\/montazowa-wiata-gardeon-dla-tesli\\\/#primaryimage\"},\"thumbnailUrl\":\"https:\\\/\\\/gardeon.pl\\\/wp-content\\\/uploads\\\/2022\\\/04\\\/gardeon-pristresok-pre-teslu-1-1.webp\",\"keywords\":[\"drewniane wype\u0142nienia\",\"GARDEON\",\"tesla\",\"wiata\",\"wiata dla Tesli\",\"wype\u0142nienia\"],\"articleSection\":[\"Aktualno\u015bci\"],\"inLanguage\":\"pl-PL\",\"potentialAction\":[{\"@type\":\"CommentAction\",\"name\":\"Comment\",\"target\":[\"https:\\\/\\\/gardeon.pl\\\/pl\\\/blog\\\/montazowa-wiata-gardeon-dla-tesli\\\/#respond\"]}]},{\"@type\":\"WebPage\",\"@id\":\"https:\\\/\\\/gardeon.pl\\\/pl\\\/blog\\\/montazowa-wiata-gardeon-dla-tesli\\\/\",\"url\":\"https:\\\/\\\/gardeon.pl\\\/pl\\\/blog\\\/montazowa-wiata-gardeon-dla-tesli\\\/\",\"name\":\"Monta\u017cowa wiata GARDEON dla Tesli | GARDEON\",\"isPartOf\":{\"@id\":\"https:\\\/\\\/gardeon.pl\\\/#website\"},\"primaryImageOfPage\":{\"@id\":\"https:\\\/\\\/gardeon.pl\\\/pl\\\/blog\\\/montazowa-wiata-gardeon-dla-tesli\\\/#primaryimage\"},\"image\":{\"@id\":\"https:\\\/\\\/gardeon.pl\\\/pl\\\/blog\\\/montazowa-wiata-gardeon-dla-tesli\\\/#primaryimage\"},\"thumbnailUrl\":\"https:\\\/\\\/gardeon.pl\\\/wp-content\\\/uploads\\\/2022\\\/04\\\/gardeon-pristresok-pre-teslu-1-1.webp\",\"datePublished\":\"2026-04-23T15:42:35+00:00\",\"dateModified\":\"2026-04-23T16:44:23+00:00\",\"author\":{\"@id\":\"https:\\\/\\\/gardeon.pl\\\/#\\\/schema\\\/person\\\/a5762ca5f0790bf92774af0899379463\"},\"breadcrumb\":{\"@id\":\"https:\\\/\\\/gardeon.pl\\\/pl\\\/blog\\\/montazowa-wiata-gardeon-dla-tesli\\\/#breadcrumb\"},\"inLanguage\":\"pl-PL\",\"potentialAction\":[{\"@type\":\"ReadAction\",\"target\":[\"https:\\\/\\\/gardeon.pl\\\/pl\\\/blog\\\/montazowa-wiata-gardeon-dla-tesli\\\/\"]}]},{\"@type\":\"ImageObject\",\"inLanguage\":\"pl-PL\",\"@id\":\"https:\\\/\\\/gardeon.pl\\\/pl\\\/blog\\\/montazowa-wiata-gardeon-dla-tesli\\\/#primaryimage\",\"url\":\"https:\\\/\\\/gardeon.pl\\\/wp-content\\\/uploads\\\/2022\\\/04\\\/gardeon-pristresok-pre-teslu-1-1.webp\",\"contentUrl\":\"https:\\\/\\\/gardeon.pl\\\/wp-content\\\/uploads\\\/2022\\\/04\\\/gardeon-pristresok-pre-teslu-1-1.webp\",\"width\":1000,\"height\":750,\"caption\":\"Klienci z monterem przed wiat\u0105 dla Tesli\"},{\"@type\":\"BreadcrumbList\",\"@id\":\"https:\\\/\\\/gardeon.pl\\\/pl\\\/blog\\\/montazowa-wiata-gardeon-dla-tesli\\\/#breadcrumb\",\"itemListElement\":[{\"@type\":\"ListItem\",\"position\":1,\"name\":\"Domov\",\"item\":\"https:\\\/\\\/gardeon.pl\\\/pl\\\/\"},{\"@type\":\"ListItem\",\"position\":2,\"name\":\"Monta\u017cowa wiata GARDEON dla Tesli\"}]},{\"@type\":\"WebSite\",\"@id\":\"https:\\\/\\\/gardeon.pl\\\/#website\",\"url\":\"https:\\\/\\\/gardeon.pl\\\/\",\"name\":\"GARDEON\",\"description\":\"\",\"potentialAction\":[{\"@type\":\"SearchAction\",\"target\":{\"@type\":\"EntryPoint\",\"urlTemplate\":\"https:\\\/\\\/gardeon.pl\\\/?s={search_term_string}\"},\"query-input\":{\"@type\":\"PropertyValueSpecification\",\"valueRequired\":true,\"valueName\":\"search_term_string\"}}],\"inLanguage\":\"pl-PL\"},{\"@type\":\"Person\",\"@id\":\"https:\\\/\\\/gardeon.pl\\\/#\\\/schema\\\/person\\\/a5762ca5f0790bf92774af0899379463\",\"name\":\"editor\",\"image\":{\"@type\":\"ImageObject\",\"inLanguage\":\"pl-PL\",\"@id\":\"https:\\\/\\\/secure.gravatar.com\\\/avatar\\\/2b748151c2c748327307fd289a91b3bdafdd9e64e2d000e65e53d6dcf11c5830?s=96&d=mm&r=g\",\"url\":\"https:\\\/\\\/secure.gravatar.com\\\/avatar\\\/2b748151c2c748327307fd289a91b3bdafdd9e64e2d000e65e53d6dcf11c5830?s=96&d=mm&r=g\",\"contentUrl\":\"https:\\\/\\\/secure.gravatar.com\\\/avatar\\\/2b748151c2c748327307fd289a91b3bdafdd9e64e2d000e65e53d6dcf11c5830?s=96&d=mm&r=g\",\"caption\":\"editor\"}}]}<\/script>\n<!-- \/ Yoast SEO plugin. -->","yoast_head_json":{"title":"Monta\u017cowa wiata GARDEON dla Tesli | GARDEON","robots":{"index":"index","follow":"follow","max-snippet":"max-snippet:-1","max-image-preview":"max-image-preview:large","max-video-preview":"max-video-preview:-1"},"canonical":"https:\/\/gardeon.pl\/pl\/blog\/montazowa-wiata-gardeon-dla-tesli\/","og_locale":"pl_PL","og_type":"article","og_title":"Monta\u017cowa wiata GARDEON dla Tesli | GARDEON","og_description":"O samochodach elektrycznych pisali\u015bmy ju\u017c sporo w poprzednich wpisach \u2013 jak dzia\u0142aj\u0105, jakie oszcz\u0119dno\u015bci mo\u017cna dzi\u0119ki nim osi\u0105gn\u0105\u0107, opisali\u015bmy r\u00f3\u017cne zalety i wady tej ekologicznej formy jazdy. Dzi\u015b prezentujemy Pa\u0144stwu zadaszenie GARDEON, dzi\u0119ki kt\u00f3remu nawet Tesla mo\u017ce by\u0107 niezawodnie chroniona przed gor\u0105cym s\u0142o\u0144cem, mro\u017anym \u015bniegiem i nieprzyjemnym deszczem!","og_url":"https:\/\/gardeon.pl\/pl\/blog\/montazowa-wiata-gardeon-dla-tesli\/","og_site_name":"GARDEON","article_published_time":"2026-04-23T15:42:35+00:00","article_modified_time":"2026-04-23T16:44:23+00:00","og_image":[{"width":1000,"height":750,"url":"http:\/\/gardeon.pl\/wp-content\/uploads\/2022\/04\/gardeon-pristresok-pre-teslu-1-1.webp","type":"image\/webp"}],"author":"editor","twitter_card":"summary_large_image","twitter_misc":{"Napisane przez":"editor"},"schema":{"@context":"https:\/\/schema.org","@graph":[{"@type":"Article","@id":"https:\/\/gardeon.pl\/pl\/blog\/montazowa-wiata-gardeon-dla-tesli\/#article","isPartOf":{"@id":"https:\/\/gardeon.pl\/pl\/blog\/montazowa-wiata-gardeon-dla-tesli\/"},"author":{"name":"editor","@id":"https:\/\/gardeon.pl\/#\/schema\/person\/a5762ca5f0790bf92774af0899379463"},"headline":"Monta\u017cowa wiata GARDEON dla Tesli","datePublished":"2026-04-23T15:42:35+00:00","dateModified":"2026-04-23T16:44:23+00:00","mainEntityOfPage":{"@id":"https:\/\/gardeon.pl\/pl\/blog\/montazowa-wiata-gardeon-dla-tesli\/"},"wordCount":70,"commentCount":0,"image":{"@id":"https:\/\/gardeon.pl\/pl\/blog\/montazowa-wiata-gardeon-dla-tesli\/#primaryimage"},"thumbnailUrl":"https:\/\/gardeon.pl\/wp-content\/uploads\/2022\/04\/gardeon-pristresok-pre-teslu-1-1.webp","keywords":["drewniane wype\u0142nienia","GARDEON","tesla","wiata","wiata dla Tesli","wype\u0142nienia"],"articleSection":["Aktualno\u015bci"],"inLanguage":"pl-PL","potentialAction":[{"@type":"CommentAction","name":"Comment","target":["https:\/\/gardeon.pl\/pl\/blog\/montazowa-wiata-gardeon-dla-tesli\/#respond"]}]},{"@type":"WebPage","@id":"https:\/\/gardeon.pl\/pl\/blog\/montazowa-wiata-gardeon-dla-tesli\/","url":"https:\/\/gardeon.pl\/pl\/blog\/montazowa-wiata-gardeon-dla-tesli\/","name":"Monta\u017cowa wiata GARDEON dla Tesli | GARDEON","isPartOf":{"@id":"https:\/\/gardeon.pl\/#website"},"primaryImageOfPage":{"@id":"https:\/\/gardeon.pl\/pl\/blog\/montazowa-wiata-gardeon-dla-tesli\/#primaryimage"},"image":{"@id":"https:\/\/gardeon.pl\/pl\/blog\/montazowa-wiata-gardeon-dla-tesli\/#primaryimage"},"thumbnailUrl":"https:\/\/gardeon.pl\/wp-content\/uploads\/2022\/04\/gardeon-pristresok-pre-teslu-1-1.webp","datePublished":"2026-04-23T15:42:35+00:00","dateModified":"2026-04-23T16:44:23+00:00","author":{"@id":"https:\/\/gardeon.pl\/#\/schema\/person\/a5762ca5f0790bf92774af0899379463"},"breadcrumb":{"@id":"https:\/\/gardeon.pl\/pl\/blog\/montazowa-wiata-gardeon-dla-tesli\/#breadcrumb"},"inLanguage":"pl-PL","potentialAction":[{"@type":"ReadAction","target":["https:\/\/gardeon.pl\/pl\/blog\/montazowa-wiata-gardeon-dla-tesli\/"]}]},{"@type":"ImageObject","inLanguage":"pl-PL","@id":"https:\/\/gardeon.pl\/pl\/blog\/montazowa-wiata-gardeon-dla-tesli\/#primaryimage","url":"https:\/\/gardeon.pl\/wp-content\/uploads\/2022\/04\/gardeon-pristresok-pre-teslu-1-1.webp","contentUrl":"https:\/\/gardeon.pl\/wp-content\/uploads\/2022\/04\/gardeon-pristresok-pre-teslu-1-1.webp","width":1000,"height":750,"caption":"Klienci z monterem przed wiat\u0105 dla Tesli"},{"@type":"BreadcrumbList","@id":"https:\/\/gardeon.pl\/pl\/blog\/montazowa-wiata-gardeon-dla-tesli\/#breadcrumb","itemListElement":[{"@type":"ListItem","position":1,"name":"Domov","item":"https:\/\/gardeon.pl\/pl\/"},{"@type":"ListItem","position":2,"name":"Monta\u017cowa wiata GARDEON dla Tesli"}]},{"@type":"WebSite","@id":"https:\/\/gardeon.pl\/#website","url":"https:\/\/gardeon.pl\/","name":"GARDEON","description":"","potentialAction":[{"@type":"SearchAction","target":{"@type":"EntryPoint","urlTemplate":"https:\/\/gardeon.pl\/?s={search_term_string}"},"query-input":{"@type":"PropertyValueSpecification","valueRequired":true,"valueName":"search_term_string"}}],"inLanguage":"pl-PL"},{"@type":"Person","@id":"https:\/\/gardeon.pl\/#\/schema\/person\/a5762ca5f0790bf92774af0899379463","name":"editor","image":{"@type":"ImageObject","inLanguage":"pl-PL","@id":"https:\/\/secure.gravatar.com\/avatar\/2b748151c2c748327307fd289a91b3bdafdd9e64e2d000e65e53d6dcf11c5830?s=96&d=mm&r=g","url":"https:\/\/secure.gravatar.com\/avatar\/2b748151c2c748327307fd289a91b3bdafdd9e64e2d000e65e53d6dcf11c5830?s=96&d=mm&r=g","contentUrl":"https:\/\/secure.gravatar.com\/avatar\/2b748151c2c748327307fd289a91b3bdafdd9e64e2d000e65e53d6dcf11c5830?s=96&d=mm&r=g","caption":"editor"}}]}},"_links":{"self":[{"href":"https:\/\/gardeon.pl\/pl\/wp-json\/wp\/v2\/posts\/48077","targetHints":{"allow":["GET"]}}],"collection":[{"href":"https:\/\/gardeon.pl\/pl\/wp-json\/wp\/v2\/posts"}],"about":[{"href":"https:\/\/gardeon.pl\/pl\/wp-json\/wp\/v2\/types\/post"}],"author":[{"embeddable":true,"href":"https:\/\/gardeon.pl\/pl\/wp-json\/wp\/v2\/users\/2"}],"replies":[{"embeddable":true,"href":"https:\/\/gardeon.pl\/pl\/wp-json\/wp\/v2\/comments?post=48077"}],"version-history":[{"count":0,"href":"https:\/\/gardeon.pl\/pl\/wp-json\/wp\/v2\/posts\/48077\/revisions"}],"wp:featuredmedia":[{"embeddable":true,"href":"https:\/\/gardeon.pl\/pl\/wp-json\/wp\/v2\/media\/44279"}],"wp:attachment":[{"href":"https:\/\/gardeon.pl\/pl\/wp-json\/wp\/v2\/media?parent=48077"}],"wp:term":[{"taxonomy":"category","embeddable":true,"href":"https:\/\/gardeon.pl\/pl\/wp-json\/wp\/v2\/categories?post=48077"},{"taxonomy":"post_tag","embeddable":true,"href":"https:\/\/gardeon.pl\/pl\/wp-json\/wp\/v2\/tags?post=48077"}],"curies":[{"name":"wp","href":"https:\/\/api.w.org\/{rel}","templated":true}]}}