{"id":48091,"date":"2026-04-23T17:42:36","date_gmt":"2026-04-23T15:42:36","guid":{"rendered":"https:\/\/gardeon.pl\/blog\/domek-ogrodowy-25-x-298-m\/"},"modified":"2026-04-23T18:44:23","modified_gmt":"2026-04-23T16:44:23","slug":"domek-ogrodowy-25-x-298-m","status":"publish","type":"post","link":"https:\/\/gardeon.pl\/pl\/blog\/domek-ogrodowy-25-x-298-m\/","title":{"rendered":"Domek ogrodowy 2,5 x 2,98 m"},"content":{"rendered":"<h2>Jak to wszystko si\u0119 zacz\u0119\u0142o?<\/h2>\n<p><span style=\"font-weight: 400;\">Pan Hol\u00fabek skontaktowa\u0142 si\u0119 z nami na pocz\u0105tku roku z informacj\u0105, \u017ce chcia\u0142by wymieni\u0107 sw\u00f3j drewniany domek \u2013 z kt\u00f3rego nie jest zadowolony \u2013 na nasz bezobs\u0142ugowy domek ogrodowy GARDEON. Poniewa\u017c wcze\u015bniej zrealizowali\u015bmy gara\u017c dla jego ojca i mia\u0142 z nami pozytywne do\u015bwiadczenia, pan Hol\u00fabek wiedzia\u0142, \u017ce nie pope\u0142ni b\u0142\u0119du. Na podstawie jego potrzeb zaproponowali\u015bmy mu mniejszy domek ogrodowy z ocieplonym dachem. Domek ogrodowy postawili\u015bmy wiosn\u0105, na wcze\u015bniej przygotowanym pod\u0142o\u017cu, kt\u00f3re stanowi betonowy wieniec.   <\/span><\/p>\n<h3>Recenzja tu\u017c po monta\u017cu<\/h3>\n<p><img loading=\"lazy\" decoding=\"async\" class=\"aligncenter wp-image-27890\" src=\"http:\/\/gardeon.pl\/wp-content\/uploads\/2020\/09\/recenzia-gardeon-4.png\" alt=\"Recenzja GARDEON\" width=\"800\" height=\"638\" srcset=\"https:\/\/gardeon.pl\/wp-content\/uploads\/2020\/09\/recenzia-gardeon-4.png 1088w, https:\/\/gardeon.pl\/wp-content\/uploads\/2020\/09\/recenzia-gardeon-4-300x239.png 300w, https:\/\/gardeon.pl\/wp-content\/uploads\/2020\/09\/recenzia-gardeon-4-1024x817.png 1024w, https:\/\/gardeon.pl\/wp-content\/uploads\/2020\/09\/recenzia-gardeon-4-768x613.png 768w\" sizes=\"auto, (max-width: 800px) 100vw, 800px\" \/><\/p>\n<h2><b>A<\/b> jakie s\u0105 ich wra\u017cenia po up\u0142ywie czasu?<\/h2>\n<p><i><span style=\"font-weight: 400;\">\u201eDomek s\u0142u\u017cy inaczej, ni\u017c by\u0142o to planowane, jednak teraz zdecydowaliby\u015bmy si\u0119 na wi\u0119kszy (poniewa\u017c rzeczy do przechowywania jest coraz wi\u0119cej)&#8230; Jak dot\u0105d nie mieli\u015bmy \u017cadnych problem\u00f3w z domkiem. Jedyna drobna uwaga dotyczy drzwi \u2013 u nas cz\u0119sto mocno wieje, a je\u015bli drzwi nie s\u0105 zamkni\u0119te na klucz, si\u0142a wiatru czasem je otwiera (j\u0119zyk zamka ich nie utrzymuje), a drgania o przeciwleg\u0142\u0105 \u015bcian\u0119 powoduj\u0105, \u017ce zawieszone rzeczy wewn\u0105trz domku spadaj\u0105 ze \u015bcian. Prawdopodobnie wystarczy\u0142oby umie\u015bci\u0107 za drzwiami gumowy blok, aby zapobiec drganiom.\u201d  <\/span><\/i><\/p>\n<h3>Zdj\u0119cia cz\u0119\u015bci zewn\u0119trznej<\/h3>\n<p><img loading=\"lazy\" decoding=\"async\" class=\"aligncenter size-full wp-image-27892\" src=\"http:\/\/gardeon.pl\/wp-content\/uploads\/2020\/09\/GARDEON-foto-od-zakaznikov-35.jpg\" alt=\"Domek ogrodowy w bia\u0142ym tynku\" width=\"800\" height=\"600\" srcset=\"https:\/\/gardeon.pl\/wp-content\/uploads\/2020\/09\/GARDEON-foto-od-zakaznikov-35.jpg 800w, https:\/\/gardeon.pl\/wp-content\/uploads\/2020\/09\/GARDEON-foto-od-zakaznikov-35-300x225.jpg 300w, https:\/\/gardeon.pl\/wp-content\/uploads\/2020\/09\/GARDEON-foto-od-zakaznikov-35-768x576.jpg 768w\" sizes=\"auto, (max-width: 800px) 100vw, 800px\" \/><\/p>\n<p><img loading=\"lazy\" decoding=\"async\" class=\"aligncenter size-full wp-image-27894\" src=\"http:\/\/gardeon.pl\/wp-content\/uploads\/2020\/09\/GARDEON-foto-od-zakaznikov-34.jpg\" alt=\"Domek ogrodowy na miejscu parkingowym dla samochodu\" width=\"800\" height=\"600\" srcset=\"https:\/\/gardeon.pl\/wp-content\/uploads\/2020\/09\/GARDEON-foto-od-zakaznikov-34.jpg 800w, https:\/\/gardeon.pl\/wp-content\/uploads\/2020\/09\/GARDEON-foto-od-zakaznikov-34-300x225.jpg 300w, https:\/\/gardeon.pl\/wp-content\/uploads\/2020\/09\/GARDEON-foto-od-zakaznikov-34-768x576.jpg 768w\" sizes=\"auto, (max-width: 800px) 100vw, 800px\" \/><\/p>\n<p><img loading=\"lazy\" decoding=\"async\" class=\"aligncenter size-full wp-image-27896\" src=\"http:\/\/gardeon.pl\/wp-content\/uploads\/2020\/09\/GARDEON-foto-od-zakaznikov-33.jpg\" alt=\"Tylna \u015bciana domku ogrodowego\" width=\"800\" height=\"600\" srcset=\"https:\/\/gardeon.pl\/wp-content\/uploads\/2020\/09\/GARDEON-foto-od-zakaznikov-33.jpg 800w, https:\/\/gardeon.pl\/wp-content\/uploads\/2020\/09\/GARDEON-foto-od-zakaznikov-33-300x225.jpg 300w, https:\/\/gardeon.pl\/wp-content\/uploads\/2020\/09\/GARDEON-foto-od-zakaznikov-33-768x576.jpg 768w\" sizes=\"auto, (max-width: 800px) 100vw, 800px\" \/><\/p>\n<h2>Podsumowanie<\/h2>\n<ul>\n<li style=\"font-weight: 400;\" aria-level=\"1\"><span style=\"font-weight: 400;\">czas budowy \u2013 2 godziny<\/span><\/li>\n<li style=\"font-weight: 400;\" aria-level=\"1\"><span style=\"font-weight: 400;\">wymiar domku ogrodowego \u2013 2 500 x 2 980 mm<\/span><\/li>\n<li style=\"font-weight: 400;\" aria-level=\"1\"><span style=\"font-weight: 400;\">ekskluzywne wyposa\u017cenie \u2013 ocieplony dach<\/span><\/li>\n<li style=\"font-weight: 400;\" aria-level=\"1\"><span style=\"font-weight: 400;\">cena domku ogrodowego w momencie zam\u00f3wienia \u2013 ok. 90 720 K\u010d z VAT<\/span><\/li>\n<\/ul>\n<p><span style=\"font-weight: 400;\"> <\/span><\/p>\n<h3 style=\"text-align: center;\">Za opini\u0119 zwrotn\u0105 i zdj\u0119cia dzi\u0119kujemy panu Hol\u00fabkowi :)<\/h3>\n","protected":false},"excerpt":{"rendered":"<p>Jak to wszystko si\u0119 zacz\u0119\u0142o? Pan Hol\u00fabek skontaktowa\u0142 si\u0119 z nami na pocz\u0105tku roku z informacj\u0105, \u017ce chcia\u0142by wymieni\u0107 sw\u00f3j drewniany domek \u2013 z kt\u00f3rego nie jest zadowolony \u2013 na nasz bezobs\u0142ugowy domek ogrodowy GARDEON. Poniewa\u017c wcze\u015bniej zrealizowali\u015bmy gara\u017c dla jego ojca i mia\u0142 z nami pozytywne do\u015bwiadczenia, pan Hol\u00fabek wiedzia\u0142, \u017ce nie pope\u0142ni b\u0142\u0119du. [&hellip;]<\/p>\n","protected":false},"author":2,"featured_media":48095,"comment_status":"open","ping_status":"open","sticky":false,"template":"","format":"standard","meta":{"_acf_changed":false,"inline_featured_image":false,"footnotes":""},"categories":[717,716],"tags":[],"class_list":["post-48091","post","type-post","status-publish","format-standard","has-post-thumbnail","hentry","category-domki-ogrodowe-2","category-jak-sie-zyje-z-gardeon"],"acf":[],"yoast_head":"<!-- This site is optimized with the Yoast SEO plugin v27.4 - https:\/\/yoast.com\/product\/yoast-seo-wordpress\/ -->\n<title>Domek ogrodowy 2,5 x 2,98 m | GARDEON<\/title>\n<meta name=\"robots\" content=\"index, follow, max-snippet:-1, max-image-preview:large, max-video-preview:-1\" \/>\n<link rel=\"canonical\" href=\"https:\/\/gardeon.pl\/pl\/blog\/domek-ogrodowy-25-x-298-m\/\" \/>\n<meta property=\"og:locale\" content=\"pl_PL\" \/>\n<meta property=\"og:type\" content=\"article\" \/>\n<meta property=\"og:title\" content=\"Domek ogrodowy 2,5 x 2,98 m | GARDEON\" \/>\n<meta property=\"og:description\" content=\"Jak to wszystko si\u0119 zacz\u0119\u0142o? Pan Hol\u00fabek skontaktowa\u0142 si\u0119 z nami na pocz\u0105tku roku z informacj\u0105, \u017ce chcia\u0142by wymieni\u0107 sw\u00f3j drewniany domek \u2013 z kt\u00f3rego nie jest zadowolony \u2013 na nasz bezobs\u0142ugowy domek ogrodowy GARDEON. Poniewa\u017c wcze\u015bniej zrealizowali\u015bmy gara\u017c dla jego ojca i mia\u0142 z nami pozytywne do\u015bwiadczenia, pan Hol\u00fabek wiedzia\u0142, \u017ce nie pope\u0142ni b\u0142\u0119du. [&hellip;]\" \/>\n<meta property=\"og:url\" content=\"https:\/\/gardeon.pl\/pl\/blog\/domek-ogrodowy-25-x-298-m\/\" \/>\n<meta property=\"og:site_name\" content=\"GARDEON\" \/>\n<meta property=\"article:published_time\" content=\"2026-04-23T15:42:36+00:00\" \/>\n<meta property=\"article:modified_time\" content=\"2026-04-23T16:44:23+00:00\" \/>\n<meta property=\"og:image\" content=\"http:\/\/gardeon.pl\/wp-content\/uploads\/2020\/09\/GARDEON-foto-od-zakaznikov-34.jpg\" \/>\n\t<meta property=\"og:image:width\" content=\"800\" \/>\n\t<meta property=\"og:image:height\" content=\"600\" \/>\n\t<meta property=\"og:image:type\" content=\"image\/jpeg\" \/>\n<meta name=\"author\" content=\"editor\" \/>\n<meta name=\"twitter:card\" content=\"summary_large_image\" \/>\n<meta name=\"twitter:label1\" content=\"Napisane przez\" \/>\n\t<meta name=\"twitter:data1\" content=\"editor\" \/>\n\t<meta name=\"twitter:label2\" content=\"Szacowany czas czytania\" \/>\n\t<meta name=\"twitter:data2\" content=\"1 minuta\" \/>\n<script type=\"application\/ld+json\" class=\"yoast-schema-graph\">{\"@context\":\"https:\\\/\\\/schema.org\",\"@graph\":[{\"@type\":\"Article\",\"@id\":\"https:\\\/\\\/gardeon.pl\\\/pl\\\/blog\\\/domek-ogrodowy-25-x-298-m\\\/#article\",\"isPartOf\":{\"@id\":\"https:\\\/\\\/gardeon.pl\\\/pl\\\/blog\\\/domek-ogrodowy-25-x-298-m\\\/\"},\"author\":{\"name\":\"editor\",\"@id\":\"https:\\\/\\\/gardeon.pl\\\/#\\\/schema\\\/person\\\/a5762ca5f0790bf92774af0899379463\"},\"headline\":\"Domek ogrodowy 2,5 x 2,98 m\",\"datePublished\":\"2026-04-23T15:42:36+00:00\",\"dateModified\":\"2026-04-23T16:44:23+00:00\",\"mainEntityOfPage\":{\"@id\":\"https:\\\/\\\/gardeon.pl\\\/pl\\\/blog\\\/domek-ogrodowy-25-x-298-m\\\/\"},\"wordCount\":254,\"commentCount\":0,\"image\":{\"@id\":\"https:\\\/\\\/gardeon.pl\\\/pl\\\/blog\\\/domek-ogrodowy-25-x-298-m\\\/#primaryimage\"},\"thumbnailUrl\":\"https:\\\/\\\/gardeon.pl\\\/wp-content\\\/uploads\\\/2020\\\/09\\\/GARDEON-foto-od-zakaznikov-34.jpg\",\"articleSection\":[\"Domki ogrodowe\",\"Jak si\u0119 \u017cyje z GARDEON\"],\"inLanguage\":\"pl-PL\",\"potentialAction\":[{\"@type\":\"CommentAction\",\"name\":\"Comment\",\"target\":[\"https:\\\/\\\/gardeon.pl\\\/pl\\\/blog\\\/domek-ogrodowy-25-x-298-m\\\/#respond\"]}]},{\"@type\":\"WebPage\",\"@id\":\"https:\\\/\\\/gardeon.pl\\\/pl\\\/blog\\\/domek-ogrodowy-25-x-298-m\\\/\",\"url\":\"https:\\\/\\\/gardeon.pl\\\/pl\\\/blog\\\/domek-ogrodowy-25-x-298-m\\\/\",\"name\":\"Domek ogrodowy 2,5 x 2,98 m | GARDEON\",\"isPartOf\":{\"@id\":\"https:\\\/\\\/gardeon.pl\\\/#website\"},\"primaryImageOfPage\":{\"@id\":\"https:\\\/\\\/gardeon.pl\\\/pl\\\/blog\\\/domek-ogrodowy-25-x-298-m\\\/#primaryimage\"},\"image\":{\"@id\":\"https:\\\/\\\/gardeon.pl\\\/pl\\\/blog\\\/domek-ogrodowy-25-x-298-m\\\/#primaryimage\"},\"thumbnailUrl\":\"https:\\\/\\\/gardeon.pl\\\/wp-content\\\/uploads\\\/2020\\\/09\\\/GARDEON-foto-od-zakaznikov-34.jpg\",\"datePublished\":\"2026-04-23T15:42:36+00:00\",\"dateModified\":\"2026-04-23T16:44:23+00:00\",\"author\":{\"@id\":\"https:\\\/\\\/gardeon.pl\\\/#\\\/schema\\\/person\\\/a5762ca5f0790bf92774af0899379463\"},\"breadcrumb\":{\"@id\":\"https:\\\/\\\/gardeon.pl\\\/pl\\\/blog\\\/domek-ogrodowy-25-x-298-m\\\/#breadcrumb\"},\"inLanguage\":\"pl-PL\",\"potentialAction\":[{\"@type\":\"ReadAction\",\"target\":[\"https:\\\/\\\/gardeon.pl\\\/pl\\\/blog\\\/domek-ogrodowy-25-x-298-m\\\/\"]}]},{\"@type\":\"ImageObject\",\"inLanguage\":\"pl-PL\",\"@id\":\"https:\\\/\\\/gardeon.pl\\\/pl\\\/blog\\\/domek-ogrodowy-25-x-298-m\\\/#primaryimage\",\"url\":\"https:\\\/\\\/gardeon.pl\\\/wp-content\\\/uploads\\\/2020\\\/09\\\/GARDEON-foto-od-zakaznikov-34.jpg\",\"contentUrl\":\"https:\\\/\\\/gardeon.pl\\\/wp-content\\\/uploads\\\/2020\\\/09\\\/GARDEON-foto-od-zakaznikov-34.jpg\",\"width\":800,\"height\":600,\"caption\":\"Domek ogrodowy na miejscu parkingowym dla samochodu\"},{\"@type\":\"BreadcrumbList\",\"@id\":\"https:\\\/\\\/gardeon.pl\\\/pl\\\/blog\\\/domek-ogrodowy-25-x-298-m\\\/#breadcrumb\",\"itemListElement\":[{\"@type\":\"ListItem\",\"position\":1,\"name\":\"Domov\",\"item\":\"https:\\\/\\\/gardeon.pl\\\/pl\\\/\"},{\"@type\":\"ListItem\",\"position\":2,\"name\":\"Domek ogrodowy 2,5 x 2,98 m\"}]},{\"@type\":\"WebSite\",\"@id\":\"https:\\\/\\\/gardeon.pl\\\/#website\",\"url\":\"https:\\\/\\\/gardeon.pl\\\/\",\"name\":\"GARDEON\",\"description\":\"\",\"potentialAction\":[{\"@type\":\"SearchAction\",\"target\":{\"@type\":\"EntryPoint\",\"urlTemplate\":\"https:\\\/\\\/gardeon.pl\\\/?s={search_term_string}\"},\"query-input\":{\"@type\":\"PropertyValueSpecification\",\"valueRequired\":true,\"valueName\":\"search_term_string\"}}],\"inLanguage\":\"pl-PL\"},{\"@type\":\"Person\",\"@id\":\"https:\\\/\\\/gardeon.pl\\\/#\\\/schema\\\/person\\\/a5762ca5f0790bf92774af0899379463\",\"name\":\"editor\",\"image\":{\"@type\":\"ImageObject\",\"inLanguage\":\"pl-PL\",\"@id\":\"https:\\\/\\\/secure.gravatar.com\\\/avatar\\\/2b748151c2c748327307fd289a91b3bdafdd9e64e2d000e65e53d6dcf11c5830?s=96&d=mm&r=g\",\"url\":\"https:\\\/\\\/secure.gravatar.com\\\/avatar\\\/2b748151c2c748327307fd289a91b3bdafdd9e64e2d000e65e53d6dcf11c5830?s=96&d=mm&r=g\",\"contentUrl\":\"https:\\\/\\\/secure.gravatar.com\\\/avatar\\\/2b748151c2c748327307fd289a91b3bdafdd9e64e2d000e65e53d6dcf11c5830?s=96&d=mm&r=g\",\"caption\":\"editor\"}}]}<\/script>\n<!-- \/ Yoast SEO plugin. -->","yoast_head_json":{"title":"Domek ogrodowy 2,5 x 2,98 m | GARDEON","robots":{"index":"index","follow":"follow","max-snippet":"max-snippet:-1","max-image-preview":"max-image-preview:large","max-video-preview":"max-video-preview:-1"},"canonical":"https:\/\/gardeon.pl\/pl\/blog\/domek-ogrodowy-25-x-298-m\/","og_locale":"pl_PL","og_type":"article","og_title":"Domek ogrodowy 2,5 x 2,98 m | GARDEON","og_description":"Jak to wszystko si\u0119 zacz\u0119\u0142o? Pan Hol\u00fabek skontaktowa\u0142 si\u0119 z nami na pocz\u0105tku roku z informacj\u0105, \u017ce chcia\u0142by wymieni\u0107 sw\u00f3j drewniany domek \u2013 z kt\u00f3rego nie jest zadowolony \u2013 na nasz bezobs\u0142ugowy domek ogrodowy GARDEON. Poniewa\u017c wcze\u015bniej zrealizowali\u015bmy gara\u017c dla jego ojca i mia\u0142 z nami pozytywne do\u015bwiadczenia, pan Hol\u00fabek wiedzia\u0142, \u017ce nie pope\u0142ni b\u0142\u0119du. [&hellip;]","og_url":"https:\/\/gardeon.pl\/pl\/blog\/domek-ogrodowy-25-x-298-m\/","og_site_name":"GARDEON","article_published_time":"2026-04-23T15:42:36+00:00","article_modified_time":"2026-04-23T16:44:23+00:00","og_image":[{"width":800,"height":600,"url":"http:\/\/gardeon.pl\/wp-content\/uploads\/2020\/09\/GARDEON-foto-od-zakaznikov-34.jpg","type":"image\/jpeg"}],"author":"editor","twitter_card":"summary_large_image","twitter_misc":{"Napisane przez":"editor","Szacowany czas czytania":"1 minuta"},"schema":{"@context":"https:\/\/schema.org","@graph":[{"@type":"Article","@id":"https:\/\/gardeon.pl\/pl\/blog\/domek-ogrodowy-25-x-298-m\/#article","isPartOf":{"@id":"https:\/\/gardeon.pl\/pl\/blog\/domek-ogrodowy-25-x-298-m\/"},"author":{"name":"editor","@id":"https:\/\/gardeon.pl\/#\/schema\/person\/a5762ca5f0790bf92774af0899379463"},"headline":"Domek ogrodowy 2,5 x 2,98 m","datePublished":"2026-04-23T15:42:36+00:00","dateModified":"2026-04-23T16:44:23+00:00","mainEntityOfPage":{"@id":"https:\/\/gardeon.pl\/pl\/blog\/domek-ogrodowy-25-x-298-m\/"},"wordCount":254,"commentCount":0,"image":{"@id":"https:\/\/gardeon.pl\/pl\/blog\/domek-ogrodowy-25-x-298-m\/#primaryimage"},"thumbnailUrl":"https:\/\/gardeon.pl\/wp-content\/uploads\/2020\/09\/GARDEON-foto-od-zakaznikov-34.jpg","articleSection":["Domki ogrodowe","Jak si\u0119 \u017cyje z GARDEON"],"inLanguage":"pl-PL","potentialAction":[{"@type":"CommentAction","name":"Comment","target":["https:\/\/gardeon.pl\/pl\/blog\/domek-ogrodowy-25-x-298-m\/#respond"]}]},{"@type":"WebPage","@id":"https:\/\/gardeon.pl\/pl\/blog\/domek-ogrodowy-25-x-298-m\/","url":"https:\/\/gardeon.pl\/pl\/blog\/domek-ogrodowy-25-x-298-m\/","name":"Domek ogrodowy 2,5 x 2,98 m | GARDEON","isPartOf":{"@id":"https:\/\/gardeon.pl\/#website"},"primaryImageOfPage":{"@id":"https:\/\/gardeon.pl\/pl\/blog\/domek-ogrodowy-25-x-298-m\/#primaryimage"},"image":{"@id":"https:\/\/gardeon.pl\/pl\/blog\/domek-ogrodowy-25-x-298-m\/#primaryimage"},"thumbnailUrl":"https:\/\/gardeon.pl\/wp-content\/uploads\/2020\/09\/GARDEON-foto-od-zakaznikov-34.jpg","datePublished":"2026-04-23T15:42:36+00:00","dateModified":"2026-04-23T16:44:23+00:00","author":{"@id":"https:\/\/gardeon.pl\/#\/schema\/person\/a5762ca5f0790bf92774af0899379463"},"breadcrumb":{"@id":"https:\/\/gardeon.pl\/pl\/blog\/domek-ogrodowy-25-x-298-m\/#breadcrumb"},"inLanguage":"pl-PL","potentialAction":[{"@type":"ReadAction","target":["https:\/\/gardeon.pl\/pl\/blog\/domek-ogrodowy-25-x-298-m\/"]}]},{"@type":"ImageObject","inLanguage":"pl-PL","@id":"https:\/\/gardeon.pl\/pl\/blog\/domek-ogrodowy-25-x-298-m\/#primaryimage","url":"https:\/\/gardeon.pl\/wp-content\/uploads\/2020\/09\/GARDEON-foto-od-zakaznikov-34.jpg","contentUrl":"https:\/\/gardeon.pl\/wp-content\/uploads\/2020\/09\/GARDEON-foto-od-zakaznikov-34.jpg","width":800,"height":600,"caption":"Domek ogrodowy na miejscu parkingowym dla samochodu"},{"@type":"BreadcrumbList","@id":"https:\/\/gardeon.pl\/pl\/blog\/domek-ogrodowy-25-x-298-m\/#breadcrumb","itemListElement":[{"@type":"ListItem","position":1,"name":"Domov","item":"https:\/\/gardeon.pl\/pl\/"},{"@type":"ListItem","position":2,"name":"Domek ogrodowy 2,5 x 2,98 m"}]},{"@type":"WebSite","@id":"https:\/\/gardeon.pl\/#website","url":"https:\/\/gardeon.pl\/","name":"GARDEON","description":"","potentialAction":[{"@type":"SearchAction","target":{"@type":"EntryPoint","urlTemplate":"https:\/\/gardeon.pl\/?s={search_term_string}"},"query-input":{"@type":"PropertyValueSpecification","valueRequired":true,"valueName":"search_term_string"}}],"inLanguage":"pl-PL"},{"@type":"Person","@id":"https:\/\/gardeon.pl\/#\/schema\/person\/a5762ca5f0790bf92774af0899379463","name":"editor","image":{"@type":"ImageObject","inLanguage":"pl-PL","@id":"https:\/\/secure.gravatar.com\/avatar\/2b748151c2c748327307fd289a91b3bdafdd9e64e2d000e65e53d6dcf11c5830?s=96&d=mm&r=g","url":"https:\/\/secure.gravatar.com\/avatar\/2b748151c2c748327307fd289a91b3bdafdd9e64e2d000e65e53d6dcf11c5830?s=96&d=mm&r=g","contentUrl":"https:\/\/secure.gravatar.com\/avatar\/2b748151c2c748327307fd289a91b3bdafdd9e64e2d000e65e53d6dcf11c5830?s=96&d=mm&r=g","caption":"editor"}}]}},"_links":{"self":[{"href":"https:\/\/gardeon.pl\/pl\/wp-json\/wp\/v2\/posts\/48091","targetHints":{"allow":["GET"]}}],"collection":[{"href":"https:\/\/gardeon.pl\/pl\/wp-json\/wp\/v2\/posts"}],"about":[{"href":"https:\/\/gardeon.pl\/pl\/wp-json\/wp\/v2\/types\/post"}],"author":[{"embeddable":true,"href":"https:\/\/gardeon.pl\/pl\/wp-json\/wp\/v2\/users\/2"}],"replies":[{"embeddable":true,"href":"https:\/\/gardeon.pl\/pl\/wp-json\/wp\/v2\/comments?post=48091"}],"version-history":[{"count":0,"href":"https:\/\/gardeon.pl\/pl\/wp-json\/wp\/v2\/posts\/48091\/revisions"}],"wp:featuredmedia":[{"embeddable":true,"href":"https:\/\/gardeon.pl\/pl\/wp-json\/wp\/v2\/media\/48095"}],"wp:attachment":[{"href":"https:\/\/gardeon.pl\/pl\/wp-json\/wp\/v2\/media?parent=48091"}],"wp:term":[{"taxonomy":"category","embeddable":true,"href":"https:\/\/gardeon.pl\/pl\/wp-json\/wp\/v2\/categories?post=48091"},{"taxonomy":"post_tag","embeddable":true,"href":"https:\/\/gardeon.pl\/pl\/wp-json\/wp\/v2\/tags?post=48091"}],"curies":[{"name":"wp","href":"https:\/\/api.w.org\/{rel}","templated":true}]}}